{"id":156227,"date":"2026-04-24T09:32:43","date_gmt":"2026-04-24T07:32:43","guid":{"rendered":"https:\/\/www.cgfmanet.org\/info-sphere\/maria-vergine-fedele-sostiene-la-nostra-fedelta-circolare-n-1058\/"},"modified":"2026-04-24T22:35:10","modified_gmt":"2026-04-24T20:35:10","slug":"marie-vierge-fidele-soutient-notre-fidelite-circulaire-n-1058","status":"publish","type":"post","link":"https:\/\/www.cgfmanet.org\/fr\/ifma-fr\/charisme-salesien\/marie-vierge-fidele-soutient-notre-fidelite-circulaire-n-1058\/","title":{"rendered":"Marie, Vierge fid\u00e8le, soutient notre fid\u00e9lit\u00e9 \u2013 Circulaire n\u00b0 1058"},"content":{"rendered":"<p><strong>Rome (Italie).<\/strong> La Sup\u00e9rieure g\u00e9n\u00e9rale de l\u2019Institut des Filles de Marie Auxiliatrice, M\u00e8re Chiara Cazzuola, rejoint ses s\u0153urs en cette p\u00e9riode pascale, o\u00f9 la liturgie <em>\u00ab nous soutient dans les motivations profondes de notre vocation de consacr\u00e9es et de sal\u00e9siennes \u00bb,<\/em> par une r\u00e9flexion sur la fid\u00e9lit\u00e9, en proposant <em>\u00ab de nous laisser inspirer par Marie : sa fid\u00e9lit\u00e9 soutient notre fid\u00e9lit\u00e9 \u00bb.<\/em><\/p>\n<h3><strong>Avec Marie, premi\u00e8re disciple et missionnaire<\/strong><\/h3>\n<p>La M\u00e8re rappelle le moment de la cons\u00e9cration \u00e0 Marie Auxiliatrice que, en tant qu\u2019Institut \u00ab tout de Marie \u00bb, les FMA ont l\u2019habitude de prier ensemble chaque matin et \u00e0 travers laquelle on demande <em>\u00ab de soutenir notre fid\u00e9lit\u00e9, surtout \u00e0 l\u2019heure de l\u2019\u00e9preuve \u00bb<\/em> \u00e0 Elle, qui a su \u00ab rester \u00bb aux c\u00f4t\u00e9s de J\u00e9sus, au pied de la croix, sans reculer. C\u2019est une image qui <em>\u00ab \u00e9voque la stabilit\u00e9, une pr\u00e9sence digne et forte dans l\u2019amour. Elle nous parle de savoir \u00ab rester \u00bb dans les situations d\u2019\u00e9preuve, dans une proximit\u00e9 fid\u00e8le \u00e0 J\u00e9sus qui souffre et donne sa vie pour le salut du monde \u00bb.<\/em><\/p>\n<p>Un autre aspect charismatique fondamental, qui exprime une dimension de \u00ab l\u2019\u00eatre pr\u00e9sent \u00bb, est <strong>l\u2019esprit missionnaire<\/strong>, qui <em>\u00ab d\u00e9coule du projet m\u00eame de salut des jeunes que Dieu a confi\u00e9 \u00e0 Don Bosco et \u00e0 M\u00e8re Mazzarello et qu\u2019il nous confie aujourd\u2019hui \u00bb,<\/em> et qui s\u2019incarne dans l\u2019accueil des jeunes, en \u00ab \u00e9tant pr\u00e9sent \u00bb pr\u00e9cis\u00e9ment \u00e0 leurs c\u00f4t\u00e9s. <em>\u00ab Dans cet engagement, nous nous confrontons \u00e0 Marie, la Vierge fid\u00e8le par excellence, celle qui a dit \u00ab oui \u00bb avec foi au projet de Dieu dans sa vie, m\u00eame si elle ne le comprenait pas \u00bb, <\/em>souligne la M\u00e8re.<\/p>\n<h3><strong>Marie, source d\u2019inspiration et aide<\/strong><\/h3>\n<p>Au sein de sa grande Famille, compos\u00e9e de diff\u00e9rents groupes, <em>\u00ab Don Bosco a voulu que notre Institut ait une empreinte fortement mariale \u00bb<\/em>, confiant aux Filles de Marie Auxiliatrice <em>\u00ab la t\u00e2che sp\u00e9cifique d\u2019exprimer, au sein de la Famille sal\u00e9sienne, la maternit\u00e9 de Marie et de vivre la fid\u00e9lit\u00e9 en nous inspirant d\u2019elle comme Aide et comme \u00e9ducatrice-\u00e9vang\u00e9lisatrice \u00bb<\/em>, avec l\u2019attitude et les modalit\u00e9s exprim\u00e9es dans l\u2019article 4 des Constitutions.<\/p>\n<p>C\u2019est une t\u00e2che qui, par vocation, interpelle chaque FMA <em>\u00ab \u00e0 revivre aujourd\u2019hui le don total de Marie \u00e0 Dieu, en tant qu\u2019Aide et missionnaire toujours en chemin \u00bb,<\/em> dans un dynamisme bien \u00e9voqu\u00e9 par l\u2019image de Marie Auxiliatrice, voulue par Don Bosco et peinte par Tommaso Lorenzone dans le grand tableau de la Basilique de Turin, d\u00e9crite en d\u00e9tail par le Saint dans l\u2019un de ses livres, o\u00f9 il fait ressortir que la v\u00e9ritable valeur de l\u2019\u0153uvre \u2013 au-del\u00e0 de celle artistique \u2013 est de susciter la d\u00e9votion dans le c\u0153ur de quiconque l\u2019admire.<\/p>\n<p><em>\u00ab Marie incarne le dynamisme d\u2019amour d\u2019une maternit\u00e9 attentionn\u00e9e, qui prend soin de ses enfants, anticipant souvent la r\u00e9ponse \u00e0 leurs besoins. En regardant Marie \u2013 comme nous l\u2019a enseign\u00e9 le pape Fran\u00e7ois \u2013 \u00ab nous recommen\u00e7ons \u00e0 croire en la force r\u00e9volutionnaire de la tendresse et de l\u2019affection \u00bb, <\/em>souligne M\u00e8re Chiara en citant un passage de l\u2019Evangelii Gaudium, la premi\u00e8re exhortation apostolique du Souverain Pontife qui, depuis maintenant un an, a rejoint le ciel.<\/p>\n<p>Marie est une M\u00e8re \u00e0 la fois tendre et forte : <em>\u00ab elle soutient la communion dans l\u2019\u00c9glise naissante et enseigne aux premiers croyants la fid\u00e9lit\u00e9 \u00e0 la suite de J\u00e9sus. C\u2019est pr\u00e9cis\u00e9ment au pied de la croix qu\u2019elle accepte de prendre soin de nous \u00bb<\/em>, en tissant des liens et en ouvrant la voie \u00e0 <em>\u00ab un style relationnel fond\u00e9 sur la douceur, la confiance, le courage et l\u2019audace de vivre la mission et de regarder l\u2019avenir avec foi \u00bb.<\/em><\/p>\n<h3><strong>Fid\u00e8les \u00e0 notre vocation : fid\u00e8les \u00e0 Dieu, notre bien-aim\u00e9<\/strong><\/h3>\n<p>Dans la derni\u00e8re partie de la Circulaire, la M\u00e8re approfondit la fid\u00e9lit\u00e9 en tant que vertu fortement mise \u00e0 l\u2019\u00e9preuve par la <em>\u00ab culture actuelle du provisoire \u00bb<\/em> \u2013 qui influence les choix vocationnels et la vie religieuse elle-m\u00eame \u2013 et qui, pourtant, <em>\u00ab est indispensable dans les relations humaines et dans la vie consacr\u00e9e \u00bb.<\/em> En effet, la fid\u00e9lit\u00e9, <em>\u00ab v\u00e9cue avec amour et g\u00e9n\u00e9rosit\u00e9, nous permet de \u00ab demeurer \u00bb fermes dans l\u2019amour de Dieu et responsables dans notre r\u00e9ponse \u00e0 Son appel unique et toujours nouveau \u00bb<\/em> (cf. C 103).<\/p>\n<p>Reconnaissant que <em>\u00ab la fid\u00e9lit\u00e9 ne soit pas une conqu\u00eate facile ni bon march\u00e9 \u00bb,<\/em> car <em>\u00ab elle exige une conscience profonde des motivations initiales de notre r\u00e9ponse au Seigneur \u00bb<\/em> et <em>\u00ab nous engage dans un cheminement continu de conversion, o\u00f9 il n\u2019y a pas de place pour la m\u00e9diocrit\u00e9 \u00bb,<\/em> l\u2019article 8 des Constitutions met l\u2019accent sur l\u2019adverbe \u00ab supr\u00eamement \u00bb, qui fait toute la diff\u00e9rence dans le cheminement de la suite du Christ :<\/p>\n<p><em>\u00ab Se donner \u00e0 Dieu \u201csupr\u00eamement aim\u00e9\u201d nous projette constamment hors de nous-m\u00eames, nous aide \u00e0 go\u00fbter la beaut\u00e9 de la vie fraternelle qui devient partage et soutien r\u00e9ciproque, pr\u00e9serve la fid\u00e9lit\u00e9 personnelle et donne de la f\u00e9condit\u00e9 \u00e0 la mission commune \u00bb.<\/em><\/p>\n<p>\u00c0 partir du verset de l\u2019\u00c9vangile de Marc \u2013 <em>\u00ab Ce peuple m\u2019honore des l\u00e8vres, mais son c\u0153ur est loin de moi \u00bb<\/em> (Mc 7,6) \u2013 M\u00e8re Chiara propose ensuite une petite piste de r\u00e9flexion sur la fid\u00e9lit\u00e9, en laissant quelques questions en suspens :<\/p>\n<p><strong><em>Face aux formes de malaise, de d\u00e9tresse qui touchent aussi nos communaut\u00e9s et ternissent la cr\u00e9dibilit\u00e9 de notre cons\u00e9cration, je me demande : que nous manque-t-il pour vivre une fid\u00e9lit\u00e9 joyeuse ?<\/em><\/strong><\/p>\n<p><strong><em>Pourquoi, parfois, m\u00eame apr\u00e8s tant d\u2019ann\u00e9es de vie consacr\u00e9e et d\u2019exp\u00e9riences apostoliques f\u00e9condes, perdons-nous l\u2019enthousiasme et la fra\u00eecheur de notre r\u00e9ponse au Seigneur ?<\/em><\/strong><\/p>\n<p><strong><em>Essayons de nous demander : qui cherche notre c\u0153ur ? Quelles pens\u00e9es et quels d\u00e9sirs occupent le plus profond de notre c\u0153ur et sur lesquels nous attardons-nous ?<\/em><\/strong><\/p>\n<p>La M\u00e8re voit dans le <em>\u00ab retour au premier amour \u00bb<\/em>, dans la relation d\u2019intimit\u00e9 avec le Seigneur, l\u2019antidote au <em>\u00ab risque de ne pas \u00eatre fid\u00e8les \u00e0 notre identit\u00e9 charismatique sp\u00e9cifique, en r\u00e9duisant la r\u00e9alisation de la mission uniquement \u00e0 des \u0153uvres et \u00e0 des activit\u00e9s de promotion humaine \u00bb.<\/em><\/p>\n<p>Elle propose donc \u00e0 nouveau le <em>\u00ab chemin s\u00fbr de la saintet\u00e9 que nous parcourons chaque jour avec les jeunes \u00bb<\/em>, comme le rappelle l\u2019article 5 des Constitutions, un <em>chemin \u00ab que nous voulons poursuivre ensemble et que Marie Auxiliatrice nous aide \u00e0 \u00eatre des \u00e9tincelles d\u2019espoir, en offrant des gestes d\u2019humanit\u00e9 aux personnes que nous rencontrons et qui se trouvent dans le besoin \u00bb. <\/em>Enfin, tournant sa pens\u00e9e vers la situation actuelle, elle exprime le d\u00e9sir de <em>\u00ab rejoindre en particulier, par notre pri\u00e8re et notre offrande quotidienne, les enfants, les jeunes et les familles qui souffrent en ce moment \u00e0 cause des guerres, d\u2019autres formes de violence et d\u2019injustices inacceptables \u00bb.<\/em><\/p>\n<p>M\u00e8re Chiara termine la Circulaire en confiant \u00e0 Marie, M\u00e8re de l\u2019\u00c9glise et de l\u2019humanit\u00e9, <strong><em>\u00ab le pape L\u00e9on XIV qui, avec courage et amour pour la v\u00e9rit\u00e9 de l\u2019\u00c9vangile, invoque la paix pour toute la famille humaine.<\/em><\/strong><em> Qu\u2019elle, la Vierge des temps difficiles, le soutienne, le r\u00e9conforte, lui donne la joie d\u2019\u00eatre, en ce temps, un fid\u00e8le h\u00e9raut de J\u00e9sus qui nous dit encore aujourd\u2019hui : \u00ab Heureux les artisans de paix \u00bb.<\/em><\/p>\n<p><span style=\"color: #0000ff;\"><a style=\"color: #0000ff;\" href=\"https:\/\/drive.google.com\/file\/d\/1arfuPUSI6OrcqNQVeaMPeF7KrNxqnuM-\/view?usp=drive_link\" target=\"_blank\" rel=\"noopener\"><strong>Circulaire n\u00b0 1058<\/strong><\/a><\/span><\/p>\n","protected":false},"excerpt":{"rendered":"<p>Rome (Italie). La Sup\u00e9rieure g\u00e9n\u00e9rale de l\u2019Institut des Filles de Marie Auxiliatrice, M\u00e8re Chiara Cazzuola, rejoint ses s\u0153urs en cette p\u00e9riode pascale, o\u00f9 la liturgie \u00ab nous soutient dans les [&hellip;]<\/p>\n","protected":false},"author":21,"featured_media":156222,"comment_status":"open","ping_status":"closed","sticky":false,"template":"","format":"standard","meta":{"footnotes":""},"categories":[164,156],"tags":[369,1660,1929,2236,2377,2382],"class_list":["post-156227","post","type-post","status-publish","format-standard","has-post-thumbnail","category-charisme-salesien","category-ifma-fr","tag-mere-generale","tag-spiritualita-salesiana-fr","tag-focus-fr","tag-circolare-fr","tag-madre-chiara-cazzuola-fr","tag-maria-fr"],"yoast_head":"<!-- This site is optimized with the Yoast SEO plugin v27.4 - https:\/\/yoast.com\/product\/yoast-seo-wordpress\/ -->\n<title>Marie, Vierge fid\u00e8le, soutient notre fid\u00e9lit\u00e9 \u2013 Circulaire n\u00b0 1058 &#8226; Istituto Figlie di Maria Ausiliatrice<\/title>\n<meta name=\"description\" content=\"La Sup\u00e9rieure g\u00e9n\u00e9rale de l\u2019Institut FMA, M\u00e8re Chiara Cazzuola, propose dans la Circulaire n\u00b0 1058 une r\u00e9flexion sur la fid\u00e9lit\u00e9 de Marie qui soutient la fid\u00e9lit\u00e9 de chaque FMA.\" \/>\n<meta name=\"robots\" content=\"index, follow, max-snippet:-1, max-image-preview:large, max-video-preview:-1\" \/>\n<link rel=\"canonical\" href=\"https:\/\/www.cgfmanet.org\/fr\/ifma-fr\/charisme-salesien\/marie-vierge-fidele-soutient-notre-fidelite-circulaire-n-1058\/\" \/>\n<meta property=\"og:locale\" content=\"fr_FR\" \/>\n<meta property=\"og:type\" content=\"article\" \/>\n<meta property=\"og:title\" content=\"Marie, Vierge fid\u00e8le, soutient notre fid\u00e9lit\u00e9 \u2013 Circulaire n\u00b0 1058 &#8226; Istituto Figlie di Maria Ausiliatrice\" \/>\n<meta property=\"og:description\" content=\"La Sup\u00e9rieure g\u00e9n\u00e9rale de l\u2019Institut FMA, M\u00e8re Chiara Cazzuola, propose dans la Circulaire n\u00b0 1058 une r\u00e9flexion sur la fid\u00e9lit\u00e9 de Marie qui soutient la fid\u00e9lit\u00e9 de chaque FMA.\" \/>\n<meta property=\"og:url\" content=\"https:\/\/www.cgfmanet.org\/fr\/ifma-fr\/charisme-salesien\/marie-vierge-fidele-soutient-notre-fidelite-circulaire-n-1058\/\" \/>\n<meta property=\"og:site_name\" content=\"Istituto Figlie di Maria Ausiliatrice\" \/>\n<meta property=\"article:publisher\" content=\"https:\/\/www.facebook.com\/salesian.sisters.of.don.bosco\/\" \/>\n<meta property=\"article:published_time\" content=\"2026-04-24T07:32:43+00:00\" \/>\n<meta property=\"article:modified_time\" content=\"2026-04-24T20:35:10+00:00\" \/>\n<meta property=\"og:image\" content=\"https:\/\/www.cgfmanet.org\/wp-content\/uploads\/2026\/04\/Circolare-1058.jpg\" \/>\n\t<meta property=\"og:image:width\" content=\"1315\" \/>\n\t<meta property=\"og:image:height\" content=\"877\" \/>\n\t<meta property=\"og:image:type\" content=\"image\/jpeg\" \/>\n<meta name=\"author\" content=\"Redazione\" \/>\n<meta name=\"twitter:card\" content=\"summary_large_image\" \/>\n<meta name=\"twitter:creator\" content=\"@Cgfmanet_Org\" \/>\n<meta name=\"twitter:site\" content=\"@Cgfmanet_Org\" \/>\n<meta name=\"twitter:label1\" content=\"\u00c9crit par\" \/>\n\t<meta name=\"twitter:data1\" content=\"Redazione\" \/>\n\t<meta name=\"twitter:label2\" content=\"Dur\u00e9e de lecture estim\u00e9e\" \/>\n\t<meta name=\"twitter:data2\" content=\"7 minutes\" \/>\n<script type=\"application\/ld+json\" class=\"yoast-schema-graph\">{\"@context\":\"https:\\\/\\\/schema.org\",\"@graph\":[{\"@type\":\"Article\",\"@id\":\"https:\\\/\\\/www.cgfmanet.org\\\/fr\\\/ifma-fr\\\/charisme-salesien\\\/marie-vierge-fidele-soutient-notre-fidelite-circulaire-n-1058\\\/#article\",\"isPartOf\":{\"@id\":\"https:\\\/\\\/www.cgfmanet.org\\\/fr\\\/ifma-fr\\\/charisme-salesien\\\/marie-vierge-fidele-soutient-notre-fidelite-circulaire-n-1058\\\/\"},\"author\":{\"name\":\"Redazione\",\"@id\":\"https:\\\/\\\/www.cgfmanet.org\\\/es\\\/#\\\/schema\\\/person\\\/ce6473083f53ef0ef882cca23f0c8fb9\"},\"headline\":\"Marie, Vierge fid\u00e8le, soutient notre fid\u00e9lit\u00e9 \u2013 Circulaire n\u00b0 1058\",\"datePublished\":\"2026-04-24T07:32:43+00:00\",\"dateModified\":\"2026-04-24T20:35:10+00:00\",\"mainEntityOfPage\":{\"@id\":\"https:\\\/\\\/www.cgfmanet.org\\\/fr\\\/ifma-fr\\\/charisme-salesien\\\/marie-vierge-fidele-soutient-notre-fidelite-circulaire-n-1058\\\/\"},\"wordCount\":1271,\"commentCount\":0,\"publisher\":{\"@id\":\"https:\\\/\\\/www.cgfmanet.org\\\/es\\\/#organization\"},\"image\":{\"@id\":\"https:\\\/\\\/www.cgfmanet.org\\\/fr\\\/ifma-fr\\\/charisme-salesien\\\/marie-vierge-fidele-soutient-notre-fidelite-circulaire-n-1058\\\/#primaryimage\"},\"thumbnailUrl\":\"https:\\\/\\\/www.cgfmanet.org\\\/wp-content\\\/uploads\\\/2026\\\/04\\\/Circolare-1058.jpg\",\"keywords\":[\"M\u00e8re G\u00e9n\u00e9rale\",\"Spiritualit\u00e0 Salesiana\",\"Focus\",\"Circolare\",\"Madre Chiara Cazzuola\",\"Maria\"],\"articleSection\":[\"Charisme Sal\u00e9sien\",\"IFMA\"],\"inLanguage\":\"fr-FR\",\"potentialAction\":[{\"@type\":\"CommentAction\",\"name\":\"Comment\",\"target\":[\"https:\\\/\\\/www.cgfmanet.org\\\/fr\\\/ifma-fr\\\/charisme-salesien\\\/marie-vierge-fidele-soutient-notre-fidelite-circulaire-n-1058\\\/#respond\"]}]},{\"@type\":\"WebPage\",\"@id\":\"https:\\\/\\\/www.cgfmanet.org\\\/fr\\\/ifma-fr\\\/charisme-salesien\\\/marie-vierge-fidele-soutient-notre-fidelite-circulaire-n-1058\\\/\",\"url\":\"https:\\\/\\\/www.cgfmanet.org\\\/fr\\\/ifma-fr\\\/charisme-salesien\\\/marie-vierge-fidele-soutient-notre-fidelite-circulaire-n-1058\\\/\",\"name\":\"Marie, Vierge fid\u00e8le, soutient notre fid\u00e9lit\u00e9 \u2013 Circulaire n\u00b0 1058 &#8226; Istituto Figlie di Maria Ausiliatrice\",\"isPartOf\":{\"@id\":\"https:\\\/\\\/www.cgfmanet.org\\\/es\\\/#website\"},\"primaryImageOfPage\":{\"@id\":\"https:\\\/\\\/www.cgfmanet.org\\\/fr\\\/ifma-fr\\\/charisme-salesien\\\/marie-vierge-fidele-soutient-notre-fidelite-circulaire-n-1058\\\/#primaryimage\"},\"image\":{\"@id\":\"https:\\\/\\\/www.cgfmanet.org\\\/fr\\\/ifma-fr\\\/charisme-salesien\\\/marie-vierge-fidele-soutient-notre-fidelite-circulaire-n-1058\\\/#primaryimage\"},\"thumbnailUrl\":\"https:\\\/\\\/www.cgfmanet.org\\\/wp-content\\\/uploads\\\/2026\\\/04\\\/Circolare-1058.jpg\",\"datePublished\":\"2026-04-24T07:32:43+00:00\",\"dateModified\":\"2026-04-24T20:35:10+00:00\",\"description\":\"La Sup\u00e9rieure g\u00e9n\u00e9rale de l\u2019Institut FMA, M\u00e8re Chiara Cazzuola, propose dans la Circulaire n\u00b0 1058 une r\u00e9flexion sur la fid\u00e9lit\u00e9 de Marie qui soutient la fid\u00e9lit\u00e9 de chaque FMA.\",\"breadcrumb\":{\"@id\":\"https:\\\/\\\/www.cgfmanet.org\\\/fr\\\/ifma-fr\\\/charisme-salesien\\\/marie-vierge-fidele-soutient-notre-fidelite-circulaire-n-1058\\\/#breadcrumb\"},\"inLanguage\":\"fr-FR\",\"potentialAction\":[{\"@type\":\"ReadAction\",\"target\":[\"https:\\\/\\\/www.cgfmanet.org\\\/fr\\\/ifma-fr\\\/charisme-salesien\\\/marie-vierge-fidele-soutient-notre-fidelite-circulaire-n-1058\\\/\"]}]},{\"@type\":\"ImageObject\",\"inLanguage\":\"fr-FR\",\"@id\":\"https:\\\/\\\/www.cgfmanet.org\\\/fr\\\/ifma-fr\\\/charisme-salesien\\\/marie-vierge-fidele-soutient-notre-fidelite-circulaire-n-1058\\\/#primaryimage\",\"url\":\"https:\\\/\\\/www.cgfmanet.org\\\/wp-content\\\/uploads\\\/2026\\\/04\\\/Circolare-1058.jpg\",\"contentUrl\":\"https:\\\/\\\/www.cgfmanet.org\\\/wp-content\\\/uploads\\\/2026\\\/04\\\/Circolare-1058.jpg\",\"width\":1315,\"height\":877},{\"@type\":\"BreadcrumbList\",\"@id\":\"https:\\\/\\\/www.cgfmanet.org\\\/fr\\\/ifma-fr\\\/charisme-salesien\\\/marie-vierge-fidele-soutient-notre-fidelite-circulaire-n-1058\\\/#breadcrumb\",\"itemListElement\":[{\"@type\":\"ListItem\",\"position\":1,\"name\":\"Home\",\"item\":\"https:\\\/\\\/www.cgfmanet.org\\\/fr\\\/\"},{\"@type\":\"ListItem\",\"position\":2,\"name\":\"Marie, Vierge fid\u00e8le, soutient notre fid\u00e9lit\u00e9 \u2013 Circulaire n\u00b0 1058\"}]},{\"@type\":\"WebSite\",\"@id\":\"https:\\\/\\\/www.cgfmanet.org\\\/es\\\/#website\",\"url\":\"https:\\\/\\\/www.cgfmanet.org\\\/es\\\/\",\"name\":\"Istituto Figlie di Maria Ausiliatrice\",\"description\":\"Salesiane di Don Bosco\",\"publisher\":{\"@id\":\"https:\\\/\\\/www.cgfmanet.org\\\/es\\\/#organization\"},\"potentialAction\":[{\"@type\":\"SearchAction\",\"target\":{\"@type\":\"EntryPoint\",\"urlTemplate\":\"https:\\\/\\\/www.cgfmanet.org\\\/es\\\/?s={search_term_string}\"},\"query-input\":{\"@type\":\"PropertyValueSpecification\",\"valueRequired\":true,\"valueName\":\"search_term_string\"}}],\"inLanguage\":\"fr-FR\"},{\"@type\":\"Organization\",\"@id\":\"https:\\\/\\\/www.cgfmanet.org\\\/es\\\/#organization\",\"name\":\"Istituto Figlie di Maria Ausiliatrice\",\"url\":\"https:\\\/\\\/www.cgfmanet.org\\\/es\\\/\",\"logo\":{\"@type\":\"ImageObject\",\"inLanguage\":\"fr-FR\",\"@id\":\"https:\\\/\\\/www.cgfmanet.org\\\/es\\\/#\\\/schema\\\/logo\\\/image\\\/\",\"url\":\"https:\\\/\\\/www.cgfmanet.org\\\/wp-content\\\/uploads\\\/2018\\\/10\\\/logo-fma.png\",\"contentUrl\":\"https:\\\/\\\/www.cgfmanet.org\\\/wp-content\\\/uploads\\\/2018\\\/10\\\/logo-fma.png\",\"width\":214,\"height\":55,\"caption\":\"Istituto Figlie di Maria Ausiliatrice\"},\"image\":{\"@id\":\"https:\\\/\\\/www.cgfmanet.org\\\/es\\\/#\\\/schema\\\/logo\\\/image\\\/\"},\"sameAs\":[\"https:\\\/\\\/www.facebook.com\\\/salesian.sisters.of.don.bosco\\\/\",\"https:\\\/\\\/x.com\\\/Cgfmanet_Org\",\"https:\\\/\\\/www.youtube.com\\\/channel\\\/UCmcr8yFQBV7JXeXVxyV9y5Q\"]},{\"@type\":\"Person\",\"@id\":\"https:\\\/\\\/www.cgfmanet.org\\\/es\\\/#\\\/schema\\\/person\\\/ce6473083f53ef0ef882cca23f0c8fb9\",\"name\":\"Redazione\"}]}<\/script>\n<!-- \/ Yoast SEO plugin. -->","yoast_head_json":{"title":"Marie, Vierge fid\u00e8le, soutient notre fid\u00e9lit\u00e9 \u2013 Circulaire n\u00b0 1058 &#8226; Istituto Figlie di Maria Ausiliatrice","description":"La Sup\u00e9rieure g\u00e9n\u00e9rale de l\u2019Institut FMA, M\u00e8re Chiara Cazzuola, propose dans la Circulaire n\u00b0 1058 une r\u00e9flexion sur la fid\u00e9lit\u00e9 de Marie qui soutient la fid\u00e9lit\u00e9 de chaque FMA.","robots":{"index":"index","follow":"follow","max-snippet":"max-snippet:-1","max-image-preview":"max-image-preview:large","max-video-preview":"max-video-preview:-1"},"canonical":"https:\/\/www.cgfmanet.org\/fr\/ifma-fr\/charisme-salesien\/marie-vierge-fidele-soutient-notre-fidelite-circulaire-n-1058\/","og_locale":"fr_FR","og_type":"article","og_title":"Marie, Vierge fid\u00e8le, soutient notre fid\u00e9lit\u00e9 \u2013 Circulaire n\u00b0 1058 &#8226; Istituto Figlie di Maria Ausiliatrice","og_description":"La Sup\u00e9rieure g\u00e9n\u00e9rale de l\u2019Institut FMA, M\u00e8re Chiara Cazzuola, propose dans la Circulaire n\u00b0 1058 une r\u00e9flexion sur la fid\u00e9lit\u00e9 de Marie qui soutient la fid\u00e9lit\u00e9 de chaque FMA.","og_url":"https:\/\/www.cgfmanet.org\/fr\/ifma-fr\/charisme-salesien\/marie-vierge-fidele-soutient-notre-fidelite-circulaire-n-1058\/","og_site_name":"Istituto Figlie di Maria Ausiliatrice","article_publisher":"https:\/\/www.facebook.com\/salesian.sisters.of.don.bosco\/","article_published_time":"2026-04-24T07:32:43+00:00","article_modified_time":"2026-04-24T20:35:10+00:00","og_image":[{"width":1315,"height":877,"url":"https:\/\/www.cgfmanet.org\/wp-content\/uploads\/2026\/04\/Circolare-1058.jpg","type":"image\/jpeg"}],"author":"Redazione","twitter_card":"summary_large_image","twitter_creator":"@Cgfmanet_Org","twitter_site":"@Cgfmanet_Org","twitter_misc":{"\u00c9crit par":"Redazione","Dur\u00e9e de lecture estim\u00e9e":"7 minutes"},"schema":{"@context":"https:\/\/schema.org","@graph":[{"@type":"Article","@id":"https:\/\/www.cgfmanet.org\/fr\/ifma-fr\/charisme-salesien\/marie-vierge-fidele-soutient-notre-fidelite-circulaire-n-1058\/#article","isPartOf":{"@id":"https:\/\/www.cgfmanet.org\/fr\/ifma-fr\/charisme-salesien\/marie-vierge-fidele-soutient-notre-fidelite-circulaire-n-1058\/"},"author":{"name":"Redazione","@id":"https:\/\/www.cgfmanet.org\/es\/#\/schema\/person\/ce6473083f53ef0ef882cca23f0c8fb9"},"headline":"Marie, Vierge fid\u00e8le, soutient notre fid\u00e9lit\u00e9 \u2013 Circulaire n\u00b0 1058","datePublished":"2026-04-24T07:32:43+00:00","dateModified":"2026-04-24T20:35:10+00:00","mainEntityOfPage":{"@id":"https:\/\/www.cgfmanet.org\/fr\/ifma-fr\/charisme-salesien\/marie-vierge-fidele-soutient-notre-fidelite-circulaire-n-1058\/"},"wordCount":1271,"commentCount":0,"publisher":{"@id":"https:\/\/www.cgfmanet.org\/es\/#organization"},"image":{"@id":"https:\/\/www.cgfmanet.org\/fr\/ifma-fr\/charisme-salesien\/marie-vierge-fidele-soutient-notre-fidelite-circulaire-n-1058\/#primaryimage"},"thumbnailUrl":"https:\/\/www.cgfmanet.org\/wp-content\/uploads\/2026\/04\/Circolare-1058.jpg","keywords":["M\u00e8re G\u00e9n\u00e9rale","Spiritualit\u00e0 Salesiana","Focus","Circolare","Madre Chiara Cazzuola","Maria"],"articleSection":["Charisme Sal\u00e9sien","IFMA"],"inLanguage":"fr-FR","potentialAction":[{"@type":"CommentAction","name":"Comment","target":["https:\/\/www.cgfmanet.org\/fr\/ifma-fr\/charisme-salesien\/marie-vierge-fidele-soutient-notre-fidelite-circulaire-n-1058\/#respond"]}]},{"@type":"WebPage","@id":"https:\/\/www.cgfmanet.org\/fr\/ifma-fr\/charisme-salesien\/marie-vierge-fidele-soutient-notre-fidelite-circulaire-n-1058\/","url":"https:\/\/www.cgfmanet.org\/fr\/ifma-fr\/charisme-salesien\/marie-vierge-fidele-soutient-notre-fidelite-circulaire-n-1058\/","name":"Marie, Vierge fid\u00e8le, soutient notre fid\u00e9lit\u00e9 \u2013 Circulaire n\u00b0 1058 &#8226; Istituto Figlie di Maria Ausiliatrice","isPartOf":{"@id":"https:\/\/www.cgfmanet.org\/es\/#website"},"primaryImageOfPage":{"@id":"https:\/\/www.cgfmanet.org\/fr\/ifma-fr\/charisme-salesien\/marie-vierge-fidele-soutient-notre-fidelite-circulaire-n-1058\/#primaryimage"},"image":{"@id":"https:\/\/www.cgfmanet.org\/fr\/ifma-fr\/charisme-salesien\/marie-vierge-fidele-soutient-notre-fidelite-circulaire-n-1058\/#primaryimage"},"thumbnailUrl":"https:\/\/www.cgfmanet.org\/wp-content\/uploads\/2026\/04\/Circolare-1058.jpg","datePublished":"2026-04-24T07:32:43+00:00","dateModified":"2026-04-24T20:35:10+00:00","description":"La Sup\u00e9rieure g\u00e9n\u00e9rale de l\u2019Institut FMA, M\u00e8re Chiara Cazzuola, propose dans la Circulaire n\u00b0 1058 une r\u00e9flexion sur la fid\u00e9lit\u00e9 de Marie qui soutient la fid\u00e9lit\u00e9 de chaque FMA.","breadcrumb":{"@id":"https:\/\/www.cgfmanet.org\/fr\/ifma-fr\/charisme-salesien\/marie-vierge-fidele-soutient-notre-fidelite-circulaire-n-1058\/#breadcrumb"},"inLanguage":"fr-FR","potentialAction":[{"@type":"ReadAction","target":["https:\/\/www.cgfmanet.org\/fr\/ifma-fr\/charisme-salesien\/marie-vierge-fidele-soutient-notre-fidelite-circulaire-n-1058\/"]}]},{"@type":"ImageObject","inLanguage":"fr-FR","@id":"https:\/\/www.cgfmanet.org\/fr\/ifma-fr\/charisme-salesien\/marie-vierge-fidele-soutient-notre-fidelite-circulaire-n-1058\/#primaryimage","url":"https:\/\/www.cgfmanet.org\/wp-content\/uploads\/2026\/04\/Circolare-1058.jpg","contentUrl":"https:\/\/www.cgfmanet.org\/wp-content\/uploads\/2026\/04\/Circolare-1058.jpg","width":1315,"height":877},{"@type":"BreadcrumbList","@id":"https:\/\/www.cgfmanet.org\/fr\/ifma-fr\/charisme-salesien\/marie-vierge-fidele-soutient-notre-fidelite-circulaire-n-1058\/#breadcrumb","itemListElement":[{"@type":"ListItem","position":1,"name":"Home","item":"https:\/\/www.cgfmanet.org\/fr\/"},{"@type":"ListItem","position":2,"name":"Marie, Vierge fid\u00e8le, soutient notre fid\u00e9lit\u00e9 \u2013 Circulaire n\u00b0 1058"}]},{"@type":"WebSite","@id":"https:\/\/www.cgfmanet.org\/es\/#website","url":"https:\/\/www.cgfmanet.org\/es\/","name":"Istituto Figlie di Maria Ausiliatrice","description":"Salesiane di Don Bosco","publisher":{"@id":"https:\/\/www.cgfmanet.org\/es\/#organization"},"potentialAction":[{"@type":"SearchAction","target":{"@type":"EntryPoint","urlTemplate":"https:\/\/www.cgfmanet.org\/es\/?s={search_term_string}"},"query-input":{"@type":"PropertyValueSpecification","valueRequired":true,"valueName":"search_term_string"}}],"inLanguage":"fr-FR"},{"@type":"Organization","@id":"https:\/\/www.cgfmanet.org\/es\/#organization","name":"Istituto Figlie di Maria Ausiliatrice","url":"https:\/\/www.cgfmanet.org\/es\/","logo":{"@type":"ImageObject","inLanguage":"fr-FR","@id":"https:\/\/www.cgfmanet.org\/es\/#\/schema\/logo\/image\/","url":"https:\/\/www.cgfmanet.org\/wp-content\/uploads\/2018\/10\/logo-fma.png","contentUrl":"https:\/\/www.cgfmanet.org\/wp-content\/uploads\/2018\/10\/logo-fma.png","width":214,"height":55,"caption":"Istituto Figlie di Maria Ausiliatrice"},"image":{"@id":"https:\/\/www.cgfmanet.org\/es\/#\/schema\/logo\/image\/"},"sameAs":["https:\/\/www.facebook.com\/salesian.sisters.of.don.bosco\/","https:\/\/x.com\/Cgfmanet_Org","https:\/\/www.youtube.com\/channel\/UCmcr8yFQBV7JXeXVxyV9y5Q"]},{"@type":"Person","@id":"https:\/\/www.cgfmanet.org\/es\/#\/schema\/person\/ce6473083f53ef0ef882cca23f0c8fb9","name":"Redazione"}]}},"_links":{"self":[{"href":"https:\/\/www.cgfmanet.org\/fr\/wp-json\/wp\/v2\/posts\/156227","targetHints":{"allow":["GET"]}}],"collection":[{"href":"https:\/\/www.cgfmanet.org\/fr\/wp-json\/wp\/v2\/posts"}],"about":[{"href":"https:\/\/www.cgfmanet.org\/fr\/wp-json\/wp\/v2\/types\/post"}],"author":[{"embeddable":true,"href":"https:\/\/www.cgfmanet.org\/fr\/wp-json\/wp\/v2\/users\/21"}],"replies":[{"embeddable":true,"href":"https:\/\/www.cgfmanet.org\/fr\/wp-json\/wp\/v2\/comments?post=156227"}],"version-history":[{"count":3,"href":"https:\/\/www.cgfmanet.org\/fr\/wp-json\/wp\/v2\/posts\/156227\/revisions"}],"predecessor-version":[{"id":156338,"href":"https:\/\/www.cgfmanet.org\/fr\/wp-json\/wp\/v2\/posts\/156227\/revisions\/156338"}],"wp:featuredmedia":[{"embeddable":true,"href":"https:\/\/www.cgfmanet.org\/fr\/wp-json\/wp\/v2\/media\/156222"}],"wp:attachment":[{"href":"https:\/\/www.cgfmanet.org\/fr\/wp-json\/wp\/v2\/media?parent=156227"}],"wp:term":[{"taxonomy":"category","embeddable":true,"href":"https:\/\/www.cgfmanet.org\/fr\/wp-json\/wp\/v2\/categories?post=156227"},{"taxonomy":"post_tag","embeddable":true,"href":"https:\/\/www.cgfmanet.org\/fr\/wp-json\/wp\/v2\/tags?post=156227"}],"curies":[{"name":"wp","href":"https:\/\/api.w.org\/{rel}","templated":true}]}}