{"id":156157,"date":"2026-04-22T09:25:47","date_gmt":"2026-04-22T07:25:47","guid":{"rendered":"https:\/\/www.cgfmanet.org\/info-sphere\/giornata-mondiale-di-preghiera-vocazioni-2026\/"},"modified":"2026-04-25T22:41:03","modified_gmt":"2026-04-25T20:41:03","slug":"journee-mondiale-de-priere-pour-les-vocations-2026","status":"publish","type":"post","link":"https:\/\/www.cgfmanet.org\/fr\/info-sphere\/journee-mondiale-de-priere-pour-les-vocations-2026\/","title":{"rendered":"Journ\u00e9e Mondiale de Pri\u00e8re pour les Vocations 2026"},"content":{"rendered":"<p><strong>Rome (Italie).<\/strong> Le 26 avril 2026, lors du quatri\u00e8me dimanche de P\u00e2ques dit \u2018\u2019le dimanche du Bon Pasteur\u2019\u2019, l\u2019Eglise c\u00e9l\u00e8brera la Journ\u00e9e Mondiale de Pri\u00e8re pour les Vocations. Dans son message pour cette 63<sup>\u00e8me<\/sup> Journ\u00e9e, le Pape L\u00e9on XIV a choisi pour th\u00e8me <strong>\u2018\u2019La d\u00e9couverte int\u00e9rieure du don de Dieu\u2019\u2019<\/strong> et a partag\u00e9 quelques r\u00e9flexions sur la dimension int\u00e9rieure de la vocation, <em>\u2018\u2019comprise comme la d\u00e9couverte du don gratuit de Dieu qui fleurit au plus profond du c\u0153ur de chacun de nous&rsquo;\u2019.<\/em><\/p>\n<p>Suivant m\u00e9taphoriquement le chemin \u2018\u2019d\u2019une vie v\u00e9ritablement belle, que le Pasteur nous indique\u2019\u2019, il accomplit quatre \u00e9tapes\u00a0: <strong>La vie de la beaut\u00e9, la connaissance r\u00e9ciproque, la confiance, la maturation.<\/strong><\/p>\n<p><span style=\"color: #0000ff;\"><strong><a style=\"color: #0000ff;\" href=\"https:\/\/www.vatican.va\/content\/leo-xiv\/it\/messages\/vocations\/documents\/20260316-messaggio-vocazioni.html\" target=\"_blank\" rel=\"noopener\">Le Message<\/a><\/strong><\/span> souligne l\u2019importance de l\u2019asc\u00e8se dans la contemplation, qui permet \u00e0 la personne de s\u2019arr\u00eater, d\u2019\u00e9couter, de prier et d\u2019accueillir le regard de Dieu sur elle au point de faire confiance au Pasteur <em>\u2018\u2019qui fascine\u00a0: ceux qui le regardent et d\u00e9couvrent que la vie est vraiment belle si l\u2019on le suit\u2019\u2019.<\/em> L\u2019un des traits qui distingue les Saints est pr\u00e9cis\u00e9ment <strong><em>\u2018\u2019la beaut\u00e9 spirituelle lumineuse<\/em><\/strong><em> qui rayonne de ceux qui vivent dans le Christ. Ainsi, la vocation chr\u00e9tienne se r\u00e9v\u00e8le dans toute sa profondeur\u00a0: participer \u00e0 sa vie, partager sa mission, briller de sa propre beaut\u00e9\u2019\u2019.<\/em><\/p>\n<p>Prenant l\u2019exemple de Saint Augustin, ma\u00eetre d\u2019int\u00e9riorit\u00e9, le Pape L\u00e9on parle de l\u2019importance <em>\u2018\u2019de prendre soin de l\u2019int\u00e9riorit\u00e9 comme d\u2019un espace de relation avec J\u00e9sus, comme un moyen d\u2019exp\u00e9rimenter la beaut\u00e9 et la bont\u00e9 de Dieu dans notre vie\u2019\u2019<\/em> et de la vocation comme un don qui <em>\u2018\u2019n\u2019est jamais une imposition ni un sch\u00e9ma pr\u00e9d\u00e9termin\u00e9 auquel on adh\u00e8re simplement, mais un projet d\u2019amour et de bonheur\u2019\u2019.<\/em><\/p>\n<p><strong>Prendre soin de l\u2019int\u00e9riorit\u00e9,<\/strong> <em>\u2018\u2019il est urgent de repartir de la pastorale vocationnelle et de l\u2019engagement toujours nouveau envers l\u2019\u00e9vang\u00e9lisation\u2019\u2019,<\/em> dit le Saint-P\u00e8re, qui invite tout le monde \u2013 familles, paroisses, communaut\u00e9s religieuses, \u00e9v\u00eaques, pr\u00eatres, diacres, cat\u00e9chistes, \u00e9ducateurs et fid\u00e8les la\u00efcs \u2013 <em>\u2018\u2019\u00e0 s\u2019engager de plus en plus dans la cr\u00e9ation de contextes favorables pour que ce don soit accueilli, nourri, prot\u00e9g\u00e9 et accompagn\u00e9 afin de porter des fruits abondants\u2019\u2019.<\/em><\/p>\n<p>Puisque la vocation est un appel unique et personnel, elle commence par l\u2019exp\u00e9rience personnelle de l\u2019amour de Dieu\u00a0; ce Dieu qui conna\u00eet et aime profond\u00e9ment chaque personne et qui a pour tous un chemin unique de saintet\u00e9 et de service. <strong>Cette connaissance est r\u00e9ciproque<\/strong> et donc <em>\u2018\u2019nous sommes invit\u00e9s \u00e0 conna\u00eetre Dieu par la pri\u00e8re, l\u2019\u00e9coute de la Parole, les Sacrements, la vie de l\u2019Eglise et le don de nous-m\u00eames \u00e0 nos fr\u00e8res et s\u0153urs\u2019\u2019.<\/em><\/p>\n<p>Le jeune Samuel, qui a su se mettre \u00e0 l\u2019\u00e9coute et apprendre \u00e0 reconna\u00eetre, avec l\u2019aide d\u2019Eli, la voix du Seigneur (cfr. 1 Sam 3, 1-10) et encore Saint Augustin, selon qui <em>\u2018\u2019la V\u00e9rit\u00e9 habite l\u2019homme int\u00e9rieur\u2019\u2019<\/em> rappellent l\u2019importance de <em>\u2018\u2019s\u2019arr\u00eater, de construire des espaces de silence int\u00e9rieur afin de pouvoir \u00e9couter la voix de J\u00e9sus Christ\u2019\u2019.<\/em><\/p>\n<p>D\u2019o\u00f9 l\u2019appel de L\u00e9on XIV\u00a0: <strong><em>\u2018\u2019Chers jeunes, \u00e9coutez cette voix\u00a0! Ecoutez la voix du Seigneur qui vous invite \u00e0 vivre une vie pleine et \u00e9panouie,<\/em><\/strong><em> en mettant au service de tous vos talents (cfr. Mt 25, 14-30) et en clouant vos limites et faiblesses \u00e0 la glorieuse Croix du Christ. <\/em><strong><em>Restez, <\/em><\/strong><em>donc, en adoration eucharistique, m\u00e9ditez avec assiduit\u00e9 sur la Parole de Dieu afin de la vivre chaque jour, participez activement et pleinement \u00e0 la vie sacramentelle et eccl\u00e9siale. De cette fa\u00e7on, vous apprendrez \u00e0 conna\u00eetre le Seigneur et, dans l\u2019intimit\u00e9 propre \u00e0 l\u2019amiti\u00e9, vous d\u00e9couvrirez comment vous donner, dans la vie matrimoniale, ou la vie sacerdotale, ou dans le diaconat permanent, ou dans une vie consacr\u00e9e, religieuse ou s\u00e9culi\u00e8re\u00a0: <\/em><strong><em>chaque vocation est un immense don pour l\u2019Eglise et pour ceux qui l\u2019accueillent avec joie\u2019\u2019.<\/em><\/strong><\/p>\n<p>C\u2019est de cette connaissance qui na\u00eet de <strong>la confiance<\/strong> dans le Seigneur que nous d\u00e9couvrons chaque jour que la vie est <em>\u2018\u2019faire confiance et se confier au Seigneur, m\u00eame lorsque ses plans bouleversent les n\u00f4tres\u2019\u2019.<\/em> Tout comme Saint Joseph, <em>\u2018\u2019une ic\u00f4ne de confiance totale dans le dessein de Dieu\u2019\u2019<\/em> et comme l\u2019a enseign\u00e9 le Jubil\u00e9 de l\u2019Esp\u00e9rance\u00a0: <em>\u2018\u2019il est n\u00e9cessaire de cultiver une confiance ferme et stable dans les promesses de Dieu, sans jamais c\u00e9der au d\u00e9sespoir\u2019\u2019.<\/em><\/p>\n<p>La vocation n\u2019est donc pas un objectif atteint une bonne fois pour toutes. En effet, c\u2019est <em>\u2018\u2019un processus dynamique de <\/em><strong><em>maturation<\/em><\/strong><em>, favoris\u00e9 par l\u2019intimit\u00e9 avec le Seigneur\u00a0: \u00eatre avec J\u00e9sus, laisser l\u2019Esprit Saint agir dans les c\u0153urs et les situations de la vie et tout relire \u00e0 la lumi\u00e8re du don re\u00e7u\u2019\u2019.<\/em> Dans ce parcours continu de maturation, le Pape souligne, <em>\u2018\u2019combien il est pr\u00e9cieux d\u2019avoir un guide spirituel valable qui accompagne la d\u00e9couverte et le d\u00e9veloppement de notre vocation\u00a0!\u2019\u2019<\/em> qui accompagne le discernement et la v\u00e9rification \u00e0 la lumi\u00e8re du Saint Esprit.<\/p>\n<p><strong>Le XXIVe Chapitre G\u00e9n\u00e9rale de l\u2019Institut FMA<\/strong> a adopt\u00e9 l\u2019aspect vocationnel comme choix prioritaire du sexennat\u00a0:<\/p>\n<p><em>\u2018\u2019Ravivons et t\u00e9moignons ensemble de la beaut\u00e9 de la vocation sal\u00e9sienne en nous pla\u00e7ant dans un \u00e9tat de formation continue pour un nouvel \u00e9lan vocationnel\u2019\u2019.<\/em> L\u2019attention port\u00e9e au soin de sa vocation devient ainsi une attention afin que les jeunes puissent <em>\u2018\u2019d\u00e9couvrir le myst\u00e8re de Dieu pr\u00e9sent dans leur existence et les richesses de la vie baptismale\u2019\u2019 (Const. 69) et \u2018\u2019discerner le dessein de Dieu pour leur vie et l\u2019adopter comme une mission\u2019\u2019 (Const. 72).<\/em><\/p>\n<p><strong>Le Secteur pour la Pastorale des Jeunes de l\u2019Institut<\/strong> a adopt\u00e9 comme l\u2019un des objectifs de son animation pour le sexennat <strong><em>\u2018\u2019ensemble afin de promouvoir la culture vocationnelle\u2019\u2019<\/em><\/strong>. Dans cette optique, la c\u00e9l\u00e9bration annuelle de la Journ\u00e9e Mondiale de Pri\u00e8re pour les Vocations constitue un moment fort afin de renforcer cet engagement.<\/p>\n<p>Cette ann\u00e9e, le Secteur PJ a pr\u00e9par\u00e9 <strong>4 Fiches en 5 langues,<\/strong> qui reprennent les 4 parties du Message. Chaque fiche propose des pistes simples\u00a0:<\/p>\n<ul>\n<li>Une br\u00e8ve r\u00e9flexion sur un th\u00e8me<\/li>\n<li>Partage au sein du groupe<\/li>\n<li>Passer \u00e0 l\u2019action<\/li>\n<li>Pri\u00e8re<\/li>\n<\/ul>\n<p><em>\u2018\u2019Accueillons l\u2019invitation \u00e0 nous laisser fasciner par \u2018le Bon Pasteur\u2019 J\u00e9sus, et en Lui, poursuivons le parcours de la d\u00e9couverte que la vie est vraiment belle si nous Le suivons\u2019\u2019.<\/em> C\u2019est le souhait de S\u0153ur Runita Galve Borja, Conseill\u00e8re pour la Pastorale des Jeunes.<\/p>\n<p><span style=\"color: #0000ff;\"><a style=\"color: #0000ff;\" href=\"https:\/\/drive.google.com\/drive\/u\/0\/folders\/10lm_M01rGm6nMPxZXm_GZ3BFy_ZbGraF\" target=\"_blank\" rel=\"noopener\"><strong>Fiches<\/strong><\/a><\/span><\/p>\n","protected":false},"excerpt":{"rendered":"<p>Rome (Italie). Le 26 avril 2026, lors du quatri\u00e8me dimanche de P\u00e2ques dit \u2018\u2019le dimanche du Bon Pasteur\u2019\u2019, l\u2019Eglise c\u00e9l\u00e8brera la Journ\u00e9e Mondiale de Pri\u00e8re pour les Vocations. Dans son [&hellip;]<\/p>\n","protected":false},"author":21,"featured_media":156152,"comment_status":"open","ping_status":"closed","sticky":false,"template":"","format":"standard","meta":{"footnotes":""},"categories":[36,188],"tags":[266,1536,1760,1929,2489],"class_list":["post-156157","post","type-post","status-publish","format-standard","has-post-thumbnail","category-info-sphere","category-eglise","tag-conseillere-pour-la-pastorale-des-jeunes","tag-pastorale-des-jeunes","tag-cultura-vocazionale-fr","tag-focus-fr","tag-pape-leon-xiv"],"yoast_head":"<!-- This site is optimized with the Yoast SEO plugin v27.4 - https:\/\/yoast.com\/product\/yoast-seo-wordpress\/ -->\n<title>Journ\u00e9e Mondiale de Pri\u00e8re pour les Vocations 2026 &#8226; Istituto Figlie di Maria Ausiliatrice<\/title>\n<meta name=\"description\" content=\"Le 26 avril 2026, lors du dimanche du Bon Pasteur, l\u2019Eglise c\u00e9l\u00e8brera la 63\u00e8me Journ\u00e9e Mondiale de Pri\u00e8re pour les Vocations.\" \/>\n<meta name=\"robots\" content=\"index, follow, max-snippet:-1, max-image-preview:large, max-video-preview:-1\" \/>\n<link rel=\"canonical\" href=\"https:\/\/www.cgfmanet.org\/fr\/info-sphere\/journee-mondiale-de-priere-pour-les-vocations-2026\/\" \/>\n<meta property=\"og:locale\" content=\"fr_FR\" \/>\n<meta property=\"og:type\" content=\"article\" \/>\n<meta property=\"og:title\" content=\"Journ\u00e9e Mondiale de Pri\u00e8re pour les Vocations 2026 &#8226; Istituto Figlie di Maria Ausiliatrice\" \/>\n<meta property=\"og:description\" content=\"Le 26 avril 2026, lors du dimanche du Bon Pasteur, l\u2019Eglise c\u00e9l\u00e8brera la 63\u00e8me Journ\u00e9e Mondiale de Pri\u00e8re pour les Vocations.\" \/>\n<meta property=\"og:url\" content=\"https:\/\/www.cgfmanet.org\/fr\/info-sphere\/journee-mondiale-de-priere-pour-les-vocations-2026\/\" \/>\n<meta property=\"og:site_name\" content=\"Istituto Figlie di Maria Ausiliatrice\" \/>\n<meta property=\"article:publisher\" content=\"https:\/\/www.facebook.com\/salesian.sisters.of.don.bosco\/\" \/>\n<meta property=\"article:published_time\" content=\"2026-04-22T07:25:47+00:00\" \/>\n<meta property=\"article:modified_time\" content=\"2026-04-25T20:41:03+00:00\" \/>\n<meta property=\"og:image\" content=\"https:\/\/www.cgfmanet.org\/wp-content\/uploads\/2026\/04\/Giornata-di-Preghiera-Vocazioni-2026.jpg\" \/>\n\t<meta property=\"og:image:width\" content=\"1181\" \/>\n\t<meta property=\"og:image:height\" content=\"788\" \/>\n\t<meta property=\"og:image:type\" content=\"image\/jpeg\" \/>\n<meta name=\"author\" content=\"Redazione\" \/>\n<meta name=\"twitter:card\" content=\"summary_large_image\" \/>\n<meta name=\"twitter:creator\" content=\"@Cgfmanet_Org\" \/>\n<meta name=\"twitter:site\" content=\"@Cgfmanet_Org\" \/>\n<meta name=\"twitter:label1\" content=\"\u00c9crit par\" \/>\n\t<meta name=\"twitter:data1\" content=\"Redazione\" \/>\n\t<meta name=\"twitter:label2\" content=\"Dur\u00e9e de lecture estim\u00e9e\" \/>\n\t<meta name=\"twitter:data2\" content=\"6 minutes\" \/>\n<script type=\"application\/ld+json\" class=\"yoast-schema-graph\">{\"@context\":\"https:\\\/\\\/schema.org\",\"@graph\":[{\"@type\":\"Article\",\"@id\":\"https:\\\/\\\/www.cgfmanet.org\\\/fr\\\/info-sphere\\\/journee-mondiale-de-priere-pour-les-vocations-2026\\\/#article\",\"isPartOf\":{\"@id\":\"https:\\\/\\\/www.cgfmanet.org\\\/fr\\\/info-sphere\\\/journee-mondiale-de-priere-pour-les-vocations-2026\\\/\"},\"author\":{\"name\":\"Redazione\",\"@id\":\"https:\\\/\\\/www.cgfmanet.org\\\/es\\\/#\\\/schema\\\/person\\\/ce6473083f53ef0ef882cca23f0c8fb9\"},\"headline\":\"Journ\u00e9e Mondiale de Pri\u00e8re pour les Vocations 2026\",\"datePublished\":\"2026-04-22T07:25:47+00:00\",\"dateModified\":\"2026-04-25T20:41:03+00:00\",\"mainEntityOfPage\":{\"@id\":\"https:\\\/\\\/www.cgfmanet.org\\\/fr\\\/info-sphere\\\/journee-mondiale-de-priere-pour-les-vocations-2026\\\/\"},\"wordCount\":1156,\"commentCount\":0,\"publisher\":{\"@id\":\"https:\\\/\\\/www.cgfmanet.org\\\/es\\\/#organization\"},\"image\":{\"@id\":\"https:\\\/\\\/www.cgfmanet.org\\\/fr\\\/info-sphere\\\/journee-mondiale-de-priere-pour-les-vocations-2026\\\/#primaryimage\"},\"thumbnailUrl\":\"https:\\\/\\\/www.cgfmanet.org\\\/wp-content\\\/uploads\\\/2026\\\/04\\\/Giornata-di-Preghiera-Vocazioni-2026.jpg\",\"keywords\":[\"Conseill\u00e8re pour la Pastorale des Jeunes\",\"Pastorale des Jeunes\",\"cultura vocazionale\",\"Focus\",\"Pape L\u00e9on XIV\"],\"articleSection\":[\"Infosph\u00e8re\",\"Eglise\"],\"inLanguage\":\"fr-FR\",\"potentialAction\":[{\"@type\":\"CommentAction\",\"name\":\"Comment\",\"target\":[\"https:\\\/\\\/www.cgfmanet.org\\\/fr\\\/info-sphere\\\/journee-mondiale-de-priere-pour-les-vocations-2026\\\/#respond\"]}]},{\"@type\":\"WebPage\",\"@id\":\"https:\\\/\\\/www.cgfmanet.org\\\/fr\\\/info-sphere\\\/journee-mondiale-de-priere-pour-les-vocations-2026\\\/\",\"url\":\"https:\\\/\\\/www.cgfmanet.org\\\/fr\\\/info-sphere\\\/journee-mondiale-de-priere-pour-les-vocations-2026\\\/\",\"name\":\"Journ\u00e9e Mondiale de Pri\u00e8re pour les Vocations 2026 &#8226; Istituto Figlie di Maria Ausiliatrice\",\"isPartOf\":{\"@id\":\"https:\\\/\\\/www.cgfmanet.org\\\/es\\\/#website\"},\"primaryImageOfPage\":{\"@id\":\"https:\\\/\\\/www.cgfmanet.org\\\/fr\\\/info-sphere\\\/journee-mondiale-de-priere-pour-les-vocations-2026\\\/#primaryimage\"},\"image\":{\"@id\":\"https:\\\/\\\/www.cgfmanet.org\\\/fr\\\/info-sphere\\\/journee-mondiale-de-priere-pour-les-vocations-2026\\\/#primaryimage\"},\"thumbnailUrl\":\"https:\\\/\\\/www.cgfmanet.org\\\/wp-content\\\/uploads\\\/2026\\\/04\\\/Giornata-di-Preghiera-Vocazioni-2026.jpg\",\"datePublished\":\"2026-04-22T07:25:47+00:00\",\"dateModified\":\"2026-04-25T20:41:03+00:00\",\"description\":\"Le 26 avril 2026, lors du dimanche du Bon Pasteur, l\u2019Eglise c\u00e9l\u00e8brera la 63\u00e8me Journ\u00e9e Mondiale de Pri\u00e8re pour les Vocations.\",\"breadcrumb\":{\"@id\":\"https:\\\/\\\/www.cgfmanet.org\\\/fr\\\/info-sphere\\\/journee-mondiale-de-priere-pour-les-vocations-2026\\\/#breadcrumb\"},\"inLanguage\":\"fr-FR\",\"potentialAction\":[{\"@type\":\"ReadAction\",\"target\":[\"https:\\\/\\\/www.cgfmanet.org\\\/fr\\\/info-sphere\\\/journee-mondiale-de-priere-pour-les-vocations-2026\\\/\"]}]},{\"@type\":\"ImageObject\",\"inLanguage\":\"fr-FR\",\"@id\":\"https:\\\/\\\/www.cgfmanet.org\\\/fr\\\/info-sphere\\\/journee-mondiale-de-priere-pour-les-vocations-2026\\\/#primaryimage\",\"url\":\"https:\\\/\\\/www.cgfmanet.org\\\/wp-content\\\/uploads\\\/2026\\\/04\\\/Giornata-di-Preghiera-Vocazioni-2026.jpg\",\"contentUrl\":\"https:\\\/\\\/www.cgfmanet.org\\\/wp-content\\\/uploads\\\/2026\\\/04\\\/Giornata-di-Preghiera-Vocazioni-2026.jpg\",\"width\":1181,\"height\":788},{\"@type\":\"BreadcrumbList\",\"@id\":\"https:\\\/\\\/www.cgfmanet.org\\\/fr\\\/info-sphere\\\/journee-mondiale-de-priere-pour-les-vocations-2026\\\/#breadcrumb\",\"itemListElement\":[{\"@type\":\"ListItem\",\"position\":1,\"name\":\"Home\",\"item\":\"https:\\\/\\\/www.cgfmanet.org\\\/fr\\\/\"},{\"@type\":\"ListItem\",\"position\":2,\"name\":\"Journ\u00e9e Mondiale de Pri\u00e8re pour les Vocations 2026\"}]},{\"@type\":\"WebSite\",\"@id\":\"https:\\\/\\\/www.cgfmanet.org\\\/es\\\/#website\",\"url\":\"https:\\\/\\\/www.cgfmanet.org\\\/es\\\/\",\"name\":\"Istituto Figlie di Maria Ausiliatrice\",\"description\":\"Salesiane di Don Bosco\",\"publisher\":{\"@id\":\"https:\\\/\\\/www.cgfmanet.org\\\/es\\\/#organization\"},\"potentialAction\":[{\"@type\":\"SearchAction\",\"target\":{\"@type\":\"EntryPoint\",\"urlTemplate\":\"https:\\\/\\\/www.cgfmanet.org\\\/es\\\/?s={search_term_string}\"},\"query-input\":{\"@type\":\"PropertyValueSpecification\",\"valueRequired\":true,\"valueName\":\"search_term_string\"}}],\"inLanguage\":\"fr-FR\"},{\"@type\":\"Organization\",\"@id\":\"https:\\\/\\\/www.cgfmanet.org\\\/es\\\/#organization\",\"name\":\"Istituto Figlie di Maria Ausiliatrice\",\"url\":\"https:\\\/\\\/www.cgfmanet.org\\\/es\\\/\",\"logo\":{\"@type\":\"ImageObject\",\"inLanguage\":\"fr-FR\",\"@id\":\"https:\\\/\\\/www.cgfmanet.org\\\/es\\\/#\\\/schema\\\/logo\\\/image\\\/\",\"url\":\"https:\\\/\\\/www.cgfmanet.org\\\/wp-content\\\/uploads\\\/2018\\\/10\\\/logo-fma.png\",\"contentUrl\":\"https:\\\/\\\/www.cgfmanet.org\\\/wp-content\\\/uploads\\\/2018\\\/10\\\/logo-fma.png\",\"width\":214,\"height\":55,\"caption\":\"Istituto Figlie di Maria Ausiliatrice\"},\"image\":{\"@id\":\"https:\\\/\\\/www.cgfmanet.org\\\/es\\\/#\\\/schema\\\/logo\\\/image\\\/\"},\"sameAs\":[\"https:\\\/\\\/www.facebook.com\\\/salesian.sisters.of.don.bosco\\\/\",\"https:\\\/\\\/x.com\\\/Cgfmanet_Org\",\"https:\\\/\\\/www.youtube.com\\\/channel\\\/UCmcr8yFQBV7JXeXVxyV9y5Q\"]},{\"@type\":\"Person\",\"@id\":\"https:\\\/\\\/www.cgfmanet.org\\\/es\\\/#\\\/schema\\\/person\\\/ce6473083f53ef0ef882cca23f0c8fb9\",\"name\":\"Redazione\"}]}<\/script>\n<!-- \/ Yoast SEO plugin. -->","yoast_head_json":{"title":"Journ\u00e9e Mondiale de Pri\u00e8re pour les Vocations 2026 &#8226; Istituto Figlie di Maria Ausiliatrice","description":"Le 26 avril 2026, lors du dimanche du Bon Pasteur, l\u2019Eglise c\u00e9l\u00e8brera la 63\u00e8me Journ\u00e9e Mondiale de Pri\u00e8re pour les Vocations.","robots":{"index":"index","follow":"follow","max-snippet":"max-snippet:-1","max-image-preview":"max-image-preview:large","max-video-preview":"max-video-preview:-1"},"canonical":"https:\/\/www.cgfmanet.org\/fr\/info-sphere\/journee-mondiale-de-priere-pour-les-vocations-2026\/","og_locale":"fr_FR","og_type":"article","og_title":"Journ\u00e9e Mondiale de Pri\u00e8re pour les Vocations 2026 &#8226; Istituto Figlie di Maria Ausiliatrice","og_description":"Le 26 avril 2026, lors du dimanche du Bon Pasteur, l\u2019Eglise c\u00e9l\u00e8brera la 63\u00e8me Journ\u00e9e Mondiale de Pri\u00e8re pour les Vocations.","og_url":"https:\/\/www.cgfmanet.org\/fr\/info-sphere\/journee-mondiale-de-priere-pour-les-vocations-2026\/","og_site_name":"Istituto Figlie di Maria Ausiliatrice","article_publisher":"https:\/\/www.facebook.com\/salesian.sisters.of.don.bosco\/","article_published_time":"2026-04-22T07:25:47+00:00","article_modified_time":"2026-04-25T20:41:03+00:00","og_image":[{"width":1181,"height":788,"url":"https:\/\/www.cgfmanet.org\/wp-content\/uploads\/2026\/04\/Giornata-di-Preghiera-Vocazioni-2026.jpg","type":"image\/jpeg"}],"author":"Redazione","twitter_card":"summary_large_image","twitter_creator":"@Cgfmanet_Org","twitter_site":"@Cgfmanet_Org","twitter_misc":{"\u00c9crit par":"Redazione","Dur\u00e9e de lecture estim\u00e9e":"6 minutes"},"schema":{"@context":"https:\/\/schema.org","@graph":[{"@type":"Article","@id":"https:\/\/www.cgfmanet.org\/fr\/info-sphere\/journee-mondiale-de-priere-pour-les-vocations-2026\/#article","isPartOf":{"@id":"https:\/\/www.cgfmanet.org\/fr\/info-sphere\/journee-mondiale-de-priere-pour-les-vocations-2026\/"},"author":{"name":"Redazione","@id":"https:\/\/www.cgfmanet.org\/es\/#\/schema\/person\/ce6473083f53ef0ef882cca23f0c8fb9"},"headline":"Journ\u00e9e Mondiale de Pri\u00e8re pour les Vocations 2026","datePublished":"2026-04-22T07:25:47+00:00","dateModified":"2026-04-25T20:41:03+00:00","mainEntityOfPage":{"@id":"https:\/\/www.cgfmanet.org\/fr\/info-sphere\/journee-mondiale-de-priere-pour-les-vocations-2026\/"},"wordCount":1156,"commentCount":0,"publisher":{"@id":"https:\/\/www.cgfmanet.org\/es\/#organization"},"image":{"@id":"https:\/\/www.cgfmanet.org\/fr\/info-sphere\/journee-mondiale-de-priere-pour-les-vocations-2026\/#primaryimage"},"thumbnailUrl":"https:\/\/www.cgfmanet.org\/wp-content\/uploads\/2026\/04\/Giornata-di-Preghiera-Vocazioni-2026.jpg","keywords":["Conseill\u00e8re pour la Pastorale des Jeunes","Pastorale des Jeunes","cultura vocazionale","Focus","Pape L\u00e9on XIV"],"articleSection":["Infosph\u00e8re","Eglise"],"inLanguage":"fr-FR","potentialAction":[{"@type":"CommentAction","name":"Comment","target":["https:\/\/www.cgfmanet.org\/fr\/info-sphere\/journee-mondiale-de-priere-pour-les-vocations-2026\/#respond"]}]},{"@type":"WebPage","@id":"https:\/\/www.cgfmanet.org\/fr\/info-sphere\/journee-mondiale-de-priere-pour-les-vocations-2026\/","url":"https:\/\/www.cgfmanet.org\/fr\/info-sphere\/journee-mondiale-de-priere-pour-les-vocations-2026\/","name":"Journ\u00e9e Mondiale de Pri\u00e8re pour les Vocations 2026 &#8226; Istituto Figlie di Maria Ausiliatrice","isPartOf":{"@id":"https:\/\/www.cgfmanet.org\/es\/#website"},"primaryImageOfPage":{"@id":"https:\/\/www.cgfmanet.org\/fr\/info-sphere\/journee-mondiale-de-priere-pour-les-vocations-2026\/#primaryimage"},"image":{"@id":"https:\/\/www.cgfmanet.org\/fr\/info-sphere\/journee-mondiale-de-priere-pour-les-vocations-2026\/#primaryimage"},"thumbnailUrl":"https:\/\/www.cgfmanet.org\/wp-content\/uploads\/2026\/04\/Giornata-di-Preghiera-Vocazioni-2026.jpg","datePublished":"2026-04-22T07:25:47+00:00","dateModified":"2026-04-25T20:41:03+00:00","description":"Le 26 avril 2026, lors du dimanche du Bon Pasteur, l\u2019Eglise c\u00e9l\u00e8brera la 63\u00e8me Journ\u00e9e Mondiale de Pri\u00e8re pour les Vocations.","breadcrumb":{"@id":"https:\/\/www.cgfmanet.org\/fr\/info-sphere\/journee-mondiale-de-priere-pour-les-vocations-2026\/#breadcrumb"},"inLanguage":"fr-FR","potentialAction":[{"@type":"ReadAction","target":["https:\/\/www.cgfmanet.org\/fr\/info-sphere\/journee-mondiale-de-priere-pour-les-vocations-2026\/"]}]},{"@type":"ImageObject","inLanguage":"fr-FR","@id":"https:\/\/www.cgfmanet.org\/fr\/info-sphere\/journee-mondiale-de-priere-pour-les-vocations-2026\/#primaryimage","url":"https:\/\/www.cgfmanet.org\/wp-content\/uploads\/2026\/04\/Giornata-di-Preghiera-Vocazioni-2026.jpg","contentUrl":"https:\/\/www.cgfmanet.org\/wp-content\/uploads\/2026\/04\/Giornata-di-Preghiera-Vocazioni-2026.jpg","width":1181,"height":788},{"@type":"BreadcrumbList","@id":"https:\/\/www.cgfmanet.org\/fr\/info-sphere\/journee-mondiale-de-priere-pour-les-vocations-2026\/#breadcrumb","itemListElement":[{"@type":"ListItem","position":1,"name":"Home","item":"https:\/\/www.cgfmanet.org\/fr\/"},{"@type":"ListItem","position":2,"name":"Journ\u00e9e Mondiale de Pri\u00e8re pour les Vocations 2026"}]},{"@type":"WebSite","@id":"https:\/\/www.cgfmanet.org\/es\/#website","url":"https:\/\/www.cgfmanet.org\/es\/","name":"Istituto Figlie di Maria Ausiliatrice","description":"Salesiane di Don Bosco","publisher":{"@id":"https:\/\/www.cgfmanet.org\/es\/#organization"},"potentialAction":[{"@type":"SearchAction","target":{"@type":"EntryPoint","urlTemplate":"https:\/\/www.cgfmanet.org\/es\/?s={search_term_string}"},"query-input":{"@type":"PropertyValueSpecification","valueRequired":true,"valueName":"search_term_string"}}],"inLanguage":"fr-FR"},{"@type":"Organization","@id":"https:\/\/www.cgfmanet.org\/es\/#organization","name":"Istituto Figlie di Maria Ausiliatrice","url":"https:\/\/www.cgfmanet.org\/es\/","logo":{"@type":"ImageObject","inLanguage":"fr-FR","@id":"https:\/\/www.cgfmanet.org\/es\/#\/schema\/logo\/image\/","url":"https:\/\/www.cgfmanet.org\/wp-content\/uploads\/2018\/10\/logo-fma.png","contentUrl":"https:\/\/www.cgfmanet.org\/wp-content\/uploads\/2018\/10\/logo-fma.png","width":214,"height":55,"caption":"Istituto Figlie di Maria Ausiliatrice"},"image":{"@id":"https:\/\/www.cgfmanet.org\/es\/#\/schema\/logo\/image\/"},"sameAs":["https:\/\/www.facebook.com\/salesian.sisters.of.don.bosco\/","https:\/\/x.com\/Cgfmanet_Org","https:\/\/www.youtube.com\/channel\/UCmcr8yFQBV7JXeXVxyV9y5Q"]},{"@type":"Person","@id":"https:\/\/www.cgfmanet.org\/es\/#\/schema\/person\/ce6473083f53ef0ef882cca23f0c8fb9","name":"Redazione"}]}},"_links":{"self":[{"href":"https:\/\/www.cgfmanet.org\/fr\/wp-json\/wp\/v2\/posts\/156157","targetHints":{"allow":["GET"]}}],"collection":[{"href":"https:\/\/www.cgfmanet.org\/fr\/wp-json\/wp\/v2\/posts"}],"about":[{"href":"https:\/\/www.cgfmanet.org\/fr\/wp-json\/wp\/v2\/types\/post"}],"author":[{"embeddable":true,"href":"https:\/\/www.cgfmanet.org\/fr\/wp-json\/wp\/v2\/users\/21"}],"replies":[{"embeddable":true,"href":"https:\/\/www.cgfmanet.org\/fr\/wp-json\/wp\/v2\/comments?post=156157"}],"version-history":[{"count":3,"href":"https:\/\/www.cgfmanet.org\/fr\/wp-json\/wp\/v2\/posts\/156157\/revisions"}],"predecessor-version":[{"id":156372,"href":"https:\/\/www.cgfmanet.org\/fr\/wp-json\/wp\/v2\/posts\/156157\/revisions\/156372"}],"wp:featuredmedia":[{"embeddable":true,"href":"https:\/\/www.cgfmanet.org\/fr\/wp-json\/wp\/v2\/media\/156152"}],"wp:attachment":[{"href":"https:\/\/www.cgfmanet.org\/fr\/wp-json\/wp\/v2\/media?parent=156157"}],"wp:term":[{"taxonomy":"category","embeddable":true,"href":"https:\/\/www.cgfmanet.org\/fr\/wp-json\/wp\/v2\/categories?post=156157"},{"taxonomy":"post_tag","embeddable":true,"href":"https:\/\/www.cgfmanet.org\/fr\/wp-json\/wp\/v2\/tags?post=156157"}],"curies":[{"name":"wp","href":"https:\/\/api.w.org\/{rel}","templated":true}]}}