{"id":156142,"date":"2026-04-21T09:15:54","date_gmt":"2026-04-21T07:15:54","guid":{"rendered":"https:\/\/www.cgfmanet.org\/info-sphere\/visita-di-suor-ena-bolanos-allispettoria-plj\/"},"modified":"2026-04-25T22:57:00","modified_gmt":"2026-04-25T20:57:00","slug":"visite-de-sr-ena-bolanos-a-la-province-plj","status":"publish","type":"post","link":"https:\/\/www.cgfmanet.org\/fr\/ifma-fr\/presence-oeuvres\/visite-de-sr-ena-bolanos-a-la-province-plj\/","title":{"rendered":"Visite de Sr. Ena Bola\u00f1os \u00e0 la Province PLJ"},"content":{"rendered":"<p><strong>\u0141<\/strong><strong>omianki (Pologne).<\/strong> Du 6 au 13 avril 2026, s\u0153ur Ena Veral\u00eds Bola\u00f1os, Conseill\u00e8re G\u00e9n\u00e9rale pour l\u2019Administration de l\u2019Institut des Filles de Marie Auxiliatrice, a effectu\u00e9 une visite d\u2019animation \u00e0 la Province Notre-Dame de Jasna G\u00f3ra (PLJ). Sa visite a \u00e9t\u00e9 une occasion pour les FMA d\u2019approfondir leur compr\u00e9hension de l\u2019\u00e9conomie dans la vie consacr\u00e9e et dans la mission \u00e9ducative.<\/p>\n<p>S\u0153ur Ena est arriv\u00e9e en Pologne le 6 avril, lundi de P\u00e2ques, entamant sa visite \u00e0 Cracovie. A l\u2019a\u00e9roport, elle a \u00e9t\u00e9 accueillie par la M\u00e8re Provinciale, s\u0153ur Ma\u0142gorzata Pilarska, par s\u0153ur Renata \u017bo\u0142nierek, Econome provinciale, et par la Vicaire provinciale, s\u0153ur Iwona Szymanik.<\/p>\n<p>Pogrzebie\u0144 a \u00e9t\u00e9 le premier lieu visit\u00e9 par s\u0153ur Ena, particuli\u00e8rement important dans l\u2019histoire de l\u2019Institut en Pologne, car c\u2019est l\u00e0 que la V\u00e9n\u00e9rable Servante de Dieu M\u00e8re Laura Meozzi, pionni\u00e8re de l\u2019\u0153uvre sal\u00e9sienne en Pologne, a pass\u00e9 les derni\u00e8res ann\u00e9es de sa vie. La visite de ce lieu symbolique est devenue une occasion de r\u00e9fl\u00e9chir aux origines et au d\u00e9veloppement du charisme dans cette partie de l\u2019Europe.<\/p>\n<p>Durant son s\u00e9jour dans la Province, la Conseill\u00e8re a visit\u00e9 sept autres Communaut\u00e9s, d\u00e9couvrant la diversit\u00e9 des activit\u00e9s \u00e9ducatives et pastorales qui s\u2019y d\u00e9roulent\u00a0: la Communaut\u00e9 <em>Bienheureuse Laura Vicu\u00f1a<\/em> de Cracovie, la Communaut\u00e9 <em>Saint Joseph<\/em> de Garb\u00f3w, la Communaut\u00e9 <em>Sainte Th\u00e9r\u00e8se<\/em> de Lublin, les Communaut\u00e9s <em>Saint Joseph et C\u0153ur Immacul\u00e9 de Marie<\/em> de \u0141omianki, la Communaut\u00e9 <em>M\u00e8re Laura Meozzi<\/em> de R\u00f3\u017canystok, la Communaut\u00e9 <em>Saint Jean Bosco<\/em> de \u0141\u00f3d\u017c. Au cours des rencontres avec les s\u0153urs, s\u0153ur Ena a partag\u00e9 ses r\u00e9flexions sur l\u2019importance de la pr\u00e9sence des Filles de Marie Auxiliatrice qui g\u00e9n\u00e8rent la vie. Un moment particuli\u00e8rement \u00e9mouvant a \u00e9t\u00e9 le souvenir des situations dans les Provinces o\u00f9 les s\u0153urs vivent dans des conditions extr\u00eamement difficiles et font face non seulement \u00e0 la pauvret\u00e9, mais \u00e9galement \u00e0 une menace r\u00e9elle pour leur vie. Malgr\u00e9 cela, elles restent fid\u00e8les \u00e0 leur mission, accompagnant les jeunes et les familles. A la fin des rencontres, elle a encourag\u00e9 les participantes \u00e0 approfondir leur attitude de solidarit\u00e9, de sensibilit\u00e9 envers les pauvres et de r\u00e9flexion sur leur t\u00e9moignage quotidien dans la vie.<\/p>\n<p>Les points importants de la visite ont \u00e9t\u00e9 les rencontres de formation, en premier lieu avec le Conseil provincial, le 10 avril, puis avec les Conseill\u00e8res, avec les Directrices des Communaut\u00e9s, les Directrices des \u0153uvres, les Economes locales et les s\u0153urs responsables du VIDES Pologne, de la PJS et de la Fondation <em>Ensemble pour l\u2019Education.<\/em> Cette rencontre, \u00e0 laquelle ont particip\u00e9 61 FMA, s\u2019est d\u00e9roul\u00e9e les 11 et 12 avril \u00e0 O\u0142tarzew, pr\u00e8s de Varsovie.<\/p>\n<p>S\u2019appuyant sur les Constitutions des FMA, l\u2019exp\u00e9rience de Dom Bosco et de M\u00e8re Mazzarello et r\u00e9fl\u00e9chissant aux racines charismatiques de l\u2019administration \u00e9conomique, s\u0153ur Ena a pr\u00e9sent\u00e9 l\u2019\u00e9conomie comme une dimension int\u00e9grante de la vie consacr\u00e9e. Elle a soulign\u00e9 que l\u2019\u00e9conomie n\u2019est pas seulement la gestion des ressources, mais \u00e9galement \u2018\u2019l\u2019art de g\u00e9rer\u2019\u2019, entendu comme un soin commun pour les personnes confi\u00e9es aux FMA, la maison et la mission. Dans le contexte du monde moderne, caract\u00e9ris\u00e9 par le consum\u00e9risme et les in\u00e9galit\u00e9s, elle a rappel\u00e9 la n\u00e9cessit\u00e9 d\u2019\u00e9duquer les personnes \u00e0 un usage responsable des biens et \u00e0 une \u00e9conomie qui place la personne au centre. Elle a \u00e9galement encourag\u00e9 les s\u0153urs \u00e0 reconsid\u00e9rer la signification du v\u0153u de pauvret\u00e9 et les choix qui en d\u00e9coulent\u00a0: la primaut\u00e9 de Dieu, la sobri\u00e9t\u00e9, la coresponsabilit\u00e9 et la mission parmi les pauvres.<\/p>\n<p>La visite de s\u0153ur Ena a suscit\u00e9 gratitude et inspiration dans le c\u0153ur des s\u0153urs, devenant une invitation \u00e0 renouveler la fid\u00e9lit\u00e9 au charisme et \u00e0 approfondir le v\u0153u de pauvret\u00e9. Pour beaucoup, cela a \u00e9t\u00e9 un moment de retour aux racines de leur vocation et un d\u00e9sir de renouveau.<\/p>\n<p><strong>Photos : <span style=\"color: #0000ff;\"><a style=\"color: #0000ff;\" href=\"https:\/\/www.flickr.com\/photos\/137890103@N08\/albums\/72177720333211868\/\" target=\"_blank\" rel=\"noopener\">Flickr FMA<\/a><\/span><\/strong><\/p>\n","protected":false},"excerpt":{"rendered":"<p>\u0141omianki (Pologne). Du 6 au 13 avril 2026, s\u0153ur Ena Veral\u00eds Bola\u00f1os, Conseill\u00e8re G\u00e9n\u00e9rale pour l\u2019Administration de l\u2019Institut des Filles de Marie Auxiliatrice, a effectu\u00e9 une visite d\u2019animation \u00e0 la [&hellip;]<\/p>\n","protected":false},"author":21,"featured_media":156137,"comment_status":"open","ping_status":"closed","sticky":false,"template":"","format":"standard","meta":{"footnotes":""},"categories":[156,185],"tags":[254,1661,2037,2249,2387],"class_list":["post-156142","post","type-post","status-publish","format-standard","has-post-thumbnail","category-ifma-fr","category-presence-oeuvres","tag-conseillere-pour-ladministration","tag-carisma-salesiano-fr","tag-economie","tag-plj-fr","tag-economa-generale-fr"],"yoast_head":"<!-- This site is optimized with the Yoast SEO plugin v27.4 - https:\/\/yoast.com\/product\/yoast-seo-wordpress\/ -->\n<title>Visite de Sr. Ena Bola\u00f1os \u00e0 la Province PLJ &#8226; Istituto Figlie di Maria Ausiliatrice<\/title>\n<meta name=\"description\" content=\"Du 6 au 13 avril 2026, s\u0153ur Ena Veral\u00eds Bola\u00f1os, Conseill\u00e8re G\u00e9n\u00e9rale pour l\u2019Administration de l\u2019Institut FMA a effectu\u00e9 une visite d\u2019animation \u00e0 la Province polonaise PLJ.\" \/>\n<meta name=\"robots\" content=\"index, follow, max-snippet:-1, max-image-preview:large, max-video-preview:-1\" \/>\n<link rel=\"canonical\" href=\"https:\/\/www.cgfmanet.org\/fr\/ifma-fr\/presence-oeuvres\/visite-de-sr-ena-bolanos-a-la-province-plj\/\" \/>\n<meta property=\"og:locale\" content=\"fr_FR\" \/>\n<meta property=\"og:type\" content=\"article\" \/>\n<meta property=\"og:title\" content=\"Visite de Sr. Ena Bola\u00f1os \u00e0 la Province PLJ &#8226; Istituto Figlie di Maria Ausiliatrice\" \/>\n<meta property=\"og:description\" content=\"Du 6 au 13 avril 2026, s\u0153ur Ena Veral\u00eds Bola\u00f1os, Conseill\u00e8re G\u00e9n\u00e9rale pour l\u2019Administration de l\u2019Institut FMA a effectu\u00e9 une visite d\u2019animation \u00e0 la Province polonaise PLJ.\" \/>\n<meta property=\"og:url\" content=\"https:\/\/www.cgfmanet.org\/fr\/ifma-fr\/presence-oeuvres\/visite-de-sr-ena-bolanos-a-la-province-plj\/\" \/>\n<meta property=\"og:site_name\" content=\"Istituto Figlie di Maria Ausiliatrice\" \/>\n<meta property=\"article:publisher\" content=\"https:\/\/www.facebook.com\/salesian.sisters.of.don.bosco\/\" \/>\n<meta property=\"article:published_time\" content=\"2026-04-21T07:15:54+00:00\" \/>\n<meta property=\"article:modified_time\" content=\"2026-04-25T20:57:00+00:00\" \/>\n<meta property=\"og:image\" content=\"https:\/\/www.cgfmanet.org\/wp-content\/uploads\/2026\/04\/Visita-si-sr-Ena_Ispettoria-PLJ.jpg\" \/>\n\t<meta property=\"og:image:width\" content=\"1181\" \/>\n\t<meta property=\"og:image:height\" content=\"788\" \/>\n\t<meta property=\"og:image:type\" content=\"image\/jpeg\" \/>\n<meta name=\"author\" content=\"Redazione\" \/>\n<meta name=\"twitter:card\" content=\"summary_large_image\" \/>\n<meta name=\"twitter:creator\" content=\"@Cgfmanet_Org\" \/>\n<meta name=\"twitter:site\" content=\"@Cgfmanet_Org\" \/>\n<meta name=\"twitter:label1\" content=\"\u00c9crit par\" \/>\n\t<meta name=\"twitter:data1\" content=\"Redazione\" \/>\n\t<meta name=\"twitter:label2\" content=\"Dur\u00e9e de lecture estim\u00e9e\" \/>\n\t<meta name=\"twitter:data2\" content=\"4 minutes\" \/>\n<script type=\"application\/ld+json\" class=\"yoast-schema-graph\">{\"@context\":\"https:\\\/\\\/schema.org\",\"@graph\":[{\"@type\":\"Article\",\"@id\":\"https:\\\/\\\/www.cgfmanet.org\\\/fr\\\/ifma-fr\\\/presence-oeuvres\\\/visite-de-sr-ena-bolanos-a-la-province-plj\\\/#article\",\"isPartOf\":{\"@id\":\"https:\\\/\\\/www.cgfmanet.org\\\/fr\\\/ifma-fr\\\/presence-oeuvres\\\/visite-de-sr-ena-bolanos-a-la-province-plj\\\/\"},\"author\":{\"name\":\"Redazione\",\"@id\":\"https:\\\/\\\/www.cgfmanet.org\\\/es\\\/#\\\/schema\\\/person\\\/ce6473083f53ef0ef882cca23f0c8fb9\"},\"headline\":\"Visite de Sr. Ena Bola\u00f1os \u00e0 la Province PLJ\",\"datePublished\":\"2026-04-21T07:15:54+00:00\",\"dateModified\":\"2026-04-25T20:57:00+00:00\",\"mainEntityOfPage\":{\"@id\":\"https:\\\/\\\/www.cgfmanet.org\\\/fr\\\/ifma-fr\\\/presence-oeuvres\\\/visite-de-sr-ena-bolanos-a-la-province-plj\\\/\"},\"wordCount\":719,\"commentCount\":0,\"publisher\":{\"@id\":\"https:\\\/\\\/www.cgfmanet.org\\\/es\\\/#organization\"},\"image\":{\"@id\":\"https:\\\/\\\/www.cgfmanet.org\\\/fr\\\/ifma-fr\\\/presence-oeuvres\\\/visite-de-sr-ena-bolanos-a-la-province-plj\\\/#primaryimage\"},\"thumbnailUrl\":\"https:\\\/\\\/www.cgfmanet.org\\\/wp-content\\\/uploads\\\/2026\\\/04\\\/Visita-si-sr-Ena_Ispettoria-PLJ.jpg\",\"keywords\":[\"Conseill\u00e8re pour l\u2019Administration\",\"Carisma salesiano\",\"\u00c9conomie\",\"PLJ\",\"Economa Generale\"],\"articleSection\":[\"IFMA\",\"Pr\u00e9sence et \u0152uvres\"],\"inLanguage\":\"fr-FR\",\"potentialAction\":[{\"@type\":\"CommentAction\",\"name\":\"Comment\",\"target\":[\"https:\\\/\\\/www.cgfmanet.org\\\/fr\\\/ifma-fr\\\/presence-oeuvres\\\/visite-de-sr-ena-bolanos-a-la-province-plj\\\/#respond\"]}]},{\"@type\":\"WebPage\",\"@id\":\"https:\\\/\\\/www.cgfmanet.org\\\/fr\\\/ifma-fr\\\/presence-oeuvres\\\/visite-de-sr-ena-bolanos-a-la-province-plj\\\/\",\"url\":\"https:\\\/\\\/www.cgfmanet.org\\\/fr\\\/ifma-fr\\\/presence-oeuvres\\\/visite-de-sr-ena-bolanos-a-la-province-plj\\\/\",\"name\":\"Visite de Sr. Ena Bola\u00f1os \u00e0 la Province PLJ &#8226; Istituto Figlie di Maria Ausiliatrice\",\"isPartOf\":{\"@id\":\"https:\\\/\\\/www.cgfmanet.org\\\/es\\\/#website\"},\"primaryImageOfPage\":{\"@id\":\"https:\\\/\\\/www.cgfmanet.org\\\/fr\\\/ifma-fr\\\/presence-oeuvres\\\/visite-de-sr-ena-bolanos-a-la-province-plj\\\/#primaryimage\"},\"image\":{\"@id\":\"https:\\\/\\\/www.cgfmanet.org\\\/fr\\\/ifma-fr\\\/presence-oeuvres\\\/visite-de-sr-ena-bolanos-a-la-province-plj\\\/#primaryimage\"},\"thumbnailUrl\":\"https:\\\/\\\/www.cgfmanet.org\\\/wp-content\\\/uploads\\\/2026\\\/04\\\/Visita-si-sr-Ena_Ispettoria-PLJ.jpg\",\"datePublished\":\"2026-04-21T07:15:54+00:00\",\"dateModified\":\"2026-04-25T20:57:00+00:00\",\"description\":\"Du 6 au 13 avril 2026, s\u0153ur Ena Veral\u00eds Bola\u00f1os, Conseill\u00e8re G\u00e9n\u00e9rale pour l\u2019Administration de l\u2019Institut FMA a effectu\u00e9 une visite d\u2019animation \u00e0 la Province polonaise PLJ.\",\"breadcrumb\":{\"@id\":\"https:\\\/\\\/www.cgfmanet.org\\\/fr\\\/ifma-fr\\\/presence-oeuvres\\\/visite-de-sr-ena-bolanos-a-la-province-plj\\\/#breadcrumb\"},\"inLanguage\":\"fr-FR\",\"potentialAction\":[{\"@type\":\"ReadAction\",\"target\":[\"https:\\\/\\\/www.cgfmanet.org\\\/fr\\\/ifma-fr\\\/presence-oeuvres\\\/visite-de-sr-ena-bolanos-a-la-province-plj\\\/\"]}]},{\"@type\":\"ImageObject\",\"inLanguage\":\"fr-FR\",\"@id\":\"https:\\\/\\\/www.cgfmanet.org\\\/fr\\\/ifma-fr\\\/presence-oeuvres\\\/visite-de-sr-ena-bolanos-a-la-province-plj\\\/#primaryimage\",\"url\":\"https:\\\/\\\/www.cgfmanet.org\\\/wp-content\\\/uploads\\\/2026\\\/04\\\/Visita-si-sr-Ena_Ispettoria-PLJ.jpg\",\"contentUrl\":\"https:\\\/\\\/www.cgfmanet.org\\\/wp-content\\\/uploads\\\/2026\\\/04\\\/Visita-si-sr-Ena_Ispettoria-PLJ.jpg\",\"width\":1181,\"height\":788},{\"@type\":\"BreadcrumbList\",\"@id\":\"https:\\\/\\\/www.cgfmanet.org\\\/fr\\\/ifma-fr\\\/presence-oeuvres\\\/visite-de-sr-ena-bolanos-a-la-province-plj\\\/#breadcrumb\",\"itemListElement\":[{\"@type\":\"ListItem\",\"position\":1,\"name\":\"Home\",\"item\":\"https:\\\/\\\/www.cgfmanet.org\\\/fr\\\/\"},{\"@type\":\"ListItem\",\"position\":2,\"name\":\"Visite de Sr. Ena Bola\u00f1os \u00e0 la Province PLJ\"}]},{\"@type\":\"WebSite\",\"@id\":\"https:\\\/\\\/www.cgfmanet.org\\\/es\\\/#website\",\"url\":\"https:\\\/\\\/www.cgfmanet.org\\\/es\\\/\",\"name\":\"Istituto Figlie di Maria Ausiliatrice\",\"description\":\"Salesiane di Don Bosco\",\"publisher\":{\"@id\":\"https:\\\/\\\/www.cgfmanet.org\\\/es\\\/#organization\"},\"potentialAction\":[{\"@type\":\"SearchAction\",\"target\":{\"@type\":\"EntryPoint\",\"urlTemplate\":\"https:\\\/\\\/www.cgfmanet.org\\\/es\\\/?s={search_term_string}\"},\"query-input\":{\"@type\":\"PropertyValueSpecification\",\"valueRequired\":true,\"valueName\":\"search_term_string\"}}],\"inLanguage\":\"fr-FR\"},{\"@type\":\"Organization\",\"@id\":\"https:\\\/\\\/www.cgfmanet.org\\\/es\\\/#organization\",\"name\":\"Istituto Figlie di Maria Ausiliatrice\",\"url\":\"https:\\\/\\\/www.cgfmanet.org\\\/es\\\/\",\"logo\":{\"@type\":\"ImageObject\",\"inLanguage\":\"fr-FR\",\"@id\":\"https:\\\/\\\/www.cgfmanet.org\\\/es\\\/#\\\/schema\\\/logo\\\/image\\\/\",\"url\":\"https:\\\/\\\/www.cgfmanet.org\\\/wp-content\\\/uploads\\\/2018\\\/10\\\/logo-fma.png\",\"contentUrl\":\"https:\\\/\\\/www.cgfmanet.org\\\/wp-content\\\/uploads\\\/2018\\\/10\\\/logo-fma.png\",\"width\":214,\"height\":55,\"caption\":\"Istituto Figlie di Maria Ausiliatrice\"},\"image\":{\"@id\":\"https:\\\/\\\/www.cgfmanet.org\\\/es\\\/#\\\/schema\\\/logo\\\/image\\\/\"},\"sameAs\":[\"https:\\\/\\\/www.facebook.com\\\/salesian.sisters.of.don.bosco\\\/\",\"https:\\\/\\\/x.com\\\/Cgfmanet_Org\",\"https:\\\/\\\/www.youtube.com\\\/channel\\\/UCmcr8yFQBV7JXeXVxyV9y5Q\"]},{\"@type\":\"Person\",\"@id\":\"https:\\\/\\\/www.cgfmanet.org\\\/es\\\/#\\\/schema\\\/person\\\/ce6473083f53ef0ef882cca23f0c8fb9\",\"name\":\"Redazione\"}]}<\/script>\n<!-- \/ Yoast SEO plugin. -->","yoast_head_json":{"title":"Visite de Sr. Ena Bola\u00f1os \u00e0 la Province PLJ &#8226; Istituto Figlie di Maria Ausiliatrice","description":"Du 6 au 13 avril 2026, s\u0153ur Ena Veral\u00eds Bola\u00f1os, Conseill\u00e8re G\u00e9n\u00e9rale pour l\u2019Administration de l\u2019Institut FMA a effectu\u00e9 une visite d\u2019animation \u00e0 la Province polonaise PLJ.","robots":{"index":"index","follow":"follow","max-snippet":"max-snippet:-1","max-image-preview":"max-image-preview:large","max-video-preview":"max-video-preview:-1"},"canonical":"https:\/\/www.cgfmanet.org\/fr\/ifma-fr\/presence-oeuvres\/visite-de-sr-ena-bolanos-a-la-province-plj\/","og_locale":"fr_FR","og_type":"article","og_title":"Visite de Sr. Ena Bola\u00f1os \u00e0 la Province PLJ &#8226; Istituto Figlie di Maria Ausiliatrice","og_description":"Du 6 au 13 avril 2026, s\u0153ur Ena Veral\u00eds Bola\u00f1os, Conseill\u00e8re G\u00e9n\u00e9rale pour l\u2019Administration de l\u2019Institut FMA a effectu\u00e9 une visite d\u2019animation \u00e0 la Province polonaise PLJ.","og_url":"https:\/\/www.cgfmanet.org\/fr\/ifma-fr\/presence-oeuvres\/visite-de-sr-ena-bolanos-a-la-province-plj\/","og_site_name":"Istituto Figlie di Maria Ausiliatrice","article_publisher":"https:\/\/www.facebook.com\/salesian.sisters.of.don.bosco\/","article_published_time":"2026-04-21T07:15:54+00:00","article_modified_time":"2026-04-25T20:57:00+00:00","og_image":[{"width":1181,"height":788,"url":"https:\/\/www.cgfmanet.org\/wp-content\/uploads\/2026\/04\/Visita-si-sr-Ena_Ispettoria-PLJ.jpg","type":"image\/jpeg"}],"author":"Redazione","twitter_card":"summary_large_image","twitter_creator":"@Cgfmanet_Org","twitter_site":"@Cgfmanet_Org","twitter_misc":{"\u00c9crit par":"Redazione","Dur\u00e9e de lecture estim\u00e9e":"4 minutes"},"schema":{"@context":"https:\/\/schema.org","@graph":[{"@type":"Article","@id":"https:\/\/www.cgfmanet.org\/fr\/ifma-fr\/presence-oeuvres\/visite-de-sr-ena-bolanos-a-la-province-plj\/#article","isPartOf":{"@id":"https:\/\/www.cgfmanet.org\/fr\/ifma-fr\/presence-oeuvres\/visite-de-sr-ena-bolanos-a-la-province-plj\/"},"author":{"name":"Redazione","@id":"https:\/\/www.cgfmanet.org\/es\/#\/schema\/person\/ce6473083f53ef0ef882cca23f0c8fb9"},"headline":"Visite de Sr. Ena Bola\u00f1os \u00e0 la Province PLJ","datePublished":"2026-04-21T07:15:54+00:00","dateModified":"2026-04-25T20:57:00+00:00","mainEntityOfPage":{"@id":"https:\/\/www.cgfmanet.org\/fr\/ifma-fr\/presence-oeuvres\/visite-de-sr-ena-bolanos-a-la-province-plj\/"},"wordCount":719,"commentCount":0,"publisher":{"@id":"https:\/\/www.cgfmanet.org\/es\/#organization"},"image":{"@id":"https:\/\/www.cgfmanet.org\/fr\/ifma-fr\/presence-oeuvres\/visite-de-sr-ena-bolanos-a-la-province-plj\/#primaryimage"},"thumbnailUrl":"https:\/\/www.cgfmanet.org\/wp-content\/uploads\/2026\/04\/Visita-si-sr-Ena_Ispettoria-PLJ.jpg","keywords":["Conseill\u00e8re pour l\u2019Administration","Carisma salesiano","\u00c9conomie","PLJ","Economa Generale"],"articleSection":["IFMA","Pr\u00e9sence et \u0152uvres"],"inLanguage":"fr-FR","potentialAction":[{"@type":"CommentAction","name":"Comment","target":["https:\/\/www.cgfmanet.org\/fr\/ifma-fr\/presence-oeuvres\/visite-de-sr-ena-bolanos-a-la-province-plj\/#respond"]}]},{"@type":"WebPage","@id":"https:\/\/www.cgfmanet.org\/fr\/ifma-fr\/presence-oeuvres\/visite-de-sr-ena-bolanos-a-la-province-plj\/","url":"https:\/\/www.cgfmanet.org\/fr\/ifma-fr\/presence-oeuvres\/visite-de-sr-ena-bolanos-a-la-province-plj\/","name":"Visite de Sr. Ena Bola\u00f1os \u00e0 la Province PLJ &#8226; Istituto Figlie di Maria Ausiliatrice","isPartOf":{"@id":"https:\/\/www.cgfmanet.org\/es\/#website"},"primaryImageOfPage":{"@id":"https:\/\/www.cgfmanet.org\/fr\/ifma-fr\/presence-oeuvres\/visite-de-sr-ena-bolanos-a-la-province-plj\/#primaryimage"},"image":{"@id":"https:\/\/www.cgfmanet.org\/fr\/ifma-fr\/presence-oeuvres\/visite-de-sr-ena-bolanos-a-la-province-plj\/#primaryimage"},"thumbnailUrl":"https:\/\/www.cgfmanet.org\/wp-content\/uploads\/2026\/04\/Visita-si-sr-Ena_Ispettoria-PLJ.jpg","datePublished":"2026-04-21T07:15:54+00:00","dateModified":"2026-04-25T20:57:00+00:00","description":"Du 6 au 13 avril 2026, s\u0153ur Ena Veral\u00eds Bola\u00f1os, Conseill\u00e8re G\u00e9n\u00e9rale pour l\u2019Administration de l\u2019Institut FMA a effectu\u00e9 une visite d\u2019animation \u00e0 la Province polonaise PLJ.","breadcrumb":{"@id":"https:\/\/www.cgfmanet.org\/fr\/ifma-fr\/presence-oeuvres\/visite-de-sr-ena-bolanos-a-la-province-plj\/#breadcrumb"},"inLanguage":"fr-FR","potentialAction":[{"@type":"ReadAction","target":["https:\/\/www.cgfmanet.org\/fr\/ifma-fr\/presence-oeuvres\/visite-de-sr-ena-bolanos-a-la-province-plj\/"]}]},{"@type":"ImageObject","inLanguage":"fr-FR","@id":"https:\/\/www.cgfmanet.org\/fr\/ifma-fr\/presence-oeuvres\/visite-de-sr-ena-bolanos-a-la-province-plj\/#primaryimage","url":"https:\/\/www.cgfmanet.org\/wp-content\/uploads\/2026\/04\/Visita-si-sr-Ena_Ispettoria-PLJ.jpg","contentUrl":"https:\/\/www.cgfmanet.org\/wp-content\/uploads\/2026\/04\/Visita-si-sr-Ena_Ispettoria-PLJ.jpg","width":1181,"height":788},{"@type":"BreadcrumbList","@id":"https:\/\/www.cgfmanet.org\/fr\/ifma-fr\/presence-oeuvres\/visite-de-sr-ena-bolanos-a-la-province-plj\/#breadcrumb","itemListElement":[{"@type":"ListItem","position":1,"name":"Home","item":"https:\/\/www.cgfmanet.org\/fr\/"},{"@type":"ListItem","position":2,"name":"Visite de Sr. Ena Bola\u00f1os \u00e0 la Province PLJ"}]},{"@type":"WebSite","@id":"https:\/\/www.cgfmanet.org\/es\/#website","url":"https:\/\/www.cgfmanet.org\/es\/","name":"Istituto Figlie di Maria Ausiliatrice","description":"Salesiane di Don Bosco","publisher":{"@id":"https:\/\/www.cgfmanet.org\/es\/#organization"},"potentialAction":[{"@type":"SearchAction","target":{"@type":"EntryPoint","urlTemplate":"https:\/\/www.cgfmanet.org\/es\/?s={search_term_string}"},"query-input":{"@type":"PropertyValueSpecification","valueRequired":true,"valueName":"search_term_string"}}],"inLanguage":"fr-FR"},{"@type":"Organization","@id":"https:\/\/www.cgfmanet.org\/es\/#organization","name":"Istituto Figlie di Maria Ausiliatrice","url":"https:\/\/www.cgfmanet.org\/es\/","logo":{"@type":"ImageObject","inLanguage":"fr-FR","@id":"https:\/\/www.cgfmanet.org\/es\/#\/schema\/logo\/image\/","url":"https:\/\/www.cgfmanet.org\/wp-content\/uploads\/2018\/10\/logo-fma.png","contentUrl":"https:\/\/www.cgfmanet.org\/wp-content\/uploads\/2018\/10\/logo-fma.png","width":214,"height":55,"caption":"Istituto Figlie di Maria Ausiliatrice"},"image":{"@id":"https:\/\/www.cgfmanet.org\/es\/#\/schema\/logo\/image\/"},"sameAs":["https:\/\/www.facebook.com\/salesian.sisters.of.don.bosco\/","https:\/\/x.com\/Cgfmanet_Org","https:\/\/www.youtube.com\/channel\/UCmcr8yFQBV7JXeXVxyV9y5Q"]},{"@type":"Person","@id":"https:\/\/www.cgfmanet.org\/es\/#\/schema\/person\/ce6473083f53ef0ef882cca23f0c8fb9","name":"Redazione"}]}},"_links":{"self":[{"href":"https:\/\/www.cgfmanet.org\/fr\/wp-json\/wp\/v2\/posts\/156142","targetHints":{"allow":["GET"]}}],"collection":[{"href":"https:\/\/www.cgfmanet.org\/fr\/wp-json\/wp\/v2\/posts"}],"about":[{"href":"https:\/\/www.cgfmanet.org\/fr\/wp-json\/wp\/v2\/types\/post"}],"author":[{"embeddable":true,"href":"https:\/\/www.cgfmanet.org\/fr\/wp-json\/wp\/v2\/users\/21"}],"replies":[{"embeddable":true,"href":"https:\/\/www.cgfmanet.org\/fr\/wp-json\/wp\/v2\/comments?post=156142"}],"version-history":[{"count":2,"href":"https:\/\/www.cgfmanet.org\/fr\/wp-json\/wp\/v2\/posts\/156142\/revisions"}],"predecessor-version":[{"id":156379,"href":"https:\/\/www.cgfmanet.org\/fr\/wp-json\/wp\/v2\/posts\/156142\/revisions\/156379"}],"wp:featuredmedia":[{"embeddable":true,"href":"https:\/\/www.cgfmanet.org\/fr\/wp-json\/wp\/v2\/media\/156137"}],"wp:attachment":[{"href":"https:\/\/www.cgfmanet.org\/fr\/wp-json\/wp\/v2\/media?parent=156142"}],"wp:term":[{"taxonomy":"category","embeddable":true,"href":"https:\/\/www.cgfmanet.org\/fr\/wp-json\/wp\/v2\/categories?post=156142"},{"taxonomy":"post_tag","embeddable":true,"href":"https:\/\/www.cgfmanet.org\/fr\/wp-json\/wp\/v2\/tags?post=156142"}],"curies":[{"name":"wp","href":"https:\/\/api.w.org\/{rel}","templated":true}]}}