{"id":156126,"date":"2026-04-20T16:21:11","date_gmt":"2026-04-20T14:21:11","guid":{"rendered":"https:\/\/www.cgfmanet.org\/info-sphere\/4-incontro-pellegrinaggio-online-pem-la-forza-contagiosa-della-comunita\/"},"modified":"2026-04-25T22:38:04","modified_gmt":"2026-04-25T20:38:04","slug":"4eme-rencontre-du-pelerinage-en-ligne-du-pem-la-force-contagieuse-de-la-communaute","status":"publish","type":"post","link":"https:\/\/www.cgfmanet.org\/fr\/ifma-fr\/4eme-rencontre-du-pelerinage-en-ligne-du-pem-la-force-contagieuse-de-la-communaute\/","title":{"rendered":"4\u00e8me rencontre du p\u00e8lerinage en ligne du PEM : La force contagieuse de la communaut\u00e9"},"content":{"rendered":"<p><strong>Rome (Italie).<\/strong> Le dimanche 19 avril 2026 s\u2019est tenue la quatri\u00e8me rencontre du p\u00e8lerinage en ligne du Projet de spiritualit\u00e9 missionnaire (PEM), organis\u00e9 par le Secteur des missions de l\u2019Institut des Filles de Marie Auxiliatrice en collaboration avec l\u2019\u00e9quipe du PEM, sur les lieux du continent am\u00e9ricain o\u00f9 les premi\u00e8res FMA sont arriv\u00e9es en 1877.<\/p>\n<p>Ce parcours, compos\u00e9 de huit \u00e9tapes, s\u2019inscrit dans le cadre du Triennat de pr\u00e9paration au 150<sup>\u00e8me<\/sup> anniversaire de la premi\u00e8re exp\u00e9dition missionnaire (2024-2027) sur le th\u00e8me <strong>\u00ab C\u2019est maintenant le moment de raviver le feu \u2013 150<sup>\u00e8me<\/sup> anniversaire des missions FMA \u00bb<\/strong>, avec pour objectif de <em>\u00ab c\u00e9l\u00e9brer avec un c\u0153ur reconnaissant l\u2019ardeur missionnaire de l\u2019Institut afin de raviver, dans le contexte contemporain, l\u2019\u00e9lan proph\u00e9tique de notre charisme comme don \u00e0 l\u2019\u00c9glise et \u00e0 l\u2019humanit\u00e9 \u00bb <\/em>(Circulaire n\u00b0 1038).<\/p>\n<p>Lors des trois rencontres pr\u00e9c\u00e9dentes, <strong>Villa Col\u00f3n \u2013 Las Piedras en Uruguay, puis Almagro \u2013 La Boca et la Patagonie du Nord avaient \u00e9t\u00e9 pr\u00e9sent\u00e9s : Fortin \u2013 Carmen de Patagonia \u2013 Viedma<\/strong>, tandis que le 19 avril a \u00e9t\u00e9 mise en avant la force contagieuse d\u2019une communaut\u00e9 de missionnaires de Jun\u00edn de los Andes qui inspirent par leur t\u00e9moignage, r\u00e9veillant des d\u00e9sirs de saintet\u00e9 qui s\u2019\u00e9panouissent chez les jeunes de Patagonie : la bienheureuse Laura Vicu\u00f1a et le bienheureux Ceferino Namuncur\u00e1.<\/p>\n<p>La ville de <strong>Jun\u00edn de los Andes<\/strong> est situ\u00e9e \u00e0 780 m\u00e8tres d&rsquo;altitude, entre lacs et montagnes, au sud-ouest de la province de Neuqu\u00e9n. \u00c0 l&rsquo;arriv\u00e9e des premiers sal\u00e9siens, dirig\u00e9s par le p\u00e8re Domenico Milanesio, en 1892, le village comptait un peu plus de 400 habitants. Une partie du b\u00e2timent, construit \u00e0 Jun\u00edn par les Sal\u00e9siens, \u00e9tait r\u00e9serv\u00e9e \u00e0 la communaut\u00e9 des Filles de Marie Auxiliatrice, que le p\u00e8re Milanesio avait demand\u00e9e \u00e0 la province du Chili, car la visitation de Viedma \u00e9tait beaucoup plus \u00e9loign\u00e9e et le transfert aurait \u00e9t\u00e9 trop p\u00e9nible.<\/p>\n<p>Le 28 novembre 1897, le Sal\u00e9sien partit pour Santiago du Chili afin d\u2019aller \u00e0 leur rencontre. Ce n\u2019est que le 29 janvier 1899, apr\u00e8s de nombreuses p\u00e9rip\u00e9ties et un long et p\u00e9nible voyage \u00e0 travers la Cordill\u00e8re qui dura neuf mois, que <strong>S\u0153ur Angela Piai, S\u0153ur Rosa Az\u00f3car et la jeune postulante Carmen Opazo<\/strong> arriv\u00e8rent \u00e0 Jun\u00edn de los Andes, pour s\u2019occuper des t\u00e2ches m\u00e9nag\u00e8res, de la cuisine, de la buanderie et d\u2019un petit internat et d\u2019une \u00e9cole pour les filles les plus pauvres, en particulier pour les indig\u00e8nes de la r\u00e9gion.<\/p>\n<p>La communaut\u00e9 des FMA a surmont\u00e9 avec une grande dignit\u00e9 les nombreuses difficult\u00e9s et incertitudes que leur imposait, au d\u00e9but de leur mission \u00e0 Jun\u00edn, une vie isol\u00e9e, loin de tout centre urbain et d\u00e9pourvue des ressources n\u00e9cessaires pour subvenir aux besoins essentiels. La communaut\u00e9 a su <strong>cr\u00e9er un environnement familial et accueillant<\/strong> pour de nombreuses jeunes filles et femmes d\u00e9sesp\u00e9r\u00e9es, qui avaient besoin de protection dans ces contr\u00e9es montagneuses recul\u00e9es. C&rsquo;est en ce lieu, o\u00f9 il manquait beaucoup de choses, mais o\u00f9 rien ne manquait \u00e0 celles qui voulaient devenir saintes, que m\u00fbrit la saintet\u00e9 h\u00e9ro\u00efque de Laura Vicu\u00f1a Pino, qui fut accueillie avec sa s\u0153ur Amanda l&rsquo;ann\u00e9e suivant la fondation du Coll\u00e8ge.<\/p>\n<p><strong>S\u0153ur Ruth del Pilar Mora, Conseill\u00e8re g\u00e9n\u00e9rale pour les Missions<\/strong>, dans son allocution d\u2019ouverture, a invit\u00e9 tous les participants au p\u00e8lerinage \u00e0 r\u00e9fl\u00e9chir <strong>sur le t\u00e9moignage et la force contagieuse de la communaut\u00e9 :<\/strong><\/p>\n<p><em>\u00ab C\u2019est pr\u00e9cis\u00e9ment dans un tel environnement \u00e9ducatif, riche en relations authentiques, en foi v\u00e9cue avec simplicit\u00e9 et en amour concret, que se sont \u00e9panouies des exp\u00e9riences lumineuses de saintet\u00e9 juv\u00e9nile et missionnaire. Pensons \u00e0 Laura Vicu\u00f1a et \u00e0 Zefferino Namuncur\u00e1. Leur saintet\u00e9 ne na\u00eet pas de gestes extraordinaires, mais d\u2019un contexte \u00e9ducatif capable de transmettre l\u2019\u00c9vangile par la vie. Des environnements o\u00f9 l\u2019on respirait des valeurs humaines profondes et une foi simple, t\u00e9moign\u00e9es par des \u00e9ducateurs et des communaut\u00e9s qui vivaient ce qu\u2019ils annon\u00e7aient.<\/em><\/p>\n<p><em>Le t\u00e9moignage de l\u2019environnement sal\u00e9sien a pr\u00e9par\u00e9 le terrain pour que la graine de la gr\u00e2ce puisse germer. C\u2019est l\u00e0 que Laura a appris \u00e0 donner sa vie avec amour ; c\u2019est l\u00e0 que Zefferino a m\u00fbri le d\u00e9sir de suivre J\u00e9sus avec un c\u0153ur pur et un esprit missionnaire. <strong>La communaut\u00e9 a \u00e9t\u00e9 pour eux un lieu d\u2019accompagnement, de discernement et de saintet\u00e9 possible. <\/strong>\u00bb<\/em><\/p>\n<p>La Conseill\u00e8re a conclu en formulant ce v\u0153u : \u00ab Que chacune de nos communaut\u00e9s \u00e9ducatives <strong>se red\u00e9couvre comme un lieu de t\u00e9moignage missionnaire, <\/strong>o\u00f9 l\u2019amour v\u00e9cu ensemble devient annonce et o\u00f9 la communion se transforme en force contagieuse. Que notre mani\u00e8re de vivre ensemble continue \u00e0 pr\u00e9parer le c\u0153ur de tant de jeunes et de familles \u00e0 la rencontre avec le Seigneur et \u00e0 g\u00e9n\u00e9rer, encore aujourd\u2019hui, des chemins de saintet\u00e9 quotidienne. Bon chemin missionnaire \u00e0 tous \u00bb.<\/p>\n<p>L\u2019\u00e9v\u00e9nement \u2013 anim\u00e9 par les s\u0153urs du Secteur des Missions, par les membres de la Global Missio Team, par les s\u0153urs de la Commission du 150<sup>\u00e8me<\/sup> anniversaire de la Premi\u00e8re Exp\u00e9dition Missionnaire et de l\u2019\u00c9quipe PEM \u2013 a vu la participation de diff\u00e9rentes communaut\u00e9s \u00e9ducatives de tous les continents, qui ont ressenti le d\u00e9sir vivant d\u2019\u00eatre des communaut\u00e9s missionnaires, des t\u00e9moins cr\u00e9dibles que l\u2019\u00c9vangile donne un sens et une saveur \u00e0 toute vie humaine, quelles que soient les circonstances.<\/p>\n<p><strong>Le p\u00e8lerinage en ligne du PEM se poursuivra en octobre pour s\u2019achever fin novembre 2026.<\/strong><\/p>\n<p><span style=\"color: #0000ff;\"><a style=\"color: #0000ff;\" href=\"https:\/\/drive.google.com\/drive\/u\/0\/folders\/10H2hNm1Z7hpfCpt11DDY3fwSvwQJGLzL\" target=\"_blank\" rel=\"noopener\"><strong>Ressources<\/strong><\/a><\/span><\/p>\n<p><span style=\"color: #0000ff;\"><a style=\"color: #0000ff;\" href=\"https:\/\/www.youtube.com\/@PEM-FMA\" target=\"_blank\" rel=\"noopener\"><strong>Vid\u00e9os<\/strong><\/a><\/span><\/p>\n","protected":false},"excerpt":{"rendered":"<p>Rome (Italie). Le dimanche 19 avril 2026 s\u2019est tenue la quatri\u00e8me rencontre du p\u00e8lerinage en ligne du Projet de spiritualit\u00e9 missionnaire (PEM), organis\u00e9 par le Secteur des missions de l\u2019Institut [&hellip;]<\/p>\n","protected":false},"author":21,"featured_media":156121,"comment_status":"open","ping_status":"closed","sticky":false,"template":"","format":"standard","meta":{"footnotes":""},"categories":[2469,156],"tags":[213,269,1680,1788,2462,2499],"class_list":["post-156126","post","type-post","status-publish","format-standard","has-post-thumbnail","category-150e-missions-fma","category-ifma-fr","tag-argentine","tag-conseillere-pour-les-missions","tag-travail-missionnaire","tag-travail-missionnaire-fr","tag-150-missions-des-fma","tag-carisma"],"yoast_head":"<!-- This site is optimized with the Yoast SEO plugin v27.4 - https:\/\/yoast.com\/product\/yoast-seo-wordpress\/ -->\n<title>4\u00e8me rencontre du p\u00e8lerinage en ligne du PEM : La force contagieuse de la communaut\u00e9 &#8226; Istituto Figlie di Maria Ausiliatrice<\/title>\n<meta name=\"description\" content=\"Le 19 avril 2026 s&#039;est tenue la 4\u00e8me rencontre du p\u00e8lerinage en ligne du PEM en vue du 150\u00e8me anniversaire de la 1\u00e8re exp\u00e9dition missionnaire.\" \/>\n<meta name=\"robots\" content=\"index, follow, max-snippet:-1, max-image-preview:large, max-video-preview:-1\" \/>\n<link rel=\"canonical\" href=\"https:\/\/www.cgfmanet.org\/fr\/ifma-fr\/4eme-rencontre-du-pelerinage-en-ligne-du-pem-la-force-contagieuse-de-la-communaute\/\" \/>\n<meta property=\"og:locale\" content=\"fr_FR\" \/>\n<meta property=\"og:type\" content=\"article\" \/>\n<meta property=\"og:title\" content=\"4\u00e8me rencontre du p\u00e8lerinage en ligne du PEM : La force contagieuse de la communaut\u00e9 &#8226; Istituto Figlie di Maria Ausiliatrice\" \/>\n<meta property=\"og:description\" content=\"Le 19 avril 2026 s&#039;est tenue la 4\u00e8me rencontre du p\u00e8lerinage en ligne du PEM en vue du 150\u00e8me anniversaire de la 1\u00e8re exp\u00e9dition missionnaire.\" \/>\n<meta property=\"og:url\" content=\"https:\/\/www.cgfmanet.org\/fr\/ifma-fr\/4eme-rencontre-du-pelerinage-en-ligne-du-pem-la-force-contagieuse-de-la-communaute\/\" \/>\n<meta property=\"og:site_name\" content=\"Istituto Figlie di Maria Ausiliatrice\" \/>\n<meta property=\"article:publisher\" content=\"https:\/\/www.facebook.com\/salesian.sisters.of.don.bosco\/\" \/>\n<meta property=\"article:published_time\" content=\"2026-04-20T14:21:11+00:00\" \/>\n<meta property=\"article:modified_time\" content=\"2026-04-25T20:38:04+00:00\" \/>\n<meta property=\"og:image\" content=\"https:\/\/www.cgfmanet.org\/wp-content\/uploads\/2026\/04\/PEM-4\u00b0-incontro.jpg\" \/>\n\t<meta property=\"og:image:width\" content=\"1200\" \/>\n\t<meta property=\"og:image:height\" content=\"800\" \/>\n\t<meta property=\"og:image:type\" content=\"image\/jpeg\" \/>\n<meta name=\"author\" content=\"Redazione\" \/>\n<meta name=\"twitter:card\" content=\"summary_large_image\" \/>\n<meta name=\"twitter:creator\" content=\"@Cgfmanet_Org\" \/>\n<meta name=\"twitter:site\" content=\"@Cgfmanet_Org\" \/>\n<meta name=\"twitter:label1\" content=\"\u00c9crit par\" \/>\n\t<meta name=\"twitter:data1\" content=\"Redazione\" \/>\n\t<meta name=\"twitter:label2\" content=\"Dur\u00e9e de lecture estim\u00e9e\" \/>\n\t<meta name=\"twitter:data2\" content=\"5 minutes\" \/>\n<script type=\"application\/ld+json\" class=\"yoast-schema-graph\">{\"@context\":\"https:\\\/\\\/schema.org\",\"@graph\":[{\"@type\":\"Article\",\"@id\":\"https:\\\/\\\/www.cgfmanet.org\\\/fr\\\/ifma-fr\\\/4eme-rencontre-du-pelerinage-en-ligne-du-pem-la-force-contagieuse-de-la-communaute\\\/#article\",\"isPartOf\":{\"@id\":\"https:\\\/\\\/www.cgfmanet.org\\\/fr\\\/ifma-fr\\\/4eme-rencontre-du-pelerinage-en-ligne-du-pem-la-force-contagieuse-de-la-communaute\\\/\"},\"author\":{\"name\":\"Redazione\",\"@id\":\"https:\\\/\\\/www.cgfmanet.org\\\/es\\\/#\\\/schema\\\/person\\\/ce6473083f53ef0ef882cca23f0c8fb9\"},\"headline\":\"4\u00e8me rencontre du p\u00e8lerinage en ligne du PEM : La force contagieuse de la communaut\u00e9\",\"datePublished\":\"2026-04-20T14:21:11+00:00\",\"dateModified\":\"2026-04-25T20:38:04+00:00\",\"mainEntityOfPage\":{\"@id\":\"https:\\\/\\\/www.cgfmanet.org\\\/fr\\\/ifma-fr\\\/4eme-rencontre-du-pelerinage-en-ligne-du-pem-la-force-contagieuse-de-la-communaute\\\/\"},\"wordCount\":1000,\"commentCount\":0,\"publisher\":{\"@id\":\"https:\\\/\\\/www.cgfmanet.org\\\/es\\\/#organization\"},\"image\":{\"@id\":\"https:\\\/\\\/www.cgfmanet.org\\\/fr\\\/ifma-fr\\\/4eme-rencontre-du-pelerinage-en-ligne-du-pem-la-force-contagieuse-de-la-communaute\\\/#primaryimage\"},\"thumbnailUrl\":\"https:\\\/\\\/www.cgfmanet.org\\\/wp-content\\\/uploads\\\/2026\\\/04\\\/PEM-4\u00b0-incontro.jpg\",\"keywords\":[\"Argentine\",\"Conseill\u00e8re pour les Missions\",\"Travail Missionnaire\",\"Travail Missionnaire\",\"150\u00b0 Missions des FMA\",\"carisma\"],\"articleSection\":[\"150e Missions FMA\",\"IFMA\"],\"inLanguage\":\"fr-FR\",\"potentialAction\":[{\"@type\":\"CommentAction\",\"name\":\"Comment\",\"target\":[\"https:\\\/\\\/www.cgfmanet.org\\\/fr\\\/ifma-fr\\\/4eme-rencontre-du-pelerinage-en-ligne-du-pem-la-force-contagieuse-de-la-communaute\\\/#respond\"]}]},{\"@type\":\"WebPage\",\"@id\":\"https:\\\/\\\/www.cgfmanet.org\\\/fr\\\/ifma-fr\\\/4eme-rencontre-du-pelerinage-en-ligne-du-pem-la-force-contagieuse-de-la-communaute\\\/\",\"url\":\"https:\\\/\\\/www.cgfmanet.org\\\/fr\\\/ifma-fr\\\/4eme-rencontre-du-pelerinage-en-ligne-du-pem-la-force-contagieuse-de-la-communaute\\\/\",\"name\":\"4\u00e8me rencontre du p\u00e8lerinage en ligne du PEM : La force contagieuse de la communaut\u00e9 &#8226; Istituto Figlie di Maria Ausiliatrice\",\"isPartOf\":{\"@id\":\"https:\\\/\\\/www.cgfmanet.org\\\/es\\\/#website\"},\"primaryImageOfPage\":{\"@id\":\"https:\\\/\\\/www.cgfmanet.org\\\/fr\\\/ifma-fr\\\/4eme-rencontre-du-pelerinage-en-ligne-du-pem-la-force-contagieuse-de-la-communaute\\\/#primaryimage\"},\"image\":{\"@id\":\"https:\\\/\\\/www.cgfmanet.org\\\/fr\\\/ifma-fr\\\/4eme-rencontre-du-pelerinage-en-ligne-du-pem-la-force-contagieuse-de-la-communaute\\\/#primaryimage\"},\"thumbnailUrl\":\"https:\\\/\\\/www.cgfmanet.org\\\/wp-content\\\/uploads\\\/2026\\\/04\\\/PEM-4\u00b0-incontro.jpg\",\"datePublished\":\"2026-04-20T14:21:11+00:00\",\"dateModified\":\"2026-04-25T20:38:04+00:00\",\"description\":\"Le 19 avril 2026 s'est tenue la 4\u00e8me rencontre du p\u00e8lerinage en ligne du PEM en vue du 150\u00e8me anniversaire de la 1\u00e8re exp\u00e9dition missionnaire.\",\"breadcrumb\":{\"@id\":\"https:\\\/\\\/www.cgfmanet.org\\\/fr\\\/ifma-fr\\\/4eme-rencontre-du-pelerinage-en-ligne-du-pem-la-force-contagieuse-de-la-communaute\\\/#breadcrumb\"},\"inLanguage\":\"fr-FR\",\"potentialAction\":[{\"@type\":\"ReadAction\",\"target\":[\"https:\\\/\\\/www.cgfmanet.org\\\/fr\\\/ifma-fr\\\/4eme-rencontre-du-pelerinage-en-ligne-du-pem-la-force-contagieuse-de-la-communaute\\\/\"]}]},{\"@type\":\"ImageObject\",\"inLanguage\":\"fr-FR\",\"@id\":\"https:\\\/\\\/www.cgfmanet.org\\\/fr\\\/ifma-fr\\\/4eme-rencontre-du-pelerinage-en-ligne-du-pem-la-force-contagieuse-de-la-communaute\\\/#primaryimage\",\"url\":\"https:\\\/\\\/www.cgfmanet.org\\\/wp-content\\\/uploads\\\/2026\\\/04\\\/PEM-4\u00b0-incontro.jpg\",\"contentUrl\":\"https:\\\/\\\/www.cgfmanet.org\\\/wp-content\\\/uploads\\\/2026\\\/04\\\/PEM-4\u00b0-incontro.jpg\",\"width\":1200,\"height\":800},{\"@type\":\"BreadcrumbList\",\"@id\":\"https:\\\/\\\/www.cgfmanet.org\\\/fr\\\/ifma-fr\\\/4eme-rencontre-du-pelerinage-en-ligne-du-pem-la-force-contagieuse-de-la-communaute\\\/#breadcrumb\",\"itemListElement\":[{\"@type\":\"ListItem\",\"position\":1,\"name\":\"Home\",\"item\":\"https:\\\/\\\/www.cgfmanet.org\\\/fr\\\/\"},{\"@type\":\"ListItem\",\"position\":2,\"name\":\"4\u00e8me rencontre du p\u00e8lerinage en ligne du PEM : La force contagieuse de la communaut\u00e9\"}]},{\"@type\":\"WebSite\",\"@id\":\"https:\\\/\\\/www.cgfmanet.org\\\/es\\\/#website\",\"url\":\"https:\\\/\\\/www.cgfmanet.org\\\/es\\\/\",\"name\":\"Istituto Figlie di Maria Ausiliatrice\",\"description\":\"Salesiane di Don Bosco\",\"publisher\":{\"@id\":\"https:\\\/\\\/www.cgfmanet.org\\\/es\\\/#organization\"},\"potentialAction\":[{\"@type\":\"SearchAction\",\"target\":{\"@type\":\"EntryPoint\",\"urlTemplate\":\"https:\\\/\\\/www.cgfmanet.org\\\/es\\\/?s={search_term_string}\"},\"query-input\":{\"@type\":\"PropertyValueSpecification\",\"valueRequired\":true,\"valueName\":\"search_term_string\"}}],\"inLanguage\":\"fr-FR\"},{\"@type\":\"Organization\",\"@id\":\"https:\\\/\\\/www.cgfmanet.org\\\/es\\\/#organization\",\"name\":\"Istituto Figlie di Maria Ausiliatrice\",\"url\":\"https:\\\/\\\/www.cgfmanet.org\\\/es\\\/\",\"logo\":{\"@type\":\"ImageObject\",\"inLanguage\":\"fr-FR\",\"@id\":\"https:\\\/\\\/www.cgfmanet.org\\\/es\\\/#\\\/schema\\\/logo\\\/image\\\/\",\"url\":\"https:\\\/\\\/www.cgfmanet.org\\\/wp-content\\\/uploads\\\/2018\\\/10\\\/logo-fma.png\",\"contentUrl\":\"https:\\\/\\\/www.cgfmanet.org\\\/wp-content\\\/uploads\\\/2018\\\/10\\\/logo-fma.png\",\"width\":214,\"height\":55,\"caption\":\"Istituto Figlie di Maria Ausiliatrice\"},\"image\":{\"@id\":\"https:\\\/\\\/www.cgfmanet.org\\\/es\\\/#\\\/schema\\\/logo\\\/image\\\/\"},\"sameAs\":[\"https:\\\/\\\/www.facebook.com\\\/salesian.sisters.of.don.bosco\\\/\",\"https:\\\/\\\/x.com\\\/Cgfmanet_Org\",\"https:\\\/\\\/www.youtube.com\\\/channel\\\/UCmcr8yFQBV7JXeXVxyV9y5Q\"]},{\"@type\":\"Person\",\"@id\":\"https:\\\/\\\/www.cgfmanet.org\\\/es\\\/#\\\/schema\\\/person\\\/ce6473083f53ef0ef882cca23f0c8fb9\",\"name\":\"Redazione\"}]}<\/script>\n<!-- \/ Yoast SEO plugin. -->","yoast_head_json":{"title":"4\u00e8me rencontre du p\u00e8lerinage en ligne du PEM : La force contagieuse de la communaut\u00e9 &#8226; Istituto Figlie di Maria Ausiliatrice","description":"Le 19 avril 2026 s'est tenue la 4\u00e8me rencontre du p\u00e8lerinage en ligne du PEM en vue du 150\u00e8me anniversaire de la 1\u00e8re exp\u00e9dition missionnaire.","robots":{"index":"index","follow":"follow","max-snippet":"max-snippet:-1","max-image-preview":"max-image-preview:large","max-video-preview":"max-video-preview:-1"},"canonical":"https:\/\/www.cgfmanet.org\/fr\/ifma-fr\/4eme-rencontre-du-pelerinage-en-ligne-du-pem-la-force-contagieuse-de-la-communaute\/","og_locale":"fr_FR","og_type":"article","og_title":"4\u00e8me rencontre du p\u00e8lerinage en ligne du PEM : La force contagieuse de la communaut\u00e9 &#8226; Istituto Figlie di Maria Ausiliatrice","og_description":"Le 19 avril 2026 s'est tenue la 4\u00e8me rencontre du p\u00e8lerinage en ligne du PEM en vue du 150\u00e8me anniversaire de la 1\u00e8re exp\u00e9dition missionnaire.","og_url":"https:\/\/www.cgfmanet.org\/fr\/ifma-fr\/4eme-rencontre-du-pelerinage-en-ligne-du-pem-la-force-contagieuse-de-la-communaute\/","og_site_name":"Istituto Figlie di Maria Ausiliatrice","article_publisher":"https:\/\/www.facebook.com\/salesian.sisters.of.don.bosco\/","article_published_time":"2026-04-20T14:21:11+00:00","article_modified_time":"2026-04-25T20:38:04+00:00","og_image":[{"width":1200,"height":800,"url":"https:\/\/www.cgfmanet.org\/wp-content\/uploads\/2026\/04\/PEM-4\u00b0-incontro.jpg","type":"image\/jpeg"}],"author":"Redazione","twitter_card":"summary_large_image","twitter_creator":"@Cgfmanet_Org","twitter_site":"@Cgfmanet_Org","twitter_misc":{"\u00c9crit par":"Redazione","Dur\u00e9e de lecture estim\u00e9e":"5 minutes"},"schema":{"@context":"https:\/\/schema.org","@graph":[{"@type":"Article","@id":"https:\/\/www.cgfmanet.org\/fr\/ifma-fr\/4eme-rencontre-du-pelerinage-en-ligne-du-pem-la-force-contagieuse-de-la-communaute\/#article","isPartOf":{"@id":"https:\/\/www.cgfmanet.org\/fr\/ifma-fr\/4eme-rencontre-du-pelerinage-en-ligne-du-pem-la-force-contagieuse-de-la-communaute\/"},"author":{"name":"Redazione","@id":"https:\/\/www.cgfmanet.org\/es\/#\/schema\/person\/ce6473083f53ef0ef882cca23f0c8fb9"},"headline":"4\u00e8me rencontre du p\u00e8lerinage en ligne du PEM : La force contagieuse de la communaut\u00e9","datePublished":"2026-04-20T14:21:11+00:00","dateModified":"2026-04-25T20:38:04+00:00","mainEntityOfPage":{"@id":"https:\/\/www.cgfmanet.org\/fr\/ifma-fr\/4eme-rencontre-du-pelerinage-en-ligne-du-pem-la-force-contagieuse-de-la-communaute\/"},"wordCount":1000,"commentCount":0,"publisher":{"@id":"https:\/\/www.cgfmanet.org\/es\/#organization"},"image":{"@id":"https:\/\/www.cgfmanet.org\/fr\/ifma-fr\/4eme-rencontre-du-pelerinage-en-ligne-du-pem-la-force-contagieuse-de-la-communaute\/#primaryimage"},"thumbnailUrl":"https:\/\/www.cgfmanet.org\/wp-content\/uploads\/2026\/04\/PEM-4\u00b0-incontro.jpg","keywords":["Argentine","Conseill\u00e8re pour les Missions","Travail Missionnaire","Travail Missionnaire","150\u00b0 Missions des FMA","carisma"],"articleSection":["150e Missions FMA","IFMA"],"inLanguage":"fr-FR","potentialAction":[{"@type":"CommentAction","name":"Comment","target":["https:\/\/www.cgfmanet.org\/fr\/ifma-fr\/4eme-rencontre-du-pelerinage-en-ligne-du-pem-la-force-contagieuse-de-la-communaute\/#respond"]}]},{"@type":"WebPage","@id":"https:\/\/www.cgfmanet.org\/fr\/ifma-fr\/4eme-rencontre-du-pelerinage-en-ligne-du-pem-la-force-contagieuse-de-la-communaute\/","url":"https:\/\/www.cgfmanet.org\/fr\/ifma-fr\/4eme-rencontre-du-pelerinage-en-ligne-du-pem-la-force-contagieuse-de-la-communaute\/","name":"4\u00e8me rencontre du p\u00e8lerinage en ligne du PEM : La force contagieuse de la communaut\u00e9 &#8226; Istituto Figlie di Maria Ausiliatrice","isPartOf":{"@id":"https:\/\/www.cgfmanet.org\/es\/#website"},"primaryImageOfPage":{"@id":"https:\/\/www.cgfmanet.org\/fr\/ifma-fr\/4eme-rencontre-du-pelerinage-en-ligne-du-pem-la-force-contagieuse-de-la-communaute\/#primaryimage"},"image":{"@id":"https:\/\/www.cgfmanet.org\/fr\/ifma-fr\/4eme-rencontre-du-pelerinage-en-ligne-du-pem-la-force-contagieuse-de-la-communaute\/#primaryimage"},"thumbnailUrl":"https:\/\/www.cgfmanet.org\/wp-content\/uploads\/2026\/04\/PEM-4\u00b0-incontro.jpg","datePublished":"2026-04-20T14:21:11+00:00","dateModified":"2026-04-25T20:38:04+00:00","description":"Le 19 avril 2026 s'est tenue la 4\u00e8me rencontre du p\u00e8lerinage en ligne du PEM en vue du 150\u00e8me anniversaire de la 1\u00e8re exp\u00e9dition missionnaire.","breadcrumb":{"@id":"https:\/\/www.cgfmanet.org\/fr\/ifma-fr\/4eme-rencontre-du-pelerinage-en-ligne-du-pem-la-force-contagieuse-de-la-communaute\/#breadcrumb"},"inLanguage":"fr-FR","potentialAction":[{"@type":"ReadAction","target":["https:\/\/www.cgfmanet.org\/fr\/ifma-fr\/4eme-rencontre-du-pelerinage-en-ligne-du-pem-la-force-contagieuse-de-la-communaute\/"]}]},{"@type":"ImageObject","inLanguage":"fr-FR","@id":"https:\/\/www.cgfmanet.org\/fr\/ifma-fr\/4eme-rencontre-du-pelerinage-en-ligne-du-pem-la-force-contagieuse-de-la-communaute\/#primaryimage","url":"https:\/\/www.cgfmanet.org\/wp-content\/uploads\/2026\/04\/PEM-4\u00b0-incontro.jpg","contentUrl":"https:\/\/www.cgfmanet.org\/wp-content\/uploads\/2026\/04\/PEM-4\u00b0-incontro.jpg","width":1200,"height":800},{"@type":"BreadcrumbList","@id":"https:\/\/www.cgfmanet.org\/fr\/ifma-fr\/4eme-rencontre-du-pelerinage-en-ligne-du-pem-la-force-contagieuse-de-la-communaute\/#breadcrumb","itemListElement":[{"@type":"ListItem","position":1,"name":"Home","item":"https:\/\/www.cgfmanet.org\/fr\/"},{"@type":"ListItem","position":2,"name":"4\u00e8me rencontre du p\u00e8lerinage en ligne du PEM : La force contagieuse de la communaut\u00e9"}]},{"@type":"WebSite","@id":"https:\/\/www.cgfmanet.org\/es\/#website","url":"https:\/\/www.cgfmanet.org\/es\/","name":"Istituto Figlie di Maria Ausiliatrice","description":"Salesiane di Don Bosco","publisher":{"@id":"https:\/\/www.cgfmanet.org\/es\/#organization"},"potentialAction":[{"@type":"SearchAction","target":{"@type":"EntryPoint","urlTemplate":"https:\/\/www.cgfmanet.org\/es\/?s={search_term_string}"},"query-input":{"@type":"PropertyValueSpecification","valueRequired":true,"valueName":"search_term_string"}}],"inLanguage":"fr-FR"},{"@type":"Organization","@id":"https:\/\/www.cgfmanet.org\/es\/#organization","name":"Istituto Figlie di Maria Ausiliatrice","url":"https:\/\/www.cgfmanet.org\/es\/","logo":{"@type":"ImageObject","inLanguage":"fr-FR","@id":"https:\/\/www.cgfmanet.org\/es\/#\/schema\/logo\/image\/","url":"https:\/\/www.cgfmanet.org\/wp-content\/uploads\/2018\/10\/logo-fma.png","contentUrl":"https:\/\/www.cgfmanet.org\/wp-content\/uploads\/2018\/10\/logo-fma.png","width":214,"height":55,"caption":"Istituto Figlie di Maria Ausiliatrice"},"image":{"@id":"https:\/\/www.cgfmanet.org\/es\/#\/schema\/logo\/image\/"},"sameAs":["https:\/\/www.facebook.com\/salesian.sisters.of.don.bosco\/","https:\/\/x.com\/Cgfmanet_Org","https:\/\/www.youtube.com\/channel\/UCmcr8yFQBV7JXeXVxyV9y5Q"]},{"@type":"Person","@id":"https:\/\/www.cgfmanet.org\/es\/#\/schema\/person\/ce6473083f53ef0ef882cca23f0c8fb9","name":"Redazione"}]}},"_links":{"self":[{"href":"https:\/\/www.cgfmanet.org\/fr\/wp-json\/wp\/v2\/posts\/156126","targetHints":{"allow":["GET"]}}],"collection":[{"href":"https:\/\/www.cgfmanet.org\/fr\/wp-json\/wp\/v2\/posts"}],"about":[{"href":"https:\/\/www.cgfmanet.org\/fr\/wp-json\/wp\/v2\/types\/post"}],"author":[{"embeddable":true,"href":"https:\/\/www.cgfmanet.org\/fr\/wp-json\/wp\/v2\/users\/21"}],"replies":[{"embeddable":true,"href":"https:\/\/www.cgfmanet.org\/fr\/wp-json\/wp\/v2\/comments?post=156126"}],"version-history":[{"count":3,"href":"https:\/\/www.cgfmanet.org\/fr\/wp-json\/wp\/v2\/posts\/156126\/revisions"}],"predecessor-version":[{"id":156371,"href":"https:\/\/www.cgfmanet.org\/fr\/wp-json\/wp\/v2\/posts\/156126\/revisions\/156371"}],"wp:featuredmedia":[{"embeddable":true,"href":"https:\/\/www.cgfmanet.org\/fr\/wp-json\/wp\/v2\/media\/156121"}],"wp:attachment":[{"href":"https:\/\/www.cgfmanet.org\/fr\/wp-json\/wp\/v2\/media?parent=156126"}],"wp:term":[{"taxonomy":"category","embeddable":true,"href":"https:\/\/www.cgfmanet.org\/fr\/wp-json\/wp\/v2\/categories?post=156126"},{"taxonomy":"post_tag","embeddable":true,"href":"https:\/\/www.cgfmanet.org\/fr\/wp-json\/wp\/v2\/tags?post=156126"}],"curies":[{"name":"wp","href":"https:\/\/api.w.org\/{rel}","templated":true}]}}