{"id":155238,"date":"2026-03-27T18:35:55","date_gmt":"2026-03-27T17:35:55","guid":{"rendered":"https:\/\/www.cgfmanet.org\/info-sphere\/incontro-fma-juniores-ispettoria-plj\/"},"modified":"2026-03-28T22:52:15","modified_gmt":"2026-03-28T21:52:15","slug":"rencontre-des-juniores-fma-province-pli","status":"publish","type":"post","link":"https:\/\/www.cgfmanet.org\/fr\/ifma-fr\/culture-vocationnelle\/rencontre-des-juniores-fma-province-pli\/","title":{"rendered":"Rencontre des Juniores FMA \u2013 Province PLI"},"content":{"rendered":"<p><strong>Laski (Pologne).<\/strong> Lors du week-end du 20 au 22 mars 2026, une rencontre a eu lieu pour les Juniores des Filles de Marie Auxiliatrice de la Province <em>Notre-Dame de Jasna G\u00f3ra<\/em> (PLI) sur le th\u00e8me\u00a0: \u2018\u2019Ensemble en chemin\u00a0: la beaut\u00e9 et la difficult\u00e9 des relations fraternelles\u2019\u2019, \u00e0 laquelle ont particip\u00e9 sept s\u0153urs. Avec elles, \u00e9taient pr\u00e9sentes la M\u00e8re Provinciale, s\u0153ur Ma\u0142gorzata Pilarska et la Responsable pour la formation des Juniores, s\u0153ur Wioletta Reniec.<\/p>\n<p>La rencontre a commenc\u00e9 le vendredi apr\u00e8s-midi \u00e0 Laski, une petite ville connue pour la pr\u00e9sence des Franciscaines Servantes de la Croix, qui prennent soin des personnes non-voyantes. Les s\u0153urs ont accueilli les jeunes FMA dans une petite maison pour des retraites spirituelles. Les Juniores ont tout de suite ressenti l\u2019atmosph\u00e8re familiale, ce qui les a aid\u00e9es \u00e0 approfondir leurs relations. Cette p\u00e9riode de formation a \u00e9t\u00e9 inaugur\u00e9e par la M\u00e8re Provinciale, avec une Bonne Nuit sur l\u2019importance de la croix dans la vie d\u2019une FMA et par la pri\u00e8re d\u2019adoration de la croix.<\/p>\n<p>Le samedi matin s\u2019est pass\u00e9 dans une atmosph\u00e8re de pri\u00e8re avec la Parole de Dieu. Le passage qui a accompagn\u00e9 le groupe venait de l\u2019Evangile selon Saint Jean\u00a0: <em>\u2018\u2019Je vous donne un commandement nouveau\u00a0: aimez-vous les uns les autres, comme je vous ai aim\u00e9s\u2019\u2019<\/em> (Jn 13, 34). Afin d\u2019entrer dans cette Parole, un passage du livre \u2018\u2019La force des racines\u2019\u2019 de s\u0153ur Maria Ko a \u00e9t\u00e9 propos\u00e9, qui parle pr\u00e9cis\u00e9ment de la vie fraternelle en communaut\u00e9, en r\u00e9f\u00e9rence aux Constitutions des FMA.<\/p>\n<p>Apr\u00e8s la m\u00e9ditations, les s\u0153urs ont fait l\u2019exp\u00e9rience d\u2019un atelier anim\u00e9 par la psychologue El\u017cbieta Talik \u2013 \u2018\u2019Pas id\u00e9ales, mais vraies\u00a0: les relations entre nous\u2019\u2019 \u2013 avec l\u2019occasion de mieux se conna\u00eetre et \u00e9galement de parler des questions li\u00e9es \u00e0 une vie communautaire f\u00e9conde. L\u2019atelier a contribu\u00e9 \u00e0 red\u00e9couvrir l\u2019importance de construire l\u2019unit\u00e9, la franchise et l\u2019ouverture \u00e0 la croissance.<\/p>\n<p>Le point culminant de la journ\u00e9e, apr\u00e8s la messe du soir, a \u00e9t\u00e9 le repas pr\u00e9par\u00e9 ensemble dans une atmosph\u00e8re pleine de joie. A la r\u00e9cr\u00e9ation, les s\u0153urs, faisant \u2018\u2019un voyage dans le temps\u2019\u2019, ont cr\u00e9\u00e9 un album de photos \u00e9voquant les moments les plus importants de la vie sal\u00e9sienne.<\/p>\n<p>La rencontre s\u2019est termin\u00e9e, apr\u00e8s la messe du dimanche, par la pri\u00e8re de cl\u00f4ture, au cours de laquelle les jeunes FMA ont eu l\u2019occasion de renouveler leur d\u00e9sir de vivre la vie fraternelle avec un c\u0153ur ouvert et passionn\u00e9. Chacune a re\u00e7u un bracelet portant l\u2019inscription \u2018\u2019Fiat\u2019\u2019, afin de se rappeler de l\u2019humble \u2018\u2019oui\u2019\u2019 de Marie dans leur vie quotidienne.<\/p>\n<p>Les s\u0153urs sont retourn\u00e9es dans leurs Communaut\u00e9s respectives heureuses et reconnaissantes pour ce moment de rencontre et d\u2019approfondissement dans un lieu si propice. Chacune d\u2019elles a \u00e9t\u00e9 renforc\u00e9 dans son sentiment d\u2019appartenance \u00e0 l\u2019Institut, avec la certitude que dans le parcours de chaque FMA il y a l\u2019autre, toujours pr\u00eate \u00e0 \u00eatre proche, et que la charit\u00e9 mutuelle, comme J\u00e9sus l\u2019enseigne, a sa source, son fondement et son mod\u00e8le en Lui seul.<\/p>\n\r\n                <style type=\"text\/css\">\r\n                    \r\n                    #tdi_1  .td-doubleSlider-2 .td-item1 {\r\n                        background: url(https:\/\/www.cgfmanet.org\/wp-content\/uploads\/2026\/03\/PLJ_Incontro-juniores-8-80x60.jpg) 0 0 no-repeat;\r\n                    }\r\n                    #tdi_1  .td-doubleSlider-2 .td-item2 {\r\n                        background: url(https:\/\/www.cgfmanet.org\/wp-content\/uploads\/2026\/03\/PLJ_Incontro-juniores-7-80x60.jpg) 0 0 no-repeat;\r\n                    }\r\n                    #tdi_1  .td-doubleSlider-2 .td-item3 {\r\n                        background: url(https:\/\/www.cgfmanet.org\/wp-content\/uploads\/2026\/03\/PLJ_Incontro-juniores-6-80x60.jpg) 0 0 no-repeat;\r\n                    }\r\n                    #tdi_1  .td-doubleSlider-2 .td-item4 {\r\n                        background: url(https:\/\/www.cgfmanet.org\/wp-content\/uploads\/2026\/03\/PLJ_Incontro-juniores-5-80x60.jpg) 0 0 no-repeat;\r\n                    }\r\n                    #tdi_1  .td-doubleSlider-2 .td-item5 {\r\n                        background: url(https:\/\/www.cgfmanet.org\/wp-content\/uploads\/2026\/03\/PLJ_Incontro-juniores-4-80x60.jpg) 0 0 no-repeat;\r\n                    }\r\n                    #tdi_1  .td-doubleSlider-2 .td-item6 {\r\n                        background: url(https:\/\/www.cgfmanet.org\/wp-content\/uploads\/2026\/03\/PLJ_Incontro-juniores-3-80x60.jpg) 0 0 no-repeat;\r\n                    }\r\n                    #tdi_1  .td-doubleSlider-2 .td-item7 {\r\n                        background: url(https:\/\/www.cgfmanet.org\/wp-content\/uploads\/2026\/03\/PLJ_Incontro-juniores-1-80x60.jpg) 0 0 no-repeat;\r\n                    }\r\n                <\/style>\r\n\r\n                <div id=\"tdi_1\" class=\"td-gallery td-slide-on-2-columns\">\r\n                    <div class=\"post_td_gallery\">\r\n                        <div class=\"td-gallery-slide-top\">\r\n                           <div class=\"td-gallery-title\"><\/div>\r\n\r\n                            <div class=\"td-gallery-controls-wrapper\">\r\n                                <div class=\"td-gallery-slide-count\"><span class=\"td-gallery-slide-item-focus\">1<\/span> de 7<\/div>\r\n                                <div class=\"td-gallery-slide-prev-next-but\">\r\n                                    <i class = \"td-icon-left doubleSliderPrevButton\"><\/i>\r\n                                    <i class = \"td-icon-right doubleSliderNextButton\"><\/i>\r\n                                <\/div>\r\n                            <\/div>\r\n                        <\/div>\r\n\r\n                        <div class = \"td-doubleSlider-1 \">\r\n                            <div class = \"td-slider\">\r\n                                \r\n                    <div class = \"td-slide-item td-item1\">\r\n                        <figure class=\"td-slide-galery-figure td-slide-popup-gallery\">\r\n                            <a class=\"slide-gallery-image-link\" href=\"https:\/\/www.cgfmanet.org\/wp-content\/uploads\/2026\/03\/PLJ_Incontro-juniores-8.jpg\" title=\"PLJ_Incontro juniores 8\"  data-caption=\"\"  data-description=\"\">\r\n                                <img decoding=\"async\" data-src=\"https:\/\/www.cgfmanet.org\/wp-content\/uploads\/2026\/03\/PLJ_Incontro-juniores-8-560x420.jpg\" data-srcset=\"https:\/\/www.cgfmanet.org\/wp-content\/uploads\/2026\/03\/PLJ_Incontro-juniores-8-560x420.jpg 560w, https:\/\/www.cgfmanet.org\/wp-content\/uploads\/2026\/03\/PLJ_Incontro-juniores-8-768x576.jpg 768w, https:\/\/www.cgfmanet.org\/wp-content\/uploads\/2026\/03\/PLJ_Incontro-juniores-8-80x60.jpg 80w, https:\/\/www.cgfmanet.org\/wp-content\/uploads\/2026\/03\/PLJ_Incontro-juniores-8-696x522.jpg 696w, https:\/\/www.cgfmanet.org\/wp-content\/uploads\/2026\/03\/PLJ_Incontro-juniores-8-265x198.jpg 265w, https:\/\/www.cgfmanet.org\/wp-content\/uploads\/2026\/03\/PLJ_Incontro-juniores-8.jpg 1181w\" data-sizes=\"auto\" alt=\"\" src=\"data:image\/svg+xml;base64,PHN2ZyB3aWR0aD0iMSIgaGVpZ2h0PSIxIiB4bWxucz0iaHR0cDovL3d3dy53My5vcmcvMjAwMC9zdmciPjwvc3ZnPg==\" class=\"lazyload\" style=\"--smush-placeholder-width: 560px; --smush-placeholder-aspect-ratio: 560\/420;\" data-original-sizes=\"(max-width: 560px) 100vw, 560px\">\r\n                            <\/a>\r\n                            \r\n                        <\/figure>\r\n                    <\/div>\r\n                    <div class = \"td-slide-item td-item2\">\r\n                        <figure class=\"td-slide-galery-figure td-slide-popup-gallery\">\r\n                            <a class=\"slide-gallery-image-link\" href=\"https:\/\/www.cgfmanet.org\/wp-content\/uploads\/2026\/03\/PLJ_Incontro-juniores-7.jpg\" title=\"PLJ_Incontro juniores 7\"  data-caption=\"\"  data-description=\"\">\r\n                                <img decoding=\"async\" data-src=\"https:\/\/www.cgfmanet.org\/wp-content\/uploads\/2026\/03\/PLJ_Incontro-juniores-7-738x420.jpg\" data-srcset=\"https:\/\/www.cgfmanet.org\/wp-content\/uploads\/2026\/03\/PLJ_Incontro-juniores-7-738x420.jpg 738w, https:\/\/www.cgfmanet.org\/wp-content\/uploads\/2026\/03\/PLJ_Incontro-juniores-7-768x437.jpg 768w, https:\/\/www.cgfmanet.org\/wp-content\/uploads\/2026\/03\/PLJ_Incontro-juniores-7-696x396.jpg 696w, https:\/\/www.cgfmanet.org\/wp-content\/uploads\/2026\/03\/PLJ_Incontro-juniores-7.jpg 1181w\" data-sizes=\"auto\" alt=\"\" src=\"data:image\/svg+xml;base64,PHN2ZyB3aWR0aD0iMSIgaGVpZ2h0PSIxIiB4bWxucz0iaHR0cDovL3d3dy53My5vcmcvMjAwMC9zdmciPjwvc3ZnPg==\" class=\"lazyload\" style=\"--smush-placeholder-width: 738px; --smush-placeholder-aspect-ratio: 738\/420;\" data-original-sizes=\"(max-width: 738px) 100vw, 738px\">\r\n                            <\/a>\r\n                            \r\n                        <\/figure>\r\n                    <\/div>\r\n                    <div class = \"td-slide-item td-item3\">\r\n                        <figure class=\"td-slide-galery-figure td-slide-popup-gallery\">\r\n                            <a class=\"slide-gallery-image-link\" href=\"https:\/\/www.cgfmanet.org\/wp-content\/uploads\/2026\/03\/PLJ_Incontro-juniores-6.jpg\" title=\"PLJ_Incontro juniores 6\"  data-caption=\"\"  data-description=\"\">\r\n                                <img decoding=\"async\" data-src=\"https:\/\/www.cgfmanet.org\/wp-content\/uploads\/2026\/03\/PLJ_Incontro-juniores-6-630x420.jpg\" data-srcset=\"https:\/\/www.cgfmanet.org\/wp-content\/uploads\/2026\/03\/PLJ_Incontro-juniores-6-630x420.jpg 630w, https:\/\/www.cgfmanet.org\/wp-content\/uploads\/2026\/03\/PLJ_Incontro-juniores-6-768x512.jpg 768w, https:\/\/www.cgfmanet.org\/wp-content\/uploads\/2026\/03\/PLJ_Incontro-juniores-6-696x464.jpg 696w, https:\/\/www.cgfmanet.org\/wp-content\/uploads\/2026\/03\/PLJ_Incontro-juniores-6.jpg 1181w\" data-sizes=\"auto\" alt=\"\" src=\"data:image\/svg+xml;base64,PHN2ZyB3aWR0aD0iMSIgaGVpZ2h0PSIxIiB4bWxucz0iaHR0cDovL3d3dy53My5vcmcvMjAwMC9zdmciPjwvc3ZnPg==\" class=\"lazyload\" style=\"--smush-placeholder-width: 630px; --smush-placeholder-aspect-ratio: 630\/420;\" data-original-sizes=\"(max-width: 630px) 100vw, 630px\">\r\n                            <\/a>\r\n                            \r\n                        <\/figure>\r\n                    <\/div>\r\n                    <div class = \"td-slide-item td-item4\">\r\n                        <figure class=\"td-slide-galery-figure td-slide-popup-gallery\">\r\n                            <a class=\"slide-gallery-image-link\" href=\"https:\/\/www.cgfmanet.org\/wp-content\/uploads\/2026\/03\/PLJ_Incontro-juniores-5.jpg\" title=\"PLJ_Incontro juniores 5\"  data-caption=\"\"  data-description=\"\">\r\n                                <img decoding=\"async\" data-src=\"https:\/\/www.cgfmanet.org\/wp-content\/uploads\/2026\/03\/PLJ_Incontro-juniores-5-278x420.jpg\" data-srcset=\"https:\/\/www.cgfmanet.org\/wp-content\/uploads\/2026\/03\/PLJ_Incontro-juniores-5-278x420.jpg 278w, https:\/\/www.cgfmanet.org\/wp-content\/uploads\/2026\/03\/PLJ_Incontro-juniores-5-768x1161.jpg 768w, https:\/\/www.cgfmanet.org\/wp-content\/uploads\/2026\/03\/PLJ_Incontro-juniores-5-1016x1536.jpg 1016w, https:\/\/www.cgfmanet.org\/wp-content\/uploads\/2026\/03\/PLJ_Incontro-juniores-5-696x1053.jpg 696w, https:\/\/www.cgfmanet.org\/wp-content\/uploads\/2026\/03\/PLJ_Incontro-juniores-5.jpg 1181w\" data-sizes=\"auto\" alt=\"\" src=\"data:image\/svg+xml;base64,PHN2ZyB3aWR0aD0iMSIgaGVpZ2h0PSIxIiB4bWxucz0iaHR0cDovL3d3dy53My5vcmcvMjAwMC9zdmciPjwvc3ZnPg==\" class=\"lazyload\" style=\"--smush-placeholder-width: 278px; --smush-placeholder-aspect-ratio: 278\/420;\" data-original-sizes=\"(max-width: 278px) 100vw, 278px\">\r\n                            <\/a>\r\n                            \r\n                        <\/figure>\r\n                    <\/div>\r\n                    <div class = \"td-slide-item td-item5\">\r\n                        <figure class=\"td-slide-galery-figure td-slide-popup-gallery\">\r\n                            <a class=\"slide-gallery-image-link\" href=\"https:\/\/www.cgfmanet.org\/wp-content\/uploads\/2026\/03\/PLJ_Incontro-juniores-4.jpg\" title=\"PLJ_Incontro juniores 4\"  data-caption=\"\"  data-description=\"\">\r\n                                <img decoding=\"async\" data-src=\"https:\/\/www.cgfmanet.org\/wp-content\/uploads\/2026\/03\/PLJ_Incontro-juniores-4-629x420.jpg\" data-srcset=\"https:\/\/www.cgfmanet.org\/wp-content\/uploads\/2026\/03\/PLJ_Incontro-juniores-4-629x420.jpg 629w, https:\/\/www.cgfmanet.org\/wp-content\/uploads\/2026\/03\/PLJ_Incontro-juniores-4-768x512.jpg 768w, https:\/\/www.cgfmanet.org\/wp-content\/uploads\/2026\/03\/PLJ_Incontro-juniores-4-696x464.jpg 696w, https:\/\/www.cgfmanet.org\/wp-content\/uploads\/2026\/03\/PLJ_Incontro-juniores-4.jpg 1181w\" data-sizes=\"auto\" alt=\"\" src=\"data:image\/svg+xml;base64,PHN2ZyB3aWR0aD0iMSIgaGVpZ2h0PSIxIiB4bWxucz0iaHR0cDovL3d3dy53My5vcmcvMjAwMC9zdmciPjwvc3ZnPg==\" class=\"lazyload\" style=\"--smush-placeholder-width: 629px; --smush-placeholder-aspect-ratio: 629\/420;\" data-original-sizes=\"(max-width: 629px) 100vw, 629px\">\r\n                            <\/a>\r\n                            \r\n                        <\/figure>\r\n                    <\/div>\r\n                    <div class = \"td-slide-item td-item6\">\r\n                        <figure class=\"td-slide-galery-figure td-slide-popup-gallery\">\r\n                            <a class=\"slide-gallery-image-link\" href=\"https:\/\/www.cgfmanet.org\/wp-content\/uploads\/2026\/03\/PLJ_Incontro-juniores-3.jpg\" title=\"PLJ_Incontro juniores 3\"  data-caption=\"\"  data-description=\"\">\r\n                                <img decoding=\"async\" data-src=\"https:\/\/www.cgfmanet.org\/wp-content\/uploads\/2026\/03\/PLJ_Incontro-juniores-3-256x420.jpg\" data-srcset=\"https:\/\/www.cgfmanet.org\/wp-content\/uploads\/2026\/03\/PLJ_Incontro-juniores-3-256x420.jpg 256w, https:\/\/www.cgfmanet.org\/wp-content\/uploads\/2026\/03\/PLJ_Incontro-juniores-3-768x1262.jpg 768w, https:\/\/www.cgfmanet.org\/wp-content\/uploads\/2026\/03\/PLJ_Incontro-juniores-3-935x1536.jpg 935w, https:\/\/www.cgfmanet.org\/wp-content\/uploads\/2026\/03\/PLJ_Incontro-juniores-3-696x1144.jpg 696w, https:\/\/www.cgfmanet.org\/wp-content\/uploads\/2026\/03\/PLJ_Incontro-juniores-3.jpg 1181w\" data-sizes=\"auto\" alt=\"\" src=\"data:image\/svg+xml;base64,PHN2ZyB3aWR0aD0iMSIgaGVpZ2h0PSIxIiB4bWxucz0iaHR0cDovL3d3dy53My5vcmcvMjAwMC9zdmciPjwvc3ZnPg==\" class=\"lazyload\" style=\"--smush-placeholder-width: 256px; --smush-placeholder-aspect-ratio: 256\/420;\" data-original-sizes=\"(max-width: 256px) 100vw, 256px\">\r\n                            <\/a>\r\n                            \r\n                        <\/figure>\r\n                    <\/div>\r\n                    <div class = \"td-slide-item td-item7\">\r\n                        <figure class=\"td-slide-galery-figure td-slide-popup-gallery\">\r\n                            <a class=\"slide-gallery-image-link\" href=\"https:\/\/www.cgfmanet.org\/wp-content\/uploads\/2026\/03\/PLJ_Incontro-juniores-1.jpg\" title=\"PLJ_Incontro juniores 1\"  data-caption=\"\"  data-description=\"\">\r\n                                <img decoding=\"async\" data-src=\"https:\/\/www.cgfmanet.org\/wp-content\/uploads\/2026\/03\/PLJ_Incontro-juniores-1-629x420.jpg\" data-srcset=\"https:\/\/www.cgfmanet.org\/wp-content\/uploads\/2026\/03\/PLJ_Incontro-juniores-1-629x420.jpg 629w, https:\/\/www.cgfmanet.org\/wp-content\/uploads\/2026\/03\/PLJ_Incontro-juniores-1-768x512.jpg 768w, https:\/\/www.cgfmanet.org\/wp-content\/uploads\/2026\/03\/PLJ_Incontro-juniores-1-696x464.jpg 696w, https:\/\/www.cgfmanet.org\/wp-content\/uploads\/2026\/03\/PLJ_Incontro-juniores-1.jpg 1181w\" data-sizes=\"auto\" alt=\"\" src=\"data:image\/svg+xml;base64,PHN2ZyB3aWR0aD0iMSIgaGVpZ2h0PSIxIiB4bWxucz0iaHR0cDovL3d3dy53My5vcmcvMjAwMC9zdmciPjwvc3ZnPg==\" class=\"lazyload\" style=\"--smush-placeholder-width: 629px; --smush-placeholder-aspect-ratio: 629\/420;\" data-original-sizes=\"(max-width: 629px) 100vw, 629px\">\r\n                            <\/a>\r\n                            \r\n                        <\/figure>\r\n                    <\/div>\r\n                            <\/div>\r\n                        <\/div>\r\n\r\n                        <div class = \"td-doubleSlider-2\">\r\n                            <div class = \"td-slider\">\r\n                                \r\n                    <div class = \"td-button td-item1\">\r\n                        <div class = \"td-border\"><\/div>\r\n                    <\/div>\r\n                    <div class = \"td-button td-item2\">\r\n                        <div class = \"td-border\"><\/div>\r\n                    <\/div>\r\n                    <div class = \"td-button td-item3\">\r\n                        <div class = \"td-border\"><\/div>\r\n                    <\/div>\r\n                    <div class = \"td-button td-item4\">\r\n                        <div class = \"td-border\"><\/div>\r\n                    <\/div>\r\n                    <div class = \"td-button td-item5\">\r\n                        <div class = \"td-border\"><\/div>\r\n                    <\/div>\r\n                    <div class = \"td-button td-item6\">\r\n                        <div class = \"td-border\"><\/div>\r\n                    <\/div>\r\n                    <div class = \"td-button td-item7\">\r\n                        <div class = \"td-border\"><\/div>\r\n                    <\/div>\r\n                            <\/div>\r\n                        <\/div>\r\n\r\n                    <\/div>\r\n\r\n                <\/div>\r\n                \n","protected":false},"excerpt":{"rendered":"<p>Laski (Pologne). Lors du week-end du 20 au 22 mars 2026, une rencontre a eu lieu pour les Juniores des Filles de Marie Auxiliatrice de la Province Notre-Dame de Jasna [&hellip;]<\/p>\n","protected":false},"author":21,"featured_media":155203,"comment_status":"open","ping_status":"closed","sticky":false,"template":"","format":"standard","meta":{"footnotes":""},"categories":[156,173],"tags":[1660,1929,2146,2248,2249],"class_list":["post-155238","post","type-post","status-publish","format-standard","has-post-thumbnail","category-ifma-fr","category-culture-vocationnelle","tag-spiritualita-salesiana-fr","tag-focus-fr","tag-preghiera-fr","tag-juniores-fr","tag-plj-fr"],"yoast_head":"<!-- This site is optimized with the Yoast SEO plugin v27.4 - https:\/\/yoast.com\/product\/yoast-seo-wordpress\/ -->\n<title>Rencontre des Juniores FMA \u2013 Province PLI &#8226; Istituto Figlie di Maria Ausiliatrice<\/title>\n<meta name=\"description\" content=\"Du 20 au 22 mars 2026, \u00e0 Laski, en Pologne, a eu lieu la rencontre des Juniores de la Province polonaise PLI : \u2018\u2019Ensemble en chemin : la beaut\u00e9 et la difficult\u00e9 des relations fraternelles\u2019\u2019.\" \/>\n<meta name=\"robots\" content=\"index, follow, max-snippet:-1, max-image-preview:large, max-video-preview:-1\" \/>\n<link rel=\"canonical\" href=\"https:\/\/www.cgfmanet.org\/fr\/ifma-fr\/culture-vocationnelle\/rencontre-des-juniores-fma-province-pli\/\" \/>\n<meta property=\"og:locale\" content=\"fr_FR\" \/>\n<meta property=\"og:type\" content=\"article\" \/>\n<meta property=\"og:title\" content=\"Rencontre des Juniores FMA \u2013 Province PLI &#8226; Istituto Figlie di Maria Ausiliatrice\" \/>\n<meta property=\"og:description\" content=\"Du 20 au 22 mars 2026, \u00e0 Laski, en Pologne, a eu lieu la rencontre des Juniores de la Province polonaise PLI : \u2018\u2019Ensemble en chemin : la beaut\u00e9 et la difficult\u00e9 des relations fraternelles\u2019\u2019.\" \/>\n<meta property=\"og:url\" content=\"https:\/\/www.cgfmanet.org\/fr\/ifma-fr\/culture-vocationnelle\/rencontre-des-juniores-fma-province-pli\/\" \/>\n<meta property=\"og:site_name\" content=\"Istituto Figlie di Maria Ausiliatrice\" \/>\n<meta property=\"article:publisher\" content=\"https:\/\/www.facebook.com\/salesian.sisters.of.don.bosco\/\" \/>\n<meta property=\"article:published_time\" content=\"2026-03-27T17:35:55+00:00\" \/>\n<meta property=\"article:modified_time\" content=\"2026-03-28T21:52:15+00:00\" \/>\n<meta property=\"og:image\" content=\"https:\/\/www.cgfmanet.org\/wp-content\/uploads\/2026\/03\/PLJ_Incontro-juniores-2.jpg\" \/>\n\t<meta property=\"og:image:width\" content=\"1405\" \/>\n\t<meta property=\"og:image:height\" content=\"937\" \/>\n\t<meta property=\"og:image:type\" content=\"image\/jpeg\" \/>\n<meta name=\"author\" content=\"Redazione\" \/>\n<meta name=\"twitter:card\" content=\"summary_large_image\" \/>\n<meta name=\"twitter:creator\" content=\"@Cgfmanet_Org\" \/>\n<meta name=\"twitter:site\" content=\"@Cgfmanet_Org\" \/>\n<meta name=\"twitter:label1\" content=\"\u00c9crit par\" \/>\n\t<meta name=\"twitter:data1\" content=\"Redazione\" \/>\n\t<meta name=\"twitter:label2\" content=\"Dur\u00e9e de lecture estim\u00e9e\" \/>\n\t<meta name=\"twitter:data2\" content=\"3 minutes\" \/>\n<script type=\"application\/ld+json\" class=\"yoast-schema-graph\">{\"@context\":\"https:\\\/\\\/schema.org\",\"@graph\":[{\"@type\":\"Article\",\"@id\":\"https:\\\/\\\/www.cgfmanet.org\\\/fr\\\/ifma-fr\\\/culture-vocationnelle\\\/rencontre-des-juniores-fma-province-pli\\\/#article\",\"isPartOf\":{\"@id\":\"https:\\\/\\\/www.cgfmanet.org\\\/fr\\\/ifma-fr\\\/culture-vocationnelle\\\/rencontre-des-juniores-fma-province-pli\\\/\"},\"author\":{\"name\":\"Redazione\",\"@id\":\"https:\\\/\\\/www.cgfmanet.org\\\/es\\\/#\\\/schema\\\/person\\\/ce6473083f53ef0ef882cca23f0c8fb9\"},\"headline\":\"Rencontre des Juniores FMA \u2013 Province PLI\",\"datePublished\":\"2026-03-27T17:35:55+00:00\",\"dateModified\":\"2026-03-28T21:52:15+00:00\",\"mainEntityOfPage\":{\"@id\":\"https:\\\/\\\/www.cgfmanet.org\\\/fr\\\/ifma-fr\\\/culture-vocationnelle\\\/rencontre-des-juniores-fma-province-pli\\\/\"},\"wordCount\":572,\"commentCount\":0,\"publisher\":{\"@id\":\"https:\\\/\\\/www.cgfmanet.org\\\/es\\\/#organization\"},\"image\":{\"@id\":\"https:\\\/\\\/www.cgfmanet.org\\\/fr\\\/ifma-fr\\\/culture-vocationnelle\\\/rencontre-des-juniores-fma-province-pli\\\/#primaryimage\"},\"thumbnailUrl\":\"https:\\\/\\\/www.cgfmanet.org\\\/wp-content\\\/uploads\\\/2026\\\/03\\\/PLJ_Incontro-juniores-2.jpg\",\"keywords\":[\"Spiritualit\u00e0 Salesiana\",\"Focus\",\"Preghiera\",\"Juniores\",\"PLJ\"],\"articleSection\":[\"IFMA\",\"Culture Vocationnelle\"],\"inLanguage\":\"fr-FR\",\"potentialAction\":[{\"@type\":\"CommentAction\",\"name\":\"Comment\",\"target\":[\"https:\\\/\\\/www.cgfmanet.org\\\/fr\\\/ifma-fr\\\/culture-vocationnelle\\\/rencontre-des-juniores-fma-province-pli\\\/#respond\"]}]},{\"@type\":\"WebPage\",\"@id\":\"https:\\\/\\\/www.cgfmanet.org\\\/fr\\\/ifma-fr\\\/culture-vocationnelle\\\/rencontre-des-juniores-fma-province-pli\\\/\",\"url\":\"https:\\\/\\\/www.cgfmanet.org\\\/fr\\\/ifma-fr\\\/culture-vocationnelle\\\/rencontre-des-juniores-fma-province-pli\\\/\",\"name\":\"Rencontre des Juniores FMA \u2013 Province PLI &#8226; Istituto Figlie di Maria Ausiliatrice\",\"isPartOf\":{\"@id\":\"https:\\\/\\\/www.cgfmanet.org\\\/es\\\/#website\"},\"primaryImageOfPage\":{\"@id\":\"https:\\\/\\\/www.cgfmanet.org\\\/fr\\\/ifma-fr\\\/culture-vocationnelle\\\/rencontre-des-juniores-fma-province-pli\\\/#primaryimage\"},\"image\":{\"@id\":\"https:\\\/\\\/www.cgfmanet.org\\\/fr\\\/ifma-fr\\\/culture-vocationnelle\\\/rencontre-des-juniores-fma-province-pli\\\/#primaryimage\"},\"thumbnailUrl\":\"https:\\\/\\\/www.cgfmanet.org\\\/wp-content\\\/uploads\\\/2026\\\/03\\\/PLJ_Incontro-juniores-2.jpg\",\"datePublished\":\"2026-03-27T17:35:55+00:00\",\"dateModified\":\"2026-03-28T21:52:15+00:00\",\"description\":\"Du 20 au 22 mars 2026, \u00e0 Laski, en Pologne, a eu lieu la rencontre des Juniores de la Province polonaise PLI : \u2018\u2019Ensemble en chemin : la beaut\u00e9 et la difficult\u00e9 des relations fraternelles\u2019\u2019.\",\"breadcrumb\":{\"@id\":\"https:\\\/\\\/www.cgfmanet.org\\\/fr\\\/ifma-fr\\\/culture-vocationnelle\\\/rencontre-des-juniores-fma-province-pli\\\/#breadcrumb\"},\"inLanguage\":\"fr-FR\",\"potentialAction\":[{\"@type\":\"ReadAction\",\"target\":[\"https:\\\/\\\/www.cgfmanet.org\\\/fr\\\/ifma-fr\\\/culture-vocationnelle\\\/rencontre-des-juniores-fma-province-pli\\\/\"]}]},{\"@type\":\"ImageObject\",\"inLanguage\":\"fr-FR\",\"@id\":\"https:\\\/\\\/www.cgfmanet.org\\\/fr\\\/ifma-fr\\\/culture-vocationnelle\\\/rencontre-des-juniores-fma-province-pli\\\/#primaryimage\",\"url\":\"https:\\\/\\\/www.cgfmanet.org\\\/wp-content\\\/uploads\\\/2026\\\/03\\\/PLJ_Incontro-juniores-2.jpg\",\"contentUrl\":\"https:\\\/\\\/www.cgfmanet.org\\\/wp-content\\\/uploads\\\/2026\\\/03\\\/PLJ_Incontro-juniores-2.jpg\",\"width\":1405,\"height\":937},{\"@type\":\"BreadcrumbList\",\"@id\":\"https:\\\/\\\/www.cgfmanet.org\\\/fr\\\/ifma-fr\\\/culture-vocationnelle\\\/rencontre-des-juniores-fma-province-pli\\\/#breadcrumb\",\"itemListElement\":[{\"@type\":\"ListItem\",\"position\":1,\"name\":\"Home\",\"item\":\"https:\\\/\\\/www.cgfmanet.org\\\/fr\\\/\"},{\"@type\":\"ListItem\",\"position\":2,\"name\":\"Rencontre des Juniores FMA \u2013 Province PLI\"}]},{\"@type\":\"WebSite\",\"@id\":\"https:\\\/\\\/www.cgfmanet.org\\\/es\\\/#website\",\"url\":\"https:\\\/\\\/www.cgfmanet.org\\\/es\\\/\",\"name\":\"Istituto Figlie di Maria Ausiliatrice\",\"description\":\"Salesiane di Don Bosco\",\"publisher\":{\"@id\":\"https:\\\/\\\/www.cgfmanet.org\\\/es\\\/#organization\"},\"potentialAction\":[{\"@type\":\"SearchAction\",\"target\":{\"@type\":\"EntryPoint\",\"urlTemplate\":\"https:\\\/\\\/www.cgfmanet.org\\\/es\\\/?s={search_term_string}\"},\"query-input\":{\"@type\":\"PropertyValueSpecification\",\"valueRequired\":true,\"valueName\":\"search_term_string\"}}],\"inLanguage\":\"fr-FR\"},{\"@type\":\"Organization\",\"@id\":\"https:\\\/\\\/www.cgfmanet.org\\\/es\\\/#organization\",\"name\":\"Istituto Figlie di Maria Ausiliatrice\",\"url\":\"https:\\\/\\\/www.cgfmanet.org\\\/es\\\/\",\"logo\":{\"@type\":\"ImageObject\",\"inLanguage\":\"fr-FR\",\"@id\":\"https:\\\/\\\/www.cgfmanet.org\\\/es\\\/#\\\/schema\\\/logo\\\/image\\\/\",\"url\":\"https:\\\/\\\/www.cgfmanet.org\\\/wp-content\\\/uploads\\\/2018\\\/10\\\/logo-fma.png\",\"contentUrl\":\"https:\\\/\\\/www.cgfmanet.org\\\/wp-content\\\/uploads\\\/2018\\\/10\\\/logo-fma.png\",\"width\":214,\"height\":55,\"caption\":\"Istituto Figlie di Maria Ausiliatrice\"},\"image\":{\"@id\":\"https:\\\/\\\/www.cgfmanet.org\\\/es\\\/#\\\/schema\\\/logo\\\/image\\\/\"},\"sameAs\":[\"https:\\\/\\\/www.facebook.com\\\/salesian.sisters.of.don.bosco\\\/\",\"https:\\\/\\\/x.com\\\/Cgfmanet_Org\",\"https:\\\/\\\/www.youtube.com\\\/channel\\\/UCmcr8yFQBV7JXeXVxyV9y5Q\"]},{\"@type\":\"Person\",\"@id\":\"https:\\\/\\\/www.cgfmanet.org\\\/es\\\/#\\\/schema\\\/person\\\/ce6473083f53ef0ef882cca23f0c8fb9\",\"name\":\"Redazione\"}]}<\/script>\n<!-- \/ Yoast SEO plugin. -->","yoast_head_json":{"title":"Rencontre des Juniores FMA \u2013 Province PLI &#8226; Istituto Figlie di Maria Ausiliatrice","description":"Du 20 au 22 mars 2026, \u00e0 Laski, en Pologne, a eu lieu la rencontre des Juniores de la Province polonaise PLI : \u2018\u2019Ensemble en chemin : la beaut\u00e9 et la difficult\u00e9 des relations fraternelles\u2019\u2019.","robots":{"index":"index","follow":"follow","max-snippet":"max-snippet:-1","max-image-preview":"max-image-preview:large","max-video-preview":"max-video-preview:-1"},"canonical":"https:\/\/www.cgfmanet.org\/fr\/ifma-fr\/culture-vocationnelle\/rencontre-des-juniores-fma-province-pli\/","og_locale":"fr_FR","og_type":"article","og_title":"Rencontre des Juniores FMA \u2013 Province PLI &#8226; Istituto Figlie di Maria Ausiliatrice","og_description":"Du 20 au 22 mars 2026, \u00e0 Laski, en Pologne, a eu lieu la rencontre des Juniores de la Province polonaise PLI : \u2018\u2019Ensemble en chemin : la beaut\u00e9 et la difficult\u00e9 des relations fraternelles\u2019\u2019.","og_url":"https:\/\/www.cgfmanet.org\/fr\/ifma-fr\/culture-vocationnelle\/rencontre-des-juniores-fma-province-pli\/","og_site_name":"Istituto Figlie di Maria Ausiliatrice","article_publisher":"https:\/\/www.facebook.com\/salesian.sisters.of.don.bosco\/","article_published_time":"2026-03-27T17:35:55+00:00","article_modified_time":"2026-03-28T21:52:15+00:00","og_image":[{"width":1405,"height":937,"url":"https:\/\/www.cgfmanet.org\/wp-content\/uploads\/2026\/03\/PLJ_Incontro-juniores-2.jpg","type":"image\/jpeg"}],"author":"Redazione","twitter_card":"summary_large_image","twitter_creator":"@Cgfmanet_Org","twitter_site":"@Cgfmanet_Org","twitter_misc":{"\u00c9crit par":"Redazione","Dur\u00e9e de lecture estim\u00e9e":"3 minutes"},"schema":{"@context":"https:\/\/schema.org","@graph":[{"@type":"Article","@id":"https:\/\/www.cgfmanet.org\/fr\/ifma-fr\/culture-vocationnelle\/rencontre-des-juniores-fma-province-pli\/#article","isPartOf":{"@id":"https:\/\/www.cgfmanet.org\/fr\/ifma-fr\/culture-vocationnelle\/rencontre-des-juniores-fma-province-pli\/"},"author":{"name":"Redazione","@id":"https:\/\/www.cgfmanet.org\/es\/#\/schema\/person\/ce6473083f53ef0ef882cca23f0c8fb9"},"headline":"Rencontre des Juniores FMA \u2013 Province PLI","datePublished":"2026-03-27T17:35:55+00:00","dateModified":"2026-03-28T21:52:15+00:00","mainEntityOfPage":{"@id":"https:\/\/www.cgfmanet.org\/fr\/ifma-fr\/culture-vocationnelle\/rencontre-des-juniores-fma-province-pli\/"},"wordCount":572,"commentCount":0,"publisher":{"@id":"https:\/\/www.cgfmanet.org\/es\/#organization"},"image":{"@id":"https:\/\/www.cgfmanet.org\/fr\/ifma-fr\/culture-vocationnelle\/rencontre-des-juniores-fma-province-pli\/#primaryimage"},"thumbnailUrl":"https:\/\/www.cgfmanet.org\/wp-content\/uploads\/2026\/03\/PLJ_Incontro-juniores-2.jpg","keywords":["Spiritualit\u00e0 Salesiana","Focus","Preghiera","Juniores","PLJ"],"articleSection":["IFMA","Culture Vocationnelle"],"inLanguage":"fr-FR","potentialAction":[{"@type":"CommentAction","name":"Comment","target":["https:\/\/www.cgfmanet.org\/fr\/ifma-fr\/culture-vocationnelle\/rencontre-des-juniores-fma-province-pli\/#respond"]}]},{"@type":"WebPage","@id":"https:\/\/www.cgfmanet.org\/fr\/ifma-fr\/culture-vocationnelle\/rencontre-des-juniores-fma-province-pli\/","url":"https:\/\/www.cgfmanet.org\/fr\/ifma-fr\/culture-vocationnelle\/rencontre-des-juniores-fma-province-pli\/","name":"Rencontre des Juniores FMA \u2013 Province PLI &#8226; Istituto Figlie di Maria Ausiliatrice","isPartOf":{"@id":"https:\/\/www.cgfmanet.org\/es\/#website"},"primaryImageOfPage":{"@id":"https:\/\/www.cgfmanet.org\/fr\/ifma-fr\/culture-vocationnelle\/rencontre-des-juniores-fma-province-pli\/#primaryimage"},"image":{"@id":"https:\/\/www.cgfmanet.org\/fr\/ifma-fr\/culture-vocationnelle\/rencontre-des-juniores-fma-province-pli\/#primaryimage"},"thumbnailUrl":"https:\/\/www.cgfmanet.org\/wp-content\/uploads\/2026\/03\/PLJ_Incontro-juniores-2.jpg","datePublished":"2026-03-27T17:35:55+00:00","dateModified":"2026-03-28T21:52:15+00:00","description":"Du 20 au 22 mars 2026, \u00e0 Laski, en Pologne, a eu lieu la rencontre des Juniores de la Province polonaise PLI : \u2018\u2019Ensemble en chemin : la beaut\u00e9 et la difficult\u00e9 des relations fraternelles\u2019\u2019.","breadcrumb":{"@id":"https:\/\/www.cgfmanet.org\/fr\/ifma-fr\/culture-vocationnelle\/rencontre-des-juniores-fma-province-pli\/#breadcrumb"},"inLanguage":"fr-FR","potentialAction":[{"@type":"ReadAction","target":["https:\/\/www.cgfmanet.org\/fr\/ifma-fr\/culture-vocationnelle\/rencontre-des-juniores-fma-province-pli\/"]}]},{"@type":"ImageObject","inLanguage":"fr-FR","@id":"https:\/\/www.cgfmanet.org\/fr\/ifma-fr\/culture-vocationnelle\/rencontre-des-juniores-fma-province-pli\/#primaryimage","url":"https:\/\/www.cgfmanet.org\/wp-content\/uploads\/2026\/03\/PLJ_Incontro-juniores-2.jpg","contentUrl":"https:\/\/www.cgfmanet.org\/wp-content\/uploads\/2026\/03\/PLJ_Incontro-juniores-2.jpg","width":1405,"height":937},{"@type":"BreadcrumbList","@id":"https:\/\/www.cgfmanet.org\/fr\/ifma-fr\/culture-vocationnelle\/rencontre-des-juniores-fma-province-pli\/#breadcrumb","itemListElement":[{"@type":"ListItem","position":1,"name":"Home","item":"https:\/\/www.cgfmanet.org\/fr\/"},{"@type":"ListItem","position":2,"name":"Rencontre des Juniores FMA \u2013 Province PLI"}]},{"@type":"WebSite","@id":"https:\/\/www.cgfmanet.org\/es\/#website","url":"https:\/\/www.cgfmanet.org\/es\/","name":"Istituto Figlie di Maria Ausiliatrice","description":"Salesiane di Don Bosco","publisher":{"@id":"https:\/\/www.cgfmanet.org\/es\/#organization"},"potentialAction":[{"@type":"SearchAction","target":{"@type":"EntryPoint","urlTemplate":"https:\/\/www.cgfmanet.org\/es\/?s={search_term_string}"},"query-input":{"@type":"PropertyValueSpecification","valueRequired":true,"valueName":"search_term_string"}}],"inLanguage":"fr-FR"},{"@type":"Organization","@id":"https:\/\/www.cgfmanet.org\/es\/#organization","name":"Istituto Figlie di Maria Ausiliatrice","url":"https:\/\/www.cgfmanet.org\/es\/","logo":{"@type":"ImageObject","inLanguage":"fr-FR","@id":"https:\/\/www.cgfmanet.org\/es\/#\/schema\/logo\/image\/","url":"https:\/\/www.cgfmanet.org\/wp-content\/uploads\/2018\/10\/logo-fma.png","contentUrl":"https:\/\/www.cgfmanet.org\/wp-content\/uploads\/2018\/10\/logo-fma.png","width":214,"height":55,"caption":"Istituto Figlie di Maria Ausiliatrice"},"image":{"@id":"https:\/\/www.cgfmanet.org\/es\/#\/schema\/logo\/image\/"},"sameAs":["https:\/\/www.facebook.com\/salesian.sisters.of.don.bosco\/","https:\/\/x.com\/Cgfmanet_Org","https:\/\/www.youtube.com\/channel\/UCmcr8yFQBV7JXeXVxyV9y5Q"]},{"@type":"Person","@id":"https:\/\/www.cgfmanet.org\/es\/#\/schema\/person\/ce6473083f53ef0ef882cca23f0c8fb9","name":"Redazione"}]}},"_links":{"self":[{"href":"https:\/\/www.cgfmanet.org\/fr\/wp-json\/wp\/v2\/posts\/155238","targetHints":{"allow":["GET"]}}],"collection":[{"href":"https:\/\/www.cgfmanet.org\/fr\/wp-json\/wp\/v2\/posts"}],"about":[{"href":"https:\/\/www.cgfmanet.org\/fr\/wp-json\/wp\/v2\/types\/post"}],"author":[{"embeddable":true,"href":"https:\/\/www.cgfmanet.org\/fr\/wp-json\/wp\/v2\/users\/21"}],"replies":[{"embeddable":true,"href":"https:\/\/www.cgfmanet.org\/fr\/wp-json\/wp\/v2\/comments?post=155238"}],"version-history":[{"count":2,"href":"https:\/\/www.cgfmanet.org\/fr\/wp-json\/wp\/v2\/posts\/155238\/revisions"}],"predecessor-version":[{"id":155249,"href":"https:\/\/www.cgfmanet.org\/fr\/wp-json\/wp\/v2\/posts\/155238\/revisions\/155249"}],"wp:featuredmedia":[{"embeddable":true,"href":"https:\/\/www.cgfmanet.org\/fr\/wp-json\/wp\/v2\/media\/155203"}],"wp:attachment":[{"href":"https:\/\/www.cgfmanet.org\/fr\/wp-json\/wp\/v2\/media?parent=155238"}],"wp:term":[{"taxonomy":"category","embeddable":true,"href":"https:\/\/www.cgfmanet.org\/fr\/wp-json\/wp\/v2\/categories?post=155238"},{"taxonomy":"post_tag","embeddable":true,"href":"https:\/\/www.cgfmanet.org\/fr\/wp-json\/wp\/v2\/tags?post=155238"}],"curies":[{"name":"wp","href":"https:\/\/api.w.org\/{rel}","templated":true}]}}