{"id":155151,"date":"2026-03-23T09:50:15","date_gmt":"2026-03-23T08:50:15","guid":{"rendered":"https:\/\/www.cgfmanet.org\/info-sphere\/2-incontro-pellegrinaggio-online-pem-sguardo-ampio-la-visione\/"},"modified":"2026-03-25T23:33:05","modified_gmt":"2026-03-25T22:33:05","slug":"deuxieme-reunion-du-pelerinage-en-ligne-pem-une-vision-densemble","status":"publish","type":"post","link":"https:\/\/www.cgfmanet.org\/fr\/ifma-fr\/deuxieme-reunion-du-pelerinage-en-ligne-pem-une-vision-densemble\/","title":{"rendered":"Deuxi\u00e8me r\u00e9union du p\u00e8lerinage en ligne PEM : Une vision d&rsquo;ensemble"},"content":{"rendered":"<p><strong>Rome (Italie). <\/strong>La deuxi\u00e8me r\u00e9union du p\u00e8lerinage en ligne PEM, organis\u00e9 pour le 150e anniversaire de la Premi\u00e8re Exp\u00e9dition Missionnaire, s&rsquo;est tenue le 22 mars 2026 online. Organis\u00e9 par le Secteur des Missions de l&rsquo;Institut des Filles de Marie Auxiliatrice, en collaboration avec l&rsquo;\u00e9quipe PEM, ce p\u00e8lerinage a permis de d\u00e9couvrir les lieux du continent am\u00e9ricain o\u00f9 les Filles de Marie Auxiliatrice sont arriv\u00e9es en 1877.<\/p>\n<p>Ce voyage, compos\u00e9 de huit \u00e9tapes, s&rsquo;inscrit dans le cadre des pr\u00e9paratifs triennaux (2024-2027) du 150e anniversaire de la Premi\u00e8re Exp\u00e9dition Missionnaire. Son th\u00e8me est : \u00ab <strong>Il est temps de raviver la flamme <\/strong>\u2013 150e anniversaire des missions des Filles de Marie Auxiliatrice \u00bb. L\u2019objectif est de \u00ab <em>c\u00e9l\u00e9brer avec un c\u0153ur reconnaissant le z\u00e8le missionnaire de l\u2019Institut pour raviver dans le monde contemporain l\u2019\u00e9lan proph\u00e9tique de notre charisme comme un don \u00e0 l\u2019\u00c9glise et \u00e0 l\u2019humanit\u00e9 <\/em>\u00bb (Circulaire n\u00b0 1038).<\/p>\n<p>Apr\u00e8s la premi\u00e8re rencontre \u00e0 Villa Col\u00f3n \u2013 Las Piedras en Uruguay, cette deuxi\u00e8me \u00e9tape s&rsquo;est poursuivie \u00e0 Almagro\u2013La Boca afin de mettre en lumi\u00e8re la perspective missionnaire \u00e9largie qui avait ouvert les horizons des premi\u00e8res missionnaires, lesquelles avaient os\u00e9 franchir une nouvelle fronti\u00e8re pour vivre le charisme morn\u00e9sien en terre nouvelle\u00a0: l&rsquo;Argentine. Dans la \u00ab\u00a0<strong>Nice de l&rsquo;Am\u00e9rique<\/strong>\u00a0\u00bb, elles ont exprim\u00e9 le charisme des m\u00e8res et des \u00e9ducatrices h\u00e9rit\u00e9 de Maria Domenica Mazzarello.<\/p>\n<p><strong>La Chronique de la communaut\u00e9 d&rsquo;Almagro relate :<\/strong><\/p>\n<p>\u00ab <em>Le 26 janvier 1879, la seconde exp\u00e9dition des Filles de Marie Auxiliatrice arriva sur ces rivages. Elle \u00e9tait conduite par <strong>S\u0153ur M. Magdalena Martini<\/strong>, qui occupait la charge de Provinciale et r\u00e9sidait \u00e0 Buenos Aires. Cette exp\u00e9dition \u00e9tait compos\u00e9e de dix religieuses, dont quatre firent halte \u00e0 Col\u00f3n de Montevideo : <strong>S\u0153ur Filomena Balduzzi, S\u0153ur Victoria Cant\u00fa, S\u0153ur Virginia Magone <\/strong>et<strong> S\u0153ur Josefa Vergniaud<\/strong>. Les six autres vinrent \u00e0 Buenos Aires pour fonder la Maison d&rsquo;Almagro : <strong>S\u0153ur M. Magdalena Martini, S\u0153ur Jacinta Olivieri, S\u0153ur Dominga Roletti, S\u0153ur Emilia Borgna, S\u0153ur Mar\u00eda Magdeleine <\/strong>et<strong> S\u0153ur Catalina Fino.<\/strong> \u00c0 Almagro, elles eurent la chance de vivre dans une maison tr\u00e8s modeste, qu&rsquo;elles appel\u00e8rent \u00ab Ranchito \u00bb, tout pr\u00e8s du Colegio P\u00edo IX de Arts et Bureaux. Ce fut la maison du noviciat o\u00f9\u2026 \u00bb Des Retraites spirituelles\u00a0 y furent\u00a0 organis\u00e9es chaque ann\u00e9e.<\/em><\/p>\n<p><strong>S\u0153ur Ruth del Pilar Mora<\/strong>, Conseill\u00e8re g\u00e9n\u00e9rale pour les missions, a exhort\u00e9 toutes les participantes au p\u00e8lerinage, dans son discours d&rsquo;ouverture, \u00e0 adopter une perspective \u00e9largie\u00a0: \u00ab\u00a0Cette perspective s&rsquo;acquiert en apprenant \u00e0 voir la r\u00e9alit\u00e9 \u00e0 travers le regard de Dieu, qui, en J\u00e9sus, s&rsquo;est rendu accessible \u00e0 notre compr\u00e9hension. Dans les \u00c9vangiles, J\u00e9sus s&rsquo;arr\u00eate devant les gens, les regarde avec amour\u00a0; son regard ne juge pas, mais r\u00e9g\u00e9n\u00e8re\u00a0; il n&rsquo;exclut pas, mais inclut\u00a0; il ne s&rsquo;arr\u00eate pas aux apparences, mais d\u00e9couvre le potentiel et l&rsquo;esp\u00e9rance. Avoir une perspective \u00e9largie, c&rsquo;est comprendre que la mission n&rsquo;est pas la n\u00f4tre, mais une participation \u00e0 l&rsquo;amour de Dieu pour chaque personne, de chaque temps et de chaque culture.\u00a0\u00bb<\/p>\n<p>\u00ab\u00a0Les premi\u00e8res missionnaires FMA parties en Am\u00e9rique, a soulign\u00e9 S\u0153ur Ruth, ont apport\u00e9 avec elles cette perspective\u00a0: non seulement un projet \u00e9ducatif, mais aussi la capacit\u00e9 de reconna\u00eetre le bien d\u00e9j\u00e0 pr\u00e9sent, de valoriser les personnes et de tisser des liens de confiance et d&rsquo;amiti\u00e9 \u00e0 l&rsquo;image d&rsquo;une famille.\u00a0\u00bb<\/p>\n<p><strong>Arriv\u00e9es en Argentine, la \u00ab Nice de l\u2019Am\u00e9rique \u00bb,<\/strong> <em>elles ont incarn\u00e9 le charisme avec ouverture, cr\u00e9ativit\u00e9 et respect, cr\u00e9ant des communaut\u00e9s qui \u00e9duquaient avec amour et pr\u00e9sence. Aujourd\u2019hui encore, dans nos communaut\u00e9s \u00e9ducatives, nous sommes appel\u00e9es \u00e0 une perspective qui reconna\u00eet les germes de bont\u00e9 chez les jeunes, valorise les diff\u00e9rences culturelles, ouvre des espaces de dialogue et tisse des liens. C\u2019est une perspective qui transforme la mission en actions concr\u00e8tes, en allant \u00e0 la rencontre de ceux qui se sentent seuls, par des gestes de g\u00e9n\u00e9rosit\u00e9 et par des pr\u00e9sences capables de susciter l\u2019espoir et de construire un avenir commun.\u00a0 <\/em><\/p>\n<p>L\u2019\u00e9v\u00e9nement, anim\u00e9 par les S\u0153urs de l&rsquo;Office FMA pour les Missions, les membres de l\u2019\u00c9quipe Missionnaire Mondiale, les S\u0153urs de la Commission pour le 150e anniversaire de la Premi\u00e8re Exp\u00e9dition Missionnaire et l\u2019\u00c9quipe PEM, a b\u00e9n\u00e9fici\u00e9 de la participation enthousiaste de nombreuses Communaut\u00e9s \u00c9ducatives de tous les continents, qui ont profit\u00e9 de ce moment de partage pour \u00e9largir leurs horizons et placer le Christ au c\u0153ur du monde et de leur identit\u00e9.<\/p>\n<p><strong><span style=\"color: #0000ff;\"><a style=\"color: #0000ff;\" href=\"https:\/\/drive.google.com\/drive\/u\/1\/folders\/1ByDnIIczb5HeVXOhZaAS6W9J8deCguGG\" target=\"_blank\" rel=\"noopener\">Ressources<\/a><\/span><\/strong><\/p>\n<p><span style=\"color: #0000ff;\"><strong><a style=\"color: #0000ff;\" href=\"https:\/\/www.youtube.com\/@PEM-FMA\" target=\"_blank\" rel=\"noopener\">Vid\u00e9os<\/a><\/strong><\/span><\/p>\n","protected":false},"excerpt":{"rendered":"<p>Rome (Italie). La deuxi\u00e8me r\u00e9union du p\u00e8lerinage en ligne PEM, organis\u00e9 pour le 150e anniversaire de la Premi\u00e8re Exp\u00e9dition Missionnaire, s&rsquo;est tenue le 22 mars 2026 online. Organis\u00e9 par le [&hellip;]<\/p>\n","protected":false},"author":21,"featured_media":155146,"comment_status":"open","ping_status":"closed","sticky":false,"template":"","format":"standard","meta":{"footnotes":""},"categories":[2469,156],"tags":[1661,1680,1929,2462],"class_list":["post-155151","post","type-post","status-publish","format-standard","has-post-thumbnail","category-150e-missions-fma","category-ifma-fr","tag-carisma-salesiano-fr","tag-travail-missionnaire","tag-focus-fr","tag-150-missions-des-fma"],"yoast_head":"<!-- This site is optimized with the Yoast SEO plugin v27.4 - https:\/\/yoast.com\/product\/yoast-seo-wordpress\/ -->\n<title>Deuxi\u00e8me r\u00e9union du p\u00e8lerinage en ligne PEM : Une vision d&#039;ensemble &#8226; Istituto Figlie di Maria Ausiliatrice<\/title>\n<meta name=\"description\" content=\"La deuxi\u00e8me r\u00e9union du p\u00e8lerinage en ligne PEM, organis\u00e9 pour le 150e anniversaire de la Premi\u00e8re Exp\u00e9dition Missionnaire, s&#039;est tenue le 22 mars 2026 \u00e0 Rome (Italie).\" \/>\n<meta name=\"robots\" content=\"index, follow, max-snippet:-1, max-image-preview:large, max-video-preview:-1\" \/>\n<link rel=\"canonical\" href=\"https:\/\/www.cgfmanet.org\/fr\/ifma-fr\/deuxieme-reunion-du-pelerinage-en-ligne-pem-une-vision-densemble\/\" \/>\n<meta property=\"og:locale\" content=\"fr_FR\" \/>\n<meta property=\"og:type\" content=\"article\" \/>\n<meta property=\"og:title\" content=\"Deuxi\u00e8me r\u00e9union du p\u00e8lerinage en ligne PEM : Une vision d&#039;ensemble &#8226; Istituto Figlie di Maria Ausiliatrice\" \/>\n<meta property=\"og:description\" content=\"La deuxi\u00e8me r\u00e9union du p\u00e8lerinage en ligne PEM, organis\u00e9 pour le 150e anniversaire de la Premi\u00e8re Exp\u00e9dition Missionnaire, s&#039;est tenue le 22 mars 2026 \u00e0 Rome (Italie).\" \/>\n<meta property=\"og:url\" content=\"https:\/\/www.cgfmanet.org\/fr\/ifma-fr\/deuxieme-reunion-du-pelerinage-en-ligne-pem-une-vision-densemble\/\" \/>\n<meta property=\"og:site_name\" content=\"Istituto Figlie di Maria Ausiliatrice\" \/>\n<meta property=\"article:publisher\" content=\"https:\/\/www.facebook.com\/salesian.sisters.of.don.bosco\/\" \/>\n<meta property=\"article:published_time\" content=\"2026-03-23T08:50:15+00:00\" \/>\n<meta property=\"article:modified_time\" content=\"2026-03-25T22:33:05+00:00\" \/>\n<meta property=\"og:image\" content=\"https:\/\/www.cgfmanet.org\/wp-content\/uploads\/2026\/03\/2-incontro_PEM-online-2026.jpg\" \/>\n\t<meta property=\"og:image:width\" content=\"1200\" \/>\n\t<meta property=\"og:image:height\" content=\"800\" \/>\n\t<meta property=\"og:image:type\" content=\"image\/jpeg\" \/>\n<meta name=\"author\" content=\"Redazione\" \/>\n<meta name=\"twitter:card\" content=\"summary_large_image\" \/>\n<meta name=\"twitter:creator\" content=\"@Cgfmanet_Org\" \/>\n<meta name=\"twitter:site\" content=\"@Cgfmanet_Org\" \/>\n<meta name=\"twitter:label1\" content=\"\u00c9crit par\" \/>\n\t<meta name=\"twitter:data1\" content=\"Redazione\" \/>\n\t<meta name=\"twitter:label2\" content=\"Dur\u00e9e de lecture estim\u00e9e\" \/>\n\t<meta name=\"twitter:data2\" content=\"4 minutes\" \/>\n<script type=\"application\/ld+json\" class=\"yoast-schema-graph\">{\"@context\":\"https:\\\/\\\/schema.org\",\"@graph\":[{\"@type\":\"Article\",\"@id\":\"https:\\\/\\\/www.cgfmanet.org\\\/fr\\\/ifma-fr\\\/deuxieme-reunion-du-pelerinage-en-ligne-pem-une-vision-densemble\\\/#article\",\"isPartOf\":{\"@id\":\"https:\\\/\\\/www.cgfmanet.org\\\/fr\\\/ifma-fr\\\/deuxieme-reunion-du-pelerinage-en-ligne-pem-une-vision-densemble\\\/\"},\"author\":{\"name\":\"Redazione\",\"@id\":\"https:\\\/\\\/www.cgfmanet.org\\\/es\\\/#\\\/schema\\\/person\\\/ce6473083f53ef0ef882cca23f0c8fb9\"},\"headline\":\"Deuxi\u00e8me r\u00e9union du p\u00e8lerinage en ligne PEM : Une vision d&rsquo;ensemble\",\"datePublished\":\"2026-03-23T08:50:15+00:00\",\"dateModified\":\"2026-03-25T22:33:05+00:00\",\"mainEntityOfPage\":{\"@id\":\"https:\\\/\\\/www.cgfmanet.org\\\/fr\\\/ifma-fr\\\/deuxieme-reunion-du-pelerinage-en-ligne-pem-une-vision-densemble\\\/\"},\"wordCount\":824,\"commentCount\":2,\"publisher\":{\"@id\":\"https:\\\/\\\/www.cgfmanet.org\\\/es\\\/#organization\"},\"image\":{\"@id\":\"https:\\\/\\\/www.cgfmanet.org\\\/fr\\\/ifma-fr\\\/deuxieme-reunion-du-pelerinage-en-ligne-pem-une-vision-densemble\\\/#primaryimage\"},\"thumbnailUrl\":\"https:\\\/\\\/www.cgfmanet.org\\\/wp-content\\\/uploads\\\/2026\\\/03\\\/2-incontro_PEM-online-2026.jpg\",\"keywords\":[\"Carisma salesiano\",\"Travail Missionnaire\",\"Focus\",\"150\u00b0 Missions des FMA\"],\"articleSection\":[\"150e Missions FMA\",\"IFMA\"],\"inLanguage\":\"fr-FR\",\"potentialAction\":[{\"@type\":\"CommentAction\",\"name\":\"Comment\",\"target\":[\"https:\\\/\\\/www.cgfmanet.org\\\/fr\\\/ifma-fr\\\/deuxieme-reunion-du-pelerinage-en-ligne-pem-une-vision-densemble\\\/#respond\"]}]},{\"@type\":\"WebPage\",\"@id\":\"https:\\\/\\\/www.cgfmanet.org\\\/fr\\\/ifma-fr\\\/deuxieme-reunion-du-pelerinage-en-ligne-pem-une-vision-densemble\\\/\",\"url\":\"https:\\\/\\\/www.cgfmanet.org\\\/fr\\\/ifma-fr\\\/deuxieme-reunion-du-pelerinage-en-ligne-pem-une-vision-densemble\\\/\",\"name\":\"Deuxi\u00e8me r\u00e9union du p\u00e8lerinage en ligne PEM : Une vision d'ensemble &#8226; Istituto Figlie di Maria Ausiliatrice\",\"isPartOf\":{\"@id\":\"https:\\\/\\\/www.cgfmanet.org\\\/es\\\/#website\"},\"primaryImageOfPage\":{\"@id\":\"https:\\\/\\\/www.cgfmanet.org\\\/fr\\\/ifma-fr\\\/deuxieme-reunion-du-pelerinage-en-ligne-pem-une-vision-densemble\\\/#primaryimage\"},\"image\":{\"@id\":\"https:\\\/\\\/www.cgfmanet.org\\\/fr\\\/ifma-fr\\\/deuxieme-reunion-du-pelerinage-en-ligne-pem-une-vision-densemble\\\/#primaryimage\"},\"thumbnailUrl\":\"https:\\\/\\\/www.cgfmanet.org\\\/wp-content\\\/uploads\\\/2026\\\/03\\\/2-incontro_PEM-online-2026.jpg\",\"datePublished\":\"2026-03-23T08:50:15+00:00\",\"dateModified\":\"2026-03-25T22:33:05+00:00\",\"description\":\"La deuxi\u00e8me r\u00e9union du p\u00e8lerinage en ligne PEM, organis\u00e9 pour le 150e anniversaire de la Premi\u00e8re Exp\u00e9dition Missionnaire, s'est tenue le 22 mars 2026 \u00e0 Rome (Italie).\",\"breadcrumb\":{\"@id\":\"https:\\\/\\\/www.cgfmanet.org\\\/fr\\\/ifma-fr\\\/deuxieme-reunion-du-pelerinage-en-ligne-pem-une-vision-densemble\\\/#breadcrumb\"},\"inLanguage\":\"fr-FR\",\"potentialAction\":[{\"@type\":\"ReadAction\",\"target\":[\"https:\\\/\\\/www.cgfmanet.org\\\/fr\\\/ifma-fr\\\/deuxieme-reunion-du-pelerinage-en-ligne-pem-une-vision-densemble\\\/\"]}]},{\"@type\":\"ImageObject\",\"inLanguage\":\"fr-FR\",\"@id\":\"https:\\\/\\\/www.cgfmanet.org\\\/fr\\\/ifma-fr\\\/deuxieme-reunion-du-pelerinage-en-ligne-pem-une-vision-densemble\\\/#primaryimage\",\"url\":\"https:\\\/\\\/www.cgfmanet.org\\\/wp-content\\\/uploads\\\/2026\\\/03\\\/2-incontro_PEM-online-2026.jpg\",\"contentUrl\":\"https:\\\/\\\/www.cgfmanet.org\\\/wp-content\\\/uploads\\\/2026\\\/03\\\/2-incontro_PEM-online-2026.jpg\",\"width\":1200,\"height\":800},{\"@type\":\"BreadcrumbList\",\"@id\":\"https:\\\/\\\/www.cgfmanet.org\\\/fr\\\/ifma-fr\\\/deuxieme-reunion-du-pelerinage-en-ligne-pem-une-vision-densemble\\\/#breadcrumb\",\"itemListElement\":[{\"@type\":\"ListItem\",\"position\":1,\"name\":\"Home\",\"item\":\"https:\\\/\\\/www.cgfmanet.org\\\/fr\\\/\"},{\"@type\":\"ListItem\",\"position\":2,\"name\":\"Deuxi\u00e8me r\u00e9union du p\u00e8lerinage en ligne PEM : Une vision d&#8217;ensemble\"}]},{\"@type\":\"WebSite\",\"@id\":\"https:\\\/\\\/www.cgfmanet.org\\\/es\\\/#website\",\"url\":\"https:\\\/\\\/www.cgfmanet.org\\\/es\\\/\",\"name\":\"Istituto Figlie di Maria Ausiliatrice\",\"description\":\"Salesiane di Don Bosco\",\"publisher\":{\"@id\":\"https:\\\/\\\/www.cgfmanet.org\\\/es\\\/#organization\"},\"potentialAction\":[{\"@type\":\"SearchAction\",\"target\":{\"@type\":\"EntryPoint\",\"urlTemplate\":\"https:\\\/\\\/www.cgfmanet.org\\\/es\\\/?s={search_term_string}\"},\"query-input\":{\"@type\":\"PropertyValueSpecification\",\"valueRequired\":true,\"valueName\":\"search_term_string\"}}],\"inLanguage\":\"fr-FR\"},{\"@type\":\"Organization\",\"@id\":\"https:\\\/\\\/www.cgfmanet.org\\\/es\\\/#organization\",\"name\":\"Istituto Figlie di Maria Ausiliatrice\",\"url\":\"https:\\\/\\\/www.cgfmanet.org\\\/es\\\/\",\"logo\":{\"@type\":\"ImageObject\",\"inLanguage\":\"fr-FR\",\"@id\":\"https:\\\/\\\/www.cgfmanet.org\\\/es\\\/#\\\/schema\\\/logo\\\/image\\\/\",\"url\":\"https:\\\/\\\/www.cgfmanet.org\\\/wp-content\\\/uploads\\\/2018\\\/10\\\/logo-fma.png\",\"contentUrl\":\"https:\\\/\\\/www.cgfmanet.org\\\/wp-content\\\/uploads\\\/2018\\\/10\\\/logo-fma.png\",\"width\":214,\"height\":55,\"caption\":\"Istituto Figlie di Maria Ausiliatrice\"},\"image\":{\"@id\":\"https:\\\/\\\/www.cgfmanet.org\\\/es\\\/#\\\/schema\\\/logo\\\/image\\\/\"},\"sameAs\":[\"https:\\\/\\\/www.facebook.com\\\/salesian.sisters.of.don.bosco\\\/\",\"https:\\\/\\\/x.com\\\/Cgfmanet_Org\",\"https:\\\/\\\/www.youtube.com\\\/channel\\\/UCmcr8yFQBV7JXeXVxyV9y5Q\"]},{\"@type\":\"Person\",\"@id\":\"https:\\\/\\\/www.cgfmanet.org\\\/es\\\/#\\\/schema\\\/person\\\/ce6473083f53ef0ef882cca23f0c8fb9\",\"name\":\"Redazione\"}]}<\/script>\n<!-- \/ Yoast SEO plugin. -->","yoast_head_json":{"title":"Deuxi\u00e8me r\u00e9union du p\u00e8lerinage en ligne PEM : Une vision d'ensemble &#8226; Istituto Figlie di Maria Ausiliatrice","description":"La deuxi\u00e8me r\u00e9union du p\u00e8lerinage en ligne PEM, organis\u00e9 pour le 150e anniversaire de la Premi\u00e8re Exp\u00e9dition Missionnaire, s'est tenue le 22 mars 2026 \u00e0 Rome (Italie).","robots":{"index":"index","follow":"follow","max-snippet":"max-snippet:-1","max-image-preview":"max-image-preview:large","max-video-preview":"max-video-preview:-1"},"canonical":"https:\/\/www.cgfmanet.org\/fr\/ifma-fr\/deuxieme-reunion-du-pelerinage-en-ligne-pem-une-vision-densemble\/","og_locale":"fr_FR","og_type":"article","og_title":"Deuxi\u00e8me r\u00e9union du p\u00e8lerinage en ligne PEM : Une vision d'ensemble &#8226; Istituto Figlie di Maria Ausiliatrice","og_description":"La deuxi\u00e8me r\u00e9union du p\u00e8lerinage en ligne PEM, organis\u00e9 pour le 150e anniversaire de la Premi\u00e8re Exp\u00e9dition Missionnaire, s'est tenue le 22 mars 2026 \u00e0 Rome (Italie).","og_url":"https:\/\/www.cgfmanet.org\/fr\/ifma-fr\/deuxieme-reunion-du-pelerinage-en-ligne-pem-une-vision-densemble\/","og_site_name":"Istituto Figlie di Maria Ausiliatrice","article_publisher":"https:\/\/www.facebook.com\/salesian.sisters.of.don.bosco\/","article_published_time":"2026-03-23T08:50:15+00:00","article_modified_time":"2026-03-25T22:33:05+00:00","og_image":[{"width":1200,"height":800,"url":"https:\/\/www.cgfmanet.org\/wp-content\/uploads\/2026\/03\/2-incontro_PEM-online-2026.jpg","type":"image\/jpeg"}],"author":"Redazione","twitter_card":"summary_large_image","twitter_creator":"@Cgfmanet_Org","twitter_site":"@Cgfmanet_Org","twitter_misc":{"\u00c9crit par":"Redazione","Dur\u00e9e de lecture estim\u00e9e":"4 minutes"},"schema":{"@context":"https:\/\/schema.org","@graph":[{"@type":"Article","@id":"https:\/\/www.cgfmanet.org\/fr\/ifma-fr\/deuxieme-reunion-du-pelerinage-en-ligne-pem-une-vision-densemble\/#article","isPartOf":{"@id":"https:\/\/www.cgfmanet.org\/fr\/ifma-fr\/deuxieme-reunion-du-pelerinage-en-ligne-pem-une-vision-densemble\/"},"author":{"name":"Redazione","@id":"https:\/\/www.cgfmanet.org\/es\/#\/schema\/person\/ce6473083f53ef0ef882cca23f0c8fb9"},"headline":"Deuxi\u00e8me r\u00e9union du p\u00e8lerinage en ligne PEM : Une vision d&rsquo;ensemble","datePublished":"2026-03-23T08:50:15+00:00","dateModified":"2026-03-25T22:33:05+00:00","mainEntityOfPage":{"@id":"https:\/\/www.cgfmanet.org\/fr\/ifma-fr\/deuxieme-reunion-du-pelerinage-en-ligne-pem-une-vision-densemble\/"},"wordCount":824,"commentCount":2,"publisher":{"@id":"https:\/\/www.cgfmanet.org\/es\/#organization"},"image":{"@id":"https:\/\/www.cgfmanet.org\/fr\/ifma-fr\/deuxieme-reunion-du-pelerinage-en-ligne-pem-une-vision-densemble\/#primaryimage"},"thumbnailUrl":"https:\/\/www.cgfmanet.org\/wp-content\/uploads\/2026\/03\/2-incontro_PEM-online-2026.jpg","keywords":["Carisma salesiano","Travail Missionnaire","Focus","150\u00b0 Missions des FMA"],"articleSection":["150e Missions FMA","IFMA"],"inLanguage":"fr-FR","potentialAction":[{"@type":"CommentAction","name":"Comment","target":["https:\/\/www.cgfmanet.org\/fr\/ifma-fr\/deuxieme-reunion-du-pelerinage-en-ligne-pem-une-vision-densemble\/#respond"]}]},{"@type":"WebPage","@id":"https:\/\/www.cgfmanet.org\/fr\/ifma-fr\/deuxieme-reunion-du-pelerinage-en-ligne-pem-une-vision-densemble\/","url":"https:\/\/www.cgfmanet.org\/fr\/ifma-fr\/deuxieme-reunion-du-pelerinage-en-ligne-pem-une-vision-densemble\/","name":"Deuxi\u00e8me r\u00e9union du p\u00e8lerinage en ligne PEM : Une vision d'ensemble &#8226; Istituto Figlie di Maria Ausiliatrice","isPartOf":{"@id":"https:\/\/www.cgfmanet.org\/es\/#website"},"primaryImageOfPage":{"@id":"https:\/\/www.cgfmanet.org\/fr\/ifma-fr\/deuxieme-reunion-du-pelerinage-en-ligne-pem-une-vision-densemble\/#primaryimage"},"image":{"@id":"https:\/\/www.cgfmanet.org\/fr\/ifma-fr\/deuxieme-reunion-du-pelerinage-en-ligne-pem-une-vision-densemble\/#primaryimage"},"thumbnailUrl":"https:\/\/www.cgfmanet.org\/wp-content\/uploads\/2026\/03\/2-incontro_PEM-online-2026.jpg","datePublished":"2026-03-23T08:50:15+00:00","dateModified":"2026-03-25T22:33:05+00:00","description":"La deuxi\u00e8me r\u00e9union du p\u00e8lerinage en ligne PEM, organis\u00e9 pour le 150e anniversaire de la Premi\u00e8re Exp\u00e9dition Missionnaire, s'est tenue le 22 mars 2026 \u00e0 Rome (Italie).","breadcrumb":{"@id":"https:\/\/www.cgfmanet.org\/fr\/ifma-fr\/deuxieme-reunion-du-pelerinage-en-ligne-pem-une-vision-densemble\/#breadcrumb"},"inLanguage":"fr-FR","potentialAction":[{"@type":"ReadAction","target":["https:\/\/www.cgfmanet.org\/fr\/ifma-fr\/deuxieme-reunion-du-pelerinage-en-ligne-pem-une-vision-densemble\/"]}]},{"@type":"ImageObject","inLanguage":"fr-FR","@id":"https:\/\/www.cgfmanet.org\/fr\/ifma-fr\/deuxieme-reunion-du-pelerinage-en-ligne-pem-une-vision-densemble\/#primaryimage","url":"https:\/\/www.cgfmanet.org\/wp-content\/uploads\/2026\/03\/2-incontro_PEM-online-2026.jpg","contentUrl":"https:\/\/www.cgfmanet.org\/wp-content\/uploads\/2026\/03\/2-incontro_PEM-online-2026.jpg","width":1200,"height":800},{"@type":"BreadcrumbList","@id":"https:\/\/www.cgfmanet.org\/fr\/ifma-fr\/deuxieme-reunion-du-pelerinage-en-ligne-pem-une-vision-densemble\/#breadcrumb","itemListElement":[{"@type":"ListItem","position":1,"name":"Home","item":"https:\/\/www.cgfmanet.org\/fr\/"},{"@type":"ListItem","position":2,"name":"Deuxi\u00e8me r\u00e9union du p\u00e8lerinage en ligne PEM : Une vision d&#8217;ensemble"}]},{"@type":"WebSite","@id":"https:\/\/www.cgfmanet.org\/es\/#website","url":"https:\/\/www.cgfmanet.org\/es\/","name":"Istituto Figlie di Maria Ausiliatrice","description":"Salesiane di Don Bosco","publisher":{"@id":"https:\/\/www.cgfmanet.org\/es\/#organization"},"potentialAction":[{"@type":"SearchAction","target":{"@type":"EntryPoint","urlTemplate":"https:\/\/www.cgfmanet.org\/es\/?s={search_term_string}"},"query-input":{"@type":"PropertyValueSpecification","valueRequired":true,"valueName":"search_term_string"}}],"inLanguage":"fr-FR"},{"@type":"Organization","@id":"https:\/\/www.cgfmanet.org\/es\/#organization","name":"Istituto Figlie di Maria Ausiliatrice","url":"https:\/\/www.cgfmanet.org\/es\/","logo":{"@type":"ImageObject","inLanguage":"fr-FR","@id":"https:\/\/www.cgfmanet.org\/es\/#\/schema\/logo\/image\/","url":"https:\/\/www.cgfmanet.org\/wp-content\/uploads\/2018\/10\/logo-fma.png","contentUrl":"https:\/\/www.cgfmanet.org\/wp-content\/uploads\/2018\/10\/logo-fma.png","width":214,"height":55,"caption":"Istituto Figlie di Maria Ausiliatrice"},"image":{"@id":"https:\/\/www.cgfmanet.org\/es\/#\/schema\/logo\/image\/"},"sameAs":["https:\/\/www.facebook.com\/salesian.sisters.of.don.bosco\/","https:\/\/x.com\/Cgfmanet_Org","https:\/\/www.youtube.com\/channel\/UCmcr8yFQBV7JXeXVxyV9y5Q"]},{"@type":"Person","@id":"https:\/\/www.cgfmanet.org\/es\/#\/schema\/person\/ce6473083f53ef0ef882cca23f0c8fb9","name":"Redazione"}]}},"_links":{"self":[{"href":"https:\/\/www.cgfmanet.org\/fr\/wp-json\/wp\/v2\/posts\/155151","targetHints":{"allow":["GET"]}}],"collection":[{"href":"https:\/\/www.cgfmanet.org\/fr\/wp-json\/wp\/v2\/posts"}],"about":[{"href":"https:\/\/www.cgfmanet.org\/fr\/wp-json\/wp\/v2\/types\/post"}],"author":[{"embeddable":true,"href":"https:\/\/www.cgfmanet.org\/fr\/wp-json\/wp\/v2\/users\/21"}],"replies":[{"embeddable":true,"href":"https:\/\/www.cgfmanet.org\/fr\/wp-json\/wp\/v2\/comments?post=155151"}],"version-history":[{"count":3,"href":"https:\/\/www.cgfmanet.org\/fr\/wp-json\/wp\/v2\/posts\/155151\/revisions"}],"predecessor-version":[{"id":155182,"href":"https:\/\/www.cgfmanet.org\/fr\/wp-json\/wp\/v2\/posts\/155151\/revisions\/155182"}],"wp:featuredmedia":[{"embeddable":true,"href":"https:\/\/www.cgfmanet.org\/fr\/wp-json\/wp\/v2\/media\/155146"}],"wp:attachment":[{"href":"https:\/\/www.cgfmanet.org\/fr\/wp-json\/wp\/v2\/media?parent=155151"}],"wp:term":[{"taxonomy":"category","embeddable":true,"href":"https:\/\/www.cgfmanet.org\/fr\/wp-json\/wp\/v2\/categories?post=155151"},{"taxonomy":"post_tag","embeddable":true,"href":"https:\/\/www.cgfmanet.org\/fr\/wp-json\/wp\/v2\/tags?post=155151"}],"curies":[{"name":"wp","href":"https:\/\/api.w.org\/{rel}","templated":true}]}}