{"id":154870,"date":"2026-03-14T10:19:28","date_gmt":"2026-03-14T09:19:28","guid":{"rendered":"https:\/\/www.cgfmanet.org\/info-sphere\/iv-incontro-mondiale-iss-fma-nelle-filippine\/"},"modified":"2026-03-14T22:23:24","modified_gmt":"2026-03-14T21:23:24","slug":"iv-incontro-mondiale-iss-fma-nelle-filippine","status":"publish","type":"post","link":"https:\/\/www.cgfmanet.org\/fr\/ifma-fr\/congres-seminaires\/iv-incontro-mondiale-iss-fma-nelle-filippine\/","title":{"rendered":"IV Incontro Mondiale ISS-FMA nelle Filippine"},"content":{"rendered":"<p><strong>Filippine.<\/strong> Dal 9 al 13 marzo 2026, presso il Centro di Spiritualit\u00e0 Mornese a Pansol, Calamba, Laguna (Filippine), si \u00e8 svolto il <strong><span style=\"color: #0000ff;\"><a style=\"color: #0000ff;\" href=\"https:\/\/4thissfmaworldmeeting2026.wordpress.com\/\" target=\"_blank\" rel=\"noopener\">IV Incontro Mondiale delle Istituzioni di Studi Superiori<\/a> <\/span><\/strong>delle Figlie di Maria Ausiliatrice <span style=\"color: #0000ff;\">(<a style=\"color: #0000ff;\" href=\"https:\/\/www.iss-fma.com\/\" target=\"_blank\" rel=\"noopener\"><strong>ISS-FMA<\/strong><\/a>). <\/span>L\u2019iniziativa \u00e8 stata promossa dall\u2019Ambito per la Pastorale Giovanile dell\u2019Istituto, in collaborazione con la Commissione Centrale delle ISS-FMA e con l\u2019Ispettoria FMA <em>Santa Maria Mazzarello<\/em> (FIL) di Filippine e Papua Nuova Guinea, con il sostegno economico delle Ispettorie della Conferenza CIAO.<\/p>\n<p>All\u2019incontro hanno partecipato 82 persone: 68 in presenza e 14 online &#8211; a causa della cancellazione dei voli dovuti ai recenti conflitti bellici &#8211; tra dirigenti, docenti e giovani universitari provenienti da <strong>20 Istituzioni di Studi Superiori, 13 Ispettorie e 10 Paesi di quattro continenti<\/strong>.<\/p>\n<p>Il tema scelto per questa edizione \u2013 <strong>\u201c<\/strong><em><strong>Empowerment dei giovani per essere protagonisti del cambiamento sociale\u201d<\/strong><\/em> \u2013 si inserisce nel cammino iniziato con i precedenti incontri mondiali svoltisi in Brasile (2012), Spagna (2014) e Colombia (2019).<\/p>\n<p>L\u2019incontro ha rappresentato un\u2019importante occasione di dialogo, riflessione e condivisione tra le Istituzioni universitarie della rete ISS-FMA, con l\u2019obiettivo di rafforzare la collaborazione educativa e promuovere il protagonismo dei giovani nella costruzione di una societ\u00e0 pi\u00f9 giusta, solidale e sostenibile.<\/p>\n<p><strong>Un\u2019apertura nel segno della comunione ecclesiale<\/strong><\/p>\n<p>I lavori si sono aperti con la Celebrazione Eucaristica presieduta dal Nunzio Apostolico nelle Filippine, Mons. Charles John Brown, seguita dal saluto di benvenuto di suor Teresita Padron, Ispettrice FIL. Durante il momento inaugurale sono stati presentati anche il logo e l\u2019inno ufficiale dell\u2019incontro, frutto della creativit\u00e0 di giovani dell&rsquo;India e di suor Cecilia Alfaro dell\u2019Ispettoria PER.<\/p>\n<p>Diversi messaggi istituzionali hanno caratterizzato l\u2019inizio dell\u2019incontro. <strong>La Superiora Generale dell\u2019Istituto delle Figlie di Maria Ausiliatrice,<\/strong> <strong>Madre Chiara Cazzuola<\/strong>, ha incoraggiato le Istituzioni universitarie salesiane a formare giovani capaci di guardare la realt\u00e0 con speranza e di testimoniare con coraggio le ragioni della fede.<\/p>\n<p><strong>Il Cardinale Jos\u00e9 Tolentino de Mendon\u00e7a<\/strong>, Prefetto del Dicastero per la Cultura e l\u2019Educazione, ha sottolineato come incontri internazionali di questo tipo favoriscano una visione condivisa della missione educativa e aprano nuove prospettive per il futuro. Anche <strong>il Vescovo Marcelino Antonio Malabanan Maralit<\/strong>, della Diocesi di San Pablo nelle Filippine, ha ricordato che i giovani, come affermava Papa Francesco, non sono soltanto il futuro della Chiesa, ma il suo presente vivo e attivo. \u00a0<strong>Herv\u00e9 Lecomte, Segretario Generale OIEC<\/strong>, ha evidenziato che l\u2019<em>empowerment<\/em> dei giovani \u00e8 una sfida centrale dell\u2019educazione cattolica e pu\u00f2 contribuire a un cambiamento globale, mobilitando milioni di studenti, educatori e famiglie nel mondo.<\/p>\n<p>Nel suo intervento, <strong>suor Runita Borja, Consigliera Generale per la Pastorale Giovanile<\/strong>, ha richiamato l\u2019importanza della missione educativa delle FMA, chiamata a proporre ai giovani i valori autentici del Vangelo, valorizzando le loro risorse interiori e accompagnandoli con fiducia nel loro cammino di crescita.<\/p>\n<p><strong>Educazione, ricerca e responsabilit\u00e0 sociale<\/strong><\/p>\n<p>Il programma dell\u2019incontro ha alternato conferenze, presentazioni di ricerche, una tavola rotonda e testimonianze giovanili, seguite dalla presentazione e dalla programmazione dei sei punti nodali per i prossimi anni, offrendo uno spazio di confronto sulle principali sfide che oggi l\u2019educazione universitaria \u00e8 chiamata ad affrontare.<\/p>\n<p>Tra gli interventi principali, don Rany Geraldino ha approfondito il tema della trasformazione sociale nello spirito della sinodalit\u00e0, mentre suor Ivone Goulart Lopes, referente per le ISS-FMA, \u00a0ha presentato la realt\u00e0 delle ISS-FMA come reti educative che trasformano, capaci di collegare memoria, presenza, missione e profezia nella costruzione di un mondo pi\u00f9 giusto e sostenibile.<\/p>\n<p>Diversi contributi hanno affrontato temi chiave dell\u2019educazione contemporanea: le sfide dell\u2019educazione giovanile (George Thadathil, SDB), la leadership dei giovani nel cambiamento sociale (Chelsea Annelle N. Catli, Universit\u00e0 De La Salle, Filippine) e il rapporto tra Carisma Salesiano e responsabilit\u00e0 sociale nelle universit\u00e0 e nelle ISS-FMA (don Dindo Vitug, SDB e suor Piera Ruffinatto, FMA, Preside della Pontificia Facolt\u00e0 di Scienze dell\u2019Educazione \u201cAuxilium\u201d).<\/p>\n<p>Un panel su diritti umani ed <em>empowerment<\/em> giovanile ha visto gli interventi di suor Sarah Bawagan Garcia, FMA (IIMA\u2013VIDES, Ginevra), Maria D\u2019Onofrio (Ufficio Diritti Umani di IIMA) e Helen Griffiths (Ufficio dell\u2019Alto Commissariato ONU per i Diritti Umani), impegnati nella promozione della partecipazione attiva dei giovani anche in ambito internazionale.<\/p>\n<p><strong>Condivisione di ricerche <\/strong><\/p>\n<p>Le Istituzioni partecipanti hanno presentato ricerche realizzate nel biennio 2024\u20132025, (Auxilium Roma, CES don Bosco \u2013 Madrid-Spagna, Auxilium College Autonomous, Vellore-India, ISECENSA-Brasile, ISAMM-Lubumbashi-RDC e Manila-Filippine), affrontando temi di grande attualit\u00e0: salute mentale ed educazione socio-emotiva, senso della vita, impatto delle tecnologie nei processi di apprendimento, sostenibilit\u00e0 ed ecologia integrale, diritti umani, migrazioni e mondo del lavoro. Queste ricerche hanno permesso di mettere in luce esperienze e buone pratiche educative realizzate nelle diverse regioni del mondo, evidenziando la ricchezza e la variet\u00e0 della presenza delle ISS-FMA nel campo dell\u2019istruzione superiore.<\/p>\n<p><strong>La voce dei giovani<\/strong><\/p>\n<p>Uno dei momenti pi\u00f9 significativi dell\u2019incontro \u00e8 stata la<strong> tavola rotonda con giovani<\/strong> rappresentanti dei quattro continenti, che hanno condiviso le sfide e le speranze delle nuove generazioni nei diversi contesti culturali e sociali. Accanto a questo momento di dialogo, alcuni giovani hanno presentato testimonianze personali di <em>empowerment<\/em> e di percorsi formativi vissuti nelle istituzioni salesiane, raccontando come l\u2019educazione ricevuta abbia contribuito allo sviluppo della loro identit\u00e0, della loro leadership e del loro impegno sociale.<\/p>\n<p><strong>Uno sguardo al futuro<\/strong><\/p>\n<p>L\u2019incontro si \u00e8 concluso con un momento di discernimento condiviso, durante il quale i partecipanti hanno riflettuto sulle prospettive future della rete delle ISS-FMA. \u00c8 stata confermata la validit\u00e0 della Pianificazione Strategica 2023\u20132027, riconoscendo allo stesso tempo la necessit\u00e0 di integrare nuove priorit\u00e0 legate alle trasformazioni globali dell\u2019istruzione superiore conforme il prossimo CGXXV. Tra i temi emersi con maggiore forza si ritrovano la trasformazione digitale e l\u2019intelligenza artificiale, l\u2019internazionalizzazione, l\u2019inclusione, la sostenibilit\u00e0 istituzionale e il benessere della comunit\u00e0 accademica.<\/p>\n<p>Non sono mancati i momenti di comunione e di scambio culturale tra i partecipanti, come la visita della citt\u00e0 di Manila, conclusasi con uno spettacolo di danze tradizionali filippine e la \u201cNotte di ringraziamento\u201d finale, con una vivace rassegna culturale che ha rappresentato tutti i Paesi presenti.<\/p>\n<p>Il IV Incontro Mondiale si \u00e8 chiuso cos\u00ec con un rinnovato impegno delle ISS-FMA a rafforzare la collaborazione tra le istituzioni, promuovere la ricerca e valorizzare il protagonismo dei giovani, affinch\u00e9 possano essere autentici artefici di cambiamento nella societ\u00e0 e nella Chiesa.<\/p>\n<p><span style=\"color: #0000ff;\"><strong>Foto<\/strong><\/span><strong>: <span style=\"color: #0000ff;\"><a style=\"color: #0000ff;\" href=\"https:\/\/www.flickr.com\/photos\/204311715@N05\/page3\" target=\"_blank\" rel=\"noopener\">Flickr ISS-FMA<\/a><\/span><\/strong><\/p>\n<p><span style=\"color: #0000ff;\"><a style=\"color: #0000ff;\" href=\"https:\/\/www.youtube.com\/watch?v=Sc8O4taYfKM\" target=\"_blank\" rel=\"noopener\"><strong>Video<\/strong><\/a><\/span><\/p>\n","protected":false},"excerpt":{"rendered":"<p>Filippine. Dal 9 al 13 marzo 2026, presso il Centro di Spiritualit\u00e0 Mornese a Pansol, Calamba, Laguna (Filippine), si \u00e8 svolto il IV Incontro Mondiale delle Istituzioni di Studi Superiori [&hellip;]<\/p>\n","protected":false},"author":21,"featured_media":154865,"comment_status":"open","ping_status":"closed","sticky":false,"template":"","format":"standard","meta":{"footnotes":""},"categories":[156,168],"tags":[305,1137,1929,1945,2241],"class_list":["post-154870","post","type-post","status-publish","format-standard","has-post-thumbnail","category-ifma-fr","category-congres-seminaires","tag-philippines","tag-education-fr","tag-focus-fr","tag-systeme-preventif-fr","tag-iss-fma-fr"],"yoast_head":"<!-- This site is optimized with the Yoast SEO plugin v27.4 - https:\/\/yoast.com\/product\/yoast-seo-wordpress\/ -->\n<title>IV Incontro Mondiale ISS-FMA nelle Filippine &#8226; Istituto Figlie di Maria Ausiliatrice<\/title>\n<meta name=\"description\" content=\"Dal 9 al 13 marzo 2026 si \u00e8 tenuto a Laguna, nelle Filippine, il IV Incontro Mondiale delle Istituzioni di Studi Superiori delle FMA (ISS-FMA) con circa 80 partecipanti da tutto il mondo.\" \/>\n<meta name=\"robots\" content=\"index, follow, max-snippet:-1, max-image-preview:large, max-video-preview:-1\" \/>\n<link rel=\"canonical\" href=\"https:\/\/www.cgfmanet.org\/fr\/ifma-fr\/congres-seminaires\/iv-incontro-mondiale-iss-fma-nelle-filippine\/\" \/>\n<meta property=\"og:locale\" content=\"fr_FR\" \/>\n<meta property=\"og:type\" content=\"article\" \/>\n<meta property=\"og:title\" content=\"IV Incontro Mondiale ISS-FMA nelle Filippine &#8226; Istituto Figlie di Maria Ausiliatrice\" \/>\n<meta property=\"og:description\" content=\"Dal 9 al 13 marzo 2026 si \u00e8 tenuto a Laguna, nelle Filippine, il IV Incontro Mondiale delle Istituzioni di Studi Superiori delle FMA (ISS-FMA) con circa 80 partecipanti da tutto il mondo.\" \/>\n<meta property=\"og:url\" content=\"https:\/\/www.cgfmanet.org\/fr\/ifma-fr\/congres-seminaires\/iv-incontro-mondiale-iss-fma-nelle-filippine\/\" \/>\n<meta property=\"og:site_name\" content=\"Istituto Figlie di Maria Ausiliatrice\" \/>\n<meta property=\"article:publisher\" content=\"https:\/\/www.facebook.com\/salesian.sisters.of.don.bosco\/\" \/>\n<meta property=\"article:published_time\" content=\"2026-03-14T09:19:28+00:00\" \/>\n<meta property=\"article:modified_time\" content=\"2026-03-14T21:23:24+00:00\" \/>\n<meta property=\"og:image\" content=\"https:\/\/www.cgfmanet.org\/wp-content\/uploads\/2026\/03\/4\u00b0-Incontro-mondiale-ISS-FMA-Filippine.jpg\" \/>\n\t<meta property=\"og:image:width\" content=\"1200\" \/>\n\t<meta property=\"og:image:height\" content=\"800\" \/>\n\t<meta property=\"og:image:type\" content=\"image\/jpeg\" \/>\n<meta name=\"author\" content=\"Redazione\" \/>\n<meta name=\"twitter:card\" content=\"summary_large_image\" \/>\n<meta name=\"twitter:creator\" content=\"@Cgfmanet_Org\" \/>\n<meta name=\"twitter:site\" content=\"@Cgfmanet_Org\" \/>\n<meta name=\"twitter:label1\" content=\"\u00c9crit par\" \/>\n\t<meta name=\"twitter:data1\" content=\"Redazione\" \/>\n\t<meta name=\"twitter:label2\" content=\"Dur\u00e9e de lecture estim\u00e9e\" \/>\n\t<meta name=\"twitter:data2\" content=\"6 minutes\" \/>\n<script type=\"application\/ld+json\" class=\"yoast-schema-graph\">{\"@context\":\"https:\\\/\\\/schema.org\",\"@graph\":[{\"@type\":\"Article\",\"@id\":\"https:\\\/\\\/www.cgfmanet.org\\\/fr\\\/ifma-fr\\\/congres-seminaires\\\/iv-incontro-mondiale-iss-fma-nelle-filippine\\\/#article\",\"isPartOf\":{\"@id\":\"https:\\\/\\\/www.cgfmanet.org\\\/fr\\\/ifma-fr\\\/congres-seminaires\\\/iv-incontro-mondiale-iss-fma-nelle-filippine\\\/\"},\"author\":{\"name\":\"Redazione\",\"@id\":\"https:\\\/\\\/www.cgfmanet.org\\\/es\\\/#\\\/schema\\\/person\\\/ce6473083f53ef0ef882cca23f0c8fb9\"},\"headline\":\"IV Incontro Mondiale ISS-FMA nelle Filippine\",\"datePublished\":\"2026-03-14T09:19:28+00:00\",\"dateModified\":\"2026-03-14T21:23:24+00:00\",\"mainEntityOfPage\":{\"@id\":\"https:\\\/\\\/www.cgfmanet.org\\\/fr\\\/ifma-fr\\\/congres-seminaires\\\/iv-incontro-mondiale-iss-fma-nelle-filippine\\\/\"},\"wordCount\":1037,\"commentCount\":0,\"publisher\":{\"@id\":\"https:\\\/\\\/www.cgfmanet.org\\\/es\\\/#organization\"},\"image\":{\"@id\":\"https:\\\/\\\/www.cgfmanet.org\\\/fr\\\/ifma-fr\\\/congres-seminaires\\\/iv-incontro-mondiale-iss-fma-nelle-filippine\\\/#primaryimage\"},\"thumbnailUrl\":\"https:\\\/\\\/www.cgfmanet.org\\\/wp-content\\\/uploads\\\/2026\\\/03\\\/4\u00b0-Incontro-mondiale-ISS-FMA-Filippine.jpg\",\"keywords\":[\"Philippines\",\"Education\",\"Focus\",\"Syst\u00e8me Pr\u00e9ventif\",\"ISS FMA\"],\"articleSection\":[\"IFMA\",\"Congr\u00e8s et S\u00e9minaires\"],\"inLanguage\":\"fr-FR\",\"potentialAction\":[{\"@type\":\"CommentAction\",\"name\":\"Comment\",\"target\":[\"https:\\\/\\\/www.cgfmanet.org\\\/fr\\\/ifma-fr\\\/congres-seminaires\\\/iv-incontro-mondiale-iss-fma-nelle-filippine\\\/#respond\"]}]},{\"@type\":\"WebPage\",\"@id\":\"https:\\\/\\\/www.cgfmanet.org\\\/fr\\\/ifma-fr\\\/congres-seminaires\\\/iv-incontro-mondiale-iss-fma-nelle-filippine\\\/\",\"url\":\"https:\\\/\\\/www.cgfmanet.org\\\/fr\\\/ifma-fr\\\/congres-seminaires\\\/iv-incontro-mondiale-iss-fma-nelle-filippine\\\/\",\"name\":\"IV Incontro Mondiale ISS-FMA nelle Filippine &#8226; Istituto Figlie di Maria Ausiliatrice\",\"isPartOf\":{\"@id\":\"https:\\\/\\\/www.cgfmanet.org\\\/es\\\/#website\"},\"primaryImageOfPage\":{\"@id\":\"https:\\\/\\\/www.cgfmanet.org\\\/fr\\\/ifma-fr\\\/congres-seminaires\\\/iv-incontro-mondiale-iss-fma-nelle-filippine\\\/#primaryimage\"},\"image\":{\"@id\":\"https:\\\/\\\/www.cgfmanet.org\\\/fr\\\/ifma-fr\\\/congres-seminaires\\\/iv-incontro-mondiale-iss-fma-nelle-filippine\\\/#primaryimage\"},\"thumbnailUrl\":\"https:\\\/\\\/www.cgfmanet.org\\\/wp-content\\\/uploads\\\/2026\\\/03\\\/4\u00b0-Incontro-mondiale-ISS-FMA-Filippine.jpg\",\"datePublished\":\"2026-03-14T09:19:28+00:00\",\"dateModified\":\"2026-03-14T21:23:24+00:00\",\"description\":\"Dal 9 al 13 marzo 2026 si \u00e8 tenuto a Laguna, nelle Filippine, il IV Incontro Mondiale delle Istituzioni di Studi Superiori delle FMA (ISS-FMA) con circa 80 partecipanti da tutto il mondo.\",\"breadcrumb\":{\"@id\":\"https:\\\/\\\/www.cgfmanet.org\\\/fr\\\/ifma-fr\\\/congres-seminaires\\\/iv-incontro-mondiale-iss-fma-nelle-filippine\\\/#breadcrumb\"},\"inLanguage\":\"fr-FR\",\"potentialAction\":[{\"@type\":\"ReadAction\",\"target\":[\"https:\\\/\\\/www.cgfmanet.org\\\/fr\\\/ifma-fr\\\/congres-seminaires\\\/iv-incontro-mondiale-iss-fma-nelle-filippine\\\/\"]}]},{\"@type\":\"ImageObject\",\"inLanguage\":\"fr-FR\",\"@id\":\"https:\\\/\\\/www.cgfmanet.org\\\/fr\\\/ifma-fr\\\/congres-seminaires\\\/iv-incontro-mondiale-iss-fma-nelle-filippine\\\/#primaryimage\",\"url\":\"https:\\\/\\\/www.cgfmanet.org\\\/wp-content\\\/uploads\\\/2026\\\/03\\\/4\u00b0-Incontro-mondiale-ISS-FMA-Filippine.jpg\",\"contentUrl\":\"https:\\\/\\\/www.cgfmanet.org\\\/wp-content\\\/uploads\\\/2026\\\/03\\\/4\u00b0-Incontro-mondiale-ISS-FMA-Filippine.jpg\",\"width\":1200,\"height\":800},{\"@type\":\"BreadcrumbList\",\"@id\":\"https:\\\/\\\/www.cgfmanet.org\\\/fr\\\/ifma-fr\\\/congres-seminaires\\\/iv-incontro-mondiale-iss-fma-nelle-filippine\\\/#breadcrumb\",\"itemListElement\":[{\"@type\":\"ListItem\",\"position\":1,\"name\":\"Home\",\"item\":\"https:\\\/\\\/www.cgfmanet.org\\\/fr\\\/\"},{\"@type\":\"ListItem\",\"position\":2,\"name\":\"IV Incontro Mondiale ISS-FMA nelle Filippine\"}]},{\"@type\":\"WebSite\",\"@id\":\"https:\\\/\\\/www.cgfmanet.org\\\/es\\\/#website\",\"url\":\"https:\\\/\\\/www.cgfmanet.org\\\/es\\\/\",\"name\":\"Istituto Figlie di Maria Ausiliatrice\",\"description\":\"Salesiane di Don Bosco\",\"publisher\":{\"@id\":\"https:\\\/\\\/www.cgfmanet.org\\\/es\\\/#organization\"},\"potentialAction\":[{\"@type\":\"SearchAction\",\"target\":{\"@type\":\"EntryPoint\",\"urlTemplate\":\"https:\\\/\\\/www.cgfmanet.org\\\/es\\\/?s={search_term_string}\"},\"query-input\":{\"@type\":\"PropertyValueSpecification\",\"valueRequired\":true,\"valueName\":\"search_term_string\"}}],\"inLanguage\":\"fr-FR\"},{\"@type\":\"Organization\",\"@id\":\"https:\\\/\\\/www.cgfmanet.org\\\/es\\\/#organization\",\"name\":\"Istituto Figlie di Maria Ausiliatrice\",\"url\":\"https:\\\/\\\/www.cgfmanet.org\\\/es\\\/\",\"logo\":{\"@type\":\"ImageObject\",\"inLanguage\":\"fr-FR\",\"@id\":\"https:\\\/\\\/www.cgfmanet.org\\\/es\\\/#\\\/schema\\\/logo\\\/image\\\/\",\"url\":\"https:\\\/\\\/www.cgfmanet.org\\\/wp-content\\\/uploads\\\/2018\\\/10\\\/logo-fma.png\",\"contentUrl\":\"https:\\\/\\\/www.cgfmanet.org\\\/wp-content\\\/uploads\\\/2018\\\/10\\\/logo-fma.png\",\"width\":214,\"height\":55,\"caption\":\"Istituto Figlie di Maria Ausiliatrice\"},\"image\":{\"@id\":\"https:\\\/\\\/www.cgfmanet.org\\\/es\\\/#\\\/schema\\\/logo\\\/image\\\/\"},\"sameAs\":[\"https:\\\/\\\/www.facebook.com\\\/salesian.sisters.of.don.bosco\\\/\",\"https:\\\/\\\/x.com\\\/Cgfmanet_Org\",\"https:\\\/\\\/www.youtube.com\\\/channel\\\/UCmcr8yFQBV7JXeXVxyV9y5Q\"]},{\"@type\":\"Person\",\"@id\":\"https:\\\/\\\/www.cgfmanet.org\\\/es\\\/#\\\/schema\\\/person\\\/ce6473083f53ef0ef882cca23f0c8fb9\",\"name\":\"Redazione\"}]}<\/script>\n<!-- \/ Yoast SEO plugin. -->","yoast_head_json":{"title":"IV Incontro Mondiale ISS-FMA nelle Filippine &#8226; Istituto Figlie di Maria Ausiliatrice","description":"Dal 9 al 13 marzo 2026 si \u00e8 tenuto a Laguna, nelle Filippine, il IV Incontro Mondiale delle Istituzioni di Studi Superiori delle FMA (ISS-FMA) con circa 80 partecipanti da tutto il mondo.","robots":{"index":"index","follow":"follow","max-snippet":"max-snippet:-1","max-image-preview":"max-image-preview:large","max-video-preview":"max-video-preview:-1"},"canonical":"https:\/\/www.cgfmanet.org\/fr\/ifma-fr\/congres-seminaires\/iv-incontro-mondiale-iss-fma-nelle-filippine\/","og_locale":"fr_FR","og_type":"article","og_title":"IV Incontro Mondiale ISS-FMA nelle Filippine &#8226; Istituto Figlie di Maria Ausiliatrice","og_description":"Dal 9 al 13 marzo 2026 si \u00e8 tenuto a Laguna, nelle Filippine, il IV Incontro Mondiale delle Istituzioni di Studi Superiori delle FMA (ISS-FMA) con circa 80 partecipanti da tutto il mondo.","og_url":"https:\/\/www.cgfmanet.org\/fr\/ifma-fr\/congres-seminaires\/iv-incontro-mondiale-iss-fma-nelle-filippine\/","og_site_name":"Istituto Figlie di Maria Ausiliatrice","article_publisher":"https:\/\/www.facebook.com\/salesian.sisters.of.don.bosco\/","article_published_time":"2026-03-14T09:19:28+00:00","article_modified_time":"2026-03-14T21:23:24+00:00","og_image":[{"width":1200,"height":800,"url":"https:\/\/www.cgfmanet.org\/wp-content\/uploads\/2026\/03\/4\u00b0-Incontro-mondiale-ISS-FMA-Filippine.jpg","type":"image\/jpeg"}],"author":"Redazione","twitter_card":"summary_large_image","twitter_creator":"@Cgfmanet_Org","twitter_site":"@Cgfmanet_Org","twitter_misc":{"\u00c9crit par":"Redazione","Dur\u00e9e de lecture estim\u00e9e":"6 minutes"},"schema":{"@context":"https:\/\/schema.org","@graph":[{"@type":"Article","@id":"https:\/\/www.cgfmanet.org\/fr\/ifma-fr\/congres-seminaires\/iv-incontro-mondiale-iss-fma-nelle-filippine\/#article","isPartOf":{"@id":"https:\/\/www.cgfmanet.org\/fr\/ifma-fr\/congres-seminaires\/iv-incontro-mondiale-iss-fma-nelle-filippine\/"},"author":{"name":"Redazione","@id":"https:\/\/www.cgfmanet.org\/es\/#\/schema\/person\/ce6473083f53ef0ef882cca23f0c8fb9"},"headline":"IV Incontro Mondiale ISS-FMA nelle Filippine","datePublished":"2026-03-14T09:19:28+00:00","dateModified":"2026-03-14T21:23:24+00:00","mainEntityOfPage":{"@id":"https:\/\/www.cgfmanet.org\/fr\/ifma-fr\/congres-seminaires\/iv-incontro-mondiale-iss-fma-nelle-filippine\/"},"wordCount":1037,"commentCount":0,"publisher":{"@id":"https:\/\/www.cgfmanet.org\/es\/#organization"},"image":{"@id":"https:\/\/www.cgfmanet.org\/fr\/ifma-fr\/congres-seminaires\/iv-incontro-mondiale-iss-fma-nelle-filippine\/#primaryimage"},"thumbnailUrl":"https:\/\/www.cgfmanet.org\/wp-content\/uploads\/2026\/03\/4\u00b0-Incontro-mondiale-ISS-FMA-Filippine.jpg","keywords":["Philippines","Education","Focus","Syst\u00e8me Pr\u00e9ventif","ISS FMA"],"articleSection":["IFMA","Congr\u00e8s et S\u00e9minaires"],"inLanguage":"fr-FR","potentialAction":[{"@type":"CommentAction","name":"Comment","target":["https:\/\/www.cgfmanet.org\/fr\/ifma-fr\/congres-seminaires\/iv-incontro-mondiale-iss-fma-nelle-filippine\/#respond"]}]},{"@type":"WebPage","@id":"https:\/\/www.cgfmanet.org\/fr\/ifma-fr\/congres-seminaires\/iv-incontro-mondiale-iss-fma-nelle-filippine\/","url":"https:\/\/www.cgfmanet.org\/fr\/ifma-fr\/congres-seminaires\/iv-incontro-mondiale-iss-fma-nelle-filippine\/","name":"IV Incontro Mondiale ISS-FMA nelle Filippine &#8226; Istituto Figlie di Maria Ausiliatrice","isPartOf":{"@id":"https:\/\/www.cgfmanet.org\/es\/#website"},"primaryImageOfPage":{"@id":"https:\/\/www.cgfmanet.org\/fr\/ifma-fr\/congres-seminaires\/iv-incontro-mondiale-iss-fma-nelle-filippine\/#primaryimage"},"image":{"@id":"https:\/\/www.cgfmanet.org\/fr\/ifma-fr\/congres-seminaires\/iv-incontro-mondiale-iss-fma-nelle-filippine\/#primaryimage"},"thumbnailUrl":"https:\/\/www.cgfmanet.org\/wp-content\/uploads\/2026\/03\/4\u00b0-Incontro-mondiale-ISS-FMA-Filippine.jpg","datePublished":"2026-03-14T09:19:28+00:00","dateModified":"2026-03-14T21:23:24+00:00","description":"Dal 9 al 13 marzo 2026 si \u00e8 tenuto a Laguna, nelle Filippine, il IV Incontro Mondiale delle Istituzioni di Studi Superiori delle FMA (ISS-FMA) con circa 80 partecipanti da tutto il mondo.","breadcrumb":{"@id":"https:\/\/www.cgfmanet.org\/fr\/ifma-fr\/congres-seminaires\/iv-incontro-mondiale-iss-fma-nelle-filippine\/#breadcrumb"},"inLanguage":"fr-FR","potentialAction":[{"@type":"ReadAction","target":["https:\/\/www.cgfmanet.org\/fr\/ifma-fr\/congres-seminaires\/iv-incontro-mondiale-iss-fma-nelle-filippine\/"]}]},{"@type":"ImageObject","inLanguage":"fr-FR","@id":"https:\/\/www.cgfmanet.org\/fr\/ifma-fr\/congres-seminaires\/iv-incontro-mondiale-iss-fma-nelle-filippine\/#primaryimage","url":"https:\/\/www.cgfmanet.org\/wp-content\/uploads\/2026\/03\/4\u00b0-Incontro-mondiale-ISS-FMA-Filippine.jpg","contentUrl":"https:\/\/www.cgfmanet.org\/wp-content\/uploads\/2026\/03\/4\u00b0-Incontro-mondiale-ISS-FMA-Filippine.jpg","width":1200,"height":800},{"@type":"BreadcrumbList","@id":"https:\/\/www.cgfmanet.org\/fr\/ifma-fr\/congres-seminaires\/iv-incontro-mondiale-iss-fma-nelle-filippine\/#breadcrumb","itemListElement":[{"@type":"ListItem","position":1,"name":"Home","item":"https:\/\/www.cgfmanet.org\/fr\/"},{"@type":"ListItem","position":2,"name":"IV Incontro Mondiale ISS-FMA nelle Filippine"}]},{"@type":"WebSite","@id":"https:\/\/www.cgfmanet.org\/es\/#website","url":"https:\/\/www.cgfmanet.org\/es\/","name":"Istituto Figlie di Maria Ausiliatrice","description":"Salesiane di Don Bosco","publisher":{"@id":"https:\/\/www.cgfmanet.org\/es\/#organization"},"potentialAction":[{"@type":"SearchAction","target":{"@type":"EntryPoint","urlTemplate":"https:\/\/www.cgfmanet.org\/es\/?s={search_term_string}"},"query-input":{"@type":"PropertyValueSpecification","valueRequired":true,"valueName":"search_term_string"}}],"inLanguage":"fr-FR"},{"@type":"Organization","@id":"https:\/\/www.cgfmanet.org\/es\/#organization","name":"Istituto Figlie di Maria Ausiliatrice","url":"https:\/\/www.cgfmanet.org\/es\/","logo":{"@type":"ImageObject","inLanguage":"fr-FR","@id":"https:\/\/www.cgfmanet.org\/es\/#\/schema\/logo\/image\/","url":"https:\/\/www.cgfmanet.org\/wp-content\/uploads\/2018\/10\/logo-fma.png","contentUrl":"https:\/\/www.cgfmanet.org\/wp-content\/uploads\/2018\/10\/logo-fma.png","width":214,"height":55,"caption":"Istituto Figlie di Maria Ausiliatrice"},"image":{"@id":"https:\/\/www.cgfmanet.org\/es\/#\/schema\/logo\/image\/"},"sameAs":["https:\/\/www.facebook.com\/salesian.sisters.of.don.bosco\/","https:\/\/x.com\/Cgfmanet_Org","https:\/\/www.youtube.com\/channel\/UCmcr8yFQBV7JXeXVxyV9y5Q"]},{"@type":"Person","@id":"https:\/\/www.cgfmanet.org\/es\/#\/schema\/person\/ce6473083f53ef0ef882cca23f0c8fb9","name":"Redazione"}]}},"_links":{"self":[{"href":"https:\/\/www.cgfmanet.org\/fr\/wp-json\/wp\/v2\/posts\/154870","targetHints":{"allow":["GET"]}}],"collection":[{"href":"https:\/\/www.cgfmanet.org\/fr\/wp-json\/wp\/v2\/posts"}],"about":[{"href":"https:\/\/www.cgfmanet.org\/fr\/wp-json\/wp\/v2\/types\/post"}],"author":[{"embeddable":true,"href":"https:\/\/www.cgfmanet.org\/fr\/wp-json\/wp\/v2\/users\/21"}],"replies":[{"embeddable":true,"href":"https:\/\/www.cgfmanet.org\/fr\/wp-json\/wp\/v2\/comments?post=154870"}],"version-history":[{"count":3,"href":"https:\/\/www.cgfmanet.org\/fr\/wp-json\/wp\/v2\/posts\/154870\/revisions"}],"predecessor-version":[{"id":154912,"href":"https:\/\/www.cgfmanet.org\/fr\/wp-json\/wp\/v2\/posts\/154870\/revisions\/154912"}],"wp:featuredmedia":[{"embeddable":true,"href":"https:\/\/www.cgfmanet.org\/fr\/wp-json\/wp\/v2\/media\/154865"}],"wp:attachment":[{"href":"https:\/\/www.cgfmanet.org\/fr\/wp-json\/wp\/v2\/media?parent=154870"}],"wp:term":[{"taxonomy":"category","embeddable":true,"href":"https:\/\/www.cgfmanet.org\/fr\/wp-json\/wp\/v2\/categories?post=154870"},{"taxonomy":"post_tag","embeddable":true,"href":"https:\/\/www.cgfmanet.org\/fr\/wp-json\/wp\/v2\/tags?post=154870"}],"curies":[{"name":"wp","href":"https:\/\/api.w.org\/{rel}","templated":true}]}}