{"id":154252,"date":"2026-02-28T12:32:37","date_gmt":"2026-02-28T11:32:37","guid":{"rendered":"https:\/\/www.cgfmanet.org\/info-sphere\/39a-giornata-della-facolta-auxilium\/"},"modified":"2026-03-02T16:04:22","modified_gmt":"2026-03-02T15:04:22","slug":"39eme-journee-de-la-faculte-auxilium","status":"publish","type":"post","link":"https:\/\/www.cgfmanet.org\/fr\/ifma-fr\/39eme-journee-de-la-faculte-auxilium\/","title":{"rendered":"39\u00e8me Journ\u00e9e de la Facult\u00e9 \u00ab Auxilium \u00bb"},"content":{"rendered":"<p><strong>Rome (Italie).<\/strong> Le 6 mars 2026, pour c\u00e9l\u00e9brer la 39<sup>\u00e8me<\/sup> Journ\u00e9e de la Facult\u00e9 et \u00e0 l&rsquo;approche de la Journ\u00e9e internationale de la femme (8 mars), la Facult\u00e9 pontificale des sciences de l&rsquo;\u00e9ducation \u00ab Auxilium \u00bb de Rome propose le colloque international <strong>\u00ab Les relations entre s\u0153urs et fr\u00e8res dans certaines religions du Livre sacr\u00e9. Parcours et perspectives \u00bb.<\/strong><\/p>\n<p>La r\u00e9flexion sur ce th\u00e8me est confi\u00e9e \u00e0 trois chercheuses, respectivement sp\u00e9cialistes du juda\u00efsme, Elena Lea Bartolini De Angeli, du christianisme, Marinella Perroni, et de l&rsquo;islam, Meryem Akabouch.<\/p>\n<p>Le programme pr\u00e9voit un discours d&rsquo;ouverture de la Rectrice, s\u0153ur Piera Silvia Ruffinatto, et une introduction aux travaux par s\u0153ur Marcella Farina, coordinatrice du Centre d&rsquo;\u00e9tudes Femmes&amp;\u00c9ducation.<\/p>\n<p>La parole sera ensuite donn\u00e9e \u00e0 <strong>la professeure Brigida Angeloni<\/strong>, enseignante en \u00e9ducation des adultes et en p\u00e9dagogie sociale \u00e0 la Facult\u00e9, qui animera la table ronde avec les interventions.<\/p>\n<p><strong>Elena Lea Bartolini De Angeli<\/strong> &#8211; Professeure titulaire du judaisme et d&rsquo;herm\u00e9neutique juive \u00e0 l&rsquo;ISSR de Milan, rattach\u00e9 \u00e0 la Facult\u00e9 de th\u00e9ologie de l&rsquo;Italie du Nord, professeure de culture biblique \u00e0 l&rsquo;ULPAN (\u00c9cole de langue et de culture juives) de Milan et professeure invit\u00e9e dans plusieurs universit\u00e9s italiennes &#8211; parlera de \u00ab <strong>S\u0153urs et fr\u00e8res. Une relation entre responsabilit\u00e9 et conflictualit\u00e9 constructive \u00bb.<\/strong><\/p>\n<p><strong>\u00ab Mais parmi vous, il n&rsquo;en est pas ainsi&#8230; \u00bb<\/strong> est le titre de l&rsquo;intervention de <strong>Marinella Perroni,<\/strong> professeure \u00e9m\u00e9rite de Nouveau Testament \u00e0 l&rsquo;Universit\u00e9 pontificale Saint-Anselme et professeure invit\u00e9e \u00e0 la Facult\u00e9 th\u00e9ologique pontificale Marianum de Rome, qui a fond\u00e9 la Coordination des th\u00e9ologiennes italiennes (CTI) dont elle a \u00e9galement \u00e9t\u00e9 pr\u00e9sidente et dirige avec Stella Morra la collection \u00ab Sui generis \u00bb pour Effat\u00e0 Editrice.<\/p>\n<p><strong>Meryem Akabouch,<\/strong> chercheuse \u00e0 la Luiss Mediterranean Platform et sp\u00e9cialis\u00e9e en philosophie politique, relations internationales et d\u00e9veloppement, avec un accent particulier sur le monde arabe et la r\u00e9gion m\u00e9diterran\u00e9enne, interviendra sur <strong>\u00ab Les relations entre fr\u00e8res et s\u0153urs du point de vue de l&rsquo;islam \u00bb.<\/strong><\/p>\n<p>L&rsquo;apr\u00e8s-midi d&rsquo;\u00e9tude s&rsquo;inscrit dans le cadre d&rsquo;un programme de recherche sp\u00e9cifique lanc\u00e9 le 8 mars 2022 avec la conf\u00e9rence internationale : \u00ab Les relations entre femmes et hommes dans certaines religions du Livre sacr\u00e9. Parcours et perspectives dans le poly\u00e8dre des anthropologies \u00bb, puis poursuivi avec \u00ab Les relations m\u00e8re-fille-fils \u00bb (2024) et \u00ab Les relations p\u00e8re-fille-fils \u00bb (2025).<\/p>\n<p>L&rsquo;objectif \u00e9tait d&rsquo;entamer un parcours de r\u00e9flexion et d&rsquo;\u00e9tude sur la relationnalit\u00e9 humaine, consid\u00e9r\u00e9e comme une urgence et une n\u00e9cessit\u00e9 pour une coexistence pleinement humaine dans le changement d&rsquo;\u00e9poque actuel. Une conviction est que les relations entre femmes et hommes constituent le paradigme fondamental qui donne un sens et une direction aux autres relations ouvertes \u00e0 une r\u00e9ciprocit\u00e9 constructive, pour une soci\u00e9t\u00e9 plus attentive au bien commun et \u00e0 la vie de chacun.<\/p>\n<p>Dans cette perspective, la Facult\u00e9 \u00ab Auxilium \u00bb a d\u00e9cid\u00e9 d&rsquo;approfondir le sujet, en explorant \u00e9galement la contribution des religions, dans la mesure o\u00f9 elles peuvent offrir leur pr\u00e9cieux apport \u00ab \u00e0 partir de la reconnaissance de la valeur de chaque personne humaine comme cr\u00e9ature appel\u00e9e \u00e0 \u00eatre fils ou fille de Dieu \u00bb (Fratelli tutti n. 271). En effet, \u00ab sans une ouverture au P\u00e8re de tous, il ne peut y avoir de raisons solides et stables pour l&rsquo;appel \u00e0 la fraternit\u00e9 \u00bb (Fratelli tutti n\u00b0 272) ; \u00ab la raison, \u00e0 elle seule, est capable de saisir l&rsquo;\u00e9galit\u00e9 entre les hommes et d&rsquo;\u00e9tablir une coexistence civique entre eux, mais elle ne parvient pas \u00e0 fonder la fraternit\u00e9 \u00bb (Caritas in Veritate n\u00b0 261).<\/p>\n<p>La conf\u00e9rence du 6 mars 2026, bien que limit\u00e9e, pr\u00e9sente un large \u00e9ventail d&rsquo;explorations qui s&rsquo;ouvre \u00e0 des questions radicales auxquelles il faut r\u00e9pondre, en r\u00e9seau avec des chercheurs et des chercheuses, avec ceux et celles qui travaillent dans des contextes \u00e9ducatifs et formatifs.<\/p>\n<p><strong>L&rsquo;apr\u00e8s-midi d&rsquo;\u00e9tude se d\u00e9roulera en pr\u00e9sentiel dans la salle Magna \u00ab Giovanni Paolo II \u00bb de la Facult\u00e9 \u00ab Auxilium \u00bb de 15h00 \u00e0 18h00 et sera retransmis <span style=\"color: #0000ff;\"><a style=\"color: #0000ff;\" href=\"https:\/\/www.youtube.com\/live\/8UuPH7v9guI\" target=\"_blank\" rel=\"noopener\">en direct<\/a><\/span> <\/strong><strong>sur la cha\u00eene YouTube de la Facult\u00e9.<\/strong><\/p>\n<p><span style=\"color: #0000ff;\"><strong><a style=\"color: #0000ff;\" href=\"https:\/\/www.pfse-auxilium.org\/sites\/it\/assets\/pdf\/eventi\/06032026_giornata-della-facolta_dep.pdf\" target=\"_blank\" rel=\"noopener\">Programme<\/a><\/strong><\/span><\/p>\n","protected":false},"excerpt":{"rendered":"<p>Rome (Italie). Le 6 mars 2026, pour c\u00e9l\u00e9brer la 39\u00e8me Journ\u00e9e de la Facult\u00e9 et \u00e0 l&rsquo;approche de la Journ\u00e9e internationale de la femme (8 mars), la Facult\u00e9 pontificale des [&hellip;]<\/p>\n","protected":false},"author":21,"featured_media":154247,"comment_status":"open","ping_status":"closed","sticky":false,"template":"","format":"standard","meta":{"footnotes":""},"categories":[156,168],"tags":[277,1137,1380,1878,1929,2114],"class_list":["post-154252","post","type-post","status-publish","format-standard","has-post-thumbnail","category-ifma-fr","category-congres-seminaires","tag-dialogue-interreligieux","tag-education-fr","tag-promotion-de-la-femme","tag-auxilium-fr","tag-focus-fr","tag-donna-fr"],"yoast_head":"<!-- This site is optimized with the Yoast SEO plugin v27.4 - https:\/\/yoast.com\/product\/yoast-seo-wordpress\/ -->\n<title>39\u00e8me Journ\u00e9e de la Facult\u00e9 \u00ab Auxilium \u00bb &#8226; Istituto Figlie di Maria Ausiliatrice<\/title>\n<meta name=\"description\" content=\"Le 6 mars 2026, \u00e0 l&#039;occasion de la 39\u00e8me Journ\u00e9e de la Facult\u00e9, la Facult\u00e9 pontificale des sciences de l&#039;\u00e9ducation \u00ab Auxilium \u00bb propose un colloque international d&#039;\u00e9tude.\" \/>\n<meta name=\"robots\" content=\"index, follow, max-snippet:-1, max-image-preview:large, max-video-preview:-1\" \/>\n<link rel=\"canonical\" href=\"https:\/\/www.cgfmanet.org\/fr\/ifma-fr\/39eme-journee-de-la-faculte-auxilium\/\" \/>\n<meta property=\"og:locale\" content=\"fr_FR\" \/>\n<meta property=\"og:type\" content=\"article\" \/>\n<meta property=\"og:title\" content=\"39\u00e8me Journ\u00e9e de la Facult\u00e9 \u00ab Auxilium \u00bb &#8226; Istituto Figlie di Maria Ausiliatrice\" \/>\n<meta property=\"og:description\" content=\"Le 6 mars 2026, \u00e0 l&#039;occasion de la 39\u00e8me Journ\u00e9e de la Facult\u00e9, la Facult\u00e9 pontificale des sciences de l&#039;\u00e9ducation \u00ab Auxilium \u00bb propose un colloque international d&#039;\u00e9tude.\" \/>\n<meta property=\"og:url\" content=\"https:\/\/www.cgfmanet.org\/fr\/ifma-fr\/39eme-journee-de-la-faculte-auxilium\/\" \/>\n<meta property=\"og:site_name\" content=\"Istituto Figlie di Maria Ausiliatrice\" \/>\n<meta property=\"article:publisher\" content=\"https:\/\/www.facebook.com\/salesian.sisters.of.don.bosco\/\" \/>\n<meta property=\"article:published_time\" content=\"2026-02-28T11:32:37+00:00\" \/>\n<meta property=\"article:modified_time\" content=\"2026-03-02T15:04:22+00:00\" \/>\n<meta property=\"og:image\" content=\"https:\/\/www.cgfmanet.org\/wp-content\/uploads\/2026\/02\/Giornata-Facolta-Auxilium_2026.jpg\" \/>\n\t<meta property=\"og:image:width\" content=\"1200\" \/>\n\t<meta property=\"og:image:height\" content=\"800\" \/>\n\t<meta property=\"og:image:type\" content=\"image\/jpeg\" \/>\n<meta name=\"author\" content=\"Redazione\" \/>\n<meta name=\"twitter:card\" content=\"summary_large_image\" \/>\n<meta name=\"twitter:creator\" content=\"@Cgfmanet_Org\" \/>\n<meta name=\"twitter:site\" content=\"@Cgfmanet_Org\" \/>\n<meta name=\"twitter:label1\" content=\"\u00c9crit par\" \/>\n\t<meta name=\"twitter:data1\" content=\"Redazione\" \/>\n\t<meta name=\"twitter:label2\" content=\"Dur\u00e9e de lecture estim\u00e9e\" \/>\n\t<meta name=\"twitter:data2\" content=\"4 minutes\" \/>\n<script type=\"application\/ld+json\" class=\"yoast-schema-graph\">{\"@context\":\"https:\\\/\\\/schema.org\",\"@graph\":[{\"@type\":\"Article\",\"@id\":\"https:\\\/\\\/www.cgfmanet.org\\\/fr\\\/ifma-fr\\\/39eme-journee-de-la-faculte-auxilium\\\/#article\",\"isPartOf\":{\"@id\":\"https:\\\/\\\/www.cgfmanet.org\\\/fr\\\/ifma-fr\\\/39eme-journee-de-la-faculte-auxilium\\\/\"},\"author\":{\"name\":\"Redazione\",\"@id\":\"https:\\\/\\\/www.cgfmanet.org\\\/es\\\/#\\\/schema\\\/person\\\/ce6473083f53ef0ef882cca23f0c8fb9\"},\"headline\":\"39\u00e8me Journ\u00e9e de la Facult\u00e9 \u00ab Auxilium \u00bb\",\"datePublished\":\"2026-02-28T11:32:37+00:00\",\"dateModified\":\"2026-03-02T15:04:22+00:00\",\"mainEntityOfPage\":{\"@id\":\"https:\\\/\\\/www.cgfmanet.org\\\/fr\\\/ifma-fr\\\/39eme-journee-de-la-faculte-auxilium\\\/\"},\"wordCount\":695,\"commentCount\":0,\"publisher\":{\"@id\":\"https:\\\/\\\/www.cgfmanet.org\\\/es\\\/#organization\"},\"image\":{\"@id\":\"https:\\\/\\\/www.cgfmanet.org\\\/fr\\\/ifma-fr\\\/39eme-journee-de-la-faculte-auxilium\\\/#primaryimage\"},\"thumbnailUrl\":\"https:\\\/\\\/www.cgfmanet.org\\\/wp-content\\\/uploads\\\/2026\\\/02\\\/Giornata-Facolta-Auxilium_2026.jpg\",\"keywords\":[\"Dialogue Interreligieux\",\"Education\",\"Promotion de la femme\",\"Auxilium\",\"Focus\",\"Donna\"],\"articleSection\":[\"IFMA\",\"Congr\u00e8s et S\u00e9minaires\"],\"inLanguage\":\"fr-FR\",\"potentialAction\":[{\"@type\":\"CommentAction\",\"name\":\"Comment\",\"target\":[\"https:\\\/\\\/www.cgfmanet.org\\\/fr\\\/ifma-fr\\\/39eme-journee-de-la-faculte-auxilium\\\/#respond\"]}]},{\"@type\":\"WebPage\",\"@id\":\"https:\\\/\\\/www.cgfmanet.org\\\/fr\\\/ifma-fr\\\/39eme-journee-de-la-faculte-auxilium\\\/\",\"url\":\"https:\\\/\\\/www.cgfmanet.org\\\/fr\\\/ifma-fr\\\/39eme-journee-de-la-faculte-auxilium\\\/\",\"name\":\"39\u00e8me Journ\u00e9e de la Facult\u00e9 \u00ab Auxilium \u00bb &#8226; Istituto Figlie di Maria Ausiliatrice\",\"isPartOf\":{\"@id\":\"https:\\\/\\\/www.cgfmanet.org\\\/es\\\/#website\"},\"primaryImageOfPage\":{\"@id\":\"https:\\\/\\\/www.cgfmanet.org\\\/fr\\\/ifma-fr\\\/39eme-journee-de-la-faculte-auxilium\\\/#primaryimage\"},\"image\":{\"@id\":\"https:\\\/\\\/www.cgfmanet.org\\\/fr\\\/ifma-fr\\\/39eme-journee-de-la-faculte-auxilium\\\/#primaryimage\"},\"thumbnailUrl\":\"https:\\\/\\\/www.cgfmanet.org\\\/wp-content\\\/uploads\\\/2026\\\/02\\\/Giornata-Facolta-Auxilium_2026.jpg\",\"datePublished\":\"2026-02-28T11:32:37+00:00\",\"dateModified\":\"2026-03-02T15:04:22+00:00\",\"description\":\"Le 6 mars 2026, \u00e0 l'occasion de la 39\u00e8me Journ\u00e9e de la Facult\u00e9, la Facult\u00e9 pontificale des sciences de l'\u00e9ducation \u00ab Auxilium \u00bb propose un colloque international d'\u00e9tude.\",\"breadcrumb\":{\"@id\":\"https:\\\/\\\/www.cgfmanet.org\\\/fr\\\/ifma-fr\\\/39eme-journee-de-la-faculte-auxilium\\\/#breadcrumb\"},\"inLanguage\":\"fr-FR\",\"potentialAction\":[{\"@type\":\"ReadAction\",\"target\":[\"https:\\\/\\\/www.cgfmanet.org\\\/fr\\\/ifma-fr\\\/39eme-journee-de-la-faculte-auxilium\\\/\"]}]},{\"@type\":\"ImageObject\",\"inLanguage\":\"fr-FR\",\"@id\":\"https:\\\/\\\/www.cgfmanet.org\\\/fr\\\/ifma-fr\\\/39eme-journee-de-la-faculte-auxilium\\\/#primaryimage\",\"url\":\"https:\\\/\\\/www.cgfmanet.org\\\/wp-content\\\/uploads\\\/2026\\\/02\\\/Giornata-Facolta-Auxilium_2026.jpg\",\"contentUrl\":\"https:\\\/\\\/www.cgfmanet.org\\\/wp-content\\\/uploads\\\/2026\\\/02\\\/Giornata-Facolta-Auxilium_2026.jpg\",\"width\":1200,\"height\":800},{\"@type\":\"BreadcrumbList\",\"@id\":\"https:\\\/\\\/www.cgfmanet.org\\\/fr\\\/ifma-fr\\\/39eme-journee-de-la-faculte-auxilium\\\/#breadcrumb\",\"itemListElement\":[{\"@type\":\"ListItem\",\"position\":1,\"name\":\"Home\",\"item\":\"https:\\\/\\\/www.cgfmanet.org\\\/fr\\\/\"},{\"@type\":\"ListItem\",\"position\":2,\"name\":\"39\u00e8me Journ\u00e9e de la Facult\u00e9 \u00ab Auxilium \u00bb\"}]},{\"@type\":\"WebSite\",\"@id\":\"https:\\\/\\\/www.cgfmanet.org\\\/es\\\/#website\",\"url\":\"https:\\\/\\\/www.cgfmanet.org\\\/es\\\/\",\"name\":\"Istituto Figlie di Maria Ausiliatrice\",\"description\":\"Salesiane di Don Bosco\",\"publisher\":{\"@id\":\"https:\\\/\\\/www.cgfmanet.org\\\/es\\\/#organization\"},\"potentialAction\":[{\"@type\":\"SearchAction\",\"target\":{\"@type\":\"EntryPoint\",\"urlTemplate\":\"https:\\\/\\\/www.cgfmanet.org\\\/es\\\/?s={search_term_string}\"},\"query-input\":{\"@type\":\"PropertyValueSpecification\",\"valueRequired\":true,\"valueName\":\"search_term_string\"}}],\"inLanguage\":\"fr-FR\"},{\"@type\":\"Organization\",\"@id\":\"https:\\\/\\\/www.cgfmanet.org\\\/es\\\/#organization\",\"name\":\"Istituto Figlie di Maria Ausiliatrice\",\"url\":\"https:\\\/\\\/www.cgfmanet.org\\\/es\\\/\",\"logo\":{\"@type\":\"ImageObject\",\"inLanguage\":\"fr-FR\",\"@id\":\"https:\\\/\\\/www.cgfmanet.org\\\/es\\\/#\\\/schema\\\/logo\\\/image\\\/\",\"url\":\"https:\\\/\\\/www.cgfmanet.org\\\/wp-content\\\/uploads\\\/2018\\\/10\\\/logo-fma.png\",\"contentUrl\":\"https:\\\/\\\/www.cgfmanet.org\\\/wp-content\\\/uploads\\\/2018\\\/10\\\/logo-fma.png\",\"width\":214,\"height\":55,\"caption\":\"Istituto Figlie di Maria Ausiliatrice\"},\"image\":{\"@id\":\"https:\\\/\\\/www.cgfmanet.org\\\/es\\\/#\\\/schema\\\/logo\\\/image\\\/\"},\"sameAs\":[\"https:\\\/\\\/www.facebook.com\\\/salesian.sisters.of.don.bosco\\\/\",\"https:\\\/\\\/x.com\\\/Cgfmanet_Org\",\"https:\\\/\\\/www.youtube.com\\\/channel\\\/UCmcr8yFQBV7JXeXVxyV9y5Q\"]},{\"@type\":\"Person\",\"@id\":\"https:\\\/\\\/www.cgfmanet.org\\\/es\\\/#\\\/schema\\\/person\\\/ce6473083f53ef0ef882cca23f0c8fb9\",\"name\":\"Redazione\"}]}<\/script>\n<!-- \/ Yoast SEO plugin. -->","yoast_head_json":{"title":"39\u00e8me Journ\u00e9e de la Facult\u00e9 \u00ab Auxilium \u00bb &#8226; Istituto Figlie di Maria Ausiliatrice","description":"Le 6 mars 2026, \u00e0 l'occasion de la 39\u00e8me Journ\u00e9e de la Facult\u00e9, la Facult\u00e9 pontificale des sciences de l'\u00e9ducation \u00ab Auxilium \u00bb propose un colloque international d'\u00e9tude.","robots":{"index":"index","follow":"follow","max-snippet":"max-snippet:-1","max-image-preview":"max-image-preview:large","max-video-preview":"max-video-preview:-1"},"canonical":"https:\/\/www.cgfmanet.org\/fr\/ifma-fr\/39eme-journee-de-la-faculte-auxilium\/","og_locale":"fr_FR","og_type":"article","og_title":"39\u00e8me Journ\u00e9e de la Facult\u00e9 \u00ab Auxilium \u00bb &#8226; Istituto Figlie di Maria Ausiliatrice","og_description":"Le 6 mars 2026, \u00e0 l'occasion de la 39\u00e8me Journ\u00e9e de la Facult\u00e9, la Facult\u00e9 pontificale des sciences de l'\u00e9ducation \u00ab Auxilium \u00bb propose un colloque international d'\u00e9tude.","og_url":"https:\/\/www.cgfmanet.org\/fr\/ifma-fr\/39eme-journee-de-la-faculte-auxilium\/","og_site_name":"Istituto Figlie di Maria Ausiliatrice","article_publisher":"https:\/\/www.facebook.com\/salesian.sisters.of.don.bosco\/","article_published_time":"2026-02-28T11:32:37+00:00","article_modified_time":"2026-03-02T15:04:22+00:00","og_image":[{"width":1200,"height":800,"url":"https:\/\/www.cgfmanet.org\/wp-content\/uploads\/2026\/02\/Giornata-Facolta-Auxilium_2026.jpg","type":"image\/jpeg"}],"author":"Redazione","twitter_card":"summary_large_image","twitter_creator":"@Cgfmanet_Org","twitter_site":"@Cgfmanet_Org","twitter_misc":{"\u00c9crit par":"Redazione","Dur\u00e9e de lecture estim\u00e9e":"4 minutes"},"schema":{"@context":"https:\/\/schema.org","@graph":[{"@type":"Article","@id":"https:\/\/www.cgfmanet.org\/fr\/ifma-fr\/39eme-journee-de-la-faculte-auxilium\/#article","isPartOf":{"@id":"https:\/\/www.cgfmanet.org\/fr\/ifma-fr\/39eme-journee-de-la-faculte-auxilium\/"},"author":{"name":"Redazione","@id":"https:\/\/www.cgfmanet.org\/es\/#\/schema\/person\/ce6473083f53ef0ef882cca23f0c8fb9"},"headline":"39\u00e8me Journ\u00e9e de la Facult\u00e9 \u00ab Auxilium \u00bb","datePublished":"2026-02-28T11:32:37+00:00","dateModified":"2026-03-02T15:04:22+00:00","mainEntityOfPage":{"@id":"https:\/\/www.cgfmanet.org\/fr\/ifma-fr\/39eme-journee-de-la-faculte-auxilium\/"},"wordCount":695,"commentCount":0,"publisher":{"@id":"https:\/\/www.cgfmanet.org\/es\/#organization"},"image":{"@id":"https:\/\/www.cgfmanet.org\/fr\/ifma-fr\/39eme-journee-de-la-faculte-auxilium\/#primaryimage"},"thumbnailUrl":"https:\/\/www.cgfmanet.org\/wp-content\/uploads\/2026\/02\/Giornata-Facolta-Auxilium_2026.jpg","keywords":["Dialogue Interreligieux","Education","Promotion de la femme","Auxilium","Focus","Donna"],"articleSection":["IFMA","Congr\u00e8s et S\u00e9minaires"],"inLanguage":"fr-FR","potentialAction":[{"@type":"CommentAction","name":"Comment","target":["https:\/\/www.cgfmanet.org\/fr\/ifma-fr\/39eme-journee-de-la-faculte-auxilium\/#respond"]}]},{"@type":"WebPage","@id":"https:\/\/www.cgfmanet.org\/fr\/ifma-fr\/39eme-journee-de-la-faculte-auxilium\/","url":"https:\/\/www.cgfmanet.org\/fr\/ifma-fr\/39eme-journee-de-la-faculte-auxilium\/","name":"39\u00e8me Journ\u00e9e de la Facult\u00e9 \u00ab Auxilium \u00bb &#8226; Istituto Figlie di Maria Ausiliatrice","isPartOf":{"@id":"https:\/\/www.cgfmanet.org\/es\/#website"},"primaryImageOfPage":{"@id":"https:\/\/www.cgfmanet.org\/fr\/ifma-fr\/39eme-journee-de-la-faculte-auxilium\/#primaryimage"},"image":{"@id":"https:\/\/www.cgfmanet.org\/fr\/ifma-fr\/39eme-journee-de-la-faculte-auxilium\/#primaryimage"},"thumbnailUrl":"https:\/\/www.cgfmanet.org\/wp-content\/uploads\/2026\/02\/Giornata-Facolta-Auxilium_2026.jpg","datePublished":"2026-02-28T11:32:37+00:00","dateModified":"2026-03-02T15:04:22+00:00","description":"Le 6 mars 2026, \u00e0 l'occasion de la 39\u00e8me Journ\u00e9e de la Facult\u00e9, la Facult\u00e9 pontificale des sciences de l'\u00e9ducation \u00ab Auxilium \u00bb propose un colloque international d'\u00e9tude.","breadcrumb":{"@id":"https:\/\/www.cgfmanet.org\/fr\/ifma-fr\/39eme-journee-de-la-faculte-auxilium\/#breadcrumb"},"inLanguage":"fr-FR","potentialAction":[{"@type":"ReadAction","target":["https:\/\/www.cgfmanet.org\/fr\/ifma-fr\/39eme-journee-de-la-faculte-auxilium\/"]}]},{"@type":"ImageObject","inLanguage":"fr-FR","@id":"https:\/\/www.cgfmanet.org\/fr\/ifma-fr\/39eme-journee-de-la-faculte-auxilium\/#primaryimage","url":"https:\/\/www.cgfmanet.org\/wp-content\/uploads\/2026\/02\/Giornata-Facolta-Auxilium_2026.jpg","contentUrl":"https:\/\/www.cgfmanet.org\/wp-content\/uploads\/2026\/02\/Giornata-Facolta-Auxilium_2026.jpg","width":1200,"height":800},{"@type":"BreadcrumbList","@id":"https:\/\/www.cgfmanet.org\/fr\/ifma-fr\/39eme-journee-de-la-faculte-auxilium\/#breadcrumb","itemListElement":[{"@type":"ListItem","position":1,"name":"Home","item":"https:\/\/www.cgfmanet.org\/fr\/"},{"@type":"ListItem","position":2,"name":"39\u00e8me Journ\u00e9e de la Facult\u00e9 \u00ab Auxilium \u00bb"}]},{"@type":"WebSite","@id":"https:\/\/www.cgfmanet.org\/es\/#website","url":"https:\/\/www.cgfmanet.org\/es\/","name":"Istituto Figlie di Maria Ausiliatrice","description":"Salesiane di Don Bosco","publisher":{"@id":"https:\/\/www.cgfmanet.org\/es\/#organization"},"potentialAction":[{"@type":"SearchAction","target":{"@type":"EntryPoint","urlTemplate":"https:\/\/www.cgfmanet.org\/es\/?s={search_term_string}"},"query-input":{"@type":"PropertyValueSpecification","valueRequired":true,"valueName":"search_term_string"}}],"inLanguage":"fr-FR"},{"@type":"Organization","@id":"https:\/\/www.cgfmanet.org\/es\/#organization","name":"Istituto Figlie di Maria Ausiliatrice","url":"https:\/\/www.cgfmanet.org\/es\/","logo":{"@type":"ImageObject","inLanguage":"fr-FR","@id":"https:\/\/www.cgfmanet.org\/es\/#\/schema\/logo\/image\/","url":"https:\/\/www.cgfmanet.org\/wp-content\/uploads\/2018\/10\/logo-fma.png","contentUrl":"https:\/\/www.cgfmanet.org\/wp-content\/uploads\/2018\/10\/logo-fma.png","width":214,"height":55,"caption":"Istituto Figlie di Maria Ausiliatrice"},"image":{"@id":"https:\/\/www.cgfmanet.org\/es\/#\/schema\/logo\/image\/"},"sameAs":["https:\/\/www.facebook.com\/salesian.sisters.of.don.bosco\/","https:\/\/x.com\/Cgfmanet_Org","https:\/\/www.youtube.com\/channel\/UCmcr8yFQBV7JXeXVxyV9y5Q"]},{"@type":"Person","@id":"https:\/\/www.cgfmanet.org\/es\/#\/schema\/person\/ce6473083f53ef0ef882cca23f0c8fb9","name":"Redazione"}]}},"_links":{"self":[{"href":"https:\/\/www.cgfmanet.org\/fr\/wp-json\/wp\/v2\/posts\/154252","targetHints":{"allow":["GET"]}}],"collection":[{"href":"https:\/\/www.cgfmanet.org\/fr\/wp-json\/wp\/v2\/posts"}],"about":[{"href":"https:\/\/www.cgfmanet.org\/fr\/wp-json\/wp\/v2\/types\/post"}],"author":[{"embeddable":true,"href":"https:\/\/www.cgfmanet.org\/fr\/wp-json\/wp\/v2\/users\/21"}],"replies":[{"embeddable":true,"href":"https:\/\/www.cgfmanet.org\/fr\/wp-json\/wp\/v2\/comments?post=154252"}],"version-history":[{"count":3,"href":"https:\/\/www.cgfmanet.org\/fr\/wp-json\/wp\/v2\/posts\/154252\/revisions"}],"predecessor-version":[{"id":154318,"href":"https:\/\/www.cgfmanet.org\/fr\/wp-json\/wp\/v2\/posts\/154252\/revisions\/154318"}],"wp:featuredmedia":[{"embeddable":true,"href":"https:\/\/www.cgfmanet.org\/fr\/wp-json\/wp\/v2\/media\/154247"}],"wp:attachment":[{"href":"https:\/\/www.cgfmanet.org\/fr\/wp-json\/wp\/v2\/media?parent=154252"}],"wp:term":[{"taxonomy":"category","embeddable":true,"href":"https:\/\/www.cgfmanet.org\/fr\/wp-json\/wp\/v2\/categories?post=154252"},{"taxonomy":"post_tag","embeddable":true,"href":"https:\/\/www.cgfmanet.org\/fr\/wp-json\/wp\/v2\/tags?post=154252"}],"curies":[{"name":"wp","href":"https:\/\/api.w.org\/{rel}","templated":true}]}}