{"id":154233,"date":"2026-02-27T16:11:03","date_gmt":"2026-02-27T15:11:03","guid":{"rendered":"https:\/\/www.cgfmanet.org\/info-sphere\/convocazione-del-capitolo-generale-xxv\/"},"modified":"2026-03-17T18:15:22","modified_gmt":"2026-03-17T17:15:22","slug":"convocation-du-xxve-chapitre-general-circulaire-n-1056","status":"publish","type":"post","link":"https:\/\/www.cgfmanet.org\/fr\/ifma-fr\/convocation-du-xxve-chapitre-general-circulaire-n-1056\/","title":{"rendered":"Convocation du XXVe Chapitre G\u00e9n\u00e9ral &#8211; Circulaire n\u00b0 1056"},"content":{"rendered":"<p><strong>Rome (Italie)<\/strong>. \u00c0 l&rsquo;issue de la session pl\u00e9ni\u00e8re d&rsquo;hiver, la Sup\u00e9rieure g\u00e9n\u00e9rale de l&rsquo;Institut des Filles de Marie Auxiliatrice, <strong>M\u00e8re Chiara Cazzuola<\/strong>, par la circulaire n\u00b0 1056 dat\u00e9e du 24 f\u00e9vrier 2026, convoque officiellement le XXVe Chapitre g\u00e9n\u00e9ral, conform\u00e9ment \u00e0 l&rsquo;article 138 des Constitutions. Le Chapitre d\u00e9butera \u00e0 Rome, \u00e0 la Maison g\u00e9n\u00e9rale des FMA, le 22 septembre 2027.<\/p>\n<p>Le Chapitre g\u00e9n\u00e9ral constitue un \u00ab temps fort de v\u00e9rification, de r\u00e9flexion et d&rsquo;orientation pour une recherche commune de la volont\u00e9 de Dieu \u00bb. Toutes les communaut\u00e9s des FMA collaborent \u00e0 cet \u00e9v\u00e9nement \u00ab par la pri\u00e8re, l&rsquo;\u00e9tude et des propositions \u00bb (C 135).<\/p>\n<p>Le but d&rsquo;un Chapitre g\u00e9n\u00e9ral est de \u00ab traiter les sujets les plus importants concernant la vie de l&rsquo;Institut pour une pr\u00e9sence toujours plus efficace dans l&rsquo;\u00c9glise et dans le monde \u00bb (C 136 b).<br \/>\nLe th\u00e8me du CGXXV est :<\/p>\n<h3 style=\"text-align: center;\"><span style=\"color: #ff0000;\"><strong><em>\u00ab Heureuses \u00eates-vous&#8230; \u00bb<\/em><\/strong><\/span><br \/>\n<span style=\"color: #ff0000;\"><strong><em>Avec la force proph\u00e9tique du charisme, <\/em><\/strong><\/span><br \/>\n<span style=\"color: #ff0000;\"><strong><em>missionnaires de communion avec les jeunes.<\/em><\/strong><\/span><\/h3>\n<p>L&rsquo;objectif du\u00a0 XXVe CG est de <strong>\u00ab raviver la passion missionnaire caract\u00e9ristique de notre identit\u00e9 charismatique \u00bb.<\/strong><br \/>\nM\u00e8re Chiara a d\u00e9sign\u00e9 comme R\u00e9gulatrice <strong>S\u0153ur Mar\u00eda del Rosario Garc\u00eda Ribas<\/strong>, Vicaire g\u00e9n\u00e9rale, qui assume la responsabilit\u00e9 d&rsquo;accompagner la pr\u00e9paration et le d\u00e9roulement du XXVe Chapitre g\u00e9n\u00e9ral.<\/p>\n<p>Outre la convocation officielle du Chapitre, le document contient quelques r\u00e9flexions et contributions \u00e0 l&rsquo;approfondissement du th\u00e8me capitulaire, les orientations pour la c\u00e9l\u00e9bration des Chapitres provinciaux et la pri\u00e8re pour se pr\u00e9parer \u00e0 vivre cet \u00e9v\u00e9nement en communaut\u00e9.<br \/>\n\u00c0 la fin de la circulaire, la M\u00e8re \u00e9crit :<\/p>\n<p><em>\u00ab Dans la pr\u00e9paration au\u00a0 XXVe CG, temps de gr\u00e2ce pour tout l&rsquo;Institut, nous sommes invit\u00e9es \u00e0 entrer dans la profondeur du contenu que le th\u00e8me nous offre pour red\u00e9couvrir et vivre, avec une plus grande conscience, notre identit\u00e9.<\/em><\/p>\n<p><em>Nous ressentons le besoin de repartir de la centralit\u00e9 du Christ, de renforcer la communion et de raviver la passion missionnaire, en puisant \u00e0 la source du charisme sal\u00e9sien. Cela fera de nos communaut\u00e9s \u00e9ducatives un ferment de paix, avec et pour les jeunes que le Seigneur nous confie.<\/em><\/p>\n<p><em>Dans la pr\u00e9paration au XXVe Chapitre, nous impliquons la communaut\u00e9 \u00e9ducative et d&rsquo;autres groupes de la Famille sal\u00e9sienne, ainsi que des repr\u00e9sentants d&rsquo;institutions eccl\u00e9siales et civiles sensibles \u00e0 la r\u00e9alit\u00e9 \u00e9ducative.Dans le dialogue et la confrontation, nous faisons en sorte que les jeunes puissent s&rsquo;exprimer et nous dire ce qu&rsquo;ils ressentent, pensent et attendent de nous. (&#8230;)<\/em><\/p>\n<p><em>Nous nous en remettons \u00e0 Marie, premi\u00e8re disciple et premi\u00e8re missionnaire, afin qu&rsquo;elle interc\u00e8de pour nous aupr\u00e8s du Saint-Esprit tout au long de ce cheminement. Je vous invite \u00e0 nous retrouver chaque jour dans la pri\u00e8re d&rsquo;abandon, selon le mod\u00e8le\u00a0 que nous vous proposons \u00bb<\/em><\/p>\n<p><span style=\"color: #0000ff;\"><a style=\"color: #0000ff;\" href=\"https:\/\/drive.google.com\/file\/d\/1DD2mc5A4jz3GdM1JPK0Bg6by6nBLsDCv\/view?usp=drive_link\" target=\"_blank\" rel=\"noopener\"><strong>Circulaire n\u00b0 1056 de convocation du XXVe <\/strong><strong>CG<\/strong><\/a><\/span><\/p>\n<p><strong>La traduction dans les diff\u00e9rentes langues sera publi\u00e9e d\u00e8s que possible.<\/strong><\/p>\n","protected":false},"excerpt":{"rendered":"<p>Rome (Italie). \u00c0 l&rsquo;issue de la session pl\u00e9ni\u00e8re d&rsquo;hiver, la Sup\u00e9rieure g\u00e9n\u00e9rale de l&rsquo;Institut des Filles de Marie Auxiliatrice, M\u00e8re Chiara Cazzuola, par la circulaire n\u00b0 1056 dat\u00e9e du 24 [&hellip;]<\/p>\n","protected":false},"author":21,"featured_media":154228,"comment_status":"open","ping_status":"closed","sticky":false,"template":"","format":"standard","meta":{"footnotes":""},"categories":[160,156],"tags":[369,1929,1977,2281,2377],"class_list":["post-154233","post","type-post","status-publish","format-standard","has-post-thumbnail","category-chapitres-generaux","category-ifma-fr","tag-mere-generale","tag-focus-fr","tag-chapitre-general","tag-ifma-fr","tag-madre-chiara-cazzuola-fr"],"yoast_head":"<!-- This site is optimized with the Yoast SEO plugin v27.4 - https:\/\/yoast.com\/product\/yoast-seo-wordpress\/ -->\n<title>Convocation du XXVe Chapitre G\u00e9n\u00e9ral - Circulaire n\u00b0 1056 &#8226; Istituto Figlie di Maria Ausiliatrice<\/title>\n<meta name=\"description\" content=\"La circulaire de convocation du XXVe Chapitre g\u00e9n\u00e9ral de l&#039;Institut des Filles de Marie Auxiliatrice est rendue publique.\" \/>\n<meta name=\"robots\" content=\"index, follow, max-snippet:-1, max-image-preview:large, max-video-preview:-1\" \/>\n<link rel=\"canonical\" href=\"https:\/\/www.cgfmanet.org\/fr\/ifma-fr\/convocation-du-xxve-chapitre-general-circulaire-n-1056\/\" \/>\n<meta property=\"og:locale\" content=\"fr_FR\" \/>\n<meta property=\"og:type\" content=\"article\" \/>\n<meta property=\"og:title\" content=\"Convocation du XXVe Chapitre G\u00e9n\u00e9ral - Circulaire n\u00b0 1056 &#8226; Istituto Figlie di Maria Ausiliatrice\" \/>\n<meta property=\"og:description\" content=\"La circulaire de convocation du XXVe Chapitre g\u00e9n\u00e9ral de l&#039;Institut des Filles de Marie Auxiliatrice est rendue publique.\" \/>\n<meta property=\"og:url\" content=\"https:\/\/www.cgfmanet.org\/fr\/ifma-fr\/convocation-du-xxve-chapitre-general-circulaire-n-1056\/\" \/>\n<meta property=\"og:site_name\" content=\"Istituto Figlie di Maria Ausiliatrice\" \/>\n<meta property=\"article:publisher\" content=\"https:\/\/www.facebook.com\/salesian.sisters.of.don.bosco\/\" \/>\n<meta property=\"article:published_time\" content=\"2026-02-27T15:11:03+00:00\" \/>\n<meta property=\"article:modified_time\" content=\"2026-03-17T17:15:22+00:00\" \/>\n<meta property=\"og:image\" content=\"https:\/\/www.cgfmanet.org\/wp-content\/uploads\/2026\/02\/Convocazione-CG-25-scaled.jpg\" \/>\n\t<meta property=\"og:image:width\" content=\"2560\" \/>\n\t<meta property=\"og:image:height\" content=\"1707\" \/>\n\t<meta property=\"og:image:type\" content=\"image\/jpeg\" \/>\n<meta name=\"author\" content=\"Redazione\" \/>\n<meta name=\"twitter:card\" content=\"summary_large_image\" \/>\n<meta name=\"twitter:creator\" content=\"@Cgfmanet_Org\" \/>\n<meta name=\"twitter:site\" content=\"@Cgfmanet_Org\" \/>\n<meta name=\"twitter:label1\" content=\"\u00c9crit par\" \/>\n\t<meta name=\"twitter:data1\" content=\"Redazione\" \/>\n\t<meta name=\"twitter:label2\" content=\"Dur\u00e9e de lecture estim\u00e9e\" \/>\n\t<meta name=\"twitter:data2\" content=\"3 minutes\" \/>\n<script type=\"application\/ld+json\" class=\"yoast-schema-graph\">{\"@context\":\"https:\\\/\\\/schema.org\",\"@graph\":[{\"@type\":\"Article\",\"@id\":\"https:\\\/\\\/www.cgfmanet.org\\\/fr\\\/ifma-fr\\\/convocation-du-xxve-chapitre-general-circulaire-n-1056\\\/#article\",\"isPartOf\":{\"@id\":\"https:\\\/\\\/www.cgfmanet.org\\\/fr\\\/ifma-fr\\\/convocation-du-xxve-chapitre-general-circulaire-n-1056\\\/\"},\"author\":{\"name\":\"Redazione\",\"@id\":\"https:\\\/\\\/www.cgfmanet.org\\\/es\\\/#\\\/schema\\\/person\\\/ce6473083f53ef0ef882cca23f0c8fb9\"},\"headline\":\"Convocation du XXVe Chapitre G\u00e9n\u00e9ral &#8211; Circulaire n\u00b0 1056\",\"datePublished\":\"2026-02-27T15:11:03+00:00\",\"dateModified\":\"2026-03-17T17:15:22+00:00\",\"mainEntityOfPage\":{\"@id\":\"https:\\\/\\\/www.cgfmanet.org\\\/fr\\\/ifma-fr\\\/convocation-du-xxve-chapitre-general-circulaire-n-1056\\\/\"},\"wordCount\":523,\"commentCount\":0,\"publisher\":{\"@id\":\"https:\\\/\\\/www.cgfmanet.org\\\/es\\\/#organization\"},\"image\":{\"@id\":\"https:\\\/\\\/www.cgfmanet.org\\\/fr\\\/ifma-fr\\\/convocation-du-xxve-chapitre-general-circulaire-n-1056\\\/#primaryimage\"},\"thumbnailUrl\":\"https:\\\/\\\/www.cgfmanet.org\\\/wp-content\\\/uploads\\\/2026\\\/02\\\/Convocazione-CG-25-scaled.jpg\",\"keywords\":[\"M\u00e8re G\u00e9n\u00e9rale\",\"Focus\",\"Chapitre G\u00e9n\u00e9ral\",\"IFMA\",\"Madre Chiara Cazzuola\"],\"articleSection\":[\"Chapitres G\u00e9n\u00e9raux\",\"IFMA\"],\"inLanguage\":\"fr-FR\",\"potentialAction\":[{\"@type\":\"CommentAction\",\"name\":\"Comment\",\"target\":[\"https:\\\/\\\/www.cgfmanet.org\\\/fr\\\/ifma-fr\\\/convocation-du-xxve-chapitre-general-circulaire-n-1056\\\/#respond\"]}]},{\"@type\":\"WebPage\",\"@id\":\"https:\\\/\\\/www.cgfmanet.org\\\/fr\\\/ifma-fr\\\/convocation-du-xxve-chapitre-general-circulaire-n-1056\\\/\",\"url\":\"https:\\\/\\\/www.cgfmanet.org\\\/fr\\\/ifma-fr\\\/convocation-du-xxve-chapitre-general-circulaire-n-1056\\\/\",\"name\":\"Convocation du XXVe Chapitre G\u00e9n\u00e9ral - Circulaire n\u00b0 1056 &#8226; Istituto Figlie di Maria Ausiliatrice\",\"isPartOf\":{\"@id\":\"https:\\\/\\\/www.cgfmanet.org\\\/es\\\/#website\"},\"primaryImageOfPage\":{\"@id\":\"https:\\\/\\\/www.cgfmanet.org\\\/fr\\\/ifma-fr\\\/convocation-du-xxve-chapitre-general-circulaire-n-1056\\\/#primaryimage\"},\"image\":{\"@id\":\"https:\\\/\\\/www.cgfmanet.org\\\/fr\\\/ifma-fr\\\/convocation-du-xxve-chapitre-general-circulaire-n-1056\\\/#primaryimage\"},\"thumbnailUrl\":\"https:\\\/\\\/www.cgfmanet.org\\\/wp-content\\\/uploads\\\/2026\\\/02\\\/Convocazione-CG-25-scaled.jpg\",\"datePublished\":\"2026-02-27T15:11:03+00:00\",\"dateModified\":\"2026-03-17T17:15:22+00:00\",\"description\":\"La circulaire de convocation du XXVe Chapitre g\u00e9n\u00e9ral de l'Institut des Filles de Marie Auxiliatrice est rendue publique.\",\"breadcrumb\":{\"@id\":\"https:\\\/\\\/www.cgfmanet.org\\\/fr\\\/ifma-fr\\\/convocation-du-xxve-chapitre-general-circulaire-n-1056\\\/#breadcrumb\"},\"inLanguage\":\"fr-FR\",\"potentialAction\":[{\"@type\":\"ReadAction\",\"target\":[\"https:\\\/\\\/www.cgfmanet.org\\\/fr\\\/ifma-fr\\\/convocation-du-xxve-chapitre-general-circulaire-n-1056\\\/\"]}]},{\"@type\":\"ImageObject\",\"inLanguage\":\"fr-FR\",\"@id\":\"https:\\\/\\\/www.cgfmanet.org\\\/fr\\\/ifma-fr\\\/convocation-du-xxve-chapitre-general-circulaire-n-1056\\\/#primaryimage\",\"url\":\"https:\\\/\\\/www.cgfmanet.org\\\/wp-content\\\/uploads\\\/2026\\\/02\\\/Convocazione-CG-25-scaled.jpg\",\"contentUrl\":\"https:\\\/\\\/www.cgfmanet.org\\\/wp-content\\\/uploads\\\/2026\\\/02\\\/Convocazione-CG-25-scaled.jpg\",\"width\":2560,\"height\":1707},{\"@type\":\"BreadcrumbList\",\"@id\":\"https:\\\/\\\/www.cgfmanet.org\\\/fr\\\/ifma-fr\\\/convocation-du-xxve-chapitre-general-circulaire-n-1056\\\/#breadcrumb\",\"itemListElement\":[{\"@type\":\"ListItem\",\"position\":1,\"name\":\"Home\",\"item\":\"https:\\\/\\\/www.cgfmanet.org\\\/fr\\\/\"},{\"@type\":\"ListItem\",\"position\":2,\"name\":\"Convocation du XXVe Chapitre G\u00e9n\u00e9ral &#8211; Circulaire n\u00b0 1056\"}]},{\"@type\":\"WebSite\",\"@id\":\"https:\\\/\\\/www.cgfmanet.org\\\/es\\\/#website\",\"url\":\"https:\\\/\\\/www.cgfmanet.org\\\/es\\\/\",\"name\":\"Istituto Figlie di Maria Ausiliatrice\",\"description\":\"Salesiane di Don Bosco\",\"publisher\":{\"@id\":\"https:\\\/\\\/www.cgfmanet.org\\\/es\\\/#organization\"},\"potentialAction\":[{\"@type\":\"SearchAction\",\"target\":{\"@type\":\"EntryPoint\",\"urlTemplate\":\"https:\\\/\\\/www.cgfmanet.org\\\/es\\\/?s={search_term_string}\"},\"query-input\":{\"@type\":\"PropertyValueSpecification\",\"valueRequired\":true,\"valueName\":\"search_term_string\"}}],\"inLanguage\":\"fr-FR\"},{\"@type\":\"Organization\",\"@id\":\"https:\\\/\\\/www.cgfmanet.org\\\/es\\\/#organization\",\"name\":\"Istituto Figlie di Maria Ausiliatrice\",\"url\":\"https:\\\/\\\/www.cgfmanet.org\\\/es\\\/\",\"logo\":{\"@type\":\"ImageObject\",\"inLanguage\":\"fr-FR\",\"@id\":\"https:\\\/\\\/www.cgfmanet.org\\\/es\\\/#\\\/schema\\\/logo\\\/image\\\/\",\"url\":\"https:\\\/\\\/www.cgfmanet.org\\\/wp-content\\\/uploads\\\/2018\\\/10\\\/logo-fma.png\",\"contentUrl\":\"https:\\\/\\\/www.cgfmanet.org\\\/wp-content\\\/uploads\\\/2018\\\/10\\\/logo-fma.png\",\"width\":214,\"height\":55,\"caption\":\"Istituto Figlie di Maria Ausiliatrice\"},\"image\":{\"@id\":\"https:\\\/\\\/www.cgfmanet.org\\\/es\\\/#\\\/schema\\\/logo\\\/image\\\/\"},\"sameAs\":[\"https:\\\/\\\/www.facebook.com\\\/salesian.sisters.of.don.bosco\\\/\",\"https:\\\/\\\/x.com\\\/Cgfmanet_Org\",\"https:\\\/\\\/www.youtube.com\\\/channel\\\/UCmcr8yFQBV7JXeXVxyV9y5Q\"]},{\"@type\":\"Person\",\"@id\":\"https:\\\/\\\/www.cgfmanet.org\\\/es\\\/#\\\/schema\\\/person\\\/ce6473083f53ef0ef882cca23f0c8fb9\",\"name\":\"Redazione\"}]}<\/script>\n<!-- \/ Yoast SEO plugin. -->","yoast_head_json":{"title":"Convocation du XXVe Chapitre G\u00e9n\u00e9ral - Circulaire n\u00b0 1056 &#8226; Istituto Figlie di Maria Ausiliatrice","description":"La circulaire de convocation du XXVe Chapitre g\u00e9n\u00e9ral de l'Institut des Filles de Marie Auxiliatrice est rendue publique.","robots":{"index":"index","follow":"follow","max-snippet":"max-snippet:-1","max-image-preview":"max-image-preview:large","max-video-preview":"max-video-preview:-1"},"canonical":"https:\/\/www.cgfmanet.org\/fr\/ifma-fr\/convocation-du-xxve-chapitre-general-circulaire-n-1056\/","og_locale":"fr_FR","og_type":"article","og_title":"Convocation du XXVe Chapitre G\u00e9n\u00e9ral - Circulaire n\u00b0 1056 &#8226; Istituto Figlie di Maria Ausiliatrice","og_description":"La circulaire de convocation du XXVe Chapitre g\u00e9n\u00e9ral de l'Institut des Filles de Marie Auxiliatrice est rendue publique.","og_url":"https:\/\/www.cgfmanet.org\/fr\/ifma-fr\/convocation-du-xxve-chapitre-general-circulaire-n-1056\/","og_site_name":"Istituto Figlie di Maria Ausiliatrice","article_publisher":"https:\/\/www.facebook.com\/salesian.sisters.of.don.bosco\/","article_published_time":"2026-02-27T15:11:03+00:00","article_modified_time":"2026-03-17T17:15:22+00:00","og_image":[{"width":2560,"height":1707,"url":"https:\/\/www.cgfmanet.org\/wp-content\/uploads\/2026\/02\/Convocazione-CG-25-scaled.jpg","type":"image\/jpeg"}],"author":"Redazione","twitter_card":"summary_large_image","twitter_creator":"@Cgfmanet_Org","twitter_site":"@Cgfmanet_Org","twitter_misc":{"\u00c9crit par":"Redazione","Dur\u00e9e de lecture estim\u00e9e":"3 minutes"},"schema":{"@context":"https:\/\/schema.org","@graph":[{"@type":"Article","@id":"https:\/\/www.cgfmanet.org\/fr\/ifma-fr\/convocation-du-xxve-chapitre-general-circulaire-n-1056\/#article","isPartOf":{"@id":"https:\/\/www.cgfmanet.org\/fr\/ifma-fr\/convocation-du-xxve-chapitre-general-circulaire-n-1056\/"},"author":{"name":"Redazione","@id":"https:\/\/www.cgfmanet.org\/es\/#\/schema\/person\/ce6473083f53ef0ef882cca23f0c8fb9"},"headline":"Convocation du XXVe Chapitre G\u00e9n\u00e9ral &#8211; Circulaire n\u00b0 1056","datePublished":"2026-02-27T15:11:03+00:00","dateModified":"2026-03-17T17:15:22+00:00","mainEntityOfPage":{"@id":"https:\/\/www.cgfmanet.org\/fr\/ifma-fr\/convocation-du-xxve-chapitre-general-circulaire-n-1056\/"},"wordCount":523,"commentCount":0,"publisher":{"@id":"https:\/\/www.cgfmanet.org\/es\/#organization"},"image":{"@id":"https:\/\/www.cgfmanet.org\/fr\/ifma-fr\/convocation-du-xxve-chapitre-general-circulaire-n-1056\/#primaryimage"},"thumbnailUrl":"https:\/\/www.cgfmanet.org\/wp-content\/uploads\/2026\/02\/Convocazione-CG-25-scaled.jpg","keywords":["M\u00e8re G\u00e9n\u00e9rale","Focus","Chapitre G\u00e9n\u00e9ral","IFMA","Madre Chiara Cazzuola"],"articleSection":["Chapitres G\u00e9n\u00e9raux","IFMA"],"inLanguage":"fr-FR","potentialAction":[{"@type":"CommentAction","name":"Comment","target":["https:\/\/www.cgfmanet.org\/fr\/ifma-fr\/convocation-du-xxve-chapitre-general-circulaire-n-1056\/#respond"]}]},{"@type":"WebPage","@id":"https:\/\/www.cgfmanet.org\/fr\/ifma-fr\/convocation-du-xxve-chapitre-general-circulaire-n-1056\/","url":"https:\/\/www.cgfmanet.org\/fr\/ifma-fr\/convocation-du-xxve-chapitre-general-circulaire-n-1056\/","name":"Convocation du XXVe Chapitre G\u00e9n\u00e9ral - Circulaire n\u00b0 1056 &#8226; Istituto Figlie di Maria Ausiliatrice","isPartOf":{"@id":"https:\/\/www.cgfmanet.org\/es\/#website"},"primaryImageOfPage":{"@id":"https:\/\/www.cgfmanet.org\/fr\/ifma-fr\/convocation-du-xxve-chapitre-general-circulaire-n-1056\/#primaryimage"},"image":{"@id":"https:\/\/www.cgfmanet.org\/fr\/ifma-fr\/convocation-du-xxve-chapitre-general-circulaire-n-1056\/#primaryimage"},"thumbnailUrl":"https:\/\/www.cgfmanet.org\/wp-content\/uploads\/2026\/02\/Convocazione-CG-25-scaled.jpg","datePublished":"2026-02-27T15:11:03+00:00","dateModified":"2026-03-17T17:15:22+00:00","description":"La circulaire de convocation du XXVe Chapitre g\u00e9n\u00e9ral de l'Institut des Filles de Marie Auxiliatrice est rendue publique.","breadcrumb":{"@id":"https:\/\/www.cgfmanet.org\/fr\/ifma-fr\/convocation-du-xxve-chapitre-general-circulaire-n-1056\/#breadcrumb"},"inLanguage":"fr-FR","potentialAction":[{"@type":"ReadAction","target":["https:\/\/www.cgfmanet.org\/fr\/ifma-fr\/convocation-du-xxve-chapitre-general-circulaire-n-1056\/"]}]},{"@type":"ImageObject","inLanguage":"fr-FR","@id":"https:\/\/www.cgfmanet.org\/fr\/ifma-fr\/convocation-du-xxve-chapitre-general-circulaire-n-1056\/#primaryimage","url":"https:\/\/www.cgfmanet.org\/wp-content\/uploads\/2026\/02\/Convocazione-CG-25-scaled.jpg","contentUrl":"https:\/\/www.cgfmanet.org\/wp-content\/uploads\/2026\/02\/Convocazione-CG-25-scaled.jpg","width":2560,"height":1707},{"@type":"BreadcrumbList","@id":"https:\/\/www.cgfmanet.org\/fr\/ifma-fr\/convocation-du-xxve-chapitre-general-circulaire-n-1056\/#breadcrumb","itemListElement":[{"@type":"ListItem","position":1,"name":"Home","item":"https:\/\/www.cgfmanet.org\/fr\/"},{"@type":"ListItem","position":2,"name":"Convocation du XXVe Chapitre G\u00e9n\u00e9ral &#8211; Circulaire n\u00b0 1056"}]},{"@type":"WebSite","@id":"https:\/\/www.cgfmanet.org\/es\/#website","url":"https:\/\/www.cgfmanet.org\/es\/","name":"Istituto Figlie di Maria Ausiliatrice","description":"Salesiane di Don Bosco","publisher":{"@id":"https:\/\/www.cgfmanet.org\/es\/#organization"},"potentialAction":[{"@type":"SearchAction","target":{"@type":"EntryPoint","urlTemplate":"https:\/\/www.cgfmanet.org\/es\/?s={search_term_string}"},"query-input":{"@type":"PropertyValueSpecification","valueRequired":true,"valueName":"search_term_string"}}],"inLanguage":"fr-FR"},{"@type":"Organization","@id":"https:\/\/www.cgfmanet.org\/es\/#organization","name":"Istituto Figlie di Maria Ausiliatrice","url":"https:\/\/www.cgfmanet.org\/es\/","logo":{"@type":"ImageObject","inLanguage":"fr-FR","@id":"https:\/\/www.cgfmanet.org\/es\/#\/schema\/logo\/image\/","url":"https:\/\/www.cgfmanet.org\/wp-content\/uploads\/2018\/10\/logo-fma.png","contentUrl":"https:\/\/www.cgfmanet.org\/wp-content\/uploads\/2018\/10\/logo-fma.png","width":214,"height":55,"caption":"Istituto Figlie di Maria Ausiliatrice"},"image":{"@id":"https:\/\/www.cgfmanet.org\/es\/#\/schema\/logo\/image\/"},"sameAs":["https:\/\/www.facebook.com\/salesian.sisters.of.don.bosco\/","https:\/\/x.com\/Cgfmanet_Org","https:\/\/www.youtube.com\/channel\/UCmcr8yFQBV7JXeXVxyV9y5Q"]},{"@type":"Person","@id":"https:\/\/www.cgfmanet.org\/es\/#\/schema\/person\/ce6473083f53ef0ef882cca23f0c8fb9","name":"Redazione"}]}},"_links":{"self":[{"href":"https:\/\/www.cgfmanet.org\/fr\/wp-json\/wp\/v2\/posts\/154233","targetHints":{"allow":["GET"]}}],"collection":[{"href":"https:\/\/www.cgfmanet.org\/fr\/wp-json\/wp\/v2\/posts"}],"about":[{"href":"https:\/\/www.cgfmanet.org\/fr\/wp-json\/wp\/v2\/types\/post"}],"author":[{"embeddable":true,"href":"https:\/\/www.cgfmanet.org\/fr\/wp-json\/wp\/v2\/users\/21"}],"replies":[{"embeddable":true,"href":"https:\/\/www.cgfmanet.org\/fr\/wp-json\/wp\/v2\/comments?post=154233"}],"version-history":[{"count":4,"href":"https:\/\/www.cgfmanet.org\/fr\/wp-json\/wp\/v2\/posts\/154233\/revisions"}],"predecessor-version":[{"id":154972,"href":"https:\/\/www.cgfmanet.org\/fr\/wp-json\/wp\/v2\/posts\/154233\/revisions\/154972"}],"wp:featuredmedia":[{"embeddable":true,"href":"https:\/\/www.cgfmanet.org\/fr\/wp-json\/wp\/v2\/media\/154228"}],"wp:attachment":[{"href":"https:\/\/www.cgfmanet.org\/fr\/wp-json\/wp\/v2\/media?parent=154233"}],"wp:term":[{"taxonomy":"category","embeddable":true,"href":"https:\/\/www.cgfmanet.org\/fr\/wp-json\/wp\/v2\/categories?post=154233"},{"taxonomy":"post_tag","embeddable":true,"href":"https:\/\/www.cgfmanet.org\/fr\/wp-json\/wp\/v2\/tags?post=154233"}],"curies":[{"name":"wp","href":"https:\/\/api.w.org\/{rel}","templated":true}]}}