{"id":154207,"date":"2026-02-23T18:34:39","date_gmt":"2026-02-23T17:34:39","guid":{"rendered":"https:\/\/www.cgfmanet.org\/info-sphere\/la-forza-profetica-della-rete\/"},"modified":"2026-02-28T21:48:18","modified_gmt":"2026-02-28T20:48:18","slug":"la-force-prophetique-du-reseau","status":"publish","type":"post","link":"https:\/\/www.cgfmanet.org\/fr\/ifma-fr\/education-fr\/la-force-prophetique-du-reseau\/","title":{"rendered":"La force proph\u00e9tique du R\u00e9seau"},"content":{"rendered":"<p><strong>Santa Marta (Colombie).<\/strong> Du 20 au 22 f\u00e9vrier 2026, les repr\u00e9sentants du noyau d\u2019animation du r\u00e9seau des Ecoles Normales Sal\u00e9siennes de Colombie, membres du r\u00e9seau ISS FMA se sont r\u00e9unis \u00e0 Santa Marta, \u00e0 la Maison <em>Marie Auxiliatrice<\/em> de la Province <em>Marie Auxiliatrice<\/em> (CMA).<\/p>\n<p>La rencontre a r\u00e9uni 16 enseignants et \u00e9tudiantes des 8 Ecoles Normales de Colombie, selon les objectifs suivants\u00a0:<\/p>\n<ul>\n<li>Renforcer les connaissances, l\u2019interaction et les liens familiaux entre les membres du noyau d\u2019animation du r\u00e9seau des Ecoles Normales Sal\u00e9siennes de Colombie.<\/li>\n<li>Reconna\u00eetre le potentiel du r\u00e9seau en ce moment historique et la contribution que chaque Ecole peut y apporter, renfor\u00e7ant ses capacit\u00e9s institutionnelles gr\u00e2ce \u00e0 la force du Charisme sal\u00e9sien.<\/li>\n<li>Elaborer le plan d\u2019action du r\u00e9seau pour les ann\u00e9es \u00e0 venir, les travaux seront socialis\u00e9s lors de la <a href=\"https:\/\/www.cgfmanet.org\/fr\/ifma-fr\/verso-il-iv-incontro-mondiale-iss-fma\/\" target=\"_blank\" rel=\"noopener\"><strong><span style=\"color: #0000ff;\">IVe rencontre mondiale ISS FMA<\/span><\/strong><\/a> qui aura lieu \u00e0 Manille du 9 au 13 mars 2026.<\/li>\n<\/ul>\n<p>Le premier r\u00e9seau est affectif, car les liens de la collaboration acad\u00e9mique se tissent \u00e0 partir de la relation interpersonnelle. Pour cette raison, la rencontre a commenc\u00e9 par permettre aux participantes de faire connaissance et d\u2019avoir des \u00e9changes. Il y a \u00e9galement eu l\u2019occasion de reconna\u00eetre les traces de sal\u00e9sianit\u00e9 dans la vie de chacune et dans celle des Institutions que nous animons, formant ainsi une ligne chronologique qui \u00e9veille le sentiment de gratitude pour le don re\u00e7u d\u2019un Charisme expert dans l\u2019art d\u2019\u00e9duquer et de former des \u00e9ducateurs.<\/p>\n<p>La premi\u00e8re journ\u00e9e s\u2019est termin\u00e9e par une pri\u00e8re de la Laudato S\u00ec, o\u00f9 la contemplation du coucher de soleil au bord de la mer a inspir\u00e9 la peinture de paysages en accord avec une mani\u00e8re typiquement sal\u00e9sienne d\u2019\u00e9duquer par la p\u00e9dagogie de l\u2019art.<\/p>\n<p>Le d\u00e9but de la deuxi\u00e8me journ\u00e9e a \u00e9t\u00e9 \u00e9gay\u00e9e par la pr\u00e9sence des jeunes de l\u2019Ecole Normale h\u00f4te qui, \u00e0 travers le langage m\u00e9taphorique du p\u00eacheur et des filets, ont exprim\u00e9 l\u2019identit\u00e9 du territoire tissant au rythme de la musique et de la danse la trame qui constitue le contexte colombien et l\u2019identit\u00e9 commune que le r\u00e9seau des Ecoles Normales Sal\u00e9siennes a forg\u00e9 dans les institutions membres, \u00e0 partir de l\u2019exp\u00e9rience de la fraternit\u00e9 et de la synergie p\u00e9dagogique et \u00e9ducative.<\/p>\n<p>L\u2019\u00e9tude approfondie de la Lettre Apostolique du Pape L\u00e9on XIV \u2018\u2019Dessiner de nouvelles cartes de l\u2019espoir\u2019\u2019, abord\u00e9e \u00e0 partir d\u2019une m\u00e9thodologie inspir\u00e9e \u00e0 l\u2019Etrenne 2026 du Recteur Majeur \u2013 regarder, \u00e9couter, choisir et agir \u2013 a en revanche offert des parcours afin de r\u00eaver de l\u2019avenir et tracer le nouveau plan d\u2019action du R\u00e9seau. Aux sept chemins propos\u00e9es par le Pape Fran\u00e7ois dans le Pace Educatif Global, ce sont ajout\u00e9es les trois priorit\u00e9s propos\u00e9es par le Pape L\u00e9on.<\/p>\n<p>Evaluer le chemin parcouru a rempli de joie le c\u0153ur des participantes. A travers le S\u00e9minaire sur le Syst\u00e8me Pr\u00e9ventif \u2013 qui cette ann\u00e9e atteindra sa sixi\u00e8me \u00e9dition \u2013 les stages r\u00e9alis\u00e9s entre institutions, le texte qu\u2019elles ont \u00e9crit ensemble sur ce th\u00e8me, la recherche sur l\u2019\u00e9cologie int\u00e9grale qu\u2019elles m\u00e8nent de mani\u00e8re interinstitutionnelle, les Institutions ont l\u2019occasion de s\u2019exp\u00e9rimenter comme une grande Famille Sal\u00e9sienne en Colombie et dans le monde.<\/p>\n<p>Au cours de la rencontre, un pas en avant \u00e0 \u00e9galement \u00e9t\u00e9 franchi, en approuvant les statuts qui ont conduit \u00e0 la constitution juridique du r\u00e9seau. Ainsi, de nouvelles possibilit\u00e9s de collaboration et d\u2019action commune s\u2019ouvrent, de sorte que la formation de nouvelles enseignantes sal\u00e9siennes en Colombie soit le fruit d\u2019une exp\u00e9rience de collaboration, de synergie et de synodalit\u00e9 qui t\u00e9moigne de la force proph\u00e9tique du Charism.<\/p>\n\r\n                <style type=\"text\/css\">\r\n                    \r\n                    #tdi_1  .td-doubleSlider-2 .td-item1 {\r\n                        background: url(https:\/\/www.cgfmanet.org\/wp-content\/uploads\/2026\/02\/Incontro-ISS-Colombia_1-80x60.jpg) 0 0 no-repeat;\r\n                    }\r\n                    #tdi_1  .td-doubleSlider-2 .td-item2 {\r\n                        background: url(https:\/\/www.cgfmanet.org\/wp-content\/uploads\/2026\/02\/Incontro-ISS-Colombia_4-80x60.jpg) 0 0 no-repeat;\r\n                    }\r\n                    #tdi_1  .td-doubleSlider-2 .td-item3 {\r\n                        background: url(https:\/\/www.cgfmanet.org\/wp-content\/uploads\/2026\/02\/Incontro-ISS-Colombia_5-80x60.jpg) 0 0 no-repeat;\r\n                    }\r\n                    #tdi_1  .td-doubleSlider-2 .td-item4 {\r\n                        background: url(https:\/\/www.cgfmanet.org\/wp-content\/uploads\/2026\/02\/Incontro-ISS-Colombia_3-80x60.jpg) 0 0 no-repeat;\r\n                    }\r\n                    #tdi_1  .td-doubleSlider-2 .td-item5 {\r\n                        background: url(https:\/\/www.cgfmanet.org\/wp-content\/uploads\/2026\/02\/Incontro-ISS-Colombia_2-80x60.jpg) 0 0 no-repeat;\r\n                    }\r\n                    #tdi_1  .td-doubleSlider-2 .td-item6 {\r\n                        background: url(https:\/\/www.cgfmanet.org\/wp-content\/uploads\/2026\/02\/Incontro-ISS-Colombia_7-80x60.jpg) 0 0 no-repeat;\r\n                    }\r\n                    #tdi_1  .td-doubleSlider-2 .td-item7 {\r\n                        background: url(https:\/\/www.cgfmanet.org\/wp-content\/uploads\/2026\/02\/Incontro-ISS-Colombia_6-80x60.jpg) 0 0 no-repeat;\r\n                    }\r\n                <\/style>\r\n\r\n                <div id=\"tdi_1\" class=\"td-gallery td-slide-on-2-columns\">\r\n                    <div class=\"post_td_gallery\">\r\n                        <div class=\"td-gallery-slide-top\">\r\n                           <div class=\"td-gallery-title\"><\/div>\r\n\r\n                            <div class=\"td-gallery-controls-wrapper\">\r\n                                <div class=\"td-gallery-slide-count\"><span class=\"td-gallery-slide-item-focus\">1<\/span> de 7<\/div>\r\n                                <div class=\"td-gallery-slide-prev-next-but\">\r\n                                    <i class = \"td-icon-left doubleSliderPrevButton\"><\/i>\r\n                                    <i class = \"td-icon-right doubleSliderNextButton\"><\/i>\r\n                                <\/div>\r\n                            <\/div>\r\n                        <\/div>\r\n\r\n                        <div class = \"td-doubleSlider-1 \">\r\n                            <div class = \"td-slider\">\r\n                                \r\n                    <div class = \"td-slide-item td-item1\">\r\n                        <figure class=\"td-slide-galery-figure td-slide-popup-gallery\">\r\n                            <a class=\"slide-gallery-image-link\" href=\"https:\/\/www.cgfmanet.org\/wp-content\/uploads\/2026\/02\/Incontro-ISS-Colombia_1.jpg\" title=\"Incontro ISS Colombia_1\"  data-caption=\"\"  data-description=\"\">\r\n                                <img decoding=\"async\" data-src=\"https:\/\/www.cgfmanet.org\/wp-content\/uploads\/2026\/02\/Incontro-ISS-Colombia_1-747x420.jpg\" data-srcset=\"https:\/\/www.cgfmanet.org\/wp-content\/uploads\/2026\/02\/Incontro-ISS-Colombia_1-747x420.jpg 747w, https:\/\/www.cgfmanet.org\/wp-content\/uploads\/2026\/02\/Incontro-ISS-Colombia_1-768x432.jpg 768w, https:\/\/www.cgfmanet.org\/wp-content\/uploads\/2026\/02\/Incontro-ISS-Colombia_1-1536x864.jpg 1536w, https:\/\/www.cgfmanet.org\/wp-content\/uploads\/2026\/02\/Incontro-ISS-Colombia_1-696x392.jpg 696w, https:\/\/www.cgfmanet.org\/wp-content\/uploads\/2026\/02\/Incontro-ISS-Colombia_1.jpg 1600w\" data-sizes=\"auto\" alt=\"\" src=\"data:image\/svg+xml;base64,PHN2ZyB3aWR0aD0iMSIgaGVpZ2h0PSIxIiB4bWxucz0iaHR0cDovL3d3dy53My5vcmcvMjAwMC9zdmciPjwvc3ZnPg==\" class=\"lazyload\" style=\"--smush-placeholder-width: 747px; --smush-placeholder-aspect-ratio: 747\/420;\" data-original-sizes=\"(max-width: 747px) 100vw, 747px\">\r\n                            <\/a>\r\n                            \r\n                        <\/figure>\r\n                    <\/div>\r\n                    <div class = \"td-slide-item td-item2\">\r\n                        <figure class=\"td-slide-galery-figure td-slide-popup-gallery\">\r\n                            <a class=\"slide-gallery-image-link\" href=\"https:\/\/www.cgfmanet.org\/wp-content\/uploads\/2026\/02\/Incontro-ISS-Colombia_4.jpg\" title=\"Incontro ISS Colombia_4\"  data-caption=\"\"  data-description=\"\">\r\n                                <img decoding=\"async\" data-src=\"https:\/\/www.cgfmanet.org\/wp-content\/uploads\/2026\/02\/Incontro-ISS-Colombia_4-726x420.jpg\" data-srcset=\"https:\/\/www.cgfmanet.org\/wp-content\/uploads\/2026\/02\/Incontro-ISS-Colombia_4-726x420.jpg 726w, https:\/\/www.cgfmanet.org\/wp-content\/uploads\/2026\/02\/Incontro-ISS-Colombia_4-768x444.jpg 768w, https:\/\/www.cgfmanet.org\/wp-content\/uploads\/2026\/02\/Incontro-ISS-Colombia_4-1536x888.jpg 1536w, https:\/\/www.cgfmanet.org\/wp-content\/uploads\/2026\/02\/Incontro-ISS-Colombia_4-696x403.jpg 696w, https:\/\/www.cgfmanet.org\/wp-content\/uploads\/2026\/02\/Incontro-ISS-Colombia_4.jpg 1556w\" data-sizes=\"auto\" alt=\"\" src=\"data:image\/svg+xml;base64,PHN2ZyB3aWR0aD0iMSIgaGVpZ2h0PSIxIiB4bWxucz0iaHR0cDovL3d3dy53My5vcmcvMjAwMC9zdmciPjwvc3ZnPg==\" class=\"lazyload\" style=\"--smush-placeholder-width: 726px; --smush-placeholder-aspect-ratio: 726\/420;\" data-original-sizes=\"(max-width: 726px) 100vw, 726px\">\r\n                            <\/a>\r\n                            \r\n                        <\/figure>\r\n                    <\/div>\r\n                    <div class = \"td-slide-item td-item3\">\r\n                        <figure class=\"td-slide-galery-figure td-slide-popup-gallery\">\r\n                            <a class=\"slide-gallery-image-link\" href=\"https:\/\/www.cgfmanet.org\/wp-content\/uploads\/2026\/02\/Incontro-ISS-Colombia_5.jpg\" title=\"Incontro ISS Colombia_5\"  data-caption=\"\"  data-description=\"\">\r\n                                <img decoding=\"async\" data-src=\"https:\/\/www.cgfmanet.org\/wp-content\/uploads\/2026\/02\/Incontro-ISS-Colombia_5-747x420.jpg\" data-srcset=\"https:\/\/www.cgfmanet.org\/wp-content\/uploads\/2026\/02\/Incontro-ISS-Colombia_5-747x420.jpg 747w, https:\/\/www.cgfmanet.org\/wp-content\/uploads\/2026\/02\/Incontro-ISS-Colombia_5-768x432.jpg 768w, https:\/\/www.cgfmanet.org\/wp-content\/uploads\/2026\/02\/Incontro-ISS-Colombia_5-1536x864.jpg 1536w, https:\/\/www.cgfmanet.org\/wp-content\/uploads\/2026\/02\/Incontro-ISS-Colombia_5-696x392.jpg 696w, https:\/\/www.cgfmanet.org\/wp-content\/uploads\/2026\/02\/Incontro-ISS-Colombia_5.jpg 1600w\" data-sizes=\"auto\" alt=\"\" src=\"data:image\/svg+xml;base64,PHN2ZyB3aWR0aD0iMSIgaGVpZ2h0PSIxIiB4bWxucz0iaHR0cDovL3d3dy53My5vcmcvMjAwMC9zdmciPjwvc3ZnPg==\" class=\"lazyload\" style=\"--smush-placeholder-width: 747px; --smush-placeholder-aspect-ratio: 747\/420;\" data-original-sizes=\"(max-width: 747px) 100vw, 747px\">\r\n                            <\/a>\r\n                            \r\n                        <\/figure>\r\n                    <\/div>\r\n                    <div class = \"td-slide-item td-item4\">\r\n                        <figure class=\"td-slide-galery-figure td-slide-popup-gallery\">\r\n                            <a class=\"slide-gallery-image-link\" href=\"https:\/\/www.cgfmanet.org\/wp-content\/uploads\/2026\/02\/Incontro-ISS-Colombia_3.jpg\" title=\"Incontro ISS Colombia_3\"  data-caption=\"\"  data-description=\"\">\r\n                                <img decoding=\"async\" data-src=\"https:\/\/www.cgfmanet.org\/wp-content\/uploads\/2026\/02\/Incontro-ISS-Colombia_3-630x420.jpg\" data-srcset=\"https:\/\/www.cgfmanet.org\/wp-content\/uploads\/2026\/02\/Incontro-ISS-Colombia_3-630x420.jpg 630w, https:\/\/www.cgfmanet.org\/wp-content\/uploads\/2026\/02\/Incontro-ISS-Colombia_3-768x512.jpg 768w, https:\/\/www.cgfmanet.org\/wp-content\/uploads\/2026\/02\/Incontro-ISS-Colombia_3-696x464.jpg 696w, https:\/\/www.cgfmanet.org\/wp-content\/uploads\/2026\/02\/Incontro-ISS-Colombia_3.jpg 1417w\" data-sizes=\"auto\" alt=\"\" src=\"data:image\/svg+xml;base64,PHN2ZyB3aWR0aD0iMSIgaGVpZ2h0PSIxIiB4bWxucz0iaHR0cDovL3d3dy53My5vcmcvMjAwMC9zdmciPjwvc3ZnPg==\" class=\"lazyload\" style=\"--smush-placeholder-width: 630px; --smush-placeholder-aspect-ratio: 630\/420;\" data-original-sizes=\"(max-width: 630px) 100vw, 630px\">\r\n                            <\/a>\r\n                            \r\n                        <\/figure>\r\n                    <\/div>\r\n                    <div class = \"td-slide-item td-item5\">\r\n                        <figure class=\"td-slide-galery-figure td-slide-popup-gallery\">\r\n                            <a class=\"slide-gallery-image-link\" href=\"https:\/\/www.cgfmanet.org\/wp-content\/uploads\/2026\/02\/Incontro-ISS-Colombia_2.jpg\" title=\"Incontro ISS Colombia_2\"  data-caption=\"\"  data-description=\"\">\r\n                                <img decoding=\"async\" data-src=\"https:\/\/www.cgfmanet.org\/wp-content\/uploads\/2026\/02\/Incontro-ISS-Colombia_2-630x420.jpg\" data-srcset=\"https:\/\/www.cgfmanet.org\/wp-content\/uploads\/2026\/02\/Incontro-ISS-Colombia_2-630x420.jpg 630w, https:\/\/www.cgfmanet.org\/wp-content\/uploads\/2026\/02\/Incontro-ISS-Colombia_2-768x512.jpg 768w, https:\/\/www.cgfmanet.org\/wp-content\/uploads\/2026\/02\/Incontro-ISS-Colombia_2-696x464.jpg 696w, https:\/\/www.cgfmanet.org\/wp-content\/uploads\/2026\/02\/Incontro-ISS-Colombia_2.jpg 1350w\" data-sizes=\"auto\" alt=\"\" src=\"data:image\/svg+xml;base64,PHN2ZyB3aWR0aD0iMSIgaGVpZ2h0PSIxIiB4bWxucz0iaHR0cDovL3d3dy53My5vcmcvMjAwMC9zdmciPjwvc3ZnPg==\" class=\"lazyload\" style=\"--smush-placeholder-width: 630px; --smush-placeholder-aspect-ratio: 630\/420;\" data-original-sizes=\"(max-width: 630px) 100vw, 630px\">\r\n                            <\/a>\r\n                            \r\n                        <\/figure>\r\n                    <\/div>\r\n                    <div class = \"td-slide-item td-item6\">\r\n                        <figure class=\"td-slide-galery-figure td-slide-popup-gallery\">\r\n                            <a class=\"slide-gallery-image-link\" href=\"https:\/\/www.cgfmanet.org\/wp-content\/uploads\/2026\/02\/Incontro-ISS-Colombia_7.jpg\" title=\"Incontro ISS Colombia_7\"  data-caption=\"\"  data-description=\"\">\r\n                                <img decoding=\"async\" data-src=\"https:\/\/www.cgfmanet.org\/wp-content\/uploads\/2026\/02\/Incontro-ISS-Colombia_7-630x420.jpg\" data-srcset=\"https:\/\/www.cgfmanet.org\/wp-content\/uploads\/2026\/02\/Incontro-ISS-Colombia_7-630x420.jpg 630w, https:\/\/www.cgfmanet.org\/wp-content\/uploads\/2026\/02\/Incontro-ISS-Colombia_7-768x512.jpg 768w, https:\/\/www.cgfmanet.org\/wp-content\/uploads\/2026\/02\/Incontro-ISS-Colombia_7-696x464.jpg 696w, https:\/\/www.cgfmanet.org\/wp-content\/uploads\/2026\/02\/Incontro-ISS-Colombia_7.jpg 1181w\" data-sizes=\"auto\" alt=\"\" src=\"data:image\/svg+xml;base64,PHN2ZyB3aWR0aD0iMSIgaGVpZ2h0PSIxIiB4bWxucz0iaHR0cDovL3d3dy53My5vcmcvMjAwMC9zdmciPjwvc3ZnPg==\" class=\"lazyload\" style=\"--smush-placeholder-width: 630px; --smush-placeholder-aspect-ratio: 630\/420;\" data-original-sizes=\"(max-width: 630px) 100vw, 630px\">\r\n                            <\/a>\r\n                            \r\n                        <\/figure>\r\n                    <\/div>\r\n                    <div class = \"td-slide-item td-item7\">\r\n                        <figure class=\"td-slide-galery-figure td-slide-popup-gallery\">\r\n                            <a class=\"slide-gallery-image-link\" href=\"https:\/\/www.cgfmanet.org\/wp-content\/uploads\/2026\/02\/Incontro-ISS-Colombia_6.jpg\" title=\"Incontro ISS Colombia_6\"  data-caption=\"\"  data-description=\"\">\r\n                                <img decoding=\"async\" data-src=\"https:\/\/www.cgfmanet.org\/wp-content\/uploads\/2026\/02\/Incontro-ISS-Colombia_6-734x420.jpg\" data-srcset=\"https:\/\/www.cgfmanet.org\/wp-content\/uploads\/2026\/02\/Incontro-ISS-Colombia_6-734x420.jpg 734w, https:\/\/www.cgfmanet.org\/wp-content\/uploads\/2026\/02\/Incontro-ISS-Colombia_6-768x440.jpg 768w, https:\/\/www.cgfmanet.org\/wp-content\/uploads\/2026\/02\/Incontro-ISS-Colombia_6-1536x879.jpg 1536w, https:\/\/www.cgfmanet.org\/wp-content\/uploads\/2026\/02\/Incontro-ISS-Colombia_6-696x398.jpg 696w, https:\/\/www.cgfmanet.org\/wp-content\/uploads\/2026\/02\/Incontro-ISS-Colombia_6.jpg 1572w\" data-sizes=\"auto\" alt=\"\" src=\"data:image\/svg+xml;base64,PHN2ZyB3aWR0aD0iMSIgaGVpZ2h0PSIxIiB4bWxucz0iaHR0cDovL3d3dy53My5vcmcvMjAwMC9zdmciPjwvc3ZnPg==\" class=\"lazyload\" style=\"--smush-placeholder-width: 734px; --smush-placeholder-aspect-ratio: 734\/420;\" data-original-sizes=\"(max-width: 734px) 100vw, 734px\">\r\n                            <\/a>\r\n                            \r\n                        <\/figure>\r\n                    <\/div>\r\n                            <\/div>\r\n                        <\/div>\r\n\r\n                        <div class = \"td-doubleSlider-2\">\r\n                            <div class = \"td-slider\">\r\n                                \r\n                    <div class = \"td-button td-item1\">\r\n                        <div class = \"td-border\"><\/div>\r\n                    <\/div>\r\n                    <div class = \"td-button td-item2\">\r\n                        <div class = \"td-border\"><\/div>\r\n                    <\/div>\r\n                    <div class = \"td-button td-item3\">\r\n                        <div class = \"td-border\"><\/div>\r\n                    <\/div>\r\n                    <div class = \"td-button td-item4\">\r\n                        <div class = \"td-border\"><\/div>\r\n                    <\/div>\r\n                    <div class = \"td-button td-item5\">\r\n                        <div class = \"td-border\"><\/div>\r\n                    <\/div>\r\n                    <div class = \"td-button td-item6\">\r\n                        <div class = \"td-border\"><\/div>\r\n                    <\/div>\r\n                    <div class = \"td-button td-item7\">\r\n                        <div class = \"td-border\"><\/div>\r\n                    <\/div>\r\n                            <\/div>\r\n                        <\/div>\r\n\r\n                    <\/div>\r\n\r\n                <\/div>\r\n                \n","protected":false},"excerpt":{"rendered":"<p>Santa Marta (Colombie). Du 20 au 22 f\u00e9vrier 2026, les repr\u00e9sentants du noyau d\u2019animation du r\u00e9seau des Ecoles Normales Sal\u00e9siennes de Colombie, membres du r\u00e9seau ISS FMA se sont r\u00e9unis [&hellip;]<\/p>\n","protected":false},"author":21,"featured_media":154171,"comment_status":"open","ping_status":"closed","sticky":false,"template":"","format":"standard","meta":{"footnotes":""},"categories":[156,177],"tags":[245,1455,1661,1929,1945,2241],"class_list":["post-154207","post","type-post","status-publish","format-standard","has-post-thumbnail","category-ifma-fr","category-education-fr","tag-colombie","tag-ecole","tag-carisma-salesiano-fr","tag-focus-fr","tag-systeme-preventif-fr","tag-iss-fma-fr"],"yoast_head":"<!-- This site is optimized with the Yoast SEO plugin v27.4 - https:\/\/yoast.com\/product\/yoast-seo-wordpress\/ -->\n<title>La force proph\u00e9tique du R\u00e9seau &#8226; Istituto Figlie di Maria Ausiliatrice<\/title>\n<meta name=\"description\" content=\"Du 20 au 22 f\u00e9vrier 2026, les repr\u00e9sentants du noyau d\u2019animation du r\u00e9seau des Ecoles Normales Sal\u00e9siennes de Colombie, membres du r\u00e9seau ISS FMA, se sont r\u00e9unis \u00e0 Santa Marta, en Colombie.\" \/>\n<meta name=\"robots\" content=\"index, follow, max-snippet:-1, max-image-preview:large, max-video-preview:-1\" \/>\n<link rel=\"canonical\" href=\"https:\/\/www.cgfmanet.org\/fr\/ifma-fr\/education-fr\/la-force-prophetique-du-reseau\/\" \/>\n<meta property=\"og:locale\" content=\"fr_FR\" \/>\n<meta property=\"og:type\" content=\"article\" \/>\n<meta property=\"og:title\" content=\"La force proph\u00e9tique du R\u00e9seau &#8226; Istituto Figlie di Maria Ausiliatrice\" \/>\n<meta property=\"og:description\" content=\"Du 20 au 22 f\u00e9vrier 2026, les repr\u00e9sentants du noyau d\u2019animation du r\u00e9seau des Ecoles Normales Sal\u00e9siennes de Colombie, membres du r\u00e9seau ISS FMA, se sont r\u00e9unis \u00e0 Santa Marta, en Colombie.\" \/>\n<meta property=\"og:url\" content=\"https:\/\/www.cgfmanet.org\/fr\/ifma-fr\/education-fr\/la-force-prophetique-du-reseau\/\" \/>\n<meta property=\"og:site_name\" content=\"Istituto Figlie di Maria Ausiliatrice\" \/>\n<meta property=\"article:publisher\" content=\"https:\/\/www.facebook.com\/salesian.sisters.of.don.bosco\/\" \/>\n<meta property=\"article:published_time\" content=\"2026-02-23T17:34:39+00:00\" \/>\n<meta property=\"article:modified_time\" content=\"2026-02-28T20:48:18+00:00\" \/>\n<meta property=\"og:image\" content=\"https:\/\/www.cgfmanet.org\/wp-content\/uploads\/2026\/02\/Incontro-ISS-Colombia.jpg\" \/>\n\t<meta property=\"og:image:width\" content=\"1200\" \/>\n\t<meta property=\"og:image:height\" content=\"800\" \/>\n\t<meta property=\"og:image:type\" content=\"image\/jpeg\" \/>\n<meta name=\"author\" content=\"Redazione\" \/>\n<meta name=\"twitter:card\" content=\"summary_large_image\" \/>\n<meta name=\"twitter:creator\" content=\"@Cgfmanet_Org\" \/>\n<meta name=\"twitter:site\" content=\"@Cgfmanet_Org\" \/>\n<meta name=\"twitter:label1\" content=\"\u00c9crit par\" \/>\n\t<meta name=\"twitter:data1\" content=\"Redazione\" \/>\n\t<meta name=\"twitter:label2\" content=\"Dur\u00e9e de lecture estim\u00e9e\" \/>\n\t<meta name=\"twitter:data2\" content=\"4 minutes\" \/>\n<script type=\"application\/ld+json\" class=\"yoast-schema-graph\">{\"@context\":\"https:\\\/\\\/schema.org\",\"@graph\":[{\"@type\":\"Article\",\"@id\":\"https:\\\/\\\/www.cgfmanet.org\\\/fr\\\/ifma-fr\\\/education-fr\\\/la-force-prophetique-du-reseau\\\/#article\",\"isPartOf\":{\"@id\":\"https:\\\/\\\/www.cgfmanet.org\\\/fr\\\/ifma-fr\\\/education-fr\\\/la-force-prophetique-du-reseau\\\/\"},\"author\":{\"name\":\"Redazione\",\"@id\":\"https:\\\/\\\/www.cgfmanet.org\\\/es\\\/#\\\/schema\\\/person\\\/ce6473083f53ef0ef882cca23f0c8fb9\"},\"headline\":\"La force proph\u00e9tique du R\u00e9seau\",\"datePublished\":\"2026-02-23T17:34:39+00:00\",\"dateModified\":\"2026-02-28T20:48:18+00:00\",\"mainEntityOfPage\":{\"@id\":\"https:\\\/\\\/www.cgfmanet.org\\\/fr\\\/ifma-fr\\\/education-fr\\\/la-force-prophetique-du-reseau\\\/\"},\"wordCount\":671,\"commentCount\":0,\"publisher\":{\"@id\":\"https:\\\/\\\/www.cgfmanet.org\\\/es\\\/#organization\"},\"image\":{\"@id\":\"https:\\\/\\\/www.cgfmanet.org\\\/fr\\\/ifma-fr\\\/education-fr\\\/la-force-prophetique-du-reseau\\\/#primaryimage\"},\"thumbnailUrl\":\"https:\\\/\\\/www.cgfmanet.org\\\/wp-content\\\/uploads\\\/2026\\\/02\\\/Incontro-ISS-Colombia.jpg\",\"keywords\":[\"Colombie\",\"Ecole\",\"Carisma salesiano\",\"Focus\",\"Syst\u00e8me Pr\u00e9ventif\",\"ISS FMA\"],\"articleSection\":[\"IFMA\",\"Education\"],\"inLanguage\":\"fr-FR\",\"potentialAction\":[{\"@type\":\"CommentAction\",\"name\":\"Comment\",\"target\":[\"https:\\\/\\\/www.cgfmanet.org\\\/fr\\\/ifma-fr\\\/education-fr\\\/la-force-prophetique-du-reseau\\\/#respond\"]}]},{\"@type\":\"WebPage\",\"@id\":\"https:\\\/\\\/www.cgfmanet.org\\\/fr\\\/ifma-fr\\\/education-fr\\\/la-force-prophetique-du-reseau\\\/\",\"url\":\"https:\\\/\\\/www.cgfmanet.org\\\/fr\\\/ifma-fr\\\/education-fr\\\/la-force-prophetique-du-reseau\\\/\",\"name\":\"La force proph\u00e9tique du R\u00e9seau &#8226; Istituto Figlie di Maria Ausiliatrice\",\"isPartOf\":{\"@id\":\"https:\\\/\\\/www.cgfmanet.org\\\/es\\\/#website\"},\"primaryImageOfPage\":{\"@id\":\"https:\\\/\\\/www.cgfmanet.org\\\/fr\\\/ifma-fr\\\/education-fr\\\/la-force-prophetique-du-reseau\\\/#primaryimage\"},\"image\":{\"@id\":\"https:\\\/\\\/www.cgfmanet.org\\\/fr\\\/ifma-fr\\\/education-fr\\\/la-force-prophetique-du-reseau\\\/#primaryimage\"},\"thumbnailUrl\":\"https:\\\/\\\/www.cgfmanet.org\\\/wp-content\\\/uploads\\\/2026\\\/02\\\/Incontro-ISS-Colombia.jpg\",\"datePublished\":\"2026-02-23T17:34:39+00:00\",\"dateModified\":\"2026-02-28T20:48:18+00:00\",\"description\":\"Du 20 au 22 f\u00e9vrier 2026, les repr\u00e9sentants du noyau d\u2019animation du r\u00e9seau des Ecoles Normales Sal\u00e9siennes de Colombie, membres du r\u00e9seau ISS FMA, se sont r\u00e9unis \u00e0 Santa Marta, en Colombie.\",\"breadcrumb\":{\"@id\":\"https:\\\/\\\/www.cgfmanet.org\\\/fr\\\/ifma-fr\\\/education-fr\\\/la-force-prophetique-du-reseau\\\/#breadcrumb\"},\"inLanguage\":\"fr-FR\",\"potentialAction\":[{\"@type\":\"ReadAction\",\"target\":[\"https:\\\/\\\/www.cgfmanet.org\\\/fr\\\/ifma-fr\\\/education-fr\\\/la-force-prophetique-du-reseau\\\/\"]}]},{\"@type\":\"ImageObject\",\"inLanguage\":\"fr-FR\",\"@id\":\"https:\\\/\\\/www.cgfmanet.org\\\/fr\\\/ifma-fr\\\/education-fr\\\/la-force-prophetique-du-reseau\\\/#primaryimage\",\"url\":\"https:\\\/\\\/www.cgfmanet.org\\\/wp-content\\\/uploads\\\/2026\\\/02\\\/Incontro-ISS-Colombia.jpg\",\"contentUrl\":\"https:\\\/\\\/www.cgfmanet.org\\\/wp-content\\\/uploads\\\/2026\\\/02\\\/Incontro-ISS-Colombia.jpg\",\"width\":1200,\"height\":800},{\"@type\":\"BreadcrumbList\",\"@id\":\"https:\\\/\\\/www.cgfmanet.org\\\/fr\\\/ifma-fr\\\/education-fr\\\/la-force-prophetique-du-reseau\\\/#breadcrumb\",\"itemListElement\":[{\"@type\":\"ListItem\",\"position\":1,\"name\":\"Home\",\"item\":\"https:\\\/\\\/www.cgfmanet.org\\\/fr\\\/\"},{\"@type\":\"ListItem\",\"position\":2,\"name\":\"La force proph\u00e9tique du R\u00e9seau\"}]},{\"@type\":\"WebSite\",\"@id\":\"https:\\\/\\\/www.cgfmanet.org\\\/es\\\/#website\",\"url\":\"https:\\\/\\\/www.cgfmanet.org\\\/es\\\/\",\"name\":\"Istituto Figlie di Maria Ausiliatrice\",\"description\":\"Salesiane di Don Bosco\",\"publisher\":{\"@id\":\"https:\\\/\\\/www.cgfmanet.org\\\/es\\\/#organization\"},\"potentialAction\":[{\"@type\":\"SearchAction\",\"target\":{\"@type\":\"EntryPoint\",\"urlTemplate\":\"https:\\\/\\\/www.cgfmanet.org\\\/es\\\/?s={search_term_string}\"},\"query-input\":{\"@type\":\"PropertyValueSpecification\",\"valueRequired\":true,\"valueName\":\"search_term_string\"}}],\"inLanguage\":\"fr-FR\"},{\"@type\":\"Organization\",\"@id\":\"https:\\\/\\\/www.cgfmanet.org\\\/es\\\/#organization\",\"name\":\"Istituto Figlie di Maria Ausiliatrice\",\"url\":\"https:\\\/\\\/www.cgfmanet.org\\\/es\\\/\",\"logo\":{\"@type\":\"ImageObject\",\"inLanguage\":\"fr-FR\",\"@id\":\"https:\\\/\\\/www.cgfmanet.org\\\/es\\\/#\\\/schema\\\/logo\\\/image\\\/\",\"url\":\"https:\\\/\\\/www.cgfmanet.org\\\/wp-content\\\/uploads\\\/2018\\\/10\\\/logo-fma.png\",\"contentUrl\":\"https:\\\/\\\/www.cgfmanet.org\\\/wp-content\\\/uploads\\\/2018\\\/10\\\/logo-fma.png\",\"width\":214,\"height\":55,\"caption\":\"Istituto Figlie di Maria Ausiliatrice\"},\"image\":{\"@id\":\"https:\\\/\\\/www.cgfmanet.org\\\/es\\\/#\\\/schema\\\/logo\\\/image\\\/\"},\"sameAs\":[\"https:\\\/\\\/www.facebook.com\\\/salesian.sisters.of.don.bosco\\\/\",\"https:\\\/\\\/x.com\\\/Cgfmanet_Org\",\"https:\\\/\\\/www.youtube.com\\\/channel\\\/UCmcr8yFQBV7JXeXVxyV9y5Q\"]},{\"@type\":\"Person\",\"@id\":\"https:\\\/\\\/www.cgfmanet.org\\\/es\\\/#\\\/schema\\\/person\\\/ce6473083f53ef0ef882cca23f0c8fb9\",\"name\":\"Redazione\"}]}<\/script>\n<!-- \/ Yoast SEO plugin. -->","yoast_head_json":{"title":"La force proph\u00e9tique du R\u00e9seau &#8226; Istituto Figlie di Maria Ausiliatrice","description":"Du 20 au 22 f\u00e9vrier 2026, les repr\u00e9sentants du noyau d\u2019animation du r\u00e9seau des Ecoles Normales Sal\u00e9siennes de Colombie, membres du r\u00e9seau ISS FMA, se sont r\u00e9unis \u00e0 Santa Marta, en Colombie.","robots":{"index":"index","follow":"follow","max-snippet":"max-snippet:-1","max-image-preview":"max-image-preview:large","max-video-preview":"max-video-preview:-1"},"canonical":"https:\/\/www.cgfmanet.org\/fr\/ifma-fr\/education-fr\/la-force-prophetique-du-reseau\/","og_locale":"fr_FR","og_type":"article","og_title":"La force proph\u00e9tique du R\u00e9seau &#8226; Istituto Figlie di Maria Ausiliatrice","og_description":"Du 20 au 22 f\u00e9vrier 2026, les repr\u00e9sentants du noyau d\u2019animation du r\u00e9seau des Ecoles Normales Sal\u00e9siennes de Colombie, membres du r\u00e9seau ISS FMA, se sont r\u00e9unis \u00e0 Santa Marta, en Colombie.","og_url":"https:\/\/www.cgfmanet.org\/fr\/ifma-fr\/education-fr\/la-force-prophetique-du-reseau\/","og_site_name":"Istituto Figlie di Maria Ausiliatrice","article_publisher":"https:\/\/www.facebook.com\/salesian.sisters.of.don.bosco\/","article_published_time":"2026-02-23T17:34:39+00:00","article_modified_time":"2026-02-28T20:48:18+00:00","og_image":[{"width":1200,"height":800,"url":"https:\/\/www.cgfmanet.org\/wp-content\/uploads\/2026\/02\/Incontro-ISS-Colombia.jpg","type":"image\/jpeg"}],"author":"Redazione","twitter_card":"summary_large_image","twitter_creator":"@Cgfmanet_Org","twitter_site":"@Cgfmanet_Org","twitter_misc":{"\u00c9crit par":"Redazione","Dur\u00e9e de lecture estim\u00e9e":"4 minutes"},"schema":{"@context":"https:\/\/schema.org","@graph":[{"@type":"Article","@id":"https:\/\/www.cgfmanet.org\/fr\/ifma-fr\/education-fr\/la-force-prophetique-du-reseau\/#article","isPartOf":{"@id":"https:\/\/www.cgfmanet.org\/fr\/ifma-fr\/education-fr\/la-force-prophetique-du-reseau\/"},"author":{"name":"Redazione","@id":"https:\/\/www.cgfmanet.org\/es\/#\/schema\/person\/ce6473083f53ef0ef882cca23f0c8fb9"},"headline":"La force proph\u00e9tique du R\u00e9seau","datePublished":"2026-02-23T17:34:39+00:00","dateModified":"2026-02-28T20:48:18+00:00","mainEntityOfPage":{"@id":"https:\/\/www.cgfmanet.org\/fr\/ifma-fr\/education-fr\/la-force-prophetique-du-reseau\/"},"wordCount":671,"commentCount":0,"publisher":{"@id":"https:\/\/www.cgfmanet.org\/es\/#organization"},"image":{"@id":"https:\/\/www.cgfmanet.org\/fr\/ifma-fr\/education-fr\/la-force-prophetique-du-reseau\/#primaryimage"},"thumbnailUrl":"https:\/\/www.cgfmanet.org\/wp-content\/uploads\/2026\/02\/Incontro-ISS-Colombia.jpg","keywords":["Colombie","Ecole","Carisma salesiano","Focus","Syst\u00e8me Pr\u00e9ventif","ISS FMA"],"articleSection":["IFMA","Education"],"inLanguage":"fr-FR","potentialAction":[{"@type":"CommentAction","name":"Comment","target":["https:\/\/www.cgfmanet.org\/fr\/ifma-fr\/education-fr\/la-force-prophetique-du-reseau\/#respond"]}]},{"@type":"WebPage","@id":"https:\/\/www.cgfmanet.org\/fr\/ifma-fr\/education-fr\/la-force-prophetique-du-reseau\/","url":"https:\/\/www.cgfmanet.org\/fr\/ifma-fr\/education-fr\/la-force-prophetique-du-reseau\/","name":"La force proph\u00e9tique du R\u00e9seau &#8226; Istituto Figlie di Maria Ausiliatrice","isPartOf":{"@id":"https:\/\/www.cgfmanet.org\/es\/#website"},"primaryImageOfPage":{"@id":"https:\/\/www.cgfmanet.org\/fr\/ifma-fr\/education-fr\/la-force-prophetique-du-reseau\/#primaryimage"},"image":{"@id":"https:\/\/www.cgfmanet.org\/fr\/ifma-fr\/education-fr\/la-force-prophetique-du-reseau\/#primaryimage"},"thumbnailUrl":"https:\/\/www.cgfmanet.org\/wp-content\/uploads\/2026\/02\/Incontro-ISS-Colombia.jpg","datePublished":"2026-02-23T17:34:39+00:00","dateModified":"2026-02-28T20:48:18+00:00","description":"Du 20 au 22 f\u00e9vrier 2026, les repr\u00e9sentants du noyau d\u2019animation du r\u00e9seau des Ecoles Normales Sal\u00e9siennes de Colombie, membres du r\u00e9seau ISS FMA, se sont r\u00e9unis \u00e0 Santa Marta, en Colombie.","breadcrumb":{"@id":"https:\/\/www.cgfmanet.org\/fr\/ifma-fr\/education-fr\/la-force-prophetique-du-reseau\/#breadcrumb"},"inLanguage":"fr-FR","potentialAction":[{"@type":"ReadAction","target":["https:\/\/www.cgfmanet.org\/fr\/ifma-fr\/education-fr\/la-force-prophetique-du-reseau\/"]}]},{"@type":"ImageObject","inLanguage":"fr-FR","@id":"https:\/\/www.cgfmanet.org\/fr\/ifma-fr\/education-fr\/la-force-prophetique-du-reseau\/#primaryimage","url":"https:\/\/www.cgfmanet.org\/wp-content\/uploads\/2026\/02\/Incontro-ISS-Colombia.jpg","contentUrl":"https:\/\/www.cgfmanet.org\/wp-content\/uploads\/2026\/02\/Incontro-ISS-Colombia.jpg","width":1200,"height":800},{"@type":"BreadcrumbList","@id":"https:\/\/www.cgfmanet.org\/fr\/ifma-fr\/education-fr\/la-force-prophetique-du-reseau\/#breadcrumb","itemListElement":[{"@type":"ListItem","position":1,"name":"Home","item":"https:\/\/www.cgfmanet.org\/fr\/"},{"@type":"ListItem","position":2,"name":"La force proph\u00e9tique du R\u00e9seau"}]},{"@type":"WebSite","@id":"https:\/\/www.cgfmanet.org\/es\/#website","url":"https:\/\/www.cgfmanet.org\/es\/","name":"Istituto Figlie di Maria Ausiliatrice","description":"Salesiane di Don Bosco","publisher":{"@id":"https:\/\/www.cgfmanet.org\/es\/#organization"},"potentialAction":[{"@type":"SearchAction","target":{"@type":"EntryPoint","urlTemplate":"https:\/\/www.cgfmanet.org\/es\/?s={search_term_string}"},"query-input":{"@type":"PropertyValueSpecification","valueRequired":true,"valueName":"search_term_string"}}],"inLanguage":"fr-FR"},{"@type":"Organization","@id":"https:\/\/www.cgfmanet.org\/es\/#organization","name":"Istituto Figlie di Maria Ausiliatrice","url":"https:\/\/www.cgfmanet.org\/es\/","logo":{"@type":"ImageObject","inLanguage":"fr-FR","@id":"https:\/\/www.cgfmanet.org\/es\/#\/schema\/logo\/image\/","url":"https:\/\/www.cgfmanet.org\/wp-content\/uploads\/2018\/10\/logo-fma.png","contentUrl":"https:\/\/www.cgfmanet.org\/wp-content\/uploads\/2018\/10\/logo-fma.png","width":214,"height":55,"caption":"Istituto Figlie di Maria Ausiliatrice"},"image":{"@id":"https:\/\/www.cgfmanet.org\/es\/#\/schema\/logo\/image\/"},"sameAs":["https:\/\/www.facebook.com\/salesian.sisters.of.don.bosco\/","https:\/\/x.com\/Cgfmanet_Org","https:\/\/www.youtube.com\/channel\/UCmcr8yFQBV7JXeXVxyV9y5Q"]},{"@type":"Person","@id":"https:\/\/www.cgfmanet.org\/es\/#\/schema\/person\/ce6473083f53ef0ef882cca23f0c8fb9","name":"Redazione"}]}},"_links":{"self":[{"href":"https:\/\/www.cgfmanet.org\/fr\/wp-json\/wp\/v2\/posts\/154207","targetHints":{"allow":["GET"]}}],"collection":[{"href":"https:\/\/www.cgfmanet.org\/fr\/wp-json\/wp\/v2\/posts"}],"about":[{"href":"https:\/\/www.cgfmanet.org\/fr\/wp-json\/wp\/v2\/types\/post"}],"author":[{"embeddable":true,"href":"https:\/\/www.cgfmanet.org\/fr\/wp-json\/wp\/v2\/users\/21"}],"replies":[{"embeddable":true,"href":"https:\/\/www.cgfmanet.org\/fr\/wp-json\/wp\/v2\/comments?post=154207"}],"version-history":[{"count":2,"href":"https:\/\/www.cgfmanet.org\/fr\/wp-json\/wp\/v2\/posts\/154207\/revisions"}],"predecessor-version":[{"id":154282,"href":"https:\/\/www.cgfmanet.org\/fr\/wp-json\/wp\/v2\/posts\/154207\/revisions\/154282"}],"wp:featuredmedia":[{"embeddable":true,"href":"https:\/\/www.cgfmanet.org\/fr\/wp-json\/wp\/v2\/media\/154171"}],"wp:attachment":[{"href":"https:\/\/www.cgfmanet.org\/fr\/wp-json\/wp\/v2\/media?parent=154207"}],"wp:term":[{"taxonomy":"category","embeddable":true,"href":"https:\/\/www.cgfmanet.org\/fr\/wp-json\/wp\/v2\/categories?post=154207"},{"taxonomy":"post_tag","embeddable":true,"href":"https:\/\/www.cgfmanet.org\/fr\/wp-json\/wp\/v2\/tags?post=154207"}],"curies":[{"name":"wp","href":"https:\/\/api.w.org\/{rel}","templated":true}]}}