{"id":154004,"date":"2026-04-05T08:39:47","date_gmt":"2026-04-05T06:39:47","guid":{"rendered":"https:\/\/www.cgfmanet.org\/info-sphere\/ucraina-invocando-la-pace-nel-4-anniversario-del-conflitto\/"},"modified":"2026-02-26T21:47:29","modified_gmt":"2026-02-26T20:47:29","slug":"ukraine-appel-a-la-paix-a-loccasion-du-4eme-anniversaire-du-conflit","status":"publish","type":"post","link":"https:\/\/www.cgfmanet.org\/fr\/urgences-et-campagnes-humanitaires\/ukraine-appel-a-la-paix-a-loccasion-du-4eme-anniversaire-du-conflit\/","title":{"rendered":"Ukraine : appel \u00e0 la paix \u00e0 l&rsquo;occasion du 4\u00e8me anniversaire du conflit"},"content":{"rendered":"<p><strong>Ukraine<\/strong>. \u00c0 l&rsquo;occasion du quatri\u00e8me anniversaire du d\u00e9but de l&rsquo;invasion russe \u00e0 grande \u00e9chelle de l&rsquo;Ukraine, qui a commenc\u00e9 le 24 f\u00e9vrier 2022, alors que le pays c\u00e9l\u00e8bre la deuxi\u00e8me journ\u00e9e nationale de pri\u00e8re, les Filles de Marie Auxiliatrice de la Visitation M\u00e8re de Dieu (EEG) continuent d&rsquo;\u00e9lever vers le Seigneur une seule et m\u00eame invocation insistante : le don de la paix. Depuis quatre ans, elles accompagnent avec espoir leur peuple dans la souffrance, confiant chaque larme au C\u0153ur de Dieu, auquel les \u00e9v\u00eaques de l&rsquo;\u00c9glise catholique romaine en Ukraine ont d\u00e9di\u00e9 l&rsquo;ann\u00e9e 2026.<\/p>\n<p>En ce jour, s\u0153ur Natalia Vakulishyna se rendra au sanctuaire national de Notre-Dame de Berdychiv pour participer \u00e0 la pri\u00e8re du Rosaire, organis\u00e9e au niveau mondial par Radio Maria et retransmise en direct \u00e0 l&rsquo;\u00e9chelle internationale. Ce sera un moment extraordinaire de supplication pour la paix qui unira toute l&rsquo;\u00c9glise. La c\u00e9l\u00e9bration sera pr\u00e9sid\u00e9e par l&rsquo;\u00e9v\u00eaque ordinaire du dioc\u00e8se de Kyiv-Zhytomyr, S.E. Vitaliy Kryvytskyi.<\/p>\n<p>Le Rosaire sera pri\u00e9 en plusieurs langues &#8211; ukrainien, italien, anglais, polonais et latin &#8211; et s\u0153ur Natalia dirigera une dizaine en anglais. Ensuite, l&rsquo;\u00e9v\u00eaque c\u00e9l\u00e9brera la Sainte Messe, s&rsquo;unissant \u00e0 l&rsquo;\u00c9glise locale et universelle dans cette intense supplication pour la paix.<\/p>\n<p><strong>Les FMA, \u00e0 Kiev comme dans les autres communaut\u00e9s, poursuivent fid\u00e8lement leurs activit\u00e9s ordinaires :<\/strong> l&rsquo;\u00e9cole, l&rsquo;accueil des enfants et des parents, l&rsquo;accompagnement de ceux qui souffrent, des bless\u00e9s dans les h\u00f4pitaux, de ceux qui ont perdu des \u00eatres chers et de ceux qui attendent des membres de leur famille d\u00e9tenus ou emprisonn\u00e9s en Russie. <strong>Les s\u0153urs de Kiev<\/strong> sont \u00e9galement pleinement impliqu\u00e9es dans la pastorale des jeunes au niveau dioc\u00e9sain. La semaine derni\u00e8re, elles ont apport\u00e9 leur contribution au cours d&rsquo;animation avec les Sal\u00e9siens de Don Bosco, aux r\u00e9unions d&rsquo;organisation en vue de la F\u00eate dioc\u00e9saine des adolescents &#8211; qui se tiendra en mai 2026 et r\u00e9unira 400 adolescents &#8211; et \u00e0 la F\u00eate des jeunes, en septembre 2026.<\/p>\n<p>\u00ab Nous croyons fermement qu&rsquo;apr\u00e8s un hiver si rude \u00e0 Kiev &#8211; des mois sans chauffage, sans \u00e9lectricit\u00e9, avec des temp\u00e9ratures descendant en dessous de -20 \u00b0C, le printemps arrivera quand m\u00eame. Nous traverserons le temps du Car\u00eame et nous nous pr\u00e9parerons \u00e0 P\u00e2ques avec un c\u0153ur renouvel\u00e9. Nous prions avec les enfants \u00e0 l&rsquo;\u00e9cole, dans la paroisse, avec la communaut\u00e9 \u00e9ducative et l&rsquo;\u00c9glise locale, <strong><em>nous restons aux c\u00f4t\u00e9s de notre peuple et nous ravivons l&rsquo;espoir : m\u00eame dans l&rsquo;obscurit\u00e9 de la guerre, nous croyons que Dieu continue d&rsquo;agir et que la paix est un don possible \u00bb<\/em><\/strong>, dit s\u0153ur Natalia.<\/p>\n<p><a href=\"https:\/\/www.cgfmanet.org\/wp-content\/uploads\/2026\/02\/Kyiv.jpg\"><img decoding=\"async\" class=\"aligncenter wp-image-153987 size-full lazyload\" data-src=\"https:\/\/www.cgfmanet.org\/wp-content\/uploads\/2026\/02\/Kyiv.jpg\" alt=\"\" width=\"1280\" height=\"887\" data-srcset=\"https:\/\/www.cgfmanet.org\/wp-content\/uploads\/2026\/02\/Kyiv.jpg 1280w, https:\/\/www.cgfmanet.org\/wp-content\/uploads\/2026\/02\/Kyiv-768x532.jpg 768w, https:\/\/www.cgfmanet.org\/wp-content\/uploads\/2026\/02\/Kyiv-606x420.jpg 606w, https:\/\/www.cgfmanet.org\/wp-content\/uploads\/2026\/02\/Kyiv-218x150.jpg 218w, https:\/\/www.cgfmanet.org\/wp-content\/uploads\/2026\/02\/Kyiv-696x482.jpg 696w, https:\/\/www.cgfmanet.org\/wp-content\/uploads\/2026\/02\/Kyiv-100x70.jpg 100w\" data-sizes=\"auto\" src=\"data:image\/svg+xml;base64,PHN2ZyB3aWR0aD0iMSIgaGVpZ2h0PSIxIiB4bWxucz0iaHR0cDovL3d3dy53My5vcmcvMjAwMC9zdmciPjwvc3ZnPg==\" style=\"--smush-placeholder-width: 1280px; --smush-placeholder-aspect-ratio: 1280\/887;\" data-original-sizes=\"(max-width: 1280px) 100vw, 1280px\" \/><\/a><\/p>\n<p><strong>S\u0153ur Teresa Matyja partage la situation \u00e0 Odessa :<\/strong><\/p>\n<p>Quatre ans se sont \u00e9coul\u00e9s depuis que nous nous sommes r\u00e9veill\u00e9s le matin du 24 f\u00e9vrier 2022 et avons appris que la guerre avait \u00e9clat\u00e9. Quatre ann\u00e9es de vie et d&rsquo;attente que la paix revienne, que tout redevienne normal, m\u00eame si cette normalit\u00e9 ne serait plus jamais la m\u00eame. L&rsquo;exp\u00e9rience de la guerre, les alertes et les bombardements incessants, la peur de nombreuses personnes et le d\u00e9sespoir dans les yeux de beaucoup.<\/p>\n<p>Je voudrais partager la situation actuelle des personnes qui vivent \u00e0 Odessa et dans la r\u00e9gion. \u00catre avec les gens, leur parler, tout ce qu&rsquo;ils vivent p\u00e9n\u00e8tre profond\u00e9ment dans le c\u0153ur.<\/p>\n<p><em><img decoding=\"async\" class=\"alignleft wp-image-153977 lazyload\" data-src=\"https:\/\/www.cgfmanet.org\/wp-content\/uploads\/2026\/02\/Odessa.jpg\" alt=\"\" width=\"400\" height=\"407\" data-srcset=\"https:\/\/www.cgfmanet.org\/wp-content\/uploads\/2026\/02\/Odessa.jpg 959w, https:\/\/www.cgfmanet.org\/wp-content\/uploads\/2026\/02\/Odessa-768x782.jpg 768w, https:\/\/www.cgfmanet.org\/wp-content\/uploads\/2026\/02\/Odessa-413x420.jpg 413w, https:\/\/www.cgfmanet.org\/wp-content\/uploads\/2026\/02\/Odessa-696x708.jpg 696w\" data-sizes=\"auto\" src=\"data:image\/svg+xml;base64,PHN2ZyB3aWR0aD0iMSIgaGVpZ2h0PSIxIiB4bWxucz0iaHR0cDovL3d3dy53My5vcmcvMjAwMC9zdmciPjwvc3ZnPg==\" style=\"--smush-placeholder-width: 400px; --smush-placeholder-aspect-ratio: 400\/407;\" data-original-sizes=\"(max-width: 400px) 100vw, 400px\" \/><\/em><\/p>\n<p>Actuellement, le manque d&rsquo;\u00e9lectricit\u00e9 et d&rsquo;eau pose un gros probl\u00e8me. Et malgr\u00e9 tout cela, l&rsquo;hiver de cette ann\u00e9e est long et difficile. L&rsquo;\u00e9lectricit\u00e9 est coup\u00e9e tr\u00e8s souvent : elle est plus souvent absente que pr\u00e9sente. Dans certaines zones d&rsquo;Odessa et de la r\u00e9gion, les gens sont sans \u00e9lectricit\u00e9 depuis des semaines. Et quand il n&rsquo;y a pas d&rsquo;\u00e9lectricit\u00e9, il n&rsquo;y a souvent pas non plus d&rsquo;eau ni de chauffage. S&rsquo;ils ont un g\u00e9n\u00e9rateur, ils ne l&rsquo;allument qu&rsquo;en dernier recours, car il est tr\u00e8s co\u00fbteux. Certains utilisent \u00e9galement une centrale \u00e9lectrique, mais rares sont ceux qui en poss\u00e8dent une.<\/p>\n<p>Dans la plupart des cas, les enfants suivent un enseignement \u00e0 distance, les \u00e9coles n&rsquo;\u00e9tant pas en mesure d&rsquo;accueillir tout le monde. Lorsqu&rsquo;il y a une coupure de courant, il n&rsquo;y a plus d&rsquo;internet et le cercle se referme.<\/p>\n<p>Les effets du froid sont tr\u00e8s graves : les gens tombent malades. Les m\u00e9dicaments sont tr\u00e8s chers et tout le monde ne peut pas se permettre de se faire soigner. Tout cela est une cons\u00e9quence du froid. Si les enfants vont \u00e0 l&rsquo;\u00e9cole, ils doivent se r\u00e9fugier dans des abris o\u00f9 la temp\u00e9rature avoisine les 7 \u00b0C, voire moins, lorsque l&rsquo;alarme retentit. Et ensuite, les maladies apparaissent. Nous aidons autant que possible en fournissant des fonds pour les soins, le carburant et la nourriture. Nous avons \u00e9galement achet\u00e9 des lampes de poche.<\/p>\n<p>La situation est tr\u00e8s difficile. Nous attendons tous que le temps s&rsquo;am\u00e9liore un peu, car le froid se fait sentir. \u00c0 Odessa, il y a beaucoup d&rsquo;humidit\u00e9, avec une l\u00e9g\u00e8re touche d&rsquo;air marin et souvent un vent fort. Les gens traversent une p\u00e9riode tr\u00e8s difficile, nous essayons donc de les aider autant que possible.<\/p>\n<p>Les gens dorment avec des bonnets en laine, sous de nombreuses couvertures. Malgr\u00e9 tout, nous ne perdons pas espoir. Nous essayons d&rsquo;\u00eatre \u00e0 leurs c\u00f4t\u00e9s, de les aider, de leur parler et de les encourager \u00e0 prier. Que pouvons-nous faire sans Dieu ?<\/p>\n<p>Certaines personnes souffrent \u00e9galement de d\u00e9pression. \u00c0 cause du stress et de la peur, beaucoup d&rsquo;enfants commencent \u00e0 souffrir de diab\u00e8te. Les personnes souffrant de d\u00e9pression et celles atteintes de diab\u00e8te ont besoin de ressources pour se soigner. Il existe des programmes d&rsquo;aide. Mais sont-ils accessibles \u00e0 tous ?<\/p>\n<p><strong>C&rsquo;est pourquoi je consid\u00e8re notre pr\u00e9sence comme une pr\u00e9sence amicale : nous montrons aux gens qu&rsquo;ils ne sont pas seuls et que quelqu&rsquo;un prend soin d&rsquo;eux. <\/strong>Nous n&rsquo;agissons pas seules. Nous ne sommes que des m\u00e9diateurs, un pont entre ceux qui veulent aider et ceux qui en ont d\u00e9sesp\u00e9r\u00e9ment besoin. Nous ne perdons pas espoir, nous pers\u00e9v\u00e9rons et, puisant notre force et notre puissance dans la pri\u00e8re et dans une relation vivante avec Dieu, nous partageons la foi, l&rsquo;espoir et l&rsquo;amour.<\/p>\n<p>Vivre ici et faire l&rsquo;exp\u00e9rience de tout cela nous enseigne une perspective diff\u00e9rente sur la r\u00e9alit\u00e9 et sur le fait de vivre \u00ab ici et maintenant \u00bb, sans grands projets. Nous sommes entre les mains de Dieu et nous nous laissons guider pour nous unir \u00e0 Lui dans l&rsquo;accompagnement de ceux qui sont dans le besoin \u00bb.<\/p>\n<p><strong>Le t\u00e9moignage de s\u0153ur Jolanta Lisak, de Lviv :<\/strong><\/p>\n<p>\u00ab Le 24 f\u00e9vrier 2022, aucun d&rsquo;entre nous ne pouvait imaginer que cette horrible guerre durerait jusqu&rsquo;\u00e0 aujourd&rsquo;hui. Les premiers jours, les premi\u00e8res semaines et les premiers mois de la guerre ont peut-\u00eatre \u00e9t\u00e9 les plus difficiles. Nous n&rsquo;\u00e9tions pas pr\u00e9par\u00e9s \u00e0 l&rsquo;arriv\u00e9e de la guerre et \u00e0 sa cruaut\u00e9.<\/p>\n<p>La premi\u00e8re p\u00e9riode nous a pos\u00e9 des d\u00e9fis urgents. Les premiers jours, nous fabriquions chez nous, avec les jeunes femmes, des bandages pour les bless\u00e9s et des filets de camouflage pour aider \u00e0 sauver nos d\u00e9fenseurs. Puis les trains avec les r\u00e9fugi\u00e9s de l&rsquo;est de l&rsquo;Ukraine ont commenc\u00e9 \u00e0 arriver, alors nous avons accueilli chez nous les m\u00e8res avec leurs jeunes enfants et nous avons aid\u00e9 les r\u00e9fugi\u00e9s h\u00e9berg\u00e9s dans les \u00e9coles.<\/p>\n<p>Gr\u00e2ce \u00e0 la grande solidarit\u00e9 et au soutien important des b\u00e9n\u00e9voles, nous avons pu recevoir et distribuer l&rsquo;aide humanitaire qui venait de diff\u00e9rentes parties du monde. Chaque jour, chaque semaine, chaque mois et chaque ann\u00e9e apporte de nouveaux d\u00e9fis li\u00e9s au conflit.<\/p>\n<p><strong>Apr\u00e8s quatre ans, personne ne s&rsquo;est habitu\u00e9 \u00e0 la guerre, mais nous avons appris \u00e0 vivre dans des conditions de guerre.<\/strong> Le visage de la guerre a chang\u00e9, mais malheureusement, elle n&rsquo;a rien perdu de sa cruaut\u00e9. \u00c0 Lviv, nous sommes situ\u00e9s dans la partie occidentale de l&rsquo;Ukraine et nous sommes moins bombard\u00e9s que l&rsquo;est, mais ici aussi, des bombes tombent de temps en temps. Presque tous les jours, nous entendons les \u00ab bruits de la guerre \u00bb, car notre maison \u00e0 Lviv est situ\u00e9e pr\u00e8s du Champ de Marte, le cimeti\u00e8re o\u00f9 sont enterr\u00e9s les militaires &#8211; h\u00e9ros de l&rsquo;Ukraine, qui nous ont d\u00e9fendus.<\/p>\n<p>Vers midi, nous entendons les saluts d&rsquo;honneur des fun\u00e9railles des soldats tomb\u00e9s au combat. Depuis le d\u00e9but de la guerre, nous rendons \u00e9galement visite aux soldats bless\u00e9s \u00e0 l&rsquo;h\u00f4pital militaire, et depuis deux ans, une fois par mois, avec les membres de l&rsquo;Association de Marie Auxiliatrice (ADMA) et les jeunes de notre pensionnat, nous leur apportons des g\u00e2teaux et des biscuits faits maison. Nous essayons de leur apporter non seulement des douceurs, mais aussi notre gratitude, notre proximit\u00e9, un mot gentil et nous leur assurons notre pri\u00e8re. Souvent, ce sont des jeunes, sans jambes ni mains, mais vivants, m\u00eame si certains ont le regard \u00e9teint. Par notre pr\u00e9sence et nos pri\u00e8res, nous essayons de leur apporter une petite lueur d&rsquo;espoir.<\/p>\n\r\n                <style type=\"text\/css\">\r\n                    \r\n                    #tdi_1  .td-doubleSlider-2 .td-item1 {\r\n                        background: url(https:\/\/www.cgfmanet.org\/wp-content\/uploads\/2026\/02\/Lviv-1-80x60.jpg) 0 0 no-repeat;\r\n                    }\r\n                    #tdi_1  .td-doubleSlider-2 .td-item2 {\r\n                        background: url(https:\/\/www.cgfmanet.org\/wp-content\/uploads\/2026\/02\/Lviv-2-80x60.jpg) 0 0 no-repeat;\r\n                    }\r\n                    #tdi_1  .td-doubleSlider-2 .td-item3 {\r\n                        background: url(https:\/\/www.cgfmanet.org\/wp-content\/uploads\/2026\/02\/Lviv-3-80x60.jpg) 0 0 no-repeat;\r\n                    }\r\n                <\/style>\r\n\r\n                <div id=\"tdi_1\" class=\"td-gallery td-slide-on-2-columns\">\r\n                    <div class=\"post_td_gallery\">\r\n                        <div class=\"td-gallery-slide-top\">\r\n                           <div class=\"td-gallery-title\"><\/div>\r\n\r\n                            <div class=\"td-gallery-controls-wrapper\">\r\n                                <div class=\"td-gallery-slide-count\"><span class=\"td-gallery-slide-item-focus\">1<\/span> de 3<\/div>\r\n                                <div class=\"td-gallery-slide-prev-next-but\">\r\n                                    <i class = \"td-icon-left doubleSliderPrevButton\"><\/i>\r\n                                    <i class = \"td-icon-right doubleSliderNextButton\"><\/i>\r\n                                <\/div>\r\n                            <\/div>\r\n                        <\/div>\r\n\r\n                        <div class = \"td-doubleSlider-1 \">\r\n                            <div class = \"td-slider\">\r\n                                \r\n                    <div class = \"td-slide-item td-item1\">\r\n                        <figure class=\"td-slide-galery-figure td-slide-popup-gallery\">\r\n                            <a class=\"slide-gallery-image-link\" href=\"https:\/\/www.cgfmanet.org\/wp-content\/uploads\/2026\/02\/Lviv-1.jpg\" title=\"Lviv 1\"  data-caption=\"\"  data-description=\"\">\r\n                                <img decoding=\"async\" data-src=\"https:\/\/www.cgfmanet.org\/wp-content\/uploads\/2026\/02\/Lviv-1-420x420.jpg\" data-srcset=\"https:\/\/www.cgfmanet.org\/wp-content\/uploads\/2026\/02\/Lviv-1-420x420.jpg 420w, https:\/\/www.cgfmanet.org\/wp-content\/uploads\/2026\/02\/Lviv-1-768x769.jpg 768w, https:\/\/www.cgfmanet.org\/wp-content\/uploads\/2026\/02\/Lviv-1-696x697.jpg 696w, https:\/\/www.cgfmanet.org\/wp-content\/uploads\/2026\/02\/Lviv-1.jpg 960w\" data-sizes=\"auto\" alt=\"\" src=\"data:image\/svg+xml;base64,PHN2ZyB3aWR0aD0iMSIgaGVpZ2h0PSIxIiB4bWxucz0iaHR0cDovL3d3dy53My5vcmcvMjAwMC9zdmciPjwvc3ZnPg==\" class=\"lazyload\" style=\"--smush-placeholder-width: 420px; --smush-placeholder-aspect-ratio: 420\/420;\" data-original-sizes=\"(max-width: 420px) 100vw, 420px\">\r\n                            <\/a>\r\n                            \r\n                        <\/figure>\r\n                    <\/div>\r\n                    <div class = \"td-slide-item td-item2\">\r\n                        <figure class=\"td-slide-galery-figure td-slide-popup-gallery\">\r\n                            <a class=\"slide-gallery-image-link\" href=\"https:\/\/www.cgfmanet.org\/wp-content\/uploads\/2026\/02\/Lviv-2.jpg\" title=\"Lviv 2\"  data-caption=\"\"  data-description=\"\">\r\n                                <img decoding=\"async\" data-src=\"https:\/\/www.cgfmanet.org\/wp-content\/uploads\/2026\/02\/Lviv-2-630x420.jpg\" data-srcset=\"https:\/\/www.cgfmanet.org\/wp-content\/uploads\/2026\/02\/Lviv-2-630x420.jpg 630w, https:\/\/www.cgfmanet.org\/wp-content\/uploads\/2026\/02\/Lviv-2-768x512.jpg 768w, https:\/\/www.cgfmanet.org\/wp-content\/uploads\/2026\/02\/Lviv-2-696x464.jpg 696w, https:\/\/www.cgfmanet.org\/wp-content\/uploads\/2026\/02\/Lviv-2.jpg 1280w\" data-sizes=\"auto\" alt=\"\" src=\"data:image\/svg+xml;base64,PHN2ZyB3aWR0aD0iMSIgaGVpZ2h0PSIxIiB4bWxucz0iaHR0cDovL3d3dy53My5vcmcvMjAwMC9zdmciPjwvc3ZnPg==\" class=\"lazyload\" style=\"--smush-placeholder-width: 630px; --smush-placeholder-aspect-ratio: 630\/420;\" data-original-sizes=\"(max-width: 630px) 100vw, 630px\">\r\n                            <\/a>\r\n                            \r\n                        <\/figure>\r\n                    <\/div>\r\n                    <div class = \"td-slide-item td-item3\">\r\n                        <figure class=\"td-slide-galery-figure td-slide-popup-gallery\">\r\n                            <a class=\"slide-gallery-image-link\" href=\"https:\/\/www.cgfmanet.org\/wp-content\/uploads\/2026\/02\/Lviv-3.jpg\" title=\"Lviv 3\"  data-caption=\"\"  data-description=\"\">\r\n                                <img decoding=\"async\" data-src=\"https:\/\/www.cgfmanet.org\/wp-content\/uploads\/2026\/02\/Lviv-3-526x420.jpg\" data-srcset=\"https:\/\/www.cgfmanet.org\/wp-content\/uploads\/2026\/02\/Lviv-3-526x420.jpg 526w, https:\/\/www.cgfmanet.org\/wp-content\/uploads\/2026\/02\/Lviv-3.jpg 616w\" data-sizes=\"auto\" alt=\"\" src=\"data:image\/svg+xml;base64,PHN2ZyB3aWR0aD0iMSIgaGVpZ2h0PSIxIiB4bWxucz0iaHR0cDovL3d3dy53My5vcmcvMjAwMC9zdmciPjwvc3ZnPg==\" class=\"lazyload\" style=\"--smush-placeholder-width: 526px; --smush-placeholder-aspect-ratio: 526\/420;\" data-original-sizes=\"(max-width: 526px) 100vw, 526px\">\r\n                            <\/a>\r\n                            \r\n                        <\/figure>\r\n                    <\/div>\r\n                            <\/div>\r\n                        <\/div>\r\n\r\n                        <div class = \"td-doubleSlider-2\">\r\n                            <div class = \"td-slider\">\r\n                                \r\n                    <div class = \"td-button td-item1\">\r\n                        <div class = \"td-border\"><\/div>\r\n                    <\/div>\r\n                    <div class = \"td-button td-item2\">\r\n                        <div class = \"td-border\"><\/div>\r\n                    <\/div>\r\n                    <div class = \"td-button td-item3\">\r\n                        <div class = \"td-border\"><\/div>\r\n                    <\/div>\r\n                            <\/div>\r\n                        <\/div>\r\n\r\n                    <\/div>\r\n\r\n                <\/div>\r\n                \n<p><strong>Les Filles de Marie Auxiliatrice du monde entier s&rsquo;unissent par la pri\u00e8re et l&rsquo;offrande quotidienne aux communaut\u00e9s d&rsquo;Ukraine et d&rsquo;autres terres en conflit, qui continuent leur pr\u00e9sence parmi les gens en apportant une petite lumi\u00e8re dans l&rsquo;obscurit\u00e9.<\/strong> L&rsquo;Institut compte sur la g\u00e9n\u00e9rosit\u00e9 et la solidarit\u00e9 de tous pour offrir un soutien concret. Il est possible d&rsquo;envoyer des contributions et des dons, selon les modalit\u00e9s indiqu\u00e9es sur le <span style=\"color: #0000ff;\"><a style=\"color: #0000ff;\" href=\"https:\/\/www.cgfmanet.org\/fr\/donations-en-ligne\/\" target=\"_blank\" rel=\"noopener\"><strong>Site web de l\u2019Institut FMA<\/strong><\/a><\/span>, en indiquant comme motif<strong> Urgence Ukraine.<\/strong><\/p>\n","protected":false},"excerpt":{"rendered":"<p>Ukraine. \u00c0 l&rsquo;occasion du quatri\u00e8me anniversaire du d\u00e9but de l&rsquo;invasion russe \u00e0 grande \u00e9chelle de l&rsquo;Ukraine, qui a commenc\u00e9 le 24 f\u00e9vrier 2022, alors que le pays c\u00e9l\u00e8bre la deuxi\u00e8me [&hellip;]<\/p>\n","protected":false},"author":21,"featured_media":153984,"comment_status":"open","ping_status":"closed","sticky":false,"template":"","format":"standard","meta":{"footnotes":""},"categories":[150],"tags":[1131,1612,1832,1929,1991],"class_list":["post-154004","post","type-post","status-publish","format-standard","has-post-thumbnail","category-urgences-et-campagnes-humanitaires","tag-eeg-fr","tag-cittadinanza-fr","tag-paix","tag-focus-fr","tag-solidarieta-fr"],"yoast_head":"<!-- This site is optimized with the Yoast SEO plugin v27.4 - https:\/\/yoast.com\/product\/yoast-seo-wordpress\/ -->\n<title>Ukraine : appel \u00e0 la paix \u00e0 l&#039;occasion du 4\u00e8me anniversaire du conflit &#8226; Istituto Figlie di Maria Ausiliatrice<\/title>\n<meta name=\"description\" content=\"Le 24 f\u00e9vrier 2026 marquera le 4\u00e8me anniversaire du d\u00e9but du conflit en Ukraine. T\u00e9moignage des FMA qui restent aux c\u00f4t\u00e9s de la population \u00e0 Kiev, Lviv et Odessa.\" \/>\n<meta name=\"robots\" content=\"index, follow, max-snippet:-1, max-image-preview:large, max-video-preview:-1\" \/>\n<link rel=\"canonical\" href=\"https:\/\/www.cgfmanet.org\/fr\/urgences-et-campagnes-humanitaires\/ukraine-appel-a-la-paix-a-loccasion-du-4eme-anniversaire-du-conflit\/\" \/>\n<meta property=\"og:locale\" content=\"fr_FR\" \/>\n<meta property=\"og:type\" content=\"article\" \/>\n<meta property=\"og:title\" content=\"Ukraine : appel \u00e0 la paix \u00e0 l&#039;occasion du 4\u00e8me anniversaire du conflit &#8226; Istituto Figlie di Maria Ausiliatrice\" \/>\n<meta property=\"og:description\" content=\"Le 24 f\u00e9vrier 2026 marquera le 4\u00e8me anniversaire du d\u00e9but du conflit en Ukraine. T\u00e9moignage des FMA qui restent aux c\u00f4t\u00e9s de la population \u00e0 Kiev, Lviv et Odessa.\" \/>\n<meta property=\"og:url\" content=\"https:\/\/www.cgfmanet.org\/fr\/urgences-et-campagnes-humanitaires\/ukraine-appel-a-la-paix-a-loccasion-du-4eme-anniversaire-du-conflit\/\" \/>\n<meta property=\"og:site_name\" content=\"Istituto Figlie di Maria Ausiliatrice\" \/>\n<meta property=\"article:publisher\" content=\"https:\/\/www.facebook.com\/salesian.sisters.of.don.bosco\/\" \/>\n<meta property=\"article:published_time\" content=\"2026-04-05T06:39:47+00:00\" \/>\n<meta property=\"og:image\" content=\"https:\/\/www.cgfmanet.org\/wp-content\/uploads\/2026\/02\/4\u00b0-anniversario-Ucraina.jpg\" \/>\n\t<meta property=\"og:image:width\" content=\"1181\" \/>\n\t<meta property=\"og:image:height\" content=\"788\" \/>\n\t<meta property=\"og:image:type\" content=\"image\/jpeg\" \/>\n<meta name=\"author\" content=\"Redazione\" \/>\n<meta name=\"twitter:card\" content=\"summary_large_image\" \/>\n<meta name=\"twitter:creator\" content=\"@Cgfmanet_Org\" \/>\n<meta name=\"twitter:site\" content=\"@Cgfmanet_Org\" \/>\n<meta name=\"twitter:label1\" content=\"\u00c9crit par\" \/>\n\t<meta name=\"twitter:data1\" content=\"Redazione\" \/>\n\t<meta name=\"twitter:label2\" content=\"Dur\u00e9e de lecture estim\u00e9e\" \/>\n\t<meta name=\"twitter:data2\" content=\"9 minutes\" \/>\n<script type=\"application\/ld+json\" class=\"yoast-schema-graph\">{\"@context\":\"https:\\\/\\\/schema.org\",\"@graph\":[{\"@type\":\"Article\",\"@id\":\"https:\\\/\\\/www.cgfmanet.org\\\/fr\\\/urgences-et-campagnes-humanitaires\\\/ukraine-appel-a-la-paix-a-loccasion-du-4eme-anniversaire-du-conflit\\\/#article\",\"isPartOf\":{\"@id\":\"https:\\\/\\\/www.cgfmanet.org\\\/fr\\\/urgences-et-campagnes-humanitaires\\\/ukraine-appel-a-la-paix-a-loccasion-du-4eme-anniversaire-du-conflit\\\/\"},\"author\":{\"name\":\"Redazione\",\"@id\":\"https:\\\/\\\/www.cgfmanet.org\\\/es\\\/#\\\/schema\\\/person\\\/ce6473083f53ef0ef882cca23f0c8fb9\"},\"headline\":\"Ukraine : appel \u00e0 la paix \u00e0 l&rsquo;occasion du 4\u00e8me anniversaire du conflit\",\"datePublished\":\"2026-04-05T06:39:47+00:00\",\"mainEntityOfPage\":{\"@id\":\"https:\\\/\\\/www.cgfmanet.org\\\/fr\\\/urgences-et-campagnes-humanitaires\\\/ukraine-appel-a-la-paix-a-loccasion-du-4eme-anniversaire-du-conflit\\\/\"},\"wordCount\":1735,\"commentCount\":0,\"publisher\":{\"@id\":\"https:\\\/\\\/www.cgfmanet.org\\\/es\\\/#organization\"},\"image\":{\"@id\":\"https:\\\/\\\/www.cgfmanet.org\\\/fr\\\/urgences-et-campagnes-humanitaires\\\/ukraine-appel-a-la-paix-a-loccasion-du-4eme-anniversaire-du-conflit\\\/#primaryimage\"},\"thumbnailUrl\":\"https:\\\/\\\/www.cgfmanet.org\\\/wp-content\\\/uploads\\\/2026\\\/02\\\/4\u00b0-anniversario-Ucraina.jpg\",\"keywords\":[\"EEG\",\"cittadinanza\",\"Paix\",\"Focus\",\"Solidariet\u00e0\"],\"articleSection\":[\"Urgences et Campagnes Humanitaires\"],\"inLanguage\":\"fr-FR\",\"potentialAction\":[{\"@type\":\"CommentAction\",\"name\":\"Comment\",\"target\":[\"https:\\\/\\\/www.cgfmanet.org\\\/fr\\\/urgences-et-campagnes-humanitaires\\\/ukraine-appel-a-la-paix-a-loccasion-du-4eme-anniversaire-du-conflit\\\/#respond\"]}]},{\"@type\":\"WebPage\",\"@id\":\"https:\\\/\\\/www.cgfmanet.org\\\/fr\\\/urgences-et-campagnes-humanitaires\\\/ukraine-appel-a-la-paix-a-loccasion-du-4eme-anniversaire-du-conflit\\\/\",\"url\":\"https:\\\/\\\/www.cgfmanet.org\\\/fr\\\/urgences-et-campagnes-humanitaires\\\/ukraine-appel-a-la-paix-a-loccasion-du-4eme-anniversaire-du-conflit\\\/\",\"name\":\"Ukraine : appel \u00e0 la paix \u00e0 l'occasion du 4\u00e8me anniversaire du conflit &#8226; Istituto Figlie di Maria Ausiliatrice\",\"isPartOf\":{\"@id\":\"https:\\\/\\\/www.cgfmanet.org\\\/es\\\/#website\"},\"primaryImageOfPage\":{\"@id\":\"https:\\\/\\\/www.cgfmanet.org\\\/fr\\\/urgences-et-campagnes-humanitaires\\\/ukraine-appel-a-la-paix-a-loccasion-du-4eme-anniversaire-du-conflit\\\/#primaryimage\"},\"image\":{\"@id\":\"https:\\\/\\\/www.cgfmanet.org\\\/fr\\\/urgences-et-campagnes-humanitaires\\\/ukraine-appel-a-la-paix-a-loccasion-du-4eme-anniversaire-du-conflit\\\/#primaryimage\"},\"thumbnailUrl\":\"https:\\\/\\\/www.cgfmanet.org\\\/wp-content\\\/uploads\\\/2026\\\/02\\\/4\u00b0-anniversario-Ucraina.jpg\",\"datePublished\":\"2026-04-05T06:39:47+00:00\",\"description\":\"Le 24 f\u00e9vrier 2026 marquera le 4\u00e8me anniversaire du d\u00e9but du conflit en Ukraine. T\u00e9moignage des FMA qui restent aux c\u00f4t\u00e9s de la population \u00e0 Kiev, Lviv et Odessa.\",\"breadcrumb\":{\"@id\":\"https:\\\/\\\/www.cgfmanet.org\\\/fr\\\/urgences-et-campagnes-humanitaires\\\/ukraine-appel-a-la-paix-a-loccasion-du-4eme-anniversaire-du-conflit\\\/#breadcrumb\"},\"inLanguage\":\"fr-FR\",\"potentialAction\":[{\"@type\":\"ReadAction\",\"target\":[\"https:\\\/\\\/www.cgfmanet.org\\\/fr\\\/urgences-et-campagnes-humanitaires\\\/ukraine-appel-a-la-paix-a-loccasion-du-4eme-anniversaire-du-conflit\\\/\"]}]},{\"@type\":\"ImageObject\",\"inLanguage\":\"fr-FR\",\"@id\":\"https:\\\/\\\/www.cgfmanet.org\\\/fr\\\/urgences-et-campagnes-humanitaires\\\/ukraine-appel-a-la-paix-a-loccasion-du-4eme-anniversaire-du-conflit\\\/#primaryimage\",\"url\":\"https:\\\/\\\/www.cgfmanet.org\\\/wp-content\\\/uploads\\\/2026\\\/02\\\/4\u00b0-anniversario-Ucraina.jpg\",\"contentUrl\":\"https:\\\/\\\/www.cgfmanet.org\\\/wp-content\\\/uploads\\\/2026\\\/02\\\/4\u00b0-anniversario-Ucraina.jpg\",\"width\":1181,\"height\":788},{\"@type\":\"BreadcrumbList\",\"@id\":\"https:\\\/\\\/www.cgfmanet.org\\\/fr\\\/urgences-et-campagnes-humanitaires\\\/ukraine-appel-a-la-paix-a-loccasion-du-4eme-anniversaire-du-conflit\\\/#breadcrumb\",\"itemListElement\":[{\"@type\":\"ListItem\",\"position\":1,\"name\":\"Home\",\"item\":\"https:\\\/\\\/www.cgfmanet.org\\\/fr\\\/\"},{\"@type\":\"ListItem\",\"position\":2,\"name\":\"Ukraine : appel \u00e0 la paix \u00e0 l&#8217;occasion du 4\u00e8me anniversaire du conflit\"}]},{\"@type\":\"WebSite\",\"@id\":\"https:\\\/\\\/www.cgfmanet.org\\\/es\\\/#website\",\"url\":\"https:\\\/\\\/www.cgfmanet.org\\\/es\\\/\",\"name\":\"Istituto Figlie di Maria Ausiliatrice\",\"description\":\"Salesiane di Don Bosco\",\"publisher\":{\"@id\":\"https:\\\/\\\/www.cgfmanet.org\\\/es\\\/#organization\"},\"potentialAction\":[{\"@type\":\"SearchAction\",\"target\":{\"@type\":\"EntryPoint\",\"urlTemplate\":\"https:\\\/\\\/www.cgfmanet.org\\\/es\\\/?s={search_term_string}\"},\"query-input\":{\"@type\":\"PropertyValueSpecification\",\"valueRequired\":true,\"valueName\":\"search_term_string\"}}],\"inLanguage\":\"fr-FR\"},{\"@type\":\"Organization\",\"@id\":\"https:\\\/\\\/www.cgfmanet.org\\\/es\\\/#organization\",\"name\":\"Istituto Figlie di Maria Ausiliatrice\",\"url\":\"https:\\\/\\\/www.cgfmanet.org\\\/es\\\/\",\"logo\":{\"@type\":\"ImageObject\",\"inLanguage\":\"fr-FR\",\"@id\":\"https:\\\/\\\/www.cgfmanet.org\\\/es\\\/#\\\/schema\\\/logo\\\/image\\\/\",\"url\":\"https:\\\/\\\/www.cgfmanet.org\\\/wp-content\\\/uploads\\\/2018\\\/10\\\/logo-fma.png\",\"contentUrl\":\"https:\\\/\\\/www.cgfmanet.org\\\/wp-content\\\/uploads\\\/2018\\\/10\\\/logo-fma.png\",\"width\":214,\"height\":55,\"caption\":\"Istituto Figlie di Maria Ausiliatrice\"},\"image\":{\"@id\":\"https:\\\/\\\/www.cgfmanet.org\\\/es\\\/#\\\/schema\\\/logo\\\/image\\\/\"},\"sameAs\":[\"https:\\\/\\\/www.facebook.com\\\/salesian.sisters.of.don.bosco\\\/\",\"https:\\\/\\\/x.com\\\/Cgfmanet_Org\",\"https:\\\/\\\/www.youtube.com\\\/channel\\\/UCmcr8yFQBV7JXeXVxyV9y5Q\"]},{\"@type\":\"Person\",\"@id\":\"https:\\\/\\\/www.cgfmanet.org\\\/es\\\/#\\\/schema\\\/person\\\/ce6473083f53ef0ef882cca23f0c8fb9\",\"name\":\"Redazione\"}]}<\/script>\n<!-- \/ Yoast SEO plugin. -->","yoast_head_json":{"title":"Ukraine : appel \u00e0 la paix \u00e0 l'occasion du 4\u00e8me anniversaire du conflit &#8226; Istituto Figlie di Maria Ausiliatrice","description":"Le 24 f\u00e9vrier 2026 marquera le 4\u00e8me anniversaire du d\u00e9but du conflit en Ukraine. T\u00e9moignage des FMA qui restent aux c\u00f4t\u00e9s de la population \u00e0 Kiev, Lviv et Odessa.","robots":{"index":"index","follow":"follow","max-snippet":"max-snippet:-1","max-image-preview":"max-image-preview:large","max-video-preview":"max-video-preview:-1"},"canonical":"https:\/\/www.cgfmanet.org\/fr\/urgences-et-campagnes-humanitaires\/ukraine-appel-a-la-paix-a-loccasion-du-4eme-anniversaire-du-conflit\/","og_locale":"fr_FR","og_type":"article","og_title":"Ukraine : appel \u00e0 la paix \u00e0 l'occasion du 4\u00e8me anniversaire du conflit &#8226; Istituto Figlie di Maria Ausiliatrice","og_description":"Le 24 f\u00e9vrier 2026 marquera le 4\u00e8me anniversaire du d\u00e9but du conflit en Ukraine. T\u00e9moignage des FMA qui restent aux c\u00f4t\u00e9s de la population \u00e0 Kiev, Lviv et Odessa.","og_url":"https:\/\/www.cgfmanet.org\/fr\/urgences-et-campagnes-humanitaires\/ukraine-appel-a-la-paix-a-loccasion-du-4eme-anniversaire-du-conflit\/","og_site_name":"Istituto Figlie di Maria Ausiliatrice","article_publisher":"https:\/\/www.facebook.com\/salesian.sisters.of.don.bosco\/","article_published_time":"2026-04-05T06:39:47+00:00","og_image":[{"width":1181,"height":788,"url":"https:\/\/www.cgfmanet.org\/wp-content\/uploads\/2026\/02\/4\u00b0-anniversario-Ucraina.jpg","type":"image\/jpeg"}],"author":"Redazione","twitter_card":"summary_large_image","twitter_creator":"@Cgfmanet_Org","twitter_site":"@Cgfmanet_Org","twitter_misc":{"\u00c9crit par":"Redazione","Dur\u00e9e de lecture estim\u00e9e":"9 minutes"},"schema":{"@context":"https:\/\/schema.org","@graph":[{"@type":"Article","@id":"https:\/\/www.cgfmanet.org\/fr\/urgences-et-campagnes-humanitaires\/ukraine-appel-a-la-paix-a-loccasion-du-4eme-anniversaire-du-conflit\/#article","isPartOf":{"@id":"https:\/\/www.cgfmanet.org\/fr\/urgences-et-campagnes-humanitaires\/ukraine-appel-a-la-paix-a-loccasion-du-4eme-anniversaire-du-conflit\/"},"author":{"name":"Redazione","@id":"https:\/\/www.cgfmanet.org\/es\/#\/schema\/person\/ce6473083f53ef0ef882cca23f0c8fb9"},"headline":"Ukraine : appel \u00e0 la paix \u00e0 l&rsquo;occasion du 4\u00e8me anniversaire du conflit","datePublished":"2026-04-05T06:39:47+00:00","mainEntityOfPage":{"@id":"https:\/\/www.cgfmanet.org\/fr\/urgences-et-campagnes-humanitaires\/ukraine-appel-a-la-paix-a-loccasion-du-4eme-anniversaire-du-conflit\/"},"wordCount":1735,"commentCount":0,"publisher":{"@id":"https:\/\/www.cgfmanet.org\/es\/#organization"},"image":{"@id":"https:\/\/www.cgfmanet.org\/fr\/urgences-et-campagnes-humanitaires\/ukraine-appel-a-la-paix-a-loccasion-du-4eme-anniversaire-du-conflit\/#primaryimage"},"thumbnailUrl":"https:\/\/www.cgfmanet.org\/wp-content\/uploads\/2026\/02\/4\u00b0-anniversario-Ucraina.jpg","keywords":["EEG","cittadinanza","Paix","Focus","Solidariet\u00e0"],"articleSection":["Urgences et Campagnes Humanitaires"],"inLanguage":"fr-FR","potentialAction":[{"@type":"CommentAction","name":"Comment","target":["https:\/\/www.cgfmanet.org\/fr\/urgences-et-campagnes-humanitaires\/ukraine-appel-a-la-paix-a-loccasion-du-4eme-anniversaire-du-conflit\/#respond"]}]},{"@type":"WebPage","@id":"https:\/\/www.cgfmanet.org\/fr\/urgences-et-campagnes-humanitaires\/ukraine-appel-a-la-paix-a-loccasion-du-4eme-anniversaire-du-conflit\/","url":"https:\/\/www.cgfmanet.org\/fr\/urgences-et-campagnes-humanitaires\/ukraine-appel-a-la-paix-a-loccasion-du-4eme-anniversaire-du-conflit\/","name":"Ukraine : appel \u00e0 la paix \u00e0 l'occasion du 4\u00e8me anniversaire du conflit &#8226; Istituto Figlie di Maria Ausiliatrice","isPartOf":{"@id":"https:\/\/www.cgfmanet.org\/es\/#website"},"primaryImageOfPage":{"@id":"https:\/\/www.cgfmanet.org\/fr\/urgences-et-campagnes-humanitaires\/ukraine-appel-a-la-paix-a-loccasion-du-4eme-anniversaire-du-conflit\/#primaryimage"},"image":{"@id":"https:\/\/www.cgfmanet.org\/fr\/urgences-et-campagnes-humanitaires\/ukraine-appel-a-la-paix-a-loccasion-du-4eme-anniversaire-du-conflit\/#primaryimage"},"thumbnailUrl":"https:\/\/www.cgfmanet.org\/wp-content\/uploads\/2026\/02\/4\u00b0-anniversario-Ucraina.jpg","datePublished":"2026-04-05T06:39:47+00:00","description":"Le 24 f\u00e9vrier 2026 marquera le 4\u00e8me anniversaire du d\u00e9but du conflit en Ukraine. T\u00e9moignage des FMA qui restent aux c\u00f4t\u00e9s de la population \u00e0 Kiev, Lviv et Odessa.","breadcrumb":{"@id":"https:\/\/www.cgfmanet.org\/fr\/urgences-et-campagnes-humanitaires\/ukraine-appel-a-la-paix-a-loccasion-du-4eme-anniversaire-du-conflit\/#breadcrumb"},"inLanguage":"fr-FR","potentialAction":[{"@type":"ReadAction","target":["https:\/\/www.cgfmanet.org\/fr\/urgences-et-campagnes-humanitaires\/ukraine-appel-a-la-paix-a-loccasion-du-4eme-anniversaire-du-conflit\/"]}]},{"@type":"ImageObject","inLanguage":"fr-FR","@id":"https:\/\/www.cgfmanet.org\/fr\/urgences-et-campagnes-humanitaires\/ukraine-appel-a-la-paix-a-loccasion-du-4eme-anniversaire-du-conflit\/#primaryimage","url":"https:\/\/www.cgfmanet.org\/wp-content\/uploads\/2026\/02\/4\u00b0-anniversario-Ucraina.jpg","contentUrl":"https:\/\/www.cgfmanet.org\/wp-content\/uploads\/2026\/02\/4\u00b0-anniversario-Ucraina.jpg","width":1181,"height":788},{"@type":"BreadcrumbList","@id":"https:\/\/www.cgfmanet.org\/fr\/urgences-et-campagnes-humanitaires\/ukraine-appel-a-la-paix-a-loccasion-du-4eme-anniversaire-du-conflit\/#breadcrumb","itemListElement":[{"@type":"ListItem","position":1,"name":"Home","item":"https:\/\/www.cgfmanet.org\/fr\/"},{"@type":"ListItem","position":2,"name":"Ukraine : appel \u00e0 la paix \u00e0 l&#8217;occasion du 4\u00e8me anniversaire du conflit"}]},{"@type":"WebSite","@id":"https:\/\/www.cgfmanet.org\/es\/#website","url":"https:\/\/www.cgfmanet.org\/es\/","name":"Istituto Figlie di Maria Ausiliatrice","description":"Salesiane di Don Bosco","publisher":{"@id":"https:\/\/www.cgfmanet.org\/es\/#organization"},"potentialAction":[{"@type":"SearchAction","target":{"@type":"EntryPoint","urlTemplate":"https:\/\/www.cgfmanet.org\/es\/?s={search_term_string}"},"query-input":{"@type":"PropertyValueSpecification","valueRequired":true,"valueName":"search_term_string"}}],"inLanguage":"fr-FR"},{"@type":"Organization","@id":"https:\/\/www.cgfmanet.org\/es\/#organization","name":"Istituto Figlie di Maria Ausiliatrice","url":"https:\/\/www.cgfmanet.org\/es\/","logo":{"@type":"ImageObject","inLanguage":"fr-FR","@id":"https:\/\/www.cgfmanet.org\/es\/#\/schema\/logo\/image\/","url":"https:\/\/www.cgfmanet.org\/wp-content\/uploads\/2018\/10\/logo-fma.png","contentUrl":"https:\/\/www.cgfmanet.org\/wp-content\/uploads\/2018\/10\/logo-fma.png","width":214,"height":55,"caption":"Istituto Figlie di Maria Ausiliatrice"},"image":{"@id":"https:\/\/www.cgfmanet.org\/es\/#\/schema\/logo\/image\/"},"sameAs":["https:\/\/www.facebook.com\/salesian.sisters.of.don.bosco\/","https:\/\/x.com\/Cgfmanet_Org","https:\/\/www.youtube.com\/channel\/UCmcr8yFQBV7JXeXVxyV9y5Q"]},{"@type":"Person","@id":"https:\/\/www.cgfmanet.org\/es\/#\/schema\/person\/ce6473083f53ef0ef882cca23f0c8fb9","name":"Redazione"}]}},"_links":{"self":[{"href":"https:\/\/www.cgfmanet.org\/fr\/wp-json\/wp\/v2\/posts\/154004","targetHints":{"allow":["GET"]}}],"collection":[{"href":"https:\/\/www.cgfmanet.org\/fr\/wp-json\/wp\/v2\/posts"}],"about":[{"href":"https:\/\/www.cgfmanet.org\/fr\/wp-json\/wp\/v2\/types\/post"}],"author":[{"embeddable":true,"href":"https:\/\/www.cgfmanet.org\/fr\/wp-json\/wp\/v2\/users\/21"}],"replies":[{"embeddable":true,"href":"https:\/\/www.cgfmanet.org\/fr\/wp-json\/wp\/v2\/comments?post=154004"}],"version-history":[{"count":3,"href":"https:\/\/www.cgfmanet.org\/fr\/wp-json\/wp\/v2\/posts\/154004\/revisions"}],"predecessor-version":[{"id":154218,"href":"https:\/\/www.cgfmanet.org\/fr\/wp-json\/wp\/v2\/posts\/154004\/revisions\/154218"}],"wp:featuredmedia":[{"embeddable":true,"href":"https:\/\/www.cgfmanet.org\/fr\/wp-json\/wp\/v2\/media\/153984"}],"wp:attachment":[{"href":"https:\/\/www.cgfmanet.org\/fr\/wp-json\/wp\/v2\/media?parent=154004"}],"wp:term":[{"taxonomy":"category","embeddable":true,"href":"https:\/\/www.cgfmanet.org\/fr\/wp-json\/wp\/v2\/categories?post=154004"},{"taxonomy":"post_tag","embeddable":true,"href":"https:\/\/www.cgfmanet.org\/fr\/wp-json\/wp\/v2\/tags?post=154004"}],"curies":[{"name":"wp","href":"https:\/\/api.w.org\/{rel}","templated":true}]}}