{"id":153444,"date":"2026-02-21T16:40:09","date_gmt":"2026-02-21T15:40:09","guid":{"rendered":"https:\/\/www.cgfmanet.org\/info-sphere\/festa-del-grazie-mondiale-2026\/"},"modified":"2026-02-19T12:19:47","modified_gmt":"2026-02-19T11:19:47","slug":"fete-de-la-reconnaissance-mondiale-2026","status":"publish","type":"post","link":"https:\/\/www.cgfmanet.org\/fr\/ifma-fr\/fete-de-la-reconnaissance-mondiale-2026\/","title":{"rendered":"F\u00eate  de la Reconnaissance mondiale 2026"},"content":{"rendered":"<p><strong>Rome (Italie)<\/strong>. La Vicaire g\u00e9n\u00e9rale de l&rsquo;Institut des Filles de Marie Auxiliatrice, <strong>S\u0153ur Mar\u00eda del Rosario Garc\u00eda Ribas<\/strong>, a adress\u00e9 une lettre aux Provinciales, aux Sup\u00e9rieures des Visitatoriats et \u00e0 toutes les Communaut\u00e9s FMA et aux Communaut\u00e9s \u00e9ducatives de l&rsquo;Institut FMA pr\u00e9sentes sur les cinq continents, afin de leur communiquer le th\u00e8me de la <strong>F\u00eate de la Reconnaissance 2026<\/strong>, ainsi que des directives pour sa pr\u00e9paration et sa mise en \u0153uvre.<\/p>\n<p><span style=\"color: #0000ff;\"><strong><a style=\"color: #0000ff;\" href=\"https:\/\/www.cgfmanet.org\/fr\/ifma-fr\/la-fete-mondiale-de-la-reconnaissance-2026-se-tiendra-en-equateur\/\" target=\"_blank\" rel=\"noopener\">Comme annonc\u00e9 pr\u00e9c\u00e9demment<\/a><\/strong><\/span>, la F\u00eate sera c\u00e9l\u00e9br\u00e9e <strong>dans la Province du Sacr\u00e9-C\u0153ur (ECU) d&rsquo;\u00c9quateur du 23 au 26 avril 2026<\/strong> et aura pour th\u00e8me :<\/p>\n<h2 style=\"text-align: center;\"><em><span style=\"color: #ff0000;\"><strong>Soyez missionnaires partout<\/strong><\/span><\/em><\/h2>\n<p>Les motivations sont les suivantes\u00a0:<\/p>\n<p>La c\u00e9l\u00e9bration de la f\u00eate\u00a0 de la reconnaissance 2026 assume une signification toute particuli\u00e8re parce qu&rsquo;elle se place dans le contexte de la r\u00e9cente canonisation de Sainte Maria Troncatti, missionnaire passionn\u00e9e, m\u00e8re et artisane de paix et de r\u00e9conciliation. Nous accueillons ce don\u00a0 comme une gr\u00e2ce pour tout l&rsquo;Institut qui nous invite \u00e0 renouveler notre \u00e9lan missionnaire et notre fid\u00e9lit\u00e9 cr\u00e9ative au charisme dans ce parcours de f\u00eate\u00a0 que nous allons vivre en ce 150e anniversaire du premier d\u00e9part missionnaire.<\/p>\n<p>\u00ab<strong>\u00a0Va et toi aussi fais de m\u00eame<\/strong>\u00a0\u00bb (Lc 10,37) c&rsquo;est <strong>la Parole de Dieu<\/strong> qui illuminera la\u00a0\u00a0 f\u00eate\u00a0: \u00ab\u00a0cette invitation \u00e9vang\u00e9lique na\u00eet de la parabole du Bon Samaritain, interpelle profond\u00e9ment notre vocation de FMA,\u00a0 appel\u00e9es \u00e0 \u00eatre <em>signe et expression de l&rsquo;amour pr\u00e9venant de Dieu<\/em>, une pr\u00e9sence qui se fait proximit\u00e9 et sollicitude, surtout l\u00e0 o\u00f9 la vie est la plus fragile.\u00a0\u00bb<\/p>\n<p><strong>\u00a0Le logo de la f\u00eate<\/strong> a \u00e9t\u00e9 con\u00e7u par la Province \u00e9quatorienne pour exprimer visuellement le sentiment de gratitude et de c\u00e9l\u00e9bration\u00a0 autour de la figure de sainte Maria Troncatti, en mettant en valeur ses principales qualit\u00e9s.<\/p>\n<p><a href=\"https:\/\/www.cgfmanet.org\/wp-content\/uploads\/2026\/02\/Solo-logo_Festa_Grazie-2026_ECU.jpg\"><img decoding=\"async\" class=\"alignleft wp-image-153432 lazyload\" data-src=\"https:\/\/www.cgfmanet.org\/wp-content\/uploads\/2026\/02\/Solo-logo_Festa_Grazie-2026_ECU.jpg\" alt=\"\" width=\"350\" height=\"445\" data-srcset=\"https:\/\/www.cgfmanet.org\/wp-content\/uploads\/2026\/02\/Solo-logo_Festa_Grazie-2026_ECU.jpg 591w, https:\/\/www.cgfmanet.org\/wp-content\/uploads\/2026\/02\/Solo-logo_Festa_Grazie-2026_ECU-330x420.jpg 330w\" data-sizes=\"auto\" src=\"data:image\/svg+xml;base64,PHN2ZyB3aWR0aD0iMSIgaGVpZ2h0PSIxIiB4bWxucz0iaHR0cDovL3d3dy53My5vcmcvMjAwMC9zdmciPjwvc3ZnPg==\" style=\"--smush-placeholder-width: 350px; --smush-placeholder-aspect-ratio: 350\/445;\" data-original-sizes=\"(max-width: 350px) 100vw, 350px\" \/><\/a><\/p>\n<p>L&rsquo;axe central du logo est <strong>l&rsquo;image de sainte Maria Troncatti<\/strong>, plac\u00e9e dans le c\u0153ur de <strong>Marie Auxiliatrice<\/strong>. Sa composition cr\u00e9e un cadre symbolique qui \u00e9voque \u00e0 la fois l&rsquo;<strong>Amazonie \u00e9quatorienne<\/strong>, territoire o\u00f9 elle a men\u00e9 son \u0153uvre missionnaire et la protection spirituelle qui l&rsquo;a constamment accompagn\u00e9e. Cette int\u00e9gration refl\u00e8te le contexte g\u00e9ographique et la dimension charismatique de sa mission.<\/p>\n<p>L&rsquo;ensemble du logo est compl\u00e9t\u00e9 par <strong>un anneau de cinq \u00e9toiles<\/strong> entourant la couronne de Marie Auxiliatrice. Chaque \u00e9toile repr\u00e9sente <strong>la pr\u00e9sence de la FMA sur les cinq continents<\/strong> et est associ\u00e9e \u00e0 l&rsquo;une des couleurs missionnaires traditionnelles\u00a0: <strong>blanc, rouge, vert, jaune et bleu<\/strong>. Cet \u00e9l\u00e9ment rappelle explicitement le caract\u00e8re universel de la mission de l&rsquo;\u00c9glise, \u00ab\u00a0appel\u00e9e et envoy\u00e9e\u00a0\u00bb, renfor\u00e7ant ainsi la dimension missionnaire de notre charisme.<\/p>\n<p><strong>Parcours de pr\u00e9paration<\/strong><\/p>\n<p>En pr\u00e9paration de la F\u00eate, la Province ECU propose <strong>un triduum festif<\/strong>, divis\u00e9 en trois lectio divina, qui nous conduiront \u00e0 contempler la figure de sainte Maria Troncatti comme M\u00e8re, Missionnaire et Artisane de Paix.<\/p>\n<p>La Lettre contient \u00e9galement des propositions\u00a0 sur le signe \u00e0 partager par les Provinces et les Visitatoriats, sur le geste de solidarit\u00e9 propos\u00e9 par la Province de l&rsquo;ECU et le programme de la F\u00eate.<\/p>\n<p>Parall\u00e8lement, <strong>le site web de la F\u00eate de la Reconnaissance 2026<\/strong> est en cours de cr\u00e9ation. Il contiendra tous les documents de pr\u00e9paration, l&rsquo;hymne, la cons\u00e9cration \u00e0 Marie Auxiliatrice, des suggestions d&rsquo;activit\u00e9s communautaires, ainsi que les instructions et informations n\u00e9cessaires. <strong>Le lien sera<\/strong> <strong>disponible prochainement sur le site web de l&rsquo;Institut.<\/strong><\/p>\n<p>La Vicaire G\u00e9n\u00e9rale conclut sa lettre en remerciant la Province du Sacr\u00e9-C\u0153ur d&rsquo;\u00c9quateur pour sa g\u00e9n\u00e9reuse disponibilit\u00e9 et son engagement joyeux dans la pr\u00e9paration de cet \u00e9v\u00e9nement familial, ainsi que les Provinciales et Sup\u00e9rieures des Visitatoriats pour leur d\u00e9vouement aux pr\u00e9paratifs. Elle exprime enfin sa confiance que \u00ab la F\u00eate de la Reconnaissance 2026 nous aidera \u00e0\u00a0 renouveler, \u00e0 l\u2019exemple de sainte Maria Troncatti, <strong>notre oui missionnaire <\/strong>\u00bb.<\/p>\n<p><span style=\"color: #0000ff;\"><a style=\"color: #0000ff;\" href=\"https:\/\/drive.google.com\/drive\/u\/0\/folders\/1JO46cRTrh8806ax6614EBM2qyOKY5ZKJ\" target=\"_blank\" rel=\"noopener\"><strong>Lettre de la Vicaire g\u00e9n\u00e9rale<\/strong><\/a><\/span><\/p>\n","protected":false},"excerpt":{"rendered":"<p>Rome (Italie). La Vicaire g\u00e9n\u00e9rale de l&rsquo;Institut des Filles de Marie Auxiliatrice, S\u0153ur Mar\u00eda del Rosario Garc\u00eda Ribas, a adress\u00e9 une lettre aux Provinciales, aux Sup\u00e9rieures des Visitatoriats et \u00e0 [&hellip;]<\/p>\n","protected":false},"author":21,"featured_media":153439,"comment_status":"open","ping_status":"closed","sticky":false,"template":"","format":"standard","meta":{"footnotes":""},"categories":[164,156],"tags":[298,369,493,1127,1638,1929,2377,2462],"class_list":["post-153444","post","type-post","status-publish","format-standard","has-post-thumbnail","category-charisme-salesien","category-ifma-fr","tag-festa-del-grazie-fr","tag-mere-generale","tag-vicaire-generale","tag-ecu-fr","tag-maria-troncatti-en-fr","tag-focus-fr","tag-madre-chiara-cazzuola-fr","tag-150-missions-des-fma"],"yoast_head":"<!-- This site is optimized with the Yoast SEO plugin v27.4 - https:\/\/yoast.com\/product\/yoast-seo-wordpress\/ -->\n<title>F\u00eate de la Reconnaissance mondiale 2026 &#8226; Istituto Figlie di Maria Ausiliatrice<\/title>\n<meta name=\"description\" content=\"La Vicaria generale raggiunge con una Lettera le Ispettrici e le Superiore di Visitatoria per condividere il tema della Festa della Riconoscenza 2026, che si terr\u00e0 nell\u2019Ispettoria ecuadoriana il 26 aprile 2026.\" \/>\n<meta name=\"robots\" content=\"index, follow, max-snippet:-1, max-image-preview:large, max-video-preview:-1\" \/>\n<link rel=\"canonical\" href=\"https:\/\/www.cgfmanet.org\/ifma\/festa-del-grazie-mondiale-2026\/\" \/>\n<meta property=\"og:locale\" content=\"fr_FR\" \/>\n<meta property=\"og:type\" content=\"article\" \/>\n<meta property=\"og:title\" content=\"F\u00eate de la Reconnaissance mondiale 2026 &#8226; Istituto Figlie di Maria Ausiliatrice\" \/>\n<meta property=\"og:description\" content=\"La Vicaria generale raggiunge con una Lettera le Ispettrici e le Superiore di Visitatoria per condividere il tema della Festa della Riconoscenza 2026, che si terr\u00e0 nell\u2019Ispettoria ecuadoriana il 26 aprile 2026.\" \/>\n<meta property=\"og:url\" content=\"https:\/\/www.cgfmanet.org\/ifma\/festa-del-grazie-mondiale-2026\/\" \/>\n<meta property=\"og:site_name\" content=\"Istituto Figlie di Maria Ausiliatrice\" \/>\n<meta property=\"article:publisher\" content=\"https:\/\/www.facebook.com\/salesian.sisters.of.don.bosco\/\" \/>\n<meta property=\"article:published_time\" content=\"2026-02-21T15:40:09+00:00\" \/>\n<meta property=\"og:image\" content=\"https:\/\/www.cgfmanet.org\/wp-content\/uploads\/2026\/02\/Logo-Festa-del-Grazie-2026_ECU.jpg\" \/>\n\t<meta property=\"og:image:width\" content=\"1200\" \/>\n\t<meta property=\"og:image:height\" content=\"800\" \/>\n\t<meta property=\"og:image:type\" content=\"image\/jpeg\" \/>\n<meta name=\"author\" content=\"Redazione\" \/>\n<meta name=\"twitter:card\" content=\"summary_large_image\" \/>\n<meta name=\"twitter:creator\" content=\"@Cgfmanet_Org\" \/>\n<meta name=\"twitter:site\" content=\"@Cgfmanet_Org\" \/>\n<meta name=\"twitter:label1\" content=\"\u00c9crit par\" \/>\n\t<meta name=\"twitter:data1\" content=\"Redazione\" \/>\n\t<meta name=\"twitter:label2\" content=\"Dur\u00e9e de lecture estim\u00e9e\" \/>\n\t<meta name=\"twitter:data2\" content=\"4 minutes\" \/>\n<script type=\"application\/ld+json\" class=\"yoast-schema-graph\">{\"@context\":\"https:\\\/\\\/schema.org\",\"@graph\":[{\"@type\":\"Article\",\"@id\":\"https:\\\/\\\/www.cgfmanet.org\\\/ifma\\\/festa-del-grazie-mondiale-2026\\\/#article\",\"isPartOf\":{\"@id\":\"https:\\\/\\\/www.cgfmanet.org\\\/ifma\\\/festa-del-grazie-mondiale-2026\\\/\"},\"author\":{\"name\":\"Redazione\",\"@id\":\"https:\\\/\\\/www.cgfmanet.org\\\/es\\\/#\\\/schema\\\/person\\\/ce6473083f53ef0ef882cca23f0c8fb9\"},\"headline\":\"F\u00eate de la Reconnaissance mondiale 2026\",\"datePublished\":\"2026-02-21T15:40:09+00:00\",\"mainEntityOfPage\":{\"@id\":\"https:\\\/\\\/www.cgfmanet.org\\\/ifma\\\/festa-del-grazie-mondiale-2026\\\/\"},\"wordCount\":699,\"commentCount\":0,\"publisher\":{\"@id\":\"https:\\\/\\\/www.cgfmanet.org\\\/es\\\/#organization\"},\"image\":{\"@id\":\"https:\\\/\\\/www.cgfmanet.org\\\/ifma\\\/festa-del-grazie-mondiale-2026\\\/#primaryimage\"},\"thumbnailUrl\":\"https:\\\/\\\/www.cgfmanet.org\\\/wp-content\\\/uploads\\\/2026\\\/02\\\/Logo-Festa-del-Grazie-2026_ECU.jpg\",\"keywords\":[\"F\u00eate de la Reconnaissance\",\"M\u00e8re G\u00e9n\u00e9rale\",\"Vicaire G\u00e9n\u00e9rale\",\"ECU\",\"Maria Troncatti\",\"Focus\",\"Madre Chiara Cazzuola\",\"150\u00b0 Missions des FMA\"],\"articleSection\":[\"Charisme Sal\u00e9sien\",\"IFMA\"],\"inLanguage\":\"fr-FR\",\"potentialAction\":[{\"@type\":\"CommentAction\",\"name\":\"Comment\",\"target\":[\"https:\\\/\\\/www.cgfmanet.org\\\/ifma\\\/festa-del-grazie-mondiale-2026\\\/#respond\"]}]},{\"@type\":\"WebPage\",\"@id\":\"https:\\\/\\\/www.cgfmanet.org\\\/ifma\\\/festa-del-grazie-mondiale-2026\\\/\",\"url\":\"https:\\\/\\\/www.cgfmanet.org\\\/ifma\\\/festa-del-grazie-mondiale-2026\\\/\",\"name\":\"F\u00eate de la Reconnaissance mondiale 2026 &#8226; Istituto Figlie di Maria Ausiliatrice\",\"isPartOf\":{\"@id\":\"https:\\\/\\\/www.cgfmanet.org\\\/es\\\/#website\"},\"primaryImageOfPage\":{\"@id\":\"https:\\\/\\\/www.cgfmanet.org\\\/ifma\\\/festa-del-grazie-mondiale-2026\\\/#primaryimage\"},\"image\":{\"@id\":\"https:\\\/\\\/www.cgfmanet.org\\\/ifma\\\/festa-del-grazie-mondiale-2026\\\/#primaryimage\"},\"thumbnailUrl\":\"https:\\\/\\\/www.cgfmanet.org\\\/wp-content\\\/uploads\\\/2026\\\/02\\\/Logo-Festa-del-Grazie-2026_ECU.jpg\",\"datePublished\":\"2026-02-21T15:40:09+00:00\",\"description\":\"La Vicaria generale raggiunge con una Lettera le Ispettrici e le Superiore di Visitatoria per condividere il tema della Festa della Riconoscenza 2026, che si terr\u00e0 nell\u2019Ispettoria ecuadoriana il 26 aprile 2026.\",\"breadcrumb\":{\"@id\":\"https:\\\/\\\/www.cgfmanet.org\\\/ifma\\\/festa-del-grazie-mondiale-2026\\\/#breadcrumb\"},\"inLanguage\":\"fr-FR\",\"potentialAction\":[{\"@type\":\"ReadAction\",\"target\":[\"https:\\\/\\\/www.cgfmanet.org\\\/ifma\\\/festa-del-grazie-mondiale-2026\\\/\"]}]},{\"@type\":\"ImageObject\",\"inLanguage\":\"fr-FR\",\"@id\":\"https:\\\/\\\/www.cgfmanet.org\\\/ifma\\\/festa-del-grazie-mondiale-2026\\\/#primaryimage\",\"url\":\"https:\\\/\\\/www.cgfmanet.org\\\/wp-content\\\/uploads\\\/2026\\\/02\\\/Logo-Festa-del-Grazie-2026_ECU.jpg\",\"contentUrl\":\"https:\\\/\\\/www.cgfmanet.org\\\/wp-content\\\/uploads\\\/2026\\\/02\\\/Logo-Festa-del-Grazie-2026_ECU.jpg\",\"width\":1200,\"height\":800},{\"@type\":\"BreadcrumbList\",\"@id\":\"https:\\\/\\\/www.cgfmanet.org\\\/ifma\\\/festa-del-grazie-mondiale-2026\\\/#breadcrumb\",\"itemListElement\":[{\"@type\":\"ListItem\",\"position\":1,\"name\":\"Home\",\"item\":\"https:\\\/\\\/www.cgfmanet.org\\\/fr\\\/\"},{\"@type\":\"ListItem\",\"position\":2,\"name\":\"F\u00eate de la Reconnaissance mondiale 2026\"}]},{\"@type\":\"WebSite\",\"@id\":\"https:\\\/\\\/www.cgfmanet.org\\\/es\\\/#website\",\"url\":\"https:\\\/\\\/www.cgfmanet.org\\\/es\\\/\",\"name\":\"Istituto Figlie di Maria Ausiliatrice\",\"description\":\"Salesiane di Don Bosco\",\"publisher\":{\"@id\":\"https:\\\/\\\/www.cgfmanet.org\\\/es\\\/#organization\"},\"potentialAction\":[{\"@type\":\"SearchAction\",\"target\":{\"@type\":\"EntryPoint\",\"urlTemplate\":\"https:\\\/\\\/www.cgfmanet.org\\\/es\\\/?s={search_term_string}\"},\"query-input\":{\"@type\":\"PropertyValueSpecification\",\"valueRequired\":true,\"valueName\":\"search_term_string\"}}],\"inLanguage\":\"fr-FR\"},{\"@type\":\"Organization\",\"@id\":\"https:\\\/\\\/www.cgfmanet.org\\\/es\\\/#organization\",\"name\":\"Istituto Figlie di Maria Ausiliatrice\",\"url\":\"https:\\\/\\\/www.cgfmanet.org\\\/es\\\/\",\"logo\":{\"@type\":\"ImageObject\",\"inLanguage\":\"fr-FR\",\"@id\":\"https:\\\/\\\/www.cgfmanet.org\\\/es\\\/#\\\/schema\\\/logo\\\/image\\\/\",\"url\":\"https:\\\/\\\/www.cgfmanet.org\\\/wp-content\\\/uploads\\\/2018\\\/10\\\/logo-fma.png\",\"contentUrl\":\"https:\\\/\\\/www.cgfmanet.org\\\/wp-content\\\/uploads\\\/2018\\\/10\\\/logo-fma.png\",\"width\":214,\"height\":55,\"caption\":\"Istituto Figlie di Maria Ausiliatrice\"},\"image\":{\"@id\":\"https:\\\/\\\/www.cgfmanet.org\\\/es\\\/#\\\/schema\\\/logo\\\/image\\\/\"},\"sameAs\":[\"https:\\\/\\\/www.facebook.com\\\/salesian.sisters.of.don.bosco\\\/\",\"https:\\\/\\\/x.com\\\/Cgfmanet_Org\",\"https:\\\/\\\/www.youtube.com\\\/channel\\\/UCmcr8yFQBV7JXeXVxyV9y5Q\"]},{\"@type\":\"Person\",\"@id\":\"https:\\\/\\\/www.cgfmanet.org\\\/es\\\/#\\\/schema\\\/person\\\/ce6473083f53ef0ef882cca23f0c8fb9\",\"name\":\"Redazione\"}]}<\/script>\n<!-- \/ Yoast SEO plugin. -->","yoast_head_json":{"title":"F\u00eate de la Reconnaissance mondiale 2026 &#8226; Istituto Figlie di Maria Ausiliatrice","description":"La Vicaria generale raggiunge con una Lettera le Ispettrici e le Superiore di Visitatoria per condividere il tema della Festa della Riconoscenza 2026, che si terr\u00e0 nell\u2019Ispettoria ecuadoriana il 26 aprile 2026.","robots":{"index":"index","follow":"follow","max-snippet":"max-snippet:-1","max-image-preview":"max-image-preview:large","max-video-preview":"max-video-preview:-1"},"canonical":"https:\/\/www.cgfmanet.org\/ifma\/festa-del-grazie-mondiale-2026\/","og_locale":"fr_FR","og_type":"article","og_title":"F\u00eate de la Reconnaissance mondiale 2026 &#8226; Istituto Figlie di Maria Ausiliatrice","og_description":"La Vicaria generale raggiunge con una Lettera le Ispettrici e le Superiore di Visitatoria per condividere il tema della Festa della Riconoscenza 2026, che si terr\u00e0 nell\u2019Ispettoria ecuadoriana il 26 aprile 2026.","og_url":"https:\/\/www.cgfmanet.org\/ifma\/festa-del-grazie-mondiale-2026\/","og_site_name":"Istituto Figlie di Maria Ausiliatrice","article_publisher":"https:\/\/www.facebook.com\/salesian.sisters.of.don.bosco\/","article_published_time":"2026-02-21T15:40:09+00:00","og_image":[{"width":1200,"height":800,"url":"https:\/\/www.cgfmanet.org\/wp-content\/uploads\/2026\/02\/Logo-Festa-del-Grazie-2026_ECU.jpg","type":"image\/jpeg"}],"author":"Redazione","twitter_card":"summary_large_image","twitter_creator":"@Cgfmanet_Org","twitter_site":"@Cgfmanet_Org","twitter_misc":{"\u00c9crit par":"Redazione","Dur\u00e9e de lecture estim\u00e9e":"4 minutes"},"schema":{"@context":"https:\/\/schema.org","@graph":[{"@type":"Article","@id":"https:\/\/www.cgfmanet.org\/ifma\/festa-del-grazie-mondiale-2026\/#article","isPartOf":{"@id":"https:\/\/www.cgfmanet.org\/ifma\/festa-del-grazie-mondiale-2026\/"},"author":{"name":"Redazione","@id":"https:\/\/www.cgfmanet.org\/es\/#\/schema\/person\/ce6473083f53ef0ef882cca23f0c8fb9"},"headline":"F\u00eate de la Reconnaissance mondiale 2026","datePublished":"2026-02-21T15:40:09+00:00","mainEntityOfPage":{"@id":"https:\/\/www.cgfmanet.org\/ifma\/festa-del-grazie-mondiale-2026\/"},"wordCount":699,"commentCount":0,"publisher":{"@id":"https:\/\/www.cgfmanet.org\/es\/#organization"},"image":{"@id":"https:\/\/www.cgfmanet.org\/ifma\/festa-del-grazie-mondiale-2026\/#primaryimage"},"thumbnailUrl":"https:\/\/www.cgfmanet.org\/wp-content\/uploads\/2026\/02\/Logo-Festa-del-Grazie-2026_ECU.jpg","keywords":["F\u00eate de la Reconnaissance","M\u00e8re G\u00e9n\u00e9rale","Vicaire G\u00e9n\u00e9rale","ECU","Maria Troncatti","Focus","Madre Chiara Cazzuola","150\u00b0 Missions des FMA"],"articleSection":["Charisme Sal\u00e9sien","IFMA"],"inLanguage":"fr-FR","potentialAction":[{"@type":"CommentAction","name":"Comment","target":["https:\/\/www.cgfmanet.org\/ifma\/festa-del-grazie-mondiale-2026\/#respond"]}]},{"@type":"WebPage","@id":"https:\/\/www.cgfmanet.org\/ifma\/festa-del-grazie-mondiale-2026\/","url":"https:\/\/www.cgfmanet.org\/ifma\/festa-del-grazie-mondiale-2026\/","name":"F\u00eate de la Reconnaissance mondiale 2026 &#8226; Istituto Figlie di Maria Ausiliatrice","isPartOf":{"@id":"https:\/\/www.cgfmanet.org\/es\/#website"},"primaryImageOfPage":{"@id":"https:\/\/www.cgfmanet.org\/ifma\/festa-del-grazie-mondiale-2026\/#primaryimage"},"image":{"@id":"https:\/\/www.cgfmanet.org\/ifma\/festa-del-grazie-mondiale-2026\/#primaryimage"},"thumbnailUrl":"https:\/\/www.cgfmanet.org\/wp-content\/uploads\/2026\/02\/Logo-Festa-del-Grazie-2026_ECU.jpg","datePublished":"2026-02-21T15:40:09+00:00","description":"La Vicaria generale raggiunge con una Lettera le Ispettrici e le Superiore di Visitatoria per condividere il tema della Festa della Riconoscenza 2026, che si terr\u00e0 nell\u2019Ispettoria ecuadoriana il 26 aprile 2026.","breadcrumb":{"@id":"https:\/\/www.cgfmanet.org\/ifma\/festa-del-grazie-mondiale-2026\/#breadcrumb"},"inLanguage":"fr-FR","potentialAction":[{"@type":"ReadAction","target":["https:\/\/www.cgfmanet.org\/ifma\/festa-del-grazie-mondiale-2026\/"]}]},{"@type":"ImageObject","inLanguage":"fr-FR","@id":"https:\/\/www.cgfmanet.org\/ifma\/festa-del-grazie-mondiale-2026\/#primaryimage","url":"https:\/\/www.cgfmanet.org\/wp-content\/uploads\/2026\/02\/Logo-Festa-del-Grazie-2026_ECU.jpg","contentUrl":"https:\/\/www.cgfmanet.org\/wp-content\/uploads\/2026\/02\/Logo-Festa-del-Grazie-2026_ECU.jpg","width":1200,"height":800},{"@type":"BreadcrumbList","@id":"https:\/\/www.cgfmanet.org\/ifma\/festa-del-grazie-mondiale-2026\/#breadcrumb","itemListElement":[{"@type":"ListItem","position":1,"name":"Home","item":"https:\/\/www.cgfmanet.org\/fr\/"},{"@type":"ListItem","position":2,"name":"F\u00eate de la Reconnaissance mondiale 2026"}]},{"@type":"WebSite","@id":"https:\/\/www.cgfmanet.org\/es\/#website","url":"https:\/\/www.cgfmanet.org\/es\/","name":"Istituto Figlie di Maria Ausiliatrice","description":"Salesiane di Don Bosco","publisher":{"@id":"https:\/\/www.cgfmanet.org\/es\/#organization"},"potentialAction":[{"@type":"SearchAction","target":{"@type":"EntryPoint","urlTemplate":"https:\/\/www.cgfmanet.org\/es\/?s={search_term_string}"},"query-input":{"@type":"PropertyValueSpecification","valueRequired":true,"valueName":"search_term_string"}}],"inLanguage":"fr-FR"},{"@type":"Organization","@id":"https:\/\/www.cgfmanet.org\/es\/#organization","name":"Istituto Figlie di Maria Ausiliatrice","url":"https:\/\/www.cgfmanet.org\/es\/","logo":{"@type":"ImageObject","inLanguage":"fr-FR","@id":"https:\/\/www.cgfmanet.org\/es\/#\/schema\/logo\/image\/","url":"https:\/\/www.cgfmanet.org\/wp-content\/uploads\/2018\/10\/logo-fma.png","contentUrl":"https:\/\/www.cgfmanet.org\/wp-content\/uploads\/2018\/10\/logo-fma.png","width":214,"height":55,"caption":"Istituto Figlie di Maria Ausiliatrice"},"image":{"@id":"https:\/\/www.cgfmanet.org\/es\/#\/schema\/logo\/image\/"},"sameAs":["https:\/\/www.facebook.com\/salesian.sisters.of.don.bosco\/","https:\/\/x.com\/Cgfmanet_Org","https:\/\/www.youtube.com\/channel\/UCmcr8yFQBV7JXeXVxyV9y5Q"]},{"@type":"Person","@id":"https:\/\/www.cgfmanet.org\/es\/#\/schema\/person\/ce6473083f53ef0ef882cca23f0c8fb9","name":"Redazione"}]}},"_links":{"self":[{"href":"https:\/\/www.cgfmanet.org\/fr\/wp-json\/wp\/v2\/posts\/153444","targetHints":{"allow":["GET"]}}],"collection":[{"href":"https:\/\/www.cgfmanet.org\/fr\/wp-json\/wp\/v2\/posts"}],"about":[{"href":"https:\/\/www.cgfmanet.org\/fr\/wp-json\/wp\/v2\/types\/post"}],"author":[{"embeddable":true,"href":"https:\/\/www.cgfmanet.org\/fr\/wp-json\/wp\/v2\/users\/21"}],"replies":[{"embeddable":true,"href":"https:\/\/www.cgfmanet.org\/fr\/wp-json\/wp\/v2\/comments?post=153444"}],"version-history":[{"count":3,"href":"https:\/\/www.cgfmanet.org\/fr\/wp-json\/wp\/v2\/posts\/153444\/revisions"}],"predecessor-version":[{"id":153574,"href":"https:\/\/www.cgfmanet.org\/fr\/wp-json\/wp\/v2\/posts\/153444\/revisions\/153574"}],"wp:featuredmedia":[{"embeddable":true,"href":"https:\/\/www.cgfmanet.org\/fr\/wp-json\/wp\/v2\/media\/153439"}],"wp:attachment":[{"href":"https:\/\/www.cgfmanet.org\/fr\/wp-json\/wp\/v2\/media?parent=153444"}],"wp:term":[{"taxonomy":"category","embeddable":true,"href":"https:\/\/www.cgfmanet.org\/fr\/wp-json\/wp\/v2\/categories?post=153444"},{"taxonomy":"post_tag","embeddable":true,"href":"https:\/\/www.cgfmanet.org\/fr\/wp-json\/wp\/v2\/tags?post=153444"}],"curies":[{"name":"wp","href":"https:\/\/api.w.org\/{rel}","templated":true}]}}