{"id":150076,"date":"2025-12-31T15:09:52","date_gmt":"2025-12-31T14:09:52","guid":{"rendered":"https:\/\/www.cgfmanet.org\/info-sphere\/giornata-mondiale-della-pace-2026\/"},"modified":"2026-01-04T22:24:59","modified_gmt":"2026-01-04T21:24:59","slug":"giornata-mondiale-della-pace-2026","status":"publish","type":"post","link":"https:\/\/www.cgfmanet.org\/fr\/info-sphere\/eglise\/giornata-mondiale-della-pace-2026\/","title":{"rendered":"Journ\u00e9e Mondiale de la Paix 2026"},"content":{"rendered":"<p><strong>Rome (Italie).<\/strong> Le 1<sup>er<\/sup> janvier 2026, la 59<sup>\u00e8me<\/sup> Journ\u00e9e Mondiale de la Paix est c\u00e9l\u00e9br\u00e9e, cr\u00e9\u00e9e par le Pape Paul VI en 1968 \u2013 au d\u00e9but du calendrier qui mesure et d\u00e9crit le parcours de la vie humaine dans le temps \u2013 dans l\u2019espoir <em>\u2018\u2019que ce soit la paix, avec son \u00e9quilibre juste et b\u00e9n\u00e9fique, qui dominera le d\u00e9veloppement de l\u2019histoire \u00e0 venir\u2019\u2019.<\/em><\/p>\n<p>L\u2019intention de Paul VI, en tant qu\u2019Eglise Catholique, \u00e9tait <em>\u2018\u2019qu\u2019avec une intention de service et d\u2019exemple\u2019\u2019, de \u2018\u2019lancer l\u2019id\u00e9e\u2019\u2019,<\/em> dans l\u2019espoir de rassembler <em>\u2018\u2019non seulement le consensus le plus large du monde civil, mais aussi qu\u2019une telle id\u00e9e trouve partout de multiples, habiles et valides promoteurs \u00e0 pr\u00e9senter lors de la Journ\u00e9e de la Paix\u2019, (\u2026) ce caract\u00e8re fort et sinc\u00e8re de l\u2019humanit\u00e9 consciente et rachet\u00e9e de ses conflits guerriers tristes et fatals, qui sait donner \u00e0 l\u2019histoire du monde un d\u00e9veloppement plus heureux, plus ordonn\u00e9 et plus civil\u2019\u2019.<\/em><\/p>\n<p>Depuis, l\u2019appel des Papes \u00e0 la paix n\u2019a cess\u00e9 de s\u2019\u00e9lever et est devenu de plus en plus implorant ces derni\u00e8res ann\u00e9es, notant l\u2019augmentation du nombre et l\u2019intensification des conflits locaux et r\u00e9gionaux, que le Pape Fran\u00e7ois a qualifi\u00e9 de <em>\u2018\u2019troisi\u00e8me guerre mondiale fragment\u00e9e\u2019\u2019.<\/em><\/p>\n<p><strong><em>\u2018\u2019La paix soit avec vous tous\u2019\u2019<\/em><\/strong> est le titre du 1<sup>er<\/sup> Message prononc\u00e9 par le Pape L\u00e9on XIV &#8211; <span style=\"color: #0000ff;\"><strong><a style=\"color: #0000ff;\" href=\"https:\/\/www.cgfmanet.org\/fr\/info-sphere\/presentation-du-message-pour-la-journee-mondiale-de-la-paix-2026\/\" target=\"_blank\" rel=\"noopener\">pr\u00e9sent\u00e9 le 18 d\u00e9cembre<\/a><\/strong><\/span> \u00e0 la Salle de Presse du Vatican \u2013 pour la Journ\u00e9e qui ouvre la nouvelle ann\u00e9e 2026. Ce sont les m\u00eame mots avec lesquels il s\u2019est pr\u00e9sent\u00e9 au monde le jour de son \u00e9lection au Pontificat, le 8 mai 2025\u00a0: <em>\u2018\u2019D\u00e8s le soir de mon \u00e9lection en tant qu\u2019Ev\u00eaque de Rome, j\u2019ai voulu inclure mon salut dans cette annonce unanime. <\/em><strong><em>Et je souhaite la r\u00e9p\u00e9ter\u00a0: c\u2019est la paix du Christ ressuscit\u00e9, une paix d\u00e9sarm\u00e9e et d\u00e9sarmante, humble et pers\u00e9v\u00e9rante.<\/em><\/strong><em> Elle vient de Dieu, Dieu qui nous aime tous inconditionnellement\u2019\u2019.<\/em><\/p>\n<p>Le message du Pape L\u00e9on est celui de la lumi\u00e8re, dans laquelle le contraste entre t\u00e9n\u00e8bres et lumi\u00e8re appara\u00eet \u00e0 plusieurs reprises, car <em>\u2018\u2019voir la lumi\u00e8re et y croire est n\u00e9cessaire afin de ne pas sombrer dans les t\u00e9n\u00e8bres\u2019\u2019.<\/em> Et pr\u00e9cis\u00e9ment parce que, en voyant la situation internationale, un sentiment d\u2019inconfort et de d\u00e9couragement risque de pr\u00e9valoir, le Saint-P\u00e8re nous encourage \u00e0 reconna\u00eetre la lumi\u00e8re\u00a0:<\/p>\n<p><strong><em>\u2018\u2019La paix existe, elle veut nous habiter,<\/em><\/strong><em> elle a le doux pouvoir d\u2019illuminer et d\u2019\u00e9tendre l\u2019intelligence, elle r\u00e9siste \u00e0 la violence et la surmonte. La paix est le souffle de l\u2019\u00e9ternit\u00e9\u00a0: tandis qu\u2019au mal nous crions \u2018assez\u2019, \u00e0 la paix nous murmurons \u2018pour toujours\u2019. (\u2026) Le contraire, c\u2019est-\u00e0-dire oublier la lumi\u00e8re, est malheureusement possible\u00a0: nous perdons alors le r\u00e9alisme, c\u00e9dant \u00e0 une repr\u00e9sentation partielle et d\u00e9form\u00e9e du monde, dans le signe des t\u00e9n\u00e8bres et de la peur\u2019\u2019.<\/em><\/p>\n<p>En reprenant les mots de Saint Augustin, il nous encourage \u00e0 <em>\u2018\u2019irradier tout autour de nous la chaleur lumineuse\u2019\u2019\u00a0: \u2018\u2019Si vous voulez attirer les autres vers la paix, ayez-la d\u2019abord\u00a0; soyez avant tout ferme dans la paix. Afin d\u2019enflammer les autres, il faut avoir la lumi\u00e8re \u00e0 l\u2019int\u00e9rieur. Que nous ayons le don de la foi, ou que nous ne semblons pas l\u2019avoir, chers fr\u00e8res et s\u0153urs, ouvrons-nous \u00e0 la paix\u00a0! <\/em><strong><em>Accueillons-la et reconnaissons-la, plut\u00f4t que de la consid\u00e9rer lointaine et impossible\u2019\u2019.<\/em><\/strong><\/p>\n<p><strong>Une paix d\u00e9sarm\u00e9e<\/strong><\/p>\n<p>L\u2019allusion \u00e0 la course aux armements est in\u00e9vitable, vers laquelle, comme son pr\u00e9d\u00e9cesseur, le Pape L\u00e9on a exprim\u00e9 \u00e0 plusieurs reprises son ferme d\u00e9saccord m\u00eame r\u00e9cemment, en r\u00e9pondant aux journalistes. L\u2019exemple auquel il fait r\u00e9f\u00e9rence est celui de J\u00e9sus lui-m\u00eame lorsque, d\u00e9fendu par Pierre, il lui ordonne de remettre son \u00e9p\u00e9e dans son fourreau\u00a0: <strong><em>\u2018\u2019La paix de J\u00e9sus ressuscit\u00e9 est d\u00e9sarm\u00e9e, car sa lutte \u00e9tait d\u00e9sarm\u00e9e,<\/em><\/strong><em> dans des historiques, politiques et sociales pr\u00e9cises. Les chr\u00e9tiens doivent ensemble devenir proph\u00e9tiquement t\u00e9moins de cette nouveaut\u00e9, conscients des trag\u00e9dies dans lesquelles ils sont trop souvent devenus complices\u2019\u2019.<\/em><\/p>\n<p>Comme Saint Jean XXIII le disait d\u00e9j\u00e0 dans son Encyclique Pacem in terram <em>\u2018\u2019les \u00eatres humains vivent sous la hantise d\u2019un ouragan qui pourrait se d\u00e9cha\u00eener \u00e0 tout moment avec une force inimaginable. <\/em><strong><em>Dans la mesure o\u00f9 il y a des armes\u2019\u2019.<\/em><\/strong> A l\u2019appui de cette affirmation, le Saint-P\u00e8re rapporte avec pr\u00e9cision les chiffres des d\u00e9penses militaires mondiales, qui <strong>ont augment\u00e9 de 9,4%<\/strong> par rapport \u00e0 l\u2019ann\u00e9e pr\u00e9c\u00e9dente, confirmant la tendance ininterrompue depuis dix ans et atteignant le chiffre de 2.718 milliards de dollars, soit 2,5% du PIL mondial\u2019\u2019.<\/p>\n<p>Le d\u00e9fi contre le r\u00e9armement <strong>est \u00e9galement \u00e9ducatif,<\/strong> car malheureusement, la politique, au lieu de promouvoir une <em>\u2018\u2019culture de la m\u00e9moire, qui pr\u00e9serve la prise de conscience acquise au XXe si\u00e8cle et n\u2019oublie pas les millions de victimes\u2019\u2019,<\/em> \u00e0 travers les m\u00e9dias et les programmes d\u2019\u00e9ducation <em>\u2018\u2019diffusent la perception de menaces et transmettent une notion purement arm\u00e9e de d\u00e9fense et de s\u00e9curit\u00e9\u2019\u2019.<\/em> Et en plus de d\u00e9noncer les int\u00e9r\u00eats \u00e9conomiques et financiers des particuliers qui poussent les Etats vers des politiques de mort, le Pape nous exhorte \u00e9galement \u00e0 encourager <em>\u2018\u2019l\u2019\u00e9veil des consciences et de la pens\u00e9e critique\u2019\u2019<\/em> et \u00e0 <em>\u2018\u2019unir les efforts afin de contribuer mutuellement \u00e0 une paix d\u00e9sarmante, une paix qui na\u00eet de l\u2019ouverture et de l\u2019humilit\u00e9 \u00e9vang\u00e9lique\u2019\u2019.<\/em><\/p>\n<p><strong>Une paix d\u00e9sarmante<\/strong><\/p>\n<p>Toujours dans l\u2019Octave de No\u00ebl, l\u2019ouverture de cette section du Message r\u00e9sonne particuli\u00e8rement\u00a0:<\/p>\n<p><strong><em>\u2018\u2019La bont\u00e9 est d\u00e9sarmante. Peut-\u00eatre est-ce pour cette raison que Dieu est devenu un enfant.<\/em><\/strong><em> Le myst\u00e8re de l\u2019Incarnation, qui a son point le plus extr\u00eame d\u2019abaissement dans la descente aux enfers, commence dans le sein d\u2019une jeune m\u00e8re et se manifeste dans la cr\u00e8che de Bethl\u00e9hem\u2019\u2019.<\/em><\/p>\n<p>Ce n\u2019est pas un incipit po\u00e9tique et d\u00e9senchant\u00e9, mais un appel \u00e0 se connecter \u00e0 notre humanit\u00e9 la plus profonde car <em>\u2018\u2019rien n\u2019a la capacit\u00e9 de nous changer autant qu\u2019un enfant. Et peut-\u00eatre est-ce pr\u00e9cis\u00e9ment la pens\u00e9e \u00e0 nos enfants, aux enfants et m\u00eame \u00e0 ceux qui sont fragiles comme eux, qui nous transperce le c\u0153ur\u2019\u2019 <\/em>(cf. At 2,37). Il ne suffit donc pas de r\u00e9duire ou m\u00eame de diminuer les armements, il est plut\u00f4t n\u00e9cessaire de proc\u00e9der au <strong><em>d\u00e9sarmement complet<\/em><\/strong> \u2013 un concept introduit pour la premi\u00e8re fois par Saint Jean XXIII \u2013 par <em>\u2018\u2019le renouvellement du c\u0153ur et de l\u2019intelligence\u2019\u2019<\/em> et surtout pour alimenter la confiance dans l\u2019\u00eatre humain, en tant que <em>\u2018\u2019principe que la v\u00e9ritable paix ne peut \u00eatre construite que sur la confiance mutuelle\u2019\u2019.<\/em><\/p>\n<p><em>\u2018\u2019Nous croyons que c\u2019est un objectif qui peut \u00eatre atteint\u2019\u2019,<\/em> a d\u00e9clar\u00e9 le Pape Jean, mais il faut aussi le d\u00e9sirer, et <em>\u2018\u2019un service fondamental que les religions doivent rendre \u00e0 l\u2019humanit\u00e9 souffrante\u2019\u2019<\/em>, est de veiller <em>\u2018\u2019contre la tentative croissante de transformer m\u00eame les pens\u00e9es et les mots en armes\u2019\u2019,<\/em> ainsi que de <em>\u2018\u2019cultiver la pri\u00e8re, la spiritualit\u00e9, le dialogue \u0153cum\u00e9nique et interreligieux comme des chemins de paix et des langages de rencontre entre traditions et cultures\u2019\u2019<\/em> <em>afin d\u2019\u00eatre des communaut\u00e9s qui sont des \u2018\u2019maisons de paix\u2019\u2019\u00a0: <\/em><strong><em>\u2018\u2019Aujourd\u2019hui plus que jamais, en effet, il est n\u00e9cessaire de montrer que la paix n\u2019est pas une utopie, par une cr\u00e9ativit\u00e9 pastorale attentive et g\u00e9n\u00e9ratrice\u2019\u2019.<\/em><\/strong><\/p>\n<p><strong>Au terme de l\u2019ann\u00e9e jubilaire,<\/strong> pr\u00e8s de la fermeture de la derni\u00e8re Porte Sainte le 6 janvier, celle de Saint-Pierre, ouverte par le Pape Fran\u00e7ois le 24 d\u00e9cembre 2024, le Message se termine par un appel \u00e0 <em>\u2018\u2019motiver et soutenir toutes les initiatives spirituelles, culturelles et politiques <\/em><strong><em>qui tiennent l\u2019espoir vivant,<\/em><\/strong><em> contrant la diffusion des attitudes fatalistes\u2019\u2019<\/em> avec le manque d\u2019espoir et la m\u00e9fiance constante qui se r\u00e9pandent dans la soci\u00e9t\u00e9 d\u2019aujourd\u2019hui\u00a0:<\/p>\n<p><em>\u2018\u2019Que cela soit le fruit du Jubil\u00e9 de l\u2019Esp\u00e9rance, qui a incit\u00e9 des millions d\u2019\u00eatres humains \u00e0 se red\u00e9couvrir p\u00e8lerins et \u00e0 initier en eux-m\u00eames ce d\u00e9sarmement du c\u0153ur, d\u2019esprit et de vie auquel Dieu ne tardera pas \u00e0 r\u00e9pondre en accomplissant ses promesses\u2019\u2019.<\/em><\/p>\n<p><span style=\"color: #0000ff;\"><a style=\"color: #0000ff;\" href=\"https:\/\/www.vatican.va\/content\/leo-xiv\/it\/messages\/peace\/documents\/20251208-messaggio-pace.html\" target=\"_blank\" rel=\"noopener\"><strong>Texte complet<\/strong><\/a><\/span><\/p>\n","protected":false},"excerpt":{"rendered":"<p>Rome (Italie). Le 1er janvier 2026, la 59\u00e8me Journ\u00e9e Mondiale de la Paix est c\u00e9l\u00e9br\u00e9e, cr\u00e9\u00e9e par le Pape Paul VI en 1968 \u2013 au d\u00e9but du calendrier qui mesure [&hellip;]<\/p>\n","protected":false},"author":21,"featured_media":150071,"comment_status":"open","ping_status":"closed","sticky":false,"template":"","format":"standard","meta":{"footnotes":""},"categories":[36,188],"tags":[325,1832,1929,2489],"class_list":["post-150076","post","type-post","status-publish","format-standard","has-post-thumbnail","category-info-sphere","category-eglise","tag-journee-mondiale-de-la-paix","tag-paix","tag-focus-fr","tag-pape-leon-xiv"],"yoast_head":"<!-- This site is optimized with the Yoast SEO plugin v27.4 - https:\/\/yoast.com\/product\/yoast-seo-wordpress\/ -->\n<title>Journ\u00e9e Mondiale de la Paix 2026 &#8226; Istituto Figlie di Maria Ausiliatrice<\/title>\n<meta name=\"description\" content=\"Le 1er janvier 2026, la 59\u00e8me Journ\u00e9e Mondiale de la Paix est c\u00e9l\u00e9br\u00e9e sous le th\u00e8me \u2018\u2019La paix soit avec vous tous. Vers une paix d\u00e9sarm\u00e9e et d\u00e9sarmante\u2019\u2019.\" \/>\n<meta name=\"robots\" content=\"index, follow, max-snippet:-1, max-image-preview:large, max-video-preview:-1\" \/>\n<link rel=\"canonical\" href=\"https:\/\/www.cgfmanet.org\/fr\/info-sphere\/eglise\/giornata-mondiale-della-pace-2026\/\" \/>\n<meta property=\"og:locale\" content=\"fr_FR\" \/>\n<meta property=\"og:type\" content=\"article\" \/>\n<meta property=\"og:title\" content=\"Journ\u00e9e Mondiale de la Paix 2026 &#8226; Istituto Figlie di Maria Ausiliatrice\" \/>\n<meta property=\"og:description\" content=\"Le 1er janvier 2026, la 59\u00e8me Journ\u00e9e Mondiale de la Paix est c\u00e9l\u00e9br\u00e9e sous le th\u00e8me \u2018\u2019La paix soit avec vous tous. Vers une paix d\u00e9sarm\u00e9e et d\u00e9sarmante\u2019\u2019.\" \/>\n<meta property=\"og:url\" content=\"https:\/\/www.cgfmanet.org\/fr\/info-sphere\/eglise\/giornata-mondiale-della-pace-2026\/\" \/>\n<meta property=\"og:site_name\" content=\"Istituto Figlie di Maria Ausiliatrice\" \/>\n<meta property=\"article:publisher\" content=\"https:\/\/www.facebook.com\/salesian.sisters.of.don.bosco\/\" \/>\n<meta property=\"article:published_time\" content=\"2025-12-31T14:09:52+00:00\" \/>\n<meta property=\"article:modified_time\" content=\"2026-01-04T21:24:59+00:00\" \/>\n<meta property=\"og:image\" content=\"https:\/\/www.cgfmanet.org\/wp-content\/uploads\/2025\/12\/Giornata-mondiale-Pace-2026.jpg\" \/>\n\t<meta property=\"og:image:width\" content=\"1181\" \/>\n\t<meta property=\"og:image:height\" content=\"787\" \/>\n\t<meta property=\"og:image:type\" content=\"image\/jpeg\" \/>\n<meta name=\"author\" content=\"Redazione\" \/>\n<meta name=\"twitter:card\" content=\"summary_large_image\" \/>\n<meta name=\"twitter:creator\" content=\"@Cgfmanet_Org\" \/>\n<meta name=\"twitter:site\" content=\"@Cgfmanet_Org\" \/>\n<meta name=\"twitter:label1\" content=\"\u00c9crit par\" \/>\n\t<meta name=\"twitter:data1\" content=\"Redazione\" \/>\n\t<meta name=\"twitter:label2\" content=\"Dur\u00e9e de lecture estim\u00e9e\" \/>\n\t<meta name=\"twitter:data2\" content=\"7 minutes\" \/>\n<script type=\"application\/ld+json\" class=\"yoast-schema-graph\">{\"@context\":\"https:\\\/\\\/schema.org\",\"@graph\":[{\"@type\":\"Article\",\"@id\":\"https:\\\/\\\/www.cgfmanet.org\\\/fr\\\/info-sphere\\\/eglise\\\/giornata-mondiale-della-pace-2026\\\/#article\",\"isPartOf\":{\"@id\":\"https:\\\/\\\/www.cgfmanet.org\\\/fr\\\/info-sphere\\\/eglise\\\/giornata-mondiale-della-pace-2026\\\/\"},\"author\":{\"name\":\"Redazione\",\"@id\":\"https:\\\/\\\/www.cgfmanet.org\\\/es\\\/#\\\/schema\\\/person\\\/ce6473083f53ef0ef882cca23f0c8fb9\"},\"headline\":\"Journ\u00e9e Mondiale de la Paix 2026\",\"datePublished\":\"2025-12-31T14:09:52+00:00\",\"dateModified\":\"2026-01-04T21:24:59+00:00\",\"mainEntityOfPage\":{\"@id\":\"https:\\\/\\\/www.cgfmanet.org\\\/fr\\\/info-sphere\\\/eglise\\\/giornata-mondiale-della-pace-2026\\\/\"},\"wordCount\":1458,\"commentCount\":0,\"publisher\":{\"@id\":\"https:\\\/\\\/www.cgfmanet.org\\\/es\\\/#organization\"},\"image\":{\"@id\":\"https:\\\/\\\/www.cgfmanet.org\\\/fr\\\/info-sphere\\\/eglise\\\/giornata-mondiale-della-pace-2026\\\/#primaryimage\"},\"thumbnailUrl\":\"https:\\\/\\\/www.cgfmanet.org\\\/wp-content\\\/uploads\\\/2025\\\/12\\\/Giornata-mondiale-Pace-2026.jpg\",\"keywords\":[\"Journ\u00e9e Mondiale de la Paix\",\"Paix\",\"Focus\",\"Pape L\u00e9on XIV\"],\"articleSection\":[\"Infosph\u00e8re\",\"Eglise\"],\"inLanguage\":\"fr-FR\",\"potentialAction\":[{\"@type\":\"CommentAction\",\"name\":\"Comment\",\"target\":[\"https:\\\/\\\/www.cgfmanet.org\\\/fr\\\/info-sphere\\\/eglise\\\/giornata-mondiale-della-pace-2026\\\/#respond\"]}]},{\"@type\":\"WebPage\",\"@id\":\"https:\\\/\\\/www.cgfmanet.org\\\/fr\\\/info-sphere\\\/eglise\\\/giornata-mondiale-della-pace-2026\\\/\",\"url\":\"https:\\\/\\\/www.cgfmanet.org\\\/fr\\\/info-sphere\\\/eglise\\\/giornata-mondiale-della-pace-2026\\\/\",\"name\":\"Journ\u00e9e Mondiale de la Paix 2026 &#8226; Istituto Figlie di Maria Ausiliatrice\",\"isPartOf\":{\"@id\":\"https:\\\/\\\/www.cgfmanet.org\\\/es\\\/#website\"},\"primaryImageOfPage\":{\"@id\":\"https:\\\/\\\/www.cgfmanet.org\\\/fr\\\/info-sphere\\\/eglise\\\/giornata-mondiale-della-pace-2026\\\/#primaryimage\"},\"image\":{\"@id\":\"https:\\\/\\\/www.cgfmanet.org\\\/fr\\\/info-sphere\\\/eglise\\\/giornata-mondiale-della-pace-2026\\\/#primaryimage\"},\"thumbnailUrl\":\"https:\\\/\\\/www.cgfmanet.org\\\/wp-content\\\/uploads\\\/2025\\\/12\\\/Giornata-mondiale-Pace-2026.jpg\",\"datePublished\":\"2025-12-31T14:09:52+00:00\",\"dateModified\":\"2026-01-04T21:24:59+00:00\",\"description\":\"Le 1er janvier 2026, la 59\u00e8me Journ\u00e9e Mondiale de la Paix est c\u00e9l\u00e9br\u00e9e sous le th\u00e8me \u2018\u2019La paix soit avec vous tous. Vers une paix d\u00e9sarm\u00e9e et d\u00e9sarmante\u2019\u2019.\",\"breadcrumb\":{\"@id\":\"https:\\\/\\\/www.cgfmanet.org\\\/fr\\\/info-sphere\\\/eglise\\\/giornata-mondiale-della-pace-2026\\\/#breadcrumb\"},\"inLanguage\":\"fr-FR\",\"potentialAction\":[{\"@type\":\"ReadAction\",\"target\":[\"https:\\\/\\\/www.cgfmanet.org\\\/fr\\\/info-sphere\\\/eglise\\\/giornata-mondiale-della-pace-2026\\\/\"]}]},{\"@type\":\"ImageObject\",\"inLanguage\":\"fr-FR\",\"@id\":\"https:\\\/\\\/www.cgfmanet.org\\\/fr\\\/info-sphere\\\/eglise\\\/giornata-mondiale-della-pace-2026\\\/#primaryimage\",\"url\":\"https:\\\/\\\/www.cgfmanet.org\\\/wp-content\\\/uploads\\\/2025\\\/12\\\/Giornata-mondiale-Pace-2026.jpg\",\"contentUrl\":\"https:\\\/\\\/www.cgfmanet.org\\\/wp-content\\\/uploads\\\/2025\\\/12\\\/Giornata-mondiale-Pace-2026.jpg\",\"width\":1181,\"height\":787},{\"@type\":\"BreadcrumbList\",\"@id\":\"https:\\\/\\\/www.cgfmanet.org\\\/fr\\\/info-sphere\\\/eglise\\\/giornata-mondiale-della-pace-2026\\\/#breadcrumb\",\"itemListElement\":[{\"@type\":\"ListItem\",\"position\":1,\"name\":\"Home\",\"item\":\"https:\\\/\\\/www.cgfmanet.org\\\/fr\\\/\"},{\"@type\":\"ListItem\",\"position\":2,\"name\":\"Journ\u00e9e Mondiale de la Paix 2026\"}]},{\"@type\":\"WebSite\",\"@id\":\"https:\\\/\\\/www.cgfmanet.org\\\/es\\\/#website\",\"url\":\"https:\\\/\\\/www.cgfmanet.org\\\/es\\\/\",\"name\":\"Istituto Figlie di Maria Ausiliatrice\",\"description\":\"Salesiane di Don Bosco\",\"publisher\":{\"@id\":\"https:\\\/\\\/www.cgfmanet.org\\\/es\\\/#organization\"},\"potentialAction\":[{\"@type\":\"SearchAction\",\"target\":{\"@type\":\"EntryPoint\",\"urlTemplate\":\"https:\\\/\\\/www.cgfmanet.org\\\/es\\\/?s={search_term_string}\"},\"query-input\":{\"@type\":\"PropertyValueSpecification\",\"valueRequired\":true,\"valueName\":\"search_term_string\"}}],\"inLanguage\":\"fr-FR\"},{\"@type\":\"Organization\",\"@id\":\"https:\\\/\\\/www.cgfmanet.org\\\/es\\\/#organization\",\"name\":\"Istituto Figlie di Maria Ausiliatrice\",\"url\":\"https:\\\/\\\/www.cgfmanet.org\\\/es\\\/\",\"logo\":{\"@type\":\"ImageObject\",\"inLanguage\":\"fr-FR\",\"@id\":\"https:\\\/\\\/www.cgfmanet.org\\\/es\\\/#\\\/schema\\\/logo\\\/image\\\/\",\"url\":\"https:\\\/\\\/www.cgfmanet.org\\\/wp-content\\\/uploads\\\/2018\\\/10\\\/logo-fma.png\",\"contentUrl\":\"https:\\\/\\\/www.cgfmanet.org\\\/wp-content\\\/uploads\\\/2018\\\/10\\\/logo-fma.png\",\"width\":214,\"height\":55,\"caption\":\"Istituto Figlie di Maria Ausiliatrice\"},\"image\":{\"@id\":\"https:\\\/\\\/www.cgfmanet.org\\\/es\\\/#\\\/schema\\\/logo\\\/image\\\/\"},\"sameAs\":[\"https:\\\/\\\/www.facebook.com\\\/salesian.sisters.of.don.bosco\\\/\",\"https:\\\/\\\/x.com\\\/Cgfmanet_Org\",\"https:\\\/\\\/www.youtube.com\\\/channel\\\/UCmcr8yFQBV7JXeXVxyV9y5Q\"]},{\"@type\":\"Person\",\"@id\":\"https:\\\/\\\/www.cgfmanet.org\\\/es\\\/#\\\/schema\\\/person\\\/ce6473083f53ef0ef882cca23f0c8fb9\",\"name\":\"Redazione\"}]}<\/script>\n<!-- \/ Yoast SEO plugin. -->","yoast_head_json":{"title":"Journ\u00e9e Mondiale de la Paix 2026 &#8226; Istituto Figlie di Maria Ausiliatrice","description":"Le 1er janvier 2026, la 59\u00e8me Journ\u00e9e Mondiale de la Paix est c\u00e9l\u00e9br\u00e9e sous le th\u00e8me \u2018\u2019La paix soit avec vous tous. Vers une paix d\u00e9sarm\u00e9e et d\u00e9sarmante\u2019\u2019.","robots":{"index":"index","follow":"follow","max-snippet":"max-snippet:-1","max-image-preview":"max-image-preview:large","max-video-preview":"max-video-preview:-1"},"canonical":"https:\/\/www.cgfmanet.org\/fr\/info-sphere\/eglise\/giornata-mondiale-della-pace-2026\/","og_locale":"fr_FR","og_type":"article","og_title":"Journ\u00e9e Mondiale de la Paix 2026 &#8226; Istituto Figlie di Maria Ausiliatrice","og_description":"Le 1er janvier 2026, la 59\u00e8me Journ\u00e9e Mondiale de la Paix est c\u00e9l\u00e9br\u00e9e sous le th\u00e8me \u2018\u2019La paix soit avec vous tous. Vers une paix d\u00e9sarm\u00e9e et d\u00e9sarmante\u2019\u2019.","og_url":"https:\/\/www.cgfmanet.org\/fr\/info-sphere\/eglise\/giornata-mondiale-della-pace-2026\/","og_site_name":"Istituto Figlie di Maria Ausiliatrice","article_publisher":"https:\/\/www.facebook.com\/salesian.sisters.of.don.bosco\/","article_published_time":"2025-12-31T14:09:52+00:00","article_modified_time":"2026-01-04T21:24:59+00:00","og_image":[{"width":1181,"height":787,"url":"https:\/\/www.cgfmanet.org\/wp-content\/uploads\/2025\/12\/Giornata-mondiale-Pace-2026.jpg","type":"image\/jpeg"}],"author":"Redazione","twitter_card":"summary_large_image","twitter_creator":"@Cgfmanet_Org","twitter_site":"@Cgfmanet_Org","twitter_misc":{"\u00c9crit par":"Redazione","Dur\u00e9e de lecture estim\u00e9e":"7 minutes"},"schema":{"@context":"https:\/\/schema.org","@graph":[{"@type":"Article","@id":"https:\/\/www.cgfmanet.org\/fr\/info-sphere\/eglise\/giornata-mondiale-della-pace-2026\/#article","isPartOf":{"@id":"https:\/\/www.cgfmanet.org\/fr\/info-sphere\/eglise\/giornata-mondiale-della-pace-2026\/"},"author":{"name":"Redazione","@id":"https:\/\/www.cgfmanet.org\/es\/#\/schema\/person\/ce6473083f53ef0ef882cca23f0c8fb9"},"headline":"Journ\u00e9e Mondiale de la Paix 2026","datePublished":"2025-12-31T14:09:52+00:00","dateModified":"2026-01-04T21:24:59+00:00","mainEntityOfPage":{"@id":"https:\/\/www.cgfmanet.org\/fr\/info-sphere\/eglise\/giornata-mondiale-della-pace-2026\/"},"wordCount":1458,"commentCount":0,"publisher":{"@id":"https:\/\/www.cgfmanet.org\/es\/#organization"},"image":{"@id":"https:\/\/www.cgfmanet.org\/fr\/info-sphere\/eglise\/giornata-mondiale-della-pace-2026\/#primaryimage"},"thumbnailUrl":"https:\/\/www.cgfmanet.org\/wp-content\/uploads\/2025\/12\/Giornata-mondiale-Pace-2026.jpg","keywords":["Journ\u00e9e Mondiale de la Paix","Paix","Focus","Pape L\u00e9on XIV"],"articleSection":["Infosph\u00e8re","Eglise"],"inLanguage":"fr-FR","potentialAction":[{"@type":"CommentAction","name":"Comment","target":["https:\/\/www.cgfmanet.org\/fr\/info-sphere\/eglise\/giornata-mondiale-della-pace-2026\/#respond"]}]},{"@type":"WebPage","@id":"https:\/\/www.cgfmanet.org\/fr\/info-sphere\/eglise\/giornata-mondiale-della-pace-2026\/","url":"https:\/\/www.cgfmanet.org\/fr\/info-sphere\/eglise\/giornata-mondiale-della-pace-2026\/","name":"Journ\u00e9e Mondiale de la Paix 2026 &#8226; Istituto Figlie di Maria Ausiliatrice","isPartOf":{"@id":"https:\/\/www.cgfmanet.org\/es\/#website"},"primaryImageOfPage":{"@id":"https:\/\/www.cgfmanet.org\/fr\/info-sphere\/eglise\/giornata-mondiale-della-pace-2026\/#primaryimage"},"image":{"@id":"https:\/\/www.cgfmanet.org\/fr\/info-sphere\/eglise\/giornata-mondiale-della-pace-2026\/#primaryimage"},"thumbnailUrl":"https:\/\/www.cgfmanet.org\/wp-content\/uploads\/2025\/12\/Giornata-mondiale-Pace-2026.jpg","datePublished":"2025-12-31T14:09:52+00:00","dateModified":"2026-01-04T21:24:59+00:00","description":"Le 1er janvier 2026, la 59\u00e8me Journ\u00e9e Mondiale de la Paix est c\u00e9l\u00e9br\u00e9e sous le th\u00e8me \u2018\u2019La paix soit avec vous tous. Vers une paix d\u00e9sarm\u00e9e et d\u00e9sarmante\u2019\u2019.","breadcrumb":{"@id":"https:\/\/www.cgfmanet.org\/fr\/info-sphere\/eglise\/giornata-mondiale-della-pace-2026\/#breadcrumb"},"inLanguage":"fr-FR","potentialAction":[{"@type":"ReadAction","target":["https:\/\/www.cgfmanet.org\/fr\/info-sphere\/eglise\/giornata-mondiale-della-pace-2026\/"]}]},{"@type":"ImageObject","inLanguage":"fr-FR","@id":"https:\/\/www.cgfmanet.org\/fr\/info-sphere\/eglise\/giornata-mondiale-della-pace-2026\/#primaryimage","url":"https:\/\/www.cgfmanet.org\/wp-content\/uploads\/2025\/12\/Giornata-mondiale-Pace-2026.jpg","contentUrl":"https:\/\/www.cgfmanet.org\/wp-content\/uploads\/2025\/12\/Giornata-mondiale-Pace-2026.jpg","width":1181,"height":787},{"@type":"BreadcrumbList","@id":"https:\/\/www.cgfmanet.org\/fr\/info-sphere\/eglise\/giornata-mondiale-della-pace-2026\/#breadcrumb","itemListElement":[{"@type":"ListItem","position":1,"name":"Home","item":"https:\/\/www.cgfmanet.org\/fr\/"},{"@type":"ListItem","position":2,"name":"Journ\u00e9e Mondiale de la Paix 2026"}]},{"@type":"WebSite","@id":"https:\/\/www.cgfmanet.org\/es\/#website","url":"https:\/\/www.cgfmanet.org\/es\/","name":"Istituto Figlie di Maria Ausiliatrice","description":"Salesiane di Don Bosco","publisher":{"@id":"https:\/\/www.cgfmanet.org\/es\/#organization"},"potentialAction":[{"@type":"SearchAction","target":{"@type":"EntryPoint","urlTemplate":"https:\/\/www.cgfmanet.org\/es\/?s={search_term_string}"},"query-input":{"@type":"PropertyValueSpecification","valueRequired":true,"valueName":"search_term_string"}}],"inLanguage":"fr-FR"},{"@type":"Organization","@id":"https:\/\/www.cgfmanet.org\/es\/#organization","name":"Istituto Figlie di Maria Ausiliatrice","url":"https:\/\/www.cgfmanet.org\/es\/","logo":{"@type":"ImageObject","inLanguage":"fr-FR","@id":"https:\/\/www.cgfmanet.org\/es\/#\/schema\/logo\/image\/","url":"https:\/\/www.cgfmanet.org\/wp-content\/uploads\/2018\/10\/logo-fma.png","contentUrl":"https:\/\/www.cgfmanet.org\/wp-content\/uploads\/2018\/10\/logo-fma.png","width":214,"height":55,"caption":"Istituto Figlie di Maria Ausiliatrice"},"image":{"@id":"https:\/\/www.cgfmanet.org\/es\/#\/schema\/logo\/image\/"},"sameAs":["https:\/\/www.facebook.com\/salesian.sisters.of.don.bosco\/","https:\/\/x.com\/Cgfmanet_Org","https:\/\/www.youtube.com\/channel\/UCmcr8yFQBV7JXeXVxyV9y5Q"]},{"@type":"Person","@id":"https:\/\/www.cgfmanet.org\/es\/#\/schema\/person\/ce6473083f53ef0ef882cca23f0c8fb9","name":"Redazione"}]}},"_links":{"self":[{"href":"https:\/\/www.cgfmanet.org\/fr\/wp-json\/wp\/v2\/posts\/150076","targetHints":{"allow":["GET"]}}],"collection":[{"href":"https:\/\/www.cgfmanet.org\/fr\/wp-json\/wp\/v2\/posts"}],"about":[{"href":"https:\/\/www.cgfmanet.org\/fr\/wp-json\/wp\/v2\/types\/post"}],"author":[{"embeddable":true,"href":"https:\/\/www.cgfmanet.org\/fr\/wp-json\/wp\/v2\/users\/21"}],"replies":[{"embeddable":true,"href":"https:\/\/www.cgfmanet.org\/fr\/wp-json\/wp\/v2\/comments?post=150076"}],"version-history":[{"count":3,"href":"https:\/\/www.cgfmanet.org\/fr\/wp-json\/wp\/v2\/posts\/150076\/revisions"}],"predecessor-version":[{"id":150311,"href":"https:\/\/www.cgfmanet.org\/fr\/wp-json\/wp\/v2\/posts\/150076\/revisions\/150311"}],"wp:featuredmedia":[{"embeddable":true,"href":"https:\/\/www.cgfmanet.org\/fr\/wp-json\/wp\/v2\/media\/150071"}],"wp:attachment":[{"href":"https:\/\/www.cgfmanet.org\/fr\/wp-json\/wp\/v2\/media?parent=150076"}],"wp:term":[{"taxonomy":"category","embeddable":true,"href":"https:\/\/www.cgfmanet.org\/fr\/wp-json\/wp\/v2\/categories?post=150076"},{"taxonomy":"post_tag","embeddable":true,"href":"https:\/\/www.cgfmanet.org\/fr\/wp-json\/wp\/v2\/tags?post=150076"}],"curies":[{"name":"wp","href":"https:\/\/api.w.org\/{rel}","templated":true}]}}