{"id":149075,"date":"2025-12-06T23:15:33","date_gmt":"2025-12-06T22:15:33","guid":{"rendered":"https:\/\/www.cgfmanet.org\/?p=149075"},"modified":"2025-12-06T23:20:22","modified_gmt":"2025-12-06T22:20:22","slug":"une-vague-qui-porte-le-nom-de-marie-immaculee-conception-2025","status":"publish","type":"post","link":"https:\/\/www.cgfmanet.org\/fr\/ifma-fr\/une-vague-qui-porte-le-nom-de-marie-immaculee-conception-2025\/","title":{"rendered":"Une vague qui porte le nom de Marie \u2013 Immacul\u00e9e Conception 2025"},"content":{"rendered":"<p><strong>Rome (Italie). <\/strong>A l\u2019occasion de la Solennit\u00e9 de l\u2019Immacul\u00e9e Conception de Marie 2025, la Sup\u00e9rieure G\u00e9n\u00e9rale de l\u2019Institut des Filles de Marie Auxiliatrice, M\u00e8re Chiara Cazzuola, adresse <strong>un Message de salutations \u00e0 toutes les FMA et aux Communaut\u00e9s Educatives : <\/strong><\/p>\n<p>Dans le climat missionnaire que nous vivons actuellement, motiv\u00e9es et guid\u00e9es aussi par la canonisation de sainte Maria Troncatti, par les r\u00e9centes c\u00e9l\u00e9brations du premier d\u00e9part missionnaire de nos fr\u00e8res sal\u00e9siens \u00e0 Turin et \u00e0 G\u00eanes, et \u00e0 la fin de la premi\u00e8re ann\u00e9e de pr\u00e9paration du 150<sup>e<\/sup> anniversaire du premier d\u00e9part missionnaire de notre Institut, je voudrais, dans ce message, mettre en \u00e9vidence l&rsquo;aspect missionnaire marial de notre vocation. Nous sommes les Filles de Marie Auxiliatrice, un Institut enti\u00e8rement de Marie, Elle qui nous a voulues et qui continue \u00e0 \u00eatre activement pr\u00e9sente dans nos vies. Elle est pour nous la Guide qui nous pr\u00e9c\u00e8de et nous accompagne sur notre chemin.<\/p>\n<p>Il me semble significatif de reprendre l&rsquo;un des plus beaux passages des <em>Annales de l\u2019Institut<\/em>. Nous sommes au matin du 14 novembre 1877.\u00a0 Apr\u00e8s que Don Bosco a confess\u00e9 les missionnaires et c\u00e9l\u00e9br\u00e9 la messe, il accompagne, avec M\u00e8re Mazzarello, les S\u0153urs et les Sal\u00e9siens jusqu&rsquo;au port de G\u00eanes.<\/p>\n<div class=\"youtube-embed\" data-video_id=\"VfwNXTrepkU\"><iframe title=\"Messaggio di Madre Chiara Cazzuola - Festa dell&#039;Immacolata 2025\" width=\"696\" height=\"392\" data-src=\"https:\/\/www.youtube.com\/embed\/VfwNXTrepkU?feature=oembed&#038;enablejsapi=1\" frameborder=\"0\" allow=\"accelerometer; autoplay; clipboard-write; encrypted-media; gyroscope; picture-in-picture; web-share\" referrerpolicy=\"strict-origin-when-cross-origin\" allowfullscreen src=\"data:image\/svg+xml;base64,PHN2ZyB3aWR0aD0iMSIgaGVpZ2h0PSIxIiB4bWxucz0iaHR0cDovL3d3dy53My5vcmcvMjAwMC9zdmciPjwvc3ZnPg==\" class=\"lazyload\" data-load-mode=\"1\"><\/iframe><\/div>\n<p>Arriv\u00e9s au lieu d&#8217;embarquement, ils mont\u00e8rent eux aussi \u00e0 bord du navire (cf. <em>Annales <\/em>II 295). La pr\u00e9voyance de Don Bosco et de M\u00e8re Mazzarello est touchante car, avec un c\u0153ur de p\u00e8re et de m\u00e8re, ils vont visiter les cabines pour voir comment les S\u0153urs et les Sal\u00e9siens sont install\u00e9s. Lorsqu\u2019ils doivent quitter le navire, les adieux sont certainement d\u00e9chirants. Les <em>Annales <\/em>rapportent de nombreux d\u00e9tails \u00e9mouvants sur lesquels je ne m&rsquo;attarderai pas, mais \u00e0 un certain moment, alors que le bateau s&rsquo;\u00e9loigne, une onde sonore arrive de la mer : c&rsquo;est le P\u00e8re Costamagna qui accompagne au piano le refrain \u00ab\u00a0<em>Je veux aimer Marie, je veux lui donner mon c\u0153ur\u00a0\u00bb<\/em>. Ce chant se perd au loin, alors que le bateau quitte le port&#8230; \u00ab\u00a0<em>Je veux aimer Marie, je veux lui donner mon c\u0153ur<\/em>\u00a0\u00bb, \u00e9tait un refrain que Don Costamagna avait compos\u00e9 \u00e0 Morn\u00e8se pour les s\u0153urs et il est int\u00e9ressant de lire comment il en est arriv\u00e9 l\u00e0. Il avait l&rsquo;habitude de composer dans la sacristie o\u00f9 il r\u00e9p\u00e9tait et r\u00e9p\u00e9tait surtout les premi\u00e8res notes.\u00a0 Il soulignait le verset \u00ab\u00a0Je veux aimer Marie\u2026 \u00bb et n\u2019arrivait pas \u00e0 aller plus loin.<\/p>\n<p>La maison \u00e9tait tellement inond\u00e9e par ce son, que dans l&rsquo;ouvroir on ne pouvait plus s&rsquo;entendre qu&rsquo;en \u00e9levant la voix. Alors M\u00e8re Mazzarello qui, tout en travaillant, parlait aux postulantes et aux novices, avait chang\u00e9 de place plusieurs fois, mais qui \u00e9tait toujours hant\u00e9e par ce refrain \u00ab\u00a0<em>Je veux aimer Marie&#8230;\u00a0\u00bb<\/em>, finit par dire avec un sourire bienveillant : \u00ab\u00a0Allez un peu dire au Directeur que non seulement lui veut aimer Marie, mais que nous voulons l&rsquo;aimer nous aussi. Et qu\u2019il reste tranquille ! &#8230;\u00a0\u00bb<\/p>\n<p>Maintenant, pour les premi\u00e8res missionnaires, ce refrain est li\u00e9 \u00e0 la m\u00e9moire de Morn\u00e8se, et il est int\u00e9ressant que les s\u0153urs chantent ce refrain alors qu&rsquo;elles quittent leur pays, leur famille, leurs fondateurs, \u00e0 un moment de grand d\u00e9tachement. Elles quittent Don Bosco et M\u00e8re Mazzarello, elles quittent une exp\u00e9rience s\u00fbre pour aller vers l&rsquo;inconnu.<\/p>\n<p>La protagoniste de ce moment c\u2019est Marie, la M\u00e8re et la Ma\u00eetresse. C\u2019est Elle qui soutient, qui console et qui encourage. Peut-\u00eatre que ces mots <em>\u00a0\u00ab\u00a0Je veux aimer Marie, je veux lui donner mon c\u0153ur\u00a0\u00bb<\/em>&#8230; nous semblent romantiques, exprim\u00e9 dans un langage du 19<sup>e<\/sup> si\u00e8cle, mais allons en profondeur\u00a0 : Marie est celle qui pr\u00e9c\u00e8de le voyage et l&rsquo;accompagne. Il n&rsquo;est pas une de nos maisons ou de nos provinces qui n&rsquo;ait \u00e9t\u00e9 pens\u00e9e et pr\u00e9c\u00e9d\u00e9e par la M\u00e8re de Dieu et notre M\u00e8re. Elle enveloppe chaque personne, chaque communaut\u00e9 \u00e9ducative, chaque activit\u00e9 et chaque projet d\u2019une grande tendresse.<\/p>\n<p>Je pense qu&rsquo;en cette solennit\u00e9 de l&rsquo;Immacul\u00e9e, nous pouvons renouveler la tr\u00e8s belle exp\u00e9rience de nos s\u0153urs : Marie est pr\u00e9sente aux jeunes s\u0153urs qui partent pour les missions, Marie pr\u00e9c\u00e8de le voyage en Am\u00e9rique o\u00f9 elle attend ses Filles. (\u2026)<\/p>\n<p>Il pourrait s&rsquo;agir de faits av\u00e9r\u00e9s et nous pourrions nous arr\u00eater l\u00e0. Mais ce chant, tel qu&rsquo;il est d\u00e9crit dans les <em>Annales<\/em>, \u00ab\u00a0se perd dans la vague&#8230;\u00a0\u00bb ou plut\u00f4t \u00ab\u00a0une onde sonore vient de la mer&#8230;\u00a0\u00bb. Nous savons qu\u2019une vague est dynamisme, mouvement. On ne sait pas o\u00f9 la vague aboutit. Cette vague se d\u00e9ploie dans l&rsquo;oc\u00e9an en m\u00eame temps que notre action missionnaire&#8230; C\u2019est une vague qui porte le nom de Marie\u00a0; une rappel d&rsquo;une exp\u00e9rience tr\u00e8s importante, et non seulement un beau souvenir, qui nous relie aux origines de notre Institut, mais qui est aussi une r\u00e9flexion pour aujourd&rsquo;hui.<\/p>\n<p>Nous avons toutes \u00e9t\u00e9 touch\u00e9es par cette vague, qui r\u00e9sonne encore en nous et nous rappelle la pr\u00e9sence de Marie dans nos vies, dans notre mission. La vague est \u00e9vocatrice, c&rsquo;est comme si nous entendions la puissance de cette expression r\u00e9sonner \u00e0 nos oreilles : pour nous, c&rsquo;est une certitude qui nous r\u00e9conforte et nous aide \u00e0 regarder l&rsquo;avenir avec esp\u00e9rance et confiance.<\/p>\n<p>En cette solennit\u00e9 de l&rsquo;Immacul\u00e9e, tournons-nous vers Elle, aim\u00e9e depuis toujours au Valdocco et \u00e0 Morn\u00e8se comme l&rsquo;Immacul\u00e9e Auxiliatrice, la femme de la victoire, qui veille sur l&rsquo;\u00c9glise et sur toute l&rsquo;humanit\u00e9 pour vaincre le mal pour toujours. Qu&rsquo;Elle nous donne, \u00e0 nous aussi, le courage de faire des choix missionnaires et d&rsquo;apporter la paix et l&rsquo;esp\u00e9rance au monde entier.<\/p>\n<p>En ce moment important, nous nous sentons en communion avec toute la Famille Sal\u00e9sienne, en particulier dans le rendez-vous du Cercle Marial.<\/p>\n<h3 style=\"text-align: center;\"><span style=\"color: #ff0000;\"><strong>Bonne f\u00eate !<\/strong><\/span><\/h3>\n<p>Roma, 8 d\u00e9cembre 2025<\/p>\n<p style=\"text-align: right;\"><em>S\u0153ur Chiara Cazzuola<\/em><br \/>\nSup\u00e9rieure g\u00e9n\u00e9rale de l&rsquo;Institut des FMA<\/p>\n<p><span style=\"color: #0000ff;\"><a style=\"color: #0000ff;\" href=\"https:\/\/drive.google.com\/drive\/u\/0\/folders\/1UMPvh_OBGS8Jm_cO3OQAOKhUQapESwyy\" target=\"_blank\" rel=\"noopener\"><strong>Texte int\u00e9gral du Message<\/strong><\/a><\/span><\/p>\n","protected":false},"excerpt":{"rendered":"<p>Rome (Italie). A l\u2019occasion de la Solennit\u00e9 de l\u2019Immacul\u00e9e Conception de Marie 2025, la Sup\u00e9rieure G\u00e9n\u00e9rale de l\u2019Institut des Filles de Marie Auxiliatrice, M\u00e8re Chiara Cazzuola, adresse un Message de [&hellip;]<\/p>\n","protected":false},"author":21,"featured_media":149085,"comment_status":"open","ping_status":"closed","sticky":false,"template":"","format":"standard","meta":{"footnotes":""},"categories":[164,156],"tags":[369,1660,1929,2377],"class_list":["post-149075","post","type-post","status-publish","format-standard","has-post-thumbnail","category-charisme-salesien","category-ifma-fr","tag-mere-generale","tag-spiritualita-salesiana-fr","tag-focus-fr","tag-madre-chiara-cazzuola-fr"],"yoast_head":"<!-- This site is optimized with the Yoast SEO plugin v27.4 - https:\/\/yoast.com\/product\/yoast-seo-wordpress\/ -->\n<title>Une vague qui porte le nom de Marie \u2013 Immacul\u00e9e Conception 2025 &#8226; Istituto Figlie di Maria Ausiliatrice<\/title>\n<meta name=\"description\" content=\"Message de salutations de la Sup\u00e9rieure g\u00e9n\u00e9rale de l&#039;Institut des Filles de Marie Auxiliatrice, M\u00e8re Chiara Cazzuola, \u00e0 l&#039;occasion de la Solennit\u00e9 de l&#039;Immacul\u00e9e Conception de Marie 2025.\" \/>\n<meta name=\"robots\" content=\"index, follow, max-snippet:-1, max-image-preview:large, max-video-preview:-1\" \/>\n<link rel=\"canonical\" href=\"https:\/\/www.cgfmanet.org\/fr\/ifma-fr\/une-vague-qui-porte-le-nom-de-marie-immaculee-conception-2025\/\" \/>\n<meta property=\"og:locale\" content=\"fr_FR\" \/>\n<meta property=\"og:type\" content=\"article\" \/>\n<meta property=\"og:title\" content=\"Une vague qui porte le nom de Marie \u2013 Immacul\u00e9e Conception 2025 &#8226; Istituto Figlie di Maria Ausiliatrice\" \/>\n<meta property=\"og:description\" content=\"Message de salutations de la Sup\u00e9rieure g\u00e9n\u00e9rale de l&#039;Institut des Filles de Marie Auxiliatrice, M\u00e8re Chiara Cazzuola, \u00e0 l&#039;occasion de la Solennit\u00e9 de l&#039;Immacul\u00e9e Conception de Marie 2025.\" \/>\n<meta property=\"og:url\" content=\"https:\/\/www.cgfmanet.org\/fr\/ifma-fr\/une-vague-qui-porte-le-nom-de-marie-immaculee-conception-2025\/\" \/>\n<meta property=\"og:site_name\" content=\"Istituto Figlie di Maria Ausiliatrice\" \/>\n<meta property=\"article:publisher\" content=\"https:\/\/www.facebook.com\/salesian.sisters.of.don.bosco\/\" \/>\n<meta property=\"article:published_time\" content=\"2025-12-06T22:15:33+00:00\" \/>\n<meta property=\"article:modified_time\" content=\"2025-12-06T22:20:22+00:00\" \/>\n<meta property=\"og:image\" content=\"https:\/\/www.cgfmanet.org\/wp-content\/uploads\/2025\/12\/Messaggio-Madre-Immacolata-2025.jpg\" \/>\n\t<meta property=\"og:image:width\" content=\"1181\" \/>\n\t<meta property=\"og:image:height\" content=\"787\" \/>\n\t<meta property=\"og:image:type\" content=\"image\/jpeg\" \/>\n<meta name=\"author\" content=\"Redazione\" \/>\n<meta name=\"twitter:card\" content=\"summary_large_image\" \/>\n<meta name=\"twitter:creator\" content=\"@Cgfmanet_Org\" \/>\n<meta name=\"twitter:site\" content=\"@Cgfmanet_Org\" \/>\n<meta name=\"twitter:label1\" content=\"\u00c9crit par\" \/>\n\t<meta name=\"twitter:data1\" content=\"Redazione\" \/>\n\t<meta name=\"twitter:label2\" content=\"Dur\u00e9e de lecture estim\u00e9e\" \/>\n\t<meta name=\"twitter:data2\" content=\"6 minutes\" \/>\n<script type=\"application\/ld+json\" class=\"yoast-schema-graph\">{\"@context\":\"https:\\\/\\\/schema.org\",\"@graph\":[{\"@type\":\"Article\",\"@id\":\"https:\\\/\\\/www.cgfmanet.org\\\/fr\\\/ifma-fr\\\/une-vague-qui-porte-le-nom-de-marie-immaculee-conception-2025\\\/#article\",\"isPartOf\":{\"@id\":\"https:\\\/\\\/www.cgfmanet.org\\\/fr\\\/ifma-fr\\\/une-vague-qui-porte-le-nom-de-marie-immaculee-conception-2025\\\/\"},\"author\":{\"name\":\"Redazione\",\"@id\":\"https:\\\/\\\/www.cgfmanet.org\\\/es\\\/#\\\/schema\\\/person\\\/ce6473083f53ef0ef882cca23f0c8fb9\"},\"headline\":\"Une vague qui porte le nom de Marie \u2013 Immacul\u00e9e Conception 2025\",\"datePublished\":\"2025-12-06T22:15:33+00:00\",\"dateModified\":\"2025-12-06T22:20:22+00:00\",\"mainEntityOfPage\":{\"@id\":\"https:\\\/\\\/www.cgfmanet.org\\\/fr\\\/ifma-fr\\\/une-vague-qui-porte-le-nom-de-marie-immaculee-conception-2025\\\/\"},\"wordCount\":1090,\"commentCount\":0,\"publisher\":{\"@id\":\"https:\\\/\\\/www.cgfmanet.org\\\/es\\\/#organization\"},\"image\":{\"@id\":\"https:\\\/\\\/www.cgfmanet.org\\\/fr\\\/ifma-fr\\\/une-vague-qui-porte-le-nom-de-marie-immaculee-conception-2025\\\/#primaryimage\"},\"thumbnailUrl\":\"https:\\\/\\\/www.cgfmanet.org\\\/wp-content\\\/uploads\\\/2025\\\/12\\\/Messaggio-Madre-Immacolata-2025.jpg\",\"keywords\":[\"M\u00e8re G\u00e9n\u00e9rale\",\"Spiritualit\u00e0 Salesiana\",\"Focus\",\"Madre Chiara Cazzuola\"],\"articleSection\":[\"Charisme Sal\u00e9sien\",\"IFMA\"],\"inLanguage\":\"fr-FR\",\"potentialAction\":[{\"@type\":\"CommentAction\",\"name\":\"Comment\",\"target\":[\"https:\\\/\\\/www.cgfmanet.org\\\/fr\\\/ifma-fr\\\/une-vague-qui-porte-le-nom-de-marie-immaculee-conception-2025\\\/#respond\"]}]},{\"@type\":\"WebPage\",\"@id\":\"https:\\\/\\\/www.cgfmanet.org\\\/fr\\\/ifma-fr\\\/une-vague-qui-porte-le-nom-de-marie-immaculee-conception-2025\\\/\",\"url\":\"https:\\\/\\\/www.cgfmanet.org\\\/fr\\\/ifma-fr\\\/une-vague-qui-porte-le-nom-de-marie-immaculee-conception-2025\\\/\",\"name\":\"Une vague qui porte le nom de Marie \u2013 Immacul\u00e9e Conception 2025 &#8226; Istituto Figlie di Maria Ausiliatrice\",\"isPartOf\":{\"@id\":\"https:\\\/\\\/www.cgfmanet.org\\\/es\\\/#website\"},\"primaryImageOfPage\":{\"@id\":\"https:\\\/\\\/www.cgfmanet.org\\\/fr\\\/ifma-fr\\\/une-vague-qui-porte-le-nom-de-marie-immaculee-conception-2025\\\/#primaryimage\"},\"image\":{\"@id\":\"https:\\\/\\\/www.cgfmanet.org\\\/fr\\\/ifma-fr\\\/une-vague-qui-porte-le-nom-de-marie-immaculee-conception-2025\\\/#primaryimage\"},\"thumbnailUrl\":\"https:\\\/\\\/www.cgfmanet.org\\\/wp-content\\\/uploads\\\/2025\\\/12\\\/Messaggio-Madre-Immacolata-2025.jpg\",\"datePublished\":\"2025-12-06T22:15:33+00:00\",\"dateModified\":\"2025-12-06T22:20:22+00:00\",\"description\":\"Message de salutations de la Sup\u00e9rieure g\u00e9n\u00e9rale de l'Institut des Filles de Marie Auxiliatrice, M\u00e8re Chiara Cazzuola, \u00e0 l'occasion de la Solennit\u00e9 de l'Immacul\u00e9e Conception de Marie 2025.\",\"breadcrumb\":{\"@id\":\"https:\\\/\\\/www.cgfmanet.org\\\/fr\\\/ifma-fr\\\/une-vague-qui-porte-le-nom-de-marie-immaculee-conception-2025\\\/#breadcrumb\"},\"inLanguage\":\"fr-FR\",\"potentialAction\":[{\"@type\":\"ReadAction\",\"target\":[\"https:\\\/\\\/www.cgfmanet.org\\\/fr\\\/ifma-fr\\\/une-vague-qui-porte-le-nom-de-marie-immaculee-conception-2025\\\/\"]}]},{\"@type\":\"ImageObject\",\"inLanguage\":\"fr-FR\",\"@id\":\"https:\\\/\\\/www.cgfmanet.org\\\/fr\\\/ifma-fr\\\/une-vague-qui-porte-le-nom-de-marie-immaculee-conception-2025\\\/#primaryimage\",\"url\":\"https:\\\/\\\/www.cgfmanet.org\\\/wp-content\\\/uploads\\\/2025\\\/12\\\/Messaggio-Madre-Immacolata-2025.jpg\",\"contentUrl\":\"https:\\\/\\\/www.cgfmanet.org\\\/wp-content\\\/uploads\\\/2025\\\/12\\\/Messaggio-Madre-Immacolata-2025.jpg\",\"width\":1181,\"height\":787},{\"@type\":\"BreadcrumbList\",\"@id\":\"https:\\\/\\\/www.cgfmanet.org\\\/fr\\\/ifma-fr\\\/une-vague-qui-porte-le-nom-de-marie-immaculee-conception-2025\\\/#breadcrumb\",\"itemListElement\":[{\"@type\":\"ListItem\",\"position\":1,\"name\":\"Home\",\"item\":\"https:\\\/\\\/www.cgfmanet.org\\\/fr\\\/\"},{\"@type\":\"ListItem\",\"position\":2,\"name\":\"Une vague qui porte le nom de Marie \u2013 Immacul\u00e9e Conception 2025\"}]},{\"@type\":\"WebSite\",\"@id\":\"https:\\\/\\\/www.cgfmanet.org\\\/es\\\/#website\",\"url\":\"https:\\\/\\\/www.cgfmanet.org\\\/es\\\/\",\"name\":\"Istituto Figlie di Maria Ausiliatrice\",\"description\":\"Salesiane di Don Bosco\",\"publisher\":{\"@id\":\"https:\\\/\\\/www.cgfmanet.org\\\/es\\\/#organization\"},\"potentialAction\":[{\"@type\":\"SearchAction\",\"target\":{\"@type\":\"EntryPoint\",\"urlTemplate\":\"https:\\\/\\\/www.cgfmanet.org\\\/es\\\/?s={search_term_string}\"},\"query-input\":{\"@type\":\"PropertyValueSpecification\",\"valueRequired\":true,\"valueName\":\"search_term_string\"}}],\"inLanguage\":\"fr-FR\"},{\"@type\":\"Organization\",\"@id\":\"https:\\\/\\\/www.cgfmanet.org\\\/es\\\/#organization\",\"name\":\"Istituto Figlie di Maria Ausiliatrice\",\"url\":\"https:\\\/\\\/www.cgfmanet.org\\\/es\\\/\",\"logo\":{\"@type\":\"ImageObject\",\"inLanguage\":\"fr-FR\",\"@id\":\"https:\\\/\\\/www.cgfmanet.org\\\/es\\\/#\\\/schema\\\/logo\\\/image\\\/\",\"url\":\"https:\\\/\\\/www.cgfmanet.org\\\/wp-content\\\/uploads\\\/2018\\\/10\\\/logo-fma.png\",\"contentUrl\":\"https:\\\/\\\/www.cgfmanet.org\\\/wp-content\\\/uploads\\\/2018\\\/10\\\/logo-fma.png\",\"width\":214,\"height\":55,\"caption\":\"Istituto Figlie di Maria Ausiliatrice\"},\"image\":{\"@id\":\"https:\\\/\\\/www.cgfmanet.org\\\/es\\\/#\\\/schema\\\/logo\\\/image\\\/\"},\"sameAs\":[\"https:\\\/\\\/www.facebook.com\\\/salesian.sisters.of.don.bosco\\\/\",\"https:\\\/\\\/x.com\\\/Cgfmanet_Org\",\"https:\\\/\\\/www.youtube.com\\\/channel\\\/UCmcr8yFQBV7JXeXVxyV9y5Q\"]},{\"@type\":\"Person\",\"@id\":\"https:\\\/\\\/www.cgfmanet.org\\\/es\\\/#\\\/schema\\\/person\\\/ce6473083f53ef0ef882cca23f0c8fb9\",\"name\":\"Redazione\"}]}<\/script>\n<!-- \/ Yoast SEO plugin. -->","yoast_head_json":{"title":"Une vague qui porte le nom de Marie \u2013 Immacul\u00e9e Conception 2025 &#8226; Istituto Figlie di Maria Ausiliatrice","description":"Message de salutations de la Sup\u00e9rieure g\u00e9n\u00e9rale de l'Institut des Filles de Marie Auxiliatrice, M\u00e8re Chiara Cazzuola, \u00e0 l'occasion de la Solennit\u00e9 de l'Immacul\u00e9e Conception de Marie 2025.","robots":{"index":"index","follow":"follow","max-snippet":"max-snippet:-1","max-image-preview":"max-image-preview:large","max-video-preview":"max-video-preview:-1"},"canonical":"https:\/\/www.cgfmanet.org\/fr\/ifma-fr\/une-vague-qui-porte-le-nom-de-marie-immaculee-conception-2025\/","og_locale":"fr_FR","og_type":"article","og_title":"Une vague qui porte le nom de Marie \u2013 Immacul\u00e9e Conception 2025 &#8226; Istituto Figlie di Maria Ausiliatrice","og_description":"Message de salutations de la Sup\u00e9rieure g\u00e9n\u00e9rale de l'Institut des Filles de Marie Auxiliatrice, M\u00e8re Chiara Cazzuola, \u00e0 l'occasion de la Solennit\u00e9 de l'Immacul\u00e9e Conception de Marie 2025.","og_url":"https:\/\/www.cgfmanet.org\/fr\/ifma-fr\/une-vague-qui-porte-le-nom-de-marie-immaculee-conception-2025\/","og_site_name":"Istituto Figlie di Maria Ausiliatrice","article_publisher":"https:\/\/www.facebook.com\/salesian.sisters.of.don.bosco\/","article_published_time":"2025-12-06T22:15:33+00:00","article_modified_time":"2025-12-06T22:20:22+00:00","og_image":[{"width":1181,"height":787,"url":"https:\/\/www.cgfmanet.org\/wp-content\/uploads\/2025\/12\/Messaggio-Madre-Immacolata-2025.jpg","type":"image\/jpeg"}],"author":"Redazione","twitter_card":"summary_large_image","twitter_creator":"@Cgfmanet_Org","twitter_site":"@Cgfmanet_Org","twitter_misc":{"\u00c9crit par":"Redazione","Dur\u00e9e de lecture estim\u00e9e":"6 minutes"},"schema":{"@context":"https:\/\/schema.org","@graph":[{"@type":"Article","@id":"https:\/\/www.cgfmanet.org\/fr\/ifma-fr\/une-vague-qui-porte-le-nom-de-marie-immaculee-conception-2025\/#article","isPartOf":{"@id":"https:\/\/www.cgfmanet.org\/fr\/ifma-fr\/une-vague-qui-porte-le-nom-de-marie-immaculee-conception-2025\/"},"author":{"name":"Redazione","@id":"https:\/\/www.cgfmanet.org\/es\/#\/schema\/person\/ce6473083f53ef0ef882cca23f0c8fb9"},"headline":"Une vague qui porte le nom de Marie \u2013 Immacul\u00e9e Conception 2025","datePublished":"2025-12-06T22:15:33+00:00","dateModified":"2025-12-06T22:20:22+00:00","mainEntityOfPage":{"@id":"https:\/\/www.cgfmanet.org\/fr\/ifma-fr\/une-vague-qui-porte-le-nom-de-marie-immaculee-conception-2025\/"},"wordCount":1090,"commentCount":0,"publisher":{"@id":"https:\/\/www.cgfmanet.org\/es\/#organization"},"image":{"@id":"https:\/\/www.cgfmanet.org\/fr\/ifma-fr\/une-vague-qui-porte-le-nom-de-marie-immaculee-conception-2025\/#primaryimage"},"thumbnailUrl":"https:\/\/www.cgfmanet.org\/wp-content\/uploads\/2025\/12\/Messaggio-Madre-Immacolata-2025.jpg","keywords":["M\u00e8re G\u00e9n\u00e9rale","Spiritualit\u00e0 Salesiana","Focus","Madre Chiara Cazzuola"],"articleSection":["Charisme Sal\u00e9sien","IFMA"],"inLanguage":"fr-FR","potentialAction":[{"@type":"CommentAction","name":"Comment","target":["https:\/\/www.cgfmanet.org\/fr\/ifma-fr\/une-vague-qui-porte-le-nom-de-marie-immaculee-conception-2025\/#respond"]}]},{"@type":"WebPage","@id":"https:\/\/www.cgfmanet.org\/fr\/ifma-fr\/une-vague-qui-porte-le-nom-de-marie-immaculee-conception-2025\/","url":"https:\/\/www.cgfmanet.org\/fr\/ifma-fr\/une-vague-qui-porte-le-nom-de-marie-immaculee-conception-2025\/","name":"Une vague qui porte le nom de Marie \u2013 Immacul\u00e9e Conception 2025 &#8226; Istituto Figlie di Maria Ausiliatrice","isPartOf":{"@id":"https:\/\/www.cgfmanet.org\/es\/#website"},"primaryImageOfPage":{"@id":"https:\/\/www.cgfmanet.org\/fr\/ifma-fr\/une-vague-qui-porte-le-nom-de-marie-immaculee-conception-2025\/#primaryimage"},"image":{"@id":"https:\/\/www.cgfmanet.org\/fr\/ifma-fr\/une-vague-qui-porte-le-nom-de-marie-immaculee-conception-2025\/#primaryimage"},"thumbnailUrl":"https:\/\/www.cgfmanet.org\/wp-content\/uploads\/2025\/12\/Messaggio-Madre-Immacolata-2025.jpg","datePublished":"2025-12-06T22:15:33+00:00","dateModified":"2025-12-06T22:20:22+00:00","description":"Message de salutations de la Sup\u00e9rieure g\u00e9n\u00e9rale de l'Institut des Filles de Marie Auxiliatrice, M\u00e8re Chiara Cazzuola, \u00e0 l'occasion de la Solennit\u00e9 de l'Immacul\u00e9e Conception de Marie 2025.","breadcrumb":{"@id":"https:\/\/www.cgfmanet.org\/fr\/ifma-fr\/une-vague-qui-porte-le-nom-de-marie-immaculee-conception-2025\/#breadcrumb"},"inLanguage":"fr-FR","potentialAction":[{"@type":"ReadAction","target":["https:\/\/www.cgfmanet.org\/fr\/ifma-fr\/une-vague-qui-porte-le-nom-de-marie-immaculee-conception-2025\/"]}]},{"@type":"ImageObject","inLanguage":"fr-FR","@id":"https:\/\/www.cgfmanet.org\/fr\/ifma-fr\/une-vague-qui-porte-le-nom-de-marie-immaculee-conception-2025\/#primaryimage","url":"https:\/\/www.cgfmanet.org\/wp-content\/uploads\/2025\/12\/Messaggio-Madre-Immacolata-2025.jpg","contentUrl":"https:\/\/www.cgfmanet.org\/wp-content\/uploads\/2025\/12\/Messaggio-Madre-Immacolata-2025.jpg","width":1181,"height":787},{"@type":"BreadcrumbList","@id":"https:\/\/www.cgfmanet.org\/fr\/ifma-fr\/une-vague-qui-porte-le-nom-de-marie-immaculee-conception-2025\/#breadcrumb","itemListElement":[{"@type":"ListItem","position":1,"name":"Home","item":"https:\/\/www.cgfmanet.org\/fr\/"},{"@type":"ListItem","position":2,"name":"Une vague qui porte le nom de Marie \u2013 Immacul\u00e9e Conception 2025"}]},{"@type":"WebSite","@id":"https:\/\/www.cgfmanet.org\/es\/#website","url":"https:\/\/www.cgfmanet.org\/es\/","name":"Istituto Figlie di Maria Ausiliatrice","description":"Salesiane di Don Bosco","publisher":{"@id":"https:\/\/www.cgfmanet.org\/es\/#organization"},"potentialAction":[{"@type":"SearchAction","target":{"@type":"EntryPoint","urlTemplate":"https:\/\/www.cgfmanet.org\/es\/?s={search_term_string}"},"query-input":{"@type":"PropertyValueSpecification","valueRequired":true,"valueName":"search_term_string"}}],"inLanguage":"fr-FR"},{"@type":"Organization","@id":"https:\/\/www.cgfmanet.org\/es\/#organization","name":"Istituto Figlie di Maria Ausiliatrice","url":"https:\/\/www.cgfmanet.org\/es\/","logo":{"@type":"ImageObject","inLanguage":"fr-FR","@id":"https:\/\/www.cgfmanet.org\/es\/#\/schema\/logo\/image\/","url":"https:\/\/www.cgfmanet.org\/wp-content\/uploads\/2018\/10\/logo-fma.png","contentUrl":"https:\/\/www.cgfmanet.org\/wp-content\/uploads\/2018\/10\/logo-fma.png","width":214,"height":55,"caption":"Istituto Figlie di Maria Ausiliatrice"},"image":{"@id":"https:\/\/www.cgfmanet.org\/es\/#\/schema\/logo\/image\/"},"sameAs":["https:\/\/www.facebook.com\/salesian.sisters.of.don.bosco\/","https:\/\/x.com\/Cgfmanet_Org","https:\/\/www.youtube.com\/channel\/UCmcr8yFQBV7JXeXVxyV9y5Q"]},{"@type":"Person","@id":"https:\/\/www.cgfmanet.org\/es\/#\/schema\/person\/ce6473083f53ef0ef882cca23f0c8fb9","name":"Redazione"}]}},"_links":{"self":[{"href":"https:\/\/www.cgfmanet.org\/fr\/wp-json\/wp\/v2\/posts\/149075","targetHints":{"allow":["GET"]}}],"collection":[{"href":"https:\/\/www.cgfmanet.org\/fr\/wp-json\/wp\/v2\/posts"}],"about":[{"href":"https:\/\/www.cgfmanet.org\/fr\/wp-json\/wp\/v2\/types\/post"}],"author":[{"embeddable":true,"href":"https:\/\/www.cgfmanet.org\/fr\/wp-json\/wp\/v2\/users\/21"}],"replies":[{"embeddable":true,"href":"https:\/\/www.cgfmanet.org\/fr\/wp-json\/wp\/v2\/comments?post=149075"}],"version-history":[{"count":2,"href":"https:\/\/www.cgfmanet.org\/fr\/wp-json\/wp\/v2\/posts\/149075\/revisions"}],"predecessor-version":[{"id":149090,"href":"https:\/\/www.cgfmanet.org\/fr\/wp-json\/wp\/v2\/posts\/149075\/revisions\/149090"}],"wp:featuredmedia":[{"embeddable":true,"href":"https:\/\/www.cgfmanet.org\/fr\/wp-json\/wp\/v2\/media\/149085"}],"wp:attachment":[{"href":"https:\/\/www.cgfmanet.org\/fr\/wp-json\/wp\/v2\/media?parent=149075"}],"wp:term":[{"taxonomy":"category","embeddable":true,"href":"https:\/\/www.cgfmanet.org\/fr\/wp-json\/wp\/v2\/categories?post=149075"},{"taxonomy":"post_tag","embeddable":true,"href":"https:\/\/www.cgfmanet.org\/fr\/wp-json\/wp\/v2\/tags?post=149075"}],"curies":[{"name":"wp","href":"https:\/\/api.w.org\/{rel}","templated":true}]}}