{"id":147921,"date":"2025-11-26T14:05:41","date_gmt":"2025-11-26T13:05:41","guid":{"rendered":"https:\/\/www.cgfmanet.org\/info-sphere\/novena-dellimmacolata-2025\/"},"modified":"2025-12-04T18:54:26","modified_gmt":"2025-12-04T17:54:26","slug":"neuvaine-de-limmaculee-conception-de-2025","status":"publish","type":"post","link":"https:\/\/www.cgfmanet.org\/fr\/info-sphere\/neuvaine-de-limmaculee-conception-de-2025\/","title":{"rendered":"Neuvaine de l\u2019Immacul\u00e9e Conception de 2025"},"content":{"rendered":"<p><strong>Rome (Italie). <\/strong>Pour se pr\u00e9parer \u00e0 vivre la Solennit\u00e9 de l\u2019Immacul\u00e9e Conception de Marie, le 8 d\u00e9cembre 2025, le Secteur Famille Sal\u00e9sienne de l\u2019Institut des Filles de Marie Auxiliatrice propose une Neuvaine intitul\u00e9e :<\/p>\n<h3 style=\"text-align: center;\"><span style=\"color: #ff0000;\"><strong>\u201cCourage, la Vierge est proche de toi !\u201d<\/strong><\/span><\/h3>\n<p>Dans la pr\u00e9sentation de la neuvaine, s\u0153ur Leslie S\u00e1ndigo Ortega, conseill\u00e8re pour la famille sal\u00e9sienne de l&rsquo;Institut, illustre le choix du th\u00e8me et la structure :<\/p>\n<p>Avec la canonisation de <strong>S\u0153ur Maria Troncatti<\/strong>, qui a eu lieu le 19 octobre, le Seigneur nous a b\u00e9nis en donnant une nouvelle Sainte \u00e0 l&rsquo;Institut et \u00e0 la Famille Sal\u00e9sienne. Alors que nous nous pr\u00e9parons \u00e0 c\u00e9l\u00e9brer la f\u00e8te de l&rsquo;Immacul\u00e9e Conception 2025, en tant qu&rsquo;Institut, nous voulons marcher et louer le Seigneur pour la vie et le t\u00e9moignage de saintet\u00e9 de notre ch\u00e8re S\u0153ur Maria Troncatti qui a trouv\u00e9 en Marie une aide, une ma\u00ectresse et un exemple.<\/p>\n<p><strong>La proposition de la neuvaine<\/strong> s&rsquo;inspire de passages de la biographie de sainte Maria Troncatti dans lesquels la pr\u00e9sence et la protection directe de Marie \u00e9mergent dans sa vie personnelle et communautaire et dans la mission. Toute sa vie s&rsquo;est d\u00e9roul\u00e9e dans une profonde communion avec Marie, exprim\u00e9e dans une confiance in\u00e9branlable. Elle a \u00e9gren\u00e9 les Ave Maria comme le souffie de l&rsquo;\u00e0me et a puis\u00e9 dans cette pri\u00e8re force, s\u00e9r\u00e9nit\u00e9, patience, cr\u00e9ativit\u00e9 et audace missionnaire.<\/p>\n<p><strong>Pour chaque jour<\/strong>, un \u00e9pisode de la vie de Santa Maria Troncatti est propos\u00e9, qui encourage la r\u00e9flexion et la confiance dans la pr\u00e9sence de Marie dans la vie, et un engagement quotidien.<\/p>\n<p><strong>Comme action concr\u00e8te<\/strong>, il est sugg\u00e9r\u00e9 aux Communaut\u00e9s de prier le Rosaire et de le conclure par la proposition de pri\u00e8re \u00e0 la Vierge Immacul\u00e9e, en renouvelant les sentiments de gratitude, de supplication et de confiance comme elle l&rsquo;a dit elle-m\u00e8me \u00e0 sa s\u0153ur Catherine : \u00ab Je demande \u00e0 tous une grande faveur : qu&rsquo;ils r\u00e9citent le Saint Rosaire tous les soirs avant d&rsquo;aller se coucher. Je demande cette faveur \u00e0 tout le monde. C&rsquo;est la Sainte Vierge qui le veut, et qui supplie que l&rsquo;on r\u00e9cite le saint Rosaire pour la conversion de tant de p\u00e9cheurs. Je prie toujours pour vous tous et vous priez pour moi. (Lettres de S\u0153ur Maria Troncatti, n. 56)<\/p>\n<p>Avec sainte Marie Troncatti, commen\u00e7ons cette neuvaine avec ferveur et amour pour Marie Immacul\u00e9e, M\u00e8re, Ma\u00ectresse et compagne de voyage pour toujours !<\/p>\n<p>Outre les textes, les fichiers <strong>podcasts<\/strong> des \u00e9pisodes seront disponibles au format mp4 et Wav, et seront \u00e9galement t\u00e9l\u00e9charg\u00e9s sur les cha\u00eenes <strong>YouTube<\/strong> et <strong>Soundcloud <\/strong>de l&rsquo;Institut.<\/p>\n<p><span style=\"color: #0000ff;\"><a style=\"color: #0000ff;\" href=\"https:\/\/drive.google.com\/drive\/u\/0\/folders\/17d_OERNNBRsPZWoGQzgLXWqf2Rs-8jG5\" target=\"_blank\" rel=\"noopener\"><strong>PDF Neuvaine<\/strong><\/a><\/span><\/p>\n<p><strong>Jour 1<\/strong> \u2013 <em><strong>Je te confie ma vie<\/strong><\/em> \u2013 <span style=\"color: #0000ff;\"><a style=\"color: #0000ff;\" href=\"https:\/\/www.youtube.com\/watch?v=kCywUBw20zM\" target=\"_blank\" rel=\"noopener\"><strong>YouTube<\/strong><\/a><\/span> \u2013<span style=\"color: #0000ff;\"><a style=\"color: #0000ff;\" href=\"https:\/\/soundcloud.com\/user-24146069\/novena-marie-immaculee-2025-fr-29-novembre?in=user-24146069\/sets\/novena-immacolata-2025\" target=\"_blank\" rel=\"noopener\"><strong> Soundcloud <\/strong><\/a><\/span>&#8211; <span style=\"color: #0000ff;\"><a style=\"color: #0000ff;\" href=\"https:\/\/drive.google.com\/drive\/u\/0\/folders\/1v7UTjnU1gW1JXZ91fu9cSlVFgIgZdciC\" target=\"_blank\" rel=\"noopener\"><strong>T\u00e9l\u00e9charger<\/strong> <\/a><\/span><\/p>\n<p><strong>Jour 2 \u2013 <\/strong><em><strong>En ton nom, je continue <\/strong><\/em>\u00a0\u2013 <span style=\"color: #0000ff;\"><a style=\"color: #0000ff;\" href=\"https:\/\/www.youtube.com\/watch?v=JxA9fDlwfdQ\" target=\"_blank\" rel=\"noopener\"><strong>YouTube<\/strong><\/a><\/span> \u2013<span style=\"color: #0000ff;\"><a style=\"color: #0000ff;\" href=\"https:\/\/soundcloud.com\/user-24146069\/novena-marie-immaculee-2025-fr-30-novembre\" target=\"_blank\" rel=\"noopener\"><strong> Soundcloud <\/strong><\/a><\/span>&#8211; <span style=\"color: #0000ff;\"><a style=\"color: #0000ff;\" href=\"https:\/\/drive.google.com\/drive\/u\/0\/folders\/1Fmc1PDMh1bUg1TgYKq_Z1DS1wny8nbur\" target=\"_blank\" rel=\"noopener\"><strong>T\u00e9l\u00e9charger<\/strong><\/a><\/span><\/p>\n<p><strong>Jour 3 \u2013 <\/strong><em><strong>Ta main me soutient<\/strong><\/em><strong> \u2013 <span style=\"color: #0000ff;\"><a style=\"color: #0000ff;\" href=\"https:\/\/www.youtube.com\/watch?v=tlsaXvi67P8\" target=\"_blank\" rel=\"noopener\">YouTube<\/a><\/span><\/strong> \u2013<span style=\"color: #0000ff;\"><a style=\"color: #0000ff;\" href=\"https:\/\/soundcloud.com\/user-24146069\/novena-marie-immaculee-2025-1er-decembre\" target=\"_blank\" rel=\"noopener\"><strong> Soundcloud <\/strong><\/a><\/span>&#8211; <span style=\"color: #0000ff;\"><a style=\"color: #0000ff;\" href=\"https:\/\/drive.google.com\/drive\/u\/0\/folders\/1GRhoYFvCKUJWvQQRQzfb519VlDp0VS3n\" target=\"_blank\" rel=\"noopener\"><strong>T\u00e9l\u00e9charger<\/strong><\/a><\/span><\/p>\n<p><strong>Jour 4 \u2013 <\/strong><em><strong>Ta pr\u00e9sence me d\u00e9fend <\/strong><\/em><strong>\u2013 <span style=\"color: #0000ff;\"><a style=\"color: #0000ff;\" href=\"https:\/\/www.youtube.com\/watch?v=xETjsznS0vY\" target=\"_blank\" rel=\"noopener\">YouTube<\/a><\/span><\/strong> \u2013<span style=\"color: #0000ff;\"><a style=\"color: #0000ff;\" href=\"https:\/\/soundcloud.com\/user-24146069\/neuvaine-de-limmaculee-conception-de-2025-fr-2-decembre\" target=\"_blank\" rel=\"noopener\"><strong> Soundcloud <\/strong><\/a><\/span>&#8211; <span style=\"color: #0000ff;\"><a style=\"color: #0000ff;\" href=\"https:\/\/drive.google.com\/drive\/u\/0\/folders\/1yG2BswPFiIM771AZVAbV8Np0exROzkGW\" target=\"_blank\" rel=\"noopener\"><strong>T\u00e9l\u00e9charger<\/strong><\/a><\/span><\/p>\n<p><strong>Jour 5 \u2013 <\/strong><em><strong>Marie veille sur nous<\/strong><\/em><strong> \u2013 <span style=\"color: #0000ff;\"><a style=\"color: #0000ff;\" href=\"https:\/\/www.youtube.com\/watch?v=P_RXEMzRTPM\" target=\"_blank\" rel=\"noopener\">YouTube<\/a><\/span><\/strong> \u2013<span style=\"color: #0000ff;\"><a style=\"color: #0000ff;\" href=\"https:\/\/soundcloud.com\/user-24146069\/neuvaine-de-limmaculee-conception-de-2025-fr-3-decembre\" target=\"_blank\" rel=\"noopener\"><strong> Soundcloud <\/strong><\/a><\/span>&#8211; <span style=\"color: #0000ff;\"><a style=\"color: #0000ff;\" href=\"https:\/\/drive.google.com\/drive\/u\/0\/folders\/1XiTXpElTMDKZkAGbSZak94KFZ99hwxq8\" target=\"_blank\" rel=\"noopener\"><strong>T\u00e9l\u00e9charger<\/strong><\/a><\/span><\/p>\n<p><strong>Jour 6 \u2013 <\/strong><em><strong>Vierge Immacul\u00e9e, sauve-nous <\/strong><\/em><strong>\u2013 <span style=\"color: #0000ff;\"><a style=\"color: #0000ff;\" href=\"https:\/\/www.youtube.com\/watch?v=XUbSRx1_sTw\" target=\"_blank\" rel=\"noopener\">YouTube<\/a><\/span><\/strong> \u2013<span style=\"color: #0000ff;\"><a style=\"color: #0000ff;\" href=\"https:\/\/soundcloud.com\/user-24146069\/neuvaine-de-limmaculee-conception-de-2025-fr-4-decembre\" target=\"_blank\" rel=\"noopener\"><strong> Soundcloud <\/strong><\/a><\/span>&#8211; <span style=\"color: #0000ff;\"><a style=\"color: #0000ff;\" href=\"https:\/\/drive.google.com\/drive\/u\/0\/folders\/10nJ9_cFp9PhDFlfgLsLbXtJ7zI6e-dl8\" target=\"_blank\" rel=\"noopener\"><strong>T\u00e9l\u00e9charger<\/strong><\/a><\/span><\/p>\n<p><strong>Jour 7 \u2013 <\/strong><em><strong>\u00c0 l&rsquo;\u00e9coute la voix de Marie <\/strong><\/em><strong>\u2013 <span style=\"color: #0000ff;\"><a style=\"color: #0000ff;\" href=\"https:\/\/www.youtube.com\/watch?v=KvYCMKYDsr0\" target=\"_blank\" rel=\"noopener\">YouTube<\/a><\/span><\/strong> \u2013<span style=\"color: #0000ff;\"><a style=\"color: #0000ff;\" href=\"https:\/\/soundcloud.com\/user-24146069\/neuvaine-de-limmaculee-conception-de-2025-fr-5-decembre\" target=\"_blank\" rel=\"noopener\"><strong> Soundcloud <\/strong><\/a><\/span>&#8211; <span style=\"color: #0000ff;\"><a style=\"color: #0000ff;\" href=\"https:\/\/drive.google.com\/drive\/u\/0\/folders\/160osj0PfCUahEYw5bTDnF639Zy2__Vwh\" target=\"_blank\" rel=\"noopener\"><strong>T\u00e9l\u00e9charger<\/strong><\/a><\/span><\/p>\n<p><strong>Jour 8 \u2013 <\/strong><em><strong>Marie marche avec nous <\/strong><\/em><strong>\u2013 <span style=\"color: #0000ff;\"><a style=\"color: #0000ff;\" href=\"https:\/\/www.youtube.com\/watch?v=_VQVR0XlIJA\" target=\"_blank\" rel=\"noopener\">YouTube<\/a><\/span><\/strong> \u2013<span style=\"color: #0000ff;\"><a style=\"color: #0000ff;\" href=\"https:\/\/soundcloud.com\/user-24146069\/neuvaine-de-limmaculee-conception-de-2025-fr-6-decembre\" target=\"_blank\" rel=\"noopener\"><strong> Soundcloud <\/strong><\/a><\/span>&#8211; <span style=\"color: #0000ff;\"><a style=\"color: #0000ff;\" href=\"https:\/\/drive.google.com\/drive\/u\/0\/folders\/1zPZwHOCfLVHKKazUeVwvgKOBSPKX1F_Y\" target=\"_blank\" rel=\"noopener\"><strong>T\u00e9l\u00e9charger <\/strong><\/a><\/span><\/p>\n<p><strong>Jour 9 \u2013 <\/strong><em><strong>Puiss\u00e9-je toujours Te voir <\/strong><\/em><strong>\u2013 <span style=\"color: #0000ff;\"><a style=\"color: #0000ff;\" href=\"https:\/\/www.youtube.com\/watch?v=zO_sE3n5eMM\" target=\"_blank\" rel=\"noopener\">YouTube<\/a><\/span><\/strong> \u2013<a href=\"https:\/\/soundcloud.com\/user-24146069\/neuvaine-de-limmaculee-conception-de-2025-fr-7-decembre\" target=\"_blank\" rel=\"noopener\"><strong><span style=\"color: #0000ff;\"> Soundcloud<\/span> <\/strong><\/a>&#8211; <span style=\"color: #0000ff;\"><a style=\"color: #0000ff;\" href=\"https:\/\/drive.google.com\/drive\/u\/0\/folders\/1EV5xzXoAx7sriIJ0xLoNoPj6-gktXPEP\" target=\"_blank\" rel=\"noopener\"><strong>T\u00e9l\u00e9charger<\/strong><\/a><\/span><\/p>\n","protected":false},"excerpt":{"rendered":"<p>Rome (Italie). Pour se pr\u00e9parer \u00e0 vivre la Solennit\u00e9 de l\u2019Immacul\u00e9e Conception de Marie, le 8 d\u00e9cembre 2025, le Secteur Famille Sal\u00e9sienne de l\u2019Institut des Filles de Marie Auxiliatrice propose [&hellip;]<\/p>\n","protected":false},"author":21,"featured_media":147934,"comment_status":"open","ping_status":"closed","sticky":false,"template":"","format":"standard","meta":{"footnotes":""},"categories":[36,188],"tags":[256,396,1661,1778,1929,2146,2382],"class_list":["post-147921","post","type-post","status-publish","format-standard","has-post-thumbnail","category-info-sphere","category-eglise","tag-conseillere-pour-la-famille-salesienne","tag-neuvaine-de-limmaculee","tag-carisma-salesiano-fr","tag-famille-salesienne","tag-focus-fr","tag-preghiera-fr","tag-maria-fr"],"yoast_head":"<!-- This site is optimized with the Yoast SEO plugin v27.4 - https:\/\/yoast.com\/product\/yoast-seo-wordpress\/ -->\n<title>Neuvaine de l\u2019Immacul\u00e9e Conception de 2025 &#8226; Istituto Figlie di Maria Ausiliatrice<\/title>\n<meta name=\"description\" content=\"La proposition de la Famille sal\u00e9sienne de se pr\u00e9parer, par une neuvaine, \u00e0 la solennit\u00e9 de l&#039;Immacul\u00e9e Conception de Marie, le 8 d\u00e9cembre 2025.\" \/>\n<meta name=\"robots\" content=\"index, follow, max-snippet:-1, max-image-preview:large, max-video-preview:-1\" \/>\n<link rel=\"canonical\" href=\"https:\/\/www.cgfmanet.org\/fr\/info-sphere\/neuvaine-de-limmaculee-conception-de-2025\/\" \/>\n<meta property=\"og:locale\" content=\"fr_FR\" \/>\n<meta property=\"og:type\" content=\"article\" \/>\n<meta property=\"og:title\" content=\"Neuvaine de l\u2019Immacul\u00e9e Conception de 2025 &#8226; Istituto Figlie di Maria Ausiliatrice\" \/>\n<meta property=\"og:description\" content=\"La proposition de la Famille sal\u00e9sienne de se pr\u00e9parer, par une neuvaine, \u00e0 la solennit\u00e9 de l&#039;Immacul\u00e9e Conception de Marie, le 8 d\u00e9cembre 2025.\" \/>\n<meta property=\"og:url\" content=\"https:\/\/www.cgfmanet.org\/fr\/info-sphere\/neuvaine-de-limmaculee-conception-de-2025\/\" \/>\n<meta property=\"og:site_name\" content=\"Istituto Figlie di Maria Ausiliatrice\" \/>\n<meta property=\"article:publisher\" content=\"https:\/\/www.facebook.com\/salesian.sisters.of.don.bosco\/\" \/>\n<meta property=\"article:published_time\" content=\"2025-11-26T13:05:41+00:00\" \/>\n<meta property=\"article:modified_time\" content=\"2025-12-04T17:54:26+00:00\" \/>\n<meta property=\"og:image\" content=\"https:\/\/www.cgfmanet.org\/wp-content\/uploads\/2025\/11\/Novena-Immacolata-2025_FRA.jpg\" \/>\n\t<meta property=\"og:image:width\" content=\"1200\" \/>\n\t<meta property=\"og:image:height\" content=\"800\" \/>\n\t<meta property=\"og:image:type\" content=\"image\/jpeg\" \/>\n<meta name=\"author\" content=\"Redazione\" \/>\n<meta name=\"twitter:card\" content=\"summary_large_image\" \/>\n<meta name=\"twitter:creator\" content=\"@Cgfmanet_Org\" \/>\n<meta name=\"twitter:site\" content=\"@Cgfmanet_Org\" \/>\n<meta name=\"twitter:label1\" content=\"\u00c9crit par\" \/>\n\t<meta name=\"twitter:data1\" content=\"Redazione\" \/>\n\t<meta name=\"twitter:label2\" content=\"Dur\u00e9e de lecture estim\u00e9e\" \/>\n\t<meta name=\"twitter:data2\" content=\"3 minutes\" \/>\n<script type=\"application\/ld+json\" class=\"yoast-schema-graph\">{\"@context\":\"https:\\\/\\\/schema.org\",\"@graph\":[{\"@type\":\"Article\",\"@id\":\"https:\\\/\\\/www.cgfmanet.org\\\/fr\\\/info-sphere\\\/neuvaine-de-limmaculee-conception-de-2025\\\/#article\",\"isPartOf\":{\"@id\":\"https:\\\/\\\/www.cgfmanet.org\\\/fr\\\/info-sphere\\\/neuvaine-de-limmaculee-conception-de-2025\\\/\"},\"author\":{\"name\":\"Redazione\",\"@id\":\"https:\\\/\\\/www.cgfmanet.org\\\/es\\\/#\\\/schema\\\/person\\\/ce6473083f53ef0ef882cca23f0c8fb9\"},\"headline\":\"Neuvaine de l\u2019Immacul\u00e9e Conception de 2025\",\"datePublished\":\"2025-11-26T13:05:41+00:00\",\"dateModified\":\"2025-12-04T17:54:26+00:00\",\"mainEntityOfPage\":{\"@id\":\"https:\\\/\\\/www.cgfmanet.org\\\/fr\\\/info-sphere\\\/neuvaine-de-limmaculee-conception-de-2025\\\/\"},\"wordCount\":586,\"commentCount\":0,\"publisher\":{\"@id\":\"https:\\\/\\\/www.cgfmanet.org\\\/es\\\/#organization\"},\"image\":{\"@id\":\"https:\\\/\\\/www.cgfmanet.org\\\/fr\\\/info-sphere\\\/neuvaine-de-limmaculee-conception-de-2025\\\/#primaryimage\"},\"thumbnailUrl\":\"https:\\\/\\\/www.cgfmanet.org\\\/wp-content\\\/uploads\\\/2025\\\/11\\\/Novena-Immacolata-2025_FRA.jpg\",\"keywords\":[\"Conseill\u00e8re pour la Famille Sal\u00e9sienne\",\"Neuvaine de l'Immacul\u00e9e\",\"Carisma salesiano\",\"Famille Sal\u00e9sienne\",\"Focus\",\"Preghiera\",\"Maria\"],\"articleSection\":[\"Infosph\u00e8re\",\"Eglise\"],\"inLanguage\":\"fr-FR\",\"potentialAction\":[{\"@type\":\"CommentAction\",\"name\":\"Comment\",\"target\":[\"https:\\\/\\\/www.cgfmanet.org\\\/fr\\\/info-sphere\\\/neuvaine-de-limmaculee-conception-de-2025\\\/#respond\"]}]},{\"@type\":\"WebPage\",\"@id\":\"https:\\\/\\\/www.cgfmanet.org\\\/fr\\\/info-sphere\\\/neuvaine-de-limmaculee-conception-de-2025\\\/\",\"url\":\"https:\\\/\\\/www.cgfmanet.org\\\/fr\\\/info-sphere\\\/neuvaine-de-limmaculee-conception-de-2025\\\/\",\"name\":\"Neuvaine de l\u2019Immacul\u00e9e Conception de 2025 &#8226; Istituto Figlie di Maria Ausiliatrice\",\"isPartOf\":{\"@id\":\"https:\\\/\\\/www.cgfmanet.org\\\/es\\\/#website\"},\"primaryImageOfPage\":{\"@id\":\"https:\\\/\\\/www.cgfmanet.org\\\/fr\\\/info-sphere\\\/neuvaine-de-limmaculee-conception-de-2025\\\/#primaryimage\"},\"image\":{\"@id\":\"https:\\\/\\\/www.cgfmanet.org\\\/fr\\\/info-sphere\\\/neuvaine-de-limmaculee-conception-de-2025\\\/#primaryimage\"},\"thumbnailUrl\":\"https:\\\/\\\/www.cgfmanet.org\\\/wp-content\\\/uploads\\\/2025\\\/11\\\/Novena-Immacolata-2025_FRA.jpg\",\"datePublished\":\"2025-11-26T13:05:41+00:00\",\"dateModified\":\"2025-12-04T17:54:26+00:00\",\"description\":\"La proposition de la Famille sal\u00e9sienne de se pr\u00e9parer, par une neuvaine, \u00e0 la solennit\u00e9 de l'Immacul\u00e9e Conception de Marie, le 8 d\u00e9cembre 2025.\",\"breadcrumb\":{\"@id\":\"https:\\\/\\\/www.cgfmanet.org\\\/fr\\\/info-sphere\\\/neuvaine-de-limmaculee-conception-de-2025\\\/#breadcrumb\"},\"inLanguage\":\"fr-FR\",\"potentialAction\":[{\"@type\":\"ReadAction\",\"target\":[\"https:\\\/\\\/www.cgfmanet.org\\\/fr\\\/info-sphere\\\/neuvaine-de-limmaculee-conception-de-2025\\\/\"]}]},{\"@type\":\"ImageObject\",\"inLanguage\":\"fr-FR\",\"@id\":\"https:\\\/\\\/www.cgfmanet.org\\\/fr\\\/info-sphere\\\/neuvaine-de-limmaculee-conception-de-2025\\\/#primaryimage\",\"url\":\"https:\\\/\\\/www.cgfmanet.org\\\/wp-content\\\/uploads\\\/2025\\\/11\\\/Novena-Immacolata-2025_FRA.jpg\",\"contentUrl\":\"https:\\\/\\\/www.cgfmanet.org\\\/wp-content\\\/uploads\\\/2025\\\/11\\\/Novena-Immacolata-2025_FRA.jpg\",\"width\":1200,\"height\":800},{\"@type\":\"BreadcrumbList\",\"@id\":\"https:\\\/\\\/www.cgfmanet.org\\\/fr\\\/info-sphere\\\/neuvaine-de-limmaculee-conception-de-2025\\\/#breadcrumb\",\"itemListElement\":[{\"@type\":\"ListItem\",\"position\":1,\"name\":\"Home\",\"item\":\"https:\\\/\\\/www.cgfmanet.org\\\/fr\\\/\"},{\"@type\":\"ListItem\",\"position\":2,\"name\":\"Neuvaine de l\u2019Immacul\u00e9e Conception de 2025\"}]},{\"@type\":\"WebSite\",\"@id\":\"https:\\\/\\\/www.cgfmanet.org\\\/es\\\/#website\",\"url\":\"https:\\\/\\\/www.cgfmanet.org\\\/es\\\/\",\"name\":\"Istituto Figlie di Maria Ausiliatrice\",\"description\":\"Salesiane di Don Bosco\",\"publisher\":{\"@id\":\"https:\\\/\\\/www.cgfmanet.org\\\/es\\\/#organization\"},\"potentialAction\":[{\"@type\":\"SearchAction\",\"target\":{\"@type\":\"EntryPoint\",\"urlTemplate\":\"https:\\\/\\\/www.cgfmanet.org\\\/es\\\/?s={search_term_string}\"},\"query-input\":{\"@type\":\"PropertyValueSpecification\",\"valueRequired\":true,\"valueName\":\"search_term_string\"}}],\"inLanguage\":\"fr-FR\"},{\"@type\":\"Organization\",\"@id\":\"https:\\\/\\\/www.cgfmanet.org\\\/es\\\/#organization\",\"name\":\"Istituto Figlie di Maria Ausiliatrice\",\"url\":\"https:\\\/\\\/www.cgfmanet.org\\\/es\\\/\",\"logo\":{\"@type\":\"ImageObject\",\"inLanguage\":\"fr-FR\",\"@id\":\"https:\\\/\\\/www.cgfmanet.org\\\/es\\\/#\\\/schema\\\/logo\\\/image\\\/\",\"url\":\"https:\\\/\\\/www.cgfmanet.org\\\/wp-content\\\/uploads\\\/2018\\\/10\\\/logo-fma.png\",\"contentUrl\":\"https:\\\/\\\/www.cgfmanet.org\\\/wp-content\\\/uploads\\\/2018\\\/10\\\/logo-fma.png\",\"width\":214,\"height\":55,\"caption\":\"Istituto Figlie di Maria Ausiliatrice\"},\"image\":{\"@id\":\"https:\\\/\\\/www.cgfmanet.org\\\/es\\\/#\\\/schema\\\/logo\\\/image\\\/\"},\"sameAs\":[\"https:\\\/\\\/www.facebook.com\\\/salesian.sisters.of.don.bosco\\\/\",\"https:\\\/\\\/x.com\\\/Cgfmanet_Org\",\"https:\\\/\\\/www.youtube.com\\\/channel\\\/UCmcr8yFQBV7JXeXVxyV9y5Q\"]},{\"@type\":\"Person\",\"@id\":\"https:\\\/\\\/www.cgfmanet.org\\\/es\\\/#\\\/schema\\\/person\\\/ce6473083f53ef0ef882cca23f0c8fb9\",\"name\":\"Redazione\"}]}<\/script>\n<!-- \/ Yoast SEO plugin. -->","yoast_head_json":{"title":"Neuvaine de l\u2019Immacul\u00e9e Conception de 2025 &#8226; Istituto Figlie di Maria Ausiliatrice","description":"La proposition de la Famille sal\u00e9sienne de se pr\u00e9parer, par une neuvaine, \u00e0 la solennit\u00e9 de l'Immacul\u00e9e Conception de Marie, le 8 d\u00e9cembre 2025.","robots":{"index":"index","follow":"follow","max-snippet":"max-snippet:-1","max-image-preview":"max-image-preview:large","max-video-preview":"max-video-preview:-1"},"canonical":"https:\/\/www.cgfmanet.org\/fr\/info-sphere\/neuvaine-de-limmaculee-conception-de-2025\/","og_locale":"fr_FR","og_type":"article","og_title":"Neuvaine de l\u2019Immacul\u00e9e Conception de 2025 &#8226; Istituto Figlie di Maria Ausiliatrice","og_description":"La proposition de la Famille sal\u00e9sienne de se pr\u00e9parer, par une neuvaine, \u00e0 la solennit\u00e9 de l'Immacul\u00e9e Conception de Marie, le 8 d\u00e9cembre 2025.","og_url":"https:\/\/www.cgfmanet.org\/fr\/info-sphere\/neuvaine-de-limmaculee-conception-de-2025\/","og_site_name":"Istituto Figlie di Maria Ausiliatrice","article_publisher":"https:\/\/www.facebook.com\/salesian.sisters.of.don.bosco\/","article_published_time":"2025-11-26T13:05:41+00:00","article_modified_time":"2025-12-04T17:54:26+00:00","og_image":[{"width":1200,"height":800,"url":"https:\/\/www.cgfmanet.org\/wp-content\/uploads\/2025\/11\/Novena-Immacolata-2025_FRA.jpg","type":"image\/jpeg"}],"author":"Redazione","twitter_card":"summary_large_image","twitter_creator":"@Cgfmanet_Org","twitter_site":"@Cgfmanet_Org","twitter_misc":{"\u00c9crit par":"Redazione","Dur\u00e9e de lecture estim\u00e9e":"3 minutes"},"schema":{"@context":"https:\/\/schema.org","@graph":[{"@type":"Article","@id":"https:\/\/www.cgfmanet.org\/fr\/info-sphere\/neuvaine-de-limmaculee-conception-de-2025\/#article","isPartOf":{"@id":"https:\/\/www.cgfmanet.org\/fr\/info-sphere\/neuvaine-de-limmaculee-conception-de-2025\/"},"author":{"name":"Redazione","@id":"https:\/\/www.cgfmanet.org\/es\/#\/schema\/person\/ce6473083f53ef0ef882cca23f0c8fb9"},"headline":"Neuvaine de l\u2019Immacul\u00e9e Conception de 2025","datePublished":"2025-11-26T13:05:41+00:00","dateModified":"2025-12-04T17:54:26+00:00","mainEntityOfPage":{"@id":"https:\/\/www.cgfmanet.org\/fr\/info-sphere\/neuvaine-de-limmaculee-conception-de-2025\/"},"wordCount":586,"commentCount":0,"publisher":{"@id":"https:\/\/www.cgfmanet.org\/es\/#organization"},"image":{"@id":"https:\/\/www.cgfmanet.org\/fr\/info-sphere\/neuvaine-de-limmaculee-conception-de-2025\/#primaryimage"},"thumbnailUrl":"https:\/\/www.cgfmanet.org\/wp-content\/uploads\/2025\/11\/Novena-Immacolata-2025_FRA.jpg","keywords":["Conseill\u00e8re pour la Famille Sal\u00e9sienne","Neuvaine de l'Immacul\u00e9e","Carisma salesiano","Famille Sal\u00e9sienne","Focus","Preghiera","Maria"],"articleSection":["Infosph\u00e8re","Eglise"],"inLanguage":"fr-FR","potentialAction":[{"@type":"CommentAction","name":"Comment","target":["https:\/\/www.cgfmanet.org\/fr\/info-sphere\/neuvaine-de-limmaculee-conception-de-2025\/#respond"]}]},{"@type":"WebPage","@id":"https:\/\/www.cgfmanet.org\/fr\/info-sphere\/neuvaine-de-limmaculee-conception-de-2025\/","url":"https:\/\/www.cgfmanet.org\/fr\/info-sphere\/neuvaine-de-limmaculee-conception-de-2025\/","name":"Neuvaine de l\u2019Immacul\u00e9e Conception de 2025 &#8226; Istituto Figlie di Maria Ausiliatrice","isPartOf":{"@id":"https:\/\/www.cgfmanet.org\/es\/#website"},"primaryImageOfPage":{"@id":"https:\/\/www.cgfmanet.org\/fr\/info-sphere\/neuvaine-de-limmaculee-conception-de-2025\/#primaryimage"},"image":{"@id":"https:\/\/www.cgfmanet.org\/fr\/info-sphere\/neuvaine-de-limmaculee-conception-de-2025\/#primaryimage"},"thumbnailUrl":"https:\/\/www.cgfmanet.org\/wp-content\/uploads\/2025\/11\/Novena-Immacolata-2025_FRA.jpg","datePublished":"2025-11-26T13:05:41+00:00","dateModified":"2025-12-04T17:54:26+00:00","description":"La proposition de la Famille sal\u00e9sienne de se pr\u00e9parer, par une neuvaine, \u00e0 la solennit\u00e9 de l'Immacul\u00e9e Conception de Marie, le 8 d\u00e9cembre 2025.","breadcrumb":{"@id":"https:\/\/www.cgfmanet.org\/fr\/info-sphere\/neuvaine-de-limmaculee-conception-de-2025\/#breadcrumb"},"inLanguage":"fr-FR","potentialAction":[{"@type":"ReadAction","target":["https:\/\/www.cgfmanet.org\/fr\/info-sphere\/neuvaine-de-limmaculee-conception-de-2025\/"]}]},{"@type":"ImageObject","inLanguage":"fr-FR","@id":"https:\/\/www.cgfmanet.org\/fr\/info-sphere\/neuvaine-de-limmaculee-conception-de-2025\/#primaryimage","url":"https:\/\/www.cgfmanet.org\/wp-content\/uploads\/2025\/11\/Novena-Immacolata-2025_FRA.jpg","contentUrl":"https:\/\/www.cgfmanet.org\/wp-content\/uploads\/2025\/11\/Novena-Immacolata-2025_FRA.jpg","width":1200,"height":800},{"@type":"BreadcrumbList","@id":"https:\/\/www.cgfmanet.org\/fr\/info-sphere\/neuvaine-de-limmaculee-conception-de-2025\/#breadcrumb","itemListElement":[{"@type":"ListItem","position":1,"name":"Home","item":"https:\/\/www.cgfmanet.org\/fr\/"},{"@type":"ListItem","position":2,"name":"Neuvaine de l\u2019Immacul\u00e9e Conception de 2025"}]},{"@type":"WebSite","@id":"https:\/\/www.cgfmanet.org\/es\/#website","url":"https:\/\/www.cgfmanet.org\/es\/","name":"Istituto Figlie di Maria Ausiliatrice","description":"Salesiane di Don Bosco","publisher":{"@id":"https:\/\/www.cgfmanet.org\/es\/#organization"},"potentialAction":[{"@type":"SearchAction","target":{"@type":"EntryPoint","urlTemplate":"https:\/\/www.cgfmanet.org\/es\/?s={search_term_string}"},"query-input":{"@type":"PropertyValueSpecification","valueRequired":true,"valueName":"search_term_string"}}],"inLanguage":"fr-FR"},{"@type":"Organization","@id":"https:\/\/www.cgfmanet.org\/es\/#organization","name":"Istituto Figlie di Maria Ausiliatrice","url":"https:\/\/www.cgfmanet.org\/es\/","logo":{"@type":"ImageObject","inLanguage":"fr-FR","@id":"https:\/\/www.cgfmanet.org\/es\/#\/schema\/logo\/image\/","url":"https:\/\/www.cgfmanet.org\/wp-content\/uploads\/2018\/10\/logo-fma.png","contentUrl":"https:\/\/www.cgfmanet.org\/wp-content\/uploads\/2018\/10\/logo-fma.png","width":214,"height":55,"caption":"Istituto Figlie di Maria Ausiliatrice"},"image":{"@id":"https:\/\/www.cgfmanet.org\/es\/#\/schema\/logo\/image\/"},"sameAs":["https:\/\/www.facebook.com\/salesian.sisters.of.don.bosco\/","https:\/\/x.com\/Cgfmanet_Org","https:\/\/www.youtube.com\/channel\/UCmcr8yFQBV7JXeXVxyV9y5Q"]},{"@type":"Person","@id":"https:\/\/www.cgfmanet.org\/es\/#\/schema\/person\/ce6473083f53ef0ef882cca23f0c8fb9","name":"Redazione"}]}},"_links":{"self":[{"href":"https:\/\/www.cgfmanet.org\/fr\/wp-json\/wp\/v2\/posts\/147921","targetHints":{"allow":["GET"]}}],"collection":[{"href":"https:\/\/www.cgfmanet.org\/fr\/wp-json\/wp\/v2\/posts"}],"about":[{"href":"https:\/\/www.cgfmanet.org\/fr\/wp-json\/wp\/v2\/types\/post"}],"author":[{"embeddable":true,"href":"https:\/\/www.cgfmanet.org\/fr\/wp-json\/wp\/v2\/users\/21"}],"replies":[{"embeddable":true,"href":"https:\/\/www.cgfmanet.org\/fr\/wp-json\/wp\/v2\/comments?post=147921"}],"version-history":[{"count":3,"href":"https:\/\/www.cgfmanet.org\/fr\/wp-json\/wp\/v2\/posts\/147921\/revisions"}],"predecessor-version":[{"id":148920,"href":"https:\/\/www.cgfmanet.org\/fr\/wp-json\/wp\/v2\/posts\/147921\/revisions\/148920"}],"wp:featuredmedia":[{"embeddable":true,"href":"https:\/\/www.cgfmanet.org\/fr\/wp-json\/wp\/v2\/media\/147934"}],"wp:attachment":[{"href":"https:\/\/www.cgfmanet.org\/fr\/wp-json\/wp\/v2\/media?parent=147921"}],"wp:term":[{"taxonomy":"category","embeddable":true,"href":"https:\/\/www.cgfmanet.org\/fr\/wp-json\/wp\/v2\/categories?post=147921"},{"taxonomy":"post_tag","embeddable":true,"href":"https:\/\/www.cgfmanet.org\/fr\/wp-json\/wp\/v2\/tags?post=147921"}],"curies":[{"name":"wp","href":"https:\/\/api.w.org\/{rel}","templated":true}]}}