{"id":147461,"date":"2025-11-21T12:42:05","date_gmt":"2025-11-21T11:42:05","guid":{"rendered":"https:\/\/www.cgfmanet.org\/info-sphere\/giornata-mondiale-della-gioventu-2025\/"},"modified":"2025-11-22T22:33:18","modified_gmt":"2025-11-22T21:33:18","slug":"journee-mondiale-de-la-jeunesse-2025","status":"publish","type":"post","link":"https:\/\/www.cgfmanet.org\/fr\/info-sphere\/eglise\/journee-mondiale-de-la-jeunesse-2025\/","title":{"rendered":"Journ\u00e9e mondiale de la jeunesse 2025"},"content":{"rendered":"<p><strong>Rome (Italie).<\/strong> Le dimanche 23 novembre 2025, jour de la solennit\u00e9 du Christ Roi de l&rsquo;Univers, sera c\u00e9l\u00e9br\u00e9e la <strong>XL<sup>e<\/sup> Journ\u00e9e mondiale de la jeunesse<\/strong> dans les dioc\u00e8ses. Le 22 novembre 2020, le pape Fran\u00e7ois avait d\u00e9plac\u00e9 la c\u00e9l\u00e9bration dioc\u00e9saine de la JMJ du dimanche des Rameaux \u00e0 la solennit\u00e9 du Christ Roi : <em>\u00ab Chers jeunes, criez de toute votre vie que le Christ vit, que le Christ r\u00e8gne, que le Christ est le Seigneur ! Si vous vous taisez, je vous assure que les pierres crieront. \u00bb<\/em><\/p>\n<p>Cette c\u00e9l\u00e9bration locale se distingue de la Journ\u00e9e mondiale de la jeunesse internationale, un \u00e9v\u00e9nement de plusieurs jours c\u00e9l\u00e9br\u00e9 tous les deux ou trois ans dans une ville du monde. La derni\u00e8re JMJ a eu lieu en 2023 \u00e0 Lisbonne, au Portugal, avec le pape Fran\u00e7ois, tandis qu&rsquo;en ao\u00fbt 2025, les jeunes du monde entier ont v\u00e9cu leur <span style=\"color: #0000ff;\"><strong><a style=\"color: #0000ff;\" href=\"https:\/\/www.cgfmanet.org\/fr\/info-sphere\/jubile-des-jeunes-apportez-cette-joie-au-monde-entier\/\" target=\"_blank\" rel=\"noopener\">Jubil\u00e9<\/a><\/strong><\/span> \u00e0 Rome avec le pape L\u00e9on XIV.<\/p>\n<p><strong>\u00ab Vous aussi, vous allez rendre t\u00e9moignage, car vous \u00eates avec moi \u00bb <\/strong>(Jn 15, 27) est le th\u00e8me du <span style=\"color: #0000ff;\"><strong><a style=\"color: #0000ff;\" href=\"https:\/\/www.vatican.va\/content\/leo-xiv\/it\/messages\/youth\/documents\/20251007-messaggio-xl-gmg.html\" target=\"_blank\" rel=\"noopener\">Message<\/a><\/strong><\/span> pour cette \u00e9dition, avec laquelle le pape L\u00e9on entame un parcours qui m\u00e8nera \u00e0 la prochaine JMJ qui se tiendra \u00e0 S\u00e9oul en 2027. Le Saint-P\u00e8re s&rsquo;attarde sur deux aspects du t\u00e9moignage : <em>\u00ab notre amiti\u00e9 avec J\u00e9sus, que nous recevons de Dieu comme un don ; et l\u2019engagement de chacun dans la soci\u00e9t\u00e9, en tant que b\u00e2tisseurs de paix \u00bb.<\/em><\/p>\n<p>Il invite les jeunes \u00e0 approfondir leur amiti\u00e9 avec J\u00e9sus, qui les conduit \u00e0 sortir d&rsquo;eux-m\u00eames :<\/p>\n<p><em>\u00ab\u00a0En lisant les \u00c9vangiles, vous vous rendrez compte que tous ont trouv\u00e9 le vrai sens de la vie dans leur relation vivante avec le Christ. En effet, nos questions les plus profondes ne trouvent ni \u00e9coute ni r\u00e9ponse dans le d\u00e9filement infini sur notre t\u00e9l\u00e9phone portable, qui capte notre attention tout en laissant notre esprit fatigu\u00e9 et notre c\u0153ur vide. Elles ne nous m\u00e8nent pas loin si nous les gardons enferm\u00e9es en nous-m\u00eames ou dans des cercles trop restreints. La r\u00e9alisation de nos d\u00e9sirs authentiques passe toujours par le fait de sortir de nous-m\u00eames.\u00a0\u00bb <\/em><\/p>\n<p>Tout au long du Message r\u00e9sonne le c\u0153ur de la <strong>Spiritualit\u00e9 sal\u00e9sienne des jeunes<\/strong> : l&rsquo;amiti\u00e9 avec J\u00e9sus, qui est le fondement de la vie sal\u00e9sienne, une amiti\u00e9 qui grandit \u00e0 travers la pri\u00e8re quotidienne, les sacrements et le service joyeux. De cette amiti\u00e9 d\u00e9coule naturellement la mission : comme Don Bosco et M\u00e8re Mazzarello, nous sommes appel\u00e9s \u00e0 faire de notre vie un t\u00e9moignage d&rsquo;amour, en particulier aupr\u00e8s des jeunes et des pauvres. Enfin, en vivant dans un esprit de bont\u00e9, de justice et de solidarit\u00e9, on contribue \u00e0 construire la paix, en cr\u00e9ant des communaut\u00e9s o\u00f9 chacun se sent accueilli, valoris\u00e9 et aim\u00e9. C&rsquo;est ainsi que l&rsquo;on vit l&rsquo;\u00c9vangile avec un c\u0153ur sal\u00e9sien : proches de J\u00e9sus, actifs dans le service et constructeurs d&rsquo;esp\u00e9rance et de paix.<\/p>\n<p><strong>La voix de quelques jeunes issus de diff\u00e9rentes r\u00e9alit\u00e9s sal\u00e9siennes<\/strong> qui ont partag\u00e9 leurs r\u00e9flexions en r\u00e9ponse \u00e0 l&rsquo;invitation du Saint-P\u00e8re pour les JMJ de cette ann\u00e9e, un message qui r\u00e9sonne dans leur cheminement de \u00ab p\u00e8lerins de l&rsquo;esp\u00e9rance \u00bb et renforce leur engagement \u00e0 construire un monde de paix :<\/p>\n<h3><span style=\"color: #ff0000;\"><strong>P\u00e8lerins d&rsquo;esp\u00e9rance<\/strong><\/span><\/h3>\n<p><strong>Aishwarya Augustina Toppo \u2013 Inde : <\/strong>Pour moi, \u00eatre une p\u00e8lerine de l&rsquo;esp\u00e9rance signifie avancer dans la vie avec foi et confiance, m\u00eame lorsque l&rsquo;avenir semble incertain. C&rsquo;est choisir de voir la lumi\u00e8re dans les situations qui semblent sombres et inspirer les autres \u00e0 faire de m\u00eame. Chaque jour, j&rsquo;essaie de vivre cela en faisant preuve de gentillesse, en affrontant les difficult\u00e9s avec patience et en croyant que Dieu a un plan pour chaque \u00e9tape de mon chemin. En tant que p\u00e8lerine, je n&rsquo;ai peut-\u00eatre pas toutes les r\u00e9ponses, mais je marche avec esp\u00e9rance, sachant que je suis guid\u00e9e par l&rsquo;amour de Dieu.<\/p>\n<p><strong>Juani Salgueiro \u2013 Paraguay : <\/strong>Pour moi, \u00eatre une p\u00e8lerine de l&rsquo;esp\u00e9rance signifie \u00eatre un t\u00e9moignage vivant de l&rsquo;amour de Dieu, non pas \u00e0 travers des situations extraordinaires, mais dans la vie quotidienne. Faire en sorte que ma relation avec Lui ne soit pas seulement intime et personnelle, mais qu&rsquo;elle se refl\u00e8te dans mes actions, mes relations et mes pens\u00e9es. Comment pourrais-je vivre dans la souffrance, la ranc\u0153ur ou croire que la vie n&rsquo;a pas de sens, si je connais un Dieu mis\u00e9ricordieux qui m&rsquo;aime, me soutient et cherche \u00e0 me guider vers le vrai bonheur ? \u00catre p\u00e8lerine signifie partager avec mes fr\u00e8res, avec la gr\u00e2ce de vivre en communaut\u00e9, cet amour de Dieu, qui n&rsquo;implique pas l&rsquo;absence de difficult\u00e9s, mais qui est un chemin o\u00f9 la foi nous soutient dans les moments difficiles et o\u00f9 l&rsquo;esp\u00e9rance l&#8217;emporte sur le doute.<\/p>\n<p><strong><em>Jos\u00e9 Ant\u00f4nio Lemos Martins &#8211; Br\u00e9sil :<\/em><\/strong> Pour nous, cela signifie suivre l&rsquo;\u00c9vangile du Christ. Mais comment mettre cela en pratique dans le tourbillon quotidien ? Il est de plus en plus n\u00e9cessaire d&rsquo;avoir un regard attentif vers notre fr\u00e8re : apporter un message de pardon et d&rsquo;amour peut faire la diff\u00e9rence, suivant ainsi l&rsquo;invitation \u00e0 annoncer l&rsquo;\u00c9vangile et \u00e0 donner de l&rsquo;esp\u00e9rance. Chaque nouveau jour est une nouvelle occasion de faire le bien et de diffuser la Parole par nos actions, car les mots convainquent, mais l&rsquo;exemple entra\u00eene.<\/p>\n<h3><span style=\"color: #ff0000;\"><strong>Amis de J\u00e9sus<\/strong><\/span><\/h3>\n<p><strong>Delia Rodriguez \u2013 Panama : <\/strong>Je peux approfondir mon amiti\u00e9 avec J\u00e9sus par la pri\u00e8re quotidienne, en dialoguant avec Lui comme avec un ami, en Lui confiant chaque jour mes souffrances et mes joies. Mais aussi en faisant preuve de gentillesse, de patience et d&rsquo;\u00e9coute envers mon prochain. Ainsi, je peux \u00eatre une personne de lumi\u00e8re et d&rsquo;esp\u00e9rance parmi ceux qui ont besoin de moi.<\/p>\n<p><strong>Aishwarya Augustina Toppo \u2013 Inde : <\/strong>Pour approfondir mon amiti\u00e9 avec J\u00e9sus, j&rsquo;essaie de lui consacrer du temps dans la pri\u00e8re, le silence et la r\u00e9flexion. Je lui parle comme \u00e0 un ami intime, en partageant mes pr\u00e9occupations, mes joies et mes r\u00eaves. La lecture des \u00c9vangiles m&rsquo;aide \u00e0 comprendre son c\u0153ur, tandis que les gestes de service me rappellent de Le reconna\u00eetre dans les autres. Plus je fais l&rsquo;exp\u00e9rience de sa pr\u00e9sence dans ma vie quotidienne, plus je suis capable de refl\u00e9ter son amour et son espoir envers ceux qui m&rsquo;entourent, \u00e0 travers la compassion, le pardon et de simples gestes de bont\u00e9.<\/p>\n<p><strong>Giuliane Restini Vecchi Marques &#8211; Br\u00e9sil :<\/strong> Il existe plusieurs fa\u00e7ons d&rsquo;y parvenir, mais j&rsquo;ai appris concr\u00e8tement ces derni\u00e8res ann\u00e9es qu&rsquo;on ne peut pas vraiment aimer ce qu&rsquo;on ne conna\u00eet pas. Donc, pour moi, la premi\u00e8re chose \u00e0 faire est de conna\u00eetre J\u00e9sus. Et la meilleure fa\u00e7on d&rsquo;y parvenir est de conna\u00eetre la Parole, de cr\u00e9er une <em>routine<\/em> d&rsquo;\u00e9tude priante (et pas simplement technique) sur Lui. \u00c0 partir de l\u00e0, vos actions seront la cons\u00e9quence logique de ce que vous avez appris, car on ne peut s&#8217;emp\u00eacher de tomber amoureux quand on conna\u00eet J\u00e9sus.<\/p>\n<h3><span style=\"color: #ff0000;\"><strong>Constructeurs de paix<\/strong><\/span><\/h3>\n<p><strong>Kamilla Hemkemaier Soares &#8211; Br\u00e9sil<\/strong>: Je pense pouvoir contribuer \u00e0 instaurer la paix et l&rsquo;unit\u00e9 en r\u00e9pandant l&rsquo;amour et la compr\u00e9hension partout o\u00f9 je me trouve. Parfois, il n&rsquo;est pas n\u00e9cessaire de faire de grands gestes, mais simplement d&rsquo;adopter certaines attitudes, comme \u00e9couter quelqu&rsquo;un qui est triste, \u00e9viter de juger et toujours essayer de faire le bien. Lorsque nous choisissons d&rsquo;agir avec notre c\u0153ur et de traiter les autres avec respect, la paix commence \u00e0 grandir autour de nous. Je veux \u00eatre une personne qui transmet la joie de vivre, qui unit et ne divise pas, et qui fait la diff\u00e9rence m\u00eame dans les petites choses.<\/p>\n<p><strong>Dannielys Hern\u00e1ndez \u2013 Venezuela : <\/strong>Ma contribution en tant que jeune qui vit et respire le charisme sal\u00e9sien est d&rsquo;\u00eatre un t\u00e9moin vivant d&rsquo;esp\u00e9rance pour les autres. Tout ce que je fais vise \u00e0 appliquer le syst\u00e8me pr\u00e9ventif de Don Bosco dans ma vie quotidienne, car je sais que c&rsquo;est le moyen le plus concret de transformer ma communaut\u00e9. Dans ce monde souvent charg\u00e9 de n\u00e9gativit\u00e9, je m&rsquo;engage \u00e0 \u00eatre un exemple de joie, de pardon et de service. Ma foi n&rsquo;est pas mise de c\u00f4t\u00e9 ; elle se manifeste lorsque j&rsquo;accueille tout le monde sans juger, en reconnaissant la valeur de chaque jeune, adulte et enfant.<\/p>\n<p>\u00catre un chr\u00e9tien \u00ab pour de vrai \u00bb est l&rsquo;un des fondements pour construire l&rsquo;unit\u00e9 dans une communaut\u00e9. Ma foi me donne le sens et la motivation pour servir. En la vivant avec joie, en dialoguant avec raison et en \u00e9tant proche des autres avec gentillesse, je s\u00e8me la semence de la paix que Don Bosco nous a enseign\u00e9e. \u00catre t\u00e9moin pour les autres, afin que cet exemple puisse \u00e0 son tour aider quelqu&rsquo;un d&rsquo;autre \u00e0 l&rsquo;\u00eatre.<\/p>\n<p><strong>Aishwarya Augustina Toppo \u2013 Inde : <\/strong>En tant que jeune, je crois que la paix commence par la fa\u00e7on dont nous nous traitons les uns les autres. Je peux contribuer \u00e0 instaurer la paix dans ma communaut\u00e9 en servant de pont entre les gens, en \u00e9coutant, en comprenant les diff\u00e9rences et en m&rsquo;opposant \u00e0 la n\u00e9gativit\u00e9 ou aux comm\u00e9rages. Qu&rsquo;il s&rsquo;agisse de promouvoir la gentillesse au sein de mon groupe, de soutenir ceux qui sont dans le besoin ou de diffuser des messages positifs sur les <em>r\u00e9seaux sociaux<\/em>, chaque petit geste contribue \u00e0 cr\u00e9er un plus grand esprit d&rsquo;unit\u00e9. Lorsque je choisis la paix dans mes paroles et mes actions, elle se propage lentement dans le monde qui m&rsquo;entoure.<\/p>\n<p>En tant qu&rsquo;animateurs et accompagnateurs de jeunes, le th\u00e8me de ces JMJ nous invite \u00e0 cultiver une relation profonde et personnelle avec le Christ, en grandissant chaque jour comme d&rsquo;authentiques t\u00e9moins d&rsquo;une foi vivante. De cette mani\u00e8re, nous pouvons aider les jeunes \u00e0 approfondir leur amiti\u00e9 avec J\u00e9sus, \u00e0 exprimer leur foi par des gestes concrets d&rsquo;amour et de service, et \u00e0 soutenir fermement la v\u00e9rit\u00e9 et la justice dans la construction d&rsquo;une soci\u00e9t\u00e9 plus pacifique.<\/p>\n","protected":false},"excerpt":{"rendered":"<p>Rome (Italie). Le dimanche 23 novembre 2025, jour de la solennit\u00e9 du Christ Roi de l&rsquo;Univers, sera c\u00e9l\u00e9br\u00e9e la XLe Journ\u00e9e mondiale de la jeunesse dans les dioc\u00e8ses. Le 22 [&hellip;]<\/p>\n","protected":false},"author":21,"featured_media":147456,"comment_status":"open","ping_status":"closed","sticky":false,"template":"","format":"standard","meta":{"footnotes":""},"categories":[36,188],"tags":[321,337,1285,1660,1929,2489],"class_list":["post-147461","post","type-post","status-publish","format-standard","has-post-thumbnail","category-info-sphere","category-eglise","tag-journee-mondiale-de-la-jeunesse","tag-jeunes","tag-mouvement-de-la-jeunesse-salesienne","tag-spiritualita-salesiana-fr","tag-focus-fr","tag-pape-leon-xiv"],"yoast_head":"<!-- This site is optimized with the Yoast SEO plugin v27.4 - https:\/\/yoast.com\/product\/yoast-seo-wordpress\/ -->\n<title>Journ\u00e9e mondiale de la jeunesse 2025 &#8226; Istituto Figlie di Maria Ausiliatrice<\/title>\n<meta name=\"description\" content=\"Le 23 novembre 2025, lors de la solennit\u00e9 du Christ Roi de l&#039;Univers, la 40e Journ\u00e9e mondiale de la jeunesse sera c\u00e9l\u00e9br\u00e9e dans les \u00c9glises locales. La voix des jeunes du Mouvement sal\u00e9sien des jeunes.\" \/>\n<meta name=\"robots\" content=\"index, follow, max-snippet:-1, max-image-preview:large, max-video-preview:-1\" \/>\n<link rel=\"canonical\" href=\"https:\/\/www.cgfmanet.org\/fr\/info-sphere\/eglise\/journee-mondiale-de-la-jeunesse-2025\/\" \/>\n<meta property=\"og:locale\" content=\"fr_FR\" \/>\n<meta property=\"og:type\" content=\"article\" \/>\n<meta property=\"og:title\" content=\"Journ\u00e9e mondiale de la jeunesse 2025 &#8226; Istituto Figlie di Maria Ausiliatrice\" \/>\n<meta property=\"og:description\" content=\"Le 23 novembre 2025, lors de la solennit\u00e9 du Christ Roi de l&#039;Univers, la 40e Journ\u00e9e mondiale de la jeunesse sera c\u00e9l\u00e9br\u00e9e dans les \u00c9glises locales. La voix des jeunes du Mouvement sal\u00e9sien des jeunes.\" \/>\n<meta property=\"og:url\" content=\"https:\/\/www.cgfmanet.org\/fr\/info-sphere\/eglise\/journee-mondiale-de-la-jeunesse-2025\/\" \/>\n<meta property=\"og:site_name\" content=\"Istituto Figlie di Maria Ausiliatrice\" \/>\n<meta property=\"article:publisher\" content=\"https:\/\/www.facebook.com\/salesian.sisters.of.don.bosco\/\" \/>\n<meta property=\"article:published_time\" content=\"2025-11-21T11:42:05+00:00\" \/>\n<meta property=\"article:modified_time\" content=\"2025-11-22T21:33:18+00:00\" \/>\n<meta property=\"og:image\" content=\"https:\/\/www.cgfmanet.org\/wp-content\/uploads\/2025\/11\/Giornata-Mondiale-Gioventu-2025.jpg\" \/>\n\t<meta property=\"og:image:width\" content=\"1181\" \/>\n\t<meta property=\"og:image:height\" content=\"787\" \/>\n\t<meta property=\"og:image:type\" content=\"image\/jpeg\" \/>\n<meta name=\"author\" content=\"Redazione\" \/>\n<meta name=\"twitter:card\" content=\"summary_large_image\" \/>\n<meta name=\"twitter:creator\" content=\"@Cgfmanet_Org\" \/>\n<meta name=\"twitter:site\" content=\"@Cgfmanet_Org\" \/>\n<meta name=\"twitter:label1\" content=\"\u00c9crit par\" \/>\n\t<meta name=\"twitter:data1\" content=\"Redazione\" \/>\n\t<meta name=\"twitter:label2\" content=\"Dur\u00e9e de lecture estim\u00e9e\" \/>\n\t<meta name=\"twitter:data2\" content=\"9 minutes\" \/>\n<script type=\"application\/ld+json\" class=\"yoast-schema-graph\">{\"@context\":\"https:\\\/\\\/schema.org\",\"@graph\":[{\"@type\":\"Article\",\"@id\":\"https:\\\/\\\/www.cgfmanet.org\\\/fr\\\/info-sphere\\\/eglise\\\/journee-mondiale-de-la-jeunesse-2025\\\/#article\",\"isPartOf\":{\"@id\":\"https:\\\/\\\/www.cgfmanet.org\\\/fr\\\/info-sphere\\\/eglise\\\/journee-mondiale-de-la-jeunesse-2025\\\/\"},\"author\":{\"name\":\"Redazione\",\"@id\":\"https:\\\/\\\/www.cgfmanet.org\\\/es\\\/#\\\/schema\\\/person\\\/ce6473083f53ef0ef882cca23f0c8fb9\"},\"headline\":\"Journ\u00e9e mondiale de la jeunesse 2025\",\"datePublished\":\"2025-11-21T11:42:05+00:00\",\"dateModified\":\"2025-11-22T21:33:18+00:00\",\"mainEntityOfPage\":{\"@id\":\"https:\\\/\\\/www.cgfmanet.org\\\/fr\\\/info-sphere\\\/eglise\\\/journee-mondiale-de-la-jeunesse-2025\\\/\"},\"wordCount\":1786,\"commentCount\":0,\"publisher\":{\"@id\":\"https:\\\/\\\/www.cgfmanet.org\\\/es\\\/#organization\"},\"image\":{\"@id\":\"https:\\\/\\\/www.cgfmanet.org\\\/fr\\\/info-sphere\\\/eglise\\\/journee-mondiale-de-la-jeunesse-2025\\\/#primaryimage\"},\"thumbnailUrl\":\"https:\\\/\\\/www.cgfmanet.org\\\/wp-content\\\/uploads\\\/2025\\\/11\\\/Giornata-Mondiale-Gioventu-2025.jpg\",\"keywords\":[\"Journ\u00e9e mondiale de la jeunesse\",\"Jeunes\",\"Mouvement de la jeunesse sal\u00e9sienne\",\"Spiritualit\u00e0 Salesiana\",\"Focus\",\"Pape L\u00e9on XIV\"],\"articleSection\":[\"Infosph\u00e8re\",\"Eglise\"],\"inLanguage\":\"fr-FR\",\"potentialAction\":[{\"@type\":\"CommentAction\",\"name\":\"Comment\",\"target\":[\"https:\\\/\\\/www.cgfmanet.org\\\/fr\\\/info-sphere\\\/eglise\\\/journee-mondiale-de-la-jeunesse-2025\\\/#respond\"]}]},{\"@type\":\"WebPage\",\"@id\":\"https:\\\/\\\/www.cgfmanet.org\\\/fr\\\/info-sphere\\\/eglise\\\/journee-mondiale-de-la-jeunesse-2025\\\/\",\"url\":\"https:\\\/\\\/www.cgfmanet.org\\\/fr\\\/info-sphere\\\/eglise\\\/journee-mondiale-de-la-jeunesse-2025\\\/\",\"name\":\"Journ\u00e9e mondiale de la jeunesse 2025 &#8226; Istituto Figlie di Maria Ausiliatrice\",\"isPartOf\":{\"@id\":\"https:\\\/\\\/www.cgfmanet.org\\\/es\\\/#website\"},\"primaryImageOfPage\":{\"@id\":\"https:\\\/\\\/www.cgfmanet.org\\\/fr\\\/info-sphere\\\/eglise\\\/journee-mondiale-de-la-jeunesse-2025\\\/#primaryimage\"},\"image\":{\"@id\":\"https:\\\/\\\/www.cgfmanet.org\\\/fr\\\/info-sphere\\\/eglise\\\/journee-mondiale-de-la-jeunesse-2025\\\/#primaryimage\"},\"thumbnailUrl\":\"https:\\\/\\\/www.cgfmanet.org\\\/wp-content\\\/uploads\\\/2025\\\/11\\\/Giornata-Mondiale-Gioventu-2025.jpg\",\"datePublished\":\"2025-11-21T11:42:05+00:00\",\"dateModified\":\"2025-11-22T21:33:18+00:00\",\"description\":\"Le 23 novembre 2025, lors de la solennit\u00e9 du Christ Roi de l'Univers, la 40e Journ\u00e9e mondiale de la jeunesse sera c\u00e9l\u00e9br\u00e9e dans les \u00c9glises locales. La voix des jeunes du Mouvement sal\u00e9sien des jeunes.\",\"breadcrumb\":{\"@id\":\"https:\\\/\\\/www.cgfmanet.org\\\/fr\\\/info-sphere\\\/eglise\\\/journee-mondiale-de-la-jeunesse-2025\\\/#breadcrumb\"},\"inLanguage\":\"fr-FR\",\"potentialAction\":[{\"@type\":\"ReadAction\",\"target\":[\"https:\\\/\\\/www.cgfmanet.org\\\/fr\\\/info-sphere\\\/eglise\\\/journee-mondiale-de-la-jeunesse-2025\\\/\"]}]},{\"@type\":\"ImageObject\",\"inLanguage\":\"fr-FR\",\"@id\":\"https:\\\/\\\/www.cgfmanet.org\\\/fr\\\/info-sphere\\\/eglise\\\/journee-mondiale-de-la-jeunesse-2025\\\/#primaryimage\",\"url\":\"https:\\\/\\\/www.cgfmanet.org\\\/wp-content\\\/uploads\\\/2025\\\/11\\\/Giornata-Mondiale-Gioventu-2025.jpg\",\"contentUrl\":\"https:\\\/\\\/www.cgfmanet.org\\\/wp-content\\\/uploads\\\/2025\\\/11\\\/Giornata-Mondiale-Gioventu-2025.jpg\",\"width\":1181,\"height\":787},{\"@type\":\"BreadcrumbList\",\"@id\":\"https:\\\/\\\/www.cgfmanet.org\\\/fr\\\/info-sphere\\\/eglise\\\/journee-mondiale-de-la-jeunesse-2025\\\/#breadcrumb\",\"itemListElement\":[{\"@type\":\"ListItem\",\"position\":1,\"name\":\"Home\",\"item\":\"https:\\\/\\\/www.cgfmanet.org\\\/fr\\\/\"},{\"@type\":\"ListItem\",\"position\":2,\"name\":\"Journ\u00e9e mondiale de la jeunesse 2025\"}]},{\"@type\":\"WebSite\",\"@id\":\"https:\\\/\\\/www.cgfmanet.org\\\/es\\\/#website\",\"url\":\"https:\\\/\\\/www.cgfmanet.org\\\/es\\\/\",\"name\":\"Istituto Figlie di Maria Ausiliatrice\",\"description\":\"Salesiane di Don Bosco\",\"publisher\":{\"@id\":\"https:\\\/\\\/www.cgfmanet.org\\\/es\\\/#organization\"},\"potentialAction\":[{\"@type\":\"SearchAction\",\"target\":{\"@type\":\"EntryPoint\",\"urlTemplate\":\"https:\\\/\\\/www.cgfmanet.org\\\/es\\\/?s={search_term_string}\"},\"query-input\":{\"@type\":\"PropertyValueSpecification\",\"valueRequired\":true,\"valueName\":\"search_term_string\"}}],\"inLanguage\":\"fr-FR\"},{\"@type\":\"Organization\",\"@id\":\"https:\\\/\\\/www.cgfmanet.org\\\/es\\\/#organization\",\"name\":\"Istituto Figlie di Maria Ausiliatrice\",\"url\":\"https:\\\/\\\/www.cgfmanet.org\\\/es\\\/\",\"logo\":{\"@type\":\"ImageObject\",\"inLanguage\":\"fr-FR\",\"@id\":\"https:\\\/\\\/www.cgfmanet.org\\\/es\\\/#\\\/schema\\\/logo\\\/image\\\/\",\"url\":\"https:\\\/\\\/www.cgfmanet.org\\\/wp-content\\\/uploads\\\/2018\\\/10\\\/logo-fma.png\",\"contentUrl\":\"https:\\\/\\\/www.cgfmanet.org\\\/wp-content\\\/uploads\\\/2018\\\/10\\\/logo-fma.png\",\"width\":214,\"height\":55,\"caption\":\"Istituto Figlie di Maria Ausiliatrice\"},\"image\":{\"@id\":\"https:\\\/\\\/www.cgfmanet.org\\\/es\\\/#\\\/schema\\\/logo\\\/image\\\/\"},\"sameAs\":[\"https:\\\/\\\/www.facebook.com\\\/salesian.sisters.of.don.bosco\\\/\",\"https:\\\/\\\/x.com\\\/Cgfmanet_Org\",\"https:\\\/\\\/www.youtube.com\\\/channel\\\/UCmcr8yFQBV7JXeXVxyV9y5Q\"]},{\"@type\":\"Person\",\"@id\":\"https:\\\/\\\/www.cgfmanet.org\\\/es\\\/#\\\/schema\\\/person\\\/ce6473083f53ef0ef882cca23f0c8fb9\",\"name\":\"Redazione\"}]}<\/script>\n<!-- \/ Yoast SEO plugin. -->","yoast_head_json":{"title":"Journ\u00e9e mondiale de la jeunesse 2025 &#8226; Istituto Figlie di Maria Ausiliatrice","description":"Le 23 novembre 2025, lors de la solennit\u00e9 du Christ Roi de l'Univers, la 40e Journ\u00e9e mondiale de la jeunesse sera c\u00e9l\u00e9br\u00e9e dans les \u00c9glises locales. La voix des jeunes du Mouvement sal\u00e9sien des jeunes.","robots":{"index":"index","follow":"follow","max-snippet":"max-snippet:-1","max-image-preview":"max-image-preview:large","max-video-preview":"max-video-preview:-1"},"canonical":"https:\/\/www.cgfmanet.org\/fr\/info-sphere\/eglise\/journee-mondiale-de-la-jeunesse-2025\/","og_locale":"fr_FR","og_type":"article","og_title":"Journ\u00e9e mondiale de la jeunesse 2025 &#8226; Istituto Figlie di Maria Ausiliatrice","og_description":"Le 23 novembre 2025, lors de la solennit\u00e9 du Christ Roi de l'Univers, la 40e Journ\u00e9e mondiale de la jeunesse sera c\u00e9l\u00e9br\u00e9e dans les \u00c9glises locales. La voix des jeunes du Mouvement sal\u00e9sien des jeunes.","og_url":"https:\/\/www.cgfmanet.org\/fr\/info-sphere\/eglise\/journee-mondiale-de-la-jeunesse-2025\/","og_site_name":"Istituto Figlie di Maria Ausiliatrice","article_publisher":"https:\/\/www.facebook.com\/salesian.sisters.of.don.bosco\/","article_published_time":"2025-11-21T11:42:05+00:00","article_modified_time":"2025-11-22T21:33:18+00:00","og_image":[{"width":1181,"height":787,"url":"https:\/\/www.cgfmanet.org\/wp-content\/uploads\/2025\/11\/Giornata-Mondiale-Gioventu-2025.jpg","type":"image\/jpeg"}],"author":"Redazione","twitter_card":"summary_large_image","twitter_creator":"@Cgfmanet_Org","twitter_site":"@Cgfmanet_Org","twitter_misc":{"\u00c9crit par":"Redazione","Dur\u00e9e de lecture estim\u00e9e":"9 minutes"},"schema":{"@context":"https:\/\/schema.org","@graph":[{"@type":"Article","@id":"https:\/\/www.cgfmanet.org\/fr\/info-sphere\/eglise\/journee-mondiale-de-la-jeunesse-2025\/#article","isPartOf":{"@id":"https:\/\/www.cgfmanet.org\/fr\/info-sphere\/eglise\/journee-mondiale-de-la-jeunesse-2025\/"},"author":{"name":"Redazione","@id":"https:\/\/www.cgfmanet.org\/es\/#\/schema\/person\/ce6473083f53ef0ef882cca23f0c8fb9"},"headline":"Journ\u00e9e mondiale de la jeunesse 2025","datePublished":"2025-11-21T11:42:05+00:00","dateModified":"2025-11-22T21:33:18+00:00","mainEntityOfPage":{"@id":"https:\/\/www.cgfmanet.org\/fr\/info-sphere\/eglise\/journee-mondiale-de-la-jeunesse-2025\/"},"wordCount":1786,"commentCount":0,"publisher":{"@id":"https:\/\/www.cgfmanet.org\/es\/#organization"},"image":{"@id":"https:\/\/www.cgfmanet.org\/fr\/info-sphere\/eglise\/journee-mondiale-de-la-jeunesse-2025\/#primaryimage"},"thumbnailUrl":"https:\/\/www.cgfmanet.org\/wp-content\/uploads\/2025\/11\/Giornata-Mondiale-Gioventu-2025.jpg","keywords":["Journ\u00e9e mondiale de la jeunesse","Jeunes","Mouvement de la jeunesse sal\u00e9sienne","Spiritualit\u00e0 Salesiana","Focus","Pape L\u00e9on XIV"],"articleSection":["Infosph\u00e8re","Eglise"],"inLanguage":"fr-FR","potentialAction":[{"@type":"CommentAction","name":"Comment","target":["https:\/\/www.cgfmanet.org\/fr\/info-sphere\/eglise\/journee-mondiale-de-la-jeunesse-2025\/#respond"]}]},{"@type":"WebPage","@id":"https:\/\/www.cgfmanet.org\/fr\/info-sphere\/eglise\/journee-mondiale-de-la-jeunesse-2025\/","url":"https:\/\/www.cgfmanet.org\/fr\/info-sphere\/eglise\/journee-mondiale-de-la-jeunesse-2025\/","name":"Journ\u00e9e mondiale de la jeunesse 2025 &#8226; Istituto Figlie di Maria Ausiliatrice","isPartOf":{"@id":"https:\/\/www.cgfmanet.org\/es\/#website"},"primaryImageOfPage":{"@id":"https:\/\/www.cgfmanet.org\/fr\/info-sphere\/eglise\/journee-mondiale-de-la-jeunesse-2025\/#primaryimage"},"image":{"@id":"https:\/\/www.cgfmanet.org\/fr\/info-sphere\/eglise\/journee-mondiale-de-la-jeunesse-2025\/#primaryimage"},"thumbnailUrl":"https:\/\/www.cgfmanet.org\/wp-content\/uploads\/2025\/11\/Giornata-Mondiale-Gioventu-2025.jpg","datePublished":"2025-11-21T11:42:05+00:00","dateModified":"2025-11-22T21:33:18+00:00","description":"Le 23 novembre 2025, lors de la solennit\u00e9 du Christ Roi de l'Univers, la 40e Journ\u00e9e mondiale de la jeunesse sera c\u00e9l\u00e9br\u00e9e dans les \u00c9glises locales. La voix des jeunes du Mouvement sal\u00e9sien des jeunes.","breadcrumb":{"@id":"https:\/\/www.cgfmanet.org\/fr\/info-sphere\/eglise\/journee-mondiale-de-la-jeunesse-2025\/#breadcrumb"},"inLanguage":"fr-FR","potentialAction":[{"@type":"ReadAction","target":["https:\/\/www.cgfmanet.org\/fr\/info-sphere\/eglise\/journee-mondiale-de-la-jeunesse-2025\/"]}]},{"@type":"ImageObject","inLanguage":"fr-FR","@id":"https:\/\/www.cgfmanet.org\/fr\/info-sphere\/eglise\/journee-mondiale-de-la-jeunesse-2025\/#primaryimage","url":"https:\/\/www.cgfmanet.org\/wp-content\/uploads\/2025\/11\/Giornata-Mondiale-Gioventu-2025.jpg","contentUrl":"https:\/\/www.cgfmanet.org\/wp-content\/uploads\/2025\/11\/Giornata-Mondiale-Gioventu-2025.jpg","width":1181,"height":787},{"@type":"BreadcrumbList","@id":"https:\/\/www.cgfmanet.org\/fr\/info-sphere\/eglise\/journee-mondiale-de-la-jeunesse-2025\/#breadcrumb","itemListElement":[{"@type":"ListItem","position":1,"name":"Home","item":"https:\/\/www.cgfmanet.org\/fr\/"},{"@type":"ListItem","position":2,"name":"Journ\u00e9e mondiale de la jeunesse 2025"}]},{"@type":"WebSite","@id":"https:\/\/www.cgfmanet.org\/es\/#website","url":"https:\/\/www.cgfmanet.org\/es\/","name":"Istituto Figlie di Maria Ausiliatrice","description":"Salesiane di Don Bosco","publisher":{"@id":"https:\/\/www.cgfmanet.org\/es\/#organization"},"potentialAction":[{"@type":"SearchAction","target":{"@type":"EntryPoint","urlTemplate":"https:\/\/www.cgfmanet.org\/es\/?s={search_term_string}"},"query-input":{"@type":"PropertyValueSpecification","valueRequired":true,"valueName":"search_term_string"}}],"inLanguage":"fr-FR"},{"@type":"Organization","@id":"https:\/\/www.cgfmanet.org\/es\/#organization","name":"Istituto Figlie di Maria Ausiliatrice","url":"https:\/\/www.cgfmanet.org\/es\/","logo":{"@type":"ImageObject","inLanguage":"fr-FR","@id":"https:\/\/www.cgfmanet.org\/es\/#\/schema\/logo\/image\/","url":"https:\/\/www.cgfmanet.org\/wp-content\/uploads\/2018\/10\/logo-fma.png","contentUrl":"https:\/\/www.cgfmanet.org\/wp-content\/uploads\/2018\/10\/logo-fma.png","width":214,"height":55,"caption":"Istituto Figlie di Maria Ausiliatrice"},"image":{"@id":"https:\/\/www.cgfmanet.org\/es\/#\/schema\/logo\/image\/"},"sameAs":["https:\/\/www.facebook.com\/salesian.sisters.of.don.bosco\/","https:\/\/x.com\/Cgfmanet_Org","https:\/\/www.youtube.com\/channel\/UCmcr8yFQBV7JXeXVxyV9y5Q"]},{"@type":"Person","@id":"https:\/\/www.cgfmanet.org\/es\/#\/schema\/person\/ce6473083f53ef0ef882cca23f0c8fb9","name":"Redazione"}]}},"_links":{"self":[{"href":"https:\/\/www.cgfmanet.org\/fr\/wp-json\/wp\/v2\/posts\/147461","targetHints":{"allow":["GET"]}}],"collection":[{"href":"https:\/\/www.cgfmanet.org\/fr\/wp-json\/wp\/v2\/posts"}],"about":[{"href":"https:\/\/www.cgfmanet.org\/fr\/wp-json\/wp\/v2\/types\/post"}],"author":[{"embeddable":true,"href":"https:\/\/www.cgfmanet.org\/fr\/wp-json\/wp\/v2\/users\/21"}],"replies":[{"embeddable":true,"href":"https:\/\/www.cgfmanet.org\/fr\/wp-json\/wp\/v2\/comments?post=147461"}],"version-history":[{"count":3,"href":"https:\/\/www.cgfmanet.org\/fr\/wp-json\/wp\/v2\/posts\/147461\/revisions"}],"predecessor-version":[{"id":147730,"href":"https:\/\/www.cgfmanet.org\/fr\/wp-json\/wp\/v2\/posts\/147461\/revisions\/147730"}],"wp:featuredmedia":[{"embeddable":true,"href":"https:\/\/www.cgfmanet.org\/fr\/wp-json\/wp\/v2\/media\/147456"}],"wp:attachment":[{"href":"https:\/\/www.cgfmanet.org\/fr\/wp-json\/wp\/v2\/media?parent=147461"}],"wp:term":[{"taxonomy":"category","embeddable":true,"href":"https:\/\/www.cgfmanet.org\/fr\/wp-json\/wp\/v2\/categories?post=147461"},{"taxonomy":"post_tag","embeddable":true,"href":"https:\/\/www.cgfmanet.org\/fr\/wp-json\/wp\/v2\/tags?post=147461"}],"curies":[{"name":"wp","href":"https:\/\/api.w.org\/{rel}","templated":true}]}}