{"id":143511,"date":"2025-09-28T22:41:32","date_gmt":"2025-09-28T20:41:32","guid":{"rendered":"https:\/\/www.cgfmanet.org\/info-sphere\/giornata-mondiale-del-migrante-e-del-rifugiato-2025\/"},"modified":"2025-10-03T09:42:08","modified_gmt":"2025-10-03T07:42:08","slug":"journee-mondiale-des-migrants-et-des-refugies-2025","status":"publish","type":"post","link":"https:\/\/www.cgfmanet.org\/fr\/info-sphere\/journee-mondiale-des-migrants-et-des-refugies-2025\/","title":{"rendered":"Journ\u00e9e Mondiale des Migrants et des R\u00e9fugi\u00e9s 2025"},"content":{"rendered":"<p><strong>Rome (Italie).<\/strong> Les 4 et 5 octobre 2025, est c\u00e9l\u00e9br\u00e9e la 111<sup>\u00e8me<\/sup> Journ\u00e9e Mondiale des Migrants et des R\u00e9fugi\u00e9s (GMMR), institu\u00e9e par l\u2019Eglise en 1914 afin d\u2019attirer l\u2019attention des Communaut\u00e9s eccl\u00e9siales et civiles sur les diff\u00e9rentes cat\u00e9gories de personnes vuln\u00e9rables en mouvement, pour prier pour elles alors qu\u2019elles affrontent de nombreux d\u00e9fis, pour sensibiliser aux opportunit\u00e9s offertes par la migration.<\/p>\n<p>Contrairement aux autres ann\u00e9es, o\u00f9 la GMMR \u00e9tait c\u00e9l\u00e9br\u00e9e le dernier dimanche de septembre, cette ann\u00e9e la Journ\u00e9e, \u00e0 la demande du Pape Fran\u00e7ois, est c\u00e9l\u00e9br\u00e9e en conjonction avec le <strong><span style=\"color: #0000ff;\"><a style=\"color: #0000ff;\" href=\"https:\/\/www.iubilaeum2025.va\/it\/pellegrinaggio\/calendario-giubileo\/GrandiEventi\/giubileo-dei-migranti.html\" target=\"_blank\" rel=\"noopener\">Jubil\u00e9 des Migrants<\/a> <\/span><\/strong>et avec le Jubil\u00e9 du Monde Missionnaire. Le programme de cet \u00e9v\u00e8nement jubilaire comprend donc, \u00e0 Rome, deux jours de rencontres, de t\u00e9moignages, de c\u00e9l\u00e9brations et de spiritualit\u00e9, \u00e9galement en pr\u00e9sence du Saint-P\u00e8re.<\/p>\n<p><strong>\u2018\u2019Migrants, missionnaires d\u2019esp\u00e9rance\u2019\u2019<\/strong> est le th\u00e8me choisi par le Pape L\u00e9on XIV pour le Message annuel. <em>\u2018\u2019Le contexte mondiale actuel \u2013 \u00e9crit le Pape \u2013 est tristement marqu\u00e9 par les guerres, la violence, l\u2019injustice et les ph\u00e9nom\u00e8nes m\u00e9t\u00e9orologiques extr\u00eames, qui obligent des millions de personnes \u00e0 quitter leur patrie afin de chercher refuge ailleurs. (\u2026) La perspective d\u2019une nouvelle course aux armements et le d\u00e9veloppement de nouvelles armes, y compris nucl\u00e9aires, l\u2019absence de consid\u00e9ration des effets n\u00e9fastes de la crise climatique actuelle et les profondes in\u00e9galit\u00e9s \u00e9conomiques rendent les d\u00e9fis du pr\u00e9sent et du futur de plus en plus difficiles\u2019\u2019.<\/em><\/p>\n<p>Dans le rapport <strong><span style=\"color: #0000ff;\"><a style=\"color: #0000ff;\" href=\"https:\/\/www.unhcr.org\/global-trends-report-2024\" target=\"_blank\" rel=\"noopener\">Global Trends 2024<\/a><\/span> dell&rsquo;UNHCR<\/strong>, <strong>de l\u2019UNHCR<\/strong><em>, l\u2019Agence ONU pour les R\u00e9fugi\u00e9s \u2013 <\/em>publi\u00e9 en juin 2025 &#8211; on peut lire <em>\u2018\u2019qu\u2019\u00e0 fin 2024, <\/em><strong><em>123,2 millions<\/em><\/strong><em> fuyaient leur pays en raison de pers\u00e9cutions, de conflits, de violences et de violations des droits de l\u2019homme, en hausse de 6% par rapport \u00e0 2023, soit 7 millions de plus. Dans le monde donc, 1 personnes sur 67 est en fuite. (\u2026) les principaux facteurs d\u00e9terminant la fuite restent les conflits majeurs tels que celui du Soudan, du Myanmar et de l\u2019Ukraine et l\u2019incapacit\u00e9 persistante de la politique \u00e0 mettre fin aux combats\u2019\u2019.<\/em><\/p>\n<p>A cet \u00e9gard, Filippo Grandi, Haut Commissaire des Nations Unies pour les R\u00e9fugi\u00e9s, a d\u00e9clar\u00e9\u00a0: <em>\u2018\u2019Nous vivons une p\u00e9riode d\u2019intense volatilit\u00e9 dans les relations internationales, la guerre moderne cr\u00e9ant un paysage fragile et d\u00e9chirant, marqu\u00e9 par de graves souffrances humaines. <\/em><strong><em>Nous devons redoubler nos efforts afin de rechercher la paix<\/em><\/strong><em> et trouver des solutions durables pour les r\u00e9fugi\u00e9s et les autres personnes contraintes de fuir leurs foyers\u2019\u2019.<\/em><\/p>\n<p>Dans son <span style=\"color: #0000ff;\"><strong><a style=\"color: #0000ff;\" href=\"https:\/\/press.vatican.va\/content\/salastampa\/it\/bollettino\/pubblico\/2025\/07\/25\/0517\/00927.html\" target=\"_blank\" rel=\"noopener\">Message<\/a><\/strong><\/span>, le Pape L\u00e9on souligne toutefois la contribution positive des migrants, m\u00eame dans ce contexte difficile\u00a0: <em>\u2018\u2019Dans un monde assombri par les guerres et les injustices, m\u00eame l\u00e0 <\/em><strong><em>o\u00f9 tout semble perdu, les migrants et les r\u00e9fugi\u00e9s \u00e9rigent des messages d\u2019esp\u00e9rance.<\/em><\/strong><em> Leur courage et leur t\u00e9nacit\u00e9 sont un t\u00e9moignage h\u00e9ro\u00efque d\u2019une foi qui voit au-del\u00e0 de ce que nos yeux peuvent voir\u2019\u2019.<\/em><\/p>\n<p><em>\u2018\u2019En particulier \u2013 <\/em>dit le Pape \u2013<em> les migrants et les r\u00e9fugi\u00e9s catholiques peuvent devenir aujourd\u2019hui des missionnaires d\u2019esp\u00e9rance dans les pays qui les accueillent, en parcourant de nouveaux chemins de foi nouveaux l\u00e0 o\u00f9 le message de J\u00e9sus Christ n\u2019est pas encore parvenu, ou en initiant des dialogues interreligieux bas\u00e9s sur la vie quotidienne et la recherche de valeurs communes\u2019\u2019.<\/em><\/p>\n<p>Et il termine en confiant <em>\u2018\u2019tous ceux qui sont en chemin, ainsi que ceux qui se prodiguent afin de les accompagner, <\/em><strong><em>\u00e0 la protection maternelle de la Vierge Marie, r\u00e9confort des migrants,<\/em><\/strong><em> pour qu\u2019elle garde vivante l\u2019esp\u00e9rance dans leurs c\u0153urs et les soutienne dans leur engagement \u00e0 construire un monde qui ressemble toujours plus au Royaume de Dieu, la v\u00e9ritable Patrie qui nous attend au terme de notre voyage\u2019\u2019.<\/em><\/p>\n<p>Afin de se pr\u00e9parer \u00e0 mieux vivre la GMMR, sur le site du Dicast\u00e8re pour le D\u00e9veloppement Humain Int\u00e9gral, il est possible de t\u00e9l\u00e9charger tout le <span style=\"color: #0000ff;\"><strong><a style=\"color: #0000ff;\" href=\"https:\/\/www.humandevelopment.va\/it\/news\/2025\/giornata-mondiale-del-migrante-e-del-rifugiato-2025.html\" target=\"_blank\" rel=\"noopener\">mat\u00e9riel de la GMMR 2025 <\/a><\/strong><\/span><strong>: en plus du Message du Pape, plusieurs graphiques \u00e0 utiliser, un kit pastoral avec des pri\u00e8res et des ressources ainsi qu\u2019une vid\u00e9o t\u00e9moignage.<\/strong><\/p>\n","protected":false},"excerpt":{"rendered":"<p>Rome (Italie). Les 4 et 5 octobre 2025, est c\u00e9l\u00e9br\u00e9e la 111\u00e8me Journ\u00e9e Mondiale des Migrants et des R\u00e9fugi\u00e9s (GMMR), institu\u00e9e par l\u2019Eglise en 1914 afin d\u2019attirer l\u2019attention des Communaut\u00e9s [&hellip;]<\/p>\n","protected":false},"author":21,"featured_media":143507,"comment_status":"open","ping_status":"closed","sticky":false,"template":"","format":"standard","meta":{"footnotes":""},"categories":[36,188],"tags":[385,1680,1929,2025,2449,2489],"class_list":["post-143511","post","type-post","status-publish","format-standard","has-post-thumbnail","category-info-sphere","category-eglise","tag-migration","tag-travail-missionnaire","tag-focus-fr","tag-migrants-fr","tag-jubile-2025","tag-pape-leon-xiv"],"yoast_head":"<!-- This site is optimized with the Yoast SEO plugin v27.4 - https:\/\/yoast.com\/product\/yoast-seo-wordpress\/ -->\n<title>Journ\u00e9e Mondiale des Migrants et des R\u00e9fugi\u00e9s 2025 &#8226; Istituto Figlie di Maria Ausiliatrice<\/title>\n<meta name=\"description\" content=\"Les 4 et 5 octobre 2025, \u00e0 l\u2019occasion du Jubil\u00e9 des Migrants, est c\u00e9l\u00e9br\u00e9e la 111\u00e8me Journ\u00e9e Mondiale des Migrants et des R\u00e9fugi\u00e9s, sur le th\u00e8me \u2018\u2019Migrants, missionnaires d\u2019esp\u00e9rance\u2019\u2019.\" \/>\n<meta name=\"robots\" content=\"index, follow, max-snippet:-1, max-image-preview:large, max-video-preview:-1\" \/>\n<link rel=\"canonical\" href=\"https:\/\/www.cgfmanet.org\/fr\/info-sphere\/journee-mondiale-des-migrants-et-des-refugies-2025\/\" \/>\n<meta property=\"og:locale\" content=\"fr_FR\" \/>\n<meta property=\"og:type\" content=\"article\" \/>\n<meta property=\"og:title\" content=\"Journ\u00e9e Mondiale des Migrants et des R\u00e9fugi\u00e9s 2025 &#8226; Istituto Figlie di Maria Ausiliatrice\" \/>\n<meta property=\"og:description\" content=\"Les 4 et 5 octobre 2025, \u00e0 l\u2019occasion du Jubil\u00e9 des Migrants, est c\u00e9l\u00e9br\u00e9e la 111\u00e8me Journ\u00e9e Mondiale des Migrants et des R\u00e9fugi\u00e9s, sur le th\u00e8me \u2018\u2019Migrants, missionnaires d\u2019esp\u00e9rance\u2019\u2019.\" \/>\n<meta property=\"og:url\" content=\"https:\/\/www.cgfmanet.org\/fr\/info-sphere\/journee-mondiale-des-migrants-et-des-refugies-2025\/\" \/>\n<meta property=\"og:site_name\" content=\"Istituto Figlie di Maria Ausiliatrice\" \/>\n<meta property=\"article:publisher\" content=\"https:\/\/www.facebook.com\/salesian.sisters.of.don.bosco\/\" \/>\n<meta property=\"article:published_time\" content=\"2025-09-28T20:41:32+00:00\" \/>\n<meta property=\"article:modified_time\" content=\"2025-10-03T07:42:08+00:00\" \/>\n<meta property=\"og:image\" content=\"https:\/\/www.cgfmanet.org\/wp-content\/uploads\/2025\/09\/Giornata-Migrante-e-Rifugiato-2025_ok.jpg\" \/>\n\t<meta property=\"og:image:width\" content=\"1200\" \/>\n\t<meta property=\"og:image:height\" content=\"800\" \/>\n\t<meta property=\"og:image:type\" content=\"image\/jpeg\" \/>\n<meta name=\"author\" content=\"Redazione\" \/>\n<meta name=\"twitter:card\" content=\"summary_large_image\" \/>\n<meta name=\"twitter:creator\" content=\"@Cgfmanet_Org\" \/>\n<meta name=\"twitter:site\" content=\"@Cgfmanet_Org\" \/>\n<meta name=\"twitter:label1\" content=\"\u00c9crit par\" \/>\n\t<meta name=\"twitter:data1\" content=\"Redazione\" \/>\n\t<meta name=\"twitter:label2\" content=\"Dur\u00e9e de lecture estim\u00e9e\" \/>\n\t<meta name=\"twitter:data2\" content=\"4 minutes\" \/>\n<script type=\"application\/ld+json\" class=\"yoast-schema-graph\">{\"@context\":\"https:\\\/\\\/schema.org\",\"@graph\":[{\"@type\":\"Article\",\"@id\":\"https:\\\/\\\/www.cgfmanet.org\\\/fr\\\/info-sphere\\\/journee-mondiale-des-migrants-et-des-refugies-2025\\\/#article\",\"isPartOf\":{\"@id\":\"https:\\\/\\\/www.cgfmanet.org\\\/fr\\\/info-sphere\\\/journee-mondiale-des-migrants-et-des-refugies-2025\\\/\"},\"author\":{\"name\":\"Redazione\",\"@id\":\"https:\\\/\\\/www.cgfmanet.org\\\/es\\\/#\\\/schema\\\/person\\\/ce6473083f53ef0ef882cca23f0c8fb9\"},\"headline\":\"Journ\u00e9e Mondiale des Migrants et des R\u00e9fugi\u00e9s 2025\",\"datePublished\":\"2025-09-28T20:41:32+00:00\",\"dateModified\":\"2025-10-03T07:42:08+00:00\",\"mainEntityOfPage\":{\"@id\":\"https:\\\/\\\/www.cgfmanet.org\\\/fr\\\/info-sphere\\\/journee-mondiale-des-migrants-et-des-refugies-2025\\\/\"},\"wordCount\":733,\"commentCount\":0,\"publisher\":{\"@id\":\"https:\\\/\\\/www.cgfmanet.org\\\/es\\\/#organization\"},\"image\":{\"@id\":\"https:\\\/\\\/www.cgfmanet.org\\\/fr\\\/info-sphere\\\/journee-mondiale-des-migrants-et-des-refugies-2025\\\/#primaryimage\"},\"thumbnailUrl\":\"https:\\\/\\\/www.cgfmanet.org\\\/wp-content\\\/uploads\\\/2025\\\/09\\\/Giornata-Migrante-e-Rifugiato-2025_ok.jpg\",\"keywords\":[\"Migration\",\"Travail Missionnaire\",\"Focus\",\"Migrants\",\"Jubil\u00e9 2025\",\"Pape L\u00e9on XIV\"],\"articleSection\":[\"Infosph\u00e8re\",\"Eglise\"],\"inLanguage\":\"fr-FR\",\"potentialAction\":[{\"@type\":\"CommentAction\",\"name\":\"Comment\",\"target\":[\"https:\\\/\\\/www.cgfmanet.org\\\/fr\\\/info-sphere\\\/journee-mondiale-des-migrants-et-des-refugies-2025\\\/#respond\"]}]},{\"@type\":\"WebPage\",\"@id\":\"https:\\\/\\\/www.cgfmanet.org\\\/fr\\\/info-sphere\\\/journee-mondiale-des-migrants-et-des-refugies-2025\\\/\",\"url\":\"https:\\\/\\\/www.cgfmanet.org\\\/fr\\\/info-sphere\\\/journee-mondiale-des-migrants-et-des-refugies-2025\\\/\",\"name\":\"Journ\u00e9e Mondiale des Migrants et des R\u00e9fugi\u00e9s 2025 &#8226; Istituto Figlie di Maria Ausiliatrice\",\"isPartOf\":{\"@id\":\"https:\\\/\\\/www.cgfmanet.org\\\/es\\\/#website\"},\"primaryImageOfPage\":{\"@id\":\"https:\\\/\\\/www.cgfmanet.org\\\/fr\\\/info-sphere\\\/journee-mondiale-des-migrants-et-des-refugies-2025\\\/#primaryimage\"},\"image\":{\"@id\":\"https:\\\/\\\/www.cgfmanet.org\\\/fr\\\/info-sphere\\\/journee-mondiale-des-migrants-et-des-refugies-2025\\\/#primaryimage\"},\"thumbnailUrl\":\"https:\\\/\\\/www.cgfmanet.org\\\/wp-content\\\/uploads\\\/2025\\\/09\\\/Giornata-Migrante-e-Rifugiato-2025_ok.jpg\",\"datePublished\":\"2025-09-28T20:41:32+00:00\",\"dateModified\":\"2025-10-03T07:42:08+00:00\",\"description\":\"Les 4 et 5 octobre 2025, \u00e0 l\u2019occasion du Jubil\u00e9 des Migrants, est c\u00e9l\u00e9br\u00e9e la 111\u00e8me Journ\u00e9e Mondiale des Migrants et des R\u00e9fugi\u00e9s, sur le th\u00e8me \u2018\u2019Migrants, missionnaires d\u2019esp\u00e9rance\u2019\u2019.\",\"breadcrumb\":{\"@id\":\"https:\\\/\\\/www.cgfmanet.org\\\/fr\\\/info-sphere\\\/journee-mondiale-des-migrants-et-des-refugies-2025\\\/#breadcrumb\"},\"inLanguage\":\"fr-FR\",\"potentialAction\":[{\"@type\":\"ReadAction\",\"target\":[\"https:\\\/\\\/www.cgfmanet.org\\\/fr\\\/info-sphere\\\/journee-mondiale-des-migrants-et-des-refugies-2025\\\/\"]}]},{\"@type\":\"ImageObject\",\"inLanguage\":\"fr-FR\",\"@id\":\"https:\\\/\\\/www.cgfmanet.org\\\/fr\\\/info-sphere\\\/journee-mondiale-des-migrants-et-des-refugies-2025\\\/#primaryimage\",\"url\":\"https:\\\/\\\/www.cgfmanet.org\\\/wp-content\\\/uploads\\\/2025\\\/09\\\/Giornata-Migrante-e-Rifugiato-2025_ok.jpg\",\"contentUrl\":\"https:\\\/\\\/www.cgfmanet.org\\\/wp-content\\\/uploads\\\/2025\\\/09\\\/Giornata-Migrante-e-Rifugiato-2025_ok.jpg\",\"width\":1200,\"height\":800},{\"@type\":\"BreadcrumbList\",\"@id\":\"https:\\\/\\\/www.cgfmanet.org\\\/fr\\\/info-sphere\\\/journee-mondiale-des-migrants-et-des-refugies-2025\\\/#breadcrumb\",\"itemListElement\":[{\"@type\":\"ListItem\",\"position\":1,\"name\":\"Home\",\"item\":\"https:\\\/\\\/www.cgfmanet.org\\\/fr\\\/\"},{\"@type\":\"ListItem\",\"position\":2,\"name\":\"Journ\u00e9e Mondiale des Migrants et des R\u00e9fugi\u00e9s 2025\"}]},{\"@type\":\"WebSite\",\"@id\":\"https:\\\/\\\/www.cgfmanet.org\\\/es\\\/#website\",\"url\":\"https:\\\/\\\/www.cgfmanet.org\\\/es\\\/\",\"name\":\"Istituto Figlie di Maria Ausiliatrice\",\"description\":\"Salesiane di Don Bosco\",\"publisher\":{\"@id\":\"https:\\\/\\\/www.cgfmanet.org\\\/es\\\/#organization\"},\"potentialAction\":[{\"@type\":\"SearchAction\",\"target\":{\"@type\":\"EntryPoint\",\"urlTemplate\":\"https:\\\/\\\/www.cgfmanet.org\\\/es\\\/?s={search_term_string}\"},\"query-input\":{\"@type\":\"PropertyValueSpecification\",\"valueRequired\":true,\"valueName\":\"search_term_string\"}}],\"inLanguage\":\"fr-FR\"},{\"@type\":\"Organization\",\"@id\":\"https:\\\/\\\/www.cgfmanet.org\\\/es\\\/#organization\",\"name\":\"Istituto Figlie di Maria Ausiliatrice\",\"url\":\"https:\\\/\\\/www.cgfmanet.org\\\/es\\\/\",\"logo\":{\"@type\":\"ImageObject\",\"inLanguage\":\"fr-FR\",\"@id\":\"https:\\\/\\\/www.cgfmanet.org\\\/es\\\/#\\\/schema\\\/logo\\\/image\\\/\",\"url\":\"https:\\\/\\\/www.cgfmanet.org\\\/wp-content\\\/uploads\\\/2018\\\/10\\\/logo-fma.png\",\"contentUrl\":\"https:\\\/\\\/www.cgfmanet.org\\\/wp-content\\\/uploads\\\/2018\\\/10\\\/logo-fma.png\",\"width\":214,\"height\":55,\"caption\":\"Istituto Figlie di Maria Ausiliatrice\"},\"image\":{\"@id\":\"https:\\\/\\\/www.cgfmanet.org\\\/es\\\/#\\\/schema\\\/logo\\\/image\\\/\"},\"sameAs\":[\"https:\\\/\\\/www.facebook.com\\\/salesian.sisters.of.don.bosco\\\/\",\"https:\\\/\\\/x.com\\\/Cgfmanet_Org\",\"https:\\\/\\\/www.youtube.com\\\/channel\\\/UCmcr8yFQBV7JXeXVxyV9y5Q\"]},{\"@type\":\"Person\",\"@id\":\"https:\\\/\\\/www.cgfmanet.org\\\/es\\\/#\\\/schema\\\/person\\\/ce6473083f53ef0ef882cca23f0c8fb9\",\"name\":\"Redazione\"}]}<\/script>\n<!-- \/ Yoast SEO plugin. -->","yoast_head_json":{"title":"Journ\u00e9e Mondiale des Migrants et des R\u00e9fugi\u00e9s 2025 &#8226; Istituto Figlie di Maria Ausiliatrice","description":"Les 4 et 5 octobre 2025, \u00e0 l\u2019occasion du Jubil\u00e9 des Migrants, est c\u00e9l\u00e9br\u00e9e la 111\u00e8me Journ\u00e9e Mondiale des Migrants et des R\u00e9fugi\u00e9s, sur le th\u00e8me \u2018\u2019Migrants, missionnaires d\u2019esp\u00e9rance\u2019\u2019.","robots":{"index":"index","follow":"follow","max-snippet":"max-snippet:-1","max-image-preview":"max-image-preview:large","max-video-preview":"max-video-preview:-1"},"canonical":"https:\/\/www.cgfmanet.org\/fr\/info-sphere\/journee-mondiale-des-migrants-et-des-refugies-2025\/","og_locale":"fr_FR","og_type":"article","og_title":"Journ\u00e9e Mondiale des Migrants et des R\u00e9fugi\u00e9s 2025 &#8226; Istituto Figlie di Maria Ausiliatrice","og_description":"Les 4 et 5 octobre 2025, \u00e0 l\u2019occasion du Jubil\u00e9 des Migrants, est c\u00e9l\u00e9br\u00e9e la 111\u00e8me Journ\u00e9e Mondiale des Migrants et des R\u00e9fugi\u00e9s, sur le th\u00e8me \u2018\u2019Migrants, missionnaires d\u2019esp\u00e9rance\u2019\u2019.","og_url":"https:\/\/www.cgfmanet.org\/fr\/info-sphere\/journee-mondiale-des-migrants-et-des-refugies-2025\/","og_site_name":"Istituto Figlie di Maria Ausiliatrice","article_publisher":"https:\/\/www.facebook.com\/salesian.sisters.of.don.bosco\/","article_published_time":"2025-09-28T20:41:32+00:00","article_modified_time":"2025-10-03T07:42:08+00:00","og_image":[{"width":1200,"height":800,"url":"https:\/\/www.cgfmanet.org\/wp-content\/uploads\/2025\/09\/Giornata-Migrante-e-Rifugiato-2025_ok.jpg","type":"image\/jpeg"}],"author":"Redazione","twitter_card":"summary_large_image","twitter_creator":"@Cgfmanet_Org","twitter_site":"@Cgfmanet_Org","twitter_misc":{"\u00c9crit par":"Redazione","Dur\u00e9e de lecture estim\u00e9e":"4 minutes"},"schema":{"@context":"https:\/\/schema.org","@graph":[{"@type":"Article","@id":"https:\/\/www.cgfmanet.org\/fr\/info-sphere\/journee-mondiale-des-migrants-et-des-refugies-2025\/#article","isPartOf":{"@id":"https:\/\/www.cgfmanet.org\/fr\/info-sphere\/journee-mondiale-des-migrants-et-des-refugies-2025\/"},"author":{"name":"Redazione","@id":"https:\/\/www.cgfmanet.org\/es\/#\/schema\/person\/ce6473083f53ef0ef882cca23f0c8fb9"},"headline":"Journ\u00e9e Mondiale des Migrants et des R\u00e9fugi\u00e9s 2025","datePublished":"2025-09-28T20:41:32+00:00","dateModified":"2025-10-03T07:42:08+00:00","mainEntityOfPage":{"@id":"https:\/\/www.cgfmanet.org\/fr\/info-sphere\/journee-mondiale-des-migrants-et-des-refugies-2025\/"},"wordCount":733,"commentCount":0,"publisher":{"@id":"https:\/\/www.cgfmanet.org\/es\/#organization"},"image":{"@id":"https:\/\/www.cgfmanet.org\/fr\/info-sphere\/journee-mondiale-des-migrants-et-des-refugies-2025\/#primaryimage"},"thumbnailUrl":"https:\/\/www.cgfmanet.org\/wp-content\/uploads\/2025\/09\/Giornata-Migrante-e-Rifugiato-2025_ok.jpg","keywords":["Migration","Travail Missionnaire","Focus","Migrants","Jubil\u00e9 2025","Pape L\u00e9on XIV"],"articleSection":["Infosph\u00e8re","Eglise"],"inLanguage":"fr-FR","potentialAction":[{"@type":"CommentAction","name":"Comment","target":["https:\/\/www.cgfmanet.org\/fr\/info-sphere\/journee-mondiale-des-migrants-et-des-refugies-2025\/#respond"]}]},{"@type":"WebPage","@id":"https:\/\/www.cgfmanet.org\/fr\/info-sphere\/journee-mondiale-des-migrants-et-des-refugies-2025\/","url":"https:\/\/www.cgfmanet.org\/fr\/info-sphere\/journee-mondiale-des-migrants-et-des-refugies-2025\/","name":"Journ\u00e9e Mondiale des Migrants et des R\u00e9fugi\u00e9s 2025 &#8226; Istituto Figlie di Maria Ausiliatrice","isPartOf":{"@id":"https:\/\/www.cgfmanet.org\/es\/#website"},"primaryImageOfPage":{"@id":"https:\/\/www.cgfmanet.org\/fr\/info-sphere\/journee-mondiale-des-migrants-et-des-refugies-2025\/#primaryimage"},"image":{"@id":"https:\/\/www.cgfmanet.org\/fr\/info-sphere\/journee-mondiale-des-migrants-et-des-refugies-2025\/#primaryimage"},"thumbnailUrl":"https:\/\/www.cgfmanet.org\/wp-content\/uploads\/2025\/09\/Giornata-Migrante-e-Rifugiato-2025_ok.jpg","datePublished":"2025-09-28T20:41:32+00:00","dateModified":"2025-10-03T07:42:08+00:00","description":"Les 4 et 5 octobre 2025, \u00e0 l\u2019occasion du Jubil\u00e9 des Migrants, est c\u00e9l\u00e9br\u00e9e la 111\u00e8me Journ\u00e9e Mondiale des Migrants et des R\u00e9fugi\u00e9s, sur le th\u00e8me \u2018\u2019Migrants, missionnaires d\u2019esp\u00e9rance\u2019\u2019.","breadcrumb":{"@id":"https:\/\/www.cgfmanet.org\/fr\/info-sphere\/journee-mondiale-des-migrants-et-des-refugies-2025\/#breadcrumb"},"inLanguage":"fr-FR","potentialAction":[{"@type":"ReadAction","target":["https:\/\/www.cgfmanet.org\/fr\/info-sphere\/journee-mondiale-des-migrants-et-des-refugies-2025\/"]}]},{"@type":"ImageObject","inLanguage":"fr-FR","@id":"https:\/\/www.cgfmanet.org\/fr\/info-sphere\/journee-mondiale-des-migrants-et-des-refugies-2025\/#primaryimage","url":"https:\/\/www.cgfmanet.org\/wp-content\/uploads\/2025\/09\/Giornata-Migrante-e-Rifugiato-2025_ok.jpg","contentUrl":"https:\/\/www.cgfmanet.org\/wp-content\/uploads\/2025\/09\/Giornata-Migrante-e-Rifugiato-2025_ok.jpg","width":1200,"height":800},{"@type":"BreadcrumbList","@id":"https:\/\/www.cgfmanet.org\/fr\/info-sphere\/journee-mondiale-des-migrants-et-des-refugies-2025\/#breadcrumb","itemListElement":[{"@type":"ListItem","position":1,"name":"Home","item":"https:\/\/www.cgfmanet.org\/fr\/"},{"@type":"ListItem","position":2,"name":"Journ\u00e9e Mondiale des Migrants et des R\u00e9fugi\u00e9s 2025"}]},{"@type":"WebSite","@id":"https:\/\/www.cgfmanet.org\/es\/#website","url":"https:\/\/www.cgfmanet.org\/es\/","name":"Istituto Figlie di Maria Ausiliatrice","description":"Salesiane di Don Bosco","publisher":{"@id":"https:\/\/www.cgfmanet.org\/es\/#organization"},"potentialAction":[{"@type":"SearchAction","target":{"@type":"EntryPoint","urlTemplate":"https:\/\/www.cgfmanet.org\/es\/?s={search_term_string}"},"query-input":{"@type":"PropertyValueSpecification","valueRequired":true,"valueName":"search_term_string"}}],"inLanguage":"fr-FR"},{"@type":"Organization","@id":"https:\/\/www.cgfmanet.org\/es\/#organization","name":"Istituto Figlie di Maria Ausiliatrice","url":"https:\/\/www.cgfmanet.org\/es\/","logo":{"@type":"ImageObject","inLanguage":"fr-FR","@id":"https:\/\/www.cgfmanet.org\/es\/#\/schema\/logo\/image\/","url":"https:\/\/www.cgfmanet.org\/wp-content\/uploads\/2018\/10\/logo-fma.png","contentUrl":"https:\/\/www.cgfmanet.org\/wp-content\/uploads\/2018\/10\/logo-fma.png","width":214,"height":55,"caption":"Istituto Figlie di Maria Ausiliatrice"},"image":{"@id":"https:\/\/www.cgfmanet.org\/es\/#\/schema\/logo\/image\/"},"sameAs":["https:\/\/www.facebook.com\/salesian.sisters.of.don.bosco\/","https:\/\/x.com\/Cgfmanet_Org","https:\/\/www.youtube.com\/channel\/UCmcr8yFQBV7JXeXVxyV9y5Q"]},{"@type":"Person","@id":"https:\/\/www.cgfmanet.org\/es\/#\/schema\/person\/ce6473083f53ef0ef882cca23f0c8fb9","name":"Redazione"}]}},"_links":{"self":[{"href":"https:\/\/www.cgfmanet.org\/fr\/wp-json\/wp\/v2\/posts\/143511","targetHints":{"allow":["GET"]}}],"collection":[{"href":"https:\/\/www.cgfmanet.org\/fr\/wp-json\/wp\/v2\/posts"}],"about":[{"href":"https:\/\/www.cgfmanet.org\/fr\/wp-json\/wp\/v2\/types\/post"}],"author":[{"embeddable":true,"href":"https:\/\/www.cgfmanet.org\/fr\/wp-json\/wp\/v2\/users\/21"}],"replies":[{"embeddable":true,"href":"https:\/\/www.cgfmanet.org\/fr\/wp-json\/wp\/v2\/comments?post=143511"}],"version-history":[{"count":3,"href":"https:\/\/www.cgfmanet.org\/fr\/wp-json\/wp\/v2\/posts\/143511\/revisions"}],"predecessor-version":[{"id":143836,"href":"https:\/\/www.cgfmanet.org\/fr\/wp-json\/wp\/v2\/posts\/143511\/revisions\/143836"}],"wp:featuredmedia":[{"embeddable":true,"href":"https:\/\/www.cgfmanet.org\/fr\/wp-json\/wp\/v2\/media\/143507"}],"wp:attachment":[{"href":"https:\/\/www.cgfmanet.org\/fr\/wp-json\/wp\/v2\/media?parent=143511"}],"wp:term":[{"taxonomy":"category","embeddable":true,"href":"https:\/\/www.cgfmanet.org\/fr\/wp-json\/wp\/v2\/categories?post=143511"},{"taxonomy":"post_tag","embeddable":true,"href":"https:\/\/www.cgfmanet.org\/fr\/wp-json\/wp\/v2\/tags?post=143511"}],"curies":[{"name":"wp","href":"https:\/\/api.w.org\/{rel}","templated":true}]}}