{"id":137404,"date":"2025-06-24T13:41:04","date_gmt":"2025-06-24T11:41:04","guid":{"rendered":"https:\/\/www.cgfmanet.org\/info-sphere\/nomina-del-vaticano-per-madre-chiara-cazzuola\/"},"modified":"2025-06-25T10:29:15","modified_gmt":"2025-06-25T08:29:15","slug":"mere-chiara-cazzuola-nommee-au-vatican","status":"publish","type":"post","link":"https:\/\/www.cgfmanet.org\/fr\/info-sphere\/mere-chiara-cazzuola-nommee-au-vatican\/","title":{"rendered":"M\u00e8re Chiara Cazzuola nomm\u00e9e au Vatican"},"content":{"rendered":"<p><strong>Rome (Italie).<\/strong> Le 24 juin 2025, le Saint-P\u00e8re L\u00e9on XIV a nomm\u00e9 <strong>M\u00e8re Chiara Cazzuola, Sup\u00e9rieure G\u00e9n\u00e9rale de l\u2019Institut des Filles de Marie Auxiliatrice, Membre du Dicast\u00e8re pour les Instituts de Vie Consacr\u00e9e et les Soci\u00e9t\u00e9s de Vie Apostolique.<\/strong><\/p>\n<p><strong>M\u00e8re Chiara Cazzuola<\/strong> est la 10<sup>\u00e8me<\/sup> Successeur de Maria Domenica Mazzarello. N\u00e9e \u00e0 Campiglia Marittima \u2013 Livourne (Italie) en 1955, elle a fait sa Profession Religieuse dans l\u2019Institut FMA \u00e0 Castelgandolfo (Rome) le 5 ao\u00fbt 1975. Dipl\u00f4m\u00e9e en Lettres, elle a \u00e9t\u00e9 Enseignante pendant plusieurs ann\u00e9es et, par la suite, Directrice de l\u2019Ecole Secondaire du Premier et du Deuxi\u00e8me degr\u00e9. Par la suite, elle a \u00e9t\u00e9 Animatrice de Communaut\u00e9 puis Conseill\u00e8re Provinciale. En 2001, avec l\u2019unification des trois Provinces d\u2019Emilie, de Ligurie et de Toscane, elle est nomm\u00e9e Conseill\u00e8re Provinciale pour la Formation et apporte sa contribution en privil\u00e9giant les chemins de communion, de spiritualit\u00e9 dans un style de simplicit\u00e9, de respect des personnes et de profondeur. En 2007, elle est nomm\u00e9e M\u00e8re Provinciale de la Province Emilie-Ligurie\u2014Toscane <em>Notre-Dame du C\u00e9nacle<\/em> (ILS), bas\u00e9e \u00e0 La Spezia. Le XXII<sup>\u00e8me<\/sup> CG de 2008 l\u2019a \u00e9lue Conseill\u00e8re Visitatrice. Au cours du sexennat 2008-2014 elle a visit\u00e9 plusieurs Provinces d\u2019Am\u00e9rique et d\u2019Europe. En 2014, M\u00e8re Yvonne Reungoat l\u2019a nomm\u00e9e Mod\u00e9ratrice du XXIII<sup>\u00e8me<\/sup> Chapitre G\u00e9n\u00e9ral et au cours de ce m\u00eame Chapitre elle est \u00e9lue Vicaire G\u00e9n\u00e9rale. En f\u00e9vrier 2019, la M\u00e8re G\u00e9n\u00e9rale l\u2019a nomm\u00e9e Mod\u00e9ratrice du XXIV<sup>\u00e8me<\/sup> Chapitre G\u00e9n\u00e9ral et le 5 octobre 2021, elle est \u00e9lue, par ce m\u00eame Chapitre, M\u00e8re G\u00e9n\u00e9rale.<\/p>\n<p><strong>Avec elle, le Saint-P\u00e8re a nomm\u00e9 les Tr\u00e8s Eminents Cardinaux\u00a0:<\/strong> Arthur Roche, Pr\u00e9fet du Dicast\u00e8re pour le Culte Divin et la Discipline des Sacrements\u00a0; Crist\u00f3bal L\u00f3pez, SDB, Archev\u00eaque de Rabat (Maroc)\u00a0; Giorgio Marengo, IMC, Pr\u00e9fet Apostolique d\u2019Oulan-Bator (Mongolie)\u00a0; Pierbattista Pizzaballa, OFM, Patriarche de J\u00e9rusalem des Latins (Isra\u00ebl)\u00a0; Jaime Spengler, OFM, Archev\u00eaque de Porto Alegre (Br\u00e9sil)\u00a0;<\/p>\n<p><strong>Leurs Excellences Monseigneurs\u00a0:<\/strong> Jude Thaddaeus Ruwa\u2019ichi, OFM Cap., Archev\u00eaque de Dar-es-Salaam (Tanzanie)\u00a0; Jerzy Maculewicz, OFM Conv., Administrateur Apostolique de l\u2019Ouzb\u00e9kistan\u00a0; Julio C\u00e9sar Salcedo Aquino, MJ, Ev\u00eaque de Tlaxcala (Mexique)\u00a0; Thulani Victor Mbuyisa, CMM, Ev\u00eaque de Kokstad (Afrique du Sud)\u00a0; Tesfaye Tadesse Gebresilasie, MCCJ, Ev\u00eaque Auxiliaire de l\u2019Arch\u00e9parchie d\u2019Addis Abeba (Ethiopie)\u00a0; les Tr\u00e8s R\u00e9v\u00e9rends P\u00e8res Stanley Lubungo, Sup\u00e9rieur G\u00e9n\u00e9rale des <em>Missionnaires d\u2019Afrique (les P\u00e8res Blancs),<\/em> et Miguel M\u00e1rquez Calle, Pr\u00e9v\u00f4t G\u00e9n\u00e9ral des <em>Carmes D\u00e9chaux\u00a0<\/em>; le R\u00e9v\u00e9rend P\u00e8re Donato Ogliari, OSB, Abb\u00e9 du Monast\u00e8re de Saint-Paul-hors-les Murs \u00e0 Rome (Italie)\u00a0; le R\u00e9v\u00e9rend Fr\u00e8re Armin Altamirano Luistro, Sup\u00e9rieur G\u00e9n\u00e9ral des <em>Fr\u00e8res des Ecoles Chr\u00e9tiennes\u00a0;<\/em><\/p>\n<p><strong>Les R\u00e9v\u00e9rendes M\u00e8res\u00a0<\/strong>: Fran\u00e7oise Petit, Sup\u00e9rieure G\u00e9n\u00e9rale des <em>Filles de la Charit\u00e9 de Saint-Vincent-de-Paul\u00a0;<\/em> Maria Goretti Lee, Sup\u00e9rieure G\u00e9n\u00e9rale des <em>S\u0153urs Hospitali\u00e8res de Saint Paul\u00a0; <\/em>Idilia Maria Moreira Gon\u00e7alves Carneiro, Sup\u00e9rieure G\u00e9n\u00e9rale des <em>S\u0153urs Hospitali\u00e8res du Sacr\u00e9 C\u0153ur de J\u00e9sus\u00a0;<\/em> la Tr\u00e8s Aimable Madame Luisa Muston, Pr\u00e9sidente G\u00e9n\u00e9rale de l\u2019Institut S\u00e9culier <em>Missionnaires des Malades \u2018\u2019Christ Esp\u00e9rance\u2019\u2019.<\/em><\/p>\n<p><span style=\"color: #0000ff;\"><a style=\"color: #0000ff;\" href=\"https:\/\/www.vitaconsacrata.va\/it.html\"><strong>Le Dicast\u00e8re pour les Instituts de Vie Consacr\u00e9e et les Soci\u00e9t\u00e9s de Vie Apostolique<\/strong><\/a><\/span> promeut, anime et r\u00e8gle la pratique des conseils \u00e9vang\u00e9liques, dans la mani\u00e8re dont elle est v\u00e9cue dans les formes approuv\u00e9es de la vie consacr\u00e9e, ainsi qu\u2019en ce qui concerne la vie et l\u2019activit\u00e9 des Soci\u00e9t\u00e9s de Vie Apostolique dans toute l\u2019Eglise latine. Il est de la responsabilit\u00e9 du Dicast\u00e8re d\u2019agr\u00e9er les Instituts de Vie Consacr\u00e9e et les Soci\u00e9t\u00e9s de Vie Apostolique, de les \u00e9riger et d\u2019accorder l\u2019autorisation de validit\u00e9 de l\u2019\u00e9rection d\u2019un Institut de Vie Consacr\u00e9e ou d\u2019une Soci\u00e9t\u00e9 de Vie Apostolique de droit dioc\u00e9sain par l\u2019Ev\u00eaque. Le Dicast\u00e8re s\u2019efforce de faire en sorte que les Instituts de Vie Consacr\u00e9e et les Soci\u00e9t\u00e9s de Vie Apostolique progressent dans la suite du Christ tel que propos\u00e9 par l\u2019Evangile, selon le charisme propre \u00e0 l\u2019esprit du fondateur et aux saines traditions, poursuivent fid\u00e8lement leurs propres finalit\u00e9s et contribuent efficacement \u00e0 l\u2019\u00e9dification de l\u2019Eglise et \u00e0 sa mission dans le monde.<\/p>\n<p><strong>En accueillant la nouvelle,<\/strong> M\u00e8re Chiara a remerci\u00e9 le Saint-P\u00e8re, la Pr\u00e9fet, s\u0153ur Simona Brambilla et le Propr\u00e9fet, le Cardinal \u00c1ngel Fern\u00e1ndez Artime, de cette nomination\u00a0: <em>\u2018\u2019J\u2019esp\u00e8re \u00eatre \u00e0 la hauteur de la mission que l\u2019Eglise m\u2019a confi\u00e9e, je le ferai de tout mon c\u0153ur au nom de l\u2019Institut, et je remercie pour la confiance re\u00e7ue\u2019\u2019.<\/em><\/p>\n<p>Merci M\u00e8re Chiara pour ta disponibilit\u00e9, l\u2019Institut tout entier se r\u00e9jouit et te souhaite avec affection un bon chemin, en t\u2019assurant sa pri\u00e8re et son engagement de fid\u00e9lit\u00e9 \u00e0 l\u2019Eglise et au Pape, comme le voulaient Dom Bosco, dont la f\u00eate est c\u00e9l\u00e9br\u00e9e aujourd\u2019hui, et M\u00e8re Mazzarello, \u00e0 l\u2019occasion du 74<sup>\u00e8me<\/sup> anniversaire de sa Canonisation (24 juin 1951). En ce 24 du mois, que Marie Auxiliatrice te guide et t\u2019accompagne avec tendresse dans cette nouvelle mission.<\/p>\n","protected":false},"excerpt":{"rendered":"<p>Rome (Italie). Le 24 juin 2025, le Saint-P\u00e8re L\u00e9on XIV a nomm\u00e9 M\u00e8re Chiara Cazzuola, Sup\u00e9rieure G\u00e9n\u00e9rale de l\u2019Institut des Filles de Marie Auxiliatrice, Membre du Dicast\u00e8re pour les Instituts [&hellip;]<\/p>\n","protected":false},"author":21,"featured_media":137399,"comment_status":"open","ping_status":"closed","sticky":false,"template":"","format":"standard","meta":{"footnotes":""},"categories":[36,188],"tags":[369,1929,2377,2489],"class_list":["post-137404","post","type-post","status-publish","format-standard","has-post-thumbnail","category-info-sphere","category-eglise","tag-mere-generale","tag-focus-fr","tag-madre-chiara-cazzuola-fr","tag-pape-leon-xiv"],"yoast_head":"<!-- This site is optimized with the Yoast SEO plugin v27.4 - https:\/\/yoast.com\/product\/yoast-seo-wordpress\/ -->\n<title>M\u00e8re Chiara Cazzuola nomm\u00e9e au Vatican &#8226; Istituto Figlie di Maria Ausiliatrice<\/title>\n<meta name=\"description\" content=\"Le 24 juin 2025, le Saint-P\u00e8re a nomm\u00e9 M\u00e8re Chiara Cazzuola, Sup\u00e9rieure G\u00e9n\u00e9rale de l\u2019Institut des Filles de Marie Auxiliatrice, Membre du Dicast\u00e8re pour les Instituts de Vie Consacr\u00e9e et les Soci\u00e9t\u00e9s de Vie Apostolique.\" \/>\n<meta name=\"robots\" content=\"index, follow, max-snippet:-1, max-image-preview:large, max-video-preview:-1\" \/>\n<link rel=\"canonical\" href=\"https:\/\/www.cgfmanet.org\/fr\/info-sphere\/mere-chiara-cazzuola-nommee-au-vatican\/\" \/>\n<meta property=\"og:locale\" content=\"fr_FR\" \/>\n<meta property=\"og:type\" content=\"article\" \/>\n<meta property=\"og:title\" content=\"M\u00e8re Chiara Cazzuola nomm\u00e9e au Vatican &#8226; Istituto Figlie di Maria Ausiliatrice\" \/>\n<meta property=\"og:description\" content=\"Le 24 juin 2025, le Saint-P\u00e8re a nomm\u00e9 M\u00e8re Chiara Cazzuola, Sup\u00e9rieure G\u00e9n\u00e9rale de l\u2019Institut des Filles de Marie Auxiliatrice, Membre du Dicast\u00e8re pour les Instituts de Vie Consacr\u00e9e et les Soci\u00e9t\u00e9s de Vie Apostolique.\" \/>\n<meta property=\"og:url\" content=\"https:\/\/www.cgfmanet.org\/fr\/info-sphere\/mere-chiara-cazzuola-nommee-au-vatican\/\" \/>\n<meta property=\"og:site_name\" content=\"Istituto Figlie di Maria Ausiliatrice\" \/>\n<meta property=\"article:publisher\" content=\"https:\/\/www.facebook.com\/salesian.sisters.of.don.bosco\/\" \/>\n<meta property=\"article:published_time\" content=\"2025-06-24T11:41:04+00:00\" \/>\n<meta property=\"article:modified_time\" content=\"2025-06-25T08:29:15+00:00\" \/>\n<meta property=\"og:image\" content=\"https:\/\/www.cgfmanet.org\/wp-content\/uploads\/2025\/06\/Nomina-Madre-Chiara-Cazzuola.jpg\" \/>\n\t<meta property=\"og:image:width\" content=\"1308\" \/>\n\t<meta property=\"og:image:height\" content=\"872\" \/>\n\t<meta property=\"og:image:type\" content=\"image\/jpeg\" \/>\n<meta name=\"author\" content=\"Redazione\" \/>\n<meta name=\"twitter:card\" content=\"summary_large_image\" \/>\n<meta name=\"twitter:creator\" content=\"@Cgfmanet_Org\" \/>\n<meta name=\"twitter:site\" content=\"@Cgfmanet_Org\" \/>\n<meta name=\"twitter:label1\" content=\"\u00c9crit par\" \/>\n\t<meta name=\"twitter:data1\" content=\"Redazione\" \/>\n\t<meta name=\"twitter:label2\" content=\"Dur\u00e9e de lecture estim\u00e9e\" \/>\n\t<meta name=\"twitter:data2\" content=\"5 minutes\" \/>\n<script type=\"application\/ld+json\" class=\"yoast-schema-graph\">{\"@context\":\"https:\\\/\\\/schema.org\",\"@graph\":[{\"@type\":\"Article\",\"@id\":\"https:\\\/\\\/www.cgfmanet.org\\\/fr\\\/info-sphere\\\/mere-chiara-cazzuola-nommee-au-vatican\\\/#article\",\"isPartOf\":{\"@id\":\"https:\\\/\\\/www.cgfmanet.org\\\/fr\\\/info-sphere\\\/mere-chiara-cazzuola-nommee-au-vatican\\\/\"},\"author\":{\"name\":\"Redazione\",\"@id\":\"https:\\\/\\\/www.cgfmanet.org\\\/es\\\/#\\\/schema\\\/person\\\/ce6473083f53ef0ef882cca23f0c8fb9\"},\"headline\":\"M\u00e8re Chiara Cazzuola nomm\u00e9e au Vatican\",\"datePublished\":\"2025-06-24T11:41:04+00:00\",\"dateModified\":\"2025-06-25T08:29:15+00:00\",\"mainEntityOfPage\":{\"@id\":\"https:\\\/\\\/www.cgfmanet.org\\\/fr\\\/info-sphere\\\/mere-chiara-cazzuola-nommee-au-vatican\\\/\"},\"wordCount\":946,\"commentCount\":30,\"publisher\":{\"@id\":\"https:\\\/\\\/www.cgfmanet.org\\\/es\\\/#organization\"},\"image\":{\"@id\":\"https:\\\/\\\/www.cgfmanet.org\\\/fr\\\/info-sphere\\\/mere-chiara-cazzuola-nommee-au-vatican\\\/#primaryimage\"},\"thumbnailUrl\":\"https:\\\/\\\/www.cgfmanet.org\\\/wp-content\\\/uploads\\\/2025\\\/06\\\/Nomina-Madre-Chiara-Cazzuola.jpg\",\"keywords\":[\"M\u00e8re G\u00e9n\u00e9rale\",\"Focus\",\"Madre Chiara Cazzuola\",\"Pape L\u00e9on XIV\"],\"articleSection\":[\"Infosph\u00e8re\",\"Eglise\"],\"inLanguage\":\"fr-FR\",\"potentialAction\":[{\"@type\":\"CommentAction\",\"name\":\"Comment\",\"target\":[\"https:\\\/\\\/www.cgfmanet.org\\\/fr\\\/info-sphere\\\/mere-chiara-cazzuola-nommee-au-vatican\\\/#respond\"]}]},{\"@type\":\"WebPage\",\"@id\":\"https:\\\/\\\/www.cgfmanet.org\\\/fr\\\/info-sphere\\\/mere-chiara-cazzuola-nommee-au-vatican\\\/\",\"url\":\"https:\\\/\\\/www.cgfmanet.org\\\/fr\\\/info-sphere\\\/mere-chiara-cazzuola-nommee-au-vatican\\\/\",\"name\":\"M\u00e8re Chiara Cazzuola nomm\u00e9e au Vatican &#8226; Istituto Figlie di Maria Ausiliatrice\",\"isPartOf\":{\"@id\":\"https:\\\/\\\/www.cgfmanet.org\\\/es\\\/#website\"},\"primaryImageOfPage\":{\"@id\":\"https:\\\/\\\/www.cgfmanet.org\\\/fr\\\/info-sphere\\\/mere-chiara-cazzuola-nommee-au-vatican\\\/#primaryimage\"},\"image\":{\"@id\":\"https:\\\/\\\/www.cgfmanet.org\\\/fr\\\/info-sphere\\\/mere-chiara-cazzuola-nommee-au-vatican\\\/#primaryimage\"},\"thumbnailUrl\":\"https:\\\/\\\/www.cgfmanet.org\\\/wp-content\\\/uploads\\\/2025\\\/06\\\/Nomina-Madre-Chiara-Cazzuola.jpg\",\"datePublished\":\"2025-06-24T11:41:04+00:00\",\"dateModified\":\"2025-06-25T08:29:15+00:00\",\"description\":\"Le 24 juin 2025, le Saint-P\u00e8re a nomm\u00e9 M\u00e8re Chiara Cazzuola, Sup\u00e9rieure G\u00e9n\u00e9rale de l\u2019Institut des Filles de Marie Auxiliatrice, Membre du Dicast\u00e8re pour les Instituts de Vie Consacr\u00e9e et les Soci\u00e9t\u00e9s de Vie Apostolique.\",\"breadcrumb\":{\"@id\":\"https:\\\/\\\/www.cgfmanet.org\\\/fr\\\/info-sphere\\\/mere-chiara-cazzuola-nommee-au-vatican\\\/#breadcrumb\"},\"inLanguage\":\"fr-FR\",\"potentialAction\":[{\"@type\":\"ReadAction\",\"target\":[\"https:\\\/\\\/www.cgfmanet.org\\\/fr\\\/info-sphere\\\/mere-chiara-cazzuola-nommee-au-vatican\\\/\"]}]},{\"@type\":\"ImageObject\",\"inLanguage\":\"fr-FR\",\"@id\":\"https:\\\/\\\/www.cgfmanet.org\\\/fr\\\/info-sphere\\\/mere-chiara-cazzuola-nommee-au-vatican\\\/#primaryimage\",\"url\":\"https:\\\/\\\/www.cgfmanet.org\\\/wp-content\\\/uploads\\\/2025\\\/06\\\/Nomina-Madre-Chiara-Cazzuola.jpg\",\"contentUrl\":\"https:\\\/\\\/www.cgfmanet.org\\\/wp-content\\\/uploads\\\/2025\\\/06\\\/Nomina-Madre-Chiara-Cazzuola.jpg\",\"width\":1308,\"height\":872},{\"@type\":\"BreadcrumbList\",\"@id\":\"https:\\\/\\\/www.cgfmanet.org\\\/fr\\\/info-sphere\\\/mere-chiara-cazzuola-nommee-au-vatican\\\/#breadcrumb\",\"itemListElement\":[{\"@type\":\"ListItem\",\"position\":1,\"name\":\"Home\",\"item\":\"https:\\\/\\\/www.cgfmanet.org\\\/fr\\\/\"},{\"@type\":\"ListItem\",\"position\":2,\"name\":\"M\u00e8re Chiara Cazzuola nomm\u00e9e au Vatican\"}]},{\"@type\":\"WebSite\",\"@id\":\"https:\\\/\\\/www.cgfmanet.org\\\/es\\\/#website\",\"url\":\"https:\\\/\\\/www.cgfmanet.org\\\/es\\\/\",\"name\":\"Istituto Figlie di Maria Ausiliatrice\",\"description\":\"Salesiane di Don Bosco\",\"publisher\":{\"@id\":\"https:\\\/\\\/www.cgfmanet.org\\\/es\\\/#organization\"},\"potentialAction\":[{\"@type\":\"SearchAction\",\"target\":{\"@type\":\"EntryPoint\",\"urlTemplate\":\"https:\\\/\\\/www.cgfmanet.org\\\/es\\\/?s={search_term_string}\"},\"query-input\":{\"@type\":\"PropertyValueSpecification\",\"valueRequired\":true,\"valueName\":\"search_term_string\"}}],\"inLanguage\":\"fr-FR\"},{\"@type\":\"Organization\",\"@id\":\"https:\\\/\\\/www.cgfmanet.org\\\/es\\\/#organization\",\"name\":\"Istituto Figlie di Maria Ausiliatrice\",\"url\":\"https:\\\/\\\/www.cgfmanet.org\\\/es\\\/\",\"logo\":{\"@type\":\"ImageObject\",\"inLanguage\":\"fr-FR\",\"@id\":\"https:\\\/\\\/www.cgfmanet.org\\\/es\\\/#\\\/schema\\\/logo\\\/image\\\/\",\"url\":\"https:\\\/\\\/www.cgfmanet.org\\\/wp-content\\\/uploads\\\/2018\\\/10\\\/logo-fma.png\",\"contentUrl\":\"https:\\\/\\\/www.cgfmanet.org\\\/wp-content\\\/uploads\\\/2018\\\/10\\\/logo-fma.png\",\"width\":214,\"height\":55,\"caption\":\"Istituto Figlie di Maria Ausiliatrice\"},\"image\":{\"@id\":\"https:\\\/\\\/www.cgfmanet.org\\\/es\\\/#\\\/schema\\\/logo\\\/image\\\/\"},\"sameAs\":[\"https:\\\/\\\/www.facebook.com\\\/salesian.sisters.of.don.bosco\\\/\",\"https:\\\/\\\/x.com\\\/Cgfmanet_Org\",\"https:\\\/\\\/www.youtube.com\\\/channel\\\/UCmcr8yFQBV7JXeXVxyV9y5Q\"]},{\"@type\":\"Person\",\"@id\":\"https:\\\/\\\/www.cgfmanet.org\\\/es\\\/#\\\/schema\\\/person\\\/ce6473083f53ef0ef882cca23f0c8fb9\",\"name\":\"Redazione\"}]}<\/script>\n<!-- \/ Yoast SEO plugin. -->","yoast_head_json":{"title":"M\u00e8re Chiara Cazzuola nomm\u00e9e au Vatican &#8226; Istituto Figlie di Maria Ausiliatrice","description":"Le 24 juin 2025, le Saint-P\u00e8re a nomm\u00e9 M\u00e8re Chiara Cazzuola, Sup\u00e9rieure G\u00e9n\u00e9rale de l\u2019Institut des Filles de Marie Auxiliatrice, Membre du Dicast\u00e8re pour les Instituts de Vie Consacr\u00e9e et les Soci\u00e9t\u00e9s de Vie Apostolique.","robots":{"index":"index","follow":"follow","max-snippet":"max-snippet:-1","max-image-preview":"max-image-preview:large","max-video-preview":"max-video-preview:-1"},"canonical":"https:\/\/www.cgfmanet.org\/fr\/info-sphere\/mere-chiara-cazzuola-nommee-au-vatican\/","og_locale":"fr_FR","og_type":"article","og_title":"M\u00e8re Chiara Cazzuola nomm\u00e9e au Vatican &#8226; Istituto Figlie di Maria Ausiliatrice","og_description":"Le 24 juin 2025, le Saint-P\u00e8re a nomm\u00e9 M\u00e8re Chiara Cazzuola, Sup\u00e9rieure G\u00e9n\u00e9rale de l\u2019Institut des Filles de Marie Auxiliatrice, Membre du Dicast\u00e8re pour les Instituts de Vie Consacr\u00e9e et les Soci\u00e9t\u00e9s de Vie Apostolique.","og_url":"https:\/\/www.cgfmanet.org\/fr\/info-sphere\/mere-chiara-cazzuola-nommee-au-vatican\/","og_site_name":"Istituto Figlie di Maria Ausiliatrice","article_publisher":"https:\/\/www.facebook.com\/salesian.sisters.of.don.bosco\/","article_published_time":"2025-06-24T11:41:04+00:00","article_modified_time":"2025-06-25T08:29:15+00:00","og_image":[{"width":1308,"height":872,"url":"https:\/\/www.cgfmanet.org\/wp-content\/uploads\/2025\/06\/Nomina-Madre-Chiara-Cazzuola.jpg","type":"image\/jpeg"}],"author":"Redazione","twitter_card":"summary_large_image","twitter_creator":"@Cgfmanet_Org","twitter_site":"@Cgfmanet_Org","twitter_misc":{"\u00c9crit par":"Redazione","Dur\u00e9e de lecture estim\u00e9e":"5 minutes"},"schema":{"@context":"https:\/\/schema.org","@graph":[{"@type":"Article","@id":"https:\/\/www.cgfmanet.org\/fr\/info-sphere\/mere-chiara-cazzuola-nommee-au-vatican\/#article","isPartOf":{"@id":"https:\/\/www.cgfmanet.org\/fr\/info-sphere\/mere-chiara-cazzuola-nommee-au-vatican\/"},"author":{"name":"Redazione","@id":"https:\/\/www.cgfmanet.org\/es\/#\/schema\/person\/ce6473083f53ef0ef882cca23f0c8fb9"},"headline":"M\u00e8re Chiara Cazzuola nomm\u00e9e au Vatican","datePublished":"2025-06-24T11:41:04+00:00","dateModified":"2025-06-25T08:29:15+00:00","mainEntityOfPage":{"@id":"https:\/\/www.cgfmanet.org\/fr\/info-sphere\/mere-chiara-cazzuola-nommee-au-vatican\/"},"wordCount":946,"commentCount":30,"publisher":{"@id":"https:\/\/www.cgfmanet.org\/es\/#organization"},"image":{"@id":"https:\/\/www.cgfmanet.org\/fr\/info-sphere\/mere-chiara-cazzuola-nommee-au-vatican\/#primaryimage"},"thumbnailUrl":"https:\/\/www.cgfmanet.org\/wp-content\/uploads\/2025\/06\/Nomina-Madre-Chiara-Cazzuola.jpg","keywords":["M\u00e8re G\u00e9n\u00e9rale","Focus","Madre Chiara Cazzuola","Pape L\u00e9on XIV"],"articleSection":["Infosph\u00e8re","Eglise"],"inLanguage":"fr-FR","potentialAction":[{"@type":"CommentAction","name":"Comment","target":["https:\/\/www.cgfmanet.org\/fr\/info-sphere\/mere-chiara-cazzuola-nommee-au-vatican\/#respond"]}]},{"@type":"WebPage","@id":"https:\/\/www.cgfmanet.org\/fr\/info-sphere\/mere-chiara-cazzuola-nommee-au-vatican\/","url":"https:\/\/www.cgfmanet.org\/fr\/info-sphere\/mere-chiara-cazzuola-nommee-au-vatican\/","name":"M\u00e8re Chiara Cazzuola nomm\u00e9e au Vatican &#8226; Istituto Figlie di Maria Ausiliatrice","isPartOf":{"@id":"https:\/\/www.cgfmanet.org\/es\/#website"},"primaryImageOfPage":{"@id":"https:\/\/www.cgfmanet.org\/fr\/info-sphere\/mere-chiara-cazzuola-nommee-au-vatican\/#primaryimage"},"image":{"@id":"https:\/\/www.cgfmanet.org\/fr\/info-sphere\/mere-chiara-cazzuola-nommee-au-vatican\/#primaryimage"},"thumbnailUrl":"https:\/\/www.cgfmanet.org\/wp-content\/uploads\/2025\/06\/Nomina-Madre-Chiara-Cazzuola.jpg","datePublished":"2025-06-24T11:41:04+00:00","dateModified":"2025-06-25T08:29:15+00:00","description":"Le 24 juin 2025, le Saint-P\u00e8re a nomm\u00e9 M\u00e8re Chiara Cazzuola, Sup\u00e9rieure G\u00e9n\u00e9rale de l\u2019Institut des Filles de Marie Auxiliatrice, Membre du Dicast\u00e8re pour les Instituts de Vie Consacr\u00e9e et les Soci\u00e9t\u00e9s de Vie Apostolique.","breadcrumb":{"@id":"https:\/\/www.cgfmanet.org\/fr\/info-sphere\/mere-chiara-cazzuola-nommee-au-vatican\/#breadcrumb"},"inLanguage":"fr-FR","potentialAction":[{"@type":"ReadAction","target":["https:\/\/www.cgfmanet.org\/fr\/info-sphere\/mere-chiara-cazzuola-nommee-au-vatican\/"]}]},{"@type":"ImageObject","inLanguage":"fr-FR","@id":"https:\/\/www.cgfmanet.org\/fr\/info-sphere\/mere-chiara-cazzuola-nommee-au-vatican\/#primaryimage","url":"https:\/\/www.cgfmanet.org\/wp-content\/uploads\/2025\/06\/Nomina-Madre-Chiara-Cazzuola.jpg","contentUrl":"https:\/\/www.cgfmanet.org\/wp-content\/uploads\/2025\/06\/Nomina-Madre-Chiara-Cazzuola.jpg","width":1308,"height":872},{"@type":"BreadcrumbList","@id":"https:\/\/www.cgfmanet.org\/fr\/info-sphere\/mere-chiara-cazzuola-nommee-au-vatican\/#breadcrumb","itemListElement":[{"@type":"ListItem","position":1,"name":"Home","item":"https:\/\/www.cgfmanet.org\/fr\/"},{"@type":"ListItem","position":2,"name":"M\u00e8re Chiara Cazzuola nomm\u00e9e au Vatican"}]},{"@type":"WebSite","@id":"https:\/\/www.cgfmanet.org\/es\/#website","url":"https:\/\/www.cgfmanet.org\/es\/","name":"Istituto Figlie di Maria Ausiliatrice","description":"Salesiane di Don Bosco","publisher":{"@id":"https:\/\/www.cgfmanet.org\/es\/#organization"},"potentialAction":[{"@type":"SearchAction","target":{"@type":"EntryPoint","urlTemplate":"https:\/\/www.cgfmanet.org\/es\/?s={search_term_string}"},"query-input":{"@type":"PropertyValueSpecification","valueRequired":true,"valueName":"search_term_string"}}],"inLanguage":"fr-FR"},{"@type":"Organization","@id":"https:\/\/www.cgfmanet.org\/es\/#organization","name":"Istituto Figlie di Maria Ausiliatrice","url":"https:\/\/www.cgfmanet.org\/es\/","logo":{"@type":"ImageObject","inLanguage":"fr-FR","@id":"https:\/\/www.cgfmanet.org\/es\/#\/schema\/logo\/image\/","url":"https:\/\/www.cgfmanet.org\/wp-content\/uploads\/2018\/10\/logo-fma.png","contentUrl":"https:\/\/www.cgfmanet.org\/wp-content\/uploads\/2018\/10\/logo-fma.png","width":214,"height":55,"caption":"Istituto Figlie di Maria Ausiliatrice"},"image":{"@id":"https:\/\/www.cgfmanet.org\/es\/#\/schema\/logo\/image\/"},"sameAs":["https:\/\/www.facebook.com\/salesian.sisters.of.don.bosco\/","https:\/\/x.com\/Cgfmanet_Org","https:\/\/www.youtube.com\/channel\/UCmcr8yFQBV7JXeXVxyV9y5Q"]},{"@type":"Person","@id":"https:\/\/www.cgfmanet.org\/es\/#\/schema\/person\/ce6473083f53ef0ef882cca23f0c8fb9","name":"Redazione"}]}},"_links":{"self":[{"href":"https:\/\/www.cgfmanet.org\/fr\/wp-json\/wp\/v2\/posts\/137404","targetHints":{"allow":["GET"]}}],"collection":[{"href":"https:\/\/www.cgfmanet.org\/fr\/wp-json\/wp\/v2\/posts"}],"about":[{"href":"https:\/\/www.cgfmanet.org\/fr\/wp-json\/wp\/v2\/types\/post"}],"author":[{"embeddable":true,"href":"https:\/\/www.cgfmanet.org\/fr\/wp-json\/wp\/v2\/users\/21"}],"replies":[{"embeddable":true,"href":"https:\/\/www.cgfmanet.org\/fr\/wp-json\/wp\/v2\/comments?post=137404"}],"version-history":[{"count":3,"href":"https:\/\/www.cgfmanet.org\/fr\/wp-json\/wp\/v2\/posts\/137404\/revisions"}],"predecessor-version":[{"id":137451,"href":"https:\/\/www.cgfmanet.org\/fr\/wp-json\/wp\/v2\/posts\/137404\/revisions\/137451"}],"wp:featuredmedia":[{"embeddable":true,"href":"https:\/\/www.cgfmanet.org\/fr\/wp-json\/wp\/v2\/media\/137399"}],"wp:attachment":[{"href":"https:\/\/www.cgfmanet.org\/fr\/wp-json\/wp\/v2\/media?parent=137404"}],"wp:term":[{"taxonomy":"category","embeddable":true,"href":"https:\/\/www.cgfmanet.org\/fr\/wp-json\/wp\/v2\/categories?post=137404"},{"taxonomy":"post_tag","embeddable":true,"href":"https:\/\/www.cgfmanet.org\/fr\/wp-json\/wp\/v2\/tags?post=137404"}],"curies":[{"name":"wp","href":"https:\/\/api.w.org\/{rel}","templated":true}]}}