{"id":134137,"date":"2025-05-08T22:28:35","date_gmt":"2025-05-08T20:28:35","guid":{"rendered":"https:\/\/www.cgfmanet.org\/info-sphere\/leone-xiv-e-il-nuovo-papa\/"},"modified":"2025-05-11T22:03:32","modified_gmt":"2025-05-11T20:03:32","slug":"leon-xiv-est-le-nouveau-pape","status":"publish","type":"post","link":"https:\/\/www.cgfmanet.org\/fr\/info-sphere\/eglise\/leon-xiv-est-le-nouveau-pape\/","title":{"rendered":"L\u00e9on XIV est le nouveau Pape !"},"content":{"rendered":"<p><strong>Rome (Italie).<\/strong>Le 8 mai 2025, \u00e0 19h23, la nouvelle que tout le monde attendait est arriv\u00e9e\u00a0: le 267<sup>\u00e8me<\/sup> Ev\u00eaque de Rome est<strong> le Cardinal <span style=\"color: #0000ff;\"><a style=\"color: #0000ff;\" href=\"https:\/\/press.vatican.va\/content\/salastampa\/it\/documentation\/cardinali_biografie\/cardinali_bio_prevost_rf.html\" target=\"_blank\" rel=\"noopener\">Robert Francis Prevost<\/a><\/span>, <\/strong><strong>Pape L\u00e9on XIV,<\/strong> \u00e9lu par le Conclave au 4<sup>\u00e8me<\/sup> tour de scrutin.<\/p>\n<p><a href=\"https:\/\/www.cgfmanet.org\/wp-content\/uploads\/2025\/05\/Papa-Leone-XXIV_2.jpg\"><img decoding=\"async\" class=\"alignleft wp-image-134120 lazyload\" data-src=\"https:\/\/www.cgfmanet.org\/wp-content\/uploads\/2025\/05\/Papa-Leone-XXIV_2.jpg\" alt=\"\" width=\"350\" height=\"461\" data-srcset=\"https:\/\/www.cgfmanet.org\/wp-content\/uploads\/2025\/05\/Papa-Leone-XXIV_2.jpg 720w, https:\/\/www.cgfmanet.org\/wp-content\/uploads\/2025\/05\/Papa-Leone-XXIV_2-319x420.jpg 319w, https:\/\/www.cgfmanet.org\/wp-content\/uploads\/2025\/05\/Papa-Leone-XXIV_2-696x916.jpg 696w\" data-sizes=\"auto\" src=\"data:image\/svg+xml;base64,PHN2ZyB3aWR0aD0iMSIgaGVpZ2h0PSIxIiB4bWxucz0iaHR0cDovL3d3dy53My5vcmcvMjAwMC9zdmciPjwvc3ZnPg==\" style=\"--smush-placeholder-width: 350px; --smush-placeholder-aspect-ratio: 350\/461;\" data-original-sizes=\"(max-width: 350px) 100vw, 350px\" \/><\/a><\/p>\n<p>Apr\u00e8s l\u2019annonce du Cardinal Protodiacre Dominique Mamberti \u2013 <em>\u2018\u2019Nuntio vobis gaudium magum, Habemus Papam\u2019\u2019<\/em> \u2013 le nouveau Pontife s\u2019est pr\u00e9sent\u00e9 \u00e0 la Loggia ext\u00e9rieure de la B\u00e9n\u00e9diction de la Basilique vaticane afin de saluer la foule en f\u00eate et donner la B\u00e9n\u00e9diction Apostolique \u2018\u2019Urbi et Orbi\u2019\u2019.<\/p>\n<p><strong><em>\u2018\u2019La paix soit avec vous tous\u00a0!\u2019\u2019,<\/em><\/strong><em> ont \u00e9t\u00e9 ses premiers mots. \u2018\u2019Chers fr\u00e8res et s\u0153urs, ceci est le premier salut du Christ Ressuscit\u00e9, le bon pasteur qui a donn\u00e9 sa vie pour le troupeau de Dieu. Moi aussi, j\u2019aimerais que ce salut de paix entre dans vos c\u0153urs, qu\u2019il atteigne vos famille, tous les hommes, o\u00f9 qu\u2019ils soient, tous les peuples, toute la terre. Que la paix soit avec vous\u00a0!<\/em><\/p>\n<p><em>C\u2019est la paix du Christ Ressuscit\u00e9, une paix d\u00e9sarm\u00e9e et une paix d\u00e9sarmante, humble et pers\u00e9v\u00e9rante. Elle vient de Dieu, Dieu qui nous aime tous inconditionnellement. Nous gardons encore \u00e0 l\u2019oreille cette voix faible mais toujours courageuse du Pape Fran\u00e7ois qui b\u00e9nissait Rome\u00a0!<\/em><\/p>\n<p><strong>Le remerciement au Pape Fran\u00e7ois<\/strong><\/p>\n<p><em>Le Pape qui a b\u00e9ni Rome a donn\u00e9 sa b\u00e9n\u00e9diction au monde, au monde entier, ce matin du jour de P\u00e2ques. Permettez-moi de donner suite \u00e0 cette m\u00eame b\u00e9n\u00e9diction\u00a0: Dieu nous aime, Dieu vous aime tous, et le mal ne pr\u00e9vaudra pas\u00a0! Nous sommes tous entre les mains de Dieu. C\u2019est pourquoi, sans crainte, unis main dans la main avec Dieu et entre nous, nous allons de l\u2019avant. Nous sommes disciples du Christ. Le Christ nous pr\u00e9c\u00e8de. Le monde a besoin de sa lumi\u00e8re. L\u2019humanit\u00e9 a besoin de Lui comme pont sur lequel Dieu et son amour peuvent nous atteindre. Aidez-nous vous aussi, puis aidez-vous les uns les autres \u00e0 construire des ponts, par le dialogue, par la rencontre, en nous unissant tous afin d\u2019\u00eatre un seul peuple toujours en paix. Merci au Pape Fran\u00e7ois\u00a0!<\/em><\/p>\n<p><strong>Marcher en tant qu\u2019Eglise unie<\/strong><\/p>\n<p><em>J\u2019aimerais \u00e9galement remercier tous mes confr\u00e8res cardinaux qui m\u2019ont choisi pour \u00eatre le Successeur de Pierre et pour cheminer avec vous, en tant qu\u2019Eglise unie, toujours \u00e0 la recherche de la paix et de la justice, cherchant toujours \u00e0 travailler en hommes et femmes fid\u00e8les \u00e0 J\u00e9sus Christ, sans peur, afin d\u2019annoncer l\u2019Evangile, pour \u00eatre des missionnaires.<\/em><\/p>\n<p><strong>Un Pape augustinien<\/strong><\/p>\n<p><em>Je suis un fils de Saint Augustin, augustinien, qui a dit\u00a0: \u2018\u2019avec vous je suis chr\u00e9tien et pour vous \u00e9v\u00eaque\u2019\u2019. En ce sens, nous pouvons tous marcher ensemble vers cette patrie que Dieu a pr\u00e9par\u00e9e pour nous.<\/em><\/p>\n<p><strong>\u00catre une Eglise missionnaire<\/strong><\/p>\n<p><em>Un salut particulier \u00e0 l\u2019Eglise de Rome\u00a0! Nous devons chercher ensemble comment \u00eatre une Eglise missionnaire, une Eglise qui construit des ponts, un dialogue, toujours ouverte pour recevoir, comme cette place, \u00e0 bras ouverts, tous ceux qui ont besoin de notre charit\u00e9, de notre pr\u00e9sence, du dialogue et d\u2019amour.<\/em><\/p>\n<p><em>Y si me permiten tambi\u00e9n, una palabra, un saludo a todos aquellos y en modo particular a mi querida di\u00f3cesis de Chiclayo, en el Per\u00fa, donde un pueblo fiel ha acompa\u00f1ado a su obispo, ha compartido su fe y ha dado tanto, tanto para seguir siendo Iglesia fiel de Jesucristo.<\/em><\/p>\n<p><em>Et si vous me le permettez aussi, un mot, un salut \u00e0 tous et en particulier \u00e0 mon bien-aim\u00e9 dioc\u00e8se de Chiclayo, au P\u00e9rou, o\u00f9 un peuple fid\u00e8le a accompagn\u00e9 son \u00e9v\u00eaque, a partag\u00e9 sa foi et a beaucoup donn\u00e9, beaucoup afin de continuer \u00e0 \u00eatre une Eglise fid\u00e8le \u00e0 J\u00e9sus Christ.<\/em><\/p>\n<p><strong>Une Eglise synodale<\/strong><\/p>\n<p><em>A vous tous, fr\u00e8res et s\u0153urs de Rome, d\u2019Italie, du monde entier, nous voulons \u00eatre <\/em><strong><em>une Eglise synodale, une Eglise qui chemine, une Eglise qui cherche toujours la paix, qui cherche toujours la charit\u00e9, qui cherche toujours \u00e0 \u00eatre proche, en particulier, de ceux qui souffrent.<\/em><\/strong><\/p>\n<p><strong>La pri\u00e8re \u00e0 Marie<\/strong><\/p>\n<p><em>Aujourd\u2019hui, c\u2019est le jour de la Supplique \u00e0 Notre-Dame de Pomp\u00e9i. Notre M\u00e8re Marie veut toujours cheminer avec nous, \u00eatre proche, nous aider par son intercession et son amour.<\/em><\/p>\n<p><em>C\u2019est pourquoi, je voudrais prier avec vous. Prions ensemble pour cette nouvelle mission, pour toute l\u2019Eglise, pour la paix dans le monde et demandons cette gr\u00e2ce sp\u00e9ciale \u00e0 Marie, notre M\u00e8re. <\/em><strong><em>Je vous salue Marie\u2026<\/em><\/strong><\/p>\n<p><a href=\"https:\/\/www.cgfmanet.org\/wp-content\/uploads\/2025\/05\/Papa-Leone-XXIV.jpg\"><img decoding=\"async\" class=\"aligncenter wp-image-134125 size-full lazyload\" data-src=\"https:\/\/www.cgfmanet.org\/wp-content\/uploads\/2025\/05\/Papa-Leone-XXIV.jpg\" alt=\"\" width=\"1600\" height=\"1200\" data-srcset=\"https:\/\/www.cgfmanet.org\/wp-content\/uploads\/2025\/05\/Papa-Leone-XXIV.jpg 1600w, https:\/\/www.cgfmanet.org\/wp-content\/uploads\/2025\/05\/Papa-Leone-XXIV-768x576.jpg 768w, https:\/\/www.cgfmanet.org\/wp-content\/uploads\/2025\/05\/Papa-Leone-XXIV-1536x1152.jpg 1536w, https:\/\/www.cgfmanet.org\/wp-content\/uploads\/2025\/05\/Papa-Leone-XXIV-560x420.jpg 560w, https:\/\/www.cgfmanet.org\/wp-content\/uploads\/2025\/05\/Papa-Leone-XXIV-80x60.jpg 80w, https:\/\/www.cgfmanet.org\/wp-content\/uploads\/2025\/05\/Papa-Leone-XXIV-696x522.jpg 696w, https:\/\/www.cgfmanet.org\/wp-content\/uploads\/2025\/05\/Papa-Leone-XXIV-265x198.jpg 265w\" data-sizes=\"auto\" src=\"data:image\/svg+xml;base64,PHN2ZyB3aWR0aD0iMSIgaGVpZ2h0PSIxIiB4bWxucz0iaHR0cDovL3d3dy53My5vcmcvMjAwMC9zdmciPjwvc3ZnPg==\" style=\"--smush-placeholder-width: 1600px; --smush-placeholder-aspect-ratio: 1600\/1200;\" data-original-sizes=\"(max-width: 1600px) 100vw, 1600px\" \/><\/a><\/p>\n","protected":false},"excerpt":{"rendered":"<p>Rome (Italie).Le 8 mai 2025, \u00e0 19h23, la nouvelle que tout le monde attendait est arriv\u00e9e\u00a0: le 267\u00e8me Ev\u00eaque de Rome est le Cardinal Robert Francis Prevost, Pape L\u00e9on XIV, [&hellip;]<\/p>\n","protected":false},"author":21,"featured_media":134132,"comment_status":"open","ping_status":"closed","sticky":false,"template":"","format":"standard","meta":{"footnotes":""},"categories":[36,188],"tags":[1929,2489],"class_list":["post-134137","post","type-post","status-publish","format-standard","has-post-thumbnail","category-info-sphere","category-eglise","tag-focus-fr","tag-pape-leon-xiv"],"yoast_head":"<!-- This site is optimized with the Yoast SEO plugin v27.4 - https:\/\/yoast.com\/product\/yoast-seo-wordpress\/ -->\n<title>L\u00e9on XIV est le nouveau Pape ! &#8226; Istituto Figlie di Maria Ausiliatrice<\/title>\n<meta name=\"description\" content=\"Le 8 mai 2025, au 4\u00e8me tour de scrutin, le Conclave a \u00e9lu le Cardinal Robert Francis Prevost, Pape L\u00e9on XIV en tant que 267\u00e8me Ev\u00eaque de Rome.\" \/>\n<meta name=\"robots\" content=\"index, follow, max-snippet:-1, max-image-preview:large, max-video-preview:-1\" \/>\n<link rel=\"canonical\" href=\"https:\/\/www.cgfmanet.org\/fr\/info-sphere\/eglise\/leon-xiv-est-le-nouveau-pape\/\" \/>\n<meta property=\"og:locale\" content=\"fr_FR\" \/>\n<meta property=\"og:type\" content=\"article\" \/>\n<meta property=\"og:title\" content=\"L\u00e9on XIV est le nouveau Pape ! &#8226; Istituto Figlie di Maria Ausiliatrice\" \/>\n<meta property=\"og:description\" content=\"Le 8 mai 2025, au 4\u00e8me tour de scrutin, le Conclave a \u00e9lu le Cardinal Robert Francis Prevost, Pape L\u00e9on XIV en tant que 267\u00e8me Ev\u00eaque de Rome.\" \/>\n<meta property=\"og:url\" content=\"https:\/\/www.cgfmanet.org\/fr\/info-sphere\/eglise\/leon-xiv-est-le-nouveau-pape\/\" \/>\n<meta property=\"og:site_name\" content=\"Istituto Figlie di Maria Ausiliatrice\" \/>\n<meta property=\"article:publisher\" content=\"https:\/\/www.facebook.com\/salesian.sisters.of.don.bosco\/\" \/>\n<meta property=\"article:published_time\" content=\"2025-05-08T20:28:35+00:00\" \/>\n<meta property=\"article:modified_time\" content=\"2025-05-11T20:03:32+00:00\" \/>\n<meta property=\"og:image\" content=\"https:\/\/www.cgfmanet.org\/wp-content\/uploads\/2025\/05\/Papa-Leone-XXIV_1.jpg\" \/>\n\t<meta property=\"og:image:width\" content=\"1600\" \/>\n\t<meta property=\"og:image:height\" content=\"1067\" \/>\n\t<meta property=\"og:image:type\" content=\"image\/jpeg\" \/>\n<meta name=\"author\" content=\"Redazione\" \/>\n<meta name=\"twitter:card\" content=\"summary_large_image\" \/>\n<meta name=\"twitter:creator\" content=\"@Cgfmanet_Org\" \/>\n<meta name=\"twitter:site\" content=\"@Cgfmanet_Org\" \/>\n<meta name=\"twitter:label1\" content=\"\u00c9crit par\" \/>\n\t<meta name=\"twitter:data1\" content=\"Redazione\" \/>\n\t<meta name=\"twitter:label2\" content=\"Dur\u00e9e de lecture estim\u00e9e\" \/>\n\t<meta name=\"twitter:data2\" content=\"5 minutes\" \/>\n<script type=\"application\/ld+json\" class=\"yoast-schema-graph\">{\"@context\":\"https:\\\/\\\/schema.org\",\"@graph\":[{\"@type\":\"Article\",\"@id\":\"https:\\\/\\\/www.cgfmanet.org\\\/fr\\\/info-sphere\\\/eglise\\\/leon-xiv-est-le-nouveau-pape\\\/#article\",\"isPartOf\":{\"@id\":\"https:\\\/\\\/www.cgfmanet.org\\\/fr\\\/info-sphere\\\/eglise\\\/leon-xiv-est-le-nouveau-pape\\\/\"},\"author\":{\"name\":\"Redazione\",\"@id\":\"https:\\\/\\\/www.cgfmanet.org\\\/es\\\/#\\\/schema\\\/person\\\/ce6473083f53ef0ef882cca23f0c8fb9\"},\"headline\":\"L\u00e9on XIV est le nouveau Pape !\",\"datePublished\":\"2025-05-08T20:28:35+00:00\",\"dateModified\":\"2025-05-11T20:03:32+00:00\",\"mainEntityOfPage\":{\"@id\":\"https:\\\/\\\/www.cgfmanet.org\\\/fr\\\/info-sphere\\\/eglise\\\/leon-xiv-est-le-nouveau-pape\\\/\"},\"wordCount\":781,\"commentCount\":0,\"publisher\":{\"@id\":\"https:\\\/\\\/www.cgfmanet.org\\\/es\\\/#organization\"},\"image\":{\"@id\":\"https:\\\/\\\/www.cgfmanet.org\\\/fr\\\/info-sphere\\\/eglise\\\/leon-xiv-est-le-nouveau-pape\\\/#primaryimage\"},\"thumbnailUrl\":\"https:\\\/\\\/www.cgfmanet.org\\\/wp-content\\\/uploads\\\/2025\\\/05\\\/Papa-Leone-XXIV_1.jpg\",\"keywords\":[\"Focus\",\"Pape L\u00e9on XIV\"],\"articleSection\":[\"Infosph\u00e8re\",\"Eglise\"],\"inLanguage\":\"fr-FR\",\"potentialAction\":[{\"@type\":\"CommentAction\",\"name\":\"Comment\",\"target\":[\"https:\\\/\\\/www.cgfmanet.org\\\/fr\\\/info-sphere\\\/eglise\\\/leon-xiv-est-le-nouveau-pape\\\/#respond\"]}]},{\"@type\":\"WebPage\",\"@id\":\"https:\\\/\\\/www.cgfmanet.org\\\/fr\\\/info-sphere\\\/eglise\\\/leon-xiv-est-le-nouveau-pape\\\/\",\"url\":\"https:\\\/\\\/www.cgfmanet.org\\\/fr\\\/info-sphere\\\/eglise\\\/leon-xiv-est-le-nouveau-pape\\\/\",\"name\":\"L\u00e9on XIV est le nouveau Pape ! &#8226; Istituto Figlie di Maria Ausiliatrice\",\"isPartOf\":{\"@id\":\"https:\\\/\\\/www.cgfmanet.org\\\/es\\\/#website\"},\"primaryImageOfPage\":{\"@id\":\"https:\\\/\\\/www.cgfmanet.org\\\/fr\\\/info-sphere\\\/eglise\\\/leon-xiv-est-le-nouveau-pape\\\/#primaryimage\"},\"image\":{\"@id\":\"https:\\\/\\\/www.cgfmanet.org\\\/fr\\\/info-sphere\\\/eglise\\\/leon-xiv-est-le-nouveau-pape\\\/#primaryimage\"},\"thumbnailUrl\":\"https:\\\/\\\/www.cgfmanet.org\\\/wp-content\\\/uploads\\\/2025\\\/05\\\/Papa-Leone-XXIV_1.jpg\",\"datePublished\":\"2025-05-08T20:28:35+00:00\",\"dateModified\":\"2025-05-11T20:03:32+00:00\",\"description\":\"Le 8 mai 2025, au 4\u00e8me tour de scrutin, le Conclave a \u00e9lu le Cardinal Robert Francis Prevost, Pape L\u00e9on XIV en tant que 267\u00e8me Ev\u00eaque de Rome.\",\"breadcrumb\":{\"@id\":\"https:\\\/\\\/www.cgfmanet.org\\\/fr\\\/info-sphere\\\/eglise\\\/leon-xiv-est-le-nouveau-pape\\\/#breadcrumb\"},\"inLanguage\":\"fr-FR\",\"potentialAction\":[{\"@type\":\"ReadAction\",\"target\":[\"https:\\\/\\\/www.cgfmanet.org\\\/fr\\\/info-sphere\\\/eglise\\\/leon-xiv-est-le-nouveau-pape\\\/\"]}]},{\"@type\":\"ImageObject\",\"inLanguage\":\"fr-FR\",\"@id\":\"https:\\\/\\\/www.cgfmanet.org\\\/fr\\\/info-sphere\\\/eglise\\\/leon-xiv-est-le-nouveau-pape\\\/#primaryimage\",\"url\":\"https:\\\/\\\/www.cgfmanet.org\\\/wp-content\\\/uploads\\\/2025\\\/05\\\/Papa-Leone-XXIV_1.jpg\",\"contentUrl\":\"https:\\\/\\\/www.cgfmanet.org\\\/wp-content\\\/uploads\\\/2025\\\/05\\\/Papa-Leone-XXIV_1.jpg\",\"width\":1600,\"height\":1067},{\"@type\":\"BreadcrumbList\",\"@id\":\"https:\\\/\\\/www.cgfmanet.org\\\/fr\\\/info-sphere\\\/eglise\\\/leon-xiv-est-le-nouveau-pape\\\/#breadcrumb\",\"itemListElement\":[{\"@type\":\"ListItem\",\"position\":1,\"name\":\"Home\",\"item\":\"https:\\\/\\\/www.cgfmanet.org\\\/fr\\\/\"},{\"@type\":\"ListItem\",\"position\":2,\"name\":\"L\u00e9on XIV est le nouveau Pape !\"}]},{\"@type\":\"WebSite\",\"@id\":\"https:\\\/\\\/www.cgfmanet.org\\\/es\\\/#website\",\"url\":\"https:\\\/\\\/www.cgfmanet.org\\\/es\\\/\",\"name\":\"Istituto Figlie di Maria Ausiliatrice\",\"description\":\"Salesiane di Don Bosco\",\"publisher\":{\"@id\":\"https:\\\/\\\/www.cgfmanet.org\\\/es\\\/#organization\"},\"potentialAction\":[{\"@type\":\"SearchAction\",\"target\":{\"@type\":\"EntryPoint\",\"urlTemplate\":\"https:\\\/\\\/www.cgfmanet.org\\\/es\\\/?s={search_term_string}\"},\"query-input\":{\"@type\":\"PropertyValueSpecification\",\"valueRequired\":true,\"valueName\":\"search_term_string\"}}],\"inLanguage\":\"fr-FR\"},{\"@type\":\"Organization\",\"@id\":\"https:\\\/\\\/www.cgfmanet.org\\\/es\\\/#organization\",\"name\":\"Istituto Figlie di Maria Ausiliatrice\",\"url\":\"https:\\\/\\\/www.cgfmanet.org\\\/es\\\/\",\"logo\":{\"@type\":\"ImageObject\",\"inLanguage\":\"fr-FR\",\"@id\":\"https:\\\/\\\/www.cgfmanet.org\\\/es\\\/#\\\/schema\\\/logo\\\/image\\\/\",\"url\":\"https:\\\/\\\/www.cgfmanet.org\\\/wp-content\\\/uploads\\\/2018\\\/10\\\/logo-fma.png\",\"contentUrl\":\"https:\\\/\\\/www.cgfmanet.org\\\/wp-content\\\/uploads\\\/2018\\\/10\\\/logo-fma.png\",\"width\":214,\"height\":55,\"caption\":\"Istituto Figlie di Maria Ausiliatrice\"},\"image\":{\"@id\":\"https:\\\/\\\/www.cgfmanet.org\\\/es\\\/#\\\/schema\\\/logo\\\/image\\\/\"},\"sameAs\":[\"https:\\\/\\\/www.facebook.com\\\/salesian.sisters.of.don.bosco\\\/\",\"https:\\\/\\\/x.com\\\/Cgfmanet_Org\",\"https:\\\/\\\/www.youtube.com\\\/channel\\\/UCmcr8yFQBV7JXeXVxyV9y5Q\"]},{\"@type\":\"Person\",\"@id\":\"https:\\\/\\\/www.cgfmanet.org\\\/es\\\/#\\\/schema\\\/person\\\/ce6473083f53ef0ef882cca23f0c8fb9\",\"name\":\"Redazione\"}]}<\/script>\n<!-- \/ Yoast SEO plugin. -->","yoast_head_json":{"title":"L\u00e9on XIV est le nouveau Pape ! &#8226; Istituto Figlie di Maria Ausiliatrice","description":"Le 8 mai 2025, au 4\u00e8me tour de scrutin, le Conclave a \u00e9lu le Cardinal Robert Francis Prevost, Pape L\u00e9on XIV en tant que 267\u00e8me Ev\u00eaque de Rome.","robots":{"index":"index","follow":"follow","max-snippet":"max-snippet:-1","max-image-preview":"max-image-preview:large","max-video-preview":"max-video-preview:-1"},"canonical":"https:\/\/www.cgfmanet.org\/fr\/info-sphere\/eglise\/leon-xiv-est-le-nouveau-pape\/","og_locale":"fr_FR","og_type":"article","og_title":"L\u00e9on XIV est le nouveau Pape ! &#8226; Istituto Figlie di Maria Ausiliatrice","og_description":"Le 8 mai 2025, au 4\u00e8me tour de scrutin, le Conclave a \u00e9lu le Cardinal Robert Francis Prevost, Pape L\u00e9on XIV en tant que 267\u00e8me Ev\u00eaque de Rome.","og_url":"https:\/\/www.cgfmanet.org\/fr\/info-sphere\/eglise\/leon-xiv-est-le-nouveau-pape\/","og_site_name":"Istituto Figlie di Maria Ausiliatrice","article_publisher":"https:\/\/www.facebook.com\/salesian.sisters.of.don.bosco\/","article_published_time":"2025-05-08T20:28:35+00:00","article_modified_time":"2025-05-11T20:03:32+00:00","og_image":[{"width":1600,"height":1067,"url":"https:\/\/www.cgfmanet.org\/wp-content\/uploads\/2025\/05\/Papa-Leone-XXIV_1.jpg","type":"image\/jpeg"}],"author":"Redazione","twitter_card":"summary_large_image","twitter_creator":"@Cgfmanet_Org","twitter_site":"@Cgfmanet_Org","twitter_misc":{"\u00c9crit par":"Redazione","Dur\u00e9e de lecture estim\u00e9e":"5 minutes"},"schema":{"@context":"https:\/\/schema.org","@graph":[{"@type":"Article","@id":"https:\/\/www.cgfmanet.org\/fr\/info-sphere\/eglise\/leon-xiv-est-le-nouveau-pape\/#article","isPartOf":{"@id":"https:\/\/www.cgfmanet.org\/fr\/info-sphere\/eglise\/leon-xiv-est-le-nouveau-pape\/"},"author":{"name":"Redazione","@id":"https:\/\/www.cgfmanet.org\/es\/#\/schema\/person\/ce6473083f53ef0ef882cca23f0c8fb9"},"headline":"L\u00e9on XIV est le nouveau Pape !","datePublished":"2025-05-08T20:28:35+00:00","dateModified":"2025-05-11T20:03:32+00:00","mainEntityOfPage":{"@id":"https:\/\/www.cgfmanet.org\/fr\/info-sphere\/eglise\/leon-xiv-est-le-nouveau-pape\/"},"wordCount":781,"commentCount":0,"publisher":{"@id":"https:\/\/www.cgfmanet.org\/es\/#organization"},"image":{"@id":"https:\/\/www.cgfmanet.org\/fr\/info-sphere\/eglise\/leon-xiv-est-le-nouveau-pape\/#primaryimage"},"thumbnailUrl":"https:\/\/www.cgfmanet.org\/wp-content\/uploads\/2025\/05\/Papa-Leone-XXIV_1.jpg","keywords":["Focus","Pape L\u00e9on XIV"],"articleSection":["Infosph\u00e8re","Eglise"],"inLanguage":"fr-FR","potentialAction":[{"@type":"CommentAction","name":"Comment","target":["https:\/\/www.cgfmanet.org\/fr\/info-sphere\/eglise\/leon-xiv-est-le-nouveau-pape\/#respond"]}]},{"@type":"WebPage","@id":"https:\/\/www.cgfmanet.org\/fr\/info-sphere\/eglise\/leon-xiv-est-le-nouveau-pape\/","url":"https:\/\/www.cgfmanet.org\/fr\/info-sphere\/eglise\/leon-xiv-est-le-nouveau-pape\/","name":"L\u00e9on XIV est le nouveau Pape ! &#8226; Istituto Figlie di Maria Ausiliatrice","isPartOf":{"@id":"https:\/\/www.cgfmanet.org\/es\/#website"},"primaryImageOfPage":{"@id":"https:\/\/www.cgfmanet.org\/fr\/info-sphere\/eglise\/leon-xiv-est-le-nouveau-pape\/#primaryimage"},"image":{"@id":"https:\/\/www.cgfmanet.org\/fr\/info-sphere\/eglise\/leon-xiv-est-le-nouveau-pape\/#primaryimage"},"thumbnailUrl":"https:\/\/www.cgfmanet.org\/wp-content\/uploads\/2025\/05\/Papa-Leone-XXIV_1.jpg","datePublished":"2025-05-08T20:28:35+00:00","dateModified":"2025-05-11T20:03:32+00:00","description":"Le 8 mai 2025, au 4\u00e8me tour de scrutin, le Conclave a \u00e9lu le Cardinal Robert Francis Prevost, Pape L\u00e9on XIV en tant que 267\u00e8me Ev\u00eaque de Rome.","breadcrumb":{"@id":"https:\/\/www.cgfmanet.org\/fr\/info-sphere\/eglise\/leon-xiv-est-le-nouveau-pape\/#breadcrumb"},"inLanguage":"fr-FR","potentialAction":[{"@type":"ReadAction","target":["https:\/\/www.cgfmanet.org\/fr\/info-sphere\/eglise\/leon-xiv-est-le-nouveau-pape\/"]}]},{"@type":"ImageObject","inLanguage":"fr-FR","@id":"https:\/\/www.cgfmanet.org\/fr\/info-sphere\/eglise\/leon-xiv-est-le-nouveau-pape\/#primaryimage","url":"https:\/\/www.cgfmanet.org\/wp-content\/uploads\/2025\/05\/Papa-Leone-XXIV_1.jpg","contentUrl":"https:\/\/www.cgfmanet.org\/wp-content\/uploads\/2025\/05\/Papa-Leone-XXIV_1.jpg","width":1600,"height":1067},{"@type":"BreadcrumbList","@id":"https:\/\/www.cgfmanet.org\/fr\/info-sphere\/eglise\/leon-xiv-est-le-nouveau-pape\/#breadcrumb","itemListElement":[{"@type":"ListItem","position":1,"name":"Home","item":"https:\/\/www.cgfmanet.org\/fr\/"},{"@type":"ListItem","position":2,"name":"L\u00e9on XIV est le nouveau Pape !"}]},{"@type":"WebSite","@id":"https:\/\/www.cgfmanet.org\/es\/#website","url":"https:\/\/www.cgfmanet.org\/es\/","name":"Istituto Figlie di Maria Ausiliatrice","description":"Salesiane di Don Bosco","publisher":{"@id":"https:\/\/www.cgfmanet.org\/es\/#organization"},"potentialAction":[{"@type":"SearchAction","target":{"@type":"EntryPoint","urlTemplate":"https:\/\/www.cgfmanet.org\/es\/?s={search_term_string}"},"query-input":{"@type":"PropertyValueSpecification","valueRequired":true,"valueName":"search_term_string"}}],"inLanguage":"fr-FR"},{"@type":"Organization","@id":"https:\/\/www.cgfmanet.org\/es\/#organization","name":"Istituto Figlie di Maria Ausiliatrice","url":"https:\/\/www.cgfmanet.org\/es\/","logo":{"@type":"ImageObject","inLanguage":"fr-FR","@id":"https:\/\/www.cgfmanet.org\/es\/#\/schema\/logo\/image\/","url":"https:\/\/www.cgfmanet.org\/wp-content\/uploads\/2018\/10\/logo-fma.png","contentUrl":"https:\/\/www.cgfmanet.org\/wp-content\/uploads\/2018\/10\/logo-fma.png","width":214,"height":55,"caption":"Istituto Figlie di Maria Ausiliatrice"},"image":{"@id":"https:\/\/www.cgfmanet.org\/es\/#\/schema\/logo\/image\/"},"sameAs":["https:\/\/www.facebook.com\/salesian.sisters.of.don.bosco\/","https:\/\/x.com\/Cgfmanet_Org","https:\/\/www.youtube.com\/channel\/UCmcr8yFQBV7JXeXVxyV9y5Q"]},{"@type":"Person","@id":"https:\/\/www.cgfmanet.org\/es\/#\/schema\/person\/ce6473083f53ef0ef882cca23f0c8fb9","name":"Redazione"}]}},"_links":{"self":[{"href":"https:\/\/www.cgfmanet.org\/fr\/wp-json\/wp\/v2\/posts\/134137","targetHints":{"allow":["GET"]}}],"collection":[{"href":"https:\/\/www.cgfmanet.org\/fr\/wp-json\/wp\/v2\/posts"}],"about":[{"href":"https:\/\/www.cgfmanet.org\/fr\/wp-json\/wp\/v2\/types\/post"}],"author":[{"embeddable":true,"href":"https:\/\/www.cgfmanet.org\/fr\/wp-json\/wp\/v2\/users\/21"}],"replies":[{"embeddable":true,"href":"https:\/\/www.cgfmanet.org\/fr\/wp-json\/wp\/v2\/comments?post=134137"}],"version-history":[{"count":3,"href":"https:\/\/www.cgfmanet.org\/fr\/wp-json\/wp\/v2\/posts\/134137\/revisions"}],"predecessor-version":[{"id":134302,"href":"https:\/\/www.cgfmanet.org\/fr\/wp-json\/wp\/v2\/posts\/134137\/revisions\/134302"}],"wp:featuredmedia":[{"embeddable":true,"href":"https:\/\/www.cgfmanet.org\/fr\/wp-json\/wp\/v2\/media\/134132"}],"wp:attachment":[{"href":"https:\/\/www.cgfmanet.org\/fr\/wp-json\/wp\/v2\/media?parent=134137"}],"wp:term":[{"taxonomy":"category","embeddable":true,"href":"https:\/\/www.cgfmanet.org\/fr\/wp-json\/wp\/v2\/categories?post=134137"},{"taxonomy":"post_tag","embeddable":true,"href":"https:\/\/www.cgfmanet.org\/fr\/wp-json\/wp\/v2\/tags?post=134137"}],"curies":[{"name":"wp","href":"https:\/\/api.w.org\/{rel}","templated":true}]}}