{"id":130629,"date":"2025-03-20T12:25:55","date_gmt":"2025-03-20T11:25:55","guid":{"rendered":"https:\/\/www.cgfmanet.org\/info-sphere\/il-santuario-di-nizza-nelle-giornate-fai-di-primavera\/"},"modified":"2025-03-22T23:12:54","modified_gmt":"2025-03-22T22:12:54","slug":"le-sanctuaire-de-nizza-participe-aux-journees-du-printemps-de-la-fai","status":"publish","type":"post","link":"https:\/\/www.cgfmanet.org\/fr\/info-sphere\/citoyennete\/le-sanctuaire-de-nizza-participe-aux-journees-du-printemps-de-la-fai\/","title":{"rendered":"Le Sanctuaire de Nizza participe aux Journ\u00e9es du printemps de la FAI"},"content":{"rendered":"<p><strong>Nizza Monferrato (Italie). <\/strong>\u00a0Les 22 et 23 mars, dans toute l&rsquo;Italie, le FAI-Fondation pour l\u2019environnement italien ETS organise les <strong>Journ\u00e9es du printemps FAI<\/strong>, l&rsquo;\u00e9v\u00e9nement d\u00e9di\u00e9 au patrimoine culturel et environnemental c\u00e9l\u00e9br\u00e9 par l&rsquo;ouverture de 750 lieux sp\u00e9ciaux, du nord au sud de la p\u00e9ninsule, dont beaucoup sont inhabituels et normalement inaccessibles, ou peu connus et appr\u00e9ci\u00e9s, qui peuvent \u00eatre visit\u00e9s gratuitement pour soutenir les activit\u00e9s de la Fondation.<\/p>\n<p>Palais, villas, ch\u00e2teaux, th\u00e9\u00e2tres, lieux d&rsquo;enseignement, \u00e9glises et collections d&rsquo;art, exemples d&rsquo;arch\u00e9ologie industrielle et sites de production, ateliers d&rsquo;artisanat, phares et chantiers navals ouvriront leurs portes pour d\u00e9voiler leurs histoires insolites et surprenantes. De plus, il y aura des itin\u00e9raires dans des villages historiques, des sentiers naturels, des jardins botaniques, des parcs urbains et des visites sp\u00e9ciales sur le th\u00e8me de la durabilit\u00e9. Certaines options seront r\u00e9serv\u00e9es exclusivement aux membres de la FAI et \u00e0 ceux qui s&rsquo;inscriront pendant l&rsquo;\u00e9v\u00e9nement.<\/p>\n<p><strong>Le complexe de l&rsquo;Institut \u00ab\u00a0Notre Dame des Gr\u00e2ces <\/strong>\u00bb <strong>de Nizza Monferrato (AL)<\/strong>, des Filles de <em>Marie Auxiliatrice<\/em> de la province <em>Marie Auxiliatrice<\/em> (IPI), adh\u00e8re \u00e0 l&rsquo;initiative en ouvrant ses portes aux visiteurs et aux p\u00e8lerins du Jubil\u00e9.<\/p>\n<p>Les origines de la structure semblent remonter \u00e0 un lieu de culte marial du XIII<sup>e<\/sup> si\u00e8cle : une petite \u00e9glise de campagne, \u00ab\u00a0Sainte Marie de Lintignano\u00a0\u00bb. Ch\u00e8re aux habitants de la ville, l&rsquo;\u00e9glise, mais aussi l&rsquo;ensemble de la structure, est toujours appel\u00e9e \u00ab\u00a0la Madone\u00a0\u00bb.<\/p>\n<p>Avant d&rsquo;\u00eatre achet\u00e9e par Don Bosco en 1877, trois familles franciscaines s&rsquo;y sont succ\u00e9d\u00e9 : les Mineurs Amadeites, les Mineurs Observants et enfin les Fr\u00e8res Capucins. <strong>En 1879, elle est devenu la maison-m\u00e8re des Filles de Marie Auxiliatrice. <\/strong><\/p>\n<p><strong>Le Sanctuaire marial<\/strong>, tr\u00e8s aim\u00e9 des Ni\u00e7ois et de la Famille sal\u00e9sienne, a toujours \u00e9t\u00e9 un lieu de p\u00e8lerinage, de pri\u00e8re, de ph\u00e9nom\u00e8nes mystiques et de miracles. R\u00e9nov\u00e9 \u00e0 plusieurs reprises et agrandi, il abrite aujourd&rsquo;hui des peintures de Piero Dalle Ceste et de peintres locaux, une statue de Marie Auxiliatrice offerte par Don Bosco et un orgue de 1900 de Carlo Bossi, agrandi et \u00e9lectrifi\u00e9 en 1978, pour atteindre les 2000 tuyaux actuels. Le 31 janvier 2025, en la solennit\u00e9 de saint Jean Bosco, l&rsquo;\u00e9v\u00eaque du dioc\u00e8se d&rsquo;Acqui, Mgr Luigi Testore, a inaugur\u00e9 le Jubil\u00e9 de l&rsquo;esp\u00e9rance dans le sanctuaire <em>N. D. des Gr\u00e2ces<\/em>, d\u00e9sign\u00e9e<span style=\"color: #0000ff;\"><strong><a style=\"color: #0000ff;\" href=\"https:\/\/www.cgfmanet.org\/fr\/info-sphere\/eglise\/inauguration-de-lannee-jubilaire-sanctuaire-de-nice\/\" target=\"_blank\" rel=\"noopener\"> \u00c9glise jubilaire <\/a><\/strong><\/span>par d\u00e9cret de la Curie \u00e9piscopale, le 8 d\u00e9cembre 2024.<\/p>\n<p><strong>La petite chambre de M\u00e8re Mazzarello est le c\u0153ur battant de la structure,<\/strong> c&rsquo;est la chambre o\u00f9 la Sainte a v\u00e9cu les derni\u00e8res ann\u00e9es de sa vie : du 3 f\u00e9vrier 1879 au 14 mai 1881. Ce furent des ann\u00e9es intenses dans l&rsquo;histoire de l&rsquo;Institut : des ann\u00e9es d&rsquo;expansion avec le d\u00e9part des premi\u00e8res s\u0153urs pour l&rsquo;Am\u00e9rique latine en 1877, des ann\u00e9es de consolidation, avec l&rsquo;ouverture de nouvelles \u0153uvres.<\/p>\n<p><strong>Pour les membres de la FAI uniquement, il sera possible de visiter l&rsquo;\u00e9glise du Sacr\u00e9-C\u0153ur et la salle comm\u00e9morative.<\/strong><\/p>\n<p><strong>L&rsquo;\u00e9glise du Sacr\u00e9-C\u0153ur<\/strong> a \u00e9t\u00e9 voulue par M\u00e8re Elisa Roncallo, conseill\u00e8re g\u00e9n\u00e9rale des Filles de Marie Auxiliatrice, pour les externes (\u00e9l\u00e8ves, anciennes \u00e9l\u00e8ves et oratoriennes). Dans les ann\u00e9es 1990, elle a \u00e9t\u00e9 r\u00e9nov\u00e9e pour construire des salles de classe \u00e0 l&rsquo;\u00e9tage sup\u00e9rieur, tandis que l&rsquo;\u00e9tage inf\u00e9rieur est rest\u00e9 un lieu de pri\u00e8re et de souvenir.<\/p>\n<p><strong>La Salle de la M\u00e9moire<\/strong> conserve des objets qui rappellent la pr\u00e9sence des FMA \u00e0 Nizza Monferrato : artefacts, souvenirs, objets du monde sal\u00e9sien, reliques, etc. L&rsquo;Observatoire m\u00e9t\u00e9orologique, construit en 1891 par le sal\u00e9sien Don C. Bretto comme compl\u00e9ment pour les lyc\u00e9ennes, \u00e9tait \u00e9quip\u00e9 d&rsquo;instruments \u00e0 l&rsquo;avant-garde ; actif jusque dans les ann\u00e9es 60-70, il transmettait les donn\u00e9es \u00e0 Turin et \u00e0 Rome au Bureau Central de m\u00e9t\u00e9orologie et de g\u00e9ophysique.<\/p>\n<p><strong>\u00c0 l&rsquo;occasion du Jubil\u00e9, le Sanctuaire adh\u00e8re \u00e9galement \u00e0 l&rsquo;initiative<\/strong> <strong><em><span style=\"color: #0000ff;\"><a style=\"color: #0000ff;\" href=\"https:\/\/www.cgfmanet.org\/fr\/info-sphere\/sanctuaire-de-nizza-eglise-du-jubile-et-lieux-du-coeur\/\" target=\"_blank\" rel=\"noopener\">I <\/a><\/span><\/em><span style=\"color: #0000ff;\"><a style=\"color: #0000ff;\" href=\"https:\/\/www.cgfmanet.org\/fr\/info-sphere\/sanctuaire-de-nizza-eglise-du-jubile-et-lieux-du-coeur\/\"><em>Luoghi del Cuore<\/em><\/a><\/span><\/strong><strong> de la FAI<\/strong> en collaboration avec Intesa Sanpaolo. L&rsquo;annonce met \u00e0 disposition une s\u00e9rie de contributions pour la r\u00e9alisation de projets de restauration et de valorisation du Sanctuaire. <strong>Il est encore possible de voter <\/strong><em><strong>en ligne<\/strong><\/em> sur le <span style=\"color: #0000ff;\"><strong><a style=\"color: #0000ff;\" href=\"https:\/\/fondoambiente.it\/luoghi\/nostra-signora-delle-grazie?ldc\" target=\"_blank\" rel=\"noopener\">site de la FAI<\/a><\/strong><\/span>.<\/p>\n<p><strong>Un simple clic suffit pour soutenir ce Sanctuaire riche en histoire et en spiritualit\u00e9<\/strong>, comme l&rsquo;explique dans cette vid\u00e9o la directrice, S\u0153ur Piera Cavagli\u00e0, ancienne secr\u00e9taire g\u00e9n\u00e9rale de l&rsquo;Institut des FMA :<\/p>\n<div class=\"youtube-embed\" data-video_id=\"1BVGKSv4VgI\"><iframe title=\"ITA sr Piera Cavagli\u00e0: Il santuario di Nizza M. &quot;Luogo del Cuore&quot;\" width=\"696\" height=\"392\" data-src=\"https:\/\/www.youtube.com\/embed\/1BVGKSv4VgI?feature=oembed&#038;enablejsapi=1\" frameborder=\"0\" allow=\"accelerometer; autoplay; clipboard-write; encrypted-media; gyroscope; picture-in-picture; web-share\" referrerpolicy=\"strict-origin-when-cross-origin\" allowfullscreen src=\"data:image\/svg+xml;base64,PHN2ZyB3aWR0aD0iMSIgaGVpZ2h0PSIxIiB4bWxucz0iaHR0cDovL3d3dy53My5vcmcvMjAwMC9zdmciPjwvc3ZnPg==\" class=\"lazyload\" data-load-mode=\"1\"><\/iframe><\/div>\n","protected":false},"excerpt":{"rendered":"<p>Nizza Monferrato (Italie). \u00a0Les 22 et 23 mars, dans toute l&rsquo;Italie, le FAI-Fondation pour l\u2019environnement italien ETS organise les Journ\u00e9es du printemps FAI, l&rsquo;\u00e9v\u00e9nement d\u00e9di\u00e9 au patrimoine culturel et environnemental [&hellip;]<\/p>\n","protected":false},"author":21,"featured_media":130624,"comment_status":"open","ping_status":"closed","sticky":false,"template":"","format":"standard","meta":{"footnotes":""},"categories":[36,194],"tags":[1221,1660,1661,1929,2449],"class_list":["post-130629","post","type-post","status-publish","format-standard","has-post-thumbnail","category-info-sphere","category-citoyennete","tag-ipi-fr","tag-spiritualita-salesiana-fr","tag-carisma-salesiano-fr","tag-focus-fr","tag-jubile-2025"],"yoast_head":"<!-- This site is optimized with the Yoast SEO plugin v27.4 - https:\/\/yoast.com\/product\/yoast-seo-wordpress\/ -->\n<title>Le Sanctuaire de Nizza participe aux Journ\u00e9es du printemps de la FAI &#8226; Istituto Figlie di Maria Ausiliatrice<\/title>\n<meta name=\"description\" content=\"Le Sanctuaire Notre Dame des Gr\u00e2ces des FMA \u00e0 Nizza Monferrato est l&#039;un des sites italiens que l&#039;on pourra visiter les 22 et 23 mars 2025, dans le cadre des Journ\u00e9es du printemps FAI.\" \/>\n<meta name=\"robots\" content=\"index, follow, max-snippet:-1, max-image-preview:large, max-video-preview:-1\" \/>\n<link rel=\"canonical\" href=\"https:\/\/www.cgfmanet.org\/fr\/info-sphere\/citoyennete\/le-sanctuaire-de-nizza-participe-aux-journees-du-printemps-de-la-fai\/\" \/>\n<meta property=\"og:locale\" content=\"fr_FR\" \/>\n<meta property=\"og:type\" content=\"article\" \/>\n<meta property=\"og:title\" content=\"Le Sanctuaire de Nizza participe aux Journ\u00e9es du printemps de la FAI &#8226; Istituto Figlie di Maria Ausiliatrice\" \/>\n<meta property=\"og:description\" content=\"Le Sanctuaire Notre Dame des Gr\u00e2ces des FMA \u00e0 Nizza Monferrato est l&#039;un des sites italiens que l&#039;on pourra visiter les 22 et 23 mars 2025, dans le cadre des Journ\u00e9es du printemps FAI.\" \/>\n<meta property=\"og:url\" content=\"https:\/\/www.cgfmanet.org\/fr\/info-sphere\/citoyennete\/le-sanctuaire-de-nizza-participe-aux-journees-du-printemps-de-la-fai\/\" \/>\n<meta property=\"og:site_name\" content=\"Istituto Figlie di Maria Ausiliatrice\" \/>\n<meta property=\"article:publisher\" content=\"https:\/\/www.facebook.com\/salesian.sisters.of.don.bosco\/\" \/>\n<meta property=\"article:published_time\" content=\"2025-03-20T11:25:55+00:00\" \/>\n<meta property=\"article:modified_time\" content=\"2025-03-22T22:12:54+00:00\" \/>\n<meta property=\"og:image\" content=\"https:\/\/www.cgfmanet.org\/wp-content\/uploads\/2025\/03\/Santuario-Nizza_FAI.jpg\" \/>\n\t<meta property=\"og:image:width\" content=\"1200\" \/>\n\t<meta property=\"og:image:height\" content=\"800\" \/>\n\t<meta property=\"og:image:type\" content=\"image\/jpeg\" \/>\n<meta name=\"author\" content=\"Redazione\" \/>\n<meta name=\"twitter:card\" content=\"summary_large_image\" \/>\n<meta name=\"twitter:creator\" content=\"@Cgfmanet_Org\" \/>\n<meta name=\"twitter:site\" content=\"@Cgfmanet_Org\" \/>\n<meta name=\"twitter:label1\" content=\"\u00c9crit par\" \/>\n\t<meta name=\"twitter:data1\" content=\"Redazione\" \/>\n\t<meta name=\"twitter:label2\" content=\"Dur\u00e9e de lecture estim\u00e9e\" \/>\n\t<meta name=\"twitter:data2\" content=\"4 minutes\" \/>\n<script type=\"application\/ld+json\" class=\"yoast-schema-graph\">{\"@context\":\"https:\\\/\\\/schema.org\",\"@graph\":[{\"@type\":\"Article\",\"@id\":\"https:\\\/\\\/www.cgfmanet.org\\\/fr\\\/info-sphere\\\/citoyennete\\\/le-sanctuaire-de-nizza-participe-aux-journees-du-printemps-de-la-fai\\\/#article\",\"isPartOf\":{\"@id\":\"https:\\\/\\\/www.cgfmanet.org\\\/fr\\\/info-sphere\\\/citoyennete\\\/le-sanctuaire-de-nizza-participe-aux-journees-du-printemps-de-la-fai\\\/\"},\"author\":{\"name\":\"Redazione\",\"@id\":\"https:\\\/\\\/www.cgfmanet.org\\\/es\\\/#\\\/schema\\\/person\\\/ce6473083f53ef0ef882cca23f0c8fb9\"},\"headline\":\"Le Sanctuaire de Nizza participe aux Journ\u00e9es du printemps de la FAI\",\"datePublished\":\"2025-03-20T11:25:55+00:00\",\"dateModified\":\"2025-03-22T22:12:54+00:00\",\"mainEntityOfPage\":{\"@id\":\"https:\\\/\\\/www.cgfmanet.org\\\/fr\\\/info-sphere\\\/citoyennete\\\/le-sanctuaire-de-nizza-participe-aux-journees-du-printemps-de-la-fai\\\/\"},\"wordCount\":806,\"commentCount\":0,\"publisher\":{\"@id\":\"https:\\\/\\\/www.cgfmanet.org\\\/es\\\/#organization\"},\"image\":{\"@id\":\"https:\\\/\\\/www.cgfmanet.org\\\/fr\\\/info-sphere\\\/citoyennete\\\/le-sanctuaire-de-nizza-participe-aux-journees-du-printemps-de-la-fai\\\/#primaryimage\"},\"thumbnailUrl\":\"https:\\\/\\\/www.cgfmanet.org\\\/wp-content\\\/uploads\\\/2025\\\/03\\\/Santuario-Nizza_FAI.jpg\",\"keywords\":[\"IPI\",\"Spiritualit\u00e0 Salesiana\",\"Carisma salesiano\",\"Focus\",\"Jubil\u00e9 2025\"],\"articleSection\":[\"Infosph\u00e8re\",\"Citoyennet\u00e9\"],\"inLanguage\":\"fr-FR\",\"potentialAction\":[{\"@type\":\"CommentAction\",\"name\":\"Comment\",\"target\":[\"https:\\\/\\\/www.cgfmanet.org\\\/fr\\\/info-sphere\\\/citoyennete\\\/le-sanctuaire-de-nizza-participe-aux-journees-du-printemps-de-la-fai\\\/#respond\"]}]},{\"@type\":\"WebPage\",\"@id\":\"https:\\\/\\\/www.cgfmanet.org\\\/fr\\\/info-sphere\\\/citoyennete\\\/le-sanctuaire-de-nizza-participe-aux-journees-du-printemps-de-la-fai\\\/\",\"url\":\"https:\\\/\\\/www.cgfmanet.org\\\/fr\\\/info-sphere\\\/citoyennete\\\/le-sanctuaire-de-nizza-participe-aux-journees-du-printemps-de-la-fai\\\/\",\"name\":\"Le Sanctuaire de Nizza participe aux Journ\u00e9es du printemps de la FAI &#8226; Istituto Figlie di Maria Ausiliatrice\",\"isPartOf\":{\"@id\":\"https:\\\/\\\/www.cgfmanet.org\\\/es\\\/#website\"},\"primaryImageOfPage\":{\"@id\":\"https:\\\/\\\/www.cgfmanet.org\\\/fr\\\/info-sphere\\\/citoyennete\\\/le-sanctuaire-de-nizza-participe-aux-journees-du-printemps-de-la-fai\\\/#primaryimage\"},\"image\":{\"@id\":\"https:\\\/\\\/www.cgfmanet.org\\\/fr\\\/info-sphere\\\/citoyennete\\\/le-sanctuaire-de-nizza-participe-aux-journees-du-printemps-de-la-fai\\\/#primaryimage\"},\"thumbnailUrl\":\"https:\\\/\\\/www.cgfmanet.org\\\/wp-content\\\/uploads\\\/2025\\\/03\\\/Santuario-Nizza_FAI.jpg\",\"datePublished\":\"2025-03-20T11:25:55+00:00\",\"dateModified\":\"2025-03-22T22:12:54+00:00\",\"description\":\"Le Sanctuaire Notre Dame des Gr\u00e2ces des FMA \u00e0 Nizza Monferrato est l'un des sites italiens que l'on pourra visiter les 22 et 23 mars 2025, dans le cadre des Journ\u00e9es du printemps FAI.\",\"breadcrumb\":{\"@id\":\"https:\\\/\\\/www.cgfmanet.org\\\/fr\\\/info-sphere\\\/citoyennete\\\/le-sanctuaire-de-nizza-participe-aux-journees-du-printemps-de-la-fai\\\/#breadcrumb\"},\"inLanguage\":\"fr-FR\",\"potentialAction\":[{\"@type\":\"ReadAction\",\"target\":[\"https:\\\/\\\/www.cgfmanet.org\\\/fr\\\/info-sphere\\\/citoyennete\\\/le-sanctuaire-de-nizza-participe-aux-journees-du-printemps-de-la-fai\\\/\"]}]},{\"@type\":\"ImageObject\",\"inLanguage\":\"fr-FR\",\"@id\":\"https:\\\/\\\/www.cgfmanet.org\\\/fr\\\/info-sphere\\\/citoyennete\\\/le-sanctuaire-de-nizza-participe-aux-journees-du-printemps-de-la-fai\\\/#primaryimage\",\"url\":\"https:\\\/\\\/www.cgfmanet.org\\\/wp-content\\\/uploads\\\/2025\\\/03\\\/Santuario-Nizza_FAI.jpg\",\"contentUrl\":\"https:\\\/\\\/www.cgfmanet.org\\\/wp-content\\\/uploads\\\/2025\\\/03\\\/Santuario-Nizza_FAI.jpg\",\"width\":1200,\"height\":800},{\"@type\":\"BreadcrumbList\",\"@id\":\"https:\\\/\\\/www.cgfmanet.org\\\/fr\\\/info-sphere\\\/citoyennete\\\/le-sanctuaire-de-nizza-participe-aux-journees-du-printemps-de-la-fai\\\/#breadcrumb\",\"itemListElement\":[{\"@type\":\"ListItem\",\"position\":1,\"name\":\"Home\",\"item\":\"https:\\\/\\\/www.cgfmanet.org\\\/fr\\\/\"},{\"@type\":\"ListItem\",\"position\":2,\"name\":\"Le Sanctuaire de Nizza participe aux Journ\u00e9es du printemps de la FAI\"}]},{\"@type\":\"WebSite\",\"@id\":\"https:\\\/\\\/www.cgfmanet.org\\\/es\\\/#website\",\"url\":\"https:\\\/\\\/www.cgfmanet.org\\\/es\\\/\",\"name\":\"Istituto Figlie di Maria Ausiliatrice\",\"description\":\"Salesiane di Don Bosco\",\"publisher\":{\"@id\":\"https:\\\/\\\/www.cgfmanet.org\\\/es\\\/#organization\"},\"potentialAction\":[{\"@type\":\"SearchAction\",\"target\":{\"@type\":\"EntryPoint\",\"urlTemplate\":\"https:\\\/\\\/www.cgfmanet.org\\\/es\\\/?s={search_term_string}\"},\"query-input\":{\"@type\":\"PropertyValueSpecification\",\"valueRequired\":true,\"valueName\":\"search_term_string\"}}],\"inLanguage\":\"fr-FR\"},{\"@type\":\"Organization\",\"@id\":\"https:\\\/\\\/www.cgfmanet.org\\\/es\\\/#organization\",\"name\":\"Istituto Figlie di Maria Ausiliatrice\",\"url\":\"https:\\\/\\\/www.cgfmanet.org\\\/es\\\/\",\"logo\":{\"@type\":\"ImageObject\",\"inLanguage\":\"fr-FR\",\"@id\":\"https:\\\/\\\/www.cgfmanet.org\\\/es\\\/#\\\/schema\\\/logo\\\/image\\\/\",\"url\":\"https:\\\/\\\/www.cgfmanet.org\\\/wp-content\\\/uploads\\\/2018\\\/10\\\/logo-fma.png\",\"contentUrl\":\"https:\\\/\\\/www.cgfmanet.org\\\/wp-content\\\/uploads\\\/2018\\\/10\\\/logo-fma.png\",\"width\":214,\"height\":55,\"caption\":\"Istituto Figlie di Maria Ausiliatrice\"},\"image\":{\"@id\":\"https:\\\/\\\/www.cgfmanet.org\\\/es\\\/#\\\/schema\\\/logo\\\/image\\\/\"},\"sameAs\":[\"https:\\\/\\\/www.facebook.com\\\/salesian.sisters.of.don.bosco\\\/\",\"https:\\\/\\\/x.com\\\/Cgfmanet_Org\",\"https:\\\/\\\/www.youtube.com\\\/channel\\\/UCmcr8yFQBV7JXeXVxyV9y5Q\"]},{\"@type\":\"Person\",\"@id\":\"https:\\\/\\\/www.cgfmanet.org\\\/es\\\/#\\\/schema\\\/person\\\/ce6473083f53ef0ef882cca23f0c8fb9\",\"name\":\"Redazione\"}]}<\/script>\n<!-- \/ Yoast SEO plugin. -->","yoast_head_json":{"title":"Le Sanctuaire de Nizza participe aux Journ\u00e9es du printemps de la FAI &#8226; Istituto Figlie di Maria Ausiliatrice","description":"Le Sanctuaire Notre Dame des Gr\u00e2ces des FMA \u00e0 Nizza Monferrato est l'un des sites italiens que l'on pourra visiter les 22 et 23 mars 2025, dans le cadre des Journ\u00e9es du printemps FAI.","robots":{"index":"index","follow":"follow","max-snippet":"max-snippet:-1","max-image-preview":"max-image-preview:large","max-video-preview":"max-video-preview:-1"},"canonical":"https:\/\/www.cgfmanet.org\/fr\/info-sphere\/citoyennete\/le-sanctuaire-de-nizza-participe-aux-journees-du-printemps-de-la-fai\/","og_locale":"fr_FR","og_type":"article","og_title":"Le Sanctuaire de Nizza participe aux Journ\u00e9es du printemps de la FAI &#8226; Istituto Figlie di Maria Ausiliatrice","og_description":"Le Sanctuaire Notre Dame des Gr\u00e2ces des FMA \u00e0 Nizza Monferrato est l'un des sites italiens que l'on pourra visiter les 22 et 23 mars 2025, dans le cadre des Journ\u00e9es du printemps FAI.","og_url":"https:\/\/www.cgfmanet.org\/fr\/info-sphere\/citoyennete\/le-sanctuaire-de-nizza-participe-aux-journees-du-printemps-de-la-fai\/","og_site_name":"Istituto Figlie di Maria Ausiliatrice","article_publisher":"https:\/\/www.facebook.com\/salesian.sisters.of.don.bosco\/","article_published_time":"2025-03-20T11:25:55+00:00","article_modified_time":"2025-03-22T22:12:54+00:00","og_image":[{"width":1200,"height":800,"url":"https:\/\/www.cgfmanet.org\/wp-content\/uploads\/2025\/03\/Santuario-Nizza_FAI.jpg","type":"image\/jpeg"}],"author":"Redazione","twitter_card":"summary_large_image","twitter_creator":"@Cgfmanet_Org","twitter_site":"@Cgfmanet_Org","twitter_misc":{"\u00c9crit par":"Redazione","Dur\u00e9e de lecture estim\u00e9e":"4 minutes"},"schema":{"@context":"https:\/\/schema.org","@graph":[{"@type":"Article","@id":"https:\/\/www.cgfmanet.org\/fr\/info-sphere\/citoyennete\/le-sanctuaire-de-nizza-participe-aux-journees-du-printemps-de-la-fai\/#article","isPartOf":{"@id":"https:\/\/www.cgfmanet.org\/fr\/info-sphere\/citoyennete\/le-sanctuaire-de-nizza-participe-aux-journees-du-printemps-de-la-fai\/"},"author":{"name":"Redazione","@id":"https:\/\/www.cgfmanet.org\/es\/#\/schema\/person\/ce6473083f53ef0ef882cca23f0c8fb9"},"headline":"Le Sanctuaire de Nizza participe aux Journ\u00e9es du printemps de la FAI","datePublished":"2025-03-20T11:25:55+00:00","dateModified":"2025-03-22T22:12:54+00:00","mainEntityOfPage":{"@id":"https:\/\/www.cgfmanet.org\/fr\/info-sphere\/citoyennete\/le-sanctuaire-de-nizza-participe-aux-journees-du-printemps-de-la-fai\/"},"wordCount":806,"commentCount":0,"publisher":{"@id":"https:\/\/www.cgfmanet.org\/es\/#organization"},"image":{"@id":"https:\/\/www.cgfmanet.org\/fr\/info-sphere\/citoyennete\/le-sanctuaire-de-nizza-participe-aux-journees-du-printemps-de-la-fai\/#primaryimage"},"thumbnailUrl":"https:\/\/www.cgfmanet.org\/wp-content\/uploads\/2025\/03\/Santuario-Nizza_FAI.jpg","keywords":["IPI","Spiritualit\u00e0 Salesiana","Carisma salesiano","Focus","Jubil\u00e9 2025"],"articleSection":["Infosph\u00e8re","Citoyennet\u00e9"],"inLanguage":"fr-FR","potentialAction":[{"@type":"CommentAction","name":"Comment","target":["https:\/\/www.cgfmanet.org\/fr\/info-sphere\/citoyennete\/le-sanctuaire-de-nizza-participe-aux-journees-du-printemps-de-la-fai\/#respond"]}]},{"@type":"WebPage","@id":"https:\/\/www.cgfmanet.org\/fr\/info-sphere\/citoyennete\/le-sanctuaire-de-nizza-participe-aux-journees-du-printemps-de-la-fai\/","url":"https:\/\/www.cgfmanet.org\/fr\/info-sphere\/citoyennete\/le-sanctuaire-de-nizza-participe-aux-journees-du-printemps-de-la-fai\/","name":"Le Sanctuaire de Nizza participe aux Journ\u00e9es du printemps de la FAI &#8226; Istituto Figlie di Maria Ausiliatrice","isPartOf":{"@id":"https:\/\/www.cgfmanet.org\/es\/#website"},"primaryImageOfPage":{"@id":"https:\/\/www.cgfmanet.org\/fr\/info-sphere\/citoyennete\/le-sanctuaire-de-nizza-participe-aux-journees-du-printemps-de-la-fai\/#primaryimage"},"image":{"@id":"https:\/\/www.cgfmanet.org\/fr\/info-sphere\/citoyennete\/le-sanctuaire-de-nizza-participe-aux-journees-du-printemps-de-la-fai\/#primaryimage"},"thumbnailUrl":"https:\/\/www.cgfmanet.org\/wp-content\/uploads\/2025\/03\/Santuario-Nizza_FAI.jpg","datePublished":"2025-03-20T11:25:55+00:00","dateModified":"2025-03-22T22:12:54+00:00","description":"Le Sanctuaire Notre Dame des Gr\u00e2ces des FMA \u00e0 Nizza Monferrato est l'un des sites italiens que l'on pourra visiter les 22 et 23 mars 2025, dans le cadre des Journ\u00e9es du printemps FAI.","breadcrumb":{"@id":"https:\/\/www.cgfmanet.org\/fr\/info-sphere\/citoyennete\/le-sanctuaire-de-nizza-participe-aux-journees-du-printemps-de-la-fai\/#breadcrumb"},"inLanguage":"fr-FR","potentialAction":[{"@type":"ReadAction","target":["https:\/\/www.cgfmanet.org\/fr\/info-sphere\/citoyennete\/le-sanctuaire-de-nizza-participe-aux-journees-du-printemps-de-la-fai\/"]}]},{"@type":"ImageObject","inLanguage":"fr-FR","@id":"https:\/\/www.cgfmanet.org\/fr\/info-sphere\/citoyennete\/le-sanctuaire-de-nizza-participe-aux-journees-du-printemps-de-la-fai\/#primaryimage","url":"https:\/\/www.cgfmanet.org\/wp-content\/uploads\/2025\/03\/Santuario-Nizza_FAI.jpg","contentUrl":"https:\/\/www.cgfmanet.org\/wp-content\/uploads\/2025\/03\/Santuario-Nizza_FAI.jpg","width":1200,"height":800},{"@type":"BreadcrumbList","@id":"https:\/\/www.cgfmanet.org\/fr\/info-sphere\/citoyennete\/le-sanctuaire-de-nizza-participe-aux-journees-du-printemps-de-la-fai\/#breadcrumb","itemListElement":[{"@type":"ListItem","position":1,"name":"Home","item":"https:\/\/www.cgfmanet.org\/fr\/"},{"@type":"ListItem","position":2,"name":"Le Sanctuaire de Nizza participe aux Journ\u00e9es du printemps de la FAI"}]},{"@type":"WebSite","@id":"https:\/\/www.cgfmanet.org\/es\/#website","url":"https:\/\/www.cgfmanet.org\/es\/","name":"Istituto Figlie di Maria Ausiliatrice","description":"Salesiane di Don Bosco","publisher":{"@id":"https:\/\/www.cgfmanet.org\/es\/#organization"},"potentialAction":[{"@type":"SearchAction","target":{"@type":"EntryPoint","urlTemplate":"https:\/\/www.cgfmanet.org\/es\/?s={search_term_string}"},"query-input":{"@type":"PropertyValueSpecification","valueRequired":true,"valueName":"search_term_string"}}],"inLanguage":"fr-FR"},{"@type":"Organization","@id":"https:\/\/www.cgfmanet.org\/es\/#organization","name":"Istituto Figlie di Maria Ausiliatrice","url":"https:\/\/www.cgfmanet.org\/es\/","logo":{"@type":"ImageObject","inLanguage":"fr-FR","@id":"https:\/\/www.cgfmanet.org\/es\/#\/schema\/logo\/image\/","url":"https:\/\/www.cgfmanet.org\/wp-content\/uploads\/2018\/10\/logo-fma.png","contentUrl":"https:\/\/www.cgfmanet.org\/wp-content\/uploads\/2018\/10\/logo-fma.png","width":214,"height":55,"caption":"Istituto Figlie di Maria Ausiliatrice"},"image":{"@id":"https:\/\/www.cgfmanet.org\/es\/#\/schema\/logo\/image\/"},"sameAs":["https:\/\/www.facebook.com\/salesian.sisters.of.don.bosco\/","https:\/\/x.com\/Cgfmanet_Org","https:\/\/www.youtube.com\/channel\/UCmcr8yFQBV7JXeXVxyV9y5Q"]},{"@type":"Person","@id":"https:\/\/www.cgfmanet.org\/es\/#\/schema\/person\/ce6473083f53ef0ef882cca23f0c8fb9","name":"Redazione"}]}},"_links":{"self":[{"href":"https:\/\/www.cgfmanet.org\/fr\/wp-json\/wp\/v2\/posts\/130629","targetHints":{"allow":["GET"]}}],"collection":[{"href":"https:\/\/www.cgfmanet.org\/fr\/wp-json\/wp\/v2\/posts"}],"about":[{"href":"https:\/\/www.cgfmanet.org\/fr\/wp-json\/wp\/v2\/types\/post"}],"author":[{"embeddable":true,"href":"https:\/\/www.cgfmanet.org\/fr\/wp-json\/wp\/v2\/users\/21"}],"replies":[{"embeddable":true,"href":"https:\/\/www.cgfmanet.org\/fr\/wp-json\/wp\/v2\/comments?post=130629"}],"version-history":[{"count":3,"href":"https:\/\/www.cgfmanet.org\/fr\/wp-json\/wp\/v2\/posts\/130629\/revisions"}],"predecessor-version":[{"id":130752,"href":"https:\/\/www.cgfmanet.org\/fr\/wp-json\/wp\/v2\/posts\/130629\/revisions\/130752"}],"wp:featuredmedia":[{"embeddable":true,"href":"https:\/\/www.cgfmanet.org\/fr\/wp-json\/wp\/v2\/media\/130624"}],"wp:attachment":[{"href":"https:\/\/www.cgfmanet.org\/fr\/wp-json\/wp\/v2\/media?parent=130629"}],"wp:term":[{"taxonomy":"category","embeddable":true,"href":"https:\/\/www.cgfmanet.org\/fr\/wp-json\/wp\/v2\/categories?post=130629"},{"taxonomy":"post_tag","embeddable":true,"href":"https:\/\/www.cgfmanet.org\/fr\/wp-json\/wp\/v2\/tags?post=130629"}],"curies":[{"name":"wp","href":"https:\/\/api.w.org\/{rel}","templated":true}]}}