{"id":124490,"date":"2024-12-06T10:24:33","date_gmt":"2024-12-06T09:24:33","guid":{"rendered":"https:\/\/www.cgfmanet.org\/info-sphere\/la-devozione-mariana-di-suor-maria-troncatti\/"},"modified":"2024-12-12T21:48:07","modified_gmt":"2024-12-12T20:48:07","slug":"la-devotion-mariale-de-soeur-maria-troncatti","status":"publish","type":"post","link":"https:\/\/www.cgfmanet.org\/fr\/info-sphere\/eglise\/la-devotion-mariale-de-soeur-maria-troncatti\/","title":{"rendered":"La d\u00e9votion mariale de s\u0153ur Maria Troncatti"},"content":{"rendered":"<p><strong>Rome (Italie).<\/strong> Le 8 d\u00e9cembre 2024, nous c\u00e9l\u00e9brons la solennit\u00e9 de l&rsquo;Immacul\u00e9e Conception de Marie, particuli\u00e8rement ch\u00e8re \u00e0 la Famille sal\u00e9sienne parce que Don Bosco fait remonter l&rsquo;origine de son \u0153uvre \u00e0 cette date, avec le premier \u00ab\u00a0Je vous salue Marie\u00a0\u00bb r\u00e9cit\u00e9 avec Bartolomeo Garelli.<\/p>\n<p>Pour les Filles de Marie Auxiliatrice, cette f\u00eate rappelle, entre autres, l&rsquo;origine de l&rsquo;Institut avec ce premier noyau de jeunes femmes appel\u00e9es \u00ab\u00a0Filles de l&rsquo;Immacul\u00e9e\u00a0\u00bb. De plus, les Annales de l&rsquo;Institut rel\u00e8ve la singuli\u00e8re contemporan\u00e9it\u00e9 de la naissance au Valdocco de la \u00ab\u00a0Compagnie de l&rsquo;Immacul\u00e9e\u00a0\u00bb.<\/p>\n<p><strong><span style=\"color: #0000ff;\"><a style=\"color: #0000ff;\" href=\"https:\/\/drive.google.com\/drive\/u\/0\/folders\/1Uy5r0n7XfMszvMPV5_frNJVKbpn3Xdip\" target=\"_blank\" rel=\"noopener\">S\u0153ur Maria Troncatti<\/a><\/span><\/strong> (1883 \u2013 1969), FMA bienheureuse, dont le<strong><span style=\"color: #0000ff;\"><a style=\"color: #0000ff;\" href=\"https:\/\/www.cgfmanet.org\/fr\/info-sphere\/soeur-maria-troncatti-le-miracle-qui-ouvre-la-voie-a-la-canonisation\/\" target=\"_blank\" rel=\"noopener\">\u00a0d\u00e9cret <\/a><\/span><\/strong>reconnaissant le miracle attribu\u00e9 \u00e0 son intercession a \u00e9t\u00e9 r\u00e9cemment autoris\u00e9 \u00e0 \u00eatre publi\u00e9, a <strong>\u00e9galement<\/strong> v\u00e9cu un lien particulier avec Marie Immacul\u00e9e.<\/p>\n<p>En 1897, Monseigneur Cellerino Testini, cur\u00e9 de Corteno Golgi, lieu de naissance de s\u0153ur Maria, fonda l&rsquo;association des Filles de Marie, \u00e0 laquelle elle adh\u00e9ra avec enthousiasme \u00e0 l&rsquo;\u00e2ge de 14 ans.<\/p>\n<p>En 1925, lors du voyage \u00e0 Macas, le petit groupe de missionnaires emporta l&rsquo;image de la <strong>\u00ab <\/strong><span style=\"color: #0000ff;\"><strong><a style=\"color: #0000ff;\" href=\"https:\/\/www.cgfmanet.org\/fr\/info-sphere\/la-bienheureuse-maria-troncatti-et-limmaculee\/\" target=\"_blank\" rel=\"noopener\">Purissima <\/a><\/strong><\/span><strong>\u00bb<\/strong> qu&rsquo;elles voulaient ramener l\u00e0-bas. S\u0153ur Maria a eu recours \u00e0 la Vierge pour \u00ab\u00a0op\u00e9rer\u00a0\u00bb la fille du chef Shuar et extraire la balle qui l&rsquo;avait atteinte. Ce n&rsquo;est pas le seul \u00e9v\u00e9nement o\u00f9 l&rsquo;on constate un lien unique entre la missionnaire et la Vierge.<\/p>\n<p>Comme le confirment de nombreux t\u00e9moignages, s\u0153ur Maria a \u00e9duqu\u00e9 et transmis \u00e0 tous son amour pour Marie. Mme Gregoria avait 11 ans lorsqu&rsquo;elle a rencontr\u00e9 s\u0153ur Maria et a fr\u00e9quent\u00e9 la maison de mission pendant de nombreuses ann\u00e9es. <em>Elle raconte : \u00ab\u00a0Pendant qu&rsquo;elle cousait, elle m&rsquo;a dit : \u2019Essaie de faire de chaque point de couture un acte d&rsquo;amour pour Dieu. Le matin, quand tu te l\u00e8ves, essaie d&rsquo;offrir quelque chose \u00e0 la Vierge pendant la journ\u00e9e et, le soir, examine-toi pour voir si tu l&rsquo;as accompli. Essaie de te priver de quelque chose pendant la journ\u00e9e pour l&rsquo;amour de Dieu. S&rsquo;ils t\u2019offensent, ne r\u00e9pond pas. Tais-toi, supporte-le pour l&rsquo;amour de Dieu\u2019\u00a0\u00bb.<\/em><\/p>\n<p>Dolores avait vingt-deux ans lorsqu&rsquo;elle rencontra s\u0153ur Maria et fut proche d&rsquo;elle \u00e0 plusieurs reprises, l&rsquo;accompagnant chez les<em> Chivaris <\/em>et lui servant d&rsquo;interpr\u00e8te, jusqu&rsquo;\u00e0 ce que la Bienheureuse reste \u00e0 Macas. Elle raconte : \u00ab\u00a0Ses conseils ont rempli mon \u00e2me de r\u00e9confort, ses paroles rayonnaient de la lumi\u00e8re de la ferveur, de l&rsquo;amour de J\u00e9sus et de la Vierge. Sa phrase pr\u00e9f\u00e9r\u00e9e \u00e9tait : \u00ab\u00a0Aimez beaucoup la Vierge, elle vous sortira de toutes les tribulations, mais ayez de la charit\u00e9 pour votre prochain\u00a0\u00bb.<\/p>\n<p>Au cours d&rsquo;un voyage, nous entendions au loin des voix et des bruits qui devenaient de plus en plus alarmants au fur et \u00e0 mesure que nous nous rapprochions. Nous avons commenc\u00e9 \u00e0 avoir peur. J&rsquo;ai alors commenc\u00e9 \u00e0 crier en langue shuar : \u00ab\u00a0Attention ! Attention ! Ce n&rsquo;est pas un soldat, c&rsquo;est une religieuse. C&rsquo;est elle que Dieu nous envoie\u00a0\u00bb. En entendant ces mots dans leur langue, ils ont compris qui nous \u00e9tions, se sont calm\u00e9s et nous ont laiss\u00e9s entrer. Mais pendant cette confusion, j&rsquo;entendais s\u0153ur Maria r\u00e9p\u00e9ter <strong>: \u00ab\u00a0Vierge Immacul\u00e9e, Marie Auxiliatrice, sauve-nous<\/strong>\u00a0\u00bb et elle nous exhortait : \u00ab\u00a0Ayons confiance en la Sainte Vierge, elle nous sauvera. Elle nous sauvera.\u00a0\u00bb<\/p>\n<p><strong>Sa fermet\u00e9 et sa grande d\u00e9votion m&rsquo;ont marqu\u00e9 et<\/strong> m&rsquo;ont aid\u00e9 \u00e0 grandir dans ma foi et ma confiance en une si bonne m\u00e8re. Aujourd&rsquo;hui, j&rsquo;ai d\u00e9j\u00e0 79 ans et je garde vivant le souvenir de ses grandes vertus. C&rsquo;\u00e9tait une sainte ! Je souhaite et je demande \u00e0 Dieu qu&rsquo;elle monte bient\u00f4t aux honneurs des autels, pour obtenir son intercession au Ciel\u00a0\u00bb.<\/p>\n<p>S\u0153ur Sarlota Nieto, qui, lorsqu&rsquo;elle \u00e9tait novice, \u00e9tait venue \u00e0 Macas avec s\u0153ur Maria et avait v\u00e9cu avec elle pendant 17 ans sans interruption, raconte :<\/p>\n<p>\u00ab\u00a0<strong>Le chapelet \u00e9tait la pri\u00e8re pr\u00e9f\u00e9r\u00e9e de S\u0153ur Maria Troncatti : <\/strong>sa journ\u00e9e \u00e9tait sem\u00e9e d&rsquo;Ave Maria et la participation au chapelet de l&rsquo;aube \u00e9tait un devoir sacr\u00e9, un d\u00e9lice pour son \u00e2me amoureuse de la Vierge Marie.<\/p>\n<p>Elle avait coutume de dire : \u00ab\u00a0Les religieuses que nous sommes doivent donner le bon exemple\u00a0\u00bb. C&rsquo;est pourquoi elle \u00e9tait la premi\u00e8re \u00e0 se rendre au rosaire d\u00e8s l&rsquo;aube en compagnie des deux s\u0153urs qui composaient la communaut\u00e9.<\/p>\n<p>Cette d\u00e9votion et cet amour de la Vierge sous le titre de \u00ab\u00a0Tr\u00e8s Pure\u00a0\u00bb, elle l&rsquo;inculquait \u00e0 tous ceux qui s&rsquo;approchaient d&rsquo;elle pour lui faire part de leurs peines et de leurs souffrances. Elle les faisait prier et leur disait<strong>: \u00ab\u00a0Nous devons toujours nous confier \u00e0 Dieu et \u00e0 l&rsquo;Immacul\u00e9e Conception<\/strong>: ils peuvent r\u00e9pondre \u00e0 tous nos besoins.\u00a0\u00bb<\/p>\n<p><img decoding=\"async\" class=\"size-full wp-image-101616 aligncenter lazyload\" data-src=\"https:\/\/www.cgfmanet.org\/wp-content\/uploads\/2023\/12\/Troncatti_Immacolata.jpg\" alt=\"\" width=\"1181\" height=\"787\" data-srcset=\"https:\/\/www.cgfmanet.org\/wp-content\/uploads\/2023\/12\/Troncatti_Immacolata.jpg 1181w, https:\/\/www.cgfmanet.org\/wp-content\/uploads\/2023\/12\/Troncatti_Immacolata-768x512.jpg 768w, https:\/\/www.cgfmanet.org\/wp-content\/uploads\/2023\/12\/Troncatti_Immacolata-696x464.jpg 696w, https:\/\/www.cgfmanet.org\/wp-content\/uploads\/2023\/12\/Troncatti_Immacolata-630x420.jpg 630w\" data-sizes=\"auto\" src=\"data:image\/svg+xml;base64,PHN2ZyB3aWR0aD0iMSIgaGVpZ2h0PSIxIiB4bWxucz0iaHR0cDovL3d3dy53My5vcmcvMjAwMC9zdmciPjwvc3ZnPg==\" style=\"--smush-placeholder-width: 1181px; --smush-placeholder-aspect-ratio: 1181\/787;\" data-original-sizes=\"(max-width: 1181px) 100vw, 1181px\" \/><\/p>\n<p>Aimer le Seigneur et vivre en union avec Lui par la pri\u00e8re et le travail pour le salut des \u00e2mes, telle \u00e9tait la vie de s\u0153ur Maria et elle nous l&rsquo;a inculqu\u00e9e par la parole et par l&rsquo;exemple\u00a0\u00bb.<\/p>\n<p>Mme Zoila raconte : \u00ab\u00a0S\u0153ur Maria \u00e9tait notre m\u00e9decin, tant sur le plan mat\u00e9riel que spirituel. Elle \u00e9tait disponible pour tout. \u00ab\u00a0Nous devons prier, nous disait-elle, ne nous inqui\u00e9tons pas\u2026. Allons en paix&#8230; Le Seigneur arrangera les choses&#8230; La Vierge, notre M\u00e8re, est l\u00e0 pour nous aider, pour obtenir de notre P\u00e8re la gr\u00e2ce\u00a0\u00bb. <strong>S\u0153ur Maria \u00e9tait une femme de foi profonde et elle nous a inculqu\u00e9 l&rsquo;amour de Dieu et de la Sainte Vierge.<\/strong><\/p>\n<p>La mission \u00e9tait comme notre maison. Tous, se consid\u00e9rant de la famille, s&rsquo;y rendaient pour tout besoin. Lorsque nous allions au chapelet le samedi matin \u00e0 l&rsquo;aube, nous trouvions toujours s\u0153ur Maria d\u00e9j\u00e0 r\u00e9unie en conversation fervente avec J\u00e9sus et Marie, ce qui augmentait notre confiance en sa pri\u00e8re. Notre confiance se poursuit encore aujourd&rsquo;hui, car sa pri\u00e8re interc\u00e8de encore pour nous\u00a0\u00bb.<\/p>\n","protected":false},"excerpt":{"rendered":"<p>Rome (Italie). Le 8 d\u00e9cembre 2024, nous c\u00e9l\u00e9brons la solennit\u00e9 de l&rsquo;Immacul\u00e9e Conception de Marie, particuli\u00e8rement ch\u00e8re \u00e0 la Famille sal\u00e9sienne parce que Don Bosco fait remonter l&rsquo;origine de son [&hellip;]<\/p>\n","protected":false},"author":21,"featured_media":124485,"comment_status":"open","ping_status":"closed","sticky":false,"template":"","format":"standard","meta":{"footnotes":""},"categories":[36,188],"tags":[1450,1638,1661,1929,2382],"class_list":["post-124490","post","type-post","status-publish","format-standard","has-post-thumbnail","category-info-sphere","category-eglise","tag-saintete-salesienne","tag-maria-troncatti-en-fr","tag-carisma-salesiano-fr","tag-focus-fr","tag-maria-fr"],"yoast_head":"<!-- This site is optimized with the Yoast SEO plugin v27.4 - https:\/\/yoast.com\/product\/yoast-seo-wordpress\/ -->\n<title>La d\u00e9votion mariale de s\u0153ur Maria Troncatti &#8226; Istituto Figlie di Maria Ausiliatrice<\/title>\n<meta name=\"description\" content=\"La bienheureuse Maria Troncatti, aujourd&#039;hui proche de sa canonisation, a v\u00e9cu un lien particulier avec Marie Immacul\u00e9e.\" \/>\n<meta name=\"robots\" content=\"index, follow, max-snippet:-1, max-image-preview:large, max-video-preview:-1\" \/>\n<link rel=\"canonical\" href=\"https:\/\/www.cgfmanet.org\/fr\/info-sphere\/eglise\/la-devotion-mariale-de-soeur-maria-troncatti\/\" \/>\n<meta property=\"og:locale\" content=\"fr_FR\" \/>\n<meta property=\"og:type\" content=\"article\" \/>\n<meta property=\"og:title\" content=\"La d\u00e9votion mariale de s\u0153ur Maria Troncatti &#8226; Istituto Figlie di Maria Ausiliatrice\" \/>\n<meta property=\"og:description\" content=\"La bienheureuse Maria Troncatti, aujourd&#039;hui proche de sa canonisation, a v\u00e9cu un lien particulier avec Marie Immacul\u00e9e.\" \/>\n<meta property=\"og:url\" content=\"https:\/\/www.cgfmanet.org\/fr\/info-sphere\/eglise\/la-devotion-mariale-de-soeur-maria-troncatti\/\" \/>\n<meta property=\"og:site_name\" content=\"Istituto Figlie di Maria Ausiliatrice\" \/>\n<meta property=\"article:publisher\" content=\"https:\/\/www.facebook.com\/salesian.sisters.of.don.bosco\/\" \/>\n<meta property=\"article:published_time\" content=\"2024-12-06T09:24:33+00:00\" \/>\n<meta property=\"article:modified_time\" content=\"2024-12-12T20:48:07+00:00\" \/>\n<meta property=\"og:image\" content=\"https:\/\/www.cgfmanet.org\/wp-content\/uploads\/2024\/12\/Maria-Troncatti_devozione-mariana.jpg\" \/>\n\t<meta property=\"og:image:width\" content=\"1182\" \/>\n\t<meta property=\"og:image:height\" content=\"789\" \/>\n\t<meta property=\"og:image:type\" content=\"image\/jpeg\" \/>\n<meta name=\"author\" content=\"Redazione\" \/>\n<meta name=\"twitter:card\" content=\"summary_large_image\" \/>\n<meta name=\"twitter:creator\" content=\"@Cgfmanet_Org\" \/>\n<meta name=\"twitter:site\" content=\"@Cgfmanet_Org\" \/>\n<meta name=\"twitter:label1\" content=\"\u00c9crit par\" \/>\n\t<meta name=\"twitter:data1\" content=\"Redazione\" \/>\n\t<meta name=\"twitter:label2\" content=\"Dur\u00e9e de lecture estim\u00e9e\" \/>\n\t<meta name=\"twitter:data2\" content=\"6 minutes\" \/>\n<script type=\"application\/ld+json\" class=\"yoast-schema-graph\">{\"@context\":\"https:\\\/\\\/schema.org\",\"@graph\":[{\"@type\":\"Article\",\"@id\":\"https:\\\/\\\/www.cgfmanet.org\\\/fr\\\/info-sphere\\\/eglise\\\/la-devotion-mariale-de-soeur-maria-troncatti\\\/#article\",\"isPartOf\":{\"@id\":\"https:\\\/\\\/www.cgfmanet.org\\\/fr\\\/info-sphere\\\/eglise\\\/la-devotion-mariale-de-soeur-maria-troncatti\\\/\"},\"author\":{\"name\":\"Redazione\",\"@id\":\"https:\\\/\\\/www.cgfmanet.org\\\/es\\\/#\\\/schema\\\/person\\\/ce6473083f53ef0ef882cca23f0c8fb9\"},\"headline\":\"La d\u00e9votion mariale de s\u0153ur Maria Troncatti\",\"datePublished\":\"2024-12-06T09:24:33+00:00\",\"dateModified\":\"2024-12-12T20:48:07+00:00\",\"mainEntityOfPage\":{\"@id\":\"https:\\\/\\\/www.cgfmanet.org\\\/fr\\\/info-sphere\\\/eglise\\\/la-devotion-mariale-de-soeur-maria-troncatti\\\/\"},\"wordCount\":1031,\"commentCount\":4,\"publisher\":{\"@id\":\"https:\\\/\\\/www.cgfmanet.org\\\/es\\\/#organization\"},\"image\":{\"@id\":\"https:\\\/\\\/www.cgfmanet.org\\\/fr\\\/info-sphere\\\/eglise\\\/la-devotion-mariale-de-soeur-maria-troncatti\\\/#primaryimage\"},\"thumbnailUrl\":\"https:\\\/\\\/www.cgfmanet.org\\\/wp-content\\\/uploads\\\/2024\\\/12\\\/Maria-Troncatti_devozione-mariana.jpg\",\"keywords\":[\"Saintet\u00e9 Sal\u00e9sienne\",\"Maria Troncatti\",\"Carisma salesiano\",\"Focus\",\"Maria\"],\"articleSection\":[\"Infosph\u00e8re\",\"Eglise\"],\"inLanguage\":\"fr-FR\",\"potentialAction\":[{\"@type\":\"CommentAction\",\"name\":\"Comment\",\"target\":[\"https:\\\/\\\/www.cgfmanet.org\\\/fr\\\/info-sphere\\\/eglise\\\/la-devotion-mariale-de-soeur-maria-troncatti\\\/#respond\"]}]},{\"@type\":\"WebPage\",\"@id\":\"https:\\\/\\\/www.cgfmanet.org\\\/fr\\\/info-sphere\\\/eglise\\\/la-devotion-mariale-de-soeur-maria-troncatti\\\/\",\"url\":\"https:\\\/\\\/www.cgfmanet.org\\\/fr\\\/info-sphere\\\/eglise\\\/la-devotion-mariale-de-soeur-maria-troncatti\\\/\",\"name\":\"La d\u00e9votion mariale de s\u0153ur Maria Troncatti &#8226; Istituto Figlie di Maria Ausiliatrice\",\"isPartOf\":{\"@id\":\"https:\\\/\\\/www.cgfmanet.org\\\/es\\\/#website\"},\"primaryImageOfPage\":{\"@id\":\"https:\\\/\\\/www.cgfmanet.org\\\/fr\\\/info-sphere\\\/eglise\\\/la-devotion-mariale-de-soeur-maria-troncatti\\\/#primaryimage\"},\"image\":{\"@id\":\"https:\\\/\\\/www.cgfmanet.org\\\/fr\\\/info-sphere\\\/eglise\\\/la-devotion-mariale-de-soeur-maria-troncatti\\\/#primaryimage\"},\"thumbnailUrl\":\"https:\\\/\\\/www.cgfmanet.org\\\/wp-content\\\/uploads\\\/2024\\\/12\\\/Maria-Troncatti_devozione-mariana.jpg\",\"datePublished\":\"2024-12-06T09:24:33+00:00\",\"dateModified\":\"2024-12-12T20:48:07+00:00\",\"description\":\"La bienheureuse Maria Troncatti, aujourd'hui proche de sa canonisation, a v\u00e9cu un lien particulier avec Marie Immacul\u00e9e.\",\"breadcrumb\":{\"@id\":\"https:\\\/\\\/www.cgfmanet.org\\\/fr\\\/info-sphere\\\/eglise\\\/la-devotion-mariale-de-soeur-maria-troncatti\\\/#breadcrumb\"},\"inLanguage\":\"fr-FR\",\"potentialAction\":[{\"@type\":\"ReadAction\",\"target\":[\"https:\\\/\\\/www.cgfmanet.org\\\/fr\\\/info-sphere\\\/eglise\\\/la-devotion-mariale-de-soeur-maria-troncatti\\\/\"]}]},{\"@type\":\"ImageObject\",\"inLanguage\":\"fr-FR\",\"@id\":\"https:\\\/\\\/www.cgfmanet.org\\\/fr\\\/info-sphere\\\/eglise\\\/la-devotion-mariale-de-soeur-maria-troncatti\\\/#primaryimage\",\"url\":\"https:\\\/\\\/www.cgfmanet.org\\\/wp-content\\\/uploads\\\/2024\\\/12\\\/Maria-Troncatti_devozione-mariana.jpg\",\"contentUrl\":\"https:\\\/\\\/www.cgfmanet.org\\\/wp-content\\\/uploads\\\/2024\\\/12\\\/Maria-Troncatti_devozione-mariana.jpg\",\"width\":1182,\"height\":789,\"caption\":\"image description\"},{\"@type\":\"BreadcrumbList\",\"@id\":\"https:\\\/\\\/www.cgfmanet.org\\\/fr\\\/info-sphere\\\/eglise\\\/la-devotion-mariale-de-soeur-maria-troncatti\\\/#breadcrumb\",\"itemListElement\":[{\"@type\":\"ListItem\",\"position\":1,\"name\":\"Home\",\"item\":\"https:\\\/\\\/www.cgfmanet.org\\\/fr\\\/\"},{\"@type\":\"ListItem\",\"position\":2,\"name\":\"La d\u00e9votion mariale de s\u0153ur Maria Troncatti\"}]},{\"@type\":\"WebSite\",\"@id\":\"https:\\\/\\\/www.cgfmanet.org\\\/es\\\/#website\",\"url\":\"https:\\\/\\\/www.cgfmanet.org\\\/es\\\/\",\"name\":\"Istituto Figlie di Maria Ausiliatrice\",\"description\":\"Salesiane di Don Bosco\",\"publisher\":{\"@id\":\"https:\\\/\\\/www.cgfmanet.org\\\/es\\\/#organization\"},\"potentialAction\":[{\"@type\":\"SearchAction\",\"target\":{\"@type\":\"EntryPoint\",\"urlTemplate\":\"https:\\\/\\\/www.cgfmanet.org\\\/es\\\/?s={search_term_string}\"},\"query-input\":{\"@type\":\"PropertyValueSpecification\",\"valueRequired\":true,\"valueName\":\"search_term_string\"}}],\"inLanguage\":\"fr-FR\"},{\"@type\":\"Organization\",\"@id\":\"https:\\\/\\\/www.cgfmanet.org\\\/es\\\/#organization\",\"name\":\"Istituto Figlie di Maria Ausiliatrice\",\"url\":\"https:\\\/\\\/www.cgfmanet.org\\\/es\\\/\",\"logo\":{\"@type\":\"ImageObject\",\"inLanguage\":\"fr-FR\",\"@id\":\"https:\\\/\\\/www.cgfmanet.org\\\/es\\\/#\\\/schema\\\/logo\\\/image\\\/\",\"url\":\"https:\\\/\\\/www.cgfmanet.org\\\/wp-content\\\/uploads\\\/2018\\\/10\\\/logo-fma.png\",\"contentUrl\":\"https:\\\/\\\/www.cgfmanet.org\\\/wp-content\\\/uploads\\\/2018\\\/10\\\/logo-fma.png\",\"width\":214,\"height\":55,\"caption\":\"Istituto Figlie di Maria Ausiliatrice\"},\"image\":{\"@id\":\"https:\\\/\\\/www.cgfmanet.org\\\/es\\\/#\\\/schema\\\/logo\\\/image\\\/\"},\"sameAs\":[\"https:\\\/\\\/www.facebook.com\\\/salesian.sisters.of.don.bosco\\\/\",\"https:\\\/\\\/x.com\\\/Cgfmanet_Org\",\"https:\\\/\\\/www.youtube.com\\\/channel\\\/UCmcr8yFQBV7JXeXVxyV9y5Q\"]},{\"@type\":\"Person\",\"@id\":\"https:\\\/\\\/www.cgfmanet.org\\\/es\\\/#\\\/schema\\\/person\\\/ce6473083f53ef0ef882cca23f0c8fb9\",\"name\":\"Redazione\"}]}<\/script>\n<!-- \/ Yoast SEO plugin. -->","yoast_head_json":{"title":"La d\u00e9votion mariale de s\u0153ur Maria Troncatti &#8226; Istituto Figlie di Maria Ausiliatrice","description":"La bienheureuse Maria Troncatti, aujourd'hui proche de sa canonisation, a v\u00e9cu un lien particulier avec Marie Immacul\u00e9e.","robots":{"index":"index","follow":"follow","max-snippet":"max-snippet:-1","max-image-preview":"max-image-preview:large","max-video-preview":"max-video-preview:-1"},"canonical":"https:\/\/www.cgfmanet.org\/fr\/info-sphere\/eglise\/la-devotion-mariale-de-soeur-maria-troncatti\/","og_locale":"fr_FR","og_type":"article","og_title":"La d\u00e9votion mariale de s\u0153ur Maria Troncatti &#8226; Istituto Figlie di Maria Ausiliatrice","og_description":"La bienheureuse Maria Troncatti, aujourd'hui proche de sa canonisation, a v\u00e9cu un lien particulier avec Marie Immacul\u00e9e.","og_url":"https:\/\/www.cgfmanet.org\/fr\/info-sphere\/eglise\/la-devotion-mariale-de-soeur-maria-troncatti\/","og_site_name":"Istituto Figlie di Maria Ausiliatrice","article_publisher":"https:\/\/www.facebook.com\/salesian.sisters.of.don.bosco\/","article_published_time":"2024-12-06T09:24:33+00:00","article_modified_time":"2024-12-12T20:48:07+00:00","og_image":[{"width":1182,"height":789,"url":"https:\/\/www.cgfmanet.org\/wp-content\/uploads\/2024\/12\/Maria-Troncatti_devozione-mariana.jpg","type":"image\/jpeg"}],"author":"Redazione","twitter_card":"summary_large_image","twitter_creator":"@Cgfmanet_Org","twitter_site":"@Cgfmanet_Org","twitter_misc":{"\u00c9crit par":"Redazione","Dur\u00e9e de lecture estim\u00e9e":"6 minutes"},"schema":{"@context":"https:\/\/schema.org","@graph":[{"@type":"Article","@id":"https:\/\/www.cgfmanet.org\/fr\/info-sphere\/eglise\/la-devotion-mariale-de-soeur-maria-troncatti\/#article","isPartOf":{"@id":"https:\/\/www.cgfmanet.org\/fr\/info-sphere\/eglise\/la-devotion-mariale-de-soeur-maria-troncatti\/"},"author":{"name":"Redazione","@id":"https:\/\/www.cgfmanet.org\/es\/#\/schema\/person\/ce6473083f53ef0ef882cca23f0c8fb9"},"headline":"La d\u00e9votion mariale de s\u0153ur Maria Troncatti","datePublished":"2024-12-06T09:24:33+00:00","dateModified":"2024-12-12T20:48:07+00:00","mainEntityOfPage":{"@id":"https:\/\/www.cgfmanet.org\/fr\/info-sphere\/eglise\/la-devotion-mariale-de-soeur-maria-troncatti\/"},"wordCount":1031,"commentCount":4,"publisher":{"@id":"https:\/\/www.cgfmanet.org\/es\/#organization"},"image":{"@id":"https:\/\/www.cgfmanet.org\/fr\/info-sphere\/eglise\/la-devotion-mariale-de-soeur-maria-troncatti\/#primaryimage"},"thumbnailUrl":"https:\/\/www.cgfmanet.org\/wp-content\/uploads\/2024\/12\/Maria-Troncatti_devozione-mariana.jpg","keywords":["Saintet\u00e9 Sal\u00e9sienne","Maria Troncatti","Carisma salesiano","Focus","Maria"],"articleSection":["Infosph\u00e8re","Eglise"],"inLanguage":"fr-FR","potentialAction":[{"@type":"CommentAction","name":"Comment","target":["https:\/\/www.cgfmanet.org\/fr\/info-sphere\/eglise\/la-devotion-mariale-de-soeur-maria-troncatti\/#respond"]}]},{"@type":"WebPage","@id":"https:\/\/www.cgfmanet.org\/fr\/info-sphere\/eglise\/la-devotion-mariale-de-soeur-maria-troncatti\/","url":"https:\/\/www.cgfmanet.org\/fr\/info-sphere\/eglise\/la-devotion-mariale-de-soeur-maria-troncatti\/","name":"La d\u00e9votion mariale de s\u0153ur Maria Troncatti &#8226; Istituto Figlie di Maria Ausiliatrice","isPartOf":{"@id":"https:\/\/www.cgfmanet.org\/es\/#website"},"primaryImageOfPage":{"@id":"https:\/\/www.cgfmanet.org\/fr\/info-sphere\/eglise\/la-devotion-mariale-de-soeur-maria-troncatti\/#primaryimage"},"image":{"@id":"https:\/\/www.cgfmanet.org\/fr\/info-sphere\/eglise\/la-devotion-mariale-de-soeur-maria-troncatti\/#primaryimage"},"thumbnailUrl":"https:\/\/www.cgfmanet.org\/wp-content\/uploads\/2024\/12\/Maria-Troncatti_devozione-mariana.jpg","datePublished":"2024-12-06T09:24:33+00:00","dateModified":"2024-12-12T20:48:07+00:00","description":"La bienheureuse Maria Troncatti, aujourd'hui proche de sa canonisation, a v\u00e9cu un lien particulier avec Marie Immacul\u00e9e.","breadcrumb":{"@id":"https:\/\/www.cgfmanet.org\/fr\/info-sphere\/eglise\/la-devotion-mariale-de-soeur-maria-troncatti\/#breadcrumb"},"inLanguage":"fr-FR","potentialAction":[{"@type":"ReadAction","target":["https:\/\/www.cgfmanet.org\/fr\/info-sphere\/eglise\/la-devotion-mariale-de-soeur-maria-troncatti\/"]}]},{"@type":"ImageObject","inLanguage":"fr-FR","@id":"https:\/\/www.cgfmanet.org\/fr\/info-sphere\/eglise\/la-devotion-mariale-de-soeur-maria-troncatti\/#primaryimage","url":"https:\/\/www.cgfmanet.org\/wp-content\/uploads\/2024\/12\/Maria-Troncatti_devozione-mariana.jpg","contentUrl":"https:\/\/www.cgfmanet.org\/wp-content\/uploads\/2024\/12\/Maria-Troncatti_devozione-mariana.jpg","width":1182,"height":789,"caption":"image description"},{"@type":"BreadcrumbList","@id":"https:\/\/www.cgfmanet.org\/fr\/info-sphere\/eglise\/la-devotion-mariale-de-soeur-maria-troncatti\/#breadcrumb","itemListElement":[{"@type":"ListItem","position":1,"name":"Home","item":"https:\/\/www.cgfmanet.org\/fr\/"},{"@type":"ListItem","position":2,"name":"La d\u00e9votion mariale de s\u0153ur Maria Troncatti"}]},{"@type":"WebSite","@id":"https:\/\/www.cgfmanet.org\/es\/#website","url":"https:\/\/www.cgfmanet.org\/es\/","name":"Istituto Figlie di Maria Ausiliatrice","description":"Salesiane di Don Bosco","publisher":{"@id":"https:\/\/www.cgfmanet.org\/es\/#organization"},"potentialAction":[{"@type":"SearchAction","target":{"@type":"EntryPoint","urlTemplate":"https:\/\/www.cgfmanet.org\/es\/?s={search_term_string}"},"query-input":{"@type":"PropertyValueSpecification","valueRequired":true,"valueName":"search_term_string"}}],"inLanguage":"fr-FR"},{"@type":"Organization","@id":"https:\/\/www.cgfmanet.org\/es\/#organization","name":"Istituto Figlie di Maria Ausiliatrice","url":"https:\/\/www.cgfmanet.org\/es\/","logo":{"@type":"ImageObject","inLanguage":"fr-FR","@id":"https:\/\/www.cgfmanet.org\/es\/#\/schema\/logo\/image\/","url":"https:\/\/www.cgfmanet.org\/wp-content\/uploads\/2018\/10\/logo-fma.png","contentUrl":"https:\/\/www.cgfmanet.org\/wp-content\/uploads\/2018\/10\/logo-fma.png","width":214,"height":55,"caption":"Istituto Figlie di Maria Ausiliatrice"},"image":{"@id":"https:\/\/www.cgfmanet.org\/es\/#\/schema\/logo\/image\/"},"sameAs":["https:\/\/www.facebook.com\/salesian.sisters.of.don.bosco\/","https:\/\/x.com\/Cgfmanet_Org","https:\/\/www.youtube.com\/channel\/UCmcr8yFQBV7JXeXVxyV9y5Q"]},{"@type":"Person","@id":"https:\/\/www.cgfmanet.org\/es\/#\/schema\/person\/ce6473083f53ef0ef882cca23f0c8fb9","name":"Redazione"}]}},"_links":{"self":[{"href":"https:\/\/www.cgfmanet.org\/fr\/wp-json\/wp\/v2\/posts\/124490","targetHints":{"allow":["GET"]}}],"collection":[{"href":"https:\/\/www.cgfmanet.org\/fr\/wp-json\/wp\/v2\/posts"}],"about":[{"href":"https:\/\/www.cgfmanet.org\/fr\/wp-json\/wp\/v2\/types\/post"}],"author":[{"embeddable":true,"href":"https:\/\/www.cgfmanet.org\/fr\/wp-json\/wp\/v2\/users\/21"}],"replies":[{"embeddable":true,"href":"https:\/\/www.cgfmanet.org\/fr\/wp-json\/wp\/v2\/comments?post=124490"}],"version-history":[{"count":3,"href":"https:\/\/www.cgfmanet.org\/fr\/wp-json\/wp\/v2\/posts\/124490\/revisions"}],"predecessor-version":[{"id":124875,"href":"https:\/\/www.cgfmanet.org\/fr\/wp-json\/wp\/v2\/posts\/124490\/revisions\/124875"}],"wp:featuredmedia":[{"embeddable":true,"href":"https:\/\/www.cgfmanet.org\/fr\/wp-json\/wp\/v2\/media\/124485"}],"wp:attachment":[{"href":"https:\/\/www.cgfmanet.org\/fr\/wp-json\/wp\/v2\/media?parent=124490"}],"wp:term":[{"taxonomy":"category","embeddable":true,"href":"https:\/\/www.cgfmanet.org\/fr\/wp-json\/wp\/v2\/categories?post=124490"},{"taxonomy":"post_tag","embeddable":true,"href":"https:\/\/www.cgfmanet.org\/fr\/wp-json\/wp\/v2\/tags?post=124490"}],"curies":[{"name":"wp","href":"https:\/\/api.w.org\/{rel}","templated":true}]}}