{"id":123872,"date":"2024-11-24T09:43:19","date_gmt":"2024-11-24T08:43:19","guid":{"rendered":"https:\/\/www.cgfmanet.org\/info-sphere\/giornata-internazionale-per-leliminazione-della-violenza-contro-le-donne-2024\/"},"modified":"2024-11-25T22:21:15","modified_gmt":"2024-11-25T21:21:15","slug":"journee-internationale-pour-lelimination-de-la-violence-a-legard-des-femmes-2024","status":"publish","type":"post","link":"https:\/\/www.cgfmanet.org\/fr\/info-sphere\/droits-humains\/journee-internationale-pour-lelimination-de-la-violence-a-legard-des-femmes-2024\/","title":{"rendered":"Journ\u00e9e Internationale pour l\u2019Elimination de la Violence \u00e0 l\u2019\u00e9gard des femmes 2024"},"content":{"rendered":"<p><strong>Rome (Italie).<\/strong> Le 25 novembre 2024 c\u00e9l\u00e8bre la 25<sup>\u00e8me<\/sup> Journ\u00e9e Internationale pour l\u2019\u00e9limination de la violence \u00e0 l\u2019\u00e9gard des femmes, institu\u00e9e par l\u2019Assembl\u00e9e G\u00e9n\u00e9rale des Nations Unies par la r\u00e9solution No 54\/134 du 17 d\u00e9cembre 1999, invitant les gouvernements, les organisations internationales et les ONG \u00e0 organiser des activit\u00e9s de sensibilisation de l\u2019opinion publique sur cette question.<\/p>\n<p>Cette date a \u00e9t\u00e9 choisie afin de comm\u00e9morer le meurtre brutal, qui a eu lieu en 1960, des s\u0153urs Mirabal en R\u00e9publique Dominicaine, car elles \u00e9taient consid\u00e9r\u00e9es comme des r\u00e9volutionnaires.<\/p>\n<p>La violence \u00e0 l\u2019\u00e9gard des femmes et des filles ces derni\u00e8res ann\u00e9es ne semble pas perdre de son intensit\u00e9, restant l\u2019une des violations des droits de l\u2019homme les plus r\u00e9pandues avec des donn\u00e9es impressionnantes\u00a0: les <span style=\"color: #0000ff;\"><strong><a style=\"color: #0000ff;\" href=\"https:\/\/www.unwomen.org\/en\/what-we-do\/ending-violence-against-women\/unite\/theme\" target=\"_blank\" rel=\"noopener\">Nations Unies<\/a><\/strong><\/span> d\u00e9noncent, en effet, qu\u2019en <strong>2023, dans le monde, une femme \u00e9tait tu\u00e9e toutes les 10 minutes par un proche ou un partenaire.<\/strong><\/p>\n<p>La violence \u00e0 l\u2019\u00e9gard des femmes se manifeste sous diverses formes\u00a0: maltraitances, abus psychologiques, violence et exploitation sexuelles, mariages forc\u00e9s, mutilations g\u00e9nitales f\u00e9minines, harc\u00e8lement ou cyberharc\u00e8lement.<\/p>\n<p>Selon l\u2019article No 1 de la D\u00e9claration sur l\u2019Elimination de la Violence \u00e0 l\u2019\u00e9gard des Femmes, promulgu\u00e9e par l\u2019Assembl\u00e9e G\u00e9n\u00e9rale des Nations Unies en 1993, la violence \u00e0 l\u2019\u00e9gard des femmes est d\u00e9finie comme <em>\u2018\u2019tout acte de violence fond\u00e9e sur le genre qui entra\u00eene ou est susceptible d\u2019entra\u00eener, un pr\u00e9judice ou des souffrances physiques, sexuelles ou psychologiques pour les femmes, y compris la menace de tels actes, la coercition ou la privation arbitraire de libert\u00e9, que ce soit dans la vie publique ou priv\u00e9e\u2019\u2019.<\/em><\/p>\n<p>Tout cela cause des dommages physiques et psychologiques permanents aux femmes, compromettant leur sant\u00e9, provoquant souvent des ph\u00e9nom\u00e8nes de d\u00e9pression, d\u2019anxi\u00e9t\u00e9 ou la transmission de maladie telles que le VIH.<\/p>\n<p>Les Nations Unies estiment qu\u2019<strong>environ 736 millions de femmes dans le monde \u2013 soit environ 1 sur 3 \u2013 ont \u00e9t\u00e9 victimes de violences sexuelles ou psychologiques, ou des deux, au moins une fois dans leur vie.<\/strong> La plupart de ces violences sont perp\u00e9tr\u00e9es par un partenaire ou un proche.<\/p>\n<p>La violence \u00e0 l\u2019\u00e9gard des femmes peut \u00eatre combattue que par des efforts conjoints des femmes et des hommes, une coop\u00e9ration internationale et un profond changement de mentalit\u00e9s et de politiques. Dans ce but, les Nations Unies ont lanc\u00e9 la campagne de sensibilisation <strong>#NoExcuse<\/strong>. <strong>UNiTE to End Violence against Women.<\/strong> En effet, il n\u2019existe aucune excuse acceptable pour commettre cette grave violation des droits de l\u2019homme.<\/p>\n<p><strong>Le VIDES International et la Fondation FVGS ETS travaillent dans le but commun de promouvoir l\u2019autonomisation des femmes depuis leur cr\u00e9ation.<\/strong><\/p>\n<p>Plus pr\u00e9cis\u00e9ment, le <span style=\"color: #0000ff;\"><strong><a style=\"color: #0000ff;\" href=\"https:\/\/www.vides.org\/\" target=\"_blank\" rel=\"noopener\">VIDES International<\/a><\/strong><\/span> met en \u0153uvre depuis 2023 le projet <em>\u2018\u2019Un revenu durable pour les femmes des tribus gr\u00e2ce \u00e0 la formation professionnelle, \u00e0 l\u2019acc\u00e8s au march\u00e9 et \u00e0 la conservation \u00e9cologique\u2019\u2019<\/em> dans le nord de l\u2019Inde, dans le but de renforcer l\u2019autonomie et l\u2019ind\u00e9pendance des femmes. Cette initiative, \u00e0 travers la cr\u00e9ation de mesures de subsistance durable, vise \u00e0 \u00e9duquer les femmes \u00e0 l\u2019entreprenariat et \u00e0 la r\u00e9alisation de programmes de protection environnemental. Le projet vise \u00e0 offrir une r\u00e9ponse concr\u00e8te \u00e0 l\u2019un des probl\u00e8mes les plus urgents auxquels sont confront\u00e9es les femmes qui, en Inde, souffrent de discrimination end\u00e9mique dans de nombreux aspects de la vie, dans l\u2019acc\u00e8s \u00e0 l\u2019instruction, \u00e0 l\u2019alimentation, \u00e0 la sant\u00e9, au travail, \u00e0 la s\u00e9curit\u00e9. En effet, comme l\u2019a rapport\u00e9 la Commission Nationale Indienne pour les Femmes, les signalements de violence domestique ont \u00e9t\u00e9 multipli\u00e9s par plus de 2 ces derni\u00e8res ann\u00e9es.<\/p>\n<p>La <strong>Fondation<\/strong><strong>\u00a0<span style=\"color: #0000ff;\"><a style=\"color: #0000ff;\" href=\"https:\/\/www.fondazionefvgs.it\/\" target=\"_blank\" rel=\"noopener\">FVGS ETS<\/a><\/span><\/strong>, consciente que m\u00eame les d\u00e9s\u00e9quilibres li\u00e9s \u00e0 l\u2019\u00e9ducation peuvent avoir de graves cons\u00e9quences sur l\u2019avenir des femmes et sur leur possibilit\u00e9 de trouver un emploi d\u00e9cent qui leur permette de ne pas d\u00e9pendre \u00e9conomiquement d\u2019un homme, promeut depuis sa cr\u00e9ation un Revenu \u00e0 Distance, visant \u00e0 donner \u00e0 des milliers de filles \u00e0 travers le monde la possibilit\u00e9 d\u2019aller \u00e0 l\u2019\u00e9cole et de conna\u00eetre leurs droits.<\/p>\n<p>Comme le rappelle le <strong>Pape Fran\u00e7ois\u00a0:<\/strong> <strong><em>\u2018\u2019La renaissance de l\u2019humanit\u00e9 a commenc\u00e9 avec les femmes.<\/em><\/strong><em> Les femmes sont sources de la vie. Et pourtant, elles sont continuellement offens\u00e9es, battues, violent\u00e9es, pouss\u00e9es \u00e0 se prostituer et \u00e0 supprimer la vie qu\u2019elles portent dans leur sein. <\/em><strong><em>Toute violence inflig\u00e9e aux femmes est une profanation de Dieu, n\u00e9 de la femme.<\/em><\/strong><em> Du corps d\u2019une femme est venu le salut pour l\u2019humanit\u00e9\u00a0: de la fa\u00e7on dont nous traitons le corps de la femme, nous comprenons notre niveau d\u2019humanit\u00e9\u2019\u2019.<\/em><\/p>\n","protected":false},"excerpt":{"rendered":"<p>Rome (Italie). Le 25 novembre 2024 c\u00e9l\u00e8bre la 25\u00e8me Journ\u00e9e Internationale pour l\u2019\u00e9limination de la violence \u00e0 l\u2019\u00e9gard des femmes, institu\u00e9e par l\u2019Assembl\u00e9e G\u00e9n\u00e9rale des Nations Unies par la r\u00e9solution [&hellip;]<\/p>\n","protected":false},"author":21,"featured_media":123866,"comment_status":"open","ping_status":"closed","sticky":false,"template":"","format":"standard","meta":{"footnotes":""},"categories":[36,198],"tags":[1380,1513,1929,2114],"class_list":["post-123872","post","type-post","status-publish","format-standard","has-post-thumbnail","category-info-sphere","category-droits-humains","tag-promotion-de-la-femme","tag-vides-fr","tag-focus-fr","tag-donna-fr"],"yoast_head":"<!-- This site is optimized with the Yoast SEO plugin v27.4 - https:\/\/yoast.com\/product\/yoast-seo-wordpress\/ -->\n<title>Journ\u00e9e Internationale pour l\u2019Elimination de la Violence \u00e0 l\u2019\u00e9gard des femmes 2024 &#8226; Istituto Figlie di Maria Ausiliatrice<\/title>\n<meta name=\"description\" content=\"Le 25 novembre 2024 c\u00e9l\u00e8bre la 25\u00e8me Journ\u00e9e Internationale pour l\u2019\u00e9limination de la violence \u00e0 l\u2019\u00e9gard des femmes. L\u2019engagement du VIDES International et de la Fondation FVGS ETS.\" \/>\n<meta name=\"robots\" content=\"index, follow, max-snippet:-1, max-image-preview:large, max-video-preview:-1\" \/>\n<link rel=\"canonical\" href=\"https:\/\/www.cgfmanet.org\/fr\/info-sphere\/droits-humains\/journee-internationale-pour-lelimination-de-la-violence-a-legard-des-femmes-2024\/\" \/>\n<meta property=\"og:locale\" content=\"fr_FR\" \/>\n<meta property=\"og:type\" content=\"article\" \/>\n<meta property=\"og:title\" content=\"Journ\u00e9e Internationale pour l\u2019Elimination de la Violence \u00e0 l\u2019\u00e9gard des femmes 2024 &#8226; Istituto Figlie di Maria Ausiliatrice\" \/>\n<meta property=\"og:description\" content=\"Le 25 novembre 2024 c\u00e9l\u00e8bre la 25\u00e8me Journ\u00e9e Internationale pour l\u2019\u00e9limination de la violence \u00e0 l\u2019\u00e9gard des femmes. L\u2019engagement du VIDES International et de la Fondation FVGS ETS.\" \/>\n<meta property=\"og:url\" content=\"https:\/\/www.cgfmanet.org\/fr\/info-sphere\/droits-humains\/journee-internationale-pour-lelimination-de-la-violence-a-legard-des-femmes-2024\/\" \/>\n<meta property=\"og:site_name\" content=\"Istituto Figlie di Maria Ausiliatrice\" \/>\n<meta property=\"article:publisher\" content=\"https:\/\/www.facebook.com\/salesian.sisters.of.don.bosco\/\" \/>\n<meta property=\"article:published_time\" content=\"2024-11-24T08:43:19+00:00\" \/>\n<meta property=\"article:modified_time\" content=\"2024-11-25T21:21:15+00:00\" \/>\n<meta property=\"og:image\" content=\"https:\/\/www.cgfmanet.org\/wp-content\/uploads\/2024\/11\/Giornata-eliminazione-violenza-donne.jpg\" \/>\n\t<meta property=\"og:image:width\" content=\"1181\" \/>\n\t<meta property=\"og:image:height\" content=\"787\" \/>\n\t<meta property=\"og:image:type\" content=\"image\/jpeg\" \/>\n<meta name=\"author\" content=\"Redazione\" \/>\n<meta name=\"twitter:card\" content=\"summary_large_image\" \/>\n<meta name=\"twitter:creator\" content=\"@Cgfmanet_Org\" \/>\n<meta name=\"twitter:site\" content=\"@Cgfmanet_Org\" \/>\n<meta name=\"twitter:label1\" content=\"\u00c9crit par\" \/>\n\t<meta name=\"twitter:data1\" content=\"Redazione\" \/>\n\t<meta name=\"twitter:label2\" content=\"Dur\u00e9e de lecture estim\u00e9e\" \/>\n\t<meta name=\"twitter:data2\" content=\"5 minutes\" \/>\n<script type=\"application\/ld+json\" class=\"yoast-schema-graph\">{\"@context\":\"https:\\\/\\\/schema.org\",\"@graph\":[{\"@type\":\"Article\",\"@id\":\"https:\\\/\\\/www.cgfmanet.org\\\/fr\\\/info-sphere\\\/droits-humains\\\/journee-internationale-pour-lelimination-de-la-violence-a-legard-des-femmes-2024\\\/#article\",\"isPartOf\":{\"@id\":\"https:\\\/\\\/www.cgfmanet.org\\\/fr\\\/info-sphere\\\/droits-humains\\\/journee-internationale-pour-lelimination-de-la-violence-a-legard-des-femmes-2024\\\/\"},\"author\":{\"name\":\"Redazione\",\"@id\":\"https:\\\/\\\/www.cgfmanet.org\\\/es\\\/#\\\/schema\\\/person\\\/ce6473083f53ef0ef882cca23f0c8fb9\"},\"headline\":\"Journ\u00e9e Internationale pour l\u2019Elimination de la Violence \u00e0 l\u2019\u00e9gard des femmes 2024\",\"datePublished\":\"2024-11-24T08:43:19+00:00\",\"dateModified\":\"2024-11-25T21:21:15+00:00\",\"mainEntityOfPage\":{\"@id\":\"https:\\\/\\\/www.cgfmanet.org\\\/fr\\\/info-sphere\\\/droits-humains\\\/journee-internationale-pour-lelimination-de-la-violence-a-legard-des-femmes-2024\\\/\"},\"wordCount\":816,\"commentCount\":2,\"publisher\":{\"@id\":\"https:\\\/\\\/www.cgfmanet.org\\\/es\\\/#organization\"},\"image\":{\"@id\":\"https:\\\/\\\/www.cgfmanet.org\\\/fr\\\/info-sphere\\\/droits-humains\\\/journee-internationale-pour-lelimination-de-la-violence-a-legard-des-femmes-2024\\\/#primaryimage\"},\"thumbnailUrl\":\"https:\\\/\\\/www.cgfmanet.org\\\/wp-content\\\/uploads\\\/2024\\\/11\\\/Giornata-eliminazione-violenza-donne.jpg\",\"keywords\":[\"Promotion de la femme\",\"Vides\",\"Focus\",\"Donna\"],\"articleSection\":[\"Infosph\u00e8re\",\"Droits Humains\"],\"inLanguage\":\"fr-FR\",\"potentialAction\":[{\"@type\":\"CommentAction\",\"name\":\"Comment\",\"target\":[\"https:\\\/\\\/www.cgfmanet.org\\\/fr\\\/info-sphere\\\/droits-humains\\\/journee-internationale-pour-lelimination-de-la-violence-a-legard-des-femmes-2024\\\/#respond\"]}]},{\"@type\":\"WebPage\",\"@id\":\"https:\\\/\\\/www.cgfmanet.org\\\/fr\\\/info-sphere\\\/droits-humains\\\/journee-internationale-pour-lelimination-de-la-violence-a-legard-des-femmes-2024\\\/\",\"url\":\"https:\\\/\\\/www.cgfmanet.org\\\/fr\\\/info-sphere\\\/droits-humains\\\/journee-internationale-pour-lelimination-de-la-violence-a-legard-des-femmes-2024\\\/\",\"name\":\"Journ\u00e9e Internationale pour l\u2019Elimination de la Violence \u00e0 l\u2019\u00e9gard des femmes 2024 &#8226; Istituto Figlie di Maria Ausiliatrice\",\"isPartOf\":{\"@id\":\"https:\\\/\\\/www.cgfmanet.org\\\/es\\\/#website\"},\"primaryImageOfPage\":{\"@id\":\"https:\\\/\\\/www.cgfmanet.org\\\/fr\\\/info-sphere\\\/droits-humains\\\/journee-internationale-pour-lelimination-de-la-violence-a-legard-des-femmes-2024\\\/#primaryimage\"},\"image\":{\"@id\":\"https:\\\/\\\/www.cgfmanet.org\\\/fr\\\/info-sphere\\\/droits-humains\\\/journee-internationale-pour-lelimination-de-la-violence-a-legard-des-femmes-2024\\\/#primaryimage\"},\"thumbnailUrl\":\"https:\\\/\\\/www.cgfmanet.org\\\/wp-content\\\/uploads\\\/2024\\\/11\\\/Giornata-eliminazione-violenza-donne.jpg\",\"datePublished\":\"2024-11-24T08:43:19+00:00\",\"dateModified\":\"2024-11-25T21:21:15+00:00\",\"description\":\"Le 25 novembre 2024 c\u00e9l\u00e8bre la 25\u00e8me Journ\u00e9e Internationale pour l\u2019\u00e9limination de la violence \u00e0 l\u2019\u00e9gard des femmes. L\u2019engagement du VIDES International et de la Fondation FVGS ETS.\",\"breadcrumb\":{\"@id\":\"https:\\\/\\\/www.cgfmanet.org\\\/fr\\\/info-sphere\\\/droits-humains\\\/journee-internationale-pour-lelimination-de-la-violence-a-legard-des-femmes-2024\\\/#breadcrumb\"},\"inLanguage\":\"fr-FR\",\"potentialAction\":[{\"@type\":\"ReadAction\",\"target\":[\"https:\\\/\\\/www.cgfmanet.org\\\/fr\\\/info-sphere\\\/droits-humains\\\/journee-internationale-pour-lelimination-de-la-violence-a-legard-des-femmes-2024\\\/\"]}]},{\"@type\":\"ImageObject\",\"inLanguage\":\"fr-FR\",\"@id\":\"https:\\\/\\\/www.cgfmanet.org\\\/fr\\\/info-sphere\\\/droits-humains\\\/journee-internationale-pour-lelimination-de-la-violence-a-legard-des-femmes-2024\\\/#primaryimage\",\"url\":\"https:\\\/\\\/www.cgfmanet.org\\\/wp-content\\\/uploads\\\/2024\\\/11\\\/Giornata-eliminazione-violenza-donne.jpg\",\"contentUrl\":\"https:\\\/\\\/www.cgfmanet.org\\\/wp-content\\\/uploads\\\/2024\\\/11\\\/Giornata-eliminazione-violenza-donne.jpg\",\"width\":1181,\"height\":787},{\"@type\":\"BreadcrumbList\",\"@id\":\"https:\\\/\\\/www.cgfmanet.org\\\/fr\\\/info-sphere\\\/droits-humains\\\/journee-internationale-pour-lelimination-de-la-violence-a-legard-des-femmes-2024\\\/#breadcrumb\",\"itemListElement\":[{\"@type\":\"ListItem\",\"position\":1,\"name\":\"Home\",\"item\":\"https:\\\/\\\/www.cgfmanet.org\\\/fr\\\/\"},{\"@type\":\"ListItem\",\"position\":2,\"name\":\"Journ\u00e9e Internationale pour l\u2019Elimination de la Violence \u00e0 l\u2019\u00e9gard des femmes 2024\"}]},{\"@type\":\"WebSite\",\"@id\":\"https:\\\/\\\/www.cgfmanet.org\\\/es\\\/#website\",\"url\":\"https:\\\/\\\/www.cgfmanet.org\\\/es\\\/\",\"name\":\"Istituto Figlie di Maria Ausiliatrice\",\"description\":\"Salesiane di Don Bosco\",\"publisher\":{\"@id\":\"https:\\\/\\\/www.cgfmanet.org\\\/es\\\/#organization\"},\"potentialAction\":[{\"@type\":\"SearchAction\",\"target\":{\"@type\":\"EntryPoint\",\"urlTemplate\":\"https:\\\/\\\/www.cgfmanet.org\\\/es\\\/?s={search_term_string}\"},\"query-input\":{\"@type\":\"PropertyValueSpecification\",\"valueRequired\":true,\"valueName\":\"search_term_string\"}}],\"inLanguage\":\"fr-FR\"},{\"@type\":\"Organization\",\"@id\":\"https:\\\/\\\/www.cgfmanet.org\\\/es\\\/#organization\",\"name\":\"Istituto Figlie di Maria Ausiliatrice\",\"url\":\"https:\\\/\\\/www.cgfmanet.org\\\/es\\\/\",\"logo\":{\"@type\":\"ImageObject\",\"inLanguage\":\"fr-FR\",\"@id\":\"https:\\\/\\\/www.cgfmanet.org\\\/es\\\/#\\\/schema\\\/logo\\\/image\\\/\",\"url\":\"https:\\\/\\\/www.cgfmanet.org\\\/wp-content\\\/uploads\\\/2018\\\/10\\\/logo-fma.png\",\"contentUrl\":\"https:\\\/\\\/www.cgfmanet.org\\\/wp-content\\\/uploads\\\/2018\\\/10\\\/logo-fma.png\",\"width\":214,\"height\":55,\"caption\":\"Istituto Figlie di Maria Ausiliatrice\"},\"image\":{\"@id\":\"https:\\\/\\\/www.cgfmanet.org\\\/es\\\/#\\\/schema\\\/logo\\\/image\\\/\"},\"sameAs\":[\"https:\\\/\\\/www.facebook.com\\\/salesian.sisters.of.don.bosco\\\/\",\"https:\\\/\\\/x.com\\\/Cgfmanet_Org\",\"https:\\\/\\\/www.youtube.com\\\/channel\\\/UCmcr8yFQBV7JXeXVxyV9y5Q\"]},{\"@type\":\"Person\",\"@id\":\"https:\\\/\\\/www.cgfmanet.org\\\/es\\\/#\\\/schema\\\/person\\\/ce6473083f53ef0ef882cca23f0c8fb9\",\"name\":\"Redazione\"}]}<\/script>\n<!-- \/ Yoast SEO plugin. -->","yoast_head_json":{"title":"Journ\u00e9e Internationale pour l\u2019Elimination de la Violence \u00e0 l\u2019\u00e9gard des femmes 2024 &#8226; Istituto Figlie di Maria Ausiliatrice","description":"Le 25 novembre 2024 c\u00e9l\u00e8bre la 25\u00e8me Journ\u00e9e Internationale pour l\u2019\u00e9limination de la violence \u00e0 l\u2019\u00e9gard des femmes. L\u2019engagement du VIDES International et de la Fondation FVGS ETS.","robots":{"index":"index","follow":"follow","max-snippet":"max-snippet:-1","max-image-preview":"max-image-preview:large","max-video-preview":"max-video-preview:-1"},"canonical":"https:\/\/www.cgfmanet.org\/fr\/info-sphere\/droits-humains\/journee-internationale-pour-lelimination-de-la-violence-a-legard-des-femmes-2024\/","og_locale":"fr_FR","og_type":"article","og_title":"Journ\u00e9e Internationale pour l\u2019Elimination de la Violence \u00e0 l\u2019\u00e9gard des femmes 2024 &#8226; Istituto Figlie di Maria Ausiliatrice","og_description":"Le 25 novembre 2024 c\u00e9l\u00e8bre la 25\u00e8me Journ\u00e9e Internationale pour l\u2019\u00e9limination de la violence \u00e0 l\u2019\u00e9gard des femmes. L\u2019engagement du VIDES International et de la Fondation FVGS ETS.","og_url":"https:\/\/www.cgfmanet.org\/fr\/info-sphere\/droits-humains\/journee-internationale-pour-lelimination-de-la-violence-a-legard-des-femmes-2024\/","og_site_name":"Istituto Figlie di Maria Ausiliatrice","article_publisher":"https:\/\/www.facebook.com\/salesian.sisters.of.don.bosco\/","article_published_time":"2024-11-24T08:43:19+00:00","article_modified_time":"2024-11-25T21:21:15+00:00","og_image":[{"width":1181,"height":787,"url":"https:\/\/www.cgfmanet.org\/wp-content\/uploads\/2024\/11\/Giornata-eliminazione-violenza-donne.jpg","type":"image\/jpeg"}],"author":"Redazione","twitter_card":"summary_large_image","twitter_creator":"@Cgfmanet_Org","twitter_site":"@Cgfmanet_Org","twitter_misc":{"\u00c9crit par":"Redazione","Dur\u00e9e de lecture estim\u00e9e":"5 minutes"},"schema":{"@context":"https:\/\/schema.org","@graph":[{"@type":"Article","@id":"https:\/\/www.cgfmanet.org\/fr\/info-sphere\/droits-humains\/journee-internationale-pour-lelimination-de-la-violence-a-legard-des-femmes-2024\/#article","isPartOf":{"@id":"https:\/\/www.cgfmanet.org\/fr\/info-sphere\/droits-humains\/journee-internationale-pour-lelimination-de-la-violence-a-legard-des-femmes-2024\/"},"author":{"name":"Redazione","@id":"https:\/\/www.cgfmanet.org\/es\/#\/schema\/person\/ce6473083f53ef0ef882cca23f0c8fb9"},"headline":"Journ\u00e9e Internationale pour l\u2019Elimination de la Violence \u00e0 l\u2019\u00e9gard des femmes 2024","datePublished":"2024-11-24T08:43:19+00:00","dateModified":"2024-11-25T21:21:15+00:00","mainEntityOfPage":{"@id":"https:\/\/www.cgfmanet.org\/fr\/info-sphere\/droits-humains\/journee-internationale-pour-lelimination-de-la-violence-a-legard-des-femmes-2024\/"},"wordCount":816,"commentCount":2,"publisher":{"@id":"https:\/\/www.cgfmanet.org\/es\/#organization"},"image":{"@id":"https:\/\/www.cgfmanet.org\/fr\/info-sphere\/droits-humains\/journee-internationale-pour-lelimination-de-la-violence-a-legard-des-femmes-2024\/#primaryimage"},"thumbnailUrl":"https:\/\/www.cgfmanet.org\/wp-content\/uploads\/2024\/11\/Giornata-eliminazione-violenza-donne.jpg","keywords":["Promotion de la femme","Vides","Focus","Donna"],"articleSection":["Infosph\u00e8re","Droits Humains"],"inLanguage":"fr-FR","potentialAction":[{"@type":"CommentAction","name":"Comment","target":["https:\/\/www.cgfmanet.org\/fr\/info-sphere\/droits-humains\/journee-internationale-pour-lelimination-de-la-violence-a-legard-des-femmes-2024\/#respond"]}]},{"@type":"WebPage","@id":"https:\/\/www.cgfmanet.org\/fr\/info-sphere\/droits-humains\/journee-internationale-pour-lelimination-de-la-violence-a-legard-des-femmes-2024\/","url":"https:\/\/www.cgfmanet.org\/fr\/info-sphere\/droits-humains\/journee-internationale-pour-lelimination-de-la-violence-a-legard-des-femmes-2024\/","name":"Journ\u00e9e Internationale pour l\u2019Elimination de la Violence \u00e0 l\u2019\u00e9gard des femmes 2024 &#8226; Istituto Figlie di Maria Ausiliatrice","isPartOf":{"@id":"https:\/\/www.cgfmanet.org\/es\/#website"},"primaryImageOfPage":{"@id":"https:\/\/www.cgfmanet.org\/fr\/info-sphere\/droits-humains\/journee-internationale-pour-lelimination-de-la-violence-a-legard-des-femmes-2024\/#primaryimage"},"image":{"@id":"https:\/\/www.cgfmanet.org\/fr\/info-sphere\/droits-humains\/journee-internationale-pour-lelimination-de-la-violence-a-legard-des-femmes-2024\/#primaryimage"},"thumbnailUrl":"https:\/\/www.cgfmanet.org\/wp-content\/uploads\/2024\/11\/Giornata-eliminazione-violenza-donne.jpg","datePublished":"2024-11-24T08:43:19+00:00","dateModified":"2024-11-25T21:21:15+00:00","description":"Le 25 novembre 2024 c\u00e9l\u00e8bre la 25\u00e8me Journ\u00e9e Internationale pour l\u2019\u00e9limination de la violence \u00e0 l\u2019\u00e9gard des femmes. L\u2019engagement du VIDES International et de la Fondation FVGS ETS.","breadcrumb":{"@id":"https:\/\/www.cgfmanet.org\/fr\/info-sphere\/droits-humains\/journee-internationale-pour-lelimination-de-la-violence-a-legard-des-femmes-2024\/#breadcrumb"},"inLanguage":"fr-FR","potentialAction":[{"@type":"ReadAction","target":["https:\/\/www.cgfmanet.org\/fr\/info-sphere\/droits-humains\/journee-internationale-pour-lelimination-de-la-violence-a-legard-des-femmes-2024\/"]}]},{"@type":"ImageObject","inLanguage":"fr-FR","@id":"https:\/\/www.cgfmanet.org\/fr\/info-sphere\/droits-humains\/journee-internationale-pour-lelimination-de-la-violence-a-legard-des-femmes-2024\/#primaryimage","url":"https:\/\/www.cgfmanet.org\/wp-content\/uploads\/2024\/11\/Giornata-eliminazione-violenza-donne.jpg","contentUrl":"https:\/\/www.cgfmanet.org\/wp-content\/uploads\/2024\/11\/Giornata-eliminazione-violenza-donne.jpg","width":1181,"height":787},{"@type":"BreadcrumbList","@id":"https:\/\/www.cgfmanet.org\/fr\/info-sphere\/droits-humains\/journee-internationale-pour-lelimination-de-la-violence-a-legard-des-femmes-2024\/#breadcrumb","itemListElement":[{"@type":"ListItem","position":1,"name":"Home","item":"https:\/\/www.cgfmanet.org\/fr\/"},{"@type":"ListItem","position":2,"name":"Journ\u00e9e Internationale pour l\u2019Elimination de la Violence \u00e0 l\u2019\u00e9gard des femmes 2024"}]},{"@type":"WebSite","@id":"https:\/\/www.cgfmanet.org\/es\/#website","url":"https:\/\/www.cgfmanet.org\/es\/","name":"Istituto Figlie di Maria Ausiliatrice","description":"Salesiane di Don Bosco","publisher":{"@id":"https:\/\/www.cgfmanet.org\/es\/#organization"},"potentialAction":[{"@type":"SearchAction","target":{"@type":"EntryPoint","urlTemplate":"https:\/\/www.cgfmanet.org\/es\/?s={search_term_string}"},"query-input":{"@type":"PropertyValueSpecification","valueRequired":true,"valueName":"search_term_string"}}],"inLanguage":"fr-FR"},{"@type":"Organization","@id":"https:\/\/www.cgfmanet.org\/es\/#organization","name":"Istituto Figlie di Maria Ausiliatrice","url":"https:\/\/www.cgfmanet.org\/es\/","logo":{"@type":"ImageObject","inLanguage":"fr-FR","@id":"https:\/\/www.cgfmanet.org\/es\/#\/schema\/logo\/image\/","url":"https:\/\/www.cgfmanet.org\/wp-content\/uploads\/2018\/10\/logo-fma.png","contentUrl":"https:\/\/www.cgfmanet.org\/wp-content\/uploads\/2018\/10\/logo-fma.png","width":214,"height":55,"caption":"Istituto Figlie di Maria Ausiliatrice"},"image":{"@id":"https:\/\/www.cgfmanet.org\/es\/#\/schema\/logo\/image\/"},"sameAs":["https:\/\/www.facebook.com\/salesian.sisters.of.don.bosco\/","https:\/\/x.com\/Cgfmanet_Org","https:\/\/www.youtube.com\/channel\/UCmcr8yFQBV7JXeXVxyV9y5Q"]},{"@type":"Person","@id":"https:\/\/www.cgfmanet.org\/es\/#\/schema\/person\/ce6473083f53ef0ef882cca23f0c8fb9","name":"Redazione"}]}},"_links":{"self":[{"href":"https:\/\/www.cgfmanet.org\/fr\/wp-json\/wp\/v2\/posts\/123872","targetHints":{"allow":["GET"]}}],"collection":[{"href":"https:\/\/www.cgfmanet.org\/fr\/wp-json\/wp\/v2\/posts"}],"about":[{"href":"https:\/\/www.cgfmanet.org\/fr\/wp-json\/wp\/v2\/types\/post"}],"author":[{"embeddable":true,"href":"https:\/\/www.cgfmanet.org\/fr\/wp-json\/wp\/v2\/users\/21"}],"replies":[{"embeddable":true,"href":"https:\/\/www.cgfmanet.org\/fr\/wp-json\/wp\/v2\/comments?post=123872"}],"version-history":[{"count":3,"href":"https:\/\/www.cgfmanet.org\/fr\/wp-json\/wp\/v2\/posts\/123872\/revisions"}],"predecessor-version":[{"id":123934,"href":"https:\/\/www.cgfmanet.org\/fr\/wp-json\/wp\/v2\/posts\/123872\/revisions\/123934"}],"wp:featuredmedia":[{"embeddable":true,"href":"https:\/\/www.cgfmanet.org\/fr\/wp-json\/wp\/v2\/media\/123866"}],"wp:attachment":[{"href":"https:\/\/www.cgfmanet.org\/fr\/wp-json\/wp\/v2\/media?parent=123872"}],"wp:term":[{"taxonomy":"category","embeddable":true,"href":"https:\/\/www.cgfmanet.org\/fr\/wp-json\/wp\/v2\/categories?post=123872"},{"taxonomy":"post_tag","embeddable":true,"href":"https:\/\/www.cgfmanet.org\/fr\/wp-json\/wp\/v2\/tags?post=123872"}],"curies":[{"name":"wp","href":"https:\/\/api.w.org\/{rel}","templated":true}]}}