{"id":121026,"date":"2024-10-13T12:55:10","date_gmt":"2024-10-13T10:55:10","guid":{"rendered":"https:\/\/www.cgfmanet.org\/info-sphere\/s-teresa-davila-meditazione-e-cammino-di-santita\/"},"modified":"2024-10-14T15:58:27","modified_gmt":"2024-10-14T13:58:27","slug":"s-therese-davila-meditation-et-chemin-de-saintete","status":"publish","type":"post","link":"https:\/\/www.cgfmanet.org\/fr\/info-sphere\/s-therese-davila-meditation-et-chemin-de-saintete\/","title":{"rendered":"S. Th\u00e9r\u00e8se d&rsquo;Avila : M\u00e9ditation et chemin de saintet\u00e9"},"content":{"rendered":"<p><strong>Rome (Italie). <\/strong><strong>Le<\/strong> 15 octobre 2024 est la journ\u00e9e de la c\u00e9l\u00e9bration de Sainte Th\u00e9r\u00e8se d&rsquo;Avila, (1515 &#8211; 1582), carm\u00e9lite, dont l&rsquo;exp\u00e9rience et l&rsquo;enseignement ont \u00e9t\u00e9 reconnus dans l&rsquo;\u00c9glise par Saint Paul VI.\u00a0 \u00a0En 1970, il l\u2019a proclam\u00e9e Docteure de l&rsquo;\u00c9glise, la premi\u00e8re femme de l&rsquo;histoire. Sainte Th\u00e9r\u00e8se a v\u00e9cu une exp\u00e9rience unique de la pri\u00e8re qui a renouvel\u00e9 toute sa vie dans une dynamique unifi\u00e9e d&rsquo;action et de contemplation.<\/p>\n<p><strong>Don Bosco l&rsquo;a voulue patronne de l&rsquo;Institut des Filles de Marie Auxiliatrice pr\u00e9cis\u00e9ment en raison de sa capacit\u00e9 unique de conjuguer la pri\u00e8re et l&rsquo;activit\u00e9 dans une synth\u00e8se harmonieuse fond\u00e9e sur l&rsquo;amour. <\/strong>La doctrine de Th\u00e9r\u00e8se, fond\u00e9e sur l&rsquo;exp\u00e9rience et la recherche personnelle, a guid\u00e9 des g\u00e9n\u00e9rations de croyants qui ont trouv\u00e9 en elle une ma\u00eetresse de vie spirituelle.<\/p>\n<p>Pour Th\u00e9r\u00e8se, le moyen indispensable pour le \u00ab\u00a0chemin de la perfection\u00a0\u00bb est la <strong>m\u00e9ditation<\/strong>. \u00a0Elle \u00e9crit <em>: \u00ab\u00a0Car je suis persuad\u00e9e que si, avec la gr\u00e2ce de Dieu, le d\u00e9butant s&rsquo;efforce d&rsquo;atteindre le sommet de la perfection, il entrera au ciel non pas seul, mais en emmenant beaucoup de monde avec lui, comme un bon capitaine \u00e0 qui Dieu a confi\u00e9 une grande arm\u00e9e\u00a0\u00bb<\/em> (Livre de la vie 11, 4).<\/p>\n<p>Pour elle, <em>\u00ab\u00a0la m\u00e9ditation sur la connaissance de soi ne doit jamais \u00eatre n\u00e9glig\u00e9e<\/em>\u00a0\u00bb (Livre de la Vie 13, 15) car le but ultime est d\u2019imiter le Christ. <em>C&rsquo;est une m\u00e9tamorphose qu&rsquo;elle compare \u00e0 celle des chenilles en papillons: \u00ab\u00a0Voyons maintenant comment ce petit ver se transforme, ce qui est le but de tout ce que j&rsquo;ai dit. <\/em>Lui qui, dans cette pri\u00e8re, est mort \u00e0 toutes les choses du monde, se transforme en un petit papillon blanc\u00a0\u00bb . (Ch\u00e2teau int\u00e9rieur V 2,7)<\/p>\n<p><em>\u00ab\u00a0Pour moi, vivre c&rsquo;est le Christ et mourir c&rsquo;est un gain. Il me semble que l&rsquo;on peut dire la m\u00eame chose de l&rsquo;\u00e2me, car c&rsquo;est l\u00e0 que le petit papillon dont nous avons parl\u00e9 meurt, et avec une grande joie, le Christ \u00e9tant d\u00e9sormais sa vie\u00a0\u00bb<\/em> (Ch\u00e2teau int\u00e9rieur VII 2,5).<\/p>\n<p>Pour sainte Th\u00e9r\u00e8se, la m\u00e9ditation n&rsquo;est pas une affaire priv\u00e9e.\u00a0 Elle produit des effets significatifs sur la vie des personnes qui la pratique d&rsquo;une mani\u00e8re ou d&rsquo;une autre ou \u00e0 celui qui commence \u00e0 la pratiquer. Dans le <em>Chemin de la perfection<\/em>, elle affirme qu&rsquo;avant de parler de la pri\u00e8re, elle dira quelques <em>\u00ab\u00a0choses si n\u00e9cessaires qu&rsquo;avec elles, sans \u00eatre des esprits contemplatifs, on pourra beaucoup progresser dans le service du Seigneur, tandis que si on ne les poss\u00e8de pas, il est impossible d&rsquo;\u00eatre de grandes \u00e2mes contemplatives<\/em>\u00a0\u00bb et elle continue:<\/p>\n<p><em>\u00ab\u00a0Je me limiterai \u00e0 vous parler de trois choses inh\u00e9rentes aux Constitutions elles-m\u00eames, car il est tr\u00e8s important de comprendre la stricte obligation de les observer pour avoir la paix int\u00e9rieure et ext\u00e9rieure que le Seigneur nous a tant recommand\u00e9e : la premi\u00e8re est l&rsquo;amour mutuel, la seconde, le d\u00e9tachement de toutes les cr\u00e9atures, la troisi\u00e8me, la v\u00e9ritable humilit\u00e9 qui, bien que je la nomme en dernier, est la vertu principale et les embrasse toutes\u00a0\u00bb<\/em> (Chemin de Perfection 4,4)<em>.<\/em><\/p>\n<p>La pri\u00e8re est pr\u00e9par\u00e9e par la vie, la vie est sanctifi\u00e9e par la pri\u00e8re dans un cercle vertueux qui tend \u00e0 int\u00e9grer toutes les dimensions de la vie d&rsquo;une personne.<\/p>\n<p><em>Sainte Th\u00e9r\u00e8se est d&rsquo;une pertinence d\u00e9sarmante, en tant que grande connaisseuse de l&rsquo;\u00e2me humaine et n&rsquo;h\u00e9site donc pas \u00e0 faire des remontrances : \u00ab\u00a0Je recommande vivement de ne jamais sauter la pri\u00e8re, car gr\u00e2ce \u00e0 elle, nous connaissons notre \u00e9tat, nous nous repentons de l&rsquo;offense faite \u00e0 Dieu et nous reprenons des forces pour nous relever. Oui, oui, croyez-moi : la personne qui se d\u00e9tourne de la pri\u00e8re court le plus grand danger\u00a0\u00bb. <\/em>(Livre de Vie 15:3).<\/p>\n<p>Au contraire, les personnes qui pers\u00e9v\u00e8rent dans la voie de la pri\u00e8re et de la m\u00e9ditation, revigorent et d\u00e9veloppent leurs dons jusqu&rsquo;\u00e0 exprimer la cr\u00e9ativit\u00e9 et l&rsquo;audace de la charit\u00e9 <em>: \u00ab\u00a0C&rsquo;est le but de la pri\u00e8re, mes filles ; c&rsquo;est \u00e0 cela que servent les noces spirituelles, pour faire na\u00eetre des \u0153uvres toujours nouvelles<\/em>\u00a0\u00bb (Ch\u00e2teau int\u00e9rieur VII 4,6).<\/p>\n<p>De Sainte Marie Mazzarello \u00e0 M\u00e8re Chiara Cazzuola, les Sup\u00e9rieures g\u00e9n\u00e9rales de l&rsquo;Institut des Filles de Marie Auxiliatrice ont consacr\u00e9 une ou plusieurs circulaires \u00e0 recommander la m\u00e9ditation.<\/p>\n<p><strong>M\u00e8re Antonia Colombo<\/strong>, par exemple, s&rsquo;attarde \u00e0 plusieurs reprises sur le sujet, allant jusqu&rsquo;\u00e0 affirmer <em>: \u00ab\u00a0Je suis convaincue que la plupart des difficult\u00e9s que nous rencontrons dans nos relations et qui rendent parfois probl\u00e9matique le fait de tisser l&rsquo;unit\u00e9 dans la diversit\u00e9 proviennent de la superficialit\u00e9 et de la dispersion qui r\u00e9sultent d&rsquo;une capacit\u00e9 r\u00e9duite \u00e0 vivre en silence. Ceci est fondamental dans l&rsquo;existence de toute cr\u00e9ature qui veut grandir dans l&rsquo;ordre, en s&rsquo;unifiant autour du noyau central de ses choix. \u00c0 plus forte raison pour le croyant en Christ, qui est appel\u00e9 \u00e0 entrer en contact avec la Parole sortie du silence du P\u00e8re, \u00e0 la garder dans son c\u0153ur, \u00e0 la confronter \u00e0 tout \u00e9v\u00e9nement\u00a0\u00bb<\/em> (Circulaire n\u00b0 800, 24 avril 1998)<em>.<\/em><\/p>\n<p><em>La<\/em> circulaire n\u00b0 816 du 24 d\u00e9cembre 1999 rappelle le rapport de Theresa Ee-Chooi \u00e0 l&rsquo;Assembl\u00e9e interreligieuse qui s&rsquo;est tenue dans la Cit\u00e9 du Vatican en octobre 1999 : <em>\u00ab\u00a0L&rsquo;approche qu&rsquo;elle a pr\u00e9sent\u00e9e implique d&rsquo;abord un changement en nous-m\u00eames, car lorsque nous changeons, nous provoquons aussi un changement chez les autres. Elle consiste \u00e0 utiliser un outil que la plupart des religions poss\u00e8dent et qui donne aux gens la capacit\u00e9 de choisir le bien, de cr\u00e9er des liens d&rsquo;unit\u00e9 dans le respect mutuel. Il s&rsquo;agit de la m\u00e9ditation et de la pratique de l&rsquo;attention consciente, accompagn\u00e9e de l&rsquo;art de l&rsquo;\u00e9coute\u00a0\u00bb. <\/em><\/p>\n<p>En soi, <strong>l&rsquo;art de la m\u00e9ditation est une condition indispensable \u00e0 la transformation int\u00e9rieure et donc \u00e0 tout changement r\u00e9el dans la communaut\u00e9 et la soci\u00e9t\u00e9, mais c&rsquo;est aussi un terrain de confrontation et de dialogue entre les religions et les cultures, si n\u00e9cessaire \u00e0 la paix.<\/strong><\/p>\n","protected":false},"excerpt":{"rendered":"<p>Rome (Italie). Le 15 octobre 2024 est la journ\u00e9e de la c\u00e9l\u00e9bration de Sainte Th\u00e9r\u00e8se d&rsquo;Avila, (1515 &#8211; 1582), carm\u00e9lite, dont l&rsquo;exp\u00e9rience et l&rsquo;enseignement ont \u00e9t\u00e9 reconnus dans l&rsquo;\u00c9glise par [&hellip;]<\/p>\n","protected":false},"author":21,"featured_media":121021,"comment_status":"open","ping_status":"closed","sticky":false,"template":"","format":"standard","meta":{"footnotes":""},"categories":[36,188],"tags":[1447,1660,1661,1929,2281],"class_list":["post-121026","post","type-post","status-publish","format-standard","has-post-thumbnail","category-info-sphere","category-eglise","tag-saintete","tag-spiritualita-salesiana-fr","tag-carisma-salesiano-fr","tag-focus-fr","tag-ifma-fr"],"yoast_head":"<!-- This site is optimized with the Yoast SEO plugin v27.4 - https:\/\/yoast.com\/product\/yoast-seo-wordpress\/ -->\n<title>S. Th\u00e9r\u00e8se d&#039;Avila : M\u00e9ditation et chemin de saintet\u00e9 &#8226; Istituto Figlie di Maria Ausiliatrice<\/title>\n<meta name=\"description\" content=\"Le 15 octobre 2024 est c\u00e9l\u00e9br\u00e9e Sainte Th\u00e9r\u00e8se d&#039;Avila, que Don Bosco a voulu comme patronne de l&#039;Institut des FMA pour son unique capacit\u00e9 \u00e0 conjuguer la pri\u00e8re et l&#039;activit\u00e9 dans une synth\u00e8se bas\u00e9e sur l&#039;amour.\" \/>\n<meta name=\"robots\" content=\"index, follow, max-snippet:-1, max-image-preview:large, max-video-preview:-1\" \/>\n<link rel=\"canonical\" href=\"https:\/\/www.cgfmanet.org\/infosfera\/chiesa\/s-teresa-davila-meditazione-e-cammino-di-santita\/\" \/>\n<meta property=\"og:locale\" content=\"fr_FR\" \/>\n<meta property=\"og:type\" content=\"article\" \/>\n<meta property=\"og:title\" content=\"S. Th\u00e9r\u00e8se d&#039;Avila : M\u00e9ditation et chemin de saintet\u00e9 &#8226; Istituto Figlie di Maria Ausiliatrice\" \/>\n<meta property=\"og:description\" content=\"Le 15 octobre 2024 est c\u00e9l\u00e9br\u00e9e Sainte Th\u00e9r\u00e8se d&#039;Avila, que Don Bosco a voulu comme patronne de l&#039;Institut des FMA pour son unique capacit\u00e9 \u00e0 conjuguer la pri\u00e8re et l&#039;activit\u00e9 dans une synth\u00e8se bas\u00e9e sur l&#039;amour.\" \/>\n<meta property=\"og:url\" content=\"https:\/\/www.cgfmanet.org\/infosfera\/chiesa\/s-teresa-davila-meditazione-e-cammino-di-santita\/\" \/>\n<meta property=\"og:site_name\" content=\"Istituto Figlie di Maria Ausiliatrice\" \/>\n<meta property=\"article:publisher\" content=\"https:\/\/www.facebook.com\/salesian.sisters.of.don.bosco\/\" \/>\n<meta property=\"article:published_time\" content=\"2024-10-13T10:55:10+00:00\" \/>\n<meta property=\"article:modified_time\" content=\"2024-10-14T13:58:27+00:00\" \/>\n<meta property=\"og:image\" content=\"https:\/\/www.cgfmanet.org\/wp-content\/uploads\/2024\/10\/Teresa-dAvila.jpg\" \/>\n\t<meta property=\"og:image:width\" content=\"1200\" \/>\n\t<meta property=\"og:image:height\" content=\"800\" \/>\n\t<meta property=\"og:image:type\" content=\"image\/jpeg\" \/>\n<meta name=\"author\" content=\"Redazione\" \/>\n<meta name=\"twitter:card\" content=\"summary_large_image\" \/>\n<meta name=\"twitter:creator\" content=\"@Cgfmanet_Org\" \/>\n<meta name=\"twitter:site\" content=\"@Cgfmanet_Org\" \/>\n<meta name=\"twitter:label1\" content=\"\u00c9crit par\" \/>\n\t<meta name=\"twitter:data1\" content=\"Redazione\" \/>\n\t<meta name=\"twitter:label2\" content=\"Dur\u00e9e de lecture estim\u00e9e\" \/>\n\t<meta name=\"twitter:data2\" content=\"6 minutes\" \/>\n<script type=\"application\/ld+json\" class=\"yoast-schema-graph\">{\"@context\":\"https:\\\/\\\/schema.org\",\"@graph\":[{\"@type\":\"Article\",\"@id\":\"https:\\\/\\\/www.cgfmanet.org\\\/infosfera\\\/chiesa\\\/s-teresa-davila-meditazione-e-cammino-di-santita\\\/#article\",\"isPartOf\":{\"@id\":\"https:\\\/\\\/www.cgfmanet.org\\\/infosfera\\\/chiesa\\\/s-teresa-davila-meditazione-e-cammino-di-santita\\\/\"},\"author\":{\"name\":\"Redazione\",\"@id\":\"https:\\\/\\\/www.cgfmanet.org\\\/es\\\/#\\\/schema\\\/person\\\/ce6473083f53ef0ef882cca23f0c8fb9\"},\"headline\":\"S. Th\u00e9r\u00e8se d&rsquo;Avila : M\u00e9ditation et chemin de saintet\u00e9\",\"datePublished\":\"2024-10-13T10:55:10+00:00\",\"dateModified\":\"2024-10-14T13:58:27+00:00\",\"mainEntityOfPage\":{\"@id\":\"https:\\\/\\\/www.cgfmanet.org\\\/infosfera\\\/chiesa\\\/s-teresa-davila-meditazione-e-cammino-di-santita\\\/\"},\"wordCount\":1098,\"commentCount\":1,\"publisher\":{\"@id\":\"https:\\\/\\\/www.cgfmanet.org\\\/es\\\/#organization\"},\"image\":{\"@id\":\"https:\\\/\\\/www.cgfmanet.org\\\/infosfera\\\/chiesa\\\/s-teresa-davila-meditazione-e-cammino-di-santita\\\/#primaryimage\"},\"thumbnailUrl\":\"https:\\\/\\\/www.cgfmanet.org\\\/wp-content\\\/uploads\\\/2024\\\/10\\\/Teresa-dAvila.jpg\",\"keywords\":[\"Saintet\u00e9\",\"Spiritualit\u00e0 Salesiana\",\"Carisma salesiano\",\"Focus\",\"IFMA\"],\"articleSection\":[\"Infosph\u00e8re\",\"Eglise\"],\"inLanguage\":\"fr-FR\",\"potentialAction\":[{\"@type\":\"CommentAction\",\"name\":\"Comment\",\"target\":[\"https:\\\/\\\/www.cgfmanet.org\\\/infosfera\\\/chiesa\\\/s-teresa-davila-meditazione-e-cammino-di-santita\\\/#respond\"]}]},{\"@type\":\"WebPage\",\"@id\":\"https:\\\/\\\/www.cgfmanet.org\\\/infosfera\\\/chiesa\\\/s-teresa-davila-meditazione-e-cammino-di-santita\\\/\",\"url\":\"https:\\\/\\\/www.cgfmanet.org\\\/infosfera\\\/chiesa\\\/s-teresa-davila-meditazione-e-cammino-di-santita\\\/\",\"name\":\"S. Th\u00e9r\u00e8se d'Avila : M\u00e9ditation et chemin de saintet\u00e9 &#8226; Istituto Figlie di Maria Ausiliatrice\",\"isPartOf\":{\"@id\":\"https:\\\/\\\/www.cgfmanet.org\\\/es\\\/#website\"},\"primaryImageOfPage\":{\"@id\":\"https:\\\/\\\/www.cgfmanet.org\\\/infosfera\\\/chiesa\\\/s-teresa-davila-meditazione-e-cammino-di-santita\\\/#primaryimage\"},\"image\":{\"@id\":\"https:\\\/\\\/www.cgfmanet.org\\\/infosfera\\\/chiesa\\\/s-teresa-davila-meditazione-e-cammino-di-santita\\\/#primaryimage\"},\"thumbnailUrl\":\"https:\\\/\\\/www.cgfmanet.org\\\/wp-content\\\/uploads\\\/2024\\\/10\\\/Teresa-dAvila.jpg\",\"datePublished\":\"2024-10-13T10:55:10+00:00\",\"dateModified\":\"2024-10-14T13:58:27+00:00\",\"description\":\"Le 15 octobre 2024 est c\u00e9l\u00e9br\u00e9e Sainte Th\u00e9r\u00e8se d'Avila, que Don Bosco a voulu comme patronne de l'Institut des FMA pour son unique capacit\u00e9 \u00e0 conjuguer la pri\u00e8re et l'activit\u00e9 dans une synth\u00e8se bas\u00e9e sur l'amour.\",\"breadcrumb\":{\"@id\":\"https:\\\/\\\/www.cgfmanet.org\\\/infosfera\\\/chiesa\\\/s-teresa-davila-meditazione-e-cammino-di-santita\\\/#breadcrumb\"},\"inLanguage\":\"fr-FR\",\"potentialAction\":[{\"@type\":\"ReadAction\",\"target\":[\"https:\\\/\\\/www.cgfmanet.org\\\/infosfera\\\/chiesa\\\/s-teresa-davila-meditazione-e-cammino-di-santita\\\/\"]}]},{\"@type\":\"ImageObject\",\"inLanguage\":\"fr-FR\",\"@id\":\"https:\\\/\\\/www.cgfmanet.org\\\/infosfera\\\/chiesa\\\/s-teresa-davila-meditazione-e-cammino-di-santita\\\/#primaryimage\",\"url\":\"https:\\\/\\\/www.cgfmanet.org\\\/wp-content\\\/uploads\\\/2024\\\/10\\\/Teresa-dAvila.jpg\",\"contentUrl\":\"https:\\\/\\\/www.cgfmanet.org\\\/wp-content\\\/uploads\\\/2024\\\/10\\\/Teresa-dAvila.jpg\",\"width\":1200,\"height\":800},{\"@type\":\"BreadcrumbList\",\"@id\":\"https:\\\/\\\/www.cgfmanet.org\\\/infosfera\\\/chiesa\\\/s-teresa-davila-meditazione-e-cammino-di-santita\\\/#breadcrumb\",\"itemListElement\":[{\"@type\":\"ListItem\",\"position\":1,\"name\":\"Home\",\"item\":\"https:\\\/\\\/www.cgfmanet.org\\\/fr\\\/\"},{\"@type\":\"ListItem\",\"position\":2,\"name\":\"S. Th\u00e9r\u00e8se d&#8217;Avila : M\u00e9ditation et chemin de saintet\u00e9\"}]},{\"@type\":\"WebSite\",\"@id\":\"https:\\\/\\\/www.cgfmanet.org\\\/es\\\/#website\",\"url\":\"https:\\\/\\\/www.cgfmanet.org\\\/es\\\/\",\"name\":\"Istituto Figlie di Maria Ausiliatrice\",\"description\":\"Salesiane di Don Bosco\",\"publisher\":{\"@id\":\"https:\\\/\\\/www.cgfmanet.org\\\/es\\\/#organization\"},\"potentialAction\":[{\"@type\":\"SearchAction\",\"target\":{\"@type\":\"EntryPoint\",\"urlTemplate\":\"https:\\\/\\\/www.cgfmanet.org\\\/es\\\/?s={search_term_string}\"},\"query-input\":{\"@type\":\"PropertyValueSpecification\",\"valueRequired\":true,\"valueName\":\"search_term_string\"}}],\"inLanguage\":\"fr-FR\"},{\"@type\":\"Organization\",\"@id\":\"https:\\\/\\\/www.cgfmanet.org\\\/es\\\/#organization\",\"name\":\"Istituto Figlie di Maria Ausiliatrice\",\"url\":\"https:\\\/\\\/www.cgfmanet.org\\\/es\\\/\",\"logo\":{\"@type\":\"ImageObject\",\"inLanguage\":\"fr-FR\",\"@id\":\"https:\\\/\\\/www.cgfmanet.org\\\/es\\\/#\\\/schema\\\/logo\\\/image\\\/\",\"url\":\"https:\\\/\\\/www.cgfmanet.org\\\/wp-content\\\/uploads\\\/2018\\\/10\\\/logo-fma.png\",\"contentUrl\":\"https:\\\/\\\/www.cgfmanet.org\\\/wp-content\\\/uploads\\\/2018\\\/10\\\/logo-fma.png\",\"width\":214,\"height\":55,\"caption\":\"Istituto Figlie di Maria Ausiliatrice\"},\"image\":{\"@id\":\"https:\\\/\\\/www.cgfmanet.org\\\/es\\\/#\\\/schema\\\/logo\\\/image\\\/\"},\"sameAs\":[\"https:\\\/\\\/www.facebook.com\\\/salesian.sisters.of.don.bosco\\\/\",\"https:\\\/\\\/x.com\\\/Cgfmanet_Org\",\"https:\\\/\\\/www.youtube.com\\\/channel\\\/UCmcr8yFQBV7JXeXVxyV9y5Q\"]},{\"@type\":\"Person\",\"@id\":\"https:\\\/\\\/www.cgfmanet.org\\\/es\\\/#\\\/schema\\\/person\\\/ce6473083f53ef0ef882cca23f0c8fb9\",\"name\":\"Redazione\"}]}<\/script>\n<!-- \/ Yoast SEO plugin. -->","yoast_head_json":{"title":"S. Th\u00e9r\u00e8se d'Avila : M\u00e9ditation et chemin de saintet\u00e9 &#8226; Istituto Figlie di Maria Ausiliatrice","description":"Le 15 octobre 2024 est c\u00e9l\u00e9br\u00e9e Sainte Th\u00e9r\u00e8se d'Avila, que Don Bosco a voulu comme patronne de l'Institut des FMA pour son unique capacit\u00e9 \u00e0 conjuguer la pri\u00e8re et l'activit\u00e9 dans une synth\u00e8se bas\u00e9e sur l'amour.","robots":{"index":"index","follow":"follow","max-snippet":"max-snippet:-1","max-image-preview":"max-image-preview:large","max-video-preview":"max-video-preview:-1"},"canonical":"https:\/\/www.cgfmanet.org\/infosfera\/chiesa\/s-teresa-davila-meditazione-e-cammino-di-santita\/","og_locale":"fr_FR","og_type":"article","og_title":"S. Th\u00e9r\u00e8se d'Avila : M\u00e9ditation et chemin de saintet\u00e9 &#8226; Istituto Figlie di Maria Ausiliatrice","og_description":"Le 15 octobre 2024 est c\u00e9l\u00e9br\u00e9e Sainte Th\u00e9r\u00e8se d'Avila, que Don Bosco a voulu comme patronne de l'Institut des FMA pour son unique capacit\u00e9 \u00e0 conjuguer la pri\u00e8re et l'activit\u00e9 dans une synth\u00e8se bas\u00e9e sur l'amour.","og_url":"https:\/\/www.cgfmanet.org\/infosfera\/chiesa\/s-teresa-davila-meditazione-e-cammino-di-santita\/","og_site_name":"Istituto Figlie di Maria Ausiliatrice","article_publisher":"https:\/\/www.facebook.com\/salesian.sisters.of.don.bosco\/","article_published_time":"2024-10-13T10:55:10+00:00","article_modified_time":"2024-10-14T13:58:27+00:00","og_image":[{"width":1200,"height":800,"url":"https:\/\/www.cgfmanet.org\/wp-content\/uploads\/2024\/10\/Teresa-dAvila.jpg","type":"image\/jpeg"}],"author":"Redazione","twitter_card":"summary_large_image","twitter_creator":"@Cgfmanet_Org","twitter_site":"@Cgfmanet_Org","twitter_misc":{"\u00c9crit par":"Redazione","Dur\u00e9e de lecture estim\u00e9e":"6 minutes"},"schema":{"@context":"https:\/\/schema.org","@graph":[{"@type":"Article","@id":"https:\/\/www.cgfmanet.org\/infosfera\/chiesa\/s-teresa-davila-meditazione-e-cammino-di-santita\/#article","isPartOf":{"@id":"https:\/\/www.cgfmanet.org\/infosfera\/chiesa\/s-teresa-davila-meditazione-e-cammino-di-santita\/"},"author":{"name":"Redazione","@id":"https:\/\/www.cgfmanet.org\/es\/#\/schema\/person\/ce6473083f53ef0ef882cca23f0c8fb9"},"headline":"S. Th\u00e9r\u00e8se d&rsquo;Avila : M\u00e9ditation et chemin de saintet\u00e9","datePublished":"2024-10-13T10:55:10+00:00","dateModified":"2024-10-14T13:58:27+00:00","mainEntityOfPage":{"@id":"https:\/\/www.cgfmanet.org\/infosfera\/chiesa\/s-teresa-davila-meditazione-e-cammino-di-santita\/"},"wordCount":1098,"commentCount":1,"publisher":{"@id":"https:\/\/www.cgfmanet.org\/es\/#organization"},"image":{"@id":"https:\/\/www.cgfmanet.org\/infosfera\/chiesa\/s-teresa-davila-meditazione-e-cammino-di-santita\/#primaryimage"},"thumbnailUrl":"https:\/\/www.cgfmanet.org\/wp-content\/uploads\/2024\/10\/Teresa-dAvila.jpg","keywords":["Saintet\u00e9","Spiritualit\u00e0 Salesiana","Carisma salesiano","Focus","IFMA"],"articleSection":["Infosph\u00e8re","Eglise"],"inLanguage":"fr-FR","potentialAction":[{"@type":"CommentAction","name":"Comment","target":["https:\/\/www.cgfmanet.org\/infosfera\/chiesa\/s-teresa-davila-meditazione-e-cammino-di-santita\/#respond"]}]},{"@type":"WebPage","@id":"https:\/\/www.cgfmanet.org\/infosfera\/chiesa\/s-teresa-davila-meditazione-e-cammino-di-santita\/","url":"https:\/\/www.cgfmanet.org\/infosfera\/chiesa\/s-teresa-davila-meditazione-e-cammino-di-santita\/","name":"S. Th\u00e9r\u00e8se d'Avila : M\u00e9ditation et chemin de saintet\u00e9 &#8226; Istituto Figlie di Maria Ausiliatrice","isPartOf":{"@id":"https:\/\/www.cgfmanet.org\/es\/#website"},"primaryImageOfPage":{"@id":"https:\/\/www.cgfmanet.org\/infosfera\/chiesa\/s-teresa-davila-meditazione-e-cammino-di-santita\/#primaryimage"},"image":{"@id":"https:\/\/www.cgfmanet.org\/infosfera\/chiesa\/s-teresa-davila-meditazione-e-cammino-di-santita\/#primaryimage"},"thumbnailUrl":"https:\/\/www.cgfmanet.org\/wp-content\/uploads\/2024\/10\/Teresa-dAvila.jpg","datePublished":"2024-10-13T10:55:10+00:00","dateModified":"2024-10-14T13:58:27+00:00","description":"Le 15 octobre 2024 est c\u00e9l\u00e9br\u00e9e Sainte Th\u00e9r\u00e8se d'Avila, que Don Bosco a voulu comme patronne de l'Institut des FMA pour son unique capacit\u00e9 \u00e0 conjuguer la pri\u00e8re et l'activit\u00e9 dans une synth\u00e8se bas\u00e9e sur l'amour.","breadcrumb":{"@id":"https:\/\/www.cgfmanet.org\/infosfera\/chiesa\/s-teresa-davila-meditazione-e-cammino-di-santita\/#breadcrumb"},"inLanguage":"fr-FR","potentialAction":[{"@type":"ReadAction","target":["https:\/\/www.cgfmanet.org\/infosfera\/chiesa\/s-teresa-davila-meditazione-e-cammino-di-santita\/"]}]},{"@type":"ImageObject","inLanguage":"fr-FR","@id":"https:\/\/www.cgfmanet.org\/infosfera\/chiesa\/s-teresa-davila-meditazione-e-cammino-di-santita\/#primaryimage","url":"https:\/\/www.cgfmanet.org\/wp-content\/uploads\/2024\/10\/Teresa-dAvila.jpg","contentUrl":"https:\/\/www.cgfmanet.org\/wp-content\/uploads\/2024\/10\/Teresa-dAvila.jpg","width":1200,"height":800},{"@type":"BreadcrumbList","@id":"https:\/\/www.cgfmanet.org\/infosfera\/chiesa\/s-teresa-davila-meditazione-e-cammino-di-santita\/#breadcrumb","itemListElement":[{"@type":"ListItem","position":1,"name":"Home","item":"https:\/\/www.cgfmanet.org\/fr\/"},{"@type":"ListItem","position":2,"name":"S. Th\u00e9r\u00e8se d&#8217;Avila : M\u00e9ditation et chemin de saintet\u00e9"}]},{"@type":"WebSite","@id":"https:\/\/www.cgfmanet.org\/es\/#website","url":"https:\/\/www.cgfmanet.org\/es\/","name":"Istituto Figlie di Maria Ausiliatrice","description":"Salesiane di Don Bosco","publisher":{"@id":"https:\/\/www.cgfmanet.org\/es\/#organization"},"potentialAction":[{"@type":"SearchAction","target":{"@type":"EntryPoint","urlTemplate":"https:\/\/www.cgfmanet.org\/es\/?s={search_term_string}"},"query-input":{"@type":"PropertyValueSpecification","valueRequired":true,"valueName":"search_term_string"}}],"inLanguage":"fr-FR"},{"@type":"Organization","@id":"https:\/\/www.cgfmanet.org\/es\/#organization","name":"Istituto Figlie di Maria Ausiliatrice","url":"https:\/\/www.cgfmanet.org\/es\/","logo":{"@type":"ImageObject","inLanguage":"fr-FR","@id":"https:\/\/www.cgfmanet.org\/es\/#\/schema\/logo\/image\/","url":"https:\/\/www.cgfmanet.org\/wp-content\/uploads\/2018\/10\/logo-fma.png","contentUrl":"https:\/\/www.cgfmanet.org\/wp-content\/uploads\/2018\/10\/logo-fma.png","width":214,"height":55,"caption":"Istituto Figlie di Maria Ausiliatrice"},"image":{"@id":"https:\/\/www.cgfmanet.org\/es\/#\/schema\/logo\/image\/"},"sameAs":["https:\/\/www.facebook.com\/salesian.sisters.of.don.bosco\/","https:\/\/x.com\/Cgfmanet_Org","https:\/\/www.youtube.com\/channel\/UCmcr8yFQBV7JXeXVxyV9y5Q"]},{"@type":"Person","@id":"https:\/\/www.cgfmanet.org\/es\/#\/schema\/person\/ce6473083f53ef0ef882cca23f0c8fb9","name":"Redazione"}]}},"_links":{"self":[{"href":"https:\/\/www.cgfmanet.org\/fr\/wp-json\/wp\/v2\/posts\/121026","targetHints":{"allow":["GET"]}}],"collection":[{"href":"https:\/\/www.cgfmanet.org\/fr\/wp-json\/wp\/v2\/posts"}],"about":[{"href":"https:\/\/www.cgfmanet.org\/fr\/wp-json\/wp\/v2\/types\/post"}],"author":[{"embeddable":true,"href":"https:\/\/www.cgfmanet.org\/fr\/wp-json\/wp\/v2\/users\/21"}],"replies":[{"embeddable":true,"href":"https:\/\/www.cgfmanet.org\/fr\/wp-json\/wp\/v2\/comments?post=121026"}],"version-history":[{"count":2,"href":"https:\/\/www.cgfmanet.org\/fr\/wp-json\/wp\/v2\/posts\/121026\/revisions"}],"predecessor-version":[{"id":121102,"href":"https:\/\/www.cgfmanet.org\/fr\/wp-json\/wp\/v2\/posts\/121026\/revisions\/121102"}],"wp:featuredmedia":[{"embeddable":true,"href":"https:\/\/www.cgfmanet.org\/fr\/wp-json\/wp\/v2\/media\/121021"}],"wp:attachment":[{"href":"https:\/\/www.cgfmanet.org\/fr\/wp-json\/wp\/v2\/media?parent=121026"}],"wp:term":[{"taxonomy":"category","embeddable":true,"href":"https:\/\/www.cgfmanet.org\/fr\/wp-json\/wp\/v2\/categories?post=121026"},{"taxonomy":"post_tag","embeddable":true,"href":"https:\/\/www.cgfmanet.org\/fr\/wp-json\/wp\/v2\/tags?post=121026"}],"curies":[{"name":"wp","href":"https:\/\/api.w.org\/{rel}","templated":true}]}}