{"id":116604,"date":"2024-08-04T22:19:09","date_gmt":"2024-08-04T20:19:09","guid":{"rendered":"https:\/\/www.cgfmanet.org\/info-sphere\/messaggio-della-madre-5-agosto-2024\/"},"modified":"2024-08-04T22:53:47","modified_gmt":"2024-08-04T20:53:47","slug":"message-de-la-mere-5-aout-2024","status":"publish","type":"post","link":"https:\/\/www.cgfmanet.org\/fr\/ifma-fr\/message-de-la-mere-5-aout-2024\/","title":{"rendered":"Message de la M\u00e8re &#8211; 5 ao\u00fbt 2024"},"content":{"rendered":"<p><strong>Bratislava (Slovaquie).<\/strong> Le 5 ao\u00fbt 2024, \u00e0 l\u2019occasion du Anniversaire de la Fondation de l\u2019Institut des Filles de Marie Auxiliatrice, la Sup\u00e9rieure G\u00e9n\u00e9rale, M\u00e8re Chiara Cazzuola, a atteint avec un message vid\u00e9o de Bratislava, o\u00f9 elle se trouve pour une courte visite \u00e0 la Province slovaque de <em>St Jean Bosco<\/em> (SLK).<\/p>\n<p><em>\u201c Nous c\u00e9l\u00e9brons les 200 ans du r\u00eave que Giovannino a fait \u00e0 l&rsquo;\u00e2ge de neuf ans, un r\u00eave qui, a dit Don Bosco, est rest\u00e9 grav\u00e9 dans son esprit toute sa vie. De ce r\u00eave na\u00eet la vie et l\u2019histoire du charisme sal\u00e9sien dans le monde.<\/em><\/p>\n<p><em>Je pense que chacune de nous le ressent aussi &#8211; ce r\u00eave &#8211; \u00e0 l&rsquo;origine de son choix de vie comme quelque chose de beau, de grand, comme une gr\u00e2ce particuli\u00e8re qui a illumin\u00e9 et orient\u00e9 notre chemin.<\/em><\/p>\n<p><em>Mon souhait pour ce 5 ao\u00fbt veut \u00eatre en coh\u00e9rence avec ce que nous c\u00e9l\u00e9brons, en s&rsquo;inspirant du fait que nous sommes en 2024, ann\u00e9e particuli\u00e8re car nous sommes le 24 !<\/em><em>\u201d.<\/em><\/p>\n<div class=\"youtube-embed\" data-video_id=\"aoHnl68ZW6c\"><iframe title=\"Bratislava 5 Agosto 2024. Messaggio di Madre Chiara Cazzuola\" width=\"696\" height=\"392\" data-src=\"https:\/\/www.youtube.com\/embed\/aoHnl68ZW6c?feature=oembed&#038;enablejsapi=1\" frameborder=\"0\" allow=\"accelerometer; autoplay; clipboard-write; encrypted-media; gyroscope; picture-in-picture; web-share\" referrerpolicy=\"strict-origin-when-cross-origin\" allowfullscreen src=\"data:image\/svg+xml;base64,PHN2ZyB3aWR0aD0iMSIgaGVpZ2h0PSIxIiB4bWxucz0iaHR0cDovL3d3dy53My5vcmcvMjAwMC9zdmciPjwvc3ZnPg==\" class=\"lazyload\" data-load-mode=\"1\"><\/iframe><\/div>\n<p>La M\u00e8re contextualise ensuite le Message en parlant de la situation historique difficile de la Slovaquie et de l&rsquo;\u00e9volution de l&rsquo;Institut des FMA dans ce pays :<\/p>\n<p><em>\u201c <\/em><em>C&rsquo;est une Province d&rsquo;esp\u00e9rance et de courage, ouverte sur un avenir prometteur, qui nous fait beaucoup r\u00e9fl\u00e9chir au verset de l&rsquo;\u00c9vangile de Jean 12, 24<\/em><em>: \u00ab En v\u00e9rit\u00e9, en v\u00e9rit\u00e9, je vous le dis, si un grain de bl\u00e9 tombe dans la terre mais ne meurt pas, il reste seul ; mais s&rsquo;il meurt, il produit beaucoup de fruits \u00bb.<\/em><\/p>\n<p><em>En fait, la vitalit\u00e9 du pr\u00e9sent en Slovaquie a ses racines dans le pass\u00e9 de souffrance et d&rsquo;offrande de beaucoup de nos s\u0153urs qui, avec courage, j&rsquo;ose dire avec h\u00e9ro\u00efsme, ont su rester fid\u00e8les \u00e0 l&rsquo;appel de J\u00e9sus, fortes dans un une foi in\u00e9branlable, passionn\u00e9es par la beaut\u00e9 et la richesse du charisme sal\u00e9sien qui leur a \u00e9t\u00e9 confi\u00e9 <\/em><em>\u201d. <\/em><\/p>\n<p>Elle rappelle ensuite l&rsquo;hom\u00e9lie prononc\u00e9e par Don Bosco le 5 ao\u00fbt 1872 lors de la c\u00e9l\u00e9bration de la premi\u00e8re profession de M\u00e8re Mazzarello et des premi\u00e8res Filles de Marie Auxiliatrice &#8211; dans laquelle il parle de la plante de nard &#8211; et invite tout le monde \u00e0 la lire dans le premier volume de la Chronique, <em>\u201ccar elle d\u00e9crit un programme de vie tr\u00e8s actuel que, peut-\u00eatre, nous pouvons parfois oublier. Je pense que c&rsquo;est le prix, la garantie de la fid\u00e9lit\u00e9 et de la f\u00e9condit\u00e9 des vocations, encore aujourd&rsquo;hui dans toutes les parties du monde\u201d.<\/em><\/p>\n<p><em>Le message se termine par un v\u0153u : <\/em><\/p>\n<p><em>\u201cNous accueillons avec un c\u0153ur ouvert les paroles de notre Fondateur comme un don qu&rsquo;il nous fait en ce 5 ao\u00fbt 2024. Je suis s\u00fbre qu&rsquo;ensemble, nous pouvons les transformer en vie \u00e0 une \u00e9poque de grands d\u00e9fis pour l&rsquo;\u00c9glise et la soci\u00e9t\u00e9. Des d\u00e9fis que nous voulons relever comme de nouvelles opportunit\u00e9s pour faire briller le charisme du Valdocco et de Morn\u00e8se dans nos communaut\u00e9s \u00e9ducatives et dans la vie des jeunes.<\/em><\/p>\n<p><em>Je souhaite \u00e0 tous les Provinciales qui entrent en fonction ce mois-ci, de toujours regarder vers Marie la M\u00e8re et l&rsquo;\u00c9ducatrice, l&rsquo;Aide puissante pour qu&rsquo;elles se laissent inspirer par Elle pour vivre leur mission au service des s\u0153urs et des jeunes. <\/em><\/p>\n<p><em>Que Marie soutienne nos communaut\u00e9s les plus \u00e9prouv\u00e9es et les plus souffrantes pour diverses raisons, qu\u2019elle implore la paix de Dieu pour l&rsquo;humanit\u00e9, qu\u2019elle donne aux nouvelles g\u00e9n\u00e9rations la force et l\u2019espoir de construire un avenir meilleur. <\/em><\/p>\n<p><em>Que Marie, la Femme du oui inconditionnel, garde notre fid\u00e9lit\u00e9 \u00e0 toutes, afin que nous soyons les<\/em> <em>pierres vivantes du \u201cMonument vivant\u201d de la gratitude de Don Bosco envers celle qui est notre M\u00e8re et qui continue aujourd&rsquo;hui \u00e0 nous dire: \u00ab Faites tout ce qu&rsquo;il vous dira \u00bb (Jn 2,5).<\/em><\/p>\n<p><em>Je vous remercie du fond du c\u0153ur pour le bien que vous faites chaque jour. Je vous b\u00e9nis et vous accompagne de ma pri\u00e8re\u201d. <\/em><\/p>\n<h2 style=\"text-align: center;\"><span style=\"color: #ff0000;\"><strong>Joyeux 5 ao\u00fbt!<\/strong><\/span><\/h2>\n<p><span style=\"color: #0000ff;\"><strong><a style=\"color: #0000ff;\" href=\"https:\/\/drive.google.com\/file\/d\/1gNFJ88tTS7bIRESktlKrMAYvRfnYuA9f\/view?usp=drive_link\" target=\"_blank\" rel=\"noopener\">Texte int\u00e9gral<\/a><\/strong><\/span><\/p>\n<p><strong><span style=\"color: #0000ff;\"><a style=\"color: #0000ff;\" href=\"https:\/\/drive.google.com\/file\/d\/1T6VR0zZ9PZ8afGBwcNaiG24aF4lOPUfi\/view?usp=drive_link\" target=\"_blank\" rel=\"noopener\">Texte en slovaque<\/a><\/span><\/strong><\/p>\n","protected":false},"excerpt":{"rendered":"<p>Bratislava (Slovaquie). Le 5 ao\u00fbt 2024, \u00e0 l\u2019occasion du Anniversaire de la Fondation de l\u2019Institut des Filles de Marie Auxiliatrice, la Sup\u00e9rieure G\u00e9n\u00e9rale, M\u00e8re Chiara Cazzuola, a atteint avec un [&hellip;]<\/p>\n","protected":false},"author":21,"featured_media":116599,"comment_status":"open","ping_status":"closed","sticky":false,"template":"","format":"standard","meta":{"footnotes":""},"categories":[164,156],"tags":[369,1418,1467,1929,2281,2377],"class_list":["post-116604","post","type-post","status-publish","format-standard","has-post-thumbnail","category-charisme-salesien","category-ifma-fr","tag-mere-generale","tag-slk-fr","tag-slovaquie","tag-focus-fr","tag-ifma-fr","tag-madre-chiara-cazzuola-fr"],"yoast_head":"<!-- This site is optimized with the Yoast SEO plugin v27.4 - https:\/\/yoast.com\/product\/yoast-seo-wordpress\/ -->\n<title>Message de la M\u00e8re - 5 ao\u00fbt 2024 &#8226; Istituto Figlie di Maria Ausiliatrice<\/title>\n<meta name=\"description\" content=\"A l\u2019occasion du Anniversaire de la Fondation de l\u2019Institut FMA, la M\u00e8re G\u00e9n\u00e9rale, S\u0153ur Chiara Cazzuola, de Bratislava en Slovaquie, a atteint avec un message vid\u00e9o toutes les FMA.\" \/>\n<meta name=\"robots\" content=\"index, follow, max-snippet:-1, max-image-preview:large, max-video-preview:-1\" \/>\n<link rel=\"canonical\" href=\"https:\/\/www.cgfmanet.org\/fr\/ifma-fr\/message-de-la-mere-5-aout-2024\/\" \/>\n<meta property=\"og:locale\" content=\"fr_FR\" \/>\n<meta property=\"og:type\" content=\"article\" \/>\n<meta property=\"og:title\" content=\"Message de la M\u00e8re - 5 ao\u00fbt 2024 &#8226; Istituto Figlie di Maria Ausiliatrice\" \/>\n<meta property=\"og:description\" content=\"A l\u2019occasion du Anniversaire de la Fondation de l\u2019Institut FMA, la M\u00e8re G\u00e9n\u00e9rale, S\u0153ur Chiara Cazzuola, de Bratislava en Slovaquie, a atteint avec un message vid\u00e9o toutes les FMA.\" \/>\n<meta property=\"og:url\" content=\"https:\/\/www.cgfmanet.org\/fr\/ifma-fr\/message-de-la-mere-5-aout-2024\/\" \/>\n<meta property=\"og:site_name\" content=\"Istituto Figlie di Maria Ausiliatrice\" \/>\n<meta property=\"article:publisher\" content=\"https:\/\/www.facebook.com\/salesian.sisters.of.don.bosco\/\" \/>\n<meta property=\"article:published_time\" content=\"2024-08-04T20:19:09+00:00\" \/>\n<meta property=\"article:modified_time\" content=\"2024-08-04T20:53:47+00:00\" \/>\n<meta property=\"og:image\" content=\"https:\/\/www.cgfmanet.org\/wp-content\/uploads\/2024\/08\/Messaggio-Madre-Chiara-5-agosto.jpg\" \/>\n\t<meta property=\"og:image:width\" content=\"1620\" \/>\n\t<meta property=\"og:image:height\" content=\"1080\" \/>\n\t<meta property=\"og:image:type\" content=\"image\/jpeg\" \/>\n<meta name=\"author\" content=\"Redazione\" \/>\n<meta name=\"twitter:card\" content=\"summary_large_image\" \/>\n<meta name=\"twitter:creator\" content=\"@Cgfmanet_Org\" \/>\n<meta name=\"twitter:site\" content=\"@Cgfmanet_Org\" \/>\n<meta name=\"twitter:label1\" content=\"\u00c9crit par\" \/>\n\t<meta name=\"twitter:data1\" content=\"Redazione\" \/>\n\t<meta name=\"twitter:label2\" content=\"Dur\u00e9e de lecture estim\u00e9e\" \/>\n\t<meta name=\"twitter:data2\" content=\"4 minutes\" \/>\n<script type=\"application\/ld+json\" class=\"yoast-schema-graph\">{\"@context\":\"https:\\\/\\\/schema.org\",\"@graph\":[{\"@type\":\"Article\",\"@id\":\"https:\\\/\\\/www.cgfmanet.org\\\/fr\\\/ifma-fr\\\/message-de-la-mere-5-aout-2024\\\/#article\",\"isPartOf\":{\"@id\":\"https:\\\/\\\/www.cgfmanet.org\\\/fr\\\/ifma-fr\\\/message-de-la-mere-5-aout-2024\\\/\"},\"author\":{\"name\":\"Redazione\",\"@id\":\"https:\\\/\\\/www.cgfmanet.org\\\/es\\\/#\\\/schema\\\/person\\\/ce6473083f53ef0ef882cca23f0c8fb9\"},\"headline\":\"Message de la M\u00e8re &#8211; 5 ao\u00fbt 2024\",\"datePublished\":\"2024-08-04T20:19:09+00:00\",\"dateModified\":\"2024-08-04T20:53:47+00:00\",\"mainEntityOfPage\":{\"@id\":\"https:\\\/\\\/www.cgfmanet.org\\\/fr\\\/ifma-fr\\\/message-de-la-mere-5-aout-2024\\\/\"},\"wordCount\":739,\"commentCount\":0,\"publisher\":{\"@id\":\"https:\\\/\\\/www.cgfmanet.org\\\/es\\\/#organization\"},\"image\":{\"@id\":\"https:\\\/\\\/www.cgfmanet.org\\\/fr\\\/ifma-fr\\\/message-de-la-mere-5-aout-2024\\\/#primaryimage\"},\"thumbnailUrl\":\"https:\\\/\\\/www.cgfmanet.org\\\/wp-content\\\/uploads\\\/2024\\\/08\\\/Messaggio-Madre-Chiara-5-agosto.jpg\",\"keywords\":[\"M\u00e8re G\u00e9n\u00e9rale\",\"SLK\",\"Slovaquie\",\"Focus\",\"IFMA\",\"Madre Chiara Cazzuola\"],\"articleSection\":[\"Charisme Sal\u00e9sien\",\"IFMA\"],\"inLanguage\":\"fr-FR\",\"potentialAction\":[{\"@type\":\"CommentAction\",\"name\":\"Comment\",\"target\":[\"https:\\\/\\\/www.cgfmanet.org\\\/fr\\\/ifma-fr\\\/message-de-la-mere-5-aout-2024\\\/#respond\"]}]},{\"@type\":\"WebPage\",\"@id\":\"https:\\\/\\\/www.cgfmanet.org\\\/fr\\\/ifma-fr\\\/message-de-la-mere-5-aout-2024\\\/\",\"url\":\"https:\\\/\\\/www.cgfmanet.org\\\/fr\\\/ifma-fr\\\/message-de-la-mere-5-aout-2024\\\/\",\"name\":\"Message de la M\u00e8re - 5 ao\u00fbt 2024 &#8226; Istituto Figlie di Maria Ausiliatrice\",\"isPartOf\":{\"@id\":\"https:\\\/\\\/www.cgfmanet.org\\\/es\\\/#website\"},\"primaryImageOfPage\":{\"@id\":\"https:\\\/\\\/www.cgfmanet.org\\\/fr\\\/ifma-fr\\\/message-de-la-mere-5-aout-2024\\\/#primaryimage\"},\"image\":{\"@id\":\"https:\\\/\\\/www.cgfmanet.org\\\/fr\\\/ifma-fr\\\/message-de-la-mere-5-aout-2024\\\/#primaryimage\"},\"thumbnailUrl\":\"https:\\\/\\\/www.cgfmanet.org\\\/wp-content\\\/uploads\\\/2024\\\/08\\\/Messaggio-Madre-Chiara-5-agosto.jpg\",\"datePublished\":\"2024-08-04T20:19:09+00:00\",\"dateModified\":\"2024-08-04T20:53:47+00:00\",\"description\":\"A l\u2019occasion du Anniversaire de la Fondation de l\u2019Institut FMA, la M\u00e8re G\u00e9n\u00e9rale, S\u0153ur Chiara Cazzuola, de Bratislava en Slovaquie, a atteint avec un message vid\u00e9o toutes les FMA.\",\"breadcrumb\":{\"@id\":\"https:\\\/\\\/www.cgfmanet.org\\\/fr\\\/ifma-fr\\\/message-de-la-mere-5-aout-2024\\\/#breadcrumb\"},\"inLanguage\":\"fr-FR\",\"potentialAction\":[{\"@type\":\"ReadAction\",\"target\":[\"https:\\\/\\\/www.cgfmanet.org\\\/fr\\\/ifma-fr\\\/message-de-la-mere-5-aout-2024\\\/\"]}]},{\"@type\":\"ImageObject\",\"inLanguage\":\"fr-FR\",\"@id\":\"https:\\\/\\\/www.cgfmanet.org\\\/fr\\\/ifma-fr\\\/message-de-la-mere-5-aout-2024\\\/#primaryimage\",\"url\":\"https:\\\/\\\/www.cgfmanet.org\\\/wp-content\\\/uploads\\\/2024\\\/08\\\/Messaggio-Madre-Chiara-5-agosto.jpg\",\"contentUrl\":\"https:\\\/\\\/www.cgfmanet.org\\\/wp-content\\\/uploads\\\/2024\\\/08\\\/Messaggio-Madre-Chiara-5-agosto.jpg\",\"width\":1620,\"height\":1080},{\"@type\":\"BreadcrumbList\",\"@id\":\"https:\\\/\\\/www.cgfmanet.org\\\/fr\\\/ifma-fr\\\/message-de-la-mere-5-aout-2024\\\/#breadcrumb\",\"itemListElement\":[{\"@type\":\"ListItem\",\"position\":1,\"name\":\"Home\",\"item\":\"https:\\\/\\\/www.cgfmanet.org\\\/fr\\\/\"},{\"@type\":\"ListItem\",\"position\":2,\"name\":\"Message de la M\u00e8re &#8211; 5 ao\u00fbt 2024\"}]},{\"@type\":\"WebSite\",\"@id\":\"https:\\\/\\\/www.cgfmanet.org\\\/es\\\/#website\",\"url\":\"https:\\\/\\\/www.cgfmanet.org\\\/es\\\/\",\"name\":\"Istituto Figlie di Maria Ausiliatrice\",\"description\":\"Salesiane di Don Bosco\",\"publisher\":{\"@id\":\"https:\\\/\\\/www.cgfmanet.org\\\/es\\\/#organization\"},\"potentialAction\":[{\"@type\":\"SearchAction\",\"target\":{\"@type\":\"EntryPoint\",\"urlTemplate\":\"https:\\\/\\\/www.cgfmanet.org\\\/es\\\/?s={search_term_string}\"},\"query-input\":{\"@type\":\"PropertyValueSpecification\",\"valueRequired\":true,\"valueName\":\"search_term_string\"}}],\"inLanguage\":\"fr-FR\"},{\"@type\":\"Organization\",\"@id\":\"https:\\\/\\\/www.cgfmanet.org\\\/es\\\/#organization\",\"name\":\"Istituto Figlie di Maria Ausiliatrice\",\"url\":\"https:\\\/\\\/www.cgfmanet.org\\\/es\\\/\",\"logo\":{\"@type\":\"ImageObject\",\"inLanguage\":\"fr-FR\",\"@id\":\"https:\\\/\\\/www.cgfmanet.org\\\/es\\\/#\\\/schema\\\/logo\\\/image\\\/\",\"url\":\"https:\\\/\\\/www.cgfmanet.org\\\/wp-content\\\/uploads\\\/2018\\\/10\\\/logo-fma.png\",\"contentUrl\":\"https:\\\/\\\/www.cgfmanet.org\\\/wp-content\\\/uploads\\\/2018\\\/10\\\/logo-fma.png\",\"width\":214,\"height\":55,\"caption\":\"Istituto Figlie di Maria Ausiliatrice\"},\"image\":{\"@id\":\"https:\\\/\\\/www.cgfmanet.org\\\/es\\\/#\\\/schema\\\/logo\\\/image\\\/\"},\"sameAs\":[\"https:\\\/\\\/www.facebook.com\\\/salesian.sisters.of.don.bosco\\\/\",\"https:\\\/\\\/x.com\\\/Cgfmanet_Org\",\"https:\\\/\\\/www.youtube.com\\\/channel\\\/UCmcr8yFQBV7JXeXVxyV9y5Q\"]},{\"@type\":\"Person\",\"@id\":\"https:\\\/\\\/www.cgfmanet.org\\\/es\\\/#\\\/schema\\\/person\\\/ce6473083f53ef0ef882cca23f0c8fb9\",\"name\":\"Redazione\"}]}<\/script>\n<!-- \/ Yoast SEO plugin. -->","yoast_head_json":{"title":"Message de la M\u00e8re - 5 ao\u00fbt 2024 &#8226; Istituto Figlie di Maria Ausiliatrice","description":"A l\u2019occasion du Anniversaire de la Fondation de l\u2019Institut FMA, la M\u00e8re G\u00e9n\u00e9rale, S\u0153ur Chiara Cazzuola, de Bratislava en Slovaquie, a atteint avec un message vid\u00e9o toutes les FMA.","robots":{"index":"index","follow":"follow","max-snippet":"max-snippet:-1","max-image-preview":"max-image-preview:large","max-video-preview":"max-video-preview:-1"},"canonical":"https:\/\/www.cgfmanet.org\/fr\/ifma-fr\/message-de-la-mere-5-aout-2024\/","og_locale":"fr_FR","og_type":"article","og_title":"Message de la M\u00e8re - 5 ao\u00fbt 2024 &#8226; Istituto Figlie di Maria Ausiliatrice","og_description":"A l\u2019occasion du Anniversaire de la Fondation de l\u2019Institut FMA, la M\u00e8re G\u00e9n\u00e9rale, S\u0153ur Chiara Cazzuola, de Bratislava en Slovaquie, a atteint avec un message vid\u00e9o toutes les FMA.","og_url":"https:\/\/www.cgfmanet.org\/fr\/ifma-fr\/message-de-la-mere-5-aout-2024\/","og_site_name":"Istituto Figlie di Maria Ausiliatrice","article_publisher":"https:\/\/www.facebook.com\/salesian.sisters.of.don.bosco\/","article_published_time":"2024-08-04T20:19:09+00:00","article_modified_time":"2024-08-04T20:53:47+00:00","og_image":[{"width":1620,"height":1080,"url":"https:\/\/www.cgfmanet.org\/wp-content\/uploads\/2024\/08\/Messaggio-Madre-Chiara-5-agosto.jpg","type":"image\/jpeg"}],"author":"Redazione","twitter_card":"summary_large_image","twitter_creator":"@Cgfmanet_Org","twitter_site":"@Cgfmanet_Org","twitter_misc":{"\u00c9crit par":"Redazione","Dur\u00e9e de lecture estim\u00e9e":"4 minutes"},"schema":{"@context":"https:\/\/schema.org","@graph":[{"@type":"Article","@id":"https:\/\/www.cgfmanet.org\/fr\/ifma-fr\/message-de-la-mere-5-aout-2024\/#article","isPartOf":{"@id":"https:\/\/www.cgfmanet.org\/fr\/ifma-fr\/message-de-la-mere-5-aout-2024\/"},"author":{"name":"Redazione","@id":"https:\/\/www.cgfmanet.org\/es\/#\/schema\/person\/ce6473083f53ef0ef882cca23f0c8fb9"},"headline":"Message de la M\u00e8re &#8211; 5 ao\u00fbt 2024","datePublished":"2024-08-04T20:19:09+00:00","dateModified":"2024-08-04T20:53:47+00:00","mainEntityOfPage":{"@id":"https:\/\/www.cgfmanet.org\/fr\/ifma-fr\/message-de-la-mere-5-aout-2024\/"},"wordCount":739,"commentCount":0,"publisher":{"@id":"https:\/\/www.cgfmanet.org\/es\/#organization"},"image":{"@id":"https:\/\/www.cgfmanet.org\/fr\/ifma-fr\/message-de-la-mere-5-aout-2024\/#primaryimage"},"thumbnailUrl":"https:\/\/www.cgfmanet.org\/wp-content\/uploads\/2024\/08\/Messaggio-Madre-Chiara-5-agosto.jpg","keywords":["M\u00e8re G\u00e9n\u00e9rale","SLK","Slovaquie","Focus","IFMA","Madre Chiara Cazzuola"],"articleSection":["Charisme Sal\u00e9sien","IFMA"],"inLanguage":"fr-FR","potentialAction":[{"@type":"CommentAction","name":"Comment","target":["https:\/\/www.cgfmanet.org\/fr\/ifma-fr\/message-de-la-mere-5-aout-2024\/#respond"]}]},{"@type":"WebPage","@id":"https:\/\/www.cgfmanet.org\/fr\/ifma-fr\/message-de-la-mere-5-aout-2024\/","url":"https:\/\/www.cgfmanet.org\/fr\/ifma-fr\/message-de-la-mere-5-aout-2024\/","name":"Message de la M\u00e8re - 5 ao\u00fbt 2024 &#8226; Istituto Figlie di Maria Ausiliatrice","isPartOf":{"@id":"https:\/\/www.cgfmanet.org\/es\/#website"},"primaryImageOfPage":{"@id":"https:\/\/www.cgfmanet.org\/fr\/ifma-fr\/message-de-la-mere-5-aout-2024\/#primaryimage"},"image":{"@id":"https:\/\/www.cgfmanet.org\/fr\/ifma-fr\/message-de-la-mere-5-aout-2024\/#primaryimage"},"thumbnailUrl":"https:\/\/www.cgfmanet.org\/wp-content\/uploads\/2024\/08\/Messaggio-Madre-Chiara-5-agosto.jpg","datePublished":"2024-08-04T20:19:09+00:00","dateModified":"2024-08-04T20:53:47+00:00","description":"A l\u2019occasion du Anniversaire de la Fondation de l\u2019Institut FMA, la M\u00e8re G\u00e9n\u00e9rale, S\u0153ur Chiara Cazzuola, de Bratislava en Slovaquie, a atteint avec un message vid\u00e9o toutes les FMA.","breadcrumb":{"@id":"https:\/\/www.cgfmanet.org\/fr\/ifma-fr\/message-de-la-mere-5-aout-2024\/#breadcrumb"},"inLanguage":"fr-FR","potentialAction":[{"@type":"ReadAction","target":["https:\/\/www.cgfmanet.org\/fr\/ifma-fr\/message-de-la-mere-5-aout-2024\/"]}]},{"@type":"ImageObject","inLanguage":"fr-FR","@id":"https:\/\/www.cgfmanet.org\/fr\/ifma-fr\/message-de-la-mere-5-aout-2024\/#primaryimage","url":"https:\/\/www.cgfmanet.org\/wp-content\/uploads\/2024\/08\/Messaggio-Madre-Chiara-5-agosto.jpg","contentUrl":"https:\/\/www.cgfmanet.org\/wp-content\/uploads\/2024\/08\/Messaggio-Madre-Chiara-5-agosto.jpg","width":1620,"height":1080},{"@type":"BreadcrumbList","@id":"https:\/\/www.cgfmanet.org\/fr\/ifma-fr\/message-de-la-mere-5-aout-2024\/#breadcrumb","itemListElement":[{"@type":"ListItem","position":1,"name":"Home","item":"https:\/\/www.cgfmanet.org\/fr\/"},{"@type":"ListItem","position":2,"name":"Message de la M\u00e8re &#8211; 5 ao\u00fbt 2024"}]},{"@type":"WebSite","@id":"https:\/\/www.cgfmanet.org\/es\/#website","url":"https:\/\/www.cgfmanet.org\/es\/","name":"Istituto Figlie di Maria Ausiliatrice","description":"Salesiane di Don Bosco","publisher":{"@id":"https:\/\/www.cgfmanet.org\/es\/#organization"},"potentialAction":[{"@type":"SearchAction","target":{"@type":"EntryPoint","urlTemplate":"https:\/\/www.cgfmanet.org\/es\/?s={search_term_string}"},"query-input":{"@type":"PropertyValueSpecification","valueRequired":true,"valueName":"search_term_string"}}],"inLanguage":"fr-FR"},{"@type":"Organization","@id":"https:\/\/www.cgfmanet.org\/es\/#organization","name":"Istituto Figlie di Maria Ausiliatrice","url":"https:\/\/www.cgfmanet.org\/es\/","logo":{"@type":"ImageObject","inLanguage":"fr-FR","@id":"https:\/\/www.cgfmanet.org\/es\/#\/schema\/logo\/image\/","url":"https:\/\/www.cgfmanet.org\/wp-content\/uploads\/2018\/10\/logo-fma.png","contentUrl":"https:\/\/www.cgfmanet.org\/wp-content\/uploads\/2018\/10\/logo-fma.png","width":214,"height":55,"caption":"Istituto Figlie di Maria Ausiliatrice"},"image":{"@id":"https:\/\/www.cgfmanet.org\/es\/#\/schema\/logo\/image\/"},"sameAs":["https:\/\/www.facebook.com\/salesian.sisters.of.don.bosco\/","https:\/\/x.com\/Cgfmanet_Org","https:\/\/www.youtube.com\/channel\/UCmcr8yFQBV7JXeXVxyV9y5Q"]},{"@type":"Person","@id":"https:\/\/www.cgfmanet.org\/es\/#\/schema\/person\/ce6473083f53ef0ef882cca23f0c8fb9","name":"Redazione"}]}},"_links":{"self":[{"href":"https:\/\/www.cgfmanet.org\/fr\/wp-json\/wp\/v2\/posts\/116604","targetHints":{"allow":["GET"]}}],"collection":[{"href":"https:\/\/www.cgfmanet.org\/fr\/wp-json\/wp\/v2\/posts"}],"about":[{"href":"https:\/\/www.cgfmanet.org\/fr\/wp-json\/wp\/v2\/types\/post"}],"author":[{"embeddable":true,"href":"https:\/\/www.cgfmanet.org\/fr\/wp-json\/wp\/v2\/users\/21"}],"replies":[{"embeddable":true,"href":"https:\/\/www.cgfmanet.org\/fr\/wp-json\/wp\/v2\/comments?post=116604"}],"version-history":[{"count":3,"href":"https:\/\/www.cgfmanet.org\/fr\/wp-json\/wp\/v2\/posts\/116604\/revisions"}],"predecessor-version":[{"id":116627,"href":"https:\/\/www.cgfmanet.org\/fr\/wp-json\/wp\/v2\/posts\/116604\/revisions\/116627"}],"wp:featuredmedia":[{"embeddable":true,"href":"https:\/\/www.cgfmanet.org\/fr\/wp-json\/wp\/v2\/media\/116599"}],"wp:attachment":[{"href":"https:\/\/www.cgfmanet.org\/fr\/wp-json\/wp\/v2\/media?parent=116604"}],"wp:term":[{"taxonomy":"category","embeddable":true,"href":"https:\/\/www.cgfmanet.org\/fr\/wp-json\/wp\/v2\/categories?post=116604"},{"taxonomy":"post_tag","embeddable":true,"href":"https:\/\/www.cgfmanet.org\/fr\/wp-json\/wp\/v2\/tags?post=116604"}],"curies":[{"name":"wp","href":"https:\/\/api.w.org\/{rel}","templated":true}]}}