{"id":115281,"date":"2024-07-23T11:53:44","date_gmt":"2024-07-23T09:53:44","guid":{"rendered":"https:\/\/www.cgfmanet.org\/info-sphere\/eredi-e-testimoni-di-santita-circolare-n-1040\/"},"modified":"2024-07-25T18:04:42","modified_gmt":"2024-07-25T16:04:42","slug":"heritieres-et-temoins-de-la-saintete-circulaire-n-1040","status":"publish","type":"post","link":"https:\/\/www.cgfmanet.org\/fr\/ifma-fr\/heritieres-et-temoins-de-la-saintete-circulaire-n-1040\/","title":{"rendered":"H\u00e9riti\u00e8res et t\u00e9moins de la saintet\u00e9 &#8211; Circulaire n\u00b0 1040"},"content":{"rendered":"<p><strong>Rome (Italie).<\/strong> Apr\u00e8s avoir conclu la rencontre d&rsquo;\u00e9t\u00e9 du <em>Pl\u00e9num<\/em>, dans la Circulaire chorale n. 1040, M\u00e8re Chiara Cazzuola et les Conseill\u00e8res G\u00e9n\u00e9rales de l&rsquo;Institut des Filles de Marie Auxiliatrice, expriment leur gratitude pour la pri\u00e8re et les messages de proximit\u00e9 et partagent les exp\u00e9riences significatives qu&rsquo;elles ont v\u00e9cues et ainsi que quelques rencontres \u00e0 venir.<\/p>\n<p><strong>Traces de saintet\u00e9<\/strong><\/p>\n<p>Rappelant l&rsquo;h\u00e9ritage spirituel et charismatique de l&rsquo;Institut, f\u00e9cond en mod\u00e8les de saintet\u00e9 riches et incisifs, elles invitent en particulier \u00e0 la pri\u00e8re confiante \u00ab\u00a0<em>pour le succ\u00e8s de la cause de canonisation de <\/em><strong><em>s\u0153ur Maria Troncatti<\/em><\/strong><em>, \u00e0 l&rsquo;occasion du 55<sup>e<\/sup> anniversaire de sa mort, survenue le 25 ao\u00fbt 1969 \u00bb.<\/em><\/p>\n<p>Elles rappellent \u00e9galement que le 28 avril 2024, l&rsquo;enqu\u00eate dioc\u00e9saine pour le proc\u00e8s de b\u00e9atification et de canonisation de <strong>s\u0153ur Antonietta B\u00f6hm<\/strong> a \u00e9t\u00e9 cl\u00f4tur\u00e9e et que le 27 juin, la phase romaine a commenc\u00e9.<\/p>\n<p>Une autre FMA qui a pass\u00e9 sa vie avec g\u00e9n\u00e9rosit\u00e9, <em>\u00ab\u00a0pour que l&rsquo;Institut puisse fleurir selon le plan de Dieu, en surmontant les diff\u00e9rents d\u00e9fis du moment historique\u00a0\u00bb<\/em> est <strong>M\u00e8re Catherine Daghero<\/strong> qui, \u00e0 l&rsquo;occasion du centenaire de sa mort, est de plus en plus red\u00e9couverte, gr\u00e2ce aussi aux \u00e9v\u00e9nements organis\u00e9s cette ann\u00e9e: le <span style=\"color: #0000ff;\"><strong><a style=\"color: #0000ff;\" href=\"https:\/\/www.cgfmanet.org\/fr\/ifma-fr\/congres-sur-mere-daghero-a-nizza-monferrato\/\">Congr\u00e8s de Nice <\/a><\/strong><\/span>le 24 f\u00e9vrier, <strong><span style=\"color: #0000ff;\"><a style=\"color: #0000ff;\" href=\"https:\/\/www.cgfmanet.org\/fr\/ifma-fr\/charisme-salesien\/celebration-du-centenaire-de-mere-daghero-a-cumiana\/\" target=\"_blank\" rel=\"noopener\">les c\u00e9l\u00e9brations \u00e0 Cumiana<\/a><\/span><\/strong>, son pays d&rsquo;origine, et le<span style=\"color: #0000ff;\"><strong><a style=\"color: #0000ff;\" href=\"https:\/\/www.cgfmanet.org\/fr\/ifma-fr\/colloque-sur-mere-catherine-daghero-rome\/\" target=\"_blank\" rel=\"noopener\"> Congr\u00e8s de Rome<\/a><\/strong><\/span> \u00e0 la Maison g\u00e9n\u00e9rale le 8 juin.<\/p>\n<p>Sur le canal YouTube de l&rsquo;Institut des FMA est disponible la <span style=\"color: #0000ff;\"><strong><a style=\"color: #0000ff;\" href=\"https:\/\/www.youtube.com\/watch?v=z96q2VFrPbo\" target=\"_blank\" rel=\"noopener\">vid\u00e9o avec une br\u00e8ve<\/a><\/strong><\/span> r\u00e9alis\u00e9e par le Secteur de la Communication Sociale, en collaboration avec le Secr\u00e9tariat G\u00e9n\u00e9ral et le Centre d&rsquo;\u00c9tudes des FMA de la Facult\u00e9 Pontificale d&rsquo;\u00c9ducation \u00ab\u00a0Auxilium\u00a0\u00bb.<\/p>\n<p>\u00c0 M\u00e8re Catherine Daghero, dont l&rsquo;animation a \u00e9t\u00e9 caract\u00e9ris\u00e9e par un \u00ab\u00a0remarquable \u00e9lan missionnaire\u00a0\u00bb, elles confient la c\u00e9l\u00e9bration du <strong>150<sup>e<\/sup> anniversaire du premier d\u00e9part missionnaire des Filles de Marie Auxiliatrice (14 novembre 1877),<\/strong> <em>comme une occasion de concr\u00e9tiser l&rsquo;exhortation de M\u00e8re Mazzarello : \u00ab\u00a0Il est temps de rallumer le feu !\u00a0\u00bb\u00a0 <\/em>Dans ce sens, elles invitent \u00e0 encourager avec enthousiasme les Communaut\u00e9s \u00e9ducatives \u00e0 participer au <strong><span style=\"color: #0000ff;\"><a style=\"color: #0000ff;\" href=\"https:\/\/www.cgfmanet.org\/fr\/ifma-fr\/concours-de-logo-et-dhymnes-pour-le-150e-anniversaire-de-la-premiere-expedition-missionnaire\/\" target=\"_blank\" rel=\"noopener\">Concours<\/a> <\/span>pour la cr\u00e9ation du Logo et de l&rsquo;Hymne<\/strong> qui accompagneront les nombreuses initiatives locales et internationales pendant les trois ann\u00e9es de pr\u00e9paration de l&rsquo;\u00e9v\u00e9nement.<\/p>\n<p><strong>Ensemble pour engendrer la vie<\/strong><\/p>\n<p>La M\u00e8re et les s\u0153urs du Conseil ont ensuite partag\u00e9 quelques exp\u00e9riences v\u00e9cues en esprit de famille :<strong> les Exercices spirituels<\/strong> <em>\u00ab\u00a0une exp\u00e9rience de silence, d&rsquo;int\u00e9riorit\u00e9, de contemplation, favoris\u00e9e par le splendide paysage de Sant&rsquo;Agnello de Sorrente (Naples)\u00a0\u00bb,<\/em> qui s&rsquo;est conclue le 25 juin \u00e0 Torre Annunziata (Naples) par un apr\u00e8s-midi <strong><span style=\"color: #0000ff;\"><a style=\"color: #0000ff;\" href=\"https:\/\/www.cgfmanet.org\/fr\/ifma-fr\/celui-qui-aime-tappelle-pour-un-reve-qui-continue-imr\/\" target=\"_blank\" rel=\"noopener\">de c\u00e9l\u00e9bration au caract\u00e8re vocationnel<\/a> <\/span><\/strong>avec les s\u0153urs et les communaut\u00e9s \u00e9ducatives de <em>Notre Dame du Bon Conseil<\/em> (IMR).<\/p>\n<p><em>\u00ab\u00a0Un fort esprit de famille a \u00e9galement caract\u00e9ris\u00e9 la p\u00e9riode d&rsquo;accueil et de formation des <\/em><strong><em>14 nouvelles Provinciales<\/em><\/strong>\u00a0\u00bb \u00e0 la <em>Maison Sainte-Rose<\/em> de Castelgandolfo (Rome) qui, par une m\u00e9thodologie interactive, d&rsquo;atelier et d&rsquo;exp\u00e9rience, ont approfondi le service d&rsquo;animation et de gouvernement, \u00e0 la lumi\u00e8re du XXIV\u00e8me Chapitre G\u00e9n\u00e9ral.<\/p>\n<p>La circulaire continue avec l&rsquo;exp\u00e9rience des <strong>S\u00e9minaires pour l&rsquo;animation g\u00e9n\u00e9rative<\/strong> pr\u00e9vus dans la programmation du Conseil g\u00e9n\u00e9ral (2022-2027). Apr\u00e8s les s\u00e9minaires <strong><span style=\"color: #0000ff;\"><a style=\"color: #0000ff;\" href=\"https:\/\/www.cgfmanet.org\/fr\/ifma-fr\/pour-une-animation-generative-seminaire-cib\/\" target=\"_blank\" rel=\"noopener\">CIB<\/a><\/span><\/strong>, <span style=\"color: #0000ff;\"><strong><a style=\"color: #0000ff;\" href=\"https:\/\/www.cgfmanet.org\/fr\/ifma-fr\/congres-seminaires\/pour-une-animation-generative-seminaire-cicsal\/\" target=\"_blank\" rel=\"noopener\">CICSAL<\/a><\/strong><\/span> y <span style=\"color: #0000ff;\"><strong><a style=\"color: #0000ff;\" href=\"https:\/\/www.cgfmanet.org\/fr\/ifma-fr\/congres-seminaires\/pour-une-animation-generative-seminaire-cinab\/\" target=\"_blank\" rel=\"noopener\">CINAB<\/a><\/strong><\/span>, en mars 2024, ce sera, en ao\u00fbt, au tour de la Conf\u00e9rence interprovinciale de l&rsquo;Asie orientale (CIAO) avec la Province de la R\u00e9gion Pacifique (SPR) et la Conf\u00e9rence de l&rsquo;Inde (PCI), tandis qu&rsquo;en septembre se tiendront les s\u00e9minaires de la Conf\u00e9rence CIMAC du Mexique, des Antilles et de l&rsquo;Am\u00e9rique centrale et de la Conf\u00e9rence de l&rsquo;Am\u00e9rique du Nord (NAC).<\/p>\n<p><strong>Avec la famille sal\u00e9sienne<\/strong><\/p>\n<p>De plus, la M\u00e8re et les Conseill\u00e8res nous invitent \u00e0 accompagner par la pri\u00e8re deux rencontres de la Famille sal\u00e9sienne qui se tiendront au mois d&rsquo;ao\u00fbt. Du 11 au 16 ao\u00fbt 2024, le Synode des jeunes sal\u00e9siens se tiendra \u00e0 Turin-Valdocco et au Colle Don Bosco<strong>,<\/strong> avec la participation des jeunes du Mouvement Sal\u00e9sien des Jeunes (MSJ) du monde entier et de quelques repr\u00e9sentants des FMA et des SDB des Conf\u00e9rences interprovinciales et des diff\u00e9rentes r\u00e9gions.<\/p>\n<p>\u00c0 cet \u00e9v\u00e9nement participera le Recteur Majeur, le Cardinal \u00c1ngel Fern\u00e1ndez Artime. Il terminera son mandat de Recteur Majeur le 16 ao\u00fbt, \u00e0 qui la M\u00e8re et les Conseill\u00e8res expriment leur gratitude et avec une pri\u00e8re fraternelle confient <em>\u00ab\u00a0sa vie et sa nouvelle mission \u00e0 Marie Auxiliatrice, M\u00e8re et Ma\u00eetresse, pr\u00e9sence s\u00fbre comme guide de la Famille sal\u00e9sienne\u00a0\u00bb<\/em>.<\/p>\n<p>Un autre \u00e9v\u00e9nement mondial, auquel la M\u00e8re et Conseill\u00e8re pour la Famille sal\u00e9sienne participera, est le <strong>IX<sup>e<\/sup> Congr\u00e8s international de Marie Auxiliatrice<\/strong>, organis\u00e9 par l&rsquo;Association de Marie Auxiliatrice (ADMA) et adress\u00e9 \u00e0 tous les groupes de la Famille sal\u00e9sienne, qui se tiendra \u00e0 Fatima, au Portugal, du 29 ao\u00fbt au 1<sup>er<\/sup> septembre 2024 sur <em>le th\u00e8me<\/em><em> Je vous donnerai la Ma\u00eetresse<\/em>.<\/p>\n<p><strong>Vers le 5 ao\u00fbt<\/strong><\/p>\n<p>La Circulaire N\u00b0 1040 se termine par un souhait sp\u00e9cial \u00e0 l&rsquo;approche du 5 ao\u00fbt :<\/p>\n<p><em>\u00ab\u00a0Que le \u00ab\u00a0oui\u00a0\u00bb de sainte Marie-Dominique Mazzarello et des premi\u00e8res Filles de Marie-Auxiliatrice soit renouvel\u00e9 en chacune de nous, sp\u00e9cialement chez les s\u0153urs qui c\u00e9l\u00e8brent le jubil\u00e9 de 25, 50, 60, 70 et 75 ans de profession. Que leur t\u00e9moignage et leur offrande, ainsi que le t\u00e9moignage de nos des s\u0153urs \u00e2g\u00e9es, malades ou en difficult\u00e9s diverses, soutiennent la fid\u00e9lit\u00e9 de tous, en particulier de celles qui commenceront leur noviciat, qui feront leur premi\u00e8re profession ou leur profession perp\u00e9tuelle, et des jeunes professes qui renouvelleront leurs v\u0153ux religieux.<\/em><\/p>\n<p><em>Que Marie Auxiliatrice, M\u00e8re et Ma\u00eetresse, marchant parmi nous, continue \u00e0 nous b\u00e9nir et \u00e0 soutenir notre mission\u00a0\u00bb.<\/em><\/p>\n<p><span style=\"color: #0000ff;\"><strong><a style=\"color: #0000ff;\" href=\"https:\/\/drive.google.com\/file\/d\/1qs5_Rz1TY4kghJKV5ticfObMZpbK67NA\/view?usp=drive_link\" target=\"_blank\" rel=\"noopener\">Circulaire n\u00b0 1040<\/a><\/strong><\/span><\/p>\n","protected":false},"excerpt":{"rendered":"<p>Rome (Italie). Apr\u00e8s avoir conclu la rencontre d&rsquo;\u00e9t\u00e9 du Pl\u00e9num, dans la Circulaire chorale n. 1040, M\u00e8re Chiara Cazzuola et les Conseill\u00e8res G\u00e9n\u00e9rales de l&rsquo;Institut des Filles de Marie Auxiliatrice, [&hellip;]<\/p>\n","protected":false},"author":21,"featured_media":115276,"comment_status":"open","ping_status":"closed","sticky":false,"template":"","format":"standard","meta":{"footnotes":""},"categories":[164,156],"tags":[369,1450,1778,1929,2221,2236,2377,2462],"class_list":["post-115281","post","type-post","status-publish","format-standard","has-post-thumbnail","category-charisme-salesien","category-ifma-fr","tag-mere-generale","tag-saintete-salesienne","tag-famille-salesienne","tag-focus-fr","tag-consigliere-generali-fr","tag-circolare-fr","tag-madre-chiara-cazzuola-fr","tag-150-missions-des-fma"],"yoast_head":"<!-- This site is optimized with the Yoast SEO plugin v27.4 - https:\/\/yoast.com\/product\/yoast-seo-wordpress\/ -->\n<title>H\u00e9riti\u00e8res et t\u00e9moins de la saintet\u00e9 - Circulaire n\u00b0 1040 &#8226; Istituto Figlie di Maria Ausiliatrice<\/title>\n<meta name=\"description\" content=\"Au terme du Pl\u00e9num d&#039;\u00e9t\u00e9, la M\u00e8re et les Conseill\u00e8res g\u00e9n\u00e9rales de l&#039;Institut partagent avec les FMA les exp\u00e9riences significatives v\u00e9cues et les r\u00e9sonances de certains \u00e9v\u00e9nements.\" \/>\n<meta name=\"robots\" content=\"index, follow, max-snippet:-1, max-image-preview:large, max-video-preview:-1\" \/>\n<link rel=\"canonical\" href=\"https:\/\/www.cgfmanet.org\/fr\/ifma-fr\/heritieres-et-temoins-de-la-saintete-circulaire-n-1040\/\" \/>\n<meta property=\"og:locale\" content=\"fr_FR\" \/>\n<meta property=\"og:type\" content=\"article\" \/>\n<meta property=\"og:title\" content=\"H\u00e9riti\u00e8res et t\u00e9moins de la saintet\u00e9 - Circulaire n\u00b0 1040 &#8226; Istituto Figlie di Maria Ausiliatrice\" \/>\n<meta property=\"og:description\" content=\"Au terme du Pl\u00e9num d&#039;\u00e9t\u00e9, la M\u00e8re et les Conseill\u00e8res g\u00e9n\u00e9rales de l&#039;Institut partagent avec les FMA les exp\u00e9riences significatives v\u00e9cues et les r\u00e9sonances de certains \u00e9v\u00e9nements.\" \/>\n<meta property=\"og:url\" content=\"https:\/\/www.cgfmanet.org\/fr\/ifma-fr\/heritieres-et-temoins-de-la-saintete-circulaire-n-1040\/\" \/>\n<meta property=\"og:site_name\" content=\"Istituto Figlie di Maria Ausiliatrice\" \/>\n<meta property=\"article:publisher\" content=\"https:\/\/www.facebook.com\/salesian.sisters.of.don.bosco\/\" \/>\n<meta property=\"article:published_time\" content=\"2024-07-23T09:53:44+00:00\" \/>\n<meta property=\"article:modified_time\" content=\"2024-07-25T16:04:42+00:00\" \/>\n<meta property=\"og:image\" content=\"https:\/\/www.cgfmanet.org\/wp-content\/uploads\/2024\/07\/Circolare_1041.jpg\" \/>\n\t<meta property=\"og:image:width\" content=\"1182\" \/>\n\t<meta property=\"og:image:height\" content=\"788\" \/>\n\t<meta property=\"og:image:type\" content=\"image\/jpeg\" \/>\n<meta name=\"author\" content=\"Redazione\" \/>\n<meta name=\"twitter:card\" content=\"summary_large_image\" \/>\n<meta name=\"twitter:creator\" content=\"@Cgfmanet_Org\" \/>\n<meta name=\"twitter:site\" content=\"@Cgfmanet_Org\" \/>\n<meta name=\"twitter:label1\" content=\"\u00c9crit par\" \/>\n\t<meta name=\"twitter:data1\" content=\"Redazione\" \/>\n\t<meta name=\"twitter:label2\" content=\"Dur\u00e9e de lecture estim\u00e9e\" \/>\n\t<meta name=\"twitter:data2\" content=\"5 minutes\" \/>\n<script type=\"application\/ld+json\" class=\"yoast-schema-graph\">{\"@context\":\"https:\\\/\\\/schema.org\",\"@graph\":[{\"@type\":\"Article\",\"@id\":\"https:\\\/\\\/www.cgfmanet.org\\\/fr\\\/ifma-fr\\\/heritieres-et-temoins-de-la-saintete-circulaire-n-1040\\\/#article\",\"isPartOf\":{\"@id\":\"https:\\\/\\\/www.cgfmanet.org\\\/fr\\\/ifma-fr\\\/heritieres-et-temoins-de-la-saintete-circulaire-n-1040\\\/\"},\"author\":{\"name\":\"Redazione\",\"@id\":\"https:\\\/\\\/www.cgfmanet.org\\\/es\\\/#\\\/schema\\\/person\\\/ce6473083f53ef0ef882cca23f0c8fb9\"},\"headline\":\"H\u00e9riti\u00e8res et t\u00e9moins de la saintet\u00e9 &#8211; Circulaire n\u00b0 1040\",\"datePublished\":\"2024-07-23T09:53:44+00:00\",\"dateModified\":\"2024-07-25T16:04:42+00:00\",\"mainEntityOfPage\":{\"@id\":\"https:\\\/\\\/www.cgfmanet.org\\\/fr\\\/ifma-fr\\\/heritieres-et-temoins-de-la-saintete-circulaire-n-1040\\\/\"},\"wordCount\":1033,\"commentCount\":0,\"publisher\":{\"@id\":\"https:\\\/\\\/www.cgfmanet.org\\\/es\\\/#organization\"},\"image\":{\"@id\":\"https:\\\/\\\/www.cgfmanet.org\\\/fr\\\/ifma-fr\\\/heritieres-et-temoins-de-la-saintete-circulaire-n-1040\\\/#primaryimage\"},\"thumbnailUrl\":\"https:\\\/\\\/www.cgfmanet.org\\\/wp-content\\\/uploads\\\/2024\\\/07\\\/Circolare_1041.jpg\",\"keywords\":[\"M\u00e8re G\u00e9n\u00e9rale\",\"Saintet\u00e9 Sal\u00e9sienne\",\"Famille Sal\u00e9sienne\",\"Focus\",\"Consigliere Generali\",\"Circolare\",\"Madre Chiara Cazzuola\",\"150\u00b0 Missions des FMA\"],\"articleSection\":[\"Charisme Sal\u00e9sien\",\"IFMA\"],\"inLanguage\":\"fr-FR\",\"potentialAction\":[{\"@type\":\"CommentAction\",\"name\":\"Comment\",\"target\":[\"https:\\\/\\\/www.cgfmanet.org\\\/fr\\\/ifma-fr\\\/heritieres-et-temoins-de-la-saintete-circulaire-n-1040\\\/#respond\"]}]},{\"@type\":\"WebPage\",\"@id\":\"https:\\\/\\\/www.cgfmanet.org\\\/fr\\\/ifma-fr\\\/heritieres-et-temoins-de-la-saintete-circulaire-n-1040\\\/\",\"url\":\"https:\\\/\\\/www.cgfmanet.org\\\/fr\\\/ifma-fr\\\/heritieres-et-temoins-de-la-saintete-circulaire-n-1040\\\/\",\"name\":\"H\u00e9riti\u00e8res et t\u00e9moins de la saintet\u00e9 - Circulaire n\u00b0 1040 &#8226; Istituto Figlie di Maria Ausiliatrice\",\"isPartOf\":{\"@id\":\"https:\\\/\\\/www.cgfmanet.org\\\/es\\\/#website\"},\"primaryImageOfPage\":{\"@id\":\"https:\\\/\\\/www.cgfmanet.org\\\/fr\\\/ifma-fr\\\/heritieres-et-temoins-de-la-saintete-circulaire-n-1040\\\/#primaryimage\"},\"image\":{\"@id\":\"https:\\\/\\\/www.cgfmanet.org\\\/fr\\\/ifma-fr\\\/heritieres-et-temoins-de-la-saintete-circulaire-n-1040\\\/#primaryimage\"},\"thumbnailUrl\":\"https:\\\/\\\/www.cgfmanet.org\\\/wp-content\\\/uploads\\\/2024\\\/07\\\/Circolare_1041.jpg\",\"datePublished\":\"2024-07-23T09:53:44+00:00\",\"dateModified\":\"2024-07-25T16:04:42+00:00\",\"description\":\"Au terme du Pl\u00e9num d'\u00e9t\u00e9, la M\u00e8re et les Conseill\u00e8res g\u00e9n\u00e9rales de l'Institut partagent avec les FMA les exp\u00e9riences significatives v\u00e9cues et les r\u00e9sonances de certains \u00e9v\u00e9nements.\",\"breadcrumb\":{\"@id\":\"https:\\\/\\\/www.cgfmanet.org\\\/fr\\\/ifma-fr\\\/heritieres-et-temoins-de-la-saintete-circulaire-n-1040\\\/#breadcrumb\"},\"inLanguage\":\"fr-FR\",\"potentialAction\":[{\"@type\":\"ReadAction\",\"target\":[\"https:\\\/\\\/www.cgfmanet.org\\\/fr\\\/ifma-fr\\\/heritieres-et-temoins-de-la-saintete-circulaire-n-1040\\\/\"]}]},{\"@type\":\"ImageObject\",\"inLanguage\":\"fr-FR\",\"@id\":\"https:\\\/\\\/www.cgfmanet.org\\\/fr\\\/ifma-fr\\\/heritieres-et-temoins-de-la-saintete-circulaire-n-1040\\\/#primaryimage\",\"url\":\"https:\\\/\\\/www.cgfmanet.org\\\/wp-content\\\/uploads\\\/2024\\\/07\\\/Circolare_1041.jpg\",\"contentUrl\":\"https:\\\/\\\/www.cgfmanet.org\\\/wp-content\\\/uploads\\\/2024\\\/07\\\/Circolare_1041.jpg\",\"width\":1182,\"height\":788},{\"@type\":\"BreadcrumbList\",\"@id\":\"https:\\\/\\\/www.cgfmanet.org\\\/fr\\\/ifma-fr\\\/heritieres-et-temoins-de-la-saintete-circulaire-n-1040\\\/#breadcrumb\",\"itemListElement\":[{\"@type\":\"ListItem\",\"position\":1,\"name\":\"Home\",\"item\":\"https:\\\/\\\/www.cgfmanet.org\\\/fr\\\/\"},{\"@type\":\"ListItem\",\"position\":2,\"name\":\"H\u00e9riti\u00e8res et t\u00e9moins de la saintet\u00e9 &#8211; Circulaire n\u00b0 1040\"}]},{\"@type\":\"WebSite\",\"@id\":\"https:\\\/\\\/www.cgfmanet.org\\\/es\\\/#website\",\"url\":\"https:\\\/\\\/www.cgfmanet.org\\\/es\\\/\",\"name\":\"Istituto Figlie di Maria Ausiliatrice\",\"description\":\"Salesiane di Don Bosco\",\"publisher\":{\"@id\":\"https:\\\/\\\/www.cgfmanet.org\\\/es\\\/#organization\"},\"potentialAction\":[{\"@type\":\"SearchAction\",\"target\":{\"@type\":\"EntryPoint\",\"urlTemplate\":\"https:\\\/\\\/www.cgfmanet.org\\\/es\\\/?s={search_term_string}\"},\"query-input\":{\"@type\":\"PropertyValueSpecification\",\"valueRequired\":true,\"valueName\":\"search_term_string\"}}],\"inLanguage\":\"fr-FR\"},{\"@type\":\"Organization\",\"@id\":\"https:\\\/\\\/www.cgfmanet.org\\\/es\\\/#organization\",\"name\":\"Istituto Figlie di Maria Ausiliatrice\",\"url\":\"https:\\\/\\\/www.cgfmanet.org\\\/es\\\/\",\"logo\":{\"@type\":\"ImageObject\",\"inLanguage\":\"fr-FR\",\"@id\":\"https:\\\/\\\/www.cgfmanet.org\\\/es\\\/#\\\/schema\\\/logo\\\/image\\\/\",\"url\":\"https:\\\/\\\/www.cgfmanet.org\\\/wp-content\\\/uploads\\\/2018\\\/10\\\/logo-fma.png\",\"contentUrl\":\"https:\\\/\\\/www.cgfmanet.org\\\/wp-content\\\/uploads\\\/2018\\\/10\\\/logo-fma.png\",\"width\":214,\"height\":55,\"caption\":\"Istituto Figlie di Maria Ausiliatrice\"},\"image\":{\"@id\":\"https:\\\/\\\/www.cgfmanet.org\\\/es\\\/#\\\/schema\\\/logo\\\/image\\\/\"},\"sameAs\":[\"https:\\\/\\\/www.facebook.com\\\/salesian.sisters.of.don.bosco\\\/\",\"https:\\\/\\\/x.com\\\/Cgfmanet_Org\",\"https:\\\/\\\/www.youtube.com\\\/channel\\\/UCmcr8yFQBV7JXeXVxyV9y5Q\"]},{\"@type\":\"Person\",\"@id\":\"https:\\\/\\\/www.cgfmanet.org\\\/es\\\/#\\\/schema\\\/person\\\/ce6473083f53ef0ef882cca23f0c8fb9\",\"name\":\"Redazione\"}]}<\/script>\n<!-- \/ Yoast SEO plugin. -->","yoast_head_json":{"title":"H\u00e9riti\u00e8res et t\u00e9moins de la saintet\u00e9 - Circulaire n\u00b0 1040 &#8226; Istituto Figlie di Maria Ausiliatrice","description":"Au terme du Pl\u00e9num d'\u00e9t\u00e9, la M\u00e8re et les Conseill\u00e8res g\u00e9n\u00e9rales de l'Institut partagent avec les FMA les exp\u00e9riences significatives v\u00e9cues et les r\u00e9sonances de certains \u00e9v\u00e9nements.","robots":{"index":"index","follow":"follow","max-snippet":"max-snippet:-1","max-image-preview":"max-image-preview:large","max-video-preview":"max-video-preview:-1"},"canonical":"https:\/\/www.cgfmanet.org\/fr\/ifma-fr\/heritieres-et-temoins-de-la-saintete-circulaire-n-1040\/","og_locale":"fr_FR","og_type":"article","og_title":"H\u00e9riti\u00e8res et t\u00e9moins de la saintet\u00e9 - Circulaire n\u00b0 1040 &#8226; Istituto Figlie di Maria Ausiliatrice","og_description":"Au terme du Pl\u00e9num d'\u00e9t\u00e9, la M\u00e8re et les Conseill\u00e8res g\u00e9n\u00e9rales de l'Institut partagent avec les FMA les exp\u00e9riences significatives v\u00e9cues et les r\u00e9sonances de certains \u00e9v\u00e9nements.","og_url":"https:\/\/www.cgfmanet.org\/fr\/ifma-fr\/heritieres-et-temoins-de-la-saintete-circulaire-n-1040\/","og_site_name":"Istituto Figlie di Maria Ausiliatrice","article_publisher":"https:\/\/www.facebook.com\/salesian.sisters.of.don.bosco\/","article_published_time":"2024-07-23T09:53:44+00:00","article_modified_time":"2024-07-25T16:04:42+00:00","og_image":[{"width":1182,"height":788,"url":"https:\/\/www.cgfmanet.org\/wp-content\/uploads\/2024\/07\/Circolare_1041.jpg","type":"image\/jpeg"}],"author":"Redazione","twitter_card":"summary_large_image","twitter_creator":"@Cgfmanet_Org","twitter_site":"@Cgfmanet_Org","twitter_misc":{"\u00c9crit par":"Redazione","Dur\u00e9e de lecture estim\u00e9e":"5 minutes"},"schema":{"@context":"https:\/\/schema.org","@graph":[{"@type":"Article","@id":"https:\/\/www.cgfmanet.org\/fr\/ifma-fr\/heritieres-et-temoins-de-la-saintete-circulaire-n-1040\/#article","isPartOf":{"@id":"https:\/\/www.cgfmanet.org\/fr\/ifma-fr\/heritieres-et-temoins-de-la-saintete-circulaire-n-1040\/"},"author":{"name":"Redazione","@id":"https:\/\/www.cgfmanet.org\/es\/#\/schema\/person\/ce6473083f53ef0ef882cca23f0c8fb9"},"headline":"H\u00e9riti\u00e8res et t\u00e9moins de la saintet\u00e9 &#8211; Circulaire n\u00b0 1040","datePublished":"2024-07-23T09:53:44+00:00","dateModified":"2024-07-25T16:04:42+00:00","mainEntityOfPage":{"@id":"https:\/\/www.cgfmanet.org\/fr\/ifma-fr\/heritieres-et-temoins-de-la-saintete-circulaire-n-1040\/"},"wordCount":1033,"commentCount":0,"publisher":{"@id":"https:\/\/www.cgfmanet.org\/es\/#organization"},"image":{"@id":"https:\/\/www.cgfmanet.org\/fr\/ifma-fr\/heritieres-et-temoins-de-la-saintete-circulaire-n-1040\/#primaryimage"},"thumbnailUrl":"https:\/\/www.cgfmanet.org\/wp-content\/uploads\/2024\/07\/Circolare_1041.jpg","keywords":["M\u00e8re G\u00e9n\u00e9rale","Saintet\u00e9 Sal\u00e9sienne","Famille Sal\u00e9sienne","Focus","Consigliere Generali","Circolare","Madre Chiara Cazzuola","150\u00b0 Missions des FMA"],"articleSection":["Charisme Sal\u00e9sien","IFMA"],"inLanguage":"fr-FR","potentialAction":[{"@type":"CommentAction","name":"Comment","target":["https:\/\/www.cgfmanet.org\/fr\/ifma-fr\/heritieres-et-temoins-de-la-saintete-circulaire-n-1040\/#respond"]}]},{"@type":"WebPage","@id":"https:\/\/www.cgfmanet.org\/fr\/ifma-fr\/heritieres-et-temoins-de-la-saintete-circulaire-n-1040\/","url":"https:\/\/www.cgfmanet.org\/fr\/ifma-fr\/heritieres-et-temoins-de-la-saintete-circulaire-n-1040\/","name":"H\u00e9riti\u00e8res et t\u00e9moins de la saintet\u00e9 - Circulaire n\u00b0 1040 &#8226; Istituto Figlie di Maria Ausiliatrice","isPartOf":{"@id":"https:\/\/www.cgfmanet.org\/es\/#website"},"primaryImageOfPage":{"@id":"https:\/\/www.cgfmanet.org\/fr\/ifma-fr\/heritieres-et-temoins-de-la-saintete-circulaire-n-1040\/#primaryimage"},"image":{"@id":"https:\/\/www.cgfmanet.org\/fr\/ifma-fr\/heritieres-et-temoins-de-la-saintete-circulaire-n-1040\/#primaryimage"},"thumbnailUrl":"https:\/\/www.cgfmanet.org\/wp-content\/uploads\/2024\/07\/Circolare_1041.jpg","datePublished":"2024-07-23T09:53:44+00:00","dateModified":"2024-07-25T16:04:42+00:00","description":"Au terme du Pl\u00e9num d'\u00e9t\u00e9, la M\u00e8re et les Conseill\u00e8res g\u00e9n\u00e9rales de l'Institut partagent avec les FMA les exp\u00e9riences significatives v\u00e9cues et les r\u00e9sonances de certains \u00e9v\u00e9nements.","breadcrumb":{"@id":"https:\/\/www.cgfmanet.org\/fr\/ifma-fr\/heritieres-et-temoins-de-la-saintete-circulaire-n-1040\/#breadcrumb"},"inLanguage":"fr-FR","potentialAction":[{"@type":"ReadAction","target":["https:\/\/www.cgfmanet.org\/fr\/ifma-fr\/heritieres-et-temoins-de-la-saintete-circulaire-n-1040\/"]}]},{"@type":"ImageObject","inLanguage":"fr-FR","@id":"https:\/\/www.cgfmanet.org\/fr\/ifma-fr\/heritieres-et-temoins-de-la-saintete-circulaire-n-1040\/#primaryimage","url":"https:\/\/www.cgfmanet.org\/wp-content\/uploads\/2024\/07\/Circolare_1041.jpg","contentUrl":"https:\/\/www.cgfmanet.org\/wp-content\/uploads\/2024\/07\/Circolare_1041.jpg","width":1182,"height":788},{"@type":"BreadcrumbList","@id":"https:\/\/www.cgfmanet.org\/fr\/ifma-fr\/heritieres-et-temoins-de-la-saintete-circulaire-n-1040\/#breadcrumb","itemListElement":[{"@type":"ListItem","position":1,"name":"Home","item":"https:\/\/www.cgfmanet.org\/fr\/"},{"@type":"ListItem","position":2,"name":"H\u00e9riti\u00e8res et t\u00e9moins de la saintet\u00e9 &#8211; Circulaire n\u00b0 1040"}]},{"@type":"WebSite","@id":"https:\/\/www.cgfmanet.org\/es\/#website","url":"https:\/\/www.cgfmanet.org\/es\/","name":"Istituto Figlie di Maria Ausiliatrice","description":"Salesiane di Don Bosco","publisher":{"@id":"https:\/\/www.cgfmanet.org\/es\/#organization"},"potentialAction":[{"@type":"SearchAction","target":{"@type":"EntryPoint","urlTemplate":"https:\/\/www.cgfmanet.org\/es\/?s={search_term_string}"},"query-input":{"@type":"PropertyValueSpecification","valueRequired":true,"valueName":"search_term_string"}}],"inLanguage":"fr-FR"},{"@type":"Organization","@id":"https:\/\/www.cgfmanet.org\/es\/#organization","name":"Istituto Figlie di Maria Ausiliatrice","url":"https:\/\/www.cgfmanet.org\/es\/","logo":{"@type":"ImageObject","inLanguage":"fr-FR","@id":"https:\/\/www.cgfmanet.org\/es\/#\/schema\/logo\/image\/","url":"https:\/\/www.cgfmanet.org\/wp-content\/uploads\/2018\/10\/logo-fma.png","contentUrl":"https:\/\/www.cgfmanet.org\/wp-content\/uploads\/2018\/10\/logo-fma.png","width":214,"height":55,"caption":"Istituto Figlie di Maria Ausiliatrice"},"image":{"@id":"https:\/\/www.cgfmanet.org\/es\/#\/schema\/logo\/image\/"},"sameAs":["https:\/\/www.facebook.com\/salesian.sisters.of.don.bosco\/","https:\/\/x.com\/Cgfmanet_Org","https:\/\/www.youtube.com\/channel\/UCmcr8yFQBV7JXeXVxyV9y5Q"]},{"@type":"Person","@id":"https:\/\/www.cgfmanet.org\/es\/#\/schema\/person\/ce6473083f53ef0ef882cca23f0c8fb9","name":"Redazione"}]}},"_links":{"self":[{"href":"https:\/\/www.cgfmanet.org\/fr\/wp-json\/wp\/v2\/posts\/115281","targetHints":{"allow":["GET"]}}],"collection":[{"href":"https:\/\/www.cgfmanet.org\/fr\/wp-json\/wp\/v2\/posts"}],"about":[{"href":"https:\/\/www.cgfmanet.org\/fr\/wp-json\/wp\/v2\/types\/post"}],"author":[{"embeddable":true,"href":"https:\/\/www.cgfmanet.org\/fr\/wp-json\/wp\/v2\/users\/21"}],"replies":[{"embeddable":true,"href":"https:\/\/www.cgfmanet.org\/fr\/wp-json\/wp\/v2\/comments?post=115281"}],"version-history":[{"count":3,"href":"https:\/\/www.cgfmanet.org\/fr\/wp-json\/wp\/v2\/posts\/115281\/revisions"}],"predecessor-version":[{"id":115523,"href":"https:\/\/www.cgfmanet.org\/fr\/wp-json\/wp\/v2\/posts\/115281\/revisions\/115523"}],"wp:featuredmedia":[{"embeddable":true,"href":"https:\/\/www.cgfmanet.org\/fr\/wp-json\/wp\/v2\/media\/115276"}],"wp:attachment":[{"href":"https:\/\/www.cgfmanet.org\/fr\/wp-json\/wp\/v2\/media?parent=115281"}],"wp:term":[{"taxonomy":"category","embeddable":true,"href":"https:\/\/www.cgfmanet.org\/fr\/wp-json\/wp\/v2\/categories?post=115281"},{"taxonomy":"post_tag","embeddable":true,"href":"https:\/\/www.cgfmanet.org\/fr\/wp-json\/wp\/v2\/tags?post=115281"}],"curies":[{"name":"wp","href":"https:\/\/api.w.org\/{rel}","templated":true}]}}