{"id":111796,"date":"2024-05-24T11:19:36","date_gmt":"2024-05-24T09:19:36","guid":{"rendered":"https:\/\/www.cgfmanet.org\/info-sphere\/il-canto-io-ti-daro-la-maestra\/"},"modified":"2024-05-28T22:27:38","modified_gmt":"2024-05-28T20:27:38","slug":"la-chanson-je-te-donnerai-la-maitresse","status":"publish","type":"post","link":"https:\/\/www.cgfmanet.org\/fr\/ifma-fr\/charisme-salesien\/la-chanson-je-te-donnerai-la-maitresse\/","title":{"rendered":"La chanson \u00ab Je te donnerai la Ma\u00eetresse \u00bb"},"content":{"rendered":"<p><strong>Rome (Italie) <\/strong>Le 24 mai 2024, \u00e0 l&rsquo;occasion de la solennit\u00e9 de Marie Auxiliatrice, Maria Dina Bertotti, professeur de religion et auteur de plusieurs m\u00e9ditations musicales, entre autres celles inspir\u00e9es par la vie de M\u00e8re Mazzarello et de M\u00e8re Caterina Daghero, propose son t\u00e9moignage en tant qu&rsquo;auteure du texte de la chanson \u00ab\u00a0Io ti dar\u00f2 la Maestra\u00a0\u00bb (Texte : Maria Dina Bertotti, Musique : Luca Canneto).<\/p>\n<div class=\"youtube-embed\" data-video_id=\"u1c-43KFpp0\"><iframe title=\"IO TI DAR\u00d2 LA MAESTRA (musica: Luca Canneto - testo: Maria Dina Bertotti)\" width=\"696\" height=\"522\" data-src=\"https:\/\/www.youtube.com\/embed\/u1c-43KFpp0?feature=oembed&#038;enablejsapi=1\" frameborder=\"0\" allow=\"accelerometer; autoplay; clipboard-write; encrypted-media; gyroscope; picture-in-picture; web-share\" referrerpolicy=\"strict-origin-when-cross-origin\" allowfullscreen src=\"data:image\/svg+xml;base64,PHN2ZyB3aWR0aD0iMSIgaGVpZ2h0PSIxIiB4bWxucz0iaHR0cDovL3d3dy53My5vcmcvMjAwMC9zdmciPjwvc3ZnPg==\" class=\"lazyload\" data-load-mode=\"1\"><\/iframe><\/div>\n<p><em>Lorsqu&rsquo;on me l&rsquo;a propos\u00e9, j&rsquo;ai per\u00e7u un th\u00e8me, un titre qui m&rsquo;a tout de suite plu.\u00a0 On m&rsquo;a demand\u00e9 d&rsquo;en faire une chanson qui pourrait pr\u00e9senter le projet <strong><span style=\"color: #0000ff;\"><a style=\"color: #0000ff;\" href=\"https:\/\/www.cgfmanet.org\/fr\/ifma-fr\/je-te-donnerai-la-maitresse\/\" target=\"_blank\" rel=\"noopener\">Cours de formation en ligne<\/a> <\/span><\/strong><\/em><em>sur Marie propos\u00e9 par le Secteur Famille sal\u00e9sienne de l&rsquo;Institut des Filles de Marie Auxiliatrice, en collaboration avec la Facult\u00e9 Pontificale des Sciences de l&rsquo;\u00c9ducation \u00ab\u00a0Auxilium\u00a0\u00bb pour approfondir et revitaliser la dimension mariale du charisme.<\/em><\/p>\n<p><strong><em>\u00ab\u00a0Je te donnerai la Ma\u00eetresse\u00a0\u00bb,<\/em><\/strong><em> un titre fortement \u00e9vocateur, qui nous renvoie \u00e0 une autre date importante de l&rsquo;histoire sal\u00e9sienne : les deux cents ans du r\u00eave des \u00ab\u00a0neuf ans\u00a0\u00bb, un r\u00eave paradigmatique qui a orient\u00e9 toute la vie de Jean Bosco.<\/em><\/p>\n<p><em>Marie a \u00e9t\u00e9 et est encore une Ma\u00eetresse, une protection s\u00fbre dans les adversit\u00e9s de la vie, une sage \u00e9ducatrice qui, \u00e0 travers la p\u00e9dagogie du c\u0153ur, nous enseigne l&rsquo;authenticit\u00e9 de la rencontre et nous conduit au Seigneur. \u00ab Refuge s\u00fbr, son manteau&#8230; certitude du paradis ! \u00bb.<\/em><\/p>\n<p><em>Marie a embrass\u00e9 tout l&rsquo;horizon de l&rsquo;exp\u00e9rience biblique, continuant \u00e0 \u00eatre un point de r\u00e9f\u00e9rence important \u00e9galement dans la tradition et le Magist\u00e8re de l&rsquo;\u00c9glise. C&rsquo;est pr\u00e9cis\u00e9ment pour cette raison que je l&rsquo;ai appel\u00e9e \u00ab\u00a0Ancilla Domini\u00a0\u00bb et \u00ab\u00a0\u00c9toile du matin\u00a0\u00bb, l&rsquo;\u00e9toile qui accompagne chaque personne jusqu&rsquo;\u00e0 l&rsquo;aube du jour nouveau. Ce sont des noms anciens qui nous sont parvenus, riches de po\u00e9sie et de d\u00e9votion.<\/em><\/p>\n<p><em>Marie a pris Jean Bosco par la main, elle lui a montr\u00e9 son champ, elle lui a montr\u00e9 le chemin, elle s&rsquo;est faite pour lui une pr\u00e9sence et une confidente pr\u00e9cieuse&#8230; La M\u00e8re !<\/em><\/p>\n<p><em>Et la gratitude ne pouvait qu&rsquo;en na\u00eetre ! Une gratitude grande et visible ! Ce \u00ab\u00a0monument vivant\u00a0\u00bb que sont ses Filles qui, dans toutes les parties du monde, l&rsquo;honorent et l&rsquo;invoquent en tant que M\u00e8re puissante et Secours des chr\u00e9tiens.<\/em><\/p>\n<p><em>L&rsquo;engagement est renouvel\u00e9 et incarn\u00e9 aujourd&rsquo;hui. C&rsquo;est pourquoi \u00ab\u00a0nous vous demandons d&rsquo;aimer d&rsquo;un m\u00eame c\u0153ur, flambeaux ardents de la fraternit\u00e9\u00a0\u00bb.<\/em><\/p>\n<p><em>Que chacun sente cette parole forte en lui. \u00ab\u00a0Je te donnerai le Ma\u00eetresse ! C&rsquo;est la certitude de ne plus \u00eatre seul.<\/em><\/p>\n","protected":false},"excerpt":{"rendered":"<p>Rome (Italie) Le 24 mai 2024, \u00e0 l&rsquo;occasion de la solennit\u00e9 de Marie Auxiliatrice, Maria Dina Bertotti, professeur de religion et auteur de plusieurs m\u00e9ditations musicales, entre autres celles inspir\u00e9es [&hellip;]<\/p>\n","protected":false},"author":21,"featured_media":111792,"comment_status":"open","ping_status":"closed","sticky":false,"template":"","format":"standard","meta":{"footnotes":""},"categories":[164,156],"tags":[1660,1731,1929,2382],"class_list":["post-111796","post","type-post","status-publish","format-standard","has-post-thumbnail","category-charisme-salesien","category-ifma-fr","tag-spiritualita-salesiana-fr","tag-marie-auxiliatrice","tag-focus-fr","tag-maria-fr"],"yoast_head":"<!-- This site is optimized with the Yoast SEO plugin v27.4 - https:\/\/yoast.com\/product\/yoast-seo-wordpress\/ -->\n<title>La chanson \u00ab Je te donnerai la Ma\u00eetresse \u00bb &#8226; Istituto Figlie di Maria Ausiliatrice<\/title>\n<meta name=\"description\" content=\"\u00c0 l&#039;occasion de la solennit\u00e9 de Marie Auxiliatrice, le 24 mai 2024, Maria Dina Bertotti offre son t\u00e9moignage en tant qu&#039;auteur du texte de la chanson \u00ab Io ti dar\u00f2 la Maestra \u00bb.\" \/>\n<meta name=\"robots\" content=\"index, follow, max-snippet:-1, max-image-preview:large, max-video-preview:-1\" \/>\n<link rel=\"canonical\" href=\"https:\/\/www.cgfmanet.org\/fr\/ifma-fr\/charisme-salesien\/la-chanson-je-te-donnerai-la-maitresse\/\" \/>\n<meta property=\"og:locale\" content=\"fr_FR\" \/>\n<meta property=\"og:type\" content=\"article\" \/>\n<meta property=\"og:title\" content=\"La chanson \u00ab Je te donnerai la Ma\u00eetresse \u00bb &#8226; Istituto Figlie di Maria Ausiliatrice\" \/>\n<meta property=\"og:description\" content=\"\u00c0 l&#039;occasion de la solennit\u00e9 de Marie Auxiliatrice, le 24 mai 2024, Maria Dina Bertotti offre son t\u00e9moignage en tant qu&#039;auteur du texte de la chanson \u00ab Io ti dar\u00f2 la Maestra \u00bb.\" \/>\n<meta property=\"og:url\" content=\"https:\/\/www.cgfmanet.org\/fr\/ifma-fr\/charisme-salesien\/la-chanson-je-te-donnerai-la-maitresse\/\" \/>\n<meta property=\"og:site_name\" content=\"Istituto Figlie di Maria Ausiliatrice\" \/>\n<meta property=\"article:publisher\" content=\"https:\/\/www.facebook.com\/salesian.sisters.of.don.bosco\/\" \/>\n<meta property=\"article:published_time\" content=\"2024-05-24T09:19:36+00:00\" \/>\n<meta property=\"article:modified_time\" content=\"2024-05-28T20:27:38+00:00\" \/>\n<meta property=\"og:image\" content=\"https:\/\/www.cgfmanet.org\/wp-content\/uploads\/2024\/05\/Maria-Maestra.jpg\" \/>\n\t<meta property=\"og:image:width\" content=\"1181\" \/>\n\t<meta property=\"og:image:height\" content=\"788\" \/>\n\t<meta property=\"og:image:type\" content=\"image\/jpeg\" \/>\n<meta name=\"author\" content=\"Redazione\" \/>\n<meta name=\"twitter:card\" content=\"summary_large_image\" \/>\n<meta name=\"twitter:creator\" content=\"@Cgfmanet_Org\" \/>\n<meta name=\"twitter:site\" content=\"@Cgfmanet_Org\" \/>\n<meta name=\"twitter:label1\" content=\"\u00c9crit par\" \/>\n\t<meta name=\"twitter:data1\" content=\"Redazione\" \/>\n\t<meta name=\"twitter:label2\" content=\"Dur\u00e9e de lecture estim\u00e9e\" \/>\n\t<meta name=\"twitter:data2\" content=\"3 minutes\" \/>\n<script type=\"application\/ld+json\" class=\"yoast-schema-graph\">{\"@context\":\"https:\\\/\\\/schema.org\",\"@graph\":[{\"@type\":\"Article\",\"@id\":\"https:\\\/\\\/www.cgfmanet.org\\\/fr\\\/ifma-fr\\\/charisme-salesien\\\/la-chanson-je-te-donnerai-la-maitresse\\\/#article\",\"isPartOf\":{\"@id\":\"https:\\\/\\\/www.cgfmanet.org\\\/fr\\\/ifma-fr\\\/charisme-salesien\\\/la-chanson-je-te-donnerai-la-maitresse\\\/\"},\"author\":{\"name\":\"Redazione\",\"@id\":\"https:\\\/\\\/www.cgfmanet.org\\\/es\\\/#\\\/schema\\\/person\\\/ce6473083f53ef0ef882cca23f0c8fb9\"},\"headline\":\"La chanson \u00ab Je te donnerai la Ma\u00eetresse \u00bb\",\"datePublished\":\"2024-05-24T09:19:36+00:00\",\"dateModified\":\"2024-05-28T20:27:38+00:00\",\"mainEntityOfPage\":{\"@id\":\"https:\\\/\\\/www.cgfmanet.org\\\/fr\\\/ifma-fr\\\/charisme-salesien\\\/la-chanson-je-te-donnerai-la-maitresse\\\/\"},\"wordCount\":472,\"commentCount\":1,\"publisher\":{\"@id\":\"https:\\\/\\\/www.cgfmanet.org\\\/es\\\/#organization\"},\"image\":{\"@id\":\"https:\\\/\\\/www.cgfmanet.org\\\/fr\\\/ifma-fr\\\/charisme-salesien\\\/la-chanson-je-te-donnerai-la-maitresse\\\/#primaryimage\"},\"thumbnailUrl\":\"https:\\\/\\\/www.cgfmanet.org\\\/wp-content\\\/uploads\\\/2024\\\/05\\\/Maria-Maestra.jpg\",\"keywords\":[\"Spiritualit\u00e0 Salesiana\",\"Marie Auxiliatrice\",\"Focus\",\"Maria\"],\"articleSection\":[\"Charisme Sal\u00e9sien\",\"IFMA\"],\"inLanguage\":\"fr-FR\",\"potentialAction\":[{\"@type\":\"CommentAction\",\"name\":\"Comment\",\"target\":[\"https:\\\/\\\/www.cgfmanet.org\\\/fr\\\/ifma-fr\\\/charisme-salesien\\\/la-chanson-je-te-donnerai-la-maitresse\\\/#respond\"]}]},{\"@type\":\"WebPage\",\"@id\":\"https:\\\/\\\/www.cgfmanet.org\\\/fr\\\/ifma-fr\\\/charisme-salesien\\\/la-chanson-je-te-donnerai-la-maitresse\\\/\",\"url\":\"https:\\\/\\\/www.cgfmanet.org\\\/fr\\\/ifma-fr\\\/charisme-salesien\\\/la-chanson-je-te-donnerai-la-maitresse\\\/\",\"name\":\"La chanson \u00ab Je te donnerai la Ma\u00eetresse \u00bb &#8226; Istituto Figlie di Maria Ausiliatrice\",\"isPartOf\":{\"@id\":\"https:\\\/\\\/www.cgfmanet.org\\\/es\\\/#website\"},\"primaryImageOfPage\":{\"@id\":\"https:\\\/\\\/www.cgfmanet.org\\\/fr\\\/ifma-fr\\\/charisme-salesien\\\/la-chanson-je-te-donnerai-la-maitresse\\\/#primaryimage\"},\"image\":{\"@id\":\"https:\\\/\\\/www.cgfmanet.org\\\/fr\\\/ifma-fr\\\/charisme-salesien\\\/la-chanson-je-te-donnerai-la-maitresse\\\/#primaryimage\"},\"thumbnailUrl\":\"https:\\\/\\\/www.cgfmanet.org\\\/wp-content\\\/uploads\\\/2024\\\/05\\\/Maria-Maestra.jpg\",\"datePublished\":\"2024-05-24T09:19:36+00:00\",\"dateModified\":\"2024-05-28T20:27:38+00:00\",\"description\":\"\u00c0 l'occasion de la solennit\u00e9 de Marie Auxiliatrice, le 24 mai 2024, Maria Dina Bertotti offre son t\u00e9moignage en tant qu'auteur du texte de la chanson \u00ab Io ti dar\u00f2 la Maestra \u00bb.\",\"breadcrumb\":{\"@id\":\"https:\\\/\\\/www.cgfmanet.org\\\/fr\\\/ifma-fr\\\/charisme-salesien\\\/la-chanson-je-te-donnerai-la-maitresse\\\/#breadcrumb\"},\"inLanguage\":\"fr-FR\",\"potentialAction\":[{\"@type\":\"ReadAction\",\"target\":[\"https:\\\/\\\/www.cgfmanet.org\\\/fr\\\/ifma-fr\\\/charisme-salesien\\\/la-chanson-je-te-donnerai-la-maitresse\\\/\"]}]},{\"@type\":\"ImageObject\",\"inLanguage\":\"fr-FR\",\"@id\":\"https:\\\/\\\/www.cgfmanet.org\\\/fr\\\/ifma-fr\\\/charisme-salesien\\\/la-chanson-je-te-donnerai-la-maitresse\\\/#primaryimage\",\"url\":\"https:\\\/\\\/www.cgfmanet.org\\\/wp-content\\\/uploads\\\/2024\\\/05\\\/Maria-Maestra.jpg\",\"contentUrl\":\"https:\\\/\\\/www.cgfmanet.org\\\/wp-content\\\/uploads\\\/2024\\\/05\\\/Maria-Maestra.jpg\",\"width\":1181,\"height\":788},{\"@type\":\"BreadcrumbList\",\"@id\":\"https:\\\/\\\/www.cgfmanet.org\\\/fr\\\/ifma-fr\\\/charisme-salesien\\\/la-chanson-je-te-donnerai-la-maitresse\\\/#breadcrumb\",\"itemListElement\":[{\"@type\":\"ListItem\",\"position\":1,\"name\":\"Home\",\"item\":\"https:\\\/\\\/www.cgfmanet.org\\\/fr\\\/\"},{\"@type\":\"ListItem\",\"position\":2,\"name\":\"La chanson \u00ab Je te donnerai la Ma\u00eetresse \u00bb\"}]},{\"@type\":\"WebSite\",\"@id\":\"https:\\\/\\\/www.cgfmanet.org\\\/es\\\/#website\",\"url\":\"https:\\\/\\\/www.cgfmanet.org\\\/es\\\/\",\"name\":\"Istituto Figlie di Maria Ausiliatrice\",\"description\":\"Salesiane di Don Bosco\",\"publisher\":{\"@id\":\"https:\\\/\\\/www.cgfmanet.org\\\/es\\\/#organization\"},\"potentialAction\":[{\"@type\":\"SearchAction\",\"target\":{\"@type\":\"EntryPoint\",\"urlTemplate\":\"https:\\\/\\\/www.cgfmanet.org\\\/es\\\/?s={search_term_string}\"},\"query-input\":{\"@type\":\"PropertyValueSpecification\",\"valueRequired\":true,\"valueName\":\"search_term_string\"}}],\"inLanguage\":\"fr-FR\"},{\"@type\":\"Organization\",\"@id\":\"https:\\\/\\\/www.cgfmanet.org\\\/es\\\/#organization\",\"name\":\"Istituto Figlie di Maria Ausiliatrice\",\"url\":\"https:\\\/\\\/www.cgfmanet.org\\\/es\\\/\",\"logo\":{\"@type\":\"ImageObject\",\"inLanguage\":\"fr-FR\",\"@id\":\"https:\\\/\\\/www.cgfmanet.org\\\/es\\\/#\\\/schema\\\/logo\\\/image\\\/\",\"url\":\"https:\\\/\\\/www.cgfmanet.org\\\/wp-content\\\/uploads\\\/2018\\\/10\\\/logo-fma.png\",\"contentUrl\":\"https:\\\/\\\/www.cgfmanet.org\\\/wp-content\\\/uploads\\\/2018\\\/10\\\/logo-fma.png\",\"width\":214,\"height\":55,\"caption\":\"Istituto Figlie di Maria Ausiliatrice\"},\"image\":{\"@id\":\"https:\\\/\\\/www.cgfmanet.org\\\/es\\\/#\\\/schema\\\/logo\\\/image\\\/\"},\"sameAs\":[\"https:\\\/\\\/www.facebook.com\\\/salesian.sisters.of.don.bosco\\\/\",\"https:\\\/\\\/x.com\\\/Cgfmanet_Org\",\"https:\\\/\\\/www.youtube.com\\\/channel\\\/UCmcr8yFQBV7JXeXVxyV9y5Q\"]},{\"@type\":\"Person\",\"@id\":\"https:\\\/\\\/www.cgfmanet.org\\\/es\\\/#\\\/schema\\\/person\\\/ce6473083f53ef0ef882cca23f0c8fb9\",\"name\":\"Redazione\"}]}<\/script>\n<!-- \/ Yoast SEO plugin. -->","yoast_head_json":{"title":"La chanson \u00ab Je te donnerai la Ma\u00eetresse \u00bb &#8226; Istituto Figlie di Maria Ausiliatrice","description":"\u00c0 l'occasion de la solennit\u00e9 de Marie Auxiliatrice, le 24 mai 2024, Maria Dina Bertotti offre son t\u00e9moignage en tant qu'auteur du texte de la chanson \u00ab Io ti dar\u00f2 la Maestra \u00bb.","robots":{"index":"index","follow":"follow","max-snippet":"max-snippet:-1","max-image-preview":"max-image-preview:large","max-video-preview":"max-video-preview:-1"},"canonical":"https:\/\/www.cgfmanet.org\/fr\/ifma-fr\/charisme-salesien\/la-chanson-je-te-donnerai-la-maitresse\/","og_locale":"fr_FR","og_type":"article","og_title":"La chanson \u00ab Je te donnerai la Ma\u00eetresse \u00bb &#8226; Istituto Figlie di Maria Ausiliatrice","og_description":"\u00c0 l'occasion de la solennit\u00e9 de Marie Auxiliatrice, le 24 mai 2024, Maria Dina Bertotti offre son t\u00e9moignage en tant qu'auteur du texte de la chanson \u00ab Io ti dar\u00f2 la Maestra \u00bb.","og_url":"https:\/\/www.cgfmanet.org\/fr\/ifma-fr\/charisme-salesien\/la-chanson-je-te-donnerai-la-maitresse\/","og_site_name":"Istituto Figlie di Maria Ausiliatrice","article_publisher":"https:\/\/www.facebook.com\/salesian.sisters.of.don.bosco\/","article_published_time":"2024-05-24T09:19:36+00:00","article_modified_time":"2024-05-28T20:27:38+00:00","og_image":[{"width":1181,"height":788,"url":"https:\/\/www.cgfmanet.org\/wp-content\/uploads\/2024\/05\/Maria-Maestra.jpg","type":"image\/jpeg"}],"author":"Redazione","twitter_card":"summary_large_image","twitter_creator":"@Cgfmanet_Org","twitter_site":"@Cgfmanet_Org","twitter_misc":{"\u00c9crit par":"Redazione","Dur\u00e9e de lecture estim\u00e9e":"3 minutes"},"schema":{"@context":"https:\/\/schema.org","@graph":[{"@type":"Article","@id":"https:\/\/www.cgfmanet.org\/fr\/ifma-fr\/charisme-salesien\/la-chanson-je-te-donnerai-la-maitresse\/#article","isPartOf":{"@id":"https:\/\/www.cgfmanet.org\/fr\/ifma-fr\/charisme-salesien\/la-chanson-je-te-donnerai-la-maitresse\/"},"author":{"name":"Redazione","@id":"https:\/\/www.cgfmanet.org\/es\/#\/schema\/person\/ce6473083f53ef0ef882cca23f0c8fb9"},"headline":"La chanson \u00ab Je te donnerai la Ma\u00eetresse \u00bb","datePublished":"2024-05-24T09:19:36+00:00","dateModified":"2024-05-28T20:27:38+00:00","mainEntityOfPage":{"@id":"https:\/\/www.cgfmanet.org\/fr\/ifma-fr\/charisme-salesien\/la-chanson-je-te-donnerai-la-maitresse\/"},"wordCount":472,"commentCount":1,"publisher":{"@id":"https:\/\/www.cgfmanet.org\/es\/#organization"},"image":{"@id":"https:\/\/www.cgfmanet.org\/fr\/ifma-fr\/charisme-salesien\/la-chanson-je-te-donnerai-la-maitresse\/#primaryimage"},"thumbnailUrl":"https:\/\/www.cgfmanet.org\/wp-content\/uploads\/2024\/05\/Maria-Maestra.jpg","keywords":["Spiritualit\u00e0 Salesiana","Marie Auxiliatrice","Focus","Maria"],"articleSection":["Charisme Sal\u00e9sien","IFMA"],"inLanguage":"fr-FR","potentialAction":[{"@type":"CommentAction","name":"Comment","target":["https:\/\/www.cgfmanet.org\/fr\/ifma-fr\/charisme-salesien\/la-chanson-je-te-donnerai-la-maitresse\/#respond"]}]},{"@type":"WebPage","@id":"https:\/\/www.cgfmanet.org\/fr\/ifma-fr\/charisme-salesien\/la-chanson-je-te-donnerai-la-maitresse\/","url":"https:\/\/www.cgfmanet.org\/fr\/ifma-fr\/charisme-salesien\/la-chanson-je-te-donnerai-la-maitresse\/","name":"La chanson \u00ab Je te donnerai la Ma\u00eetresse \u00bb &#8226; Istituto Figlie di Maria Ausiliatrice","isPartOf":{"@id":"https:\/\/www.cgfmanet.org\/es\/#website"},"primaryImageOfPage":{"@id":"https:\/\/www.cgfmanet.org\/fr\/ifma-fr\/charisme-salesien\/la-chanson-je-te-donnerai-la-maitresse\/#primaryimage"},"image":{"@id":"https:\/\/www.cgfmanet.org\/fr\/ifma-fr\/charisme-salesien\/la-chanson-je-te-donnerai-la-maitresse\/#primaryimage"},"thumbnailUrl":"https:\/\/www.cgfmanet.org\/wp-content\/uploads\/2024\/05\/Maria-Maestra.jpg","datePublished":"2024-05-24T09:19:36+00:00","dateModified":"2024-05-28T20:27:38+00:00","description":"\u00c0 l'occasion de la solennit\u00e9 de Marie Auxiliatrice, le 24 mai 2024, Maria Dina Bertotti offre son t\u00e9moignage en tant qu'auteur du texte de la chanson \u00ab Io ti dar\u00f2 la Maestra \u00bb.","breadcrumb":{"@id":"https:\/\/www.cgfmanet.org\/fr\/ifma-fr\/charisme-salesien\/la-chanson-je-te-donnerai-la-maitresse\/#breadcrumb"},"inLanguage":"fr-FR","potentialAction":[{"@type":"ReadAction","target":["https:\/\/www.cgfmanet.org\/fr\/ifma-fr\/charisme-salesien\/la-chanson-je-te-donnerai-la-maitresse\/"]}]},{"@type":"ImageObject","inLanguage":"fr-FR","@id":"https:\/\/www.cgfmanet.org\/fr\/ifma-fr\/charisme-salesien\/la-chanson-je-te-donnerai-la-maitresse\/#primaryimage","url":"https:\/\/www.cgfmanet.org\/wp-content\/uploads\/2024\/05\/Maria-Maestra.jpg","contentUrl":"https:\/\/www.cgfmanet.org\/wp-content\/uploads\/2024\/05\/Maria-Maestra.jpg","width":1181,"height":788},{"@type":"BreadcrumbList","@id":"https:\/\/www.cgfmanet.org\/fr\/ifma-fr\/charisme-salesien\/la-chanson-je-te-donnerai-la-maitresse\/#breadcrumb","itemListElement":[{"@type":"ListItem","position":1,"name":"Home","item":"https:\/\/www.cgfmanet.org\/fr\/"},{"@type":"ListItem","position":2,"name":"La chanson \u00ab Je te donnerai la Ma\u00eetresse \u00bb"}]},{"@type":"WebSite","@id":"https:\/\/www.cgfmanet.org\/es\/#website","url":"https:\/\/www.cgfmanet.org\/es\/","name":"Istituto Figlie di Maria Ausiliatrice","description":"Salesiane di Don Bosco","publisher":{"@id":"https:\/\/www.cgfmanet.org\/es\/#organization"},"potentialAction":[{"@type":"SearchAction","target":{"@type":"EntryPoint","urlTemplate":"https:\/\/www.cgfmanet.org\/es\/?s={search_term_string}"},"query-input":{"@type":"PropertyValueSpecification","valueRequired":true,"valueName":"search_term_string"}}],"inLanguage":"fr-FR"},{"@type":"Organization","@id":"https:\/\/www.cgfmanet.org\/es\/#organization","name":"Istituto Figlie di Maria Ausiliatrice","url":"https:\/\/www.cgfmanet.org\/es\/","logo":{"@type":"ImageObject","inLanguage":"fr-FR","@id":"https:\/\/www.cgfmanet.org\/es\/#\/schema\/logo\/image\/","url":"https:\/\/www.cgfmanet.org\/wp-content\/uploads\/2018\/10\/logo-fma.png","contentUrl":"https:\/\/www.cgfmanet.org\/wp-content\/uploads\/2018\/10\/logo-fma.png","width":214,"height":55,"caption":"Istituto Figlie di Maria Ausiliatrice"},"image":{"@id":"https:\/\/www.cgfmanet.org\/es\/#\/schema\/logo\/image\/"},"sameAs":["https:\/\/www.facebook.com\/salesian.sisters.of.don.bosco\/","https:\/\/x.com\/Cgfmanet_Org","https:\/\/www.youtube.com\/channel\/UCmcr8yFQBV7JXeXVxyV9y5Q"]},{"@type":"Person","@id":"https:\/\/www.cgfmanet.org\/es\/#\/schema\/person\/ce6473083f53ef0ef882cca23f0c8fb9","name":"Redazione"}]}},"_links":{"self":[{"href":"https:\/\/www.cgfmanet.org\/fr\/wp-json\/wp\/v2\/posts\/111796","targetHints":{"allow":["GET"]}}],"collection":[{"href":"https:\/\/www.cgfmanet.org\/fr\/wp-json\/wp\/v2\/posts"}],"about":[{"href":"https:\/\/www.cgfmanet.org\/fr\/wp-json\/wp\/v2\/types\/post"}],"author":[{"embeddable":true,"href":"https:\/\/www.cgfmanet.org\/fr\/wp-json\/wp\/v2\/users\/21"}],"replies":[{"embeddable":true,"href":"https:\/\/www.cgfmanet.org\/fr\/wp-json\/wp\/v2\/comments?post=111796"}],"version-history":[{"count":2,"href":"https:\/\/www.cgfmanet.org\/fr\/wp-json\/wp\/v2\/posts\/111796\/revisions"}],"predecessor-version":[{"id":112235,"href":"https:\/\/www.cgfmanet.org\/fr\/wp-json\/wp\/v2\/posts\/111796\/revisions\/112235"}],"wp:featuredmedia":[{"embeddable":true,"href":"https:\/\/www.cgfmanet.org\/fr\/wp-json\/wp\/v2\/media\/111792"}],"wp:attachment":[{"href":"https:\/\/www.cgfmanet.org\/fr\/wp-json\/wp\/v2\/media?parent=111796"}],"wp:term":[{"taxonomy":"category","embeddable":true,"href":"https:\/\/www.cgfmanet.org\/fr\/wp-json\/wp\/v2\/categories?post=111796"},{"taxonomy":"post_tag","embeddable":true,"href":"https:\/\/www.cgfmanet.org\/fr\/wp-json\/wp\/v2\/tags?post=111796"}],"curies":[{"name":"wp","href":"https:\/\/api.w.org\/{rel}","templated":true}]}}