{"id":111508,"date":"2024-05-22T17:42:44","date_gmt":"2024-05-22T15:42:44","guid":{"rendered":"https:\/\/www.cgfmanet.org\/info-sphere\/maria-ausiliatrice-nella-vita-e-missione-di-suor-antonietta-bohm\/"},"modified":"2024-05-22T22:50:13","modified_gmt":"2024-05-22T20:50:13","slug":"marie-auxiliatrice-dans-la-vie-et-la-mission-de-soeur-antonietta-bohm","status":"publish","type":"post","link":"https:\/\/www.cgfmanet.org\/fr\/ifma-fr\/marie-auxiliatrice-dans-la-vie-et-la-mission-de-soeur-antonietta-bohm\/","title":{"rendered":"Marie Auxiliatrice dans la vie et la mission de S\u0153ur Antonietta B\u00f6hm"},"content":{"rendered":"<p><strong>Rome (Italie).<\/strong> Le 24 mai 2024, la Solennit\u00e9 de Marie Auxiliatrice est c\u00e9l\u00e9br\u00e9e dans tout le monde sal\u00e9sien. Les Filles de Marie Auxiliatrice, dans la Famille Sal\u00e9sienne, par volont\u00e9 de Dom Bosco, sont \u2018\u2019des Monuments vivants\u2019\u2019 de sa gratitude envers l\u2019Aide Puissante des Chr\u00e9tiens et de tous les peuples.<\/p>\n<p>Dans le passage des Noces de Cana, propos\u00e9 par la liturgie de la Solennit\u00e9, la Sainte Vierge devient m\u00e9diatrice aupr\u00e8s du Fils. Entre eux, <strong>la Servante de Dieu <span style=\"color: #0000ff;\"><a style=\"color: #0000ff;\" href=\"https:\/\/drive.google.com\/drive\/folders\/17JgS-Hbz1YiImdL0lUYFO__jg9ZBXiEA\" target=\"_blank\" rel=\"noopener\">S\u0153ur Antonietta B\u00f6hm<\/a><\/span><\/strong> (1907 \u2013 2008), en particulier dans les derni\u00e8res ann\u00e9es de sa vie, a v\u00e9cu la m\u00eame mission que Marie\u00a0: <strong>\u00eatre une m\u00e9diatrice pour les autres de la b\u00e9n\u00e9diction de Dieu et de l\u2019aide puissante de Marie.<\/strong><\/p>\n<p>C\u2019\u00e9tait une mission qu\u2019elle vivait avec foi, amour et humilit\u00e9, comme un don de Dieu. Dans sa lettre du 26 juillet 1993 elle affirmait\u00a0: <em>\u2018\u2019Oui, \u2026 la foi est un don de Dieu, elle est \u00e0 notre disposition. La Vierge \u0153uvre, elle interc\u00e8de, il n\u2019y a pas de doute, les faits le prouvent\u2019\u2019.<\/em> Elle est consciente qu\u2019elle n\u2019est qu\u2019une interm\u00e9diaire aupr\u00e8s de la Sainte Vierge, comme elle l\u2019a dit en 1994 \u00e0 une s\u0153ur de l\u2019Argentine\u00a0: <em>\u2018\u2019Les gr\u00e2ces que l\u2019on raconte, tout d\u2019abord, ce n\u2019est pas moi qui les fais, elles se font par l\u2019intercession de la Tr\u00e8s Sainte Vierge Marie. Elles sont obtenues \u00e0 partir de la foi et de la confiance qui sont l\u00e0, que la personne a. Nous nous unissons au probl\u00e8me de la personne. Bien s\u00fbr, je vous donne ma b\u00e9n\u00e9diction avec la Vierge\u00a0: personnellement, par t\u00e9l\u00e9phone ou par avion, mais c\u2019est Elle qui agit, qui intervient, qui fait\u2019\u2019.<\/em><\/p>\n<p>Dans une autre lettre dat\u00e9e du 19 janvier 1994, elle lie son r\u00f4le \u00e0 la mission \u00e9vang\u00e9lisatrice et dit\u00a0: <em>\u2018\u2019Le bon J\u00e9sus me donne l\u2019occasion de diffuser son message. Hier encore, j\u2019ai parl\u00e9 aux m\u00e8res de l\u2019\u00e9cole maternelle, aux novices des sal\u00e9siens, aux jeunes qui fr\u00e9quentent l\u2019acad\u00e9mie, j\u2019ai donn\u00e9 la Bonne Nuit \u00e0 la communaut\u00e9 de Laura Vicu\u00f1a\u2019\u2019.<\/em> Dans une lettre du 5 avril 1995, elle d\u00e9crit comment se r\u00e9alise sa mission sp\u00e9ciale\u00a0: <em>\u2018\u2019Je passe ma journ\u00e9e \u00e0 faire des t\u00e9l\u00e9phones, \u00e0 r\u00e9pondre aux lettres et \u00e0 m\u2019occuper des personnes, qui ne manquent jamais. J\u2019ai fait un programme. De 9h. \u00e0 13h., apr\u00e8s d\u00eener, de 15h. \u00e0 17h., il y a des exceptions lorsqu\u2019ils viennent de loin. Quel don de Dieu\u00a0! \u2026 aidez-moi \u00e0 remercier J\u00e9sus, la Vierge, pour m\u2019avoir accord\u00e9 ce don dans ma vieillesse, afin d\u2019amener les \u00e2mes \u00e0 Dieu, \u00e0 la Vierge. C\u2019est un travail sacr\u00e9\u2019\u2019.<\/em><\/p>\n<p><strong>Le lien particulier de S\u0153ur Antonietta B\u00f6hm avec Marie Auxiliatrice est le fruit d\u2019un v\u00e9ritable chemin marial.<\/strong> Dans ses \u2018\u2019M\u00e9moires Missionnaires\u2019\u2019 elle raconte\u00a0: <em>\u2018\u2019Tout au long de ma vie, la pr\u00e9sence de la Tr\u00e8s Sainte Vierge Marie a \u00e9t\u00e9 tr\u00e8s forte, tout d\u2019abord parce que j\u2019ai eu la joie de na\u00eetre dans un foyer chr\u00e9tien et en m\u00eame temps dans un foyer marial. L\u2019un de mes premiers souvenirs d\u2019enfance sont les chants et les hymnes \u00e0 Marie, une coutume domestique qui vient probablement des mes grands-parents. L\u2019endroit d\u2019o\u00f9 je viens est une r\u00e9gion froide, nous avions l\u2019habitude, \u00e0 sept heure du soir, de nous r\u00e9unir autour du feu afin de chanter des hymnes en latin \u00e0 la Bienheureuse Vierge Marie\u2019\u2019.<\/em><\/p>\n<p>A l\u2019oratoire d\u2019Essen (Allemagne) et dans ses premi\u00e8res ann\u00e9es de formation \u00e0 l\u2019Institut, \u00e0 la Maison de Marie Auxiliatrice d\u2019Eschelbach (Allemagne), qui \u00e9tait la communaut\u00e9 o\u00f9 S\u0153ur Antonietta a commenc\u00e9 sa vie religieuse, il y avait une forte atmosph\u00e8re mariale. Nous pouvons lire dans les chroniques de la maison de l\u2019\u00e9poque o\u00f9 elle a fait son Postulat, que la m\u00e9moire mensuelle de Marie Auxiliatrice, le 24, \u00e9tait toujours solennis\u00e9e avec quelque initiative particuli\u00e8re.<\/p>\n<p>Pour S\u0153ur Antonietta, la Sainte Vierge \u00e9tait d\u2019abord et avant tout la M\u00e8re, \u00e0 tel point qu\u2019elle l\u2019appelait \u2018\u2019Maman\u2019\u2019. Dans ses lettres \u00e0 M\u00e8re Laura Maraviglia, avec laquelle elle a correspondu entre 1990 et 2004, elle-m\u00eame, \u00e2g\u00e9e de plus de quatre-vingts ans, utilisait souvent l\u2019expression\u00a0: <em>\u2018\u2019La Maman te dit\u2019\u2019.<\/em><\/p>\n<p>Mais la d\u00e9votion mariale de S\u0153ur Antonietta, en plus d\u2019\u00eatre le fruit d\u2019une relation exp\u00e9rientielle et affective,<strong> \u00e9tait bien fond\u00e9e d\u2019un point de vue th\u00e9ologique.<\/strong> La plus grande partie de sa biblioth\u00e8que personnelle est constitu\u00e9e de textes de d\u00e9votion, de textes mariologiques, de documents de Vatican II et du Magist\u00e8re pontifical. Dans ses \u00e9crits, en g\u00e9n\u00e9ral des conf\u00e9rences ou des Bonnes Nuits, elle cite constamment les Saintes Ecritures, les Documents du Magist\u00e8re, les faits mariaux de la vie de Dom Bosco et ses enseignements \u00e0 son sujet. Entretenant une relation de confiance et de proximit\u00e9 avec la M\u00e8re, S\u0153ur Antonietta se d\u00e9couvre peu-\u00e0-peu \u2018\u2019fille bien-aim\u00e9e de la Sainte Vierge\u2019\u2019.<\/p>\n<p>Le soir du 5 ao\u00fbt 1922, dom Rinaldi, pr\u00eachant l\u2019Heure Sainte aux FMA, avait rappel\u00e9 que <em>\u2018\u2019le but de Dom Bosco en instituant les Filles de Marie Auxiliatrice \u00e9tait d\u2019\u00e9riger un monument vivant qui t\u00e9moigne au monde et aux si\u00e8cles leur gratitude envers la Tr\u00e8s Sainte Vierge Marie\u2019\u2019.<\/em> Il terminait en disant\u00a0: <em>\u2018\u2019C\u2019est pourquoi <\/em><strong><em>les S\u0153urs de Marie Auxiliatrice doivent essayer de copier en elles-m\u00eames aussi parfaitement que possible les vertus de Marie\u00a0: sa puret\u00e9 immacul\u00e9e, sa profonde humilit\u00e9, son esprit h\u00e9ro\u00efque de sacrifice et surtout sa bont\u00e9 active\u2019\u2019.<\/em><\/strong><\/p>\n<p>S\u0153ur Antonietta, form\u00e9e au Noviciat (1926-1928) sous la direction spirituelle du Bienheureux Filippo Rinaldi, a tr\u00e8s bien assimil\u00e9 cette id\u00e9e. De ses \u00e9crits \u00e9merge une conviction, la m\u00eame que celle de M\u00e8re Mazzarello et de toutes les FMA, jusqu\u2019\u00e0 M\u00e8re Chiara Cazzuola\u00a0: <strong><em>\u2018\u2019Les enfants ressemblent \u00e0 leur M\u00e8re\u2019\u2019\u00a0:<\/em><\/strong> Marie a toujours \u00e9t\u00e9 le mod\u00e8le et l\u2019id\u00e9ale de sa vie consacr\u00e9e.<\/p>\n<p>Dans une lettre du 31 mai 1997, adress\u00e9e \u00e0 S\u0153ur Maria Bianchi, elle exprime ce que l\u2019on peut consid\u00e9rer le message de la f\u00eate de l\u2019Auxiliatrice\u00a0: <em>\u2018\u2019<\/em><em>[<\/em><em>\u2026<\/em><em>]<\/em><em> En v\u00e9rit\u00e9, je n\u2019ai fait qu\u2019exprimer ce que nous savons toutes, en tant que FMA, du moment que nous sommes toutes appel\u00e9es et choisies par la Sainte Vierge \u00e0 \u00eatre ses Filles. Ce qui nous manque, c\u2019est de nous exercer s\u00e9rieusement \u00e0 l\u2019abandon total, plein de confiance, entre les mains de Marie, comme l\u2019ont fait Dom Bosco et M\u00e8re Mazzarello. <\/em><em>[<\/em><em>\u2026<\/em><em>] Vous savez, ch\u00e8re S\u0153ur Maria, qu\u2019il est tr\u00e8s important que toutes les Provinces, et donc \u00e9galement la v\u00f4tre, retournent \u00e0 vivre l\u2019\u00e9veil marial caract\u00e9ristique de l\u2019Institut, si nous voulons que la Vierge b\u00e9nisse et r\u00e9solve les nombreux probl\u00e8mes physiques, mat\u00e9riels, moraux et spirituels. Devenez la propagatrice de la d\u00e9votion \u00e0 la Vierge. Que vos s\u0153urs la prient, pleines de foi et de confiance et s\u2019abandonnent \u00e0 elle sans r\u00e9serve\u2019\u2019.<\/em><\/p>\n","protected":false},"excerpt":{"rendered":"<p>Rome (Italie). Le 24 mai 2024, la Solennit\u00e9 de Marie Auxiliatrice est c\u00e9l\u00e9br\u00e9e dans tout le monde sal\u00e9sien. Les Filles de Marie Auxiliatrice, dans la Famille Sal\u00e9sienne, par volont\u00e9 de [&hellip;]<\/p>\n","protected":false},"author":21,"featured_media":111503,"comment_status":"open","ping_status":"closed","sticky":false,"template":"","format":"standard","meta":{"footnotes":""},"categories":[164,156],"tags":[1660,1731,1929,1938,1941,2146,2281,2494],"class_list":["post-111508","post","type-post","status-publish","format-standard","has-post-thumbnail","category-charisme-salesien","category-ifma-fr","tag-spiritualita-salesiana-fr","tag-marie-auxiliatrice","tag-focus-fr","tag-maria-ausiliatrice","tag-marie-auxiliatrice-fr","tag-preghiera-fr","tag-ifma-fr","tag-antonieta-bohm"],"yoast_head":"<!-- This site is optimized with the Yoast SEO plugin v27.4 - https:\/\/yoast.com\/product\/yoast-seo-wordpress\/ -->\n<title>Marie Auxiliatrice dans la vie et la mission de S\u0153ur Antonietta B\u00f6hm &#8226; Istituto Figlie di Maria Ausiliatrice<\/title>\n<meta name=\"description\" content=\"Le 24 mai 2024 est c\u00e9l\u00e9br\u00e9e la Solennit\u00e9 de Marie Auxiliatrice, avec laquelle la Servante de Dieu S\u0153ur Antonietta B\u00f6hm eut un lien particulier.\" \/>\n<meta name=\"robots\" content=\"index, follow, max-snippet:-1, max-image-preview:large, max-video-preview:-1\" \/>\n<link rel=\"canonical\" href=\"https:\/\/www.cgfmanet.org\/fr\/ifma-fr\/marie-auxiliatrice-dans-la-vie-et-la-mission-de-soeur-antonietta-bohm\/\" \/>\n<meta property=\"og:locale\" content=\"fr_FR\" \/>\n<meta property=\"og:type\" content=\"article\" \/>\n<meta property=\"og:title\" content=\"Marie Auxiliatrice dans la vie et la mission de S\u0153ur Antonietta B\u00f6hm &#8226; Istituto Figlie di Maria Ausiliatrice\" \/>\n<meta property=\"og:description\" content=\"Le 24 mai 2024 est c\u00e9l\u00e9br\u00e9e la Solennit\u00e9 de Marie Auxiliatrice, avec laquelle la Servante de Dieu S\u0153ur Antonietta B\u00f6hm eut un lien particulier.\" \/>\n<meta property=\"og:url\" content=\"https:\/\/www.cgfmanet.org\/fr\/ifma-fr\/marie-auxiliatrice-dans-la-vie-et-la-mission-de-soeur-antonietta-bohm\/\" \/>\n<meta property=\"og:site_name\" content=\"Istituto Figlie di Maria Ausiliatrice\" \/>\n<meta property=\"article:publisher\" content=\"https:\/\/www.facebook.com\/salesian.sisters.of.don.bosco\/\" \/>\n<meta property=\"article:published_time\" content=\"2024-05-22T15:42:44+00:00\" \/>\n<meta property=\"article:modified_time\" content=\"2024-05-22T20:50:13+00:00\" \/>\n<meta property=\"og:image\" content=\"https:\/\/www.cgfmanet.org\/wp-content\/uploads\/2024\/05\/Maria-Ausiliatrice-Cile.jpg\" \/>\n\t<meta property=\"og:image:width\" content=\"1181\" \/>\n\t<meta property=\"og:image:height\" content=\"787\" \/>\n\t<meta property=\"og:image:type\" content=\"image\/jpeg\" \/>\n<meta name=\"author\" content=\"Redazione\" \/>\n<meta name=\"twitter:card\" content=\"summary_large_image\" \/>\n<meta name=\"twitter:creator\" content=\"@Cgfmanet_Org\" \/>\n<meta name=\"twitter:site\" content=\"@Cgfmanet_Org\" \/>\n<meta name=\"twitter:label1\" content=\"\u00c9crit par\" \/>\n\t<meta name=\"twitter:data1\" content=\"Redazione\" \/>\n\t<meta name=\"twitter:label2\" content=\"Dur\u00e9e de lecture estim\u00e9e\" \/>\n\t<meta name=\"twitter:data2\" content=\"6 minutes\" \/>\n<script type=\"application\/ld+json\" class=\"yoast-schema-graph\">{\"@context\":\"https:\\\/\\\/schema.org\",\"@graph\":[{\"@type\":\"Article\",\"@id\":\"https:\\\/\\\/www.cgfmanet.org\\\/fr\\\/ifma-fr\\\/marie-auxiliatrice-dans-la-vie-et-la-mission-de-soeur-antonietta-bohm\\\/#article\",\"isPartOf\":{\"@id\":\"https:\\\/\\\/www.cgfmanet.org\\\/fr\\\/ifma-fr\\\/marie-auxiliatrice-dans-la-vie-et-la-mission-de-soeur-antonietta-bohm\\\/\"},\"author\":{\"name\":\"Redazione\",\"@id\":\"https:\\\/\\\/www.cgfmanet.org\\\/es\\\/#\\\/schema\\\/person\\\/ce6473083f53ef0ef882cca23f0c8fb9\"},\"headline\":\"Marie Auxiliatrice dans la vie et la mission de S\u0153ur Antonietta B\u00f6hm\",\"datePublished\":\"2024-05-22T15:42:44+00:00\",\"dateModified\":\"2024-05-22T20:50:13+00:00\",\"mainEntityOfPage\":{\"@id\":\"https:\\\/\\\/www.cgfmanet.org\\\/fr\\\/ifma-fr\\\/marie-auxiliatrice-dans-la-vie-et-la-mission-de-soeur-antonietta-bohm\\\/\"},\"wordCount\":1230,\"commentCount\":0,\"publisher\":{\"@id\":\"https:\\\/\\\/www.cgfmanet.org\\\/es\\\/#organization\"},\"image\":{\"@id\":\"https:\\\/\\\/www.cgfmanet.org\\\/fr\\\/ifma-fr\\\/marie-auxiliatrice-dans-la-vie-et-la-mission-de-soeur-antonietta-bohm\\\/#primaryimage\"},\"thumbnailUrl\":\"https:\\\/\\\/www.cgfmanet.org\\\/wp-content\\\/uploads\\\/2024\\\/05\\\/Maria-Ausiliatrice-Cile.jpg\",\"keywords\":[\"Spiritualit\u00e0 Salesiana\",\"Marie Auxiliatrice\",\"Focus\",\"Maria Ausiliatrice\",\"Marie Auxiliatrice\",\"Preghiera\",\"IFMA\",\"Antonieta Bohm\"],\"articleSection\":[\"Charisme Sal\u00e9sien\",\"IFMA\"],\"inLanguage\":\"fr-FR\",\"potentialAction\":[{\"@type\":\"CommentAction\",\"name\":\"Comment\",\"target\":[\"https:\\\/\\\/www.cgfmanet.org\\\/fr\\\/ifma-fr\\\/marie-auxiliatrice-dans-la-vie-et-la-mission-de-soeur-antonietta-bohm\\\/#respond\"]}]},{\"@type\":\"WebPage\",\"@id\":\"https:\\\/\\\/www.cgfmanet.org\\\/fr\\\/ifma-fr\\\/marie-auxiliatrice-dans-la-vie-et-la-mission-de-soeur-antonietta-bohm\\\/\",\"url\":\"https:\\\/\\\/www.cgfmanet.org\\\/fr\\\/ifma-fr\\\/marie-auxiliatrice-dans-la-vie-et-la-mission-de-soeur-antonietta-bohm\\\/\",\"name\":\"Marie Auxiliatrice dans la vie et la mission de S\u0153ur Antonietta B\u00f6hm &#8226; Istituto Figlie di Maria Ausiliatrice\",\"isPartOf\":{\"@id\":\"https:\\\/\\\/www.cgfmanet.org\\\/es\\\/#website\"},\"primaryImageOfPage\":{\"@id\":\"https:\\\/\\\/www.cgfmanet.org\\\/fr\\\/ifma-fr\\\/marie-auxiliatrice-dans-la-vie-et-la-mission-de-soeur-antonietta-bohm\\\/#primaryimage\"},\"image\":{\"@id\":\"https:\\\/\\\/www.cgfmanet.org\\\/fr\\\/ifma-fr\\\/marie-auxiliatrice-dans-la-vie-et-la-mission-de-soeur-antonietta-bohm\\\/#primaryimage\"},\"thumbnailUrl\":\"https:\\\/\\\/www.cgfmanet.org\\\/wp-content\\\/uploads\\\/2024\\\/05\\\/Maria-Ausiliatrice-Cile.jpg\",\"datePublished\":\"2024-05-22T15:42:44+00:00\",\"dateModified\":\"2024-05-22T20:50:13+00:00\",\"description\":\"Le 24 mai 2024 est c\u00e9l\u00e9br\u00e9e la Solennit\u00e9 de Marie Auxiliatrice, avec laquelle la Servante de Dieu S\u0153ur Antonietta B\u00f6hm eut un lien particulier.\",\"breadcrumb\":{\"@id\":\"https:\\\/\\\/www.cgfmanet.org\\\/fr\\\/ifma-fr\\\/marie-auxiliatrice-dans-la-vie-et-la-mission-de-soeur-antonietta-bohm\\\/#breadcrumb\"},\"inLanguage\":\"fr-FR\",\"potentialAction\":[{\"@type\":\"ReadAction\",\"target\":[\"https:\\\/\\\/www.cgfmanet.org\\\/fr\\\/ifma-fr\\\/marie-auxiliatrice-dans-la-vie-et-la-mission-de-soeur-antonietta-bohm\\\/\"]}]},{\"@type\":\"ImageObject\",\"inLanguage\":\"fr-FR\",\"@id\":\"https:\\\/\\\/www.cgfmanet.org\\\/fr\\\/ifma-fr\\\/marie-auxiliatrice-dans-la-vie-et-la-mission-de-soeur-antonietta-bohm\\\/#primaryimage\",\"url\":\"https:\\\/\\\/www.cgfmanet.org\\\/wp-content\\\/uploads\\\/2024\\\/05\\\/Maria-Ausiliatrice-Cile.jpg\",\"contentUrl\":\"https:\\\/\\\/www.cgfmanet.org\\\/wp-content\\\/uploads\\\/2024\\\/05\\\/Maria-Ausiliatrice-Cile.jpg\",\"width\":1181,\"height\":787},{\"@type\":\"BreadcrumbList\",\"@id\":\"https:\\\/\\\/www.cgfmanet.org\\\/fr\\\/ifma-fr\\\/marie-auxiliatrice-dans-la-vie-et-la-mission-de-soeur-antonietta-bohm\\\/#breadcrumb\",\"itemListElement\":[{\"@type\":\"ListItem\",\"position\":1,\"name\":\"Home\",\"item\":\"https:\\\/\\\/www.cgfmanet.org\\\/fr\\\/\"},{\"@type\":\"ListItem\",\"position\":2,\"name\":\"Marie Auxiliatrice dans la vie et la mission de S\u0153ur Antonietta B\u00f6hm\"}]},{\"@type\":\"WebSite\",\"@id\":\"https:\\\/\\\/www.cgfmanet.org\\\/es\\\/#website\",\"url\":\"https:\\\/\\\/www.cgfmanet.org\\\/es\\\/\",\"name\":\"Istituto Figlie di Maria Ausiliatrice\",\"description\":\"Salesiane di Don Bosco\",\"publisher\":{\"@id\":\"https:\\\/\\\/www.cgfmanet.org\\\/es\\\/#organization\"},\"potentialAction\":[{\"@type\":\"SearchAction\",\"target\":{\"@type\":\"EntryPoint\",\"urlTemplate\":\"https:\\\/\\\/www.cgfmanet.org\\\/es\\\/?s={search_term_string}\"},\"query-input\":{\"@type\":\"PropertyValueSpecification\",\"valueRequired\":true,\"valueName\":\"search_term_string\"}}],\"inLanguage\":\"fr-FR\"},{\"@type\":\"Organization\",\"@id\":\"https:\\\/\\\/www.cgfmanet.org\\\/es\\\/#organization\",\"name\":\"Istituto Figlie di Maria Ausiliatrice\",\"url\":\"https:\\\/\\\/www.cgfmanet.org\\\/es\\\/\",\"logo\":{\"@type\":\"ImageObject\",\"inLanguage\":\"fr-FR\",\"@id\":\"https:\\\/\\\/www.cgfmanet.org\\\/es\\\/#\\\/schema\\\/logo\\\/image\\\/\",\"url\":\"https:\\\/\\\/www.cgfmanet.org\\\/wp-content\\\/uploads\\\/2018\\\/10\\\/logo-fma.png\",\"contentUrl\":\"https:\\\/\\\/www.cgfmanet.org\\\/wp-content\\\/uploads\\\/2018\\\/10\\\/logo-fma.png\",\"width\":214,\"height\":55,\"caption\":\"Istituto Figlie di Maria Ausiliatrice\"},\"image\":{\"@id\":\"https:\\\/\\\/www.cgfmanet.org\\\/es\\\/#\\\/schema\\\/logo\\\/image\\\/\"},\"sameAs\":[\"https:\\\/\\\/www.facebook.com\\\/salesian.sisters.of.don.bosco\\\/\",\"https:\\\/\\\/x.com\\\/Cgfmanet_Org\",\"https:\\\/\\\/www.youtube.com\\\/channel\\\/UCmcr8yFQBV7JXeXVxyV9y5Q\"]},{\"@type\":\"Person\",\"@id\":\"https:\\\/\\\/www.cgfmanet.org\\\/es\\\/#\\\/schema\\\/person\\\/ce6473083f53ef0ef882cca23f0c8fb9\",\"name\":\"Redazione\"}]}<\/script>\n<!-- \/ Yoast SEO plugin. -->","yoast_head_json":{"title":"Marie Auxiliatrice dans la vie et la mission de S\u0153ur Antonietta B\u00f6hm &#8226; Istituto Figlie di Maria Ausiliatrice","description":"Le 24 mai 2024 est c\u00e9l\u00e9br\u00e9e la Solennit\u00e9 de Marie Auxiliatrice, avec laquelle la Servante de Dieu S\u0153ur Antonietta B\u00f6hm eut un lien particulier.","robots":{"index":"index","follow":"follow","max-snippet":"max-snippet:-1","max-image-preview":"max-image-preview:large","max-video-preview":"max-video-preview:-1"},"canonical":"https:\/\/www.cgfmanet.org\/fr\/ifma-fr\/marie-auxiliatrice-dans-la-vie-et-la-mission-de-soeur-antonietta-bohm\/","og_locale":"fr_FR","og_type":"article","og_title":"Marie Auxiliatrice dans la vie et la mission de S\u0153ur Antonietta B\u00f6hm &#8226; Istituto Figlie di Maria Ausiliatrice","og_description":"Le 24 mai 2024 est c\u00e9l\u00e9br\u00e9e la Solennit\u00e9 de Marie Auxiliatrice, avec laquelle la Servante de Dieu S\u0153ur Antonietta B\u00f6hm eut un lien particulier.","og_url":"https:\/\/www.cgfmanet.org\/fr\/ifma-fr\/marie-auxiliatrice-dans-la-vie-et-la-mission-de-soeur-antonietta-bohm\/","og_site_name":"Istituto Figlie di Maria Ausiliatrice","article_publisher":"https:\/\/www.facebook.com\/salesian.sisters.of.don.bosco\/","article_published_time":"2024-05-22T15:42:44+00:00","article_modified_time":"2024-05-22T20:50:13+00:00","og_image":[{"width":1181,"height":787,"url":"https:\/\/www.cgfmanet.org\/wp-content\/uploads\/2024\/05\/Maria-Ausiliatrice-Cile.jpg","type":"image\/jpeg"}],"author":"Redazione","twitter_card":"summary_large_image","twitter_creator":"@Cgfmanet_Org","twitter_site":"@Cgfmanet_Org","twitter_misc":{"\u00c9crit par":"Redazione","Dur\u00e9e de lecture estim\u00e9e":"6 minutes"},"schema":{"@context":"https:\/\/schema.org","@graph":[{"@type":"Article","@id":"https:\/\/www.cgfmanet.org\/fr\/ifma-fr\/marie-auxiliatrice-dans-la-vie-et-la-mission-de-soeur-antonietta-bohm\/#article","isPartOf":{"@id":"https:\/\/www.cgfmanet.org\/fr\/ifma-fr\/marie-auxiliatrice-dans-la-vie-et-la-mission-de-soeur-antonietta-bohm\/"},"author":{"name":"Redazione","@id":"https:\/\/www.cgfmanet.org\/es\/#\/schema\/person\/ce6473083f53ef0ef882cca23f0c8fb9"},"headline":"Marie Auxiliatrice dans la vie et la mission de S\u0153ur Antonietta B\u00f6hm","datePublished":"2024-05-22T15:42:44+00:00","dateModified":"2024-05-22T20:50:13+00:00","mainEntityOfPage":{"@id":"https:\/\/www.cgfmanet.org\/fr\/ifma-fr\/marie-auxiliatrice-dans-la-vie-et-la-mission-de-soeur-antonietta-bohm\/"},"wordCount":1230,"commentCount":0,"publisher":{"@id":"https:\/\/www.cgfmanet.org\/es\/#organization"},"image":{"@id":"https:\/\/www.cgfmanet.org\/fr\/ifma-fr\/marie-auxiliatrice-dans-la-vie-et-la-mission-de-soeur-antonietta-bohm\/#primaryimage"},"thumbnailUrl":"https:\/\/www.cgfmanet.org\/wp-content\/uploads\/2024\/05\/Maria-Ausiliatrice-Cile.jpg","keywords":["Spiritualit\u00e0 Salesiana","Marie Auxiliatrice","Focus","Maria Ausiliatrice","Marie Auxiliatrice","Preghiera","IFMA","Antonieta Bohm"],"articleSection":["Charisme Sal\u00e9sien","IFMA"],"inLanguage":"fr-FR","potentialAction":[{"@type":"CommentAction","name":"Comment","target":["https:\/\/www.cgfmanet.org\/fr\/ifma-fr\/marie-auxiliatrice-dans-la-vie-et-la-mission-de-soeur-antonietta-bohm\/#respond"]}]},{"@type":"WebPage","@id":"https:\/\/www.cgfmanet.org\/fr\/ifma-fr\/marie-auxiliatrice-dans-la-vie-et-la-mission-de-soeur-antonietta-bohm\/","url":"https:\/\/www.cgfmanet.org\/fr\/ifma-fr\/marie-auxiliatrice-dans-la-vie-et-la-mission-de-soeur-antonietta-bohm\/","name":"Marie Auxiliatrice dans la vie et la mission de S\u0153ur Antonietta B\u00f6hm &#8226; Istituto Figlie di Maria Ausiliatrice","isPartOf":{"@id":"https:\/\/www.cgfmanet.org\/es\/#website"},"primaryImageOfPage":{"@id":"https:\/\/www.cgfmanet.org\/fr\/ifma-fr\/marie-auxiliatrice-dans-la-vie-et-la-mission-de-soeur-antonietta-bohm\/#primaryimage"},"image":{"@id":"https:\/\/www.cgfmanet.org\/fr\/ifma-fr\/marie-auxiliatrice-dans-la-vie-et-la-mission-de-soeur-antonietta-bohm\/#primaryimage"},"thumbnailUrl":"https:\/\/www.cgfmanet.org\/wp-content\/uploads\/2024\/05\/Maria-Ausiliatrice-Cile.jpg","datePublished":"2024-05-22T15:42:44+00:00","dateModified":"2024-05-22T20:50:13+00:00","description":"Le 24 mai 2024 est c\u00e9l\u00e9br\u00e9e la Solennit\u00e9 de Marie Auxiliatrice, avec laquelle la Servante de Dieu S\u0153ur Antonietta B\u00f6hm eut un lien particulier.","breadcrumb":{"@id":"https:\/\/www.cgfmanet.org\/fr\/ifma-fr\/marie-auxiliatrice-dans-la-vie-et-la-mission-de-soeur-antonietta-bohm\/#breadcrumb"},"inLanguage":"fr-FR","potentialAction":[{"@type":"ReadAction","target":["https:\/\/www.cgfmanet.org\/fr\/ifma-fr\/marie-auxiliatrice-dans-la-vie-et-la-mission-de-soeur-antonietta-bohm\/"]}]},{"@type":"ImageObject","inLanguage":"fr-FR","@id":"https:\/\/www.cgfmanet.org\/fr\/ifma-fr\/marie-auxiliatrice-dans-la-vie-et-la-mission-de-soeur-antonietta-bohm\/#primaryimage","url":"https:\/\/www.cgfmanet.org\/wp-content\/uploads\/2024\/05\/Maria-Ausiliatrice-Cile.jpg","contentUrl":"https:\/\/www.cgfmanet.org\/wp-content\/uploads\/2024\/05\/Maria-Ausiliatrice-Cile.jpg","width":1181,"height":787},{"@type":"BreadcrumbList","@id":"https:\/\/www.cgfmanet.org\/fr\/ifma-fr\/marie-auxiliatrice-dans-la-vie-et-la-mission-de-soeur-antonietta-bohm\/#breadcrumb","itemListElement":[{"@type":"ListItem","position":1,"name":"Home","item":"https:\/\/www.cgfmanet.org\/fr\/"},{"@type":"ListItem","position":2,"name":"Marie Auxiliatrice dans la vie et la mission de S\u0153ur Antonietta B\u00f6hm"}]},{"@type":"WebSite","@id":"https:\/\/www.cgfmanet.org\/es\/#website","url":"https:\/\/www.cgfmanet.org\/es\/","name":"Istituto Figlie di Maria Ausiliatrice","description":"Salesiane di Don Bosco","publisher":{"@id":"https:\/\/www.cgfmanet.org\/es\/#organization"},"potentialAction":[{"@type":"SearchAction","target":{"@type":"EntryPoint","urlTemplate":"https:\/\/www.cgfmanet.org\/es\/?s={search_term_string}"},"query-input":{"@type":"PropertyValueSpecification","valueRequired":true,"valueName":"search_term_string"}}],"inLanguage":"fr-FR"},{"@type":"Organization","@id":"https:\/\/www.cgfmanet.org\/es\/#organization","name":"Istituto Figlie di Maria Ausiliatrice","url":"https:\/\/www.cgfmanet.org\/es\/","logo":{"@type":"ImageObject","inLanguage":"fr-FR","@id":"https:\/\/www.cgfmanet.org\/es\/#\/schema\/logo\/image\/","url":"https:\/\/www.cgfmanet.org\/wp-content\/uploads\/2018\/10\/logo-fma.png","contentUrl":"https:\/\/www.cgfmanet.org\/wp-content\/uploads\/2018\/10\/logo-fma.png","width":214,"height":55,"caption":"Istituto Figlie di Maria Ausiliatrice"},"image":{"@id":"https:\/\/www.cgfmanet.org\/es\/#\/schema\/logo\/image\/"},"sameAs":["https:\/\/www.facebook.com\/salesian.sisters.of.don.bosco\/","https:\/\/x.com\/Cgfmanet_Org","https:\/\/www.youtube.com\/channel\/UCmcr8yFQBV7JXeXVxyV9y5Q"]},{"@type":"Person","@id":"https:\/\/www.cgfmanet.org\/es\/#\/schema\/person\/ce6473083f53ef0ef882cca23f0c8fb9","name":"Redazione"}]}},"_links":{"self":[{"href":"https:\/\/www.cgfmanet.org\/fr\/wp-json\/wp\/v2\/posts\/111508","targetHints":{"allow":["GET"]}}],"collection":[{"href":"https:\/\/www.cgfmanet.org\/fr\/wp-json\/wp\/v2\/posts"}],"about":[{"href":"https:\/\/www.cgfmanet.org\/fr\/wp-json\/wp\/v2\/types\/post"}],"author":[{"embeddable":true,"href":"https:\/\/www.cgfmanet.org\/fr\/wp-json\/wp\/v2\/users\/21"}],"replies":[{"embeddable":true,"href":"https:\/\/www.cgfmanet.org\/fr\/wp-json\/wp\/v2\/comments?post=111508"}],"version-history":[{"count":3,"href":"https:\/\/www.cgfmanet.org\/fr\/wp-json\/wp\/v2\/posts\/111508\/revisions"}],"predecessor-version":[{"id":111754,"href":"https:\/\/www.cgfmanet.org\/fr\/wp-json\/wp\/v2\/posts\/111508\/revisions\/111754"}],"wp:featuredmedia":[{"embeddable":true,"href":"https:\/\/www.cgfmanet.org\/fr\/wp-json\/wp\/v2\/media\/111503"}],"wp:attachment":[{"href":"https:\/\/www.cgfmanet.org\/fr\/wp-json\/wp\/v2\/media?parent=111508"}],"wp:term":[{"taxonomy":"category","embeddable":true,"href":"https:\/\/www.cgfmanet.org\/fr\/wp-json\/wp\/v2\/categories?post=111508"},{"taxonomy":"post_tag","embeddable":true,"href":"https:\/\/www.cgfmanet.org\/fr\/wp-json\/wp\/v2\/tags?post=111508"}],"curies":[{"name":"wp","href":"https:\/\/api.w.org\/{rel}","templated":true}]}}