{"id":107762,"date":"2024-03-09T16:15:27","date_gmt":"2024-03-09T15:15:27","guid":{"rendered":"https:\/\/www.cgfmanet.org\/info-sphere\/per-una-animazione-generativa-seminario-cib\/"},"modified":"2024-03-16T22:55:32","modified_gmt":"2024-03-16T21:55:32","slug":"pour-une-animation-generative-seminaire-cib","status":"publish","type":"post","link":"https:\/\/www.cgfmanet.org\/fr\/ifma-fr\/pour-une-animation-generative-seminaire-cib\/","title":{"rendered":"\u00ab Pour une animation g\u00e9n\u00e9rative \u00bb &#8211; S\u00e9minaire CIB"},"content":{"rendered":"<p><strong>Cachoeira do Campo (Br\u00e9sil).<\/strong>\u00a0 Du 1er au 6 mars 2024, \u00e0 la Maison de spiritualit\u00e9 Retiro das Rosas, \u00e0 Cachoeira do Campo, Minas Gerais, de la Province M\u00e8re Mazzarello (BMM), s&rsquo;est tenu le S\u00e9minaire inter-secteurs de l&rsquo;Institut des Filles de Marie Auxiliatrice sur le th\u00e8me \u00ab\u00a0Pour une animation g\u00e9n\u00e9rative\u00a0\u00bb.<\/p>\n<p><strong>Le S\u00e9minaire inter-secteurs<\/strong> est une proposition n\u00e9e au cours du XXIVe Chapitre g\u00e9n\u00e9ral de 2021, dans le but d&rsquo;accompagner les Provinces, les Conseils provinciaux et les FMA qui se r\u00e9f\u00e8rent aux secteurs qui sont au service de l&rsquo;animation et de la gouvernance, dans la perspective du Syst\u00e8me pr\u00e9ventif.<\/p>\n<p>La beaut\u00e9 de la nature environnante a contribu\u00e9 \u00e0 ce qu&rsquo;environ 70 participants &#8211; provenant de toutes les r\u00e9gions du Br\u00e9sil &#8211; puissent se rencontrer, prier, r\u00e9fl\u00e9chir, dialoguer, partager et m\u00eame prendre quelques d\u00e9cisions, avec l&rsquo;accompagnement de M\u00e8re Chiara Cazzuola, Sup\u00e9rieure g\u00e9n\u00e9rale de l&rsquo;Institut des FMA, et de sept autres Conseill\u00e8res g\u00e9n\u00e9rales, venues de Rome.<\/p>\n<p>Au S\u00e9minaire de la Conf\u00e9rence interprovinciale de la CIB ont particip\u00e9 les Provinciales, les Conseils provinciaux et les Coordinatrices de la Formation, de l&rsquo;Administration, de la Communication, de la Mission ad gentes, de la Famille sal\u00e9sienne et de la Pastorale des jeunes des quatre Province du Br\u00e9sil.<\/p>\n<p>Chaque jour, les FMA pr\u00e9sentes \u00e0 ce s\u00e9minaire ont particip\u00e9 \u00e0 une Lectio Divina sur des passages des Actes des Ap\u00f4tres, anim\u00e9e par vid\u00e9o par S\u0153ur Maria Ko, bibliste et professeure \u00e0 la Facult\u00e9 Pontificale des Sciences de l&rsquo;\u00c9ducation \u00ab\u00a0Auxilium\u00a0\u00bb de Rome. Elle a approfondi les th\u00e8mes li\u00e9s aux trois noyaux propos\u00e9s par le S\u00e9minaire : Autorit\u00e9, Synodalit\u00e9, G\u00e9n\u00e9rativit\u00e9.<\/p>\n<p>Les activit\u00e9s ont toujours \u00e9t\u00e9 stimul\u00e9es et guid\u00e9es par les sages paroles de M\u00e8re Chiara qui, dans la premi\u00e8re partie de chaque matin\u00e9e, a propos\u00e9 un th\u00e8me charismatique, rendant M\u00e8re Mazzarello et Don Bosco, les origines de l&rsquo;Institut et la premi\u00e8re communaut\u00e9 de Morn\u00e8se tr\u00e8s pr\u00e9sents, et qui a fait revivre la vie des d\u00e9buts en termes d&rsquo;animation et de gouvernance.<\/p>\n<p>D&rsquo;autres intervenants ont \u00e9galement apport\u00e9 leur contribution, sous forme virtuelle, comme le p\u00e8re Pascual Ch\u00e1vez Villanueva, sdb, Recteur majeur \u00e9m\u00e9rite de la Congr\u00e9gation sal\u00e9sienne, qui a parl\u00e9 du \u00ab\u00a0Service de l&rsquo;autorit\u00e9 aujourd&rsquo;hui : opportunit\u00e9s et d\u00e9fis pour la vie consacr\u00e9e. La triple mission de servir, animer et gouverner\u00a0\u00bb, et le professeur Bernardo Toro, de Colombie, sur \u00ab\u00a0Prendre soin, paradigme de la nouvelle civilisation, \u00e9l\u00e9ment d&rsquo;une nouvelle vision du cosmos\u00a0\u00bb.<\/p>\n<p>S\u0153ur Maria In\u00eas Vieira Ribeiro (MAD), pr\u00e9sidente \u00e9m\u00e9rite de la Conf\u00e9rence des Religieux du Br\u00e9sil (CRB), \u00e9galement pr\u00e9sente \u00e0 Cachoeira do Campo, a propos\u00e9 une r\u00e9flexion intitul\u00e9e \u00ab\u00a0La contribution de la vie consacr\u00e9e aujourd&rsquo;hui, dans ce continent, sur le cheminement vers le Synode. Comment le Synode interpelle la Vie Consacr\u00e9e\u00a0\u00bb.<\/p>\n<p>Les ateliers, qui ont r\u00e9uni les s\u0153urs pour dialoguer, partager leur vie et leurs exp\u00e9riences en relation avec chaque noyau, ont \u00e9t\u00e9 des moments importants de discussions fructueuses.<\/p>\n<p>Dans le cadre de la m\u00e9thodologie du S\u00e9minaire, les diverses occasions de silence et de d\u00e9sert personnel ont favoris\u00e9 la pr\u00e9paration des ateliers. Outre la pri\u00e8re et la c\u00e9l\u00e9bration eucharistique quotidienne, qui ont contribu\u00e9 \u00e0 renforcer la dimension de la foi et de l&rsquo;\u00e9coute de la Parole de Dieu, le groupe s&rsquo;est \u00e9galement r\u00e9uni pour des moments de d\u00e9tente et de r\u00e9cr\u00e9ation, comme le veut la tradition sal\u00e9sienne. Chaque journ\u00e9e de travail se terminait toujours par un \u00ab\u00a0Bonne nuit\u00a0\u00bb de la M\u00e8re, qui, en plus de r\u00e9sumer la journ\u00e9e, partageait les nouvelles de l&rsquo;Institut.<\/p>\n<p>Au cours du S\u00e9minaire, il y a eu aussi des moments d\u00e9di\u00e9s aux Secteurs, particuli\u00e8rement appr\u00e9ci\u00e9s par les Coordinatrices locales. En particulier, une des journ\u00e9es a \u00e9t\u00e9 consacr\u00e9e \u00e0 une rencontre avec les Conseill\u00e8res de secteur pour r\u00e9fl\u00e9chir, dialoguer et partager les d\u00e9fis et les pas concrets vers une animation plus synodale, plus vivifiante au niveau de la Province, de la Conf\u00e9rence et de l&rsquo;Institut.<\/p>\n<p>La rencontre des participants par Province a \u00e9t\u00e9 \u00e9galement importante pour identifier les processus de changement et de conversion au service de l&rsquo;animation et de la gouvernance, quelques conditions pour les r\u00e9aliser et une action pour continuer le cheminement de la synodalit\u00e9 en tant que CIB. Dans un deuxi\u00e8me temps, ces orientations ont \u00e9t\u00e9 partag\u00e9es en Assembl\u00e9e, puis des d\u00e9cisions ont \u00e9t\u00e9 prises au niveau de la Conf\u00e9rence interprovinciale. Ce fut un moment marqu\u00e9 par la maturit\u00e9, le partage et la transparence, dans le d\u00e9sir que la CIB continue \u00e0 grandir en importance et en synodalit\u00e9, et que le processus de la nouvelle configuration soit \u00e9valu\u00e9, afin que l&rsquo;animation et le gouvernement des Province soient vraiment g\u00e9n\u00e9rateurs de vie.<\/p>\n<p>Le programme du s\u00e9minaire comprenait \u00e9galement un mot de conclusion de M\u00e8re Chiara, qui a offert aux participants des id\u00e9es et des indications tr\u00e8s concr\u00e8tes pour faire vivre ce qui a \u00e9t\u00e9 partag\u00e9 \u00e0 Cachoeira do Campo. Au cours de l&rsquo;Eucharistie de cl\u00f4ture, la gratitude a \u00e9t\u00e9 exprim\u00e9e pour l&rsquo;exp\u00e9rience v\u00e9cue dans la synodalit\u00e9 d&rsquo;une grande communaut\u00e9 : celle de la CIB.<\/p>\n<p>Dans la soir\u00e9e du 6 mars, un moment de convivialit\u00e9 et d&rsquo;action de gr\u00e2ce autour de la M\u00e8re et des Conseill\u00e8res g\u00e9n\u00e9rales a marqu\u00e9 la conclusion officielle du S\u00e9minaire.<\/p>\n<p>Il s&rsquo;agissait de la troisi\u00e8me exp\u00e9rience au niveau de l&rsquo;Institut des FMA : suivant la m\u00eame m\u00e9thodologie et les m\u00eames objectifs. Elles ont d\u00e9j\u00e0 eu lieu \u00e0 Lusaka, en Zambie, pour la <strong><span style=\"color: #0000ff;\"><a style=\"color: #0000ff;\" href=\"https:\/\/www.cgfmanet.org\/fr\/ifma-fr\/congres-seminaires\/pour-une-animation-generative-le-seminaire-de-la-ciam\/\" target=\"_blank\" rel=\"noopener\">Conf\u00e9rence CIAM<\/a><\/span><\/strong> d&rsquo;Afrique et Madagascar (24-29 ao\u00fbt 2023) et \u00e0 Frascati, \u00e0 Rome, pour la <span style=\"color: #0000ff;\"><strong><a style=\"color: #0000ff;\" href=\"https:\/\/www.cgfmanet.org\/fr\/ifma-fr\/pour-une-animation-generative-seminaire-cime\/\" target=\"_blank\" rel=\"noopener\">Conf\u00e9rence CIME<\/a><\/strong><\/span>\u00a0d&rsquo;Europe et du Moyen-Orient (19-23 septembre 2023). Les prochains s\u00e9minaires se tiendront <strong>\u00e0 Santiago, au Chili, pour la conf\u00e9rence CICSAL (8-12 mars) et \u00e0 Cochabamba, en Bolivie, pour la conf\u00e9rence CINAB (15-19 mars).<\/strong> Six autres s\u00e9minaires pour les conf\u00e9rences restantes seront organis\u00e9s d&rsquo;ici le mois de septembre.<\/p>\n<p><strong>Photo: <span style=\"color: #0000ff;\"><a style=\"color: #0000ff;\" href=\"https:\/\/www.flickr.com\/photos\/137890103@N08\/albums\/72177720315322198\/with\/53575722693\/\" target=\"_blank\" rel=\"noopener\">Flickr FMA<\/a><\/span><\/strong><\/p>\n","protected":false},"excerpt":{"rendered":"<p>Cachoeira do Campo (Br\u00e9sil).\u00a0 Du 1er au 6 mars 2024, \u00e0 la Maison de spiritualit\u00e9 Retiro das Rosas, \u00e0 Cachoeira do Campo, Minas Gerais, de la Province M\u00e8re Mazzarello (BMM), [&hellip;]<\/p>\n","protected":false},"author":21,"featured_media":107757,"comment_status":"open","ping_status":"closed","sticky":false,"template":"","format":"standard","meta":{"footnotes":""},"categories":[156,168],"tags":[225,369,1026,1161,1459,1893,1929,2221,2377],"class_list":["post-107762","post","type-post","status-publish","format-standard","has-post-thumbnail","category-ifma-fr","category-congres-seminaires","tag-bresil","tag-mere-generale","tag-cib-fr","tag-engendrement","tag-synodalite","tag-interambiti-fr","tag-focus-fr","tag-consigliere-generali-fr","tag-madre-chiara-cazzuola-fr"],"yoast_head":"<!-- This site is optimized with the Yoast SEO plugin v27.4 - https:\/\/yoast.com\/product\/yoast-seo-wordpress\/ -->\n<title>\u00ab Pour une animation g\u00e9n\u00e9rative \u00bb - S\u00e9minaire CIB &#8226; Istituto Figlie di Maria Ausiliatrice<\/title>\n<meta name=\"description\" content=\"Du 1er au 6 mars 2024 \u00e0 Cachoeira do Campo (Br\u00e9sil), s&#039;est tenu le s\u00e9minaire intersectoriel \u00ab Pour une animation g\u00e9n\u00e9rative \u00bb dans le cadre de la conf\u00e9rence interprovinciale de la CIB.\" \/>\n<meta name=\"robots\" content=\"index, follow, max-snippet:-1, max-image-preview:large, max-video-preview:-1\" \/>\n<link rel=\"canonical\" href=\"https:\/\/www.cgfmanet.org\/fr\/ifma-fr\/pour-une-animation-generative-seminaire-cib\/\" \/>\n<meta property=\"og:locale\" content=\"fr_FR\" \/>\n<meta property=\"og:type\" content=\"article\" \/>\n<meta property=\"og:title\" content=\"\u00ab Pour une animation g\u00e9n\u00e9rative \u00bb - S\u00e9minaire CIB &#8226; Istituto Figlie di Maria Ausiliatrice\" \/>\n<meta property=\"og:description\" content=\"Du 1er au 6 mars 2024 \u00e0 Cachoeira do Campo (Br\u00e9sil), s&#039;est tenu le s\u00e9minaire intersectoriel \u00ab Pour une animation g\u00e9n\u00e9rative \u00bb dans le cadre de la conf\u00e9rence interprovinciale de la CIB.\" \/>\n<meta property=\"og:url\" content=\"https:\/\/www.cgfmanet.org\/fr\/ifma-fr\/pour-une-animation-generative-seminaire-cib\/\" \/>\n<meta property=\"og:site_name\" content=\"Istituto Figlie di Maria Ausiliatrice\" \/>\n<meta property=\"article:publisher\" content=\"https:\/\/www.facebook.com\/salesian.sisters.of.don.bosco\/\" \/>\n<meta property=\"article:published_time\" content=\"2024-03-09T15:15:27+00:00\" \/>\n<meta property=\"article:modified_time\" content=\"2024-03-16T21:55:32+00:00\" \/>\n<meta property=\"og:image\" content=\"https:\/\/www.cgfmanet.org\/wp-content\/uploads\/2024\/03\/Seminario-CIB.jpg\" \/>\n\t<meta property=\"og:image:width\" content=\"1181\" \/>\n\t<meta property=\"og:image:height\" content=\"787\" \/>\n\t<meta property=\"og:image:type\" content=\"image\/jpeg\" \/>\n<meta name=\"author\" content=\"Redazione\" \/>\n<meta name=\"twitter:card\" content=\"summary_large_image\" \/>\n<meta name=\"twitter:creator\" content=\"@Cgfmanet_Org\" \/>\n<meta name=\"twitter:site\" content=\"@Cgfmanet_Org\" \/>\n<meta name=\"twitter:label1\" content=\"\u00c9crit par\" \/>\n\t<meta name=\"twitter:data1\" content=\"Redazione\" \/>\n\t<meta name=\"twitter:label2\" content=\"Dur\u00e9e de lecture estim\u00e9e\" \/>\n\t<meta name=\"twitter:data2\" content=\"5 minutes\" \/>\n<script type=\"application\/ld+json\" class=\"yoast-schema-graph\">{\"@context\":\"https:\\\/\\\/schema.org\",\"@graph\":[{\"@type\":\"Article\",\"@id\":\"https:\\\/\\\/www.cgfmanet.org\\\/fr\\\/ifma-fr\\\/pour-une-animation-generative-seminaire-cib\\\/#article\",\"isPartOf\":{\"@id\":\"https:\\\/\\\/www.cgfmanet.org\\\/fr\\\/ifma-fr\\\/pour-une-animation-generative-seminaire-cib\\\/\"},\"author\":{\"name\":\"Redazione\",\"@id\":\"https:\\\/\\\/www.cgfmanet.org\\\/es\\\/#\\\/schema\\\/person\\\/ce6473083f53ef0ef882cca23f0c8fb9\"},\"headline\":\"\u00ab Pour une animation g\u00e9n\u00e9rative \u00bb &#8211; S\u00e9minaire CIB\",\"datePublished\":\"2024-03-09T15:15:27+00:00\",\"dateModified\":\"2024-03-16T21:55:32+00:00\",\"mainEntityOfPage\":{\"@id\":\"https:\\\/\\\/www.cgfmanet.org\\\/fr\\\/ifma-fr\\\/pour-une-animation-generative-seminaire-cib\\\/\"},\"wordCount\":1096,\"commentCount\":0,\"publisher\":{\"@id\":\"https:\\\/\\\/www.cgfmanet.org\\\/es\\\/#organization\"},\"image\":{\"@id\":\"https:\\\/\\\/www.cgfmanet.org\\\/fr\\\/ifma-fr\\\/pour-une-animation-generative-seminaire-cib\\\/#primaryimage\"},\"thumbnailUrl\":\"https:\\\/\\\/www.cgfmanet.org\\\/wp-content\\\/uploads\\\/2024\\\/03\\\/Seminario-CIB.jpg\",\"keywords\":[\"Br\u00e9sil\",\"M\u00e8re G\u00e9n\u00e9rale\",\"CIB\",\"Engendrement\",\"Synodalit\u00e9\",\"interambiti\",\"Focus\",\"Consigliere Generali\",\"Madre Chiara Cazzuola\"],\"articleSection\":[\"IFMA\",\"Congr\u00e8s et S\u00e9minaires\"],\"inLanguage\":\"fr-FR\",\"potentialAction\":[{\"@type\":\"CommentAction\",\"name\":\"Comment\",\"target\":[\"https:\\\/\\\/www.cgfmanet.org\\\/fr\\\/ifma-fr\\\/pour-une-animation-generative-seminaire-cib\\\/#respond\"]}]},{\"@type\":\"WebPage\",\"@id\":\"https:\\\/\\\/www.cgfmanet.org\\\/fr\\\/ifma-fr\\\/pour-une-animation-generative-seminaire-cib\\\/\",\"url\":\"https:\\\/\\\/www.cgfmanet.org\\\/fr\\\/ifma-fr\\\/pour-une-animation-generative-seminaire-cib\\\/\",\"name\":\"\u00ab Pour une animation g\u00e9n\u00e9rative \u00bb - S\u00e9minaire CIB &#8226; Istituto Figlie di Maria Ausiliatrice\",\"isPartOf\":{\"@id\":\"https:\\\/\\\/www.cgfmanet.org\\\/es\\\/#website\"},\"primaryImageOfPage\":{\"@id\":\"https:\\\/\\\/www.cgfmanet.org\\\/fr\\\/ifma-fr\\\/pour-une-animation-generative-seminaire-cib\\\/#primaryimage\"},\"image\":{\"@id\":\"https:\\\/\\\/www.cgfmanet.org\\\/fr\\\/ifma-fr\\\/pour-une-animation-generative-seminaire-cib\\\/#primaryimage\"},\"thumbnailUrl\":\"https:\\\/\\\/www.cgfmanet.org\\\/wp-content\\\/uploads\\\/2024\\\/03\\\/Seminario-CIB.jpg\",\"datePublished\":\"2024-03-09T15:15:27+00:00\",\"dateModified\":\"2024-03-16T21:55:32+00:00\",\"description\":\"Du 1er au 6 mars 2024 \u00e0 Cachoeira do Campo (Br\u00e9sil), s'est tenu le s\u00e9minaire intersectoriel \u00ab Pour une animation g\u00e9n\u00e9rative \u00bb dans le cadre de la conf\u00e9rence interprovinciale de la CIB.\",\"breadcrumb\":{\"@id\":\"https:\\\/\\\/www.cgfmanet.org\\\/fr\\\/ifma-fr\\\/pour-une-animation-generative-seminaire-cib\\\/#breadcrumb\"},\"inLanguage\":\"fr-FR\",\"potentialAction\":[{\"@type\":\"ReadAction\",\"target\":[\"https:\\\/\\\/www.cgfmanet.org\\\/fr\\\/ifma-fr\\\/pour-une-animation-generative-seminaire-cib\\\/\"]}]},{\"@type\":\"ImageObject\",\"inLanguage\":\"fr-FR\",\"@id\":\"https:\\\/\\\/www.cgfmanet.org\\\/fr\\\/ifma-fr\\\/pour-une-animation-generative-seminaire-cib\\\/#primaryimage\",\"url\":\"https:\\\/\\\/www.cgfmanet.org\\\/wp-content\\\/uploads\\\/2024\\\/03\\\/Seminario-CIB.jpg\",\"contentUrl\":\"https:\\\/\\\/www.cgfmanet.org\\\/wp-content\\\/uploads\\\/2024\\\/03\\\/Seminario-CIB.jpg\",\"width\":1181,\"height\":787},{\"@type\":\"BreadcrumbList\",\"@id\":\"https:\\\/\\\/www.cgfmanet.org\\\/fr\\\/ifma-fr\\\/pour-une-animation-generative-seminaire-cib\\\/#breadcrumb\",\"itemListElement\":[{\"@type\":\"ListItem\",\"position\":1,\"name\":\"Home\",\"item\":\"https:\\\/\\\/www.cgfmanet.org\\\/fr\\\/\"},{\"@type\":\"ListItem\",\"position\":2,\"name\":\"\u00ab Pour une animation g\u00e9n\u00e9rative \u00bb &#8211; S\u00e9minaire CIB\"}]},{\"@type\":\"WebSite\",\"@id\":\"https:\\\/\\\/www.cgfmanet.org\\\/es\\\/#website\",\"url\":\"https:\\\/\\\/www.cgfmanet.org\\\/es\\\/\",\"name\":\"Istituto Figlie di Maria Ausiliatrice\",\"description\":\"Salesiane di Don Bosco\",\"publisher\":{\"@id\":\"https:\\\/\\\/www.cgfmanet.org\\\/es\\\/#organization\"},\"potentialAction\":[{\"@type\":\"SearchAction\",\"target\":{\"@type\":\"EntryPoint\",\"urlTemplate\":\"https:\\\/\\\/www.cgfmanet.org\\\/es\\\/?s={search_term_string}\"},\"query-input\":{\"@type\":\"PropertyValueSpecification\",\"valueRequired\":true,\"valueName\":\"search_term_string\"}}],\"inLanguage\":\"fr-FR\"},{\"@type\":\"Organization\",\"@id\":\"https:\\\/\\\/www.cgfmanet.org\\\/es\\\/#organization\",\"name\":\"Istituto Figlie di Maria Ausiliatrice\",\"url\":\"https:\\\/\\\/www.cgfmanet.org\\\/es\\\/\",\"logo\":{\"@type\":\"ImageObject\",\"inLanguage\":\"fr-FR\",\"@id\":\"https:\\\/\\\/www.cgfmanet.org\\\/es\\\/#\\\/schema\\\/logo\\\/image\\\/\",\"url\":\"https:\\\/\\\/www.cgfmanet.org\\\/wp-content\\\/uploads\\\/2018\\\/10\\\/logo-fma.png\",\"contentUrl\":\"https:\\\/\\\/www.cgfmanet.org\\\/wp-content\\\/uploads\\\/2018\\\/10\\\/logo-fma.png\",\"width\":214,\"height\":55,\"caption\":\"Istituto Figlie di Maria Ausiliatrice\"},\"image\":{\"@id\":\"https:\\\/\\\/www.cgfmanet.org\\\/es\\\/#\\\/schema\\\/logo\\\/image\\\/\"},\"sameAs\":[\"https:\\\/\\\/www.facebook.com\\\/salesian.sisters.of.don.bosco\\\/\",\"https:\\\/\\\/x.com\\\/Cgfmanet_Org\",\"https:\\\/\\\/www.youtube.com\\\/channel\\\/UCmcr8yFQBV7JXeXVxyV9y5Q\"]},{\"@type\":\"Person\",\"@id\":\"https:\\\/\\\/www.cgfmanet.org\\\/es\\\/#\\\/schema\\\/person\\\/ce6473083f53ef0ef882cca23f0c8fb9\",\"name\":\"Redazione\"}]}<\/script>\n<!-- \/ Yoast SEO plugin. -->","yoast_head_json":{"title":"\u00ab Pour une animation g\u00e9n\u00e9rative \u00bb - S\u00e9minaire CIB &#8226; Istituto Figlie di Maria Ausiliatrice","description":"Du 1er au 6 mars 2024 \u00e0 Cachoeira do Campo (Br\u00e9sil), s'est tenu le s\u00e9minaire intersectoriel \u00ab Pour une animation g\u00e9n\u00e9rative \u00bb dans le cadre de la conf\u00e9rence interprovinciale de la CIB.","robots":{"index":"index","follow":"follow","max-snippet":"max-snippet:-1","max-image-preview":"max-image-preview:large","max-video-preview":"max-video-preview:-1"},"canonical":"https:\/\/www.cgfmanet.org\/fr\/ifma-fr\/pour-une-animation-generative-seminaire-cib\/","og_locale":"fr_FR","og_type":"article","og_title":"\u00ab Pour une animation g\u00e9n\u00e9rative \u00bb - S\u00e9minaire CIB &#8226; Istituto Figlie di Maria Ausiliatrice","og_description":"Du 1er au 6 mars 2024 \u00e0 Cachoeira do Campo (Br\u00e9sil), s'est tenu le s\u00e9minaire intersectoriel \u00ab Pour une animation g\u00e9n\u00e9rative \u00bb dans le cadre de la conf\u00e9rence interprovinciale de la CIB.","og_url":"https:\/\/www.cgfmanet.org\/fr\/ifma-fr\/pour-une-animation-generative-seminaire-cib\/","og_site_name":"Istituto Figlie di Maria Ausiliatrice","article_publisher":"https:\/\/www.facebook.com\/salesian.sisters.of.don.bosco\/","article_published_time":"2024-03-09T15:15:27+00:00","article_modified_time":"2024-03-16T21:55:32+00:00","og_image":[{"width":1181,"height":787,"url":"https:\/\/www.cgfmanet.org\/wp-content\/uploads\/2024\/03\/Seminario-CIB.jpg","type":"image\/jpeg"}],"author":"Redazione","twitter_card":"summary_large_image","twitter_creator":"@Cgfmanet_Org","twitter_site":"@Cgfmanet_Org","twitter_misc":{"\u00c9crit par":"Redazione","Dur\u00e9e de lecture estim\u00e9e":"5 minutes"},"schema":{"@context":"https:\/\/schema.org","@graph":[{"@type":"Article","@id":"https:\/\/www.cgfmanet.org\/fr\/ifma-fr\/pour-une-animation-generative-seminaire-cib\/#article","isPartOf":{"@id":"https:\/\/www.cgfmanet.org\/fr\/ifma-fr\/pour-une-animation-generative-seminaire-cib\/"},"author":{"name":"Redazione","@id":"https:\/\/www.cgfmanet.org\/es\/#\/schema\/person\/ce6473083f53ef0ef882cca23f0c8fb9"},"headline":"\u00ab Pour une animation g\u00e9n\u00e9rative \u00bb &#8211; S\u00e9minaire CIB","datePublished":"2024-03-09T15:15:27+00:00","dateModified":"2024-03-16T21:55:32+00:00","mainEntityOfPage":{"@id":"https:\/\/www.cgfmanet.org\/fr\/ifma-fr\/pour-une-animation-generative-seminaire-cib\/"},"wordCount":1096,"commentCount":0,"publisher":{"@id":"https:\/\/www.cgfmanet.org\/es\/#organization"},"image":{"@id":"https:\/\/www.cgfmanet.org\/fr\/ifma-fr\/pour-une-animation-generative-seminaire-cib\/#primaryimage"},"thumbnailUrl":"https:\/\/www.cgfmanet.org\/wp-content\/uploads\/2024\/03\/Seminario-CIB.jpg","keywords":["Br\u00e9sil","M\u00e8re G\u00e9n\u00e9rale","CIB","Engendrement","Synodalit\u00e9","interambiti","Focus","Consigliere Generali","Madre Chiara Cazzuola"],"articleSection":["IFMA","Congr\u00e8s et S\u00e9minaires"],"inLanguage":"fr-FR","potentialAction":[{"@type":"CommentAction","name":"Comment","target":["https:\/\/www.cgfmanet.org\/fr\/ifma-fr\/pour-une-animation-generative-seminaire-cib\/#respond"]}]},{"@type":"WebPage","@id":"https:\/\/www.cgfmanet.org\/fr\/ifma-fr\/pour-une-animation-generative-seminaire-cib\/","url":"https:\/\/www.cgfmanet.org\/fr\/ifma-fr\/pour-une-animation-generative-seminaire-cib\/","name":"\u00ab Pour une animation g\u00e9n\u00e9rative \u00bb - S\u00e9minaire CIB &#8226; Istituto Figlie di Maria Ausiliatrice","isPartOf":{"@id":"https:\/\/www.cgfmanet.org\/es\/#website"},"primaryImageOfPage":{"@id":"https:\/\/www.cgfmanet.org\/fr\/ifma-fr\/pour-une-animation-generative-seminaire-cib\/#primaryimage"},"image":{"@id":"https:\/\/www.cgfmanet.org\/fr\/ifma-fr\/pour-une-animation-generative-seminaire-cib\/#primaryimage"},"thumbnailUrl":"https:\/\/www.cgfmanet.org\/wp-content\/uploads\/2024\/03\/Seminario-CIB.jpg","datePublished":"2024-03-09T15:15:27+00:00","dateModified":"2024-03-16T21:55:32+00:00","description":"Du 1er au 6 mars 2024 \u00e0 Cachoeira do Campo (Br\u00e9sil), s'est tenu le s\u00e9minaire intersectoriel \u00ab Pour une animation g\u00e9n\u00e9rative \u00bb dans le cadre de la conf\u00e9rence interprovinciale de la CIB.","breadcrumb":{"@id":"https:\/\/www.cgfmanet.org\/fr\/ifma-fr\/pour-une-animation-generative-seminaire-cib\/#breadcrumb"},"inLanguage":"fr-FR","potentialAction":[{"@type":"ReadAction","target":["https:\/\/www.cgfmanet.org\/fr\/ifma-fr\/pour-une-animation-generative-seminaire-cib\/"]}]},{"@type":"ImageObject","inLanguage":"fr-FR","@id":"https:\/\/www.cgfmanet.org\/fr\/ifma-fr\/pour-une-animation-generative-seminaire-cib\/#primaryimage","url":"https:\/\/www.cgfmanet.org\/wp-content\/uploads\/2024\/03\/Seminario-CIB.jpg","contentUrl":"https:\/\/www.cgfmanet.org\/wp-content\/uploads\/2024\/03\/Seminario-CIB.jpg","width":1181,"height":787},{"@type":"BreadcrumbList","@id":"https:\/\/www.cgfmanet.org\/fr\/ifma-fr\/pour-une-animation-generative-seminaire-cib\/#breadcrumb","itemListElement":[{"@type":"ListItem","position":1,"name":"Home","item":"https:\/\/www.cgfmanet.org\/fr\/"},{"@type":"ListItem","position":2,"name":"\u00ab Pour une animation g\u00e9n\u00e9rative \u00bb &#8211; S\u00e9minaire CIB"}]},{"@type":"WebSite","@id":"https:\/\/www.cgfmanet.org\/es\/#website","url":"https:\/\/www.cgfmanet.org\/es\/","name":"Istituto Figlie di Maria Ausiliatrice","description":"Salesiane di Don Bosco","publisher":{"@id":"https:\/\/www.cgfmanet.org\/es\/#organization"},"potentialAction":[{"@type":"SearchAction","target":{"@type":"EntryPoint","urlTemplate":"https:\/\/www.cgfmanet.org\/es\/?s={search_term_string}"},"query-input":{"@type":"PropertyValueSpecification","valueRequired":true,"valueName":"search_term_string"}}],"inLanguage":"fr-FR"},{"@type":"Organization","@id":"https:\/\/www.cgfmanet.org\/es\/#organization","name":"Istituto Figlie di Maria Ausiliatrice","url":"https:\/\/www.cgfmanet.org\/es\/","logo":{"@type":"ImageObject","inLanguage":"fr-FR","@id":"https:\/\/www.cgfmanet.org\/es\/#\/schema\/logo\/image\/","url":"https:\/\/www.cgfmanet.org\/wp-content\/uploads\/2018\/10\/logo-fma.png","contentUrl":"https:\/\/www.cgfmanet.org\/wp-content\/uploads\/2018\/10\/logo-fma.png","width":214,"height":55,"caption":"Istituto Figlie di Maria Ausiliatrice"},"image":{"@id":"https:\/\/www.cgfmanet.org\/es\/#\/schema\/logo\/image\/"},"sameAs":["https:\/\/www.facebook.com\/salesian.sisters.of.don.bosco\/","https:\/\/x.com\/Cgfmanet_Org","https:\/\/www.youtube.com\/channel\/UCmcr8yFQBV7JXeXVxyV9y5Q"]},{"@type":"Person","@id":"https:\/\/www.cgfmanet.org\/es\/#\/schema\/person\/ce6473083f53ef0ef882cca23f0c8fb9","name":"Redazione"}]}},"_links":{"self":[{"href":"https:\/\/www.cgfmanet.org\/fr\/wp-json\/wp\/v2\/posts\/107762","targetHints":{"allow":["GET"]}}],"collection":[{"href":"https:\/\/www.cgfmanet.org\/fr\/wp-json\/wp\/v2\/posts"}],"about":[{"href":"https:\/\/www.cgfmanet.org\/fr\/wp-json\/wp\/v2\/types\/post"}],"author":[{"embeddable":true,"href":"https:\/\/www.cgfmanet.org\/fr\/wp-json\/wp\/v2\/users\/21"}],"replies":[{"embeddable":true,"href":"https:\/\/www.cgfmanet.org\/fr\/wp-json\/wp\/v2\/comments?post=107762"}],"version-history":[{"count":0,"href":"https:\/\/www.cgfmanet.org\/fr\/wp-json\/wp\/v2\/posts\/107762\/revisions"}],"wp:featuredmedia":[{"embeddable":true,"href":"https:\/\/www.cgfmanet.org\/fr\/wp-json\/wp\/v2\/media\/107757"}],"wp:attachment":[{"href":"https:\/\/www.cgfmanet.org\/fr\/wp-json\/wp\/v2\/media?parent=107762"}],"wp:term":[{"taxonomy":"category","embeddable":true,"href":"https:\/\/www.cgfmanet.org\/fr\/wp-json\/wp\/v2\/categories?post=107762"},{"taxonomy":"post_tag","embeddable":true,"href":"https:\/\/www.cgfmanet.org\/fr\/wp-json\/wp\/v2\/tags?post=107762"}],"curies":[{"name":"wp","href":"https:\/\/api.w.org\/{rel}","templated":true}]}}