{"id":107500,"date":"2024-03-03T22:56:46","date_gmt":"2024-03-03T21:56:46","guid":{"rendered":"https:\/\/www.cgfmanet.org\/info-sphere\/5-giovedi-salesiani-auxilium-2023-2024\/"},"modified":"2024-03-09T21:22:10","modified_gmt":"2024-03-09T20:22:10","slug":"5eme-jeudi-salesien-de-lauxilium-2023-2024","status":"publish","type":"post","link":"https:\/\/www.cgfmanet.org\/fr\/ifma-fr\/5eme-jeudi-salesien-de-lauxilium-2023-2024\/","title":{"rendered":"5\u00e8me jeudi sal\u00e9sien de l\u2019Auxilium 2023\/2024"},"content":{"rendered":"<p><strong>Rome (Italie). <\/strong>Le 7 mars 2024 aura lieu le cinqui\u00e8me rendez-vous des <span style=\"color: #0000ff;\"><strong><a style=\"color: #0000ff;\" href=\"https:\/\/www.cgfmanet.org\/fr\/ifma-fr\/les-jeudis-salesiens-a-lauxilium-2023-2024\/\" target=\"_blank\" rel=\"noopener\">Jeudis sal\u00e9siens de l&rsquo;Auxilium<\/a><\/strong><\/span><em>,<\/em> organis\u00e9s par le <span style=\"color: #0000ff;\"><strong><a style=\"color: #0000ff;\" href=\"https:\/\/centrostudifma.pfse-auxilium.org\/it\/\" target=\"_blank\" rel=\"noopener\">Centre d&rsquo;\u00e9tudes<\/a> <\/strong><\/span>sur les Filles de Marie Auxiliatrice de la Facult\u00e9 Pontificale des Sciences de l&rsquo;\u00c9ducation \u00ab Auxilium \u00bb de Rome. Le programme 2023\/2024, en continuit\u00e9 avec les \u00e9tudes approfondies r\u00e9alis\u00e9es pour le 150<sup>\u00e8me<\/sup> anniversaire de l&rsquo;Institut des FMA, a comme th\u00e8me unificateur : <em><strong>Syst\u00e8me pr\u00e9ventif. L&rsquo;\u00e9ducation sal\u00e9sienne hier et aujourd&rsquo;hui.<\/strong><\/em><\/p>\n<p>Le th\u00e8me de la rencontre est\u00a0:<strong> \u00ab S\u0153ur Maria Romero : \u00e9ducatrice, cat\u00e9chiste, promotrice sociale \u00bb.\u00a0 <\/strong>Cette rencontre est anim\u00e9e par S\u0153ur Marianela Fern\u00e1ndez Alfaro, FMA, responsable des Archives de s\u0153ur Maria Romero et coordinatrice acad\u00e9mique du Centre historique S\u0153ur Maria Romero de San Jos\u00e9 de Costa Rica.<\/p>\n<p><strong>Maria Romero (1902-1977)<\/strong>, Fille de Marie Auxiliatrice d&rsquo;Am\u00e9rique Centrale, est pr\u00e9sent\u00e9e comme une \u00e9ducatrice, cat\u00e9chiste et formatrice de cat\u00e9chistes, femme d\u2019innovation qui s&rsquo;est d\u00e9pens\u00e9e g\u00e9n\u00e9reusement pour la promotion des jeunes femmes et des plus pauvres. Anim\u00e9e d&rsquo;une grande sensibilit\u00e9 humaine et d&rsquo;une foi laborieuse et infatigable, elle a fait au cours de sa vie religieuse des choix \u00e9ducatifs courageux en contact avec les besoins locaux, en \u00e9tant attentive aux signes des temps et aux appels de Dieu.<\/p>\n<p>Sans perdre son sens de l&rsquo;ob\u00e9issance et de l&rsquo;humour, en plus de sa mission dans l&rsquo;\u00e9cole, elle est all\u00e9e dans les p\u00e9riph\u00e9ries, aux fronti\u00e8res des plus vuln\u00e9rables, et pas seule, mais en impliquant progressivement les s\u0153urs, les filles, les pr\u00eatres, les la\u00efcs. De cette mani\u00e8re, en suscitant \u00e9galement des \u00ab <em>misioneritas<\/em> \u00bb, des petites missionnaires de l&rsquo;\u00c9vangile de la bont\u00e9 pour apporter la joie et la foi dans les familles pauvres, elle a r\u00e9ussi \u00e0 rapprocher de nombreux \u00e9tudiants du coll\u00e8ge de la r\u00e9alit\u00e9 de la pauvret\u00e9 et de la d\u00e9gradation, si proche et pourtant si lointaine dans la ville m\u00eame de San Jos\u00e9 au Costa Rica.<\/p>\n<p>Dans sa derni\u00e8re \u00e9tape, qui a exig\u00e9 une grande collaboration, Maria Romero a r\u00e9ussi \u00e0 cr\u00e9er une Maison stable pour les \u0153uvres sociales, en tenant compte surtout des \u0153uvres \u00e9ducatives, que le Seigneur et la Vierge lui ont inspir\u00e9es, comme elle l&rsquo;a \u00e9crit. Elle est devenue une v\u00e9ritable g\u00e9n\u00e9ratrice du bien, am\u00e9liorant la condition de nombreuses familles. Plusieurs d\u00e9cennies apr\u00e8s sa mort, la Maison est toujours le centre rayonnant de nombreuses \u0153uvres et initiatives, fond\u00e9es sur la conscience de la dignit\u00e9 de chaque personne.<\/p>\n<p>Comme tout voyage, celui de Maria Romero, bien que parsem\u00e9 de joies et de satisfactions, n&rsquo;a pas \u00e9t\u00e9 facile, soit \u00e0 cause de ses limites personnelles, soit \u00e0 cause des nombreuses souffrances et des obstacles qui se sont dress\u00e9s sur son chemin. Mais sa confiance totale dans le Seigneur et en Marie Auxiliatrice a toujours \u00e9t\u00e9, comme pour saint Jean Bosco et sainte Marie Dominique Mazzarello, sa joie, sa force, sa paix et sa motivation pour aller de l&rsquo;avant avec l&rsquo;enthousiasme sal\u00e9sien.<\/p>\n<p>La vid\u00e9o, r\u00e9alis\u00e9e sur les lieux o\u00f9 Maria Romero a v\u00e9cu et travaill\u00e9, met en \u00e9vidence le lien entre biographie et g\u00e9ographie, micro-histoire locale et irradiation transnationale d&rsquo;un charisme \u00e9ducatif enracin\u00e9 dans le concret des besoins des jeunes.<\/p>\n<p><strong><span style=\"color: #0000ff;\"><a style=\"color: #0000ff;\" href=\"https:\/\/drive.google.com\/drive\/folders\/1_1fAnRHjxmM11NGAGbhlJXFtwYmZU6PS?usp=drive_link\" target=\"_blank\" rel=\"noopener\">Texte en langues<\/a><\/span><\/strong><\/p>\n<p><strong><span style=\"color: #0000ff;\"><a style=\"color: #0000ff;\" href=\"https:\/\/www.youtube.com\/watch?v=tgesldwMSSU\" target=\"_blank\" rel=\"noopener\">Streaming en direct en espagnol<\/a><\/span><\/strong><\/p>\n<div class=\"youtube-embed\" data-video_id=\"\"><iframe title=\"Suor Maria Romero: educatrice, catechista, promotrice sociale | Marianela Fern\u00e1ndez A.\" width=\"696\" height=\"392\" data-src=\"https:\/\/www.youtube.com\/embed\/5tc4_SLPNXc?feature=oembed&#038;enablejsapi=1\" frameborder=\"0\" allow=\"accelerometer; autoplay; clipboard-write; encrypted-media; gyroscope; picture-in-picture; web-share\" allowfullscreen src=\"data:image\/svg+xml;base64,PHN2ZyB3aWR0aD0iMSIgaGVpZ2h0PSIxIiB4bWxucz0iaHR0cDovL3d3dy53My5vcmcvMjAwMC9zdmciPjwvc3ZnPg==\" class=\"lazyload\" data-load-mode=\"1\"><\/iframe><\/div>\n","protected":false},"excerpt":{"rendered":"<p>Rome (Italie). Le 7 mars 2024 aura lieu le cinqui\u00e8me rendez-vous des Jeudis sal\u00e9siens de l&rsquo;Auxilium, organis\u00e9s par le Centre d&rsquo;\u00e9tudes sur les Filles de Marie Auxiliatrice de la Facult\u00e9 [&hellip;]<\/p>\n","protected":false},"author":21,"featured_media":107490,"comment_status":"open","ping_status":"closed","sticky":false,"template":"","format":"standard","meta":{"footnotes":""},"categories":[2402,156],"tags":[1450,1878,1929,1945,1991],"class_list":["post-107500","post","type-post","status-publish","format-standard","has-post-thumbnail","category-150e-institut-fma","category-ifma-fr","tag-saintete-salesienne","tag-auxilium-fr","tag-focus-fr","tag-systeme-preventif-fr","tag-solidarieta-fr"],"yoast_head":"<!-- This site is optimized with the Yoast SEO plugin v27.4 - https:\/\/yoast.com\/product\/yoast-seo-wordpress\/ -->\n<title>5\u00e8me jeudi sal\u00e9sien de l\u2019Auxilium 2023\/2024 &#8226; Istituto Figlie di Maria Ausiliatrice<\/title>\n<meta name=\"description\" content=\"Le 7 mars 2024, dans la 5\u00e8me \u00e9dition des jeudis sal\u00e9siens en ligne \u00e0 l&#039;Auxilium, S\u0153ur Marianela Fern\u00e1ndez pr\u00e9sentera S\u0153ur Maria Romero comme \u00e9ducatrice, cat\u00e9chiste et promotrice sociale.\" \/>\n<meta name=\"robots\" content=\"index, follow, max-snippet:-1, max-image-preview:large, max-video-preview:-1\" \/>\n<link rel=\"canonical\" href=\"https:\/\/www.cgfmanet.org\/fr\/ifma-fr\/5eme-jeudi-salesien-de-lauxilium-2023-2024\/\" \/>\n<meta property=\"og:locale\" content=\"fr_FR\" \/>\n<meta property=\"og:type\" content=\"article\" \/>\n<meta property=\"og:title\" content=\"5\u00e8me jeudi sal\u00e9sien de l\u2019Auxilium 2023\/2024 &#8226; Istituto Figlie di Maria Ausiliatrice\" \/>\n<meta property=\"og:description\" content=\"Le 7 mars 2024, dans la 5\u00e8me \u00e9dition des jeudis sal\u00e9siens en ligne \u00e0 l&#039;Auxilium, S\u0153ur Marianela Fern\u00e1ndez pr\u00e9sentera S\u0153ur Maria Romero comme \u00e9ducatrice, cat\u00e9chiste et promotrice sociale.\" \/>\n<meta property=\"og:url\" content=\"https:\/\/www.cgfmanet.org\/fr\/ifma-fr\/5eme-jeudi-salesien-de-lauxilium-2023-2024\/\" \/>\n<meta property=\"og:site_name\" content=\"Istituto Figlie di Maria Ausiliatrice\" \/>\n<meta property=\"article:publisher\" content=\"https:\/\/www.facebook.com\/salesian.sisters.of.don.bosco\/\" \/>\n<meta property=\"article:published_time\" content=\"2024-03-03T21:56:46+00:00\" \/>\n<meta property=\"article:modified_time\" content=\"2024-03-09T20:22:10+00:00\" \/>\n<meta property=\"og:image\" content=\"https:\/\/www.cgfmanet.org\/wp-content\/uploads\/2024\/03\/GS-2023-2024-marzo_ROMERO_ITA.jpg\" \/>\n\t<meta property=\"og:image:width\" content=\"1200\" \/>\n\t<meta property=\"og:image:height\" content=\"800\" \/>\n\t<meta property=\"og:image:type\" content=\"image\/jpeg\" \/>\n<meta name=\"author\" content=\"Redazione\" \/>\n<meta name=\"twitter:card\" content=\"summary_large_image\" \/>\n<meta name=\"twitter:creator\" content=\"@Cgfmanet_Org\" \/>\n<meta name=\"twitter:site\" content=\"@Cgfmanet_Org\" \/>\n<meta name=\"twitter:label1\" content=\"\u00c9crit par\" \/>\n\t<meta name=\"twitter:data1\" content=\"Redazione\" \/>\n\t<meta name=\"twitter:label2\" content=\"Dur\u00e9e de lecture estim\u00e9e\" \/>\n\t<meta name=\"twitter:data2\" content=\"3 minutes\" \/>\n<script type=\"application\/ld+json\" class=\"yoast-schema-graph\">{\"@context\":\"https:\\\/\\\/schema.org\",\"@graph\":[{\"@type\":\"Article\",\"@id\":\"https:\\\/\\\/www.cgfmanet.org\\\/fr\\\/ifma-fr\\\/5eme-jeudi-salesien-de-lauxilium-2023-2024\\\/#article\",\"isPartOf\":{\"@id\":\"https:\\\/\\\/www.cgfmanet.org\\\/fr\\\/ifma-fr\\\/5eme-jeudi-salesien-de-lauxilium-2023-2024\\\/\"},\"author\":{\"name\":\"Redazione\",\"@id\":\"https:\\\/\\\/www.cgfmanet.org\\\/es\\\/#\\\/schema\\\/person\\\/ce6473083f53ef0ef882cca23f0c8fb9\"},\"headline\":\"5\u00e8me jeudi sal\u00e9sien de l\u2019Auxilium 2023\\\/2024\",\"datePublished\":\"2024-03-03T21:56:46+00:00\",\"dateModified\":\"2024-03-09T20:22:10+00:00\",\"mainEntityOfPage\":{\"@id\":\"https:\\\/\\\/www.cgfmanet.org\\\/fr\\\/ifma-fr\\\/5eme-jeudi-salesien-de-lauxilium-2023-2024\\\/\"},\"wordCount\":595,\"commentCount\":0,\"publisher\":{\"@id\":\"https:\\\/\\\/www.cgfmanet.org\\\/es\\\/#organization\"},\"image\":{\"@id\":\"https:\\\/\\\/www.cgfmanet.org\\\/fr\\\/ifma-fr\\\/5eme-jeudi-salesien-de-lauxilium-2023-2024\\\/#primaryimage\"},\"thumbnailUrl\":\"https:\\\/\\\/www.cgfmanet.org\\\/wp-content\\\/uploads\\\/2024\\\/03\\\/GS-2023-2024-marzo_ROMERO_ITA.jpg\",\"keywords\":[\"Saintet\u00e9 Sal\u00e9sienne\",\"Auxilium\",\"Focus\",\"Syst\u00e8me Pr\u00e9ventif\",\"Solidariet\u00e0\"],\"articleSection\":[\"150e Institut FMA\",\"IFMA\"],\"inLanguage\":\"fr-FR\",\"potentialAction\":[{\"@type\":\"CommentAction\",\"name\":\"Comment\",\"target\":[\"https:\\\/\\\/www.cgfmanet.org\\\/fr\\\/ifma-fr\\\/5eme-jeudi-salesien-de-lauxilium-2023-2024\\\/#respond\"]}]},{\"@type\":\"WebPage\",\"@id\":\"https:\\\/\\\/www.cgfmanet.org\\\/fr\\\/ifma-fr\\\/5eme-jeudi-salesien-de-lauxilium-2023-2024\\\/\",\"url\":\"https:\\\/\\\/www.cgfmanet.org\\\/fr\\\/ifma-fr\\\/5eme-jeudi-salesien-de-lauxilium-2023-2024\\\/\",\"name\":\"5\u00e8me jeudi sal\u00e9sien de l\u2019Auxilium 2023\\\/2024 &#8226; Istituto Figlie di Maria Ausiliatrice\",\"isPartOf\":{\"@id\":\"https:\\\/\\\/www.cgfmanet.org\\\/es\\\/#website\"},\"primaryImageOfPage\":{\"@id\":\"https:\\\/\\\/www.cgfmanet.org\\\/fr\\\/ifma-fr\\\/5eme-jeudi-salesien-de-lauxilium-2023-2024\\\/#primaryimage\"},\"image\":{\"@id\":\"https:\\\/\\\/www.cgfmanet.org\\\/fr\\\/ifma-fr\\\/5eme-jeudi-salesien-de-lauxilium-2023-2024\\\/#primaryimage\"},\"thumbnailUrl\":\"https:\\\/\\\/www.cgfmanet.org\\\/wp-content\\\/uploads\\\/2024\\\/03\\\/GS-2023-2024-marzo_ROMERO_ITA.jpg\",\"datePublished\":\"2024-03-03T21:56:46+00:00\",\"dateModified\":\"2024-03-09T20:22:10+00:00\",\"description\":\"Le 7 mars 2024, dans la 5\u00e8me \u00e9dition des jeudis sal\u00e9siens en ligne \u00e0 l'Auxilium, S\u0153ur Marianela Fern\u00e1ndez pr\u00e9sentera S\u0153ur Maria Romero comme \u00e9ducatrice, cat\u00e9chiste et promotrice sociale.\",\"breadcrumb\":{\"@id\":\"https:\\\/\\\/www.cgfmanet.org\\\/fr\\\/ifma-fr\\\/5eme-jeudi-salesien-de-lauxilium-2023-2024\\\/#breadcrumb\"},\"inLanguage\":\"fr-FR\",\"potentialAction\":[{\"@type\":\"ReadAction\",\"target\":[\"https:\\\/\\\/www.cgfmanet.org\\\/fr\\\/ifma-fr\\\/5eme-jeudi-salesien-de-lauxilium-2023-2024\\\/\"]}]},{\"@type\":\"ImageObject\",\"inLanguage\":\"fr-FR\",\"@id\":\"https:\\\/\\\/www.cgfmanet.org\\\/fr\\\/ifma-fr\\\/5eme-jeudi-salesien-de-lauxilium-2023-2024\\\/#primaryimage\",\"url\":\"https:\\\/\\\/www.cgfmanet.org\\\/wp-content\\\/uploads\\\/2024\\\/03\\\/GS-2023-2024-marzo_ROMERO_ITA.jpg\",\"contentUrl\":\"https:\\\/\\\/www.cgfmanet.org\\\/wp-content\\\/uploads\\\/2024\\\/03\\\/GS-2023-2024-marzo_ROMERO_ITA.jpg\",\"width\":1200,\"height\":800},{\"@type\":\"BreadcrumbList\",\"@id\":\"https:\\\/\\\/www.cgfmanet.org\\\/fr\\\/ifma-fr\\\/5eme-jeudi-salesien-de-lauxilium-2023-2024\\\/#breadcrumb\",\"itemListElement\":[{\"@type\":\"ListItem\",\"position\":1,\"name\":\"Home\",\"item\":\"https:\\\/\\\/www.cgfmanet.org\\\/fr\\\/\"},{\"@type\":\"ListItem\",\"position\":2,\"name\":\"5\u00e8me jeudi sal\u00e9sien de l\u2019Auxilium 2023\\\/2024\"}]},{\"@type\":\"WebSite\",\"@id\":\"https:\\\/\\\/www.cgfmanet.org\\\/es\\\/#website\",\"url\":\"https:\\\/\\\/www.cgfmanet.org\\\/es\\\/\",\"name\":\"Istituto Figlie di Maria Ausiliatrice\",\"description\":\"Salesiane di Don Bosco\",\"publisher\":{\"@id\":\"https:\\\/\\\/www.cgfmanet.org\\\/es\\\/#organization\"},\"potentialAction\":[{\"@type\":\"SearchAction\",\"target\":{\"@type\":\"EntryPoint\",\"urlTemplate\":\"https:\\\/\\\/www.cgfmanet.org\\\/es\\\/?s={search_term_string}\"},\"query-input\":{\"@type\":\"PropertyValueSpecification\",\"valueRequired\":true,\"valueName\":\"search_term_string\"}}],\"inLanguage\":\"fr-FR\"},{\"@type\":\"Organization\",\"@id\":\"https:\\\/\\\/www.cgfmanet.org\\\/es\\\/#organization\",\"name\":\"Istituto Figlie di Maria Ausiliatrice\",\"url\":\"https:\\\/\\\/www.cgfmanet.org\\\/es\\\/\",\"logo\":{\"@type\":\"ImageObject\",\"inLanguage\":\"fr-FR\",\"@id\":\"https:\\\/\\\/www.cgfmanet.org\\\/es\\\/#\\\/schema\\\/logo\\\/image\\\/\",\"url\":\"https:\\\/\\\/www.cgfmanet.org\\\/wp-content\\\/uploads\\\/2018\\\/10\\\/logo-fma.png\",\"contentUrl\":\"https:\\\/\\\/www.cgfmanet.org\\\/wp-content\\\/uploads\\\/2018\\\/10\\\/logo-fma.png\",\"width\":214,\"height\":55,\"caption\":\"Istituto Figlie di Maria Ausiliatrice\"},\"image\":{\"@id\":\"https:\\\/\\\/www.cgfmanet.org\\\/es\\\/#\\\/schema\\\/logo\\\/image\\\/\"},\"sameAs\":[\"https:\\\/\\\/www.facebook.com\\\/salesian.sisters.of.don.bosco\\\/\",\"https:\\\/\\\/x.com\\\/Cgfmanet_Org\",\"https:\\\/\\\/www.youtube.com\\\/channel\\\/UCmcr8yFQBV7JXeXVxyV9y5Q\"]},{\"@type\":\"Person\",\"@id\":\"https:\\\/\\\/www.cgfmanet.org\\\/es\\\/#\\\/schema\\\/person\\\/ce6473083f53ef0ef882cca23f0c8fb9\",\"name\":\"Redazione\"}]}<\/script>\n<!-- \/ Yoast SEO plugin. -->","yoast_head_json":{"title":"5\u00e8me jeudi sal\u00e9sien de l\u2019Auxilium 2023\/2024 &#8226; Istituto Figlie di Maria Ausiliatrice","description":"Le 7 mars 2024, dans la 5\u00e8me \u00e9dition des jeudis sal\u00e9siens en ligne \u00e0 l'Auxilium, S\u0153ur Marianela Fern\u00e1ndez pr\u00e9sentera S\u0153ur Maria Romero comme \u00e9ducatrice, cat\u00e9chiste et promotrice sociale.","robots":{"index":"index","follow":"follow","max-snippet":"max-snippet:-1","max-image-preview":"max-image-preview:large","max-video-preview":"max-video-preview:-1"},"canonical":"https:\/\/www.cgfmanet.org\/fr\/ifma-fr\/5eme-jeudi-salesien-de-lauxilium-2023-2024\/","og_locale":"fr_FR","og_type":"article","og_title":"5\u00e8me jeudi sal\u00e9sien de l\u2019Auxilium 2023\/2024 &#8226; Istituto Figlie di Maria Ausiliatrice","og_description":"Le 7 mars 2024, dans la 5\u00e8me \u00e9dition des jeudis sal\u00e9siens en ligne \u00e0 l'Auxilium, S\u0153ur Marianela Fern\u00e1ndez pr\u00e9sentera S\u0153ur Maria Romero comme \u00e9ducatrice, cat\u00e9chiste et promotrice sociale.","og_url":"https:\/\/www.cgfmanet.org\/fr\/ifma-fr\/5eme-jeudi-salesien-de-lauxilium-2023-2024\/","og_site_name":"Istituto Figlie di Maria Ausiliatrice","article_publisher":"https:\/\/www.facebook.com\/salesian.sisters.of.don.bosco\/","article_published_time":"2024-03-03T21:56:46+00:00","article_modified_time":"2024-03-09T20:22:10+00:00","og_image":[{"width":1200,"height":800,"url":"https:\/\/www.cgfmanet.org\/wp-content\/uploads\/2024\/03\/GS-2023-2024-marzo_ROMERO_ITA.jpg","type":"image\/jpeg"}],"author":"Redazione","twitter_card":"summary_large_image","twitter_creator":"@Cgfmanet_Org","twitter_site":"@Cgfmanet_Org","twitter_misc":{"\u00c9crit par":"Redazione","Dur\u00e9e de lecture estim\u00e9e":"3 minutes"},"schema":{"@context":"https:\/\/schema.org","@graph":[{"@type":"Article","@id":"https:\/\/www.cgfmanet.org\/fr\/ifma-fr\/5eme-jeudi-salesien-de-lauxilium-2023-2024\/#article","isPartOf":{"@id":"https:\/\/www.cgfmanet.org\/fr\/ifma-fr\/5eme-jeudi-salesien-de-lauxilium-2023-2024\/"},"author":{"name":"Redazione","@id":"https:\/\/www.cgfmanet.org\/es\/#\/schema\/person\/ce6473083f53ef0ef882cca23f0c8fb9"},"headline":"5\u00e8me jeudi sal\u00e9sien de l\u2019Auxilium 2023\/2024","datePublished":"2024-03-03T21:56:46+00:00","dateModified":"2024-03-09T20:22:10+00:00","mainEntityOfPage":{"@id":"https:\/\/www.cgfmanet.org\/fr\/ifma-fr\/5eme-jeudi-salesien-de-lauxilium-2023-2024\/"},"wordCount":595,"commentCount":0,"publisher":{"@id":"https:\/\/www.cgfmanet.org\/es\/#organization"},"image":{"@id":"https:\/\/www.cgfmanet.org\/fr\/ifma-fr\/5eme-jeudi-salesien-de-lauxilium-2023-2024\/#primaryimage"},"thumbnailUrl":"https:\/\/www.cgfmanet.org\/wp-content\/uploads\/2024\/03\/GS-2023-2024-marzo_ROMERO_ITA.jpg","keywords":["Saintet\u00e9 Sal\u00e9sienne","Auxilium","Focus","Syst\u00e8me Pr\u00e9ventif","Solidariet\u00e0"],"articleSection":["150e Institut FMA","IFMA"],"inLanguage":"fr-FR","potentialAction":[{"@type":"CommentAction","name":"Comment","target":["https:\/\/www.cgfmanet.org\/fr\/ifma-fr\/5eme-jeudi-salesien-de-lauxilium-2023-2024\/#respond"]}]},{"@type":"WebPage","@id":"https:\/\/www.cgfmanet.org\/fr\/ifma-fr\/5eme-jeudi-salesien-de-lauxilium-2023-2024\/","url":"https:\/\/www.cgfmanet.org\/fr\/ifma-fr\/5eme-jeudi-salesien-de-lauxilium-2023-2024\/","name":"5\u00e8me jeudi sal\u00e9sien de l\u2019Auxilium 2023\/2024 &#8226; Istituto Figlie di Maria Ausiliatrice","isPartOf":{"@id":"https:\/\/www.cgfmanet.org\/es\/#website"},"primaryImageOfPage":{"@id":"https:\/\/www.cgfmanet.org\/fr\/ifma-fr\/5eme-jeudi-salesien-de-lauxilium-2023-2024\/#primaryimage"},"image":{"@id":"https:\/\/www.cgfmanet.org\/fr\/ifma-fr\/5eme-jeudi-salesien-de-lauxilium-2023-2024\/#primaryimage"},"thumbnailUrl":"https:\/\/www.cgfmanet.org\/wp-content\/uploads\/2024\/03\/GS-2023-2024-marzo_ROMERO_ITA.jpg","datePublished":"2024-03-03T21:56:46+00:00","dateModified":"2024-03-09T20:22:10+00:00","description":"Le 7 mars 2024, dans la 5\u00e8me \u00e9dition des jeudis sal\u00e9siens en ligne \u00e0 l'Auxilium, S\u0153ur Marianela Fern\u00e1ndez pr\u00e9sentera S\u0153ur Maria Romero comme \u00e9ducatrice, cat\u00e9chiste et promotrice sociale.","breadcrumb":{"@id":"https:\/\/www.cgfmanet.org\/fr\/ifma-fr\/5eme-jeudi-salesien-de-lauxilium-2023-2024\/#breadcrumb"},"inLanguage":"fr-FR","potentialAction":[{"@type":"ReadAction","target":["https:\/\/www.cgfmanet.org\/fr\/ifma-fr\/5eme-jeudi-salesien-de-lauxilium-2023-2024\/"]}]},{"@type":"ImageObject","inLanguage":"fr-FR","@id":"https:\/\/www.cgfmanet.org\/fr\/ifma-fr\/5eme-jeudi-salesien-de-lauxilium-2023-2024\/#primaryimage","url":"https:\/\/www.cgfmanet.org\/wp-content\/uploads\/2024\/03\/GS-2023-2024-marzo_ROMERO_ITA.jpg","contentUrl":"https:\/\/www.cgfmanet.org\/wp-content\/uploads\/2024\/03\/GS-2023-2024-marzo_ROMERO_ITA.jpg","width":1200,"height":800},{"@type":"BreadcrumbList","@id":"https:\/\/www.cgfmanet.org\/fr\/ifma-fr\/5eme-jeudi-salesien-de-lauxilium-2023-2024\/#breadcrumb","itemListElement":[{"@type":"ListItem","position":1,"name":"Home","item":"https:\/\/www.cgfmanet.org\/fr\/"},{"@type":"ListItem","position":2,"name":"5\u00e8me jeudi sal\u00e9sien de l\u2019Auxilium 2023\/2024"}]},{"@type":"WebSite","@id":"https:\/\/www.cgfmanet.org\/es\/#website","url":"https:\/\/www.cgfmanet.org\/es\/","name":"Istituto Figlie di Maria Ausiliatrice","description":"Salesiane di Don Bosco","publisher":{"@id":"https:\/\/www.cgfmanet.org\/es\/#organization"},"potentialAction":[{"@type":"SearchAction","target":{"@type":"EntryPoint","urlTemplate":"https:\/\/www.cgfmanet.org\/es\/?s={search_term_string}"},"query-input":{"@type":"PropertyValueSpecification","valueRequired":true,"valueName":"search_term_string"}}],"inLanguage":"fr-FR"},{"@type":"Organization","@id":"https:\/\/www.cgfmanet.org\/es\/#organization","name":"Istituto Figlie di Maria Ausiliatrice","url":"https:\/\/www.cgfmanet.org\/es\/","logo":{"@type":"ImageObject","inLanguage":"fr-FR","@id":"https:\/\/www.cgfmanet.org\/es\/#\/schema\/logo\/image\/","url":"https:\/\/www.cgfmanet.org\/wp-content\/uploads\/2018\/10\/logo-fma.png","contentUrl":"https:\/\/www.cgfmanet.org\/wp-content\/uploads\/2018\/10\/logo-fma.png","width":214,"height":55,"caption":"Istituto Figlie di Maria Ausiliatrice"},"image":{"@id":"https:\/\/www.cgfmanet.org\/es\/#\/schema\/logo\/image\/"},"sameAs":["https:\/\/www.facebook.com\/salesian.sisters.of.don.bosco\/","https:\/\/x.com\/Cgfmanet_Org","https:\/\/www.youtube.com\/channel\/UCmcr8yFQBV7JXeXVxyV9y5Q"]},{"@type":"Person","@id":"https:\/\/www.cgfmanet.org\/es\/#\/schema\/person\/ce6473083f53ef0ef882cca23f0c8fb9","name":"Redazione"}]}},"_links":{"self":[{"href":"https:\/\/www.cgfmanet.org\/fr\/wp-json\/wp\/v2\/posts\/107500","targetHints":{"allow":["GET"]}}],"collection":[{"href":"https:\/\/www.cgfmanet.org\/fr\/wp-json\/wp\/v2\/posts"}],"about":[{"href":"https:\/\/www.cgfmanet.org\/fr\/wp-json\/wp\/v2\/types\/post"}],"author":[{"embeddable":true,"href":"https:\/\/www.cgfmanet.org\/fr\/wp-json\/wp\/v2\/users\/21"}],"replies":[{"embeddable":true,"href":"https:\/\/www.cgfmanet.org\/fr\/wp-json\/wp\/v2\/comments?post=107500"}],"version-history":[{"count":0,"href":"https:\/\/www.cgfmanet.org\/fr\/wp-json\/wp\/v2\/posts\/107500\/revisions"}],"wp:featuredmedia":[{"embeddable":true,"href":"https:\/\/www.cgfmanet.org\/fr\/wp-json\/wp\/v2\/media\/107490"}],"wp:attachment":[{"href":"https:\/\/www.cgfmanet.org\/fr\/wp-json\/wp\/v2\/media?parent=107500"}],"wp:term":[{"taxonomy":"category","embeddable":true,"href":"https:\/\/www.cgfmanet.org\/fr\/wp-json\/wp\/v2\/categories?post=107500"},{"taxonomy":"post_tag","embeddable":true,"href":"https:\/\/www.cgfmanet.org\/fr\/wp-json\/wp\/v2\/tags?post=107500"}],"curies":[{"name":"wp","href":"https:\/\/api.w.org\/{rel}","templated":true}]}}