{"id":30696,"global_id":"www.cgfmanet.org\/fr\/?id=30696","global_id_lineage":["www.cgfmanet.org\/fr\/?id=30696"],"author":"21","status":"publish","date":"2020-09-17 10:05:32","date_utc":"2020-09-17 08:05:32","modified":"2020-10-02 10:14:07","modified_utc":"2020-10-02 08:14:07","url":"https:\/\/www.cgfmanet.org\/fr\/event\/sr-alaide-deretti-tient-une-rencontre-de-formation-avec-toutes-les-communautes-fma-de-rio-di-janeiro-au-bresil-sur-le-theme-de-la-synodalite\/","rest_url":"https:\/\/www.cgfmanet.org\/fr\/wp-json\/tribe\/events\/v1\/events\/30696","title":"Sr. Alaide Deretti tient une rencontre de formation avec toutes les communaut\u00e9s FMA de Rio di Janeiro au Br\u00e9sil, sur le th\u00e8me de la \u00ab\u00a0synodalit\u00e9\u201d.","description":"","excerpt":"","slug":"sr-alaide-deretti-tient-une-rencontre-de-formation-avec-toutes-les-communautes-fma-de-rio-di-janeiro-au-bresil-sur-le-theme-de-la-synodalite","image":false,"all_day":true,"start_date":"2020-09-12 00:00:00","start_date_details":{"year":"2020","month":"09","day":"12","hour":"00","minutes":"00","seconds":"00"},"end_date":"2020-09-12 23:59:59","end_date_details":{"year":"2020","month":"09","day":"12","hour":"23","minutes":"59","seconds":"59"},"utc_start_date":"2020-09-11 22:00:00","utc_start_date_details":{"year":"2020","month":"09","day":"11","hour":"22","minutes":"00","seconds":"00"},"utc_end_date":"2020-09-12 21:59:59","utc_end_date_details":{"year":"2020","month":"09","day":"12","hour":"21","minutes":"59","seconds":"59"},"timezone":"Europe\/Rome","timezone_abbr":"CEST","cost":"","cost_details":{"currency_symbol":"","currency_code":"","currency_position":"prefix","values":[]},"website":"","show_map":true,"show_map_link":true,"hide_from_listings":false,"sticky":false,"featured":false,"categories":[{"name":"Conseill\u00e8re pour les Missions","slug":"conseillere-pour-les-missions","term_group":0,"term_taxonomy_id":521,"taxonomy":"tribe_events_cat","description":"","parent":1716,"count":119,"filter":"raw","term_order":"0","id":521,"urls":{"self":"https:\/\/www.cgfmanet.org\/fr\/wp-json\/tribe\/events\/v1\/categories\/521","collection":"https:\/\/www.cgfmanet.org\/fr\/wp-json\/tribe\/events\/v1\/categories","up":"https:\/\/www.cgfmanet.org\/fr\/wp-json\/tribe\/events\/v1\/categories\/1716"}},{"name":"Programme","slug":"programme","term_group":0,"term_taxonomy_id":1716,"taxonomy":"tribe_events_cat","description":"","parent":0,"count":1761,"filter":"raw","term_order":"0","id":1716,"urls":{"self":"https:\/\/www.cgfmanet.org\/fr\/wp-json\/tribe\/events\/v1\/categories\/1716","collection":"https:\/\/www.cgfmanet.org\/fr\/wp-json\/tribe\/events\/v1\/categories"}}],"tags":[],"venue":[],"organizer":[],"custom_fields":[],"json_ld":{"@context":"http:\/\/schema.org","@type":"Event","name":"Sr. Alaide Deretti tient une rencontre de formation avec toutes les communaut\u00e9s FMA de Rio di Janeiro au Br\u00e9sil, sur le th\u00e8me de la \u00ab\u00a0synodalit\u00e9\u201d.","description":"","url":"https:\/\/www.cgfmanet.org\/fr\/event\/sr-alaide-deretti-tient-une-rencontre-de-formation-avec-toutes-les-communautes-fma-de-rio-di-janeiro-au-bresil-sur-le-theme-de-la-synodalite\/","eventAttendanceMode":"https:\/\/schema.org\/OfflineEventAttendanceMode","eventStatus":"https:\/\/schema.org\/EventScheduled","startDate":"2020-09-12T00:00:00+02:00","endDate":"2020-09-12T23:59:59+02:00","performer":"Organization"},"is_virtual":false,"virtual_url":null,"virtual_video_source":""}