{"id":97187,"date":"2023-10-03T17:58:55","date_gmt":"2023-10-03T15:58:55","guid":{"rendered":"https:\/\/www.cgfmanet.org\/infoesfera\/festa-salesiana-per-il-cardinale-angel-fernandez-artime\/"},"modified":"2023-10-07T22:29:56","modified_gmt":"2023-10-07T20:29:56","slug":"celebracion-salesiana-al-cardenal-angel-fernandez-artime","status":"publish","type":"post","link":"https:\/\/www.cgfmanet.org\/es\/infoesfera\/iglesia\/celebracion-salesiana-al-cardenal-angel-fernandez-artime\/","title":{"rendered":"Celebraci\u00f3n salesiana al Cardenal \u00c1ngel Fern\u00e1ndez Artime"},"content":{"rendered":"<p><strong>Roma (Italia). <\/strong>El 30 de septiembre en Roma, en la Plaza de San Pedro, durante el Consistorio P\u00fablico Ordinario, el Papa Francisco cre\u00f3 21 nuevos Cardenales, entre ellos el Rector Mayor de los Salesianos de Don Bosco, Don \u00c1ngel Fern\u00e1ndez Artime. (<span style=\"color: #0000ff;\"><strong><a style=\"color: #0000ff;\" href=\"https:\/\/www.youtube.com\/watch?v=Igxd236qU08\" target=\"_blank\" rel=\"noopener\">V\u00eddeo<\/a><\/strong><\/span>)<\/p>\n<p>En este d\u00eda de celebraci\u00f3n y de gran alegr\u00eda para la Iglesia y para toda la Familia Salesiana, entre los aproximadamente 12 mil fieles, estuvieron presentes en la Plaza numerosas Hijas de Mar\u00eda Auxiliadora, entre ellas la Vicaria General, Sor Mar\u00eda del Rosario Garc\u00eda Ribas y algunas Consejeras generales, la Madre em\u00e9rita, Sor Yvonne Reungoat, la Vicaria inspectorial y una representante de la Inspector\u00eda <em>Mar\u00eda Auxiliadora <\/em>(SPA), la Vicepresidenta de la Confederaci\u00f3n Mundial Mornese de Exalumnas FMA y numerosas Exalumnas, diversos representantes de los Grupos FS, j\u00f3venes, peregrinos de Espa\u00f1a y del mundo.<\/p>\n<p>En el discurso de homenaje y gratitud, uno de los nuevos cardenales se dirigi\u00f3 al Santo Padre de la siguiente manera: <em>\u00abTe damos gracias porque la elecci\u00f3n que has hecho nos permite estar cada vez m\u00e1s al servicio de la misi\u00f3n de anunciar con alegr\u00eda el mensaje del Evangelio. (\u2026) Santo Padre, usted ha querido celebrar este consistorio p\u00fablico antes de inaugurar el S\u00ednodo sobre la sinodalidad. Estar en una Iglesia sinodal que sabe escuchar a todos es el camino no s\u00f3lo para vivir personalmente la fe, sino tambi\u00e9n para crecer en la verdadera fraternidad cristiana\u00bb.<\/em><\/p>\n<p>El Papa Francisco, comentando la lectura del pasaje de Pentecost\u00e9s de los Hechos de los Ap\u00f3stoles, dijo:<\/p>\n<p><em>\u201cPentecost\u00e9s \u2013 como el Bautismo de cada uno de nosotros\u2013 no es un hecho del pasado, es un acto creativo que Dios renueva continuamente. La Iglesia -y cada uno de sus miembros- vive de este misterio siempre presente. La Iglesia, y todo bautizado, vive en el hoy de Dios, por la acci\u00f3n del Esp\u00edritu Santo. Incluso el acto que estamos realizando aqu\u00ed ahora tiene sentido si lo vivimos en esta perspectiva de fe. Y hoy, a la luz de la Palabra, podemos captar esta realidad: vosotros, nuevos Cardenales, hab\u00e9is venido de diferentes partes del mundo y el mismo Esp\u00edritu que fecund\u00f3 la evangelizaci\u00f3n de vuestros pueblos renueva ahora en vosotros vuestra vocaci\u00f3n y misi\u00f3n en la Iglesia y para la iglesia\u00bb.<\/em><\/p>\n<p>Despu\u00e9s expres\u00f3 su mensaje a los nuevos Cardenales con una imagen: <em>\u201cel Colegio Cardenalicio est\u00e1 llamado a asemejarse a una orquesta sinf\u00f3nica, que representa la sinfon\u00eda y la sinodalidad de la Iglesia. Digo tambi\u00e9n &#8216;sinodalidad&#8217;, no s\u00f3lo porque estamos en v\u00edsperas de la primera Asamblea del S\u00ednodo que tiene precisamente este tema, sino porque me parece que la met\u00e1fora de la orquesta puede iluminar bien el car\u00e1cter sinodal de la Iglesia\u00bb. <\/em>Una sinfon\u00eda en la que cada instrumento, en su necesaria e indispensable diversidad, <em>\u00abda su contribuci\u00f3n, a veces solo, a veces combinado con otro, a veces con todo el conjunto\u00bb, <\/em>en la que todos deben, sin embargo, <em>\u00abcontribuir al dise\u00f1o com\u00fan\u00bb. Y por eso la escucha mutua es fundamental\u00bb.<\/em><\/p>\n<p>Posteriormente, el Pont\u00edfice pronunci\u00f3 la f\u00f3rmula oficial para la creaci\u00f3n de los 21 nuevos Cardenales y hubo gran emoci\u00f3n al ver acercarse y arrodillarse ante \u00e9l a don \u00c1ngel Fern\u00e1ndez Artime, para la imposici\u00f3n de solidera, birreta y anillo cardenalicio, con la asignaci\u00f3n de la Diacon\u00eda de la iglesia salesiana de <em>Santa Mar\u00eda Auxiliadora <\/em>en Via Tuscolana en Roma.<\/p>\n<p><strong><a href=\"https:\/\/www.cgfmanet.org\/wp-content\/uploads\/2023\/10\/stemma-Card-Artime.jpg\"><img decoding=\"async\" class=\"alignleft wp-image-97163 lazyload\" data-src=\"https:\/\/www.cgfmanet.org\/wp-content\/uploads\/2023\/10\/stemma-Card-Artime.jpg\" alt=\"\" width=\"350\" height=\"349\" data-srcset=\"https:\/\/www.cgfmanet.org\/wp-content\/uploads\/2023\/10\/stemma-Card-Artime.jpg 655w, https:\/\/www.cgfmanet.org\/wp-content\/uploads\/2023\/10\/stemma-Card-Artime-421x420.jpg 421w\" data-sizes=\"auto\" src=\"data:image\/svg+xml;base64,PHN2ZyB3aWR0aD0iMSIgaGVpZ2h0PSIxIiB4bWxucz0iaHR0cDovL3d3dy53My5vcmcvMjAwMC9zdmciPjwvc3ZnPg==\" style=\"--smush-placeholder-width: 350px; --smush-placeholder-aspect-ratio: 350\/349;\" data-original-sizes=\"(max-width: 350px) 100vw, 350px\" \/><\/a><\/strong><strong>\u201cBasta tibi gratia mea\u201d <\/strong>(Te basta mi gracia, 2 Cor 12,9), es el lema elegido por don \u00c1ngel. En el escudo, dentro del escudo central, se reconocen los s\u00edmbolos salesianos: la figura de Jes\u00fas Buen Pastor, inspirador de la espiritualidad salesiana; el monograma MA, coronado por una corona, en homenaje a Mar\u00eda Auxiliadora; el ancla, presente tambi\u00e9n en el escudo de la Congregaci\u00f3n, s\u00edmbolo de la virtud teologal de la esperanza, as\u00ed como de sus or\u00edgenes como hijo de un pescador del mar de Espa\u00f1a. (ver <strong><a href=\"https:\/\/www.infoans.org\/sezioni\/notizie\/item\/19078-rmg-lo-stemma-e-il-motto-del-cardinale-angel-fernandez-artime\" target=\"_blank\" rel=\"noopener\"><span style=\"color: #0000ff;\">infoANS<\/span><\/a><\/strong>)<\/p>\n<p><strong>El domingo 1 de octubre, en la Bas\u00edlica Salesiana del Sagrado Coraz\u00f3n de Roma, celebr\u00f3 su primera Misa como Cardenal, <\/strong>concelebrada por un nutrido grupo de hermanos, cuatro Obispos, numerosos Inspectores y Superiores salesianos de todo el mundo, del Rector Mayor Em\u00e9rito, Don Pascual Ch\u00e1vez Villanueva, miembros del Consejo General. Estuvo rodeado de familiares, representantes de diversos grupos de la Familia Salesiana, entre ellos numerosas Hijas de Mar\u00eda Auxiliadora, embajadores, autoridades militares y civiles, peregrinos de Luanco, Espa\u00f1a, su pa\u00eds natal, j\u00f3venes y simpatizantes de la obra salesiana. (<strong><a href=\"https:\/\/www.youtube.com\/watch?v=tZG9xVF2qzA\" target=\"_blank\" rel=\"noopener\"><span style=\"color: #0000ff;\">V\u00eddeo<\/span><\/a><\/strong>)<\/p>\n<p>En el saludo introductorio a Su Eminencia, Don Stefano Martoglio, Vicario del Rector Mayor, enumer\u00f3 tres cosas <em>\u201cque nos dicen que lo que experimentamos es m\u00e1s grande que nosotros: <\/em><strong><em>el asombro <\/em><\/strong><em>de la acci\u00f3n de Dios, imprevista e impredecible. (\u2026) Este es un signo espl\u00e9ndido de la bondad de Dios para ti como persona, y en ti, y para ti, tambi\u00e9n para la Congregaci\u00f3n y la Familia Salesiana. Nuestra emoci\u00f3n, nuestro afecto se alimenta del asombro ante la acci\u00f3n de Dios\u00bb.<\/em><\/p>\n<p>La segunda es la <strong>\u00abcreaci\u00f3n a Cardenal\u00bb<\/strong>: <em>\u00abEs una nueva p\u00e1gina de la vida, que el Se\u00f1or te pide a trav\u00e9s del Santo Padre, que hoy celebramos con alegr\u00eda y afecto, que comienza aqu\u00ed y que te llevar\u00e1 a donde el Se\u00f1or querr\u00e1. Esta creaci\u00f3n te pide renunciar a muchas cosas, pero te llena de la presencia de Dios, para que en este don y servicio, con tu humanidad profunda y aut\u00e9ntica, puedas llevar siempre el gran sentido de la Iglesia, de su universalidad, de amor al Papa, a los pobres y de la centralidad de la educaci\u00f3n\u00bb.<\/em><\/p>\n<p>El tercer sentimiento es <strong>la confianza:<\/strong> <em>\u201cMe atrevo a comparar esta Misa con la de Don Bosco en este altar. Y este enfoque es confianza: en tu persona, en lo que eres para cada uno de nosotros y en lo que ser\u00e1s, en lo que Dios es en tu vida, que te pide y te pedir\u00e1. La confianza que es la centralidad de la presencia de Dios, tu lema&#8230; Que la Palabra de Cristo te sostenga, &#8216;S\u00edgueme&#8217;, y no te preocupes por lo dem\u00e1s\u201d.<\/em><\/p>\n<p>En la homil\u00eda, el Cardenal Artime, despu\u00e9s de agradecer a la familia por su participaci\u00f3n, comenz\u00f3 diciendo: <em>\u201cDios ama las sorpresas\u201d <\/em>y continu\u00f3 <em>\u201cel camino se revelar\u00e1 para todos nosotros. Una cosa importante hemos aprendido de la vida de Don Bosco que dijo: &#8216;Nada nos turbe y confiemos en la Providencia de Dios&#8217;\u201d.<\/em><\/p>\n<p>Despu\u00e9s record\u00f3 un episodio de la vida del Santo Fundador: la ordenaci\u00f3n episcopal de Giovanni Cagliero, uno de sus muchachos, el primer Obispo salesiano, descrito como <em>\u00abuno de los d\u00edas m\u00e1s hermosos de la vida de Don Bosco\u00bb,<\/em> en el que <em>dijo:<\/em> <em>\u00abSiempre veo m\u00e1s el futuro glorioso que le espera a nuestra sociedad, la extensi\u00f3n que tendr\u00e1 y el bien que podr\u00e1 realizar\u00bb<\/em>.<\/p>\n<p>Comentando la Palabra de Dios, en particular la Carta a los Filipenses (Fil 2, 1-11), se expres\u00f3 as\u00ed: <em>\u00abCu\u00e1n dif\u00edcil es la palabra de San Pablo: quien quiera ser verdaderamente superior debe ser el primero en servir\u00bb.\u00a0 <\/em>Hablando de humildad dijo: <em>\u201cCreo firmemente que una de nuestras humildes contribuciones como hijos de Don Bosco a la Iglesia es seguir testimoniando que queremos vivir con sencillez, con humildad junto a todos. Har\u00e9 todo lo que pueda para vivirlo con sencillez\u00bb.<\/em><\/p>\n<p>Continu\u00f3 diciendo: <em>\u00abNuestro servicio &#8211; como Pastores de la Iglesia y tambi\u00e9n como Cardenales &#8211; no es un honor, es ante todo un servicio de comuni\u00f3n con el Papa. Don Bosco nos ense\u00f1\u00f3 a decir siempre &#8216;Viva el Papa&#8217;. Nosotros la Familia Salesiana y los Salesianos en el mundo estamos y estaremos siempre con el Papa. (\u2026) Y creo que es un gran segundo aporte que debemos dar a la Iglesia. (\u2026) Servicio al Papa, a la Iglesia y a la gente\u00bb.<\/em><\/p>\n<p>Recordando finalmente la importancia de la presencia de Mar\u00eda en los episodios fundamentales de la vida de Don Bosco y la frase del sue\u00f1o de los nueve a\u00f1os &#8211; \u00aba su tiempo todo lo entender\u00e1s\u00bb &#8211; que le fue revelada \u00edntegramente precisamente durante la celebraci\u00f3n en la altar de Mar\u00eda Auxiliadora de esta iglesia el 17 de mayo de 1887, siete meses antes de su muerte, finaliz\u00f3 con estas palabras: \u201c <em>Vivo una realidad que no comprendo, pero me encomiendo al Se\u00f1or y a Nuestra Se\u00f1ora, y seguro que nos ayudar\u00e1n a comprender lo que estamos viviendo. Invito a todos a ponernos en manos del Se\u00f1or y de su Madre\u00bb.<\/em><\/p>\n<p>La ma\u00f1ana de celebraci\u00f3n concluy\u00f3 con fotos de grupo y un encuentro sencillo y espont\u00e1neo con el nuevo cardenal salesiano, acompa\u00f1ado de los cantos alegres de los j\u00f3venes del coro.<\/p>\n\r\n                <style type=\"text\/css\">\r\n                    \r\n                    #tdi_1  .td-doubleSlider-2 .td-item1 {\r\n                        background: url(https:\/\/www.cgfmanet.org\/wp-content\/uploads\/2023\/10\/Card-Artime-10-80x60.jpg) 0 0 no-repeat;\r\n                    }\r\n                    #tdi_1  .td-doubleSlider-2 .td-item2 {\r\n                        background: url(https:\/\/www.cgfmanet.org\/wp-content\/uploads\/2023\/10\/Card-Artime-2-80x60.jpg) 0 0 no-repeat;\r\n                    }\r\n                    #tdi_1  .td-doubleSlider-2 .td-item3 {\r\n                        background: url(https:\/\/www.cgfmanet.org\/wp-content\/uploads\/2023\/10\/Card-Artime-3-80x60.jpg) 0 0 no-repeat;\r\n                    }\r\n                    #tdi_1  .td-doubleSlider-2 .td-item4 {\r\n                        background: url(https:\/\/www.cgfmanet.org\/wp-content\/uploads\/2023\/10\/Card-Artime-9-80x60.jpg) 0 0 no-repeat;\r\n                    }\r\n                    #tdi_1  .td-doubleSlider-2 .td-item5 {\r\n                        background: url(https:\/\/www.cgfmanet.org\/wp-content\/uploads\/2023\/10\/Card-Artime-4-80x60.jpg) 0 0 no-repeat;\r\n                    }\r\n                    #tdi_1  .td-doubleSlider-2 .td-item6 {\r\n                        background: url(https:\/\/www.cgfmanet.org\/wp-content\/uploads\/2023\/10\/Card-Artime-7-80x60.jpg) 0 0 no-repeat;\r\n                    }\r\n                    #tdi_1  .td-doubleSlider-2 .td-item7 {\r\n                        background: url(https:\/\/www.cgfmanet.org\/wp-content\/uploads\/2023\/10\/Card-Artime-6-80x60.jpg) 0 0 no-repeat;\r\n                    }\r\n                    #tdi_1  .td-doubleSlider-2 .td-item8 {\r\n                        background: url(https:\/\/www.cgfmanet.org\/wp-content\/uploads\/2023\/10\/Card-Artime-5-80x60.jpg) 0 0 no-repeat;\r\n                    }\r\n                    #tdi_1  .td-doubleSlider-2 .td-item9 {\r\n                        background: url(https:\/\/www.cgfmanet.org\/wp-content\/uploads\/2023\/10\/Card-Artime-11-80x60.jpg) 0 0 no-repeat;\r\n                    }\r\n                    #tdi_1  .td-doubleSlider-2 .td-item10 {\r\n                        background: url(https:\/\/www.cgfmanet.org\/wp-content\/uploads\/2023\/10\/Card-Artime-17-80x60.jpg) 0 0 no-repeat;\r\n                    }\r\n                    #tdi_1  .td-doubleSlider-2 .td-item11 {\r\n                        background: url(https:\/\/www.cgfmanet.org\/wp-content\/uploads\/2023\/10\/Card-Artime-8-80x60.jpg) 0 0 no-repeat;\r\n                    }\r\n                    #tdi_1  .td-doubleSlider-2 .td-item12 {\r\n                        background: url(https:\/\/www.cgfmanet.org\/wp-content\/uploads\/2023\/10\/Card-Artime-30-80x60.jpg) 0 0 no-repeat;\r\n                    }\r\n                    #tdi_1  .td-doubleSlider-2 .td-item13 {\r\n                        background: url(https:\/\/www.cgfmanet.org\/wp-content\/uploads\/2023\/10\/Card-Artime-12-80x60.jpg) 0 0 no-repeat;\r\n                    }\r\n                    #tdi_1  .td-doubleSlider-2 .td-item14 {\r\n                        background: url(https:\/\/www.cgfmanet.org\/wp-content\/uploads\/2023\/10\/Card-Artime-13-80x60.jpg) 0 0 no-repeat;\r\n                    }\r\n                    #tdi_1  .td-doubleSlider-2 .td-item15 {\r\n                        background: url(https:\/\/www.cgfmanet.org\/wp-content\/uploads\/2023\/10\/Card-Artime-14-80x60.jpg) 0 0 no-repeat;\r\n                    }\r\n                    #tdi_1  .td-doubleSlider-2 .td-item16 {\r\n                        background: url(https:\/\/www.cgfmanet.org\/wp-content\/uploads\/2023\/10\/Card-Artime-15-80x60.jpg) 0 0 no-repeat;\r\n                    }\r\n                    #tdi_1  .td-doubleSlider-2 .td-item17 {\r\n                        background: url(https:\/\/www.cgfmanet.org\/wp-content\/uploads\/2023\/10\/Card-Artime-16-80x60.jpg) 0 0 no-repeat;\r\n                    }\r\n                <\/style>\r\n\r\n                <div id=\"tdi_1\" class=\"td-gallery td-slide-on-2-columns\">\r\n                    <div class=\"post_td_gallery\">\r\n                        <div class=\"td-gallery-slide-top\">\r\n                           <div class=\"td-gallery-title\"><\/div>\r\n\r\n                            <div class=\"td-gallery-controls-wrapper\">\r\n                                <div class=\"td-gallery-slide-count\"><span class=\"td-gallery-slide-item-focus\">1<\/span> de 17<\/div>\r\n                                <div class=\"td-gallery-slide-prev-next-but\">\r\n                                    <i class = \"td-icon-left doubleSliderPrevButton\"><\/i>\r\n                                    <i class = \"td-icon-right doubleSliderNextButton\"><\/i>\r\n                                <\/div>\r\n                            <\/div>\r\n                        <\/div>\r\n\r\n                        <div class = \"td-doubleSlider-1 \">\r\n                            <div class = \"td-slider\">\r\n                                \r\n                    <div class = \"td-slide-item td-item1\">\r\n                        <figure class=\"td-slide-galery-figure td-slide-popup-gallery\">\r\n                            <a class=\"slide-gallery-image-link\" href=\"https:\/\/www.cgfmanet.org\/wp-content\/uploads\/2023\/10\/Card-Artime-10.jpg\" title=\"Card Artime 10\"  data-caption=\"\"  data-description=\"\">\r\n                                <img decoding=\"async\" data-src=\"https:\/\/www.cgfmanet.org\/wp-content\/uploads\/2023\/10\/Card-Artime-10-630x420.jpg\" data-srcset=\"https:\/\/www.cgfmanet.org\/wp-content\/uploads\/2023\/10\/Card-Artime-10-630x420.jpg 630w, https:\/\/www.cgfmanet.org\/wp-content\/uploads\/2023\/10\/Card-Artime-10-768x512.jpg 768w, https:\/\/www.cgfmanet.org\/wp-content\/uploads\/2023\/10\/Card-Artime-10-696x464.jpg 696w, https:\/\/www.cgfmanet.org\/wp-content\/uploads\/2023\/10\/Card-Artime-10.jpg 1181w\" data-sizes=\"auto\" alt=\"\" src=\"data:image\/svg+xml;base64,PHN2ZyB3aWR0aD0iMSIgaGVpZ2h0PSIxIiB4bWxucz0iaHR0cDovL3d3dy53My5vcmcvMjAwMC9zdmciPjwvc3ZnPg==\" class=\"lazyload\" style=\"--smush-placeholder-width: 630px; --smush-placeholder-aspect-ratio: 630\/420;\" data-original-sizes=\"(max-width: 630px) 100vw, 630px\">\r\n                            <\/a>\r\n                            \r\n                        <\/figure>\r\n                    <\/div>\r\n                    <div class = \"td-slide-item td-item2\">\r\n                        <figure class=\"td-slide-galery-figure td-slide-popup-gallery\">\r\n                            <a class=\"slide-gallery-image-link\" href=\"https:\/\/www.cgfmanet.org\/wp-content\/uploads\/2023\/10\/Card-Artime-2.jpg\" title=\"Card Artime 2\"  data-caption=\"\"  data-description=\"\">\r\n                                <img decoding=\"async\" data-src=\"https:\/\/www.cgfmanet.org\/wp-content\/uploads\/2023\/10\/Card-Artime-2-631x420.jpg\" data-srcset=\"https:\/\/www.cgfmanet.org\/wp-content\/uploads\/2023\/10\/Card-Artime-2-631x420.jpg 631w, https:\/\/www.cgfmanet.org\/wp-content\/uploads\/2023\/10\/Card-Artime-2-768x512.jpg 768w, https:\/\/www.cgfmanet.org\/wp-content\/uploads\/2023\/10\/Card-Artime-2-696x464.jpg 696w, https:\/\/www.cgfmanet.org\/wp-content\/uploads\/2023\/10\/Card-Artime-2.jpg 1024w\" data-sizes=\"auto\" alt=\"\" src=\"data:image\/svg+xml;base64,PHN2ZyB3aWR0aD0iMSIgaGVpZ2h0PSIxIiB4bWxucz0iaHR0cDovL3d3dy53My5vcmcvMjAwMC9zdmciPjwvc3ZnPg==\" class=\"lazyload\" style=\"--smush-placeholder-width: 631px; --smush-placeholder-aspect-ratio: 631\/420;\" data-original-sizes=\"(max-width: 631px) 100vw, 631px\">\r\n                            <\/a>\r\n                            \r\n                        <\/figure>\r\n                    <\/div>\r\n                    <div class = \"td-slide-item td-item3\">\r\n                        <figure class=\"td-slide-galery-figure td-slide-popup-gallery\">\r\n                            <a class=\"slide-gallery-image-link\" href=\"https:\/\/www.cgfmanet.org\/wp-content\/uploads\/2023\/10\/Card-Artime-3.jpg\" title=\"Card Artime 3\"  data-caption=\"\"  data-description=\"\">\r\n                                <img decoding=\"async\" data-src=\"https:\/\/www.cgfmanet.org\/wp-content\/uploads\/2023\/10\/Card-Artime-3-596x420.jpg\" data-srcset=\"https:\/\/www.cgfmanet.org\/wp-content\/uploads\/2023\/10\/Card-Artime-3-596x420.jpg 596w, https:\/\/www.cgfmanet.org\/wp-content\/uploads\/2023\/10\/Card-Artime-3-768x542.jpg 768w, https:\/\/www.cgfmanet.org\/wp-content\/uploads\/2023\/10\/Card-Artime-3-696x491.jpg 696w, https:\/\/www.cgfmanet.org\/wp-content\/uploads\/2023\/10\/Card-Artime-3-100x70.jpg 100w, https:\/\/www.cgfmanet.org\/wp-content\/uploads\/2023\/10\/Card-Artime-3.jpg 1024w\" data-sizes=\"auto\" alt=\"\" src=\"data:image\/svg+xml;base64,PHN2ZyB3aWR0aD0iMSIgaGVpZ2h0PSIxIiB4bWxucz0iaHR0cDovL3d3dy53My5vcmcvMjAwMC9zdmciPjwvc3ZnPg==\" class=\"lazyload\" style=\"--smush-placeholder-width: 596px; --smush-placeholder-aspect-ratio: 596\/420;\" data-original-sizes=\"(max-width: 596px) 100vw, 596px\">\r\n                            <\/a>\r\n                            \r\n                        <\/figure>\r\n                    <\/div>\r\n                    <div class = \"td-slide-item td-item4\">\r\n                        <figure class=\"td-slide-galery-figure td-slide-popup-gallery\">\r\n                            <a class=\"slide-gallery-image-link\" href=\"https:\/\/www.cgfmanet.org\/wp-content\/uploads\/2023\/10\/Card-Artime-9.jpg\" title=\"Card Artime 9\"  data-caption=\"\"  data-description=\"\">\r\n                                <img decoding=\"async\" data-src=\"https:\/\/www.cgfmanet.org\/wp-content\/uploads\/2023\/10\/Card-Artime-9-630x420.jpg\" data-srcset=\"https:\/\/www.cgfmanet.org\/wp-content\/uploads\/2023\/10\/Card-Artime-9-630x420.jpg 630w, https:\/\/www.cgfmanet.org\/wp-content\/uploads\/2023\/10\/Card-Artime-9-768x512.jpg 768w, https:\/\/www.cgfmanet.org\/wp-content\/uploads\/2023\/10\/Card-Artime-9-696x464.jpg 696w, https:\/\/www.cgfmanet.org\/wp-content\/uploads\/2023\/10\/Card-Artime-9.jpg 1181w\" data-sizes=\"auto\" alt=\"\" src=\"data:image\/svg+xml;base64,PHN2ZyB3aWR0aD0iMSIgaGVpZ2h0PSIxIiB4bWxucz0iaHR0cDovL3d3dy53My5vcmcvMjAwMC9zdmciPjwvc3ZnPg==\" class=\"lazyload\" style=\"--smush-placeholder-width: 630px; --smush-placeholder-aspect-ratio: 630\/420;\" data-original-sizes=\"(max-width: 630px) 100vw, 630px\">\r\n                            <\/a>\r\n                            \r\n                        <\/figure>\r\n                    <\/div>\r\n                    <div class = \"td-slide-item td-item5\">\r\n                        <figure class=\"td-slide-galery-figure td-slide-popup-gallery\">\r\n                            <a class=\"slide-gallery-image-link\" href=\"https:\/\/www.cgfmanet.org\/wp-content\/uploads\/2023\/10\/Card-Artime-4.jpg\" title=\"Card Artime 4\"  data-caption=\"\"  data-description=\"\">\r\n                                <img decoding=\"async\" data-src=\"https:\/\/www.cgfmanet.org\/wp-content\/uploads\/2023\/10\/Card-Artime-4-630x420.jpg\" data-srcset=\"https:\/\/www.cgfmanet.org\/wp-content\/uploads\/2023\/10\/Card-Artime-4-630x420.jpg 630w, https:\/\/www.cgfmanet.org\/wp-content\/uploads\/2023\/10\/Card-Artime-4-768x512.jpg 768w, https:\/\/www.cgfmanet.org\/wp-content\/uploads\/2023\/10\/Card-Artime-4-696x464.jpg 696w, https:\/\/www.cgfmanet.org\/wp-content\/uploads\/2023\/10\/Card-Artime-4.jpg 1181w\" data-sizes=\"auto\" alt=\"\" src=\"data:image\/svg+xml;base64,PHN2ZyB3aWR0aD0iMSIgaGVpZ2h0PSIxIiB4bWxucz0iaHR0cDovL3d3dy53My5vcmcvMjAwMC9zdmciPjwvc3ZnPg==\" class=\"lazyload\" style=\"--smush-placeholder-width: 630px; --smush-placeholder-aspect-ratio: 630\/420;\" data-original-sizes=\"(max-width: 630px) 100vw, 630px\">\r\n                            <\/a>\r\n                            \r\n                        <\/figure>\r\n                    <\/div>\r\n                    <div class = \"td-slide-item td-item6\">\r\n                        <figure class=\"td-slide-galery-figure td-slide-popup-gallery\">\r\n                            <a class=\"slide-gallery-image-link\" href=\"https:\/\/www.cgfmanet.org\/wp-content\/uploads\/2023\/10\/Card-Artime-7.jpg\" title=\"Card Artime 7\"  data-caption=\"\"  data-description=\"\">\r\n                                <img decoding=\"async\" data-src=\"https:\/\/www.cgfmanet.org\/wp-content\/uploads\/2023\/10\/Card-Artime-7-630x420.jpg\" data-srcset=\"https:\/\/www.cgfmanet.org\/wp-content\/uploads\/2023\/10\/Card-Artime-7-630x420.jpg 630w, https:\/\/www.cgfmanet.org\/wp-content\/uploads\/2023\/10\/Card-Artime-7-768x512.jpg 768w, https:\/\/www.cgfmanet.org\/wp-content\/uploads\/2023\/10\/Card-Artime-7-696x464.jpg 696w, https:\/\/www.cgfmanet.org\/wp-content\/uploads\/2023\/10\/Card-Artime-7.jpg 1181w\" data-sizes=\"auto\" alt=\"\" src=\"data:image\/svg+xml;base64,PHN2ZyB3aWR0aD0iMSIgaGVpZ2h0PSIxIiB4bWxucz0iaHR0cDovL3d3dy53My5vcmcvMjAwMC9zdmciPjwvc3ZnPg==\" class=\"lazyload\" style=\"--smush-placeholder-width: 630px; --smush-placeholder-aspect-ratio: 630\/420;\" data-original-sizes=\"(max-width: 630px) 100vw, 630px\">\r\n                            <\/a>\r\n                            \r\n                        <\/figure>\r\n                    <\/div>\r\n                    <div class = \"td-slide-item td-item7\">\r\n                        <figure class=\"td-slide-galery-figure td-slide-popup-gallery\">\r\n                            <a class=\"slide-gallery-image-link\" href=\"https:\/\/www.cgfmanet.org\/wp-content\/uploads\/2023\/10\/Card-Artime-6.jpg\" title=\"Card Artime 6\"  data-caption=\"\"  data-description=\"\">\r\n                                <img decoding=\"async\" data-src=\"https:\/\/www.cgfmanet.org\/wp-content\/uploads\/2023\/10\/Card-Artime-6-630x420.jpg\" data-srcset=\"https:\/\/www.cgfmanet.org\/wp-content\/uploads\/2023\/10\/Card-Artime-6-630x420.jpg 630w, https:\/\/www.cgfmanet.org\/wp-content\/uploads\/2023\/10\/Card-Artime-6-768x512.jpg 768w, https:\/\/www.cgfmanet.org\/wp-content\/uploads\/2023\/10\/Card-Artime-6-696x464.jpg 696w, https:\/\/www.cgfmanet.org\/wp-content\/uploads\/2023\/10\/Card-Artime-6.jpg 1181w\" data-sizes=\"auto\" alt=\"\" src=\"data:image\/svg+xml;base64,PHN2ZyB3aWR0aD0iMSIgaGVpZ2h0PSIxIiB4bWxucz0iaHR0cDovL3d3dy53My5vcmcvMjAwMC9zdmciPjwvc3ZnPg==\" class=\"lazyload\" style=\"--smush-placeholder-width: 630px; --smush-placeholder-aspect-ratio: 630\/420;\" data-original-sizes=\"(max-width: 630px) 100vw, 630px\">\r\n                            <\/a>\r\n                            \r\n                        <\/figure>\r\n                    <\/div>\r\n                    <div class = \"td-slide-item td-item8\">\r\n                        <figure class=\"td-slide-galery-figure td-slide-popup-gallery\">\r\n                            <a class=\"slide-gallery-image-link\" href=\"https:\/\/www.cgfmanet.org\/wp-content\/uploads\/2023\/10\/Card-Artime-5.jpg\" title=\"Card Artime 5\"  data-caption=\"\"  data-description=\"\">\r\n                                <img decoding=\"async\" data-src=\"https:\/\/www.cgfmanet.org\/wp-content\/uploads\/2023\/10\/Card-Artime-5-630x420.jpg\" data-srcset=\"https:\/\/www.cgfmanet.org\/wp-content\/uploads\/2023\/10\/Card-Artime-5-630x420.jpg 630w, https:\/\/www.cgfmanet.org\/wp-content\/uploads\/2023\/10\/Card-Artime-5-768x512.jpg 768w, https:\/\/www.cgfmanet.org\/wp-content\/uploads\/2023\/10\/Card-Artime-5-696x464.jpg 696w, https:\/\/www.cgfmanet.org\/wp-content\/uploads\/2023\/10\/Card-Artime-5.jpg 1181w\" data-sizes=\"auto\" alt=\"\" src=\"data:image\/svg+xml;base64,PHN2ZyB3aWR0aD0iMSIgaGVpZ2h0PSIxIiB4bWxucz0iaHR0cDovL3d3dy53My5vcmcvMjAwMC9zdmciPjwvc3ZnPg==\" class=\"lazyload\" style=\"--smush-placeholder-width: 630px; --smush-placeholder-aspect-ratio: 630\/420;\" data-original-sizes=\"(max-width: 630px) 100vw, 630px\">\r\n                            <\/a>\r\n                            \r\n                        <\/figure>\r\n                    <\/div>\r\n                    <div class = \"td-slide-item td-item9\">\r\n                        <figure class=\"td-slide-galery-figure td-slide-popup-gallery\">\r\n                            <a class=\"slide-gallery-image-link\" href=\"https:\/\/www.cgfmanet.org\/wp-content\/uploads\/2023\/10\/Card-Artime-11.jpg\" title=\"Card Artime 11\"  data-caption=\"\"  data-description=\"\">\r\n                                <img decoding=\"async\" data-src=\"https:\/\/www.cgfmanet.org\/wp-content\/uploads\/2023\/10\/Card-Artime-11-630x420.jpg\" data-srcset=\"https:\/\/www.cgfmanet.org\/wp-content\/uploads\/2023\/10\/Card-Artime-11-630x420.jpg 630w, https:\/\/www.cgfmanet.org\/wp-content\/uploads\/2023\/10\/Card-Artime-11-768x512.jpg 768w, https:\/\/www.cgfmanet.org\/wp-content\/uploads\/2023\/10\/Card-Artime-11-696x464.jpg 696w, https:\/\/www.cgfmanet.org\/wp-content\/uploads\/2023\/10\/Card-Artime-11.jpg 1181w\" data-sizes=\"auto\" alt=\"\" src=\"data:image\/svg+xml;base64,PHN2ZyB3aWR0aD0iMSIgaGVpZ2h0PSIxIiB4bWxucz0iaHR0cDovL3d3dy53My5vcmcvMjAwMC9zdmciPjwvc3ZnPg==\" class=\"lazyload\" style=\"--smush-placeholder-width: 630px; --smush-placeholder-aspect-ratio: 630\/420;\" data-original-sizes=\"(max-width: 630px) 100vw, 630px\">\r\n                            <\/a>\r\n                            \r\n                        <\/figure>\r\n                    <\/div>\r\n                    <div class = \"td-slide-item td-item10\">\r\n                        <figure class=\"td-slide-galery-figure td-slide-popup-gallery\">\r\n                            <a class=\"slide-gallery-image-link\" href=\"https:\/\/www.cgfmanet.org\/wp-content\/uploads\/2023\/10\/Card-Artime-17.jpg\" title=\"Card Artime 17\"  data-caption=\"\"  data-description=\"\">\r\n                                <img decoding=\"async\" data-src=\"https:\/\/www.cgfmanet.org\/wp-content\/uploads\/2023\/10\/Card-Artime-17-630x420.jpg\" data-srcset=\"https:\/\/www.cgfmanet.org\/wp-content\/uploads\/2023\/10\/Card-Artime-17-630x420.jpg 630w, https:\/\/www.cgfmanet.org\/wp-content\/uploads\/2023\/10\/Card-Artime-17-768x512.jpg 768w, https:\/\/www.cgfmanet.org\/wp-content\/uploads\/2023\/10\/Card-Artime-17-696x464.jpg 696w, https:\/\/www.cgfmanet.org\/wp-content\/uploads\/2023\/10\/Card-Artime-17.jpg 1181w\" data-sizes=\"auto\" alt=\"\" src=\"data:image\/svg+xml;base64,PHN2ZyB3aWR0aD0iMSIgaGVpZ2h0PSIxIiB4bWxucz0iaHR0cDovL3d3dy53My5vcmcvMjAwMC9zdmciPjwvc3ZnPg==\" class=\"lazyload\" style=\"--smush-placeholder-width: 630px; --smush-placeholder-aspect-ratio: 630\/420;\" data-original-sizes=\"(max-width: 630px) 100vw, 630px\">\r\n                            <\/a>\r\n                            \r\n                        <\/figure>\r\n                    <\/div>\r\n                    <div class = \"td-slide-item td-item11\">\r\n                        <figure class=\"td-slide-galery-figure td-slide-popup-gallery\">\r\n                            <a class=\"slide-gallery-image-link\" href=\"https:\/\/www.cgfmanet.org\/wp-content\/uploads\/2023\/10\/Card-Artime-8-scaled.jpg\" title=\"Card Artime 8\"  data-caption=\"\"  data-description=\"\">\r\n                                <img decoding=\"async\" data-src=\"https:\/\/www.cgfmanet.org\/wp-content\/uploads\/2023\/10\/Card-Artime-8-315x420.jpg\" data-srcset=\"https:\/\/www.cgfmanet.org\/wp-content\/uploads\/2023\/10\/Card-Artime-8-315x420.jpg 315w, https:\/\/www.cgfmanet.org\/wp-content\/uploads\/2023\/10\/Card-Artime-8-768x1024.jpg 768w, https:\/\/www.cgfmanet.org\/wp-content\/uploads\/2023\/10\/Card-Artime-8-1152x1536.jpg 1152w, https:\/\/www.cgfmanet.org\/wp-content\/uploads\/2023\/10\/Card-Artime-8-1536x2048.jpg 1536w, https:\/\/www.cgfmanet.org\/wp-content\/uploads\/2023\/10\/Card-Artime-8-696x928.jpg 696w, https:\/\/www.cgfmanet.org\/wp-content\/uploads\/2023\/10\/Card-Artime-8-scaled.jpg 1920w\" data-sizes=\"auto\" alt=\"\" src=\"data:image\/svg+xml;base64,PHN2ZyB3aWR0aD0iMSIgaGVpZ2h0PSIxIiB4bWxucz0iaHR0cDovL3d3dy53My5vcmcvMjAwMC9zdmciPjwvc3ZnPg==\" class=\"lazyload\" style=\"--smush-placeholder-width: 315px; --smush-placeholder-aspect-ratio: 315\/420;\" data-original-sizes=\"(max-width: 315px) 100vw, 315px\">\r\n                            <\/a>\r\n                            \r\n                        <\/figure>\r\n                    <\/div>\r\n                    <div class = \"td-slide-item td-item12\">\r\n                        <figure class=\"td-slide-galery-figure td-slide-popup-gallery\">\r\n                            <a class=\"slide-gallery-image-link\" href=\"https:\/\/www.cgfmanet.org\/wp-content\/uploads\/2023\/10\/Card-Artime-30.jpg\" title=\"Card Artime 30\"  data-caption=\"\"  data-description=\"\">\r\n                                <img decoding=\"async\" data-src=\"https:\/\/www.cgfmanet.org\/wp-content\/uploads\/2023\/10\/Card-Artime-30-630x420.jpg\" data-srcset=\"https:\/\/www.cgfmanet.org\/wp-content\/uploads\/2023\/10\/Card-Artime-30-630x420.jpg 630w, https:\/\/www.cgfmanet.org\/wp-content\/uploads\/2023\/10\/Card-Artime-30-768x512.jpg 768w, https:\/\/www.cgfmanet.org\/wp-content\/uploads\/2023\/10\/Card-Artime-30-696x464.jpg 696w, https:\/\/www.cgfmanet.org\/wp-content\/uploads\/2023\/10\/Card-Artime-30.jpg 1181w\" data-sizes=\"auto\" alt=\"\" src=\"data:image\/svg+xml;base64,PHN2ZyB3aWR0aD0iMSIgaGVpZ2h0PSIxIiB4bWxucz0iaHR0cDovL3d3dy53My5vcmcvMjAwMC9zdmciPjwvc3ZnPg==\" class=\"lazyload\" style=\"--smush-placeholder-width: 630px; --smush-placeholder-aspect-ratio: 630\/420;\" data-original-sizes=\"(max-width: 630px) 100vw, 630px\">\r\n                            <\/a>\r\n                            \r\n                        <\/figure>\r\n                    <\/div>\r\n                    <div class = \"td-slide-item td-item13\">\r\n                        <figure class=\"td-slide-galery-figure td-slide-popup-gallery\">\r\n                            <a class=\"slide-gallery-image-link\" href=\"https:\/\/www.cgfmanet.org\/wp-content\/uploads\/2023\/10\/Card-Artime-12.jpg\" title=\"Card Artime 12\"  data-caption=\"\"  data-description=\"\">\r\n                                <img decoding=\"async\" data-src=\"https:\/\/www.cgfmanet.org\/wp-content\/uploads\/2023\/10\/Card-Artime-12-630x420.jpg\" data-srcset=\"https:\/\/www.cgfmanet.org\/wp-content\/uploads\/2023\/10\/Card-Artime-12-630x420.jpg 630w, https:\/\/www.cgfmanet.org\/wp-content\/uploads\/2023\/10\/Card-Artime-12-768x512.jpg 768w, https:\/\/www.cgfmanet.org\/wp-content\/uploads\/2023\/10\/Card-Artime-12-696x464.jpg 696w, https:\/\/www.cgfmanet.org\/wp-content\/uploads\/2023\/10\/Card-Artime-12.jpg 1181w\" data-sizes=\"auto\" alt=\"\" src=\"data:image\/svg+xml;base64,PHN2ZyB3aWR0aD0iMSIgaGVpZ2h0PSIxIiB4bWxucz0iaHR0cDovL3d3dy53My5vcmcvMjAwMC9zdmciPjwvc3ZnPg==\" class=\"lazyload\" style=\"--smush-placeholder-width: 630px; --smush-placeholder-aspect-ratio: 630\/420;\" data-original-sizes=\"(max-width: 630px) 100vw, 630px\">\r\n                            <\/a>\r\n                            \r\n                        <\/figure>\r\n                    <\/div>\r\n                    <div class = \"td-slide-item td-item14\">\r\n                        <figure class=\"td-slide-galery-figure td-slide-popup-gallery\">\r\n                            <a class=\"slide-gallery-image-link\" href=\"https:\/\/www.cgfmanet.org\/wp-content\/uploads\/2023\/10\/Card-Artime-13.jpg\" title=\"Card Artime 13\"  data-caption=\"\"  data-description=\"\">\r\n                                <img decoding=\"async\" data-src=\"https:\/\/www.cgfmanet.org\/wp-content\/uploads\/2023\/10\/Card-Artime-13-630x420.jpg\" data-srcset=\"https:\/\/www.cgfmanet.org\/wp-content\/uploads\/2023\/10\/Card-Artime-13-630x420.jpg 630w, https:\/\/www.cgfmanet.org\/wp-content\/uploads\/2023\/10\/Card-Artime-13-768x512.jpg 768w, https:\/\/www.cgfmanet.org\/wp-content\/uploads\/2023\/10\/Card-Artime-13-696x464.jpg 696w, https:\/\/www.cgfmanet.org\/wp-content\/uploads\/2023\/10\/Card-Artime-13.jpg 1181w\" data-sizes=\"auto\" alt=\"\" src=\"data:image\/svg+xml;base64,PHN2ZyB3aWR0aD0iMSIgaGVpZ2h0PSIxIiB4bWxucz0iaHR0cDovL3d3dy53My5vcmcvMjAwMC9zdmciPjwvc3ZnPg==\" class=\"lazyload\" style=\"--smush-placeholder-width: 630px; --smush-placeholder-aspect-ratio: 630\/420;\" data-original-sizes=\"(max-width: 630px) 100vw, 630px\">\r\n                            <\/a>\r\n                            \r\n                        <\/figure>\r\n                    <\/div>\r\n                    <div class = \"td-slide-item td-item15\">\r\n                        <figure class=\"td-slide-galery-figure td-slide-popup-gallery\">\r\n                            <a class=\"slide-gallery-image-link\" href=\"https:\/\/www.cgfmanet.org\/wp-content\/uploads\/2023\/10\/Card-Artime-14.jpg\" title=\"Card Artime 14\"  data-caption=\"\"  data-description=\"\">\r\n                                <img decoding=\"async\" data-src=\"https:\/\/www.cgfmanet.org\/wp-content\/uploads\/2023\/10\/Card-Artime-14-630x420.jpg\" data-srcset=\"https:\/\/www.cgfmanet.org\/wp-content\/uploads\/2023\/10\/Card-Artime-14-630x420.jpg 630w, https:\/\/www.cgfmanet.org\/wp-content\/uploads\/2023\/10\/Card-Artime-14-768x512.jpg 768w, https:\/\/www.cgfmanet.org\/wp-content\/uploads\/2023\/10\/Card-Artime-14-696x464.jpg 696w, https:\/\/www.cgfmanet.org\/wp-content\/uploads\/2023\/10\/Card-Artime-14.jpg 1181w\" data-sizes=\"auto\" alt=\"\" src=\"data:image\/svg+xml;base64,PHN2ZyB3aWR0aD0iMSIgaGVpZ2h0PSIxIiB4bWxucz0iaHR0cDovL3d3dy53My5vcmcvMjAwMC9zdmciPjwvc3ZnPg==\" class=\"lazyload\" style=\"--smush-placeholder-width: 630px; --smush-placeholder-aspect-ratio: 630\/420;\" data-original-sizes=\"(max-width: 630px) 100vw, 630px\">\r\n                            <\/a>\r\n                            \r\n                        <\/figure>\r\n                    <\/div>\r\n                    <div class = \"td-slide-item td-item16\">\r\n                        <figure class=\"td-slide-galery-figure td-slide-popup-gallery\">\r\n                            <a class=\"slide-gallery-image-link\" href=\"https:\/\/www.cgfmanet.org\/wp-content\/uploads\/2023\/10\/Card-Artime-15.jpg\" title=\"Card Artime 15\"  data-caption=\"\"  data-description=\"\">\r\n                                <img decoding=\"async\" data-src=\"https:\/\/www.cgfmanet.org\/wp-content\/uploads\/2023\/10\/Card-Artime-15-629x420.jpg\" data-srcset=\"https:\/\/www.cgfmanet.org\/wp-content\/uploads\/2023\/10\/Card-Artime-15-629x420.jpg 629w, https:\/\/www.cgfmanet.org\/wp-content\/uploads\/2023\/10\/Card-Artime-15-768x512.jpg 768w, https:\/\/www.cgfmanet.org\/wp-content\/uploads\/2023\/10\/Card-Artime-15-696x464.jpg 696w, https:\/\/www.cgfmanet.org\/wp-content\/uploads\/2023\/10\/Card-Artime-15.jpg 1181w\" data-sizes=\"auto\" alt=\"\" src=\"data:image\/svg+xml;base64,PHN2ZyB3aWR0aD0iMSIgaGVpZ2h0PSIxIiB4bWxucz0iaHR0cDovL3d3dy53My5vcmcvMjAwMC9zdmciPjwvc3ZnPg==\" class=\"lazyload\" style=\"--smush-placeholder-width: 629px; --smush-placeholder-aspect-ratio: 629\/420;\" data-original-sizes=\"(max-width: 629px) 100vw, 629px\">\r\n                            <\/a>\r\n                            \r\n                        <\/figure>\r\n                    <\/div>\r\n                    <div class = \"td-slide-item td-item17\">\r\n                        <figure class=\"td-slide-galery-figure td-slide-popup-gallery\">\r\n                            <a class=\"slide-gallery-image-link\" href=\"https:\/\/www.cgfmanet.org\/wp-content\/uploads\/2023\/10\/Card-Artime-16.jpg\" title=\"Card Artime 16\"  data-caption=\"\"  data-description=\"\">\r\n                                <img decoding=\"async\" data-src=\"https:\/\/www.cgfmanet.org\/wp-content\/uploads\/2023\/10\/Card-Artime-16-629x420.jpg\" data-srcset=\"https:\/\/www.cgfmanet.org\/wp-content\/uploads\/2023\/10\/Card-Artime-16-629x420.jpg 629w, https:\/\/www.cgfmanet.org\/wp-content\/uploads\/2023\/10\/Card-Artime-16-768x512.jpg 768w, https:\/\/www.cgfmanet.org\/wp-content\/uploads\/2023\/10\/Card-Artime-16-696x464.jpg 696w, https:\/\/www.cgfmanet.org\/wp-content\/uploads\/2023\/10\/Card-Artime-16.jpg 1181w\" data-sizes=\"auto\" alt=\"\" src=\"data:image\/svg+xml;base64,PHN2ZyB3aWR0aD0iMSIgaGVpZ2h0PSIxIiB4bWxucz0iaHR0cDovL3d3dy53My5vcmcvMjAwMC9zdmciPjwvc3ZnPg==\" class=\"lazyload\" style=\"--smush-placeholder-width: 629px; --smush-placeholder-aspect-ratio: 629\/420;\" data-original-sizes=\"(max-width: 629px) 100vw, 629px\">\r\n                            <\/a>\r\n                            \r\n                        <\/figure>\r\n                    <\/div>\r\n                            <\/div>\r\n                        <\/div>\r\n\r\n                        <div class = \"td-doubleSlider-2\">\r\n                            <div class = \"td-slider\">\r\n                                \r\n                    <div class = \"td-button td-item1\">\r\n                        <div class = \"td-border\"><\/div>\r\n                    <\/div>\r\n                    <div class = \"td-button td-item2\">\r\n                        <div class = \"td-border\"><\/div>\r\n                    <\/div>\r\n                    <div class = \"td-button td-item3\">\r\n                        <div class = \"td-border\"><\/div>\r\n                    <\/div>\r\n                    <div class = \"td-button td-item4\">\r\n                        <div class = \"td-border\"><\/div>\r\n                    <\/div>\r\n                    <div class = \"td-button td-item5\">\r\n                        <div class = \"td-border\"><\/div>\r\n                    <\/div>\r\n                    <div class = \"td-button td-item6\">\r\n                        <div class = \"td-border\"><\/div>\r\n                    <\/div>\r\n                    <div class = \"td-button td-item7\">\r\n                        <div class = \"td-border\"><\/div>\r\n                    <\/div>\r\n                    <div class = \"td-button td-item8\">\r\n                        <div class = \"td-border\"><\/div>\r\n                    <\/div>\r\n                    <div class = \"td-button td-item9\">\r\n                        <div class = \"td-border\"><\/div>\r\n                    <\/div>\r\n                    <div class = \"td-button td-item10\">\r\n                        <div class = \"td-border\"><\/div>\r\n                    <\/div>\r\n                    <div class = \"td-button td-item11\">\r\n                        <div class = \"td-border\"><\/div>\r\n                    <\/div>\r\n                    <div class = \"td-button td-item12\">\r\n                        <div class = \"td-border\"><\/div>\r\n                    <\/div>\r\n                    <div class = \"td-button td-item13\">\r\n                        <div class = \"td-border\"><\/div>\r\n                    <\/div>\r\n                    <div class = \"td-button td-item14\">\r\n                        <div class = \"td-border\"><\/div>\r\n                    <\/div>\r\n                    <div class = \"td-button td-item15\">\r\n                        <div class = \"td-border\"><\/div>\r\n                    <\/div>\r\n                    <div class = \"td-button td-item16\">\r\n                        <div class = \"td-border\"><\/div>\r\n                    <\/div>\r\n                    <div class = \"td-button td-item17\">\r\n                        <div class = \"td-border\"><\/div>\r\n                    <\/div>\r\n                            <\/div>\r\n                        <\/div>\r\n\r\n                    <\/div>\r\n\r\n                <\/div>\r\n                \n<p><strong>Altre foto: <span style=\"color: #0000ff;\"><a style=\"color: #0000ff;\" href=\"https:\/\/www.flickr.com\/photos\/infoans\/albums\/72177720311613092\" target=\"_blank\" rel=\"noopener\">FlickrANS<\/a><\/span><\/strong><\/p>\n","protected":false},"excerpt":{"rendered":"<p>Roma (Italia). El 30 de septiembre en Roma, en la Plaza de San Pedro, durante el Consistorio P\u00fablico Ordinario, el Papa Francisco cre\u00f3 21 nuevos Cardenales, entre ellos el Rector [&hellip;]<\/p>\n","protected":false},"author":21,"featured_media":97162,"comment_status":"open","ping_status":"closed","sticky":false,"template":"","format":"standard","meta":{"footnotes":""},"categories":[39,191],"tags":[1669,1779,1802,1931],"class_list":["post-97187","post","type-post","status-publish","format-standard","has-post-thumbnail","category-infoesfera","category-iglesia","tag-spiritualita-salesiana-es","tag-familia-salesiana-es","tag-rector-mayor","tag-focus-es"],"yoast_head":"<!-- This site is optimized with the Yoast SEO plugin v27.4 - https:\/\/yoast.com\/product\/yoast-seo-wordpress\/ -->\n<title>Celebraci\u00f3n salesiana al Cardenal \u00c1ngel Fern\u00e1ndez Artime &#8226; Istituto Figlie di Maria Ausiliatrice<\/title>\n<meta name=\"description\" content=\"El 30 de septiembre de 2023 en Roma, en la Plaza de San Pedro, durante el Consistorio P\u00fablico Ordinario, el Papa Francisco cre\u00f3 Cardenal al Rector Mayor de los Salesianos de Don Bosco, Don \u00c1ngel Fern\u00e1ndez Artime.\" \/>\n<meta name=\"robots\" content=\"index, follow, max-snippet:-1, max-image-preview:large, max-video-preview:-1\" \/>\n<link rel=\"canonical\" href=\"https:\/\/www.cgfmanet.org\/es\/infoesfera\/iglesia\/celebracion-salesiana-al-cardenal-angel-fernandez-artime\/\" \/>\n<meta property=\"og:locale\" content=\"es_ES\" \/>\n<meta property=\"og:type\" content=\"article\" \/>\n<meta property=\"og:title\" content=\"Celebraci\u00f3n salesiana al Cardenal \u00c1ngel Fern\u00e1ndez Artime &#8226; Istituto Figlie di Maria Ausiliatrice\" \/>\n<meta property=\"og:description\" content=\"El 30 de septiembre de 2023 en Roma, en la Plaza de San Pedro, durante el Consistorio P\u00fablico Ordinario, el Papa Francisco cre\u00f3 Cardenal al Rector Mayor de los Salesianos de Don Bosco, Don \u00c1ngel Fern\u00e1ndez Artime.\" \/>\n<meta property=\"og:url\" content=\"https:\/\/www.cgfmanet.org\/es\/infoesfera\/iglesia\/celebracion-salesiana-al-cardenal-angel-fernandez-artime\/\" \/>\n<meta property=\"og:site_name\" content=\"Istituto Figlie di Maria Ausiliatrice\" \/>\n<meta property=\"article:publisher\" content=\"https:\/\/www.facebook.com\/salesian.sisters.of.don.bosco\/\" \/>\n<meta property=\"article:published_time\" content=\"2023-10-03T15:58:55+00:00\" \/>\n<meta property=\"article:modified_time\" content=\"2023-10-07T20:29:56+00:00\" \/>\n<meta property=\"og:image\" content=\"https:\/\/www.cgfmanet.org\/wp-content\/uploads\/2023\/10\/Card-Artime.jpg\" \/>\n\t<meta property=\"og:image:width\" content=\"1024\" \/>\n\t<meta property=\"og:image:height\" content=\"683\" \/>\n\t<meta property=\"og:image:type\" content=\"image\/jpeg\" \/>\n<meta name=\"author\" content=\"Redazione\" \/>\n<meta name=\"twitter:card\" content=\"summary_large_image\" \/>\n<meta name=\"twitter:creator\" content=\"@Cgfmanet_Org\" \/>\n<meta name=\"twitter:site\" content=\"@Cgfmanet_Org\" \/>\n<meta name=\"twitter:label1\" content=\"Escrito por\" \/>\n\t<meta name=\"twitter:data1\" content=\"Redazione\" \/>\n\t<meta name=\"twitter:label2\" content=\"Tiempo de lectura\" \/>\n\t<meta name=\"twitter:data2\" content=\"8 minutos\" \/>\n<script type=\"application\/ld+json\" class=\"yoast-schema-graph\">{\"@context\":\"https:\\\/\\\/schema.org\",\"@graph\":[{\"@type\":\"Article\",\"@id\":\"https:\\\/\\\/www.cgfmanet.org\\\/es\\\/infoesfera\\\/iglesia\\\/celebracion-salesiana-al-cardenal-angel-fernandez-artime\\\/#article\",\"isPartOf\":{\"@id\":\"https:\\\/\\\/www.cgfmanet.org\\\/es\\\/infoesfera\\\/iglesia\\\/celebracion-salesiana-al-cardenal-angel-fernandez-artime\\\/\"},\"author\":{\"name\":\"Redazione\",\"@id\":\"https:\\\/\\\/www.cgfmanet.org\\\/es\\\/#\\\/schema\\\/person\\\/ce6473083f53ef0ef882cca23f0c8fb9\"},\"headline\":\"Celebraci\u00f3n salesiana al Cardenal \u00c1ngel Fern\u00e1ndez Artime\",\"datePublished\":\"2023-10-03T15:58:55+00:00\",\"dateModified\":\"2023-10-07T20:29:56+00:00\",\"mainEntityOfPage\":{\"@id\":\"https:\\\/\\\/www.cgfmanet.org\\\/es\\\/infoesfera\\\/iglesia\\\/celebracion-salesiana-al-cardenal-angel-fernandez-artime\\\/\"},\"wordCount\":1530,\"commentCount\":0,\"publisher\":{\"@id\":\"https:\\\/\\\/www.cgfmanet.org\\\/es\\\/#organization\"},\"image\":{\"@id\":\"https:\\\/\\\/www.cgfmanet.org\\\/es\\\/infoesfera\\\/iglesia\\\/celebracion-salesiana-al-cardenal-angel-fernandez-artime\\\/#primaryimage\"},\"thumbnailUrl\":\"https:\\\/\\\/www.cgfmanet.org\\\/wp-content\\\/uploads\\\/2023\\\/10\\\/Card-Artime.jpg\",\"keywords\":[\"Spiritualit\u00e0 Salesiana\",\"Familia Salesiana\",\"Rector Mayor\",\"Focus\"],\"articleSection\":[\"Infoesfera\",\"Iglesia\"],\"inLanguage\":\"es\",\"potentialAction\":[{\"@type\":\"CommentAction\",\"name\":\"Comment\",\"target\":[\"https:\\\/\\\/www.cgfmanet.org\\\/es\\\/infoesfera\\\/iglesia\\\/celebracion-salesiana-al-cardenal-angel-fernandez-artime\\\/#respond\"]}]},{\"@type\":\"WebPage\",\"@id\":\"https:\\\/\\\/www.cgfmanet.org\\\/es\\\/infoesfera\\\/iglesia\\\/celebracion-salesiana-al-cardenal-angel-fernandez-artime\\\/\",\"url\":\"https:\\\/\\\/www.cgfmanet.org\\\/es\\\/infoesfera\\\/iglesia\\\/celebracion-salesiana-al-cardenal-angel-fernandez-artime\\\/\",\"name\":\"Celebraci\u00f3n salesiana al Cardenal \u00c1ngel Fern\u00e1ndez Artime &#8226; Istituto Figlie di Maria Ausiliatrice\",\"isPartOf\":{\"@id\":\"https:\\\/\\\/www.cgfmanet.org\\\/es\\\/#website\"},\"primaryImageOfPage\":{\"@id\":\"https:\\\/\\\/www.cgfmanet.org\\\/es\\\/infoesfera\\\/iglesia\\\/celebracion-salesiana-al-cardenal-angel-fernandez-artime\\\/#primaryimage\"},\"image\":{\"@id\":\"https:\\\/\\\/www.cgfmanet.org\\\/es\\\/infoesfera\\\/iglesia\\\/celebracion-salesiana-al-cardenal-angel-fernandez-artime\\\/#primaryimage\"},\"thumbnailUrl\":\"https:\\\/\\\/www.cgfmanet.org\\\/wp-content\\\/uploads\\\/2023\\\/10\\\/Card-Artime.jpg\",\"datePublished\":\"2023-10-03T15:58:55+00:00\",\"dateModified\":\"2023-10-07T20:29:56+00:00\",\"description\":\"El 30 de septiembre de 2023 en Roma, en la Plaza de San Pedro, durante el Consistorio P\u00fablico Ordinario, el Papa Francisco cre\u00f3 Cardenal al Rector Mayor de los Salesianos de Don Bosco, Don \u00c1ngel Fern\u00e1ndez Artime.\",\"breadcrumb\":{\"@id\":\"https:\\\/\\\/www.cgfmanet.org\\\/es\\\/infoesfera\\\/iglesia\\\/celebracion-salesiana-al-cardenal-angel-fernandez-artime\\\/#breadcrumb\"},\"inLanguage\":\"es\",\"potentialAction\":[{\"@type\":\"ReadAction\",\"target\":[\"https:\\\/\\\/www.cgfmanet.org\\\/es\\\/infoesfera\\\/iglesia\\\/celebracion-salesiana-al-cardenal-angel-fernandez-artime\\\/\"]}]},{\"@type\":\"ImageObject\",\"inLanguage\":\"es\",\"@id\":\"https:\\\/\\\/www.cgfmanet.org\\\/es\\\/infoesfera\\\/iglesia\\\/celebracion-salesiana-al-cardenal-angel-fernandez-artime\\\/#primaryimage\",\"url\":\"https:\\\/\\\/www.cgfmanet.org\\\/wp-content\\\/uploads\\\/2023\\\/10\\\/Card-Artime.jpg\",\"contentUrl\":\"https:\\\/\\\/www.cgfmanet.org\\\/wp-content\\\/uploads\\\/2023\\\/10\\\/Card-Artime.jpg\",\"width\":1024,\"height\":683},{\"@type\":\"BreadcrumbList\",\"@id\":\"https:\\\/\\\/www.cgfmanet.org\\\/es\\\/infoesfera\\\/iglesia\\\/celebracion-salesiana-al-cardenal-angel-fernandez-artime\\\/#breadcrumb\",\"itemListElement\":[{\"@type\":\"ListItem\",\"position\":1,\"name\":\"Home\",\"item\":\"https:\\\/\\\/www.cgfmanet.org\\\/es\\\/\"},{\"@type\":\"ListItem\",\"position\":2,\"name\":\"Celebraci\u00f3n salesiana al Cardenal \u00c1ngel Fern\u00e1ndez Artime\"}]},{\"@type\":\"WebSite\",\"@id\":\"https:\\\/\\\/www.cgfmanet.org\\\/es\\\/#website\",\"url\":\"https:\\\/\\\/www.cgfmanet.org\\\/es\\\/\",\"name\":\"Istituto Figlie di Maria Ausiliatrice\",\"description\":\"Salesiane di Don Bosco\",\"publisher\":{\"@id\":\"https:\\\/\\\/www.cgfmanet.org\\\/es\\\/#organization\"},\"potentialAction\":[{\"@type\":\"SearchAction\",\"target\":{\"@type\":\"EntryPoint\",\"urlTemplate\":\"https:\\\/\\\/www.cgfmanet.org\\\/es\\\/?s={search_term_string}\"},\"query-input\":{\"@type\":\"PropertyValueSpecification\",\"valueRequired\":true,\"valueName\":\"search_term_string\"}}],\"inLanguage\":\"es\"},{\"@type\":\"Organization\",\"@id\":\"https:\\\/\\\/www.cgfmanet.org\\\/es\\\/#organization\",\"name\":\"Istituto Figlie di Maria Ausiliatrice\",\"url\":\"https:\\\/\\\/www.cgfmanet.org\\\/es\\\/\",\"logo\":{\"@type\":\"ImageObject\",\"inLanguage\":\"es\",\"@id\":\"https:\\\/\\\/www.cgfmanet.org\\\/es\\\/#\\\/schema\\\/logo\\\/image\\\/\",\"url\":\"https:\\\/\\\/www.cgfmanet.org\\\/wp-content\\\/uploads\\\/2018\\\/10\\\/logo-fma.png\",\"contentUrl\":\"https:\\\/\\\/www.cgfmanet.org\\\/wp-content\\\/uploads\\\/2018\\\/10\\\/logo-fma.png\",\"width\":214,\"height\":55,\"caption\":\"Istituto Figlie di Maria Ausiliatrice\"},\"image\":{\"@id\":\"https:\\\/\\\/www.cgfmanet.org\\\/es\\\/#\\\/schema\\\/logo\\\/image\\\/\"},\"sameAs\":[\"https:\\\/\\\/www.facebook.com\\\/salesian.sisters.of.don.bosco\\\/\",\"https:\\\/\\\/x.com\\\/Cgfmanet_Org\",\"https:\\\/\\\/www.youtube.com\\\/channel\\\/UCmcr8yFQBV7JXeXVxyV9y5Q\"]},{\"@type\":\"Person\",\"@id\":\"https:\\\/\\\/www.cgfmanet.org\\\/es\\\/#\\\/schema\\\/person\\\/ce6473083f53ef0ef882cca23f0c8fb9\",\"name\":\"Redazione\"}]}<\/script>\n<!-- \/ Yoast SEO plugin. -->","yoast_head_json":{"title":"Celebraci\u00f3n salesiana al Cardenal \u00c1ngel Fern\u00e1ndez Artime &#8226; Istituto Figlie di Maria Ausiliatrice","description":"El 30 de septiembre de 2023 en Roma, en la Plaza de San Pedro, durante el Consistorio P\u00fablico Ordinario, el Papa Francisco cre\u00f3 Cardenal al Rector Mayor de los Salesianos de Don Bosco, Don \u00c1ngel Fern\u00e1ndez Artime.","robots":{"index":"index","follow":"follow","max-snippet":"max-snippet:-1","max-image-preview":"max-image-preview:large","max-video-preview":"max-video-preview:-1"},"canonical":"https:\/\/www.cgfmanet.org\/es\/infoesfera\/iglesia\/celebracion-salesiana-al-cardenal-angel-fernandez-artime\/","og_locale":"es_ES","og_type":"article","og_title":"Celebraci\u00f3n salesiana al Cardenal \u00c1ngel Fern\u00e1ndez Artime &#8226; Istituto Figlie di Maria Ausiliatrice","og_description":"El 30 de septiembre de 2023 en Roma, en la Plaza de San Pedro, durante el Consistorio P\u00fablico Ordinario, el Papa Francisco cre\u00f3 Cardenal al Rector Mayor de los Salesianos de Don Bosco, Don \u00c1ngel Fern\u00e1ndez Artime.","og_url":"https:\/\/www.cgfmanet.org\/es\/infoesfera\/iglesia\/celebracion-salesiana-al-cardenal-angel-fernandez-artime\/","og_site_name":"Istituto Figlie di Maria Ausiliatrice","article_publisher":"https:\/\/www.facebook.com\/salesian.sisters.of.don.bosco\/","article_published_time":"2023-10-03T15:58:55+00:00","article_modified_time":"2023-10-07T20:29:56+00:00","og_image":[{"width":1024,"height":683,"url":"https:\/\/www.cgfmanet.org\/wp-content\/uploads\/2023\/10\/Card-Artime.jpg","type":"image\/jpeg"}],"author":"Redazione","twitter_card":"summary_large_image","twitter_creator":"@Cgfmanet_Org","twitter_site":"@Cgfmanet_Org","twitter_misc":{"Escrito por":"Redazione","Tiempo de lectura":"8 minutos"},"schema":{"@context":"https:\/\/schema.org","@graph":[{"@type":"Article","@id":"https:\/\/www.cgfmanet.org\/es\/infoesfera\/iglesia\/celebracion-salesiana-al-cardenal-angel-fernandez-artime\/#article","isPartOf":{"@id":"https:\/\/www.cgfmanet.org\/es\/infoesfera\/iglesia\/celebracion-salesiana-al-cardenal-angel-fernandez-artime\/"},"author":{"name":"Redazione","@id":"https:\/\/www.cgfmanet.org\/es\/#\/schema\/person\/ce6473083f53ef0ef882cca23f0c8fb9"},"headline":"Celebraci\u00f3n salesiana al Cardenal \u00c1ngel Fern\u00e1ndez Artime","datePublished":"2023-10-03T15:58:55+00:00","dateModified":"2023-10-07T20:29:56+00:00","mainEntityOfPage":{"@id":"https:\/\/www.cgfmanet.org\/es\/infoesfera\/iglesia\/celebracion-salesiana-al-cardenal-angel-fernandez-artime\/"},"wordCount":1530,"commentCount":0,"publisher":{"@id":"https:\/\/www.cgfmanet.org\/es\/#organization"},"image":{"@id":"https:\/\/www.cgfmanet.org\/es\/infoesfera\/iglesia\/celebracion-salesiana-al-cardenal-angel-fernandez-artime\/#primaryimage"},"thumbnailUrl":"https:\/\/www.cgfmanet.org\/wp-content\/uploads\/2023\/10\/Card-Artime.jpg","keywords":["Spiritualit\u00e0 Salesiana","Familia Salesiana","Rector Mayor","Focus"],"articleSection":["Infoesfera","Iglesia"],"inLanguage":"es","potentialAction":[{"@type":"CommentAction","name":"Comment","target":["https:\/\/www.cgfmanet.org\/es\/infoesfera\/iglesia\/celebracion-salesiana-al-cardenal-angel-fernandez-artime\/#respond"]}]},{"@type":"WebPage","@id":"https:\/\/www.cgfmanet.org\/es\/infoesfera\/iglesia\/celebracion-salesiana-al-cardenal-angel-fernandez-artime\/","url":"https:\/\/www.cgfmanet.org\/es\/infoesfera\/iglesia\/celebracion-salesiana-al-cardenal-angel-fernandez-artime\/","name":"Celebraci\u00f3n salesiana al Cardenal \u00c1ngel Fern\u00e1ndez Artime &#8226; Istituto Figlie di Maria Ausiliatrice","isPartOf":{"@id":"https:\/\/www.cgfmanet.org\/es\/#website"},"primaryImageOfPage":{"@id":"https:\/\/www.cgfmanet.org\/es\/infoesfera\/iglesia\/celebracion-salesiana-al-cardenal-angel-fernandez-artime\/#primaryimage"},"image":{"@id":"https:\/\/www.cgfmanet.org\/es\/infoesfera\/iglesia\/celebracion-salesiana-al-cardenal-angel-fernandez-artime\/#primaryimage"},"thumbnailUrl":"https:\/\/www.cgfmanet.org\/wp-content\/uploads\/2023\/10\/Card-Artime.jpg","datePublished":"2023-10-03T15:58:55+00:00","dateModified":"2023-10-07T20:29:56+00:00","description":"El 30 de septiembre de 2023 en Roma, en la Plaza de San Pedro, durante el Consistorio P\u00fablico Ordinario, el Papa Francisco cre\u00f3 Cardenal al Rector Mayor de los Salesianos de Don Bosco, Don \u00c1ngel Fern\u00e1ndez Artime.","breadcrumb":{"@id":"https:\/\/www.cgfmanet.org\/es\/infoesfera\/iglesia\/celebracion-salesiana-al-cardenal-angel-fernandez-artime\/#breadcrumb"},"inLanguage":"es","potentialAction":[{"@type":"ReadAction","target":["https:\/\/www.cgfmanet.org\/es\/infoesfera\/iglesia\/celebracion-salesiana-al-cardenal-angel-fernandez-artime\/"]}]},{"@type":"ImageObject","inLanguage":"es","@id":"https:\/\/www.cgfmanet.org\/es\/infoesfera\/iglesia\/celebracion-salesiana-al-cardenal-angel-fernandez-artime\/#primaryimage","url":"https:\/\/www.cgfmanet.org\/wp-content\/uploads\/2023\/10\/Card-Artime.jpg","contentUrl":"https:\/\/www.cgfmanet.org\/wp-content\/uploads\/2023\/10\/Card-Artime.jpg","width":1024,"height":683},{"@type":"BreadcrumbList","@id":"https:\/\/www.cgfmanet.org\/es\/infoesfera\/iglesia\/celebracion-salesiana-al-cardenal-angel-fernandez-artime\/#breadcrumb","itemListElement":[{"@type":"ListItem","position":1,"name":"Home","item":"https:\/\/www.cgfmanet.org\/es\/"},{"@type":"ListItem","position":2,"name":"Celebraci\u00f3n salesiana al Cardenal \u00c1ngel Fern\u00e1ndez Artime"}]},{"@type":"WebSite","@id":"https:\/\/www.cgfmanet.org\/es\/#website","url":"https:\/\/www.cgfmanet.org\/es\/","name":"Istituto Figlie di Maria Ausiliatrice","description":"Salesiane di Don Bosco","publisher":{"@id":"https:\/\/www.cgfmanet.org\/es\/#organization"},"potentialAction":[{"@type":"SearchAction","target":{"@type":"EntryPoint","urlTemplate":"https:\/\/www.cgfmanet.org\/es\/?s={search_term_string}"},"query-input":{"@type":"PropertyValueSpecification","valueRequired":true,"valueName":"search_term_string"}}],"inLanguage":"es"},{"@type":"Organization","@id":"https:\/\/www.cgfmanet.org\/es\/#organization","name":"Istituto Figlie di Maria Ausiliatrice","url":"https:\/\/www.cgfmanet.org\/es\/","logo":{"@type":"ImageObject","inLanguage":"es","@id":"https:\/\/www.cgfmanet.org\/es\/#\/schema\/logo\/image\/","url":"https:\/\/www.cgfmanet.org\/wp-content\/uploads\/2018\/10\/logo-fma.png","contentUrl":"https:\/\/www.cgfmanet.org\/wp-content\/uploads\/2018\/10\/logo-fma.png","width":214,"height":55,"caption":"Istituto Figlie di Maria Ausiliatrice"},"image":{"@id":"https:\/\/www.cgfmanet.org\/es\/#\/schema\/logo\/image\/"},"sameAs":["https:\/\/www.facebook.com\/salesian.sisters.of.don.bosco\/","https:\/\/x.com\/Cgfmanet_Org","https:\/\/www.youtube.com\/channel\/UCmcr8yFQBV7JXeXVxyV9y5Q"]},{"@type":"Person","@id":"https:\/\/www.cgfmanet.org\/es\/#\/schema\/person\/ce6473083f53ef0ef882cca23f0c8fb9","name":"Redazione"}]}},"_links":{"self":[{"href":"https:\/\/www.cgfmanet.org\/es\/wp-json\/wp\/v2\/posts\/97187","targetHints":{"allow":["GET"]}}],"collection":[{"href":"https:\/\/www.cgfmanet.org\/es\/wp-json\/wp\/v2\/posts"}],"about":[{"href":"https:\/\/www.cgfmanet.org\/es\/wp-json\/wp\/v2\/types\/post"}],"author":[{"embeddable":true,"href":"https:\/\/www.cgfmanet.org\/es\/wp-json\/wp\/v2\/users\/21"}],"replies":[{"embeddable":true,"href":"https:\/\/www.cgfmanet.org\/es\/wp-json\/wp\/v2\/comments?post=97187"}],"version-history":[{"count":0,"href":"https:\/\/www.cgfmanet.org\/es\/wp-json\/wp\/v2\/posts\/97187\/revisions"}],"wp:featuredmedia":[{"embeddable":true,"href":"https:\/\/www.cgfmanet.org\/es\/wp-json\/wp\/v2\/media\/97162"}],"wp:attachment":[{"href":"https:\/\/www.cgfmanet.org\/es\/wp-json\/wp\/v2\/media?parent=97187"}],"wp:term":[{"taxonomy":"category","embeddable":true,"href":"https:\/\/www.cgfmanet.org\/es\/wp-json\/wp\/v2\/categories?post=97187"},{"taxonomy":"post_tag","embeddable":true,"href":"https:\/\/www.cgfmanet.org\/es\/wp-json\/wp\/v2\/tags?post=97187"}],"curies":[{"name":"wp","href":"https:\/\/api.w.org\/{rel}","templated":true}]}}