{"id":95097,"date":"2023-09-01T08:30:33","date_gmt":"2023-09-01T06:30:33","guid":{"rendered":"https:\/\/www.cgfmanet.org\/infoesfera\/beata-laura-vicuna-giovane-generativa-di-riconciliazione\/"},"modified":"2023-09-02T17:12:55","modified_gmt":"2023-09-02T15:12:55","slug":"beata-laura-vicuna-joven-generadora-de-reconciliacion","status":"publish","type":"post","link":"https:\/\/www.cgfmanet.org\/es\/ifma-es\/beata-laura-vicuna-joven-generadora-de-reconciliacion\/","title":{"rendered":"Beata Laura Vicu\u00f1a: joven &#8216;generadora&#8217; de reconciliaci\u00f3n"},"content":{"rendered":"<p><strong>Roma (Italia). <\/strong>El 3 de septiembre de 2023 se cumple el 35\u00ba aniversario de la Beatificaci\u00f3n de <span style=\"color: #0000ff;\"><strong><a style=\"color: #0000ff;\" href=\"https:\/\/drive.google.com\/drive\/folders\/1ktuLK46AzmsE20I1wql_YlWBCTGt9ehP\" target=\"_blank\" rel=\"noopener\">Laura Vicu\u00f1a<\/a><\/strong><\/span> (5 de abril de 1891 &#8211; 22 de enero de 1904), fruto de la santidad juvenil del Sistema Preventivo Salesiano. Corr\u00eda el a\u00f1o 1988, a\u00f1o del centenario de la muerte de Don Bosco y la celebraci\u00f3n en la que San Juan Pablo II beatific\u00f3 a la joven tuvo lugar en el Colle Don Bosco, Castelnuovo Don Bosco (Asti), al final del \u00abConfronto &#8217;88\u00bb.<\/p>\n<p><strong>Esta alumna de las Hijas de Mar\u00eda Auxiliadora de Jun\u00edn de los Andes, en Argentina, ofrece un testimonio de c\u00f3mo el Evangelio vivido radicalmente puede transformar una situaci\u00f3n de violencia en una ocasi\u00f3n de reconciliaci\u00f3n.<\/strong><\/p>\n<p>Inmediatamente despu\u00e9s de su Primera Comuni\u00f3n, Laura sinti\u00f3 el deseo de consagrarse a Dios con sus votos y dedicar su vida a educar a las ni\u00f1as. Sin embargo, hubo un impedimento que hizo que no pudiera ser aceptada entre las Hijas de Mar\u00eda Auxiliadora. La condici\u00f3n de la madre, do\u00f1a Mercedes Pino, que viv\u00eda con Manuel Mora en una <em>estancia,<\/em> finca destinada a la cr\u00eda de ganado, hab\u00eda provocado sospechas infundadas sobre la ilegitimidad del nacimiento de Laura. A este sufrimiento se sum\u00f3 el inmenso disgusto por la situaci\u00f3n de la madre.<\/p>\n<p>Despu\u00e9s del primer a\u00f1o en el Colegio <em>Mar\u00eda Auxiliadora <\/em>de Jun\u00edn, durante las vacaciones de 1902, Laura regres\u00f3 a Quilquihu\u00e9, junto a Mora. Consciente de la situaci\u00f3n, deposit\u00f3 toda su confianza en la medalla de la Inmaculada Concepci\u00f3n de las Hijas de Mar\u00eda, que llevaba colgada del cuello como escudo inmejorable. Do\u00f1a Mercedes ten\u00eda un aire triste, parec\u00eda envejecida, porque poco a poco sus sue\u00f1os sobre Manuel Mora se hab\u00edan desvanecido: ese hombre, que se hab\u00eda revelado violento y desp\u00f3tico, no le daba la felicidad prometida.<\/p>\n<p>Manuel Mora mostr\u00f3 \u00abparticulares\u00bb atenciones hacia Laura y, durante aquellas vacaciones, intent\u00f3 tenderle emboscadas, todas sin \u00e9xito, para aprovecharse de ella. Laura, extremadamente sensible, le costaba vivir all\u00ed, lejos de la posibilidad de participar en la Eucarist\u00eda y recibir los Sacramentos. Era consciente de que su madre viv\u00eda lejos de la gracia de Dios y esperaba su conversi\u00f3n. Adem\u00e1s, Mercedes concentr\u00f3 su sensibilidad maternal en su hija menor, Giulia Amandina, y Laura, al darse cuenta, sufr\u00eda en silencio.<\/p>\n<p>Al regresar al Colegio ya no como educanda, sino como interna destinada en la casa de las hermanas, Laura se encarg\u00f3 de cuidar de las internas m\u00e1s j\u00f3venes a las que ense\u00f1aba a orar y daba consejos, con un marcado esp\u00edritu maternal, lleno de amabilidad y caridad. En septiembre se realizaron los ejercicios espirituales sobre la muerte, el infierno y el cielo. Ya en ese per\u00edodo la joven Laura, midi\u00e9ndose con el cuarto mandamiento, \u00abHonra a tu padre y a tu madre\u00bb, hab\u00eda madurado la decisi\u00f3n de ofrecer su vida por su madre, oraba y soportaba mortificaciones con la intenci\u00f3n de ver a su madre &#8216;libre de Mora\u2019.<\/p>\n<p><strong>\u00bfDe d\u00f3nde sac\u00f3 esta ni\u00f1a de trece a\u00f1os la fuerza para ofrecer su vida por la paz y la reconciliaci\u00f3n del coraz\u00f3n de su madre? <\/strong>Fue un comentario al pasaje evang\u00e9lico del Buen Pastor que da la vida por sus ovejas lo que hizo germinar este deseo en su coraz\u00f3n. Laura pidi\u00f3 permiso a su confesor, don Augusto Crestanello, para ofrecerse al Sagrado Coraz\u00f3n de Jes\u00fas como v\u00edctima por la salvaci\u00f3n de su madre y no poner obst\u00e1culos a su deseo de perfecta caridad.<\/p>\n<p>El confesor reflexion\u00f3: Laura se distingu\u00eda de las dem\u00e1s ni\u00f1as de su edad, hab\u00eda hecho sus votos en privado, amaba tiernamente a su madre, quer\u00eda hacer todo para la gloria de Dios y el bien del pr\u00f3jimo. Era claro que el Esp\u00edritu Santo estaba infundi\u00e9ndole un ardor superior a su edad. Por tanto, el sacerdote, despu\u00e9s de repetidas insistencias, concedi\u00f3 su consentimiento. Mientras tanto, la enfermedad amenazaba su salud.<\/p>\n<p>Laura logr\u00f3 permanecer en el Colegio hasta los Ejercicios Espirituales de 1903, cuando fue llevada a la <em>estancia <\/em>de Quilquihu\u00e9 por Do\u00f1a Mercedes, en un intento de promover un mejoramiento. Sin embargo, la <em>estancia <\/em>le trajo recuerdos tristes e incluso la bienvenida de Mora no fue cordial. El agravamiento de la enfermedad de Laura hizo que Do\u00f1a Mercedes decidiera mudarse sola con sus dos hijas a Jun\u00edn, en una casa alquilada. Laura rogaba continuamente a su madre que dejara al hombre que, incluso all\u00ed, hab\u00eda llegado a maltratarla. Fue en su lecho de muerte, el 22 de enero de 1904, cuando Laura revel\u00f3 su secreto a su madre y el ofrecimiento de su vida para su reconciliaci\u00f3n interior. Mercedes le jur\u00f3 que cambiar\u00eda su vida.<\/p>\n<p>El testimonio de Laura es una historia de violencia que encuentra una soluci\u00f3n inesperada en la disponibilidad radical de esta ni\u00f1a al Evangelio. <strong>Es una par\u00e1bola evang\u00e9lica &#8216;generativa&#8217;: la vida nueva, en cualquier \u00e1mbito, se genera en el dolor. <\/strong>Mercedes, que hab\u00eda engendrado a su hija Laura para la vida f\u00edsica, fue engendrada para la vida de gracia y paz por su propia hija.<\/p>\n\r\n                <style type=\"text\/css\">\r\n                    \r\n                    #tdi_1  .td-doubleSlider-2 .td-item1 {\r\n                        background: url(https:\/\/www.cgfmanet.org\/wp-content\/uploads\/2023\/09\/beatificazione-Laura-Vicuna-1-80x60.jpg) 0 0 no-repeat;\r\n                    }\r\n                    #tdi_1  .td-doubleSlider-2 .td-item2 {\r\n                        background: url(https:\/\/www.cgfmanet.org\/wp-content\/uploads\/2023\/09\/beatificazione-Laura-Vicuna-2-80x60.jpg) 0 0 no-repeat;\r\n                    }\r\n                    #tdi_1  .td-doubleSlider-2 .td-item3 {\r\n                        background: url(https:\/\/www.cgfmanet.org\/wp-content\/uploads\/2023\/09\/beatificazione-Laura-Vicuna-6-80x60.jpg) 0 0 no-repeat;\r\n                    }\r\n                    #tdi_1  .td-doubleSlider-2 .td-item4 {\r\n                        background: url(https:\/\/www.cgfmanet.org\/wp-content\/uploads\/2023\/09\/beatificazione-Laura-Vicuna-3-80x60.jpg) 0 0 no-repeat;\r\n                    }\r\n                    #tdi_1  .td-doubleSlider-2 .td-item5 {\r\n                        background: url(https:\/\/www.cgfmanet.org\/wp-content\/uploads\/2023\/09\/beatificazione-Laura-Vicuna-4-80x60.jpg) 0 0 no-repeat;\r\n                    }\r\n                    #tdi_1  .td-doubleSlider-2 .td-item6 {\r\n                        background: url(https:\/\/www.cgfmanet.org\/wp-content\/uploads\/2023\/09\/beatificazione-Laura-Vicuna-5-80x60.jpg) 0 0 no-repeat;\r\n                    }\r\n                    #tdi_1  .td-doubleSlider-2 .td-item7 {\r\n                        background: url(https:\/\/www.cgfmanet.org\/wp-content\/uploads\/2023\/09\/beatificazione-Laura-Vicuna-7-80x60.jpg) 0 0 no-repeat;\r\n                    }\r\n                <\/style>\r\n\r\n                <div id=\"tdi_1\" class=\"td-gallery td-slide-on-2-columns\">\r\n                    <div class=\"post_td_gallery\">\r\n                        <div class=\"td-gallery-slide-top\">\r\n                           <div class=\"td-gallery-title\"><\/div>\r\n\r\n                            <div class=\"td-gallery-controls-wrapper\">\r\n                                <div class=\"td-gallery-slide-count\"><span class=\"td-gallery-slide-item-focus\">1<\/span> de 7<\/div>\r\n                                <div class=\"td-gallery-slide-prev-next-but\">\r\n                                    <i class = \"td-icon-left doubleSliderPrevButton\"><\/i>\r\n                                    <i class = \"td-icon-right doubleSliderNextButton\"><\/i>\r\n                                <\/div>\r\n                            <\/div>\r\n                        <\/div>\r\n\r\n                        <div class = \"td-doubleSlider-1 \">\r\n                            <div class = \"td-slider\">\r\n                                \r\n                    <div class = \"td-slide-item td-item1\">\r\n                        <figure class=\"td-slide-galery-figure td-slide-popup-gallery\">\r\n                            <a class=\"slide-gallery-image-link\" href=\"https:\/\/www.cgfmanet.org\/wp-content\/uploads\/2023\/09\/beatificazione-Laura-Vicuna-1.jpg\" title=\"beatificazione Laura Vicuna 1\"  data-caption=\"\"  data-description=\"\">\r\n                                <img decoding=\"async\" data-src=\"https:\/\/www.cgfmanet.org\/wp-content\/uploads\/2023\/09\/beatificazione-Laura-Vicuna-1-629x420.jpg\" data-srcset=\"https:\/\/www.cgfmanet.org\/wp-content\/uploads\/2023\/09\/beatificazione-Laura-Vicuna-1-629x420.jpg 629w, https:\/\/www.cgfmanet.org\/wp-content\/uploads\/2023\/09\/beatificazione-Laura-Vicuna-1-768x512.jpg 768w, https:\/\/www.cgfmanet.org\/wp-content\/uploads\/2023\/09\/beatificazione-Laura-Vicuna-1-696x464.jpg 696w, https:\/\/www.cgfmanet.org\/wp-content\/uploads\/2023\/09\/beatificazione-Laura-Vicuna-1.jpg 1181w\" data-sizes=\"auto\" alt=\"\" src=\"data:image\/svg+xml;base64,PHN2ZyB3aWR0aD0iMSIgaGVpZ2h0PSIxIiB4bWxucz0iaHR0cDovL3d3dy53My5vcmcvMjAwMC9zdmciPjwvc3ZnPg==\" class=\"lazyload\" style=\"--smush-placeholder-width: 629px; --smush-placeholder-aspect-ratio: 629\/420;\" data-original-sizes=\"(max-width: 629px) 100vw, 629px\">\r\n                            <\/a>\r\n                            \r\n                        <\/figure>\r\n                    <\/div>\r\n                    <div class = \"td-slide-item td-item2\">\r\n                        <figure class=\"td-slide-galery-figure td-slide-popup-gallery\">\r\n                            <a class=\"slide-gallery-image-link\" href=\"https:\/\/www.cgfmanet.org\/wp-content\/uploads\/2023\/09\/beatificazione-Laura-Vicuna-2.jpg\" title=\"beatificazione Laura Vicuna 2\"  data-caption=\"\"  data-description=\"\">\r\n                                <img decoding=\"async\" data-src=\"https:\/\/www.cgfmanet.org\/wp-content\/uploads\/2023\/09\/beatificazione-Laura-Vicuna-2-629x420.jpg\" data-srcset=\"https:\/\/www.cgfmanet.org\/wp-content\/uploads\/2023\/09\/beatificazione-Laura-Vicuna-2-629x420.jpg 629w, https:\/\/www.cgfmanet.org\/wp-content\/uploads\/2023\/09\/beatificazione-Laura-Vicuna-2-768x512.jpg 768w, https:\/\/www.cgfmanet.org\/wp-content\/uploads\/2023\/09\/beatificazione-Laura-Vicuna-2-696x464.jpg 696w, https:\/\/www.cgfmanet.org\/wp-content\/uploads\/2023\/09\/beatificazione-Laura-Vicuna-2.jpg 1181w\" data-sizes=\"auto\" alt=\"\" src=\"data:image\/svg+xml;base64,PHN2ZyB3aWR0aD0iMSIgaGVpZ2h0PSIxIiB4bWxucz0iaHR0cDovL3d3dy53My5vcmcvMjAwMC9zdmciPjwvc3ZnPg==\" class=\"lazyload\" style=\"--smush-placeholder-width: 629px; --smush-placeholder-aspect-ratio: 629\/420;\" data-original-sizes=\"(max-width: 629px) 100vw, 629px\">\r\n                            <\/a>\r\n                            \r\n                        <\/figure>\r\n                    <\/div>\r\n                    <div class = \"td-slide-item td-item3\">\r\n                        <figure class=\"td-slide-galery-figure td-slide-popup-gallery\">\r\n                            <a class=\"slide-gallery-image-link\" href=\"https:\/\/www.cgfmanet.org\/wp-content\/uploads\/2023\/09\/beatificazione-Laura-Vicuna-6.jpg\" title=\"beatificazione Laura Vicuna 6\"  data-caption=\"\"  data-description=\"\">\r\n                                <img decoding=\"async\" data-src=\"https:\/\/www.cgfmanet.org\/wp-content\/uploads\/2023\/09\/beatificazione-Laura-Vicuna-6-347x420.jpg\" data-srcset=\"https:\/\/www.cgfmanet.org\/wp-content\/uploads\/2023\/09\/beatificazione-Laura-Vicuna-6-347x420.jpg 347w, https:\/\/www.cgfmanet.org\/wp-content\/uploads\/2023\/09\/beatificazione-Laura-Vicuna-6-768x929.jpg 768w, https:\/\/www.cgfmanet.org\/wp-content\/uploads\/2023\/09\/beatificazione-Laura-Vicuna-6-696x842.jpg 696w, https:\/\/www.cgfmanet.org\/wp-content\/uploads\/2023\/09\/beatificazione-Laura-Vicuna-6.jpg 1181w\" data-sizes=\"auto\" alt=\"\" src=\"data:image\/svg+xml;base64,PHN2ZyB3aWR0aD0iMSIgaGVpZ2h0PSIxIiB4bWxucz0iaHR0cDovL3d3dy53My5vcmcvMjAwMC9zdmciPjwvc3ZnPg==\" class=\"lazyload\" style=\"--smush-placeholder-width: 347px; --smush-placeholder-aspect-ratio: 347\/420;\" data-original-sizes=\"(max-width: 347px) 100vw, 347px\">\r\n                            <\/a>\r\n                            \r\n                        <\/figure>\r\n                    <\/div>\r\n                    <div class = \"td-slide-item td-item4\">\r\n                        <figure class=\"td-slide-galery-figure td-slide-popup-gallery\">\r\n                            <a class=\"slide-gallery-image-link\" href=\"https:\/\/www.cgfmanet.org\/wp-content\/uploads\/2023\/09\/beatificazione-Laura-Vicuna-3.jpg\" title=\"beatificazione Laura Vicuna 3\"  data-caption=\"\"  data-description=\"\">\r\n                                <img decoding=\"async\" data-src=\"https:\/\/www.cgfmanet.org\/wp-content\/uploads\/2023\/09\/beatificazione-Laura-Vicuna-3-629x420.jpg\" data-srcset=\"https:\/\/www.cgfmanet.org\/wp-content\/uploads\/2023\/09\/beatificazione-Laura-Vicuna-3-629x420.jpg 629w, https:\/\/www.cgfmanet.org\/wp-content\/uploads\/2023\/09\/beatificazione-Laura-Vicuna-3-768x512.jpg 768w, https:\/\/www.cgfmanet.org\/wp-content\/uploads\/2023\/09\/beatificazione-Laura-Vicuna-3-696x464.jpg 696w, https:\/\/www.cgfmanet.org\/wp-content\/uploads\/2023\/09\/beatificazione-Laura-Vicuna-3.jpg 1181w\" data-sizes=\"auto\" alt=\"\" src=\"data:image\/svg+xml;base64,PHN2ZyB3aWR0aD0iMSIgaGVpZ2h0PSIxIiB4bWxucz0iaHR0cDovL3d3dy53My5vcmcvMjAwMC9zdmciPjwvc3ZnPg==\" class=\"lazyload\" style=\"--smush-placeholder-width: 629px; --smush-placeholder-aspect-ratio: 629\/420;\" data-original-sizes=\"(max-width: 629px) 100vw, 629px\">\r\n                            <\/a>\r\n                            \r\n                        <\/figure>\r\n                    <\/div>\r\n                    <div class = \"td-slide-item td-item5\">\r\n                        <figure class=\"td-slide-galery-figure td-slide-popup-gallery\">\r\n                            <a class=\"slide-gallery-image-link\" href=\"https:\/\/www.cgfmanet.org\/wp-content\/uploads\/2023\/09\/beatificazione-Laura-Vicuna-4.jpg\" title=\"beatificazione Laura Vicuna 4\"  data-caption=\"\"  data-description=\"\">\r\n                                <img decoding=\"async\" data-src=\"https:\/\/www.cgfmanet.org\/wp-content\/uploads\/2023\/09\/beatificazione-Laura-Vicuna-4-552x420.jpg\" data-srcset=\"https:\/\/www.cgfmanet.org\/wp-content\/uploads\/2023\/09\/beatificazione-Laura-Vicuna-4-552x420.jpg 552w, https:\/\/www.cgfmanet.org\/wp-content\/uploads\/2023\/09\/beatificazione-Laura-Vicuna-4-768x585.jpg 768w, https:\/\/www.cgfmanet.org\/wp-content\/uploads\/2023\/09\/beatificazione-Laura-Vicuna-4-696x530.jpg 696w, https:\/\/www.cgfmanet.org\/wp-content\/uploads\/2023\/09\/beatificazione-Laura-Vicuna-4-80x60.jpg 80w, https:\/\/www.cgfmanet.org\/wp-content\/uploads\/2023\/09\/beatificazione-Laura-Vicuna-4.jpg 1181w\" data-sizes=\"auto\" alt=\"\" src=\"data:image\/svg+xml;base64,PHN2ZyB3aWR0aD0iMSIgaGVpZ2h0PSIxIiB4bWxucz0iaHR0cDovL3d3dy53My5vcmcvMjAwMC9zdmciPjwvc3ZnPg==\" class=\"lazyload\" style=\"--smush-placeholder-width: 552px; --smush-placeholder-aspect-ratio: 552\/420;\" data-original-sizes=\"(max-width: 552px) 100vw, 552px\">\r\n                            <\/a>\r\n                            \r\n                        <\/figure>\r\n                    <\/div>\r\n                    <div class = \"td-slide-item td-item6\">\r\n                        <figure class=\"td-slide-galery-figure td-slide-popup-gallery\">\r\n                            <a class=\"slide-gallery-image-link\" href=\"https:\/\/www.cgfmanet.org\/wp-content\/uploads\/2023\/09\/beatificazione-Laura-Vicuna-5.jpg\" title=\"beatificazione Laura Vicuna 5\"  data-caption=\"\"  data-description=\"\">\r\n                                <img decoding=\"async\" data-src=\"https:\/\/www.cgfmanet.org\/wp-content\/uploads\/2023\/09\/beatificazione-Laura-Vicuna-5-347x420.jpg\" data-srcset=\"https:\/\/www.cgfmanet.org\/wp-content\/uploads\/2023\/09\/beatificazione-Laura-Vicuna-5-347x420.jpg 347w, https:\/\/www.cgfmanet.org\/wp-content\/uploads\/2023\/09\/beatificazione-Laura-Vicuna-5-768x930.jpg 768w, https:\/\/www.cgfmanet.org\/wp-content\/uploads\/2023\/09\/beatificazione-Laura-Vicuna-5-696x843.jpg 696w, https:\/\/www.cgfmanet.org\/wp-content\/uploads\/2023\/09\/beatificazione-Laura-Vicuna-5.jpg 1181w\" data-sizes=\"auto\" alt=\"\" src=\"data:image\/svg+xml;base64,PHN2ZyB3aWR0aD0iMSIgaGVpZ2h0PSIxIiB4bWxucz0iaHR0cDovL3d3dy53My5vcmcvMjAwMC9zdmciPjwvc3ZnPg==\" class=\"lazyload\" style=\"--smush-placeholder-width: 347px; --smush-placeholder-aspect-ratio: 347\/420;\" data-original-sizes=\"(max-width: 347px) 100vw, 347px\">\r\n                            <\/a>\r\n                            \r\n                        <\/figure>\r\n                    <\/div>\r\n                    <div class = \"td-slide-item td-item7\">\r\n                        <figure class=\"td-slide-galery-figure td-slide-popup-gallery\">\r\n                            <a class=\"slide-gallery-image-link\" href=\"https:\/\/www.cgfmanet.org\/wp-content\/uploads\/2023\/09\/beatificazione-Laura-Vicuna-7.jpg\" title=\"beatificazione Laura Vicuna 7\"  data-caption=\"\"  data-description=\"\">\r\n                                <img decoding=\"async\" data-src=\"https:\/\/www.cgfmanet.org\/wp-content\/uploads\/2023\/09\/beatificazione-Laura-Vicuna-7-347x420.jpg\" data-srcset=\"https:\/\/www.cgfmanet.org\/wp-content\/uploads\/2023\/09\/beatificazione-Laura-Vicuna-7-347x420.jpg 347w, https:\/\/www.cgfmanet.org\/wp-content\/uploads\/2023\/09\/beatificazione-Laura-Vicuna-7-768x929.jpg 768w, https:\/\/www.cgfmanet.org\/wp-content\/uploads\/2023\/09\/beatificazione-Laura-Vicuna-7-696x842.jpg 696w, https:\/\/www.cgfmanet.org\/wp-content\/uploads\/2023\/09\/beatificazione-Laura-Vicuna-7.jpg 1181w\" data-sizes=\"auto\" alt=\"\" src=\"data:image\/svg+xml;base64,PHN2ZyB3aWR0aD0iMSIgaGVpZ2h0PSIxIiB4bWxucz0iaHR0cDovL3d3dy53My5vcmcvMjAwMC9zdmciPjwvc3ZnPg==\" class=\"lazyload\" style=\"--smush-placeholder-width: 347px; --smush-placeholder-aspect-ratio: 347\/420;\" data-original-sizes=\"(max-width: 347px) 100vw, 347px\">\r\n                            <\/a>\r\n                            \r\n                        <\/figure>\r\n                    <\/div>\r\n                            <\/div>\r\n                        <\/div>\r\n\r\n                        <div class = \"td-doubleSlider-2\">\r\n                            <div class = \"td-slider\">\r\n                                \r\n                    <div class = \"td-button td-item1\">\r\n                        <div class = \"td-border\"><\/div>\r\n                    <\/div>\r\n                    <div class = \"td-button td-item2\">\r\n                        <div class = \"td-border\"><\/div>\r\n                    <\/div>\r\n                    <div class = \"td-button td-item3\">\r\n                        <div class = \"td-border\"><\/div>\r\n                    <\/div>\r\n                    <div class = \"td-button td-item4\">\r\n                        <div class = \"td-border\"><\/div>\r\n                    <\/div>\r\n                    <div class = \"td-button td-item5\">\r\n                        <div class = \"td-border\"><\/div>\r\n                    <\/div>\r\n                    <div class = \"td-button td-item6\">\r\n                        <div class = \"td-border\"><\/div>\r\n                    <\/div>\r\n                    <div class = \"td-button td-item7\">\r\n                        <div class = \"td-border\"><\/div>\r\n                    <\/div>\r\n                            <\/div>\r\n                        <\/div>\r\n\r\n                    <\/div>\r\n\r\n                <\/div>\r\n                \n","protected":false},"excerpt":{"rendered":"<p>Roma (Italia). El 3 de septiembre de 2023 se cumple el 35\u00ba aniversario de la Beatificaci\u00f3n de Laura Vicu\u00f1a (5 de abril de 1891 &#8211; 22 de enero de 1904), [&hellip;]<\/p>\n","protected":false},"author":21,"featured_media":95057,"comment_status":"open","ping_status":"closed","sticky":false,"template":"","format":"standard","meta":{"footnotes":""},"categories":[167,158],"tags":[359,1160,1451,1931,2283],"class_list":["post-95097","post","type-post","status-publish","format-standard","has-post-thumbnail","category-carisma-salesiano-es","category-ifma-es","tag-laura-vicuna-es","tag-generatividad","tag-santidad-salesiana","tag-focus-es","tag-ifma-es"],"yoast_head":"<!-- This site is optimized with the Yoast SEO plugin v27.4 - https:\/\/yoast.com\/product\/yoast-seo-wordpress\/ -->\n<title>Beata Laura Vicu\u00f1a: joven &#039;generadora&#039; de reconciliaci\u00f3n &#8226; Istituto Figlie di Maria Ausiliatrice<\/title>\n<meta name=\"description\" content=\"El 3 de septiembre de 2023 se cumple el 35\u00ba aniversario de la beatificaci\u00f3n de Laura Vicu\u00f1a, que tuvo lugar en el Colle Don Bosco en el centenario de la muerte de Don Bosco.\" \/>\n<meta name=\"robots\" content=\"index, follow, max-snippet:-1, max-image-preview:large, max-video-preview:-1\" \/>\n<link rel=\"canonical\" href=\"https:\/\/www.cgfmanet.org\/es\/ifma-es\/beata-laura-vicuna-joven-generadora-de-reconciliacion\/\" \/>\n<meta property=\"og:locale\" content=\"es_ES\" \/>\n<meta property=\"og:type\" content=\"article\" \/>\n<meta property=\"og:title\" content=\"Beata Laura Vicu\u00f1a: joven &#039;generadora&#039; de reconciliaci\u00f3n &#8226; Istituto Figlie di Maria Ausiliatrice\" \/>\n<meta property=\"og:description\" content=\"El 3 de septiembre de 2023 se cumple el 35\u00ba aniversario de la beatificaci\u00f3n de Laura Vicu\u00f1a, que tuvo lugar en el Colle Don Bosco en el centenario de la muerte de Don Bosco.\" \/>\n<meta property=\"og:url\" content=\"https:\/\/www.cgfmanet.org\/es\/ifma-es\/beata-laura-vicuna-joven-generadora-de-reconciliacion\/\" \/>\n<meta property=\"og:site_name\" content=\"Istituto Figlie di Maria Ausiliatrice\" \/>\n<meta property=\"article:publisher\" content=\"https:\/\/www.facebook.com\/salesian.sisters.of.don.bosco\/\" \/>\n<meta property=\"article:published_time\" content=\"2023-09-01T06:30:33+00:00\" \/>\n<meta property=\"article:modified_time\" content=\"2023-09-02T15:12:55+00:00\" \/>\n<meta property=\"og:image\" content=\"https:\/\/www.cgfmanet.org\/wp-content\/uploads\/2023\/09\/beatificazione-Laura.jpg\" \/>\n\t<meta property=\"og:image:width\" content=\"1181\" \/>\n\t<meta property=\"og:image:height\" content=\"788\" \/>\n\t<meta property=\"og:image:type\" content=\"image\/jpeg\" \/>\n<meta name=\"author\" content=\"Redazione\" \/>\n<meta name=\"twitter:card\" content=\"summary_large_image\" \/>\n<meta name=\"twitter:creator\" content=\"@Cgfmanet_Org\" \/>\n<meta name=\"twitter:site\" content=\"@Cgfmanet_Org\" \/>\n<meta name=\"twitter:label1\" content=\"Escrito por\" \/>\n\t<meta name=\"twitter:data1\" content=\"Redazione\" \/>\n\t<meta name=\"twitter:label2\" content=\"Tiempo de lectura\" \/>\n\t<meta name=\"twitter:data2\" content=\"5 minutos\" \/>\n<script type=\"application\/ld+json\" class=\"yoast-schema-graph\">{\"@context\":\"https:\\\/\\\/schema.org\",\"@graph\":[{\"@type\":\"Article\",\"@id\":\"https:\\\/\\\/www.cgfmanet.org\\\/es\\\/ifma-es\\\/beata-laura-vicuna-joven-generadora-de-reconciliacion\\\/#article\",\"isPartOf\":{\"@id\":\"https:\\\/\\\/www.cgfmanet.org\\\/es\\\/ifma-es\\\/beata-laura-vicuna-joven-generadora-de-reconciliacion\\\/\"},\"author\":{\"name\":\"Redazione\",\"@id\":\"https:\\\/\\\/www.cgfmanet.org\\\/es\\\/#\\\/schema\\\/person\\\/ce6473083f53ef0ef882cca23f0c8fb9\"},\"headline\":\"Beata Laura Vicu\u00f1a: joven &#8216;generadora&#8217; de reconciliaci\u00f3n\",\"datePublished\":\"2023-09-01T06:30:33+00:00\",\"dateModified\":\"2023-09-02T15:12:55+00:00\",\"mainEntityOfPage\":{\"@id\":\"https:\\\/\\\/www.cgfmanet.org\\\/es\\\/ifma-es\\\/beata-laura-vicuna-joven-generadora-de-reconciliacion\\\/\"},\"wordCount\":912,\"commentCount\":0,\"publisher\":{\"@id\":\"https:\\\/\\\/www.cgfmanet.org\\\/es\\\/#organization\"},\"image\":{\"@id\":\"https:\\\/\\\/www.cgfmanet.org\\\/es\\\/ifma-es\\\/beata-laura-vicuna-joven-generadora-de-reconciliacion\\\/#primaryimage\"},\"thumbnailUrl\":\"https:\\\/\\\/www.cgfmanet.org\\\/wp-content\\\/uploads\\\/2023\\\/09\\\/beatificazione-Laura.jpg\",\"keywords\":[\"Laura Vicu\u00f1a\",\"Generatividad\",\"Santidad Salesiana\",\"Focus\",\"IFMA\"],\"articleSection\":[\"Carisma Salesiano\",\"IFMA\"],\"inLanguage\":\"es\",\"potentialAction\":[{\"@type\":\"CommentAction\",\"name\":\"Comment\",\"target\":[\"https:\\\/\\\/www.cgfmanet.org\\\/es\\\/ifma-es\\\/beata-laura-vicuna-joven-generadora-de-reconciliacion\\\/#respond\"]}]},{\"@type\":\"WebPage\",\"@id\":\"https:\\\/\\\/www.cgfmanet.org\\\/es\\\/ifma-es\\\/beata-laura-vicuna-joven-generadora-de-reconciliacion\\\/\",\"url\":\"https:\\\/\\\/www.cgfmanet.org\\\/es\\\/ifma-es\\\/beata-laura-vicuna-joven-generadora-de-reconciliacion\\\/\",\"name\":\"Beata Laura Vicu\u00f1a: joven 'generadora' de reconciliaci\u00f3n &#8226; Istituto Figlie di Maria Ausiliatrice\",\"isPartOf\":{\"@id\":\"https:\\\/\\\/www.cgfmanet.org\\\/es\\\/#website\"},\"primaryImageOfPage\":{\"@id\":\"https:\\\/\\\/www.cgfmanet.org\\\/es\\\/ifma-es\\\/beata-laura-vicuna-joven-generadora-de-reconciliacion\\\/#primaryimage\"},\"image\":{\"@id\":\"https:\\\/\\\/www.cgfmanet.org\\\/es\\\/ifma-es\\\/beata-laura-vicuna-joven-generadora-de-reconciliacion\\\/#primaryimage\"},\"thumbnailUrl\":\"https:\\\/\\\/www.cgfmanet.org\\\/wp-content\\\/uploads\\\/2023\\\/09\\\/beatificazione-Laura.jpg\",\"datePublished\":\"2023-09-01T06:30:33+00:00\",\"dateModified\":\"2023-09-02T15:12:55+00:00\",\"description\":\"El 3 de septiembre de 2023 se cumple el 35\u00ba aniversario de la beatificaci\u00f3n de Laura Vicu\u00f1a, que tuvo lugar en el Colle Don Bosco en el centenario de la muerte de Don Bosco.\",\"breadcrumb\":{\"@id\":\"https:\\\/\\\/www.cgfmanet.org\\\/es\\\/ifma-es\\\/beata-laura-vicuna-joven-generadora-de-reconciliacion\\\/#breadcrumb\"},\"inLanguage\":\"es\",\"potentialAction\":[{\"@type\":\"ReadAction\",\"target\":[\"https:\\\/\\\/www.cgfmanet.org\\\/es\\\/ifma-es\\\/beata-laura-vicuna-joven-generadora-de-reconciliacion\\\/\"]}]},{\"@type\":\"ImageObject\",\"inLanguage\":\"es\",\"@id\":\"https:\\\/\\\/www.cgfmanet.org\\\/es\\\/ifma-es\\\/beata-laura-vicuna-joven-generadora-de-reconciliacion\\\/#primaryimage\",\"url\":\"https:\\\/\\\/www.cgfmanet.org\\\/wp-content\\\/uploads\\\/2023\\\/09\\\/beatificazione-Laura.jpg\",\"contentUrl\":\"https:\\\/\\\/www.cgfmanet.org\\\/wp-content\\\/uploads\\\/2023\\\/09\\\/beatificazione-Laura.jpg\",\"width\":1181,\"height\":788},{\"@type\":\"BreadcrumbList\",\"@id\":\"https:\\\/\\\/www.cgfmanet.org\\\/es\\\/ifma-es\\\/beata-laura-vicuna-joven-generadora-de-reconciliacion\\\/#breadcrumb\",\"itemListElement\":[{\"@type\":\"ListItem\",\"position\":1,\"name\":\"Home\",\"item\":\"https:\\\/\\\/www.cgfmanet.org\\\/es\\\/\"},{\"@type\":\"ListItem\",\"position\":2,\"name\":\"Beata Laura Vicu\u00f1a: joven &#8216;generadora&#8217; de reconciliaci\u00f3n\"}]},{\"@type\":\"WebSite\",\"@id\":\"https:\\\/\\\/www.cgfmanet.org\\\/es\\\/#website\",\"url\":\"https:\\\/\\\/www.cgfmanet.org\\\/es\\\/\",\"name\":\"Istituto Figlie di Maria Ausiliatrice\",\"description\":\"Salesiane di Don Bosco\",\"publisher\":{\"@id\":\"https:\\\/\\\/www.cgfmanet.org\\\/es\\\/#organization\"},\"potentialAction\":[{\"@type\":\"SearchAction\",\"target\":{\"@type\":\"EntryPoint\",\"urlTemplate\":\"https:\\\/\\\/www.cgfmanet.org\\\/es\\\/?s={search_term_string}\"},\"query-input\":{\"@type\":\"PropertyValueSpecification\",\"valueRequired\":true,\"valueName\":\"search_term_string\"}}],\"inLanguage\":\"es\"},{\"@type\":\"Organization\",\"@id\":\"https:\\\/\\\/www.cgfmanet.org\\\/es\\\/#organization\",\"name\":\"Istituto Figlie di Maria Ausiliatrice\",\"url\":\"https:\\\/\\\/www.cgfmanet.org\\\/es\\\/\",\"logo\":{\"@type\":\"ImageObject\",\"inLanguage\":\"es\",\"@id\":\"https:\\\/\\\/www.cgfmanet.org\\\/es\\\/#\\\/schema\\\/logo\\\/image\\\/\",\"url\":\"https:\\\/\\\/www.cgfmanet.org\\\/wp-content\\\/uploads\\\/2018\\\/10\\\/logo-fma.png\",\"contentUrl\":\"https:\\\/\\\/www.cgfmanet.org\\\/wp-content\\\/uploads\\\/2018\\\/10\\\/logo-fma.png\",\"width\":214,\"height\":55,\"caption\":\"Istituto Figlie di Maria Ausiliatrice\"},\"image\":{\"@id\":\"https:\\\/\\\/www.cgfmanet.org\\\/es\\\/#\\\/schema\\\/logo\\\/image\\\/\"},\"sameAs\":[\"https:\\\/\\\/www.facebook.com\\\/salesian.sisters.of.don.bosco\\\/\",\"https:\\\/\\\/x.com\\\/Cgfmanet_Org\",\"https:\\\/\\\/www.youtube.com\\\/channel\\\/UCmcr8yFQBV7JXeXVxyV9y5Q\"]},{\"@type\":\"Person\",\"@id\":\"https:\\\/\\\/www.cgfmanet.org\\\/es\\\/#\\\/schema\\\/person\\\/ce6473083f53ef0ef882cca23f0c8fb9\",\"name\":\"Redazione\"}]}<\/script>\n<!-- \/ Yoast SEO plugin. -->","yoast_head_json":{"title":"Beata Laura Vicu\u00f1a: joven 'generadora' de reconciliaci\u00f3n &#8226; Istituto Figlie di Maria Ausiliatrice","description":"El 3 de septiembre de 2023 se cumple el 35\u00ba aniversario de la beatificaci\u00f3n de Laura Vicu\u00f1a, que tuvo lugar en el Colle Don Bosco en el centenario de la muerte de Don Bosco.","robots":{"index":"index","follow":"follow","max-snippet":"max-snippet:-1","max-image-preview":"max-image-preview:large","max-video-preview":"max-video-preview:-1"},"canonical":"https:\/\/www.cgfmanet.org\/es\/ifma-es\/beata-laura-vicuna-joven-generadora-de-reconciliacion\/","og_locale":"es_ES","og_type":"article","og_title":"Beata Laura Vicu\u00f1a: joven 'generadora' de reconciliaci\u00f3n &#8226; Istituto Figlie di Maria Ausiliatrice","og_description":"El 3 de septiembre de 2023 se cumple el 35\u00ba aniversario de la beatificaci\u00f3n de Laura Vicu\u00f1a, que tuvo lugar en el Colle Don Bosco en el centenario de la muerte de Don Bosco.","og_url":"https:\/\/www.cgfmanet.org\/es\/ifma-es\/beata-laura-vicuna-joven-generadora-de-reconciliacion\/","og_site_name":"Istituto Figlie di Maria Ausiliatrice","article_publisher":"https:\/\/www.facebook.com\/salesian.sisters.of.don.bosco\/","article_published_time":"2023-09-01T06:30:33+00:00","article_modified_time":"2023-09-02T15:12:55+00:00","og_image":[{"width":1181,"height":788,"url":"https:\/\/www.cgfmanet.org\/wp-content\/uploads\/2023\/09\/beatificazione-Laura.jpg","type":"image\/jpeg"}],"author":"Redazione","twitter_card":"summary_large_image","twitter_creator":"@Cgfmanet_Org","twitter_site":"@Cgfmanet_Org","twitter_misc":{"Escrito por":"Redazione","Tiempo de lectura":"5 minutos"},"schema":{"@context":"https:\/\/schema.org","@graph":[{"@type":"Article","@id":"https:\/\/www.cgfmanet.org\/es\/ifma-es\/beata-laura-vicuna-joven-generadora-de-reconciliacion\/#article","isPartOf":{"@id":"https:\/\/www.cgfmanet.org\/es\/ifma-es\/beata-laura-vicuna-joven-generadora-de-reconciliacion\/"},"author":{"name":"Redazione","@id":"https:\/\/www.cgfmanet.org\/es\/#\/schema\/person\/ce6473083f53ef0ef882cca23f0c8fb9"},"headline":"Beata Laura Vicu\u00f1a: joven &#8216;generadora&#8217; de reconciliaci\u00f3n","datePublished":"2023-09-01T06:30:33+00:00","dateModified":"2023-09-02T15:12:55+00:00","mainEntityOfPage":{"@id":"https:\/\/www.cgfmanet.org\/es\/ifma-es\/beata-laura-vicuna-joven-generadora-de-reconciliacion\/"},"wordCount":912,"commentCount":0,"publisher":{"@id":"https:\/\/www.cgfmanet.org\/es\/#organization"},"image":{"@id":"https:\/\/www.cgfmanet.org\/es\/ifma-es\/beata-laura-vicuna-joven-generadora-de-reconciliacion\/#primaryimage"},"thumbnailUrl":"https:\/\/www.cgfmanet.org\/wp-content\/uploads\/2023\/09\/beatificazione-Laura.jpg","keywords":["Laura Vicu\u00f1a","Generatividad","Santidad Salesiana","Focus","IFMA"],"articleSection":["Carisma Salesiano","IFMA"],"inLanguage":"es","potentialAction":[{"@type":"CommentAction","name":"Comment","target":["https:\/\/www.cgfmanet.org\/es\/ifma-es\/beata-laura-vicuna-joven-generadora-de-reconciliacion\/#respond"]}]},{"@type":"WebPage","@id":"https:\/\/www.cgfmanet.org\/es\/ifma-es\/beata-laura-vicuna-joven-generadora-de-reconciliacion\/","url":"https:\/\/www.cgfmanet.org\/es\/ifma-es\/beata-laura-vicuna-joven-generadora-de-reconciliacion\/","name":"Beata Laura Vicu\u00f1a: joven 'generadora' de reconciliaci\u00f3n &#8226; Istituto Figlie di Maria Ausiliatrice","isPartOf":{"@id":"https:\/\/www.cgfmanet.org\/es\/#website"},"primaryImageOfPage":{"@id":"https:\/\/www.cgfmanet.org\/es\/ifma-es\/beata-laura-vicuna-joven-generadora-de-reconciliacion\/#primaryimage"},"image":{"@id":"https:\/\/www.cgfmanet.org\/es\/ifma-es\/beata-laura-vicuna-joven-generadora-de-reconciliacion\/#primaryimage"},"thumbnailUrl":"https:\/\/www.cgfmanet.org\/wp-content\/uploads\/2023\/09\/beatificazione-Laura.jpg","datePublished":"2023-09-01T06:30:33+00:00","dateModified":"2023-09-02T15:12:55+00:00","description":"El 3 de septiembre de 2023 se cumple el 35\u00ba aniversario de la beatificaci\u00f3n de Laura Vicu\u00f1a, que tuvo lugar en el Colle Don Bosco en el centenario de la muerte de Don Bosco.","breadcrumb":{"@id":"https:\/\/www.cgfmanet.org\/es\/ifma-es\/beata-laura-vicuna-joven-generadora-de-reconciliacion\/#breadcrumb"},"inLanguage":"es","potentialAction":[{"@type":"ReadAction","target":["https:\/\/www.cgfmanet.org\/es\/ifma-es\/beata-laura-vicuna-joven-generadora-de-reconciliacion\/"]}]},{"@type":"ImageObject","inLanguage":"es","@id":"https:\/\/www.cgfmanet.org\/es\/ifma-es\/beata-laura-vicuna-joven-generadora-de-reconciliacion\/#primaryimage","url":"https:\/\/www.cgfmanet.org\/wp-content\/uploads\/2023\/09\/beatificazione-Laura.jpg","contentUrl":"https:\/\/www.cgfmanet.org\/wp-content\/uploads\/2023\/09\/beatificazione-Laura.jpg","width":1181,"height":788},{"@type":"BreadcrumbList","@id":"https:\/\/www.cgfmanet.org\/es\/ifma-es\/beata-laura-vicuna-joven-generadora-de-reconciliacion\/#breadcrumb","itemListElement":[{"@type":"ListItem","position":1,"name":"Home","item":"https:\/\/www.cgfmanet.org\/es\/"},{"@type":"ListItem","position":2,"name":"Beata Laura Vicu\u00f1a: joven &#8216;generadora&#8217; de reconciliaci\u00f3n"}]},{"@type":"WebSite","@id":"https:\/\/www.cgfmanet.org\/es\/#website","url":"https:\/\/www.cgfmanet.org\/es\/","name":"Istituto Figlie di Maria Ausiliatrice","description":"Salesiane di Don Bosco","publisher":{"@id":"https:\/\/www.cgfmanet.org\/es\/#organization"},"potentialAction":[{"@type":"SearchAction","target":{"@type":"EntryPoint","urlTemplate":"https:\/\/www.cgfmanet.org\/es\/?s={search_term_string}"},"query-input":{"@type":"PropertyValueSpecification","valueRequired":true,"valueName":"search_term_string"}}],"inLanguage":"es"},{"@type":"Organization","@id":"https:\/\/www.cgfmanet.org\/es\/#organization","name":"Istituto Figlie di Maria Ausiliatrice","url":"https:\/\/www.cgfmanet.org\/es\/","logo":{"@type":"ImageObject","inLanguage":"es","@id":"https:\/\/www.cgfmanet.org\/es\/#\/schema\/logo\/image\/","url":"https:\/\/www.cgfmanet.org\/wp-content\/uploads\/2018\/10\/logo-fma.png","contentUrl":"https:\/\/www.cgfmanet.org\/wp-content\/uploads\/2018\/10\/logo-fma.png","width":214,"height":55,"caption":"Istituto Figlie di Maria Ausiliatrice"},"image":{"@id":"https:\/\/www.cgfmanet.org\/es\/#\/schema\/logo\/image\/"},"sameAs":["https:\/\/www.facebook.com\/salesian.sisters.of.don.bosco\/","https:\/\/x.com\/Cgfmanet_Org","https:\/\/www.youtube.com\/channel\/UCmcr8yFQBV7JXeXVxyV9y5Q"]},{"@type":"Person","@id":"https:\/\/www.cgfmanet.org\/es\/#\/schema\/person\/ce6473083f53ef0ef882cca23f0c8fb9","name":"Redazione"}]}},"_links":{"self":[{"href":"https:\/\/www.cgfmanet.org\/es\/wp-json\/wp\/v2\/posts\/95097","targetHints":{"allow":["GET"]}}],"collection":[{"href":"https:\/\/www.cgfmanet.org\/es\/wp-json\/wp\/v2\/posts"}],"about":[{"href":"https:\/\/www.cgfmanet.org\/es\/wp-json\/wp\/v2\/types\/post"}],"author":[{"embeddable":true,"href":"https:\/\/www.cgfmanet.org\/es\/wp-json\/wp\/v2\/users\/21"}],"replies":[{"embeddable":true,"href":"https:\/\/www.cgfmanet.org\/es\/wp-json\/wp\/v2\/comments?post=95097"}],"version-history":[{"count":0,"href":"https:\/\/www.cgfmanet.org\/es\/wp-json\/wp\/v2\/posts\/95097\/revisions"}],"wp:featuredmedia":[{"embeddable":true,"href":"https:\/\/www.cgfmanet.org\/es\/wp-json\/wp\/v2\/media\/95057"}],"wp:attachment":[{"href":"https:\/\/www.cgfmanet.org\/es\/wp-json\/wp\/v2\/media?parent=95097"}],"wp:term":[{"taxonomy":"category","embeddable":true,"href":"https:\/\/www.cgfmanet.org\/es\/wp-json\/wp\/v2\/categories?post=95097"},{"taxonomy":"post_tag","embeddable":true,"href":"https:\/\/www.cgfmanet.org\/es\/wp-json\/wp\/v2\/tags?post=95097"}],"curies":[{"name":"wp","href":"https:\/\/api.w.org\/{rel}","templated":true}]}}