{"id":94777,"date":"2023-08-25T10:20:56","date_gmt":"2023-08-25T08:20:56","guid":{"rendered":"https:\/\/www.cgfmanet.org\/infoesfera\/suor-maria-troncatti-tessitrice-di-perdono-e-di-pace\/"},"modified":"2023-08-25T21:27:13","modified_gmt":"2023-08-25T19:27:13","slug":"sor-maria-troncatti-tejedora-de-perdon-y-de-paz","status":"publish","type":"post","link":"https:\/\/www.cgfmanet.org\/es\/ifma-es\/sor-maria-troncatti-tejedora-de-perdon-y-de-paz\/","title":{"rendered":"Sor Mar\u00eda Troncatti, tejedora de perd\u00f3n y de paz"},"content":{"rendered":"<p><strong>Roma (Italia). <\/strong>El 25 de agosto de 2023 se celebra el nacimiento al cielo de la <span style=\"color: #0000ff;\"><strong><a style=\"color: #0000ff;\" href=\"https:\/\/drive.google.com\/drive\/u\/1\/folders\/1Uy5r0n7XfMszvMPV5_frNJVKbpn3Xdip\" target=\"_blank\" rel=\"noopener\">Beata Suor Maria Troncatti<\/a><\/strong><\/span> (16 de febrero de 1883 \u2013 25 de agosto de 1969), Hija de Mar\u00eda Auxiliadora misionera en Ecuador, cuya dedicaci\u00f3n a la obra de reconciliaci\u00f3n entre Shuar y los colonos culmin\u00f3 con la ofrenda de vida por esta causa.<\/p>\n<p>En marzo de 1922 la Casa Madre de Niza estaba en ebullici\u00f3n con motivo de las celebraciones del 50\u00b0 aniversario de la fundaci\u00f3n del Instituto FMA. Se celebraron largas reuniones del Consejo General para planificar las celebraciones y definir nuevos destinos y fundaciones.<\/p>\n<p>Sor Mar\u00eda Troncatti era miembro de esa comunidad y cuidaba de las hermanas y j\u00f3venes con su sabidur\u00eda de experta enfermera de la Cruz Roja, veterana de la Primera Guerra Mundial de 1915-1918. En la enfermer\u00eda de ni\u00f1as, la joven Marina Luzzi agonizaba de doble neumon\u00eda. Hab\u00eda pedido insistentemente que la llevaran a las monjas para morir en la casa de la Virgen, bajo su manto. Sor Mar\u00eda velaba por ella d\u00eda y noche y cuando se dio cuenta de que estaba en sus \u00faltimos momentos, le encomend\u00f3 su sue\u00f1o misionero de llevar a Mar\u00eda Auxiliadora: \u00abir entre los leprosos\u00bb. La joven, al expirar, le profetiz\u00f3 que no ir\u00eda entre los leprosos sino en Ecuador. Tres d\u00edas despu\u00e9s de la muerte de Marina, Madre Caterina Daghero, al encontrarse con ella, le inform\u00f3 que su destino estaba entre las personas y j\u00f3venes que viv\u00edan en la selva amaz\u00f3nica ecuatoriana.<\/p>\n<p><strong>Sor Mar\u00eda parti\u00f3 a la misi\u00f3n el 9 de noviembre de 1922, a la edad de 39 a\u00f1os, y de all\u00ed parti\u00f3 hacia el cielo el 25 de agosto de 1969. <\/strong>La profec\u00eda de su destino la fortaleci\u00f3 en entregarse sin c\u00e1lculo, m\u00e1s all\u00e1 de cualquier evaluaci\u00f3n humana, segura de que Dios lo quiso all\u00ed, en esa tierra habitada por dos &#8216;etnias adversas&#8217;: los colonos blancos y los ind\u00edgenas <em>Shuar<\/em>. Diferentes culturas, divergencias, contrastes, abusos, encuentros, promociones, colaboraciones ocuparon su coraz\u00f3n de madre: amaba a todos sin distinci\u00f3n y trataba por todos los medios de unirlos.<\/p>\n<p><strong>En sus 47 a\u00f1os de vida misionera fue enfermera, catequista, evangelizadora. <\/strong>No ten\u00eda nada ante s\u00ed m\u00e1s que Jes\u00fas Crucificado y la sed de \u00abdarle almas\u00bb. Mientras curaba las heridas de los cuerpos torturados de los <em>shuar, <\/em>que se mataban unos a otros en nombre de la ley del bosque, la venganza, intentaba por todos los medios hablar de perd\u00f3n, de reconciliaci\u00f3n, de Evangelio. Cuando los colonos dominaron a los nativos, ella tambi\u00e9n se convirti\u00f3 en una firme defensora de sus derechos y de su progreso social.<\/p>\n<p>Mientras tanto, cuidando de unos y de otros, les ayudaba a hacer serios ex\u00e1menes de conciencia para una vida m\u00e1s cristiana y m\u00e1s fraterna. Incluso cuando conversaba y aconsejaba a las mujeres colonas, siempre procuraba sembrar entre ellas palabras de justicia, hermandad e igualdad. Sab\u00eda que las mujeres pueden educar a las generaciones m\u00e1s j\u00f3venes a una convivencia m\u00e1s respetuosa y de estima entre las diferentes culturas.<\/p>\n<p>Adem\u00e1s, dispuso que los j\u00f3venes <em>Shuar <\/em>y las ni\u00f1as \u00abblancas\u00bb convivieran en escuelas e internados. Tambi\u00e9n en sus cl\u00ednicas y en su hospital &#8216;P\u00edo XII&#8217; no hab\u00eda tratamientos separados, como en otros lugares, sino que todos estaban en igualdad de condiciones, para recibir tratamiento para su \u00abmadrecita\u00bb, <em>como <\/em>la llamaban.<\/p>\n<p><strong>En la selva, Sor Mar\u00eda aprendi\u00f3 a tejer para hacer ropa para los necesitados pero tambi\u00e9n a tejer humanidad entre sus hijos tan amados y diferentes. <\/strong>Hacia finales de la d\u00e9cada de 1960, las tensiones entre los dos grupos \u00e9tnicos aumentaron por la tierra y se reaviv\u00f3 el clima de hostilidad. El 4 de julio de 1969 unos colonos prendieron fuego a la misi\u00f3n salesiana porque los consideraban los &#8216;protectores&#8217; y promotores de la dignidad de los <em>shuar <\/em>.<\/p>\n<p>Sor Mar\u00eda sufri\u00f3 mucho por este acontecimiento, que tem\u00eda que fuera el comienzo de una terrible cat\u00e1strofe. <strong>Decidi\u00f3 ofrecerse a Dios como v\u00edctima de la reconciliaci\u00f3n entre los dos pueblos que tanto amaba. No encontr\u00f3 otro camino que la fuerza del amor y la entrega. <\/strong>Con la fuerza de la persuasi\u00f3n y la bondad logr\u00f3 frenar las incipientes venganzas y ser escuchada como mensajera de paz y perd\u00f3n: un verdadero milagro con aroma evang\u00e9lico.<\/p>\n<p>M\u00e1s de un mes despu\u00e9s, cuando part\u00eda hacia un retiro espiritual en Quito el 25 de agosto, el d\u00eda del accidente a\u00e9reo, la hermana Mar\u00eda comparti\u00f3 con las hermanas su convicci\u00f3n de que la paz y la tranquilidad pronto regresar\u00edan. De hecho, tras su muerte, tanto los pobladores como los <em>Shuar <\/em>sintieron a\u00fan con m\u00e1s fuerza la presencia de su <em>madrecita <\/em>que los hab\u00eda educado para el perd\u00f3n y retomaron la convivencia con nuevas fuerzas. El arco iris que permaneci\u00f3 en el cielo hasta el momento de su entierro fue la se\u00f1al de que se hab\u00eda restablecido la paz entre el cielo y la tierra, entre hermano y hermano.<\/p>\n","protected":false},"excerpt":{"rendered":"<p>Roma (Italia). El 25 de agosto de 2023 se celebra el nacimiento al cielo de la Beata Suor Maria Troncatti (16 de febrero de 1883 \u2013 25 de agosto de [&hellip;]<\/p>\n","protected":false},"author":21,"featured_media":94772,"comment_status":"open","ping_status":"closed","sticky":false,"template":"","format":"standard","meta":{"footnotes":""},"categories":[167,158],"tags":[1129,1451,1640,1792,1931,2283],"class_list":["post-94777","post","type-post","status-publish","format-standard","has-post-thumbnail","category-carisma-salesiano-es","category-ifma-es","tag-ecu-es","tag-santidad-salesiana","tag-maria-troncatti-es","tag-espiritu-misionero","tag-focus-es","tag-ifma-es"],"yoast_head":"<!-- This site is optimized with the Yoast SEO plugin v27.4 - https:\/\/yoast.com\/product\/yoast-seo-wordpress\/ -->\n<title>Sor Mar\u00eda Troncatti, tejedora de perd\u00f3n y de paz &#8226; Istituto Figlie di Maria Ausiliatrice<\/title>\n<meta name=\"description\" content=\"El 25 de agosto de 2023 se celebra el nacimiento al cielo de la Beata Sor Mar\u00eda Troncatti FMA, misionera en Ecuador, cuya dedicaci\u00f3n a la obra de reconciliaci\u00f3n entre Shuar y los colonos culmin\u00f3 con el ofrecimiento de su vida.\" \/>\n<meta name=\"robots\" content=\"index, follow, max-snippet:-1, max-image-preview:large, max-video-preview:-1\" \/>\n<link rel=\"canonical\" href=\"https:\/\/www.cgfmanet.org\/ifma\/suor-maria-troncatti-tessitrice-di-perdono-e-di-pace\/\" \/>\n<meta property=\"og:locale\" content=\"es_ES\" \/>\n<meta property=\"og:type\" content=\"article\" \/>\n<meta property=\"og:title\" content=\"Sor Mar\u00eda Troncatti, tejedora de perd\u00f3n y de paz &#8226; Istituto Figlie di Maria Ausiliatrice\" \/>\n<meta property=\"og:description\" content=\"El 25 de agosto de 2023 se celebra el nacimiento al cielo de la Beata Sor Mar\u00eda Troncatti FMA, misionera en Ecuador, cuya dedicaci\u00f3n a la obra de reconciliaci\u00f3n entre Shuar y los colonos culmin\u00f3 con el ofrecimiento de su vida.\" \/>\n<meta property=\"og:url\" content=\"https:\/\/www.cgfmanet.org\/ifma\/suor-maria-troncatti-tessitrice-di-perdono-e-di-pace\/\" \/>\n<meta property=\"og:site_name\" content=\"Istituto Figlie di Maria Ausiliatrice\" \/>\n<meta property=\"article:publisher\" content=\"https:\/\/www.facebook.com\/salesian.sisters.of.don.bosco\/\" \/>\n<meta property=\"article:published_time\" content=\"2023-08-25T08:20:56+00:00\" \/>\n<meta property=\"article:modified_time\" content=\"2023-08-25T19:27:13+00:00\" \/>\n<meta property=\"og:image\" content=\"https:\/\/www.cgfmanet.org\/wp-content\/uploads\/2023\/08\/Sr-Maria-Troncatti-2023.jpg\" \/>\n\t<meta property=\"og:image:width\" content=\"1200\" \/>\n\t<meta property=\"og:image:height\" content=\"800\" \/>\n\t<meta property=\"og:image:type\" content=\"image\/jpeg\" \/>\n<meta name=\"author\" content=\"Redazione\" \/>\n<meta name=\"twitter:card\" content=\"summary_large_image\" \/>\n<meta name=\"twitter:creator\" content=\"@Cgfmanet_Org\" \/>\n<meta name=\"twitter:site\" content=\"@Cgfmanet_Org\" \/>\n<meta name=\"twitter:label1\" content=\"Escrito por\" \/>\n\t<meta name=\"twitter:data1\" content=\"Redazione\" \/>\n\t<meta name=\"twitter:label2\" content=\"Tiempo de lectura\" \/>\n\t<meta name=\"twitter:data2\" content=\"5 minutos\" \/>\n<script type=\"application\/ld+json\" class=\"yoast-schema-graph\">{\"@context\":\"https:\\\/\\\/schema.org\",\"@graph\":[{\"@type\":\"Article\",\"@id\":\"https:\\\/\\\/www.cgfmanet.org\\\/ifma\\\/suor-maria-troncatti-tessitrice-di-perdono-e-di-pace\\\/#article\",\"isPartOf\":{\"@id\":\"https:\\\/\\\/www.cgfmanet.org\\\/ifma\\\/suor-maria-troncatti-tessitrice-di-perdono-e-di-pace\\\/\"},\"author\":{\"name\":\"Redazione\",\"@id\":\"https:\\\/\\\/www.cgfmanet.org\\\/es\\\/#\\\/schema\\\/person\\\/ce6473083f53ef0ef882cca23f0c8fb9\"},\"headline\":\"Sor Mar\u00eda Troncatti, tejedora de perd\u00f3n y de paz\",\"datePublished\":\"2023-08-25T08:20:56+00:00\",\"dateModified\":\"2023-08-25T19:27:13+00:00\",\"mainEntityOfPage\":{\"@id\":\"https:\\\/\\\/www.cgfmanet.org\\\/ifma\\\/suor-maria-troncatti-tessitrice-di-perdono-e-di-pace\\\/\"},\"wordCount\":882,\"commentCount\":4,\"publisher\":{\"@id\":\"https:\\\/\\\/www.cgfmanet.org\\\/es\\\/#organization\"},\"image\":{\"@id\":\"https:\\\/\\\/www.cgfmanet.org\\\/ifma\\\/suor-maria-troncatti-tessitrice-di-perdono-e-di-pace\\\/#primaryimage\"},\"thumbnailUrl\":\"https:\\\/\\\/www.cgfmanet.org\\\/wp-content\\\/uploads\\\/2023\\\/08\\\/Sr-Maria-Troncatti-2023.jpg\",\"keywords\":[\"ECU\",\"Santidad Salesiana\",\"Maria Troncatti\",\"Esp\u00edritu misionero\",\"Focus\",\"IFMA\"],\"articleSection\":[\"Carisma Salesiano\",\"IFMA\"],\"inLanguage\":\"es\",\"potentialAction\":[{\"@type\":\"CommentAction\",\"name\":\"Comment\",\"target\":[\"https:\\\/\\\/www.cgfmanet.org\\\/ifma\\\/suor-maria-troncatti-tessitrice-di-perdono-e-di-pace\\\/#respond\"]}]},{\"@type\":\"WebPage\",\"@id\":\"https:\\\/\\\/www.cgfmanet.org\\\/ifma\\\/suor-maria-troncatti-tessitrice-di-perdono-e-di-pace\\\/\",\"url\":\"https:\\\/\\\/www.cgfmanet.org\\\/ifma\\\/suor-maria-troncatti-tessitrice-di-perdono-e-di-pace\\\/\",\"name\":\"Sor Mar\u00eda Troncatti, tejedora de perd\u00f3n y de paz &#8226; Istituto Figlie di Maria Ausiliatrice\",\"isPartOf\":{\"@id\":\"https:\\\/\\\/www.cgfmanet.org\\\/es\\\/#website\"},\"primaryImageOfPage\":{\"@id\":\"https:\\\/\\\/www.cgfmanet.org\\\/ifma\\\/suor-maria-troncatti-tessitrice-di-perdono-e-di-pace\\\/#primaryimage\"},\"image\":{\"@id\":\"https:\\\/\\\/www.cgfmanet.org\\\/ifma\\\/suor-maria-troncatti-tessitrice-di-perdono-e-di-pace\\\/#primaryimage\"},\"thumbnailUrl\":\"https:\\\/\\\/www.cgfmanet.org\\\/wp-content\\\/uploads\\\/2023\\\/08\\\/Sr-Maria-Troncatti-2023.jpg\",\"datePublished\":\"2023-08-25T08:20:56+00:00\",\"dateModified\":\"2023-08-25T19:27:13+00:00\",\"description\":\"El 25 de agosto de 2023 se celebra el nacimiento al cielo de la Beata Sor Mar\u00eda Troncatti FMA, misionera en Ecuador, cuya dedicaci\u00f3n a la obra de reconciliaci\u00f3n entre Shuar y los colonos culmin\u00f3 con el ofrecimiento de su vida.\",\"breadcrumb\":{\"@id\":\"https:\\\/\\\/www.cgfmanet.org\\\/ifma\\\/suor-maria-troncatti-tessitrice-di-perdono-e-di-pace\\\/#breadcrumb\"},\"inLanguage\":\"es\",\"potentialAction\":[{\"@type\":\"ReadAction\",\"target\":[\"https:\\\/\\\/www.cgfmanet.org\\\/ifma\\\/suor-maria-troncatti-tessitrice-di-perdono-e-di-pace\\\/\"]}]},{\"@type\":\"ImageObject\",\"inLanguage\":\"es\",\"@id\":\"https:\\\/\\\/www.cgfmanet.org\\\/ifma\\\/suor-maria-troncatti-tessitrice-di-perdono-e-di-pace\\\/#primaryimage\",\"url\":\"https:\\\/\\\/www.cgfmanet.org\\\/wp-content\\\/uploads\\\/2023\\\/08\\\/Sr-Maria-Troncatti-2023.jpg\",\"contentUrl\":\"https:\\\/\\\/www.cgfmanet.org\\\/wp-content\\\/uploads\\\/2023\\\/08\\\/Sr-Maria-Troncatti-2023.jpg\",\"width\":1200,\"height\":800},{\"@type\":\"BreadcrumbList\",\"@id\":\"https:\\\/\\\/www.cgfmanet.org\\\/ifma\\\/suor-maria-troncatti-tessitrice-di-perdono-e-di-pace\\\/#breadcrumb\",\"itemListElement\":[{\"@type\":\"ListItem\",\"position\":1,\"name\":\"Home\",\"item\":\"https:\\\/\\\/www.cgfmanet.org\\\/es\\\/\"},{\"@type\":\"ListItem\",\"position\":2,\"name\":\"Sor Mar\u00eda Troncatti, tejedora de perd\u00f3n y de paz\"}]},{\"@type\":\"WebSite\",\"@id\":\"https:\\\/\\\/www.cgfmanet.org\\\/es\\\/#website\",\"url\":\"https:\\\/\\\/www.cgfmanet.org\\\/es\\\/\",\"name\":\"Istituto Figlie di Maria Ausiliatrice\",\"description\":\"Salesiane di Don Bosco\",\"publisher\":{\"@id\":\"https:\\\/\\\/www.cgfmanet.org\\\/es\\\/#organization\"},\"potentialAction\":[{\"@type\":\"SearchAction\",\"target\":{\"@type\":\"EntryPoint\",\"urlTemplate\":\"https:\\\/\\\/www.cgfmanet.org\\\/es\\\/?s={search_term_string}\"},\"query-input\":{\"@type\":\"PropertyValueSpecification\",\"valueRequired\":true,\"valueName\":\"search_term_string\"}}],\"inLanguage\":\"es\"},{\"@type\":\"Organization\",\"@id\":\"https:\\\/\\\/www.cgfmanet.org\\\/es\\\/#organization\",\"name\":\"Istituto Figlie di Maria Ausiliatrice\",\"url\":\"https:\\\/\\\/www.cgfmanet.org\\\/es\\\/\",\"logo\":{\"@type\":\"ImageObject\",\"inLanguage\":\"es\",\"@id\":\"https:\\\/\\\/www.cgfmanet.org\\\/es\\\/#\\\/schema\\\/logo\\\/image\\\/\",\"url\":\"https:\\\/\\\/www.cgfmanet.org\\\/wp-content\\\/uploads\\\/2018\\\/10\\\/logo-fma.png\",\"contentUrl\":\"https:\\\/\\\/www.cgfmanet.org\\\/wp-content\\\/uploads\\\/2018\\\/10\\\/logo-fma.png\",\"width\":214,\"height\":55,\"caption\":\"Istituto Figlie di Maria Ausiliatrice\"},\"image\":{\"@id\":\"https:\\\/\\\/www.cgfmanet.org\\\/es\\\/#\\\/schema\\\/logo\\\/image\\\/\"},\"sameAs\":[\"https:\\\/\\\/www.facebook.com\\\/salesian.sisters.of.don.bosco\\\/\",\"https:\\\/\\\/x.com\\\/Cgfmanet_Org\",\"https:\\\/\\\/www.youtube.com\\\/channel\\\/UCmcr8yFQBV7JXeXVxyV9y5Q\"]},{\"@type\":\"Person\",\"@id\":\"https:\\\/\\\/www.cgfmanet.org\\\/es\\\/#\\\/schema\\\/person\\\/ce6473083f53ef0ef882cca23f0c8fb9\",\"name\":\"Redazione\"}]}<\/script>\n<!-- \/ Yoast SEO plugin. -->","yoast_head_json":{"title":"Sor Mar\u00eda Troncatti, tejedora de perd\u00f3n y de paz &#8226; Istituto Figlie di Maria Ausiliatrice","description":"El 25 de agosto de 2023 se celebra el nacimiento al cielo de la Beata Sor Mar\u00eda Troncatti FMA, misionera en Ecuador, cuya dedicaci\u00f3n a la obra de reconciliaci\u00f3n entre Shuar y los colonos culmin\u00f3 con el ofrecimiento de su vida.","robots":{"index":"index","follow":"follow","max-snippet":"max-snippet:-1","max-image-preview":"max-image-preview:large","max-video-preview":"max-video-preview:-1"},"canonical":"https:\/\/www.cgfmanet.org\/ifma\/suor-maria-troncatti-tessitrice-di-perdono-e-di-pace\/","og_locale":"es_ES","og_type":"article","og_title":"Sor Mar\u00eda Troncatti, tejedora de perd\u00f3n y de paz &#8226; Istituto Figlie di Maria Ausiliatrice","og_description":"El 25 de agosto de 2023 se celebra el nacimiento al cielo de la Beata Sor Mar\u00eda Troncatti FMA, misionera en Ecuador, cuya dedicaci\u00f3n a la obra de reconciliaci\u00f3n entre Shuar y los colonos culmin\u00f3 con el ofrecimiento de su vida.","og_url":"https:\/\/www.cgfmanet.org\/ifma\/suor-maria-troncatti-tessitrice-di-perdono-e-di-pace\/","og_site_name":"Istituto Figlie di Maria Ausiliatrice","article_publisher":"https:\/\/www.facebook.com\/salesian.sisters.of.don.bosco\/","article_published_time":"2023-08-25T08:20:56+00:00","article_modified_time":"2023-08-25T19:27:13+00:00","og_image":[{"width":1200,"height":800,"url":"https:\/\/www.cgfmanet.org\/wp-content\/uploads\/2023\/08\/Sr-Maria-Troncatti-2023.jpg","type":"image\/jpeg"}],"author":"Redazione","twitter_card":"summary_large_image","twitter_creator":"@Cgfmanet_Org","twitter_site":"@Cgfmanet_Org","twitter_misc":{"Escrito por":"Redazione","Tiempo de lectura":"5 minutos"},"schema":{"@context":"https:\/\/schema.org","@graph":[{"@type":"Article","@id":"https:\/\/www.cgfmanet.org\/ifma\/suor-maria-troncatti-tessitrice-di-perdono-e-di-pace\/#article","isPartOf":{"@id":"https:\/\/www.cgfmanet.org\/ifma\/suor-maria-troncatti-tessitrice-di-perdono-e-di-pace\/"},"author":{"name":"Redazione","@id":"https:\/\/www.cgfmanet.org\/es\/#\/schema\/person\/ce6473083f53ef0ef882cca23f0c8fb9"},"headline":"Sor Mar\u00eda Troncatti, tejedora de perd\u00f3n y de paz","datePublished":"2023-08-25T08:20:56+00:00","dateModified":"2023-08-25T19:27:13+00:00","mainEntityOfPage":{"@id":"https:\/\/www.cgfmanet.org\/ifma\/suor-maria-troncatti-tessitrice-di-perdono-e-di-pace\/"},"wordCount":882,"commentCount":4,"publisher":{"@id":"https:\/\/www.cgfmanet.org\/es\/#organization"},"image":{"@id":"https:\/\/www.cgfmanet.org\/ifma\/suor-maria-troncatti-tessitrice-di-perdono-e-di-pace\/#primaryimage"},"thumbnailUrl":"https:\/\/www.cgfmanet.org\/wp-content\/uploads\/2023\/08\/Sr-Maria-Troncatti-2023.jpg","keywords":["ECU","Santidad Salesiana","Maria Troncatti","Esp\u00edritu misionero","Focus","IFMA"],"articleSection":["Carisma Salesiano","IFMA"],"inLanguage":"es","potentialAction":[{"@type":"CommentAction","name":"Comment","target":["https:\/\/www.cgfmanet.org\/ifma\/suor-maria-troncatti-tessitrice-di-perdono-e-di-pace\/#respond"]}]},{"@type":"WebPage","@id":"https:\/\/www.cgfmanet.org\/ifma\/suor-maria-troncatti-tessitrice-di-perdono-e-di-pace\/","url":"https:\/\/www.cgfmanet.org\/ifma\/suor-maria-troncatti-tessitrice-di-perdono-e-di-pace\/","name":"Sor Mar\u00eda Troncatti, tejedora de perd\u00f3n y de paz &#8226; Istituto Figlie di Maria Ausiliatrice","isPartOf":{"@id":"https:\/\/www.cgfmanet.org\/es\/#website"},"primaryImageOfPage":{"@id":"https:\/\/www.cgfmanet.org\/ifma\/suor-maria-troncatti-tessitrice-di-perdono-e-di-pace\/#primaryimage"},"image":{"@id":"https:\/\/www.cgfmanet.org\/ifma\/suor-maria-troncatti-tessitrice-di-perdono-e-di-pace\/#primaryimage"},"thumbnailUrl":"https:\/\/www.cgfmanet.org\/wp-content\/uploads\/2023\/08\/Sr-Maria-Troncatti-2023.jpg","datePublished":"2023-08-25T08:20:56+00:00","dateModified":"2023-08-25T19:27:13+00:00","description":"El 25 de agosto de 2023 se celebra el nacimiento al cielo de la Beata Sor Mar\u00eda Troncatti FMA, misionera en Ecuador, cuya dedicaci\u00f3n a la obra de reconciliaci\u00f3n entre Shuar y los colonos culmin\u00f3 con el ofrecimiento de su vida.","breadcrumb":{"@id":"https:\/\/www.cgfmanet.org\/ifma\/suor-maria-troncatti-tessitrice-di-perdono-e-di-pace\/#breadcrumb"},"inLanguage":"es","potentialAction":[{"@type":"ReadAction","target":["https:\/\/www.cgfmanet.org\/ifma\/suor-maria-troncatti-tessitrice-di-perdono-e-di-pace\/"]}]},{"@type":"ImageObject","inLanguage":"es","@id":"https:\/\/www.cgfmanet.org\/ifma\/suor-maria-troncatti-tessitrice-di-perdono-e-di-pace\/#primaryimage","url":"https:\/\/www.cgfmanet.org\/wp-content\/uploads\/2023\/08\/Sr-Maria-Troncatti-2023.jpg","contentUrl":"https:\/\/www.cgfmanet.org\/wp-content\/uploads\/2023\/08\/Sr-Maria-Troncatti-2023.jpg","width":1200,"height":800},{"@type":"BreadcrumbList","@id":"https:\/\/www.cgfmanet.org\/ifma\/suor-maria-troncatti-tessitrice-di-perdono-e-di-pace\/#breadcrumb","itemListElement":[{"@type":"ListItem","position":1,"name":"Home","item":"https:\/\/www.cgfmanet.org\/es\/"},{"@type":"ListItem","position":2,"name":"Sor Mar\u00eda Troncatti, tejedora de perd\u00f3n y de paz"}]},{"@type":"WebSite","@id":"https:\/\/www.cgfmanet.org\/es\/#website","url":"https:\/\/www.cgfmanet.org\/es\/","name":"Istituto Figlie di Maria Ausiliatrice","description":"Salesiane di Don Bosco","publisher":{"@id":"https:\/\/www.cgfmanet.org\/es\/#organization"},"potentialAction":[{"@type":"SearchAction","target":{"@type":"EntryPoint","urlTemplate":"https:\/\/www.cgfmanet.org\/es\/?s={search_term_string}"},"query-input":{"@type":"PropertyValueSpecification","valueRequired":true,"valueName":"search_term_string"}}],"inLanguage":"es"},{"@type":"Organization","@id":"https:\/\/www.cgfmanet.org\/es\/#organization","name":"Istituto Figlie di Maria Ausiliatrice","url":"https:\/\/www.cgfmanet.org\/es\/","logo":{"@type":"ImageObject","inLanguage":"es","@id":"https:\/\/www.cgfmanet.org\/es\/#\/schema\/logo\/image\/","url":"https:\/\/www.cgfmanet.org\/wp-content\/uploads\/2018\/10\/logo-fma.png","contentUrl":"https:\/\/www.cgfmanet.org\/wp-content\/uploads\/2018\/10\/logo-fma.png","width":214,"height":55,"caption":"Istituto Figlie di Maria Ausiliatrice"},"image":{"@id":"https:\/\/www.cgfmanet.org\/es\/#\/schema\/logo\/image\/"},"sameAs":["https:\/\/www.facebook.com\/salesian.sisters.of.don.bosco\/","https:\/\/x.com\/Cgfmanet_Org","https:\/\/www.youtube.com\/channel\/UCmcr8yFQBV7JXeXVxyV9y5Q"]},{"@type":"Person","@id":"https:\/\/www.cgfmanet.org\/es\/#\/schema\/person\/ce6473083f53ef0ef882cca23f0c8fb9","name":"Redazione"}]}},"_links":{"self":[{"href":"https:\/\/www.cgfmanet.org\/es\/wp-json\/wp\/v2\/posts\/94777","targetHints":{"allow":["GET"]}}],"collection":[{"href":"https:\/\/www.cgfmanet.org\/es\/wp-json\/wp\/v2\/posts"}],"about":[{"href":"https:\/\/www.cgfmanet.org\/es\/wp-json\/wp\/v2\/types\/post"}],"author":[{"embeddable":true,"href":"https:\/\/www.cgfmanet.org\/es\/wp-json\/wp\/v2\/users\/21"}],"replies":[{"embeddable":true,"href":"https:\/\/www.cgfmanet.org\/es\/wp-json\/wp\/v2\/comments?post=94777"}],"version-history":[{"count":0,"href":"https:\/\/www.cgfmanet.org\/es\/wp-json\/wp\/v2\/posts\/94777\/revisions"}],"wp:featuredmedia":[{"embeddable":true,"href":"https:\/\/www.cgfmanet.org\/es\/wp-json\/wp\/v2\/media\/94772"}],"wp:attachment":[{"href":"https:\/\/www.cgfmanet.org\/es\/wp-json\/wp\/v2\/media?parent=94777"}],"wp:term":[{"taxonomy":"category","embeddable":true,"href":"https:\/\/www.cgfmanet.org\/es\/wp-json\/wp\/v2\/categories?post=94777"},{"taxonomy":"post_tag","embeddable":true,"href":"https:\/\/www.cgfmanet.org\/es\/wp-json\/wp\/v2\/tags?post=94777"}],"curies":[{"name":"wp","href":"https:\/\/api.w.org\/{rel}","templated":true}]}}