{"id":89936,"date":"2023-05-07T18:24:26","date_gmt":"2023-05-07T16:24:26","guid":{"rendered":"https:\/\/www.cgfmanet.org\/infoesfera\/ix-incontro-nazionale-dellazione-sociale-salesiana\/"},"modified":"2023-05-15T17:02:09","modified_gmt":"2023-05-15T15:02:09","slug":"ix-encuentro-nacional-de-accion-social-salesiana","status":"publish","type":"post","link":"https:\/\/www.cgfmanet.org\/es\/infoesfera\/ciudadania\/ix-encuentro-nacional-de-accion-social-salesiana\/","title":{"rendered":"IX Encuentro Nacional de Acci\u00f3n Social Salesiana"},"content":{"rendered":"<p><strong>Brasil. <\/strong>Los d\u00edas 3 y 4 de mayo de 2023, a trav\u00e9s de la plataforma Zum, se realiz\u00f3 el IX Encuentro Nacional de Acci\u00f3n Social (ENAS), que reuni\u00f3 a los representantes de las diez Inspector\u00edas de las Hijas de Mar\u00eda Auxiliadora y los Salesianos de Don Bosco en Brasil quienes, guiados por el tema <strong>\u201cLas huellas que dejamos, el impacto social que generamos\u201d<\/strong>, juntos presentaron el panorama de la acci\u00f3n social salesiana en el pa\u00eds.<\/p>\n<p>El evento fue organizado por el trabajo conjunto de los Directores Ejecutivos de la Red Salesiana Brasil (RSB) &#8211; Sor Silvia Aparecida da Silva y Don Nivaldo Luiz Pessinatti &#8211; de la Coordinadora Nacional de Acci\u00f3n Social Salesiana, Carolina Neves Oliveira, de la Gestora de Proyectos de Formaci\u00f3n, Ana Paula Costa e Silva &#8211; adem\u00e1s del apoyo de las Coordinadoras Nacionales de Escuela, Comunicaci\u00f3n y Pastoral Juvenil, respectivamente, Sor Lucia Jacinta Finassi, Sor Maike Loes, Sor N\u00e1dia Caetano dos Santos y Don Jos\u00e9 Ricardo Mole, de los equipos de la Oficina Nacional de la RSB y la aportaci\u00f3n de las Obras Sociales Salesianas de Brasil en forma de testimonios.<\/p>\n<p>En el primer d\u00eda se destac\u00f3 la importancia de las actitudes pedag\u00f3gicas del educador salesiano en la vivencia del Carisma dentro de la obra social y en el territorio en el que se trabaja. Fueron presentados los testimonios de algunos participantes presentes y pasados de cuatro de las diez Inspector\u00edas salesianas de Brasil, alternados con las palabras de Sor N\u00e1dia Caetano dos Santos, que abord\u00f3 el tema \u00abLas huellas que dejamos: con la observaci\u00f3n\/proximidad, la escucha\u00bb, y del Delegado Inspectorial para la Pastoral Juvenil Salesiana de la Inspector\u00eda <em>San P\u00edo X <\/em>, Don S\u00e9rgio Ramos, quien abord\u00f3 el tema \u00abLas huellas que dejamos: con presencia-asistencia, acogida, compartir\u00bb.<\/p>\n<p>La jornada finaliz\u00f3 con la intervenci\u00f3n de Carolina Neves quien, recordando la conocida frase de Don Bosco \u201cBasta que se\u00e1is j\u00f3venes para que yo os ame\u201d, traz\u00f3 un paralelismo con su sentido actual en las obras sociales salesianas del pa\u00eds, que trabajan incesantemente a favor de los ni\u00f1os, ni\u00f1as, adolescentes y j\u00f3venes en situaci\u00f3n de vulnerabilidad social. <em>\u201cNuestra misi\u00f3n como Salesianas\/os, consagrados y laicos, es crear encuentros que transformen la vida. Estoy convencida de que somos herederos de este compromiso con Don Bosco, con Madre Mazzarello y con los j\u00f3venes\u201d, concluy\u00f3 <\/em>.<\/p>\n<p>En la segunda y \u00faltima jornada, se destac\u00f3 el compromiso de las obras sociales salesianas de Brasil por el crecimiento de las nuevas generaciones, con la tutela de los derechos y la promoci\u00f3n de una cultura de paz. Hubo testimonios de presentes y pasados asistidos en las actuales seis Inspector\u00edas Salesianas de Brasil, enriquecidos por dos reflexiones. La primera &#8211; sobre el tema \u00abEl impacto social que generamos: en el Proyecto de Vida del alumno\/a, en la familia, en el territorio, en las pol\u00edticas p\u00fablicas, en la defensa de los derechos, en los consejos &#8211; estuvo a cargo del Coordinador de Acci\u00f3n Social de la Provincia <em>San P\u00edo X,<\/em> Jos\u00e9 Jair Ribeiro. El segundo &#8211; \u00abEl impacto social que generamos: nuestro compromiso carism\u00e1tico\u00bb &#8211; fue coordinado por Sor Silvia Aparecida da Silva, junto con el Formador de la Acci\u00f3n Social Salesiana, Eduardo Batista dos Santos.<\/p>\n<p>El mismo d\u00eda, Sor Maike Loes, junto al equipo de comunicaci\u00f3n de RSB, integrado por los comunicadores Jana\u00edna Lima y Thiago Silva y el dise\u00f1ador gr\u00e1fico Pedro Freitas, present\u00f3 la nueva Campa\u00f1a Nacional de Acci\u00f3n Social 2023\/2024. <em>\u201cEs emocionante ver cu\u00e1ntas personas est\u00e1n tan comprometidas, dedicadas a la transformaci\u00f3n de la sociedad y sobre todo a la s\u00f3lida propuesta de felicidad para los j\u00f3venes con los que trabajamos\u201d,<\/em> observ\u00f3 Don Pessinatti.<\/p>\n<p>El IX Encuentro Nacional de Acci\u00f3n Social Salesiana (ENAS) 2023 se cerr\u00f3 con la intervenci\u00f3n de los Directores Ejecutivos de la Red Salesiana Brasile\u00f1a y de la Coordinadora Nacional de Acci\u00f3n Social Salesiana, que recordaron el compromiso de Don Bosco a partir de su famosa frase <em>\u00abHe prometido a Dios que<\/em> <em>hasta mi \u00faltimo aliento ser\u00eda para mis j\u00f3venes pobres\u201d<\/em>, renovando el compromiso de cada equipo de Obras Sociales Salesianas de Brasil por la acogida y formaci\u00f3n integral de ni\u00f1os, adolescentes y j\u00f3venes en situaci\u00f3n de vulnerabilidad social en el pa\u00eds.<\/p>\n<p><em>\u201cEste evento es, de hecho, un encuentro. Un gran y hermoso encuentro de personas comprometidas en una hermosa misi\u00f3n y en un carisma que a\u00fan hoy nos ofrece caminos y respuestas a los desaf\u00edos y solicitudes que nos presentan los j\u00f3venes. Qu\u00e9 importante es este momento para la Acci\u00f3n Social Salesiana que, en cada casa de Brasil, se re\u00fane para reflexionar y resignificar su propia pr\u00e1ctica. Que la fuerza de nuestro Carisma, explicitado en cada discurso de hoy, sea un faro para nosotros\u201d, concluy\u00f3 Carolina<\/em> Neves.<\/p>\n<p>Fuente: rsb.org.br<\/p>\n","protected":false},"excerpt":{"rendered":"<p>Brasil. Los d\u00edas 3 y 4 de mayo de 2023, a trav\u00e9s de la plataforma Zum, se realiz\u00f3 el IX Encuentro Nacional de Acci\u00f3n Social (ENAS), que reuni\u00f3 a los [&hellip;]<\/p>\n","protected":false},"author":21,"featured_media":89931,"comment_status":"open","ping_status":"closed","sticky":false,"template":"","format":"standard","meta":{"footnotes":""},"categories":[39,195],"tags":[227,1623,1931],"class_list":["post-89936","post","type-post","status-publish","format-standard","has-post-thumbnail","category-infoesfera","category-ciudadania","tag-brasil","tag-cittadinanza-es","tag-focus-es"],"yoast_head":"<!-- This site is optimized with the Yoast SEO plugin v27.4 - https:\/\/yoast.com\/product\/yoast-seo-wordpress\/ -->\n<title>IX Encuentro Nacional de Acci\u00f3n Social Salesiana &#8226; Istituto Figlie di Maria Ausiliatrice<\/title>\n<meta name=\"description\" content=\"Los d\u00edas 3 y 4 de mayo de 2023, en modalidad online, se llev\u00f3 a cabo el IX Encuentro Nacional de Acci\u00f3n Social (ENAS) de Brasil.\" \/>\n<meta name=\"robots\" content=\"index, follow, max-snippet:-1, max-image-preview:large, max-video-preview:-1\" \/>\n<link rel=\"canonical\" href=\"https:\/\/www.cgfmanet.org\/es\/infoesfera\/ciudadania\/ix-encuentro-nacional-de-accion-social-salesiana\/\" \/>\n<meta property=\"og:locale\" content=\"es_ES\" \/>\n<meta property=\"og:type\" content=\"article\" \/>\n<meta property=\"og:title\" content=\"IX Encuentro Nacional de Acci\u00f3n Social Salesiana &#8226; Istituto Figlie di Maria Ausiliatrice\" \/>\n<meta property=\"og:description\" content=\"Los d\u00edas 3 y 4 de mayo de 2023, en modalidad online, se llev\u00f3 a cabo el IX Encuentro Nacional de Acci\u00f3n Social (ENAS) de Brasil.\" \/>\n<meta property=\"og:url\" content=\"https:\/\/www.cgfmanet.org\/es\/infoesfera\/ciudadania\/ix-encuentro-nacional-de-accion-social-salesiana\/\" \/>\n<meta property=\"og:site_name\" content=\"Istituto Figlie di Maria Ausiliatrice\" \/>\n<meta property=\"article:publisher\" content=\"https:\/\/www.facebook.com\/salesian.sisters.of.don.bosco\/\" \/>\n<meta property=\"article:published_time\" content=\"2023-05-07T16:24:26+00:00\" \/>\n<meta property=\"article:modified_time\" content=\"2023-05-15T15:02:09+00:00\" \/>\n<meta property=\"og:image\" content=\"https:\/\/www.cgfmanet.org\/wp-content\/uploads\/2023\/05\/ENAS-Brasile.jpg\" \/>\n\t<meta property=\"og:image:width\" content=\"1094\" \/>\n\t<meta property=\"og:image:height\" content=\"729\" \/>\n\t<meta property=\"og:image:type\" content=\"image\/jpeg\" \/>\n<meta name=\"author\" content=\"Redazione\" \/>\n<meta name=\"twitter:card\" content=\"summary_large_image\" \/>\n<meta name=\"twitter:creator\" content=\"@Cgfmanet_Org\" \/>\n<meta name=\"twitter:site\" content=\"@Cgfmanet_Org\" \/>\n<meta name=\"twitter:label1\" content=\"Escrito por\" \/>\n\t<meta name=\"twitter:data1\" content=\"Redazione\" \/>\n\t<meta name=\"twitter:label2\" content=\"Tiempo de lectura\" \/>\n\t<meta name=\"twitter:data2\" content=\"5 minutos\" \/>\n<script type=\"application\/ld+json\" class=\"yoast-schema-graph\">{\"@context\":\"https:\\\/\\\/schema.org\",\"@graph\":[{\"@type\":\"Article\",\"@id\":\"https:\\\/\\\/www.cgfmanet.org\\\/es\\\/infoesfera\\\/ciudadania\\\/ix-encuentro-nacional-de-accion-social-salesiana\\\/#article\",\"isPartOf\":{\"@id\":\"https:\\\/\\\/www.cgfmanet.org\\\/es\\\/infoesfera\\\/ciudadania\\\/ix-encuentro-nacional-de-accion-social-salesiana\\\/\"},\"author\":{\"name\":\"Redazione\",\"@id\":\"https:\\\/\\\/www.cgfmanet.org\\\/es\\\/#\\\/schema\\\/person\\\/ce6473083f53ef0ef882cca23f0c8fb9\"},\"headline\":\"IX Encuentro Nacional de Acci\u00f3n Social Salesiana\",\"datePublished\":\"2023-05-07T16:24:26+00:00\",\"dateModified\":\"2023-05-15T15:02:09+00:00\",\"mainEntityOfPage\":{\"@id\":\"https:\\\/\\\/www.cgfmanet.org\\\/es\\\/infoesfera\\\/ciudadania\\\/ix-encuentro-nacional-de-accion-social-salesiana\\\/\"},\"wordCount\":853,\"commentCount\":0,\"publisher\":{\"@id\":\"https:\\\/\\\/www.cgfmanet.org\\\/es\\\/#organization\"},\"image\":{\"@id\":\"https:\\\/\\\/www.cgfmanet.org\\\/es\\\/infoesfera\\\/ciudadania\\\/ix-encuentro-nacional-de-accion-social-salesiana\\\/#primaryimage\"},\"thumbnailUrl\":\"https:\\\/\\\/www.cgfmanet.org\\\/wp-content\\\/uploads\\\/2023\\\/05\\\/ENAS-Brasile.jpg\",\"keywords\":[\"Brasil\",\"cittadinanza\",\"Focus\"],\"articleSection\":[\"Infoesfera\",\"Ciudadan\u00eda\"],\"inLanguage\":\"es\",\"potentialAction\":[{\"@type\":\"CommentAction\",\"name\":\"Comment\",\"target\":[\"https:\\\/\\\/www.cgfmanet.org\\\/es\\\/infoesfera\\\/ciudadania\\\/ix-encuentro-nacional-de-accion-social-salesiana\\\/#respond\"]}]},{\"@type\":\"WebPage\",\"@id\":\"https:\\\/\\\/www.cgfmanet.org\\\/es\\\/infoesfera\\\/ciudadania\\\/ix-encuentro-nacional-de-accion-social-salesiana\\\/\",\"url\":\"https:\\\/\\\/www.cgfmanet.org\\\/es\\\/infoesfera\\\/ciudadania\\\/ix-encuentro-nacional-de-accion-social-salesiana\\\/\",\"name\":\"IX Encuentro Nacional de Acci\u00f3n Social Salesiana &#8226; Istituto Figlie di Maria Ausiliatrice\",\"isPartOf\":{\"@id\":\"https:\\\/\\\/www.cgfmanet.org\\\/es\\\/#website\"},\"primaryImageOfPage\":{\"@id\":\"https:\\\/\\\/www.cgfmanet.org\\\/es\\\/infoesfera\\\/ciudadania\\\/ix-encuentro-nacional-de-accion-social-salesiana\\\/#primaryimage\"},\"image\":{\"@id\":\"https:\\\/\\\/www.cgfmanet.org\\\/es\\\/infoesfera\\\/ciudadania\\\/ix-encuentro-nacional-de-accion-social-salesiana\\\/#primaryimage\"},\"thumbnailUrl\":\"https:\\\/\\\/www.cgfmanet.org\\\/wp-content\\\/uploads\\\/2023\\\/05\\\/ENAS-Brasile.jpg\",\"datePublished\":\"2023-05-07T16:24:26+00:00\",\"dateModified\":\"2023-05-15T15:02:09+00:00\",\"description\":\"Los d\u00edas 3 y 4 de mayo de 2023, en modalidad online, se llev\u00f3 a cabo el IX Encuentro Nacional de Acci\u00f3n Social (ENAS) de Brasil.\",\"breadcrumb\":{\"@id\":\"https:\\\/\\\/www.cgfmanet.org\\\/es\\\/infoesfera\\\/ciudadania\\\/ix-encuentro-nacional-de-accion-social-salesiana\\\/#breadcrumb\"},\"inLanguage\":\"es\",\"potentialAction\":[{\"@type\":\"ReadAction\",\"target\":[\"https:\\\/\\\/www.cgfmanet.org\\\/es\\\/infoesfera\\\/ciudadania\\\/ix-encuentro-nacional-de-accion-social-salesiana\\\/\"]}]},{\"@type\":\"ImageObject\",\"inLanguage\":\"es\",\"@id\":\"https:\\\/\\\/www.cgfmanet.org\\\/es\\\/infoesfera\\\/ciudadania\\\/ix-encuentro-nacional-de-accion-social-salesiana\\\/#primaryimage\",\"url\":\"https:\\\/\\\/www.cgfmanet.org\\\/wp-content\\\/uploads\\\/2023\\\/05\\\/ENAS-Brasile.jpg\",\"contentUrl\":\"https:\\\/\\\/www.cgfmanet.org\\\/wp-content\\\/uploads\\\/2023\\\/05\\\/ENAS-Brasile.jpg\",\"width\":1094,\"height\":729},{\"@type\":\"BreadcrumbList\",\"@id\":\"https:\\\/\\\/www.cgfmanet.org\\\/es\\\/infoesfera\\\/ciudadania\\\/ix-encuentro-nacional-de-accion-social-salesiana\\\/#breadcrumb\",\"itemListElement\":[{\"@type\":\"ListItem\",\"position\":1,\"name\":\"Home\",\"item\":\"https:\\\/\\\/www.cgfmanet.org\\\/es\\\/\"},{\"@type\":\"ListItem\",\"position\":2,\"name\":\"IX Encuentro Nacional de Acci\u00f3n Social Salesiana\"}]},{\"@type\":\"WebSite\",\"@id\":\"https:\\\/\\\/www.cgfmanet.org\\\/es\\\/#website\",\"url\":\"https:\\\/\\\/www.cgfmanet.org\\\/es\\\/\",\"name\":\"Istituto Figlie di Maria Ausiliatrice\",\"description\":\"Salesiane di Don Bosco\",\"publisher\":{\"@id\":\"https:\\\/\\\/www.cgfmanet.org\\\/es\\\/#organization\"},\"potentialAction\":[{\"@type\":\"SearchAction\",\"target\":{\"@type\":\"EntryPoint\",\"urlTemplate\":\"https:\\\/\\\/www.cgfmanet.org\\\/es\\\/?s={search_term_string}\"},\"query-input\":{\"@type\":\"PropertyValueSpecification\",\"valueRequired\":true,\"valueName\":\"search_term_string\"}}],\"inLanguage\":\"es\"},{\"@type\":\"Organization\",\"@id\":\"https:\\\/\\\/www.cgfmanet.org\\\/es\\\/#organization\",\"name\":\"Istituto Figlie di Maria Ausiliatrice\",\"url\":\"https:\\\/\\\/www.cgfmanet.org\\\/es\\\/\",\"logo\":{\"@type\":\"ImageObject\",\"inLanguage\":\"es\",\"@id\":\"https:\\\/\\\/www.cgfmanet.org\\\/es\\\/#\\\/schema\\\/logo\\\/image\\\/\",\"url\":\"https:\\\/\\\/www.cgfmanet.org\\\/wp-content\\\/uploads\\\/2018\\\/10\\\/logo-fma.png\",\"contentUrl\":\"https:\\\/\\\/www.cgfmanet.org\\\/wp-content\\\/uploads\\\/2018\\\/10\\\/logo-fma.png\",\"width\":214,\"height\":55,\"caption\":\"Istituto Figlie di Maria Ausiliatrice\"},\"image\":{\"@id\":\"https:\\\/\\\/www.cgfmanet.org\\\/es\\\/#\\\/schema\\\/logo\\\/image\\\/\"},\"sameAs\":[\"https:\\\/\\\/www.facebook.com\\\/salesian.sisters.of.don.bosco\\\/\",\"https:\\\/\\\/x.com\\\/Cgfmanet_Org\",\"https:\\\/\\\/www.youtube.com\\\/channel\\\/UCmcr8yFQBV7JXeXVxyV9y5Q\"]},{\"@type\":\"Person\",\"@id\":\"https:\\\/\\\/www.cgfmanet.org\\\/es\\\/#\\\/schema\\\/person\\\/ce6473083f53ef0ef882cca23f0c8fb9\",\"name\":\"Redazione\"}]}<\/script>\n<!-- \/ Yoast SEO plugin. -->","yoast_head_json":{"title":"IX Encuentro Nacional de Acci\u00f3n Social Salesiana &#8226; Istituto Figlie di Maria Ausiliatrice","description":"Los d\u00edas 3 y 4 de mayo de 2023, en modalidad online, se llev\u00f3 a cabo el IX Encuentro Nacional de Acci\u00f3n Social (ENAS) de Brasil.","robots":{"index":"index","follow":"follow","max-snippet":"max-snippet:-1","max-image-preview":"max-image-preview:large","max-video-preview":"max-video-preview:-1"},"canonical":"https:\/\/www.cgfmanet.org\/es\/infoesfera\/ciudadania\/ix-encuentro-nacional-de-accion-social-salesiana\/","og_locale":"es_ES","og_type":"article","og_title":"IX Encuentro Nacional de Acci\u00f3n Social Salesiana &#8226; Istituto Figlie di Maria Ausiliatrice","og_description":"Los d\u00edas 3 y 4 de mayo de 2023, en modalidad online, se llev\u00f3 a cabo el IX Encuentro Nacional de Acci\u00f3n Social (ENAS) de Brasil.","og_url":"https:\/\/www.cgfmanet.org\/es\/infoesfera\/ciudadania\/ix-encuentro-nacional-de-accion-social-salesiana\/","og_site_name":"Istituto Figlie di Maria Ausiliatrice","article_publisher":"https:\/\/www.facebook.com\/salesian.sisters.of.don.bosco\/","article_published_time":"2023-05-07T16:24:26+00:00","article_modified_time":"2023-05-15T15:02:09+00:00","og_image":[{"width":1094,"height":729,"url":"https:\/\/www.cgfmanet.org\/wp-content\/uploads\/2023\/05\/ENAS-Brasile.jpg","type":"image\/jpeg"}],"author":"Redazione","twitter_card":"summary_large_image","twitter_creator":"@Cgfmanet_Org","twitter_site":"@Cgfmanet_Org","twitter_misc":{"Escrito por":"Redazione","Tiempo de lectura":"5 minutos"},"schema":{"@context":"https:\/\/schema.org","@graph":[{"@type":"Article","@id":"https:\/\/www.cgfmanet.org\/es\/infoesfera\/ciudadania\/ix-encuentro-nacional-de-accion-social-salesiana\/#article","isPartOf":{"@id":"https:\/\/www.cgfmanet.org\/es\/infoesfera\/ciudadania\/ix-encuentro-nacional-de-accion-social-salesiana\/"},"author":{"name":"Redazione","@id":"https:\/\/www.cgfmanet.org\/es\/#\/schema\/person\/ce6473083f53ef0ef882cca23f0c8fb9"},"headline":"IX Encuentro Nacional de Acci\u00f3n Social Salesiana","datePublished":"2023-05-07T16:24:26+00:00","dateModified":"2023-05-15T15:02:09+00:00","mainEntityOfPage":{"@id":"https:\/\/www.cgfmanet.org\/es\/infoesfera\/ciudadania\/ix-encuentro-nacional-de-accion-social-salesiana\/"},"wordCount":853,"commentCount":0,"publisher":{"@id":"https:\/\/www.cgfmanet.org\/es\/#organization"},"image":{"@id":"https:\/\/www.cgfmanet.org\/es\/infoesfera\/ciudadania\/ix-encuentro-nacional-de-accion-social-salesiana\/#primaryimage"},"thumbnailUrl":"https:\/\/www.cgfmanet.org\/wp-content\/uploads\/2023\/05\/ENAS-Brasile.jpg","keywords":["Brasil","cittadinanza","Focus"],"articleSection":["Infoesfera","Ciudadan\u00eda"],"inLanguage":"es","potentialAction":[{"@type":"CommentAction","name":"Comment","target":["https:\/\/www.cgfmanet.org\/es\/infoesfera\/ciudadania\/ix-encuentro-nacional-de-accion-social-salesiana\/#respond"]}]},{"@type":"WebPage","@id":"https:\/\/www.cgfmanet.org\/es\/infoesfera\/ciudadania\/ix-encuentro-nacional-de-accion-social-salesiana\/","url":"https:\/\/www.cgfmanet.org\/es\/infoesfera\/ciudadania\/ix-encuentro-nacional-de-accion-social-salesiana\/","name":"IX Encuentro Nacional de Acci\u00f3n Social Salesiana &#8226; Istituto Figlie di Maria Ausiliatrice","isPartOf":{"@id":"https:\/\/www.cgfmanet.org\/es\/#website"},"primaryImageOfPage":{"@id":"https:\/\/www.cgfmanet.org\/es\/infoesfera\/ciudadania\/ix-encuentro-nacional-de-accion-social-salesiana\/#primaryimage"},"image":{"@id":"https:\/\/www.cgfmanet.org\/es\/infoesfera\/ciudadania\/ix-encuentro-nacional-de-accion-social-salesiana\/#primaryimage"},"thumbnailUrl":"https:\/\/www.cgfmanet.org\/wp-content\/uploads\/2023\/05\/ENAS-Brasile.jpg","datePublished":"2023-05-07T16:24:26+00:00","dateModified":"2023-05-15T15:02:09+00:00","description":"Los d\u00edas 3 y 4 de mayo de 2023, en modalidad online, se llev\u00f3 a cabo el IX Encuentro Nacional de Acci\u00f3n Social (ENAS) de Brasil.","breadcrumb":{"@id":"https:\/\/www.cgfmanet.org\/es\/infoesfera\/ciudadania\/ix-encuentro-nacional-de-accion-social-salesiana\/#breadcrumb"},"inLanguage":"es","potentialAction":[{"@type":"ReadAction","target":["https:\/\/www.cgfmanet.org\/es\/infoesfera\/ciudadania\/ix-encuentro-nacional-de-accion-social-salesiana\/"]}]},{"@type":"ImageObject","inLanguage":"es","@id":"https:\/\/www.cgfmanet.org\/es\/infoesfera\/ciudadania\/ix-encuentro-nacional-de-accion-social-salesiana\/#primaryimage","url":"https:\/\/www.cgfmanet.org\/wp-content\/uploads\/2023\/05\/ENAS-Brasile.jpg","contentUrl":"https:\/\/www.cgfmanet.org\/wp-content\/uploads\/2023\/05\/ENAS-Brasile.jpg","width":1094,"height":729},{"@type":"BreadcrumbList","@id":"https:\/\/www.cgfmanet.org\/es\/infoesfera\/ciudadania\/ix-encuentro-nacional-de-accion-social-salesiana\/#breadcrumb","itemListElement":[{"@type":"ListItem","position":1,"name":"Home","item":"https:\/\/www.cgfmanet.org\/es\/"},{"@type":"ListItem","position":2,"name":"IX Encuentro Nacional de Acci\u00f3n Social Salesiana"}]},{"@type":"WebSite","@id":"https:\/\/www.cgfmanet.org\/es\/#website","url":"https:\/\/www.cgfmanet.org\/es\/","name":"Istituto Figlie di Maria Ausiliatrice","description":"Salesiane di Don Bosco","publisher":{"@id":"https:\/\/www.cgfmanet.org\/es\/#organization"},"potentialAction":[{"@type":"SearchAction","target":{"@type":"EntryPoint","urlTemplate":"https:\/\/www.cgfmanet.org\/es\/?s={search_term_string}"},"query-input":{"@type":"PropertyValueSpecification","valueRequired":true,"valueName":"search_term_string"}}],"inLanguage":"es"},{"@type":"Organization","@id":"https:\/\/www.cgfmanet.org\/es\/#organization","name":"Istituto Figlie di Maria Ausiliatrice","url":"https:\/\/www.cgfmanet.org\/es\/","logo":{"@type":"ImageObject","inLanguage":"es","@id":"https:\/\/www.cgfmanet.org\/es\/#\/schema\/logo\/image\/","url":"https:\/\/www.cgfmanet.org\/wp-content\/uploads\/2018\/10\/logo-fma.png","contentUrl":"https:\/\/www.cgfmanet.org\/wp-content\/uploads\/2018\/10\/logo-fma.png","width":214,"height":55,"caption":"Istituto Figlie di Maria Ausiliatrice"},"image":{"@id":"https:\/\/www.cgfmanet.org\/es\/#\/schema\/logo\/image\/"},"sameAs":["https:\/\/www.facebook.com\/salesian.sisters.of.don.bosco\/","https:\/\/x.com\/Cgfmanet_Org","https:\/\/www.youtube.com\/channel\/UCmcr8yFQBV7JXeXVxyV9y5Q"]},{"@type":"Person","@id":"https:\/\/www.cgfmanet.org\/es\/#\/schema\/person\/ce6473083f53ef0ef882cca23f0c8fb9","name":"Redazione"}]}},"_links":{"self":[{"href":"https:\/\/www.cgfmanet.org\/es\/wp-json\/wp\/v2\/posts\/89936","targetHints":{"allow":["GET"]}}],"collection":[{"href":"https:\/\/www.cgfmanet.org\/es\/wp-json\/wp\/v2\/posts"}],"about":[{"href":"https:\/\/www.cgfmanet.org\/es\/wp-json\/wp\/v2\/types\/post"}],"author":[{"embeddable":true,"href":"https:\/\/www.cgfmanet.org\/es\/wp-json\/wp\/v2\/users\/21"}],"replies":[{"embeddable":true,"href":"https:\/\/www.cgfmanet.org\/es\/wp-json\/wp\/v2\/comments?post=89936"}],"version-history":[{"count":0,"href":"https:\/\/www.cgfmanet.org\/es\/wp-json\/wp\/v2\/posts\/89936\/revisions"}],"wp:featuredmedia":[{"embeddable":true,"href":"https:\/\/www.cgfmanet.org\/es\/wp-json\/wp\/v2\/media\/89931"}],"wp:attachment":[{"href":"https:\/\/www.cgfmanet.org\/es\/wp-json\/wp\/v2\/media?parent=89936"}],"wp:term":[{"taxonomy":"category","embeddable":true,"href":"https:\/\/www.cgfmanet.org\/es\/wp-json\/wp\/v2\/categories?post=89936"},{"taxonomy":"post_tag","embeddable":true,"href":"https:\/\/www.cgfmanet.org\/es\/wp-json\/wp\/v2\/tags?post=89936"}],"curies":[{"name":"wp","href":"https:\/\/api.w.org\/{rel}","templated":true}]}}