{"id":88663,"date":"2023-04-14T18:31:12","date_gmt":"2023-04-14T16:31:12","guid":{"rendered":"https:\/\/www.cgfmanet.org\/infoesfera\/messaggera-di-pace\/"},"modified":"2023-04-15T23:16:07","modified_gmt":"2023-04-15T21:16:07","slug":"mensajera-de-paz","status":"publish","type":"post","link":"https:\/\/www.cgfmanet.org\/es\/ifma-es\/mensajera-de-paz\/","title":{"rendered":"Mensajera de paz"},"content":{"rendered":"<p><strong>La Ceja (Colombia). <\/strong>El 12 de abril de 2023, despu\u00e9s de la Celebraci\u00f3n Eucar\u00edstica de bienvenida en la Capilla de la Casa Inspectorial <em>Mar\u00eda Auxiliadora <\/em>(CMA), de Medell\u00edn, Madre Chiara Cazzuola, en Colombia para la <span style=\"color: #0000ff;\"><a style=\"color: #0000ff;\" href=\"https:\/\/www.festadelgrazie.org\/\" target=\"_blank\" rel=\"noopener\"><strong>Fiesta de la Gratitud Mundial<\/strong><\/a> <\/span>que se realizar\u00e1 en Bogot\u00e1 el 26 de abril, lleg\u00f3 al Noviciado interprovincial e internacional <em>San Jos\u00e9 <\/em>en La Ceja, Antioquia.<\/p>\n<p>A su llegada fue acogida por los j\u00f3venes en formaci\u00f3n del Noviciado <em>Sagrado Coraz\u00f3n <\/em>de los Salesianos de Don Bosco, los alumnos y alumnas del Colegio <em>Mar\u00eda Auxiliadora<\/em>, el personal, las j\u00f3venes en formaci\u00f3n de las Inspector\u00edas FMA de Colombia y las novicias de la Conferencia Interinspectorial CINAB.<\/p>\n<p>El gesto que le pidieron realizar es significativo: despu\u00e9s de ponerse un par de guantes blancos, dej\u00f3 volar hacia el cielo una paloma blanca, como gesto de paz, <em>\u201cporque t\u00fa eres nuestra <strong>Mensajera de paz\u201d,<\/strong> <\/em><strong>explic\u00f3 <\/strong><em>Sor <\/em>Bernarda Santamaria, Maestra de las Novicias, mientras las Novicias cantaban <em>\u00abtus manos son palomas de la paz\u00bb <\/em>(<span style=\"color: #0000ff;\"><a style=\"color: #0000ff;\" href=\"https:\/\/fb.watch\/jVaxWyNA8p\/\" target=\"_blank\" rel=\"noopener\"><strong>video<\/strong><\/a><\/span>).<\/p>\n<p>Madre Chiara se reuni\u00f3 luego con las j\u00f3venes del Per\u00edodo de Verificaci\u00f3n y Orientaci\u00f3n, las Postulantes de las tres casas de formaci\u00f3n en Colombia y las Novicias de la CINAB, que expresaron la alegr\u00eda de tenerla entre ellas con creatividad y arte a trav\u00e9s de danzas y cantos.<\/p>\n<p>Posteriormente, la Madre se puso a disposici\u00f3n para un tiempo de di\u00e1logo con las formandas , sobre su realidad actual y sobre el camino formativo: <em>\u201cEstoy muy contenta de estar hoy aqu\u00ed con vosotras y agradezco a las Inspectoras por haber pensado en dejarme iniciar este camino en Colombia empezando por vosotras (\u2026) La formaci\u00f3n es ciertamente un trabajo de artesan\u00eda, donde se trabaja con muchas manos. Ciertamente est\u00e1 el Artesano que modela, pero luego hay muchas personas juntas, como comunidad, que acompa\u00f1an vuestro camino. A ellas tambi\u00e9n me gustar\u00eda agradecerles su compromiso, su cercan\u00eda, su acompa\u00f1amiento diario en vuestra vida. El per\u00edodo que est\u00e1is viviendo \u2013de Aspirantado, Postulantado, Noviciado\u2013 exige un camino dirigido y tambi\u00e9n claro, un sacrificio que da alegr\u00eda, porque surge de una elecci\u00f3n de fondo (\u2026), por lo tanto es un proceso consciente, feliz. El signo de que est\u00e1is caminando bien son la paz del coraz\u00f3n y la serenidad\u201d,<\/em> coment\u00f3 la Madre.<\/p>\n<div class=\"youtube-embed\" data-video_id=\"8EXwZDQfih8\"><iframe title=\"Encuentro de La Madre con las j\u00f3venes en formaci\u00f3n - La Ceja, Antioquia\" width=\"696\" height=\"392\" data-src=\"https:\/\/www.youtube.com\/embed\/8EXwZDQfih8?feature=oembed&#038;enablejsapi=1\" frameborder=\"0\" allow=\"accelerometer; autoplay; clipboard-write; encrypted-media; gyroscope; picture-in-picture; web-share\" allowfullscreen src=\"data:image\/svg+xml;base64,PHN2ZyB3aWR0aD0iMSIgaGVpZ2h0PSIxIiB4bWxucz0iaHR0cDovL3d3dy53My5vcmcvMjAwMC9zdmciPjwvc3ZnPg==\" class=\"lazyload\" data-load-mode=\"1\"><\/iframe><\/div>\n<p>Ha respondido a sus preguntas, anim\u00e1ndolas a promover una cultura de paz -seg\u00fan el lema del Fiesta- con las personas de su entorno, a tener una clara motivaci\u00f3n por Dios, a ser felices en el anuncio de Jes\u00fas y a ser humildes, porque <em>\u00bb es el Se\u00f1or quien nos env\u00eda y nos sostiene, sin \u00c9l nada podemos hacer\u00bb<\/em>. Por \u00faltimo, recomend\u00f3 llevar siempre consigo a Mar\u00eda, para <em>\u201chacerla trabajar: siempre trabaja, pero siempre podemos pedirle algo m\u00e1s. Est\u00e1 claro que siempre debemos sentirnos hijas si queremos que ella sea siempre Madre, y lo es. Recordemos que nuestra identidad es mariana y que estamos llamadas a vivir la espiritualidad del Magn\u00edficat\u201d.<\/em><\/p>\n<p>El encuentro termin\u00f3 con la canci\u00f3n \u201cTus manos son palomas de paz\u201d, melod\u00eda que la acogi\u00f3 por la ma\u00f1ana.<\/p>\n<p><strong>Foto: <span style=\"color: #0000ff;\"><a style=\"color: #0000ff;\" href=\"https:\/\/www.flickr.com\/photos\/137890103@N08\/albums\/72177720307500524\" target=\"_blank\" rel=\"noopener\">Flickr FMA<\/a><\/span><\/strong><\/p>\n","protected":false},"excerpt":{"rendered":"<p>La Ceja (Colombia). El 12 de abril de 2023, despu\u00e9s de la Celebraci\u00f3n Eucar\u00edstica de bienvenida en la Capilla de la Casa Inspectorial Mar\u00eda Auxiliadora (CMA), de Medell\u00edn, Madre Chiara [&hellip;]<\/p>\n","protected":false},"author":21,"featured_media":88657,"comment_status":"open","ping_status":"closed","sticky":false,"template":"","format":"standard","meta":{"footnotes":""},"categories":[158,175],"tags":[247,299,371,402,1059,1830,1931,2379],"class_list":["post-88663","post","type-post","status-publish","format-standard","has-post-thumbnail","category-ifma-es","category-cultura-vocacional-es","tag-colombia-es","tag-fiesta-del-gracias","tag-madre-general","tag-noviciado","tag-cinab-es","tag-paz-es","tag-focus-es","tag-madre-chiara-cazzuola-es"],"yoast_head":"<!-- This site is optimized with the Yoast SEO plugin v27.4 - https:\/\/yoast.com\/product\/yoast-seo-wordpress\/ -->\n<title>Mensajera de paz &#8226; Istituto Figlie di Maria Ausiliatrice<\/title>\n<meta name=\"description\" content=\"El 12 de abril de 2023, Madre Chiara Cazzuola, en Colombia para la Fiesta Mundial de la Gratitud, se reuni\u00f3 con las j\u00f3venes en formaci\u00f3n y las Novicias del CINAB en La Ceja, Antioquia.\" \/>\n<meta name=\"robots\" content=\"index, follow, max-snippet:-1, max-image-preview:large, max-video-preview:-1\" \/>\n<link rel=\"canonical\" href=\"https:\/\/www.cgfmanet.org\/es\/ifma-es\/mensajera-de-paz\/\" \/>\n<meta property=\"og:locale\" content=\"es_ES\" \/>\n<meta property=\"og:type\" content=\"article\" \/>\n<meta property=\"og:title\" content=\"Mensajera de paz &#8226; Istituto Figlie di Maria Ausiliatrice\" \/>\n<meta property=\"og:description\" content=\"El 12 de abril de 2023, Madre Chiara Cazzuola, en Colombia para la Fiesta Mundial de la Gratitud, se reuni\u00f3 con las j\u00f3venes en formaci\u00f3n y las Novicias del CINAB en La Ceja, Antioquia.\" \/>\n<meta property=\"og:url\" content=\"https:\/\/www.cgfmanet.org\/es\/ifma-es\/mensajera-de-paz\/\" \/>\n<meta property=\"og:site_name\" content=\"Istituto Figlie di Maria Ausiliatrice\" \/>\n<meta property=\"article:publisher\" content=\"https:\/\/www.facebook.com\/salesian.sisters.of.don.bosco\/\" \/>\n<meta property=\"article:published_time\" content=\"2023-04-14T16:31:12+00:00\" \/>\n<meta property=\"article:modified_time\" content=\"2023-04-15T21:16:07+00:00\" \/>\n<meta property=\"og:image\" content=\"https:\/\/www.cgfmanet.org\/wp-content\/uploads\/2023\/04\/Noviaziato-Colombia.jpg\" \/>\n\t<meta property=\"og:image:width\" content=\"1181\" \/>\n\t<meta property=\"og:image:height\" content=\"787\" \/>\n\t<meta property=\"og:image:type\" content=\"image\/jpeg\" \/>\n<meta name=\"author\" content=\"Redazione\" \/>\n<meta name=\"twitter:card\" content=\"summary_large_image\" \/>\n<meta name=\"twitter:creator\" content=\"@Cgfmanet_Org\" \/>\n<meta name=\"twitter:site\" content=\"@Cgfmanet_Org\" \/>\n<meta name=\"twitter:label1\" content=\"Escrito por\" \/>\n\t<meta name=\"twitter:data1\" content=\"Redazione\" \/>\n\t<meta name=\"twitter:label2\" content=\"Tiempo de lectura\" \/>\n\t<meta name=\"twitter:data2\" content=\"3 minutos\" \/>\n<script type=\"application\/ld+json\" class=\"yoast-schema-graph\">{\"@context\":\"https:\\\/\\\/schema.org\",\"@graph\":[{\"@type\":\"Article\",\"@id\":\"https:\\\/\\\/www.cgfmanet.org\\\/es\\\/ifma-es\\\/mensajera-de-paz\\\/#article\",\"isPartOf\":{\"@id\":\"https:\\\/\\\/www.cgfmanet.org\\\/es\\\/ifma-es\\\/mensajera-de-paz\\\/\"},\"author\":{\"name\":\"Redazione\",\"@id\":\"https:\\\/\\\/www.cgfmanet.org\\\/es\\\/#\\\/schema\\\/person\\\/ce6473083f53ef0ef882cca23f0c8fb9\"},\"headline\":\"Mensajera de paz\",\"datePublished\":\"2023-04-14T16:31:12+00:00\",\"dateModified\":\"2023-04-15T21:16:07+00:00\",\"mainEntityOfPage\":{\"@id\":\"https:\\\/\\\/www.cgfmanet.org\\\/es\\\/ifma-es\\\/mensajera-de-paz\\\/\"},\"wordCount\":551,\"commentCount\":0,\"publisher\":{\"@id\":\"https:\\\/\\\/www.cgfmanet.org\\\/es\\\/#organization\"},\"image\":{\"@id\":\"https:\\\/\\\/www.cgfmanet.org\\\/es\\\/ifma-es\\\/mensajera-de-paz\\\/#primaryimage\"},\"thumbnailUrl\":\"https:\\\/\\\/www.cgfmanet.org\\\/wp-content\\\/uploads\\\/2023\\\/04\\\/Noviaziato-Colombia.jpg\",\"keywords\":[\"Colombia\",\"Fiesta del Gracias\",\"Madre General\",\"Noviciado\",\"CINAB\",\"Paz\",\"Focus\",\"Madre Chiara Cazzuola\"],\"articleSection\":[\"IFMA\",\"Cultura Vocacional\"],\"inLanguage\":\"es\",\"potentialAction\":[{\"@type\":\"CommentAction\",\"name\":\"Comment\",\"target\":[\"https:\\\/\\\/www.cgfmanet.org\\\/es\\\/ifma-es\\\/mensajera-de-paz\\\/#respond\"]}]},{\"@type\":\"WebPage\",\"@id\":\"https:\\\/\\\/www.cgfmanet.org\\\/es\\\/ifma-es\\\/mensajera-de-paz\\\/\",\"url\":\"https:\\\/\\\/www.cgfmanet.org\\\/es\\\/ifma-es\\\/mensajera-de-paz\\\/\",\"name\":\"Mensajera de paz &#8226; Istituto Figlie di Maria Ausiliatrice\",\"isPartOf\":{\"@id\":\"https:\\\/\\\/www.cgfmanet.org\\\/es\\\/#website\"},\"primaryImageOfPage\":{\"@id\":\"https:\\\/\\\/www.cgfmanet.org\\\/es\\\/ifma-es\\\/mensajera-de-paz\\\/#primaryimage\"},\"image\":{\"@id\":\"https:\\\/\\\/www.cgfmanet.org\\\/es\\\/ifma-es\\\/mensajera-de-paz\\\/#primaryimage\"},\"thumbnailUrl\":\"https:\\\/\\\/www.cgfmanet.org\\\/wp-content\\\/uploads\\\/2023\\\/04\\\/Noviaziato-Colombia.jpg\",\"datePublished\":\"2023-04-14T16:31:12+00:00\",\"dateModified\":\"2023-04-15T21:16:07+00:00\",\"description\":\"El 12 de abril de 2023, Madre Chiara Cazzuola, en Colombia para la Fiesta Mundial de la Gratitud, se reuni\u00f3 con las j\u00f3venes en formaci\u00f3n y las Novicias del CINAB en La Ceja, Antioquia.\",\"breadcrumb\":{\"@id\":\"https:\\\/\\\/www.cgfmanet.org\\\/es\\\/ifma-es\\\/mensajera-de-paz\\\/#breadcrumb\"},\"inLanguage\":\"es\",\"potentialAction\":[{\"@type\":\"ReadAction\",\"target\":[\"https:\\\/\\\/www.cgfmanet.org\\\/es\\\/ifma-es\\\/mensajera-de-paz\\\/\"]}]},{\"@type\":\"ImageObject\",\"inLanguage\":\"es\",\"@id\":\"https:\\\/\\\/www.cgfmanet.org\\\/es\\\/ifma-es\\\/mensajera-de-paz\\\/#primaryimage\",\"url\":\"https:\\\/\\\/www.cgfmanet.org\\\/wp-content\\\/uploads\\\/2023\\\/04\\\/Noviaziato-Colombia.jpg\",\"contentUrl\":\"https:\\\/\\\/www.cgfmanet.org\\\/wp-content\\\/uploads\\\/2023\\\/04\\\/Noviaziato-Colombia.jpg\",\"width\":1181,\"height\":787},{\"@type\":\"BreadcrumbList\",\"@id\":\"https:\\\/\\\/www.cgfmanet.org\\\/es\\\/ifma-es\\\/mensajera-de-paz\\\/#breadcrumb\",\"itemListElement\":[{\"@type\":\"ListItem\",\"position\":1,\"name\":\"Home\",\"item\":\"https:\\\/\\\/www.cgfmanet.org\\\/es\\\/\"},{\"@type\":\"ListItem\",\"position\":2,\"name\":\"Mensajera de paz\"}]},{\"@type\":\"WebSite\",\"@id\":\"https:\\\/\\\/www.cgfmanet.org\\\/es\\\/#website\",\"url\":\"https:\\\/\\\/www.cgfmanet.org\\\/es\\\/\",\"name\":\"Istituto Figlie di Maria Ausiliatrice\",\"description\":\"Salesiane di Don Bosco\",\"publisher\":{\"@id\":\"https:\\\/\\\/www.cgfmanet.org\\\/es\\\/#organization\"},\"potentialAction\":[{\"@type\":\"SearchAction\",\"target\":{\"@type\":\"EntryPoint\",\"urlTemplate\":\"https:\\\/\\\/www.cgfmanet.org\\\/es\\\/?s={search_term_string}\"},\"query-input\":{\"@type\":\"PropertyValueSpecification\",\"valueRequired\":true,\"valueName\":\"search_term_string\"}}],\"inLanguage\":\"es\"},{\"@type\":\"Organization\",\"@id\":\"https:\\\/\\\/www.cgfmanet.org\\\/es\\\/#organization\",\"name\":\"Istituto Figlie di Maria Ausiliatrice\",\"url\":\"https:\\\/\\\/www.cgfmanet.org\\\/es\\\/\",\"logo\":{\"@type\":\"ImageObject\",\"inLanguage\":\"es\",\"@id\":\"https:\\\/\\\/www.cgfmanet.org\\\/es\\\/#\\\/schema\\\/logo\\\/image\\\/\",\"url\":\"https:\\\/\\\/www.cgfmanet.org\\\/wp-content\\\/uploads\\\/2018\\\/10\\\/logo-fma.png\",\"contentUrl\":\"https:\\\/\\\/www.cgfmanet.org\\\/wp-content\\\/uploads\\\/2018\\\/10\\\/logo-fma.png\",\"width\":214,\"height\":55,\"caption\":\"Istituto Figlie di Maria Ausiliatrice\"},\"image\":{\"@id\":\"https:\\\/\\\/www.cgfmanet.org\\\/es\\\/#\\\/schema\\\/logo\\\/image\\\/\"},\"sameAs\":[\"https:\\\/\\\/www.facebook.com\\\/salesian.sisters.of.don.bosco\\\/\",\"https:\\\/\\\/x.com\\\/Cgfmanet_Org\",\"https:\\\/\\\/www.youtube.com\\\/channel\\\/UCmcr8yFQBV7JXeXVxyV9y5Q\"]},{\"@type\":\"Person\",\"@id\":\"https:\\\/\\\/www.cgfmanet.org\\\/es\\\/#\\\/schema\\\/person\\\/ce6473083f53ef0ef882cca23f0c8fb9\",\"name\":\"Redazione\"}]}<\/script>\n<!-- \/ Yoast SEO plugin. -->","yoast_head_json":{"title":"Mensajera de paz &#8226; Istituto Figlie di Maria Ausiliatrice","description":"El 12 de abril de 2023, Madre Chiara Cazzuola, en Colombia para la Fiesta Mundial de la Gratitud, se reuni\u00f3 con las j\u00f3venes en formaci\u00f3n y las Novicias del CINAB en La Ceja, Antioquia.","robots":{"index":"index","follow":"follow","max-snippet":"max-snippet:-1","max-image-preview":"max-image-preview:large","max-video-preview":"max-video-preview:-1"},"canonical":"https:\/\/www.cgfmanet.org\/es\/ifma-es\/mensajera-de-paz\/","og_locale":"es_ES","og_type":"article","og_title":"Mensajera de paz &#8226; Istituto Figlie di Maria Ausiliatrice","og_description":"El 12 de abril de 2023, Madre Chiara Cazzuola, en Colombia para la Fiesta Mundial de la Gratitud, se reuni\u00f3 con las j\u00f3venes en formaci\u00f3n y las Novicias del CINAB en La Ceja, Antioquia.","og_url":"https:\/\/www.cgfmanet.org\/es\/ifma-es\/mensajera-de-paz\/","og_site_name":"Istituto Figlie di Maria Ausiliatrice","article_publisher":"https:\/\/www.facebook.com\/salesian.sisters.of.don.bosco\/","article_published_time":"2023-04-14T16:31:12+00:00","article_modified_time":"2023-04-15T21:16:07+00:00","og_image":[{"width":1181,"height":787,"url":"https:\/\/www.cgfmanet.org\/wp-content\/uploads\/2023\/04\/Noviaziato-Colombia.jpg","type":"image\/jpeg"}],"author":"Redazione","twitter_card":"summary_large_image","twitter_creator":"@Cgfmanet_Org","twitter_site":"@Cgfmanet_Org","twitter_misc":{"Escrito por":"Redazione","Tiempo de lectura":"3 minutos"},"schema":{"@context":"https:\/\/schema.org","@graph":[{"@type":"Article","@id":"https:\/\/www.cgfmanet.org\/es\/ifma-es\/mensajera-de-paz\/#article","isPartOf":{"@id":"https:\/\/www.cgfmanet.org\/es\/ifma-es\/mensajera-de-paz\/"},"author":{"name":"Redazione","@id":"https:\/\/www.cgfmanet.org\/es\/#\/schema\/person\/ce6473083f53ef0ef882cca23f0c8fb9"},"headline":"Mensajera de paz","datePublished":"2023-04-14T16:31:12+00:00","dateModified":"2023-04-15T21:16:07+00:00","mainEntityOfPage":{"@id":"https:\/\/www.cgfmanet.org\/es\/ifma-es\/mensajera-de-paz\/"},"wordCount":551,"commentCount":0,"publisher":{"@id":"https:\/\/www.cgfmanet.org\/es\/#organization"},"image":{"@id":"https:\/\/www.cgfmanet.org\/es\/ifma-es\/mensajera-de-paz\/#primaryimage"},"thumbnailUrl":"https:\/\/www.cgfmanet.org\/wp-content\/uploads\/2023\/04\/Noviaziato-Colombia.jpg","keywords":["Colombia","Fiesta del Gracias","Madre General","Noviciado","CINAB","Paz","Focus","Madre Chiara Cazzuola"],"articleSection":["IFMA","Cultura Vocacional"],"inLanguage":"es","potentialAction":[{"@type":"CommentAction","name":"Comment","target":["https:\/\/www.cgfmanet.org\/es\/ifma-es\/mensajera-de-paz\/#respond"]}]},{"@type":"WebPage","@id":"https:\/\/www.cgfmanet.org\/es\/ifma-es\/mensajera-de-paz\/","url":"https:\/\/www.cgfmanet.org\/es\/ifma-es\/mensajera-de-paz\/","name":"Mensajera de paz &#8226; Istituto Figlie di Maria Ausiliatrice","isPartOf":{"@id":"https:\/\/www.cgfmanet.org\/es\/#website"},"primaryImageOfPage":{"@id":"https:\/\/www.cgfmanet.org\/es\/ifma-es\/mensajera-de-paz\/#primaryimage"},"image":{"@id":"https:\/\/www.cgfmanet.org\/es\/ifma-es\/mensajera-de-paz\/#primaryimage"},"thumbnailUrl":"https:\/\/www.cgfmanet.org\/wp-content\/uploads\/2023\/04\/Noviaziato-Colombia.jpg","datePublished":"2023-04-14T16:31:12+00:00","dateModified":"2023-04-15T21:16:07+00:00","description":"El 12 de abril de 2023, Madre Chiara Cazzuola, en Colombia para la Fiesta Mundial de la Gratitud, se reuni\u00f3 con las j\u00f3venes en formaci\u00f3n y las Novicias del CINAB en La Ceja, Antioquia.","breadcrumb":{"@id":"https:\/\/www.cgfmanet.org\/es\/ifma-es\/mensajera-de-paz\/#breadcrumb"},"inLanguage":"es","potentialAction":[{"@type":"ReadAction","target":["https:\/\/www.cgfmanet.org\/es\/ifma-es\/mensajera-de-paz\/"]}]},{"@type":"ImageObject","inLanguage":"es","@id":"https:\/\/www.cgfmanet.org\/es\/ifma-es\/mensajera-de-paz\/#primaryimage","url":"https:\/\/www.cgfmanet.org\/wp-content\/uploads\/2023\/04\/Noviaziato-Colombia.jpg","contentUrl":"https:\/\/www.cgfmanet.org\/wp-content\/uploads\/2023\/04\/Noviaziato-Colombia.jpg","width":1181,"height":787},{"@type":"BreadcrumbList","@id":"https:\/\/www.cgfmanet.org\/es\/ifma-es\/mensajera-de-paz\/#breadcrumb","itemListElement":[{"@type":"ListItem","position":1,"name":"Home","item":"https:\/\/www.cgfmanet.org\/es\/"},{"@type":"ListItem","position":2,"name":"Mensajera de paz"}]},{"@type":"WebSite","@id":"https:\/\/www.cgfmanet.org\/es\/#website","url":"https:\/\/www.cgfmanet.org\/es\/","name":"Istituto Figlie di Maria Ausiliatrice","description":"Salesiane di Don Bosco","publisher":{"@id":"https:\/\/www.cgfmanet.org\/es\/#organization"},"potentialAction":[{"@type":"SearchAction","target":{"@type":"EntryPoint","urlTemplate":"https:\/\/www.cgfmanet.org\/es\/?s={search_term_string}"},"query-input":{"@type":"PropertyValueSpecification","valueRequired":true,"valueName":"search_term_string"}}],"inLanguage":"es"},{"@type":"Organization","@id":"https:\/\/www.cgfmanet.org\/es\/#organization","name":"Istituto Figlie di Maria Ausiliatrice","url":"https:\/\/www.cgfmanet.org\/es\/","logo":{"@type":"ImageObject","inLanguage":"es","@id":"https:\/\/www.cgfmanet.org\/es\/#\/schema\/logo\/image\/","url":"https:\/\/www.cgfmanet.org\/wp-content\/uploads\/2018\/10\/logo-fma.png","contentUrl":"https:\/\/www.cgfmanet.org\/wp-content\/uploads\/2018\/10\/logo-fma.png","width":214,"height":55,"caption":"Istituto Figlie di Maria Ausiliatrice"},"image":{"@id":"https:\/\/www.cgfmanet.org\/es\/#\/schema\/logo\/image\/"},"sameAs":["https:\/\/www.facebook.com\/salesian.sisters.of.don.bosco\/","https:\/\/x.com\/Cgfmanet_Org","https:\/\/www.youtube.com\/channel\/UCmcr8yFQBV7JXeXVxyV9y5Q"]},{"@type":"Person","@id":"https:\/\/www.cgfmanet.org\/es\/#\/schema\/person\/ce6473083f53ef0ef882cca23f0c8fb9","name":"Redazione"}]}},"_links":{"self":[{"href":"https:\/\/www.cgfmanet.org\/es\/wp-json\/wp\/v2\/posts\/88663","targetHints":{"allow":["GET"]}}],"collection":[{"href":"https:\/\/www.cgfmanet.org\/es\/wp-json\/wp\/v2\/posts"}],"about":[{"href":"https:\/\/www.cgfmanet.org\/es\/wp-json\/wp\/v2\/types\/post"}],"author":[{"embeddable":true,"href":"https:\/\/www.cgfmanet.org\/es\/wp-json\/wp\/v2\/users\/21"}],"replies":[{"embeddable":true,"href":"https:\/\/www.cgfmanet.org\/es\/wp-json\/wp\/v2\/comments?post=88663"}],"version-history":[{"count":0,"href":"https:\/\/www.cgfmanet.org\/es\/wp-json\/wp\/v2\/posts\/88663\/revisions"}],"wp:featuredmedia":[{"embeddable":true,"href":"https:\/\/www.cgfmanet.org\/es\/wp-json\/wp\/v2\/media\/88657"}],"wp:attachment":[{"href":"https:\/\/www.cgfmanet.org\/es\/wp-json\/wp\/v2\/media?parent=88663"}],"wp:term":[{"taxonomy":"category","embeddable":true,"href":"https:\/\/www.cgfmanet.org\/es\/wp-json\/wp\/v2\/categories?post=88663"},{"taxonomy":"post_tag","embeddable":true,"href":"https:\/\/www.cgfmanet.org\/es\/wp-json\/wp\/v2\/tags?post=88663"}],"curies":[{"name":"wp","href":"https:\/\/api.w.org\/{rel}","templated":true}]}}