{"id":83394,"date":"2023-01-18T09:45:45","date_gmt":"2023-01-18T08:45:45","guid":{"rendered":"https:\/\/www.cgfmanet.org\/infoesfera\/gsfs-2023-santita-salesiana-ed-esperienze-giovanili\/"},"modified":"2023-01-20T10:14:31","modified_gmt":"2023-01-20T09:14:31","slug":"gsfs-2023-santidad-salesiana-y-experiencias-juveniles","status":"publish","type":"post","link":"https:\/\/www.cgfmanet.org\/es\/ifma-es\/gsfs-2023-santidad-salesiana-y-experiencias-juveniles\/","title":{"rendered":"GSFS 2023: Santidad salesiana y experiencias juveniles"},"content":{"rendered":"<p><strong>Roma (Italia).<\/strong> El 14 de enero de 2023, la 3\u00aa de las Jornadas de Espiritualidad de la Familia Salesiana comenz\u00f3, como de costumbre, con la celebraci\u00f3n de Laudes y <span style=\"color: #0000ff;\"><a style=\"color: #0000ff;\" href=\"https:\/\/www.youtube.com\/watch?v=x9QWOu9tOhg\" target=\"_blank\" rel=\"noopener\"><strong>Santa Misa en la Bas\u00edlica<\/strong><\/a><\/span> de\u00a0Mar\u00eda Auxiliadora, presidida por el Rector Mayor, Don \u00c1ngel Fern\u00e1ndez Artime. En la homil\u00eda, don Joan Llu\u00eds Play\u00e0, Delegado Central del Rector Mayor para el Secretariado para la Familia Salesiana, despu\u00e9s de haber seguido las Lecturas del d\u00eda y en particular el Evangelio de la llamada de Levi (Mc 2, 13-17), concluy\u00f3 diciendo:<\/p>\n<p><em>\u201cNuestras Jornadas quieren ser propiamente esto: hacer memoria de nuestro encuentro con Jes\u00fas, recordar el Carisma al que estamos llamados, remover los obst\u00e1culos que nos impiden vivir una verdadera comuni\u00f3n entre nosotros y con aquellos a quienes hemos sido enviados, reavivar la misi\u00f3n de ser levadura en la familia humana de hoy. Como los muchos granos de trigo que forman el pan de la Eucarist\u00eda, todos estamos llamados a unirnos intensamente para que Cristo, a trav\u00e9s del don de nuestra vida, sea alimento para ni\u00f1os, j\u00f3venes y adultos que \u00c9l mismo pone ante nuestros ojos\u00bb.<\/em><\/p>\n<p>Terminada la Celebraci\u00f3n Eucar\u00edstica, los participantes en las Jornadas se dieron cita despu\u00e9s en el patio delante la estatua de Don Bosco, para la tradicional fotograf\u00eda de grupo junto al Rector Mayor. La ma\u00f1ana sigui\u00f3 con los trabajos en los grupos por vocaciones: laicos, religiosos, consagrados seculares.<\/p>\n<p>En la sesi\u00f3n posmeridiana, en el Teatro Grande de Valdocco,\u00a0<strong>don Pierluigi<\/strong>\u00a0<strong>Cameroni,<\/strong>\u00a0SDB, Postulador General para las Causas de los Santos de la Familia Salesiana comparti\u00f3, a la luz del Aguinaldo 2023, la experiencia de Santidad de \u201c<strong>Artemide Zatti, figura ejemplar que nos llama a vivir la vida cotidiana\u201d.<\/strong><\/p>\n<p>Diversos son los aspectos presentados por don Pierluigi, que llaman a vivir santamente el d\u00eda a d\u00eda: la familia de origen, pobre, pero unida y muy enraizada en los valores religiosos, que tuvo un impacto muy positivo en su formaci\u00f3n humana y cristiana; la comunidad salesiana de Viedma, donde Zatti encuentra en el padre Evasio Garrone un buen pastor que lo acompa\u00f1a en su elecci\u00f3n vocacional, y donde es para todos un ejemplo y un hombre de cordialidad y unidad; la misi\u00f3n en el hospital de San Jos\u00e9, en el que es \u201clevadura en la masa del pan de la humanidad\u201d, viviendo con los enfermos y con los colaboradores, dej\u00e1ndose enriquecer con la laicidad de estos hermanos y hermanas y llevando la suya espec\u00edfica como Salesiano Coadjutor.<\/p>\n<p><em>\u201cZatti vive su ser levadura inspir\u00e1ndose en Don Bosco, haciendo las cosas con amor y por amor, en el estilo de la bondad y de la alegr\u00eda, en una gran confianza en Dios y en su Providencia y en la confianza filial en\u00a0<\/em><em>Mar<\/em><em>\u00eda<\/em>\u00a0<em>Auxiliadora\u201d,<\/em>\u00a0subray\u00f3 don Cameroni, recordando tambi\u00e9n la comuni\u00f3n de la Santidad salesiana donde, junto a San Artemide, se encuentran Don Bosco, Zefferino Namuncur\u00e0, Laura Vicu\u00f1a, sor Antonieta B\u00f6hm.<\/p>\n<p><em><strong>\u201cEs hermoso pensar tambi\u00e9n que Artemide Zatti es una propuesta para os j\u00f3venes de hoy:<\/strong><\/em><em>\u00a0ser, como ha sido \u00e9l, constructor de comuni\u00f3n y art\u00edfice de obras de misericordia, al servicio de los j\u00f3venes y de los necesitados. Como Artemide tambi\u00e9n nosotros estamos llamados a coger nuestras bicicletas e ir al encuentro de los otros que tienen necesidad de ayuda, llevando la Palabra de Dios y de\u00a0<\/em><em>Mar<\/em><em>\u00eda. Cada joven puede ser un verdadero protagonista y tener una aut\u00e9ntica misi\u00f3n al lado de Jes\u00fas\u201d.<\/em><\/p>\n<p><strong>Los j\u00f3venes fueron protagonistas de la segunda parte de la velada.<\/strong>\u00a0Llamados por la pregunta \u201c\u00bfQu\u00e9 dir\u00eda Artemide Zatti a un joven de hoy?\u201d algunos j\u00f3venes de la Inspector\u00eda SDB Lombardo-Emiliana de Italia (ILE) \u2013 presentados por don Erino Leoni, SDB \u2013 acerc\u00e1ndose a las fuentes sobre el Santo, se dejaron provocar en la realizaci\u00f3n de los paneles de una exposici\u00f3n, ligada a la simbolog\u00eda de la bicicleta, que los participantes en las Jornadas pudieron despu\u00e9s visitar en los ambientes del Museo Casa Don Bosco de Valdocco.<\/p>\n<p><em>\u201cDe \u00e9l me conmueve el hecho de que viv\u00eda una vida densa de compromisos y relaciones, pero todo estaba alimentado por la relaci\u00f3n \u00edntima y personal con Dios, desde las primeras horas del d\u00eda, en la Capilla. Su testimonio me anima a vivir la santidad en mi vida, en lo concreto de ofrecer una sonrisa, a visitar, a hacerme cercano a los hermanos, a las personas enfermas, a las que viven solas, a darme cuenta de las personas que est\u00e1n a mi lado, a testimoniar mi fe con coraje, a confiarme a la Providencia<\/em>\u201d (Nicola).<\/p>\n<p><em>\u201cSintiendo hablar de Artemide Zatti, me ha emocionado que \u00e9l viv\u00eda cerca de los enfermos, en el hospital de\u00a0 Viedma, como si se hubiese \u201colvidado de s\u00ed mismo\u201d.\u00a0 Me pregunto: \u2018\u00bfc\u00f3mo puedo olvidarme de m\u00ed mismo\u2019? Mirando al pasado, a mis metas, cada vez que hac\u00eda cosas para m\u00ed mismo, siempre hab\u00eda un poco de insatisfacci\u00f3n, como si la alegr\u00eda plena no hubiese llegado. Artemide me grita que debemos poner a Cristo, a mi pr\u00f3jimo, en el centro para realmente encontrar mi llamada, mi vocaci\u00f3n\u00bb<\/em>\u00a0(Simone).<\/p>\n<p><em>\u201cMe he quedado conmovido por su fe, que se puede leer en su rostro, en sus manos que han ayudado a muchos enfermos y tambi\u00e9n en sus pies que han pedaleado mucho para llegar a los que no pod\u00edan ir al hospital. Una dedicaci\u00f3n que ha sido de 24 h sobre 24\u00a0 y capaz de llegar a los m\u00e1s lejanos. Artemide tambi\u00e9n ha experimentado \u00abfrenos\u00bb, vinculados sobre todo a su salud. Si hago caso a lo que pienso, la fuerza de Artemides estaba en meter su sue\u00f1o en el caj\u00f3n\u201d<\/em>\u00a0(Emanuele).<\/p>\n<p>\u201c<em>De Artemide me conmueve la sencillez de la santidad, hecha de fe en Dios y de ayuda a los otros<\/em>\u00a0<em>(\u2026) y tambi\u00e9n el aspecto del estudio, que llev\u00f3 a cabo con fatiga, pero sin desmoralizarse, con un esp\u00edritu que genera santidad tambi\u00e9n en los otros\u201d (Marco).<\/em><\/p>\n<p><em>\u201cMirando la historia de Artemide Zatti, me lo encontr\u00e9 corriendo, entre los compromisos, con la bicicleta\u2026 Es estupendo c\u00f3mo despu\u00e9s se para, verdaderamente, ante aquella persona que para \u00e9l es imagen de Dios, que te pide amor. Es lo que estoy buscando vivir yo en medio de los chiquillos,\u00a0 ver \u201cun Jes\u00fas\u201d que te pide que lo ames. Me conmueve tambi\u00e9n una frase suya: \u201c&#8217;\u00bfC\u00f3mo no ser siempre felices si Dios nos ama<\/em>\u00a0<em>tanto\u2019<\/em>? (Samuele).<\/p>\n<p>Otro momento con el centro en el Santo salesiano de reciente canonizaci\u00f3n, ha consistido en la presentaci\u00f3n del cortometraje <span style=\"color: #0000ff;\"><strong><em><a style=\"color: #0000ff;\" href=\"https:\/\/zatti.org\/el-cortometraje\/\" target=\"_blank\" rel=\"noopener\">Zatti, hermano nuestro<\/a><\/em><\/strong>\u00a0<\/span><span style=\"font-size: 11.0pt; font-family: 'Calibri','sans-serif'; color: black;\">por parte de don Ricardo C\u00e1mpoli, SDB del Dicasterio para la Comunicaci\u00f3n, que ha cuidado la realizaci\u00f3n. Mientras las fotos se desplazaban por la pantalla, contaba las fases y algunos episodios significativos relacionados con la vida de Zatti.<\/span><\/p>\n<p><span style=\"font-size: 11.0pt; font-family: 'Calibri','sans-serif'; color: black;\">El programa posmeridiano prosigui\u00f3 con el reparto en grupos de los participantes, que por rotaci\u00f3n pudieron vivir las diversas experiencias: el visionado del film; la visita de la exposici\u00f3n sobre Zatti; la escucha del testimonio de la Fundaci\u00f3n Servicio J\u00f3venes de Casa Bosconia, en conexi\u00f3n online con Bogot\u00e1, en Colombia; \u201cVoces de Oriente Medio\u201d, en directo con algunos j\u00f3venes Salesianos Cooperadores de Oriente Medio;\u00a0 la experiencia parroquial de algunos j\u00f3venes de Eslovenia y \u201c\u00a1Descubrir talentos!\u201d, con el trabajo educativo de una comunidad semiresidencial para j\u00f3venes con dificultades de la Obra Salesiana de Vallecrosia, Imperia.<\/span><\/p>\n<p><strong><span style=\"font-size: 11.0pt; font-family: 'Calibri','sans-serif'; color: black; font-weight: normal;\">La intensa jornada concluy\u00f3 con la\u00a0<\/span><\/strong><strong><span style=\"font-size: 11.0pt; font-family: 'Calibri','sans-serif'; color: black;\">velada de fraternidad<\/span><\/strong><strong><span style=\"font-size: 11.0pt; font-family: 'Calibri','sans-serif'; color: black; font-weight: normal;\">\u00a0conducida por los j\u00f3venes del Noviciado SDB del Colle Don Bosco, que con gran simpat\u00eda y alegr\u00eda presentaron las exhibiciones de algunos grupos de participantes y se exhibieron a su vez en el\u00a0<\/span><\/strong><span style=\"font-size: 11.0pt; font-family: 'Calibri','sans-serif'; color: black;\">\u201cDon Bosco\u2019s got Talent\u201d. Al final, las Buenas Noches salesianas del Rector Mayor.<\/span><\/p>\n<p><span style=\"color: #0000ff;\"><a style=\"color: #0000ff;\" href=\"https:\/\/www.youtube.com\/watch?v=KVRq3r0HhAk\" target=\"_blank\" rel=\"noopener\"><strong>Video de la tarde<\/strong><\/a><\/span><\/p>\n<p><span style=\"color: #0000ff;\"><a style=\"color: #0000ff;\" href=\"https:\/\/www.flickr.com\/photos\/137890103@N08\/albums\/72177720305193196\/page2\" target=\"_blank\" rel=\"noopener\"><strong>Foto Flickr FMA<\/strong><\/a><\/span><\/p>\n","protected":false},"excerpt":{"rendered":"<p>Roma (Italia). El 14 de enero de 2023, la 3\u00aa de las Jornadas de Espiritualidad de la Familia Salesiana comenz\u00f3, como de costumbre, con la celebraci\u00f3n de Laudes y Santa [&hellip;]<\/p>\n","protected":false},"author":21,"featured_media":83388,"comment_status":"open","ping_status":"closed","sticky":false,"template":"","format":"standard","meta":{"footnotes":""},"categories":[167,158],"tags":[334,339,1451,1669,1779],"class_list":["post-83394","post","type-post","status-publish","format-standard","has-post-thumbnail","category-carisma-salesiano-es","category-ifma-es","tag-jornada-de-espiritualidad-de-la-famiia-salesiana","tag-jovenes","tag-santidad-salesiana","tag-spiritualita-salesiana-es","tag-familia-salesiana-es"],"yoast_head":"<!-- This site is optimized with the Yoast SEO plugin v27.4 - https:\/\/yoast.com\/product\/yoast-seo-wordpress\/ -->\n<title>GSFS 2023: Santidad salesiana y experiencias juveniles &#8226; Istituto Figlie di Maria Ausiliatrice<\/title>\n<meta name=\"description\" content=\"El 14 de enero de 2023, en la 3\u00aa de las Jornadas de Espiritualidad de la FS, las ideas sobre San Artemide Zatti y la presentaci\u00f3n de las experiencias juveniles.\" \/>\n<meta name=\"robots\" content=\"index, follow, max-snippet:-1, max-image-preview:large, max-video-preview:-1\" \/>\n<link rel=\"canonical\" href=\"https:\/\/www.cgfmanet.org\/es\/ifma-es\/gsfs-2023-santidad-salesiana-y-experiencias-juveniles\/\" \/>\n<meta property=\"og:locale\" content=\"es_ES\" \/>\n<meta property=\"og:type\" content=\"article\" \/>\n<meta property=\"og:title\" content=\"GSFS 2023: Santidad salesiana y experiencias juveniles &#8226; Istituto Figlie di Maria Ausiliatrice\" \/>\n<meta property=\"og:description\" content=\"El 14 de enero de 2023, en la 3\u00aa de las Jornadas de Espiritualidad de la FS, las ideas sobre San Artemide Zatti y la presentaci\u00f3n de las experiencias juveniles.\" \/>\n<meta property=\"og:url\" content=\"https:\/\/www.cgfmanet.org\/es\/ifma-es\/gsfs-2023-santidad-salesiana-y-experiencias-juveniles\/\" \/>\n<meta property=\"og:site_name\" content=\"Istituto Figlie di Maria Ausiliatrice\" \/>\n<meta property=\"article:publisher\" content=\"https:\/\/www.facebook.com\/salesian.sisters.of.don.bosco\/\" \/>\n<meta property=\"article:published_time\" content=\"2023-01-18T08:45:45+00:00\" \/>\n<meta property=\"article:modified_time\" content=\"2023-01-20T09:14:31+00:00\" \/>\n<meta property=\"og:image\" content=\"https:\/\/www.cgfmanet.org\/wp-content\/uploads\/2023\/01\/GSFS-2023-Zatti-giovani-scaled.jpg\" \/>\n\t<meta property=\"og:image:width\" content=\"2560\" \/>\n\t<meta property=\"og:image:height\" content=\"1707\" \/>\n\t<meta property=\"og:image:type\" content=\"image\/jpeg\" \/>\n<meta name=\"author\" content=\"Redazione\" \/>\n<meta name=\"twitter:card\" content=\"summary_large_image\" \/>\n<meta name=\"twitter:creator\" content=\"@Cgfmanet_Org\" \/>\n<meta name=\"twitter:site\" content=\"@Cgfmanet_Org\" \/>\n<meta name=\"twitter:label1\" content=\"Escrito por\" \/>\n\t<meta name=\"twitter:data1\" content=\"Redazione\" \/>\n\t<meta name=\"twitter:label2\" content=\"Tiempo de lectura\" \/>\n\t<meta name=\"twitter:data2\" content=\"7 minutos\" \/>\n<script type=\"application\/ld+json\" class=\"yoast-schema-graph\">{\"@context\":\"https:\\\/\\\/schema.org\",\"@graph\":[{\"@type\":\"Article\",\"@id\":\"https:\\\/\\\/www.cgfmanet.org\\\/es\\\/ifma-es\\\/gsfs-2023-santidad-salesiana-y-experiencias-juveniles\\\/#article\",\"isPartOf\":{\"@id\":\"https:\\\/\\\/www.cgfmanet.org\\\/es\\\/ifma-es\\\/gsfs-2023-santidad-salesiana-y-experiencias-juveniles\\\/\"},\"author\":{\"name\":\"Redazione\",\"@id\":\"https:\\\/\\\/www.cgfmanet.org\\\/es\\\/#\\\/schema\\\/person\\\/ce6473083f53ef0ef882cca23f0c8fb9\"},\"headline\":\"GSFS 2023: Santidad salesiana y experiencias juveniles\",\"datePublished\":\"2023-01-18T08:45:45+00:00\",\"dateModified\":\"2023-01-20T09:14:31+00:00\",\"mainEntityOfPage\":{\"@id\":\"https:\\\/\\\/www.cgfmanet.org\\\/es\\\/ifma-es\\\/gsfs-2023-santidad-salesiana-y-experiencias-juveniles\\\/\"},\"wordCount\":1356,\"commentCount\":0,\"publisher\":{\"@id\":\"https:\\\/\\\/www.cgfmanet.org\\\/es\\\/#organization\"},\"image\":{\"@id\":\"https:\\\/\\\/www.cgfmanet.org\\\/es\\\/ifma-es\\\/gsfs-2023-santidad-salesiana-y-experiencias-juveniles\\\/#primaryimage\"},\"thumbnailUrl\":\"https:\\\/\\\/www.cgfmanet.org\\\/wp-content\\\/uploads\\\/2023\\\/01\\\/GSFS-2023-Zatti-giovani-scaled.jpg\",\"keywords\":[\"Jornada de Espiritualidad de la Famiia Salesiana\",\"J\u00f3venes\",\"Santidad Salesiana\",\"Spiritualit\u00e0 Salesiana\",\"Familia Salesiana\"],\"articleSection\":[\"Carisma Salesiano\",\"IFMA\"],\"inLanguage\":\"es\",\"potentialAction\":[{\"@type\":\"CommentAction\",\"name\":\"Comment\",\"target\":[\"https:\\\/\\\/www.cgfmanet.org\\\/es\\\/ifma-es\\\/gsfs-2023-santidad-salesiana-y-experiencias-juveniles\\\/#respond\"]}]},{\"@type\":\"WebPage\",\"@id\":\"https:\\\/\\\/www.cgfmanet.org\\\/es\\\/ifma-es\\\/gsfs-2023-santidad-salesiana-y-experiencias-juveniles\\\/\",\"url\":\"https:\\\/\\\/www.cgfmanet.org\\\/es\\\/ifma-es\\\/gsfs-2023-santidad-salesiana-y-experiencias-juveniles\\\/\",\"name\":\"GSFS 2023: Santidad salesiana y experiencias juveniles &#8226; Istituto Figlie di Maria Ausiliatrice\",\"isPartOf\":{\"@id\":\"https:\\\/\\\/www.cgfmanet.org\\\/es\\\/#website\"},\"primaryImageOfPage\":{\"@id\":\"https:\\\/\\\/www.cgfmanet.org\\\/es\\\/ifma-es\\\/gsfs-2023-santidad-salesiana-y-experiencias-juveniles\\\/#primaryimage\"},\"image\":{\"@id\":\"https:\\\/\\\/www.cgfmanet.org\\\/es\\\/ifma-es\\\/gsfs-2023-santidad-salesiana-y-experiencias-juveniles\\\/#primaryimage\"},\"thumbnailUrl\":\"https:\\\/\\\/www.cgfmanet.org\\\/wp-content\\\/uploads\\\/2023\\\/01\\\/GSFS-2023-Zatti-giovani-scaled.jpg\",\"datePublished\":\"2023-01-18T08:45:45+00:00\",\"dateModified\":\"2023-01-20T09:14:31+00:00\",\"description\":\"El 14 de enero de 2023, en la 3\u00aa de las Jornadas de Espiritualidad de la FS, las ideas sobre San Artemide Zatti y la presentaci\u00f3n de las experiencias juveniles.\",\"breadcrumb\":{\"@id\":\"https:\\\/\\\/www.cgfmanet.org\\\/es\\\/ifma-es\\\/gsfs-2023-santidad-salesiana-y-experiencias-juveniles\\\/#breadcrumb\"},\"inLanguage\":\"es\",\"potentialAction\":[{\"@type\":\"ReadAction\",\"target\":[\"https:\\\/\\\/www.cgfmanet.org\\\/es\\\/ifma-es\\\/gsfs-2023-santidad-salesiana-y-experiencias-juveniles\\\/\"]}]},{\"@type\":\"ImageObject\",\"inLanguage\":\"es\",\"@id\":\"https:\\\/\\\/www.cgfmanet.org\\\/es\\\/ifma-es\\\/gsfs-2023-santidad-salesiana-y-experiencias-juveniles\\\/#primaryimage\",\"url\":\"https:\\\/\\\/www.cgfmanet.org\\\/wp-content\\\/uploads\\\/2023\\\/01\\\/GSFS-2023-Zatti-giovani-scaled.jpg\",\"contentUrl\":\"https:\\\/\\\/www.cgfmanet.org\\\/wp-content\\\/uploads\\\/2023\\\/01\\\/GSFS-2023-Zatti-giovani-scaled.jpg\",\"width\":2560,\"height\":1707},{\"@type\":\"BreadcrumbList\",\"@id\":\"https:\\\/\\\/www.cgfmanet.org\\\/es\\\/ifma-es\\\/gsfs-2023-santidad-salesiana-y-experiencias-juveniles\\\/#breadcrumb\",\"itemListElement\":[{\"@type\":\"ListItem\",\"position\":1,\"name\":\"Home\",\"item\":\"https:\\\/\\\/www.cgfmanet.org\\\/es\\\/\"},{\"@type\":\"ListItem\",\"position\":2,\"name\":\"GSFS 2023: Santidad salesiana y experiencias juveniles\"}]},{\"@type\":\"WebSite\",\"@id\":\"https:\\\/\\\/www.cgfmanet.org\\\/es\\\/#website\",\"url\":\"https:\\\/\\\/www.cgfmanet.org\\\/es\\\/\",\"name\":\"Istituto Figlie di Maria Ausiliatrice\",\"description\":\"Salesiane di Don Bosco\",\"publisher\":{\"@id\":\"https:\\\/\\\/www.cgfmanet.org\\\/es\\\/#organization\"},\"potentialAction\":[{\"@type\":\"SearchAction\",\"target\":{\"@type\":\"EntryPoint\",\"urlTemplate\":\"https:\\\/\\\/www.cgfmanet.org\\\/es\\\/?s={search_term_string}\"},\"query-input\":{\"@type\":\"PropertyValueSpecification\",\"valueRequired\":true,\"valueName\":\"search_term_string\"}}],\"inLanguage\":\"es\"},{\"@type\":\"Organization\",\"@id\":\"https:\\\/\\\/www.cgfmanet.org\\\/es\\\/#organization\",\"name\":\"Istituto Figlie di Maria Ausiliatrice\",\"url\":\"https:\\\/\\\/www.cgfmanet.org\\\/es\\\/\",\"logo\":{\"@type\":\"ImageObject\",\"inLanguage\":\"es\",\"@id\":\"https:\\\/\\\/www.cgfmanet.org\\\/es\\\/#\\\/schema\\\/logo\\\/image\\\/\",\"url\":\"https:\\\/\\\/www.cgfmanet.org\\\/wp-content\\\/uploads\\\/2018\\\/10\\\/logo-fma.png\",\"contentUrl\":\"https:\\\/\\\/www.cgfmanet.org\\\/wp-content\\\/uploads\\\/2018\\\/10\\\/logo-fma.png\",\"width\":214,\"height\":55,\"caption\":\"Istituto Figlie di Maria Ausiliatrice\"},\"image\":{\"@id\":\"https:\\\/\\\/www.cgfmanet.org\\\/es\\\/#\\\/schema\\\/logo\\\/image\\\/\"},\"sameAs\":[\"https:\\\/\\\/www.facebook.com\\\/salesian.sisters.of.don.bosco\\\/\",\"https:\\\/\\\/x.com\\\/Cgfmanet_Org\",\"https:\\\/\\\/www.youtube.com\\\/channel\\\/UCmcr8yFQBV7JXeXVxyV9y5Q\"]},{\"@type\":\"Person\",\"@id\":\"https:\\\/\\\/www.cgfmanet.org\\\/es\\\/#\\\/schema\\\/person\\\/ce6473083f53ef0ef882cca23f0c8fb9\",\"name\":\"Redazione\"}]}<\/script>\n<!-- \/ Yoast SEO plugin. -->","yoast_head_json":{"title":"GSFS 2023: Santidad salesiana y experiencias juveniles &#8226; Istituto Figlie di Maria Ausiliatrice","description":"El 14 de enero de 2023, en la 3\u00aa de las Jornadas de Espiritualidad de la FS, las ideas sobre San Artemide Zatti y la presentaci\u00f3n de las experiencias juveniles.","robots":{"index":"index","follow":"follow","max-snippet":"max-snippet:-1","max-image-preview":"max-image-preview:large","max-video-preview":"max-video-preview:-1"},"canonical":"https:\/\/www.cgfmanet.org\/es\/ifma-es\/gsfs-2023-santidad-salesiana-y-experiencias-juveniles\/","og_locale":"es_ES","og_type":"article","og_title":"GSFS 2023: Santidad salesiana y experiencias juveniles &#8226; Istituto Figlie di Maria Ausiliatrice","og_description":"El 14 de enero de 2023, en la 3\u00aa de las Jornadas de Espiritualidad de la FS, las ideas sobre San Artemide Zatti y la presentaci\u00f3n de las experiencias juveniles.","og_url":"https:\/\/www.cgfmanet.org\/es\/ifma-es\/gsfs-2023-santidad-salesiana-y-experiencias-juveniles\/","og_site_name":"Istituto Figlie di Maria Ausiliatrice","article_publisher":"https:\/\/www.facebook.com\/salesian.sisters.of.don.bosco\/","article_published_time":"2023-01-18T08:45:45+00:00","article_modified_time":"2023-01-20T09:14:31+00:00","og_image":[{"width":2560,"height":1707,"url":"https:\/\/www.cgfmanet.org\/wp-content\/uploads\/2023\/01\/GSFS-2023-Zatti-giovani-scaled.jpg","type":"image\/jpeg"}],"author":"Redazione","twitter_card":"summary_large_image","twitter_creator":"@Cgfmanet_Org","twitter_site":"@Cgfmanet_Org","twitter_misc":{"Escrito por":"Redazione","Tiempo de lectura":"7 minutos"},"schema":{"@context":"https:\/\/schema.org","@graph":[{"@type":"Article","@id":"https:\/\/www.cgfmanet.org\/es\/ifma-es\/gsfs-2023-santidad-salesiana-y-experiencias-juveniles\/#article","isPartOf":{"@id":"https:\/\/www.cgfmanet.org\/es\/ifma-es\/gsfs-2023-santidad-salesiana-y-experiencias-juveniles\/"},"author":{"name":"Redazione","@id":"https:\/\/www.cgfmanet.org\/es\/#\/schema\/person\/ce6473083f53ef0ef882cca23f0c8fb9"},"headline":"GSFS 2023: Santidad salesiana y experiencias juveniles","datePublished":"2023-01-18T08:45:45+00:00","dateModified":"2023-01-20T09:14:31+00:00","mainEntityOfPage":{"@id":"https:\/\/www.cgfmanet.org\/es\/ifma-es\/gsfs-2023-santidad-salesiana-y-experiencias-juveniles\/"},"wordCount":1356,"commentCount":0,"publisher":{"@id":"https:\/\/www.cgfmanet.org\/es\/#organization"},"image":{"@id":"https:\/\/www.cgfmanet.org\/es\/ifma-es\/gsfs-2023-santidad-salesiana-y-experiencias-juveniles\/#primaryimage"},"thumbnailUrl":"https:\/\/www.cgfmanet.org\/wp-content\/uploads\/2023\/01\/GSFS-2023-Zatti-giovani-scaled.jpg","keywords":["Jornada de Espiritualidad de la Famiia Salesiana","J\u00f3venes","Santidad Salesiana","Spiritualit\u00e0 Salesiana","Familia Salesiana"],"articleSection":["Carisma Salesiano","IFMA"],"inLanguage":"es","potentialAction":[{"@type":"CommentAction","name":"Comment","target":["https:\/\/www.cgfmanet.org\/es\/ifma-es\/gsfs-2023-santidad-salesiana-y-experiencias-juveniles\/#respond"]}]},{"@type":"WebPage","@id":"https:\/\/www.cgfmanet.org\/es\/ifma-es\/gsfs-2023-santidad-salesiana-y-experiencias-juveniles\/","url":"https:\/\/www.cgfmanet.org\/es\/ifma-es\/gsfs-2023-santidad-salesiana-y-experiencias-juveniles\/","name":"GSFS 2023: Santidad salesiana y experiencias juveniles &#8226; Istituto Figlie di Maria Ausiliatrice","isPartOf":{"@id":"https:\/\/www.cgfmanet.org\/es\/#website"},"primaryImageOfPage":{"@id":"https:\/\/www.cgfmanet.org\/es\/ifma-es\/gsfs-2023-santidad-salesiana-y-experiencias-juveniles\/#primaryimage"},"image":{"@id":"https:\/\/www.cgfmanet.org\/es\/ifma-es\/gsfs-2023-santidad-salesiana-y-experiencias-juveniles\/#primaryimage"},"thumbnailUrl":"https:\/\/www.cgfmanet.org\/wp-content\/uploads\/2023\/01\/GSFS-2023-Zatti-giovani-scaled.jpg","datePublished":"2023-01-18T08:45:45+00:00","dateModified":"2023-01-20T09:14:31+00:00","description":"El 14 de enero de 2023, en la 3\u00aa de las Jornadas de Espiritualidad de la FS, las ideas sobre San Artemide Zatti y la presentaci\u00f3n de las experiencias juveniles.","breadcrumb":{"@id":"https:\/\/www.cgfmanet.org\/es\/ifma-es\/gsfs-2023-santidad-salesiana-y-experiencias-juveniles\/#breadcrumb"},"inLanguage":"es","potentialAction":[{"@type":"ReadAction","target":["https:\/\/www.cgfmanet.org\/es\/ifma-es\/gsfs-2023-santidad-salesiana-y-experiencias-juveniles\/"]}]},{"@type":"ImageObject","inLanguage":"es","@id":"https:\/\/www.cgfmanet.org\/es\/ifma-es\/gsfs-2023-santidad-salesiana-y-experiencias-juveniles\/#primaryimage","url":"https:\/\/www.cgfmanet.org\/wp-content\/uploads\/2023\/01\/GSFS-2023-Zatti-giovani-scaled.jpg","contentUrl":"https:\/\/www.cgfmanet.org\/wp-content\/uploads\/2023\/01\/GSFS-2023-Zatti-giovani-scaled.jpg","width":2560,"height":1707},{"@type":"BreadcrumbList","@id":"https:\/\/www.cgfmanet.org\/es\/ifma-es\/gsfs-2023-santidad-salesiana-y-experiencias-juveniles\/#breadcrumb","itemListElement":[{"@type":"ListItem","position":1,"name":"Home","item":"https:\/\/www.cgfmanet.org\/es\/"},{"@type":"ListItem","position":2,"name":"GSFS 2023: Santidad salesiana y experiencias juveniles"}]},{"@type":"WebSite","@id":"https:\/\/www.cgfmanet.org\/es\/#website","url":"https:\/\/www.cgfmanet.org\/es\/","name":"Istituto Figlie di Maria Ausiliatrice","description":"Salesiane di Don Bosco","publisher":{"@id":"https:\/\/www.cgfmanet.org\/es\/#organization"},"potentialAction":[{"@type":"SearchAction","target":{"@type":"EntryPoint","urlTemplate":"https:\/\/www.cgfmanet.org\/es\/?s={search_term_string}"},"query-input":{"@type":"PropertyValueSpecification","valueRequired":true,"valueName":"search_term_string"}}],"inLanguage":"es"},{"@type":"Organization","@id":"https:\/\/www.cgfmanet.org\/es\/#organization","name":"Istituto Figlie di Maria Ausiliatrice","url":"https:\/\/www.cgfmanet.org\/es\/","logo":{"@type":"ImageObject","inLanguage":"es","@id":"https:\/\/www.cgfmanet.org\/es\/#\/schema\/logo\/image\/","url":"https:\/\/www.cgfmanet.org\/wp-content\/uploads\/2018\/10\/logo-fma.png","contentUrl":"https:\/\/www.cgfmanet.org\/wp-content\/uploads\/2018\/10\/logo-fma.png","width":214,"height":55,"caption":"Istituto Figlie di Maria Ausiliatrice"},"image":{"@id":"https:\/\/www.cgfmanet.org\/es\/#\/schema\/logo\/image\/"},"sameAs":["https:\/\/www.facebook.com\/salesian.sisters.of.don.bosco\/","https:\/\/x.com\/Cgfmanet_Org","https:\/\/www.youtube.com\/channel\/UCmcr8yFQBV7JXeXVxyV9y5Q"]},{"@type":"Person","@id":"https:\/\/www.cgfmanet.org\/es\/#\/schema\/person\/ce6473083f53ef0ef882cca23f0c8fb9","name":"Redazione"}]}},"_links":{"self":[{"href":"https:\/\/www.cgfmanet.org\/es\/wp-json\/wp\/v2\/posts\/83394","targetHints":{"allow":["GET"]}}],"collection":[{"href":"https:\/\/www.cgfmanet.org\/es\/wp-json\/wp\/v2\/posts"}],"about":[{"href":"https:\/\/www.cgfmanet.org\/es\/wp-json\/wp\/v2\/types\/post"}],"author":[{"embeddable":true,"href":"https:\/\/www.cgfmanet.org\/es\/wp-json\/wp\/v2\/users\/21"}],"replies":[{"embeddable":true,"href":"https:\/\/www.cgfmanet.org\/es\/wp-json\/wp\/v2\/comments?post=83394"}],"version-history":[{"count":0,"href":"https:\/\/www.cgfmanet.org\/es\/wp-json\/wp\/v2\/posts\/83394\/revisions"}],"wp:featuredmedia":[{"embeddable":true,"href":"https:\/\/www.cgfmanet.org\/es\/wp-json\/wp\/v2\/media\/83388"}],"wp:attachment":[{"href":"https:\/\/www.cgfmanet.org\/es\/wp-json\/wp\/v2\/media?parent=83394"}],"wp:term":[{"taxonomy":"category","embeddable":true,"href":"https:\/\/www.cgfmanet.org\/es\/wp-json\/wp\/v2\/categories?post=83394"},{"taxonomy":"post_tag","embeddable":true,"href":"https:\/\/www.cgfmanet.org\/es\/wp-json\/wp\/v2\/tags?post=83394"}],"curies":[{"name":"wp","href":"https:\/\/api.w.org\/{rel}","templated":true}]}}