{"id":81869,"date":"2022-12-13T12:25:14","date_gmt":"2022-12-13T11:25:14","guid":{"rendered":"https:\/\/www.cgfmanet.org\/infoesfera\/1-incontro-online-salesiani-cooperatori-sacerdoti-e-diaconi\/"},"modified":"2022-12-17T17:31:34","modified_gmt":"2022-12-17T16:31:34","slug":"1-encuentro-online-salesianos-cooperadores-sacerdotes-y-diaconos","status":"publish","type":"post","link":"https:\/\/www.cgfmanet.org\/es\/ifma-es\/1-encuentro-online-salesianos-cooperadores-sacerdotes-y-diaconos\/","title":{"rendered":"1\u00b0 Encuentro online Salesianos Cooperadores sacerdotes y di\u00e1conos"},"content":{"rendered":"<p><strong>Roma (Italia).<\/strong>\u00a0El 13 de diciembre de 2022 se llev\u00f3 a cabo el 1\u00b0 Encuentro mundial online para\u00a0 sacerdotes y di\u00e1conos diocesanos que han iniciado el camino formativo como aspirantes o ya han hecho hace tiempo la Promesa en la Asociaci\u00f3n de los Salesianos Cooperadores, con los Delegados Mundiales de la ASSCC, sor Lucrecia Uribe, FMA, y el Sr. Domenico Nguyen, SDB, el Sr. Antonio Boccia, Coordinador Mundial, y algunos Consejeros Mundiales.\u00a0Estaban presentes 17 participantes de Italia, Espa\u00f1a, Irlanda, Alemania.<\/p>\n<p>El encuentro, realizado a trav\u00e9s de la plataforma Zoom, ten\u00eda la finalidad de favorecer el conocimiento rec\u00edproco y reforzar el sentido de pertenencia a la Asociaci\u00f3n, a la luz del tiempo de Navidad.<\/p>\n<p>Don Bosco concibi\u00f3 la Asociaci\u00f3n abierta a los laicos y al clero secular. Los Salesianos Cooperadores obispos, sacerdotes o di\u00e1conos diocesanos, act\u00faan el propio ministerio inspir\u00e1ndose en la caridad pastoral de Don Bosco, modelo de vida sacerdotal que privilegia el compromiso por los j\u00f3venes y los ambientes populares \u00a0(Cfr Progetto di Vita Apostolica, Art. 3).<\/p>\n<p>En el mundo se cuentan m\u00e1s de cincuenta entre sacerdotes y di\u00e1conos diocesanos, que emprenden el camino formativo y hacen la Promesa para sellar su pertenencia a la Asociaci\u00f3n de los Salesianos Cooperadores. Llevan a cabo Oratorios, gestionan la Caritas Diocesana, tienen compromisos dentro de las Conferencias de los Obispos. En el Este de Asia, alguno ha recibido la consagraci\u00f3n como Obispo, con la posibilidad de difundir el Carisma de Don Bosco y hacer visible la Familia Salesiana en las diversas Parroquias.<\/p>\n<p>Entre los Di\u00e1conos permanentes, hay quien tiene una familia numerosa, y est\u00e1 comprometido en la propia parroquia a proclamar la Palabra y a servir a los pobres, adem\u00e1s de desempe\u00f1ar la propia profesi\u00f3n laboral.<\/p>\n<p>Al final del encuentro se tom\u00f3 la decisi\u00f3n de realizar dos encuentros de este tipo al a\u00f1o: despu\u00e9s de Pascua y antes de celebrar la Navidad.<\/p>\n<p>Saludando a los participantes, los Delegados Mundiales auguraron: \u201c<em>Como para los pastores de Bel\u00e9n, puedan tambi\u00e9n vuestros ojos llenarse de estupor y maravilla, contemplando en el Ni\u00f1o Jes\u00fas al Hijo de Dios. Y, ante \u00c9l, salga de vuestros corazones la invocaci\u00f3n: \u201cMu\u00e9stranos, Se\u00f1or, tu misericordia y danos tu salvaci\u00f3n\u201d<\/em>\u00a0(Cfr Progetto di Vita Apostolica, Art. 3).<\/p>\n","protected":false},"excerpt":{"rendered":"<p>Roma (Italia).\u00a0El 13 de diciembre de 2022 se llev\u00f3 a cabo el 1\u00b0 Encuentro mundial online para\u00a0 sacerdotes y di\u00e1conos diocesanos que han iniciado el camino formativo como aspirantes o [&hellip;]<\/p>\n","protected":false},"author":21,"featured_media":81864,"comment_status":"closed","ping_status":"closed","sticky":false,"template":"","format":"standard","meta":{"footnotes":""},"categories":[167,158],"tags":[1669,1775,1779,1931],"class_list":["post-81869","post","type-post","status-publish","format-standard","has-post-thumbnail","category-carisma-salesiano-es","category-ifma-es","tag-spiritualita-salesiana-es","tag-cooperadores-salesianos","tag-familia-salesiana-es","tag-focus-es"],"yoast_head":"<!-- This site is optimized with the Yoast SEO plugin v27.4 - https:\/\/yoast.com\/product\/yoast-seo-wordpress\/ -->\n<title>1\u00b0 Encuentro online Salesianos Cooperadores sacerdotes y di\u00e1conos &#8226; Istituto Figlie di Maria Ausiliatrice<\/title>\n<meta name=\"description\" content=\"El 13 de diciembre de 2022 se llev\u00f3 a cabo el 1\u00ba Encuentro mundial online para sacerdotes y di\u00e1conos diocesanos pertenecientes a la Asociaci\u00f3n de los Salesianos Cooperadores.\" \/>\n<meta name=\"robots\" content=\"index, follow, max-snippet:-1, max-image-preview:large, max-video-preview:-1\" \/>\n<link rel=\"canonical\" href=\"https:\/\/www.cgfmanet.org\/es\/ifma-es\/1-encuentro-online-salesianos-cooperadores-sacerdotes-y-diaconos\/\" \/>\n<meta property=\"og:locale\" content=\"es_ES\" \/>\n<meta property=\"og:type\" content=\"article\" \/>\n<meta property=\"og:title\" content=\"1\u00b0 Encuentro online Salesianos Cooperadores sacerdotes y di\u00e1conos &#8226; Istituto Figlie di Maria Ausiliatrice\" \/>\n<meta property=\"og:description\" content=\"El 13 de diciembre de 2022 se llev\u00f3 a cabo el 1\u00ba Encuentro mundial online para sacerdotes y di\u00e1conos diocesanos pertenecientes a la Asociaci\u00f3n de los Salesianos Cooperadores.\" \/>\n<meta property=\"og:url\" content=\"https:\/\/www.cgfmanet.org\/es\/ifma-es\/1-encuentro-online-salesianos-cooperadores-sacerdotes-y-diaconos\/\" \/>\n<meta property=\"og:site_name\" content=\"Istituto Figlie di Maria Ausiliatrice\" \/>\n<meta property=\"article:publisher\" content=\"https:\/\/www.facebook.com\/salesian.sisters.of.don.bosco\/\" \/>\n<meta property=\"article:published_time\" content=\"2022-12-13T11:25:14+00:00\" \/>\n<meta property=\"article:modified_time\" content=\"2022-12-17T16:31:34+00:00\" \/>\n<meta property=\"og:image\" content=\"https:\/\/www.cgfmanet.org\/wp-content\/uploads\/2022\/12\/Incontro-ASSCC.jpg\" \/>\n\t<meta property=\"og:image:width\" content=\"1200\" \/>\n\t<meta property=\"og:image:height\" content=\"800\" \/>\n\t<meta property=\"og:image:type\" content=\"image\/jpeg\" \/>\n<meta name=\"author\" content=\"Redazione\" \/>\n<meta name=\"twitter:card\" content=\"summary_large_image\" \/>\n<meta name=\"twitter:creator\" content=\"@Cgfmanet_Org\" \/>\n<meta name=\"twitter:site\" content=\"@Cgfmanet_Org\" \/>\n<meta name=\"twitter:label1\" content=\"Escrito por\" \/>\n\t<meta name=\"twitter:data1\" content=\"Redazione\" \/>\n\t<meta name=\"twitter:label2\" content=\"Tiempo de lectura\" \/>\n\t<meta name=\"twitter:data2\" content=\"2 minutos\" \/>\n<script type=\"application\/ld+json\" class=\"yoast-schema-graph\">{\"@context\":\"https:\\\/\\\/schema.org\",\"@graph\":[{\"@type\":\"Article\",\"@id\":\"https:\\\/\\\/www.cgfmanet.org\\\/es\\\/ifma-es\\\/1-encuentro-online-salesianos-cooperadores-sacerdotes-y-diaconos\\\/#article\",\"isPartOf\":{\"@id\":\"https:\\\/\\\/www.cgfmanet.org\\\/es\\\/ifma-es\\\/1-encuentro-online-salesianos-cooperadores-sacerdotes-y-diaconos\\\/\"},\"author\":{\"name\":\"Redazione\",\"@id\":\"https:\\\/\\\/www.cgfmanet.org\\\/es\\\/#\\\/schema\\\/person\\\/ce6473083f53ef0ef882cca23f0c8fb9\"},\"headline\":\"1\u00b0 Encuentro online Salesianos Cooperadores sacerdotes y di\u00e1conos\",\"datePublished\":\"2022-12-13T11:25:14+00:00\",\"dateModified\":\"2022-12-17T16:31:34+00:00\",\"mainEntityOfPage\":{\"@id\":\"https:\\\/\\\/www.cgfmanet.org\\\/es\\\/ifma-es\\\/1-encuentro-online-salesianos-cooperadores-sacerdotes-y-diaconos\\\/\"},\"wordCount\":400,\"publisher\":{\"@id\":\"https:\\\/\\\/www.cgfmanet.org\\\/es\\\/#organization\"},\"image\":{\"@id\":\"https:\\\/\\\/www.cgfmanet.org\\\/es\\\/ifma-es\\\/1-encuentro-online-salesianos-cooperadores-sacerdotes-y-diaconos\\\/#primaryimage\"},\"thumbnailUrl\":\"https:\\\/\\\/www.cgfmanet.org\\\/wp-content\\\/uploads\\\/2022\\\/12\\\/Incontro-ASSCC.jpg\",\"keywords\":[\"Spiritualit\u00e0 Salesiana\",\"Cooperadores Salesianos\",\"Familia Salesiana\",\"Focus\"],\"articleSection\":[\"Carisma Salesiano\",\"IFMA\"],\"inLanguage\":\"es\"},{\"@type\":\"WebPage\",\"@id\":\"https:\\\/\\\/www.cgfmanet.org\\\/es\\\/ifma-es\\\/1-encuentro-online-salesianos-cooperadores-sacerdotes-y-diaconos\\\/\",\"url\":\"https:\\\/\\\/www.cgfmanet.org\\\/es\\\/ifma-es\\\/1-encuentro-online-salesianos-cooperadores-sacerdotes-y-diaconos\\\/\",\"name\":\"1\u00b0 Encuentro online Salesianos Cooperadores sacerdotes y di\u00e1conos &#8226; Istituto Figlie di Maria Ausiliatrice\",\"isPartOf\":{\"@id\":\"https:\\\/\\\/www.cgfmanet.org\\\/es\\\/#website\"},\"primaryImageOfPage\":{\"@id\":\"https:\\\/\\\/www.cgfmanet.org\\\/es\\\/ifma-es\\\/1-encuentro-online-salesianos-cooperadores-sacerdotes-y-diaconos\\\/#primaryimage\"},\"image\":{\"@id\":\"https:\\\/\\\/www.cgfmanet.org\\\/es\\\/ifma-es\\\/1-encuentro-online-salesianos-cooperadores-sacerdotes-y-diaconos\\\/#primaryimage\"},\"thumbnailUrl\":\"https:\\\/\\\/www.cgfmanet.org\\\/wp-content\\\/uploads\\\/2022\\\/12\\\/Incontro-ASSCC.jpg\",\"datePublished\":\"2022-12-13T11:25:14+00:00\",\"dateModified\":\"2022-12-17T16:31:34+00:00\",\"description\":\"El 13 de diciembre de 2022 se llev\u00f3 a cabo el 1\u00ba Encuentro mundial online para sacerdotes y di\u00e1conos diocesanos pertenecientes a la Asociaci\u00f3n de los Salesianos Cooperadores.\",\"breadcrumb\":{\"@id\":\"https:\\\/\\\/www.cgfmanet.org\\\/es\\\/ifma-es\\\/1-encuentro-online-salesianos-cooperadores-sacerdotes-y-diaconos\\\/#breadcrumb\"},\"inLanguage\":\"es\",\"potentialAction\":[{\"@type\":\"ReadAction\",\"target\":[\"https:\\\/\\\/www.cgfmanet.org\\\/es\\\/ifma-es\\\/1-encuentro-online-salesianos-cooperadores-sacerdotes-y-diaconos\\\/\"]}]},{\"@type\":\"ImageObject\",\"inLanguage\":\"es\",\"@id\":\"https:\\\/\\\/www.cgfmanet.org\\\/es\\\/ifma-es\\\/1-encuentro-online-salesianos-cooperadores-sacerdotes-y-diaconos\\\/#primaryimage\",\"url\":\"https:\\\/\\\/www.cgfmanet.org\\\/wp-content\\\/uploads\\\/2022\\\/12\\\/Incontro-ASSCC.jpg\",\"contentUrl\":\"https:\\\/\\\/www.cgfmanet.org\\\/wp-content\\\/uploads\\\/2022\\\/12\\\/Incontro-ASSCC.jpg\",\"width\":1200,\"height\":800},{\"@type\":\"BreadcrumbList\",\"@id\":\"https:\\\/\\\/www.cgfmanet.org\\\/es\\\/ifma-es\\\/1-encuentro-online-salesianos-cooperadores-sacerdotes-y-diaconos\\\/#breadcrumb\",\"itemListElement\":[{\"@type\":\"ListItem\",\"position\":1,\"name\":\"Home\",\"item\":\"https:\\\/\\\/www.cgfmanet.org\\\/es\\\/\"},{\"@type\":\"ListItem\",\"position\":2,\"name\":\"1\u00b0 Encuentro online Salesianos Cooperadores sacerdotes y di\u00e1conos\"}]},{\"@type\":\"WebSite\",\"@id\":\"https:\\\/\\\/www.cgfmanet.org\\\/es\\\/#website\",\"url\":\"https:\\\/\\\/www.cgfmanet.org\\\/es\\\/\",\"name\":\"Istituto Figlie di Maria Ausiliatrice\",\"description\":\"Salesiane di Don Bosco\",\"publisher\":{\"@id\":\"https:\\\/\\\/www.cgfmanet.org\\\/es\\\/#organization\"},\"potentialAction\":[{\"@type\":\"SearchAction\",\"target\":{\"@type\":\"EntryPoint\",\"urlTemplate\":\"https:\\\/\\\/www.cgfmanet.org\\\/es\\\/?s={search_term_string}\"},\"query-input\":{\"@type\":\"PropertyValueSpecification\",\"valueRequired\":true,\"valueName\":\"search_term_string\"}}],\"inLanguage\":\"es\"},{\"@type\":\"Organization\",\"@id\":\"https:\\\/\\\/www.cgfmanet.org\\\/es\\\/#organization\",\"name\":\"Istituto Figlie di Maria Ausiliatrice\",\"url\":\"https:\\\/\\\/www.cgfmanet.org\\\/es\\\/\",\"logo\":{\"@type\":\"ImageObject\",\"inLanguage\":\"es\",\"@id\":\"https:\\\/\\\/www.cgfmanet.org\\\/es\\\/#\\\/schema\\\/logo\\\/image\\\/\",\"url\":\"https:\\\/\\\/www.cgfmanet.org\\\/wp-content\\\/uploads\\\/2018\\\/10\\\/logo-fma.png\",\"contentUrl\":\"https:\\\/\\\/www.cgfmanet.org\\\/wp-content\\\/uploads\\\/2018\\\/10\\\/logo-fma.png\",\"width\":214,\"height\":55,\"caption\":\"Istituto Figlie di Maria Ausiliatrice\"},\"image\":{\"@id\":\"https:\\\/\\\/www.cgfmanet.org\\\/es\\\/#\\\/schema\\\/logo\\\/image\\\/\"},\"sameAs\":[\"https:\\\/\\\/www.facebook.com\\\/salesian.sisters.of.don.bosco\\\/\",\"https:\\\/\\\/x.com\\\/Cgfmanet_Org\",\"https:\\\/\\\/www.youtube.com\\\/channel\\\/UCmcr8yFQBV7JXeXVxyV9y5Q\"]},{\"@type\":\"Person\",\"@id\":\"https:\\\/\\\/www.cgfmanet.org\\\/es\\\/#\\\/schema\\\/person\\\/ce6473083f53ef0ef882cca23f0c8fb9\",\"name\":\"Redazione\"}]}<\/script>\n<!-- \/ Yoast SEO plugin. -->","yoast_head_json":{"title":"1\u00b0 Encuentro online Salesianos Cooperadores sacerdotes y di\u00e1conos &#8226; Istituto Figlie di Maria Ausiliatrice","description":"El 13 de diciembre de 2022 se llev\u00f3 a cabo el 1\u00ba Encuentro mundial online para sacerdotes y di\u00e1conos diocesanos pertenecientes a la Asociaci\u00f3n de los Salesianos Cooperadores.","robots":{"index":"index","follow":"follow","max-snippet":"max-snippet:-1","max-image-preview":"max-image-preview:large","max-video-preview":"max-video-preview:-1"},"canonical":"https:\/\/www.cgfmanet.org\/es\/ifma-es\/1-encuentro-online-salesianos-cooperadores-sacerdotes-y-diaconos\/","og_locale":"es_ES","og_type":"article","og_title":"1\u00b0 Encuentro online Salesianos Cooperadores sacerdotes y di\u00e1conos &#8226; Istituto Figlie di Maria Ausiliatrice","og_description":"El 13 de diciembre de 2022 se llev\u00f3 a cabo el 1\u00ba Encuentro mundial online para sacerdotes y di\u00e1conos diocesanos pertenecientes a la Asociaci\u00f3n de los Salesianos Cooperadores.","og_url":"https:\/\/www.cgfmanet.org\/es\/ifma-es\/1-encuentro-online-salesianos-cooperadores-sacerdotes-y-diaconos\/","og_site_name":"Istituto Figlie di Maria Ausiliatrice","article_publisher":"https:\/\/www.facebook.com\/salesian.sisters.of.don.bosco\/","article_published_time":"2022-12-13T11:25:14+00:00","article_modified_time":"2022-12-17T16:31:34+00:00","og_image":[{"width":1200,"height":800,"url":"https:\/\/www.cgfmanet.org\/wp-content\/uploads\/2022\/12\/Incontro-ASSCC.jpg","type":"image\/jpeg"}],"author":"Redazione","twitter_card":"summary_large_image","twitter_creator":"@Cgfmanet_Org","twitter_site":"@Cgfmanet_Org","twitter_misc":{"Escrito por":"Redazione","Tiempo de lectura":"2 minutos"},"schema":{"@context":"https:\/\/schema.org","@graph":[{"@type":"Article","@id":"https:\/\/www.cgfmanet.org\/es\/ifma-es\/1-encuentro-online-salesianos-cooperadores-sacerdotes-y-diaconos\/#article","isPartOf":{"@id":"https:\/\/www.cgfmanet.org\/es\/ifma-es\/1-encuentro-online-salesianos-cooperadores-sacerdotes-y-diaconos\/"},"author":{"name":"Redazione","@id":"https:\/\/www.cgfmanet.org\/es\/#\/schema\/person\/ce6473083f53ef0ef882cca23f0c8fb9"},"headline":"1\u00b0 Encuentro online Salesianos Cooperadores sacerdotes y di\u00e1conos","datePublished":"2022-12-13T11:25:14+00:00","dateModified":"2022-12-17T16:31:34+00:00","mainEntityOfPage":{"@id":"https:\/\/www.cgfmanet.org\/es\/ifma-es\/1-encuentro-online-salesianos-cooperadores-sacerdotes-y-diaconos\/"},"wordCount":400,"publisher":{"@id":"https:\/\/www.cgfmanet.org\/es\/#organization"},"image":{"@id":"https:\/\/www.cgfmanet.org\/es\/ifma-es\/1-encuentro-online-salesianos-cooperadores-sacerdotes-y-diaconos\/#primaryimage"},"thumbnailUrl":"https:\/\/www.cgfmanet.org\/wp-content\/uploads\/2022\/12\/Incontro-ASSCC.jpg","keywords":["Spiritualit\u00e0 Salesiana","Cooperadores Salesianos","Familia Salesiana","Focus"],"articleSection":["Carisma Salesiano","IFMA"],"inLanguage":"es"},{"@type":"WebPage","@id":"https:\/\/www.cgfmanet.org\/es\/ifma-es\/1-encuentro-online-salesianos-cooperadores-sacerdotes-y-diaconos\/","url":"https:\/\/www.cgfmanet.org\/es\/ifma-es\/1-encuentro-online-salesianos-cooperadores-sacerdotes-y-diaconos\/","name":"1\u00b0 Encuentro online Salesianos Cooperadores sacerdotes y di\u00e1conos &#8226; Istituto Figlie di Maria Ausiliatrice","isPartOf":{"@id":"https:\/\/www.cgfmanet.org\/es\/#website"},"primaryImageOfPage":{"@id":"https:\/\/www.cgfmanet.org\/es\/ifma-es\/1-encuentro-online-salesianos-cooperadores-sacerdotes-y-diaconos\/#primaryimage"},"image":{"@id":"https:\/\/www.cgfmanet.org\/es\/ifma-es\/1-encuentro-online-salesianos-cooperadores-sacerdotes-y-diaconos\/#primaryimage"},"thumbnailUrl":"https:\/\/www.cgfmanet.org\/wp-content\/uploads\/2022\/12\/Incontro-ASSCC.jpg","datePublished":"2022-12-13T11:25:14+00:00","dateModified":"2022-12-17T16:31:34+00:00","description":"El 13 de diciembre de 2022 se llev\u00f3 a cabo el 1\u00ba Encuentro mundial online para sacerdotes y di\u00e1conos diocesanos pertenecientes a la Asociaci\u00f3n de los Salesianos Cooperadores.","breadcrumb":{"@id":"https:\/\/www.cgfmanet.org\/es\/ifma-es\/1-encuentro-online-salesianos-cooperadores-sacerdotes-y-diaconos\/#breadcrumb"},"inLanguage":"es","potentialAction":[{"@type":"ReadAction","target":["https:\/\/www.cgfmanet.org\/es\/ifma-es\/1-encuentro-online-salesianos-cooperadores-sacerdotes-y-diaconos\/"]}]},{"@type":"ImageObject","inLanguage":"es","@id":"https:\/\/www.cgfmanet.org\/es\/ifma-es\/1-encuentro-online-salesianos-cooperadores-sacerdotes-y-diaconos\/#primaryimage","url":"https:\/\/www.cgfmanet.org\/wp-content\/uploads\/2022\/12\/Incontro-ASSCC.jpg","contentUrl":"https:\/\/www.cgfmanet.org\/wp-content\/uploads\/2022\/12\/Incontro-ASSCC.jpg","width":1200,"height":800},{"@type":"BreadcrumbList","@id":"https:\/\/www.cgfmanet.org\/es\/ifma-es\/1-encuentro-online-salesianos-cooperadores-sacerdotes-y-diaconos\/#breadcrumb","itemListElement":[{"@type":"ListItem","position":1,"name":"Home","item":"https:\/\/www.cgfmanet.org\/es\/"},{"@type":"ListItem","position":2,"name":"1\u00b0 Encuentro online Salesianos Cooperadores sacerdotes y di\u00e1conos"}]},{"@type":"WebSite","@id":"https:\/\/www.cgfmanet.org\/es\/#website","url":"https:\/\/www.cgfmanet.org\/es\/","name":"Istituto Figlie di Maria Ausiliatrice","description":"Salesiane di Don Bosco","publisher":{"@id":"https:\/\/www.cgfmanet.org\/es\/#organization"},"potentialAction":[{"@type":"SearchAction","target":{"@type":"EntryPoint","urlTemplate":"https:\/\/www.cgfmanet.org\/es\/?s={search_term_string}"},"query-input":{"@type":"PropertyValueSpecification","valueRequired":true,"valueName":"search_term_string"}}],"inLanguage":"es"},{"@type":"Organization","@id":"https:\/\/www.cgfmanet.org\/es\/#organization","name":"Istituto Figlie di Maria Ausiliatrice","url":"https:\/\/www.cgfmanet.org\/es\/","logo":{"@type":"ImageObject","inLanguage":"es","@id":"https:\/\/www.cgfmanet.org\/es\/#\/schema\/logo\/image\/","url":"https:\/\/www.cgfmanet.org\/wp-content\/uploads\/2018\/10\/logo-fma.png","contentUrl":"https:\/\/www.cgfmanet.org\/wp-content\/uploads\/2018\/10\/logo-fma.png","width":214,"height":55,"caption":"Istituto Figlie di Maria Ausiliatrice"},"image":{"@id":"https:\/\/www.cgfmanet.org\/es\/#\/schema\/logo\/image\/"},"sameAs":["https:\/\/www.facebook.com\/salesian.sisters.of.don.bosco\/","https:\/\/x.com\/Cgfmanet_Org","https:\/\/www.youtube.com\/channel\/UCmcr8yFQBV7JXeXVxyV9y5Q"]},{"@type":"Person","@id":"https:\/\/www.cgfmanet.org\/es\/#\/schema\/person\/ce6473083f53ef0ef882cca23f0c8fb9","name":"Redazione"}]}},"_links":{"self":[{"href":"https:\/\/www.cgfmanet.org\/es\/wp-json\/wp\/v2\/posts\/81869","targetHints":{"allow":["GET"]}}],"collection":[{"href":"https:\/\/www.cgfmanet.org\/es\/wp-json\/wp\/v2\/posts"}],"about":[{"href":"https:\/\/www.cgfmanet.org\/es\/wp-json\/wp\/v2\/types\/post"}],"author":[{"embeddable":true,"href":"https:\/\/www.cgfmanet.org\/es\/wp-json\/wp\/v2\/users\/21"}],"replies":[{"embeddable":true,"href":"https:\/\/www.cgfmanet.org\/es\/wp-json\/wp\/v2\/comments?post=81869"}],"version-history":[{"count":0,"href":"https:\/\/www.cgfmanet.org\/es\/wp-json\/wp\/v2\/posts\/81869\/revisions"}],"wp:featuredmedia":[{"embeddable":true,"href":"https:\/\/www.cgfmanet.org\/es\/wp-json\/wp\/v2\/media\/81864"}],"wp:attachment":[{"href":"https:\/\/www.cgfmanet.org\/es\/wp-json\/wp\/v2\/media?parent=81869"}],"wp:term":[{"taxonomy":"category","embeddable":true,"href":"https:\/\/www.cgfmanet.org\/es\/wp-json\/wp\/v2\/categories?post=81869"},{"taxonomy":"post_tag","embeddable":true,"href":"https:\/\/www.cgfmanet.org\/es\/wp-json\/wp\/v2\/tags?post=81869"}],"curies":[{"name":"wp","href":"https:\/\/api.w.org\/{rel}","templated":true}]}}