{"id":81834,"date":"2022-12-12T16:12:02","date_gmt":"2022-12-12T15:12:02","guid":{"rendered":"https:\/\/www.cgfmanet.org\/infoesfera\/erezione-canonica-prima-comunita-fma-in-nigeria\/"},"modified":"2022-12-14T22:01:32","modified_gmt":"2022-12-14T21:01:32","slug":"ereccion-canonica-primera-comunidad-fma-en-nigeria","status":"publish","type":"post","link":"https:\/\/www.cgfmanet.org\/es\/ifma-es\/ereccion-canonica-primera-comunidad-fma-en-nigeria\/","title":{"rendered":"Erecci\u00f3n can\u00f3nica primera Comunidad FMA en Nigeria"},"content":{"rendered":"<p><strong>Ikorodu (Nigeria).<\/strong>\u00a0\u00a0El 8 de diciembre de 2022, en la Solemnidad de la Inmaculada Concepci\u00f3n, en Ikorodu (Immole kekele) tuvo lugar la erecci\u00f3n can\u00f3nica de la Comunidad\u00a0Mar\u00eda Auxiliadora, la primera Comunidad de las Hijas de\u00a0Mar\u00eda Auxiliadora en Nigeria, constituida por sor Dieudonne Jean Louis como Directora, sor Jacqueline George, y sor Dagba Vida.<\/p>\n<p>El <a href=\"https:\/\/www.cgfmanet.org\/es\/ifma-es\/presencia-obras\/nueva-presencia-de-las-fma-en-nigeria\/\" target=\"_blank\" rel=\"noopener\"><span style=\"color: #0000ff;\"><strong>15 novembre 2019<\/strong><\/span><\/a>, d\u00eda en que se recordaba a la Beata Maddalena Morano, sor Justina Egbedike y sor Dieudonne Jean Louis hab\u00edan pisado por primera vez tierra nigeriana, enviadas como una sencilla presencia entre los\/las j\u00f3venes con el servicio en la parroquia, y hab\u00edan sido acogidas por los Salesianos de Don Bosco de la Inspector\u00eda\u00a0<em>San Artemide Zatti<\/em>\u00a0(AFW), presentes en Nigeria desde 2011. Tres a\u00f1os despu\u00e9s, el d\u00eda de la Inmaculada, el sue\u00f1o de la Inspector\u00eda\u00a0<em>Madre de Dios<\/em>\u00a0(AFO), \u00a0cultivado durante varios a\u00f1os, se hizo realidad.<\/p>\n<p>En la Celebraci\u00f3n Eucar\u00edstica de inauguraci\u00f3n participaron cerca de setenta fieles de las parroquias de la\u00a0<em>Divina Misericordia<\/em>\u00a0y de la\u00a0<em>Bienaventurada Virgen\u00a0<\/em><em>Mar<\/em><em>\u00eda<\/em>\u00a0de Ikorodu. El Padre Joe Ben, p\u00e1rroco de la Parroquia de la\u00a0<em>Divina Misericordia<\/em>, presidi\u00f3 la Celebraci\u00f3n en nombre del Arzobispo de Lagos, Mons. Alfred Adewale Martins y concelebraron siete sacerdotes, entre ellos dos SDB.<\/p>\n<p>La ceremonia de acogida se inici\u00f3 con la bendici\u00f3n del altar, del tabern\u00e1culo y del amb\u00f3n de la nueva capilla comunitaria, y sigui\u00f3 la S. Misa. En la homil\u00eda, el Padre Joe Ben record\u00f3 el sue\u00f1o se los 9 a\u00f1os de G. Bosco y el encuentro de Don Bosco con Bartolom\u00e9 Garelli, como eventos significativos del inicio de la obra salesiana. Finalmente dio las gracias a la Inspectora, sor Yvette Badini, sor Yvonne Ouedraogo, Directora de la Comunidad de Cotonou, en Benin, sor Frances Xavier Mbamara y sor Mary Dominica Uzoeto, que estaban presentes para apoyar a la Comunidad naciente.<\/p>\n<p><strong>A continuaci\u00f3n la Inspectora, en nombre de Sor Chiara Cazzuola, Madre General del Instituto FMA, ley\u00f3 el decreto de erecci\u00f3n can\u00f3nica<\/strong>\u00a0<strong>de la nueva Comunidad<\/strong>, a lo que siguieron las palabras de agradecimiento de la Directora, sor Dieudone Jean Louis, que record\u00f3 la coincidencia con los eventos del 150\u00ba de la Fundaci\u00f3n del Instituto (1872-2022) y del nacimiento del 1\u00ba Oratorio, el 8 de diciembre de 1841, y continu\u00f3 diciendo:<\/p>\n<p><em><a href=\"https:\/\/www.cgfmanet.org\/wp-content\/uploads\/2022\/12\/Nuova-Comunita-Nigeria-2.jpg\"><img decoding=\"async\" class=\"alignright wp-image-81820 lazyload\" data-src=\"https:\/\/www.cgfmanet.org\/wp-content\/uploads\/2022\/12\/Nuova-Comunita-Nigeria-2.jpg\" alt=\"\" width=\"350\" height=\"449\" data-srcset=\"https:\/\/www.cgfmanet.org\/wp-content\/uploads\/2022\/12\/Nuova-Comunita-Nigeria-2.jpg 751w, https:\/\/www.cgfmanet.org\/wp-content\/uploads\/2022\/12\/Nuova-Comunita-Nigeria-2-696x892.jpg 696w, https:\/\/www.cgfmanet.org\/wp-content\/uploads\/2022\/12\/Nuova-Comunita-Nigeria-2-328x420.jpg 328w\" data-sizes=\"auto\" src=\"data:image\/svg+xml;base64,PHN2ZyB3aWR0aD0iMSIgaGVpZ2h0PSIxIiB4bWxucz0iaHR0cDovL3d3dy53My5vcmcvMjAwMC9zdmciPjwvc3ZnPg==\" style=\"--smush-placeholder-width: 350px; --smush-placeholder-aspect-ratio: 350\/449;\" data-original-sizes=\"(max-width: 350px) 100vw, 350px\" \/><\/a><\/em><\/p>\n<p><em>\u201cNo podemos dejar de dar gracias a Dios por las maravillas logradas en la vida de esta primera Comunidad FMA en Nigeria. A los tres a\u00f1os de nuestra llegada al Pa\u00eds y en un momento de crisis para el mundo y para la misma Nigeria, el Se\u00f1or, a trav\u00e9s de la Virgen Auxiliadora, nos ha concedido la gracia de poder construir este edificio que inauguramos hoy. Es ella quien lo ha hecho todo. Somos testimonios de ello\u201d.<\/em><\/p>\n<p>Expres\u00f3 despu\u00e9s los agradecimientos, en particular a Mons. Martin Adwele, por su acogida calurosa en la Archidi\u00f3cesis y a los hermanos Salesianos, que primero las acogieron; al Instituto FMA \u2013 a la Madre general em\u00e9rita, Sor Yvonne Reungoat y a la ex Inspecotra sor Yolande Kikange que las han apoyado y acompa\u00f1ado en todos los pasos, a sor Yvette y al Consejo actual, a todas las Comunidades de la Inspector\u00eda AFO que contribuyeron con sacrificios y oraciones a la construcci\u00f3n y al arrendamiento de la casa \u2013 a los ni\u00f1os y a los j\u00f3venes, a los parroquianos, a los bienhechores y a todos los que han contribuido de diversas maneras a la realizaci\u00f3n de este sue\u00f1o.<\/p>\n<p>Como expresi\u00f3n de comuni\u00f3n con todo el Instituto, las FMA presentes en la Ceremonia cantaron el himno \u201cOh qu\u00e9 dicha\u201d.<\/p>\n<p>Despu\u00e9s de la S. Misa, los sacerdotes, los fieles y las FMA se desplazaron a la gruta mariana para la bendici\u00f3n, a la que sigui\u00f3 la bendici\u00f3n de la casa. El feliz evento de gracia concluy\u00f3 con un almuerzo fraterno.<\/p>\n<p>Las FMA de la\u00a0 Comunidad\u00a0Mar\u00eda Auxiliadora y toda la Inspector\u00eda AFO contin\u00faan contando con las oraciones de las Hijas de\u00a0Mar\u00eda Auxiliadora y de toda la Familia Salesiana, para que esta misi\u00f3n florezca y traiga frutos abundantes para la gloria de Dios y la salvaci\u00f3n de los j\u00f3venes.<\/p>\n<p><a href=\"https:\/\/www.cgfmanet.org\/wp-content\/uploads\/2022\/12\/Nuova-Comunita-Nigeria-1.jpg\"><img decoding=\"async\" class=\"aligncenter wp-image-81815 size-full lazyload\" data-src=\"https:\/\/www.cgfmanet.org\/wp-content\/uploads\/2022\/12\/Nuova-Comunita-Nigeria-1.jpg\" alt=\"\" width=\"1080\" height=\"720\" data-srcset=\"https:\/\/www.cgfmanet.org\/wp-content\/uploads\/2022\/12\/Nuova-Comunita-Nigeria-1.jpg 1080w, https:\/\/www.cgfmanet.org\/wp-content\/uploads\/2022\/12\/Nuova-Comunita-Nigeria-1-768x512.jpg 768w, https:\/\/www.cgfmanet.org\/wp-content\/uploads\/2022\/12\/Nuova-Comunita-Nigeria-1-696x464.jpg 696w, https:\/\/www.cgfmanet.org\/wp-content\/uploads\/2022\/12\/Nuova-Comunita-Nigeria-1-630x420.jpg 630w\" data-sizes=\"auto\" src=\"data:image\/svg+xml;base64,PHN2ZyB3aWR0aD0iMSIgaGVpZ2h0PSIxIiB4bWxucz0iaHR0cDovL3d3dy53My5vcmcvMjAwMC9zdmciPjwvc3ZnPg==\" style=\"--smush-placeholder-width: 1080px; --smush-placeholder-aspect-ratio: 1080\/720;\" data-original-sizes=\"(max-width: 1080px) 100vw, 1080px\" \/><\/a><\/p>\n","protected":false},"excerpt":{"rendered":"<p>Ikorodu (Nigeria).\u00a0\u00a0El 8 de diciembre de 2022, en la Solemnidad de la Inmaculada Concepci\u00f3n, en Ikorodu (Immole kekele) tuvo lugar la erecci\u00f3n can\u00f3nica de la Comunidad\u00a0Mar\u00eda Auxiliadora, la primera Comunidad [&hellip;]<\/p>\n","protected":false},"author":21,"featured_media":81829,"comment_status":"closed","ping_status":"closed","sticky":false,"template":"","format":"standard","meta":{"footnotes":""},"categories":[158,186],"tags":[907,1670,1792,1931,2032,2278],"class_list":["post-81834","post","type-post","status-publish","format-standard","has-post-thumbnail","category-ifma-es","category-presencia-obras","tag-afo-es","tag-carisma-salesiano-es","tag-espiritu-misionero","tag-focus-es","tag-nigeria-pt-pt-es","tag-150-ifma-es"],"yoast_head":"<!-- This site is optimized with the Yoast SEO plugin v27.4 - https:\/\/yoast.com\/product\/yoast-seo-wordpress\/ -->\n<title>Erecci\u00f3n can\u00f3nica primera Comunidad FMA en Nigeria &#8226; Istituto Figlie di Maria Ausiliatrice<\/title>\n<meta name=\"description\" content=\"El 8 de diciembrede 2022, en la Solemnidad de la Inmaculada, en Ikorodu tuvo lugar la erecci\u00f3n can\u00f3nica de la primera Comunidad de las FMA de la Inspector\u00eda AFO en Nigeria.\" \/>\n<meta name=\"robots\" content=\"index, follow, max-snippet:-1, max-image-preview:large, max-video-preview:-1\" \/>\n<link rel=\"canonical\" href=\"https:\/\/www.cgfmanet.org\/es\/ifma-es\/ereccion-canonica-primera-comunidad-fma-en-nigeria\/\" \/>\n<meta property=\"og:locale\" content=\"es_ES\" \/>\n<meta property=\"og:type\" content=\"article\" \/>\n<meta property=\"og:title\" content=\"Erecci\u00f3n can\u00f3nica primera Comunidad FMA en Nigeria &#8226; Istituto Figlie di Maria Ausiliatrice\" \/>\n<meta property=\"og:description\" content=\"El 8 de diciembrede 2022, en la Solemnidad de la Inmaculada, en Ikorodu tuvo lugar la erecci\u00f3n can\u00f3nica de la primera Comunidad de las FMA de la Inspector\u00eda AFO en Nigeria.\" \/>\n<meta property=\"og:url\" content=\"https:\/\/www.cgfmanet.org\/es\/ifma-es\/ereccion-canonica-primera-comunidad-fma-en-nigeria\/\" \/>\n<meta property=\"og:site_name\" content=\"Istituto Figlie di Maria Ausiliatrice\" \/>\n<meta property=\"article:publisher\" content=\"https:\/\/www.facebook.com\/salesian.sisters.of.don.bosco\/\" \/>\n<meta property=\"article:published_time\" content=\"2022-12-12T15:12:02+00:00\" \/>\n<meta property=\"article:modified_time\" content=\"2022-12-14T21:01:32+00:00\" \/>\n<meta property=\"og:image\" content=\"https:\/\/www.cgfmanet.org\/wp-content\/uploads\/2022\/12\/Nuova-Comunita-Nigeria.jpg\" \/>\n\t<meta property=\"og:image:width\" content=\"1035\" \/>\n\t<meta property=\"og:image:height\" content=\"690\" \/>\n\t<meta property=\"og:image:type\" content=\"image\/jpeg\" \/>\n<meta name=\"author\" content=\"Redazione\" \/>\n<meta name=\"twitter:card\" content=\"summary_large_image\" \/>\n<meta name=\"twitter:creator\" content=\"@Cgfmanet_Org\" \/>\n<meta name=\"twitter:site\" content=\"@Cgfmanet_Org\" \/>\n<meta name=\"twitter:label1\" content=\"Escrito por\" \/>\n\t<meta name=\"twitter:data1\" content=\"Redazione\" \/>\n\t<meta name=\"twitter:label2\" content=\"Tiempo de lectura\" \/>\n\t<meta name=\"twitter:data2\" content=\"4 minutos\" \/>\n<script type=\"application\/ld+json\" class=\"yoast-schema-graph\">{\"@context\":\"https:\\\/\\\/schema.org\",\"@graph\":[{\"@type\":\"Article\",\"@id\":\"https:\\\/\\\/www.cgfmanet.org\\\/es\\\/ifma-es\\\/ereccion-canonica-primera-comunidad-fma-en-nigeria\\\/#article\",\"isPartOf\":{\"@id\":\"https:\\\/\\\/www.cgfmanet.org\\\/es\\\/ifma-es\\\/ereccion-canonica-primera-comunidad-fma-en-nigeria\\\/\"},\"author\":{\"name\":\"Redazione\",\"@id\":\"https:\\\/\\\/www.cgfmanet.org\\\/es\\\/#\\\/schema\\\/person\\\/ce6473083f53ef0ef882cca23f0c8fb9\"},\"headline\":\"Erecci\u00f3n can\u00f3nica primera Comunidad FMA en Nigeria\",\"datePublished\":\"2022-12-12T15:12:02+00:00\",\"dateModified\":\"2022-12-14T21:01:32+00:00\",\"mainEntityOfPage\":{\"@id\":\"https:\\\/\\\/www.cgfmanet.org\\\/es\\\/ifma-es\\\/ereccion-canonica-primera-comunidad-fma-en-nigeria\\\/\"},\"wordCount\":731,\"publisher\":{\"@id\":\"https:\\\/\\\/www.cgfmanet.org\\\/es\\\/#organization\"},\"image\":{\"@id\":\"https:\\\/\\\/www.cgfmanet.org\\\/es\\\/ifma-es\\\/ereccion-canonica-primera-comunidad-fma-en-nigeria\\\/#primaryimage\"},\"thumbnailUrl\":\"https:\\\/\\\/www.cgfmanet.org\\\/wp-content\\\/uploads\\\/2022\\\/12\\\/Nuova-Comunita-Nigeria.jpg\",\"keywords\":[\"AFO\",\"Carisma salesiano\",\"Esp\u00edritu misionero\",\"Focus\",\"Nigeria\",\"150\u00b0 IFMA\"],\"articleSection\":[\"IFMA\",\"Presencia y Obras\"],\"inLanguage\":\"es\"},{\"@type\":\"WebPage\",\"@id\":\"https:\\\/\\\/www.cgfmanet.org\\\/es\\\/ifma-es\\\/ereccion-canonica-primera-comunidad-fma-en-nigeria\\\/\",\"url\":\"https:\\\/\\\/www.cgfmanet.org\\\/es\\\/ifma-es\\\/ereccion-canonica-primera-comunidad-fma-en-nigeria\\\/\",\"name\":\"Erecci\u00f3n can\u00f3nica primera Comunidad FMA en Nigeria &#8226; Istituto Figlie di Maria Ausiliatrice\",\"isPartOf\":{\"@id\":\"https:\\\/\\\/www.cgfmanet.org\\\/es\\\/#website\"},\"primaryImageOfPage\":{\"@id\":\"https:\\\/\\\/www.cgfmanet.org\\\/es\\\/ifma-es\\\/ereccion-canonica-primera-comunidad-fma-en-nigeria\\\/#primaryimage\"},\"image\":{\"@id\":\"https:\\\/\\\/www.cgfmanet.org\\\/es\\\/ifma-es\\\/ereccion-canonica-primera-comunidad-fma-en-nigeria\\\/#primaryimage\"},\"thumbnailUrl\":\"https:\\\/\\\/www.cgfmanet.org\\\/wp-content\\\/uploads\\\/2022\\\/12\\\/Nuova-Comunita-Nigeria.jpg\",\"datePublished\":\"2022-12-12T15:12:02+00:00\",\"dateModified\":\"2022-12-14T21:01:32+00:00\",\"description\":\"El 8 de diciembrede 2022, en la Solemnidad de la Inmaculada, en Ikorodu tuvo lugar la erecci\u00f3n can\u00f3nica de la primera Comunidad de las FMA de la Inspector\u00eda AFO en Nigeria.\",\"breadcrumb\":{\"@id\":\"https:\\\/\\\/www.cgfmanet.org\\\/es\\\/ifma-es\\\/ereccion-canonica-primera-comunidad-fma-en-nigeria\\\/#breadcrumb\"},\"inLanguage\":\"es\",\"potentialAction\":[{\"@type\":\"ReadAction\",\"target\":[\"https:\\\/\\\/www.cgfmanet.org\\\/es\\\/ifma-es\\\/ereccion-canonica-primera-comunidad-fma-en-nigeria\\\/\"]}]},{\"@type\":\"ImageObject\",\"inLanguage\":\"es\",\"@id\":\"https:\\\/\\\/www.cgfmanet.org\\\/es\\\/ifma-es\\\/ereccion-canonica-primera-comunidad-fma-en-nigeria\\\/#primaryimage\",\"url\":\"https:\\\/\\\/www.cgfmanet.org\\\/wp-content\\\/uploads\\\/2022\\\/12\\\/Nuova-Comunita-Nigeria.jpg\",\"contentUrl\":\"https:\\\/\\\/www.cgfmanet.org\\\/wp-content\\\/uploads\\\/2022\\\/12\\\/Nuova-Comunita-Nigeria.jpg\",\"width\":1035,\"height\":690},{\"@type\":\"BreadcrumbList\",\"@id\":\"https:\\\/\\\/www.cgfmanet.org\\\/es\\\/ifma-es\\\/ereccion-canonica-primera-comunidad-fma-en-nigeria\\\/#breadcrumb\",\"itemListElement\":[{\"@type\":\"ListItem\",\"position\":1,\"name\":\"Home\",\"item\":\"https:\\\/\\\/www.cgfmanet.org\\\/es\\\/\"},{\"@type\":\"ListItem\",\"position\":2,\"name\":\"Erecci\u00f3n can\u00f3nica primera Comunidad FMA en Nigeria\"}]},{\"@type\":\"WebSite\",\"@id\":\"https:\\\/\\\/www.cgfmanet.org\\\/es\\\/#website\",\"url\":\"https:\\\/\\\/www.cgfmanet.org\\\/es\\\/\",\"name\":\"Istituto Figlie di Maria Ausiliatrice\",\"description\":\"Salesiane di Don Bosco\",\"publisher\":{\"@id\":\"https:\\\/\\\/www.cgfmanet.org\\\/es\\\/#organization\"},\"potentialAction\":[{\"@type\":\"SearchAction\",\"target\":{\"@type\":\"EntryPoint\",\"urlTemplate\":\"https:\\\/\\\/www.cgfmanet.org\\\/es\\\/?s={search_term_string}\"},\"query-input\":{\"@type\":\"PropertyValueSpecification\",\"valueRequired\":true,\"valueName\":\"search_term_string\"}}],\"inLanguage\":\"es\"},{\"@type\":\"Organization\",\"@id\":\"https:\\\/\\\/www.cgfmanet.org\\\/es\\\/#organization\",\"name\":\"Istituto Figlie di Maria Ausiliatrice\",\"url\":\"https:\\\/\\\/www.cgfmanet.org\\\/es\\\/\",\"logo\":{\"@type\":\"ImageObject\",\"inLanguage\":\"es\",\"@id\":\"https:\\\/\\\/www.cgfmanet.org\\\/es\\\/#\\\/schema\\\/logo\\\/image\\\/\",\"url\":\"https:\\\/\\\/www.cgfmanet.org\\\/wp-content\\\/uploads\\\/2018\\\/10\\\/logo-fma.png\",\"contentUrl\":\"https:\\\/\\\/www.cgfmanet.org\\\/wp-content\\\/uploads\\\/2018\\\/10\\\/logo-fma.png\",\"width\":214,\"height\":55,\"caption\":\"Istituto Figlie di Maria Ausiliatrice\"},\"image\":{\"@id\":\"https:\\\/\\\/www.cgfmanet.org\\\/es\\\/#\\\/schema\\\/logo\\\/image\\\/\"},\"sameAs\":[\"https:\\\/\\\/www.facebook.com\\\/salesian.sisters.of.don.bosco\\\/\",\"https:\\\/\\\/x.com\\\/Cgfmanet_Org\",\"https:\\\/\\\/www.youtube.com\\\/channel\\\/UCmcr8yFQBV7JXeXVxyV9y5Q\"]},{\"@type\":\"Person\",\"@id\":\"https:\\\/\\\/www.cgfmanet.org\\\/es\\\/#\\\/schema\\\/person\\\/ce6473083f53ef0ef882cca23f0c8fb9\",\"name\":\"Redazione\"}]}<\/script>\n<!-- \/ Yoast SEO plugin. -->","yoast_head_json":{"title":"Erecci\u00f3n can\u00f3nica primera Comunidad FMA en Nigeria &#8226; Istituto Figlie di Maria Ausiliatrice","description":"El 8 de diciembrede 2022, en la Solemnidad de la Inmaculada, en Ikorodu tuvo lugar la erecci\u00f3n can\u00f3nica de la primera Comunidad de las FMA de la Inspector\u00eda AFO en Nigeria.","robots":{"index":"index","follow":"follow","max-snippet":"max-snippet:-1","max-image-preview":"max-image-preview:large","max-video-preview":"max-video-preview:-1"},"canonical":"https:\/\/www.cgfmanet.org\/es\/ifma-es\/ereccion-canonica-primera-comunidad-fma-en-nigeria\/","og_locale":"es_ES","og_type":"article","og_title":"Erecci\u00f3n can\u00f3nica primera Comunidad FMA en Nigeria &#8226; Istituto Figlie di Maria Ausiliatrice","og_description":"El 8 de diciembrede 2022, en la Solemnidad de la Inmaculada, en Ikorodu tuvo lugar la erecci\u00f3n can\u00f3nica de la primera Comunidad de las FMA de la Inspector\u00eda AFO en Nigeria.","og_url":"https:\/\/www.cgfmanet.org\/es\/ifma-es\/ereccion-canonica-primera-comunidad-fma-en-nigeria\/","og_site_name":"Istituto Figlie di Maria Ausiliatrice","article_publisher":"https:\/\/www.facebook.com\/salesian.sisters.of.don.bosco\/","article_published_time":"2022-12-12T15:12:02+00:00","article_modified_time":"2022-12-14T21:01:32+00:00","og_image":[{"width":1035,"height":690,"url":"https:\/\/www.cgfmanet.org\/wp-content\/uploads\/2022\/12\/Nuova-Comunita-Nigeria.jpg","type":"image\/jpeg"}],"author":"Redazione","twitter_card":"summary_large_image","twitter_creator":"@Cgfmanet_Org","twitter_site":"@Cgfmanet_Org","twitter_misc":{"Escrito por":"Redazione","Tiempo de lectura":"4 minutos"},"schema":{"@context":"https:\/\/schema.org","@graph":[{"@type":"Article","@id":"https:\/\/www.cgfmanet.org\/es\/ifma-es\/ereccion-canonica-primera-comunidad-fma-en-nigeria\/#article","isPartOf":{"@id":"https:\/\/www.cgfmanet.org\/es\/ifma-es\/ereccion-canonica-primera-comunidad-fma-en-nigeria\/"},"author":{"name":"Redazione","@id":"https:\/\/www.cgfmanet.org\/es\/#\/schema\/person\/ce6473083f53ef0ef882cca23f0c8fb9"},"headline":"Erecci\u00f3n can\u00f3nica primera Comunidad FMA en Nigeria","datePublished":"2022-12-12T15:12:02+00:00","dateModified":"2022-12-14T21:01:32+00:00","mainEntityOfPage":{"@id":"https:\/\/www.cgfmanet.org\/es\/ifma-es\/ereccion-canonica-primera-comunidad-fma-en-nigeria\/"},"wordCount":731,"publisher":{"@id":"https:\/\/www.cgfmanet.org\/es\/#organization"},"image":{"@id":"https:\/\/www.cgfmanet.org\/es\/ifma-es\/ereccion-canonica-primera-comunidad-fma-en-nigeria\/#primaryimage"},"thumbnailUrl":"https:\/\/www.cgfmanet.org\/wp-content\/uploads\/2022\/12\/Nuova-Comunita-Nigeria.jpg","keywords":["AFO","Carisma salesiano","Esp\u00edritu misionero","Focus","Nigeria","150\u00b0 IFMA"],"articleSection":["IFMA","Presencia y Obras"],"inLanguage":"es"},{"@type":"WebPage","@id":"https:\/\/www.cgfmanet.org\/es\/ifma-es\/ereccion-canonica-primera-comunidad-fma-en-nigeria\/","url":"https:\/\/www.cgfmanet.org\/es\/ifma-es\/ereccion-canonica-primera-comunidad-fma-en-nigeria\/","name":"Erecci\u00f3n can\u00f3nica primera Comunidad FMA en Nigeria &#8226; Istituto Figlie di Maria Ausiliatrice","isPartOf":{"@id":"https:\/\/www.cgfmanet.org\/es\/#website"},"primaryImageOfPage":{"@id":"https:\/\/www.cgfmanet.org\/es\/ifma-es\/ereccion-canonica-primera-comunidad-fma-en-nigeria\/#primaryimage"},"image":{"@id":"https:\/\/www.cgfmanet.org\/es\/ifma-es\/ereccion-canonica-primera-comunidad-fma-en-nigeria\/#primaryimage"},"thumbnailUrl":"https:\/\/www.cgfmanet.org\/wp-content\/uploads\/2022\/12\/Nuova-Comunita-Nigeria.jpg","datePublished":"2022-12-12T15:12:02+00:00","dateModified":"2022-12-14T21:01:32+00:00","description":"El 8 de diciembrede 2022, en la Solemnidad de la Inmaculada, en Ikorodu tuvo lugar la erecci\u00f3n can\u00f3nica de la primera Comunidad de las FMA de la Inspector\u00eda AFO en Nigeria.","breadcrumb":{"@id":"https:\/\/www.cgfmanet.org\/es\/ifma-es\/ereccion-canonica-primera-comunidad-fma-en-nigeria\/#breadcrumb"},"inLanguage":"es","potentialAction":[{"@type":"ReadAction","target":["https:\/\/www.cgfmanet.org\/es\/ifma-es\/ereccion-canonica-primera-comunidad-fma-en-nigeria\/"]}]},{"@type":"ImageObject","inLanguage":"es","@id":"https:\/\/www.cgfmanet.org\/es\/ifma-es\/ereccion-canonica-primera-comunidad-fma-en-nigeria\/#primaryimage","url":"https:\/\/www.cgfmanet.org\/wp-content\/uploads\/2022\/12\/Nuova-Comunita-Nigeria.jpg","contentUrl":"https:\/\/www.cgfmanet.org\/wp-content\/uploads\/2022\/12\/Nuova-Comunita-Nigeria.jpg","width":1035,"height":690},{"@type":"BreadcrumbList","@id":"https:\/\/www.cgfmanet.org\/es\/ifma-es\/ereccion-canonica-primera-comunidad-fma-en-nigeria\/#breadcrumb","itemListElement":[{"@type":"ListItem","position":1,"name":"Home","item":"https:\/\/www.cgfmanet.org\/es\/"},{"@type":"ListItem","position":2,"name":"Erecci\u00f3n can\u00f3nica primera Comunidad FMA en Nigeria"}]},{"@type":"WebSite","@id":"https:\/\/www.cgfmanet.org\/es\/#website","url":"https:\/\/www.cgfmanet.org\/es\/","name":"Istituto Figlie di Maria Ausiliatrice","description":"Salesiane di Don Bosco","publisher":{"@id":"https:\/\/www.cgfmanet.org\/es\/#organization"},"potentialAction":[{"@type":"SearchAction","target":{"@type":"EntryPoint","urlTemplate":"https:\/\/www.cgfmanet.org\/es\/?s={search_term_string}"},"query-input":{"@type":"PropertyValueSpecification","valueRequired":true,"valueName":"search_term_string"}}],"inLanguage":"es"},{"@type":"Organization","@id":"https:\/\/www.cgfmanet.org\/es\/#organization","name":"Istituto Figlie di Maria Ausiliatrice","url":"https:\/\/www.cgfmanet.org\/es\/","logo":{"@type":"ImageObject","inLanguage":"es","@id":"https:\/\/www.cgfmanet.org\/es\/#\/schema\/logo\/image\/","url":"https:\/\/www.cgfmanet.org\/wp-content\/uploads\/2018\/10\/logo-fma.png","contentUrl":"https:\/\/www.cgfmanet.org\/wp-content\/uploads\/2018\/10\/logo-fma.png","width":214,"height":55,"caption":"Istituto Figlie di Maria Ausiliatrice"},"image":{"@id":"https:\/\/www.cgfmanet.org\/es\/#\/schema\/logo\/image\/"},"sameAs":["https:\/\/www.facebook.com\/salesian.sisters.of.don.bosco\/","https:\/\/x.com\/Cgfmanet_Org","https:\/\/www.youtube.com\/channel\/UCmcr8yFQBV7JXeXVxyV9y5Q"]},{"@type":"Person","@id":"https:\/\/www.cgfmanet.org\/es\/#\/schema\/person\/ce6473083f53ef0ef882cca23f0c8fb9","name":"Redazione"}]}},"_links":{"self":[{"href":"https:\/\/www.cgfmanet.org\/es\/wp-json\/wp\/v2\/posts\/81834","targetHints":{"allow":["GET"]}}],"collection":[{"href":"https:\/\/www.cgfmanet.org\/es\/wp-json\/wp\/v2\/posts"}],"about":[{"href":"https:\/\/www.cgfmanet.org\/es\/wp-json\/wp\/v2\/types\/post"}],"author":[{"embeddable":true,"href":"https:\/\/www.cgfmanet.org\/es\/wp-json\/wp\/v2\/users\/21"}],"replies":[{"embeddable":true,"href":"https:\/\/www.cgfmanet.org\/es\/wp-json\/wp\/v2\/comments?post=81834"}],"version-history":[{"count":0,"href":"https:\/\/www.cgfmanet.org\/es\/wp-json\/wp\/v2\/posts\/81834\/revisions"}],"wp:featuredmedia":[{"embeddable":true,"href":"https:\/\/www.cgfmanet.org\/es\/wp-json\/wp\/v2\/media\/81829"}],"wp:attachment":[{"href":"https:\/\/www.cgfmanet.org\/es\/wp-json\/wp\/v2\/media?parent=81834"}],"wp:term":[{"taxonomy":"category","embeddable":true,"href":"https:\/\/www.cgfmanet.org\/es\/wp-json\/wp\/v2\/categories?post=81834"},{"taxonomy":"post_tag","embeddable":true,"href":"https:\/\/www.cgfmanet.org\/es\/wp-json\/wp\/v2\/tags?post=81834"}],"curies":[{"name":"wp","href":"https:\/\/api.w.org\/{rel}","templated":true}]}}