{"id":81745,"date":"2022-12-13T19:10:22","date_gmt":"2022-12-13T18:10:22","guid":{"rendered":"https:\/\/www.cgfmanet.org\/infoesfera\/auguri-natalizi-a-madre-chiara-famiglia-salesiana-e-vides\/"},"modified":"2022-12-14T21:24:57","modified_gmt":"2022-12-14T20:24:57","slug":"auguri-natalizi-a-madre-chiara-famiglia-salesiana-e-vides","status":"publish","type":"post","link":"https:\/\/www.cgfmanet.org\/es\/ifma-es\/auguri-natalizi-a-madre-chiara-famiglia-salesiana-e-vides\/","title":{"rendered":"Auguri Natalizi a Madre Chiara \u2013 Famiglia Salesiana e VIDES"},"content":{"rendered":"<p><strong>Roma (Italia).<\/strong>\u00a0Il 10 dicembre 2022, a Roma, presso la Casa Generalizia delle Figlie di Maria Ausiliatrice, i\/le Rappresentanti di Associazioni e Gruppi della Famiglia Salesiana, dell\u2019Associazione Mornese ONLUS e del VIDES, in presenza e online, hanno espresso gli auguri natalizi alla Superiora Generale dell\u2019Istituto FMA, Madre Chiara Cazzuola.<\/p>\n<p>Nella Sala Capitolare dell\u2019Istituto FMA erano presenti suor Leslye S\u00e1ndigo, Consigliera dell\u2019Ambito per la Famiglia Salesiana con le collaboratrici, suor Gabriela Pati\u00f1o Osorio, Delegata della Confederazione Mondiale <em>Mornese\u00a0<\/em>Exallieve\/i FMA e suor Lucrecia Uribe, Delegata Mondiale dell\u2019Associazione dei Salesiani Cooperatori (ASSCC) e Animatrice Mondiale dell\u2019Associazione di Maria Ausiliatrice (ADMA), suor Runita Borja, Consigliera dell\u2019Ambito per la Pastorale Giovanile e suor Annecie Audate, Direttrice Generale del VIDES Internazionale, alcune Consigliere FMA e rappresentati delle Associazioni e Gruppi della FS.<\/p>\n<p>L\u2019incontro si \u00e8 aperto con una breve presentazione e il saluto da parte dei membri delle Associazioni collegati in modalit\u00e0 online: Renato Valera, Presidente dell\u2019ADMA Primaria, Margherita Rossebastiano, Presidente dell\u2019Associazione Mornese Onlus, e alcuni consiglieri, tra nuovi e non pi\u00f9 in carica.<\/p>\n<p>\u201cPensando al nuovo anno vogliamo far risuonare oggi l\u2019invito della Strenna 2023 &#8211; <em>Come lievito nella famiglia umana d\u2019oggi. La dimensione laicale della Famiglia di Don Bosco<\/em> &#8211; \u00a0cos\u00ec che il nostro augurio pi\u00f9 grande per te, per tutte le FMA e per tutti noi Famiglia di Don Bosco sia quello di continuare ad essere come lievito, nelle comunit\u00e0, nelle opere, nelle scuole, tra i giovani, tra la gente, nelle missioni, nella missione\u201d, ha augurato Renato Valera.<\/p>\n<p>Dopo i saluti iniziali, si \u00e8 proseguito con un momento di preghiera ispirato alla parabola del lievito nella pasta: i membri della Famiglia Salesiana, i Gruppi, i Movimenti e le Associazioni, come lievito e farina, sotto l\u2019azione dello Spirito, si fanno pane spezzato per il mondo, rendendo presente il Carisma condiviso come Famiglia Salesiana.<\/p>\n<p>Ogni simbolo, portato davanti a Ges\u00f9 Bambino e offerto alla Madre, rappresentava la variet\u00e0 e la singolarit\u00e0 di ogni Associazione e Gruppo che ha portato l\u2019augurio:<\/p>\n<p>Suor Lucrecia Uribe, quale rappresentante dell\u2019Associazione di Maria Ausiliatrice (ADMA), ha portato il <strong>fuoco dello Spirito Santo<\/strong>, che rende testimoni a tutti i battezzati.<\/p>\n<p>Guido Barbera, Presidente del VIDES, ha ricordato che i volontari di questa Associazione non saranno mai <strong>lievito<\/strong> da soli, ma solo insieme, alleandosi e collaborando in modo corresponsabile perch\u00e9 torni la pace, diminuisca la povert\u00e0, si rispetti il creato.<\/p>\n<p><em>Olivia Furl\u00e0n, Vicepresidente dell\u2019Associazione Exallieve\/i <\/em><em>delle <\/em><em>FMA, ha mescolato il lievito alla <strong>farina,<\/strong> mettendo a fuoco la sfida per le Exallieve di\u00a0 avere il coraggio di mischiarsi tra la gente, senza preconcetti e preclusioni, consapevoli dei problemi che affliggono l\u2019umanit\u00e0.<\/em><\/p>\n<p>Antonio Boccia, Coordinatore mondiale dei Salesiani Cooperatori (ASSCC), nel presentare il <strong>pane<\/strong>, ha espresso il desiderio dei membri dell\u2019Associazione di imparare ad attendere i tempi di Dio, come Maria, senza perdere la speranza, custodendo la gioia, leggendo la bellezza e accettando di vedere lievitare la farina solo secondo i tempi di Dio.<\/p>\n<p>Ringraziando per gli auguri ricevuti, nel suo saluto Madre Chiara Cazzuola ha ripreso il senso profondo dello scambio di auguri e del Natale:<\/p>\n<p>\u201c<em>Fare gli auguri vuol dire desiderare tutto il bene per i familiari, gli amici, i compagni di cammino. Fare gli auguri di Buon Natale vuol dire invocare la benedizione del Bambino Ges\u00f9 sulle persone che amiamo e sulla loro storia. Fare gli auguri vuol dire credere nel bene a tutti i costi. E se ci colpiscono l\u2019amarezza, lo scoraggiamento, la sfiducia, crediamo fermamente\u00a0 in tutte le persone che ancora operano il bene: nella loro umilt\u00e0 c\u2019\u00e8 il seme di un mondo nuovo. Accogliamo le persone che hanno custodito il cuore come quello di un bambino. Impariamo dalla meraviglia, coltiviamo lo stupore\u201d.<\/em><\/p>\n<p>Al termine della serata, tutti i presenti hanno condiviso una merenda insieme, gustando lo spirito di famiglia, nella gioia di appartenere al Carisma di Don Bosco e alla Famiglia Salesiana.<\/p>\n\r\n                <style type=\"text\/css\">\r\n                    \r\n                    #tdi_1  .td-doubleSlider-2 .td-item1 {\r\n                        background: url(https:\/\/www.cgfmanet.org\/wp-content\/uploads\/2022\/12\/Auguri-Natale-FS_VIDES-3-80x60.jpg) 0 0 no-repeat;\r\n                    }\r\n                    #tdi_1  .td-doubleSlider-2 .td-item2 {\r\n                        background: url(https:\/\/www.cgfmanet.org\/wp-content\/uploads\/2022\/12\/Auguri-Natale-FS_VIDES-1-80x60.jpg) 0 0 no-repeat;\r\n                    }\r\n                    #tdi_1  .td-doubleSlider-2 .td-item3 {\r\n                        background: url(https:\/\/www.cgfmanet.org\/wp-content\/uploads\/2022\/12\/Auguri-Natale-FS_VIDES-2-80x60.jpg) 0 0 no-repeat;\r\n                    }\r\n                    #tdi_1  .td-doubleSlider-2 .td-item4 {\r\n                        background: url(https:\/\/www.cgfmanet.org\/wp-content\/uploads\/2022\/12\/Auguri-Natale-FS_VIDES-4-80x60.jpg) 0 0 no-repeat;\r\n                    }\r\n                    #tdi_1  .td-doubleSlider-2 .td-item5 {\r\n                        background: url(https:\/\/www.cgfmanet.org\/wp-content\/uploads\/2022\/12\/Auguri-Natale-FS_VIDES-5-80x60.jpg) 0 0 no-repeat;\r\n                    }\r\n                    #tdi_1  .td-doubleSlider-2 .td-item6 {\r\n                        background: url(https:\/\/www.cgfmanet.org\/wp-content\/uploads\/2022\/12\/Auguri-Natale-FS_VIDES-6-80x60.jpg) 0 0 no-repeat;\r\n                    }\r\n                <\/style>\r\n\r\n                <div id=\"tdi_1\" class=\"td-gallery td-slide-on-2-columns\">\r\n                    <div class=\"post_td_gallery\">\r\n                        <div class=\"td-gallery-slide-top\">\r\n                           <div class=\"td-gallery-title\"><\/div>\r\n\r\n                            <div class=\"td-gallery-controls-wrapper\">\r\n                                <div class=\"td-gallery-slide-count\"><span class=\"td-gallery-slide-item-focus\">1<\/span> de 6<\/div>\r\n                                <div class=\"td-gallery-slide-prev-next-but\">\r\n                                    <i class = \"td-icon-left doubleSliderPrevButton\"><\/i>\r\n                                    <i class = \"td-icon-right doubleSliderNextButton\"><\/i>\r\n                                <\/div>\r\n                            <\/div>\r\n                        <\/div>\r\n\r\n                        <div class = \"td-doubleSlider-1 \">\r\n                            <div class = \"td-slider\">\r\n                                \r\n                    <div class = \"td-slide-item td-item1\">\r\n                        <figure class=\"td-slide-galery-figure td-slide-popup-gallery\">\r\n                            <a class=\"slide-gallery-image-link\" href=\"https:\/\/www.cgfmanet.org\/wp-content\/uploads\/2022\/12\/Auguri-Natale-FS_VIDES-3.jpg\" title=\"Auguri Natale FS_VIDES 3\"  data-caption=\"\"  data-description=\"\">\r\n                                <img decoding=\"async\" data-src=\"https:\/\/www.cgfmanet.org\/wp-content\/uploads\/2022\/12\/Auguri-Natale-FS_VIDES-3-630x420.jpg\" data-srcset=\"https:\/\/www.cgfmanet.org\/wp-content\/uploads\/2022\/12\/Auguri-Natale-FS_VIDES-3-630x420.jpg 630w, https:\/\/www.cgfmanet.org\/wp-content\/uploads\/2022\/12\/Auguri-Natale-FS_VIDES-3-768x512.jpg 768w, https:\/\/www.cgfmanet.org\/wp-content\/uploads\/2022\/12\/Auguri-Natale-FS_VIDES-3-696x464.jpg 696w, https:\/\/www.cgfmanet.org\/wp-content\/uploads\/2022\/12\/Auguri-Natale-FS_VIDES-3.jpg 1181w\" data-sizes=\"auto\" alt=\"\" src=\"data:image\/svg+xml;base64,PHN2ZyB3aWR0aD0iMSIgaGVpZ2h0PSIxIiB4bWxucz0iaHR0cDovL3d3dy53My5vcmcvMjAwMC9zdmciPjwvc3ZnPg==\" class=\"lazyload\" style=\"--smush-placeholder-width: 630px; --smush-placeholder-aspect-ratio: 630\/420;\" data-original-sizes=\"(max-width: 630px) 100vw, 630px\">\r\n                            <\/a>\r\n                            \r\n                        <\/figure>\r\n                    <\/div>\r\n                    <div class = \"td-slide-item td-item2\">\r\n                        <figure class=\"td-slide-galery-figure td-slide-popup-gallery\">\r\n                            <a class=\"slide-gallery-image-link\" href=\"https:\/\/www.cgfmanet.org\/wp-content\/uploads\/2022\/12\/Auguri-Natale-FS_VIDES-1.jpg\" title=\"Auguri Natale FS_VIDES 1\"  data-caption=\"\"  data-description=\"\">\r\n                                <img decoding=\"async\" data-src=\"https:\/\/www.cgfmanet.org\/wp-content\/uploads\/2022\/12\/Auguri-Natale-FS_VIDES-1-630x420.jpg\" data-srcset=\"https:\/\/www.cgfmanet.org\/wp-content\/uploads\/2022\/12\/Auguri-Natale-FS_VIDES-1-630x420.jpg 630w, https:\/\/www.cgfmanet.org\/wp-content\/uploads\/2022\/12\/Auguri-Natale-FS_VIDES-1-768x512.jpg 768w, https:\/\/www.cgfmanet.org\/wp-content\/uploads\/2022\/12\/Auguri-Natale-FS_VIDES-1-696x464.jpg 696w, https:\/\/www.cgfmanet.org\/wp-content\/uploads\/2022\/12\/Auguri-Natale-FS_VIDES-1.jpg 1181w\" data-sizes=\"auto\" alt=\"\" src=\"data:image\/svg+xml;base64,PHN2ZyB3aWR0aD0iMSIgaGVpZ2h0PSIxIiB4bWxucz0iaHR0cDovL3d3dy53My5vcmcvMjAwMC9zdmciPjwvc3ZnPg==\" class=\"lazyload\" style=\"--smush-placeholder-width: 630px; --smush-placeholder-aspect-ratio: 630\/420;\" data-original-sizes=\"(max-width: 630px) 100vw, 630px\">\r\n                            <\/a>\r\n                            \r\n                        <\/figure>\r\n                    <\/div>\r\n                    <div class = \"td-slide-item td-item3\">\r\n                        <figure class=\"td-slide-galery-figure td-slide-popup-gallery\">\r\n                            <a class=\"slide-gallery-image-link\" href=\"https:\/\/www.cgfmanet.org\/wp-content\/uploads\/2022\/12\/Auguri-Natale-FS_VIDES-2.jpg\" title=\"Auguri Natale FS_VIDES 2\"  data-caption=\"\"  data-description=\"\">\r\n                                <img decoding=\"async\" data-src=\"https:\/\/www.cgfmanet.org\/wp-content\/uploads\/2022\/12\/Auguri-Natale-FS_VIDES-2-630x420.jpg\" data-srcset=\"https:\/\/www.cgfmanet.org\/wp-content\/uploads\/2022\/12\/Auguri-Natale-FS_VIDES-2-630x420.jpg 630w, https:\/\/www.cgfmanet.org\/wp-content\/uploads\/2022\/12\/Auguri-Natale-FS_VIDES-2-768x512.jpg 768w, https:\/\/www.cgfmanet.org\/wp-content\/uploads\/2022\/12\/Auguri-Natale-FS_VIDES-2-696x464.jpg 696w, https:\/\/www.cgfmanet.org\/wp-content\/uploads\/2022\/12\/Auguri-Natale-FS_VIDES-2.jpg 1181w\" data-sizes=\"auto\" alt=\"\" src=\"data:image\/svg+xml;base64,PHN2ZyB3aWR0aD0iMSIgaGVpZ2h0PSIxIiB4bWxucz0iaHR0cDovL3d3dy53My5vcmcvMjAwMC9zdmciPjwvc3ZnPg==\" class=\"lazyload\" style=\"--smush-placeholder-width: 630px; --smush-placeholder-aspect-ratio: 630\/420;\" data-original-sizes=\"(max-width: 630px) 100vw, 630px\">\r\n                            <\/a>\r\n                            \r\n                        <\/figure>\r\n                    <\/div>\r\n                    <div class = \"td-slide-item td-item4\">\r\n                        <figure class=\"td-slide-galery-figure td-slide-popup-gallery\">\r\n                            <a class=\"slide-gallery-image-link\" href=\"https:\/\/www.cgfmanet.org\/wp-content\/uploads\/2022\/12\/Auguri-Natale-FS_VIDES-4.jpg\" title=\"Auguri Natale FS_VIDES 4\"  data-caption=\"\"  data-description=\"\">\r\n                                <img decoding=\"async\" data-src=\"https:\/\/www.cgfmanet.org\/wp-content\/uploads\/2022\/12\/Auguri-Natale-FS_VIDES-4-630x420.jpg\" data-srcset=\"https:\/\/www.cgfmanet.org\/wp-content\/uploads\/2022\/12\/Auguri-Natale-FS_VIDES-4-630x420.jpg 630w, https:\/\/www.cgfmanet.org\/wp-content\/uploads\/2022\/12\/Auguri-Natale-FS_VIDES-4-768x512.jpg 768w, https:\/\/www.cgfmanet.org\/wp-content\/uploads\/2022\/12\/Auguri-Natale-FS_VIDES-4-696x464.jpg 696w, https:\/\/www.cgfmanet.org\/wp-content\/uploads\/2022\/12\/Auguri-Natale-FS_VIDES-4.jpg 1181w\" data-sizes=\"auto\" alt=\"\" src=\"data:image\/svg+xml;base64,PHN2ZyB3aWR0aD0iMSIgaGVpZ2h0PSIxIiB4bWxucz0iaHR0cDovL3d3dy53My5vcmcvMjAwMC9zdmciPjwvc3ZnPg==\" class=\"lazyload\" style=\"--smush-placeholder-width: 630px; --smush-placeholder-aspect-ratio: 630\/420;\" data-original-sizes=\"(max-width: 630px) 100vw, 630px\">\r\n                            <\/a>\r\n                            \r\n                        <\/figure>\r\n                    <\/div>\r\n                    <div class = \"td-slide-item td-item5\">\r\n                        <figure class=\"td-slide-galery-figure td-slide-popup-gallery\">\r\n                            <a class=\"slide-gallery-image-link\" href=\"https:\/\/www.cgfmanet.org\/wp-content\/uploads\/2022\/12\/Auguri-Natale-FS_VIDES-5.jpg\" title=\"Auguri Natale FS_VIDES 5\"  data-caption=\"\"  data-description=\"\">\r\n                                <img decoding=\"async\" data-src=\"https:\/\/www.cgfmanet.org\/wp-content\/uploads\/2022\/12\/Auguri-Natale-FS_VIDES-5-630x420.jpg\" data-srcset=\"https:\/\/www.cgfmanet.org\/wp-content\/uploads\/2022\/12\/Auguri-Natale-FS_VIDES-5-630x420.jpg 630w, https:\/\/www.cgfmanet.org\/wp-content\/uploads\/2022\/12\/Auguri-Natale-FS_VIDES-5-768x512.jpg 768w, https:\/\/www.cgfmanet.org\/wp-content\/uploads\/2022\/12\/Auguri-Natale-FS_VIDES-5-696x464.jpg 696w, https:\/\/www.cgfmanet.org\/wp-content\/uploads\/2022\/12\/Auguri-Natale-FS_VIDES-5.jpg 1181w\" data-sizes=\"auto\" alt=\"\" src=\"data:image\/svg+xml;base64,PHN2ZyB3aWR0aD0iMSIgaGVpZ2h0PSIxIiB4bWxucz0iaHR0cDovL3d3dy53My5vcmcvMjAwMC9zdmciPjwvc3ZnPg==\" class=\"lazyload\" style=\"--smush-placeholder-width: 630px; --smush-placeholder-aspect-ratio: 630\/420;\" data-original-sizes=\"(max-width: 630px) 100vw, 630px\">\r\n                            <\/a>\r\n                            \r\n                        <\/figure>\r\n                    <\/div>\r\n                    <div class = \"td-slide-item td-item6\">\r\n                        <figure class=\"td-slide-galery-figure td-slide-popup-gallery\">\r\n                            <a class=\"slide-gallery-image-link\" href=\"https:\/\/www.cgfmanet.org\/wp-content\/uploads\/2022\/12\/Auguri-Natale-FS_VIDES-6.jpg\" title=\"Auguri Natale FS_VIDES 6\"  data-caption=\"\"  data-description=\"\">\r\n                                <img decoding=\"async\" data-src=\"https:\/\/www.cgfmanet.org\/wp-content\/uploads\/2022\/12\/Auguri-Natale-FS_VIDES-6-630x420.jpg\" data-srcset=\"https:\/\/www.cgfmanet.org\/wp-content\/uploads\/2022\/12\/Auguri-Natale-FS_VIDES-6-630x420.jpg 630w, https:\/\/www.cgfmanet.org\/wp-content\/uploads\/2022\/12\/Auguri-Natale-FS_VIDES-6-768x512.jpg 768w, https:\/\/www.cgfmanet.org\/wp-content\/uploads\/2022\/12\/Auguri-Natale-FS_VIDES-6-696x464.jpg 696w, https:\/\/www.cgfmanet.org\/wp-content\/uploads\/2022\/12\/Auguri-Natale-FS_VIDES-6.jpg 1181w\" data-sizes=\"auto\" alt=\"\" src=\"data:image\/svg+xml;base64,PHN2ZyB3aWR0aD0iMSIgaGVpZ2h0PSIxIiB4bWxucz0iaHR0cDovL3d3dy53My5vcmcvMjAwMC9zdmciPjwvc3ZnPg==\" class=\"lazyload\" style=\"--smush-placeholder-width: 630px; --smush-placeholder-aspect-ratio: 630\/420;\" data-original-sizes=\"(max-width: 630px) 100vw, 630px\">\r\n                            <\/a>\r\n                            \r\n                        <\/figure>\r\n                    <\/div>\r\n                            <\/div>\r\n                        <\/div>\r\n\r\n                        <div class = \"td-doubleSlider-2\">\r\n                            <div class = \"td-slider\">\r\n                                \r\n                    <div class = \"td-button td-item1\">\r\n                        <div class = \"td-border\"><\/div>\r\n                    <\/div>\r\n                    <div class = \"td-button td-item2\">\r\n                        <div class = \"td-border\"><\/div>\r\n                    <\/div>\r\n                    <div class = \"td-button td-item3\">\r\n                        <div class = \"td-border\"><\/div>\r\n                    <\/div>\r\n                    <div class = \"td-button td-item4\">\r\n                        <div class = \"td-border\"><\/div>\r\n                    <\/div>\r\n                    <div class = \"td-button td-item5\">\r\n                        <div class = \"td-border\"><\/div>\r\n                    <\/div>\r\n                    <div class = \"td-button td-item6\">\r\n                        <div class = \"td-border\"><\/div>\r\n                    <\/div>\r\n                            <\/div>\r\n                        <\/div>\r\n\r\n                    <\/div>\r\n\r\n                <\/div>\r\n                \n","protected":false},"excerpt":{"rendered":"<p>Roma (Italia).\u00a0Il 10 dicembre 2022, a Roma, presso la Casa Generalizia delle Figlie di Maria Ausiliatrice, i\/le Rappresentanti di Associazioni e Gruppi della Famiglia Salesiana, dell\u2019Associazione Mornese ONLUS e del [&hellip;]<\/p>\n","protected":false},"author":21,"featured_media":81720,"comment_status":"closed","ping_status":"closed","sticky":false,"template":"","format":"standard","meta":{"footnotes":""},"categories":[167,158],"tags":[371,1514,1775,1779,1837,1931,2141,2379],"class_list":["post-81745","post","type-post","status-publish","format-standard","has-post-thumbnail","category-carisma-salesiano-es","category-ifma-es","tag-madre-general","tag-vides-es","tag-cooperadores-salesianos","tag-familia-salesiana-es","tag-adma-es","tag-focus-es","tag-exallieve-i-fma-es","tag-madre-chiara-cazzuola-es"],"yoast_head":"<!-- This site is optimized with the Yoast SEO plugin v27.4 - https:\/\/yoast.com\/product\/yoast-seo-wordpress\/ -->\n<title>Auguri Natalizi a Madre Chiara \u2013 Famiglia Salesiana e VIDES &#8226; Istituto Figlie di Maria Ausiliatrice<\/title>\n<meta name=\"description\" content=\"Il 10 dicembre 2022, i\/le Rappresentanti di Associazioni e Gruppi della Famiglia Salesiana, dell\u2019Associazione Mornese Onlus e del VIDES, in presenza a Roma e online, hanno espresso gli auguri natalizi alla Madre Generale dell\u2019Istituto FMA.\" \/>\n<meta name=\"robots\" content=\"index, follow, max-snippet:-1, max-image-preview:large, max-video-preview:-1\" \/>\n<link rel=\"canonical\" href=\"https:\/\/www.cgfmanet.org\/es\/ifma-es\/auguri-natalizi-a-madre-chiara-famiglia-salesiana-e-vides\/\" \/>\n<meta property=\"og:locale\" content=\"es_ES\" \/>\n<meta property=\"og:type\" content=\"article\" \/>\n<meta property=\"og:title\" content=\"Auguri Natalizi a Madre Chiara \u2013 Famiglia Salesiana e VIDES &#8226; Istituto Figlie di Maria Ausiliatrice\" \/>\n<meta property=\"og:description\" content=\"Il 10 dicembre 2022, i\/le Rappresentanti di Associazioni e Gruppi della Famiglia Salesiana, dell\u2019Associazione Mornese Onlus e del VIDES, in presenza a Roma e online, hanno espresso gli auguri natalizi alla Madre Generale dell\u2019Istituto FMA.\" \/>\n<meta property=\"og:url\" content=\"https:\/\/www.cgfmanet.org\/es\/ifma-es\/auguri-natalizi-a-madre-chiara-famiglia-salesiana-e-vides\/\" \/>\n<meta property=\"og:site_name\" content=\"Istituto Figlie di Maria Ausiliatrice\" \/>\n<meta property=\"article:publisher\" content=\"https:\/\/www.facebook.com\/salesian.sisters.of.don.bosco\/\" \/>\n<meta property=\"article:published_time\" content=\"2022-12-13T18:10:22+00:00\" \/>\n<meta property=\"article:modified_time\" content=\"2022-12-14T20:24:57+00:00\" \/>\n<meta property=\"og:image\" content=\"https:\/\/www.cgfmanet.org\/wp-content\/uploads\/2022\/12\/Auguri-Natale-FS_VIDES.jpg\" \/>\n\t<meta property=\"og:image:width\" content=\"1181\" \/>\n\t<meta property=\"og:image:height\" content=\"787\" \/>\n\t<meta property=\"og:image:type\" content=\"image\/jpeg\" \/>\n<meta name=\"author\" content=\"Redazione\" \/>\n<meta name=\"twitter:card\" content=\"summary_large_image\" \/>\n<meta name=\"twitter:creator\" content=\"@Cgfmanet_Org\" \/>\n<meta name=\"twitter:site\" content=\"@Cgfmanet_Org\" \/>\n<meta name=\"twitter:label1\" content=\"Escrito por\" \/>\n\t<meta name=\"twitter:data1\" content=\"Redazione\" \/>\n\t<meta name=\"twitter:label2\" content=\"Tiempo de lectura\" \/>\n\t<meta name=\"twitter:data2\" content=\"4 minutos\" \/>\n<script type=\"application\/ld+json\" class=\"yoast-schema-graph\">{\"@context\":\"https:\\\/\\\/schema.org\",\"@graph\":[{\"@type\":\"Article\",\"@id\":\"https:\\\/\\\/www.cgfmanet.org\\\/es\\\/ifma-es\\\/auguri-natalizi-a-madre-chiara-famiglia-salesiana-e-vides\\\/#article\",\"isPartOf\":{\"@id\":\"https:\\\/\\\/www.cgfmanet.org\\\/es\\\/ifma-es\\\/auguri-natalizi-a-madre-chiara-famiglia-salesiana-e-vides\\\/\"},\"author\":{\"name\":\"Redazione\",\"@id\":\"https:\\\/\\\/www.cgfmanet.org\\\/es\\\/#\\\/schema\\\/person\\\/ce6473083f53ef0ef882cca23f0c8fb9\"},\"headline\":\"Auguri Natalizi a Madre Chiara \u2013 Famiglia Salesiana e VIDES\",\"datePublished\":\"2022-12-13T18:10:22+00:00\",\"dateModified\":\"2022-12-14T20:24:57+00:00\",\"mainEntityOfPage\":{\"@id\":\"https:\\\/\\\/www.cgfmanet.org\\\/es\\\/ifma-es\\\/auguri-natalizi-a-madre-chiara-famiglia-salesiana-e-vides\\\/\"},\"wordCount\":674,\"publisher\":{\"@id\":\"https:\\\/\\\/www.cgfmanet.org\\\/es\\\/#organization\"},\"image\":{\"@id\":\"https:\\\/\\\/www.cgfmanet.org\\\/es\\\/ifma-es\\\/auguri-natalizi-a-madre-chiara-famiglia-salesiana-e-vides\\\/#primaryimage\"},\"thumbnailUrl\":\"https:\\\/\\\/www.cgfmanet.org\\\/wp-content\\\/uploads\\\/2022\\\/12\\\/Auguri-Natale-FS_VIDES.jpg\",\"keywords\":[\"Madre General\",\"Vides\",\"Cooperadores Salesianos\",\"Familia Salesiana\",\"ADMA\",\"Focus\",\"Exallieve\\\/i FMA\",\"Madre Chiara Cazzuola\"],\"articleSection\":[\"Carisma Salesiano\",\"IFMA\"],\"inLanguage\":\"es\"},{\"@type\":\"WebPage\",\"@id\":\"https:\\\/\\\/www.cgfmanet.org\\\/es\\\/ifma-es\\\/auguri-natalizi-a-madre-chiara-famiglia-salesiana-e-vides\\\/\",\"url\":\"https:\\\/\\\/www.cgfmanet.org\\\/es\\\/ifma-es\\\/auguri-natalizi-a-madre-chiara-famiglia-salesiana-e-vides\\\/\",\"name\":\"Auguri Natalizi a Madre Chiara \u2013 Famiglia Salesiana e VIDES &#8226; Istituto Figlie di Maria Ausiliatrice\",\"isPartOf\":{\"@id\":\"https:\\\/\\\/www.cgfmanet.org\\\/es\\\/#website\"},\"primaryImageOfPage\":{\"@id\":\"https:\\\/\\\/www.cgfmanet.org\\\/es\\\/ifma-es\\\/auguri-natalizi-a-madre-chiara-famiglia-salesiana-e-vides\\\/#primaryimage\"},\"image\":{\"@id\":\"https:\\\/\\\/www.cgfmanet.org\\\/es\\\/ifma-es\\\/auguri-natalizi-a-madre-chiara-famiglia-salesiana-e-vides\\\/#primaryimage\"},\"thumbnailUrl\":\"https:\\\/\\\/www.cgfmanet.org\\\/wp-content\\\/uploads\\\/2022\\\/12\\\/Auguri-Natale-FS_VIDES.jpg\",\"datePublished\":\"2022-12-13T18:10:22+00:00\",\"dateModified\":\"2022-12-14T20:24:57+00:00\",\"description\":\"Il 10 dicembre 2022, i\\\/le Rappresentanti di Associazioni e Gruppi della Famiglia Salesiana, dell\u2019Associazione Mornese Onlus e del VIDES, in presenza a Roma e online, hanno espresso gli auguri natalizi alla Madre Generale dell\u2019Istituto FMA.\",\"breadcrumb\":{\"@id\":\"https:\\\/\\\/www.cgfmanet.org\\\/es\\\/ifma-es\\\/auguri-natalizi-a-madre-chiara-famiglia-salesiana-e-vides\\\/#breadcrumb\"},\"inLanguage\":\"es\",\"potentialAction\":[{\"@type\":\"ReadAction\",\"target\":[\"https:\\\/\\\/www.cgfmanet.org\\\/es\\\/ifma-es\\\/auguri-natalizi-a-madre-chiara-famiglia-salesiana-e-vides\\\/\"]}]},{\"@type\":\"ImageObject\",\"inLanguage\":\"es\",\"@id\":\"https:\\\/\\\/www.cgfmanet.org\\\/es\\\/ifma-es\\\/auguri-natalizi-a-madre-chiara-famiglia-salesiana-e-vides\\\/#primaryimage\",\"url\":\"https:\\\/\\\/www.cgfmanet.org\\\/wp-content\\\/uploads\\\/2022\\\/12\\\/Auguri-Natale-FS_VIDES.jpg\",\"contentUrl\":\"https:\\\/\\\/www.cgfmanet.org\\\/wp-content\\\/uploads\\\/2022\\\/12\\\/Auguri-Natale-FS_VIDES.jpg\",\"width\":1181,\"height\":787},{\"@type\":\"BreadcrumbList\",\"@id\":\"https:\\\/\\\/www.cgfmanet.org\\\/es\\\/ifma-es\\\/auguri-natalizi-a-madre-chiara-famiglia-salesiana-e-vides\\\/#breadcrumb\",\"itemListElement\":[{\"@type\":\"ListItem\",\"position\":1,\"name\":\"Home\",\"item\":\"https:\\\/\\\/www.cgfmanet.org\\\/es\\\/\"},{\"@type\":\"ListItem\",\"position\":2,\"name\":\"Auguri Natalizi a Madre Chiara \u2013 Famiglia Salesiana e VIDES\"}]},{\"@type\":\"WebSite\",\"@id\":\"https:\\\/\\\/www.cgfmanet.org\\\/es\\\/#website\",\"url\":\"https:\\\/\\\/www.cgfmanet.org\\\/es\\\/\",\"name\":\"Istituto Figlie di Maria Ausiliatrice\",\"description\":\"Salesiane di Don Bosco\",\"publisher\":{\"@id\":\"https:\\\/\\\/www.cgfmanet.org\\\/es\\\/#organization\"},\"potentialAction\":[{\"@type\":\"SearchAction\",\"target\":{\"@type\":\"EntryPoint\",\"urlTemplate\":\"https:\\\/\\\/www.cgfmanet.org\\\/es\\\/?s={search_term_string}\"},\"query-input\":{\"@type\":\"PropertyValueSpecification\",\"valueRequired\":true,\"valueName\":\"search_term_string\"}}],\"inLanguage\":\"es\"},{\"@type\":\"Organization\",\"@id\":\"https:\\\/\\\/www.cgfmanet.org\\\/es\\\/#organization\",\"name\":\"Istituto Figlie di Maria Ausiliatrice\",\"url\":\"https:\\\/\\\/www.cgfmanet.org\\\/es\\\/\",\"logo\":{\"@type\":\"ImageObject\",\"inLanguage\":\"es\",\"@id\":\"https:\\\/\\\/www.cgfmanet.org\\\/es\\\/#\\\/schema\\\/logo\\\/image\\\/\",\"url\":\"https:\\\/\\\/www.cgfmanet.org\\\/wp-content\\\/uploads\\\/2018\\\/10\\\/logo-fma.png\",\"contentUrl\":\"https:\\\/\\\/www.cgfmanet.org\\\/wp-content\\\/uploads\\\/2018\\\/10\\\/logo-fma.png\",\"width\":214,\"height\":55,\"caption\":\"Istituto Figlie di Maria Ausiliatrice\"},\"image\":{\"@id\":\"https:\\\/\\\/www.cgfmanet.org\\\/es\\\/#\\\/schema\\\/logo\\\/image\\\/\"},\"sameAs\":[\"https:\\\/\\\/www.facebook.com\\\/salesian.sisters.of.don.bosco\\\/\",\"https:\\\/\\\/x.com\\\/Cgfmanet_Org\",\"https:\\\/\\\/www.youtube.com\\\/channel\\\/UCmcr8yFQBV7JXeXVxyV9y5Q\"]},{\"@type\":\"Person\",\"@id\":\"https:\\\/\\\/www.cgfmanet.org\\\/es\\\/#\\\/schema\\\/person\\\/ce6473083f53ef0ef882cca23f0c8fb9\",\"name\":\"Redazione\"}]}<\/script>\n<!-- \/ Yoast SEO plugin. -->","yoast_head_json":{"title":"Auguri Natalizi a Madre Chiara \u2013 Famiglia Salesiana e VIDES &#8226; Istituto Figlie di Maria Ausiliatrice","description":"Il 10 dicembre 2022, i\/le Rappresentanti di Associazioni e Gruppi della Famiglia Salesiana, dell\u2019Associazione Mornese Onlus e del VIDES, in presenza a Roma e online, hanno espresso gli auguri natalizi alla Madre Generale dell\u2019Istituto FMA.","robots":{"index":"index","follow":"follow","max-snippet":"max-snippet:-1","max-image-preview":"max-image-preview:large","max-video-preview":"max-video-preview:-1"},"canonical":"https:\/\/www.cgfmanet.org\/es\/ifma-es\/auguri-natalizi-a-madre-chiara-famiglia-salesiana-e-vides\/","og_locale":"es_ES","og_type":"article","og_title":"Auguri Natalizi a Madre Chiara \u2013 Famiglia Salesiana e VIDES &#8226; Istituto Figlie di Maria Ausiliatrice","og_description":"Il 10 dicembre 2022, i\/le Rappresentanti di Associazioni e Gruppi della Famiglia Salesiana, dell\u2019Associazione Mornese Onlus e del VIDES, in presenza a Roma e online, hanno espresso gli auguri natalizi alla Madre Generale dell\u2019Istituto FMA.","og_url":"https:\/\/www.cgfmanet.org\/es\/ifma-es\/auguri-natalizi-a-madre-chiara-famiglia-salesiana-e-vides\/","og_site_name":"Istituto Figlie di Maria Ausiliatrice","article_publisher":"https:\/\/www.facebook.com\/salesian.sisters.of.don.bosco\/","article_published_time":"2022-12-13T18:10:22+00:00","article_modified_time":"2022-12-14T20:24:57+00:00","og_image":[{"width":1181,"height":787,"url":"https:\/\/www.cgfmanet.org\/wp-content\/uploads\/2022\/12\/Auguri-Natale-FS_VIDES.jpg","type":"image\/jpeg"}],"author":"Redazione","twitter_card":"summary_large_image","twitter_creator":"@Cgfmanet_Org","twitter_site":"@Cgfmanet_Org","twitter_misc":{"Escrito por":"Redazione","Tiempo de lectura":"4 minutos"},"schema":{"@context":"https:\/\/schema.org","@graph":[{"@type":"Article","@id":"https:\/\/www.cgfmanet.org\/es\/ifma-es\/auguri-natalizi-a-madre-chiara-famiglia-salesiana-e-vides\/#article","isPartOf":{"@id":"https:\/\/www.cgfmanet.org\/es\/ifma-es\/auguri-natalizi-a-madre-chiara-famiglia-salesiana-e-vides\/"},"author":{"name":"Redazione","@id":"https:\/\/www.cgfmanet.org\/es\/#\/schema\/person\/ce6473083f53ef0ef882cca23f0c8fb9"},"headline":"Auguri Natalizi a Madre Chiara \u2013 Famiglia Salesiana e VIDES","datePublished":"2022-12-13T18:10:22+00:00","dateModified":"2022-12-14T20:24:57+00:00","mainEntityOfPage":{"@id":"https:\/\/www.cgfmanet.org\/es\/ifma-es\/auguri-natalizi-a-madre-chiara-famiglia-salesiana-e-vides\/"},"wordCount":674,"publisher":{"@id":"https:\/\/www.cgfmanet.org\/es\/#organization"},"image":{"@id":"https:\/\/www.cgfmanet.org\/es\/ifma-es\/auguri-natalizi-a-madre-chiara-famiglia-salesiana-e-vides\/#primaryimage"},"thumbnailUrl":"https:\/\/www.cgfmanet.org\/wp-content\/uploads\/2022\/12\/Auguri-Natale-FS_VIDES.jpg","keywords":["Madre General","Vides","Cooperadores Salesianos","Familia Salesiana","ADMA","Focus","Exallieve\/i FMA","Madre Chiara Cazzuola"],"articleSection":["Carisma Salesiano","IFMA"],"inLanguage":"es"},{"@type":"WebPage","@id":"https:\/\/www.cgfmanet.org\/es\/ifma-es\/auguri-natalizi-a-madre-chiara-famiglia-salesiana-e-vides\/","url":"https:\/\/www.cgfmanet.org\/es\/ifma-es\/auguri-natalizi-a-madre-chiara-famiglia-salesiana-e-vides\/","name":"Auguri Natalizi a Madre Chiara \u2013 Famiglia Salesiana e VIDES &#8226; Istituto Figlie di Maria Ausiliatrice","isPartOf":{"@id":"https:\/\/www.cgfmanet.org\/es\/#website"},"primaryImageOfPage":{"@id":"https:\/\/www.cgfmanet.org\/es\/ifma-es\/auguri-natalizi-a-madre-chiara-famiglia-salesiana-e-vides\/#primaryimage"},"image":{"@id":"https:\/\/www.cgfmanet.org\/es\/ifma-es\/auguri-natalizi-a-madre-chiara-famiglia-salesiana-e-vides\/#primaryimage"},"thumbnailUrl":"https:\/\/www.cgfmanet.org\/wp-content\/uploads\/2022\/12\/Auguri-Natale-FS_VIDES.jpg","datePublished":"2022-12-13T18:10:22+00:00","dateModified":"2022-12-14T20:24:57+00:00","description":"Il 10 dicembre 2022, i\/le Rappresentanti di Associazioni e Gruppi della Famiglia Salesiana, dell\u2019Associazione Mornese Onlus e del VIDES, in presenza a Roma e online, hanno espresso gli auguri natalizi alla Madre Generale dell\u2019Istituto FMA.","breadcrumb":{"@id":"https:\/\/www.cgfmanet.org\/es\/ifma-es\/auguri-natalizi-a-madre-chiara-famiglia-salesiana-e-vides\/#breadcrumb"},"inLanguage":"es","potentialAction":[{"@type":"ReadAction","target":["https:\/\/www.cgfmanet.org\/es\/ifma-es\/auguri-natalizi-a-madre-chiara-famiglia-salesiana-e-vides\/"]}]},{"@type":"ImageObject","inLanguage":"es","@id":"https:\/\/www.cgfmanet.org\/es\/ifma-es\/auguri-natalizi-a-madre-chiara-famiglia-salesiana-e-vides\/#primaryimage","url":"https:\/\/www.cgfmanet.org\/wp-content\/uploads\/2022\/12\/Auguri-Natale-FS_VIDES.jpg","contentUrl":"https:\/\/www.cgfmanet.org\/wp-content\/uploads\/2022\/12\/Auguri-Natale-FS_VIDES.jpg","width":1181,"height":787},{"@type":"BreadcrumbList","@id":"https:\/\/www.cgfmanet.org\/es\/ifma-es\/auguri-natalizi-a-madre-chiara-famiglia-salesiana-e-vides\/#breadcrumb","itemListElement":[{"@type":"ListItem","position":1,"name":"Home","item":"https:\/\/www.cgfmanet.org\/es\/"},{"@type":"ListItem","position":2,"name":"Auguri Natalizi a Madre Chiara \u2013 Famiglia Salesiana e VIDES"}]},{"@type":"WebSite","@id":"https:\/\/www.cgfmanet.org\/es\/#website","url":"https:\/\/www.cgfmanet.org\/es\/","name":"Istituto Figlie di Maria Ausiliatrice","description":"Salesiane di Don Bosco","publisher":{"@id":"https:\/\/www.cgfmanet.org\/es\/#organization"},"potentialAction":[{"@type":"SearchAction","target":{"@type":"EntryPoint","urlTemplate":"https:\/\/www.cgfmanet.org\/es\/?s={search_term_string}"},"query-input":{"@type":"PropertyValueSpecification","valueRequired":true,"valueName":"search_term_string"}}],"inLanguage":"es"},{"@type":"Organization","@id":"https:\/\/www.cgfmanet.org\/es\/#organization","name":"Istituto Figlie di Maria Ausiliatrice","url":"https:\/\/www.cgfmanet.org\/es\/","logo":{"@type":"ImageObject","inLanguage":"es","@id":"https:\/\/www.cgfmanet.org\/es\/#\/schema\/logo\/image\/","url":"https:\/\/www.cgfmanet.org\/wp-content\/uploads\/2018\/10\/logo-fma.png","contentUrl":"https:\/\/www.cgfmanet.org\/wp-content\/uploads\/2018\/10\/logo-fma.png","width":214,"height":55,"caption":"Istituto Figlie di Maria Ausiliatrice"},"image":{"@id":"https:\/\/www.cgfmanet.org\/es\/#\/schema\/logo\/image\/"},"sameAs":["https:\/\/www.facebook.com\/salesian.sisters.of.don.bosco\/","https:\/\/x.com\/Cgfmanet_Org","https:\/\/www.youtube.com\/channel\/UCmcr8yFQBV7JXeXVxyV9y5Q"]},{"@type":"Person","@id":"https:\/\/www.cgfmanet.org\/es\/#\/schema\/person\/ce6473083f53ef0ef882cca23f0c8fb9","name":"Redazione"}]}},"_links":{"self":[{"href":"https:\/\/www.cgfmanet.org\/es\/wp-json\/wp\/v2\/posts\/81745","targetHints":{"allow":["GET"]}}],"collection":[{"href":"https:\/\/www.cgfmanet.org\/es\/wp-json\/wp\/v2\/posts"}],"about":[{"href":"https:\/\/www.cgfmanet.org\/es\/wp-json\/wp\/v2\/types\/post"}],"author":[{"embeddable":true,"href":"https:\/\/www.cgfmanet.org\/es\/wp-json\/wp\/v2\/users\/21"}],"replies":[{"embeddable":true,"href":"https:\/\/www.cgfmanet.org\/es\/wp-json\/wp\/v2\/comments?post=81745"}],"version-history":[{"count":0,"href":"https:\/\/www.cgfmanet.org\/es\/wp-json\/wp\/v2\/posts\/81745\/revisions"}],"wp:featuredmedia":[{"embeddable":true,"href":"https:\/\/www.cgfmanet.org\/es\/wp-json\/wp\/v2\/media\/81720"}],"wp:attachment":[{"href":"https:\/\/www.cgfmanet.org\/es\/wp-json\/wp\/v2\/media?parent=81745"}],"wp:term":[{"taxonomy":"category","embeddable":true,"href":"https:\/\/www.cgfmanet.org\/es\/wp-json\/wp\/v2\/categories?post=81745"},{"taxonomy":"post_tag","embeddable":true,"href":"https:\/\/www.cgfmanet.org\/es\/wp-json\/wp\/v2\/tags?post=81745"}],"curies":[{"name":"wp","href":"https:\/\/api.w.org\/{rel}","templated":true}]}}