{"id":81358,"date":"2022-12-06T10:02:06","date_gmt":"2022-12-06T09:02:06","guid":{"rendered":"https:\/\/www.cgfmanet.org\/infoesfera\/21-congresso-mondiale-oiec\/"},"modified":"2022-12-09T13:04:47","modified_gmt":"2022-12-09T12:04:47","slug":"21-congreso-mundial-oiec","status":"publish","type":"post","link":"https:\/\/www.cgfmanet.org\/es\/ifma-es\/21-congreso-mundial-oiec\/","title":{"rendered":"21\u00b0 Congreso Mundial OIEC"},"content":{"rendered":"<p><strong>Marsella (Francia).\u00a0<\/strong>Del 30 de noviembre al 3 de diciembre de 2022 se llev\u00f3 a cabo, en Marsella, en Francia, el 21\u00b0 Congreso Mundial de la Oficina Internacional de la Educaci\u00f3n Cat\u00f3lica (<strong><span style=\"color: #0000ff;\"><a style=\"color: #0000ff;\" href=\"https:\/\/it.congresdeloiec2022.com\/\" target=\"_blank\" rel=\"noopener\">OIEC<\/a><\/span><\/strong>), nacido en 1952. Cada tres o cuatro a\u00f1os la OIEC organiza un encuentro de los responsables de la educaci\u00f3n cat\u00f3lica de todo el mundo. El tema elegido para celebrar el 70\u00ba aniversario de la OIEC es:\u00a0<strong>\u00abLa escuela cat\u00f3lica como un cuerpo de esperanza para cambiar el mundo.\u00a0Construyendo juntos la aldea educativa\u00bb.<\/strong><\/p>\n<p>En el Congreso estaban presentes 450 participantes provenientes de m\u00e1s de 55 Pa\u00edses, entre los cuales cinco Hijas de Mar\u00eda Auxiliadora \u2013 sor Ivone Goulart Lopes y sor Sarah Garcia, colaboradoras del \u00c1mbito para la Pastoral Juvenil, sor Martha S\u00e9\u00efde, sor Ana Julia Suriel, sor Teuta Buka \u2013 varios Salesianos de Don Bosco, entre ellos el Cardenal Crist\u00f3bal L\u00f3pez Romero, Arzobispo de Rabat, Marruecos, y Mons. Alberto Lorenzelli, Obispo Auxiliar de Santiago de Chile, y otros miembros de la Familia Salesiana.<\/p>\n<p><a href=\"https:\/\/www.cgfmanet.org\/wp-content\/uploads\/2022\/12\/Congresso-OIEC_1.jpg\"><img decoding=\"async\" class=\"aligncenter wp-image-81349 size-full lazyload\" data-src=\"https:\/\/www.cgfmanet.org\/wp-content\/uploads\/2022\/12\/Congresso-OIEC_1.jpg\" alt=\"\" width=\"1181\" height=\"788\" data-srcset=\"https:\/\/www.cgfmanet.org\/wp-content\/uploads\/2022\/12\/Congresso-OIEC_1.jpg 1181w, https:\/\/www.cgfmanet.org\/wp-content\/uploads\/2022\/12\/Congresso-OIEC_1-768x512.jpg 768w, https:\/\/www.cgfmanet.org\/wp-content\/uploads\/2022\/12\/Congresso-OIEC_1-696x464.jpg 696w, https:\/\/www.cgfmanet.org\/wp-content\/uploads\/2022\/12\/Congresso-OIEC_1-629x420.jpg 629w\" data-sizes=\"auto\" src=\"data:image\/svg+xml;base64,PHN2ZyB3aWR0aD0iMSIgaGVpZ2h0PSIxIiB4bWxucz0iaHR0cDovL3d3dy53My5vcmcvMjAwMC9zdmciPjwvc3ZnPg==\" style=\"--smush-placeholder-width: 1181px; --smush-placeholder-aspect-ratio: 1181\/788;\" data-original-sizes=\"(max-width: 1181px) 100vw, 1181px\" \/><\/a><\/p>\n<p>En los d\u00edas precedentes al Congreso fueron elegidos el nuevo Secretario General, Herv\u00e9 Leconte (Francia), El Presidente, Jawad Alamat (Oriente Medio), el Vicepresidente, Oscar A. P\u00e9rez Sayago (Colombia). Sor Martha S\u00e9\u00efde y sor Ana Julia Suriel forman parte del Consejo OIEC.<\/p>\n<p>El Papa Francisco, en la <strong><span style=\"color: #0000ff;\"><a style=\"color: #0000ff;\" href=\"https:\/\/press.vatican.va\/content\/salastampa\/it\/bollettino\/pubblico\/2022\/12\/01\/0894\/01878.html\" target=\"_blank\" rel=\"noopener\">Carta <\/a><\/span><\/strong>enviada al Secretario General de la OIEC y a los participantes del Congreso, subray\u00f3 la raz\u00f3n de ser de la Escuela Cat\u00f3lica:<\/p>\n<p><em>\u201cPara la sociedad, la educaci\u00f3n es ciertamente un deber imprescindible, y en muchos casos un desaf\u00edo apremiante. Para los cristianos, es tambi\u00e9n un modo de participar en el papel prof\u00e9tico que Jes\u00fas dej\u00f3 a su Iglesia. [&#8230;] La ense\u00f1anza de la escuela cat\u00f3lica no est\u00e1 limitada a cuestiones confesionales y los contenidos est\u00e1n abiertos a todas las ramas del conocimiento y a toda persona que busque esta educaci\u00f3n.<\/em><\/p>\n<p><em>Cada uno de nosotros y nuestras actividades est\u00e1n en comuni\u00f3n con Dios que nos env\u00eda, con la Iglesia universal y local. [\u2026]Vivimos en una familia, en una sociedad, somos corresponsables, trabajamos juntos por el bien com\u00fan, a pesar de nuestras diferencias.[&#8230;]<\/em><\/p>\n<p><em>La escuela cat\u00f3lica, en sus iniciativas debe hacerse cargo de los problemas sociales, a nivel local y universal, debe aprender y, en este aprendizaje, ense\u00f1ar a abrir la mente a nuevas situaciones y a nuevos conceptos, caminar juntos sin excluir a nadie, establecer puntos de convergencia y de encuentro y adaptar el lenguaje de modo que pueda captar la atenci\u00f3n de quienes son m\u00e1s lejanos. Todo esto es un trabajo de artesan\u00eda que no podemos hacer sin la ayuda de Dios y sin el apoyo de todos\u201d.<\/em><\/p>\n<p>Con un <span style=\"color: #0000ff;\"><strong><a style=\"color: #0000ff;\" href=\"https:\/\/it.congresdeloiec2022.com\/d%C3%A9tails-de-l-%C3%A9v%C3%A9nement\" target=\"_blank\" rel=\"noopener\">Programa <\/a><\/strong><\/span>vasto y articulado, con intervenciones, mesas redondas, momentos interconfesionales, workshop, la Conferencia OIEC se propon\u00eda como\u00a0<strong>objetivos<\/strong>: encontrarse en la alegr\u00eda y en la esperanza, testimoniando la fraternidad universal; construir juntos la aldea educativa, en el compromiso del pacto educativo global; desarrollar la solidaridad entre las diversas regiones del mundo; apoyar a las Escuelas en el compromiso del Pacto Educativo Global y asumir un papel concreto en la Agenda 2030; intercambiarse experiencias educativas realizadas a nivel mundial, regional o nacional; introducir en la red las escuelas cat\u00f3licas con las otras escuelas en todo el mundo.<\/p>\n<p>Entre las intervenciones,\u00a0<strong>sor Martha S\u00e9\u00efde, FMA<\/strong>, Profesora en la Pontificia Facultad de Ciencias de la Educaci\u00f3n \u201cAuxilium\u201d de Roma, present\u00f3 el tema:\u00a0<em>\u00ab\u00bfQu\u00e9 innovaciones educativas para las escuelas cat\u00f3licas en la era del Pacto Educativo Global?\u00bb.<\/em><\/p>\n<p>Para las Escuelas cat\u00f3licas el evento fue, por lo tanto, una gran oportunidad para el intercambio internacional para construir juntos la aldea de la educaci\u00f3n, adhiri\u00e9ndose al Pacto Educativo Global lanzado por el Papa Francisco. Adem\u00e1s fue la ocasi\u00f3n de investigar juntos, en un clima de fraternidad y sinodalidad, nuevos caminos educativos, tambi\u00e9n a nivel interconfesional, para contribuir a hacer un mundo m\u00e1s humano.<\/p>\n","protected":false},"excerpt":{"rendered":"<p>Marsella (Francia).\u00a0Del 30 de noviembre al 3 de diciembre de 2022 se llev\u00f3 a cabo, en Marsella, en Francia, el 21\u00b0 Congreso Mundial de la Oficina Internacional de la Educaci\u00f3n [&hellip;]<\/p>\n","protected":false},"author":21,"featured_media":81348,"comment_status":"closed","ping_status":"closed","sticky":false,"template":"","format":"standard","meta":{"footnotes":""},"categories":[158,179],"tags":[1135,1454,1779,1931,2283],"class_list":["post-81358","post","type-post","status-publish","format-standard","has-post-thumbnail","category-ifma-es","category-educacion","tag-educacion","tag-escuela","tag-familia-salesiana-es","tag-focus-es","tag-ifma-es"],"yoast_head":"<!-- This site is optimized with the Yoast SEO plugin v27.4 - https:\/\/yoast.com\/product\/yoast-seo-wordpress\/ -->\n<title>21\u00b0 Congreso Mundial OIEC &#8226; Istituto Figlie di Maria Ausiliatrice<\/title>\n<meta name=\"description\" content=\"Del 30 de noviembre al 3 de diciembre de 2022 se llev\u00f3 a cabo en Marsella, Francia, el 21\u00ba Congreso Mundial de la Oficina Internacional para la Educaci\u00f3n Cat\u00f3lica (OIEC).\" \/>\n<meta name=\"robots\" content=\"index, follow, max-snippet:-1, max-image-preview:large, max-video-preview:-1\" \/>\n<link rel=\"canonical\" href=\"https:\/\/www.cgfmanet.org\/es\/ifma-es\/21-congreso-mundial-oiec\/\" \/>\n<meta property=\"og:locale\" content=\"es_ES\" \/>\n<meta property=\"og:type\" content=\"article\" \/>\n<meta property=\"og:title\" content=\"21\u00b0 Congreso Mundial OIEC &#8226; Istituto Figlie di Maria Ausiliatrice\" \/>\n<meta property=\"og:description\" content=\"Del 30 de noviembre al 3 de diciembre de 2022 se llev\u00f3 a cabo en Marsella, Francia, el 21\u00ba Congreso Mundial de la Oficina Internacional para la Educaci\u00f3n Cat\u00f3lica (OIEC).\" \/>\n<meta property=\"og:url\" content=\"https:\/\/www.cgfmanet.org\/es\/ifma-es\/21-congreso-mundial-oiec\/\" \/>\n<meta property=\"og:site_name\" content=\"Istituto Figlie di Maria Ausiliatrice\" \/>\n<meta property=\"article:publisher\" content=\"https:\/\/www.facebook.com\/salesian.sisters.of.don.bosco\/\" \/>\n<meta property=\"article:published_time\" content=\"2022-12-06T09:02:06+00:00\" \/>\n<meta property=\"article:modified_time\" content=\"2022-12-09T12:04:47+00:00\" \/>\n<meta property=\"og:image\" content=\"https:\/\/www.cgfmanet.org\/wp-content\/uploads\/2022\/12\/Congresso-OIEC.jpg\" \/>\n\t<meta property=\"og:image:width\" content=\"1181\" \/>\n\t<meta property=\"og:image:height\" content=\"787\" \/>\n\t<meta property=\"og:image:type\" content=\"image\/jpeg\" \/>\n<meta name=\"author\" content=\"Redazione\" \/>\n<meta name=\"twitter:card\" content=\"summary_large_image\" \/>\n<meta name=\"twitter:creator\" content=\"@Cgfmanet_Org\" \/>\n<meta name=\"twitter:site\" content=\"@Cgfmanet_Org\" \/>\n<meta name=\"twitter:label1\" content=\"Escrito por\" \/>\n\t<meta name=\"twitter:data1\" content=\"Redazione\" \/>\n\t<meta name=\"twitter:label2\" content=\"Tiempo de lectura\" \/>\n\t<meta name=\"twitter:data2\" content=\"4 minutos\" \/>\n<script type=\"application\/ld+json\" class=\"yoast-schema-graph\">{\"@context\":\"https:\\\/\\\/schema.org\",\"@graph\":[{\"@type\":\"Article\",\"@id\":\"https:\\\/\\\/www.cgfmanet.org\\\/es\\\/ifma-es\\\/21-congreso-mundial-oiec\\\/#article\",\"isPartOf\":{\"@id\":\"https:\\\/\\\/www.cgfmanet.org\\\/es\\\/ifma-es\\\/21-congreso-mundial-oiec\\\/\"},\"author\":{\"name\":\"Redazione\",\"@id\":\"https:\\\/\\\/www.cgfmanet.org\\\/es\\\/#\\\/schema\\\/person\\\/ce6473083f53ef0ef882cca23f0c8fb9\"},\"headline\":\"21\u00b0 Congreso Mundial OIEC\",\"datePublished\":\"2022-12-06T09:02:06+00:00\",\"dateModified\":\"2022-12-09T12:04:47+00:00\",\"mainEntityOfPage\":{\"@id\":\"https:\\\/\\\/www.cgfmanet.org\\\/es\\\/ifma-es\\\/21-congreso-mundial-oiec\\\/\"},\"wordCount\":670,\"publisher\":{\"@id\":\"https:\\\/\\\/www.cgfmanet.org\\\/es\\\/#organization\"},\"image\":{\"@id\":\"https:\\\/\\\/www.cgfmanet.org\\\/es\\\/ifma-es\\\/21-congreso-mundial-oiec\\\/#primaryimage\"},\"thumbnailUrl\":\"https:\\\/\\\/www.cgfmanet.org\\\/wp-content\\\/uploads\\\/2022\\\/12\\\/Congresso-OIEC.jpg\",\"keywords\":[\"Educaci\u00f3n\",\"Escuela\",\"Familia Salesiana\",\"Focus\",\"IFMA\"],\"articleSection\":[\"IFMA\",\"Educaci\u00f3n\"],\"inLanguage\":\"es\"},{\"@type\":\"WebPage\",\"@id\":\"https:\\\/\\\/www.cgfmanet.org\\\/es\\\/ifma-es\\\/21-congreso-mundial-oiec\\\/\",\"url\":\"https:\\\/\\\/www.cgfmanet.org\\\/es\\\/ifma-es\\\/21-congreso-mundial-oiec\\\/\",\"name\":\"21\u00b0 Congreso Mundial OIEC &#8226; Istituto Figlie di Maria Ausiliatrice\",\"isPartOf\":{\"@id\":\"https:\\\/\\\/www.cgfmanet.org\\\/es\\\/#website\"},\"primaryImageOfPage\":{\"@id\":\"https:\\\/\\\/www.cgfmanet.org\\\/es\\\/ifma-es\\\/21-congreso-mundial-oiec\\\/#primaryimage\"},\"image\":{\"@id\":\"https:\\\/\\\/www.cgfmanet.org\\\/es\\\/ifma-es\\\/21-congreso-mundial-oiec\\\/#primaryimage\"},\"thumbnailUrl\":\"https:\\\/\\\/www.cgfmanet.org\\\/wp-content\\\/uploads\\\/2022\\\/12\\\/Congresso-OIEC.jpg\",\"datePublished\":\"2022-12-06T09:02:06+00:00\",\"dateModified\":\"2022-12-09T12:04:47+00:00\",\"description\":\"Del 30 de noviembre al 3 de diciembre de 2022 se llev\u00f3 a cabo en Marsella, Francia, el 21\u00ba Congreso Mundial de la Oficina Internacional para la Educaci\u00f3n Cat\u00f3lica (OIEC).\",\"breadcrumb\":{\"@id\":\"https:\\\/\\\/www.cgfmanet.org\\\/es\\\/ifma-es\\\/21-congreso-mundial-oiec\\\/#breadcrumb\"},\"inLanguage\":\"es\",\"potentialAction\":[{\"@type\":\"ReadAction\",\"target\":[\"https:\\\/\\\/www.cgfmanet.org\\\/es\\\/ifma-es\\\/21-congreso-mundial-oiec\\\/\"]}]},{\"@type\":\"ImageObject\",\"inLanguage\":\"es\",\"@id\":\"https:\\\/\\\/www.cgfmanet.org\\\/es\\\/ifma-es\\\/21-congreso-mundial-oiec\\\/#primaryimage\",\"url\":\"https:\\\/\\\/www.cgfmanet.org\\\/wp-content\\\/uploads\\\/2022\\\/12\\\/Congresso-OIEC.jpg\",\"contentUrl\":\"https:\\\/\\\/www.cgfmanet.org\\\/wp-content\\\/uploads\\\/2022\\\/12\\\/Congresso-OIEC.jpg\",\"width\":1181,\"height\":787},{\"@type\":\"BreadcrumbList\",\"@id\":\"https:\\\/\\\/www.cgfmanet.org\\\/es\\\/ifma-es\\\/21-congreso-mundial-oiec\\\/#breadcrumb\",\"itemListElement\":[{\"@type\":\"ListItem\",\"position\":1,\"name\":\"Home\",\"item\":\"https:\\\/\\\/www.cgfmanet.org\\\/es\\\/\"},{\"@type\":\"ListItem\",\"position\":2,\"name\":\"21\u00b0 Congreso Mundial OIEC\"}]},{\"@type\":\"WebSite\",\"@id\":\"https:\\\/\\\/www.cgfmanet.org\\\/es\\\/#website\",\"url\":\"https:\\\/\\\/www.cgfmanet.org\\\/es\\\/\",\"name\":\"Istituto Figlie di Maria Ausiliatrice\",\"description\":\"Salesiane di Don Bosco\",\"publisher\":{\"@id\":\"https:\\\/\\\/www.cgfmanet.org\\\/es\\\/#organization\"},\"potentialAction\":[{\"@type\":\"SearchAction\",\"target\":{\"@type\":\"EntryPoint\",\"urlTemplate\":\"https:\\\/\\\/www.cgfmanet.org\\\/es\\\/?s={search_term_string}\"},\"query-input\":{\"@type\":\"PropertyValueSpecification\",\"valueRequired\":true,\"valueName\":\"search_term_string\"}}],\"inLanguage\":\"es\"},{\"@type\":\"Organization\",\"@id\":\"https:\\\/\\\/www.cgfmanet.org\\\/es\\\/#organization\",\"name\":\"Istituto Figlie di Maria Ausiliatrice\",\"url\":\"https:\\\/\\\/www.cgfmanet.org\\\/es\\\/\",\"logo\":{\"@type\":\"ImageObject\",\"inLanguage\":\"es\",\"@id\":\"https:\\\/\\\/www.cgfmanet.org\\\/es\\\/#\\\/schema\\\/logo\\\/image\\\/\",\"url\":\"https:\\\/\\\/www.cgfmanet.org\\\/wp-content\\\/uploads\\\/2018\\\/10\\\/logo-fma.png\",\"contentUrl\":\"https:\\\/\\\/www.cgfmanet.org\\\/wp-content\\\/uploads\\\/2018\\\/10\\\/logo-fma.png\",\"width\":214,\"height\":55,\"caption\":\"Istituto Figlie di Maria Ausiliatrice\"},\"image\":{\"@id\":\"https:\\\/\\\/www.cgfmanet.org\\\/es\\\/#\\\/schema\\\/logo\\\/image\\\/\"},\"sameAs\":[\"https:\\\/\\\/www.facebook.com\\\/salesian.sisters.of.don.bosco\\\/\",\"https:\\\/\\\/x.com\\\/Cgfmanet_Org\",\"https:\\\/\\\/www.youtube.com\\\/channel\\\/UCmcr8yFQBV7JXeXVxyV9y5Q\"]},{\"@type\":\"Person\",\"@id\":\"https:\\\/\\\/www.cgfmanet.org\\\/es\\\/#\\\/schema\\\/person\\\/ce6473083f53ef0ef882cca23f0c8fb9\",\"name\":\"Redazione\"}]}<\/script>\n<!-- \/ Yoast SEO plugin. -->","yoast_head_json":{"title":"21\u00b0 Congreso Mundial OIEC &#8226; Istituto Figlie di Maria Ausiliatrice","description":"Del 30 de noviembre al 3 de diciembre de 2022 se llev\u00f3 a cabo en Marsella, Francia, el 21\u00ba Congreso Mundial de la Oficina Internacional para la Educaci\u00f3n Cat\u00f3lica (OIEC).","robots":{"index":"index","follow":"follow","max-snippet":"max-snippet:-1","max-image-preview":"max-image-preview:large","max-video-preview":"max-video-preview:-1"},"canonical":"https:\/\/www.cgfmanet.org\/es\/ifma-es\/21-congreso-mundial-oiec\/","og_locale":"es_ES","og_type":"article","og_title":"21\u00b0 Congreso Mundial OIEC &#8226; Istituto Figlie di Maria Ausiliatrice","og_description":"Del 30 de noviembre al 3 de diciembre de 2022 se llev\u00f3 a cabo en Marsella, Francia, el 21\u00ba Congreso Mundial de la Oficina Internacional para la Educaci\u00f3n Cat\u00f3lica (OIEC).","og_url":"https:\/\/www.cgfmanet.org\/es\/ifma-es\/21-congreso-mundial-oiec\/","og_site_name":"Istituto Figlie di Maria Ausiliatrice","article_publisher":"https:\/\/www.facebook.com\/salesian.sisters.of.don.bosco\/","article_published_time":"2022-12-06T09:02:06+00:00","article_modified_time":"2022-12-09T12:04:47+00:00","og_image":[{"width":1181,"height":787,"url":"https:\/\/www.cgfmanet.org\/wp-content\/uploads\/2022\/12\/Congresso-OIEC.jpg","type":"image\/jpeg"}],"author":"Redazione","twitter_card":"summary_large_image","twitter_creator":"@Cgfmanet_Org","twitter_site":"@Cgfmanet_Org","twitter_misc":{"Escrito por":"Redazione","Tiempo de lectura":"4 minutos"},"schema":{"@context":"https:\/\/schema.org","@graph":[{"@type":"Article","@id":"https:\/\/www.cgfmanet.org\/es\/ifma-es\/21-congreso-mundial-oiec\/#article","isPartOf":{"@id":"https:\/\/www.cgfmanet.org\/es\/ifma-es\/21-congreso-mundial-oiec\/"},"author":{"name":"Redazione","@id":"https:\/\/www.cgfmanet.org\/es\/#\/schema\/person\/ce6473083f53ef0ef882cca23f0c8fb9"},"headline":"21\u00b0 Congreso Mundial OIEC","datePublished":"2022-12-06T09:02:06+00:00","dateModified":"2022-12-09T12:04:47+00:00","mainEntityOfPage":{"@id":"https:\/\/www.cgfmanet.org\/es\/ifma-es\/21-congreso-mundial-oiec\/"},"wordCount":670,"publisher":{"@id":"https:\/\/www.cgfmanet.org\/es\/#organization"},"image":{"@id":"https:\/\/www.cgfmanet.org\/es\/ifma-es\/21-congreso-mundial-oiec\/#primaryimage"},"thumbnailUrl":"https:\/\/www.cgfmanet.org\/wp-content\/uploads\/2022\/12\/Congresso-OIEC.jpg","keywords":["Educaci\u00f3n","Escuela","Familia Salesiana","Focus","IFMA"],"articleSection":["IFMA","Educaci\u00f3n"],"inLanguage":"es"},{"@type":"WebPage","@id":"https:\/\/www.cgfmanet.org\/es\/ifma-es\/21-congreso-mundial-oiec\/","url":"https:\/\/www.cgfmanet.org\/es\/ifma-es\/21-congreso-mundial-oiec\/","name":"21\u00b0 Congreso Mundial OIEC &#8226; Istituto Figlie di Maria Ausiliatrice","isPartOf":{"@id":"https:\/\/www.cgfmanet.org\/es\/#website"},"primaryImageOfPage":{"@id":"https:\/\/www.cgfmanet.org\/es\/ifma-es\/21-congreso-mundial-oiec\/#primaryimage"},"image":{"@id":"https:\/\/www.cgfmanet.org\/es\/ifma-es\/21-congreso-mundial-oiec\/#primaryimage"},"thumbnailUrl":"https:\/\/www.cgfmanet.org\/wp-content\/uploads\/2022\/12\/Congresso-OIEC.jpg","datePublished":"2022-12-06T09:02:06+00:00","dateModified":"2022-12-09T12:04:47+00:00","description":"Del 30 de noviembre al 3 de diciembre de 2022 se llev\u00f3 a cabo en Marsella, Francia, el 21\u00ba Congreso Mundial de la Oficina Internacional para la Educaci\u00f3n Cat\u00f3lica (OIEC).","breadcrumb":{"@id":"https:\/\/www.cgfmanet.org\/es\/ifma-es\/21-congreso-mundial-oiec\/#breadcrumb"},"inLanguage":"es","potentialAction":[{"@type":"ReadAction","target":["https:\/\/www.cgfmanet.org\/es\/ifma-es\/21-congreso-mundial-oiec\/"]}]},{"@type":"ImageObject","inLanguage":"es","@id":"https:\/\/www.cgfmanet.org\/es\/ifma-es\/21-congreso-mundial-oiec\/#primaryimage","url":"https:\/\/www.cgfmanet.org\/wp-content\/uploads\/2022\/12\/Congresso-OIEC.jpg","contentUrl":"https:\/\/www.cgfmanet.org\/wp-content\/uploads\/2022\/12\/Congresso-OIEC.jpg","width":1181,"height":787},{"@type":"BreadcrumbList","@id":"https:\/\/www.cgfmanet.org\/es\/ifma-es\/21-congreso-mundial-oiec\/#breadcrumb","itemListElement":[{"@type":"ListItem","position":1,"name":"Home","item":"https:\/\/www.cgfmanet.org\/es\/"},{"@type":"ListItem","position":2,"name":"21\u00b0 Congreso Mundial OIEC"}]},{"@type":"WebSite","@id":"https:\/\/www.cgfmanet.org\/es\/#website","url":"https:\/\/www.cgfmanet.org\/es\/","name":"Istituto Figlie di Maria Ausiliatrice","description":"Salesiane di Don Bosco","publisher":{"@id":"https:\/\/www.cgfmanet.org\/es\/#organization"},"potentialAction":[{"@type":"SearchAction","target":{"@type":"EntryPoint","urlTemplate":"https:\/\/www.cgfmanet.org\/es\/?s={search_term_string}"},"query-input":{"@type":"PropertyValueSpecification","valueRequired":true,"valueName":"search_term_string"}}],"inLanguage":"es"},{"@type":"Organization","@id":"https:\/\/www.cgfmanet.org\/es\/#organization","name":"Istituto Figlie di Maria Ausiliatrice","url":"https:\/\/www.cgfmanet.org\/es\/","logo":{"@type":"ImageObject","inLanguage":"es","@id":"https:\/\/www.cgfmanet.org\/es\/#\/schema\/logo\/image\/","url":"https:\/\/www.cgfmanet.org\/wp-content\/uploads\/2018\/10\/logo-fma.png","contentUrl":"https:\/\/www.cgfmanet.org\/wp-content\/uploads\/2018\/10\/logo-fma.png","width":214,"height":55,"caption":"Istituto Figlie di Maria Ausiliatrice"},"image":{"@id":"https:\/\/www.cgfmanet.org\/es\/#\/schema\/logo\/image\/"},"sameAs":["https:\/\/www.facebook.com\/salesian.sisters.of.don.bosco\/","https:\/\/x.com\/Cgfmanet_Org","https:\/\/www.youtube.com\/channel\/UCmcr8yFQBV7JXeXVxyV9y5Q"]},{"@type":"Person","@id":"https:\/\/www.cgfmanet.org\/es\/#\/schema\/person\/ce6473083f53ef0ef882cca23f0c8fb9","name":"Redazione"}]}},"_links":{"self":[{"href":"https:\/\/www.cgfmanet.org\/es\/wp-json\/wp\/v2\/posts\/81358","targetHints":{"allow":["GET"]}}],"collection":[{"href":"https:\/\/www.cgfmanet.org\/es\/wp-json\/wp\/v2\/posts"}],"about":[{"href":"https:\/\/www.cgfmanet.org\/es\/wp-json\/wp\/v2\/types\/post"}],"author":[{"embeddable":true,"href":"https:\/\/www.cgfmanet.org\/es\/wp-json\/wp\/v2\/users\/21"}],"replies":[{"embeddable":true,"href":"https:\/\/www.cgfmanet.org\/es\/wp-json\/wp\/v2\/comments?post=81358"}],"version-history":[{"count":0,"href":"https:\/\/www.cgfmanet.org\/es\/wp-json\/wp\/v2\/posts\/81358\/revisions"}],"wp:featuredmedia":[{"embeddable":true,"href":"https:\/\/www.cgfmanet.org\/es\/wp-json\/wp\/v2\/media\/81348"}],"wp:attachment":[{"href":"https:\/\/www.cgfmanet.org\/es\/wp-json\/wp\/v2\/media?parent=81358"}],"wp:term":[{"taxonomy":"category","embeddable":true,"href":"https:\/\/www.cgfmanet.org\/es\/wp-json\/wp\/v2\/categories?post=81358"},{"taxonomy":"post_tag","embeddable":true,"href":"https:\/\/www.cgfmanet.org\/es\/wp-json\/wp\/v2\/tags?post=81358"}],"curies":[{"name":"wp","href":"https:\/\/api.w.org\/{rel}","templated":true}]}}