{"id":80457,"date":"2022-11-27T13:54:21","date_gmt":"2022-11-27T12:54:21","guid":{"rendered":"https:\/\/www.cgfmanet.org\/infoesfera\/3-congresso-adma-timor-est\/"},"modified":"2022-11-28T22:36:13","modified_gmt":"2022-11-28T21:36:13","slug":"3r-congreso-adma-timor-este","status":"publish","type":"post","link":"https:\/\/www.cgfmanet.org\/es\/ifma-es\/3r-congreso-adma-timor-este\/","title":{"rendered":"3r Congreso ADMA &#8211; Timor Este"},"content":{"rendered":"<p><strong>Timor Este.<\/strong>\u00a0Del 18 al 20 de noviembre de 2022 se llev\u00f3 a cabo en Fatumaca, en el Santuario de\u00a0Mar\u00eda Auxiliadora, el 3r Congreso ADMA sobre el tema: \u201cComo\u00a0Mar\u00eda caminamos con Jes\u00fas\u201d. En el Congreso estaban presentes 335 miembros de ADMA, entre los cuales 102 nuevos candidatos que hicieron la Promesa durante la S. Misa de clausura.<\/p>\n<p>El Congreso se inici\u00f3 el 18 de noviembre con la acogida de los participantes, que llegaron a Fatumaca junto con sus animadores espirituales, sacerdotes y FMA. Sigui\u00f3 el saludo del Delegado nacional de \u00a0\u00a0ADMA, que los anim\u00f3 a renovar su compromiso con mayor conciencia de la propia pertenencia a la Asociaci\u00f3n.<\/p>\n<p>Despu\u00e9s de un mensaje de saludo en video, traducido al tetum, por parte de sor Lucrecia Uribe, Hija de\u00a0Mar\u00eda Auxiliadora, Delegada mundial de \u00a0\u00a0ADMA, sor Esmeralda Soares, FMA, present\u00f3 el Aguinaldo 2023 del Rector Mayor de los Salesianos de Don Bosco, \u201cCOMO LEVADURA EN LA FAMILIA HUMANA DE HOY. La dimensi\u00f3n laical de la Familia de Don Bosco\u201d. Sor Esmeralda record\u00f3 que cada uno\/a recibe una llamada que, como una semilla, debe traer fruto, de modo que nos completemos mutuamente como una \u00fanica familia.<\/p>\n<p>En el segundo d\u00eda, don Apolinario Maria Neto, SDB, present\u00f3 la Carta de identidad de la Familia Salesiana, exhortando a cultivar el deseo de formar parte de esta familia con tres compromisos: Unidad, Participaci\u00f3n, Sentido de Pertenencia, cuyo fundamento es el amor de Dios y el amor por el pr\u00f3jimo.<\/p>\n<p>El Inspector de la Inspector\u00eda de Timor Este, don Anacleto Pires, SDB, present\u00f3 la identidad y la misi\u00f3n de ADMA, a partir de dos preguntas &#8211; \u00bfQu\u00e9 es la asociaci\u00f3n ADMA? \u00bfQu\u00e9 significa participar en la misma?-, profundizando los temas referentes a: la Familia salesiana; el laicado en la Iglesia; la propuesta de itinerarios formativos; la santificaci\u00f3n y el apostolado salesiano; caminar con\u00a0Mar\u00eda para defenderse; formarse y testimoniar la propia fe cat\u00f3lica; la espiritualidad ADMA y el compromiso de mantener viva la devoci\u00f3n a\u00a0Mar\u00eda ayuda de los cristianos y el amor a la Eucarist\u00eda.<\/p>\n<p>El Congreso concluy\u00f3 con la Celebraci\u00f3n Eucar\u00edstica presidida por don Anacleto Pires, junto a tres concelebrantes, don Andre Callejas, SDB, don Manuel Ximenes, Delegado nacional ADMA y don Isa\u00edas, animador espiritual de ADMA Fatumaca. Despu\u00e9s de la homil\u00eda, los nuevos consejeros nacionales \u2013 el Presidente, Sr. Joao Bito, la Vicepresidenta, Sra. Maria Lourdes de Sousa Ximenes, el tesorero y el secretario \u2013 confirmaron el propio compromiso, renovando la promesa delante del altar, y recibieron la bendici\u00f3n de los celebrantes.<\/p>\n<p><strong>102 nuevos miembros de ADMA, hicieron despu\u00e9s su promesa, recibiendo cada uno\/a la medalla y el reglamento de ADMA.<\/strong><\/p>\n<p>Despu\u00e9s de la bendici\u00f3n final, la Inspectora de la Inspector\u00eda\u00a0<em>S. Maria D.<\/em>\u00a0<em>Mazzarello<\/em>\u00a0(TIN), sor Alma Castagna, salud\u00f3 a los participantes y les \u00a0\u00a0augur\u00f3 que fueran miembros comprometidos y aut\u00e9nticos de ADMA, asumiendo este estilo de vida de familia, en los lugares de trabajo, en la Iglesia, por medio de buenas relaciones con todos y viviendo con coherencia los propios compromisos, el amor a la Eucarist\u00eda y la espiritualidad mariana, uniendo vida y apostolado.<\/p>\n","protected":false},"excerpt":{"rendered":"<p>Timor Este.\u00a0Del 18 al 20 de noviembre de 2022 se llev\u00f3 a cabo en Fatumaca, en el Santuario de\u00a0Mar\u00eda Auxiliadora, el 3r Congreso ADMA sobre el tema: \u201cComo\u00a0Mar\u00eda caminamos con [&hellip;]<\/p>\n","protected":false},"author":21,"featured_media":80452,"comment_status":"closed","ping_status":"closed","sticky":false,"template":"","format":"standard","meta":{"footnotes":""},"categories":[167,158],"tags":[1492,1779,1837,1931,2384],"class_list":["post-80457","post","type-post","status-publish","format-standard","has-post-thumbnail","category-carisma-salesiano-es","category-ifma-es","tag-tin-es","tag-familia-salesiana-es","tag-adma-es","tag-focus-es","tag-maria-es"],"yoast_head":"<!-- This site is optimized with the Yoast SEO plugin v27.4 - https:\/\/yoast.com\/product\/yoast-seo-wordpress\/ -->\n<title>3r Congreso ADMA - Timor Este &#8226; Istituto Figlie di Maria Ausiliatrice<\/title>\n<meta name=\"description\" content=\"Del 18 al 20 de noviembre de 2022 se llev\u00f3 a cabo en Timor Este el 3r Congreso ADMA sobre el tema: \u201cComo Mar\u00eda caminamos con Jes\u00fas\u201d.\" \/>\n<meta name=\"robots\" content=\"index, follow, max-snippet:-1, max-image-preview:large, max-video-preview:-1\" \/>\n<link rel=\"canonical\" href=\"https:\/\/www.cgfmanet.org\/es\/ifma-es\/3r-congreso-adma-timor-este\/\" \/>\n<meta property=\"og:locale\" content=\"es_ES\" \/>\n<meta property=\"og:type\" content=\"article\" \/>\n<meta property=\"og:title\" content=\"3r Congreso ADMA - Timor Este &#8226; Istituto Figlie di Maria Ausiliatrice\" \/>\n<meta property=\"og:description\" content=\"Del 18 al 20 de noviembre de 2022 se llev\u00f3 a cabo en Timor Este el 3r Congreso ADMA sobre el tema: \u201cComo Mar\u00eda caminamos con Jes\u00fas\u201d.\" \/>\n<meta property=\"og:url\" content=\"https:\/\/www.cgfmanet.org\/es\/ifma-es\/3r-congreso-adma-timor-este\/\" \/>\n<meta property=\"og:site_name\" content=\"Istituto Figlie di Maria Ausiliatrice\" \/>\n<meta property=\"article:publisher\" content=\"https:\/\/www.facebook.com\/salesian.sisters.of.don.bosco\/\" \/>\n<meta property=\"article:published_time\" content=\"2022-11-27T12:54:21+00:00\" \/>\n<meta property=\"article:modified_time\" content=\"2022-11-28T21:36:13+00:00\" \/>\n<meta property=\"og:image\" content=\"https:\/\/www.cgfmanet.org\/wp-content\/uploads\/2022\/11\/ADMA-Timor.jpg\" \/>\n\t<meta property=\"og:image:width\" content=\"1200\" \/>\n\t<meta property=\"og:image:height\" content=\"800\" \/>\n\t<meta property=\"og:image:type\" content=\"image\/jpeg\" \/>\n<meta name=\"author\" content=\"Redazione\" \/>\n<meta name=\"twitter:card\" content=\"summary_large_image\" \/>\n<meta name=\"twitter:creator\" content=\"@Cgfmanet_Org\" \/>\n<meta name=\"twitter:site\" content=\"@Cgfmanet_Org\" \/>\n<meta name=\"twitter:label1\" content=\"Escrito por\" \/>\n\t<meta name=\"twitter:data1\" content=\"Redazione\" \/>\n\t<meta name=\"twitter:label2\" content=\"Tiempo de lectura\" \/>\n\t<meta name=\"twitter:data2\" content=\"3 minutos\" \/>\n<script type=\"application\/ld+json\" class=\"yoast-schema-graph\">{\"@context\":\"https:\\\/\\\/schema.org\",\"@graph\":[{\"@type\":\"Article\",\"@id\":\"https:\\\/\\\/www.cgfmanet.org\\\/es\\\/ifma-es\\\/3r-congreso-adma-timor-este\\\/#article\",\"isPartOf\":{\"@id\":\"https:\\\/\\\/www.cgfmanet.org\\\/es\\\/ifma-es\\\/3r-congreso-adma-timor-este\\\/\"},\"author\":{\"name\":\"Redazione\",\"@id\":\"https:\\\/\\\/www.cgfmanet.org\\\/es\\\/#\\\/schema\\\/person\\\/ce6473083f53ef0ef882cca23f0c8fb9\"},\"headline\":\"3r Congreso ADMA &#8211; Timor Este\",\"datePublished\":\"2022-11-27T12:54:21+00:00\",\"dateModified\":\"2022-11-28T21:36:13+00:00\",\"mainEntityOfPage\":{\"@id\":\"https:\\\/\\\/www.cgfmanet.org\\\/es\\\/ifma-es\\\/3r-congreso-adma-timor-este\\\/\"},\"wordCount\":544,\"publisher\":{\"@id\":\"https:\\\/\\\/www.cgfmanet.org\\\/es\\\/#organization\"},\"image\":{\"@id\":\"https:\\\/\\\/www.cgfmanet.org\\\/es\\\/ifma-es\\\/3r-congreso-adma-timor-este\\\/#primaryimage\"},\"thumbnailUrl\":\"https:\\\/\\\/www.cgfmanet.org\\\/wp-content\\\/uploads\\\/2022\\\/11\\\/ADMA-Timor.jpg\",\"keywords\":[\"TIN\",\"Familia Salesiana\",\"ADMA\",\"Focus\",\"Maria\"],\"articleSection\":[\"Carisma Salesiano\",\"IFMA\"],\"inLanguage\":\"es\"},{\"@type\":\"WebPage\",\"@id\":\"https:\\\/\\\/www.cgfmanet.org\\\/es\\\/ifma-es\\\/3r-congreso-adma-timor-este\\\/\",\"url\":\"https:\\\/\\\/www.cgfmanet.org\\\/es\\\/ifma-es\\\/3r-congreso-adma-timor-este\\\/\",\"name\":\"3r Congreso ADMA - Timor Este &#8226; Istituto Figlie di Maria Ausiliatrice\",\"isPartOf\":{\"@id\":\"https:\\\/\\\/www.cgfmanet.org\\\/es\\\/#website\"},\"primaryImageOfPage\":{\"@id\":\"https:\\\/\\\/www.cgfmanet.org\\\/es\\\/ifma-es\\\/3r-congreso-adma-timor-este\\\/#primaryimage\"},\"image\":{\"@id\":\"https:\\\/\\\/www.cgfmanet.org\\\/es\\\/ifma-es\\\/3r-congreso-adma-timor-este\\\/#primaryimage\"},\"thumbnailUrl\":\"https:\\\/\\\/www.cgfmanet.org\\\/wp-content\\\/uploads\\\/2022\\\/11\\\/ADMA-Timor.jpg\",\"datePublished\":\"2022-11-27T12:54:21+00:00\",\"dateModified\":\"2022-11-28T21:36:13+00:00\",\"description\":\"Del 18 al 20 de noviembre de 2022 se llev\u00f3 a cabo en Timor Este el 3r Congreso ADMA sobre el tema: \u201cComo Mar\u00eda caminamos con Jes\u00fas\u201d.\",\"breadcrumb\":{\"@id\":\"https:\\\/\\\/www.cgfmanet.org\\\/es\\\/ifma-es\\\/3r-congreso-adma-timor-este\\\/#breadcrumb\"},\"inLanguage\":\"es\",\"potentialAction\":[{\"@type\":\"ReadAction\",\"target\":[\"https:\\\/\\\/www.cgfmanet.org\\\/es\\\/ifma-es\\\/3r-congreso-adma-timor-este\\\/\"]}]},{\"@type\":\"ImageObject\",\"inLanguage\":\"es\",\"@id\":\"https:\\\/\\\/www.cgfmanet.org\\\/es\\\/ifma-es\\\/3r-congreso-adma-timor-este\\\/#primaryimage\",\"url\":\"https:\\\/\\\/www.cgfmanet.org\\\/wp-content\\\/uploads\\\/2022\\\/11\\\/ADMA-Timor.jpg\",\"contentUrl\":\"https:\\\/\\\/www.cgfmanet.org\\\/wp-content\\\/uploads\\\/2022\\\/11\\\/ADMA-Timor.jpg\",\"width\":1200,\"height\":800},{\"@type\":\"BreadcrumbList\",\"@id\":\"https:\\\/\\\/www.cgfmanet.org\\\/es\\\/ifma-es\\\/3r-congreso-adma-timor-este\\\/#breadcrumb\",\"itemListElement\":[{\"@type\":\"ListItem\",\"position\":1,\"name\":\"Home\",\"item\":\"https:\\\/\\\/www.cgfmanet.org\\\/es\\\/\"},{\"@type\":\"ListItem\",\"position\":2,\"name\":\"3r Congreso ADMA &#8211; Timor Este\"}]},{\"@type\":\"WebSite\",\"@id\":\"https:\\\/\\\/www.cgfmanet.org\\\/es\\\/#website\",\"url\":\"https:\\\/\\\/www.cgfmanet.org\\\/es\\\/\",\"name\":\"Istituto Figlie di Maria Ausiliatrice\",\"description\":\"Salesiane di Don Bosco\",\"publisher\":{\"@id\":\"https:\\\/\\\/www.cgfmanet.org\\\/es\\\/#organization\"},\"potentialAction\":[{\"@type\":\"SearchAction\",\"target\":{\"@type\":\"EntryPoint\",\"urlTemplate\":\"https:\\\/\\\/www.cgfmanet.org\\\/es\\\/?s={search_term_string}\"},\"query-input\":{\"@type\":\"PropertyValueSpecification\",\"valueRequired\":true,\"valueName\":\"search_term_string\"}}],\"inLanguage\":\"es\"},{\"@type\":\"Organization\",\"@id\":\"https:\\\/\\\/www.cgfmanet.org\\\/es\\\/#organization\",\"name\":\"Istituto Figlie di Maria Ausiliatrice\",\"url\":\"https:\\\/\\\/www.cgfmanet.org\\\/es\\\/\",\"logo\":{\"@type\":\"ImageObject\",\"inLanguage\":\"es\",\"@id\":\"https:\\\/\\\/www.cgfmanet.org\\\/es\\\/#\\\/schema\\\/logo\\\/image\\\/\",\"url\":\"https:\\\/\\\/www.cgfmanet.org\\\/wp-content\\\/uploads\\\/2018\\\/10\\\/logo-fma.png\",\"contentUrl\":\"https:\\\/\\\/www.cgfmanet.org\\\/wp-content\\\/uploads\\\/2018\\\/10\\\/logo-fma.png\",\"width\":214,\"height\":55,\"caption\":\"Istituto Figlie di Maria Ausiliatrice\"},\"image\":{\"@id\":\"https:\\\/\\\/www.cgfmanet.org\\\/es\\\/#\\\/schema\\\/logo\\\/image\\\/\"},\"sameAs\":[\"https:\\\/\\\/www.facebook.com\\\/salesian.sisters.of.don.bosco\\\/\",\"https:\\\/\\\/x.com\\\/Cgfmanet_Org\",\"https:\\\/\\\/www.youtube.com\\\/channel\\\/UCmcr8yFQBV7JXeXVxyV9y5Q\"]},{\"@type\":\"Person\",\"@id\":\"https:\\\/\\\/www.cgfmanet.org\\\/es\\\/#\\\/schema\\\/person\\\/ce6473083f53ef0ef882cca23f0c8fb9\",\"name\":\"Redazione\"}]}<\/script>\n<!-- \/ Yoast SEO plugin. -->","yoast_head_json":{"title":"3r Congreso ADMA - Timor Este &#8226; Istituto Figlie di Maria Ausiliatrice","description":"Del 18 al 20 de noviembre de 2022 se llev\u00f3 a cabo en Timor Este el 3r Congreso ADMA sobre el tema: \u201cComo Mar\u00eda caminamos con Jes\u00fas\u201d.","robots":{"index":"index","follow":"follow","max-snippet":"max-snippet:-1","max-image-preview":"max-image-preview:large","max-video-preview":"max-video-preview:-1"},"canonical":"https:\/\/www.cgfmanet.org\/es\/ifma-es\/3r-congreso-adma-timor-este\/","og_locale":"es_ES","og_type":"article","og_title":"3r Congreso ADMA - Timor Este &#8226; Istituto Figlie di Maria Ausiliatrice","og_description":"Del 18 al 20 de noviembre de 2022 se llev\u00f3 a cabo en Timor Este el 3r Congreso ADMA sobre el tema: \u201cComo Mar\u00eda caminamos con Jes\u00fas\u201d.","og_url":"https:\/\/www.cgfmanet.org\/es\/ifma-es\/3r-congreso-adma-timor-este\/","og_site_name":"Istituto Figlie di Maria Ausiliatrice","article_publisher":"https:\/\/www.facebook.com\/salesian.sisters.of.don.bosco\/","article_published_time":"2022-11-27T12:54:21+00:00","article_modified_time":"2022-11-28T21:36:13+00:00","og_image":[{"width":1200,"height":800,"url":"https:\/\/www.cgfmanet.org\/wp-content\/uploads\/2022\/11\/ADMA-Timor.jpg","type":"image\/jpeg"}],"author":"Redazione","twitter_card":"summary_large_image","twitter_creator":"@Cgfmanet_Org","twitter_site":"@Cgfmanet_Org","twitter_misc":{"Escrito por":"Redazione","Tiempo de lectura":"3 minutos"},"schema":{"@context":"https:\/\/schema.org","@graph":[{"@type":"Article","@id":"https:\/\/www.cgfmanet.org\/es\/ifma-es\/3r-congreso-adma-timor-este\/#article","isPartOf":{"@id":"https:\/\/www.cgfmanet.org\/es\/ifma-es\/3r-congreso-adma-timor-este\/"},"author":{"name":"Redazione","@id":"https:\/\/www.cgfmanet.org\/es\/#\/schema\/person\/ce6473083f53ef0ef882cca23f0c8fb9"},"headline":"3r Congreso ADMA &#8211; Timor Este","datePublished":"2022-11-27T12:54:21+00:00","dateModified":"2022-11-28T21:36:13+00:00","mainEntityOfPage":{"@id":"https:\/\/www.cgfmanet.org\/es\/ifma-es\/3r-congreso-adma-timor-este\/"},"wordCount":544,"publisher":{"@id":"https:\/\/www.cgfmanet.org\/es\/#organization"},"image":{"@id":"https:\/\/www.cgfmanet.org\/es\/ifma-es\/3r-congreso-adma-timor-este\/#primaryimage"},"thumbnailUrl":"https:\/\/www.cgfmanet.org\/wp-content\/uploads\/2022\/11\/ADMA-Timor.jpg","keywords":["TIN","Familia Salesiana","ADMA","Focus","Maria"],"articleSection":["Carisma Salesiano","IFMA"],"inLanguage":"es"},{"@type":"WebPage","@id":"https:\/\/www.cgfmanet.org\/es\/ifma-es\/3r-congreso-adma-timor-este\/","url":"https:\/\/www.cgfmanet.org\/es\/ifma-es\/3r-congreso-adma-timor-este\/","name":"3r Congreso ADMA - Timor Este &#8226; Istituto Figlie di Maria Ausiliatrice","isPartOf":{"@id":"https:\/\/www.cgfmanet.org\/es\/#website"},"primaryImageOfPage":{"@id":"https:\/\/www.cgfmanet.org\/es\/ifma-es\/3r-congreso-adma-timor-este\/#primaryimage"},"image":{"@id":"https:\/\/www.cgfmanet.org\/es\/ifma-es\/3r-congreso-adma-timor-este\/#primaryimage"},"thumbnailUrl":"https:\/\/www.cgfmanet.org\/wp-content\/uploads\/2022\/11\/ADMA-Timor.jpg","datePublished":"2022-11-27T12:54:21+00:00","dateModified":"2022-11-28T21:36:13+00:00","description":"Del 18 al 20 de noviembre de 2022 se llev\u00f3 a cabo en Timor Este el 3r Congreso ADMA sobre el tema: \u201cComo Mar\u00eda caminamos con Jes\u00fas\u201d.","breadcrumb":{"@id":"https:\/\/www.cgfmanet.org\/es\/ifma-es\/3r-congreso-adma-timor-este\/#breadcrumb"},"inLanguage":"es","potentialAction":[{"@type":"ReadAction","target":["https:\/\/www.cgfmanet.org\/es\/ifma-es\/3r-congreso-adma-timor-este\/"]}]},{"@type":"ImageObject","inLanguage":"es","@id":"https:\/\/www.cgfmanet.org\/es\/ifma-es\/3r-congreso-adma-timor-este\/#primaryimage","url":"https:\/\/www.cgfmanet.org\/wp-content\/uploads\/2022\/11\/ADMA-Timor.jpg","contentUrl":"https:\/\/www.cgfmanet.org\/wp-content\/uploads\/2022\/11\/ADMA-Timor.jpg","width":1200,"height":800},{"@type":"BreadcrumbList","@id":"https:\/\/www.cgfmanet.org\/es\/ifma-es\/3r-congreso-adma-timor-este\/#breadcrumb","itemListElement":[{"@type":"ListItem","position":1,"name":"Home","item":"https:\/\/www.cgfmanet.org\/es\/"},{"@type":"ListItem","position":2,"name":"3r Congreso ADMA &#8211; Timor Este"}]},{"@type":"WebSite","@id":"https:\/\/www.cgfmanet.org\/es\/#website","url":"https:\/\/www.cgfmanet.org\/es\/","name":"Istituto Figlie di Maria Ausiliatrice","description":"Salesiane di Don Bosco","publisher":{"@id":"https:\/\/www.cgfmanet.org\/es\/#organization"},"potentialAction":[{"@type":"SearchAction","target":{"@type":"EntryPoint","urlTemplate":"https:\/\/www.cgfmanet.org\/es\/?s={search_term_string}"},"query-input":{"@type":"PropertyValueSpecification","valueRequired":true,"valueName":"search_term_string"}}],"inLanguage":"es"},{"@type":"Organization","@id":"https:\/\/www.cgfmanet.org\/es\/#organization","name":"Istituto Figlie di Maria Ausiliatrice","url":"https:\/\/www.cgfmanet.org\/es\/","logo":{"@type":"ImageObject","inLanguage":"es","@id":"https:\/\/www.cgfmanet.org\/es\/#\/schema\/logo\/image\/","url":"https:\/\/www.cgfmanet.org\/wp-content\/uploads\/2018\/10\/logo-fma.png","contentUrl":"https:\/\/www.cgfmanet.org\/wp-content\/uploads\/2018\/10\/logo-fma.png","width":214,"height":55,"caption":"Istituto Figlie di Maria Ausiliatrice"},"image":{"@id":"https:\/\/www.cgfmanet.org\/es\/#\/schema\/logo\/image\/"},"sameAs":["https:\/\/www.facebook.com\/salesian.sisters.of.don.bosco\/","https:\/\/x.com\/Cgfmanet_Org","https:\/\/www.youtube.com\/channel\/UCmcr8yFQBV7JXeXVxyV9y5Q"]},{"@type":"Person","@id":"https:\/\/www.cgfmanet.org\/es\/#\/schema\/person\/ce6473083f53ef0ef882cca23f0c8fb9","name":"Redazione"}]}},"_links":{"self":[{"href":"https:\/\/www.cgfmanet.org\/es\/wp-json\/wp\/v2\/posts\/80457","targetHints":{"allow":["GET"]}}],"collection":[{"href":"https:\/\/www.cgfmanet.org\/es\/wp-json\/wp\/v2\/posts"}],"about":[{"href":"https:\/\/www.cgfmanet.org\/es\/wp-json\/wp\/v2\/types\/post"}],"author":[{"embeddable":true,"href":"https:\/\/www.cgfmanet.org\/es\/wp-json\/wp\/v2\/users\/21"}],"replies":[{"embeddable":true,"href":"https:\/\/www.cgfmanet.org\/es\/wp-json\/wp\/v2\/comments?post=80457"}],"version-history":[{"count":0,"href":"https:\/\/www.cgfmanet.org\/es\/wp-json\/wp\/v2\/posts\/80457\/revisions"}],"wp:featuredmedia":[{"embeddable":true,"href":"https:\/\/www.cgfmanet.org\/es\/wp-json\/wp\/v2\/media\/80452"}],"wp:attachment":[{"href":"https:\/\/www.cgfmanet.org\/es\/wp-json\/wp\/v2\/media?parent=80457"}],"wp:term":[{"taxonomy":"category","embeddable":true,"href":"https:\/\/www.cgfmanet.org\/es\/wp-json\/wp\/v2\/categories?post=80457"},{"taxonomy":"post_tag","embeddable":true,"href":"https:\/\/www.cgfmanet.org\/es\/wp-json\/wp\/v2\/tags?post=80457"}],"curies":[{"name":"wp","href":"https:\/\/api.w.org\/{rel}","templated":true}]}}