{"id":79260,"date":"2022-11-14T10:16:47","date_gmt":"2022-11-14T09:16:47","guid":{"rendered":"https:\/\/www.cgfmanet.org\/infoesfera\/una-corona-di-dodici-stelle\/"},"modified":"2022-11-14T22:49:47","modified_gmt":"2022-11-14T21:49:47","slug":"una-corona-de-doce-estrellas","status":"publish","type":"post","link":"https:\/\/www.cgfmanet.org\/es\/ifma-es\/una-corona-de-doce-estrellas\/","title":{"rendered":"Una corona de doce estrellas"},"content":{"rendered":"<p><strong>Roma (Italia).<\/strong>\u00a0Del 26 de noviembre al 8 de diciembre de 2022, el \u00c1mbito para la Familia Salesiana del Instituto de las Hijas de\u00a0Mar\u00eda Auxiliadora, en colaboraci\u00f3n con el \u00c1mbito para la Comunicaci\u00f3n, propone un camino con textos y video en preparaci\u00f3n a la Fiesta de\u00a0Mar\u00eda Inmaculada, como himno de acci\u00f3n de gracias y de alabanza a\u00a0Mar\u00eda en el 150\u00ba aniversario de la Fundaci\u00f3n.<\/p>\n<p><strong>\u201cUna corona de doce estrellas\u201d\u00a0<\/strong>es el t\u00edtulo de este camino, tomado del pasaje b\u00edblico del libro del Apocalipsis:\u00a0<em>\u00abEntonces apareci\u00f3 una gran se\u00f1al en el cielo: una mujer vestida del sol, con la luna bajo sus pies y sobre su cabeza una corona de doce estrellas\u00bb\u00a0<\/em>(Ap 12,1-2).<\/p>\n<p>La Fiesta de la Inmaculada tiene adem\u00e1s una particular connotaci\u00f3n carism\u00e1tica, como denominador com\u00fan de los eventos m\u00e1s importantes en la vida de Don Bosco, que reconoci\u00f3:\u00a0<em>\u00abTodas nuestras cosas m\u00e1s grandes tuvieron su comienzo y cumplimiento en el d\u00eda de la Inmaculada\u00bb.\u00a0<\/em>(MB XVII, 511)<\/p>\n<p>Al presentar este itinerario de la Fiesta, sor Leslie S\u00e1ndigo, Consejera para la Familia Salesiana del Instituto FMA, explica los motivos de los doce d\u00edas:<\/p>\n<p><em>\u201cNuestra preparaci\u00f3n a la Fiesta de la Inmaculada quiere ser una expresi\u00f3n del gracias a\u00a0<\/em><em>Mar<\/em><em>\u00eda, prolongado en la concreci\u00f3n de la vida de cada FMA y de las diversas Comunidades Educativas esparcidas por el mundo, que ser\u00e1n representadas por 12 estrellas, para coronar a la Inmaculada al final de este a\u00f1o de celebraci\u00f3n del 150\u00ba aniversario de la Fundaci\u00f3n del Instituto\u201d.<\/em><\/p>\n<p>El recorrido comenzar\u00e1 por tanto\u00a0<strong>el 26 de noviembre<\/strong>. Para cada d\u00eda se ha propuesto\u00a0<strong>un video<\/strong>\u00a0que prev\u00e9:<\/p>\n<p>&#8211;\u00a0<strong>la intenci\u00f3n<\/strong>\u00a0por un miembro o una categor\u00eda de la Comunidad Educativa (familias, ni\u00f1os y j\u00f3venes, profesores, etc.);<\/p>\n<p>&#8211;\u00a0<strong>una referencia a las fuentes carism\u00e1ticas<\/strong>, tomada de la Cronohistoria, o de las Cartas de Madre Mazzarello, para evocar la vida de los or\u00edgenes;<\/p>\n<p>&#8211;\u00a0<strong>las palabras de la Madre General del Instituto FMA, Sor Chiara Cazzuola<\/strong>, que contextualizan la tem\u00e1tica en el hoy y la proyectan en el fututo;<\/p>\n<p>&#8211;\u00a0<strong>el testimonio de representantes de los miembros de la Comunidad Educativa<\/strong>, de las diversas partes del mundo, que comparten una experiencia significativa de la presencia de\u00a0Mar\u00eda en sus vidas.<\/p>\n<p>Al final, todos est\u00e1n invitados a unirse en la <strong>oraci\u00f3n<\/strong>\u00a0en torno a la Virgen Inmaculada, para expresar el gracias e invocar sus bendiciones, a fin de que crezca en las Hijas de\u00a0Mar\u00eda Auxiliadora, en las Comunidades Educativas y en los j\u00f3venes a ellas confiados, la certeza de que\u00a0<strong>Mar<\/strong><strong>\u00eda es<\/strong>\u00a0<strong>una presencia<\/strong>\u00a0que acompa\u00f1a y hace florecer la santidad en el coraz\u00f3n de las personas y en el ambiente, mediante la obra del Esp\u00edritu Santo.<\/p>\n<p>La propuesta concluye con la invitaci\u00f3n a todos, para el d\u00eda 8 de diciembre, de confiar el Instituto FMA a\u00a0Mar\u00eda Inmaculada.<\/p>\n<p><strong><span style=\"color: #0000ff;\"><a style=\"color: #0000ff;\" href=\"https:\/\/drive.google.com\/drive\/u\/0\/folders\/1_N-WKaBx3LoIhv-dsMNtiYdPtnjSQMwu\" target=\"_blank\" rel=\"noopener\">Los textos<\/a><\/span>\u00a0est\u00e1n ya disponibles, y los videos se publicar\u00e1n a tiempo\u00a0 para garantizar su\u00a0 visi\u00f3n en todo el mundo.\u00a0<\/strong><\/p>\n","protected":false},"excerpt":{"rendered":"<p>Roma (Italia).\u00a0Del 26 de noviembre al 8 de diciembre de 2022, el \u00c1mbito para la Familia Salesiana del Instituto de las Hijas de\u00a0Mar\u00eda Auxiliadora, en colaboraci\u00f3n con el \u00c1mbito para [&hellip;]<\/p>\n","protected":false},"author":21,"featured_media":79255,"comment_status":"closed","ping_status":"closed","sticky":false,"template":"","format":"standard","meta":{"footnotes":""},"categories":[2404,158],"tags":[1669,1779,1931,2278,2384],"class_list":["post-79260","post","type-post","status-publish","format-standard","has-post-thumbnail","category-150o-instituto-de-la-fma","category-ifma-es","tag-spiritualita-salesiana-es","tag-familia-salesiana-es","tag-focus-es","tag-150-ifma-es","tag-maria-es"],"yoast_head":"<!-- This site is optimized with the Yoast SEO plugin v27.4 - https:\/\/yoast.com\/product\/yoast-seo-wordpress\/ -->\n<title>Una corona de doce estrellas &#8226; Istituto Figlie di Maria Ausiliatrice<\/title>\n<meta name=\"description\" content=\"Del 26 de noviembre al 8 de diciembre de 2022, el Instituto de las FMA, en el 150\u00ba de la Fundaci\u00f3n, propone un camino de preparaci\u00f3n a la Fiesta de Mar\u00eda Inmaculada.\" \/>\n<meta name=\"robots\" content=\"index, follow, max-snippet:-1, max-image-preview:large, max-video-preview:-1\" \/>\n<link rel=\"canonical\" href=\"https:\/\/www.cgfmanet.org\/es\/ifma-es\/una-corona-de-doce-estrellas\/\" \/>\n<meta property=\"og:locale\" content=\"es_ES\" \/>\n<meta property=\"og:type\" content=\"article\" \/>\n<meta property=\"og:title\" content=\"Una corona de doce estrellas &#8226; Istituto Figlie di Maria Ausiliatrice\" \/>\n<meta property=\"og:description\" content=\"Del 26 de noviembre al 8 de diciembre de 2022, el Instituto de las FMA, en el 150\u00ba de la Fundaci\u00f3n, propone un camino de preparaci\u00f3n a la Fiesta de Mar\u00eda Inmaculada.\" \/>\n<meta property=\"og:url\" content=\"https:\/\/www.cgfmanet.org\/es\/ifma-es\/una-corona-de-doce-estrellas\/\" \/>\n<meta property=\"og:site_name\" content=\"Istituto Figlie di Maria Ausiliatrice\" \/>\n<meta property=\"article:publisher\" content=\"https:\/\/www.facebook.com\/salesian.sisters.of.don.bosco\/\" \/>\n<meta property=\"article:published_time\" content=\"2022-11-14T09:16:47+00:00\" \/>\n<meta property=\"article:modified_time\" content=\"2022-11-14T21:49:47+00:00\" \/>\n<meta property=\"og:image\" content=\"https:\/\/www.cgfmanet.org\/wp-content\/uploads\/2022\/11\/Maria-Immacolata.jpg\" \/>\n\t<meta property=\"og:image:width\" content=\"1181\" \/>\n\t<meta property=\"og:image:height\" content=\"787\" \/>\n\t<meta property=\"og:image:type\" content=\"image\/jpeg\" \/>\n<meta name=\"author\" content=\"Redazione\" \/>\n<meta name=\"twitter:card\" content=\"summary_large_image\" \/>\n<meta name=\"twitter:creator\" content=\"@Cgfmanet_Org\" \/>\n<meta name=\"twitter:site\" content=\"@Cgfmanet_Org\" \/>\n<meta name=\"twitter:label1\" content=\"Escrito por\" \/>\n\t<meta name=\"twitter:data1\" content=\"Redazione\" \/>\n\t<meta name=\"twitter:label2\" content=\"Tiempo de lectura\" \/>\n\t<meta name=\"twitter:data2\" content=\"3 minutos\" \/>\n<script type=\"application\/ld+json\" class=\"yoast-schema-graph\">{\"@context\":\"https:\\\/\\\/schema.org\",\"@graph\":[{\"@type\":\"Article\",\"@id\":\"https:\\\/\\\/www.cgfmanet.org\\\/es\\\/ifma-es\\\/una-corona-de-doce-estrellas\\\/#article\",\"isPartOf\":{\"@id\":\"https:\\\/\\\/www.cgfmanet.org\\\/es\\\/ifma-es\\\/una-corona-de-doce-estrellas\\\/\"},\"author\":{\"name\":\"Redazione\",\"@id\":\"https:\\\/\\\/www.cgfmanet.org\\\/es\\\/#\\\/schema\\\/person\\\/ce6473083f53ef0ef882cca23f0c8fb9\"},\"headline\":\"Una corona de doce estrellas\",\"datePublished\":\"2022-11-14T09:16:47+00:00\",\"dateModified\":\"2022-11-14T21:49:47+00:00\",\"mainEntityOfPage\":{\"@id\":\"https:\\\/\\\/www.cgfmanet.org\\\/es\\\/ifma-es\\\/una-corona-de-doce-estrellas\\\/\"},\"wordCount\":535,\"publisher\":{\"@id\":\"https:\\\/\\\/www.cgfmanet.org\\\/es\\\/#organization\"},\"image\":{\"@id\":\"https:\\\/\\\/www.cgfmanet.org\\\/es\\\/ifma-es\\\/una-corona-de-doce-estrellas\\\/#primaryimage\"},\"thumbnailUrl\":\"https:\\\/\\\/www.cgfmanet.org\\\/wp-content\\\/uploads\\\/2022\\\/11\\\/Maria-Immacolata.jpg\",\"keywords\":[\"Spiritualit\u00e0 Salesiana\",\"Familia Salesiana\",\"Focus\",\"150\u00b0 IFMA\",\"Maria\"],\"articleSection\":[\"150\u00ba Instituto de la FMA\",\"IFMA\"],\"inLanguage\":\"es\"},{\"@type\":\"WebPage\",\"@id\":\"https:\\\/\\\/www.cgfmanet.org\\\/es\\\/ifma-es\\\/una-corona-de-doce-estrellas\\\/\",\"url\":\"https:\\\/\\\/www.cgfmanet.org\\\/es\\\/ifma-es\\\/una-corona-de-doce-estrellas\\\/\",\"name\":\"Una corona de doce estrellas &#8226; Istituto Figlie di Maria Ausiliatrice\",\"isPartOf\":{\"@id\":\"https:\\\/\\\/www.cgfmanet.org\\\/es\\\/#website\"},\"primaryImageOfPage\":{\"@id\":\"https:\\\/\\\/www.cgfmanet.org\\\/es\\\/ifma-es\\\/una-corona-de-doce-estrellas\\\/#primaryimage\"},\"image\":{\"@id\":\"https:\\\/\\\/www.cgfmanet.org\\\/es\\\/ifma-es\\\/una-corona-de-doce-estrellas\\\/#primaryimage\"},\"thumbnailUrl\":\"https:\\\/\\\/www.cgfmanet.org\\\/wp-content\\\/uploads\\\/2022\\\/11\\\/Maria-Immacolata.jpg\",\"datePublished\":\"2022-11-14T09:16:47+00:00\",\"dateModified\":\"2022-11-14T21:49:47+00:00\",\"description\":\"Del 26 de noviembre al 8 de diciembre de 2022, el Instituto de las FMA, en el 150\u00ba de la Fundaci\u00f3n, propone un camino de preparaci\u00f3n a la Fiesta de Mar\u00eda Inmaculada.\",\"breadcrumb\":{\"@id\":\"https:\\\/\\\/www.cgfmanet.org\\\/es\\\/ifma-es\\\/una-corona-de-doce-estrellas\\\/#breadcrumb\"},\"inLanguage\":\"es\",\"potentialAction\":[{\"@type\":\"ReadAction\",\"target\":[\"https:\\\/\\\/www.cgfmanet.org\\\/es\\\/ifma-es\\\/una-corona-de-doce-estrellas\\\/\"]}]},{\"@type\":\"ImageObject\",\"inLanguage\":\"es\",\"@id\":\"https:\\\/\\\/www.cgfmanet.org\\\/es\\\/ifma-es\\\/una-corona-de-doce-estrellas\\\/#primaryimage\",\"url\":\"https:\\\/\\\/www.cgfmanet.org\\\/wp-content\\\/uploads\\\/2022\\\/11\\\/Maria-Immacolata.jpg\",\"contentUrl\":\"https:\\\/\\\/www.cgfmanet.org\\\/wp-content\\\/uploads\\\/2022\\\/11\\\/Maria-Immacolata.jpg\",\"width\":1181,\"height\":787},{\"@type\":\"BreadcrumbList\",\"@id\":\"https:\\\/\\\/www.cgfmanet.org\\\/es\\\/ifma-es\\\/una-corona-de-doce-estrellas\\\/#breadcrumb\",\"itemListElement\":[{\"@type\":\"ListItem\",\"position\":1,\"name\":\"Home\",\"item\":\"https:\\\/\\\/www.cgfmanet.org\\\/es\\\/\"},{\"@type\":\"ListItem\",\"position\":2,\"name\":\"Una corona de doce estrellas\"}]},{\"@type\":\"WebSite\",\"@id\":\"https:\\\/\\\/www.cgfmanet.org\\\/es\\\/#website\",\"url\":\"https:\\\/\\\/www.cgfmanet.org\\\/es\\\/\",\"name\":\"Istituto Figlie di Maria Ausiliatrice\",\"description\":\"Salesiane di Don Bosco\",\"publisher\":{\"@id\":\"https:\\\/\\\/www.cgfmanet.org\\\/es\\\/#organization\"},\"potentialAction\":[{\"@type\":\"SearchAction\",\"target\":{\"@type\":\"EntryPoint\",\"urlTemplate\":\"https:\\\/\\\/www.cgfmanet.org\\\/es\\\/?s={search_term_string}\"},\"query-input\":{\"@type\":\"PropertyValueSpecification\",\"valueRequired\":true,\"valueName\":\"search_term_string\"}}],\"inLanguage\":\"es\"},{\"@type\":\"Organization\",\"@id\":\"https:\\\/\\\/www.cgfmanet.org\\\/es\\\/#organization\",\"name\":\"Istituto Figlie di Maria Ausiliatrice\",\"url\":\"https:\\\/\\\/www.cgfmanet.org\\\/es\\\/\",\"logo\":{\"@type\":\"ImageObject\",\"inLanguage\":\"es\",\"@id\":\"https:\\\/\\\/www.cgfmanet.org\\\/es\\\/#\\\/schema\\\/logo\\\/image\\\/\",\"url\":\"https:\\\/\\\/www.cgfmanet.org\\\/wp-content\\\/uploads\\\/2018\\\/10\\\/logo-fma.png\",\"contentUrl\":\"https:\\\/\\\/www.cgfmanet.org\\\/wp-content\\\/uploads\\\/2018\\\/10\\\/logo-fma.png\",\"width\":214,\"height\":55,\"caption\":\"Istituto Figlie di Maria Ausiliatrice\"},\"image\":{\"@id\":\"https:\\\/\\\/www.cgfmanet.org\\\/es\\\/#\\\/schema\\\/logo\\\/image\\\/\"},\"sameAs\":[\"https:\\\/\\\/www.facebook.com\\\/salesian.sisters.of.don.bosco\\\/\",\"https:\\\/\\\/x.com\\\/Cgfmanet_Org\",\"https:\\\/\\\/www.youtube.com\\\/channel\\\/UCmcr8yFQBV7JXeXVxyV9y5Q\"]},{\"@type\":\"Person\",\"@id\":\"https:\\\/\\\/www.cgfmanet.org\\\/es\\\/#\\\/schema\\\/person\\\/ce6473083f53ef0ef882cca23f0c8fb9\",\"name\":\"Redazione\"}]}<\/script>\n<!-- \/ Yoast SEO plugin. -->","yoast_head_json":{"title":"Una corona de doce estrellas &#8226; Istituto Figlie di Maria Ausiliatrice","description":"Del 26 de noviembre al 8 de diciembre de 2022, el Instituto de las FMA, en el 150\u00ba de la Fundaci\u00f3n, propone un camino de preparaci\u00f3n a la Fiesta de Mar\u00eda Inmaculada.","robots":{"index":"index","follow":"follow","max-snippet":"max-snippet:-1","max-image-preview":"max-image-preview:large","max-video-preview":"max-video-preview:-1"},"canonical":"https:\/\/www.cgfmanet.org\/es\/ifma-es\/una-corona-de-doce-estrellas\/","og_locale":"es_ES","og_type":"article","og_title":"Una corona de doce estrellas &#8226; Istituto Figlie di Maria Ausiliatrice","og_description":"Del 26 de noviembre al 8 de diciembre de 2022, el Instituto de las FMA, en el 150\u00ba de la Fundaci\u00f3n, propone un camino de preparaci\u00f3n a la Fiesta de Mar\u00eda Inmaculada.","og_url":"https:\/\/www.cgfmanet.org\/es\/ifma-es\/una-corona-de-doce-estrellas\/","og_site_name":"Istituto Figlie di Maria Ausiliatrice","article_publisher":"https:\/\/www.facebook.com\/salesian.sisters.of.don.bosco\/","article_published_time":"2022-11-14T09:16:47+00:00","article_modified_time":"2022-11-14T21:49:47+00:00","og_image":[{"width":1181,"height":787,"url":"https:\/\/www.cgfmanet.org\/wp-content\/uploads\/2022\/11\/Maria-Immacolata.jpg","type":"image\/jpeg"}],"author":"Redazione","twitter_card":"summary_large_image","twitter_creator":"@Cgfmanet_Org","twitter_site":"@Cgfmanet_Org","twitter_misc":{"Escrito por":"Redazione","Tiempo de lectura":"3 minutos"},"schema":{"@context":"https:\/\/schema.org","@graph":[{"@type":"Article","@id":"https:\/\/www.cgfmanet.org\/es\/ifma-es\/una-corona-de-doce-estrellas\/#article","isPartOf":{"@id":"https:\/\/www.cgfmanet.org\/es\/ifma-es\/una-corona-de-doce-estrellas\/"},"author":{"name":"Redazione","@id":"https:\/\/www.cgfmanet.org\/es\/#\/schema\/person\/ce6473083f53ef0ef882cca23f0c8fb9"},"headline":"Una corona de doce estrellas","datePublished":"2022-11-14T09:16:47+00:00","dateModified":"2022-11-14T21:49:47+00:00","mainEntityOfPage":{"@id":"https:\/\/www.cgfmanet.org\/es\/ifma-es\/una-corona-de-doce-estrellas\/"},"wordCount":535,"publisher":{"@id":"https:\/\/www.cgfmanet.org\/es\/#organization"},"image":{"@id":"https:\/\/www.cgfmanet.org\/es\/ifma-es\/una-corona-de-doce-estrellas\/#primaryimage"},"thumbnailUrl":"https:\/\/www.cgfmanet.org\/wp-content\/uploads\/2022\/11\/Maria-Immacolata.jpg","keywords":["Spiritualit\u00e0 Salesiana","Familia Salesiana","Focus","150\u00b0 IFMA","Maria"],"articleSection":["150\u00ba Instituto de la FMA","IFMA"],"inLanguage":"es"},{"@type":"WebPage","@id":"https:\/\/www.cgfmanet.org\/es\/ifma-es\/una-corona-de-doce-estrellas\/","url":"https:\/\/www.cgfmanet.org\/es\/ifma-es\/una-corona-de-doce-estrellas\/","name":"Una corona de doce estrellas &#8226; Istituto Figlie di Maria Ausiliatrice","isPartOf":{"@id":"https:\/\/www.cgfmanet.org\/es\/#website"},"primaryImageOfPage":{"@id":"https:\/\/www.cgfmanet.org\/es\/ifma-es\/una-corona-de-doce-estrellas\/#primaryimage"},"image":{"@id":"https:\/\/www.cgfmanet.org\/es\/ifma-es\/una-corona-de-doce-estrellas\/#primaryimage"},"thumbnailUrl":"https:\/\/www.cgfmanet.org\/wp-content\/uploads\/2022\/11\/Maria-Immacolata.jpg","datePublished":"2022-11-14T09:16:47+00:00","dateModified":"2022-11-14T21:49:47+00:00","description":"Del 26 de noviembre al 8 de diciembre de 2022, el Instituto de las FMA, en el 150\u00ba de la Fundaci\u00f3n, propone un camino de preparaci\u00f3n a la Fiesta de Mar\u00eda Inmaculada.","breadcrumb":{"@id":"https:\/\/www.cgfmanet.org\/es\/ifma-es\/una-corona-de-doce-estrellas\/#breadcrumb"},"inLanguage":"es","potentialAction":[{"@type":"ReadAction","target":["https:\/\/www.cgfmanet.org\/es\/ifma-es\/una-corona-de-doce-estrellas\/"]}]},{"@type":"ImageObject","inLanguage":"es","@id":"https:\/\/www.cgfmanet.org\/es\/ifma-es\/una-corona-de-doce-estrellas\/#primaryimage","url":"https:\/\/www.cgfmanet.org\/wp-content\/uploads\/2022\/11\/Maria-Immacolata.jpg","contentUrl":"https:\/\/www.cgfmanet.org\/wp-content\/uploads\/2022\/11\/Maria-Immacolata.jpg","width":1181,"height":787},{"@type":"BreadcrumbList","@id":"https:\/\/www.cgfmanet.org\/es\/ifma-es\/una-corona-de-doce-estrellas\/#breadcrumb","itemListElement":[{"@type":"ListItem","position":1,"name":"Home","item":"https:\/\/www.cgfmanet.org\/es\/"},{"@type":"ListItem","position":2,"name":"Una corona de doce estrellas"}]},{"@type":"WebSite","@id":"https:\/\/www.cgfmanet.org\/es\/#website","url":"https:\/\/www.cgfmanet.org\/es\/","name":"Istituto Figlie di Maria Ausiliatrice","description":"Salesiane di Don Bosco","publisher":{"@id":"https:\/\/www.cgfmanet.org\/es\/#organization"},"potentialAction":[{"@type":"SearchAction","target":{"@type":"EntryPoint","urlTemplate":"https:\/\/www.cgfmanet.org\/es\/?s={search_term_string}"},"query-input":{"@type":"PropertyValueSpecification","valueRequired":true,"valueName":"search_term_string"}}],"inLanguage":"es"},{"@type":"Organization","@id":"https:\/\/www.cgfmanet.org\/es\/#organization","name":"Istituto Figlie di Maria Ausiliatrice","url":"https:\/\/www.cgfmanet.org\/es\/","logo":{"@type":"ImageObject","inLanguage":"es","@id":"https:\/\/www.cgfmanet.org\/es\/#\/schema\/logo\/image\/","url":"https:\/\/www.cgfmanet.org\/wp-content\/uploads\/2018\/10\/logo-fma.png","contentUrl":"https:\/\/www.cgfmanet.org\/wp-content\/uploads\/2018\/10\/logo-fma.png","width":214,"height":55,"caption":"Istituto Figlie di Maria Ausiliatrice"},"image":{"@id":"https:\/\/www.cgfmanet.org\/es\/#\/schema\/logo\/image\/"},"sameAs":["https:\/\/www.facebook.com\/salesian.sisters.of.don.bosco\/","https:\/\/x.com\/Cgfmanet_Org","https:\/\/www.youtube.com\/channel\/UCmcr8yFQBV7JXeXVxyV9y5Q"]},{"@type":"Person","@id":"https:\/\/www.cgfmanet.org\/es\/#\/schema\/person\/ce6473083f53ef0ef882cca23f0c8fb9","name":"Redazione"}]}},"_links":{"self":[{"href":"https:\/\/www.cgfmanet.org\/es\/wp-json\/wp\/v2\/posts\/79260","targetHints":{"allow":["GET"]}}],"collection":[{"href":"https:\/\/www.cgfmanet.org\/es\/wp-json\/wp\/v2\/posts"}],"about":[{"href":"https:\/\/www.cgfmanet.org\/es\/wp-json\/wp\/v2\/types\/post"}],"author":[{"embeddable":true,"href":"https:\/\/www.cgfmanet.org\/es\/wp-json\/wp\/v2\/users\/21"}],"replies":[{"embeddable":true,"href":"https:\/\/www.cgfmanet.org\/es\/wp-json\/wp\/v2\/comments?post=79260"}],"version-history":[{"count":0,"href":"https:\/\/www.cgfmanet.org\/es\/wp-json\/wp\/v2\/posts\/79260\/revisions"}],"wp:featuredmedia":[{"embeddable":true,"href":"https:\/\/www.cgfmanet.org\/es\/wp-json\/wp\/v2\/media\/79255"}],"wp:attachment":[{"href":"https:\/\/www.cgfmanet.org\/es\/wp-json\/wp\/v2\/media?parent=79260"}],"wp:term":[{"taxonomy":"category","embeddable":true,"href":"https:\/\/www.cgfmanet.org\/es\/wp-json\/wp\/v2\/categories?post=79260"},{"taxonomy":"post_tag","embeddable":true,"href":"https:\/\/www.cgfmanet.org\/es\/wp-json\/wp\/v2\/tags?post=79260"}],"curies":[{"name":"wp","href":"https:\/\/api.w.org\/{rel}","templated":true}]}}