{"id":74202,"date":"2022-08-30T18:57:31","date_gmt":"2022-08-30T16:57:31","guid":{"rendered":"https:\/\/www.cgfmanet.org\/infoesfera\/incontro-coordinatrici-comunicazione-sociale-cinab\/"},"modified":"2022-09-05T21:44:16","modified_gmt":"2022-09-05T19:44:16","slug":"encuentro-de-coordinadoras-de-comunicacion-social-cinab","status":"publish","type":"post","link":"https:\/\/www.cgfmanet.org\/es\/infoesfera\/encuentro-de-coordinadoras-de-comunicacion-social-cinab\/","title":{"rendered":"Encuentro de Coordinadoras de Comunicaci\u00f3n Social CINAB"},"content":{"rendered":"<p><strong>Fusagasug\u00e1 (Colombia).<\/strong>\u00a0Del 18 al 21 de\u00a0agosto\u00a0de 2022, en la Casa de espiritualidad\u00a0<em>Villa\u00a0<\/em><em>Mar<\/em><em>\u00eda<\/em>\u00a0de la Inspector\u00eda\u00a0<em>Nuestra Se\u00f1ora del Rosario<\/em>\u00a0<em>de Chiquinquir\u00e1\u00a0<\/em>(CBC), se tuvo el encuentro de las Coordinadoras de Comunicaci\u00f3n Social de la Conferencia Interinspectorial de las Naciones Bolivarianas (CINAB).<\/p>\n<p>Estaban presentes: sor Grethel \u00c1lvarez de la Inspector\u00eda\u00a0<em>Nuestra Se\u00f1ora de la Paz<\/em> de Bolivia (BOL), sor Doris Jaimes,\u00a0Inspector\u00eda\u00a0<em>Nuestra Se\u00f1ora del Rosario\u00a0de Chiquinquir\u00e1\u00a0<\/em>(CBC), sor Bertha Vivas, Inspector\u00eda\u00a0<em>Nuestra Se\u00f1ora de las Nieves<\/em>\u00a0(CBN), sor Olga Pineda y sor Laura Pasi\u00f3n, Inspector\u00eda <em>Mar<\/em><em>\u00eda Auxiliadora<\/em>\u00a0(CMA), sor L\u00edsber Zuluaga, Inspector\u00eda\u00a0<em>S. Maria Mazzarello<\/em>\u00a0(CMM), sor Ruth Sarango, Inspector\u00eda\u00a0<em>Sagrado Coraz\u00f3n<\/em>\u00a0(ECU), sor Graciela Castillo, Inspector\u00eda S.\u00a0<em>Rosa de Lima<\/em>\u00a0(PER) y sor Sarahi Contreras, Inspector\u00eda\u00a0<em>S. Juan \u00a0Bosco\u00a0<\/em>(VEN).<\/p>\n<p>Con el eslogan\u00a0<strong>\u201cNos comprometemos a crear ambientes educativo-comunicativos que generan vida\u201d<\/strong>, el encuentro ten\u00eda el objetivo de compartir y conocer las realidades del \u00c1rea comunicativa \u2013 social de las ocho Inspector\u00edas participantes, de ofrecer una formaci\u00f3n sobre los instrumentos de comunicaci\u00f3n y de colaborar en\u00a0la redacci\u00f3n del Plan de Comunicaci\u00f3n de la Conferencia.<\/p>\n<p>Durante la reuni\u00f3n, las participantes recibieron, en la modalidad online, los saludos de sor Maria Ausilia De Siena, Consejera General para las Comunicaciones Sociales, y de sor Cecilia Camacho, Presidenta de la CINAB.<\/p>\n<p>En la reflexi\u00f3n sobre el camino educomunicativo de la Conferencia hubo, adem\u00e1s, intervenciones formativas online: sor Susana Li, de la Inspector\u00eda\u00a0<em>N.S.de<\/em><em>\u00a0los \u00c1ngeles<\/em> (CAR), hizo una aportaci\u00f3n sobre \u201cNuestra misi\u00f3n FMA (comunicaci\u00f3n) en el mundo contempor\u00e1neo\u201d y sor Maria Helena Moreira, Consejera General para las Comunicaciones Sociales de 2015 a 2022, de la Inspector\u00eda <em>Madre Mazzarello\u00a0<\/em>(BMM) present\u00f3 las \u00a0\u201cDirectrices \u00a0sobre la presencia de las FMA en las redes sociales\u201d.<\/p>\n<p>Las jornadas estuvieron enriquecidas por la presencia de sor Edith Franco, Inspectora de la CBC que, en las Buenas noches, comparti\u00f3 las palabras clave para transformar la comunicaci\u00f3n en una fuente que genera vida. En el evento estaba presente tambi\u00e9n Andres Camilo Barrios, el Comunicador que realizar\u00e1 un taller sobre \u00abFotograf\u00eda y Marketing Digital\u00bb.<\/p>\n<p>En un clima de fraternidad y sinodalidad, que favorece la espontaneidad de las intervenciones, las participantes continuaron con el proceso de elaboraci\u00f3n del Plan de Comunicaci\u00f3n CINAB 2022-2027, para crear cada vez m\u00e1s ambientes educativo-comunicativos generativos de vida.<\/p>\n\r\n                <style type=\"text\/css\">\r\n                    \r\n                    #tdi_1  .td-doubleSlider-2 .td-item1 {\r\n                        background: url(https:\/\/www.cgfmanet.org\/wp-content\/uploads\/2022\/09\/Incontro-Comunicazione-CINAB_2-80x60.jpg) 0 0 no-repeat;\r\n                    }\r\n                    #tdi_1  .td-doubleSlider-2 .td-item2 {\r\n                        background: url(https:\/\/www.cgfmanet.org\/wp-content\/uploads\/2022\/09\/Incontro-Comunicazione-CINAB_3-80x60.jpg) 0 0 no-repeat;\r\n                    }\r\n                <\/style>\r\n\r\n                <div id=\"tdi_1\" class=\"td-gallery td-slide-on-2-columns\">\r\n                    <div class=\"post_td_gallery\">\r\n                        <div class=\"td-gallery-slide-top\">\r\n                           <div class=\"td-gallery-title\"><\/div>\r\n\r\n                            <div class=\"td-gallery-controls-wrapper\">\r\n                                <div class=\"td-gallery-slide-count\"><span class=\"td-gallery-slide-item-focus\">1<\/span> de 2<\/div>\r\n                                <div class=\"td-gallery-slide-prev-next-but\">\r\n                                    <i class = \"td-icon-left doubleSliderPrevButton\"><\/i>\r\n                                    <i class = \"td-icon-right doubleSliderNextButton\"><\/i>\r\n                                <\/div>\r\n                            <\/div>\r\n                        <\/div>\r\n\r\n                        <div class = \"td-doubleSlider-1 \">\r\n                            <div class = \"td-slider\">\r\n                                \r\n                    <div class = \"td-slide-item td-item1\">\r\n                        <figure class=\"td-slide-galery-figure td-slide-popup-gallery\">\r\n                            <a class=\"slide-gallery-image-link\" href=\"https:\/\/www.cgfmanet.org\/wp-content\/uploads\/2022\/09\/Incontro-Comunicazione-CINAB_2.jpg\" title=\"Incontro Comunicazione CINAB_2\"  data-caption=\"\"  data-description=\"\">\r\n                                <img decoding=\"async\" data-src=\"https:\/\/www.cgfmanet.org\/wp-content\/uploads\/2022\/09\/Incontro-Comunicazione-CINAB_2-715x420.jpg\" data-srcset=\"https:\/\/www.cgfmanet.org\/wp-content\/uploads\/2022\/09\/Incontro-Comunicazione-CINAB_2-715x420.jpg 715w, https:\/\/www.cgfmanet.org\/wp-content\/uploads\/2022\/09\/Incontro-Comunicazione-CINAB_2-768x451.jpg 768w, https:\/\/www.cgfmanet.org\/wp-content\/uploads\/2022\/09\/Incontro-Comunicazione-CINAB_2-696x409.jpg 696w, https:\/\/www.cgfmanet.org\/wp-content\/uploads\/2022\/09\/Incontro-Comunicazione-CINAB_2.jpg 1182w\" data-sizes=\"auto\" alt=\"\" src=\"data:image\/svg+xml;base64,PHN2ZyB3aWR0aD0iMSIgaGVpZ2h0PSIxIiB4bWxucz0iaHR0cDovL3d3dy53My5vcmcvMjAwMC9zdmciPjwvc3ZnPg==\" class=\"lazyload\" style=\"--smush-placeholder-width: 715px; --smush-placeholder-aspect-ratio: 715\/420;\" data-original-sizes=\"(max-width: 715px) 100vw, 715px\">\r\n                            <\/a>\r\n                            \r\n                        <\/figure>\r\n                    <\/div>\r\n                    <div class = \"td-slide-item td-item2\">\r\n                        <figure class=\"td-slide-galery-figure td-slide-popup-gallery\">\r\n                            <a class=\"slide-gallery-image-link\" href=\"https:\/\/www.cgfmanet.org\/wp-content\/uploads\/2022\/09\/Incontro-Comunicazione-CINAB_3.jpg\" title=\"Incontro Comunicazione CINAB_3\"  data-caption=\"\"  data-description=\"\">\r\n                                <img decoding=\"async\" data-src=\"https:\/\/www.cgfmanet.org\/wp-content\/uploads\/2022\/09\/Incontro-Comunicazione-CINAB_3-804x420.jpg\" data-srcset=\"https:\/\/www.cgfmanet.org\/wp-content\/uploads\/2022\/09\/Incontro-Comunicazione-CINAB_3-804x420.jpg 804w, https:\/\/www.cgfmanet.org\/wp-content\/uploads\/2022\/09\/Incontro-Comunicazione-CINAB_3-768x401.jpg 768w, https:\/\/www.cgfmanet.org\/wp-content\/uploads\/2022\/09\/Incontro-Comunicazione-CINAB_3-696x364.jpg 696w, https:\/\/www.cgfmanet.org\/wp-content\/uploads\/2022\/09\/Incontro-Comunicazione-CINAB_3.jpg 1181w\" data-sizes=\"auto\" alt=\"\" src=\"data:image\/svg+xml;base64,PHN2ZyB3aWR0aD0iMSIgaGVpZ2h0PSIxIiB4bWxucz0iaHR0cDovL3d3dy53My5vcmcvMjAwMC9zdmciPjwvc3ZnPg==\" class=\"lazyload\" style=\"--smush-placeholder-width: 804px; --smush-placeholder-aspect-ratio: 804\/420;\" data-original-sizes=\"(max-width: 804px) 100vw, 804px\">\r\n                            <\/a>\r\n                            \r\n                        <\/figure>\r\n                    <\/div>\r\n                            <\/div>\r\n                        <\/div>\r\n\r\n                        <div class = \"td-doubleSlider-2\">\r\n                            <div class = \"td-slider\">\r\n                                \r\n                    <div class = \"td-button td-item1\">\r\n                        <div class = \"td-border\"><\/div>\r\n                    <\/div>\r\n                    <div class = \"td-button td-item2\">\r\n                        <div class = \"td-border\"><\/div>\r\n                    <\/div>\r\n                            <\/div>\r\n                        <\/div>\r\n\r\n                    <\/div>\r\n\r\n                <\/div>\r\n                \n","protected":false},"excerpt":{"rendered":"<p>Fusagasug\u00e1 (Colombia).\u00a0Del 18 al 21 de\u00a0agosto\u00a0de 2022, en la Casa de espiritualidad\u00a0Villa\u00a0Mar\u00eda\u00a0de la Inspector\u00eda\u00a0Nuestra Se\u00f1ora del Rosario\u00a0de Chiquinquir\u00e1\u00a0(CBC), se tuvo el encuentro de las Coordinadoras de Comunicaci\u00f3n Social de la [&hellip;]<\/p>\n","protected":false},"author":21,"featured_media":74197,"comment_status":"open","ping_status":"closed","sticky":false,"template":"","format":"standard","meta":{"footnotes":""},"categories":[39,206],"tags":[1059,1458,1794,1931],"class_list":["post-74202","post","type-post","status-publish","format-standard","has-post-thumbnail","category-infoesfera","category-educomunicacion","tag-cinab-es","tag-sinodalidad","tag-educomunicazione-es","tag-focus-es"],"yoast_head":"<!-- This site is optimized with the Yoast SEO plugin v27.4 - https:\/\/yoast.com\/product\/yoast-seo-wordpress\/ -->\n<title>Encuentro de Coordinadoras de Comunicaci\u00f3n Social CINAB &#8226; Istituto Figlie di Maria Ausiliatrice<\/title>\n<meta name=\"description\" content=\"Del 18 al 21 de agosto de 2022 en Fusagasug\u00e1, en Colombia, se llev\u00f3 a cabo el encuentro de las Coordinadoras de Comunicaci\u00f3n Social de la Conferencia Interinspectorial CINAB.\" \/>\n<meta name=\"robots\" content=\"index, follow, max-snippet:-1, max-image-preview:large, max-video-preview:-1\" \/>\n<link rel=\"canonical\" href=\"https:\/\/www.cgfmanet.org\/es\/infoesfera\/encuentro-de-coordinadoras-de-comunicacion-social-cinab\/\" \/>\n<meta property=\"og:locale\" content=\"es_ES\" \/>\n<meta property=\"og:type\" content=\"article\" \/>\n<meta property=\"og:title\" content=\"Encuentro de Coordinadoras de Comunicaci\u00f3n Social CINAB &#8226; Istituto Figlie di Maria Ausiliatrice\" \/>\n<meta property=\"og:description\" content=\"Del 18 al 21 de agosto de 2022 en Fusagasug\u00e1, en Colombia, se llev\u00f3 a cabo el encuentro de las Coordinadoras de Comunicaci\u00f3n Social de la Conferencia Interinspectorial CINAB.\" \/>\n<meta property=\"og:url\" content=\"https:\/\/www.cgfmanet.org\/es\/infoesfera\/encuentro-de-coordinadoras-de-comunicacion-social-cinab\/\" \/>\n<meta property=\"og:site_name\" content=\"Istituto Figlie di Maria Ausiliatrice\" \/>\n<meta property=\"article:publisher\" content=\"https:\/\/www.facebook.com\/salesian.sisters.of.don.bosco\/\" \/>\n<meta property=\"article:published_time\" content=\"2022-08-30T16:57:31+00:00\" \/>\n<meta property=\"article:modified_time\" content=\"2022-09-05T19:44:16+00:00\" \/>\n<meta property=\"og:image\" content=\"https:\/\/www.cgfmanet.org\/wp-content\/uploads\/2022\/09\/Incontro-Comunicazione-CINAB.jpg\" \/>\n\t<meta property=\"og:image:width\" content=\"1181\" \/>\n\t<meta property=\"og:image:height\" content=\"787\" \/>\n\t<meta property=\"og:image:type\" content=\"image\/jpeg\" \/>\n<meta name=\"author\" content=\"Redazione\" \/>\n<meta name=\"twitter:card\" content=\"summary_large_image\" \/>\n<meta name=\"twitter:creator\" content=\"@Cgfmanet_Org\" \/>\n<meta name=\"twitter:site\" content=\"@Cgfmanet_Org\" \/>\n<meta name=\"twitter:label1\" content=\"Escrito por\" \/>\n\t<meta name=\"twitter:data1\" content=\"Redazione\" \/>\n\t<meta name=\"twitter:label2\" content=\"Tiempo de lectura\" \/>\n\t<meta name=\"twitter:data2\" content=\"2 minutos\" \/>\n<script type=\"application\/ld+json\" class=\"yoast-schema-graph\">{\"@context\":\"https:\\\/\\\/schema.org\",\"@graph\":[{\"@type\":\"Article\",\"@id\":\"https:\\\/\\\/www.cgfmanet.org\\\/es\\\/infoesfera\\\/encuentro-de-coordinadoras-de-comunicacion-social-cinab\\\/#article\",\"isPartOf\":{\"@id\":\"https:\\\/\\\/www.cgfmanet.org\\\/es\\\/infoesfera\\\/encuentro-de-coordinadoras-de-comunicacion-social-cinab\\\/\"},\"author\":{\"name\":\"Redazione\",\"@id\":\"https:\\\/\\\/www.cgfmanet.org\\\/es\\\/#\\\/schema\\\/person\\\/ce6473083f53ef0ef882cca23f0c8fb9\"},\"headline\":\"Encuentro de Coordinadoras de Comunicaci\u00f3n Social CINAB\",\"datePublished\":\"2022-08-30T16:57:31+00:00\",\"dateModified\":\"2022-09-05T19:44:16+00:00\",\"mainEntityOfPage\":{\"@id\":\"https:\\\/\\\/www.cgfmanet.org\\\/es\\\/infoesfera\\\/encuentro-de-coordinadoras-de-comunicacion-social-cinab\\\/\"},\"wordCount\":432,\"commentCount\":0,\"publisher\":{\"@id\":\"https:\\\/\\\/www.cgfmanet.org\\\/es\\\/#organization\"},\"image\":{\"@id\":\"https:\\\/\\\/www.cgfmanet.org\\\/es\\\/infoesfera\\\/encuentro-de-coordinadoras-de-comunicacion-social-cinab\\\/#primaryimage\"},\"thumbnailUrl\":\"https:\\\/\\\/www.cgfmanet.org\\\/wp-content\\\/uploads\\\/2022\\\/09\\\/Incontro-Comunicazione-CINAB.jpg\",\"keywords\":[\"CINAB\",\"Sinodalidad\",\"Educomunicazione\",\"Focus\"],\"articleSection\":[\"Infoesfera\",\"Educomunicaci\u00f3n\"],\"inLanguage\":\"es\",\"potentialAction\":[{\"@type\":\"CommentAction\",\"name\":\"Comment\",\"target\":[\"https:\\\/\\\/www.cgfmanet.org\\\/es\\\/infoesfera\\\/encuentro-de-coordinadoras-de-comunicacion-social-cinab\\\/#respond\"]}]},{\"@type\":\"WebPage\",\"@id\":\"https:\\\/\\\/www.cgfmanet.org\\\/es\\\/infoesfera\\\/encuentro-de-coordinadoras-de-comunicacion-social-cinab\\\/\",\"url\":\"https:\\\/\\\/www.cgfmanet.org\\\/es\\\/infoesfera\\\/encuentro-de-coordinadoras-de-comunicacion-social-cinab\\\/\",\"name\":\"Encuentro de Coordinadoras de Comunicaci\u00f3n Social CINAB &#8226; Istituto Figlie di Maria Ausiliatrice\",\"isPartOf\":{\"@id\":\"https:\\\/\\\/www.cgfmanet.org\\\/es\\\/#website\"},\"primaryImageOfPage\":{\"@id\":\"https:\\\/\\\/www.cgfmanet.org\\\/es\\\/infoesfera\\\/encuentro-de-coordinadoras-de-comunicacion-social-cinab\\\/#primaryimage\"},\"image\":{\"@id\":\"https:\\\/\\\/www.cgfmanet.org\\\/es\\\/infoesfera\\\/encuentro-de-coordinadoras-de-comunicacion-social-cinab\\\/#primaryimage\"},\"thumbnailUrl\":\"https:\\\/\\\/www.cgfmanet.org\\\/wp-content\\\/uploads\\\/2022\\\/09\\\/Incontro-Comunicazione-CINAB.jpg\",\"datePublished\":\"2022-08-30T16:57:31+00:00\",\"dateModified\":\"2022-09-05T19:44:16+00:00\",\"description\":\"Del 18 al 21 de agosto de 2022 en Fusagasug\u00e1, en Colombia, se llev\u00f3 a cabo el encuentro de las Coordinadoras de Comunicaci\u00f3n Social de la Conferencia Interinspectorial CINAB.\",\"breadcrumb\":{\"@id\":\"https:\\\/\\\/www.cgfmanet.org\\\/es\\\/infoesfera\\\/encuentro-de-coordinadoras-de-comunicacion-social-cinab\\\/#breadcrumb\"},\"inLanguage\":\"es\",\"potentialAction\":[{\"@type\":\"ReadAction\",\"target\":[\"https:\\\/\\\/www.cgfmanet.org\\\/es\\\/infoesfera\\\/encuentro-de-coordinadoras-de-comunicacion-social-cinab\\\/\"]}]},{\"@type\":\"ImageObject\",\"inLanguage\":\"es\",\"@id\":\"https:\\\/\\\/www.cgfmanet.org\\\/es\\\/infoesfera\\\/encuentro-de-coordinadoras-de-comunicacion-social-cinab\\\/#primaryimage\",\"url\":\"https:\\\/\\\/www.cgfmanet.org\\\/wp-content\\\/uploads\\\/2022\\\/09\\\/Incontro-Comunicazione-CINAB.jpg\",\"contentUrl\":\"https:\\\/\\\/www.cgfmanet.org\\\/wp-content\\\/uploads\\\/2022\\\/09\\\/Incontro-Comunicazione-CINAB.jpg\",\"width\":1181,\"height\":787},{\"@type\":\"BreadcrumbList\",\"@id\":\"https:\\\/\\\/www.cgfmanet.org\\\/es\\\/infoesfera\\\/encuentro-de-coordinadoras-de-comunicacion-social-cinab\\\/#breadcrumb\",\"itemListElement\":[{\"@type\":\"ListItem\",\"position\":1,\"name\":\"Home\",\"item\":\"https:\\\/\\\/www.cgfmanet.org\\\/es\\\/\"},{\"@type\":\"ListItem\",\"position\":2,\"name\":\"Encuentro de Coordinadoras de Comunicaci\u00f3n Social CINAB\"}]},{\"@type\":\"WebSite\",\"@id\":\"https:\\\/\\\/www.cgfmanet.org\\\/es\\\/#website\",\"url\":\"https:\\\/\\\/www.cgfmanet.org\\\/es\\\/\",\"name\":\"Istituto Figlie di Maria Ausiliatrice\",\"description\":\"Salesiane di Don Bosco\",\"publisher\":{\"@id\":\"https:\\\/\\\/www.cgfmanet.org\\\/es\\\/#organization\"},\"potentialAction\":[{\"@type\":\"SearchAction\",\"target\":{\"@type\":\"EntryPoint\",\"urlTemplate\":\"https:\\\/\\\/www.cgfmanet.org\\\/es\\\/?s={search_term_string}\"},\"query-input\":{\"@type\":\"PropertyValueSpecification\",\"valueRequired\":true,\"valueName\":\"search_term_string\"}}],\"inLanguage\":\"es\"},{\"@type\":\"Organization\",\"@id\":\"https:\\\/\\\/www.cgfmanet.org\\\/es\\\/#organization\",\"name\":\"Istituto Figlie di Maria Ausiliatrice\",\"url\":\"https:\\\/\\\/www.cgfmanet.org\\\/es\\\/\",\"logo\":{\"@type\":\"ImageObject\",\"inLanguage\":\"es\",\"@id\":\"https:\\\/\\\/www.cgfmanet.org\\\/es\\\/#\\\/schema\\\/logo\\\/image\\\/\",\"url\":\"https:\\\/\\\/www.cgfmanet.org\\\/wp-content\\\/uploads\\\/2018\\\/10\\\/logo-fma.png\",\"contentUrl\":\"https:\\\/\\\/www.cgfmanet.org\\\/wp-content\\\/uploads\\\/2018\\\/10\\\/logo-fma.png\",\"width\":214,\"height\":55,\"caption\":\"Istituto Figlie di Maria Ausiliatrice\"},\"image\":{\"@id\":\"https:\\\/\\\/www.cgfmanet.org\\\/es\\\/#\\\/schema\\\/logo\\\/image\\\/\"},\"sameAs\":[\"https:\\\/\\\/www.facebook.com\\\/salesian.sisters.of.don.bosco\\\/\",\"https:\\\/\\\/x.com\\\/Cgfmanet_Org\",\"https:\\\/\\\/www.youtube.com\\\/channel\\\/UCmcr8yFQBV7JXeXVxyV9y5Q\"]},{\"@type\":\"Person\",\"@id\":\"https:\\\/\\\/www.cgfmanet.org\\\/es\\\/#\\\/schema\\\/person\\\/ce6473083f53ef0ef882cca23f0c8fb9\",\"name\":\"Redazione\"}]}<\/script>\n<!-- \/ Yoast SEO plugin. -->","yoast_head_json":{"title":"Encuentro de Coordinadoras de Comunicaci\u00f3n Social CINAB &#8226; Istituto Figlie di Maria Ausiliatrice","description":"Del 18 al 21 de agosto de 2022 en Fusagasug\u00e1, en Colombia, se llev\u00f3 a cabo el encuentro de las Coordinadoras de Comunicaci\u00f3n Social de la Conferencia Interinspectorial CINAB.","robots":{"index":"index","follow":"follow","max-snippet":"max-snippet:-1","max-image-preview":"max-image-preview:large","max-video-preview":"max-video-preview:-1"},"canonical":"https:\/\/www.cgfmanet.org\/es\/infoesfera\/encuentro-de-coordinadoras-de-comunicacion-social-cinab\/","og_locale":"es_ES","og_type":"article","og_title":"Encuentro de Coordinadoras de Comunicaci\u00f3n Social CINAB &#8226; Istituto Figlie di Maria Ausiliatrice","og_description":"Del 18 al 21 de agosto de 2022 en Fusagasug\u00e1, en Colombia, se llev\u00f3 a cabo el encuentro de las Coordinadoras de Comunicaci\u00f3n Social de la Conferencia Interinspectorial CINAB.","og_url":"https:\/\/www.cgfmanet.org\/es\/infoesfera\/encuentro-de-coordinadoras-de-comunicacion-social-cinab\/","og_site_name":"Istituto Figlie di Maria Ausiliatrice","article_publisher":"https:\/\/www.facebook.com\/salesian.sisters.of.don.bosco\/","article_published_time":"2022-08-30T16:57:31+00:00","article_modified_time":"2022-09-05T19:44:16+00:00","og_image":[{"width":1181,"height":787,"url":"https:\/\/www.cgfmanet.org\/wp-content\/uploads\/2022\/09\/Incontro-Comunicazione-CINAB.jpg","type":"image\/jpeg"}],"author":"Redazione","twitter_card":"summary_large_image","twitter_creator":"@Cgfmanet_Org","twitter_site":"@Cgfmanet_Org","twitter_misc":{"Escrito por":"Redazione","Tiempo de lectura":"2 minutos"},"schema":{"@context":"https:\/\/schema.org","@graph":[{"@type":"Article","@id":"https:\/\/www.cgfmanet.org\/es\/infoesfera\/encuentro-de-coordinadoras-de-comunicacion-social-cinab\/#article","isPartOf":{"@id":"https:\/\/www.cgfmanet.org\/es\/infoesfera\/encuentro-de-coordinadoras-de-comunicacion-social-cinab\/"},"author":{"name":"Redazione","@id":"https:\/\/www.cgfmanet.org\/es\/#\/schema\/person\/ce6473083f53ef0ef882cca23f0c8fb9"},"headline":"Encuentro de Coordinadoras de Comunicaci\u00f3n Social CINAB","datePublished":"2022-08-30T16:57:31+00:00","dateModified":"2022-09-05T19:44:16+00:00","mainEntityOfPage":{"@id":"https:\/\/www.cgfmanet.org\/es\/infoesfera\/encuentro-de-coordinadoras-de-comunicacion-social-cinab\/"},"wordCount":432,"commentCount":0,"publisher":{"@id":"https:\/\/www.cgfmanet.org\/es\/#organization"},"image":{"@id":"https:\/\/www.cgfmanet.org\/es\/infoesfera\/encuentro-de-coordinadoras-de-comunicacion-social-cinab\/#primaryimage"},"thumbnailUrl":"https:\/\/www.cgfmanet.org\/wp-content\/uploads\/2022\/09\/Incontro-Comunicazione-CINAB.jpg","keywords":["CINAB","Sinodalidad","Educomunicazione","Focus"],"articleSection":["Infoesfera","Educomunicaci\u00f3n"],"inLanguage":"es","potentialAction":[{"@type":"CommentAction","name":"Comment","target":["https:\/\/www.cgfmanet.org\/es\/infoesfera\/encuentro-de-coordinadoras-de-comunicacion-social-cinab\/#respond"]}]},{"@type":"WebPage","@id":"https:\/\/www.cgfmanet.org\/es\/infoesfera\/encuentro-de-coordinadoras-de-comunicacion-social-cinab\/","url":"https:\/\/www.cgfmanet.org\/es\/infoesfera\/encuentro-de-coordinadoras-de-comunicacion-social-cinab\/","name":"Encuentro de Coordinadoras de Comunicaci\u00f3n Social CINAB &#8226; Istituto Figlie di Maria Ausiliatrice","isPartOf":{"@id":"https:\/\/www.cgfmanet.org\/es\/#website"},"primaryImageOfPage":{"@id":"https:\/\/www.cgfmanet.org\/es\/infoesfera\/encuentro-de-coordinadoras-de-comunicacion-social-cinab\/#primaryimage"},"image":{"@id":"https:\/\/www.cgfmanet.org\/es\/infoesfera\/encuentro-de-coordinadoras-de-comunicacion-social-cinab\/#primaryimage"},"thumbnailUrl":"https:\/\/www.cgfmanet.org\/wp-content\/uploads\/2022\/09\/Incontro-Comunicazione-CINAB.jpg","datePublished":"2022-08-30T16:57:31+00:00","dateModified":"2022-09-05T19:44:16+00:00","description":"Del 18 al 21 de agosto de 2022 en Fusagasug\u00e1, en Colombia, se llev\u00f3 a cabo el encuentro de las Coordinadoras de Comunicaci\u00f3n Social de la Conferencia Interinspectorial CINAB.","breadcrumb":{"@id":"https:\/\/www.cgfmanet.org\/es\/infoesfera\/encuentro-de-coordinadoras-de-comunicacion-social-cinab\/#breadcrumb"},"inLanguage":"es","potentialAction":[{"@type":"ReadAction","target":["https:\/\/www.cgfmanet.org\/es\/infoesfera\/encuentro-de-coordinadoras-de-comunicacion-social-cinab\/"]}]},{"@type":"ImageObject","inLanguage":"es","@id":"https:\/\/www.cgfmanet.org\/es\/infoesfera\/encuentro-de-coordinadoras-de-comunicacion-social-cinab\/#primaryimage","url":"https:\/\/www.cgfmanet.org\/wp-content\/uploads\/2022\/09\/Incontro-Comunicazione-CINAB.jpg","contentUrl":"https:\/\/www.cgfmanet.org\/wp-content\/uploads\/2022\/09\/Incontro-Comunicazione-CINAB.jpg","width":1181,"height":787},{"@type":"BreadcrumbList","@id":"https:\/\/www.cgfmanet.org\/es\/infoesfera\/encuentro-de-coordinadoras-de-comunicacion-social-cinab\/#breadcrumb","itemListElement":[{"@type":"ListItem","position":1,"name":"Home","item":"https:\/\/www.cgfmanet.org\/es\/"},{"@type":"ListItem","position":2,"name":"Encuentro de Coordinadoras de Comunicaci\u00f3n Social CINAB"}]},{"@type":"WebSite","@id":"https:\/\/www.cgfmanet.org\/es\/#website","url":"https:\/\/www.cgfmanet.org\/es\/","name":"Istituto Figlie di Maria Ausiliatrice","description":"Salesiane di Don Bosco","publisher":{"@id":"https:\/\/www.cgfmanet.org\/es\/#organization"},"potentialAction":[{"@type":"SearchAction","target":{"@type":"EntryPoint","urlTemplate":"https:\/\/www.cgfmanet.org\/es\/?s={search_term_string}"},"query-input":{"@type":"PropertyValueSpecification","valueRequired":true,"valueName":"search_term_string"}}],"inLanguage":"es"},{"@type":"Organization","@id":"https:\/\/www.cgfmanet.org\/es\/#organization","name":"Istituto Figlie di Maria Ausiliatrice","url":"https:\/\/www.cgfmanet.org\/es\/","logo":{"@type":"ImageObject","inLanguage":"es","@id":"https:\/\/www.cgfmanet.org\/es\/#\/schema\/logo\/image\/","url":"https:\/\/www.cgfmanet.org\/wp-content\/uploads\/2018\/10\/logo-fma.png","contentUrl":"https:\/\/www.cgfmanet.org\/wp-content\/uploads\/2018\/10\/logo-fma.png","width":214,"height":55,"caption":"Istituto Figlie di Maria Ausiliatrice"},"image":{"@id":"https:\/\/www.cgfmanet.org\/es\/#\/schema\/logo\/image\/"},"sameAs":["https:\/\/www.facebook.com\/salesian.sisters.of.don.bosco\/","https:\/\/x.com\/Cgfmanet_Org","https:\/\/www.youtube.com\/channel\/UCmcr8yFQBV7JXeXVxyV9y5Q"]},{"@type":"Person","@id":"https:\/\/www.cgfmanet.org\/es\/#\/schema\/person\/ce6473083f53ef0ef882cca23f0c8fb9","name":"Redazione"}]}},"_links":{"self":[{"href":"https:\/\/www.cgfmanet.org\/es\/wp-json\/wp\/v2\/posts\/74202","targetHints":{"allow":["GET"]}}],"collection":[{"href":"https:\/\/www.cgfmanet.org\/es\/wp-json\/wp\/v2\/posts"}],"about":[{"href":"https:\/\/www.cgfmanet.org\/es\/wp-json\/wp\/v2\/types\/post"}],"author":[{"embeddable":true,"href":"https:\/\/www.cgfmanet.org\/es\/wp-json\/wp\/v2\/users\/21"}],"replies":[{"embeddable":true,"href":"https:\/\/www.cgfmanet.org\/es\/wp-json\/wp\/v2\/comments?post=74202"}],"version-history":[{"count":0,"href":"https:\/\/www.cgfmanet.org\/es\/wp-json\/wp\/v2\/posts\/74202\/revisions"}],"wp:featuredmedia":[{"embeddable":true,"href":"https:\/\/www.cgfmanet.org\/es\/wp-json\/wp\/v2\/media\/74197"}],"wp:attachment":[{"href":"https:\/\/www.cgfmanet.org\/es\/wp-json\/wp\/v2\/media?parent=74202"}],"wp:term":[{"taxonomy":"category","embeddable":true,"href":"https:\/\/www.cgfmanet.org\/es\/wp-json\/wp\/v2\/categories?post=74202"},{"taxonomy":"post_tag","embeddable":true,"href":"https:\/\/www.cgfmanet.org\/es\/wp-json\/wp\/v2\/tags?post=74202"}],"curies":[{"name":"wp","href":"https:\/\/api.w.org\/{rel}","templated":true}]}}