{"id":73977,"date":"2022-08-31T16:16:03","date_gmt":"2022-08-31T14:16:03","guid":{"rendered":"https:\/\/www.cgfmanet.org\/infoesfera\/il-creato-ha-bisogno-della-nostra-collaborazione-del-nostro-amore\/"},"modified":"2022-08-29T17:25:36","modified_gmt":"2022-08-29T15:25:36","slug":"la-creacion-necesita-nuestra-colaboracion-nuestro-amor","status":"publish","type":"post","link":"https:\/\/www.cgfmanet.org\/es\/infoesfera\/la-creacion-necesita-nuestra-colaboracion-nuestro-amor\/","title":{"rendered":"La creaci\u00f3n necesita nuestra colaboraci\u00f3n, nuestro amor"},"content":{"rendered":"<p><strong>Roma (Italia).<\/strong> Con ocasi\u00f3n del <span style=\"color: #0000ff;\"><a style=\"color: #0000ff;\" href=\"https:\/\/www.cgfmanet.org\/es\/infoesfera\/tiempo-de-la-creacion-2022\/\" target=\"_blank\" rel=\"noopener\"><strong>Tiempo de la Creaci\u00f3n<\/strong><\/a><\/span>, un tiempo ecum\u00e9nico anual de oraci\u00f3n y acci\u00f3n por la Casa Com\u00fan, del 1\u00ba de septiembre al 4 de octubre de 2022, la Madre General del Instituto de las Hijas de Mar\u00eda Auxiliadora, Sor Chiara Cazzuola, llega a todas las FMA y a las Comunidades Educativas.<\/p>\n<div class=\"youtube-embed\" data-video_id=\"5bB-kFbFzeE\"><iframe title=\"Messaggio di Madre Chiara Cazzuola - Tempo del Creato 2022\" width=\"696\" height=\"392\" data-src=\"https:\/\/www.youtube.com\/embed\/5bB-kFbFzeE?feature=oembed&#038;enablejsapi=1\" frameborder=\"0\" allow=\"accelerometer; autoplay; clipboard-write; encrypted-media; gyroscope; picture-in-picture\" allowfullscreen src=\"data:image\/svg+xml;base64,PHN2ZyB3aWR0aD0iMSIgaGVpZ2h0PSIxIiB4bWxucz0iaHR0cDovL3d3dy53My5vcmcvMjAwMC9zdmciPjwvc3ZnPg==\" class=\"lazyload\" data-load-mode=\"1\"><\/iframe><\/div>\n<p>Queridas hermanas y queridas comunidades educativas,<\/p>\n<p>desde el jard\u00edn de la Casa Generalicia quiero recordar a todos nosotros el gran acontecimiento que se celebrar\u00e1 del 1 de septiembre al 4 de octubre pr\u00f3ximo: la celebraci\u00f3n del Tiempo de la Creaci\u00f3n, un tiempo ecum\u00e9nico. Sabemos bien que en \u00e9l encajamos como cat\u00f3licos, pero que este tiempo fue originalmente inspirado por el Patriarcado Ecum\u00e9nico de Constantinopla y luego se convirti\u00f3 en una oportunidad para todos. Ya Juan Pablo II, y primero San Paolo VI, hab\u00edan de alguna manera invitado a los cristianos, los cat\u00f3licos, a tomar en consideraci\u00f3n la voz de lo creado, porque ya en a\u00f1os pasados se percib\u00eda la dificultad que hoy aparece mucho m\u00e1s evidente.<\/p>\n<p>Este tiempo nos recuerda que somos ciudadanos de un planeta que para vivir necesita nuestro amor y nuestro respeto. Es interesante que el Papa Francisco nos llame ante todo a la plegaria. Esto es muy hermoso, porque no es s\u00f3lo un discurso ecol\u00f3gico por s\u00ed mismo, sino que se convierte en un discurso de conversi\u00f3n espiritual verdadera y adecuada, y no s\u00f3lo de conversi\u00f3n personal, sino de conversi\u00f3n comunitaria. Es el Papa quien lo pide a todos los cristianos y cat\u00f3licos en el Mensaje que ha enviado.<\/p>\n<p>Este a\u00f1o el tema es \u201d<strong>Escucha la voz de lo creado\u201d.\u00a0<\/strong>Podemos retomar la lectura de la Laudato Si\u2019 para leer todas las invitaciones y todo el subrayado que el mismo Papa Francisco nos hace en esta Enc\u00edclica, llam\u00e1ndonos a vivir la vocaci\u00f3n de ser guardianes de la obra de Dios que es la creaci\u00f3n y esto \u2013 seg\u00fan lo que dice la Laudato Si\u2019 \u2013 corresponde a una opci\u00f3n de fondo que es una experiencia fundamental de la vida cristiana. Por tanto es muy importante en este Tiempo reavivar nuestra fe, para leer en esta nuestra naturaleza, en este nuestro planeta,\u00a0 el signo de la presencia de Dios, y tambi\u00e9n repasar cu\u00e1les son los signos de la presencia de la humanidad que no respetan este planeta.\u00a0La creaci\u00f3n necesita nuestra colaboraci\u00f3n, nuestro amor.<\/p>\n<p>Me permito repasar lo que escogimos en el Cap\u00edtulo General XXIV, que es la Deliberaci\u00f3n Capitular, con la cual nos comprometimos a escuchar<em> \u201cel grito de la tierra, el grito de los pobres, el grito de los j\u00f3venes\u201d. <\/em>Nos comprometimos<em> \u201ca implicar a todo el Instituto en un camino concreto y continuo de conversi\u00f3n a la ecolog\u00eda integral\u201d<\/em>, donde hemos o\u00eddo ya tantas veces explicar el sentido de la ecolog\u00eda integral: es una dimensi\u00f3n total de la vida, que no nos ve s\u00f3lo como personas singulares, sino como comunidades y como criaturas que habitan esta planeta.<\/p>\n<p>Este compromiso se traduce en la asunci\u00f3n de los siete objetivos de la Laudato Si\u2019 que nosotras queremos vivir y transmitir<em> \u201cen el esp\u00edritu del Sistema Preventivo\u201d. <\/em>Existe ya mucho compromiso, porque muchas Comunidades est\u00e1n inscritas en la Plataforma Laudato Si\u2019 \u2013 en todas nuestras obras se est\u00e1 ya trabajando por esto \u2013 pero debemos mantener viva nuestra confianza y fe en la creaci\u00f3n, en el planeta que el Se\u00f1or nos ha confiado, para que pueda continuar viviendo, pueda recuperarse, pueda ser sanado.<\/p>\n<p>En estos d\u00edas vemos cu\u00e1les son las consecuencias de nuestro abandono y de este ser m\u00e1s salteadores que guardianes de la creaci\u00f3n \u2013 por un lado las inundaciones, por el otro la sequ\u00eda \u2013 hay muchas poblaciones que sufren en este momento por todos los desequilibrios que nuestras manos han creado en las confrontaciones del planeta.<\/p>\n<p><span style=\"color: #0000ff;\"><a style=\"color: #0000ff;\" href=\"https:\/\/drive.google.com\/file\/d\/1MWXQwHiRhheqffjZI20QLgCIZ_7wgMQG\/view?usp=sharing\" target=\"_blank\" rel=\"noopener\"><strong>Leer m\u00e1s<\/strong><\/a><\/span><\/p>\n","protected":false},"excerpt":{"rendered":"<p>Roma (Italia). Con ocasi\u00f3n del Tiempo de la Creaci\u00f3n, un tiempo ecum\u00e9nico anual de oraci\u00f3n y acci\u00f3n por la Casa Com\u00fan, del 1\u00ba de septiembre al 4 de octubre de [&hellip;]<\/p>\n","protected":false},"author":21,"featured_media":73986,"comment_status":"open","ping_status":"closed","sticky":false,"template":"","format":"standard","meta":{"footnotes":""},"categories":[39,203],"tags":[371,1861,1914,1931,2067,2379],"class_list":["post-73977","post","type-post","status-publish","format-standard","has-post-thumbnail","category-infoesfera","category-ecologia-es","tag-madre-general","tag-ecologia-es","tag-chiesa-es","tag-focus-es","tag-ecumenismo-es","tag-madre-chiara-cazzuola-es"],"yoast_head":"<!-- This site is optimized with the Yoast SEO plugin v27.4 - https:\/\/yoast.com\/product\/yoast-seo-wordpress\/ -->\n<title>La creaci\u00f3n necesita nuestra colaboraci\u00f3n, nuestro amor &#8226; Istituto Figlie di Maria Ausiliatrice<\/title>\n<meta name=\"description\" content=\"Mensaje de la Madre Chiara Cazzuola, Superiora General del Instituto de las FMA, con ocasi\u00f3n del Tiempo de la Creaci\u00f3n 2022.\" \/>\n<meta name=\"robots\" content=\"index, follow, max-snippet:-1, max-image-preview:large, max-video-preview:-1\" \/>\n<link rel=\"canonical\" href=\"https:\/\/www.cgfmanet.org\/infosfera\/il-creato-ha-bisogno-della-nostra-collaborazione-del-nostro-amore\/\" \/>\n<meta property=\"og:locale\" content=\"es_ES\" \/>\n<meta property=\"og:type\" content=\"article\" \/>\n<meta property=\"og:title\" content=\"La creaci\u00f3n necesita nuestra colaboraci\u00f3n, nuestro amor &#8226; Istituto Figlie di Maria Ausiliatrice\" \/>\n<meta property=\"og:description\" content=\"Mensaje de la Madre Chiara Cazzuola, Superiora General del Instituto de las FMA, con ocasi\u00f3n del Tiempo de la Creaci\u00f3n 2022.\" \/>\n<meta property=\"og:url\" content=\"https:\/\/www.cgfmanet.org\/infosfera\/il-creato-ha-bisogno-della-nostra-collaborazione-del-nostro-amore\/\" \/>\n<meta property=\"og:site_name\" content=\"Istituto Figlie di Maria Ausiliatrice\" \/>\n<meta property=\"article:publisher\" content=\"https:\/\/www.facebook.com\/salesian.sisters.of.don.bosco\/\" \/>\n<meta property=\"article:published_time\" content=\"2022-08-31T14:16:03+00:00\" \/>\n<meta property=\"og:image\" content=\"https:\/\/www.cgfmanet.org\/wp-content\/uploads\/2022\/08\/Madre-Chiara-Tempo-Creato_2.jpg\" \/>\n\t<meta property=\"og:image:width\" content=\"1181\" \/>\n\t<meta property=\"og:image:height\" content=\"787\" \/>\n\t<meta property=\"og:image:type\" content=\"image\/jpeg\" \/>\n<meta name=\"author\" content=\"Redazione\" \/>\n<meta name=\"twitter:card\" content=\"summary_large_image\" \/>\n<meta name=\"twitter:creator\" content=\"@Cgfmanet_Org\" \/>\n<meta name=\"twitter:site\" content=\"@Cgfmanet_Org\" \/>\n<meta name=\"twitter:label1\" content=\"Escrito por\" \/>\n\t<meta name=\"twitter:data1\" content=\"Redazione\" \/>\n\t<meta name=\"twitter:label2\" content=\"Tiempo de lectura\" \/>\n\t<meta name=\"twitter:data2\" content=\"4 minutos\" \/>\n<script type=\"application\/ld+json\" class=\"yoast-schema-graph\">{\"@context\":\"https:\\\/\\\/schema.org\",\"@graph\":[{\"@type\":\"Article\",\"@id\":\"https:\\\/\\\/www.cgfmanet.org\\\/infosfera\\\/il-creato-ha-bisogno-della-nostra-collaborazione-del-nostro-amore\\\/#article\",\"isPartOf\":{\"@id\":\"https:\\\/\\\/www.cgfmanet.org\\\/infosfera\\\/il-creato-ha-bisogno-della-nostra-collaborazione-del-nostro-amore\\\/\"},\"author\":{\"name\":\"Redazione\",\"@id\":\"https:\\\/\\\/www.cgfmanet.org\\\/es\\\/#\\\/schema\\\/person\\\/ce6473083f53ef0ef882cca23f0c8fb9\"},\"headline\":\"La creaci\u00f3n necesita nuestra colaboraci\u00f3n, nuestro amor\",\"datePublished\":\"2022-08-31T14:16:03+00:00\",\"mainEntityOfPage\":{\"@id\":\"https:\\\/\\\/www.cgfmanet.org\\\/infosfera\\\/il-creato-ha-bisogno-della-nostra-collaborazione-del-nostro-amore\\\/\"},\"wordCount\":694,\"commentCount\":2,\"publisher\":{\"@id\":\"https:\\\/\\\/www.cgfmanet.org\\\/es\\\/#organization\"},\"image\":{\"@id\":\"https:\\\/\\\/www.cgfmanet.org\\\/infosfera\\\/il-creato-ha-bisogno-della-nostra-collaborazione-del-nostro-amore\\\/#primaryimage\"},\"thumbnailUrl\":\"https:\\\/\\\/www.cgfmanet.org\\\/wp-content\\\/uploads\\\/2022\\\/08\\\/Madre-Chiara-Tempo-Creato_2.jpg\",\"keywords\":[\"Madre General\",\"ecologia\",\"Chiesa\",\"Focus\",\"Ecumenismo\",\"Madre Chiara Cazzuola\"],\"articleSection\":[\"Infoesfera\",\"Ecolog\u00eda\"],\"inLanguage\":\"es\",\"potentialAction\":[{\"@type\":\"CommentAction\",\"name\":\"Comment\",\"target\":[\"https:\\\/\\\/www.cgfmanet.org\\\/infosfera\\\/il-creato-ha-bisogno-della-nostra-collaborazione-del-nostro-amore\\\/#respond\"]}]},{\"@type\":\"WebPage\",\"@id\":\"https:\\\/\\\/www.cgfmanet.org\\\/infosfera\\\/il-creato-ha-bisogno-della-nostra-collaborazione-del-nostro-amore\\\/\",\"url\":\"https:\\\/\\\/www.cgfmanet.org\\\/infosfera\\\/il-creato-ha-bisogno-della-nostra-collaborazione-del-nostro-amore\\\/\",\"name\":\"La creaci\u00f3n necesita nuestra colaboraci\u00f3n, nuestro amor &#8226; Istituto Figlie di Maria Ausiliatrice\",\"isPartOf\":{\"@id\":\"https:\\\/\\\/www.cgfmanet.org\\\/es\\\/#website\"},\"primaryImageOfPage\":{\"@id\":\"https:\\\/\\\/www.cgfmanet.org\\\/infosfera\\\/il-creato-ha-bisogno-della-nostra-collaborazione-del-nostro-amore\\\/#primaryimage\"},\"image\":{\"@id\":\"https:\\\/\\\/www.cgfmanet.org\\\/infosfera\\\/il-creato-ha-bisogno-della-nostra-collaborazione-del-nostro-amore\\\/#primaryimage\"},\"thumbnailUrl\":\"https:\\\/\\\/www.cgfmanet.org\\\/wp-content\\\/uploads\\\/2022\\\/08\\\/Madre-Chiara-Tempo-Creato_2.jpg\",\"datePublished\":\"2022-08-31T14:16:03+00:00\",\"description\":\"Mensaje de la Madre Chiara Cazzuola, Superiora General del Instituto de las FMA, con ocasi\u00f3n del Tiempo de la Creaci\u00f3n 2022.\",\"breadcrumb\":{\"@id\":\"https:\\\/\\\/www.cgfmanet.org\\\/infosfera\\\/il-creato-ha-bisogno-della-nostra-collaborazione-del-nostro-amore\\\/#breadcrumb\"},\"inLanguage\":\"es\",\"potentialAction\":[{\"@type\":\"ReadAction\",\"target\":[\"https:\\\/\\\/www.cgfmanet.org\\\/infosfera\\\/il-creato-ha-bisogno-della-nostra-collaborazione-del-nostro-amore\\\/\"]}]},{\"@type\":\"ImageObject\",\"inLanguage\":\"es\",\"@id\":\"https:\\\/\\\/www.cgfmanet.org\\\/infosfera\\\/il-creato-ha-bisogno-della-nostra-collaborazione-del-nostro-amore\\\/#primaryimage\",\"url\":\"https:\\\/\\\/www.cgfmanet.org\\\/wp-content\\\/uploads\\\/2022\\\/08\\\/Madre-Chiara-Tempo-Creato_2.jpg\",\"contentUrl\":\"https:\\\/\\\/www.cgfmanet.org\\\/wp-content\\\/uploads\\\/2022\\\/08\\\/Madre-Chiara-Tempo-Creato_2.jpg\",\"width\":1181,\"height\":787},{\"@type\":\"BreadcrumbList\",\"@id\":\"https:\\\/\\\/www.cgfmanet.org\\\/infosfera\\\/il-creato-ha-bisogno-della-nostra-collaborazione-del-nostro-amore\\\/#breadcrumb\",\"itemListElement\":[{\"@type\":\"ListItem\",\"position\":1,\"name\":\"Home\",\"item\":\"https:\\\/\\\/www.cgfmanet.org\\\/es\\\/\"},{\"@type\":\"ListItem\",\"position\":2,\"name\":\"La creaci\u00f3n necesita nuestra colaboraci\u00f3n, nuestro amor\"}]},{\"@type\":\"WebSite\",\"@id\":\"https:\\\/\\\/www.cgfmanet.org\\\/es\\\/#website\",\"url\":\"https:\\\/\\\/www.cgfmanet.org\\\/es\\\/\",\"name\":\"Istituto Figlie di Maria Ausiliatrice\",\"description\":\"Salesiane di Don Bosco\",\"publisher\":{\"@id\":\"https:\\\/\\\/www.cgfmanet.org\\\/es\\\/#organization\"},\"potentialAction\":[{\"@type\":\"SearchAction\",\"target\":{\"@type\":\"EntryPoint\",\"urlTemplate\":\"https:\\\/\\\/www.cgfmanet.org\\\/es\\\/?s={search_term_string}\"},\"query-input\":{\"@type\":\"PropertyValueSpecification\",\"valueRequired\":true,\"valueName\":\"search_term_string\"}}],\"inLanguage\":\"es\"},{\"@type\":\"Organization\",\"@id\":\"https:\\\/\\\/www.cgfmanet.org\\\/es\\\/#organization\",\"name\":\"Istituto Figlie di Maria Ausiliatrice\",\"url\":\"https:\\\/\\\/www.cgfmanet.org\\\/es\\\/\",\"logo\":{\"@type\":\"ImageObject\",\"inLanguage\":\"es\",\"@id\":\"https:\\\/\\\/www.cgfmanet.org\\\/es\\\/#\\\/schema\\\/logo\\\/image\\\/\",\"url\":\"https:\\\/\\\/www.cgfmanet.org\\\/wp-content\\\/uploads\\\/2018\\\/10\\\/logo-fma.png\",\"contentUrl\":\"https:\\\/\\\/www.cgfmanet.org\\\/wp-content\\\/uploads\\\/2018\\\/10\\\/logo-fma.png\",\"width\":214,\"height\":55,\"caption\":\"Istituto Figlie di Maria Ausiliatrice\"},\"image\":{\"@id\":\"https:\\\/\\\/www.cgfmanet.org\\\/es\\\/#\\\/schema\\\/logo\\\/image\\\/\"},\"sameAs\":[\"https:\\\/\\\/www.facebook.com\\\/salesian.sisters.of.don.bosco\\\/\",\"https:\\\/\\\/x.com\\\/Cgfmanet_Org\",\"https:\\\/\\\/www.youtube.com\\\/channel\\\/UCmcr8yFQBV7JXeXVxyV9y5Q\"]},{\"@type\":\"Person\",\"@id\":\"https:\\\/\\\/www.cgfmanet.org\\\/es\\\/#\\\/schema\\\/person\\\/ce6473083f53ef0ef882cca23f0c8fb9\",\"name\":\"Redazione\"}]}<\/script>\n<!-- \/ Yoast SEO plugin. -->","yoast_head_json":{"title":"La creaci\u00f3n necesita nuestra colaboraci\u00f3n, nuestro amor &#8226; Istituto Figlie di Maria Ausiliatrice","description":"Mensaje de la Madre Chiara Cazzuola, Superiora General del Instituto de las FMA, con ocasi\u00f3n del Tiempo de la Creaci\u00f3n 2022.","robots":{"index":"index","follow":"follow","max-snippet":"max-snippet:-1","max-image-preview":"max-image-preview:large","max-video-preview":"max-video-preview:-1"},"canonical":"https:\/\/www.cgfmanet.org\/infosfera\/il-creato-ha-bisogno-della-nostra-collaborazione-del-nostro-amore\/","og_locale":"es_ES","og_type":"article","og_title":"La creaci\u00f3n necesita nuestra colaboraci\u00f3n, nuestro amor &#8226; Istituto Figlie di Maria Ausiliatrice","og_description":"Mensaje de la Madre Chiara Cazzuola, Superiora General del Instituto de las FMA, con ocasi\u00f3n del Tiempo de la Creaci\u00f3n 2022.","og_url":"https:\/\/www.cgfmanet.org\/infosfera\/il-creato-ha-bisogno-della-nostra-collaborazione-del-nostro-amore\/","og_site_name":"Istituto Figlie di Maria Ausiliatrice","article_publisher":"https:\/\/www.facebook.com\/salesian.sisters.of.don.bosco\/","article_published_time":"2022-08-31T14:16:03+00:00","og_image":[{"width":1181,"height":787,"url":"https:\/\/www.cgfmanet.org\/wp-content\/uploads\/2022\/08\/Madre-Chiara-Tempo-Creato_2.jpg","type":"image\/jpeg"}],"author":"Redazione","twitter_card":"summary_large_image","twitter_creator":"@Cgfmanet_Org","twitter_site":"@Cgfmanet_Org","twitter_misc":{"Escrito por":"Redazione","Tiempo de lectura":"4 minutos"},"schema":{"@context":"https:\/\/schema.org","@graph":[{"@type":"Article","@id":"https:\/\/www.cgfmanet.org\/infosfera\/il-creato-ha-bisogno-della-nostra-collaborazione-del-nostro-amore\/#article","isPartOf":{"@id":"https:\/\/www.cgfmanet.org\/infosfera\/il-creato-ha-bisogno-della-nostra-collaborazione-del-nostro-amore\/"},"author":{"name":"Redazione","@id":"https:\/\/www.cgfmanet.org\/es\/#\/schema\/person\/ce6473083f53ef0ef882cca23f0c8fb9"},"headline":"La creaci\u00f3n necesita nuestra colaboraci\u00f3n, nuestro amor","datePublished":"2022-08-31T14:16:03+00:00","mainEntityOfPage":{"@id":"https:\/\/www.cgfmanet.org\/infosfera\/il-creato-ha-bisogno-della-nostra-collaborazione-del-nostro-amore\/"},"wordCount":694,"commentCount":2,"publisher":{"@id":"https:\/\/www.cgfmanet.org\/es\/#organization"},"image":{"@id":"https:\/\/www.cgfmanet.org\/infosfera\/il-creato-ha-bisogno-della-nostra-collaborazione-del-nostro-amore\/#primaryimage"},"thumbnailUrl":"https:\/\/www.cgfmanet.org\/wp-content\/uploads\/2022\/08\/Madre-Chiara-Tempo-Creato_2.jpg","keywords":["Madre General","ecologia","Chiesa","Focus","Ecumenismo","Madre Chiara Cazzuola"],"articleSection":["Infoesfera","Ecolog\u00eda"],"inLanguage":"es","potentialAction":[{"@type":"CommentAction","name":"Comment","target":["https:\/\/www.cgfmanet.org\/infosfera\/il-creato-ha-bisogno-della-nostra-collaborazione-del-nostro-amore\/#respond"]}]},{"@type":"WebPage","@id":"https:\/\/www.cgfmanet.org\/infosfera\/il-creato-ha-bisogno-della-nostra-collaborazione-del-nostro-amore\/","url":"https:\/\/www.cgfmanet.org\/infosfera\/il-creato-ha-bisogno-della-nostra-collaborazione-del-nostro-amore\/","name":"La creaci\u00f3n necesita nuestra colaboraci\u00f3n, nuestro amor &#8226; Istituto Figlie di Maria Ausiliatrice","isPartOf":{"@id":"https:\/\/www.cgfmanet.org\/es\/#website"},"primaryImageOfPage":{"@id":"https:\/\/www.cgfmanet.org\/infosfera\/il-creato-ha-bisogno-della-nostra-collaborazione-del-nostro-amore\/#primaryimage"},"image":{"@id":"https:\/\/www.cgfmanet.org\/infosfera\/il-creato-ha-bisogno-della-nostra-collaborazione-del-nostro-amore\/#primaryimage"},"thumbnailUrl":"https:\/\/www.cgfmanet.org\/wp-content\/uploads\/2022\/08\/Madre-Chiara-Tempo-Creato_2.jpg","datePublished":"2022-08-31T14:16:03+00:00","description":"Mensaje de la Madre Chiara Cazzuola, Superiora General del Instituto de las FMA, con ocasi\u00f3n del Tiempo de la Creaci\u00f3n 2022.","breadcrumb":{"@id":"https:\/\/www.cgfmanet.org\/infosfera\/il-creato-ha-bisogno-della-nostra-collaborazione-del-nostro-amore\/#breadcrumb"},"inLanguage":"es","potentialAction":[{"@type":"ReadAction","target":["https:\/\/www.cgfmanet.org\/infosfera\/il-creato-ha-bisogno-della-nostra-collaborazione-del-nostro-amore\/"]}]},{"@type":"ImageObject","inLanguage":"es","@id":"https:\/\/www.cgfmanet.org\/infosfera\/il-creato-ha-bisogno-della-nostra-collaborazione-del-nostro-amore\/#primaryimage","url":"https:\/\/www.cgfmanet.org\/wp-content\/uploads\/2022\/08\/Madre-Chiara-Tempo-Creato_2.jpg","contentUrl":"https:\/\/www.cgfmanet.org\/wp-content\/uploads\/2022\/08\/Madre-Chiara-Tempo-Creato_2.jpg","width":1181,"height":787},{"@type":"BreadcrumbList","@id":"https:\/\/www.cgfmanet.org\/infosfera\/il-creato-ha-bisogno-della-nostra-collaborazione-del-nostro-amore\/#breadcrumb","itemListElement":[{"@type":"ListItem","position":1,"name":"Home","item":"https:\/\/www.cgfmanet.org\/es\/"},{"@type":"ListItem","position":2,"name":"La creaci\u00f3n necesita nuestra colaboraci\u00f3n, nuestro amor"}]},{"@type":"WebSite","@id":"https:\/\/www.cgfmanet.org\/es\/#website","url":"https:\/\/www.cgfmanet.org\/es\/","name":"Istituto Figlie di Maria Ausiliatrice","description":"Salesiane di Don Bosco","publisher":{"@id":"https:\/\/www.cgfmanet.org\/es\/#organization"},"potentialAction":[{"@type":"SearchAction","target":{"@type":"EntryPoint","urlTemplate":"https:\/\/www.cgfmanet.org\/es\/?s={search_term_string}"},"query-input":{"@type":"PropertyValueSpecification","valueRequired":true,"valueName":"search_term_string"}}],"inLanguage":"es"},{"@type":"Organization","@id":"https:\/\/www.cgfmanet.org\/es\/#organization","name":"Istituto Figlie di Maria Ausiliatrice","url":"https:\/\/www.cgfmanet.org\/es\/","logo":{"@type":"ImageObject","inLanguage":"es","@id":"https:\/\/www.cgfmanet.org\/es\/#\/schema\/logo\/image\/","url":"https:\/\/www.cgfmanet.org\/wp-content\/uploads\/2018\/10\/logo-fma.png","contentUrl":"https:\/\/www.cgfmanet.org\/wp-content\/uploads\/2018\/10\/logo-fma.png","width":214,"height":55,"caption":"Istituto Figlie di Maria Ausiliatrice"},"image":{"@id":"https:\/\/www.cgfmanet.org\/es\/#\/schema\/logo\/image\/"},"sameAs":["https:\/\/www.facebook.com\/salesian.sisters.of.don.bosco\/","https:\/\/x.com\/Cgfmanet_Org","https:\/\/www.youtube.com\/channel\/UCmcr8yFQBV7JXeXVxyV9y5Q"]},{"@type":"Person","@id":"https:\/\/www.cgfmanet.org\/es\/#\/schema\/person\/ce6473083f53ef0ef882cca23f0c8fb9","name":"Redazione"}]}},"_links":{"self":[{"href":"https:\/\/www.cgfmanet.org\/es\/wp-json\/wp\/v2\/posts\/73977","targetHints":{"allow":["GET"]}}],"collection":[{"href":"https:\/\/www.cgfmanet.org\/es\/wp-json\/wp\/v2\/posts"}],"about":[{"href":"https:\/\/www.cgfmanet.org\/es\/wp-json\/wp\/v2\/types\/post"}],"author":[{"embeddable":true,"href":"https:\/\/www.cgfmanet.org\/es\/wp-json\/wp\/v2\/users\/21"}],"replies":[{"embeddable":true,"href":"https:\/\/www.cgfmanet.org\/es\/wp-json\/wp\/v2\/comments?post=73977"}],"version-history":[{"count":0,"href":"https:\/\/www.cgfmanet.org\/es\/wp-json\/wp\/v2\/posts\/73977\/revisions"}],"wp:featuredmedia":[{"embeddable":true,"href":"https:\/\/www.cgfmanet.org\/es\/wp-json\/wp\/v2\/media\/73986"}],"wp:attachment":[{"href":"https:\/\/www.cgfmanet.org\/es\/wp-json\/wp\/v2\/media?parent=73977"}],"wp:term":[{"taxonomy":"category","embeddable":true,"href":"https:\/\/www.cgfmanet.org\/es\/wp-json\/wp\/v2\/categories?post=73977"},{"taxonomy":"post_tag","embeddable":true,"href":"https:\/\/www.cgfmanet.org\/es\/wp-json\/wp\/v2\/tags?post=73977"}],"curies":[{"name":"wp","href":"https:\/\/api.w.org\/{rel}","templated":true}]}}