{"id":70915,"date":"2022-07-13T16:05:10","date_gmt":"2022-07-13T14:05:10","guid":{"rendered":"https:\/\/www.cgfmanet.org\/infoesfera\/nomina-del-vaticano-per-madre-yvonne-reungoat\/"},"modified":"2022-07-14T11:15:28","modified_gmt":"2022-07-14T09:15:28","slug":"nombramiento-del-vaticano-a-madre-yvonne-reungoat","status":"publish","type":"post","link":"https:\/\/www.cgfmanet.org\/es\/infoesfera\/nombramiento-del-vaticano-a-madre-yvonne-reungoat\/","title":{"rendered":"Nombramiento del Vaticano a Madre Yvonne Reungoat"},"content":{"rendered":"<p><strong>Roma (Italia).<\/strong>\u00a0El 13 de julio de 2022, el Santo Padre nombr\u00f3 a tres mujeres, adem\u00e1s de once entre Cardenales y Monse\u00f1ores, Miembros del Dicasterio para los Obispos: Sor Yvonne Reungoat, Superiora em\u00e9rita del Instituto de las Hijas de\u00a0Mar\u00eda Auxiliadora, Sor Raffaella Petrini, Hermana Franciscana de la Eucarist\u00eda (F.S.E.), \u00a0Secretaria General de la Gobernaci\u00f3n del Estado de la Ciudad del Vaticano, y la Dra. Maria Lia Zervino, Presidenta de la Uni\u00f3n Mundial de Organizaciones de Mujeres Cat\u00f3licas.<\/p>\n<p><strong>Madre Yvonne Reungoat\u00a0<\/strong>fue la 9\u00aa Superiora General del Instituto de las Hijas de Mar\u00eda Auxiliadora. Nacida el 14 de enero de 1945 en Plou\u00e9nan en Francia, emite la Profesi\u00f3n Religiosa como FMA el 5 de\u00a0agosto\u00a0de 1965. Graduada en Literatura-Historia-Geograf\u00eda por la Universidad de Lyon, Francia, se dedica a ense\u00f1ar hasta el 1980, despu\u00e9s es Animadora de comunidad en Li\u00f3n, Par\u00eds, (1977-1983), Vicaria inspectorial (1978 \u2013 1983) e Inspectora en Par\u00eds (1983-1989). En 1991 es elegida Superiora de la Provincia Africana de la Madre de Dios con sede en Lom\u00e9 (Togo). En el Cap\u00edtulo General XX, en 1996, es elegida Consejera General Visitadora y en 2002, en el CG XXI, Vicaria General. En 2008, en el CG XXII, es elegida Madre General y el Cap\u00edtulo General XXIII de 2014 la eligi\u00f3 un segundo sexenio.<\/p>\n<p>Desde el 2018, Madre Yvonne es Presidenta de la Uni\u00f3n de Superiores Mayores de Italia (USMI) y desde 2019 es miembro de la Congregaci\u00f3n para la Vida Consagrada y las Sociedades de Vida Apost\u00f3lica.<\/p>\n<p><strong>El Dicasterio para los Obispos<\/strong>\u00a0prev\u00e9 todo lo relacionado con el nombramiento de Obispos, diocesanos y titulares, de Administradores apost\u00f3licos y en general, con la provisi\u00f3n de iglesias particulares, teniendo en cuenta las propuestas de las Iglesias particulares, las Conferencias episcopales y las Representaciones Pontificias y despu\u00e9s de haber consultado a los miembros de la Presidencia de la respectiva Conferencia episcopal y al Metropolitano. En este proceso se implica en formas apropiadas tambi\u00e9n a los miembros del pueblo de Dios de las Di\u00f3cesis interesadas.<\/p>\n<p>El augurio de Madre Chiara Cazzuola, Superiora general del Instituto de las Hijas de\u00a0Mar\u00eda Auxiliadora, a Madre Yvonne Reungoat:<\/p>\n<p><em>\u00abMientras nos regocijamos con usted por este nuevo nombramiento, signo de la gran confianza de la Iglesia en su persona y en todo el Instituto, le deseamos una buena misi\u00f3n. Estaremos cercanas a usted con afecto y gratitud. Acompa\u00f1aremos este nuevo camino con la oraci\u00f3n y el compromiso de nuestra fidelidad a la Iglesia y al Papa.<\/em><\/p>\n<p><em>Gracias Madre Yvonne por su disponibilidad y por la respuesta pronta y serena a esta nueva llamada que, en el a\u00f1o en que celebramos los 150 a\u00f1os de la Fundaci\u00f3n del Instituto de las FMA, es un don y un signo de la fecundidad del carisma.<\/em><\/p>\n<p><em>Que\u00a0<\/em><em>Mar<\/em><em>\u00eda Auxiliadora preceda, gu\u00ede y acompa\u00f1e su camino como ya ha hecho en los or\u00edgenes de nuestro Instituto hace 150 a\u00f1os. Con todas las Hijas de\u00a0<\/em><em>Mar<\/em><em>\u00eda Auxiliadora del mundo, \u00a1buen camino!\u201d.<\/em><\/p>\n","protected":false},"excerpt":{"rendered":"<p>Roma (Italia).\u00a0El 13 de julio de 2022, el Santo Padre nombr\u00f3 a tres mujeres, adem\u00e1s de once entre Cardenales y Monse\u00f1ores, Miembros del Dicasterio para los Obispos: Sor Yvonne Reungoat, [&hellip;]<\/p>\n","protected":false},"author":21,"featured_media":70934,"comment_status":"open","ping_status":"closed","sticky":false,"template":"","format":"standard","meta":{"footnotes":""},"categories":[39,191],"tags":[375,410,1670,1931,2278],"class_list":["post-70915","post","type-post","status-publish","format-standard","has-post-thumbnail","category-infoesfera","category-iglesia","tag-madre-yvonne-reungoat-es","tag-papa-francisco","tag-carisma-salesiano-es","tag-focus-es","tag-150-ifma-es"],"yoast_head":"<!-- This site is optimized with the Yoast SEO plugin v27.4 - https:\/\/yoast.com\/product\/yoast-seo-wordpress\/ -->\n<title>Nombramiento del Vaticano a Madre Yvonne Reungoat &#8226; Istituto Figlie di Maria Ausiliatrice<\/title>\n<meta name=\"description\" content=\"El Santo Padre ha nombrado a Madre Yvonne Reungoat, Superiora em\u00e9rita del Instituto de las Hijas de Mar\u00eda Auxiliadora, Miembro del Dicasterio para los Obispos.\" \/>\n<meta name=\"robots\" content=\"index, follow, max-snippet:-1, max-image-preview:large, max-video-preview:-1\" \/>\n<link rel=\"canonical\" href=\"https:\/\/www.cgfmanet.org\/infosfera\/chiesa\/nomina-del-vaticano-per-madre-yvonne-reungoat\/\" \/>\n<meta property=\"og:locale\" content=\"es_ES\" \/>\n<meta property=\"og:type\" content=\"article\" \/>\n<meta property=\"og:title\" content=\"Nombramiento del Vaticano a Madre Yvonne Reungoat &#8226; Istituto Figlie di Maria Ausiliatrice\" \/>\n<meta property=\"og:description\" content=\"El Santo Padre ha nombrado a Madre Yvonne Reungoat, Superiora em\u00e9rita del Instituto de las Hijas de Mar\u00eda Auxiliadora, Miembro del Dicasterio para los Obispos.\" \/>\n<meta property=\"og:url\" content=\"https:\/\/www.cgfmanet.org\/infosfera\/chiesa\/nomina-del-vaticano-per-madre-yvonne-reungoat\/\" \/>\n<meta property=\"og:site_name\" content=\"Istituto Figlie di Maria Ausiliatrice\" \/>\n<meta property=\"article:publisher\" content=\"https:\/\/www.facebook.com\/salesian.sisters.of.don.bosco\/\" \/>\n<meta property=\"article:published_time\" content=\"2022-07-13T14:05:10+00:00\" \/>\n<meta property=\"article:modified_time\" content=\"2022-07-14T09:15:28+00:00\" \/>\n<meta property=\"og:image\" content=\"https:\/\/www.cgfmanet.org\/wp-content\/uploads\/2022\/07\/Madre-Yvonne_Papa-Francesco_ok.jpg\" \/>\n\t<meta property=\"og:image:width\" content=\"1181\" \/>\n\t<meta property=\"og:image:height\" content=\"788\" \/>\n\t<meta property=\"og:image:type\" content=\"image\/jpeg\" \/>\n<meta name=\"author\" content=\"Redazione\" \/>\n<meta name=\"twitter:card\" content=\"summary_large_image\" \/>\n<meta name=\"twitter:creator\" content=\"@Cgfmanet_Org\" \/>\n<meta name=\"twitter:site\" content=\"@Cgfmanet_Org\" \/>\n<meta name=\"twitter:label1\" content=\"Escrito por\" \/>\n\t<meta name=\"twitter:data1\" content=\"Redazione\" \/>\n\t<meta name=\"twitter:label2\" content=\"Tiempo de lectura\" \/>\n\t<meta name=\"twitter:data2\" content=\"3 minutos\" \/>\n<script type=\"application\/ld+json\" class=\"yoast-schema-graph\">{\"@context\":\"https:\\\/\\\/schema.org\",\"@graph\":[{\"@type\":\"Article\",\"@id\":\"https:\\\/\\\/www.cgfmanet.org\\\/infosfera\\\/chiesa\\\/nomina-del-vaticano-per-madre-yvonne-reungoat\\\/#article\",\"isPartOf\":{\"@id\":\"https:\\\/\\\/www.cgfmanet.org\\\/infosfera\\\/chiesa\\\/nomina-del-vaticano-per-madre-yvonne-reungoat\\\/\"},\"author\":{\"name\":\"Redazione\",\"@id\":\"https:\\\/\\\/www.cgfmanet.org\\\/es\\\/#\\\/schema\\\/person\\\/ce6473083f53ef0ef882cca23f0c8fb9\"},\"headline\":\"Nombramiento del Vaticano a Madre Yvonne Reungoat\",\"datePublished\":\"2022-07-13T14:05:10+00:00\",\"dateModified\":\"2022-07-14T09:15:28+00:00\",\"mainEntityOfPage\":{\"@id\":\"https:\\\/\\\/www.cgfmanet.org\\\/infosfera\\\/chiesa\\\/nomina-del-vaticano-per-madre-yvonne-reungoat\\\/\"},\"wordCount\":517,\"commentCount\":20,\"publisher\":{\"@id\":\"https:\\\/\\\/www.cgfmanet.org\\\/es\\\/#organization\"},\"image\":{\"@id\":\"https:\\\/\\\/www.cgfmanet.org\\\/infosfera\\\/chiesa\\\/nomina-del-vaticano-per-madre-yvonne-reungoat\\\/#primaryimage\"},\"thumbnailUrl\":\"https:\\\/\\\/www.cgfmanet.org\\\/wp-content\\\/uploads\\\/2022\\\/07\\\/Madre-Yvonne_Papa-Francesco_ok.jpg\",\"keywords\":[\"Madre Yvonne Reungoat\",\"Papa Francisco\",\"Carisma salesiano\",\"Focus\",\"150\u00b0 IFMA\"],\"articleSection\":[\"Infoesfera\",\"Iglesia\"],\"inLanguage\":\"es\",\"potentialAction\":[{\"@type\":\"CommentAction\",\"name\":\"Comment\",\"target\":[\"https:\\\/\\\/www.cgfmanet.org\\\/infosfera\\\/chiesa\\\/nomina-del-vaticano-per-madre-yvonne-reungoat\\\/#respond\"]}]},{\"@type\":\"WebPage\",\"@id\":\"https:\\\/\\\/www.cgfmanet.org\\\/infosfera\\\/chiesa\\\/nomina-del-vaticano-per-madre-yvonne-reungoat\\\/\",\"url\":\"https:\\\/\\\/www.cgfmanet.org\\\/infosfera\\\/chiesa\\\/nomina-del-vaticano-per-madre-yvonne-reungoat\\\/\",\"name\":\"Nombramiento del Vaticano a Madre Yvonne Reungoat &#8226; Istituto Figlie di Maria Ausiliatrice\",\"isPartOf\":{\"@id\":\"https:\\\/\\\/www.cgfmanet.org\\\/es\\\/#website\"},\"primaryImageOfPage\":{\"@id\":\"https:\\\/\\\/www.cgfmanet.org\\\/infosfera\\\/chiesa\\\/nomina-del-vaticano-per-madre-yvonne-reungoat\\\/#primaryimage\"},\"image\":{\"@id\":\"https:\\\/\\\/www.cgfmanet.org\\\/infosfera\\\/chiesa\\\/nomina-del-vaticano-per-madre-yvonne-reungoat\\\/#primaryimage\"},\"thumbnailUrl\":\"https:\\\/\\\/www.cgfmanet.org\\\/wp-content\\\/uploads\\\/2022\\\/07\\\/Madre-Yvonne_Papa-Francesco_ok.jpg\",\"datePublished\":\"2022-07-13T14:05:10+00:00\",\"dateModified\":\"2022-07-14T09:15:28+00:00\",\"description\":\"El Santo Padre ha nombrado a Madre Yvonne Reungoat, Superiora em\u00e9rita del Instituto de las Hijas de Mar\u00eda Auxiliadora, Miembro del Dicasterio para los Obispos.\",\"breadcrumb\":{\"@id\":\"https:\\\/\\\/www.cgfmanet.org\\\/infosfera\\\/chiesa\\\/nomina-del-vaticano-per-madre-yvonne-reungoat\\\/#breadcrumb\"},\"inLanguage\":\"es\",\"potentialAction\":[{\"@type\":\"ReadAction\",\"target\":[\"https:\\\/\\\/www.cgfmanet.org\\\/infosfera\\\/chiesa\\\/nomina-del-vaticano-per-madre-yvonne-reungoat\\\/\"]}]},{\"@type\":\"ImageObject\",\"inLanguage\":\"es\",\"@id\":\"https:\\\/\\\/www.cgfmanet.org\\\/infosfera\\\/chiesa\\\/nomina-del-vaticano-per-madre-yvonne-reungoat\\\/#primaryimage\",\"url\":\"https:\\\/\\\/www.cgfmanet.org\\\/wp-content\\\/uploads\\\/2022\\\/07\\\/Madre-Yvonne_Papa-Francesco_ok.jpg\",\"contentUrl\":\"https:\\\/\\\/www.cgfmanet.org\\\/wp-content\\\/uploads\\\/2022\\\/07\\\/Madre-Yvonne_Papa-Francesco_ok.jpg\",\"width\":1181,\"height\":788,\"caption\":\"image description\"},{\"@type\":\"BreadcrumbList\",\"@id\":\"https:\\\/\\\/www.cgfmanet.org\\\/infosfera\\\/chiesa\\\/nomina-del-vaticano-per-madre-yvonne-reungoat\\\/#breadcrumb\",\"itemListElement\":[{\"@type\":\"ListItem\",\"position\":1,\"name\":\"Home\",\"item\":\"https:\\\/\\\/www.cgfmanet.org\\\/es\\\/\"},{\"@type\":\"ListItem\",\"position\":2,\"name\":\"Nombramiento del Vaticano a Madre Yvonne Reungoat\"}]},{\"@type\":\"WebSite\",\"@id\":\"https:\\\/\\\/www.cgfmanet.org\\\/es\\\/#website\",\"url\":\"https:\\\/\\\/www.cgfmanet.org\\\/es\\\/\",\"name\":\"Istituto Figlie di Maria Ausiliatrice\",\"description\":\"Salesiane di Don Bosco\",\"publisher\":{\"@id\":\"https:\\\/\\\/www.cgfmanet.org\\\/es\\\/#organization\"},\"potentialAction\":[{\"@type\":\"SearchAction\",\"target\":{\"@type\":\"EntryPoint\",\"urlTemplate\":\"https:\\\/\\\/www.cgfmanet.org\\\/es\\\/?s={search_term_string}\"},\"query-input\":{\"@type\":\"PropertyValueSpecification\",\"valueRequired\":true,\"valueName\":\"search_term_string\"}}],\"inLanguage\":\"es\"},{\"@type\":\"Organization\",\"@id\":\"https:\\\/\\\/www.cgfmanet.org\\\/es\\\/#organization\",\"name\":\"Istituto Figlie di Maria Ausiliatrice\",\"url\":\"https:\\\/\\\/www.cgfmanet.org\\\/es\\\/\",\"logo\":{\"@type\":\"ImageObject\",\"inLanguage\":\"es\",\"@id\":\"https:\\\/\\\/www.cgfmanet.org\\\/es\\\/#\\\/schema\\\/logo\\\/image\\\/\",\"url\":\"https:\\\/\\\/www.cgfmanet.org\\\/wp-content\\\/uploads\\\/2018\\\/10\\\/logo-fma.png\",\"contentUrl\":\"https:\\\/\\\/www.cgfmanet.org\\\/wp-content\\\/uploads\\\/2018\\\/10\\\/logo-fma.png\",\"width\":214,\"height\":55,\"caption\":\"Istituto Figlie di Maria Ausiliatrice\"},\"image\":{\"@id\":\"https:\\\/\\\/www.cgfmanet.org\\\/es\\\/#\\\/schema\\\/logo\\\/image\\\/\"},\"sameAs\":[\"https:\\\/\\\/www.facebook.com\\\/salesian.sisters.of.don.bosco\\\/\",\"https:\\\/\\\/x.com\\\/Cgfmanet_Org\",\"https:\\\/\\\/www.youtube.com\\\/channel\\\/UCmcr8yFQBV7JXeXVxyV9y5Q\"]},{\"@type\":\"Person\",\"@id\":\"https:\\\/\\\/www.cgfmanet.org\\\/es\\\/#\\\/schema\\\/person\\\/ce6473083f53ef0ef882cca23f0c8fb9\",\"name\":\"Redazione\"}]}<\/script>\n<!-- \/ Yoast SEO plugin. -->","yoast_head_json":{"title":"Nombramiento del Vaticano a Madre Yvonne Reungoat &#8226; Istituto Figlie di Maria Ausiliatrice","description":"El Santo Padre ha nombrado a Madre Yvonne Reungoat, Superiora em\u00e9rita del Instituto de las Hijas de Mar\u00eda Auxiliadora, Miembro del Dicasterio para los Obispos.","robots":{"index":"index","follow":"follow","max-snippet":"max-snippet:-1","max-image-preview":"max-image-preview:large","max-video-preview":"max-video-preview:-1"},"canonical":"https:\/\/www.cgfmanet.org\/infosfera\/chiesa\/nomina-del-vaticano-per-madre-yvonne-reungoat\/","og_locale":"es_ES","og_type":"article","og_title":"Nombramiento del Vaticano a Madre Yvonne Reungoat &#8226; Istituto Figlie di Maria Ausiliatrice","og_description":"El Santo Padre ha nombrado a Madre Yvonne Reungoat, Superiora em\u00e9rita del Instituto de las Hijas de Mar\u00eda Auxiliadora, Miembro del Dicasterio para los Obispos.","og_url":"https:\/\/www.cgfmanet.org\/infosfera\/chiesa\/nomina-del-vaticano-per-madre-yvonne-reungoat\/","og_site_name":"Istituto Figlie di Maria Ausiliatrice","article_publisher":"https:\/\/www.facebook.com\/salesian.sisters.of.don.bosco\/","article_published_time":"2022-07-13T14:05:10+00:00","article_modified_time":"2022-07-14T09:15:28+00:00","og_image":[{"width":1181,"height":788,"url":"https:\/\/www.cgfmanet.org\/wp-content\/uploads\/2022\/07\/Madre-Yvonne_Papa-Francesco_ok.jpg","type":"image\/jpeg"}],"author":"Redazione","twitter_card":"summary_large_image","twitter_creator":"@Cgfmanet_Org","twitter_site":"@Cgfmanet_Org","twitter_misc":{"Escrito por":"Redazione","Tiempo de lectura":"3 minutos"},"schema":{"@context":"https:\/\/schema.org","@graph":[{"@type":"Article","@id":"https:\/\/www.cgfmanet.org\/infosfera\/chiesa\/nomina-del-vaticano-per-madre-yvonne-reungoat\/#article","isPartOf":{"@id":"https:\/\/www.cgfmanet.org\/infosfera\/chiesa\/nomina-del-vaticano-per-madre-yvonne-reungoat\/"},"author":{"name":"Redazione","@id":"https:\/\/www.cgfmanet.org\/es\/#\/schema\/person\/ce6473083f53ef0ef882cca23f0c8fb9"},"headline":"Nombramiento del Vaticano a Madre Yvonne Reungoat","datePublished":"2022-07-13T14:05:10+00:00","dateModified":"2022-07-14T09:15:28+00:00","mainEntityOfPage":{"@id":"https:\/\/www.cgfmanet.org\/infosfera\/chiesa\/nomina-del-vaticano-per-madre-yvonne-reungoat\/"},"wordCount":517,"commentCount":20,"publisher":{"@id":"https:\/\/www.cgfmanet.org\/es\/#organization"},"image":{"@id":"https:\/\/www.cgfmanet.org\/infosfera\/chiesa\/nomina-del-vaticano-per-madre-yvonne-reungoat\/#primaryimage"},"thumbnailUrl":"https:\/\/www.cgfmanet.org\/wp-content\/uploads\/2022\/07\/Madre-Yvonne_Papa-Francesco_ok.jpg","keywords":["Madre Yvonne Reungoat","Papa Francisco","Carisma salesiano","Focus","150\u00b0 IFMA"],"articleSection":["Infoesfera","Iglesia"],"inLanguage":"es","potentialAction":[{"@type":"CommentAction","name":"Comment","target":["https:\/\/www.cgfmanet.org\/infosfera\/chiesa\/nomina-del-vaticano-per-madre-yvonne-reungoat\/#respond"]}]},{"@type":"WebPage","@id":"https:\/\/www.cgfmanet.org\/infosfera\/chiesa\/nomina-del-vaticano-per-madre-yvonne-reungoat\/","url":"https:\/\/www.cgfmanet.org\/infosfera\/chiesa\/nomina-del-vaticano-per-madre-yvonne-reungoat\/","name":"Nombramiento del Vaticano a Madre Yvonne Reungoat &#8226; Istituto Figlie di Maria Ausiliatrice","isPartOf":{"@id":"https:\/\/www.cgfmanet.org\/es\/#website"},"primaryImageOfPage":{"@id":"https:\/\/www.cgfmanet.org\/infosfera\/chiesa\/nomina-del-vaticano-per-madre-yvonne-reungoat\/#primaryimage"},"image":{"@id":"https:\/\/www.cgfmanet.org\/infosfera\/chiesa\/nomina-del-vaticano-per-madre-yvonne-reungoat\/#primaryimage"},"thumbnailUrl":"https:\/\/www.cgfmanet.org\/wp-content\/uploads\/2022\/07\/Madre-Yvonne_Papa-Francesco_ok.jpg","datePublished":"2022-07-13T14:05:10+00:00","dateModified":"2022-07-14T09:15:28+00:00","description":"El Santo Padre ha nombrado a Madre Yvonne Reungoat, Superiora em\u00e9rita del Instituto de las Hijas de Mar\u00eda Auxiliadora, Miembro del Dicasterio para los Obispos.","breadcrumb":{"@id":"https:\/\/www.cgfmanet.org\/infosfera\/chiesa\/nomina-del-vaticano-per-madre-yvonne-reungoat\/#breadcrumb"},"inLanguage":"es","potentialAction":[{"@type":"ReadAction","target":["https:\/\/www.cgfmanet.org\/infosfera\/chiesa\/nomina-del-vaticano-per-madre-yvonne-reungoat\/"]}]},{"@type":"ImageObject","inLanguage":"es","@id":"https:\/\/www.cgfmanet.org\/infosfera\/chiesa\/nomina-del-vaticano-per-madre-yvonne-reungoat\/#primaryimage","url":"https:\/\/www.cgfmanet.org\/wp-content\/uploads\/2022\/07\/Madre-Yvonne_Papa-Francesco_ok.jpg","contentUrl":"https:\/\/www.cgfmanet.org\/wp-content\/uploads\/2022\/07\/Madre-Yvonne_Papa-Francesco_ok.jpg","width":1181,"height":788,"caption":"image description"},{"@type":"BreadcrumbList","@id":"https:\/\/www.cgfmanet.org\/infosfera\/chiesa\/nomina-del-vaticano-per-madre-yvonne-reungoat\/#breadcrumb","itemListElement":[{"@type":"ListItem","position":1,"name":"Home","item":"https:\/\/www.cgfmanet.org\/es\/"},{"@type":"ListItem","position":2,"name":"Nombramiento del Vaticano a Madre Yvonne Reungoat"}]},{"@type":"WebSite","@id":"https:\/\/www.cgfmanet.org\/es\/#website","url":"https:\/\/www.cgfmanet.org\/es\/","name":"Istituto Figlie di Maria Ausiliatrice","description":"Salesiane di Don Bosco","publisher":{"@id":"https:\/\/www.cgfmanet.org\/es\/#organization"},"potentialAction":[{"@type":"SearchAction","target":{"@type":"EntryPoint","urlTemplate":"https:\/\/www.cgfmanet.org\/es\/?s={search_term_string}"},"query-input":{"@type":"PropertyValueSpecification","valueRequired":true,"valueName":"search_term_string"}}],"inLanguage":"es"},{"@type":"Organization","@id":"https:\/\/www.cgfmanet.org\/es\/#organization","name":"Istituto Figlie di Maria Ausiliatrice","url":"https:\/\/www.cgfmanet.org\/es\/","logo":{"@type":"ImageObject","inLanguage":"es","@id":"https:\/\/www.cgfmanet.org\/es\/#\/schema\/logo\/image\/","url":"https:\/\/www.cgfmanet.org\/wp-content\/uploads\/2018\/10\/logo-fma.png","contentUrl":"https:\/\/www.cgfmanet.org\/wp-content\/uploads\/2018\/10\/logo-fma.png","width":214,"height":55,"caption":"Istituto Figlie di Maria Ausiliatrice"},"image":{"@id":"https:\/\/www.cgfmanet.org\/es\/#\/schema\/logo\/image\/"},"sameAs":["https:\/\/www.facebook.com\/salesian.sisters.of.don.bosco\/","https:\/\/x.com\/Cgfmanet_Org","https:\/\/www.youtube.com\/channel\/UCmcr8yFQBV7JXeXVxyV9y5Q"]},{"@type":"Person","@id":"https:\/\/www.cgfmanet.org\/es\/#\/schema\/person\/ce6473083f53ef0ef882cca23f0c8fb9","name":"Redazione"}]}},"_links":{"self":[{"href":"https:\/\/www.cgfmanet.org\/es\/wp-json\/wp\/v2\/posts\/70915","targetHints":{"allow":["GET"]}}],"collection":[{"href":"https:\/\/www.cgfmanet.org\/es\/wp-json\/wp\/v2\/posts"}],"about":[{"href":"https:\/\/www.cgfmanet.org\/es\/wp-json\/wp\/v2\/types\/post"}],"author":[{"embeddable":true,"href":"https:\/\/www.cgfmanet.org\/es\/wp-json\/wp\/v2\/users\/21"}],"replies":[{"embeddable":true,"href":"https:\/\/www.cgfmanet.org\/es\/wp-json\/wp\/v2\/comments?post=70915"}],"version-history":[{"count":0,"href":"https:\/\/www.cgfmanet.org\/es\/wp-json\/wp\/v2\/posts\/70915\/revisions"}],"wp:featuredmedia":[{"embeddable":true,"href":"https:\/\/www.cgfmanet.org\/es\/wp-json\/wp\/v2\/media\/70934"}],"wp:attachment":[{"href":"https:\/\/www.cgfmanet.org\/es\/wp-json\/wp\/v2\/media?parent=70915"}],"wp:term":[{"taxonomy":"category","embeddable":true,"href":"https:\/\/www.cgfmanet.org\/es\/wp-json\/wp\/v2\/categories?post=70915"},{"taxonomy":"post_tag","embeddable":true,"href":"https:\/\/www.cgfmanet.org\/es\/wp-json\/wp\/v2\/tags?post=70915"}],"curies":[{"name":"wp","href":"https:\/\/api.w.org\/{rel}","templated":true}]}}