{"id":68224,"date":"2022-05-25T09:44:59","date_gmt":"2022-05-25T07:44:59","guid":{"rendered":"https:\/\/www.cgfmanet.org\/infoesfera\/50-delle-fma-a-port-gentil-gabon\/"},"modified":"2022-05-28T00:19:36","modified_gmt":"2022-05-27T22:19:36","slug":"50-de-las-fma-en-port-gentil-gabon","status":"publish","type":"post","link":"https:\/\/www.cgfmanet.org\/es\/ifma-es\/50-de-las-fma-en-port-gentil-gabon\/","title":{"rendered":"50\u00b0 de las FMA en Port Gentil &#8211; Gab\u00f3n"},"content":{"rendered":"<p><strong>Port Gentil (Gab\u00f3n).\u00a0<\/strong>E<strong>l<\/strong>\u00a015 de mayo de 2022, la Comunidad\u00a0Mar\u00eda Auxiliadira de Port Gentil, en Gab\u00f3n, de la Inspector\u00eda\u00a0<em>S. Maria D. Mazzarello<\/em>\u00a0(AEC), celebr\u00f3 el 50\u00b0 aniversario de presencia.<\/p>\n<p>En el evento participaron la Inspectora, sor Leen Mestagh con el Consejo Inspectorial y algunas FMA de las otras dos Comunidades de Gab\u00f3n, Oyem y Libreville. Sor Maria Rohrer, de la Comunidad\u00a0<em>N. S. de Cartagine<\/em>, de La Marse, en Tunicia, de la Inspector\u00eda\u00a0<em>Notre Dame des Nations<\/em>\u00a0(FRB), represent\u00f3 a las FMA de Francia y a las primeras hermanas francesas llegadas a Port Gentil.<\/p>\n<p>En el mismo d\u00eda, la Inspector\u00eda AEC tambi\u00e9n celebr\u00f3 la Fiesta de la Gratitud a la Inspectora, en nombre de todas las Comunidades Educativas de Camer\u00fan, Congo Brazzaville, Gab\u00f3n y Guinea Ecuatorial.<\/p>\n<p>El tema que gui\u00f3 los festejos, \u201c<strong>de las ra\u00edces a los racimos\u201d,<\/strong>\u00a0fue objeto de conferencias, espect\u00e1culos, vigilias de oraci\u00f3n en toda la ciudad de Port Gentil, que ha recibido mucho del Carisma salesiano. Los padres de los estudiantes y los Salesianos Cooperadores expresaron su alegr\u00eda participando activamente en la acogida y la organizaci\u00f3n de la fiesta.<\/p>\n<p>Las celebraciones constituyeron un momento de alegr\u00eda y de agradecimiento por parte de toda la Comunidad Educativa y de las autoridades eclesiales y civiles de la ciudad de Port Gentil.<\/p>\n<p>El d\u00eda de la fiesta celebr\u00f3 la Eucarist\u00eda Mons. Euz\u00e9bius Chinekezy Ogbonna, Obispo de la Di\u00f3cesis de Port Gentil, que agradeci\u00f3 a las Hermanas Salesianas su compromiso a favor de los ni\u00f1os y de los j\u00f3venes y anim\u00f3 a la Comunidad parroquial a comprometerse en el apostolado hacia los ni\u00f1os, los j\u00f3venes y la familia. La Celebraci\u00f3n Eucar\u00edstica, en la que participaron tambi\u00e9n trabajadores apost\u00f3licos y bienhechores, termin\u00f3 con cantos, con la banda, la cena y un espect\u00e1culo en la Casa de las FMA.<\/p>\n<p>Las primeras Hijas de\u00a0Mar\u00eda Auxiliadora llegaron de Francia a Port Gentil, en Gab\u00f3n, en el 1972. En 50 a\u00f1os la misi\u00f3n \u201cLes Cocotiers\u201d ha crecido y hoy da la bienvenida a centenares de ni\u00f1os y de j\u00f3venes. La misi\u00f3n dispone de una Escuela de la Infancia, de una Escuela Primaria, de un gran Centro de alfabetizaci\u00f3n y de un Centro de Formaci\u00f3n Profesional para trabajadores de la cocina, pasteler\u00eda, corte y confecci\u00f3n, inform\u00e1tica y con la preparaci\u00f3n para el ingreso en la PPC para j\u00f3venes con un bajo nivel de educaci\u00f3n. El esp\u00edritu salesiano se respira a trav\u00e9s del compromiso de los laicos en la misi\u00f3n.<\/p>\n<p><img decoding=\"async\" class=\"alignnone size-full wp-image-68215 lazyload\" data-src=\"https:\/\/www.cgfmanet.org\/wp-content\/uploads\/2022\/05\/50\u00b0-Haiti_2.jpg\" alt=\"\" width=\"1024\" height=\"683\" data-srcset=\"https:\/\/www.cgfmanet.org\/wp-content\/uploads\/2022\/05\/50\u00b0-Haiti_2.jpg 1024w, https:\/\/www.cgfmanet.org\/wp-content\/uploads\/2022\/05\/50\u00b0-Haiti_2-768x512.jpg 768w, https:\/\/www.cgfmanet.org\/wp-content\/uploads\/2022\/05\/50\u00b0-Haiti_2-696x464.jpg 696w, https:\/\/www.cgfmanet.org\/wp-content\/uploads\/2022\/05\/50\u00b0-Haiti_2-630x420.jpg 630w\" data-sizes=\"auto\" src=\"data:image\/svg+xml;base64,PHN2ZyB3aWR0aD0iMSIgaGVpZ2h0PSIxIiB4bWxucz0iaHR0cDovL3d3dy53My5vcmcvMjAwMC9zdmciPjwvc3ZnPg==\" style=\"--smush-placeholder-width: 1024px; --smush-placeholder-aspect-ratio: 1024\/683;\" data-original-sizes=\"(max-width: 1024px) 100vw, 1024px\" \/><\/p>\n","protected":false},"excerpt":{"rendered":"<p>Port Gentil (Gab\u00f3n).\u00a0El\u00a015 de mayo de 2022, la Comunidad\u00a0Mar\u00eda Auxiliadira de Port Gentil, en Gab\u00f3n, de la Inspector\u00eda\u00a0S. Maria D. Mazzarello\u00a0(AEC), celebr\u00f3 el 50\u00b0 aniversario de presencia. En el evento [&hellip;]<\/p>\n","protected":false},"author":21,"featured_media":68214,"comment_status":"open","ping_status":"closed","sticky":false,"template":"","format":"standard","meta":{"footnotes":""},"categories":[158,186],"tags":[887,1670,1931,2140,2278],"class_list":["post-68224","post","type-post","status-publish","format-standard","has-post-thumbnail","category-ifma-es","category-presencia-obras","tag-aec-es","tag-carisma-salesiano-es","tag-focus-es","tag-anniversario-es","tag-150-ifma-es"],"yoast_head":"<!-- This site is optimized with the Yoast SEO plugin v27.4 - https:\/\/yoast.com\/product\/yoast-seo-wordpress\/ -->\n<title>50\u00b0 de las FMA en Port Gentil - Gab\u00f3n &#8226; Istituto Figlie di Maria Ausiliatrice<\/title>\n<meta name=\"description\" content=\"El 15 de mayo de 2022, la Comunidad FMA de Port Gentil, en Gab\u00f3n, celebr\u00f3 el 50\u00ba aniversario de presencia.\" \/>\n<meta name=\"robots\" content=\"index, follow, max-snippet:-1, max-image-preview:large, max-video-preview:-1\" \/>\n<link rel=\"canonical\" href=\"https:\/\/www.cgfmanet.org\/es\/ifma-es\/50-de-las-fma-en-port-gentil-gabon\/\" \/>\n<meta property=\"og:locale\" content=\"es_ES\" \/>\n<meta property=\"og:type\" content=\"article\" \/>\n<meta property=\"og:title\" content=\"50\u00b0 de las FMA en Port Gentil - Gab\u00f3n &#8226; Istituto Figlie di Maria Ausiliatrice\" \/>\n<meta property=\"og:description\" content=\"El 15 de mayo de 2022, la Comunidad FMA de Port Gentil, en Gab\u00f3n, celebr\u00f3 el 50\u00ba aniversario de presencia.\" \/>\n<meta property=\"og:url\" content=\"https:\/\/www.cgfmanet.org\/es\/ifma-es\/50-de-las-fma-en-port-gentil-gabon\/\" \/>\n<meta property=\"og:site_name\" content=\"Istituto Figlie di Maria Ausiliatrice\" \/>\n<meta property=\"article:publisher\" content=\"https:\/\/www.facebook.com\/salesian.sisters.of.don.bosco\/\" \/>\n<meta property=\"article:published_time\" content=\"2022-05-25T07:44:59+00:00\" \/>\n<meta property=\"article:modified_time\" content=\"2022-05-27T22:19:36+00:00\" \/>\n<meta property=\"og:image\" content=\"https:\/\/www.cgfmanet.org\/wp-content\/uploads\/2022\/05\/50\u00b0-Haiti.jpg\" \/>\n\t<meta property=\"og:image:width\" content=\"1024\" \/>\n\t<meta property=\"og:image:height\" content=\"683\" \/>\n\t<meta property=\"og:image:type\" content=\"image\/jpeg\" \/>\n<meta name=\"author\" content=\"Redazione\" \/>\n<meta name=\"twitter:card\" content=\"summary_large_image\" \/>\n<meta name=\"twitter:creator\" content=\"@Cgfmanet_Org\" \/>\n<meta name=\"twitter:site\" content=\"@Cgfmanet_Org\" \/>\n<meta name=\"twitter:label1\" content=\"Escrito por\" \/>\n\t<meta name=\"twitter:data1\" content=\"Redazione\" \/>\n\t<meta name=\"twitter:label2\" content=\"Tiempo de lectura\" \/>\n\t<meta name=\"twitter:data2\" content=\"2 minutos\" \/>\n<script type=\"application\/ld+json\" class=\"yoast-schema-graph\">{\"@context\":\"https:\\\/\\\/schema.org\",\"@graph\":[{\"@type\":\"Article\",\"@id\":\"https:\\\/\\\/www.cgfmanet.org\\\/es\\\/ifma-es\\\/50-de-las-fma-en-port-gentil-gabon\\\/#article\",\"isPartOf\":{\"@id\":\"https:\\\/\\\/www.cgfmanet.org\\\/es\\\/ifma-es\\\/50-de-las-fma-en-port-gentil-gabon\\\/\"},\"author\":{\"name\":\"Redazione\",\"@id\":\"https:\\\/\\\/www.cgfmanet.org\\\/es\\\/#\\\/schema\\\/person\\\/ce6473083f53ef0ef882cca23f0c8fb9\"},\"headline\":\"50\u00b0 de las FMA en Port Gentil &#8211; Gab\u00f3n\",\"datePublished\":\"2022-05-25T07:44:59+00:00\",\"dateModified\":\"2022-05-27T22:19:36+00:00\",\"mainEntityOfPage\":{\"@id\":\"https:\\\/\\\/www.cgfmanet.org\\\/es\\\/ifma-es\\\/50-de-las-fma-en-port-gentil-gabon\\\/\"},\"wordCount\":459,\"commentCount\":0,\"publisher\":{\"@id\":\"https:\\\/\\\/www.cgfmanet.org\\\/es\\\/#organization\"},\"image\":{\"@id\":\"https:\\\/\\\/www.cgfmanet.org\\\/es\\\/ifma-es\\\/50-de-las-fma-en-port-gentil-gabon\\\/#primaryimage\"},\"thumbnailUrl\":\"https:\\\/\\\/www.cgfmanet.org\\\/wp-content\\\/uploads\\\/2022\\\/05\\\/50\u00b0-Haiti.jpg\",\"keywords\":[\"AEC\",\"Carisma salesiano\",\"Focus\",\"Anniversario\",\"150\u00b0 IFMA\"],\"articleSection\":[\"IFMA\",\"Presencia y Obras\"],\"inLanguage\":\"es\",\"potentialAction\":[{\"@type\":\"CommentAction\",\"name\":\"Comment\",\"target\":[\"https:\\\/\\\/www.cgfmanet.org\\\/es\\\/ifma-es\\\/50-de-las-fma-en-port-gentil-gabon\\\/#respond\"]}]},{\"@type\":\"WebPage\",\"@id\":\"https:\\\/\\\/www.cgfmanet.org\\\/es\\\/ifma-es\\\/50-de-las-fma-en-port-gentil-gabon\\\/\",\"url\":\"https:\\\/\\\/www.cgfmanet.org\\\/es\\\/ifma-es\\\/50-de-las-fma-en-port-gentil-gabon\\\/\",\"name\":\"50\u00b0 de las FMA en Port Gentil - Gab\u00f3n &#8226; Istituto Figlie di Maria Ausiliatrice\",\"isPartOf\":{\"@id\":\"https:\\\/\\\/www.cgfmanet.org\\\/es\\\/#website\"},\"primaryImageOfPage\":{\"@id\":\"https:\\\/\\\/www.cgfmanet.org\\\/es\\\/ifma-es\\\/50-de-las-fma-en-port-gentil-gabon\\\/#primaryimage\"},\"image\":{\"@id\":\"https:\\\/\\\/www.cgfmanet.org\\\/es\\\/ifma-es\\\/50-de-las-fma-en-port-gentil-gabon\\\/#primaryimage\"},\"thumbnailUrl\":\"https:\\\/\\\/www.cgfmanet.org\\\/wp-content\\\/uploads\\\/2022\\\/05\\\/50\u00b0-Haiti.jpg\",\"datePublished\":\"2022-05-25T07:44:59+00:00\",\"dateModified\":\"2022-05-27T22:19:36+00:00\",\"description\":\"El 15 de mayo de 2022, la Comunidad FMA de Port Gentil, en Gab\u00f3n, celebr\u00f3 el 50\u00ba aniversario de presencia.\",\"breadcrumb\":{\"@id\":\"https:\\\/\\\/www.cgfmanet.org\\\/es\\\/ifma-es\\\/50-de-las-fma-en-port-gentil-gabon\\\/#breadcrumb\"},\"inLanguage\":\"es\",\"potentialAction\":[{\"@type\":\"ReadAction\",\"target\":[\"https:\\\/\\\/www.cgfmanet.org\\\/es\\\/ifma-es\\\/50-de-las-fma-en-port-gentil-gabon\\\/\"]}]},{\"@type\":\"ImageObject\",\"inLanguage\":\"es\",\"@id\":\"https:\\\/\\\/www.cgfmanet.org\\\/es\\\/ifma-es\\\/50-de-las-fma-en-port-gentil-gabon\\\/#primaryimage\",\"url\":\"https:\\\/\\\/www.cgfmanet.org\\\/wp-content\\\/uploads\\\/2022\\\/05\\\/50\u00b0-Haiti.jpg\",\"contentUrl\":\"https:\\\/\\\/www.cgfmanet.org\\\/wp-content\\\/uploads\\\/2022\\\/05\\\/50\u00b0-Haiti.jpg\",\"width\":1024,\"height\":683},{\"@type\":\"BreadcrumbList\",\"@id\":\"https:\\\/\\\/www.cgfmanet.org\\\/es\\\/ifma-es\\\/50-de-las-fma-en-port-gentil-gabon\\\/#breadcrumb\",\"itemListElement\":[{\"@type\":\"ListItem\",\"position\":1,\"name\":\"Home\",\"item\":\"https:\\\/\\\/www.cgfmanet.org\\\/es\\\/\"},{\"@type\":\"ListItem\",\"position\":2,\"name\":\"50\u00b0 de las FMA en Port Gentil &#8211; Gab\u00f3n\"}]},{\"@type\":\"WebSite\",\"@id\":\"https:\\\/\\\/www.cgfmanet.org\\\/es\\\/#website\",\"url\":\"https:\\\/\\\/www.cgfmanet.org\\\/es\\\/\",\"name\":\"Istituto Figlie di Maria Ausiliatrice\",\"description\":\"Salesiane di Don Bosco\",\"publisher\":{\"@id\":\"https:\\\/\\\/www.cgfmanet.org\\\/es\\\/#organization\"},\"potentialAction\":[{\"@type\":\"SearchAction\",\"target\":{\"@type\":\"EntryPoint\",\"urlTemplate\":\"https:\\\/\\\/www.cgfmanet.org\\\/es\\\/?s={search_term_string}\"},\"query-input\":{\"@type\":\"PropertyValueSpecification\",\"valueRequired\":true,\"valueName\":\"search_term_string\"}}],\"inLanguage\":\"es\"},{\"@type\":\"Organization\",\"@id\":\"https:\\\/\\\/www.cgfmanet.org\\\/es\\\/#organization\",\"name\":\"Istituto Figlie di Maria Ausiliatrice\",\"url\":\"https:\\\/\\\/www.cgfmanet.org\\\/es\\\/\",\"logo\":{\"@type\":\"ImageObject\",\"inLanguage\":\"es\",\"@id\":\"https:\\\/\\\/www.cgfmanet.org\\\/es\\\/#\\\/schema\\\/logo\\\/image\\\/\",\"url\":\"https:\\\/\\\/www.cgfmanet.org\\\/wp-content\\\/uploads\\\/2018\\\/10\\\/logo-fma.png\",\"contentUrl\":\"https:\\\/\\\/www.cgfmanet.org\\\/wp-content\\\/uploads\\\/2018\\\/10\\\/logo-fma.png\",\"width\":214,\"height\":55,\"caption\":\"Istituto Figlie di Maria Ausiliatrice\"},\"image\":{\"@id\":\"https:\\\/\\\/www.cgfmanet.org\\\/es\\\/#\\\/schema\\\/logo\\\/image\\\/\"},\"sameAs\":[\"https:\\\/\\\/www.facebook.com\\\/salesian.sisters.of.don.bosco\\\/\",\"https:\\\/\\\/x.com\\\/Cgfmanet_Org\",\"https:\\\/\\\/www.youtube.com\\\/channel\\\/UCmcr8yFQBV7JXeXVxyV9y5Q\"]},{\"@type\":\"Person\",\"@id\":\"https:\\\/\\\/www.cgfmanet.org\\\/es\\\/#\\\/schema\\\/person\\\/ce6473083f53ef0ef882cca23f0c8fb9\",\"name\":\"Redazione\"}]}<\/script>\n<!-- \/ Yoast SEO plugin. -->","yoast_head_json":{"title":"50\u00b0 de las FMA en Port Gentil - Gab\u00f3n &#8226; Istituto Figlie di Maria Ausiliatrice","description":"El 15 de mayo de 2022, la Comunidad FMA de Port Gentil, en Gab\u00f3n, celebr\u00f3 el 50\u00ba aniversario de presencia.","robots":{"index":"index","follow":"follow","max-snippet":"max-snippet:-1","max-image-preview":"max-image-preview:large","max-video-preview":"max-video-preview:-1"},"canonical":"https:\/\/www.cgfmanet.org\/es\/ifma-es\/50-de-las-fma-en-port-gentil-gabon\/","og_locale":"es_ES","og_type":"article","og_title":"50\u00b0 de las FMA en Port Gentil - Gab\u00f3n &#8226; Istituto Figlie di Maria Ausiliatrice","og_description":"El 15 de mayo de 2022, la Comunidad FMA de Port Gentil, en Gab\u00f3n, celebr\u00f3 el 50\u00ba aniversario de presencia.","og_url":"https:\/\/www.cgfmanet.org\/es\/ifma-es\/50-de-las-fma-en-port-gentil-gabon\/","og_site_name":"Istituto Figlie di Maria Ausiliatrice","article_publisher":"https:\/\/www.facebook.com\/salesian.sisters.of.don.bosco\/","article_published_time":"2022-05-25T07:44:59+00:00","article_modified_time":"2022-05-27T22:19:36+00:00","og_image":[{"width":1024,"height":683,"url":"https:\/\/www.cgfmanet.org\/wp-content\/uploads\/2022\/05\/50\u00b0-Haiti.jpg","type":"image\/jpeg"}],"author":"Redazione","twitter_card":"summary_large_image","twitter_creator":"@Cgfmanet_Org","twitter_site":"@Cgfmanet_Org","twitter_misc":{"Escrito por":"Redazione","Tiempo de lectura":"2 minutos"},"schema":{"@context":"https:\/\/schema.org","@graph":[{"@type":"Article","@id":"https:\/\/www.cgfmanet.org\/es\/ifma-es\/50-de-las-fma-en-port-gentil-gabon\/#article","isPartOf":{"@id":"https:\/\/www.cgfmanet.org\/es\/ifma-es\/50-de-las-fma-en-port-gentil-gabon\/"},"author":{"name":"Redazione","@id":"https:\/\/www.cgfmanet.org\/es\/#\/schema\/person\/ce6473083f53ef0ef882cca23f0c8fb9"},"headline":"50\u00b0 de las FMA en Port Gentil &#8211; Gab\u00f3n","datePublished":"2022-05-25T07:44:59+00:00","dateModified":"2022-05-27T22:19:36+00:00","mainEntityOfPage":{"@id":"https:\/\/www.cgfmanet.org\/es\/ifma-es\/50-de-las-fma-en-port-gentil-gabon\/"},"wordCount":459,"commentCount":0,"publisher":{"@id":"https:\/\/www.cgfmanet.org\/es\/#organization"},"image":{"@id":"https:\/\/www.cgfmanet.org\/es\/ifma-es\/50-de-las-fma-en-port-gentil-gabon\/#primaryimage"},"thumbnailUrl":"https:\/\/www.cgfmanet.org\/wp-content\/uploads\/2022\/05\/50\u00b0-Haiti.jpg","keywords":["AEC","Carisma salesiano","Focus","Anniversario","150\u00b0 IFMA"],"articleSection":["IFMA","Presencia y Obras"],"inLanguage":"es","potentialAction":[{"@type":"CommentAction","name":"Comment","target":["https:\/\/www.cgfmanet.org\/es\/ifma-es\/50-de-las-fma-en-port-gentil-gabon\/#respond"]}]},{"@type":"WebPage","@id":"https:\/\/www.cgfmanet.org\/es\/ifma-es\/50-de-las-fma-en-port-gentil-gabon\/","url":"https:\/\/www.cgfmanet.org\/es\/ifma-es\/50-de-las-fma-en-port-gentil-gabon\/","name":"50\u00b0 de las FMA en Port Gentil - Gab\u00f3n &#8226; Istituto Figlie di Maria Ausiliatrice","isPartOf":{"@id":"https:\/\/www.cgfmanet.org\/es\/#website"},"primaryImageOfPage":{"@id":"https:\/\/www.cgfmanet.org\/es\/ifma-es\/50-de-las-fma-en-port-gentil-gabon\/#primaryimage"},"image":{"@id":"https:\/\/www.cgfmanet.org\/es\/ifma-es\/50-de-las-fma-en-port-gentil-gabon\/#primaryimage"},"thumbnailUrl":"https:\/\/www.cgfmanet.org\/wp-content\/uploads\/2022\/05\/50\u00b0-Haiti.jpg","datePublished":"2022-05-25T07:44:59+00:00","dateModified":"2022-05-27T22:19:36+00:00","description":"El 15 de mayo de 2022, la Comunidad FMA de Port Gentil, en Gab\u00f3n, celebr\u00f3 el 50\u00ba aniversario de presencia.","breadcrumb":{"@id":"https:\/\/www.cgfmanet.org\/es\/ifma-es\/50-de-las-fma-en-port-gentil-gabon\/#breadcrumb"},"inLanguage":"es","potentialAction":[{"@type":"ReadAction","target":["https:\/\/www.cgfmanet.org\/es\/ifma-es\/50-de-las-fma-en-port-gentil-gabon\/"]}]},{"@type":"ImageObject","inLanguage":"es","@id":"https:\/\/www.cgfmanet.org\/es\/ifma-es\/50-de-las-fma-en-port-gentil-gabon\/#primaryimage","url":"https:\/\/www.cgfmanet.org\/wp-content\/uploads\/2022\/05\/50\u00b0-Haiti.jpg","contentUrl":"https:\/\/www.cgfmanet.org\/wp-content\/uploads\/2022\/05\/50\u00b0-Haiti.jpg","width":1024,"height":683},{"@type":"BreadcrumbList","@id":"https:\/\/www.cgfmanet.org\/es\/ifma-es\/50-de-las-fma-en-port-gentil-gabon\/#breadcrumb","itemListElement":[{"@type":"ListItem","position":1,"name":"Home","item":"https:\/\/www.cgfmanet.org\/es\/"},{"@type":"ListItem","position":2,"name":"50\u00b0 de las FMA en Port Gentil &#8211; Gab\u00f3n"}]},{"@type":"WebSite","@id":"https:\/\/www.cgfmanet.org\/es\/#website","url":"https:\/\/www.cgfmanet.org\/es\/","name":"Istituto Figlie di Maria Ausiliatrice","description":"Salesiane di Don Bosco","publisher":{"@id":"https:\/\/www.cgfmanet.org\/es\/#organization"},"potentialAction":[{"@type":"SearchAction","target":{"@type":"EntryPoint","urlTemplate":"https:\/\/www.cgfmanet.org\/es\/?s={search_term_string}"},"query-input":{"@type":"PropertyValueSpecification","valueRequired":true,"valueName":"search_term_string"}}],"inLanguage":"es"},{"@type":"Organization","@id":"https:\/\/www.cgfmanet.org\/es\/#organization","name":"Istituto Figlie di Maria Ausiliatrice","url":"https:\/\/www.cgfmanet.org\/es\/","logo":{"@type":"ImageObject","inLanguage":"es","@id":"https:\/\/www.cgfmanet.org\/es\/#\/schema\/logo\/image\/","url":"https:\/\/www.cgfmanet.org\/wp-content\/uploads\/2018\/10\/logo-fma.png","contentUrl":"https:\/\/www.cgfmanet.org\/wp-content\/uploads\/2018\/10\/logo-fma.png","width":214,"height":55,"caption":"Istituto Figlie di Maria Ausiliatrice"},"image":{"@id":"https:\/\/www.cgfmanet.org\/es\/#\/schema\/logo\/image\/"},"sameAs":["https:\/\/www.facebook.com\/salesian.sisters.of.don.bosco\/","https:\/\/x.com\/Cgfmanet_Org","https:\/\/www.youtube.com\/channel\/UCmcr8yFQBV7JXeXVxyV9y5Q"]},{"@type":"Person","@id":"https:\/\/www.cgfmanet.org\/es\/#\/schema\/person\/ce6473083f53ef0ef882cca23f0c8fb9","name":"Redazione"}]}},"_links":{"self":[{"href":"https:\/\/www.cgfmanet.org\/es\/wp-json\/wp\/v2\/posts\/68224","targetHints":{"allow":["GET"]}}],"collection":[{"href":"https:\/\/www.cgfmanet.org\/es\/wp-json\/wp\/v2\/posts"}],"about":[{"href":"https:\/\/www.cgfmanet.org\/es\/wp-json\/wp\/v2\/types\/post"}],"author":[{"embeddable":true,"href":"https:\/\/www.cgfmanet.org\/es\/wp-json\/wp\/v2\/users\/21"}],"replies":[{"embeddable":true,"href":"https:\/\/www.cgfmanet.org\/es\/wp-json\/wp\/v2\/comments?post=68224"}],"version-history":[{"count":0,"href":"https:\/\/www.cgfmanet.org\/es\/wp-json\/wp\/v2\/posts\/68224\/revisions"}],"wp:featuredmedia":[{"embeddable":true,"href":"https:\/\/www.cgfmanet.org\/es\/wp-json\/wp\/v2\/media\/68214"}],"wp:attachment":[{"href":"https:\/\/www.cgfmanet.org\/es\/wp-json\/wp\/v2\/media?parent=68224"}],"wp:term":[{"taxonomy":"category","embeddable":true,"href":"https:\/\/www.cgfmanet.org\/es\/wp-json\/wp\/v2\/categories?post=68224"},{"taxonomy":"post_tag","embeddable":true,"href":"https:\/\/www.cgfmanet.org\/es\/wp-json\/wp\/v2\/tags?post=68224"}],"curies":[{"name":"wp","href":"https:\/\/api.w.org\/{rel}","templated":true}]}}