{"id":65864,"date":"2022-04-21T15:29:00","date_gmt":"2022-04-21T13:29:00","guid":{"rendered":"https:\/\/www.cgfmanet.org\/infoesfera\/scrivi-qui-il-grazie-a-madre-chiara\/"},"modified":"2022-04-23T07:30:27","modified_gmt":"2022-04-23T05:30:27","slug":"escribe-aqui-el-gracias-a-madre-chiara","status":"publish","type":"post","link":"https:\/\/www.cgfmanet.org\/es\/ifma-es\/escribe-aqui-el-gracias-a-madre-chiara\/","title":{"rendered":"Escribe aqu\u00ed el Gracias a Madre Chiara"},"content":{"rendered":"<p><strong>Roma (Italia).<\/strong> El 24, 25, 26 abril 2022 se celebra la <span style=\"color: #0000ff;\"><a style=\"color: #0000ff;\" href=\"https:\/\/www.festadelgrazie.org\/\" target=\"_blank\" rel=\"noopener\"><strong>Fiesta de la Gratitud Mundial<\/strong><\/a><\/span> en Tur\u00edn, Mornese, Nizza Monferrato, tierra de los or\u00edgenes del Instituto de las Hijas de Mar\u00eda Auxiliadora, en el 150\u00ba Aniversario de la Fundaci\u00f3n. (<span style=\"color: #0000ff;\"><strong><a style=\"color: #0000ff;\" href=\"https:\/\/www.cgfmanet.org\/es\/ifma-es\/fiesta-del-gracias-2022-el-programa-y-el-directo\/\" target=\"_blank\" rel=\"noopener\">Programa de la Fiesta<\/a><\/strong><\/span>)<\/p>\n<p><strong><em>\u201cSon mis Hijas\u201d<\/em><\/strong> es la certeza de la presencia de Mar\u00eda, Madre, Maestra y Auxiliadora, en la vida y en la historia del Instituto y de cada Hija de Mar\u00eda Auxiliadora. Es reconocer y expresar, con afecto filial, <strong>la gratitud a Madre Chiara Cazzuola <\/strong>por su servicio de animaci\u00f3n del Instituto, dirigido a la unidad y comuni\u00f3n entre todas las hermanas y como Comunidades Educativas, en sinodalidad con j\u00f3venes, laicas, laicos y familias que comparten la misi\u00f3n carism\u00e1tica salesiana.<\/p>\n<p><strong><em>Gracias Madre Chiara<\/em><\/strong> por tu \u201cs\u00ed\u201d y por tu confianza plena e incondicional en Mar\u00eda.<\/p>\n<p><strong><em>Gracias Madre Chiara<\/em><\/strong> por tu presencia sencilla y alegre, que genera vida.<\/p>\n<p><strong><em>Gracias Madre Chiara<\/em><\/strong> por tu materna dedicaci\u00f3n a las hermanas, a las\/los j\u00f3venes, a las laicas y a los laicos.<\/p>\n<p><span style=\"color: #ff0000;\"><strong>CONTIN\u00daA ESCRIBIENDO EL GRACIAS A LA MADRE aqu\u00ed debajo, en el recuadro CORRESPONDIENTE<\/strong><\/span><\/p>\n","protected":false},"excerpt":{"rendered":"<p>Roma (Italia). El 24, 25, 26 abril 2022 se celebra la Fiesta de la Gratitud Mundial en Tur\u00edn, Mornese, Nizza Monferrato, tierra de los or\u00edgenes del Instituto de las Hijas [&hellip;]<\/p>\n","protected":false},"author":21,"featured_media":65859,"comment_status":"open","ping_status":"closed","sticky":false,"template":"","format":"standard","meta":{"footnotes":""},"categories":[167,158],"tags":[299,371,1223,1669,1931,2278,2379],"class_list":["post-65864","post","type-post","status-publish","format-standard","has-post-thumbnail","category-carisma-salesiano-es","category-ifma-es","tag-fiesta-del-gracias","tag-madre-general","tag-ipi-es","tag-spiritualita-salesiana-es","tag-focus-es","tag-150-ifma-es","tag-madre-chiara-cazzuola-es"],"yoast_head":"<!-- This site is optimized with the Yoast SEO plugin v27.4 - https:\/\/yoast.com\/product\/yoast-seo-wordpress\/ -->\n<title>Escribe aqu\u00ed el Gracias a Madre Chiara &#8226; Istituto Figlie di Maria Ausiliatrice<\/title>\n<meta name=\"description\" content=\"El 24, 25, 26 de abril de 2022 en Tur\u00edn, Mornese, Nizza Monferrato se celebra la Fiesta de la Gratitud Mundial.\" \/>\n<meta name=\"robots\" content=\"index, follow, max-snippet:-1, max-image-preview:large, max-video-preview:-1\" \/>\n<link rel=\"canonical\" href=\"https:\/\/www.cgfmanet.org\/es\/ifma-es\/escribe-aqui-el-gracias-a-madre-chiara\/\" \/>\n<meta property=\"og:locale\" content=\"es_ES\" \/>\n<meta property=\"og:type\" content=\"article\" \/>\n<meta property=\"og:title\" content=\"Escribe aqu\u00ed el Gracias a Madre Chiara &#8226; Istituto Figlie di Maria Ausiliatrice\" \/>\n<meta property=\"og:description\" content=\"El 24, 25, 26 de abril de 2022 en Tur\u00edn, Mornese, Nizza Monferrato se celebra la Fiesta de la Gratitud Mundial.\" \/>\n<meta property=\"og:url\" content=\"https:\/\/www.cgfmanet.org\/es\/ifma-es\/escribe-aqui-el-gracias-a-madre-chiara\/\" \/>\n<meta property=\"og:site_name\" content=\"Istituto Figlie di Maria Ausiliatrice\" \/>\n<meta property=\"article:publisher\" content=\"https:\/\/www.facebook.com\/salesian.sisters.of.don.bosco\/\" \/>\n<meta property=\"article:published_time\" content=\"2022-04-21T13:29:00+00:00\" \/>\n<meta property=\"article:modified_time\" content=\"2022-04-23T05:30:27+00:00\" \/>\n<meta property=\"og:image\" content=\"https:\/\/www.cgfmanet.org\/wp-content\/uploads\/2022\/04\/Grazie-Madre-Chiara.jpg\" \/>\n\t<meta property=\"og:image:width\" content=\"1200\" \/>\n\t<meta property=\"og:image:height\" content=\"800\" \/>\n\t<meta property=\"og:image:type\" content=\"image\/jpeg\" \/>\n<meta name=\"author\" content=\"Redazione\" \/>\n<meta name=\"twitter:card\" content=\"summary_large_image\" \/>\n<meta name=\"twitter:creator\" content=\"@Cgfmanet_Org\" \/>\n<meta name=\"twitter:site\" content=\"@Cgfmanet_Org\" \/>\n<meta name=\"twitter:label1\" content=\"Escrito por\" \/>\n\t<meta name=\"twitter:data1\" content=\"Redazione\" \/>\n\t<meta name=\"twitter:label2\" content=\"Tiempo de lectura\" \/>\n\t<meta name=\"twitter:data2\" content=\"1 minuto\" \/>\n<script type=\"application\/ld+json\" class=\"yoast-schema-graph\">{\"@context\":\"https:\\\/\\\/schema.org\",\"@graph\":[{\"@type\":\"Article\",\"@id\":\"https:\\\/\\\/www.cgfmanet.org\\\/es\\\/ifma-es\\\/escribe-aqui-el-gracias-a-madre-chiara\\\/#article\",\"isPartOf\":{\"@id\":\"https:\\\/\\\/www.cgfmanet.org\\\/es\\\/ifma-es\\\/escribe-aqui-el-gracias-a-madre-chiara\\\/\"},\"author\":{\"name\":\"Redazione\",\"@id\":\"https:\\\/\\\/www.cgfmanet.org\\\/es\\\/#\\\/schema\\\/person\\\/ce6473083f53ef0ef882cca23f0c8fb9\"},\"headline\":\"Escribe aqu\u00ed el Gracias a Madre Chiara\",\"datePublished\":\"2022-04-21T13:29:00+00:00\",\"dateModified\":\"2022-04-23T05:30:27+00:00\",\"mainEntityOfPage\":{\"@id\":\"https:\\\/\\\/www.cgfmanet.org\\\/es\\\/ifma-es\\\/escribe-aqui-el-gracias-a-madre-chiara\\\/\"},\"wordCount\":201,\"commentCount\":88,\"publisher\":{\"@id\":\"https:\\\/\\\/www.cgfmanet.org\\\/es\\\/#organization\"},\"image\":{\"@id\":\"https:\\\/\\\/www.cgfmanet.org\\\/es\\\/ifma-es\\\/escribe-aqui-el-gracias-a-madre-chiara\\\/#primaryimage\"},\"thumbnailUrl\":\"https:\\\/\\\/www.cgfmanet.org\\\/wp-content\\\/uploads\\\/2022\\\/04\\\/Grazie-Madre-Chiara.jpg\",\"keywords\":[\"Fiesta del Gracias\",\"Madre General\",\"IPI\",\"Spiritualit\u00e0 Salesiana\",\"Focus\",\"150\u00b0 IFMA\",\"Madre Chiara Cazzuola\"],\"articleSection\":[\"Carisma Salesiano\",\"IFMA\"],\"inLanguage\":\"es\",\"potentialAction\":[{\"@type\":\"CommentAction\",\"name\":\"Comment\",\"target\":[\"https:\\\/\\\/www.cgfmanet.org\\\/es\\\/ifma-es\\\/escribe-aqui-el-gracias-a-madre-chiara\\\/#respond\"]}]},{\"@type\":\"WebPage\",\"@id\":\"https:\\\/\\\/www.cgfmanet.org\\\/es\\\/ifma-es\\\/escribe-aqui-el-gracias-a-madre-chiara\\\/\",\"url\":\"https:\\\/\\\/www.cgfmanet.org\\\/es\\\/ifma-es\\\/escribe-aqui-el-gracias-a-madre-chiara\\\/\",\"name\":\"Escribe aqu\u00ed el Gracias a Madre Chiara &#8226; Istituto Figlie di Maria Ausiliatrice\",\"isPartOf\":{\"@id\":\"https:\\\/\\\/www.cgfmanet.org\\\/es\\\/#website\"},\"primaryImageOfPage\":{\"@id\":\"https:\\\/\\\/www.cgfmanet.org\\\/es\\\/ifma-es\\\/escribe-aqui-el-gracias-a-madre-chiara\\\/#primaryimage\"},\"image\":{\"@id\":\"https:\\\/\\\/www.cgfmanet.org\\\/es\\\/ifma-es\\\/escribe-aqui-el-gracias-a-madre-chiara\\\/#primaryimage\"},\"thumbnailUrl\":\"https:\\\/\\\/www.cgfmanet.org\\\/wp-content\\\/uploads\\\/2022\\\/04\\\/Grazie-Madre-Chiara.jpg\",\"datePublished\":\"2022-04-21T13:29:00+00:00\",\"dateModified\":\"2022-04-23T05:30:27+00:00\",\"description\":\"El 24, 25, 26 de abril de 2022 en Tur\u00edn, Mornese, Nizza Monferrato se celebra la Fiesta de la Gratitud Mundial.\",\"breadcrumb\":{\"@id\":\"https:\\\/\\\/www.cgfmanet.org\\\/es\\\/ifma-es\\\/escribe-aqui-el-gracias-a-madre-chiara\\\/#breadcrumb\"},\"inLanguage\":\"es\",\"potentialAction\":[{\"@type\":\"ReadAction\",\"target\":[\"https:\\\/\\\/www.cgfmanet.org\\\/es\\\/ifma-es\\\/escribe-aqui-el-gracias-a-madre-chiara\\\/\"]}]},{\"@type\":\"ImageObject\",\"inLanguage\":\"es\",\"@id\":\"https:\\\/\\\/www.cgfmanet.org\\\/es\\\/ifma-es\\\/escribe-aqui-el-gracias-a-madre-chiara\\\/#primaryimage\",\"url\":\"https:\\\/\\\/www.cgfmanet.org\\\/wp-content\\\/uploads\\\/2022\\\/04\\\/Grazie-Madre-Chiara.jpg\",\"contentUrl\":\"https:\\\/\\\/www.cgfmanet.org\\\/wp-content\\\/uploads\\\/2022\\\/04\\\/Grazie-Madre-Chiara.jpg\",\"width\":1200,\"height\":800},{\"@type\":\"BreadcrumbList\",\"@id\":\"https:\\\/\\\/www.cgfmanet.org\\\/es\\\/ifma-es\\\/escribe-aqui-el-gracias-a-madre-chiara\\\/#breadcrumb\",\"itemListElement\":[{\"@type\":\"ListItem\",\"position\":1,\"name\":\"Home\",\"item\":\"https:\\\/\\\/www.cgfmanet.org\\\/es\\\/\"},{\"@type\":\"ListItem\",\"position\":2,\"name\":\"Escribe aqu\u00ed el Gracias a Madre Chiara\"}]},{\"@type\":\"WebSite\",\"@id\":\"https:\\\/\\\/www.cgfmanet.org\\\/es\\\/#website\",\"url\":\"https:\\\/\\\/www.cgfmanet.org\\\/es\\\/\",\"name\":\"Istituto Figlie di Maria Ausiliatrice\",\"description\":\"Salesiane di Don Bosco\",\"publisher\":{\"@id\":\"https:\\\/\\\/www.cgfmanet.org\\\/es\\\/#organization\"},\"potentialAction\":[{\"@type\":\"SearchAction\",\"target\":{\"@type\":\"EntryPoint\",\"urlTemplate\":\"https:\\\/\\\/www.cgfmanet.org\\\/es\\\/?s={search_term_string}\"},\"query-input\":{\"@type\":\"PropertyValueSpecification\",\"valueRequired\":true,\"valueName\":\"search_term_string\"}}],\"inLanguage\":\"es\"},{\"@type\":\"Organization\",\"@id\":\"https:\\\/\\\/www.cgfmanet.org\\\/es\\\/#organization\",\"name\":\"Istituto Figlie di Maria Ausiliatrice\",\"url\":\"https:\\\/\\\/www.cgfmanet.org\\\/es\\\/\",\"logo\":{\"@type\":\"ImageObject\",\"inLanguage\":\"es\",\"@id\":\"https:\\\/\\\/www.cgfmanet.org\\\/es\\\/#\\\/schema\\\/logo\\\/image\\\/\",\"url\":\"https:\\\/\\\/www.cgfmanet.org\\\/wp-content\\\/uploads\\\/2018\\\/10\\\/logo-fma.png\",\"contentUrl\":\"https:\\\/\\\/www.cgfmanet.org\\\/wp-content\\\/uploads\\\/2018\\\/10\\\/logo-fma.png\",\"width\":214,\"height\":55,\"caption\":\"Istituto Figlie di Maria Ausiliatrice\"},\"image\":{\"@id\":\"https:\\\/\\\/www.cgfmanet.org\\\/es\\\/#\\\/schema\\\/logo\\\/image\\\/\"},\"sameAs\":[\"https:\\\/\\\/www.facebook.com\\\/salesian.sisters.of.don.bosco\\\/\",\"https:\\\/\\\/x.com\\\/Cgfmanet_Org\",\"https:\\\/\\\/www.youtube.com\\\/channel\\\/UCmcr8yFQBV7JXeXVxyV9y5Q\"]},{\"@type\":\"Person\",\"@id\":\"https:\\\/\\\/www.cgfmanet.org\\\/es\\\/#\\\/schema\\\/person\\\/ce6473083f53ef0ef882cca23f0c8fb9\",\"name\":\"Redazione\"}]}<\/script>\n<!-- \/ Yoast SEO plugin. -->","yoast_head_json":{"title":"Escribe aqu\u00ed el Gracias a Madre Chiara &#8226; Istituto Figlie di Maria Ausiliatrice","description":"El 24, 25, 26 de abril de 2022 en Tur\u00edn, Mornese, Nizza Monferrato se celebra la Fiesta de la Gratitud Mundial.","robots":{"index":"index","follow":"follow","max-snippet":"max-snippet:-1","max-image-preview":"max-image-preview:large","max-video-preview":"max-video-preview:-1"},"canonical":"https:\/\/www.cgfmanet.org\/es\/ifma-es\/escribe-aqui-el-gracias-a-madre-chiara\/","og_locale":"es_ES","og_type":"article","og_title":"Escribe aqu\u00ed el Gracias a Madre Chiara &#8226; Istituto Figlie di Maria Ausiliatrice","og_description":"El 24, 25, 26 de abril de 2022 en Tur\u00edn, Mornese, Nizza Monferrato se celebra la Fiesta de la Gratitud Mundial.","og_url":"https:\/\/www.cgfmanet.org\/es\/ifma-es\/escribe-aqui-el-gracias-a-madre-chiara\/","og_site_name":"Istituto Figlie di Maria Ausiliatrice","article_publisher":"https:\/\/www.facebook.com\/salesian.sisters.of.don.bosco\/","article_published_time":"2022-04-21T13:29:00+00:00","article_modified_time":"2022-04-23T05:30:27+00:00","og_image":[{"width":1200,"height":800,"url":"https:\/\/www.cgfmanet.org\/wp-content\/uploads\/2022\/04\/Grazie-Madre-Chiara.jpg","type":"image\/jpeg"}],"author":"Redazione","twitter_card":"summary_large_image","twitter_creator":"@Cgfmanet_Org","twitter_site":"@Cgfmanet_Org","twitter_misc":{"Escrito por":"Redazione","Tiempo de lectura":"1 minuto"},"schema":{"@context":"https:\/\/schema.org","@graph":[{"@type":"Article","@id":"https:\/\/www.cgfmanet.org\/es\/ifma-es\/escribe-aqui-el-gracias-a-madre-chiara\/#article","isPartOf":{"@id":"https:\/\/www.cgfmanet.org\/es\/ifma-es\/escribe-aqui-el-gracias-a-madre-chiara\/"},"author":{"name":"Redazione","@id":"https:\/\/www.cgfmanet.org\/es\/#\/schema\/person\/ce6473083f53ef0ef882cca23f0c8fb9"},"headline":"Escribe aqu\u00ed el Gracias a Madre Chiara","datePublished":"2022-04-21T13:29:00+00:00","dateModified":"2022-04-23T05:30:27+00:00","mainEntityOfPage":{"@id":"https:\/\/www.cgfmanet.org\/es\/ifma-es\/escribe-aqui-el-gracias-a-madre-chiara\/"},"wordCount":201,"commentCount":88,"publisher":{"@id":"https:\/\/www.cgfmanet.org\/es\/#organization"},"image":{"@id":"https:\/\/www.cgfmanet.org\/es\/ifma-es\/escribe-aqui-el-gracias-a-madre-chiara\/#primaryimage"},"thumbnailUrl":"https:\/\/www.cgfmanet.org\/wp-content\/uploads\/2022\/04\/Grazie-Madre-Chiara.jpg","keywords":["Fiesta del Gracias","Madre General","IPI","Spiritualit\u00e0 Salesiana","Focus","150\u00b0 IFMA","Madre Chiara Cazzuola"],"articleSection":["Carisma Salesiano","IFMA"],"inLanguage":"es","potentialAction":[{"@type":"CommentAction","name":"Comment","target":["https:\/\/www.cgfmanet.org\/es\/ifma-es\/escribe-aqui-el-gracias-a-madre-chiara\/#respond"]}]},{"@type":"WebPage","@id":"https:\/\/www.cgfmanet.org\/es\/ifma-es\/escribe-aqui-el-gracias-a-madre-chiara\/","url":"https:\/\/www.cgfmanet.org\/es\/ifma-es\/escribe-aqui-el-gracias-a-madre-chiara\/","name":"Escribe aqu\u00ed el Gracias a Madre Chiara &#8226; Istituto Figlie di Maria Ausiliatrice","isPartOf":{"@id":"https:\/\/www.cgfmanet.org\/es\/#website"},"primaryImageOfPage":{"@id":"https:\/\/www.cgfmanet.org\/es\/ifma-es\/escribe-aqui-el-gracias-a-madre-chiara\/#primaryimage"},"image":{"@id":"https:\/\/www.cgfmanet.org\/es\/ifma-es\/escribe-aqui-el-gracias-a-madre-chiara\/#primaryimage"},"thumbnailUrl":"https:\/\/www.cgfmanet.org\/wp-content\/uploads\/2022\/04\/Grazie-Madre-Chiara.jpg","datePublished":"2022-04-21T13:29:00+00:00","dateModified":"2022-04-23T05:30:27+00:00","description":"El 24, 25, 26 de abril de 2022 en Tur\u00edn, Mornese, Nizza Monferrato se celebra la Fiesta de la Gratitud Mundial.","breadcrumb":{"@id":"https:\/\/www.cgfmanet.org\/es\/ifma-es\/escribe-aqui-el-gracias-a-madre-chiara\/#breadcrumb"},"inLanguage":"es","potentialAction":[{"@type":"ReadAction","target":["https:\/\/www.cgfmanet.org\/es\/ifma-es\/escribe-aqui-el-gracias-a-madre-chiara\/"]}]},{"@type":"ImageObject","inLanguage":"es","@id":"https:\/\/www.cgfmanet.org\/es\/ifma-es\/escribe-aqui-el-gracias-a-madre-chiara\/#primaryimage","url":"https:\/\/www.cgfmanet.org\/wp-content\/uploads\/2022\/04\/Grazie-Madre-Chiara.jpg","contentUrl":"https:\/\/www.cgfmanet.org\/wp-content\/uploads\/2022\/04\/Grazie-Madre-Chiara.jpg","width":1200,"height":800},{"@type":"BreadcrumbList","@id":"https:\/\/www.cgfmanet.org\/es\/ifma-es\/escribe-aqui-el-gracias-a-madre-chiara\/#breadcrumb","itemListElement":[{"@type":"ListItem","position":1,"name":"Home","item":"https:\/\/www.cgfmanet.org\/es\/"},{"@type":"ListItem","position":2,"name":"Escribe aqu\u00ed el Gracias a Madre Chiara"}]},{"@type":"WebSite","@id":"https:\/\/www.cgfmanet.org\/es\/#website","url":"https:\/\/www.cgfmanet.org\/es\/","name":"Istituto Figlie di Maria Ausiliatrice","description":"Salesiane di Don Bosco","publisher":{"@id":"https:\/\/www.cgfmanet.org\/es\/#organization"},"potentialAction":[{"@type":"SearchAction","target":{"@type":"EntryPoint","urlTemplate":"https:\/\/www.cgfmanet.org\/es\/?s={search_term_string}"},"query-input":{"@type":"PropertyValueSpecification","valueRequired":true,"valueName":"search_term_string"}}],"inLanguage":"es"},{"@type":"Organization","@id":"https:\/\/www.cgfmanet.org\/es\/#organization","name":"Istituto Figlie di Maria Ausiliatrice","url":"https:\/\/www.cgfmanet.org\/es\/","logo":{"@type":"ImageObject","inLanguage":"es","@id":"https:\/\/www.cgfmanet.org\/es\/#\/schema\/logo\/image\/","url":"https:\/\/www.cgfmanet.org\/wp-content\/uploads\/2018\/10\/logo-fma.png","contentUrl":"https:\/\/www.cgfmanet.org\/wp-content\/uploads\/2018\/10\/logo-fma.png","width":214,"height":55,"caption":"Istituto Figlie di Maria Ausiliatrice"},"image":{"@id":"https:\/\/www.cgfmanet.org\/es\/#\/schema\/logo\/image\/"},"sameAs":["https:\/\/www.facebook.com\/salesian.sisters.of.don.bosco\/","https:\/\/x.com\/Cgfmanet_Org","https:\/\/www.youtube.com\/channel\/UCmcr8yFQBV7JXeXVxyV9y5Q"]},{"@type":"Person","@id":"https:\/\/www.cgfmanet.org\/es\/#\/schema\/person\/ce6473083f53ef0ef882cca23f0c8fb9","name":"Redazione"}]}},"_links":{"self":[{"href":"https:\/\/www.cgfmanet.org\/es\/wp-json\/wp\/v2\/posts\/65864","targetHints":{"allow":["GET"]}}],"collection":[{"href":"https:\/\/www.cgfmanet.org\/es\/wp-json\/wp\/v2\/posts"}],"about":[{"href":"https:\/\/www.cgfmanet.org\/es\/wp-json\/wp\/v2\/types\/post"}],"author":[{"embeddable":true,"href":"https:\/\/www.cgfmanet.org\/es\/wp-json\/wp\/v2\/users\/21"}],"replies":[{"embeddable":true,"href":"https:\/\/www.cgfmanet.org\/es\/wp-json\/wp\/v2\/comments?post=65864"}],"version-history":[{"count":0,"href":"https:\/\/www.cgfmanet.org\/es\/wp-json\/wp\/v2\/posts\/65864\/revisions"}],"wp:featuredmedia":[{"embeddable":true,"href":"https:\/\/www.cgfmanet.org\/es\/wp-json\/wp\/v2\/media\/65859"}],"wp:attachment":[{"href":"https:\/\/www.cgfmanet.org\/es\/wp-json\/wp\/v2\/media?parent=65864"}],"wp:term":[{"taxonomy":"category","embeddable":true,"href":"https:\/\/www.cgfmanet.org\/es\/wp-json\/wp\/v2\/categories?post=65864"},{"taxonomy":"post_tag","embeddable":true,"href":"https:\/\/www.cgfmanet.org\/es\/wp-json\/wp\/v2\/tags?post=65864"}],"curies":[{"name":"wp","href":"https:\/\/api.w.org\/{rel}","templated":true}]}}