{"id":65533,"date":"2022-04-13T17:02:06","date_gmt":"2022-04-13T15:02:06","guid":{"rendered":"https:\/\/www.cgfmanet.org\/infoesfera\/incontro-dirigenti-iss-fma-colombia\/"},"modified":"2022-04-13T17:02:06","modified_gmt":"2022-04-13T15:02:06","slug":"incontro-dirigenti-iss-fma-colombia","status":"publish","type":"post","link":"https:\/\/www.cgfmanet.org\/es\/ifma-es\/incontro-dirigenti-iss-fma-colombia\/","title":{"rendered":"Incontro Dirigenti ISS \u2013 FMA Colombia"},"content":{"rendered":"<p><strong>Bogot\u00e0 (Colombia).<\/strong> L&#8217;8 aprile 2022 presso la Casa dell\u2019Ispettoria <em>Nostra Signora della Neve<\/em> (CBN) si sono riunite le Dirigenti delle Istituzioni di Studi Superiori per la Formazione degli Insegnanti (ISS-FMA) della Colombia con i seguenti obiettivi: accogliere le nuove Dirigenti e renderle partecipi del cammino fatto dal nodo della Colombia, dare seguito al piano d&#8217;azione 2019-2022 e programmare il lavoro dell&#8217;anno, tenendo in considerazione il Congresso Nazionale di Educazione con cui le Figlie di Maria Ausiliatrice celebreranno il 150\u00b0 di Fondazione dell&#8217;Istituto e i 125 anni della presenza salesiana nel Paese.<\/p>\n<p>Si \u00e8 privilegiato l\u2019incontro in presenza, in quanto l&#8217;esperienza della pandemia ha messo in luce che il funzionamento delle reti \u00e8 pi\u00f9 dinamico quando si basa su una relazione umana pi\u00f9 stretta tra i suoi membri.<\/p>\n<p>Vista la presenza delle nuove Dirigenti, si \u00e8 favorito un processo di introduzione alla realt\u00e0 del nodo della Colombia con l&#8217;utilizzo di materiale inviato da suor Ivone Goulart Lopes, Referente dell\u2019Ambito per la Pastorale Giovanile dell\u2019Istituto FMA per le ISS-FMA, per dare sistematicit\u00e0 al percorso seguito dalla rete.<\/p>\n<p>Si \u00e8 vista inoltre l\u2019esigenza della condivisione delle esperienze e della socializzazione del piano di azione con la partecipazione alla sua valutazione, in quanto permette ai nuovi membri di comprendere la responsabilit\u00e0 storica e carismatica dell\u2019Istituto FMA e il modo con cui la rete favorisce la missione: questo obiettivo pu\u00f2 essere raggiunto soltanto con la partecipazione congiunta alla sua costruzione di significato.<\/p>\n<p>Il piano d&#8217;azione era orientato alla realizzazione di un <span style=\"color: #0000ff;\"><a style=\"color: #0000ff;\" href=\"https:\/\/www.cgfmanet.org\/es\/ifma-es\/2-encuentro-seminario-permanente-sobre-el-sistema-preventivo-iss-fma-colombia\/\">Seminario Permanente sul Sistema Preventivo<\/a> <\/span>comune alle nove ISS-FMA rivolto agli insegnanti in formazione e in tirocinio, un sogno che \u00e8 divenuto realt\u00e0. La realizzazione presenta ora alle Istituzioni nuove sfide nel campo della pedagogia salesiana.<\/p>\n<p>Una delle sfide \u00e8 rendere visibile l&#8217;apporto di <a href=\"https:\/\/www.cgfmanet.org\/es\/ifma-es\/sor-onorina-lanfranco-pionera-de-los-jardines-de-infancia-en-colombia\/\" target=\"_blank\" rel=\"noopener\"><span style=\"color: #0000ff;\">Suor Onorina Lanfranco<\/span><\/a> alle origini e al consolidamento della pedagogia dell\u2019infanzia in Colombia, e in questa linea \u00e8 necessario far s\u00ec che la sua esperienza diventi oggetto di studio e di ricerca nelle Scuole di Formazione degli Insegnanti, nel quadro del Seminario Permanente sul Sistema Preventivo.<\/p>\n<p>Un evento significativo dell&#8217;incontro \u00e8 stata la presenza di Miguel \u00c1ngel Mart\u00ednez, pedagogista e ricercatore che si \u00e8 dedicato a studiare il contributo di <span style=\"color: #000000;\">Suor Onorina\u00a0<\/span>alla pedagogia infantile nel paese. Ha tenuto una relazione in cui ha condiviso ricerche e risultati, portando entusiasmo e impegno al lavoro di studio che il nodo sta intraprendendo.<\/p>\n<p>La riunione \u00e8 culminata con la pianificazione di azioni volte ad articolare il Seminario Permanente 2022 con il lavoro che si sta svolgendo per il Congresso Nazionale dell&#8217;Educazione, favorendo cos\u00ec il coordinamento e la pertinenza degli interventi e dei progetti.<\/p>\n","protected":false},"excerpt":{"rendered":"<p>Bogot\u00e0 (Colombia). L&#8217;8 aprile 2022 presso la Casa dell\u2019Ispettoria Nostra Signora della Neve (CBN) si sono riunite le Dirigenti delle Istituzioni di Studi Superiori per la Formazione degli Insegnanti (ISS-FMA) [&hellip;]<\/p>\n","protected":false},"author":21,"featured_media":65527,"comment_status":"open","ping_status":"closed","sticky":false,"template":"","format":"standard","meta":{"footnotes":""},"categories":[158,179],"tags":[247,1454,1670,2243,2278],"class_list":["post-65533","post","type-post","status-publish","format-standard","has-post-thumbnail","category-ifma-es","category-educacion","tag-colombia-es","tag-escuela","tag-carisma-salesiano-es","tag-iss-fma-es","tag-150-ifma-es"],"yoast_head":"<!-- This site is optimized with the Yoast SEO plugin v27.4 - https:\/\/yoast.com\/product\/yoast-seo-wordpress\/ -->\n<title>Incontro Dirigenti ISS \u2013 FMA Colombia &#8226; Istituto Figlie di Maria Ausiliatrice<\/title>\n<meta name=\"robots\" content=\"index, follow, max-snippet:-1, max-image-preview:large, max-video-preview:-1\" \/>\n<link rel=\"canonical\" href=\"https:\/\/www.cgfmanet.org\/es\/infoesfera\/incontro-dirigenti-iss-fma-colombia\/\" \/>\n<meta property=\"og:locale\" content=\"es_ES\" \/>\n<meta property=\"og:type\" content=\"article\" \/>\n<meta property=\"og:title\" content=\"Incontro Dirigenti ISS \u2013 FMA Colombia &#8226; Istituto Figlie di Maria Ausiliatrice\" \/>\n<meta property=\"og:description\" content=\"Bogot\u00e0 (Colombia). L&#8217;8 aprile 2022 presso la Casa dell\u2019Ispettoria Nostra Signora della Neve (CBN) si sono riunite le Dirigenti delle Istituzioni di Studi Superiori per la Formazione degli Insegnanti (ISS-FMA) [&hellip;]\" \/>\n<meta property=\"og:url\" content=\"https:\/\/www.cgfmanet.org\/es\/infoesfera\/incontro-dirigenti-iss-fma-colombia\/\" \/>\n<meta property=\"og:site_name\" content=\"Istituto Figlie di Maria Ausiliatrice\" \/>\n<meta property=\"article:publisher\" content=\"https:\/\/www.facebook.com\/salesian.sisters.of.don.bosco\/\" \/>\n<meta property=\"article:published_time\" content=\"2022-04-13T15:02:06+00:00\" \/>\n<meta property=\"og:image\" content=\"https:\/\/www.cgfmanet.org\/wp-content\/uploads\/2018\/10\/logo-fma-retina.png\" \/>\n\t<meta property=\"og:image:width\" content=\"425\" \/>\n\t<meta property=\"og:image:height\" content=\"109\" \/>\n\t<meta property=\"og:image:type\" content=\"image\/png\" \/>\n<meta name=\"author\" content=\"Redazione\" \/>\n<meta name=\"twitter:card\" content=\"summary_large_image\" \/>\n<meta name=\"twitter:creator\" content=\"@Cgfmanet_Org\" \/>\n<meta name=\"twitter:site\" content=\"@Cgfmanet_Org\" \/>\n<meta name=\"twitter:label1\" content=\"Escrito por\" \/>\n\t<meta name=\"twitter:data1\" content=\"Redazione\" \/>\n\t<meta name=\"twitter:label2\" content=\"Tiempo de lectura\" \/>\n\t<meta name=\"twitter:data2\" content=\"2 minutos\" \/>\n<script type=\"application\/ld+json\" class=\"yoast-schema-graph\">{\"@context\":\"https:\\\/\\\/schema.org\",\"@graph\":[{\"@type\":\"Article\",\"@id\":\"https:\\\/\\\/www.cgfmanet.org\\\/es\\\/infoesfera\\\/incontro-dirigenti-iss-fma-colombia\\\/#article\",\"isPartOf\":{\"@id\":\"https:\\\/\\\/www.cgfmanet.org\\\/es\\\/infoesfera\\\/incontro-dirigenti-iss-fma-colombia\\\/\"},\"author\":{\"name\":\"Redazione\",\"@id\":\"https:\\\/\\\/www.cgfmanet.org\\\/es\\\/#\\\/schema\\\/person\\\/ce6473083f53ef0ef882cca23f0c8fb9\"},\"headline\":\"Incontro Dirigenti ISS \u2013 FMA Colombia\",\"datePublished\":\"2022-04-13T15:02:06+00:00\",\"mainEntityOfPage\":{\"@id\":\"https:\\\/\\\/www.cgfmanet.org\\\/es\\\/infoesfera\\\/incontro-dirigenti-iss-fma-colombia\\\/\"},\"wordCount\":439,\"commentCount\":0,\"publisher\":{\"@id\":\"https:\\\/\\\/www.cgfmanet.org\\\/es\\\/#organization\"},\"image\":{\"@id\":\"https:\\\/\\\/www.cgfmanet.org\\\/es\\\/infoesfera\\\/incontro-dirigenti-iss-fma-colombia\\\/#primaryimage\"},\"thumbnailUrl\":\"https:\\\/\\\/www.cgfmanet.org\\\/wp-content\\\/uploads\\\/2022\\\/04\\\/ISS-FMA-Colombia.jpg\",\"keywords\":[\"Colombia\",\"Escuela\",\"Carisma salesiano\",\"ISS FMA\",\"150\u00b0 IFMA\"],\"articleSection\":[\"IFMA\",\"Educaci\u00f3n\"],\"inLanguage\":\"es\",\"potentialAction\":[{\"@type\":\"CommentAction\",\"name\":\"Comment\",\"target\":[\"https:\\\/\\\/www.cgfmanet.org\\\/es\\\/infoesfera\\\/incontro-dirigenti-iss-fma-colombia\\\/#respond\"]}]},{\"@type\":\"WebPage\",\"@id\":\"https:\\\/\\\/www.cgfmanet.org\\\/es\\\/infoesfera\\\/incontro-dirigenti-iss-fma-colombia\\\/\",\"url\":\"https:\\\/\\\/www.cgfmanet.org\\\/es\\\/infoesfera\\\/incontro-dirigenti-iss-fma-colombia\\\/\",\"name\":\"Incontro Dirigenti ISS \u2013 FMA Colombia &#8226; Istituto Figlie di Maria Ausiliatrice\",\"isPartOf\":{\"@id\":\"https:\\\/\\\/www.cgfmanet.org\\\/es\\\/#website\"},\"primaryImageOfPage\":{\"@id\":\"https:\\\/\\\/www.cgfmanet.org\\\/es\\\/infoesfera\\\/incontro-dirigenti-iss-fma-colombia\\\/#primaryimage\"},\"image\":{\"@id\":\"https:\\\/\\\/www.cgfmanet.org\\\/es\\\/infoesfera\\\/incontro-dirigenti-iss-fma-colombia\\\/#primaryimage\"},\"thumbnailUrl\":\"https:\\\/\\\/www.cgfmanet.org\\\/wp-content\\\/uploads\\\/2022\\\/04\\\/ISS-FMA-Colombia.jpg\",\"datePublished\":\"2022-04-13T15:02:06+00:00\",\"breadcrumb\":{\"@id\":\"https:\\\/\\\/www.cgfmanet.org\\\/es\\\/infoesfera\\\/incontro-dirigenti-iss-fma-colombia\\\/#breadcrumb\"},\"inLanguage\":\"es\",\"potentialAction\":[{\"@type\":\"ReadAction\",\"target\":[\"https:\\\/\\\/www.cgfmanet.org\\\/es\\\/infoesfera\\\/incontro-dirigenti-iss-fma-colombia\\\/\"]}]},{\"@type\":\"ImageObject\",\"inLanguage\":\"es\",\"@id\":\"https:\\\/\\\/www.cgfmanet.org\\\/es\\\/infoesfera\\\/incontro-dirigenti-iss-fma-colombia\\\/#primaryimage\",\"url\":\"https:\\\/\\\/www.cgfmanet.org\\\/wp-content\\\/uploads\\\/2022\\\/04\\\/ISS-FMA-Colombia.jpg\",\"contentUrl\":\"https:\\\/\\\/www.cgfmanet.org\\\/wp-content\\\/uploads\\\/2022\\\/04\\\/ISS-FMA-Colombia.jpg\",\"width\":1181,\"height\":787},{\"@type\":\"BreadcrumbList\",\"@id\":\"https:\\\/\\\/www.cgfmanet.org\\\/es\\\/infoesfera\\\/incontro-dirigenti-iss-fma-colombia\\\/#breadcrumb\",\"itemListElement\":[{\"@type\":\"ListItem\",\"position\":1,\"name\":\"Home\",\"item\":\"https:\\\/\\\/www.cgfmanet.org\\\/es\\\/\"},{\"@type\":\"ListItem\",\"position\":2,\"name\":\"Incontro Dirigenti ISS \u2013 FMA Colombia\"}]},{\"@type\":\"WebSite\",\"@id\":\"https:\\\/\\\/www.cgfmanet.org\\\/es\\\/#website\",\"url\":\"https:\\\/\\\/www.cgfmanet.org\\\/es\\\/\",\"name\":\"Istituto Figlie di Maria Ausiliatrice\",\"description\":\"Salesiane di Don Bosco\",\"publisher\":{\"@id\":\"https:\\\/\\\/www.cgfmanet.org\\\/es\\\/#organization\"},\"potentialAction\":[{\"@type\":\"SearchAction\",\"target\":{\"@type\":\"EntryPoint\",\"urlTemplate\":\"https:\\\/\\\/www.cgfmanet.org\\\/es\\\/?s={search_term_string}\"},\"query-input\":{\"@type\":\"PropertyValueSpecification\",\"valueRequired\":true,\"valueName\":\"search_term_string\"}}],\"inLanguage\":\"es\"},{\"@type\":\"Organization\",\"@id\":\"https:\\\/\\\/www.cgfmanet.org\\\/es\\\/#organization\",\"name\":\"Istituto Figlie di Maria Ausiliatrice\",\"url\":\"https:\\\/\\\/www.cgfmanet.org\\\/es\\\/\",\"logo\":{\"@type\":\"ImageObject\",\"inLanguage\":\"es\",\"@id\":\"https:\\\/\\\/www.cgfmanet.org\\\/es\\\/#\\\/schema\\\/logo\\\/image\\\/\",\"url\":\"https:\\\/\\\/www.cgfmanet.org\\\/wp-content\\\/uploads\\\/2018\\\/10\\\/logo-fma.png\",\"contentUrl\":\"https:\\\/\\\/www.cgfmanet.org\\\/wp-content\\\/uploads\\\/2018\\\/10\\\/logo-fma.png\",\"width\":214,\"height\":55,\"caption\":\"Istituto Figlie di Maria Ausiliatrice\"},\"image\":{\"@id\":\"https:\\\/\\\/www.cgfmanet.org\\\/es\\\/#\\\/schema\\\/logo\\\/image\\\/\"},\"sameAs\":[\"https:\\\/\\\/www.facebook.com\\\/salesian.sisters.of.don.bosco\\\/\",\"https:\\\/\\\/x.com\\\/Cgfmanet_Org\",\"https:\\\/\\\/www.youtube.com\\\/channel\\\/UCmcr8yFQBV7JXeXVxyV9y5Q\"]},{\"@type\":\"Person\",\"@id\":\"https:\\\/\\\/www.cgfmanet.org\\\/es\\\/#\\\/schema\\\/person\\\/ce6473083f53ef0ef882cca23f0c8fb9\",\"name\":\"Redazione\"}]}<\/script>\n<!-- \/ Yoast SEO plugin. -->","yoast_head_json":{"title":"Incontro Dirigenti ISS \u2013 FMA Colombia &#8226; Istituto Figlie di Maria Ausiliatrice","robots":{"index":"index","follow":"follow","max-snippet":"max-snippet:-1","max-image-preview":"max-image-preview:large","max-video-preview":"max-video-preview:-1"},"canonical":"https:\/\/www.cgfmanet.org\/es\/infoesfera\/incontro-dirigenti-iss-fma-colombia\/","og_locale":"es_ES","og_type":"article","og_title":"Incontro Dirigenti ISS \u2013 FMA Colombia &#8226; Istituto Figlie di Maria Ausiliatrice","og_description":"Bogot\u00e0 (Colombia). L&#8217;8 aprile 2022 presso la Casa dell\u2019Ispettoria Nostra Signora della Neve (CBN) si sono riunite le Dirigenti delle Istituzioni di Studi Superiori per la Formazione degli Insegnanti (ISS-FMA) [&hellip;]","og_url":"https:\/\/www.cgfmanet.org\/es\/infoesfera\/incontro-dirigenti-iss-fma-colombia\/","og_site_name":"Istituto Figlie di Maria Ausiliatrice","article_publisher":"https:\/\/www.facebook.com\/salesian.sisters.of.don.bosco\/","article_published_time":"2022-04-13T15:02:06+00:00","og_image":[{"width":425,"height":109,"url":"https:\/\/www.cgfmanet.org\/wp-content\/uploads\/2018\/10\/logo-fma-retina.png","type":"image\/png"}],"author":"Redazione","twitter_card":"summary_large_image","twitter_creator":"@Cgfmanet_Org","twitter_site":"@Cgfmanet_Org","twitter_misc":{"Escrito por":"Redazione","Tiempo de lectura":"2 minutos"},"schema":{"@context":"https:\/\/schema.org","@graph":[{"@type":"Article","@id":"https:\/\/www.cgfmanet.org\/es\/infoesfera\/incontro-dirigenti-iss-fma-colombia\/#article","isPartOf":{"@id":"https:\/\/www.cgfmanet.org\/es\/infoesfera\/incontro-dirigenti-iss-fma-colombia\/"},"author":{"name":"Redazione","@id":"https:\/\/www.cgfmanet.org\/es\/#\/schema\/person\/ce6473083f53ef0ef882cca23f0c8fb9"},"headline":"Incontro Dirigenti ISS \u2013 FMA Colombia","datePublished":"2022-04-13T15:02:06+00:00","mainEntityOfPage":{"@id":"https:\/\/www.cgfmanet.org\/es\/infoesfera\/incontro-dirigenti-iss-fma-colombia\/"},"wordCount":439,"commentCount":0,"publisher":{"@id":"https:\/\/www.cgfmanet.org\/es\/#organization"},"image":{"@id":"https:\/\/www.cgfmanet.org\/es\/infoesfera\/incontro-dirigenti-iss-fma-colombia\/#primaryimage"},"thumbnailUrl":"https:\/\/www.cgfmanet.org\/wp-content\/uploads\/2022\/04\/ISS-FMA-Colombia.jpg","keywords":["Colombia","Escuela","Carisma salesiano","ISS FMA","150\u00b0 IFMA"],"articleSection":["IFMA","Educaci\u00f3n"],"inLanguage":"es","potentialAction":[{"@type":"CommentAction","name":"Comment","target":["https:\/\/www.cgfmanet.org\/es\/infoesfera\/incontro-dirigenti-iss-fma-colombia\/#respond"]}]},{"@type":"WebPage","@id":"https:\/\/www.cgfmanet.org\/es\/infoesfera\/incontro-dirigenti-iss-fma-colombia\/","url":"https:\/\/www.cgfmanet.org\/es\/infoesfera\/incontro-dirigenti-iss-fma-colombia\/","name":"Incontro Dirigenti ISS \u2013 FMA Colombia &#8226; Istituto Figlie di Maria Ausiliatrice","isPartOf":{"@id":"https:\/\/www.cgfmanet.org\/es\/#website"},"primaryImageOfPage":{"@id":"https:\/\/www.cgfmanet.org\/es\/infoesfera\/incontro-dirigenti-iss-fma-colombia\/#primaryimage"},"image":{"@id":"https:\/\/www.cgfmanet.org\/es\/infoesfera\/incontro-dirigenti-iss-fma-colombia\/#primaryimage"},"thumbnailUrl":"https:\/\/www.cgfmanet.org\/wp-content\/uploads\/2022\/04\/ISS-FMA-Colombia.jpg","datePublished":"2022-04-13T15:02:06+00:00","breadcrumb":{"@id":"https:\/\/www.cgfmanet.org\/es\/infoesfera\/incontro-dirigenti-iss-fma-colombia\/#breadcrumb"},"inLanguage":"es","potentialAction":[{"@type":"ReadAction","target":["https:\/\/www.cgfmanet.org\/es\/infoesfera\/incontro-dirigenti-iss-fma-colombia\/"]}]},{"@type":"ImageObject","inLanguage":"es","@id":"https:\/\/www.cgfmanet.org\/es\/infoesfera\/incontro-dirigenti-iss-fma-colombia\/#primaryimage","url":"https:\/\/www.cgfmanet.org\/wp-content\/uploads\/2022\/04\/ISS-FMA-Colombia.jpg","contentUrl":"https:\/\/www.cgfmanet.org\/wp-content\/uploads\/2022\/04\/ISS-FMA-Colombia.jpg","width":1181,"height":787},{"@type":"BreadcrumbList","@id":"https:\/\/www.cgfmanet.org\/es\/infoesfera\/incontro-dirigenti-iss-fma-colombia\/#breadcrumb","itemListElement":[{"@type":"ListItem","position":1,"name":"Home","item":"https:\/\/www.cgfmanet.org\/es\/"},{"@type":"ListItem","position":2,"name":"Incontro Dirigenti ISS \u2013 FMA Colombia"}]},{"@type":"WebSite","@id":"https:\/\/www.cgfmanet.org\/es\/#website","url":"https:\/\/www.cgfmanet.org\/es\/","name":"Istituto Figlie di Maria Ausiliatrice","description":"Salesiane di Don Bosco","publisher":{"@id":"https:\/\/www.cgfmanet.org\/es\/#organization"},"potentialAction":[{"@type":"SearchAction","target":{"@type":"EntryPoint","urlTemplate":"https:\/\/www.cgfmanet.org\/es\/?s={search_term_string}"},"query-input":{"@type":"PropertyValueSpecification","valueRequired":true,"valueName":"search_term_string"}}],"inLanguage":"es"},{"@type":"Organization","@id":"https:\/\/www.cgfmanet.org\/es\/#organization","name":"Istituto Figlie di Maria Ausiliatrice","url":"https:\/\/www.cgfmanet.org\/es\/","logo":{"@type":"ImageObject","inLanguage":"es","@id":"https:\/\/www.cgfmanet.org\/es\/#\/schema\/logo\/image\/","url":"https:\/\/www.cgfmanet.org\/wp-content\/uploads\/2018\/10\/logo-fma.png","contentUrl":"https:\/\/www.cgfmanet.org\/wp-content\/uploads\/2018\/10\/logo-fma.png","width":214,"height":55,"caption":"Istituto Figlie di Maria Ausiliatrice"},"image":{"@id":"https:\/\/www.cgfmanet.org\/es\/#\/schema\/logo\/image\/"},"sameAs":["https:\/\/www.facebook.com\/salesian.sisters.of.don.bosco\/","https:\/\/x.com\/Cgfmanet_Org","https:\/\/www.youtube.com\/channel\/UCmcr8yFQBV7JXeXVxyV9y5Q"]},{"@type":"Person","@id":"https:\/\/www.cgfmanet.org\/es\/#\/schema\/person\/ce6473083f53ef0ef882cca23f0c8fb9","name":"Redazione"}]}},"_links":{"self":[{"href":"https:\/\/www.cgfmanet.org\/es\/wp-json\/wp\/v2\/posts\/65533","targetHints":{"allow":["GET"]}}],"collection":[{"href":"https:\/\/www.cgfmanet.org\/es\/wp-json\/wp\/v2\/posts"}],"about":[{"href":"https:\/\/www.cgfmanet.org\/es\/wp-json\/wp\/v2\/types\/post"}],"author":[{"embeddable":true,"href":"https:\/\/www.cgfmanet.org\/es\/wp-json\/wp\/v2\/users\/21"}],"replies":[{"embeddable":true,"href":"https:\/\/www.cgfmanet.org\/es\/wp-json\/wp\/v2\/comments?post=65533"}],"version-history":[{"count":0,"href":"https:\/\/www.cgfmanet.org\/es\/wp-json\/wp\/v2\/posts\/65533\/revisions"}],"wp:featuredmedia":[{"embeddable":true,"href":"https:\/\/www.cgfmanet.org\/es\/wp-json\/wp\/v2\/media\/65527"}],"wp:attachment":[{"href":"https:\/\/www.cgfmanet.org\/es\/wp-json\/wp\/v2\/media?parent=65533"}],"wp:term":[{"taxonomy":"category","embeddable":true,"href":"https:\/\/www.cgfmanet.org\/es\/wp-json\/wp\/v2\/categories?post=65533"},{"taxonomy":"post_tag","embeddable":true,"href":"https:\/\/www.cgfmanet.org\/es\/wp-json\/wp\/v2\/tags?post=65533"}],"curies":[{"name":"wp","href":"https:\/\/api.w.org\/{rel}","templated":true}]}}