{"id":61443,"date":"2022-02-09T12:24:14","date_gmt":"2022-02-09T11:24:14","guid":{"rendered":"https:\/\/www.cgfmanet.org\/infoesfera\/studenti-impegnate-nella-cura-della-casa-comune-sec\/"},"modified":"2022-02-11T20:45:31","modified_gmt":"2022-02-11T19:45:31","slug":"estudiantes-comprometidos-en-el-cuidado-de-la-casa-comun-sec","status":"publish","type":"post","link":"https:\/\/www.cgfmanet.org\/es\/infoesfera\/estudiantes-comprometidos-en-el-cuidado-de-la-casa-comun-sec\/","title":{"rendered":"Estudiantes comprometidos en el cuidado de la Casa com\u00fan \u2013 SEC"},"content":{"rendered":"<p><strong>Harvey (Estados Unidos). <\/strong><strong>E<\/strong>l 19 de enero de 2022 las estudiantes de la <em>Academy of Our Lady (Academia de Nuestra Se\u00f1ora) <\/em>de Marrero, Harvey, en Luisiana, en la que trabajan las FMA Comunidad <em>Inmaculada Concepci\u00f3n<\/em> de la Inspector\u00eda <em>San Jos\u00e9<\/em> (SEC), tuvieron la primera cosecha del huerto sembrado en el jard\u00edn de la Escuela como parte del proyecto de Ciencias Ambientales sobre la Laudato Si&#8217;.<\/p>\n<p>Adem\u00e1s de estar relacionada con el programa escolar, la cosecha ha sido escogida por las estudiantes como \u201cplan de acci\u00f3n\u201d en respuesta a la Laudato s\u00ed\u00b4, la Enc\u00edclica sobre el cuidado de la Casa com\u00fan, en la que el Papa Francisco dirige una llamada a toda la familia humana para volver a buscar juntos un desarrollo sostenible integral y colaborar en la construcci\u00f3n de la Casa com\u00fan (LS 13).<\/p>\n<p><em>\u201cEl Papa Francisco est\u00e1 animando a realizar proyectos de cuidado del ambiente para ayudar a la Casa com\u00fan. Pienso que es una \u00f3ptima manera de hacer reconocer a los estudiantes lo importante que es nuestro planeta y ayudarlos a cuidar la creaci\u00f3n de Dios\u201d, <\/em>afirma su profesora, sor Janna Renee.<\/p>\n<p><a href=\"https:\/\/www.cgfmanet.org\/wp-content\/uploads\/2022\/02\/orto-SEC_2.jpg\"><img decoding=\"async\" class=\"alignright wp-image-61434 size-full lazyload\" data-src=\"https:\/\/www.cgfmanet.org\/wp-content\/uploads\/2022\/02\/orto-SEC_2.jpg\" alt=\"\" width=\"282\" height=\"305\" src=\"data:image\/svg+xml;base64,PHN2ZyB3aWR0aD0iMSIgaGVpZ2h0PSIxIiB4bWxucz0iaHR0cDovL3d3dy53My5vcmcvMjAwMC9zdmciPjwvc3ZnPg==\" style=\"--smush-placeholder-width: 282px; --smush-placeholder-aspect-ratio: 282\/305;\" \/><\/a><\/p>\n<p><em>El pasado oto\u00f1o las estudiantes trabajaron para desmalezar, labrar el suelo y colocar una red en cada una de las seis \u00abcamas\u00bb que componen el huerto. Luego cavaron los agujeros para las semillas y en octubre sembraron y plantaron las plantitas. Sor Janna regaba el jard\u00edn cada dos d\u00edas, sin el uso de pesticidas y, a mitad de cada lecci\u00f3n de Ciencias ambientales, permiti\u00f3 a las estudiantes dejar su clase para ir a cuidar el huerto y observar los progresos. \u201cEst\u00e1n de verdad entusiasmados de poder trabajar con sus manos\u201d \u2013 observa sor Janna \u2013 \u201c\u00a1Es hermoso sacarlos a fuera a hacer algo pr\u00e1ctico, y ver que cada vez vuelven felices a la clase!\u201d<\/em><\/p>\n<p>Antes de salir a fuera, las estudiantes segu\u00edan una lecci\u00f3n sobre la importancia de la biodiversidad: la necesidad de garantizar una variedad de organismos y las condiciones para mantener todas las especies en equilibrio gracias a las relaciones de dependencia entre ellos.<\/p>\n<p>Las verduras cosechadas \u2013coliflor, br\u00f3coli, remolacha, r\u00e1banos, chalotes, zanahorias, dos tipos de col y otras verduras\u2013 fueron entregadas a la Coordinadora del Curso de Artes Culinarias de la <em>Academia de Nuestra Se\u00f1ora<\/em>, para su uso en el aula-cocina, ubicada a pocos pasos del jard\u00edn.<\/p>\n<p>Las estudiantes, recordando el espacio verde no cultivado y est\u00e9ril antes de su intervenci\u00f3n, estaban satisfechas del trabajo comprometido pero gratificante: <em>\u201cPienso que es hermoso de verdad plantar de todo, observarlo desde el inicio y ver los resultados\u201d-<\/em> subray\u00f3 una ni\u00f1a \u2013 \u201c<em>Y es m\u00e1s econ\u00f3mico que ir a la tienda a comprar todas las verduras\u201d. <\/em>Tambi\u00e9n reconocieron que el proyecto les ha dado nuevas competencias y un mayor aprecio por el trabajo de los agricultores.<\/p>\n<p>El proyecto del huerto ha implicado a otros componentes de la Escuela: los miembros del Club CRS, Servicios de ayuda cat\u00f3lica (Catholic Relief Services) que\u00a0\u00a0 mantienen el jard\u00edn limpio de malezas, as\u00ed como los maestros y el personal con el \u00abpulgar verde\u00bb.<\/p>\n<p>Las estudiantes de ciencias ambientales est\u00e1n trabajando en otras dos iniciativas ligadas a la Laudato si\u00b4: crear y vender bol\u00edgrafos \u00abecol\u00f3gicos\u00bb y coordinar el dise\u00f1o de un cartel para aumentar la conciencia ambiental en toda la escuela. Adem\u00e1s, participan en el \u00ab4-H Louisiana coastal studies program\u00bb, un proyecto nacional con conferencias sobre \u00e1reas pantanosas y sobre c\u00f3mo preservarlas de la erosi\u00f3n.<\/p>\n<p><strong>Fuente:<\/strong> <span style=\"color: #0000ff;\"><a style=\"color: #0000ff;\" href=\"https:\/\/clarionherald.org\/news\/garden-aligns-with-popes-call-to-care-for-earthly-home\" target=\"_blank\" rel=\"noopener\"><strong>Clarion Herald Newspaper <\/strong><\/a><\/span><\/p>\n","protected":false},"excerpt":{"rendered":"<p>Harvey (Estados Unidos). El 19 de enero de 2022 las estudiantes de la Academy of Our Lady (Academia de Nuestra Se\u00f1ora) de Marrero, Harvey, en Luisiana, en la que trabajan [&hellip;]<\/p>\n","protected":false},"author":21,"featured_media":61433,"comment_status":"open","ping_status":"closed","sticky":false,"template":"","format":"standard","meta":{"footnotes":""},"categories":[39,203],"tags":[1135,1406,1623,1931],"class_list":["post-61443","post","type-post","status-publish","format-standard","has-post-thumbnail","category-infoesfera","category-ecologia-es","tag-educacion","tag-sec-es","tag-cittadinanza-es","tag-focus-es"],"yoast_head":"<!-- This site is optimized with the Yoast SEO plugin v27.4 - https:\/\/yoast.com\/product\/yoast-seo-wordpress\/ -->\n<title>Estudiantes comprometidos en el cuidado de la Casa com\u00fan \u2013 SEC &#8226; Istituto Figlie di Maria Ausiliatrice<\/title>\n<meta name=\"description\" content=\"Las estudiantes de la Academia de Our Lady de Marrero, Harvey, de la Inspector\u00eda SEC, recogieron los frutos de la huerta sembrada en la escuela con el proyecto vinculado a la Laudato Si&#039;.\" \/>\n<meta name=\"robots\" content=\"index, follow, max-snippet:-1, max-image-preview:large, max-video-preview:-1\" \/>\n<link rel=\"canonical\" href=\"https:\/\/www.cgfmanet.org\/es\/infoesfera\/estudiantes-comprometidos-en-el-cuidado-de-la-casa-comun-sec\/\" \/>\n<meta property=\"og:locale\" content=\"es_ES\" \/>\n<meta property=\"og:type\" content=\"article\" \/>\n<meta property=\"og:title\" content=\"Estudiantes comprometidos en el cuidado de la Casa com\u00fan \u2013 SEC &#8226; Istituto Figlie di Maria Ausiliatrice\" \/>\n<meta property=\"og:description\" content=\"Las estudiantes de la Academia de Our Lady de Marrero, Harvey, de la Inspector\u00eda SEC, recogieron los frutos de la huerta sembrada en la escuela con el proyecto vinculado a la Laudato Si&#039;.\" \/>\n<meta property=\"og:url\" content=\"https:\/\/www.cgfmanet.org\/es\/infoesfera\/estudiantes-comprometidos-en-el-cuidado-de-la-casa-comun-sec\/\" \/>\n<meta property=\"og:site_name\" content=\"Istituto Figlie di Maria Ausiliatrice\" \/>\n<meta property=\"article:publisher\" content=\"https:\/\/www.facebook.com\/salesian.sisters.of.don.bosco\/\" \/>\n<meta property=\"article:published_time\" content=\"2022-02-09T11:24:14+00:00\" \/>\n<meta property=\"article:modified_time\" content=\"2022-02-11T19:45:31+00:00\" \/>\n<meta property=\"og:image\" content=\"https:\/\/www.cgfmanet.org\/wp-content\/uploads\/2022\/02\/orto-SEC.jpg\" \/>\n\t<meta property=\"og:image:width\" content=\"600\" \/>\n\t<meta property=\"og:image:height\" content=\"400\" \/>\n\t<meta property=\"og:image:type\" content=\"image\/jpeg\" \/>\n<meta name=\"author\" content=\"Redazione\" \/>\n<meta name=\"twitter:card\" content=\"summary_large_image\" \/>\n<meta name=\"twitter:creator\" content=\"@Cgfmanet_Org\" \/>\n<meta name=\"twitter:site\" content=\"@Cgfmanet_Org\" \/>\n<meta name=\"twitter:label1\" content=\"Escrito por\" \/>\n\t<meta name=\"twitter:data1\" content=\"Redazione\" \/>\n\t<meta name=\"twitter:label2\" content=\"Tiempo de lectura\" \/>\n\t<meta name=\"twitter:data2\" content=\"3 minutos\" \/>\n<script type=\"application\/ld+json\" class=\"yoast-schema-graph\">{\"@context\":\"https:\\\/\\\/schema.org\",\"@graph\":[{\"@type\":\"Article\",\"@id\":\"https:\\\/\\\/www.cgfmanet.org\\\/es\\\/infoesfera\\\/estudiantes-comprometidos-en-el-cuidado-de-la-casa-comun-sec\\\/#article\",\"isPartOf\":{\"@id\":\"https:\\\/\\\/www.cgfmanet.org\\\/es\\\/infoesfera\\\/estudiantes-comprometidos-en-el-cuidado-de-la-casa-comun-sec\\\/\"},\"author\":{\"name\":\"Redazione\",\"@id\":\"https:\\\/\\\/www.cgfmanet.org\\\/es\\\/#\\\/schema\\\/person\\\/ce6473083f53ef0ef882cca23f0c8fb9\"},\"headline\":\"Estudiantes comprometidos en el cuidado de la Casa com\u00fan \u2013 SEC\",\"datePublished\":\"2022-02-09T11:24:14+00:00\",\"dateModified\":\"2022-02-11T19:45:31+00:00\",\"mainEntityOfPage\":{\"@id\":\"https:\\\/\\\/www.cgfmanet.org\\\/es\\\/infoesfera\\\/estudiantes-comprometidos-en-el-cuidado-de-la-casa-comun-sec\\\/\"},\"wordCount\":612,\"commentCount\":0,\"publisher\":{\"@id\":\"https:\\\/\\\/www.cgfmanet.org\\\/es\\\/#organization\"},\"image\":{\"@id\":\"https:\\\/\\\/www.cgfmanet.org\\\/es\\\/infoesfera\\\/estudiantes-comprometidos-en-el-cuidado-de-la-casa-comun-sec\\\/#primaryimage\"},\"thumbnailUrl\":\"https:\\\/\\\/www.cgfmanet.org\\\/wp-content\\\/uploads\\\/2022\\\/02\\\/orto-SEC.jpg\",\"keywords\":[\"Educaci\u00f3n\",\"SEC\",\"cittadinanza\",\"Focus\"],\"articleSection\":[\"Infoesfera\",\"Ecolog\u00eda\"],\"inLanguage\":\"es\",\"potentialAction\":[{\"@type\":\"CommentAction\",\"name\":\"Comment\",\"target\":[\"https:\\\/\\\/www.cgfmanet.org\\\/es\\\/infoesfera\\\/estudiantes-comprometidos-en-el-cuidado-de-la-casa-comun-sec\\\/#respond\"]}]},{\"@type\":\"WebPage\",\"@id\":\"https:\\\/\\\/www.cgfmanet.org\\\/es\\\/infoesfera\\\/estudiantes-comprometidos-en-el-cuidado-de-la-casa-comun-sec\\\/\",\"url\":\"https:\\\/\\\/www.cgfmanet.org\\\/es\\\/infoesfera\\\/estudiantes-comprometidos-en-el-cuidado-de-la-casa-comun-sec\\\/\",\"name\":\"Estudiantes comprometidos en el cuidado de la Casa com\u00fan \u2013 SEC &#8226; Istituto Figlie di Maria Ausiliatrice\",\"isPartOf\":{\"@id\":\"https:\\\/\\\/www.cgfmanet.org\\\/es\\\/#website\"},\"primaryImageOfPage\":{\"@id\":\"https:\\\/\\\/www.cgfmanet.org\\\/es\\\/infoesfera\\\/estudiantes-comprometidos-en-el-cuidado-de-la-casa-comun-sec\\\/#primaryimage\"},\"image\":{\"@id\":\"https:\\\/\\\/www.cgfmanet.org\\\/es\\\/infoesfera\\\/estudiantes-comprometidos-en-el-cuidado-de-la-casa-comun-sec\\\/#primaryimage\"},\"thumbnailUrl\":\"https:\\\/\\\/www.cgfmanet.org\\\/wp-content\\\/uploads\\\/2022\\\/02\\\/orto-SEC.jpg\",\"datePublished\":\"2022-02-09T11:24:14+00:00\",\"dateModified\":\"2022-02-11T19:45:31+00:00\",\"description\":\"Las estudiantes de la Academia de Our Lady de Marrero, Harvey, de la Inspector\u00eda SEC, recogieron los frutos de la huerta sembrada en la escuela con el proyecto vinculado a la Laudato Si'.\",\"breadcrumb\":{\"@id\":\"https:\\\/\\\/www.cgfmanet.org\\\/es\\\/infoesfera\\\/estudiantes-comprometidos-en-el-cuidado-de-la-casa-comun-sec\\\/#breadcrumb\"},\"inLanguage\":\"es\",\"potentialAction\":[{\"@type\":\"ReadAction\",\"target\":[\"https:\\\/\\\/www.cgfmanet.org\\\/es\\\/infoesfera\\\/estudiantes-comprometidos-en-el-cuidado-de-la-casa-comun-sec\\\/\"]}]},{\"@type\":\"ImageObject\",\"inLanguage\":\"es\",\"@id\":\"https:\\\/\\\/www.cgfmanet.org\\\/es\\\/infoesfera\\\/estudiantes-comprometidos-en-el-cuidado-de-la-casa-comun-sec\\\/#primaryimage\",\"url\":\"https:\\\/\\\/www.cgfmanet.org\\\/wp-content\\\/uploads\\\/2022\\\/02\\\/orto-SEC.jpg\",\"contentUrl\":\"https:\\\/\\\/www.cgfmanet.org\\\/wp-content\\\/uploads\\\/2022\\\/02\\\/orto-SEC.jpg\",\"width\":600,\"height\":400},{\"@type\":\"BreadcrumbList\",\"@id\":\"https:\\\/\\\/www.cgfmanet.org\\\/es\\\/infoesfera\\\/estudiantes-comprometidos-en-el-cuidado-de-la-casa-comun-sec\\\/#breadcrumb\",\"itemListElement\":[{\"@type\":\"ListItem\",\"position\":1,\"name\":\"Home\",\"item\":\"https:\\\/\\\/www.cgfmanet.org\\\/es\\\/\"},{\"@type\":\"ListItem\",\"position\":2,\"name\":\"Estudiantes comprometidos en el cuidado de la Casa com\u00fan \u2013 SEC\"}]},{\"@type\":\"WebSite\",\"@id\":\"https:\\\/\\\/www.cgfmanet.org\\\/es\\\/#website\",\"url\":\"https:\\\/\\\/www.cgfmanet.org\\\/es\\\/\",\"name\":\"Istituto Figlie di Maria Ausiliatrice\",\"description\":\"Salesiane di Don Bosco\",\"publisher\":{\"@id\":\"https:\\\/\\\/www.cgfmanet.org\\\/es\\\/#organization\"},\"potentialAction\":[{\"@type\":\"SearchAction\",\"target\":{\"@type\":\"EntryPoint\",\"urlTemplate\":\"https:\\\/\\\/www.cgfmanet.org\\\/es\\\/?s={search_term_string}\"},\"query-input\":{\"@type\":\"PropertyValueSpecification\",\"valueRequired\":true,\"valueName\":\"search_term_string\"}}],\"inLanguage\":\"es\"},{\"@type\":\"Organization\",\"@id\":\"https:\\\/\\\/www.cgfmanet.org\\\/es\\\/#organization\",\"name\":\"Istituto Figlie di Maria Ausiliatrice\",\"url\":\"https:\\\/\\\/www.cgfmanet.org\\\/es\\\/\",\"logo\":{\"@type\":\"ImageObject\",\"inLanguage\":\"es\",\"@id\":\"https:\\\/\\\/www.cgfmanet.org\\\/es\\\/#\\\/schema\\\/logo\\\/image\\\/\",\"url\":\"https:\\\/\\\/www.cgfmanet.org\\\/wp-content\\\/uploads\\\/2018\\\/10\\\/logo-fma.png\",\"contentUrl\":\"https:\\\/\\\/www.cgfmanet.org\\\/wp-content\\\/uploads\\\/2018\\\/10\\\/logo-fma.png\",\"width\":214,\"height\":55,\"caption\":\"Istituto Figlie di Maria Ausiliatrice\"},\"image\":{\"@id\":\"https:\\\/\\\/www.cgfmanet.org\\\/es\\\/#\\\/schema\\\/logo\\\/image\\\/\"},\"sameAs\":[\"https:\\\/\\\/www.facebook.com\\\/salesian.sisters.of.don.bosco\\\/\",\"https:\\\/\\\/x.com\\\/Cgfmanet_Org\",\"https:\\\/\\\/www.youtube.com\\\/channel\\\/UCmcr8yFQBV7JXeXVxyV9y5Q\"]},{\"@type\":\"Person\",\"@id\":\"https:\\\/\\\/www.cgfmanet.org\\\/es\\\/#\\\/schema\\\/person\\\/ce6473083f53ef0ef882cca23f0c8fb9\",\"name\":\"Redazione\"}]}<\/script>\n<!-- \/ Yoast SEO plugin. -->","yoast_head_json":{"title":"Estudiantes comprometidos en el cuidado de la Casa com\u00fan \u2013 SEC &#8226; Istituto Figlie di Maria Ausiliatrice","description":"Las estudiantes de la Academia de Our Lady de Marrero, Harvey, de la Inspector\u00eda SEC, recogieron los frutos de la huerta sembrada en la escuela con el proyecto vinculado a la Laudato Si'.","robots":{"index":"index","follow":"follow","max-snippet":"max-snippet:-1","max-image-preview":"max-image-preview:large","max-video-preview":"max-video-preview:-1"},"canonical":"https:\/\/www.cgfmanet.org\/es\/infoesfera\/estudiantes-comprometidos-en-el-cuidado-de-la-casa-comun-sec\/","og_locale":"es_ES","og_type":"article","og_title":"Estudiantes comprometidos en el cuidado de la Casa com\u00fan \u2013 SEC &#8226; Istituto Figlie di Maria Ausiliatrice","og_description":"Las estudiantes de la Academia de Our Lady de Marrero, Harvey, de la Inspector\u00eda SEC, recogieron los frutos de la huerta sembrada en la escuela con el proyecto vinculado a la Laudato Si'.","og_url":"https:\/\/www.cgfmanet.org\/es\/infoesfera\/estudiantes-comprometidos-en-el-cuidado-de-la-casa-comun-sec\/","og_site_name":"Istituto Figlie di Maria Ausiliatrice","article_publisher":"https:\/\/www.facebook.com\/salesian.sisters.of.don.bosco\/","article_published_time":"2022-02-09T11:24:14+00:00","article_modified_time":"2022-02-11T19:45:31+00:00","og_image":[{"width":600,"height":400,"url":"https:\/\/www.cgfmanet.org\/wp-content\/uploads\/2022\/02\/orto-SEC.jpg","type":"image\/jpeg"}],"author":"Redazione","twitter_card":"summary_large_image","twitter_creator":"@Cgfmanet_Org","twitter_site":"@Cgfmanet_Org","twitter_misc":{"Escrito por":"Redazione","Tiempo de lectura":"3 minutos"},"schema":{"@context":"https:\/\/schema.org","@graph":[{"@type":"Article","@id":"https:\/\/www.cgfmanet.org\/es\/infoesfera\/estudiantes-comprometidos-en-el-cuidado-de-la-casa-comun-sec\/#article","isPartOf":{"@id":"https:\/\/www.cgfmanet.org\/es\/infoesfera\/estudiantes-comprometidos-en-el-cuidado-de-la-casa-comun-sec\/"},"author":{"name":"Redazione","@id":"https:\/\/www.cgfmanet.org\/es\/#\/schema\/person\/ce6473083f53ef0ef882cca23f0c8fb9"},"headline":"Estudiantes comprometidos en el cuidado de la Casa com\u00fan \u2013 SEC","datePublished":"2022-02-09T11:24:14+00:00","dateModified":"2022-02-11T19:45:31+00:00","mainEntityOfPage":{"@id":"https:\/\/www.cgfmanet.org\/es\/infoesfera\/estudiantes-comprometidos-en-el-cuidado-de-la-casa-comun-sec\/"},"wordCount":612,"commentCount":0,"publisher":{"@id":"https:\/\/www.cgfmanet.org\/es\/#organization"},"image":{"@id":"https:\/\/www.cgfmanet.org\/es\/infoesfera\/estudiantes-comprometidos-en-el-cuidado-de-la-casa-comun-sec\/#primaryimage"},"thumbnailUrl":"https:\/\/www.cgfmanet.org\/wp-content\/uploads\/2022\/02\/orto-SEC.jpg","keywords":["Educaci\u00f3n","SEC","cittadinanza","Focus"],"articleSection":["Infoesfera","Ecolog\u00eda"],"inLanguage":"es","potentialAction":[{"@type":"CommentAction","name":"Comment","target":["https:\/\/www.cgfmanet.org\/es\/infoesfera\/estudiantes-comprometidos-en-el-cuidado-de-la-casa-comun-sec\/#respond"]}]},{"@type":"WebPage","@id":"https:\/\/www.cgfmanet.org\/es\/infoesfera\/estudiantes-comprometidos-en-el-cuidado-de-la-casa-comun-sec\/","url":"https:\/\/www.cgfmanet.org\/es\/infoesfera\/estudiantes-comprometidos-en-el-cuidado-de-la-casa-comun-sec\/","name":"Estudiantes comprometidos en el cuidado de la Casa com\u00fan \u2013 SEC &#8226; Istituto Figlie di Maria Ausiliatrice","isPartOf":{"@id":"https:\/\/www.cgfmanet.org\/es\/#website"},"primaryImageOfPage":{"@id":"https:\/\/www.cgfmanet.org\/es\/infoesfera\/estudiantes-comprometidos-en-el-cuidado-de-la-casa-comun-sec\/#primaryimage"},"image":{"@id":"https:\/\/www.cgfmanet.org\/es\/infoesfera\/estudiantes-comprometidos-en-el-cuidado-de-la-casa-comun-sec\/#primaryimage"},"thumbnailUrl":"https:\/\/www.cgfmanet.org\/wp-content\/uploads\/2022\/02\/orto-SEC.jpg","datePublished":"2022-02-09T11:24:14+00:00","dateModified":"2022-02-11T19:45:31+00:00","description":"Las estudiantes de la Academia de Our Lady de Marrero, Harvey, de la Inspector\u00eda SEC, recogieron los frutos de la huerta sembrada en la escuela con el proyecto vinculado a la Laudato Si'.","breadcrumb":{"@id":"https:\/\/www.cgfmanet.org\/es\/infoesfera\/estudiantes-comprometidos-en-el-cuidado-de-la-casa-comun-sec\/#breadcrumb"},"inLanguage":"es","potentialAction":[{"@type":"ReadAction","target":["https:\/\/www.cgfmanet.org\/es\/infoesfera\/estudiantes-comprometidos-en-el-cuidado-de-la-casa-comun-sec\/"]}]},{"@type":"ImageObject","inLanguage":"es","@id":"https:\/\/www.cgfmanet.org\/es\/infoesfera\/estudiantes-comprometidos-en-el-cuidado-de-la-casa-comun-sec\/#primaryimage","url":"https:\/\/www.cgfmanet.org\/wp-content\/uploads\/2022\/02\/orto-SEC.jpg","contentUrl":"https:\/\/www.cgfmanet.org\/wp-content\/uploads\/2022\/02\/orto-SEC.jpg","width":600,"height":400},{"@type":"BreadcrumbList","@id":"https:\/\/www.cgfmanet.org\/es\/infoesfera\/estudiantes-comprometidos-en-el-cuidado-de-la-casa-comun-sec\/#breadcrumb","itemListElement":[{"@type":"ListItem","position":1,"name":"Home","item":"https:\/\/www.cgfmanet.org\/es\/"},{"@type":"ListItem","position":2,"name":"Estudiantes comprometidos en el cuidado de la Casa com\u00fan \u2013 SEC"}]},{"@type":"WebSite","@id":"https:\/\/www.cgfmanet.org\/es\/#website","url":"https:\/\/www.cgfmanet.org\/es\/","name":"Istituto Figlie di Maria Ausiliatrice","description":"Salesiane di Don Bosco","publisher":{"@id":"https:\/\/www.cgfmanet.org\/es\/#organization"},"potentialAction":[{"@type":"SearchAction","target":{"@type":"EntryPoint","urlTemplate":"https:\/\/www.cgfmanet.org\/es\/?s={search_term_string}"},"query-input":{"@type":"PropertyValueSpecification","valueRequired":true,"valueName":"search_term_string"}}],"inLanguage":"es"},{"@type":"Organization","@id":"https:\/\/www.cgfmanet.org\/es\/#organization","name":"Istituto Figlie di Maria Ausiliatrice","url":"https:\/\/www.cgfmanet.org\/es\/","logo":{"@type":"ImageObject","inLanguage":"es","@id":"https:\/\/www.cgfmanet.org\/es\/#\/schema\/logo\/image\/","url":"https:\/\/www.cgfmanet.org\/wp-content\/uploads\/2018\/10\/logo-fma.png","contentUrl":"https:\/\/www.cgfmanet.org\/wp-content\/uploads\/2018\/10\/logo-fma.png","width":214,"height":55,"caption":"Istituto Figlie di Maria Ausiliatrice"},"image":{"@id":"https:\/\/www.cgfmanet.org\/es\/#\/schema\/logo\/image\/"},"sameAs":["https:\/\/www.facebook.com\/salesian.sisters.of.don.bosco\/","https:\/\/x.com\/Cgfmanet_Org","https:\/\/www.youtube.com\/channel\/UCmcr8yFQBV7JXeXVxyV9y5Q"]},{"@type":"Person","@id":"https:\/\/www.cgfmanet.org\/es\/#\/schema\/person\/ce6473083f53ef0ef882cca23f0c8fb9","name":"Redazione"}]}},"_links":{"self":[{"href":"https:\/\/www.cgfmanet.org\/es\/wp-json\/wp\/v2\/posts\/61443","targetHints":{"allow":["GET"]}}],"collection":[{"href":"https:\/\/www.cgfmanet.org\/es\/wp-json\/wp\/v2\/posts"}],"about":[{"href":"https:\/\/www.cgfmanet.org\/es\/wp-json\/wp\/v2\/types\/post"}],"author":[{"embeddable":true,"href":"https:\/\/www.cgfmanet.org\/es\/wp-json\/wp\/v2\/users\/21"}],"replies":[{"embeddable":true,"href":"https:\/\/www.cgfmanet.org\/es\/wp-json\/wp\/v2\/comments?post=61443"}],"version-history":[{"count":0,"href":"https:\/\/www.cgfmanet.org\/es\/wp-json\/wp\/v2\/posts\/61443\/revisions"}],"wp:featuredmedia":[{"embeddable":true,"href":"https:\/\/www.cgfmanet.org\/es\/wp-json\/wp\/v2\/media\/61433"}],"wp:attachment":[{"href":"https:\/\/www.cgfmanet.org\/es\/wp-json\/wp\/v2\/media?parent=61443"}],"wp:term":[{"taxonomy":"category","embeddable":true,"href":"https:\/\/www.cgfmanet.org\/es\/wp-json\/wp\/v2\/categories?post=61443"},{"taxonomy":"post_tag","embeddable":true,"href":"https:\/\/www.cgfmanet.org\/es\/wp-json\/wp\/v2\/tags?post=61443"}],"curies":[{"name":"wp","href":"https:\/\/api.w.org\/{rel}","templated":true}]}}