{"id":55332,"date":"2021-10-23T09:15:22","date_gmt":"2021-10-23T07:15:22","guid":{"rendered":"https:\/\/www.cgfmanet.org\/?p=55332"},"modified":"2021-10-23T15:39:58","modified_gmt":"2021-10-23T13:39:58","slug":"cg-xxiv-el-papa-francisco-se-encuentra-con-las-capitulares-del-instituto-fma","status":"publish","type":"post","link":"https:\/\/www.cgfmanet.org\/es\/ifma-es\/cg-xxiv-el-papa-francisco-se-encuentra-con-las-capitulares-del-instituto-fma\/","title":{"rendered":"CG XXIV: El Papa Francisco se encuentra con las Capitulares del Instituto FMA"},"content":{"rendered":"<p><strong>Roma (Italia). Ser \u201ccomunidades generativas\u201d y \u201cmujeres de esperanza\u201d<\/strong><strong> es<\/strong> el mensaje del Papa Francisco a las participantes en el Cap\u00edtulo General XXIV de las Hijas de Mar\u00eda Auxiliadora, sobre el tema \u201c<em>Haced todo lo que os diga\u201d<\/em><em>. <\/em><em>(Gv 2,5) Comunidades generativas de vida en el coraz\u00f3n de la contemporaneidad\u201d, en la jornada del 22 de octubre de 2021, en la Casa Generalicia FMA en Roma.<\/em><\/p>\n<p>\u00a1Su presencia fue un don de verdad \u201csorprendente\u201d y extraordinario para todas las Capitulares!<\/p>\n<p>Un prolongado aplauso de las Capitulares acogi\u00f3 al Pont\u00edfice a su entrada en la Sala Capitular de la Casa Generalicia FMA, y en seguida se cre\u00f3 un clima de acogida y de agradecimiento.<\/p>\n<p><img decoding=\"async\" class=\"wp-image-55343 alignright lazyload\" data-src=\"https:\/\/www.cgfmanet.org\/wp-content\/uploads\/2021\/10\/papa-1.jpg\" alt=\"\" width=\"428\" height=\"285\" data-srcset=\"https:\/\/www.cgfmanet.org\/wp-content\/uploads\/2021\/10\/papa-1.jpg 1200w, https:\/\/www.cgfmanet.org\/wp-content\/uploads\/2021\/10\/papa-1-768x512.jpg 768w, https:\/\/www.cgfmanet.org\/wp-content\/uploads\/2021\/10\/papa-1-696x464.jpg 696w, https:\/\/www.cgfmanet.org\/wp-content\/uploads\/2021\/10\/papa-1-630x420.jpg 630w\" data-sizes=\"auto\" src=\"data:image\/svg+xml;base64,PHN2ZyB3aWR0aD0iMSIgaGVpZ2h0PSIxIiB4bWxucz0iaHR0cDovL3d3dy53My5vcmcvMjAwMC9zdmciPjwvc3ZnPg==\" style=\"--smush-placeholder-width: 428px; --smush-placeholder-aspect-ratio: 428\/285;\" data-original-sizes=\"(max-width: 428px) 100vw, 428px\" \/><\/p>\n<p><em>\u00a1La Madre General, Sor Chiara Cazzuola, dirigi\u00f3 al Papa un cordial saludo, agradeciendo su presencia y expresando la alegr\u00eda de sentirse, con el\u00a0 Papa, \u201cen casa\u201d! Dijo: \u201cEstamos casi al final de nuestro Cap\u00edtulo General XXIV en el que hemos reflexionado sobre el tema \u201cHaced todo lo que \u00c9l os diga\u201d <\/em>(Gv 2,5). Comunidades generativas de vida en el coraz\u00f3n de la contemporaneidad. El objetivo del CG XXIV es <em>despertar la frescura originaria de la fecundidad vocacional del Instituto.<\/em><\/p>\n<p>Ha sido un proceso muy comprometedor, y estamos seguras de que la presencia de Mar\u00eda, Madre, Maestra y Ayuda potente, nos gu\u00eda, como ha hecho en estos 150 a\u00f1os de la historia del Instituto FMA, y nos interpela a una regeneraci\u00f3n en el Esp\u00edritu Santo que haga que nuestras Comunidades Educativas sean generativas de vida nueva.<\/p>\n<p>Como FMA sentimos el deseo de una profunda renovaci\u00f3n vocacional, de potenciar la alegr\u00eda y la belleza de la llamada de Dios. El encuentro con \u00c9l, hoy, Santo Padre, es para nosotras, para nuestro Cap\u00edtulo, una invitaci\u00f3n a tener m\u00e1s fuerza vital, m\u00e1s empuje, m\u00e1s valent\u00eda evang\u00e9lica en el vivir el mandato que la Iglesia nos conf\u00eda.\u00a0 <a href=\"https:\/\/docs.google.com\/document\/d\/1DzPInzydb_aYuvuXtD2nUFSqH3zsZZ_E\/edit?usp=sharing&amp;ouid=113791486546208642331&amp;rtpof=true&amp;sd=true\" target=\"_blank\" rel=\"noopener\"><strong><span style=\"color: #0000ff;\">Saludo de Madre Chiara Cazzuola<\/span><\/strong><\/a><\/p>\n<p><img decoding=\"async\" class=\"wp-image-55348 alignleft lazyload\" data-src=\"https:\/\/www.cgfmanet.org\/wp-content\/uploads\/2021\/10\/papa-2.jpg\" alt=\"\" width=\"433\" height=\"288\" data-srcset=\"https:\/\/www.cgfmanet.org\/wp-content\/uploads\/2021\/10\/papa-2.jpg 1200w, https:\/\/www.cgfmanet.org\/wp-content\/uploads\/2021\/10\/papa-2-768x512.jpg 768w, https:\/\/www.cgfmanet.org\/wp-content\/uploads\/2021\/10\/papa-2-696x464.jpg 696w, https:\/\/www.cgfmanet.org\/wp-content\/uploads\/2021\/10\/papa-2-630x420.jpg 630w\" data-sizes=\"auto\" src=\"data:image\/svg+xml;base64,PHN2ZyB3aWR0aD0iMSIgaGVpZ2h0PSIxIiB4bWxucz0iaHR0cDovL3d3dy53My5vcmcvMjAwMC9zdmciPjwvc3ZnPg==\" style=\"--smush-placeholder-width: 433px; --smush-placeholder-aspect-ratio: 433\/288;\" data-original-sizes=\"(max-width: 433px) 100vw, 433px\" \/><\/p>\n<p>El Papa Francisco, con su estilo sencillo y familiar, dirigi\u00f3 su palabra a las Capitulares: \u201cEn estas jornadas de trabajo hab\u00e9is seguido el tema <em>\u201cComunidades generativas de vida en el coraz\u00f3n de la contemporaneidad\u201d, <\/em>ilumin\u00e1ndolo con las palabras de Mar\u00eda en las bodas de Can\u00e1<em> \u201cHaced todo lo que \u00c9l os diga<\/em>\u201d (<em>Gv<\/em> 2,5). Es el gesto m\u00e1s bello de la Virgen: Mar\u00eda nunca act\u00faa por s\u00ed misma, siempre indica a Jes\u00fas. Pensad en esto: imitar a la Virgen es hacer lo mismo\u201d.<\/p>\n<p>Alent\u00f3 el servicio realizado por las FMA en todo el mundo, especialmente en el actual\u00a0 contexto social multicultural y multireligioso, marcado por tensiones y desaf\u00edos a veces incluso dram\u00e1ticos, un tiempo \u201cfr\u00e1gil e incierto\u201d, herido por numerosas \u201cformas de pobreza que la crisis actual ha producido y multiplicado\u201d.<\/p>\n<p>El Papa recomend\u00f3 sumergirnos en este escenario complejo \u201cenraizadas en Cristo\u201d y, sobre todo, sin ceder nunca a las tentaciones de la \u201cmundanidad espiritual, en sus diversas formas\u201d.<\/p>\n<p><em>Esto requiere la fidelidad creativa al carisma \u2013 continu\u00f3 el Papa \u2013 y es por esto que hace falta volver al carisma y renovarlo. El carisma \u201ces una realidad viva, no una reliquia embalsamada\u201d.\u201dEs vida que crea y va adelante y no una pieza de museo. Entonces la gran responsabilidad el colaborar con la creatividad del Esp\u00edritu Santo, para revisitar el carisma y hacer que exprese su vitalidad en el hoy. Es el buen vino que con la fuerza del Esp\u00edritu ayuda a encontrar nuevas expresiones del mismo don que es el carisma, un carisma que es igual para todas, pero distinto\u00a0 para todas\u201d.<\/em><\/p>\n<p>El Papa Francisco subray\u00f3 tambi\u00e9n la exigencia de hacer crecer comunidades tejidas de relaciones intergeneracionales, interculturales, relaciones fraternas y cordiales.<em> \u201cVosotras pod\u00e9is recurrir para esto a vuestro esp\u00edritu de familia, que ha caracterizado a la primera comunidad, en Mornese, y que os ayuda a aprovechar en la diversidad una oportunidad para ejercer la aceptaci\u00f3n y la escucha, valorizando las diferencias como riqueza\u201d<\/em><\/p>\n<p>Pidi\u00f3 continuar trabajando con otras Congregaciones, buscando vivir relaciones de reciprocidad y corresponsabilidad, testimoniando un modo concreto de vivir la sinodalidad, con apertura a las \u201cnovedades y sorpresas\u201d del Esp\u00edritu Santo.<\/p>\n<p><strong>Ser comunidades generativas, \u00abmujeres de esperanza\u00bb<\/strong>\u00a0 es el sincero llamamiento del Papa Francisco a las Capitulares: \u201cVosotras lo hac\u00e9is a partir de la identidad salesiana, con <em>el estilo salesiano<\/em>: especialmente la <em>escucha, la presencia activa, el amor a los j\u00f3venes\u201d.<\/em><\/p>\n<p>La extraordinaria experiencia de la ma\u00f1ana fue vivida por todas en un clima de fraternidad universal. Fue una gran alegr\u00eda y riqueza que renueva, en cada una, el impulso a ser comunidades misioneras, en salida, dispuestas a anunciar el Evangelio a las periferias, con la pasi\u00f3n de las primeras Hijas de Mar\u00eda Auxiliadora.<\/p>\n<p><strong><span style=\"color: #0000ff;\"><a style=\"color: #0000ff;\" href=\"https:\/\/www.vatican.va\/content\/francesco\/it\/speeches\/2021\/october\/documents\/20211022-suore-maria-ausiliatrice.html\" target=\"_blank\" rel=\"noopener\">Texto completo del Discurso del Santo Padre<\/a><\/span><\/strong><\/p>\n","protected":false},"excerpt":{"rendered":"<p>Roma (Italia). Ser \u201ccomunidades generativas\u201d y \u201cmujeres de esperanza\u201d es el mensaje del Papa Francisco a las participantes en el Cap\u00edtulo General XXIV de las Hijas de Mar\u00eda Auxiliadora, sobre [&hellip;]<\/p>\n","protected":false},"author":19,"featured_media":55327,"comment_status":"open","ping_status":"closed","sticky":false,"template":"","format":"standard","meta":{"footnotes":""},"categories":[163,158],"tags":[410,1931,2283,2379],"class_list":["post-55332","post","type-post","status-publish","format-standard","has-post-thumbnail","category-capitulo-general","category-ifma-es","tag-papa-francisco","tag-focus-es","tag-ifma-es","tag-madre-chiara-cazzuola-es"],"yoast_head":"<!-- This site is optimized with the Yoast SEO plugin v27.4 - https:\/\/yoast.com\/product\/yoast-seo-wordpress\/ -->\n<title>CG XXIV: El Papa Francisco se encuentra con las Capitulares del Instituto FMA &#8226; Istituto Figlie di Maria Ausiliatrice<\/title>\n<meta name=\"robots\" content=\"index, follow, max-snippet:-1, max-image-preview:large, max-video-preview:-1\" \/>\n<link rel=\"canonical\" href=\"https:\/\/www.cgfmanet.org\/es\/ifma-es\/cg-xxiv-el-papa-francisco-se-encuentra-con-las-capitulares-del-instituto-fma\/\" \/>\n<meta property=\"og:locale\" content=\"es_ES\" \/>\n<meta property=\"og:type\" content=\"article\" \/>\n<meta property=\"og:title\" content=\"CG XXIV: El Papa Francisco se encuentra con las Capitulares del Instituto FMA &#8226; Istituto Figlie di Maria Ausiliatrice\" \/>\n<meta property=\"og:description\" content=\"Roma (Italia). Ser \u201ccomunidades generativas\u201d y \u201cmujeres de esperanza\u201d es el mensaje del Papa Francisco a las participantes en el Cap\u00edtulo General XXIV de las Hijas de Mar\u00eda Auxiliadora, sobre [&hellip;]\" \/>\n<meta property=\"og:url\" content=\"https:\/\/www.cgfmanet.org\/es\/ifma-es\/cg-xxiv-el-papa-francisco-se-encuentra-con-las-capitulares-del-instituto-fma\/\" \/>\n<meta property=\"og:site_name\" content=\"Istituto Figlie di Maria Ausiliatrice\" \/>\n<meta property=\"article:publisher\" content=\"https:\/\/www.facebook.com\/salesian.sisters.of.don.bosco\/\" \/>\n<meta property=\"article:published_time\" content=\"2021-10-23T07:15:22+00:00\" \/>\n<meta property=\"article:modified_time\" content=\"2021-10-23T13:39:58+00:00\" \/>\n<meta property=\"og:image\" content=\"https:\/\/www.cgfmanet.org\/wp-content\/uploads\/2021\/10\/papa-francesco-.jpg\" \/>\n\t<meta property=\"og:image:width\" content=\"1200\" \/>\n\t<meta property=\"og:image:height\" content=\"800\" \/>\n\t<meta property=\"og:image:type\" content=\"image\/jpeg\" \/>\n<meta name=\"author\" content=\"Redazione\" \/>\n<meta name=\"twitter:card\" content=\"summary_large_image\" \/>\n<meta name=\"twitter:creator\" content=\"@Cgfmanet_Org\" \/>\n<meta name=\"twitter:site\" content=\"@Cgfmanet_Org\" \/>\n<meta name=\"twitter:label1\" content=\"Escrito por\" \/>\n\t<meta name=\"twitter:data1\" content=\"Redazione\" \/>\n\t<meta name=\"twitter:label2\" content=\"Tiempo de lectura\" \/>\n\t<meta name=\"twitter:data2\" content=\"4 minutos\" \/>\n<script type=\"application\/ld+json\" class=\"yoast-schema-graph\">{\"@context\":\"https:\\\/\\\/schema.org\",\"@graph\":[{\"@type\":\"Article\",\"@id\":\"https:\\\/\\\/www.cgfmanet.org\\\/es\\\/ifma-es\\\/cg-xxiv-el-papa-francisco-se-encuentra-con-las-capitulares-del-instituto-fma\\\/#article\",\"isPartOf\":{\"@id\":\"https:\\\/\\\/www.cgfmanet.org\\\/es\\\/ifma-es\\\/cg-xxiv-el-papa-francisco-se-encuentra-con-las-capitulares-del-instituto-fma\\\/\"},\"author\":{\"name\":\"Redazione\",\"@id\":\"https:\\\/\\\/www.cgfmanet.org\\\/es\\\/#\\\/schema\\\/person\\\/703c410f03e282e766dab407c5be96fe\"},\"headline\":\"CG XXIV: El Papa Francisco se encuentra con las Capitulares del Instituto FMA\",\"datePublished\":\"2021-10-23T07:15:22+00:00\",\"dateModified\":\"2021-10-23T13:39:58+00:00\",\"mainEntityOfPage\":{\"@id\":\"https:\\\/\\\/www.cgfmanet.org\\\/es\\\/ifma-es\\\/cg-xxiv-el-papa-francisco-se-encuentra-con-las-capitulares-del-instituto-fma\\\/\"},\"wordCount\":818,\"commentCount\":3,\"publisher\":{\"@id\":\"https:\\\/\\\/www.cgfmanet.org\\\/es\\\/#organization\"},\"image\":{\"@id\":\"https:\\\/\\\/www.cgfmanet.org\\\/es\\\/ifma-es\\\/cg-xxiv-el-papa-francisco-se-encuentra-con-las-capitulares-del-instituto-fma\\\/#primaryimage\"},\"thumbnailUrl\":\"https:\\\/\\\/www.cgfmanet.org\\\/wp-content\\\/uploads\\\/2021\\\/10\\\/papa-francesco-.jpg\",\"keywords\":[\"Papa Francisco\",\"Focus\",\"IFMA\",\"Madre Chiara Cazzuola\"],\"articleSection\":[\"Cap\u00edtulo General\",\"IFMA\"],\"inLanguage\":\"es\",\"potentialAction\":[{\"@type\":\"CommentAction\",\"name\":\"Comment\",\"target\":[\"https:\\\/\\\/www.cgfmanet.org\\\/es\\\/ifma-es\\\/cg-xxiv-el-papa-francisco-se-encuentra-con-las-capitulares-del-instituto-fma\\\/#respond\"]}]},{\"@type\":\"WebPage\",\"@id\":\"https:\\\/\\\/www.cgfmanet.org\\\/es\\\/ifma-es\\\/cg-xxiv-el-papa-francisco-se-encuentra-con-las-capitulares-del-instituto-fma\\\/\",\"url\":\"https:\\\/\\\/www.cgfmanet.org\\\/es\\\/ifma-es\\\/cg-xxiv-el-papa-francisco-se-encuentra-con-las-capitulares-del-instituto-fma\\\/\",\"name\":\"CG XXIV: El Papa Francisco se encuentra con las Capitulares del Instituto FMA &#8226; Istituto Figlie di Maria Ausiliatrice\",\"isPartOf\":{\"@id\":\"https:\\\/\\\/www.cgfmanet.org\\\/es\\\/#website\"},\"primaryImageOfPage\":{\"@id\":\"https:\\\/\\\/www.cgfmanet.org\\\/es\\\/ifma-es\\\/cg-xxiv-el-papa-francisco-se-encuentra-con-las-capitulares-del-instituto-fma\\\/#primaryimage\"},\"image\":{\"@id\":\"https:\\\/\\\/www.cgfmanet.org\\\/es\\\/ifma-es\\\/cg-xxiv-el-papa-francisco-se-encuentra-con-las-capitulares-del-instituto-fma\\\/#primaryimage\"},\"thumbnailUrl\":\"https:\\\/\\\/www.cgfmanet.org\\\/wp-content\\\/uploads\\\/2021\\\/10\\\/papa-francesco-.jpg\",\"datePublished\":\"2021-10-23T07:15:22+00:00\",\"dateModified\":\"2021-10-23T13:39:58+00:00\",\"breadcrumb\":{\"@id\":\"https:\\\/\\\/www.cgfmanet.org\\\/es\\\/ifma-es\\\/cg-xxiv-el-papa-francisco-se-encuentra-con-las-capitulares-del-instituto-fma\\\/#breadcrumb\"},\"inLanguage\":\"es\",\"potentialAction\":[{\"@type\":\"ReadAction\",\"target\":[\"https:\\\/\\\/www.cgfmanet.org\\\/es\\\/ifma-es\\\/cg-xxiv-el-papa-francisco-se-encuentra-con-las-capitulares-del-instituto-fma\\\/\"]}]},{\"@type\":\"ImageObject\",\"inLanguage\":\"es\",\"@id\":\"https:\\\/\\\/www.cgfmanet.org\\\/es\\\/ifma-es\\\/cg-xxiv-el-papa-francisco-se-encuentra-con-las-capitulares-del-instituto-fma\\\/#primaryimage\",\"url\":\"https:\\\/\\\/www.cgfmanet.org\\\/wp-content\\\/uploads\\\/2021\\\/10\\\/papa-francesco-.jpg\",\"contentUrl\":\"https:\\\/\\\/www.cgfmanet.org\\\/wp-content\\\/uploads\\\/2021\\\/10\\\/papa-francesco-.jpg\",\"width\":1200,\"height\":800},{\"@type\":\"BreadcrumbList\",\"@id\":\"https:\\\/\\\/www.cgfmanet.org\\\/es\\\/ifma-es\\\/cg-xxiv-el-papa-francisco-se-encuentra-con-las-capitulares-del-instituto-fma\\\/#breadcrumb\",\"itemListElement\":[{\"@type\":\"ListItem\",\"position\":1,\"name\":\"Home\",\"item\":\"https:\\\/\\\/www.cgfmanet.org\\\/es\\\/\"},{\"@type\":\"ListItem\",\"position\":2,\"name\":\"CG XXIV: El Papa Francisco se encuentra con las Capitulares del Instituto FMA\"}]},{\"@type\":\"WebSite\",\"@id\":\"https:\\\/\\\/www.cgfmanet.org\\\/es\\\/#website\",\"url\":\"https:\\\/\\\/www.cgfmanet.org\\\/es\\\/\",\"name\":\"Istituto Figlie di Maria Ausiliatrice\",\"description\":\"Salesiane di Don Bosco\",\"publisher\":{\"@id\":\"https:\\\/\\\/www.cgfmanet.org\\\/es\\\/#organization\"},\"potentialAction\":[{\"@type\":\"SearchAction\",\"target\":{\"@type\":\"EntryPoint\",\"urlTemplate\":\"https:\\\/\\\/www.cgfmanet.org\\\/es\\\/?s={search_term_string}\"},\"query-input\":{\"@type\":\"PropertyValueSpecification\",\"valueRequired\":true,\"valueName\":\"search_term_string\"}}],\"inLanguage\":\"es\"},{\"@type\":\"Organization\",\"@id\":\"https:\\\/\\\/www.cgfmanet.org\\\/es\\\/#organization\",\"name\":\"Istituto Figlie di Maria Ausiliatrice\",\"url\":\"https:\\\/\\\/www.cgfmanet.org\\\/es\\\/\",\"logo\":{\"@type\":\"ImageObject\",\"inLanguage\":\"es\",\"@id\":\"https:\\\/\\\/www.cgfmanet.org\\\/es\\\/#\\\/schema\\\/logo\\\/image\\\/\",\"url\":\"https:\\\/\\\/www.cgfmanet.org\\\/wp-content\\\/uploads\\\/2018\\\/10\\\/logo-fma.png\",\"contentUrl\":\"https:\\\/\\\/www.cgfmanet.org\\\/wp-content\\\/uploads\\\/2018\\\/10\\\/logo-fma.png\",\"width\":214,\"height\":55,\"caption\":\"Istituto Figlie di Maria Ausiliatrice\"},\"image\":{\"@id\":\"https:\\\/\\\/www.cgfmanet.org\\\/es\\\/#\\\/schema\\\/logo\\\/image\\\/\"},\"sameAs\":[\"https:\\\/\\\/www.facebook.com\\\/salesian.sisters.of.don.bosco\\\/\",\"https:\\\/\\\/x.com\\\/Cgfmanet_Org\",\"https:\\\/\\\/www.youtube.com\\\/channel\\\/UCmcr8yFQBV7JXeXVxyV9y5Q\"]},{\"@type\":\"Person\",\"@id\":\"https:\\\/\\\/www.cgfmanet.org\\\/es\\\/#\\\/schema\\\/person\\\/703c410f03e282e766dab407c5be96fe\",\"name\":\"Redazione\"}]}<\/script>\n<!-- \/ Yoast SEO plugin. -->","yoast_head_json":{"title":"CG XXIV: El Papa Francisco se encuentra con las Capitulares del Instituto FMA &#8226; Istituto Figlie di Maria Ausiliatrice","robots":{"index":"index","follow":"follow","max-snippet":"max-snippet:-1","max-image-preview":"max-image-preview:large","max-video-preview":"max-video-preview:-1"},"canonical":"https:\/\/www.cgfmanet.org\/es\/ifma-es\/cg-xxiv-el-papa-francisco-se-encuentra-con-las-capitulares-del-instituto-fma\/","og_locale":"es_ES","og_type":"article","og_title":"CG XXIV: El Papa Francisco se encuentra con las Capitulares del Instituto FMA &#8226; Istituto Figlie di Maria Ausiliatrice","og_description":"Roma (Italia). Ser \u201ccomunidades generativas\u201d y \u201cmujeres de esperanza\u201d es el mensaje del Papa Francisco a las participantes en el Cap\u00edtulo General XXIV de las Hijas de Mar\u00eda Auxiliadora, sobre [&hellip;]","og_url":"https:\/\/www.cgfmanet.org\/es\/ifma-es\/cg-xxiv-el-papa-francisco-se-encuentra-con-las-capitulares-del-instituto-fma\/","og_site_name":"Istituto Figlie di Maria Ausiliatrice","article_publisher":"https:\/\/www.facebook.com\/salesian.sisters.of.don.bosco\/","article_published_time":"2021-10-23T07:15:22+00:00","article_modified_time":"2021-10-23T13:39:58+00:00","og_image":[{"width":1200,"height":800,"url":"https:\/\/www.cgfmanet.org\/wp-content\/uploads\/2021\/10\/papa-francesco-.jpg","type":"image\/jpeg"}],"author":"Redazione","twitter_card":"summary_large_image","twitter_creator":"@Cgfmanet_Org","twitter_site":"@Cgfmanet_Org","twitter_misc":{"Escrito por":"Redazione","Tiempo de lectura":"4 minutos"},"schema":{"@context":"https:\/\/schema.org","@graph":[{"@type":"Article","@id":"https:\/\/www.cgfmanet.org\/es\/ifma-es\/cg-xxiv-el-papa-francisco-se-encuentra-con-las-capitulares-del-instituto-fma\/#article","isPartOf":{"@id":"https:\/\/www.cgfmanet.org\/es\/ifma-es\/cg-xxiv-el-papa-francisco-se-encuentra-con-las-capitulares-del-instituto-fma\/"},"author":{"name":"Redazione","@id":"https:\/\/www.cgfmanet.org\/es\/#\/schema\/person\/703c410f03e282e766dab407c5be96fe"},"headline":"CG XXIV: El Papa Francisco se encuentra con las Capitulares del Instituto FMA","datePublished":"2021-10-23T07:15:22+00:00","dateModified":"2021-10-23T13:39:58+00:00","mainEntityOfPage":{"@id":"https:\/\/www.cgfmanet.org\/es\/ifma-es\/cg-xxiv-el-papa-francisco-se-encuentra-con-las-capitulares-del-instituto-fma\/"},"wordCount":818,"commentCount":3,"publisher":{"@id":"https:\/\/www.cgfmanet.org\/es\/#organization"},"image":{"@id":"https:\/\/www.cgfmanet.org\/es\/ifma-es\/cg-xxiv-el-papa-francisco-se-encuentra-con-las-capitulares-del-instituto-fma\/#primaryimage"},"thumbnailUrl":"https:\/\/www.cgfmanet.org\/wp-content\/uploads\/2021\/10\/papa-francesco-.jpg","keywords":["Papa Francisco","Focus","IFMA","Madre Chiara Cazzuola"],"articleSection":["Cap\u00edtulo General","IFMA"],"inLanguage":"es","potentialAction":[{"@type":"CommentAction","name":"Comment","target":["https:\/\/www.cgfmanet.org\/es\/ifma-es\/cg-xxiv-el-papa-francisco-se-encuentra-con-las-capitulares-del-instituto-fma\/#respond"]}]},{"@type":"WebPage","@id":"https:\/\/www.cgfmanet.org\/es\/ifma-es\/cg-xxiv-el-papa-francisco-se-encuentra-con-las-capitulares-del-instituto-fma\/","url":"https:\/\/www.cgfmanet.org\/es\/ifma-es\/cg-xxiv-el-papa-francisco-se-encuentra-con-las-capitulares-del-instituto-fma\/","name":"CG XXIV: El Papa Francisco se encuentra con las Capitulares del Instituto FMA &#8226; Istituto Figlie di Maria Ausiliatrice","isPartOf":{"@id":"https:\/\/www.cgfmanet.org\/es\/#website"},"primaryImageOfPage":{"@id":"https:\/\/www.cgfmanet.org\/es\/ifma-es\/cg-xxiv-el-papa-francisco-se-encuentra-con-las-capitulares-del-instituto-fma\/#primaryimage"},"image":{"@id":"https:\/\/www.cgfmanet.org\/es\/ifma-es\/cg-xxiv-el-papa-francisco-se-encuentra-con-las-capitulares-del-instituto-fma\/#primaryimage"},"thumbnailUrl":"https:\/\/www.cgfmanet.org\/wp-content\/uploads\/2021\/10\/papa-francesco-.jpg","datePublished":"2021-10-23T07:15:22+00:00","dateModified":"2021-10-23T13:39:58+00:00","breadcrumb":{"@id":"https:\/\/www.cgfmanet.org\/es\/ifma-es\/cg-xxiv-el-papa-francisco-se-encuentra-con-las-capitulares-del-instituto-fma\/#breadcrumb"},"inLanguage":"es","potentialAction":[{"@type":"ReadAction","target":["https:\/\/www.cgfmanet.org\/es\/ifma-es\/cg-xxiv-el-papa-francisco-se-encuentra-con-las-capitulares-del-instituto-fma\/"]}]},{"@type":"ImageObject","inLanguage":"es","@id":"https:\/\/www.cgfmanet.org\/es\/ifma-es\/cg-xxiv-el-papa-francisco-se-encuentra-con-las-capitulares-del-instituto-fma\/#primaryimage","url":"https:\/\/www.cgfmanet.org\/wp-content\/uploads\/2021\/10\/papa-francesco-.jpg","contentUrl":"https:\/\/www.cgfmanet.org\/wp-content\/uploads\/2021\/10\/papa-francesco-.jpg","width":1200,"height":800},{"@type":"BreadcrumbList","@id":"https:\/\/www.cgfmanet.org\/es\/ifma-es\/cg-xxiv-el-papa-francisco-se-encuentra-con-las-capitulares-del-instituto-fma\/#breadcrumb","itemListElement":[{"@type":"ListItem","position":1,"name":"Home","item":"https:\/\/www.cgfmanet.org\/es\/"},{"@type":"ListItem","position":2,"name":"CG XXIV: El Papa Francisco se encuentra con las Capitulares del Instituto FMA"}]},{"@type":"WebSite","@id":"https:\/\/www.cgfmanet.org\/es\/#website","url":"https:\/\/www.cgfmanet.org\/es\/","name":"Istituto Figlie di Maria Ausiliatrice","description":"Salesiane di Don Bosco","publisher":{"@id":"https:\/\/www.cgfmanet.org\/es\/#organization"},"potentialAction":[{"@type":"SearchAction","target":{"@type":"EntryPoint","urlTemplate":"https:\/\/www.cgfmanet.org\/es\/?s={search_term_string}"},"query-input":{"@type":"PropertyValueSpecification","valueRequired":true,"valueName":"search_term_string"}}],"inLanguage":"es"},{"@type":"Organization","@id":"https:\/\/www.cgfmanet.org\/es\/#organization","name":"Istituto Figlie di Maria Ausiliatrice","url":"https:\/\/www.cgfmanet.org\/es\/","logo":{"@type":"ImageObject","inLanguage":"es","@id":"https:\/\/www.cgfmanet.org\/es\/#\/schema\/logo\/image\/","url":"https:\/\/www.cgfmanet.org\/wp-content\/uploads\/2018\/10\/logo-fma.png","contentUrl":"https:\/\/www.cgfmanet.org\/wp-content\/uploads\/2018\/10\/logo-fma.png","width":214,"height":55,"caption":"Istituto Figlie di Maria Ausiliatrice"},"image":{"@id":"https:\/\/www.cgfmanet.org\/es\/#\/schema\/logo\/image\/"},"sameAs":["https:\/\/www.facebook.com\/salesian.sisters.of.don.bosco\/","https:\/\/x.com\/Cgfmanet_Org","https:\/\/www.youtube.com\/channel\/UCmcr8yFQBV7JXeXVxyV9y5Q"]},{"@type":"Person","@id":"https:\/\/www.cgfmanet.org\/es\/#\/schema\/person\/703c410f03e282e766dab407c5be96fe","name":"Redazione"}]}},"_links":{"self":[{"href":"https:\/\/www.cgfmanet.org\/es\/wp-json\/wp\/v2\/posts\/55332","targetHints":{"allow":["GET"]}}],"collection":[{"href":"https:\/\/www.cgfmanet.org\/es\/wp-json\/wp\/v2\/posts"}],"about":[{"href":"https:\/\/www.cgfmanet.org\/es\/wp-json\/wp\/v2\/types\/post"}],"author":[{"embeddable":true,"href":"https:\/\/www.cgfmanet.org\/es\/wp-json\/wp\/v2\/users\/19"}],"replies":[{"embeddable":true,"href":"https:\/\/www.cgfmanet.org\/es\/wp-json\/wp\/v2\/comments?post=55332"}],"version-history":[{"count":0,"href":"https:\/\/www.cgfmanet.org\/es\/wp-json\/wp\/v2\/posts\/55332\/revisions"}],"wp:featuredmedia":[{"embeddable":true,"href":"https:\/\/www.cgfmanet.org\/es\/wp-json\/wp\/v2\/media\/55327"}],"wp:attachment":[{"href":"https:\/\/www.cgfmanet.org\/es\/wp-json\/wp\/v2\/media?parent=55332"}],"wp:term":[{"taxonomy":"category","embeddable":true,"href":"https:\/\/www.cgfmanet.org\/es\/wp-json\/wp\/v2\/categories?post=55332"},{"taxonomy":"post_tag","embeddable":true,"href":"https:\/\/www.cgfmanet.org\/es\/wp-json\/wp\/v2\/tags?post=55332"}],"curies":[{"name":"wp","href":"https:\/\/api.w.org\/{rel}","templated":true}]}}